{"id":312142,"date":"2024-08-02T20:15:28","date_gmt":"2024-08-02T16:15:28","guid":{"rendered":"https:\/\/www.meydan.tv\/?p=312142"},"modified":"2024-08-03T00:55:19","modified_gmt":"2024-08-02T20:55:19","slug":"ankara-baki-munasibetlerindeki-gerginlik-erdoganla-eliyevin-maraqlari-toqqusur","status":"publish","type":"post","link":"https:\/\/www.meydan.tv\/az\/article\/ankara-baki-munasibetlerindeki-gerginlik-erdoganla-eliyevin-maraqlari-toqqusur\/","title":{"rendered":"Ankara-Bak\u0131 m\u00fcnasib\u0259tl\u0259rind\u0259ki g\u0259rginlik: &#8220;\u018frdo\u011fanla \u018fliyevin maraqlar\u0131 toqqu\u015fur&#8230;&#8221;"},"content":{"rendered":"\n<p><\/p>\n\n\n\n<p><em><strong>C\u0259mil H\u0259s\u0259nli: &#8220;\u018frdo\u011fan \u0130lham \u018fliyevin q\u0259l\u0259b\u0259nin &#8220;yegan\u0259 atas\u0131&#8221; olmas\u0131 fikrin\u0259 \u015f\u00fcbh\u0259 toxumu s\u0259pib&#8221;<\/strong><\/em><\/p>\n\n\n\n<p>Son g\u00fcnl\u0259r Az\u0259rbaycan-T\u00fcrkiy\u0259 m\u00fcnasib\u0259tl\u0259rind\u0259ki &#8220;soyuqluq&#8221; \u2013 \u00f6t\u0259n 15-20 ild\u0259 ilk hadis\u0259 say\u0131la bilm\u0259z.<\/p>\n\n\n\n<p>2009-cu ilin oktyabr\u0131nda S\u00fcrixd\u0259 AB\u015e, Fransa v\u0259 Rusiyan\u0131n vasit\u0259\u00e7iliyi il\u0259 Ankara v\u0259 Yerevan aras\u0131nda imzalanan s\u0259n\u0259d Bak\u0131da naraz\u0131l\u0131qla qar\u015f\u0131land\u0131. S\u0259b\u0259b d\u0259 S\u00fcrix protokollar\u0131n\u0131n T\u00fcrkiy\u0259 il\u0259 Erm\u0259nistan aras\u0131nda diplomatik \u0259laq\u0259l\u0259rin qurulmas\u0131 v\u0259 s\u0259rh\u0259dl\u0259rin a\u00e7\u0131lmas\u0131n\u0131 n\u0259z\u0259rd\u0259 tutmas\u0131 idi. \u00c7\u00fcnki T\u00fcrkiy\u0259 Erm\u0259nistanla s\u0259rh\u0259dl\u0259ri Da\u011fl\u0131q Qaraba\u011fda i\u015f\u011fal\u0131n davam etm\u0259si s\u0259b\u0259bind\u0259n ba\u011flasa da, sonralar s\u0259rh\u0259dl\u0259ri a\u00e7maq \u00fc\u00e7\u00fcn ba\u015fqa \u015f\u0259rtl\u0259r d\u0259 ir\u0259li s\u00fcrd\u00fc.<\/p>\n\n\n\n<p>Ard\u0131nca Milli M\u0259clisd\u0259 T\u00fcrkiy\u0259y\u0259 qar\u015f\u0131 \u00e7\u0131x\u0131\u015flar oldu, \u015e\u0259hidl\u0259r Xiyaban\u0131ndan T\u00fcrkiy\u0259 bayraqlar\u0131 g\u00f6t\u00fcr\u00fcld\u00fc, h\u0259tta az\u0259rbaycanl\u0131 deputatla\u0131n i\u015ftirak\u0131 il\u0259 Ankarada v\u0259 dig\u0259r \u015f\u0259h\u0259rl\u0259rd\u0259 mitinq-y\u00fcr\u00fc\u015fl\u0259r d\u0259 ke\u00e7irildi.<\/p>\n\n\n\n<p>2024-c\u00fc il iyulun 28-d\u0259 AKP-nin Riz\u0259 \u015f\u0259h\u0259rind\u0259 ke\u00e7iril\u0259n iclas\u0131nda R\u0259c\u0259b Tayyib \u018frdo\u011fan\u0131n <em>\u201cT\u00fcrkiy\u0259 yax\u0131n ke\u00e7mi\u015fd\u0259 Liviya v\u0259 Qaraba\u011fda oldu\u011fu kimi \u0130srail\u0259 gir\u0259 bil\u0259r\u201d<\/em> a\u00e7\u0131qlamas\u0131 Az\u0259rbaycan\u0131n r\u0259smi m\u0259tbuat\u0131nda naraz\u0131l\u0131qla qar\u015f\u0131land\u0131.<\/p>\n\n\n\n<p>H\u00f6kum\u0259t bu \u00e7\u0131x\u0131\u015fa televiziyalar vasit\u0259sil\u0259 \u201cyum\u015faq\u201d reaksiya verdi. \u0130yulun 30-da Erm\u0259nistan-T\u00fcrkiy\u0259 n\u00fcmay\u0259nd\u0259 hey\u0259tl\u0259rinin g\u00f6r\u00fc\u015f\u00fcnd\u0259 b\u0259zi m\u0259s\u0259l\u0259l\u0259rin raz\u0131la\u015fd\u0131r\u0131lmas\u0131 da Bak\u0131da birm\u0259nal\u0131 qar\u015f\u0131lanmad\u0131.<\/p>\n\n\n\n<p>H\u00f6kum\u0259t medias\u0131 g\u00f6r\u00fc\u015f\u00fc m\u00fczakir\u0259 predmetin\u0259 \u00e7\u0131xar\u0131b t\u0259nqidi m\u00fcnasib\u0259tini gizl\u0259tm\u0259di.<\/p>\n\n\n\n<p><strong>&#8220;Qaraba\u011fa vaxtil\u0259 girdikl\u0259ri kimi Yerus\u0259lim\u0259 d\u0259 gir\u0259c\u0259kl\u0259ri&#8221; iddia edil\u0259n m\u0259lum b\u0259yanat\u0131n\u2026\u201d<\/strong><\/p>\n\n\n\n<p>Bu bax\u0131mdan avqustun 1-d\u0259 \u201cAz\u0259rbaycan\u201d q\u0259zetinin redaksiya hey\u0259tinin \u201cQaraba\u011f z\u0259f\u0259rinin m\u00fc\u0259llifi M\u00fcz\u0259ff\u0259r Ali Ba\u015f Komandan v\u0259 Az\u0259rbaycan Ordusudur\u201d ba\u015fl\u0131ql\u0131 m\u0259qal\u0259si a\u00e7\u0131q v\u0259 s\u0259rt cavab say\u0131la bil\u0259r. M\u0259qal\u0259nin tonu \u201cQarda\u015fl\u0131q s\u0259mimi v\u0259 qar\u015f\u0131l\u0131ql\u0131 olmal\u0131d\u0131r\u201d, \u201cH\u0259r bir sursat\u0131n d\u0259y\u0259rini son q\u0259piyin\u0259d\u0259k \u00f6d\u0259mi\u015fik!\u201d ki\u00e7ik ba\u015fl\u0131qlar\u0131ndan da sezilir.<\/p>\n\n\n\n<p>Q\u0259zet yaz\u0131r: \u201c<em>T\u0259\u0259ss\u00fcf ki, bu yalan kampaniyas\u0131na b\u0259z\u0259n dost \u00f6lk\u0259l\u0259rd\u0259n d\u0259 qat\u0131lanlar olur. M\u0259s\u0259l\u0259n, 2001-2004-c\u00fc ill\u0259rd\u0259 qarda\u015f T\u00fcrkiy\u0259nin Az\u0259rbaycanda s\u0259firi olmu\u015f \u00dcnal \u00c7evik\u00f6z\u00fcn h\u0259l\u0259 m\u00fcharib\u0259nin gedi\u015find\u0259 verdiyi b\u0259yanat h\u0259r birimizd\u0259 m\u0259yusluq do\u011furmu\u015fdu. &#8220;T\u00fcrkiy\u0259nin Az\u0259rbaycana silah yard\u0131m\u0131 etm\u0259si, muzdlu d\u00f6y\u00fc\u015f\u00e7\u00fcl\u0259r g\u00f6nd\u0259rm\u0259si v\u0259 Qaraba\u011f\u0131n Az\u0259rbaycan\u0131n \u00f6z g\u00fcc\u00fcn\u0259 azad olunmad\u0131\u011f\u0131&#8221; bar\u0259d\u0259 h\u0259m a\u011f, h\u0259m d\u0259 zil qara yalan\u0131 utanmadan s\u00f6yl\u0259y\u0259n bu \u015f\u0259xsd\u0259n, \u0259slind\u0259, ba\u015fqa n\u0259is\u0259 g\u00f6zl\u0259m\u0259k d\u0259 olmazd\u0131&#8221;.<\/em><\/p>\n\n\n\n<p><em>&#8220;2009-cu ild\u0259 b\u00f6y\u00fck s\u0259yl\u0259 apar\u0131lan v\u0259 T\u00fcrkiy\u0259nin diplomatiya tarixinin \u0259n qaranl\u0131q, l\u0259k\u0259li s\u0259hif\u0259si olan Erm\u0259nistanla normalla\u015fma prosesinin \u0259sas icra\u00e7\u0131lar\u0131ndan olan bu adam sonradan m\u00fcxalif CHP-y\u0259 ke\u00e7\u0259nd\u0259 d\u0259 m\u00f6vqeyini d\u0259yi\u015fm\u0259di. Haz\u0131rda is\u0259 T\u00fcrkiy\u0259nin b\u0259zi ictimaiyy\u0259t dair\u0259l\u0259rind\u0259, media qurulu\u015flar\u0131nda Az\u0259rbaycan\u0131n torpaqlar\u0131n\u0131n i\u015f\u011faldan azad edilm\u0259sind\u0259 dig\u0259r \u00f6lk\u0259l\u0259rin i\u015ftirak\u0131 bar\u0259d\u0259 iddialar ir\u0259li s\u00fcr\u00fcl\u00fcr. V\u0259 yen\u0259 d\u0259 t\u0259\u0259ss\u00fcf ki, t\u00fcrk medias\u0131 c\u0259miyy\u0259ti narahat ed\u0259n m\u00f6vzular\u0131 unudaraq, yeni s\u00fcni g\u00fcnd\u0259m yarad\u0131b. \u0130srail d\u00f6vl\u0259tin\u0259 h\u0259rbi m\u00fcdaxil\u0259 edil\u0259c\u0259yi v\u0259 &#8220;Qaraba\u011fa vaxtil\u0259 girdikl\u0259ri kimi Yerus\u0259lim\u0259 d\u0259 gir\u0259c\u0259kl\u0259ri&#8221; iddia edil\u0259n m\u0259lum b\u0259yanat\u0131n \u015f\u0259rhi q\u0259r\u0259zli istiqam\u0259td\u0259 apar\u0131l\u0131r, h\u0259qiq\u0259t t\u0259hrif olunur, a\u015fkar erm\u0259nip\u0259r\u0259st m\u00f6vqe bildirilir. Erm\u0259nil\u0259rin yalan\u0131n\u0131 ba\u015fa d\u00fc\u015fd\u00fck, lap el\u0259 \u00dcnal \u00c7evik\u00f6z\u00fcn b\u00f6htan\u0131n\u0131 da anlad\u0131q &#8211; onlar\u0131n niyy\u0259ti, m\u0259qs\u0259di m\u0259lumdur. Ancaq bu b\u00f6htan\u0131 s\u00f6yl\u0259y\u0259nl\u0259r aras\u0131nda dost hesab etdiyimiz insanlar\u0131n da olmas\u0131 h\u0259qiq\u0259t\u0259n d\u0259 \u00fcz\u00fcc\u00fcd\u00fcr\u201d,<\/em> &#8211; dey\u0259 m\u0259qal\u0259d\u0259 qeyd olunur.<\/p>\n\n\n\n<p><strong>\u201c\u2026T\u00fcrkiy\u0259y\u0259 pul, q\u0131z\u0131l v\u0259 yanacaq yard\u0131m\u0131n\u0131 g\u00f6nd\u0259r\u0259n yaln\u0131z biz olduq\u201d<\/strong><\/p>\n\n\n\n<p>Q\u0259zet tarix\u0259 ekskurs ed\u0259r\u0259k Az\u0259rbaycan\u0131n T\u00fcrkiy\u0259y\u0259 yard\u0131mlar\u0131n\u0131 da sadalay\u0131r:<\/p>\n\n\n\n<p><em>\u201cAz\u0259rbaycan-T\u00fcrkiy\u0259 m\u00fcnasib\u0259tl\u0259ri, \u0259lb\u0259tt\u0259 ki, d\u00fcnyada az rastlanan \u0259m\u0259kda\u015fl\u0131q format\u0131d\u0131r v\u0259 vahid k\u00f6k\u0259 malik az\u0259rbaycanl\u0131larla t\u00fcrkl\u0259rin s\u0131naqdan \u00e7\u0131xm\u0131\u015f qarda\u015fl\u0131\u011f\u0131na \u0259saslan\u0131r. Xalq\u0131m\u0131z \u00c7anaqqalada minl\u0259rl\u0259 \u015f\u0259hid verdi, h\u0259tta ucqar k\u0259ndl\u0259rd\u0259n insanlar\u0131m\u0131z son tik\u0259l\u0259rini bel\u0259 yard\u0131ma g\u00f6nd\u0259rdi. Sovet Az\u0259rbaycan\u0131n\u0131n quruldu\u011fu ilk g\u00fcnl\u0259rd\u0259 N\u0259riman N\u0259rimanovun d\u0259st\u0259yil\u0259 T\u00fcrkiy\u0259y\u0259 pul, q\u0131z\u0131l v\u0259 yanacaq yard\u0131m\u0131n\u0131 g\u00f6nd\u0259r\u0259n yaln\u0131z biz olduq. Son ill\u0259rd\u0259 yan\u011f\u0131nda, z\u0259lz\u0259l\u0259d\u0259 d\u0259 d\u00f6vl\u0259t v\u0259 xalq olaraq daim T\u00fcrkiy\u0259nin yan\u0131nda olduq, h\u0259r c\u00fcr k\u00f6m\u0259k g\u00f6st\u0259rdik. \u018flb\u0259tt\u0259 ki, 106 il \u00f6nc\u0259 Bak\u0131n\u0131n azad olunmas\u0131nda t\u00fcrk \u0259sg\u0259rl\u0259rinin i\u015ftirak\u0131n\u0131 da unutmuruq. \u0130lham \u018fliyevin tap\u015f\u0131r\u0131\u011f\u0131 il\u0259 Q\u0259hr\u0259manmara\u015f b\u00f6lg\u0259sind\u0259 z\u0259lz\u0259l\u0259d\u0259n z\u0259r\u0259r \u00e7\u0259k\u0259nl\u0259r\u0259 ilkin qiym\u0259tl\u0259ndirilm\u0259si 100 milyon dollardan art\u0131q olan min evlik \u015f\u0259h\u0259rin sal\u0131nmas\u0131 Prezidentd\u0259n s\u0131ravi v\u0259t\u0259nda\u015fa q\u0259d\u0259r h\u0259r bir az\u0259rbaycanl\u0131n\u0131n T\u00fcrkiy\u0259 sevgisinin simvoludur. Praqada T\u00fcrkiy\u0259ni t\u0259kl\u0259y\u0259nd\u0259: &#8220;Bu masa arxas\u0131nda T\u00fcrkiy\u0259 n\u00fcmay\u0259nd\u0259l\u0259ri yoxdur, ancaq m\u0259n buradayam&#8221;, &#8211; dey\u0259r\u0259k hayq\u0131ran v\u0259 t\u00fcrk d\u00fc\u015fm\u0259nl\u0259rini r\u00fcsvay ed\u0259n Az\u0259rbaycan lideri daim T\u00fcrkiy\u0259 d\u00f6vl\u0259tinin \u0259n b\u00f6y\u00fck t\u0259\u0259ss\u00fcbke\u015fi, m\u00fchafizi, d\u0259st\u0259k\u00e7isi kimi q\u0259bul olunub\u201d.<\/em><\/p>\n\n\n\n<p><strong>\u201cAld\u0131\u011f\u0131m\u0131z h\u0259r g\u00fcll\u0259nin, sursat\u0131n, texnikan\u0131n d\u0259y\u0259rini son q\u0259piyin\u0259d\u0259k \u00f6d\u0259mi\u015fik, c\u0259nablar!..\u201d<\/strong><\/p>\n\n\n\n<p>M\u0259qal\u0259d\u0259 h\u0259m\u00e7inin T\u00fcrkiy\u0259d\u0259n al\u0131nan silahlara da toxunulur:<\/p>\n\n\n\n<p><em>\u201cAtalar\u0131m\u0131z deyib ki, sa\u011f \u0259lin verdiyini sol \u0259l bilm\u0259z, qarda\u015f qarda\u015fa el\u0259diyi il\u0259 \u00f6y\u00fcnm\u0259z. H\u0259tta hipotetik \u015f\u0259kild\u0259 f\u0259rz ed\u0259k ki, T\u00fcrkiy\u0259 V\u0259t\u0259n sava\u015f\u0131nda siyasi-m\u0259n\u0259vi d\u0259st\u0259kd\u0259n ba\u015fqa, \u0259lav\u0259 d\u0259 h\u0259r hans\u0131 bir d\u0259st\u0259k g\u00f6st\u0259rib. Bunu a\u00e7\u0131q b\u0259yan edib, Erm\u0259nistan\u0131n v\u0259 d\u00fcnya erm\u0259niliyinin, o c\u00fcml\u0259d\u0259n AB\u015e, Fransa v\u0259 dig\u0259r m\u0259lum d\u00f6vl\u0259tl\u0259rin v\u0259 q\u00fcvv\u0259l\u0259rin manipulyasiyalar\u0131na niy\u0259 \u0259sas verilm\u0259lidir? T\u00fcrkiy\u0259nin v\u0259 ya h\u0259r hans\u0131 ba\u015fqa \u00f6lk\u0259nin Az\u0259rbaycan torpaqlar\u0131n\u0131n i\u015f\u011faldan azad olunmas\u0131nda i\u015ftirak\u0131n\u0131, siyasi v\u0259 m\u0259n\u0259vi d\u0259st\u0259kd\u0259n ba\u015fqa dig\u0259r yard\u0131mlar, x\u00fcsusil\u0259 h\u0259rb meydan\u0131nda k\u00f6m\u0259klik g\u00f6st\u0259rdiyini iddia etm\u0259k k\u00f6k\u00fcnd\u0259n yanl\u0131\u015fd\u0131r. Bil\u0259r\u0259kd\u0259n, yaxud bilm\u0259y\u0259r\u0259kd\u0259n ortaq d\u00fc\u015fm\u0259nimiz olan d\u00fcnya erm\u0259niliyin\u0259 dil verm\u0259kdir! T\u00fcrkiy\u0259 ordusunun v\u0259 ya hans\u0131sa muzdlular\u0131n V\u0259t\u0259n m\u00fcharib\u0259sind\u0259 &#8220;i\u015ftirak\u0131&#8221; bar\u0259d\u0259 a\u011f\u0131zdolusu dan\u0131\u015fanlar v\u0259 yazanlar bir fakt da g\u00f6st\u0259r\u0259 bilmir. Yaxud mahiyy\u0259tin\u0259 g\u00f6r\u0259 he\u00e7 d\u0259 44 g\u00fcnl\u00fck m\u00fcharib\u0259d\u0259n geri qalmayan anti-terror \u0259m\u0259liyyatlar\u0131nda h\u0259r hans\u0131 \u00f6lk\u0259nin i\u015ftirak\u0131 he\u00e7 m\u00fczakir\u0259 m\u00f6vzusu olmamal\u0131d\u0131r&#8221;.<\/em><\/p>\n\n\n\n<p>&#8220;<em>T\u00fcrkiy\u0259d\u0259n s\u0259sl\u0259n\u0259n \u00fcz\u00fcc\u00fc b\u0259yanatlarda Az\u0259rbaycana guya g\u00f6st\u0259ril\u0259n t\u0259m\u0259nnas\u0131z h\u0259rbi sursat yard\u0131m\u0131ndan da dan\u0131\u015f\u0131l\u0131r. Sava\u015fdan 15 il \u00f6nc\u0259d\u0259n etibar\u0259n Prezident \u0130lham \u018fliyev t\u0259r\u0259find\u0259n h\u0259m milli m\u00fcdafi\u0259 s\u0259nayesinin t\u0259kmill\u0259\u015fdirilm\u0259si v\u0259 yenil\u0259ndirilm\u0259si, h\u0259m d\u0259 h\u0259rbi arsenal\u0131m\u0131z\u0131n d\u00fcnyan\u0131n \u0259n son texnoloji innovasiyalar\u0131n\u0131 \u0259ks etdir\u0259n h\u0259r c\u00fcr silah-sursat v\u0259 texnika il\u0259 t\u0259mini \u00fc\u00e7\u00fcn sistemli, ard\u0131c\u0131l f\u0259aliyy\u0259t y\u00fcr\u00fcd\u00fcld\u00fc. Bir ne\u00e7\u0259 \u00f6lk\u0259 il\u0259, o c\u00fcml\u0259d\u0259n T\u00fcrkiy\u0259yl\u0259 h\u0259rbi-texniki \u0259m\u0259kda\u015fl\u0131q h\u0259yata ke\u00e7irildi. M\u00fcharib\u0259 d\u00f6vr\u00fcnd\u0259 bu \u0259m\u0259kda\u015fl\u0131\u011f\u0131n m\u00fcxt\u0259lif n\u00fcmun\u0259l\u0259rind\u0259n istifad\u0259 olundu. G\u00fccl\u00fc aviasiya h\u00fccum v\u0259 m\u00fcdafi\u0259 sistemimizd\u0259 T\u00fcrkiy\u0259nin &#8220;Bayraqdar&#8221;\u0131 da i\u015ftirak edirdi. Ancaq bu sistem yaln\u0131z &#8220;Bayraqdar&#8221;lardan ibar\u0259t deyildi. Y\u0259ni ald\u0131\u011f\u0131m\u0131z h\u0259r g\u00fcll\u0259nin, sursat\u0131n, texnikan\u0131n d\u0259y\u0259rini son q\u0259piyin\u0259d\u0259k \u00f6d\u0259mi\u015fik, c\u0259nablar!..<\/em>\u201d, &#8211; dey\u0259 r\u0259smi q\u0259zet<a href=\"https:\/\/www.azerbaijan-news.az\/az\/posts\/detail\/qarabag-zeferinin-muellifi-muzeffer-ali-bas-komandan-ve-azerbaycan-ordusudur-1722458765?sfnsn=wa\" target=\"_blank\" rel=\"noreferrer noopener\"> yaz\u0131r.<\/a><\/p>\n\n\n\n<p>Yeri g\u0259lmi\u015fk\u0259n, T\u00fcrkiy\u0259 Prezidenti R\u0259c\u0259b Tayyib \u018frdo\u011fan\u0131n bu il iyulun 6-da \u015eu\u015fada ke\u00e7iril\u0259n T\u00fcrk D\u00f6vl\u0259tl\u0259ri Birliyi r\u0259hb\u0259rl\u0259rinin qeyri-r\u0259smi sammitin\u0259 deyil, Almaniyaya futbol oyununa getm\u0259sini d\u0259 sonuncu &#8220;soyuqluq&#8221;la \u0259laq\u0259l\u0259ndir\u0259nl\u0259r var.<\/p>\n\n\n\n<p><strong>B\u0259s Az\u0259rbaycanla T\u00fcrkiy\u0259 aras\u0131nda n\u0259 ba\u015f verir?<\/strong><\/p>\n\n\n\n<p><em>\u201c\u0130ndi yaz\u0131lanlar Sovet m\u0259tbuat\u0131nda t\u00fcrkl\u0259rin Bak\u0131n\u0131 azad etm\u0259sin\u0259 qar\u015f\u0131 h\u0259qar\u0259tli m\u00fcnasib\u0259tin m\u00fcasir formas\u0131d\u0131r\u201d<\/em><\/p>\n\n\n\n<p>Demokratik Q\u00fcvv\u0259l\u0259rin Milli \u015euras\u0131n\u0131n s\u0259dri C\u0259mil H\u0259s\u0259nli d\u00fc\u015f\u00fcn\u00fcr ki, m\u00f6vcud m\u00fcnasib\u0259tl\u0259rin yaranmas\u0131n\u0131n bir ne\u00e7\u0259 s\u0259b\u0259bi ola bil\u0259r.<\/p>\n\n\n\n<figure class=\"wp-block-image size-large\"><img decoding=\"async\" width=\"1095\" height=\"821\" data-src=\"https:\/\/www.meydan.tv\/wp-content\/uploads\/img_7248-1095x821.jpg\" alt=\"C\u0259mil H\u0259s\u0259nli. Foto: Meydan TV\" class=\"wp-image-278188 lazyload\" src=\"data:image\/svg+xml;base64,PHN2ZyB3aWR0aD0iMSIgaGVpZ2h0PSIxIiB4bWxucz0iaHR0cDovL3d3dy53My5vcmcvMjAwMC9zdmciPjwvc3ZnPg==\" style=\"--smush-placeholder-width: 1095px; --smush-placeholder-aspect-ratio: 1095\/821;\" \/><figcaption class=\"wp-element-caption\"><em>C\u0259mil H\u0259s\u0259nli. Foto: Meydan TV<\/em><\/figcaption><\/figure>\n\n\n\n<p>O, Meydan TV-y\u0259 deyib ki, r\u0259smi q\u0259zet ad \u00e7\u0259km\u0259s\u0259 d\u0259, m\u0259qal\u0259 birba\u015fa Prezident \u018frdo\u011fan\u0131n \u0259leyhin\u0259 yaz\u0131l\u0131b:<\/p>\n\n\n\n<p><em>\u201cN\u0259z\u0259r\u0259 al\u0131n ki, m\u00fc\u0259llif yaz\u0131s\u0131 deyil, redaksiyan\u0131n m\u00f6vqeyidir. \u201cAz\u0259rbaycan\u201d q\u0259zeti r\u0259smi d\u00f6vl\u0259t orqan\u0131 oldu\u011fundan d\u00f6vl\u0259tin m\u00f6vqeyini \u00f6z\u00fcnd\u0259 ehtiva edir. \u0130kincisi d\u0259 h\u0259r n\u0259 q\u0259d\u0259r r\u0259smi olsa da, g\u00f6st\u0259ri\u015fl\u0259 i\u015fl\u0259y\u0259n media orqan\u0131d\u0131r v\u0259 bu t\u0259limat administrasiyadan g\u0259lib\u201d.<\/em><\/p>\n\n\n\n<p>C\u0259mil H\u0259s\u0259nli bildirib ki, b\u00fct\u00fcn m\u00fcharib\u0259l\u0259rd\u0259 \u201cq\u0259l\u0259b\u0259nin atas\u0131\u201d sindromu olur:<\/p>\n\n\n\n<p>\u201c<em>\u018frdo\u011fan\u0131n Riz\u0259d\u0259ki \u00e7\u0131x\u0131\u015f\u0131 r\u0259smi Bak\u0131n\u0131n \u201cyaral\u0131 yeri\u201dn\u0259 toxunub. O sanki \u0130lham \u018fliyevin q\u0259l\u0259b\u0259nin &#8220;yegan\u0259 atas\u0131&#8221; olmas\u0131 fikrin\u0259 \u015f\u00fcbh\u0259 toxumu s\u0259pib. Halbuki \u018fliyev 2020-ci il z\u0259f\u0259rind\u0259n sonra bir ne\u00e7\u0259 d\u0259f\u0259 etiraf edib ki, bu, T\u00fcrkiy\u0259 il\u0259 birg\u0259 q\u0259l\u0259b\u0259mizdir. M\u00f6vcud v\u0259ziyy\u0259t T\u00fcrkiy\u0259nin Erm\u0259nistanla m\u00fcnasib\u0259tl\u0259rinin b\u0259rpa etm\u0259k ist\u0259yi, yaxud Ankaran\u0131n Bak\u0131-Yerevan s\u00fclh sazi\u015fin\u0259 d\u0259st\u0259yini ifad\u0259 etm\u0259si v\u0259 daha \u00e7ox Q\u0259rb modelin\u0259 \u00fcst\u00fcnl\u00fck verm\u0259sind\u0259n yarand\u0131\u201d.<\/em><\/p>\n\n\n\n<p>Onun s\u00f6zl\u0259rin\u0259 g\u00f6r\u0259, indiki v\u0259ziyy\u0259t 1920-ci ilin aprelind\u0259n sonra Az\u0259rbaycan Sovet m\u0259tbuat\u0131nda t\u00fcrkl\u0259rin Bak\u0131n\u0131 azad etm\u0259sin\u0259 qar\u015f\u0131 h\u0259qar\u0259tli m\u00fcnasib\u0259tin m\u00fcasir formas\u0131d\u0131r:<\/p>\n\n\n\n<p><em>\u201c1918-ci ild\u0259 t\u00fcrk qo\u015funlar\u0131n\u0131 Bak\u0131n\u0131 azad ed\u0259nd\u0259n sonra 1920-ci ilin aprelin\u0259 q\u0259d\u0259r bu, xilaskarl\u0131q missiyas\u0131 kimi d\u0259y\u0259rl\u0259ndirilirdi. Aprel i\u015f\u011fal\u0131ndan sonra forma v\u0259 mahiyy\u0259t d\u0259yi\u015fdi\u201d.<\/em><\/p>\n\n\n\n<p><em>\u201cM\u0259n 2011-ci ild\u0259 T\u00fcrk \u015f\u0259hidl\u0259ri abid\u0259sinin \u00fcz\u0259rind\u0259n bayraqlar\u0131n\u0131n \u00e7\u0131xar\u0131lmas\u0131n\u0131 v\u0259 Milli M\u0259clisd\u0259ki kampaniyan\u0131 yax\u015f\u0131 xat\u0131rlay\u0131ram. H\u0259min vaxt Prezident Administrasiyas\u0131n\u0131n r\u0259hb\u0259ri Ramiz Mehdiyev 5 deputata demi\u015fdi ki, sabah siz\u0259 Milli M\u0259clisd\u0259 s\u00f6z veril\u0259c\u0259k, T\u00fcrkiy\u0259nin \u0259leyhin\u0259 \u00e7\u0131x\u0131\u015f edin. H\u0259min deputatlardan biri el\u0259 h\u0259min ax\u015fam m\u0259n\u0259 z\u0259ng edib ald\u0131qlar\u0131 tap\u015f\u0131r\u0131qdan hal\u0131 etdi. 5 deputatdan ikisi dan\u0131\u015fandan sonra s\u00f6z al\u0131b dedim ki, Az\u0259rbaycan SSR\u0130-nin Ali Sovetind\u0259 T\u00fcrkiy\u0259y\u0259 qar\u015f\u0131 bel\u0259 quduz kampaniya apar\u0131lmay\u0131b ki, siz bunu ba\u015flam\u0131s\u0131n\u0131z, buna g\u00f6r\u0259 utan\u0131n. \u00c7\u00fcnki sizi dan\u0131\u015fd\u0131ran neftin h\u0259r barelinin azad edilm\u0259si u\u011frunda t\u00fcrk \u0259sg\u0259rinin qan\u0131 var. Yaxud T\u00fcrkiy\u0259 Prezidenti \u018frdo\u011fan Milli M\u0259clis\u0259 g\u0259l\u0259nd\u0259 YAP-\u00e7\u0131 deputatlar \u00e7ox pis h\u0259r\u0259k\u0259t etdil\u0259r. \u00dcmumiyy\u0259tl\u0259, hakim elitan\u0131n f\u0259aliyy\u0259tind\u0259 bel\u0259 r\u00fcsvay\u00e7\u0131 h\u0259r\u0259k\u0259tl\u0259r zaman-zaman olur\u201d<\/em>, &#8211; dey\u0259 H\u0259s\u0259nli \u0259lav\u0259 edib.<\/p>\n\n\n\n<p>Milli \u015eura s\u0259dri hesab edir ki, r\u0259smi Bak\u0131 faktiki olaraq Putin Rusiyas\u0131n\u0131n ritorikas\u0131 il\u0259 dan\u0131\u015f\u0131r:<\/p>\n\n\n\n<p>\u201c<em>H\u00f6kum\u0259t Rusiyan\u0131n aya\u011f\u0131ndan tutub regionda saxlamaq ist\u0259yir. \u00c7\u00fcnki T\u00fcrkiy\u0259nin m\u00f6vqeyinin \u00f6z\u00fcn\u00fcn v\u0259 Kremlin maraqlar\u0131na qar\u015f\u0131 oldu\u011funu d\u00fc\u015f\u00fcn\u00fcr. Ona g\u00f6r\u0259 d\u0259 r\u0259smi m\u0259tbuatda kampaniyaya start verilib\u201d.<\/em><\/p>\n\n\n\n<p>C\u0259mil H\u0259s\u0259nli T\u00fcrkiy\u0259y\u0259 qar\u015f\u0131 kampaniyan\u0131n h\u0259l\u0259 bir m\u00fcdd\u0259t davam ed\u0259c\u0259yini bildirib:<\/p>\n\n\n\n<p>\u201c<em>Hakimiyy\u0259tin uzun m\u00fcdd\u0259t bunu aparma\u011fa kifay\u0259t q\u0259d\u0259r g\u00fcc\u00fc v\u0259 imkan\u0131 yoxdur. Son n\u0259tic\u0259 etibar\u0131 il\u0259 yen\u0259 \u0259vv\u0259lki qaydas\u0131na d\u00fc\u015f\u0259c\u0259k. Burada strateji ayr\u0131l\u0131q yaran\u0131b, Az\u0259rbaycan yerini Rusiya-\u00c7in tandemind\u0259 tap\u0131r, T\u00fcrkiy\u0259 is\u0259 NATO \u00fczv\u00fc oldu\u011fundan daha \u00e7ox Q\u0259rb\u0259 inteqrasiya edib Rusiyan\u0131 regiondan \u00e7\u0131xarmaq strategiyas\u0131na \u00fcst\u00fcnl\u00fck verir. \u00c7in-Az\u0259rbaycan sazi\u015find\u0259 bel\u0259 t\u0259r\u0259fl\u0259rin bir-birinin maraqlar\u0131na zidd olan diplomatik h\u0259rk\u0259tl\u0259r\u0259 yol verilm\u0259m\u0259si \u0259ksini tap\u0131b. Y\u0259ni s\u00f6hb\u0259t Q\u0259rbin regiona burax\u0131lmamas\u0131ndan gedir\u201d.<\/em><\/p>\n\n\n\n<p><strong>\u201c\u018fliyev h\u0259r zaman Rusiyaya yax\u0131n olub, n\u0259inki T\u00fcrkiy\u0259y\u0259\u2026\u201d<\/strong><\/p>\n\n\n\n<p>Politoloq Az\u0259r Qas\u0131ml\u0131 Az\u0259rbaycan h\u00f6kum\u0259tinin he\u00e7 vaxt t\u00fcrk\u00e7\u00fc olmad\u0131\u011f\u0131n\u0131 v\u0259 mill\u0259t\u00e7i ritorikas\u0131n\u0131n da m\u00fcv\u0259qq\u0259ti xarakter da\u015f\u0131d\u0131\u011f\u0131n\u0131 qeyd edib.<\/p>\n\n\n\n<p>O, Meydan TV-y\u0259 deyib ki, haz\u0131rda h\u00f6kum\u0259t mill\u0259t\u00e7i ritorikas\u0131ndan uzaqla\u015f\u0131r:<\/p>\n\n\n\n<p><em>\u201c2011-ci ild\u0259 d\u0259 ox\u015far m\u0259nz\u0259r\u0259nin \u015fahidi olmu\u015fuq. Az\u0259rbaycan c\u0259miyy\u0259tind\u0259 bir qrup h\u00f6kum\u0259tin t\u00fcrk\u00e7\u00fc, mill\u0259t\u00e7i oldu\u011funu hesab edir. \u0130kinci qrup da Qaraba\u011f\u0131 \u018frdo\u011fanla \u018fliyevin birg\u0259 azad etdiyini d\u00fc\u015f\u00fcn\u00fcr, amma h\u0259r iki qrup Rusiya amilini n\u0259z\u0259r\u0259 alm\u0131rd\u0131. Halbuki Qaraba\u011f\u0131n h\u0259m i\u015f\u011fal\u0131nda, h\u0259m d\u0259 azad olunmas\u0131nda Rusiya amilini k\u0259nara qoymaq olmaz. \u00d6t\u0259n \u0259srin 90-c\u0131 ill\u0259rind\u0259 Moskva Erm\u0259nistana d\u0259st\u0259k verdi v\u0259 biz i\u015f\u011falla \u00fczl\u0259\u015fdik. Bu d\u0259f\u0259 is\u0259 bir \u00e7ox s\u0259b\u0259bl\u0259rd\u0259n Kreml m\u00fcdaxil\u0259 etm\u0259di v\u0259 biz \u0259razil\u0259rimizi azad etdik\u201d<\/em>.<\/p>\n\n\n<div class=\"wp-block-image\">\n<figure class=\"aligncenter size-large\"><img decoding=\"async\" data-src=\"https:\/\/www.meydan.tv\/wp-content\/uploads\/img_7646-1200x800.jpg\" alt=\"Az\u0259r Qas\u0131ml\u0131\" class=\"wp-image-210058 lazyload\" src=\"data:image\/svg+xml;base64,PHN2ZyB3aWR0aD0iMSIgaGVpZ2h0PSIxIiB4bWxucz0iaHR0cDovL3d3dy53My5vcmcvMjAwMC9zdmciPjwvc3ZnPg==\" style=\"--smush-placeholder-width: 1200px; --smush-placeholder-aspect-ratio: 1200\/800;\" \/><figcaption class=\"wp-element-caption\">Az\u0259r Qas\u0131ml\u0131, Foto: Meydan Tv<\/figcaption><\/figure>\n<\/div>\n\n\n<p>Qas\u0131ml\u0131n\u0131n s\u00f6zl\u0259rin\u0259 g\u00f6r\u0259, avtoritar liderl\u0259r \u00fc\u00e7\u00fcn d\u0259y\u0259rl\u0259r, ideologiya, ideya olmur:<\/p>\n\n\n\n<p><em>\u201cT\u00fcrkiy\u0259d\u0259 avtoritarizm\u0259 meylli olan d\u00f6vl\u0259t ba\u015f\u00e7\u0131s\u0131 var: \u018frdo\u011fan. Az\u0259rbaycanda is\u0259 totalitar rejim qurma\u011fa haz\u0131rla\u015fan hakimiyy\u0259t g\u00f6r\u00fcr\u00fck. Rusiyada is\u0259 diktatura rejimi formala\u015f\u0131r. Bu bax\u0131mdan onlar m\u00fcv\u0259qq\u0259ti olaraq m\u00fcbahis\u0259 d\u0259 ed\u0259 bil\u0259rl\u0259r, dostluq da\u2026 Y\u0259ni onlar\u0131n bu kontekstd\u0259 m\u00fcnasib\u0259tl\u0259ri nisbidir. Sonuc etibar\u0131 il\u0259 \u018fliyev h\u0259r zaman Rusiyaya yax\u0131n olub, n\u0259inki T\u00fcrkiy\u0259y\u0259\u201d.<\/em><\/p>\n\n\n\n<p><strong>\u201cH\u0259r iki t\u0259r\u0259fd\u0259 Kremlin birba\u015fa v\u0259 t\u0259sir agentl\u0259ri kifay\u0259t q\u0259d\u0259rdir\u201d<\/strong><\/p>\n\n\n\n<p>Siyasi \u015f\u0259rh\u00e7i Rauf Mirq\u0259dirov h\u0259r iki t\u0259r\u0259fin s\u0259mimi olmad\u0131\u011f\u0131 v\u0259 siyasi konyukturaya uy\u011fun b\u0259yanatlar s\u0259sl\u0259ndirdikl\u0259ri q\u0259na\u0259tind\u0259dir.<\/p>\n\n\n\n<p>Mirq\u0259dirov hesab edir ki, \u018frdo\u011fan\u0131n \u201cQaraba\u011fa girdik\u201d a\u00e7\u0131qlamas\u0131 do\u011fru deyildi v\u0259 \u00fcmumiyy\u0259tl\u0259, t\u00fcrk \u0259sg\u0259ri regionda olmay\u0131b:<\/p>\n\n\n\n<p><em>\u201c\u0130kincisi, Az\u0259rbaycan T\u00fcrkiy\u0259d\u0259n ald\u0131\u011f\u0131 h\u0259rbi sursat\u0131n \u0259v\u0259zini \u00f6d\u0259yib. H\u0259m\u00e7inin Bak\u0131 Ukraynadan, Belarusdan da v\u0259 daha \u00e7ox \u0130sraild\u0259n silah al\u0131b. Lakin q\u0259l\u0259b\u0259nin m\u00fc\u0259llifinin Ali Ba\u015f Komandan v\u0259 Az\u0259rbaycan \u0259sg\u0259rinin olmas\u0131 da h\u0259qiq\u0259t\u0259uy\u011fun deyil. B\u0259li, ordumuzun r\u0259\u015fad\u0259tini \u015f\u00fcbh\u0259 alt\u0131na alm\u0131r\u0131q. Sad\u0259c\u0259, ordumuzun 2020-2023-c\u00fc ill\u0259rd\u0259 u\u011furlar\u0131 Rusiyan\u0131n neytralla\u015fd\u0131r\u0131lmas\u0131ndan ir\u0259li g\u0259lir. Bu m\u0259s\u0259l\u0259d\u0259 is\u0259 \u015f\u0259xs\u0259n \u018frdo\u011fan\u0131n b\u00f6y\u00fck rolu olub. T\u0259\u0259ss\u00fcf ki, 44 g\u00fcnl\u00fck sava\u015f v\u0259 sonrak\u0131 d\u00f6y\u00fc\u015fl\u0259rin i\u015ftirak\u00e7\u0131lar\u0131 il\u0259 ba\u011fl\u0131 maarifl\u0259ndirm\u0259 z\u0259if oldu\u011fundan c\u0259miyy\u0259t onlar\u0131 tan\u0131m\u0131r. H\u0259r \u015fey Ali Ba\u015f Komandan\u0131n ad\u0131na yaz\u0131ld\u0131\u011f\u0131ndan indiki v\u0259ziyy\u0259t yaran\u0131b\u201d.<\/em><\/p>\n\n\n\n<p>Mirq\u0259dirov deyir ki, Bak\u0131-Ankara m\u00fcnasib\u0259tl\u0259rind\u0259ki soyuqlu\u011fun birinci s\u0259b\u0259bi Az\u0259rbaycan-\u0130srail \u0259laq\u0259l\u0259ri il\u0259 ba\u011fl\u0131d\u0131r:<\/p>\n\n\n<div class=\"wp-block-image\">\n<figure class=\"aligncenter size-full\"><img decoding=\"async\" width=\"1200\" height=\"800\" data-src=\"https:\/\/www.meydan.tv\/wp-content\/uploads\/untitled-design-78.jpg\" alt=\"\" class=\"wp-image-262578 lazyload\" src=\"data:image\/svg+xml;base64,PHN2ZyB3aWR0aD0iMSIgaGVpZ2h0PSIxIiB4bWxucz0iaHR0cDovL3d3dy53My5vcmcvMjAwMC9zdmciPjwvc3ZnPg==\" style=\"--smush-placeholder-width: 1200px; --smush-placeholder-aspect-ratio: 1200\/800;\" \/><figcaption class=\"wp-element-caption\">Foto: Rauf Mirq\u0259dirovun \u015f\u0259xsi arxivind\u0259n<\/figcaption><\/figure>\n<\/div>\n\n\n<p>\u201c<em>Bu, T\u00fcrkiy\u0259 \u00fc\u00e7\u00fcn ciddi m\u0259s\u0259l\u0259dir, Ankara anti-\u0130srail koalisiyas\u0131n\u0131n lideri olmaq ist\u0259yir, Tehranda q\u0259tl\u0259 yetirilmi\u015f \u0130smay\u0131l Haniy\u0259nin q\u0259tl\u0259 yetirlm\u0259si beyn\u0259lxalq h\u00fcquq bax\u0131m\u0131ndan \u00e7ox problemlidir. Amma T\u00fcrkiy\u0259nin terror\u00e7unun \u00f6l\u00fcm\u00fcn\u0259 d\u00f6vl\u0259t s\u0259viyy\u0259sind\u0259 mat\u0259m elan etm\u0259si t\u0259\u0259cc\u00fcbl\u00fcd\u00fcr. B\u0259li, bu, daxili auditoriya \u00fc\u00e7\u00fcn mesajd\u0131r. Az\u0259rbaycan is\u0259 bu m\u0259s\u0259l\u0259d\u0259 T\u00fcrkiy\u0259nin yan\u0131nda deyil, F\u0259l\u0259stini d\u00f6vl\u0259t kimi tan\u0131sa da, \u0130sraill\u0259 m\u00fcnasib\u0259tl\u0259ri pozmur. \u0130kinci s\u0259b\u0259b \u018frdo\u011fanla \u018fliyevin hans\u0131sa biznes maraqlar\u0131n\u0131n toqqu\u015fmas\u0131d\u0131r. Avtoritar d\u00f6vl\u0259tl\u0259rin ba\u015f\u00e7\u0131lar\u0131n\u0131n \u015f\u0259xsi maraqlar\u0131 d\u00f6vl\u0259tl\u0259raras\u0131 m\u00fcnasib\u0259tl\u0259r\u0259 d\u0259 t\u0259sir edir. \u00dc\u00e7\u00fcnc\u00fc s\u0259b\u0259b Erm\u0259nistan-T\u00fcrkiy\u0259 m\u00fcnasib\u0259tl\u0259rind\u0259ki d\u0259yi\u015fiklikl\u0259rdir ki, Bak\u0131n\u0131 q\u0131c\u0131qland\u0131r\u0131r&#8221;.<\/em><\/p>\n\n\n\n<p>&#8220;<em>T\u00fcrkiy\u0259nin xarici siyas\u0259tind\u0259ki \u0130srail\u0259 m\u00fcnasib\u0259t Bak\u0131n\u0131 qane etm\u0259s\u0259 d\u0259, \u0130slam d\u00fcnyas\u0131na m\u00fcnasib\u0259td\u0259 problem yoxdur. Amma Ankara haz\u0131rda Va\u015finqton v\u0259 Br\u00fcssell\u0259 m\u00fcnasib\u0259tl\u0259rini normalla\u015fd\u0131rma\u011fa \u00e7al\u0131\u015f\u0131r. Bu, T\u00fcrkiy\u0259y\u0259 \u00e7ox b\u00f6y\u00fck kreditl\u0259r almaq \u00fc\u00e7\u00fcn vacibdir, \u00f6lk\u0259 iqtisadiyyat\u0131 h\u0259ddind\u0259n art\u0131q a\u011f\u0131rd\u0131r, haz\u0131rda D\u00fcnya Bank\u0131 il\u0259 dan\u0131\u015f\u0131qlar gedir. Bel\u0259 olanda, T\u00fcrkiy\u0259 Az\u0259rbaycan-Erm\u0259nistan aras\u0131nda s\u00fclh prosesinin s\u00fcr\u0259tl\u0259nm\u0259sind\u0259 maraql\u0131d\u0131r. \u00c7\u00fcnki s\u00fclh sazi\u015finin imzalalanmas\u0131nda Q\u0259rbin v\u0259 T\u00fcrkiy\u0259nin iqtisadi mara\u011f\u0131 var, s\u00f6hb\u0259t Orta D\u0259hlizin tam g\u00fcc\u00fc il\u0259 i\u015f\u0259 d\u00fc\u015fm\u0259sind\u0259n gedir. S\u00f6zs\u00fcz ki, Az\u0259rbaycan s\u00fclh ist\u0259yir, amma s\u0259n\u0259din imzalanmas\u0131n\u0131n Moskavada n\u0259 c\u00fcr qar\u015f\u0131lanaca\u011f\u0131ndan \u00e7\u0259kinir. Ona g\u00f6r\u0259 ehtiyatla davranma\u011fa \u00e7al\u0131\u015f\u0131r\u201d,<\/em> &#8211; dey\u0259 siyasi \u015f\u0259rh\u00e7i qeyd edib.<\/p>\n\n\n\n<p>O hesab edir ki, sadalad\u0131\u011f\u0131 amill\u0259r m\u00fcnasib\u0259tl\u0259rd\u0259 g\u0259rginlik yaratsa da, prosesin gedi\u015fat\u0131na ciddi t\u0259sir g\u00f6st\u0259rm\u0259y\u0259c\u0259k:<\/p>\n\n\n\n<p><em>\u201cS\u0259b\u0259b d\u0259 Az\u0259rbaycanda T\u00fcrkiy\u0259nin \u00e7ox b\u00f6y\u00fck n\u00fcfuzu var, h\u0259m d\u0259 \u018frdo\u011fan \u00fc\u00e7\u00fcn d\u0259 Az\u0259rbaycan istiqam\u0259ti \u00e7ox vacibdir, s\u00f6hb\u0259t mill\u0259t\u00e7il\u0259rd\u0259n gedir. H\u0259m d\u0259 \u018frdo\u011fan\u0131n regionda \u00e7ox vacib rol oynamaq ist\u0259yi Rusiyan\u0131n maraqlar\u0131na cavab vermir. Bu m\u0259nada Bak\u0131-Ankara m\u00fcnasib\u0259tl\u0259rinin bu g\u0259rginlik m\u0259rh\u0259l\u0259sini Moskvan\u0131n stimulla\u015fd\u0131rd\u0131\u011f\u0131n\u0131 istisna etmir\u0259m. H\u0259r iki t\u0259r\u0259fd\u0259 Kremlin birba\u015fa v\u0259 t\u0259sir agentl\u0259ri kifay\u0259t q\u0259d\u0259rdir\u201d.<\/em><\/p>\n\n\n\n<p><strong>Zahid Oruc: &#8220;Z\u0259f\u0259rimizin h\u0259qiqi m\u00fc\u0259llifini s\u00f6yl\u0259y\u0259nd\u0259 \u018frdo\u011fan\u0131n, Tokayevin, Caparovun, yaxud Orban\u0131n n\u00fcfuzunu azaltm\u0131r\u0131q, \u0259ksin\u0259 art\u0131r\u0131r\u0131q\u2026&#8221;<\/strong><\/p>\n\n\n\n<p>Sosial T\u0259dqiqatlar M\u0259rk\u0259zinin \u0130dar\u0259 Hey\u0259tinin s\u0259dri, Milli M\u0259clisin \u0130nsan h\u00fcquqlar\u0131 komit\u0259sinin s\u0259dri Zahid Oruc Meydan TV-y\u0259 deyib ki, 44 g\u00fcnl\u00fck m\u00fcharib\u0259 g\u00fcnl\u0259rind\u0259 qlobal erm\u0259ni\u00e7iliyin v\u0259 Erm\u0259nistan\u0131n himay\u0259darlar\u0131n\u0131n \u00f6lk\u0259miz\u0259 qar\u015f\u0131 apard\u0131\u011f\u0131 geni\u015fmiqyasl\u0131 hibrid sava\u015f\u0131n birinci tezisi Az\u0259rbaycan ordusunun qazand\u0131\u011f\u0131 u\u011furlar\u0131 Yax\u0131n \u015e\u0259rqin muzdlu h\u0259rbi birl\u0259\u015fm\u0259l\u0259rin\u0259 ba\u011flamaq idi:<\/p>\n\n\n\n<p>&#8220;<em>B\u00f6htanlar\u0131 y\u00fcks\u0259k tribunalardan s\u0259sl\u0259ndir\u0259n d\u00f6vl\u0259tl\u0259r, siyas\u0259t\u00e7il\u0259r indi Rusiya-Ukrayna sava\u015f\u0131nda d\u00f6y\u00fc\u015f\u0259n on minl\u0259rl\u0259 beyn\u0259lmil\u0259l silahl\u0131 q\u00fcvv\u0259l\u0259ri \u201cg\u00f6rm\u00fcrl\u0259r\u201d. \u00d6t\u0259n 4 ild\u0259 apar\u0131c\u0131 d\u00f6vl\u0259tl\u0259rin k\u0259\u015ffiyyat dosyel\u0259rind\u0259, Bellingcat v\u0259 dig\u0259r platformalarda, m\u0259xfi xidm\u0259t orqanlar\u0131n\u0131n tribunas\u0131na \u00e7evril\u0259n Lindsey Snell v\u0259 onlarla dig\u0259r jurnalistin bizi h\u0259d\u0259f se\u00e7\u0259n g\u00fcnd\u0259lik dezinformasiylar\u0131nda s\u00f6z\u00fcged\u0259n iddialar t\u0259sdiqini tapmad\u0131. \u0130kinci istiqam\u0259t T\u00fcrkiy\u0259 ordusunun generaliteti v\u0259 instruktorlar\u0131 il\u0259 ba\u011fl\u0131 t\u00fc\u011fyan ed\u0259n, h\u0259tta bir-biri il\u0259 haz\u0131rda d\u00fc\u015fm\u0259n Amerika-Rusiya v\u0259 Q\u0259rb medias\u0131nda Qaraba\u011f\u0131n d\u00f6y\u00fc\u015f meydanlar\u0131nda Az\u0259rbaycan ordusu il\u0259 yana\u015f\u0131, t\u00fcrk h\u0259rbi q\u00fcvv\u0259l\u0259rinin i\u015ftirak\u0131na dair g\u00fcnd\u0259lik rejimd\u0259 apar\u0131lan \u00e7irkli kampaniya idi. Xat\u0131rlay\u0131rs\u0131n\u0131zsa, pandemiyan\u0131n pik vaxt\u0131nda h\u0259tta M\u0259rk\u0259zi K\u0259\u015ffiyyat \u0130dar\u0259sinin bel\u0259 \u00f6lk\u0259mizin erm\u0259nil\u0259rin t\u0259xribat\u0131na cavab olaraq, geni\u015fmiqyasl\u0131 h\u0259rbi \u0259m\u0259liyyatlara ba\u015flayaca\u011f\u0131na inanmad\u0131\u011f\u0131na dair \u015f\u00fcbh\u0259 do\u011furmayan m\u00f6vqel\u0259ri yay\u0131ld\u0131, A\u011f Ev\u0259 bel\u0259 dosyel\u0259rin verilm\u0259diyi haqda m\u00f6t\u0259b\u0259r m\u0259lumatlar d\u0259rc olundu&#8221;.<\/em><\/p>\n\n\n\n<p>&#8220;<em>\u201cQafqazda f\u0131rt\u0131na\u201d adl\u0131 \u0259s\u0259rd\u0259 n\u00fcfuzlu beyn\u0259lxalq ekspertl\u0259r vur\u011fulay\u0131rd\u0131lar ki, Az\u0259rbaycan n\u0259inki h\u0259rbi v\u0259 iqtisadi c\u0259h\u0259td\u0259n d\u00fc\u015fm\u0259nd\u0259n bir ne\u00e7\u0259 qat g\u00fccl\u00fcd\u00fcr, o c\u00fcml\u0259d\u0259n, sava\u015fa at\u0131lmaq \u00fc\u00e7\u00fcn se\u00e7diyi vaxt v\u0259 d\u00fcnyada m\u00f6vcud geosiyasi konyunkturan\u0131 d\u00fczg\u00fcn n\u0259z\u0259r\u0259 almas\u0131 Q\u0259l\u0259b\u0259nin ba\u015fl\u0131ca s\u0259b\u0259bl\u0259rind\u0259n olub. Silsil\u0259 iftiralardan biri d\u0259 d\u00f6y\u00fc\u015f meydanlar\u0131nda erm\u0259nil\u0259rin ard\u0131c\u0131l m\u0259\u011flubiyy\u0259tini, \u00e7\u0259tin co\u011frafi \u015f\u0259raitd\u0259 milli ordumuzun q\u0259hr\u0259manl\u0131qlar\u0131n\u0131 inkar edib, m\u00fcharib\u0259ni qlobal raz\u0131la\u015fmalar\u0131n, yaxud T\u00fcrkiy\u0259, Rusiya v\u0259 Az\u0259rbaycan aras\u0131nda strateji s\u00f6vd\u0259l\u0259\u015fm\u0259nin n\u0259tic\u0259si kimi q\u0259l\u0259m\u0259 verm\u0259k idi. G\u00f6r\u00fcnd\u00fcy\u00fc kimi, d\u00f6vl\u0259timizin uzun ill\u0259r Erm\u0259nistan\u0131 iqtisadi, m\u0259d\u0259ni, siyasi, diplomatik, informativ v\u0259 g\u00fccl\u00fc ordu quraraq, sonda d\u00fc\u015fm\u0259ni h\u0259rbi m\u0259\u011flubiyy\u0259t\u0259 u\u011fratd\u0131\u011f\u0131n\u0131 inkar ed\u0259n qlobal \u015f\u0259b\u0259k\u0259nin \u0259sas m\u0259qs\u0259di q\u0259l\u0259b\u0259mizi \u0259limizd\u0259n almaq, onu 2-ci v\u0259 ya 3-c\u00fc d\u00f6vl\u0259tl\u0259rin xidm\u0259tin\u0259 yaz\u0131b \u00f6zg\u0259ninkil\u0259\u015fdirm\u0259k v\u0259 n\u0259tic\u0259d\u0259, xalq\u0131m\u0131z\u0131n tarixi z\u0259f\u0259rini m\u0259nims\u0259m\u0259k ist\u0259yirdil\u0259r. Erm\u0259nil\u0259rin 30 il \u0259rzind\u0259 apard\u0131\u011f\u0131 d\u00fcny\u0259vi kampaniya v\u0259 mif quruculu\u011fu &#8211; Qafqaz\u0131n g\u00fccl\u00fc ordusu v\u0259 d\u00fcnya milll\u0259ti n\u0259z\u0259riyy\u0259sini ayaqda saxlamaq, onu pu\u00e7 olma\u011fa qoymamaq \u00fc\u00e7\u00fcn \u0259n m\u00fcxt\u0259lif d\u00f6vl\u0259tl\u0259rin qeyri-r\u0259smi s\u0259f\u0259rb\u0259rliyi ortadad\u0131r&#8221;, <\/em>&#8211; dey\u0259 deputat qeyd edib.<\/p>\n\n\n\n<p><em>&#8220;30 iyulda R\u0259c\u0259b Tayyib \u018frdo\u011fan\u0131n AKP-nin Riz\u0259 toplant\u0131s\u0131nda s\u0259sl\u0259ndirdiyi \u201cQaraba\u011fa v\u0259 Liviyaya girdiyimiz kimi, bunun b\u0259nz\u0259rini onlara da ed\u0259 bil\u0259rik\u201d, b\u0259yanat\u0131n\u0131n \u0259sas h\u0259d\u0259fi F\u0259l\u0259stin xalq\u0131 il\u0259 h\u0259mr\u0259ylik v\u0259 anti-\u0130srail m\u00f6vqeyi olsa da, uzun ill\u0259r, \u201cQ\u0259l\u0259b\u0259ni Az\u0259rbaycan qazanmay\u0131b\u201d, dey\u0259n v\u0259 \u201c1 milyonluq t\u00fcrk ordusu qar\u015f\u0131s\u0131nda biz n\u0259 ed\u0259 bil\u0259rdik\u201d, t\u0259bli\u011fat\u00e7\u0131lar\u0131 dirildil\u0259r. \u0130ki qarda\u015f \u00f6lk\u0259nin m\u00fcnasib\u0259tl\u0259rin\u0259 \u00e7oxdan z\u0259rb\u0259 vurmaq ist\u0259y\u0259nl\u0259r, b\u00f6lg\u0259d\u0259 geosiyasi inqilabi q\u0259bul etm\u0259yib s\u00fclh dan\u0131\u015f\u0131qar\u0131nda moderator ad\u0131 il\u0259 s\u0259rh\u0259dd\u0259 m\u00fc\u015fahid\u0259 missiyasi libas\u0131nda k\u0259\u015ffiyyat qrupu yerl\u0259\u015fdir\u0259n NATO d\u00f6vl\u0259tl\u0259ri inhisarlar\u0131nda olan media qurulu\u015flar\u0131 il\u0259 son 3 g\u00fcnd\u0259 f\u0259al \u015f\u0259kild\u0259 T\u00fcrkiy\u0259 r\u0259hb\u0259rinin a\u00e7\u0131qlamas\u0131n\u0131 m\u00fcharib\u0259nin n\u0259tic\u0259l\u0259rinin t\u0259fti\u015fi istiqam\u0259tind\u0259 istismar edirl\u0259r. Ona g\u00f6r\u0259 d\u0259 \u201cAz\u0259rbaycan q\u0259zeti\u201dnin t\u0259hlil yaz\u0131s\u0131n\u0131n \u0259sas m\u0259qs\u0259di 4 il \u0259vv\u0259l apard\u0131\u011f\u0131m\u0131z m\u00fcharib\u0259d\u0259 iki d\u00f6vl\u0259tin h\u0259rbi-siyasi rolunu n\u0259inki ayd\u0131nla\u015fd\u0131rmaq, yaxud z\u0259f\u0259rimizi qarda\u015flar\u0131m\u0131zdan qorumaq, iki liderin birincisin\u0259 &#8211; \u00f6z milli liderimiz \u0130lham \u018fliyev\u0259 \u00fcst\u00fcnl\u00fck qazand\u0131raraq dig\u0259rin\u0259 a\u015fa\u011f\u0131 yer verm\u0259k v\u0259 bel\u0259likl\u0259, d\u00fc\u015fm\u0259nl\u0259r\u0259 arqument qazand\u0131rmaq deyil, tam \u0259ksin\u0259, b\u00fct\u00fcn tezisl\u0259ri parlaq, 21-ci \u0259srd\u0259 h\u0259l\u0259 ki, t\u0259k olan Q\u0259l\u0259b\u0259mizi haql\u0131 olaraq, Ulu \u00f6nd\u0259rin ad\u0131 il\u0259 ba\u011fl\u0131 olan kursa, Ali Ba\u015f Komandan\u0131n liderliyi il\u0259 mill\u0259timizin h\u0259r bir s\u0131ra n\u0259f\u0259rini v\u0259 ordumuzu m\u00fcq\u0259dd\u0259s m\u00fcharib\u0259y\u0259 17 ild\u0259 haz\u0131rlama\u011fa, 3 \u0259srlik m\u0259\u011flubiyy\u0259t silsil\u0259sini durdurma\u011fa, qa\u00e7q\u0131nl\u0131q v\u0259 k\u00f6\u00e7k\u00fcnl\u00fck sindromuna son qoyma\u011fa, el\u0259c\u0259 d\u0259 biz\u0259 o d\u00f6vrd\u0259 m\u0259n\u0259vi-siyasi d\u0259st\u0259k ver\u0259n d\u00f6vl\u0259tl\u0259r\u0259, T\u00fcrkiy\u0259 v\u0259 Az\u0259rbaycan aras\u0131nda son bir \u0259srd\u0259 tale v\u0259 can birliyin\u0259 son d\u0259r\u0259c\u0259 q\u0259dirbil\u0259n, t\u0259vaz\u00f6kar \u015f\u0259raitd\u0259 v\u0259 haqq\u0131m\u0131z\u0131 ba\u015fa vurmadan, obyektiv, balansl\u0131 n\u0259z\u0259r\u0259 salmaqdan ibar\u0259t olub. Ona g\u00f6r\u0259 d\u0259, erm\u0259nil\u0259r bel\u0259 t\u0259hlill\u0259ri \u201cura\u201d il\u0259 qar\u015f\u0131lay\u0131b, birliy\u0259 z\u0259rb\u0259 vurduqlar\u0131ndan sevinm\u0259sinl\u0259r&#8221;, &#8211;<\/em> Zahid Oruc bel\u0259 deyir.<\/p>\n\n\n\n<p>Onun fikrinc\u0259, q\u0259l\u0259b\u0259ni hifz etm\u0259k, ke\u015fiyind\u0259 durmaqda iqtidar v\u0259 m\u00fcxalif\u0259t ayr\u0131se\u00e7kiliyi olmamal\u0131d\u0131r:<\/p>\n\n\n\n<p>&#8220;<em>&#8220;N\u0259 q\u0259d\u0259r m\u00fcasir silahlara sahib olsaq da, bayra\u011f\u0131 sancan, torpa\u011f\u0131 azad ed\u0259n \u0259sg\u0259rdir&#8221;, dey\u0259n \u0130lham \u018fliyevin h\u0259tta \u00f6z\u00fcn\u00fcn qlobal liderliyini, b\u00fct\u00fcn beyn\u0259lmil\u0259l sava\u015flara yol verm\u0259d\u0259n, son 4 ild\u0259 regional v\u0259 beyn\u0259lxalq t\u0259hl\u00fck\u0259l\u0259ri d\u00fczg\u00fcn d\u0259y\u0259rl\u0259ndirib b\u00f6lg\u0259mizd\u0259 h\u0259rbi toqqu\u015fmalara yol verm\u0259d\u0259n, Qaraba\u011f \u00fcz\u0259rind\u0259 tam v\u0259 q\u0259ti q\u0259l\u0259b\u0259 qazanmas\u0131 m\u00fcst\u0259sna olaraq, Az\u0259rbaycan d\u00f6vl\u0259t ba\u015f\u00e7\u0131s\u0131n\u0131n, mill\u0259timizin v\u0259 ordumuzun xidm\u0259tidir. \u018fg\u0259r bizim irad\u0259mizd\u0259n k\u0259narda bel\u0259 polemikalara c\u0259lb olunmu\u015fuqsa, b\u00fct\u00fcn \u00f6lk\u0259mizi b\u00fcr\u00fcy\u0259n t\u00fcrk v\u0259 pakistanl\u0131 bayraqlar\u0131n\u0131 kims\u0259 d\u00f6y\u00fc\u015f meydanlar\u0131nda can\u0131n\u0131 ver\u0259n az\u0259rbaycanl\u0131 \u015f\u0259hidl\u0259rd\u0259n uca yerd\u0259 g\u00f6st\u0259rm\u0259sin. M\u0259g\u0259r ger\u00e7\u0259kl\u0259ri s\u00f6yl\u0259y\u0259nd\u0259, haql\u0131 m\u00f6vqeyimizi Ankarada, Bi\u015fkekd\u0259, Astanada, yaxud b\u00fct\u00fcn islam paytaxtlar\u0131nda kims\u0259 k\u0259d\u0259rl\u0259 qar\u015f\u0131lay\u0131b dem\u0259lidil\u0259r ki, n\u0259d\u0259n h\u0259qiq\u0259ti \u00f6z ad\u0131 il\u0131 \u00e7a\u011f\u0131r\u0131rs\u0131n\u0131z? Qarda\u015fl\u0131q qan, din v\u0259 m\u0259d\u0259ni ba\u011flardan \u00e7ox, ilk n\u00f6vb\u0259d\u0259, haqq\u0131n, \u0259dal\u0259tin \u00fcz\u0259rind\u0259 in\u015fa olunan birlikdir. Bizim q\u0259l\u0259b\u0259miz azadl\u0131q t\u0259r\u0259fdar\u0131 olan b\u00fct\u00fcn xalqlar\u0131n v\u0259 d\u00f6vl\u0259tl\u0259rindir, lakin can\u0131n\u0131 v\u0259 qan\u0131n\u0131 ver\u0259nl\u0259rin m\u0259rt\u0259b\u0259si v\u0259 haqq\u0131 m\u0259n\u0259vi s\u0259ng\u0259rd\u0259 olanlardan ucad\u0131r.<\/em><\/p>\n\n\n<div class=\"wp-block-image\">\n<figure class=\"aligncenter size-full\"><img decoding=\"async\" width=\"1200\" height=\"676\" data-src=\"https:\/\/www.meydan.tv\/wp-content\/uploads\/screenshot_2-40.png\" alt=\"Foto: Zahid Orucun \u015f\u0259xsi arxivind\u0259n\" class=\"wp-image-312128 lazyload\" src=\"data:image\/svg+xml;base64,PHN2ZyB3aWR0aD0iMSIgaGVpZ2h0PSIxIiB4bWxucz0iaHR0cDovL3d3dy53My5vcmcvMjAwMC9zdmciPjwvc3ZnPg==\" style=\"--smush-placeholder-width: 1200px; --smush-placeholder-aspect-ratio: 1200\/676;\" \/><figcaption class=\"wp-element-caption\">Foto: Zahid Orucun \u015f\u0259xsi arxivind\u0259n<\/figcaption><\/figure>\n<\/div>\n\n\n<p><em>50-d\u0259n art\u0131q d\u00f6vl\u0259tin 300 milyard dollardan art\u0131q h\u0259rbi, maliyy\u0259, humanitar yard\u0131m\u0131 il\u0259 Rusiya qar\u015f\u0131s\u0131nda h\u0259l\u0259 d\u0259 a\u011f\u0131r torpaq v\u0259 fiziki itkil\u0259r ver\u0259n q\u0259hr\u0259man Ukrayna xalq\u0131n\u0131n ac\u0131 taleyi s\u00fcbut edir ki, lider amili v\u0259 milli ordunun sava\u015f\u0131n\u0131 he\u00e7 bir d\u00fcnya h\u00f6kmdar\u0131, jandarm d\u00f6vl\u0259ti, m\u00fctt\u0259fiq q\u00fcvv\u0259si, legioner birl\u0259\u015fm\u0259si v\u0259 h\u0259rbi ittifaq\u0131 \u0259v\u0259z etmir&#8221;.<\/em><\/p>\n\n\n\n<p>Deputat deyir ki, T\u00fcrkiy\u0259 d\u00f6vl\u0259t ba\u015f\u00e7\u0131s\u0131n\u0131n a\u00e7\u0131qlamas\u0131ndan tutarqa kimi: <em>\u201cG\u00f6r\u00fcrs\u00fcn\u00fcz az\u0259rbaycanl\u0131lar biz\u0259 d\u00f6y\u00fc\u015f meydan\u0131nda qalib g\u0259lm\u0259yibl\u0259r\u201d<\/em>, &#8211; dey\u0259 n\u0259tic\u0259 \u00e7\u0131xaran militarist erm\u0259nil\u0259r n\u00f6vb\u0259ti faci\u0259y\u0259 can at\u0131rlar:<\/p>\n\n\n\n<p><em>&#8220;90-c\u0131 ill\u0259rd\u0259 Az\u0259rbaycana \u0259l uzatma\u011fa risq etm\u0259y\u0259n S\u00fcleyman D\u0259mir\u0259l v\u0259 dig\u0259r t\u00fcrk liderl\u0259r 2020-ci ild\u0259 sa\u011f olsayd\u0131lar, t\u0259r\u0259dd\u00fcds\u00fcz \u00f6lk\u0259mizin m\u00fcharib\u0259d\u0259 m\u00fcdaf\u0259sin\u0259 qalxard\u0131lar. \u00c7\u00fcnki 24 milyard dollardan art\u0131q investisiyan\u0131 qarda\u015f \u00f6lk\u0259y\u0259 yat\u0131ran, strateji layih\u0259l\u0259rl\u0259 T\u00fcrkiy\u0259ni g\u00fccl\u0259ndir\u0259n v\u0259 onlarla regional-beyn\u0259lxalq g\u0259rginlik zaman\u0131 Ankaran\u0131n \u0259sl siyasi qoruyucusu olan Az\u0259rbaycan d\u00f6vl\u0259ti qazand\u0131\u011f\u0131 h\u0259rbi q\u0259l\u0259b\u0259l\u0259rl\u0259 b\u00fct\u00fcn t\u00fcrk d\u00fcnyas\u0131n\u0131n beyn\u0259lxalq g\u00fcc\u00fcn\u00fc v\u0259 siyasi \u00e7\u0259kisini art\u0131r\u0131b. Kim bel\u0259 u\u011fura \u015f\u0259rik olmaqdan imtina ed\u0259r? Biz z\u0259f\u0259rimizin h\u0259qiqi m\u00fc\u0259llifini s\u00f6yl\u0259y\u0259nd\u0259 \u018frdo\u011fan\u0131n, Tokayevin, Caparovun, yaxud Orban\u0131n n\u00fcfuzunu azaltm\u0131r\u0131q, \u0259ksin\u0259 art\u0131r\u0131r\u0131q. Lakin 30 il \u0259vv\u0259lki i\u015f\u011fala he\u00e7 k\u0259s sahib olmaq ist\u0259m\u0259z. Son 20 ild\u0259 bir \u00f6lk\u0259nin prezidenti mill\u0259tini toparlay\u0131b ordusu il\u0259 qalibiyy\u0259t\u0259 g\u0259tiribs\u0259, q\u0259l\u0259b\u0259nin birinci, m\u00fcst\u0259sna v\u0259 \u015f\u0259riksiz m\u00fc\u0259llifi odur. M\u00fcharib\u0259 17 il, \u00fcst\u0259g\u0259l 44 g\u00fcnd\u0259 ba\u015f verib. Ona g\u00f6r\u0259 b\u00fct\u00fcn tribunalardan dem\u0259liyik: Konrad Adenauerin ki\u00e7ik nailiyy\u0259tl\u0259rl\u0259 \u0259sas\u0131n\u0131 qoydu\u011fu v\u0259 soyuq sava\u015f\u0131 qazan\u0131b birl\u0259\u015f\u0259n Almaniyadan f\u0259rqli olaraq, Az\u0259rbaycan h\u0259rbi meydanlarda qan t\u00f6k\u0259r\u0259k b\u00fct\u00f6vl\u0259\u015fib. Biz m\u00fcasir silahlar\u0131, t\u0259yyar\u0259l\u0259ri pe\u015f\u0259karl\u0131qla idar\u0259 ed\u0259n, \u015eu\u015fan\u0131 v\u0259 Xank\u0259ndi zirv\u0259sini d\u00f6y\u00fc\u015f \u0259m\u0259liyyatlar\u0131 il\u0259 qazanan o\u011fullar\u0131m\u0131z\u0131n yan\u0131nda T\u00fcrk D\u00f6vl\u0259tl\u0259ri Birliyinin \u0259sg\u0259rl\u0259rinin, Q\u0259rb qo\u015funlar\u0131n\u0131n, yaxud Kollektiv M\u00fcqavil\u0259\u00e7il\u0259rin olmas\u0131na yol verm\u0259y\u0259r\u0259k, 3-c\u00fc D\u00fcnya sava\u015f\u0131ndan yay\u0131na bilmi\u015fiks\u0259, bunu yaln\u0131z alq\u0131\u015flamaq g\u0259r\u0259kdir. Ona g\u00f6r\u0259 Prezident: \u201cQlobal laylar\u0131 t\u0259rp\u0259tmi\u015fik\u201d, &#8211; deyir. \u0130ndi azad torpaqlara &#8220;Mar\u015fal plan\u0131&#8221; elan edib milyardlarla yard\u0131m g\u00f6st\u0259r\u0259n t\u00fcrk-islam birliyini ger\u00e7\u0259kd\u0259n yan\u0131m\u0131zda g\u00f6rm\u0259k ist\u0259rdik. B\u0259li, m\u0259hz dinc quruculuqda. 30 ildir ki, i\u015f\u011fala m\u0259ruz qalan \u0259razil\u0259r\u0259 bizim kimi t\u0259kc\u0259 bir \u00f6lk\u0259 100 milyon dollarl\u0131q yard\u0131m g\u00f6st\u0259rs\u0259ydi, beyn\u0259lxalq donor konfraslar\u0131 ke\u00e7irib b\u00fct\u00fcn d\u00fcnyadan k\u00f6m\u0259k almaq olard\u0131. T\u0259\u0259ss\u00fcf ki, onlar yoxdur, bir m\u0259kt\u0259b\u0259 g\u00f6r\u0259 mill\u0259t\u0259mizin \u00fcst\u00fcn\u0259 kims\u0259 haqq qoya bilm\u0259z. 1.2 trilyon dollarl\u0131q \u00dcDM-\u0259, 152 milyonluq \u0259haliy\u0259 malik bir co\u011frafiya Belarus d\u00f6vl\u0259ti q\u0259d\u0259r a\u00e7\u0131q v\u0259 prinsipial \u015f\u0259kild\u0259 q\u0259l\u0259b\u0259mizin beyn\u0259lxalq legitimliyin\u0259 d\u0259st\u0259k verm\u0259lidir&#8221;.<\/em><\/p>\n\n\n\n<p>Zahid Orucun s\u00f6zl\u0259rin\u0259 g\u00f6r\u0259, uzaq Afrikaya daxil olan t\u00fcrk ordusu qlobal sava\u015f s\u0259b\u0259bind\u0259n h\u0259l\u0259 d\u0259 b\u00fct\u00f6v v\u0259 vahid Liviyaya nail ola bilmir:<\/p>\n\n\n\n<p>&#8220;<em>\u00d6lk\u0259nin g\u00fccl\u00fc lideri olmayanda v\u0259 etnik, siyasi, h\u0259rbi par\u00e7alanmadan \u0259ziyy\u0259t \u00e7\u0259k\u0259nd\u0259 Tripolid\u0259 bir, Benqazid\u0259 ba\u015fqa r\u0259hb\u0259r h\u00f6kmranl\u0131q ed\u0259c\u0259k. Qarda\u015f \u00f6lk\u0259nin m\u00fcharib\u0259d\u0259n sonra A\u011fdamda Monitorinq M\u0259rk\u0259zind\u0259 olmas\u0131n\u0131 y\u00fcks\u0259k qiym\u0259tl\u0259ndirm\u0259kl\u0259 b\u0259rab\u0259r, C\u0259nubi Qafqazda yaratd\u0131\u011f\u0131m\u0131z yeni q\u00fcvv\u0259l\u0259r nisb\u0259ti il\u0259 yana\u015f\u0131, bir daha tarix\u0259 \u00fcz tutaraq, dey\u0259k ki, \u00c7anaqqala sava\u015f\u0131nda v\u0259 Bak\u0131n\u0131n azadl\u0131\u011f\u0131 u\u011frunda \u015f\u0259hid olanlar\u0131n \u015f\u0259r\u0259fli q\u0259hr\u0259manl\u0131q salnam\u0259si 44 g\u00fcnl\u00fck sava\u015fda m\u0259hz Az\u0259rbaycan ordusu t\u0259r\u0259find\u0259n Qaraba\u011fda t\u0259krarlan\u0131b. Ona g\u00f6r\u0259 d\u0259 \u00fcmidvar\u0131q ki, t\u00fcrk d\u00fcnyas\u0131nda q\u0259l\u0259b\u0259m\u0259zin \u00f6z ad\u0131 il\u0259 tarix\u0259 d\u00fczg\u00fcn yaz\u0131lmas\u0131nda, d\u0259rslikl\u0259r\u0259 v\u0259 \u0259d\u0259biyyata daxil edilm\u0259sind\u0259 ham\u0131 obyektivlik g\u00f6st\u0259r\u0259c\u0259k&#8221;.<\/em><\/p>\n","protected":false},"excerpt":{"rendered":"<p>C\u0259mil H\u0259s\u0259nli: &#8220;\u018frdo\u011fan \u0130lham \u018fliyevin q\u0259l\u0259b\u0259nin &#8220;yegan\u0259 atas\u0131&#8221; olmas\u0131 fikrin\u0259 &#8230; <\/p>\n<p class=\"read-more-container\"><a title=\"Ankara-Bak\u0131 m\u00fcnasib\u0259tl\u0259rind\u0259ki g\u0259rginlik: &#8220;\u018frdo\u011fanla \u018fliyevin maraqlar\u0131 toqqu\u015fur&#8230;&#8221;\" class=\"read-more button\" href=\"https:\/\/www.meydan.tv\/az\/article\/ankara-baki-munasibetlerindeki-gerginlik-erdoganla-eliyevin-maraqlari-toqqusur\/#more-312142\" aria-label=\"Read more about Ankara-Bak\u0131 m\u00fcnasib\u0259tl\u0259rind\u0259ki g\u0259rginlik: &#8220;\u018frdo\u011fanla \u018fliyevin maraqlar\u0131 toqqu\u015fur&#8230;&#8221;\">Davam\u0131<\/a><\/p>\n","protected":false},"author":12,"featured_media":94751,"comment_status":"closed","ping_status":"closed","sticky":false,"template":"","format":"standard","meta":{"_acf_changed":false,"_sitemap_exclude":false,"_sitemap_priority":"","_sitemap_frequency":"","footnotes":""},"categories":[59,62,79],"tags":[],"class_list":["post-312142","post","type-post","status-publish","format-standard","has-post-thumbnail","hentry","category-siyaset","category-sosial","category-featured","infinite-scroll-item","generate-columns","tablet-grid-50","mobile-grid-100","grid-parent","grid-33","no-featured-image-padding"],"acf":[],"yoast_head":"<!-- This site is optimized with the Yoast SEO plugin v27.5 - https:\/\/yoast.com\/product\/yoast-seo-wordpress\/ -->\n<title>Ankara-Bak\u0131 m\u00fcnasib\u0259tl\u0259rind\u0259ki g\u0259rginlik: &quot;\u018frdo\u011fanla \u018fliyevin maraqlar\u0131 toqqu\u015fur...&quot; - MEYDAN.TV<\/title>\n<meta name=\"description\" content=\"2024-c\u00fc il iyulun 28-d\u0259 AKP-nin Riz\u0259 \u015f\u0259h\u0259rind\u0259 ke\u00e7iril\u0259n iclas\u0131nda R\u0259c\u0259b Tayyib \u018frdo\u011fan\u0131n \u201cT\u00fcrkiy\u0259 yax\u0131n ke\u00e7mi\u015fd\u0259 Liviya v\u0259 Qaraba\u011fda oldu\u011fu kimi \u0130srail\u0259 gir\u0259 bil\u0259r\u201d a\u00e7\u0131qlamas\u0131 Az\u0259rbaycan\u0131n r\u0259smi m\u0259tbuat\u0131nda naraz\u0131l\u0131qla qar\u015f\u0131land\u0131.\" \/>\n<meta name=\"robots\" content=\"index, follow, max-snippet:-1, max-image-preview:large, max-video-preview:-1\" \/>\n<link rel=\"canonical\" href=\"https:\/\/www.meydan.tv\/az\/article\/ankara-baki-munasibetlerindeki-gerginlik-erdoganla-eliyevin-maraqlari-toqqusur\/\" \/>\n<meta property=\"og:locale\" content=\"az_AZ\" \/>\n<meta property=\"og:type\" content=\"article\" \/>\n<meta property=\"og:title\" content=\"Ankara-Bak\u0131 m\u00fcnasib\u0259tl\u0259rind\u0259ki g\u0259rginlik: &quot;\u018frdo\u011fanla \u018fliyevin maraqlar\u0131 toqqu\u015fur...&quot; - MEYDAN.TV\" \/>\n<meta property=\"og:description\" content=\"2024-c\u00fc il iyulun 28-d\u0259 AKP-nin Riz\u0259 \u015f\u0259h\u0259rind\u0259 ke\u00e7iril\u0259n iclas\u0131nda R\u0259c\u0259b Tayyib \u018frdo\u011fan\u0131n \u201cT\u00fcrkiy\u0259 yax\u0131n ke\u00e7mi\u015fd\u0259 Liviya v\u0259 Qaraba\u011fda oldu\u011fu kimi \u0130srail\u0259 gir\u0259 bil\u0259r\u201d a\u00e7\u0131qlamas\u0131 Az\u0259rbaycan\u0131n r\u0259smi m\u0259tbuat\u0131nda naraz\u0131l\u0131qla qar\u015f\u0131land\u0131.\" \/>\n<meta property=\"og:url\" content=\"https:\/\/www.meydan.tv\/az\/article\/ankara-baki-munasibetlerindeki-gerginlik-erdoganla-eliyevin-maraqlari-toqqusur\/\" \/>\n<meta property=\"og:site_name\" content=\"MEYDAN.TV\" \/>\n<meta property=\"article:published_time\" content=\"2024-08-02T16:15:28+00:00\" \/>\n<meta property=\"article:modified_time\" content=\"2024-08-02T20:55:19+00:00\" \/>\n<meta property=\"og:image\" content=\"https:\/\/www.meydan.tv\/wp-content\/uploads\/37432.jpg\" \/>\n\t<meta property=\"og:image:width\" content=\"1000\" \/>\n\t<meta property=\"og:image:height\" content=\"666\" \/>\n\t<meta property=\"og:image:type\" content=\"image\/jpeg\" \/>\n<meta name=\"author\" content=\"aleks\" \/>\n<meta name=\"twitter:card\" content=\"summary_large_image\" \/>\n<script type=\"application\/ld+json\" class=\"yoast-schema-graph\">{\"@context\":\"https:\\\/\\\/schema.org\",\"@graph\":[{\"@type\":\"Article\",\"@id\":\"https:\\\/\\\/www.meydan.tv\\\/az\\\/article\\\/ankara-baki-munasibetlerindeki-gerginlik-erdoganla-eliyevin-maraqlari-toqqusur\\\/#article\",\"isPartOf\":{\"@id\":\"https:\\\/\\\/www.meydan.tv\\\/az\\\/article\\\/ankara-baki-munasibetlerindeki-gerginlik-erdoganla-eliyevin-maraqlari-toqqusur\\\/\"},\"author\":{\"name\":\"aleks\",\"@id\":\"https:\\\/\\\/www.meydan.tv\\\/az\\\/#\\\/schema\\\/person\\\/476e9360e593fa131d5d71d51866f8da\"},\"headline\":\"Ankara-Bak\u0131 m\u00fcnasib\u0259tl\u0259rind\u0259ki g\u0259rginlik: &#8220;\u018frdo\u011fanla \u018fliyevin maraqlar\u0131 toqqu\u015fur&#8230;&#8221;\",\"datePublished\":\"2024-08-02T16:15:28+00:00\",\"dateModified\":\"2024-08-02T20:55:19+00:00\",\"mainEntityOfPage\":{\"@id\":\"https:\\\/\\\/www.meydan.tv\\\/az\\\/article\\\/ankara-baki-munasibetlerindeki-gerginlik-erdoganla-eliyevin-maraqlari-toqqusur\\\/\"},\"wordCount\":5614,\"publisher\":{\"@id\":\"https:\\\/\\\/www.meydan.tv\\\/az\\\/#organization\"},\"image\":{\"@id\":\"https:\\\/\\\/www.meydan.tv\\\/az\\\/article\\\/ankara-baki-munasibetlerindeki-gerginlik-erdoganla-eliyevin-maraqlari-toqqusur\\\/#primaryimage\"},\"thumbnailUrl\":\"https:\\\/\\\/www.meydan.tv\\\/wp-content\\\/uploads\\\/37432.jpg\",\"articleSection\":[\"Siyas\u0259t\",\"Sosial\",\"T\u00f6vsiy\u0259\"],\"inLanguage\":\"az\"},{\"@type\":\"WebPage\",\"@id\":\"https:\\\/\\\/www.meydan.tv\\\/az\\\/article\\\/ankara-baki-munasibetlerindeki-gerginlik-erdoganla-eliyevin-maraqlari-toqqusur\\\/\",\"url\":\"https:\\\/\\\/www.meydan.tv\\\/az\\\/article\\\/ankara-baki-munasibetlerindeki-gerginlik-erdoganla-eliyevin-maraqlari-toqqusur\\\/\",\"name\":\"Ankara-Bak\u0131 m\u00fcnasib\u0259tl\u0259rind\u0259ki g\u0259rginlik: \\\"\u018frdo\u011fanla \u018fliyevin maraqlar\u0131 toqqu\u015fur...\\\" - MEYDAN.TV\",\"isPartOf\":{\"@id\":\"https:\\\/\\\/www.meydan.tv\\\/az\\\/#website\"},\"primaryImageOfPage\":{\"@id\":\"https:\\\/\\\/www.meydan.tv\\\/az\\\/article\\\/ankara-baki-munasibetlerindeki-gerginlik-erdoganla-eliyevin-maraqlari-toqqusur\\\/#primaryimage\"},\"image\":{\"@id\":\"https:\\\/\\\/www.meydan.tv\\\/az\\\/article\\\/ankara-baki-munasibetlerindeki-gerginlik-erdoganla-eliyevin-maraqlari-toqqusur\\\/#primaryimage\"},\"thumbnailUrl\":\"https:\\\/\\\/www.meydan.tv\\\/wp-content\\\/uploads\\\/37432.jpg\",\"datePublished\":\"2024-08-02T16:15:28+00:00\",\"dateModified\":\"2024-08-02T20:55:19+00:00\",\"description\":\"2024-c\u00fc il iyulun 28-d\u0259 AKP-nin Riz\u0259 \u015f\u0259h\u0259rind\u0259 ke\u00e7iril\u0259n iclas\u0131nda R\u0259c\u0259b Tayyib \u018frdo\u011fan\u0131n \u201cT\u00fcrkiy\u0259 yax\u0131n ke\u00e7mi\u015fd\u0259 Liviya v\u0259 Qaraba\u011fda oldu\u011fu kimi \u0130srail\u0259 gir\u0259 bil\u0259r\u201d a\u00e7\u0131qlamas\u0131 Az\u0259rbaycan\u0131n r\u0259smi m\u0259tbuat\u0131nda naraz\u0131l\u0131qla qar\u015f\u0131land\u0131.\",\"breadcrumb\":{\"@id\":\"https:\\\/\\\/www.meydan.tv\\\/az\\\/article\\\/ankara-baki-munasibetlerindeki-gerginlik-erdoganla-eliyevin-maraqlari-toqqusur\\\/#breadcrumb\"},\"inLanguage\":\"az\",\"potentialAction\":[{\"@type\":\"ReadAction\",\"target\":[\"https:\\\/\\\/www.meydan.tv\\\/az\\\/article\\\/ankara-baki-munasibetlerindeki-gerginlik-erdoganla-eliyevin-maraqlari-toqqusur\\\/\"]}]},{\"@type\":\"ImageObject\",\"inLanguage\":\"az\",\"@id\":\"https:\\\/\\\/www.meydan.tv\\\/az\\\/article\\\/ankara-baki-munasibetlerindeki-gerginlik-erdoganla-eliyevin-maraqlari-toqqusur\\\/#primaryimage\",\"url\":\"https:\\\/\\\/www.meydan.tv\\\/wp-content\\\/uploads\\\/37432.jpg\",\"contentUrl\":\"https:\\\/\\\/www.meydan.tv\\\/wp-content\\\/uploads\\\/37432.jpg\",\"width\":1000,\"height\":666,\"caption\":\"\u018frdo\u011fan v\u0259 \u018fliyev. Foto: president.az\"},{\"@type\":\"BreadcrumbList\",\"@id\":\"https:\\\/\\\/www.meydan.tv\\\/az\\\/article\\\/ankara-baki-munasibetlerindeki-gerginlik-erdoganla-eliyevin-maraqlari-toqqusur\\\/#breadcrumb\",\"itemListElement\":[{\"@type\":\"ListItem\",\"position\":1,\"name\":\"Ana s\u0259hif\u0259\",\"item\":\"https:\\\/\\\/www.meydan.tv\\\/az\\\/\"},{\"@type\":\"ListItem\",\"position\":2,\"name\":\"Siyas\u0259t\",\"item\":\"https:\\\/\\\/www.meydan.tv\\\/az\\\/section\\\/siyaset\\\/\"},{\"@type\":\"ListItem\",\"position\":3,\"name\":\"Ankara-Bak\u0131 m\u00fcnasib\u0259tl\u0259rind\u0259ki g\u0259rginlik: &#8220;\u018frdo\u011fanla \u018fliyevin maraqlar\u0131 toqqu\u015fur&#8230;&#8221;\"}]},{\"@type\":\"WebSite\",\"@id\":\"https:\\\/\\\/www.meydan.tv\\\/az\\\/#website\",\"url\":\"https:\\\/\\\/www.meydan.tv\\\/az\\\/\",\"name\":\"MEYDAN.TV\",\"description\":\"Meydan TV Az\u0259rbaycan\u0131n media m\u0259kan\u0131ndak\u0131 alternativ s\u0259sidir\",\"publisher\":{\"@id\":\"https:\\\/\\\/www.meydan.tv\\\/az\\\/#organization\"},\"potentialAction\":[{\"@type\":\"SearchAction\",\"target\":{\"@type\":\"EntryPoint\",\"urlTemplate\":\"https:\\\/\\\/www.meydan.tv\\\/az\\\/?s={search_term_string}\"},\"query-input\":{\"@type\":\"PropertyValueSpecification\",\"valueRequired\":true,\"valueName\":\"search_term_string\"}}],\"inLanguage\":\"az\"},{\"@type\":\"Organization\",\"@id\":\"https:\\\/\\\/www.meydan.tv\\\/az\\\/#organization\",\"name\":\"Meydan TV\",\"url\":\"https:\\\/\\\/www.meydan.tv\\\/az\\\/\",\"logo\":{\"@type\":\"ImageObject\",\"inLanguage\":\"az\",\"@id\":\"https:\\\/\\\/www.meydan.tv\\\/az\\\/#\\\/schema\\\/logo\\\/image\\\/\",\"url\":\"https:\\\/\\\/www.meydan.tv\\\/wp-content\\\/uploads\\\/2021\\\/07\\\/meydan-logo.svg\",\"contentUrl\":\"https:\\\/\\\/www.meydan.tv\\\/wp-content\\\/uploads\\\/2021\\\/07\\\/meydan-logo.svg\",\"width\":195,\"height\":46,\"caption\":\"Meydan TV\"},\"image\":{\"@id\":\"https:\\\/\\\/www.meydan.tv\\\/az\\\/#\\\/schema\\\/logo\\\/image\\\/\"}},{\"@type\":\"Person\",\"@id\":\"https:\\\/\\\/www.meydan.tv\\\/az\\\/#\\\/schema\\\/person\\\/476e9360e593fa131d5d71d51866f8da\",\"name\":\"aleks\"}]}<\/script>\n<!-- \/ Yoast SEO plugin. -->","yoast_head_json":{"title":"Ankara-Bak\u0131 m\u00fcnasib\u0259tl\u0259rind\u0259ki g\u0259rginlik: \"\u018frdo\u011fanla \u018fliyevin maraqlar\u0131 toqqu\u015fur...\" - MEYDAN.TV","description":"2024-c\u00fc il iyulun 28-d\u0259 AKP-nin Riz\u0259 \u015f\u0259h\u0259rind\u0259 ke\u00e7iril\u0259n iclas\u0131nda R\u0259c\u0259b Tayyib \u018frdo\u011fan\u0131n \u201cT\u00fcrkiy\u0259 yax\u0131n ke\u00e7mi\u015fd\u0259 Liviya v\u0259 Qaraba\u011fda oldu\u011fu kimi \u0130srail\u0259 gir\u0259 bil\u0259r\u201d a\u00e7\u0131qlamas\u0131 Az\u0259rbaycan\u0131n r\u0259smi m\u0259tbuat\u0131nda naraz\u0131l\u0131qla qar\u015f\u0131land\u0131.","robots":{"index":"index","follow":"follow","max-snippet":"max-snippet:-1","max-image-preview":"max-image-preview:large","max-video-preview":"max-video-preview:-1"},"canonical":"https:\/\/www.meydan.tv\/az\/article\/ankara-baki-munasibetlerindeki-gerginlik-erdoganla-eliyevin-maraqlari-toqqusur\/","og_locale":"az_AZ","og_type":"article","og_title":"Ankara-Bak\u0131 m\u00fcnasib\u0259tl\u0259rind\u0259ki g\u0259rginlik: \"\u018frdo\u011fanla \u018fliyevin maraqlar\u0131 toqqu\u015fur...\" - MEYDAN.TV","og_description":"2024-c\u00fc il iyulun 28-d\u0259 AKP-nin Riz\u0259 \u015f\u0259h\u0259rind\u0259 ke\u00e7iril\u0259n iclas\u0131nda R\u0259c\u0259b Tayyib \u018frdo\u011fan\u0131n \u201cT\u00fcrkiy\u0259 yax\u0131n ke\u00e7mi\u015fd\u0259 Liviya v\u0259 Qaraba\u011fda oldu\u011fu kimi \u0130srail\u0259 gir\u0259 bil\u0259r\u201d a\u00e7\u0131qlamas\u0131 Az\u0259rbaycan\u0131n r\u0259smi m\u0259tbuat\u0131nda naraz\u0131l\u0131qla qar\u015f\u0131land\u0131.","og_url":"https:\/\/www.meydan.tv\/az\/article\/ankara-baki-munasibetlerindeki-gerginlik-erdoganla-eliyevin-maraqlari-toqqusur\/","og_site_name":"MEYDAN.TV","article_published_time":"2024-08-02T16:15:28+00:00","article_modified_time":"2024-08-02T20:55:19+00:00","og_image":[{"width":1000,"height":666,"url":"https:\/\/www.meydan.tv\/wp-content\/uploads\/37432.jpg","type":"image\/jpeg"}],"author":"aleks","twitter_card":"summary_large_image","schema":{"@context":"https:\/\/schema.org","@graph":[{"@type":"Article","@id":"https:\/\/www.meydan.tv\/az\/article\/ankara-baki-munasibetlerindeki-gerginlik-erdoganla-eliyevin-maraqlari-toqqusur\/#article","isPartOf":{"@id":"https:\/\/www.meydan.tv\/az\/article\/ankara-baki-munasibetlerindeki-gerginlik-erdoganla-eliyevin-maraqlari-toqqusur\/"},"author":{"name":"aleks","@id":"https:\/\/www.meydan.tv\/az\/#\/schema\/person\/476e9360e593fa131d5d71d51866f8da"},"headline":"Ankara-Bak\u0131 m\u00fcnasib\u0259tl\u0259rind\u0259ki g\u0259rginlik: &#8220;\u018frdo\u011fanla \u018fliyevin maraqlar\u0131 toqqu\u015fur&#8230;&#8221;","datePublished":"2024-08-02T16:15:28+00:00","dateModified":"2024-08-02T20:55:19+00:00","mainEntityOfPage":{"@id":"https:\/\/www.meydan.tv\/az\/article\/ankara-baki-munasibetlerindeki-gerginlik-erdoganla-eliyevin-maraqlari-toqqusur\/"},"wordCount":5614,"publisher":{"@id":"https:\/\/www.meydan.tv\/az\/#organization"},"image":{"@id":"https:\/\/www.meydan.tv\/az\/article\/ankara-baki-munasibetlerindeki-gerginlik-erdoganla-eliyevin-maraqlari-toqqusur\/#primaryimage"},"thumbnailUrl":"https:\/\/www.meydan.tv\/wp-content\/uploads\/37432.jpg","articleSection":["Siyas\u0259t","Sosial","T\u00f6vsiy\u0259"],"inLanguage":"az"},{"@type":"WebPage","@id":"https:\/\/www.meydan.tv\/az\/article\/ankara-baki-munasibetlerindeki-gerginlik-erdoganla-eliyevin-maraqlari-toqqusur\/","url":"https:\/\/www.meydan.tv\/az\/article\/ankara-baki-munasibetlerindeki-gerginlik-erdoganla-eliyevin-maraqlari-toqqusur\/","name":"Ankara-Bak\u0131 m\u00fcnasib\u0259tl\u0259rind\u0259ki g\u0259rginlik: \"\u018frdo\u011fanla \u018fliyevin maraqlar\u0131 toqqu\u015fur...\" - MEYDAN.TV","isPartOf":{"@id":"https:\/\/www.meydan.tv\/az\/#website"},"primaryImageOfPage":{"@id":"https:\/\/www.meydan.tv\/az\/article\/ankara-baki-munasibetlerindeki-gerginlik-erdoganla-eliyevin-maraqlari-toqqusur\/#primaryimage"},"image":{"@id":"https:\/\/www.meydan.tv\/az\/article\/ankara-baki-munasibetlerindeki-gerginlik-erdoganla-eliyevin-maraqlari-toqqusur\/#primaryimage"},"thumbnailUrl":"https:\/\/www.meydan.tv\/wp-content\/uploads\/37432.jpg","datePublished":"2024-08-02T16:15:28+00:00","dateModified":"2024-08-02T20:55:19+00:00","description":"2024-c\u00fc il iyulun 28-d\u0259 AKP-nin Riz\u0259 \u015f\u0259h\u0259rind\u0259 ke\u00e7iril\u0259n iclas\u0131nda R\u0259c\u0259b Tayyib \u018frdo\u011fan\u0131n \u201cT\u00fcrkiy\u0259 yax\u0131n ke\u00e7mi\u015fd\u0259 Liviya v\u0259 Qaraba\u011fda oldu\u011fu kimi \u0130srail\u0259 gir\u0259 bil\u0259r\u201d a\u00e7\u0131qlamas\u0131 Az\u0259rbaycan\u0131n r\u0259smi m\u0259tbuat\u0131nda naraz\u0131l\u0131qla qar\u015f\u0131land\u0131.","breadcrumb":{"@id":"https:\/\/www.meydan.tv\/az\/article\/ankara-baki-munasibetlerindeki-gerginlik-erdoganla-eliyevin-maraqlari-toqqusur\/#breadcrumb"},"inLanguage":"az","potentialAction":[{"@type":"ReadAction","target":["https:\/\/www.meydan.tv\/az\/article\/ankara-baki-munasibetlerindeki-gerginlik-erdoganla-eliyevin-maraqlari-toqqusur\/"]}]},{"@type":"ImageObject","inLanguage":"az","@id":"https:\/\/www.meydan.tv\/az\/article\/ankara-baki-munasibetlerindeki-gerginlik-erdoganla-eliyevin-maraqlari-toqqusur\/#primaryimage","url":"https:\/\/www.meydan.tv\/wp-content\/uploads\/37432.jpg","contentUrl":"https:\/\/www.meydan.tv\/wp-content\/uploads\/37432.jpg","width":1000,"height":666,"caption":"\u018frdo\u011fan v\u0259 \u018fliyev. Foto: president.az"},{"@type":"BreadcrumbList","@id":"https:\/\/www.meydan.tv\/az\/article\/ankara-baki-munasibetlerindeki-gerginlik-erdoganla-eliyevin-maraqlari-toqqusur\/#breadcrumb","itemListElement":[{"@type":"ListItem","position":1,"name":"Ana s\u0259hif\u0259","item":"https:\/\/www.meydan.tv\/az\/"},{"@type":"ListItem","position":2,"name":"Siyas\u0259t","item":"https:\/\/www.meydan.tv\/az\/section\/siyaset\/"},{"@type":"ListItem","position":3,"name":"Ankara-Bak\u0131 m\u00fcnasib\u0259tl\u0259rind\u0259ki g\u0259rginlik: &#8220;\u018frdo\u011fanla \u018fliyevin maraqlar\u0131 toqqu\u015fur&#8230;&#8221;"}]},{"@type":"WebSite","@id":"https:\/\/www.meydan.tv\/az\/#website","url":"https:\/\/www.meydan.tv\/az\/","name":"MEYDAN.TV","description":"Meydan TV Az\u0259rbaycan\u0131n media m\u0259kan\u0131ndak\u0131 alternativ s\u0259sidir","publisher":{"@id":"https:\/\/www.meydan.tv\/az\/#organization"},"potentialAction":[{"@type":"SearchAction","target":{"@type":"EntryPoint","urlTemplate":"https:\/\/www.meydan.tv\/az\/?s={search_term_string}"},"query-input":{"@type":"PropertyValueSpecification","valueRequired":true,"valueName":"search_term_string"}}],"inLanguage":"az"},{"@type":"Organization","@id":"https:\/\/www.meydan.tv\/az\/#organization","name":"Meydan TV","url":"https:\/\/www.meydan.tv\/az\/","logo":{"@type":"ImageObject","inLanguage":"az","@id":"https:\/\/www.meydan.tv\/az\/#\/schema\/logo\/image\/","url":"https:\/\/www.meydan.tv\/wp-content\/uploads\/2021\/07\/meydan-logo.svg","contentUrl":"https:\/\/www.meydan.tv\/wp-content\/uploads\/2021\/07\/meydan-logo.svg","width":195,"height":46,"caption":"Meydan TV"},"image":{"@id":"https:\/\/www.meydan.tv\/az\/#\/schema\/logo\/image\/"}},{"@type":"Person","@id":"https:\/\/www.meydan.tv\/az\/#\/schema\/person\/476e9360e593fa131d5d71d51866f8da","name":"aleks"}]}},"_links":{"self":[{"href":"https:\/\/www.meydan.tv\/az\/wp-json\/wp\/v2\/posts\/312142","targetHints":{"allow":["GET"]}}],"collection":[{"href":"https:\/\/www.meydan.tv\/az\/wp-json\/wp\/v2\/posts"}],"about":[{"href":"https:\/\/www.meydan.tv\/az\/wp-json\/wp\/v2\/types\/post"}],"author":[{"embeddable":true,"href":"https:\/\/www.meydan.tv\/az\/wp-json\/wp\/v2\/users\/12"}],"replies":[{"embeddable":true,"href":"https:\/\/www.meydan.tv\/az\/wp-json\/wp\/v2\/comments?post=312142"}],"version-history":[{"count":5,"href":"https:\/\/www.meydan.tv\/az\/wp-json\/wp\/v2\/posts\/312142\/revisions"}],"predecessor-version":[{"id":312151,"href":"https:\/\/www.meydan.tv\/az\/wp-json\/wp\/v2\/posts\/312142\/revisions\/312151"}],"wp:featuredmedia":[{"embeddable":true,"href":"https:\/\/www.meydan.tv\/az\/wp-json\/wp\/v2\/media\/94751"}],"wp:attachment":[{"href":"https:\/\/www.meydan.tv\/az\/wp-json\/wp\/v2\/media?parent=312142"}],"wp:term":[{"taxonomy":"category","embeddable":true,"href":"https:\/\/www.meydan.tv\/az\/wp-json\/wp\/v2\/categories?post=312142"},{"taxonomy":"post_tag","embeddable":true,"href":"https:\/\/www.meydan.tv\/az\/wp-json\/wp\/v2\/tags?post=312142"}],"curies":[{"name":"wp","href":"https:\/\/api.w.org\/{rel}","templated":true}]}}