{"id":312082,"date":"2024-08-02T13:12:48","date_gmt":"2024-08-02T09:12:48","guid":{"rendered":"https:\/\/www.meydan.tv\/?p=312082"},"modified":"2024-08-02T14:32:14","modified_gmt":"2024-08-02T10:32:14","slug":"baki-sumqayit-yolunda-2-avtobus-toqqusub-olen-ve-yaralananlar-var","status":"publish","type":"post","link":"https:\/\/www.meydan.tv\/az\/article\/baki-sumqayit-yolunda-2-avtobus-toqqusub-olen-ve-yaralananlar-var\/","title":{"rendered":"Bak\u0131-Sumqay\u0131t yolunda 2 avtobus toqqu\u015fub: \u00f6l\u0259n v\u0259 yaralananlar var (yenil\u0259nib)"},"content":{"rendered":"\n<p><\/p>\n\n\n\n<p>Bak\u0131-Sumqay\u0131t yolunda iki avtobusun i\u015ftirak\u0131 il\u0259 ba\u015f ver\u0259n yol-n\u0259qliyyat hadis\u0259si il\u0259 ba\u011fl\u0131 Bak\u0131 \u015e\u0259h\u0259r Ba\u015f Polis \u0130dar\u0259si d\u0259 m\u0259lumat yay\u0131b.<\/p>\n\n\n\n<p>Bildirilib ki, Bak\u0131-Sumqay\u0131t avtomobil yolunun 29-cu kilometrliyind\u0259 H\u00fcseynov Nazim Kaz\u0131m o\u011flunun idar\u0259 etdiyi \u201cNEOPLAN\u201d markal\u0131, 99-JH-667 d\u00f6vl\u0259t qeydiyyat ni\u015fanl\u0131 avtobus qar\u015f\u0131da ged\u0259n Yunusov Adil \u015e\u0259mil o\u011flunun idar\u0259 etdiyi, 42 n\u00f6mr\u0259li mar\u015frut x\u0259tti \u00fczr\u0259 h\u0259r\u0259k\u0259td\u0259 olan \u201c\u0130SUZU\u201d markal\u0131, 50-DO-539 d\u00f6vl\u0259t qeydiyyat ni\u015fanl\u0131 avtobusla toqqu\u015fub.<\/p>\n\n\n\n<p>N\u0259tic\u0259d\u0259\u00a0 \u201c\u0130SUZU\u201d markal\u0131 avtobus yoldan \u00e7\u0131xaraq a\u015f\u0131b.<\/p>\n\n\n\n<p>\u018fraziy\u0259 yol polis \u0259m\u0259kda\u015flar\u0131 c\u0259lb edilib, faktla ba\u011fl\u0131 ara\u015fd\u0131rma apar\u0131l\u0131r.<\/p>\n\n\n\n<hr class=\"wp-block-separator has-alpha-channel-opacity\"\/>\n\n\n\n<p><\/p>\n\n\n\n<p><strong><em>1 n\u0259f\u0259r \u00f6l\u00fcb, x\u0259sar\u0259t alan 18 n\u0259f\u0259r x\u0259st\u0259xanaya yerl\u0259\u015fdirilib<\/em><\/strong><\/p>\n\n\n\n<p>Bak\u0131-Sumqay\u0131t yolunda 2 avtobusun toqqu\u015fdu\u011fu bildirilir.<\/p>\n\n\n\n<p>Hadis\u0259 Bak\u0131-Quba yolunun 29-cu kilometrliyind\u0259, Ceyranbatan \u0259razisind\u0259n ke\u00e7\u0259n hiss\u0259sind\u0259 qeyd\u0259 al\u0131n\u0131b.<\/p>\n\n\n\n<p>Tibbi \u018frazi B\u00f6lm\u0259l\u0259rini \u0130dar\u0259etm\u0259 Birliyinin (T\u018fB\u0130B) yayd\u0131\u011f\u0131 m\u0259lumatda bildirilir ki, hadis\u0259 il\u0259 \u0259laq\u0259dar Respublika T\u0259cili v\u0259 T\u0259xir\u0259sal\u0131nmaz Tibbi Yard\u0131m M\u0259rk\u0259zin\u0259 saat 11:20 rad\u0259l\u0259rind\u0259 \u00e7a\u011f\u0131r\u0131\u015f daxil olub.<\/p>\n\n\n\n<p>Hadis\u0259 yerin\u0259 8 t\u0259cili tibbi yard\u0131m briqadas\u0131 c\u0259lb olunub.<\/p>\n\n\n\n<p>T\u0259cili tibbi yard\u0131m briqadas\u0131 t\u0259r\u0259find\u0259n hadis\u0259 yerind\u0259 1 n\u0259f\u0259rin h\u0259kim\u0259q\u0259d\u0259r \u00f6l\u00fcm\u00fc qeyd\u0259 al\u0131n\u0131b.<\/p>\n\n\n\n<p>M\u00fcxt\u0259lif d\u0259r\u0259c\u0259li b\u0259d\u0259n x\u0259sar\u0259tl\u0259ri alan 18 n\u0259f\u0259r is\u0259 Sumqay\u0131t Tibb M\u0259rk\u0259zinin n\u0259zdind\u0259ki T\u0259cili Tibbi Yard\u0131m X\u0259st\u0259xanas\u0131na yerl\u0259\u015fdirilib.<\/p>\n\n\n\n<p>Yaralananlardan ikisinin v\u0259ziyy\u0259ti a\u011f\u0131r oldu\u011fu \u00fc\u00e7\u00fcn reanimasiyaya yerl\u0259\u015fdirilib.<\/p>\n\n\n\n<p>Dig\u0259r \u015f\u0259xsl\u0259r\u0259 is\u0259 T\u0259cili yard\u0131m \u015f\u00f6b\u0259sind\u0259 z\u0259ruri tibbi yard\u0131mlar g\u00f6st\u0259rilir.<\/p>\n\n\n\n<p>V\u0259ziyy\u0259tl\u0259ri orta a\u011f\u0131r qiym\u0259tl\u0259ndirilir.<\/p>\n","protected":false},"excerpt":{"rendered":"<p>Bak\u0131-Sumqay\u0131t yolunda iki avtobusun i\u015ftirak\u0131 il\u0259 ba\u015f ver\u0259n yol-n\u0259qliyyat hadis\u0259si &#8230; <\/p>\n<p class=\"read-more-container\"><a title=\"Bak\u0131-Sumqay\u0131t yolunda 2 avtobus toqqu\u015fub: \u00f6l\u0259n v\u0259 yaralananlar var (yenil\u0259nib)\" class=\"read-more button\" href=\"https:\/\/www.meydan.tv\/az\/article\/baki-sumqayit-yolunda-2-avtobus-toqqusub-olen-ve-yaralananlar-var\/#more-312082\" aria-label=\"Read more about Bak\u0131-Sumqay\u0131t yolunda 2 avtobus toqqu\u015fub: \u00f6l\u0259n v\u0259 yaralananlar var (yenil\u0259nib)\">Davam\u0131<\/a><\/p>\n","protected":false},"author":8,"featured_media":304390,"comment_status":"closed","ping_status":"closed","sticky":false,"template":"","format":"standard","meta":{"_acf_changed":false,"_sitemap_exclude":false,"_sitemap_priority":"","_sitemap_frequency":"","footnotes":""},"categories":[62,56],"tags":[],"class_list":["post-312082","post","type-post","status-publish","format-standard","has-post-thumbnail","hentry","category-sosial","category-xeberler","infinite-scroll-item","generate-columns","tablet-grid-50","mobile-grid-100","grid-parent","grid-33","no-featured-image-padding"],"acf":[],"yoast_head":"<!-- This site is optimized with the Yoast SEO plugin v27.5 - https:\/\/yoast.com\/product\/yoast-seo-wordpress\/ -->\n<title>Bak\u0131-Sumqay\u0131t yolunda 2 avtobus toqqu\u015fub: \u00f6l\u0259n v\u0259 yaralananlar var (yenil\u0259nib) - MEYDAN.TV<\/title>\n<meta name=\"description\" content=\"1 n\u0259f\u0259r \u00f6l\u00fcb, x\u0259sar\u0259t alan 18 n\u0259f\u0259r x\u0259st\u0259xanaya yerl\u0259\u015fdirilib.\" \/>\n<meta name=\"robots\" content=\"index, follow, max-snippet:-1, max-image-preview:large, max-video-preview:-1\" \/>\n<link rel=\"canonical\" href=\"https:\/\/www.meydan.tv\/az\/article\/baki-sumqayit-yolunda-2-avtobus-toqqusub-olen-ve-yaralananlar-var\/\" \/>\n<meta property=\"og:locale\" content=\"az_AZ\" \/>\n<meta property=\"og:type\" content=\"article\" \/>\n<meta property=\"og:title\" content=\"Bak\u0131-Sumqay\u0131t yolunda 2 avtobus toqqu\u015fub: \u00f6l\u0259n v\u0259 yaralananlar var (yenil\u0259nib) - MEYDAN.TV\" \/>\n<meta property=\"og:description\" content=\"1 n\u0259f\u0259r \u00f6l\u00fcb, x\u0259sar\u0259t alan 18 n\u0259f\u0259r x\u0259st\u0259xanaya yerl\u0259\u015fdirilib.\" \/>\n<meta property=\"og:url\" content=\"https:\/\/www.meydan.tv\/az\/article\/baki-sumqayit-yolunda-2-avtobus-toqqusub-olen-ve-yaralananlar-var\/\" \/>\n<meta property=\"og:site_name\" content=\"MEYDAN.TV\" \/>\n<meta property=\"article:published_time\" content=\"2024-08-02T09:12:48+00:00\" \/>\n<meta property=\"article:modified_time\" content=\"2024-08-02T10:32:14+00:00\" \/>\n<meta property=\"og:image\" content=\"https:\/\/www.meydan.tv\/wp-content\/uploads\/img-20240416-wa0010.jpg\" \/>\n\t<meta property=\"og:image:width\" content=\"1200\" \/>\n\t<meta property=\"og:image:height\" content=\"787\" \/>\n\t<meta property=\"og:image:type\" content=\"image\/jpeg\" \/>\n<meta name=\"author\" content=\"elli\" \/>\n<meta name=\"twitter:card\" content=\"summary_large_image\" \/>\n<meta name=\"twitter:creator\" content=\"@elli\" \/>\n<script type=\"application\/ld+json\" class=\"yoast-schema-graph\">{\"@context\":\"https:\\\/\\\/schema.org\",\"@graph\":[{\"@type\":\"Article\",\"@id\":\"https:\\\/\\\/www.meydan.tv\\\/az\\\/article\\\/baki-sumqayit-yolunda-2-avtobus-toqqusub-olen-ve-yaralananlar-var\\\/#article\",\"isPartOf\":{\"@id\":\"https:\\\/\\\/www.meydan.tv\\\/az\\\/article\\\/baki-sumqayit-yolunda-2-avtobus-toqqusub-olen-ve-yaralananlar-var\\\/\"},\"author\":{\"name\":\"elli\",\"@id\":\"https:\\\/\\\/www.meydan.tv\\\/az\\\/#\\\/schema\\\/person\\\/9cdbecf90d17180ce1dfbd95b08dcf47\"},\"headline\":\"Bak\u0131-Sumqay\u0131t yolunda 2 avtobus toqqu\u015fub: \u00f6l\u0259n v\u0259 yaralananlar var (yenil\u0259nib)\",\"datePublished\":\"2024-08-02T09:12:48+00:00\",\"dateModified\":\"2024-08-02T10:32:14+00:00\",\"mainEntityOfPage\":{\"@id\":\"https:\\\/\\\/www.meydan.tv\\\/az\\\/article\\\/baki-sumqayit-yolunda-2-avtobus-toqqusub-olen-ve-yaralananlar-var\\\/\"},\"wordCount\":341,\"publisher\":{\"@id\":\"https:\\\/\\\/www.meydan.tv\\\/az\\\/#organization\"},\"image\":{\"@id\":\"https:\\\/\\\/www.meydan.tv\\\/az\\\/article\\\/baki-sumqayit-yolunda-2-avtobus-toqqusub-olen-ve-yaralananlar-var\\\/#primaryimage\"},\"thumbnailUrl\":\"https:\\\/\\\/www.meydan.tv\\\/wp-content\\\/uploads\\\/img-20240416-wa0010.jpg\",\"articleSection\":[\"Sosial\",\"X\u0259b\u0259rl\u0259r\"],\"inLanguage\":\"az\"},{\"@type\":\"WebPage\",\"@id\":\"https:\\\/\\\/www.meydan.tv\\\/az\\\/article\\\/baki-sumqayit-yolunda-2-avtobus-toqqusub-olen-ve-yaralananlar-var\\\/\",\"url\":\"https:\\\/\\\/www.meydan.tv\\\/az\\\/article\\\/baki-sumqayit-yolunda-2-avtobus-toqqusub-olen-ve-yaralananlar-var\\\/\",\"name\":\"Bak\u0131-Sumqay\u0131t yolunda 2 avtobus toqqu\u015fub: \u00f6l\u0259n v\u0259 yaralananlar var (yenil\u0259nib) - MEYDAN.TV\",\"isPartOf\":{\"@id\":\"https:\\\/\\\/www.meydan.tv\\\/az\\\/#website\"},\"primaryImageOfPage\":{\"@id\":\"https:\\\/\\\/www.meydan.tv\\\/az\\\/article\\\/baki-sumqayit-yolunda-2-avtobus-toqqusub-olen-ve-yaralananlar-var\\\/#primaryimage\"},\"image\":{\"@id\":\"https:\\\/\\\/www.meydan.tv\\\/az\\\/article\\\/baki-sumqayit-yolunda-2-avtobus-toqqusub-olen-ve-yaralananlar-var\\\/#primaryimage\"},\"thumbnailUrl\":\"https:\\\/\\\/www.meydan.tv\\\/wp-content\\\/uploads\\\/img-20240416-wa0010.jpg\",\"datePublished\":\"2024-08-02T09:12:48+00:00\",\"dateModified\":\"2024-08-02T10:32:14+00:00\",\"description\":\"1 n\u0259f\u0259r \u00f6l\u00fcb, x\u0259sar\u0259t alan 18 n\u0259f\u0259r x\u0259st\u0259xanaya yerl\u0259\u015fdirilib.\",\"breadcrumb\":{\"@id\":\"https:\\\/\\\/www.meydan.tv\\\/az\\\/article\\\/baki-sumqayit-yolunda-2-avtobus-toqqusub-olen-ve-yaralananlar-var\\\/#breadcrumb\"},\"inLanguage\":\"az\",\"potentialAction\":[{\"@type\":\"ReadAction\",\"target\":[\"https:\\\/\\\/www.meydan.tv\\\/az\\\/article\\\/baki-sumqayit-yolunda-2-avtobus-toqqusub-olen-ve-yaralananlar-var\\\/\"]}]},{\"@type\":\"ImageObject\",\"inLanguage\":\"az\",\"@id\":\"https:\\\/\\\/www.meydan.tv\\\/az\\\/article\\\/baki-sumqayit-yolunda-2-avtobus-toqqusub-olen-ve-yaralananlar-var\\\/#primaryimage\",\"url\":\"https:\\\/\\\/www.meydan.tv\\\/wp-content\\\/uploads\\\/img-20240416-wa0010.jpg\",\"contentUrl\":\"https:\\\/\\\/www.meydan.tv\\\/wp-content\\\/uploads\\\/img-20240416-wa0010.jpg\",\"width\":1200,\"height\":787,\"caption\":\"Yol q\u0259zas\u0131. Foto: D\u0130N\"},{\"@type\":\"BreadcrumbList\",\"@id\":\"https:\\\/\\\/www.meydan.tv\\\/az\\\/article\\\/baki-sumqayit-yolunda-2-avtobus-toqqusub-olen-ve-yaralananlar-var\\\/#breadcrumb\",\"itemListElement\":[{\"@type\":\"ListItem\",\"position\":1,\"name\":\"Ana s\u0259hif\u0259\",\"item\":\"https:\\\/\\\/www.meydan.tv\\\/az\\\/\"},{\"@type\":\"ListItem\",\"position\":2,\"name\":\"Sosial\",\"item\":\"https:\\\/\\\/www.meydan.tv\\\/az\\\/section\\\/sosial\\\/\"},{\"@type\":\"ListItem\",\"position\":3,\"name\":\"Bak\u0131-Sumqay\u0131t yolunda 2 avtobus toqqu\u015fub: \u00f6l\u0259n v\u0259 yaralananlar var (yenil\u0259nib)\"}]},{\"@type\":\"WebSite\",\"@id\":\"https:\\\/\\\/www.meydan.tv\\\/az\\\/#website\",\"url\":\"https:\\\/\\\/www.meydan.tv\\\/az\\\/\",\"name\":\"MEYDAN.TV\",\"description\":\"Meydan TV Az\u0259rbaycan\u0131n media m\u0259kan\u0131ndak\u0131 alternativ s\u0259sidir\",\"publisher\":{\"@id\":\"https:\\\/\\\/www.meydan.tv\\\/az\\\/#organization\"},\"potentialAction\":[{\"@type\":\"SearchAction\",\"target\":{\"@type\":\"EntryPoint\",\"urlTemplate\":\"https:\\\/\\\/www.meydan.tv\\\/az\\\/?s={search_term_string}\"},\"query-input\":{\"@type\":\"PropertyValueSpecification\",\"valueRequired\":true,\"valueName\":\"search_term_string\"}}],\"inLanguage\":\"az\"},{\"@type\":\"Organization\",\"@id\":\"https:\\\/\\\/www.meydan.tv\\\/az\\\/#organization\",\"name\":\"Meydan TV\",\"url\":\"https:\\\/\\\/www.meydan.tv\\\/az\\\/\",\"logo\":{\"@type\":\"ImageObject\",\"inLanguage\":\"az\",\"@id\":\"https:\\\/\\\/www.meydan.tv\\\/az\\\/#\\\/schema\\\/logo\\\/image\\\/\",\"url\":\"https:\\\/\\\/www.meydan.tv\\\/wp-content\\\/uploads\\\/2021\\\/07\\\/meydan-logo.svg\",\"contentUrl\":\"https:\\\/\\\/www.meydan.tv\\\/wp-content\\\/uploads\\\/2021\\\/07\\\/meydan-logo.svg\",\"width\":195,\"height\":46,\"caption\":\"Meydan TV\"},\"image\":{\"@id\":\"https:\\\/\\\/www.meydan.tv\\\/az\\\/#\\\/schema\\\/logo\\\/image\\\/\"}},{\"@type\":\"Person\",\"@id\":\"https:\\\/\\\/www.meydan.tv\\\/az\\\/#\\\/schema\\\/person\\\/9cdbecf90d17180ce1dfbd95b08dcf47\",\"name\":\"elli\",\"sameAs\":[\"https:\\\/\\\/x.com\\\/elli\"]}]}<\/script>\n<!-- \/ Yoast SEO plugin. -->","yoast_head_json":{"title":"Bak\u0131-Sumqay\u0131t yolunda 2 avtobus toqqu\u015fub: \u00f6l\u0259n v\u0259 yaralananlar var (yenil\u0259nib) - MEYDAN.TV","description":"1 n\u0259f\u0259r \u00f6l\u00fcb, x\u0259sar\u0259t alan 18 n\u0259f\u0259r x\u0259st\u0259xanaya yerl\u0259\u015fdirilib.","robots":{"index":"index","follow":"follow","max-snippet":"max-snippet:-1","max-image-preview":"max-image-preview:large","max-video-preview":"max-video-preview:-1"},"canonical":"https:\/\/www.meydan.tv\/az\/article\/baki-sumqayit-yolunda-2-avtobus-toqqusub-olen-ve-yaralananlar-var\/","og_locale":"az_AZ","og_type":"article","og_title":"Bak\u0131-Sumqay\u0131t yolunda 2 avtobus toqqu\u015fub: \u00f6l\u0259n v\u0259 yaralananlar var (yenil\u0259nib) - MEYDAN.TV","og_description":"1 n\u0259f\u0259r \u00f6l\u00fcb, x\u0259sar\u0259t alan 18 n\u0259f\u0259r x\u0259st\u0259xanaya yerl\u0259\u015fdirilib.","og_url":"https:\/\/www.meydan.tv\/az\/article\/baki-sumqayit-yolunda-2-avtobus-toqqusub-olen-ve-yaralananlar-var\/","og_site_name":"MEYDAN.TV","article_published_time":"2024-08-02T09:12:48+00:00","article_modified_time":"2024-08-02T10:32:14+00:00","og_image":[{"width":1200,"height":787,"url":"https:\/\/www.meydan.tv\/wp-content\/uploads\/img-20240416-wa0010.jpg","type":"image\/jpeg"}],"author":"elli","twitter_card":"summary_large_image","twitter_creator":"@elli","schema":{"@context":"https:\/\/schema.org","@graph":[{"@type":"Article","@id":"https:\/\/www.meydan.tv\/az\/article\/baki-sumqayit-yolunda-2-avtobus-toqqusub-olen-ve-yaralananlar-var\/#article","isPartOf":{"@id":"https:\/\/www.meydan.tv\/az\/article\/baki-sumqayit-yolunda-2-avtobus-toqqusub-olen-ve-yaralananlar-var\/"},"author":{"name":"elli","@id":"https:\/\/www.meydan.tv\/az\/#\/schema\/person\/9cdbecf90d17180ce1dfbd95b08dcf47"},"headline":"Bak\u0131-Sumqay\u0131t yolunda 2 avtobus toqqu\u015fub: \u00f6l\u0259n v\u0259 yaralananlar var (yenil\u0259nib)","datePublished":"2024-08-02T09:12:48+00:00","dateModified":"2024-08-02T10:32:14+00:00","mainEntityOfPage":{"@id":"https:\/\/www.meydan.tv\/az\/article\/baki-sumqayit-yolunda-2-avtobus-toqqusub-olen-ve-yaralananlar-var\/"},"wordCount":341,"publisher":{"@id":"https:\/\/www.meydan.tv\/az\/#organization"},"image":{"@id":"https:\/\/www.meydan.tv\/az\/article\/baki-sumqayit-yolunda-2-avtobus-toqqusub-olen-ve-yaralananlar-var\/#primaryimage"},"thumbnailUrl":"https:\/\/www.meydan.tv\/wp-content\/uploads\/img-20240416-wa0010.jpg","articleSection":["Sosial","X\u0259b\u0259rl\u0259r"],"inLanguage":"az"},{"@type":"WebPage","@id":"https:\/\/www.meydan.tv\/az\/article\/baki-sumqayit-yolunda-2-avtobus-toqqusub-olen-ve-yaralananlar-var\/","url":"https:\/\/www.meydan.tv\/az\/article\/baki-sumqayit-yolunda-2-avtobus-toqqusub-olen-ve-yaralananlar-var\/","name":"Bak\u0131-Sumqay\u0131t yolunda 2 avtobus toqqu\u015fub: \u00f6l\u0259n v\u0259 yaralananlar var (yenil\u0259nib) - MEYDAN.TV","isPartOf":{"@id":"https:\/\/www.meydan.tv\/az\/#website"},"primaryImageOfPage":{"@id":"https:\/\/www.meydan.tv\/az\/article\/baki-sumqayit-yolunda-2-avtobus-toqqusub-olen-ve-yaralananlar-var\/#primaryimage"},"image":{"@id":"https:\/\/www.meydan.tv\/az\/article\/baki-sumqayit-yolunda-2-avtobus-toqqusub-olen-ve-yaralananlar-var\/#primaryimage"},"thumbnailUrl":"https:\/\/www.meydan.tv\/wp-content\/uploads\/img-20240416-wa0010.jpg","datePublished":"2024-08-02T09:12:48+00:00","dateModified":"2024-08-02T10:32:14+00:00","description":"1 n\u0259f\u0259r \u00f6l\u00fcb, x\u0259sar\u0259t alan 18 n\u0259f\u0259r x\u0259st\u0259xanaya yerl\u0259\u015fdirilib.","breadcrumb":{"@id":"https:\/\/www.meydan.tv\/az\/article\/baki-sumqayit-yolunda-2-avtobus-toqqusub-olen-ve-yaralananlar-var\/#breadcrumb"},"inLanguage":"az","potentialAction":[{"@type":"ReadAction","target":["https:\/\/www.meydan.tv\/az\/article\/baki-sumqayit-yolunda-2-avtobus-toqqusub-olen-ve-yaralananlar-var\/"]}]},{"@type":"ImageObject","inLanguage":"az","@id":"https:\/\/www.meydan.tv\/az\/article\/baki-sumqayit-yolunda-2-avtobus-toqqusub-olen-ve-yaralananlar-var\/#primaryimage","url":"https:\/\/www.meydan.tv\/wp-content\/uploads\/img-20240416-wa0010.jpg","contentUrl":"https:\/\/www.meydan.tv\/wp-content\/uploads\/img-20240416-wa0010.jpg","width":1200,"height":787,"caption":"Yol q\u0259zas\u0131. Foto: D\u0130N"},{"@type":"BreadcrumbList","@id":"https:\/\/www.meydan.tv\/az\/article\/baki-sumqayit-yolunda-2-avtobus-toqqusub-olen-ve-yaralananlar-var\/#breadcrumb","itemListElement":[{"@type":"ListItem","position":1,"name":"Ana s\u0259hif\u0259","item":"https:\/\/www.meydan.tv\/az\/"},{"@type":"ListItem","position":2,"name":"Sosial","item":"https:\/\/www.meydan.tv\/az\/section\/sosial\/"},{"@type":"ListItem","position":3,"name":"Bak\u0131-Sumqay\u0131t yolunda 2 avtobus toqqu\u015fub: \u00f6l\u0259n v\u0259 yaralananlar var (yenil\u0259nib)"}]},{"@type":"WebSite","@id":"https:\/\/www.meydan.tv\/az\/#website","url":"https:\/\/www.meydan.tv\/az\/","name":"MEYDAN.TV","description":"Meydan TV Az\u0259rbaycan\u0131n media m\u0259kan\u0131ndak\u0131 alternativ s\u0259sidir","publisher":{"@id":"https:\/\/www.meydan.tv\/az\/#organization"},"potentialAction":[{"@type":"SearchAction","target":{"@type":"EntryPoint","urlTemplate":"https:\/\/www.meydan.tv\/az\/?s={search_term_string}"},"query-input":{"@type":"PropertyValueSpecification","valueRequired":true,"valueName":"search_term_string"}}],"inLanguage":"az"},{"@type":"Organization","@id":"https:\/\/www.meydan.tv\/az\/#organization","name":"Meydan TV","url":"https:\/\/www.meydan.tv\/az\/","logo":{"@type":"ImageObject","inLanguage":"az","@id":"https:\/\/www.meydan.tv\/az\/#\/schema\/logo\/image\/","url":"https:\/\/www.meydan.tv\/wp-content\/uploads\/2021\/07\/meydan-logo.svg","contentUrl":"https:\/\/www.meydan.tv\/wp-content\/uploads\/2021\/07\/meydan-logo.svg","width":195,"height":46,"caption":"Meydan TV"},"image":{"@id":"https:\/\/www.meydan.tv\/az\/#\/schema\/logo\/image\/"}},{"@type":"Person","@id":"https:\/\/www.meydan.tv\/az\/#\/schema\/person\/9cdbecf90d17180ce1dfbd95b08dcf47","name":"elli","sameAs":["https:\/\/x.com\/elli"]}]}},"_links":{"self":[{"href":"https:\/\/www.meydan.tv\/az\/wp-json\/wp\/v2\/posts\/312082","targetHints":{"allow":["GET"]}}],"collection":[{"href":"https:\/\/www.meydan.tv\/az\/wp-json\/wp\/v2\/posts"}],"about":[{"href":"https:\/\/www.meydan.tv\/az\/wp-json\/wp\/v2\/types\/post"}],"author":[{"embeddable":true,"href":"https:\/\/www.meydan.tv\/az\/wp-json\/wp\/v2\/users\/8"}],"replies":[{"embeddable":true,"href":"https:\/\/www.meydan.tv\/az\/wp-json\/wp\/v2\/comments?post=312082"}],"version-history":[{"count":4,"href":"https:\/\/www.meydan.tv\/az\/wp-json\/wp\/v2\/posts\/312082\/revisions"}],"predecessor-version":[{"id":312108,"href":"https:\/\/www.meydan.tv\/az\/wp-json\/wp\/v2\/posts\/312082\/revisions\/312108"}],"wp:featuredmedia":[{"embeddable":true,"href":"https:\/\/www.meydan.tv\/az\/wp-json\/wp\/v2\/media\/304390"}],"wp:attachment":[{"href":"https:\/\/www.meydan.tv\/az\/wp-json\/wp\/v2\/media?parent=312082"}],"wp:term":[{"taxonomy":"category","embeddable":true,"href":"https:\/\/www.meydan.tv\/az\/wp-json\/wp\/v2\/categories?post=312082"},{"taxonomy":"post_tag","embeddable":true,"href":"https:\/\/www.meydan.tv\/az\/wp-json\/wp\/v2\/tags?post=312082"}],"curies":[{"name":"wp","href":"https:\/\/api.w.org\/{rel}","templated":true}]}}