{"id":312044,"date":"2024-08-01T23:41:38","date_gmt":"2024-08-01T19:41:38","guid":{"rendered":"https:\/\/www.meydan.tv\/?p=312044"},"modified":"2024-08-02T11:22:04","modified_gmt":"2024-08-02T07:22:04","slug":"ekspert-herbcilerin-olum-sebeblerini-aciqladi-nezaretsizlik-ve-mesuliyyetsizlik","status":"publish","type":"post","link":"https:\/\/www.meydan.tv\/az\/article\/ekspert-herbcilerin-olum-sebeblerini-aciqladi-nezaretsizlik-ve-mesuliyyetsizlik\/","title":{"rendered":"Ekspert h\u0259rb\u00e7il\u0259rin \u00f6l\u00fcm s\u0259b\u0259bl\u0259rini a\u00e7\u0131qlad\u0131: &#8220;&#8230;n\u0259zar\u0259tsizlik v\u0259 m\u0259suliyy\u0259tsizlik&#8221;"},"content":{"rendered":"\n<p><\/p>\n\n\n\n<p><em><strong>&#8220;H\u0259rbi xidm\u0259t qaydalar\u0131na g\u00f6r\u0259, h\u0259r hans\u0131 k\u0259nar su h\u00f6vz\u0259sind\u0259 \u00e7imm\u0259k qada\u011fand\u0131r&#8221;<\/strong><\/em><\/p>\n\n\n\n<p>X\u0259z\u0259r H\u0259rbi T\u0259dqiqatlar \u0130nstitutunun direktoru, h\u0259rbi ekspert C\u0259sur M\u0259mm\u0259dov iyulun 30-da La\u00e7\u0131n rayonunda 4 h\u0259rb\u00e7inin \u00f6l\u00fcm\u00fcn\u00fcn \u0259sas s\u0259b\u0259bi kimi n\u0259zar\u0259tsizlik v\u0259 m\u0259suliyy\u0259tsizliyi g\u00f6st\u0259rib.<\/p>\n\n\n\n<p>Bu bar\u0259d\u0259 C\u0259sur M\u0259mm\u0259dov Meydan TV-y\u0259 dan\u0131\u015f\u0131b.<\/p>\n\n\n\n<p>M\u00fcdafi\u0259 Nazirliyi 2 g\u00fcn \u0259vv\u0259l xidm\u0259td\u0259nk\u0259nar saatlarda La\u00e7\u0131n rayonu \u0259razisind\u0259 \u00e7im\u0259rk\u0259n 4 h\u0259rb\u00e7inin h\u0259yat\u0131n\u0131 itirdiyi haqda m\u0259lumat yaym\u0131\u015fd\u0131.<\/p>\n\n\n\n<p>Nazirlik ilkin ehtimal kimi kapitan Asif Emnal\u0131yevin, gizir F\u0259rid C\u0259bray\u0131lovun, m\u00fcdd\u0259td\u0259n art\u0131q h\u0259qiqi h\u0259rbi xidm\u0259t h\u0259rbi qulluq\u00e7ular\u0131 &#8211; \u00e7avu\u015flar Tural S\u0259m\u0259dovun v\u0259 Emin \u015eahmarl\u0131n\u0131n k\u00fck\u00fcrd qazl\u0131 termal sulardan z\u0259h\u0259rl\u0259ndiyini g\u00f6st\u0259rmi\u015fdi.<\/p>\n\n\n\n<p>H\u0259rbi Prokurorluq Qubadl\u0131 H\u0259rbi Prokurorlu\u011funda ara\u015fd\u0131rma apar\u0131ld\u0131\u011f\u0131n\u0131 <a href=\"https:\/\/storage.googleapis.com\/qurium\/www.meydan.tv\/az-article-mn-4-herbcinin-cimerken-zeherlenib-olduyunu-deyir.html\" target=\"_blank\" rel=\"noreferrer noopener\">bildirmi\u015fdi<\/a>.<\/p>\n\n\n\n<p>C\u0259sur M\u0259mm\u0259dov hesab edir ki, h\u0259rb\u00e7il\u0259rin \u00f6l\u00fcm\u00fcnd\u0259 \u0259sas 4 s\u0259b\u0259bi ola bil\u0259r:<\/p>\n\n\n\n<p><em>&#8220;Birincisi, n\u0259zar\u0259tsizlik, ikincisi m\u0259suliyy\u0259tsizlik, \u00fc\u00e7\u00fcnc\u00fcs\u00fc \u0259razini tan\u0131mamaq v\u0259 n\u0259hay\u0259t, maarifl\u0259ndirm\u0259 i\u015finin z\u0259if olmas\u0131. N\u0259zar\u0259tsizlik dedikd\u0259 komandir hey\u0259tinin &#8211; tabeliyind\u0259 olan \u015f\u0259xsi hey\u0259tin h\u0259r\u0259k\u0259ti, f\u0259aliyy\u0259ti v\u0259 sair\u0259 \u00fcz\u0259rind\u0259 n\u0259zar\u0259t imkanlar\u0131n\u0131n bil\u0259r\u0259kd\u0259n v\u0259 ya bilm\u0259y\u0259r\u0259kd\u0259n m\u0259hdud olmas\u0131 n\u0259z\u0259rd\u0259 tutula bil\u0259r. Ba\u015f vermi\u015f hadis\u0259d\u0259 komandir hey\u0259ti h\u0259min 4 n\u0259f\u0259ri (baxmayaraq ki, d\u00fcnyas\u0131n\u0131 d\u0259y\u0259\u015f\u0259nl\u0259rd\u0259n biri zabit olub) n\u0259zar\u0259tsiz burax\u0131b. H\u0259rbi xidm\u0259t qaydalar\u0131na g\u00f6r\u0259, h\u0259r hans\u0131 k\u0259nar su h\u00f6vz\u0259sind\u0259 \u00e7imm\u0259k qada\u011fand\u0131r. Bel\u0259 olan t\u0259qdird\u0259, \u015f\u0259xsi hey\u0259tin h\u0259rbi hiss\u0259ni \u00f6zba\u015f\u0131na t\u0259rk etm\u0259si v\u0259 ya icaz\u0259 il\u0259 t\u0259rk etm\u0259si m\u0259s\u0259l\u0259si ayd\u0131nla\u015fd\u0131r\u0131lmal\u0131d\u0131r&#8221;<\/em>.<\/p>\n\n\n\n<p><em>&#8220;M\u0259suliyy\u0259tsizlik dedikd\u0259 h\u0259m komandir hey\u0259tinin, h\u0259m d\u0259 \u00fcmumilikd\u0259 \u015f\u0259xsi hey\u0259tin h\u0259rbi xidm\u0259t\u0259 yana\u015fmada m\u0259suliyy\u0259tsizlik g\u00f6st\u0259rm\u0259si n\u0259z\u0259rd\u0259 tutulur. Ba\u015f vermi\u015f hadis\u0259d\u0259 h\u0259rbi xidm\u0259t qaydalar\u0131na m\u0259suliyy\u0259tsiz yana\u015fma hiss olunur. H\u0259m komandir hey\u0259ti, h\u0259m d\u0259 \u0259sg\u0259r hey\u0259ti t\u0259r\u0259find\u0259n. H\u0259rbi xidm\u0259t qaydalar\u0131na m\u00fcnasib\u0259td\u0259 m\u0259suliyy\u0259tsizlik n\u00fcmayi\u015f etdirm\u0259k ciddi qayda pozuntusudur, c\u0259zaland\u0131r\u0131lma m\u00fctl\u0259q olmal\u0131d\u0131r&#8221;<\/em>, &#8211; dey\u0259 M\u0259mm\u0259dov \u0259lav\u0259 edib.<\/p>\n\n\n\n<p>O, \u0259razini tan\u0131mama\u011f\u0131 \u0259sas s\u0259b\u0259bl\u0259rd\u0259n say\u0131r:<\/p>\n\n\n\n<p><em>&#8220;Ancaq \u0259razini tan\u0131mama orada ba\u015f ver\u0259c\u0259k b\u0259db\u0259xt hadis\u0259l\u0259rd\u0259n s\u0131\u011fortalanmamaq dem\u0259kdir. \u0130\u015f\u011faldan azad edilmi\u015f \u0259razil\u0259rd\u0259 h\u0259rb\u00e7il\u0259ri g\u00f6zl\u0259y\u0259n \u00e7oxsayl\u0131 t\u0259hl\u00fck\u0259l\u0259r var &#8211; mina partlay\u0131\u015f\u0131ndan tutmu\u015f &#8211; son hadis\u0259d\u0259ki kimi, insan sa\u011flaml\u0131\u011f\u0131na z\u0259r\u0259r ver\u0259n z\u0259h\u0259rli sulara q\u0259d\u0259r h\u0259r \u015feyi sadalamaq olar. Bunu h\u0259rbi hey\u0259t, x\u00fcsus\u0259n M\u00fcdafi\u0259 Nazirliyinin r\u0259hb\u0259rliyi yax\u015f\u0131 bilm\u0259lidir. \u018frazil\u0259r diqq\u0259tl\u0259 yoxlan\u0131lmal\u0131, \u015f\u0259xsi hey\u0259tin m\u0259lumatland\u0131r\u0131lmas\u0131 intensiv olmal\u0131d\u0131r. Sa\u011flaml\u0131\u011fa bu v\u0259 ya dig\u0259r s\u0259viyy\u0259d\u0259 ziyan ver\u0259c\u0259k \u0259razil\u0259r x\u00fcsusi olaraq qapad\u0131lmal\u0131d\u0131r, hasara al\u0131nmal\u0131d\u0131r, \u00fcz\u0259rl\u0259rin\u0259 i\u015far\u0259l\u0259r qoyulmal\u0131d\u0131r&#8221;<\/em>.<\/p>\n\n\n\n<p>X\u0259z\u0259r H\u0259rbi T\u0259dqiqatlar \u0130nstitutunun direktoru bildirib ki, nazirlik \u015f\u0259xsi hey\u0259tin intensiv m\u0259lumatland\u0131r\u0131lmas\u0131, maarifl\u0259ndirm\u0259 vacibdir:<\/p>\n\n\n\n<p><em>&#8220;H\u0259rbi t\u0259hsil sistemin\u0259 yeni kurs &#8211; \u201ct\u0259hl\u00fck\u0259li \u0259razil\u0259rd\u0259 h\u0259rbi xidm\u0259t\u201d adl\u0131 x\u00fcsusi t\u0259lim kursu daxil edilm\u0259lidir. Bu kurs h\u0259m ali h\u0259rbi m\u0259kt\u0259bl\u0259rd\u0259, h\u0259m d\u0259 h\u0259rbi hiss\u0259l\u0259rin \u00f6z\u00fcnd\u0259 ke\u00e7irilm\u0259lidir. \u018fks t\u0259qdird\u0259, b\u0259db\u0259xt hadis\u0259l\u0259rin say\u0131 daha da artacaq\u201d<\/em>.<\/p>\n\n\n\n<p><em>\u201cT\u0259\u0259ss\u00fcfl\u0259r olsun ki, qeyd edil\u0259n istiqam\u0259tl\u0259rd\u0259 ciddi i\u015fl\u0259rin apar\u0131ld\u0131\u011f\u0131n\u0131n \u015fahidi olmuruq. Bu v\u0259 dig\u0259r s\u0259b\u0259bl\u0259rd\u0259n 2024-c\u00fc ild\u0259 qeyri-d\u00f6y\u00fc\u015f \u015f\u0259raitind\u0259 d\u00fcnyas\u0131n\u0131 d\u0259yi\u015f\u0259n h\u0259rbi qulluq\u00e7ular\u0131n say\u0131 t\u0259xmin\u0259n 30 n\u0259f\u0259rdir v\u0259 bu r\u0259q\u0259m \u00f6t\u0259n ilin m\u00fcvafiq d\u00f6vr\u00fc il\u0259 m\u00fcqayis\u0259d\u0259 art\u0131m\u0131 g\u00f6st\u0259rir\u201d<\/em>, &#8211; dey\u0259 C\u0259sur M\u0259mm\u0259dov fikrini bitirib.<\/p>\n","protected":false},"excerpt":{"rendered":"<p>&#8220;H\u0259rbi xidm\u0259t qaydalar\u0131na g\u00f6r\u0259, h\u0259r hans\u0131 k\u0259nar su h\u00f6vz\u0259sind\u0259 \u00e7imm\u0259k &#8230; <\/p>\n<p class=\"read-more-container\"><a title=\"Ekspert h\u0259rb\u00e7il\u0259rin \u00f6l\u00fcm s\u0259b\u0259bl\u0259rini a\u00e7\u0131qlad\u0131: &#8220;&#8230;n\u0259zar\u0259tsizlik v\u0259 m\u0259suliyy\u0259tsizlik&#8221;\" class=\"read-more button\" href=\"https:\/\/www.meydan.tv\/az\/article\/ekspert-herbcilerin-olum-sebeblerini-aciqladi-nezaretsizlik-ve-mesuliyyetsizlik\/#more-312044\" aria-label=\"Read more about Ekspert h\u0259rb\u00e7il\u0259rin \u00f6l\u00fcm s\u0259b\u0259bl\u0259rini a\u00e7\u0131qlad\u0131: &#8220;&#8230;n\u0259zar\u0259tsizlik v\u0259 m\u0259suliyy\u0259tsizlik&#8221;\">Davam\u0131<\/a><\/p>\n","protected":false},"author":12,"featured_media":108046,"comment_status":"closed","ping_status":"closed","sticky":false,"template":"","format":"standard","meta":{"_acf_changed":false,"_sitemap_exclude":false,"_sitemap_priority":"","_sitemap_frequency":"","footnotes":""},"categories":[62,56],"tags":[],"class_list":["post-312044","post","type-post","status-publish","format-standard","has-post-thumbnail","hentry","category-sosial","category-xeberler","infinite-scroll-item","generate-columns","tablet-grid-50","mobile-grid-100","grid-parent","grid-33","no-featured-image-padding"],"acf":[],"yoast_head":"<!-- This site is optimized with the Yoast SEO plugin v27.5 - https:\/\/yoast.com\/product\/yoast-seo-wordpress\/ -->\n<title>Ekspert h\u0259rb\u00e7il\u0259rin \u00f6l\u00fcm s\u0259b\u0259bl\u0259rini a\u00e7\u0131qlad\u0131<\/title>\n<meta name=\"description\" content=\"C\u0259sur M\u0259mm\u0259dov hesab edir ki, h\u0259rb\u00e7il\u0259rin \u00f6l\u00fcm\u00fcnd\u0259 \u0259sas 4 s\u0259b\u0259bi ola bil\u0259r.\" \/>\n<meta name=\"robots\" content=\"index, follow, max-snippet:-1, max-image-preview:large, max-video-preview:-1\" \/>\n<link rel=\"canonical\" href=\"https:\/\/www.meydan.tv\/az\/article\/ekspert-herbcilerin-olum-sebeblerini-aciqladi-nezaretsizlik-ve-mesuliyyetsizlik\/\" \/>\n<meta property=\"og:locale\" content=\"az_AZ\" \/>\n<meta property=\"og:type\" content=\"article\" \/>\n<meta property=\"og:title\" content=\"Ekspert h\u0259rb\u00e7il\u0259rin \u00f6l\u00fcm s\u0259b\u0259bl\u0259rini a\u00e7\u0131qlad\u0131\" \/>\n<meta property=\"og:description\" content=\"C\u0259sur M\u0259mm\u0259dov hesab edir ki, h\u0259rb\u00e7il\u0259rin \u00f6l\u00fcm\u00fcnd\u0259 \u0259sas 4 s\u0259b\u0259bi ola bil\u0259r.\" \/>\n<meta property=\"og:url\" content=\"https:\/\/www.meydan.tv\/az\/article\/ekspert-herbcilerin-olum-sebeblerini-aciqladi-nezaretsizlik-ve-mesuliyyetsizlik\/\" \/>\n<meta property=\"og:site_name\" content=\"MEYDAN.TV\" \/>\n<meta property=\"article:published_time\" content=\"2024-08-01T19:41:38+00:00\" \/>\n<meta property=\"article:modified_time\" content=\"2024-08-02T07:22:04+00:00\" \/>\n<meta property=\"og:image\" content=\"https:\/\/www.meydan.tv\/wp-content\/uploads\/42932.jpg\" \/>\n\t<meta property=\"og:image:width\" content=\"1080\" \/>\n\t<meta property=\"og:image:height\" content=\"608\" \/>\n\t<meta property=\"og:image:type\" content=\"image\/jpeg\" \/>\n<meta name=\"author\" content=\"aleks\" \/>\n<meta name=\"twitter:card\" content=\"summary_large_image\" \/>\n<script type=\"application\/ld+json\" class=\"yoast-schema-graph\">{\"@context\":\"https:\\\/\\\/schema.org\",\"@graph\":[{\"@type\":\"Article\",\"@id\":\"https:\\\/\\\/www.meydan.tv\\\/az\\\/article\\\/ekspert-herbcilerin-olum-sebeblerini-aciqladi-nezaretsizlik-ve-mesuliyyetsizlik\\\/#article\",\"isPartOf\":{\"@id\":\"https:\\\/\\\/www.meydan.tv\\\/az\\\/article\\\/ekspert-herbcilerin-olum-sebeblerini-aciqladi-nezaretsizlik-ve-mesuliyyetsizlik\\\/\"},\"author\":{\"name\":\"aleks\",\"@id\":\"https:\\\/\\\/www.meydan.tv\\\/az\\\/#\\\/schema\\\/person\\\/476e9360e593fa131d5d71d51866f8da\"},\"headline\":\"Ekspert h\u0259rb\u00e7il\u0259rin \u00f6l\u00fcm s\u0259b\u0259bl\u0259rini a\u00e7\u0131qlad\u0131: &#8220;&#8230;n\u0259zar\u0259tsizlik v\u0259 m\u0259suliyy\u0259tsizlik&#8221;\",\"datePublished\":\"2024-08-01T19:41:38+00:00\",\"dateModified\":\"2024-08-02T07:22:04+00:00\",\"mainEntityOfPage\":{\"@id\":\"https:\\\/\\\/www.meydan.tv\\\/az\\\/article\\\/ekspert-herbcilerin-olum-sebeblerini-aciqladi-nezaretsizlik-ve-mesuliyyetsizlik\\\/\"},\"wordCount\":815,\"publisher\":{\"@id\":\"https:\\\/\\\/www.meydan.tv\\\/az\\\/#organization\"},\"image\":{\"@id\":\"https:\\\/\\\/www.meydan.tv\\\/az\\\/article\\\/ekspert-herbcilerin-olum-sebeblerini-aciqladi-nezaretsizlik-ve-mesuliyyetsizlik\\\/#primaryimage\"},\"thumbnailUrl\":\"https:\\\/\\\/www.meydan.tv\\\/wp-content\\\/uploads\\\/42932.jpg\",\"articleSection\":[\"Sosial\",\"X\u0259b\u0259rl\u0259r\"],\"inLanguage\":\"az\"},{\"@type\":\"WebPage\",\"@id\":\"https:\\\/\\\/www.meydan.tv\\\/az\\\/article\\\/ekspert-herbcilerin-olum-sebeblerini-aciqladi-nezaretsizlik-ve-mesuliyyetsizlik\\\/\",\"url\":\"https:\\\/\\\/www.meydan.tv\\\/az\\\/article\\\/ekspert-herbcilerin-olum-sebeblerini-aciqladi-nezaretsizlik-ve-mesuliyyetsizlik\\\/\",\"name\":\"Ekspert h\u0259rb\u00e7il\u0259rin \u00f6l\u00fcm s\u0259b\u0259bl\u0259rini a\u00e7\u0131qlad\u0131\",\"isPartOf\":{\"@id\":\"https:\\\/\\\/www.meydan.tv\\\/az\\\/#website\"},\"primaryImageOfPage\":{\"@id\":\"https:\\\/\\\/www.meydan.tv\\\/az\\\/article\\\/ekspert-herbcilerin-olum-sebeblerini-aciqladi-nezaretsizlik-ve-mesuliyyetsizlik\\\/#primaryimage\"},\"image\":{\"@id\":\"https:\\\/\\\/www.meydan.tv\\\/az\\\/article\\\/ekspert-herbcilerin-olum-sebeblerini-aciqladi-nezaretsizlik-ve-mesuliyyetsizlik\\\/#primaryimage\"},\"thumbnailUrl\":\"https:\\\/\\\/www.meydan.tv\\\/wp-content\\\/uploads\\\/42932.jpg\",\"datePublished\":\"2024-08-01T19:41:38+00:00\",\"dateModified\":\"2024-08-02T07:22:04+00:00\",\"description\":\"C\u0259sur M\u0259mm\u0259dov hesab edir ki, h\u0259rb\u00e7il\u0259rin \u00f6l\u00fcm\u00fcnd\u0259 \u0259sas 4 s\u0259b\u0259bi ola bil\u0259r.\",\"breadcrumb\":{\"@id\":\"https:\\\/\\\/www.meydan.tv\\\/az\\\/article\\\/ekspert-herbcilerin-olum-sebeblerini-aciqladi-nezaretsizlik-ve-mesuliyyetsizlik\\\/#breadcrumb\"},\"inLanguage\":\"az\",\"potentialAction\":[{\"@type\":\"ReadAction\",\"target\":[\"https:\\\/\\\/www.meydan.tv\\\/az\\\/article\\\/ekspert-herbcilerin-olum-sebeblerini-aciqladi-nezaretsizlik-ve-mesuliyyetsizlik\\\/\"]}]},{\"@type\":\"ImageObject\",\"inLanguage\":\"az\",\"@id\":\"https:\\\/\\\/www.meydan.tv\\\/az\\\/article\\\/ekspert-herbcilerin-olum-sebeblerini-aciqladi-nezaretsizlik-ve-mesuliyyetsizlik\\\/#primaryimage\",\"url\":\"https:\\\/\\\/www.meydan.tv\\\/wp-content\\\/uploads\\\/42932.jpg\",\"contentUrl\":\"https:\\\/\\\/www.meydan.tv\\\/wp-content\\\/uploads\\\/42932.jpg\",\"width\":1080,\"height\":608,\"caption\":\"Foto: C\u0259sur M\u0259mm\u0259dovun \u015f\u0259xsi arxivind\u0259n\"},{\"@type\":\"BreadcrumbList\",\"@id\":\"https:\\\/\\\/www.meydan.tv\\\/az\\\/article\\\/ekspert-herbcilerin-olum-sebeblerini-aciqladi-nezaretsizlik-ve-mesuliyyetsizlik\\\/#breadcrumb\",\"itemListElement\":[{\"@type\":\"ListItem\",\"position\":1,\"name\":\"Ana s\u0259hif\u0259\",\"item\":\"https:\\\/\\\/www.meydan.tv\\\/az\\\/\"},{\"@type\":\"ListItem\",\"position\":2,\"name\":\"Sosial\",\"item\":\"https:\\\/\\\/www.meydan.tv\\\/az\\\/section\\\/sosial\\\/\"},{\"@type\":\"ListItem\",\"position\":3,\"name\":\"Ekspert h\u0259rb\u00e7il\u0259rin \u00f6l\u00fcm s\u0259b\u0259bl\u0259rini a\u00e7\u0131qlad\u0131: &#8220;&#8230;n\u0259zar\u0259tsizlik v\u0259 m\u0259suliyy\u0259tsizlik&#8221;\"}]},{\"@type\":\"WebSite\",\"@id\":\"https:\\\/\\\/www.meydan.tv\\\/az\\\/#website\",\"url\":\"https:\\\/\\\/www.meydan.tv\\\/az\\\/\",\"name\":\"MEYDAN.TV\",\"description\":\"Meydan TV Az\u0259rbaycan\u0131n media m\u0259kan\u0131ndak\u0131 alternativ s\u0259sidir\",\"publisher\":{\"@id\":\"https:\\\/\\\/www.meydan.tv\\\/az\\\/#organization\"},\"potentialAction\":[{\"@type\":\"SearchAction\",\"target\":{\"@type\":\"EntryPoint\",\"urlTemplate\":\"https:\\\/\\\/www.meydan.tv\\\/az\\\/?s={search_term_string}\"},\"query-input\":{\"@type\":\"PropertyValueSpecification\",\"valueRequired\":true,\"valueName\":\"search_term_string\"}}],\"inLanguage\":\"az\"},{\"@type\":\"Organization\",\"@id\":\"https:\\\/\\\/www.meydan.tv\\\/az\\\/#organization\",\"name\":\"Meydan TV\",\"url\":\"https:\\\/\\\/www.meydan.tv\\\/az\\\/\",\"logo\":{\"@type\":\"ImageObject\",\"inLanguage\":\"az\",\"@id\":\"https:\\\/\\\/www.meydan.tv\\\/az\\\/#\\\/schema\\\/logo\\\/image\\\/\",\"url\":\"https:\\\/\\\/www.meydan.tv\\\/wp-content\\\/uploads\\\/2021\\\/07\\\/meydan-logo.svg\",\"contentUrl\":\"https:\\\/\\\/www.meydan.tv\\\/wp-content\\\/uploads\\\/2021\\\/07\\\/meydan-logo.svg\",\"width\":195,\"height\":46,\"caption\":\"Meydan TV\"},\"image\":{\"@id\":\"https:\\\/\\\/www.meydan.tv\\\/az\\\/#\\\/schema\\\/logo\\\/image\\\/\"}},{\"@type\":\"Person\",\"@id\":\"https:\\\/\\\/www.meydan.tv\\\/az\\\/#\\\/schema\\\/person\\\/476e9360e593fa131d5d71d51866f8da\",\"name\":\"aleks\"}]}<\/script>\n<!-- \/ Yoast SEO plugin. -->","yoast_head_json":{"title":"Ekspert h\u0259rb\u00e7il\u0259rin \u00f6l\u00fcm s\u0259b\u0259bl\u0259rini a\u00e7\u0131qlad\u0131","description":"C\u0259sur M\u0259mm\u0259dov hesab edir ki, h\u0259rb\u00e7il\u0259rin \u00f6l\u00fcm\u00fcnd\u0259 \u0259sas 4 s\u0259b\u0259bi ola bil\u0259r.","robots":{"index":"index","follow":"follow","max-snippet":"max-snippet:-1","max-image-preview":"max-image-preview:large","max-video-preview":"max-video-preview:-1"},"canonical":"https:\/\/www.meydan.tv\/az\/article\/ekspert-herbcilerin-olum-sebeblerini-aciqladi-nezaretsizlik-ve-mesuliyyetsizlik\/","og_locale":"az_AZ","og_type":"article","og_title":"Ekspert h\u0259rb\u00e7il\u0259rin \u00f6l\u00fcm s\u0259b\u0259bl\u0259rini a\u00e7\u0131qlad\u0131","og_description":"C\u0259sur M\u0259mm\u0259dov hesab edir ki, h\u0259rb\u00e7il\u0259rin \u00f6l\u00fcm\u00fcnd\u0259 \u0259sas 4 s\u0259b\u0259bi ola bil\u0259r.","og_url":"https:\/\/www.meydan.tv\/az\/article\/ekspert-herbcilerin-olum-sebeblerini-aciqladi-nezaretsizlik-ve-mesuliyyetsizlik\/","og_site_name":"MEYDAN.TV","article_published_time":"2024-08-01T19:41:38+00:00","article_modified_time":"2024-08-02T07:22:04+00:00","og_image":[{"width":1080,"height":608,"url":"https:\/\/www.meydan.tv\/wp-content\/uploads\/42932.jpg","type":"image\/jpeg"}],"author":"aleks","twitter_card":"summary_large_image","schema":{"@context":"https:\/\/schema.org","@graph":[{"@type":"Article","@id":"https:\/\/www.meydan.tv\/az\/article\/ekspert-herbcilerin-olum-sebeblerini-aciqladi-nezaretsizlik-ve-mesuliyyetsizlik\/#article","isPartOf":{"@id":"https:\/\/www.meydan.tv\/az\/article\/ekspert-herbcilerin-olum-sebeblerini-aciqladi-nezaretsizlik-ve-mesuliyyetsizlik\/"},"author":{"name":"aleks","@id":"https:\/\/www.meydan.tv\/az\/#\/schema\/person\/476e9360e593fa131d5d71d51866f8da"},"headline":"Ekspert h\u0259rb\u00e7il\u0259rin \u00f6l\u00fcm s\u0259b\u0259bl\u0259rini a\u00e7\u0131qlad\u0131: &#8220;&#8230;n\u0259zar\u0259tsizlik v\u0259 m\u0259suliyy\u0259tsizlik&#8221;","datePublished":"2024-08-01T19:41:38+00:00","dateModified":"2024-08-02T07:22:04+00:00","mainEntityOfPage":{"@id":"https:\/\/www.meydan.tv\/az\/article\/ekspert-herbcilerin-olum-sebeblerini-aciqladi-nezaretsizlik-ve-mesuliyyetsizlik\/"},"wordCount":815,"publisher":{"@id":"https:\/\/www.meydan.tv\/az\/#organization"},"image":{"@id":"https:\/\/www.meydan.tv\/az\/article\/ekspert-herbcilerin-olum-sebeblerini-aciqladi-nezaretsizlik-ve-mesuliyyetsizlik\/#primaryimage"},"thumbnailUrl":"https:\/\/www.meydan.tv\/wp-content\/uploads\/42932.jpg","articleSection":["Sosial","X\u0259b\u0259rl\u0259r"],"inLanguage":"az"},{"@type":"WebPage","@id":"https:\/\/www.meydan.tv\/az\/article\/ekspert-herbcilerin-olum-sebeblerini-aciqladi-nezaretsizlik-ve-mesuliyyetsizlik\/","url":"https:\/\/www.meydan.tv\/az\/article\/ekspert-herbcilerin-olum-sebeblerini-aciqladi-nezaretsizlik-ve-mesuliyyetsizlik\/","name":"Ekspert h\u0259rb\u00e7il\u0259rin \u00f6l\u00fcm s\u0259b\u0259bl\u0259rini a\u00e7\u0131qlad\u0131","isPartOf":{"@id":"https:\/\/www.meydan.tv\/az\/#website"},"primaryImageOfPage":{"@id":"https:\/\/www.meydan.tv\/az\/article\/ekspert-herbcilerin-olum-sebeblerini-aciqladi-nezaretsizlik-ve-mesuliyyetsizlik\/#primaryimage"},"image":{"@id":"https:\/\/www.meydan.tv\/az\/article\/ekspert-herbcilerin-olum-sebeblerini-aciqladi-nezaretsizlik-ve-mesuliyyetsizlik\/#primaryimage"},"thumbnailUrl":"https:\/\/www.meydan.tv\/wp-content\/uploads\/42932.jpg","datePublished":"2024-08-01T19:41:38+00:00","dateModified":"2024-08-02T07:22:04+00:00","description":"C\u0259sur M\u0259mm\u0259dov hesab edir ki, h\u0259rb\u00e7il\u0259rin \u00f6l\u00fcm\u00fcnd\u0259 \u0259sas 4 s\u0259b\u0259bi ola bil\u0259r.","breadcrumb":{"@id":"https:\/\/www.meydan.tv\/az\/article\/ekspert-herbcilerin-olum-sebeblerini-aciqladi-nezaretsizlik-ve-mesuliyyetsizlik\/#breadcrumb"},"inLanguage":"az","potentialAction":[{"@type":"ReadAction","target":["https:\/\/www.meydan.tv\/az\/article\/ekspert-herbcilerin-olum-sebeblerini-aciqladi-nezaretsizlik-ve-mesuliyyetsizlik\/"]}]},{"@type":"ImageObject","inLanguage":"az","@id":"https:\/\/www.meydan.tv\/az\/article\/ekspert-herbcilerin-olum-sebeblerini-aciqladi-nezaretsizlik-ve-mesuliyyetsizlik\/#primaryimage","url":"https:\/\/www.meydan.tv\/wp-content\/uploads\/42932.jpg","contentUrl":"https:\/\/www.meydan.tv\/wp-content\/uploads\/42932.jpg","width":1080,"height":608,"caption":"Foto: C\u0259sur M\u0259mm\u0259dovun \u015f\u0259xsi arxivind\u0259n"},{"@type":"BreadcrumbList","@id":"https:\/\/www.meydan.tv\/az\/article\/ekspert-herbcilerin-olum-sebeblerini-aciqladi-nezaretsizlik-ve-mesuliyyetsizlik\/#breadcrumb","itemListElement":[{"@type":"ListItem","position":1,"name":"Ana s\u0259hif\u0259","item":"https:\/\/www.meydan.tv\/az\/"},{"@type":"ListItem","position":2,"name":"Sosial","item":"https:\/\/www.meydan.tv\/az\/section\/sosial\/"},{"@type":"ListItem","position":3,"name":"Ekspert h\u0259rb\u00e7il\u0259rin \u00f6l\u00fcm s\u0259b\u0259bl\u0259rini a\u00e7\u0131qlad\u0131: &#8220;&#8230;n\u0259zar\u0259tsizlik v\u0259 m\u0259suliyy\u0259tsizlik&#8221;"}]},{"@type":"WebSite","@id":"https:\/\/www.meydan.tv\/az\/#website","url":"https:\/\/www.meydan.tv\/az\/","name":"MEYDAN.TV","description":"Meydan TV Az\u0259rbaycan\u0131n media m\u0259kan\u0131ndak\u0131 alternativ s\u0259sidir","publisher":{"@id":"https:\/\/www.meydan.tv\/az\/#organization"},"potentialAction":[{"@type":"SearchAction","target":{"@type":"EntryPoint","urlTemplate":"https:\/\/www.meydan.tv\/az\/?s={search_term_string}"},"query-input":{"@type":"PropertyValueSpecification","valueRequired":true,"valueName":"search_term_string"}}],"inLanguage":"az"},{"@type":"Organization","@id":"https:\/\/www.meydan.tv\/az\/#organization","name":"Meydan TV","url":"https:\/\/www.meydan.tv\/az\/","logo":{"@type":"ImageObject","inLanguage":"az","@id":"https:\/\/www.meydan.tv\/az\/#\/schema\/logo\/image\/","url":"https:\/\/www.meydan.tv\/wp-content\/uploads\/2021\/07\/meydan-logo.svg","contentUrl":"https:\/\/www.meydan.tv\/wp-content\/uploads\/2021\/07\/meydan-logo.svg","width":195,"height":46,"caption":"Meydan TV"},"image":{"@id":"https:\/\/www.meydan.tv\/az\/#\/schema\/logo\/image\/"}},{"@type":"Person","@id":"https:\/\/www.meydan.tv\/az\/#\/schema\/person\/476e9360e593fa131d5d71d51866f8da","name":"aleks"}]}},"_links":{"self":[{"href":"https:\/\/www.meydan.tv\/az\/wp-json\/wp\/v2\/posts\/312044","targetHints":{"allow":["GET"]}}],"collection":[{"href":"https:\/\/www.meydan.tv\/az\/wp-json\/wp\/v2\/posts"}],"about":[{"href":"https:\/\/www.meydan.tv\/az\/wp-json\/wp\/v2\/types\/post"}],"author":[{"embeddable":true,"href":"https:\/\/www.meydan.tv\/az\/wp-json\/wp\/v2\/users\/12"}],"replies":[{"embeddable":true,"href":"https:\/\/www.meydan.tv\/az\/wp-json\/wp\/v2\/comments?post=312044"}],"version-history":[{"count":3,"href":"https:\/\/www.meydan.tv\/az\/wp-json\/wp\/v2\/posts\/312044\/revisions"}],"predecessor-version":[{"id":312060,"href":"https:\/\/www.meydan.tv\/az\/wp-json\/wp\/v2\/posts\/312044\/revisions\/312060"}],"wp:featuredmedia":[{"embeddable":true,"href":"https:\/\/www.meydan.tv\/az\/wp-json\/wp\/v2\/media\/108046"}],"wp:attachment":[{"href":"https:\/\/www.meydan.tv\/az\/wp-json\/wp\/v2\/media?parent=312044"}],"wp:term":[{"taxonomy":"category","embeddable":true,"href":"https:\/\/www.meydan.tv\/az\/wp-json\/wp\/v2\/categories?post=312044"},{"taxonomy":"post_tag","embeddable":true,"href":"https:\/\/www.meydan.tv\/az\/wp-json\/wp\/v2\/tags?post=312044"}],"curies":[{"name":"wp","href":"https:\/\/api.w.org\/{rel}","templated":true}]}}