{"id":312022,"date":"2024-08-01T22:23:51","date_gmt":"2024-08-01T18:23:51","guid":{"rendered":"https:\/\/www.meydan.tv\/?p=312022"},"modified":"2024-08-02T11:13:33","modified_gmt":"2024-08-02T07:13:33","slug":"deputatliga-namized-hebs-olundu-adam-bicaqlamaqda-ittiham-edilir","status":"publish","type":"post","link":"https:\/\/www.meydan.tv\/az\/article\/deputatliga-namized-hebs-olundu-adam-bicaqlamaqda-ittiham-edilir\/","title":{"rendered":"Deputatl\u0131\u011fa namiz\u0259d h\u0259bs olundu: adam b\u0131\u00e7aqlamaqda ittiham edilir"},"content":{"rendered":"\n<p><\/p>\n\n\n\n<p><strong><em>Ba\u015f prokurorun raz\u0131l\u0131\u011f\u0131 al\u0131nandan sonra Taleh M\u0259mm\u0259dova qar\u015f\u0131 Cinay\u0259t M\u0259c\u0259ll\u0259sinin q\u0259sd\u0259n sa\u011flaml\u0131\u011fa a\u011f\u0131r x\u0259sar\u0259t yetirm\u0259 madd\u0259si il\u0259 ittiham elan olunub<\/em><\/strong><\/p>\n\n\n\n<p>Sentyabr\u0131n 1-d\u0259 ke\u00e7iril\u0259c\u0259k parlament se\u00e7kil\u0259rind\u0259 deputatl\u0131\u011fa namiz\u0259dliyi qeyd\u0259 al\u0131nm\u0131\u015f Taleh M\u0259mm\u0259dov h\u0259bs olunub. O, 53 ya\u015fl\u0131 Nazir Cavadovu b\u0131\u00e7aqlamaqda ittiham edilir. Bu bar\u0259d\u0259 Ba\u015f Prokurorluq v\u0259 Daxili \u0130\u015fl\u0259r Nazirliyi birg\u0259 m\u0259lumat yay\u0131b.<\/p>\n\n\n\n<p>Hadis\u0259 iyulun 30-da ax\u015fam saat 22.00 rad\u0259l\u0259rind\u0259 Sumqay\u0131t \u015f\u0259h\u0259ri, Hac\u0131 Zeynalabdin Ta\u011f\u0131yev q\u0259s\u0259b\u0259sind\u0259 ba\u015f verib. Nazir Cavadov sol d\u00f6\u015f bo\u015flu\u011funun k\u0259silmi\u015f-de\u015filmi\u015f yaras\u0131 diaqnozu il\u0259 Sumqay\u0131tda T\u0259cili Yard\u0131m X\u0259st\u0259xanas\u0131na yerl\u0259\u015fdirilib. Onun \u00fcz\u0259rind\u0259 c\u0259rrahiyy\u0259 \u0259m\u0259liyyat\u0131 apar\u0131l\u0131b.<\/p>\n\n\n\n<p>Hadis\u0259nin \u015f\u0259xsi m\u00fcnasib\u0259tl\u0259r z\u0259minind\u0259 ba\u015f verdiyi bildirilir.<\/p>\n\n\n\n<p>Taleh M\u0259mm\u0259dov 46 sayl\u0131 Sumqay\u0131t be\u015finci se\u00e7ki dair\u0259sind\u0259n deputatl\u0131\u011fa namiz\u0259d idi. Onun namiz\u0259dliyi hadis\u0259d\u0259n bir g\u00fcn \u0259vv\u0259l \u2013 iyulun 29-da qeyd\u0259 al\u0131n\u0131b.<\/p>\n\n\n\n<p>Se\u00e7ki M\u0259c\u0259ll\u0259si v\u0259 Cinay\u0259t-Prosessual M\u0259c\u0259ll\u0259nin t\u0259l\u0259bin\u0259 g\u00f6r\u0259, namiz\u0259dliyi qeyd\u0259 al\u0131nm\u0131\u015f \u015f\u0259xsin cinay\u0259t m\u0259suliyy\u0259tin\u0259 c\u0259lb olunmas\u0131 \u00fc\u00e7\u00fcn Ba\u015f prokurorun r\u0259smi raz\u0131l\u0131\u011f\u0131 olmal\u0131d\u0131r.<\/p>\n\n\n\n<p>Ba\u015f prokuror Kamran \u018fliyevin raz\u0131l\u0131\u011f\u0131 al\u0131nandan sonra Taleh M\u0259mm\u0259dova qar\u015f\u0131 Cinay\u0259t M\u0259c\u0259ll\u0259sinin 126.1-ci (q\u0259sd\u0259n sa\u011flaml\u0131\u011fa a\u011f\u0131r x\u0259sar\u0259t yetirm\u0259) madd\u0259si il\u0259 ittiham elan olunub. Onun istintaq d\u00f6vr\u00fcnd\u0259 h\u0259bsd\u0259 saxlanmas\u0131 \u00fc\u00e7\u00fcn prokuror m\u0259hk\u0259m\u0259y\u0259 t\u0259qdimat verib. M\u0259hk\u0259m\u0259 d\u0259 t\u0259qdimat\u0131 t\u0259min edib \u2013 Taleh M\u0259mm\u0259dovun bar\u0259sind\u0259 h\u0259bs q\u0259timkan t\u0259dbiri se\u00e7ilib.<\/p>\n\n\n\n<p>Sumqay\u0131t \u015e\u0259h\u0259r Polis \u0130dar\u0259sind\u0259 bu cinay\u0259t i\u015fi \u00fczr\u0259 istintaq davam edir.<\/p>\n\n\n\n<p>35 ya\u015fl\u0131 Taleh M\u0259mm\u0259dovun ittiham olundu\u011fu Cinay\u0259t M\u0259c\u0259ll\u0259sinin 126.1 madd\u0259sind\u0259 3 ild\u0259n 8 il\u0259 q\u0259d\u0259r azadl\u0131qdan m\u0259hrumetm\u0259 c\u0259zas\u0131 var.<\/p>\n\n\n\n<p>Taleh M\u0259mm\u0259dovun \u00f6z\u00fcn\u00fcn v\u0259 yax\u0131nlar\u0131n\u0131n m\u0259s\u0259l\u0259y\u0259 m\u00fcnasib\u0259ti m\u0259lum deyil.<\/p>\n","protected":false},"excerpt":{"rendered":"<p>Ba\u015f prokurorun raz\u0131l\u0131\u011f\u0131 al\u0131nandan sonra Taleh M\u0259mm\u0259dova qar\u015f\u0131 Cinay\u0259t M\u0259c\u0259ll\u0259sinin &#8230; <\/p>\n<p class=\"read-more-container\"><a title=\"Deputatl\u0131\u011fa namiz\u0259d h\u0259bs olundu: adam b\u0131\u00e7aqlamaqda ittiham edilir\" class=\"read-more button\" href=\"https:\/\/www.meydan.tv\/az\/article\/deputatliga-namized-hebs-olundu-adam-bicaqlamaqda-ittiham-edilir\/#more-312022\" aria-label=\"Read more about Deputatl\u0131\u011fa namiz\u0259d h\u0259bs olundu: adam b\u0131\u00e7aqlamaqda ittiham edilir\">Davam\u0131<\/a><\/p>\n","protected":false},"author":8,"featured_media":209565,"comment_status":"closed","ping_status":"closed","sticky":false,"template":"","format":"standard","meta":{"_acf_changed":false,"_sitemap_exclude":false,"_sitemap_priority":"","_sitemap_frequency":"","footnotes":""},"categories":[62,56],"tags":[],"class_list":["post-312022","post","type-post","status-publish","format-standard","has-post-thumbnail","hentry","category-sosial","category-xeberler","infinite-scroll-item","generate-columns","tablet-grid-50","mobile-grid-100","grid-parent","grid-33","no-featured-image-padding"],"acf":[],"yoast_head":"<!-- This site is optimized with the Yoast SEO plugin v27.5 - https:\/\/yoast.com\/product\/yoast-seo-wordpress\/ -->\n<title>Deputatl\u0131\u011fa namiz\u0259d adam b\u0131\u00e7aqlamaqda ittiham edilir<\/title>\n<meta name=\"description\" content=\"Sentyabr\u0131n 1-d\u0259 ke\u00e7iril\u0259c\u0259k parlament se\u00e7kil\u0259rind\u0259 deputatl\u0131\u011fa namiz\u0259dliyi qeyd\u0259 al\u0131nm\u0131\u015f Taleh M\u0259mm\u0259dov h\u0259bs olunub. O, 53 ya\u015fl\u0131 Nazir Cavadovu b\u0131\u00e7aqlamaqda ittiham edilir.\" \/>\n<meta name=\"robots\" content=\"index, follow, max-snippet:-1, max-image-preview:large, max-video-preview:-1\" \/>\n<link rel=\"canonical\" href=\"https:\/\/www.meydan.tv\/az\/article\/deputatliga-namized-hebs-olundu-adam-bicaqlamaqda-ittiham-edilir\/\" \/>\n<meta property=\"og:locale\" content=\"az_AZ\" \/>\n<meta property=\"og:type\" content=\"article\" \/>\n<meta property=\"og:title\" content=\"Deputatl\u0131\u011fa namiz\u0259d adam b\u0131\u00e7aqlamaqda ittiham edilir\" \/>\n<meta property=\"og:description\" content=\"Sentyabr\u0131n 1-d\u0259 ke\u00e7iril\u0259c\u0259k parlament se\u00e7kil\u0259rind\u0259 deputatl\u0131\u011fa namiz\u0259dliyi qeyd\u0259 al\u0131nm\u0131\u015f Taleh M\u0259mm\u0259dov h\u0259bs olunub. O, 53 ya\u015fl\u0131 Nazir Cavadovu b\u0131\u00e7aqlamaqda ittiham edilir.\" \/>\n<meta property=\"og:url\" content=\"https:\/\/www.meydan.tv\/az\/article\/deputatliga-namized-hebs-olundu-adam-bicaqlamaqda-ittiham-edilir\/\" \/>\n<meta property=\"og:site_name\" content=\"MEYDAN.TV\" \/>\n<meta property=\"article:published_time\" content=\"2024-08-01T18:23:51+00:00\" \/>\n<meta property=\"article:modified_time\" content=\"2024-08-02T07:13:33+00:00\" \/>\n<meta property=\"og:image\" content=\"https:\/\/www.meydan.tv\/wp-content\/uploads\/image_from_ios_k6oinno-scaled.jpg\" \/>\n\t<meta property=\"og:image:width\" content=\"2560\" \/>\n\t<meta property=\"og:image:height\" content=\"1440\" \/>\n\t<meta property=\"og:image:type\" content=\"image\/jpeg\" \/>\n<meta name=\"author\" content=\"elli\" \/>\n<meta name=\"twitter:card\" content=\"summary_large_image\" \/>\n<meta name=\"twitter:creator\" content=\"@elli\" \/>\n<script type=\"application\/ld+json\" class=\"yoast-schema-graph\">{\"@context\":\"https:\\\/\\\/schema.org\",\"@graph\":[{\"@type\":\"Article\",\"@id\":\"https:\\\/\\\/www.meydan.tv\\\/az\\\/article\\\/deputatliga-namized-hebs-olundu-adam-bicaqlamaqda-ittiham-edilir\\\/#article\",\"isPartOf\":{\"@id\":\"https:\\\/\\\/www.meydan.tv\\\/az\\\/article\\\/deputatliga-namized-hebs-olundu-adam-bicaqlamaqda-ittiham-edilir\\\/\"},\"author\":{\"name\":\"elli\",\"@id\":\"https:\\\/\\\/www.meydan.tv\\\/az\\\/#\\\/schema\\\/person\\\/9cdbecf90d17180ce1dfbd95b08dcf47\"},\"headline\":\"Deputatl\u0131\u011fa namiz\u0259d h\u0259bs olundu: adam b\u0131\u00e7aqlamaqda ittiham edilir\",\"datePublished\":\"2024-08-01T18:23:51+00:00\",\"dateModified\":\"2024-08-02T07:13:33+00:00\",\"mainEntityOfPage\":{\"@id\":\"https:\\\/\\\/www.meydan.tv\\\/az\\\/article\\\/deputatliga-namized-hebs-olundu-adam-bicaqlamaqda-ittiham-edilir\\\/\"},\"wordCount\":393,\"publisher\":{\"@id\":\"https:\\\/\\\/www.meydan.tv\\\/az\\\/#organization\"},\"image\":{\"@id\":\"https:\\\/\\\/www.meydan.tv\\\/az\\\/article\\\/deputatliga-namized-hebs-olundu-adam-bicaqlamaqda-ittiham-edilir\\\/#primaryimage\"},\"thumbnailUrl\":\"https:\\\/\\\/www.meydan.tv\\\/wp-content\\\/uploads\\\/image_from_ios_k6oinno-scaled.jpg\",\"articleSection\":[\"Sosial\",\"X\u0259b\u0259rl\u0259r\"],\"inLanguage\":\"az\"},{\"@type\":\"WebPage\",\"@id\":\"https:\\\/\\\/www.meydan.tv\\\/az\\\/article\\\/deputatliga-namized-hebs-olundu-adam-bicaqlamaqda-ittiham-edilir\\\/\",\"url\":\"https:\\\/\\\/www.meydan.tv\\\/az\\\/article\\\/deputatliga-namized-hebs-olundu-adam-bicaqlamaqda-ittiham-edilir\\\/\",\"name\":\"Deputatl\u0131\u011fa namiz\u0259d adam b\u0131\u00e7aqlamaqda ittiham edilir\",\"isPartOf\":{\"@id\":\"https:\\\/\\\/www.meydan.tv\\\/az\\\/#website\"},\"primaryImageOfPage\":{\"@id\":\"https:\\\/\\\/www.meydan.tv\\\/az\\\/article\\\/deputatliga-namized-hebs-olundu-adam-bicaqlamaqda-ittiham-edilir\\\/#primaryimage\"},\"image\":{\"@id\":\"https:\\\/\\\/www.meydan.tv\\\/az\\\/article\\\/deputatliga-namized-hebs-olundu-adam-bicaqlamaqda-ittiham-edilir\\\/#primaryimage\"},\"thumbnailUrl\":\"https:\\\/\\\/www.meydan.tv\\\/wp-content\\\/uploads\\\/image_from_ios_k6oinno-scaled.jpg\",\"datePublished\":\"2024-08-01T18:23:51+00:00\",\"dateModified\":\"2024-08-02T07:13:33+00:00\",\"description\":\"Sentyabr\u0131n 1-d\u0259 ke\u00e7iril\u0259c\u0259k parlament se\u00e7kil\u0259rind\u0259 deputatl\u0131\u011fa namiz\u0259dliyi qeyd\u0259 al\u0131nm\u0131\u015f Taleh M\u0259mm\u0259dov h\u0259bs olunub. O, 53 ya\u015fl\u0131 Nazir Cavadovu b\u0131\u00e7aqlamaqda ittiham edilir.\",\"breadcrumb\":{\"@id\":\"https:\\\/\\\/www.meydan.tv\\\/az\\\/article\\\/deputatliga-namized-hebs-olundu-adam-bicaqlamaqda-ittiham-edilir\\\/#breadcrumb\"},\"inLanguage\":\"az\",\"potentialAction\":[{\"@type\":\"ReadAction\",\"target\":[\"https:\\\/\\\/www.meydan.tv\\\/az\\\/article\\\/deputatliga-namized-hebs-olundu-adam-bicaqlamaqda-ittiham-edilir\\\/\"]}]},{\"@type\":\"ImageObject\",\"inLanguage\":\"az\",\"@id\":\"https:\\\/\\\/www.meydan.tv\\\/az\\\/article\\\/deputatliga-namized-hebs-olundu-adam-bicaqlamaqda-ittiham-edilir\\\/#primaryimage\",\"url\":\"https:\\\/\\\/www.meydan.tv\\\/wp-content\\\/uploads\\\/image_from_ios_k6oinno-scaled.jpg\",\"contentUrl\":\"https:\\\/\\\/www.meydan.tv\\\/wp-content\\\/uploads\\\/image_from_ios_k6oinno-scaled.jpg\",\"width\":2560,\"height\":1440,\"caption\":\"\u0130ll\u00fcstrasiya: Meydan TV\"},{\"@type\":\"BreadcrumbList\",\"@id\":\"https:\\\/\\\/www.meydan.tv\\\/az\\\/article\\\/deputatliga-namized-hebs-olundu-adam-bicaqlamaqda-ittiham-edilir\\\/#breadcrumb\",\"itemListElement\":[{\"@type\":\"ListItem\",\"position\":1,\"name\":\"Ana s\u0259hif\u0259\",\"item\":\"https:\\\/\\\/www.meydan.tv\\\/az\\\/\"},{\"@type\":\"ListItem\",\"position\":2,\"name\":\"Sosial\",\"item\":\"https:\\\/\\\/www.meydan.tv\\\/az\\\/section\\\/sosial\\\/\"},{\"@type\":\"ListItem\",\"position\":3,\"name\":\"Deputatl\u0131\u011fa namiz\u0259d h\u0259bs olundu: adam b\u0131\u00e7aqlamaqda ittiham edilir\"}]},{\"@type\":\"WebSite\",\"@id\":\"https:\\\/\\\/www.meydan.tv\\\/az\\\/#website\",\"url\":\"https:\\\/\\\/www.meydan.tv\\\/az\\\/\",\"name\":\"MEYDAN.TV\",\"description\":\"Meydan TV Az\u0259rbaycan\u0131n media m\u0259kan\u0131ndak\u0131 alternativ s\u0259sidir\",\"publisher\":{\"@id\":\"https:\\\/\\\/www.meydan.tv\\\/az\\\/#organization\"},\"potentialAction\":[{\"@type\":\"SearchAction\",\"target\":{\"@type\":\"EntryPoint\",\"urlTemplate\":\"https:\\\/\\\/www.meydan.tv\\\/az\\\/?s={search_term_string}\"},\"query-input\":{\"@type\":\"PropertyValueSpecification\",\"valueRequired\":true,\"valueName\":\"search_term_string\"}}],\"inLanguage\":\"az\"},{\"@type\":\"Organization\",\"@id\":\"https:\\\/\\\/www.meydan.tv\\\/az\\\/#organization\",\"name\":\"Meydan TV\",\"url\":\"https:\\\/\\\/www.meydan.tv\\\/az\\\/\",\"logo\":{\"@type\":\"ImageObject\",\"inLanguage\":\"az\",\"@id\":\"https:\\\/\\\/www.meydan.tv\\\/az\\\/#\\\/schema\\\/logo\\\/image\\\/\",\"url\":\"https:\\\/\\\/www.meydan.tv\\\/wp-content\\\/uploads\\\/2021\\\/07\\\/meydan-logo.svg\",\"contentUrl\":\"https:\\\/\\\/www.meydan.tv\\\/wp-content\\\/uploads\\\/2021\\\/07\\\/meydan-logo.svg\",\"width\":195,\"height\":46,\"caption\":\"Meydan TV\"},\"image\":{\"@id\":\"https:\\\/\\\/www.meydan.tv\\\/az\\\/#\\\/schema\\\/logo\\\/image\\\/\"}},{\"@type\":\"Person\",\"@id\":\"https:\\\/\\\/www.meydan.tv\\\/az\\\/#\\\/schema\\\/person\\\/9cdbecf90d17180ce1dfbd95b08dcf47\",\"name\":\"elli\",\"sameAs\":[\"https:\\\/\\\/x.com\\\/elli\"]}]}<\/script>\n<!-- \/ Yoast SEO plugin. -->","yoast_head_json":{"title":"Deputatl\u0131\u011fa namiz\u0259d adam b\u0131\u00e7aqlamaqda ittiham edilir","description":"Sentyabr\u0131n 1-d\u0259 ke\u00e7iril\u0259c\u0259k parlament se\u00e7kil\u0259rind\u0259 deputatl\u0131\u011fa namiz\u0259dliyi qeyd\u0259 al\u0131nm\u0131\u015f Taleh M\u0259mm\u0259dov h\u0259bs olunub. O, 53 ya\u015fl\u0131 Nazir Cavadovu b\u0131\u00e7aqlamaqda ittiham edilir.","robots":{"index":"index","follow":"follow","max-snippet":"max-snippet:-1","max-image-preview":"max-image-preview:large","max-video-preview":"max-video-preview:-1"},"canonical":"https:\/\/www.meydan.tv\/az\/article\/deputatliga-namized-hebs-olundu-adam-bicaqlamaqda-ittiham-edilir\/","og_locale":"az_AZ","og_type":"article","og_title":"Deputatl\u0131\u011fa namiz\u0259d adam b\u0131\u00e7aqlamaqda ittiham edilir","og_description":"Sentyabr\u0131n 1-d\u0259 ke\u00e7iril\u0259c\u0259k parlament se\u00e7kil\u0259rind\u0259 deputatl\u0131\u011fa namiz\u0259dliyi qeyd\u0259 al\u0131nm\u0131\u015f Taleh M\u0259mm\u0259dov h\u0259bs olunub. O, 53 ya\u015fl\u0131 Nazir Cavadovu b\u0131\u00e7aqlamaqda ittiham edilir.","og_url":"https:\/\/www.meydan.tv\/az\/article\/deputatliga-namized-hebs-olundu-adam-bicaqlamaqda-ittiham-edilir\/","og_site_name":"MEYDAN.TV","article_published_time":"2024-08-01T18:23:51+00:00","article_modified_time":"2024-08-02T07:13:33+00:00","og_image":[{"width":2560,"height":1440,"url":"https:\/\/www.meydan.tv\/wp-content\/uploads\/image_from_ios_k6oinno-scaled.jpg","type":"image\/jpeg"}],"author":"elli","twitter_card":"summary_large_image","twitter_creator":"@elli","schema":{"@context":"https:\/\/schema.org","@graph":[{"@type":"Article","@id":"https:\/\/www.meydan.tv\/az\/article\/deputatliga-namized-hebs-olundu-adam-bicaqlamaqda-ittiham-edilir\/#article","isPartOf":{"@id":"https:\/\/www.meydan.tv\/az\/article\/deputatliga-namized-hebs-olundu-adam-bicaqlamaqda-ittiham-edilir\/"},"author":{"name":"elli","@id":"https:\/\/www.meydan.tv\/az\/#\/schema\/person\/9cdbecf90d17180ce1dfbd95b08dcf47"},"headline":"Deputatl\u0131\u011fa namiz\u0259d h\u0259bs olundu: adam b\u0131\u00e7aqlamaqda ittiham edilir","datePublished":"2024-08-01T18:23:51+00:00","dateModified":"2024-08-02T07:13:33+00:00","mainEntityOfPage":{"@id":"https:\/\/www.meydan.tv\/az\/article\/deputatliga-namized-hebs-olundu-adam-bicaqlamaqda-ittiham-edilir\/"},"wordCount":393,"publisher":{"@id":"https:\/\/www.meydan.tv\/az\/#organization"},"image":{"@id":"https:\/\/www.meydan.tv\/az\/article\/deputatliga-namized-hebs-olundu-adam-bicaqlamaqda-ittiham-edilir\/#primaryimage"},"thumbnailUrl":"https:\/\/www.meydan.tv\/wp-content\/uploads\/image_from_ios_k6oinno-scaled.jpg","articleSection":["Sosial","X\u0259b\u0259rl\u0259r"],"inLanguage":"az"},{"@type":"WebPage","@id":"https:\/\/www.meydan.tv\/az\/article\/deputatliga-namized-hebs-olundu-adam-bicaqlamaqda-ittiham-edilir\/","url":"https:\/\/www.meydan.tv\/az\/article\/deputatliga-namized-hebs-olundu-adam-bicaqlamaqda-ittiham-edilir\/","name":"Deputatl\u0131\u011fa namiz\u0259d adam b\u0131\u00e7aqlamaqda ittiham edilir","isPartOf":{"@id":"https:\/\/www.meydan.tv\/az\/#website"},"primaryImageOfPage":{"@id":"https:\/\/www.meydan.tv\/az\/article\/deputatliga-namized-hebs-olundu-adam-bicaqlamaqda-ittiham-edilir\/#primaryimage"},"image":{"@id":"https:\/\/www.meydan.tv\/az\/article\/deputatliga-namized-hebs-olundu-adam-bicaqlamaqda-ittiham-edilir\/#primaryimage"},"thumbnailUrl":"https:\/\/www.meydan.tv\/wp-content\/uploads\/image_from_ios_k6oinno-scaled.jpg","datePublished":"2024-08-01T18:23:51+00:00","dateModified":"2024-08-02T07:13:33+00:00","description":"Sentyabr\u0131n 1-d\u0259 ke\u00e7iril\u0259c\u0259k parlament se\u00e7kil\u0259rind\u0259 deputatl\u0131\u011fa namiz\u0259dliyi qeyd\u0259 al\u0131nm\u0131\u015f Taleh M\u0259mm\u0259dov h\u0259bs olunub. O, 53 ya\u015fl\u0131 Nazir Cavadovu b\u0131\u00e7aqlamaqda ittiham edilir.","breadcrumb":{"@id":"https:\/\/www.meydan.tv\/az\/article\/deputatliga-namized-hebs-olundu-adam-bicaqlamaqda-ittiham-edilir\/#breadcrumb"},"inLanguage":"az","potentialAction":[{"@type":"ReadAction","target":["https:\/\/www.meydan.tv\/az\/article\/deputatliga-namized-hebs-olundu-adam-bicaqlamaqda-ittiham-edilir\/"]}]},{"@type":"ImageObject","inLanguage":"az","@id":"https:\/\/www.meydan.tv\/az\/article\/deputatliga-namized-hebs-olundu-adam-bicaqlamaqda-ittiham-edilir\/#primaryimage","url":"https:\/\/www.meydan.tv\/wp-content\/uploads\/image_from_ios_k6oinno-scaled.jpg","contentUrl":"https:\/\/www.meydan.tv\/wp-content\/uploads\/image_from_ios_k6oinno-scaled.jpg","width":2560,"height":1440,"caption":"\u0130ll\u00fcstrasiya: Meydan TV"},{"@type":"BreadcrumbList","@id":"https:\/\/www.meydan.tv\/az\/article\/deputatliga-namized-hebs-olundu-adam-bicaqlamaqda-ittiham-edilir\/#breadcrumb","itemListElement":[{"@type":"ListItem","position":1,"name":"Ana s\u0259hif\u0259","item":"https:\/\/www.meydan.tv\/az\/"},{"@type":"ListItem","position":2,"name":"Sosial","item":"https:\/\/www.meydan.tv\/az\/section\/sosial\/"},{"@type":"ListItem","position":3,"name":"Deputatl\u0131\u011fa namiz\u0259d h\u0259bs olundu: adam b\u0131\u00e7aqlamaqda ittiham edilir"}]},{"@type":"WebSite","@id":"https:\/\/www.meydan.tv\/az\/#website","url":"https:\/\/www.meydan.tv\/az\/","name":"MEYDAN.TV","description":"Meydan TV Az\u0259rbaycan\u0131n media m\u0259kan\u0131ndak\u0131 alternativ s\u0259sidir","publisher":{"@id":"https:\/\/www.meydan.tv\/az\/#organization"},"potentialAction":[{"@type":"SearchAction","target":{"@type":"EntryPoint","urlTemplate":"https:\/\/www.meydan.tv\/az\/?s={search_term_string}"},"query-input":{"@type":"PropertyValueSpecification","valueRequired":true,"valueName":"search_term_string"}}],"inLanguage":"az"},{"@type":"Organization","@id":"https:\/\/www.meydan.tv\/az\/#organization","name":"Meydan TV","url":"https:\/\/www.meydan.tv\/az\/","logo":{"@type":"ImageObject","inLanguage":"az","@id":"https:\/\/www.meydan.tv\/az\/#\/schema\/logo\/image\/","url":"https:\/\/www.meydan.tv\/wp-content\/uploads\/2021\/07\/meydan-logo.svg","contentUrl":"https:\/\/www.meydan.tv\/wp-content\/uploads\/2021\/07\/meydan-logo.svg","width":195,"height":46,"caption":"Meydan TV"},"image":{"@id":"https:\/\/www.meydan.tv\/az\/#\/schema\/logo\/image\/"}},{"@type":"Person","@id":"https:\/\/www.meydan.tv\/az\/#\/schema\/person\/9cdbecf90d17180ce1dfbd95b08dcf47","name":"elli","sameAs":["https:\/\/x.com\/elli"]}]}},"_links":{"self":[{"href":"https:\/\/www.meydan.tv\/az\/wp-json\/wp\/v2\/posts\/312022","targetHints":{"allow":["GET"]}}],"collection":[{"href":"https:\/\/www.meydan.tv\/az\/wp-json\/wp\/v2\/posts"}],"about":[{"href":"https:\/\/www.meydan.tv\/az\/wp-json\/wp\/v2\/types\/post"}],"author":[{"embeddable":true,"href":"https:\/\/www.meydan.tv\/az\/wp-json\/wp\/v2\/users\/8"}],"replies":[{"embeddable":true,"href":"https:\/\/www.meydan.tv\/az\/wp-json\/wp\/v2\/comments?post=312022"}],"version-history":[{"count":3,"href":"https:\/\/www.meydan.tv\/az\/wp-json\/wp\/v2\/posts\/312022\/revisions"}],"predecessor-version":[{"id":312054,"href":"https:\/\/www.meydan.tv\/az\/wp-json\/wp\/v2\/posts\/312022\/revisions\/312054"}],"wp:featuredmedia":[{"embeddable":true,"href":"https:\/\/www.meydan.tv\/az\/wp-json\/wp\/v2\/media\/209565"}],"wp:attachment":[{"href":"https:\/\/www.meydan.tv\/az\/wp-json\/wp\/v2\/media?parent=312022"}],"wp:term":[{"taxonomy":"category","embeddable":true,"href":"https:\/\/www.meydan.tv\/az\/wp-json\/wp\/v2\/categories?post=312022"},{"taxonomy":"post_tag","embeddable":true,"href":"https:\/\/www.meydan.tv\/az\/wp-json\/wp\/v2\/tags?post=312022"}],"curies":[{"name":"wp","href":"https:\/\/api.w.org\/{rel}","templated":true}]}}