{"id":311936,"date":"2024-08-01T13:20:46","date_gmt":"2024-08-01T09:20:46","guid":{"rendered":"https:\/\/www.meydan.tv\/?p=311936"},"modified":"2024-08-01T14:18:47","modified_gmt":"2024-08-01T10:18:47","slug":"ali-ve-orta-mekteblerde-dersler-cop29-la-bagli-onlayn-sisteme-kececek","status":"publish","type":"post","link":"https:\/\/www.meydan.tv\/az\/article\/ali-ve-orta-mekteblerde-dersler-cop29-la-bagli-onlayn-sisteme-kececek\/","title":{"rendered":"COP29-la ba\u011fl\u0131 ali v\u0259 orta ixtisas m\u0259kt\u0259bl\u0259rind\u0259 d\u0259rsl\u0259r onlayn sistem\u0259 ke\u00e7\u0259c\u0259k"},"content":{"rendered":"\n<p><\/p>\n\n\n\n<p><strong><em>Ba\u015f nazirin imzalad\u0131\u011f\u0131 \u0259mr\u0259 g\u00f6r\u0259, noyabr\u0131n 12-d\u0259n 22-d\u0259k orta m\u0259kt\u0259bl\u0259rd\u0259 t\u0259til olacaq<\/em><\/strong><\/p>\n\n\n\n<p>COP29-la \u0259laq\u0259dar \u015fagirdl\u0259r pay\u0131z t\u0259tilin\u0259 burax\u0131lacaq, Bak\u0131, Sumqay\u0131t v\u0259 Ab\u015feronda is\u0259 t\u0259l\u0259b\u0259l\u0259r distant t\u0259hsil alacaq.<\/p>\n\n\n\n<p>Bununla ba\u011fl\u0131 Ba\u015f nazir \u018fli \u018fs\u0259dov q\u0259rar <a href=\"https:\/\/nk.gov.az\/az\/senedler\/qerarlar\/birlesmis-milletler-teskilatinin-iqlim-deyismeleri-8239\" target=\"_blank\" rel=\"noreferrer noopener\">imzalay\u0131b.<\/a><\/p>\n\n\n\n<p>Q\u0259rara \u0259sas\u0259n, orta m\u0259kt\u0259bl\u0259rd\u0259 be\u015f g\u00fcnl\u00fck pay\u0131z t\u0259tili noyabr\u0131n 16-dan 20-n\u0259 q\u0259d\u0259r deyil, 12-d\u0259n 22-d\u0259k olacaq.<\/p>\n\n\n\n<p>Bak\u0131, Sumqay\u0131t v\u0259 Ab\u015feron \u00fczr\u0259 pe\u015f\u0259, orta ixtisas v\u0259 ali t\u0259hsil m\u00fc\u0259ssis\u0259l\u0259rind\u0259 is\u0259 noyabr\u0131n 12-d\u0259n 22-d\u0259k d\u0259rsl\u0259r onlayn formada m\u0259saf\u0259d\u0259n ke\u00e7iril\u0259c\u0259k.<\/p>\n\n\n\n<p>Q\u0259rarda Elm v\u0259 T\u0259hsil Nazirliyin\u0259 bu istiqam\u0259td\u0259 m\u00fcvafiq t\u0259dbirl\u0259r h\u0259yata ke\u00e7irm\u0259k tap\u015f\u0131r\u0131l\u0131b.<\/p>\n\n\n<div class=\"wp-block-image\">\n<figure class=\"alignright size-large is-resized\"><img decoding=\"async\" width=\"1200\" height=\"797\" data-src=\"https:\/\/www.meydan.tv\/wp-content\/uploads\/37288-1200x797.jpg\" alt=\"T\u0259hsil Nazirliyi\" class=\"wp-image-94388 lazyload\" style=\"--smush-placeholder-width: 1200px; --smush-placeholder-aspect-ratio: 1200\/797;width:411px;height:auto\" src=\"data:image\/svg+xml;base64,PHN2ZyB3aWR0aD0iMSIgaGVpZ2h0PSIxIiB4bWxucz0iaHR0cDovL3d3dy53My5vcmcvMjAwMC9zdmciPjwvc3ZnPg==\" \/><figcaption class=\"wp-element-caption\">Foto: Elm v\u0259 T\u0259hsil Nazirliyi<\/figcaption><\/figure>\n<\/div>\n\n\n<p>Bu ilin noyabr\u0131n 11-d\u0259n 22-d\u0259k Bak\u0131da Birl\u0259\u015fmi\u015f Mill\u0259tl\u0259r T\u0259\u015fkilat\u0131n\u0131n \u0130qlim D\u0259yi\u015fikliyi \u00fczr\u0259 \u00c7\u0259r\u00e7iv\u0259 Konvensiyas\u0131n\u0131n T\u0259r\u0259fl\u0259r Konfrans\u0131n\u0131n 29-cu (COP29) sessiyas\u0131 ke\u00e7iril\u0259c\u0259k.<\/p>\n\n\n\n<p>Bununla \u0259laq\u0259dar Bak\u0131da b\u0259zi m\u0259hdudiyy\u0259t v\u0259 qada\u011falar\u0131n t\u0259tbiqin\u0259 ba\u015flan\u0131l\u0131b.<\/p>\n\n\n\n<p>Paytaxda f\u0259aliyy\u0259t g\u00f6st\u0259r\u0259n \u015fadl\u0131q saraylar\u0131nda noyabr\u0131n 8-d\u0259n 22-d\u0259k toy m\u0259rasiml\u0259rinin ke\u00e7irilm\u0259sin\u0259 m\u0259hdudiyy\u0259t <a href=\"https:\/\/storage.googleapis.com\/qurium\/www.meydan.tv\/az-article-cop29-tedbirine-gore-toylar-texire-salinir.html\" target=\"_blank\" rel=\"noreferrer noopener\">qoyulub<\/a>.<\/p>\n\n\n\n<p>Az\u0259rbaycandak\u0131 m\u00fcst\u0259qil ekspertl\u0259r hesab edirl\u0259r ki, bu, indiy\u0259d\u0259k \u00f6lk\u0259nin ev sahibliyi ed\u0259c\u0259yi \u0259n b\u00f6y\u00fck t\u0259dbirdir v\u0259 Bak\u0131 buna infrastruktur bax\u0131m\u0131ndan haz\u0131r deyil.<\/p>\n","protected":false},"excerpt":{"rendered":"<p>Ba\u015f nazirin imzalad\u0131\u011f\u0131 \u0259mr\u0259 g\u00f6r\u0259, noyabr\u0131n 12-d\u0259n 22-d\u0259k orta m\u0259kt\u0259bl\u0259rd\u0259 &#8230; <\/p>\n<p class=\"read-more-container\"><a title=\"COP29-la ba\u011fl\u0131 ali v\u0259 orta ixtisas m\u0259kt\u0259bl\u0259rind\u0259 d\u0259rsl\u0259r onlayn sistem\u0259 ke\u00e7\u0259c\u0259k\" class=\"read-more button\" href=\"https:\/\/www.meydan.tv\/az\/article\/ali-ve-orta-mekteblerde-dersler-cop29-la-bagli-onlayn-sisteme-kececek\/#more-311936\" aria-label=\"Read more about COP29-la ba\u011fl\u0131 ali v\u0259 orta ixtisas m\u0259kt\u0259bl\u0259rind\u0259 d\u0259rsl\u0259r onlayn sistem\u0259 ke\u00e7\u0259c\u0259k\">Davam\u0131<\/a><\/p>\n","protected":false},"author":8,"featured_media":311961,"comment_status":"closed","ping_status":"closed","sticky":false,"template":"","format":"standard","meta":{"_acf_changed":false,"_sitemap_exclude":false,"_sitemap_priority":"","_sitemap_frequency":"","footnotes":""},"categories":[62,56],"tags":[],"class_list":["post-311936","post","type-post","status-publish","format-standard","has-post-thumbnail","hentry","category-sosial","category-xeberler","infinite-scroll-item","generate-columns","tablet-grid-50","mobile-grid-100","grid-parent","grid-33","no-featured-image-padding"],"acf":[],"yoast_head":"<!-- This site is optimized with the Yoast SEO plugin v27.5 - https:\/\/yoast.com\/product\/yoast-seo-wordpress\/ -->\n<title>COP29-la ba\u011fl\u0131 ali v\u0259 orta ixtisas m\u0259kt\u0259bl\u0259rind\u0259 d\u0259rsl\u0259r onlayn sistem\u0259 ke\u00e7\u0259c\u0259k - MEYDAN.TV<\/title>\n<meta name=\"description\" content=\"Ba\u015f nazirin imzalad\u0131\u011f\u0131 \u0259mr\u0259 g\u00f6r\u0259, noyabr\u0131n 12-d\u0259n 22-d\u0259k orta m\u0259kt\u0259bl\u0259rd\u0259 t\u0259til olacaq.\" \/>\n<meta name=\"robots\" content=\"index, follow, max-snippet:-1, max-image-preview:large, max-video-preview:-1\" \/>\n<link rel=\"canonical\" href=\"https:\/\/www.meydan.tv\/az\/article\/ali-ve-orta-mekteblerde-dersler-cop29-la-bagli-onlayn-sisteme-kececek\/\" \/>\n<meta property=\"og:locale\" content=\"az_AZ\" \/>\n<meta property=\"og:type\" content=\"article\" \/>\n<meta property=\"og:title\" content=\"COP29-la ba\u011fl\u0131 ali v\u0259 orta ixtisas m\u0259kt\u0259bl\u0259rind\u0259 d\u0259rsl\u0259r onlayn sistem\u0259 ke\u00e7\u0259c\u0259k - MEYDAN.TV\" \/>\n<meta property=\"og:description\" content=\"Ba\u015f nazirin imzalad\u0131\u011f\u0131 \u0259mr\u0259 g\u00f6r\u0259, noyabr\u0131n 12-d\u0259n 22-d\u0259k orta m\u0259kt\u0259bl\u0259rd\u0259 t\u0259til olacaq.\" \/>\n<meta property=\"og:url\" content=\"https:\/\/www.meydan.tv\/az\/article\/ali-ve-orta-mekteblerde-dersler-cop29-la-bagli-onlayn-sisteme-kececek\/\" \/>\n<meta property=\"og:site_name\" content=\"MEYDAN.TV\" \/>\n<meta property=\"article:published_time\" content=\"2024-08-01T09:20:46+00:00\" \/>\n<meta property=\"article:modified_time\" content=\"2024-08-01T10:18:47+00:00\" \/>\n<meta property=\"og:image\" content=\"https:\/\/www.meydan.tv\/wp-content\/uploads\/azedu.az_online_873.jpg\" \/>\n\t<meta property=\"og:image:width\" content=\"1200\" \/>\n\t<meta property=\"og:image:height\" content=\"649\" \/>\n\t<meta property=\"og:image:type\" content=\"image\/jpeg\" \/>\n<meta name=\"author\" content=\"elli\" \/>\n<meta name=\"twitter:card\" content=\"summary_large_image\" \/>\n<meta name=\"twitter:creator\" content=\"@elli\" \/>\n<script type=\"application\/ld+json\" class=\"yoast-schema-graph\">{\"@context\":\"https:\\\/\\\/schema.org\",\"@graph\":[{\"@type\":\"Article\",\"@id\":\"https:\\\/\\\/www.meydan.tv\\\/az\\\/article\\\/ali-ve-orta-mekteblerde-dersler-cop29-la-bagli-onlayn-sisteme-kececek\\\/#article\",\"isPartOf\":{\"@id\":\"https:\\\/\\\/www.meydan.tv\\\/az\\\/article\\\/ali-ve-orta-mekteblerde-dersler-cop29-la-bagli-onlayn-sisteme-kececek\\\/\"},\"author\":{\"name\":\"elli\",\"@id\":\"https:\\\/\\\/www.meydan.tv\\\/az\\\/#\\\/schema\\\/person\\\/9cdbecf90d17180ce1dfbd95b08dcf47\"},\"headline\":\"COP29-la ba\u011fl\u0131 ali v\u0259 orta ixtisas m\u0259kt\u0259bl\u0259rind\u0259 d\u0259rsl\u0259r onlayn sistem\u0259 ke\u00e7\u0259c\u0259k\",\"datePublished\":\"2024-08-01T09:20:46+00:00\",\"dateModified\":\"2024-08-01T10:18:47+00:00\",\"mainEntityOfPage\":{\"@id\":\"https:\\\/\\\/www.meydan.tv\\\/az\\\/article\\\/ali-ve-orta-mekteblerde-dersler-cop29-la-bagli-onlayn-sisteme-kececek\\\/\"},\"wordCount\":308,\"publisher\":{\"@id\":\"https:\\\/\\\/www.meydan.tv\\\/az\\\/#organization\"},\"image\":{\"@id\":\"https:\\\/\\\/www.meydan.tv\\\/az\\\/article\\\/ali-ve-orta-mekteblerde-dersler-cop29-la-bagli-onlayn-sisteme-kececek\\\/#primaryimage\"},\"thumbnailUrl\":\"https:\\\/\\\/www.meydan.tv\\\/wp-content\\\/uploads\\\/azedu.az_online_873.jpg\",\"articleSection\":[\"Sosial\",\"X\u0259b\u0259rl\u0259r\"],\"inLanguage\":\"az\"},{\"@type\":\"WebPage\",\"@id\":\"https:\\\/\\\/www.meydan.tv\\\/az\\\/article\\\/ali-ve-orta-mekteblerde-dersler-cop29-la-bagli-onlayn-sisteme-kececek\\\/\",\"url\":\"https:\\\/\\\/www.meydan.tv\\\/az\\\/article\\\/ali-ve-orta-mekteblerde-dersler-cop29-la-bagli-onlayn-sisteme-kececek\\\/\",\"name\":\"COP29-la ba\u011fl\u0131 ali v\u0259 orta ixtisas m\u0259kt\u0259bl\u0259rind\u0259 d\u0259rsl\u0259r onlayn sistem\u0259 ke\u00e7\u0259c\u0259k - MEYDAN.TV\",\"isPartOf\":{\"@id\":\"https:\\\/\\\/www.meydan.tv\\\/az\\\/#website\"},\"primaryImageOfPage\":{\"@id\":\"https:\\\/\\\/www.meydan.tv\\\/az\\\/article\\\/ali-ve-orta-mekteblerde-dersler-cop29-la-bagli-onlayn-sisteme-kececek\\\/#primaryimage\"},\"image\":{\"@id\":\"https:\\\/\\\/www.meydan.tv\\\/az\\\/article\\\/ali-ve-orta-mekteblerde-dersler-cop29-la-bagli-onlayn-sisteme-kececek\\\/#primaryimage\"},\"thumbnailUrl\":\"https:\\\/\\\/www.meydan.tv\\\/wp-content\\\/uploads\\\/azedu.az_online_873.jpg\",\"datePublished\":\"2024-08-01T09:20:46+00:00\",\"dateModified\":\"2024-08-01T10:18:47+00:00\",\"description\":\"Ba\u015f nazirin imzalad\u0131\u011f\u0131 \u0259mr\u0259 g\u00f6r\u0259, noyabr\u0131n 12-d\u0259n 22-d\u0259k orta m\u0259kt\u0259bl\u0259rd\u0259 t\u0259til olacaq.\",\"breadcrumb\":{\"@id\":\"https:\\\/\\\/www.meydan.tv\\\/az\\\/article\\\/ali-ve-orta-mekteblerde-dersler-cop29-la-bagli-onlayn-sisteme-kececek\\\/#breadcrumb\"},\"inLanguage\":\"az\",\"potentialAction\":[{\"@type\":\"ReadAction\",\"target\":[\"https:\\\/\\\/www.meydan.tv\\\/az\\\/article\\\/ali-ve-orta-mekteblerde-dersler-cop29-la-bagli-onlayn-sisteme-kececek\\\/\"]}]},{\"@type\":\"ImageObject\",\"inLanguage\":\"az\",\"@id\":\"https:\\\/\\\/www.meydan.tv\\\/az\\\/article\\\/ali-ve-orta-mekteblerde-dersler-cop29-la-bagli-onlayn-sisteme-kececek\\\/#primaryimage\",\"url\":\"https:\\\/\\\/www.meydan.tv\\\/wp-content\\\/uploads\\\/azedu.az_online_873.jpg\",\"contentUrl\":\"https:\\\/\\\/www.meydan.tv\\\/wp-content\\\/uploads\\\/azedu.az_online_873.jpg\",\"width\":1200,\"height\":649,\"caption\":\"Onlayn t\u0259hsil. Foto: \\\"azedu.az\\\"\"},{\"@type\":\"BreadcrumbList\",\"@id\":\"https:\\\/\\\/www.meydan.tv\\\/az\\\/article\\\/ali-ve-orta-mekteblerde-dersler-cop29-la-bagli-onlayn-sisteme-kececek\\\/#breadcrumb\",\"itemListElement\":[{\"@type\":\"ListItem\",\"position\":1,\"name\":\"Ana s\u0259hif\u0259\",\"item\":\"https:\\\/\\\/www.meydan.tv\\\/az\\\/\"},{\"@type\":\"ListItem\",\"position\":2,\"name\":\"Sosial\",\"item\":\"https:\\\/\\\/www.meydan.tv\\\/az\\\/section\\\/sosial\\\/\"},{\"@type\":\"ListItem\",\"position\":3,\"name\":\"COP29-la ba\u011fl\u0131 ali v\u0259 orta ixtisas m\u0259kt\u0259bl\u0259rind\u0259 d\u0259rsl\u0259r onlayn sistem\u0259 ke\u00e7\u0259c\u0259k\"}]},{\"@type\":\"WebSite\",\"@id\":\"https:\\\/\\\/www.meydan.tv\\\/az\\\/#website\",\"url\":\"https:\\\/\\\/www.meydan.tv\\\/az\\\/\",\"name\":\"MEYDAN.TV\",\"description\":\"Meydan TV Az\u0259rbaycan\u0131n media m\u0259kan\u0131ndak\u0131 alternativ s\u0259sidir\",\"publisher\":{\"@id\":\"https:\\\/\\\/www.meydan.tv\\\/az\\\/#organization\"},\"potentialAction\":[{\"@type\":\"SearchAction\",\"target\":{\"@type\":\"EntryPoint\",\"urlTemplate\":\"https:\\\/\\\/www.meydan.tv\\\/az\\\/?s={search_term_string}\"},\"query-input\":{\"@type\":\"PropertyValueSpecification\",\"valueRequired\":true,\"valueName\":\"search_term_string\"}}],\"inLanguage\":\"az\"},{\"@type\":\"Organization\",\"@id\":\"https:\\\/\\\/www.meydan.tv\\\/az\\\/#organization\",\"name\":\"Meydan TV\",\"url\":\"https:\\\/\\\/www.meydan.tv\\\/az\\\/\",\"logo\":{\"@type\":\"ImageObject\",\"inLanguage\":\"az\",\"@id\":\"https:\\\/\\\/www.meydan.tv\\\/az\\\/#\\\/schema\\\/logo\\\/image\\\/\",\"url\":\"https:\\\/\\\/www.meydan.tv\\\/wp-content\\\/uploads\\\/2021\\\/07\\\/meydan-logo.svg\",\"contentUrl\":\"https:\\\/\\\/www.meydan.tv\\\/wp-content\\\/uploads\\\/2021\\\/07\\\/meydan-logo.svg\",\"width\":195,\"height\":46,\"caption\":\"Meydan TV\"},\"image\":{\"@id\":\"https:\\\/\\\/www.meydan.tv\\\/az\\\/#\\\/schema\\\/logo\\\/image\\\/\"}},{\"@type\":\"Person\",\"@id\":\"https:\\\/\\\/www.meydan.tv\\\/az\\\/#\\\/schema\\\/person\\\/9cdbecf90d17180ce1dfbd95b08dcf47\",\"name\":\"elli\",\"sameAs\":[\"https:\\\/\\\/x.com\\\/elli\"]}]}<\/script>\n<!-- \/ Yoast SEO plugin. -->","yoast_head_json":{"title":"COP29-la ba\u011fl\u0131 ali v\u0259 orta ixtisas m\u0259kt\u0259bl\u0259rind\u0259 d\u0259rsl\u0259r onlayn sistem\u0259 ke\u00e7\u0259c\u0259k - MEYDAN.TV","description":"Ba\u015f nazirin imzalad\u0131\u011f\u0131 \u0259mr\u0259 g\u00f6r\u0259, noyabr\u0131n 12-d\u0259n 22-d\u0259k orta m\u0259kt\u0259bl\u0259rd\u0259 t\u0259til olacaq.","robots":{"index":"index","follow":"follow","max-snippet":"max-snippet:-1","max-image-preview":"max-image-preview:large","max-video-preview":"max-video-preview:-1"},"canonical":"https:\/\/www.meydan.tv\/az\/article\/ali-ve-orta-mekteblerde-dersler-cop29-la-bagli-onlayn-sisteme-kececek\/","og_locale":"az_AZ","og_type":"article","og_title":"COP29-la ba\u011fl\u0131 ali v\u0259 orta ixtisas m\u0259kt\u0259bl\u0259rind\u0259 d\u0259rsl\u0259r onlayn sistem\u0259 ke\u00e7\u0259c\u0259k - MEYDAN.TV","og_description":"Ba\u015f nazirin imzalad\u0131\u011f\u0131 \u0259mr\u0259 g\u00f6r\u0259, noyabr\u0131n 12-d\u0259n 22-d\u0259k orta m\u0259kt\u0259bl\u0259rd\u0259 t\u0259til olacaq.","og_url":"https:\/\/www.meydan.tv\/az\/article\/ali-ve-orta-mekteblerde-dersler-cop29-la-bagli-onlayn-sisteme-kececek\/","og_site_name":"MEYDAN.TV","article_published_time":"2024-08-01T09:20:46+00:00","article_modified_time":"2024-08-01T10:18:47+00:00","og_image":[{"width":1200,"height":649,"url":"https:\/\/www.meydan.tv\/wp-content\/uploads\/azedu.az_online_873.jpg","type":"image\/jpeg"}],"author":"elli","twitter_card":"summary_large_image","twitter_creator":"@elli","schema":{"@context":"https:\/\/schema.org","@graph":[{"@type":"Article","@id":"https:\/\/www.meydan.tv\/az\/article\/ali-ve-orta-mekteblerde-dersler-cop29-la-bagli-onlayn-sisteme-kececek\/#article","isPartOf":{"@id":"https:\/\/www.meydan.tv\/az\/article\/ali-ve-orta-mekteblerde-dersler-cop29-la-bagli-onlayn-sisteme-kececek\/"},"author":{"name":"elli","@id":"https:\/\/www.meydan.tv\/az\/#\/schema\/person\/9cdbecf90d17180ce1dfbd95b08dcf47"},"headline":"COP29-la ba\u011fl\u0131 ali v\u0259 orta ixtisas m\u0259kt\u0259bl\u0259rind\u0259 d\u0259rsl\u0259r onlayn sistem\u0259 ke\u00e7\u0259c\u0259k","datePublished":"2024-08-01T09:20:46+00:00","dateModified":"2024-08-01T10:18:47+00:00","mainEntityOfPage":{"@id":"https:\/\/www.meydan.tv\/az\/article\/ali-ve-orta-mekteblerde-dersler-cop29-la-bagli-onlayn-sisteme-kececek\/"},"wordCount":308,"publisher":{"@id":"https:\/\/www.meydan.tv\/az\/#organization"},"image":{"@id":"https:\/\/www.meydan.tv\/az\/article\/ali-ve-orta-mekteblerde-dersler-cop29-la-bagli-onlayn-sisteme-kececek\/#primaryimage"},"thumbnailUrl":"https:\/\/www.meydan.tv\/wp-content\/uploads\/azedu.az_online_873.jpg","articleSection":["Sosial","X\u0259b\u0259rl\u0259r"],"inLanguage":"az"},{"@type":"WebPage","@id":"https:\/\/www.meydan.tv\/az\/article\/ali-ve-orta-mekteblerde-dersler-cop29-la-bagli-onlayn-sisteme-kececek\/","url":"https:\/\/www.meydan.tv\/az\/article\/ali-ve-orta-mekteblerde-dersler-cop29-la-bagli-onlayn-sisteme-kececek\/","name":"COP29-la ba\u011fl\u0131 ali v\u0259 orta ixtisas m\u0259kt\u0259bl\u0259rind\u0259 d\u0259rsl\u0259r onlayn sistem\u0259 ke\u00e7\u0259c\u0259k - MEYDAN.TV","isPartOf":{"@id":"https:\/\/www.meydan.tv\/az\/#website"},"primaryImageOfPage":{"@id":"https:\/\/www.meydan.tv\/az\/article\/ali-ve-orta-mekteblerde-dersler-cop29-la-bagli-onlayn-sisteme-kececek\/#primaryimage"},"image":{"@id":"https:\/\/www.meydan.tv\/az\/article\/ali-ve-orta-mekteblerde-dersler-cop29-la-bagli-onlayn-sisteme-kececek\/#primaryimage"},"thumbnailUrl":"https:\/\/www.meydan.tv\/wp-content\/uploads\/azedu.az_online_873.jpg","datePublished":"2024-08-01T09:20:46+00:00","dateModified":"2024-08-01T10:18:47+00:00","description":"Ba\u015f nazirin imzalad\u0131\u011f\u0131 \u0259mr\u0259 g\u00f6r\u0259, noyabr\u0131n 12-d\u0259n 22-d\u0259k orta m\u0259kt\u0259bl\u0259rd\u0259 t\u0259til olacaq.","breadcrumb":{"@id":"https:\/\/www.meydan.tv\/az\/article\/ali-ve-orta-mekteblerde-dersler-cop29-la-bagli-onlayn-sisteme-kececek\/#breadcrumb"},"inLanguage":"az","potentialAction":[{"@type":"ReadAction","target":["https:\/\/www.meydan.tv\/az\/article\/ali-ve-orta-mekteblerde-dersler-cop29-la-bagli-onlayn-sisteme-kececek\/"]}]},{"@type":"ImageObject","inLanguage":"az","@id":"https:\/\/www.meydan.tv\/az\/article\/ali-ve-orta-mekteblerde-dersler-cop29-la-bagli-onlayn-sisteme-kececek\/#primaryimage","url":"https:\/\/www.meydan.tv\/wp-content\/uploads\/azedu.az_online_873.jpg","contentUrl":"https:\/\/www.meydan.tv\/wp-content\/uploads\/azedu.az_online_873.jpg","width":1200,"height":649,"caption":"Onlayn t\u0259hsil. Foto: \"azedu.az\""},{"@type":"BreadcrumbList","@id":"https:\/\/www.meydan.tv\/az\/article\/ali-ve-orta-mekteblerde-dersler-cop29-la-bagli-onlayn-sisteme-kececek\/#breadcrumb","itemListElement":[{"@type":"ListItem","position":1,"name":"Ana s\u0259hif\u0259","item":"https:\/\/www.meydan.tv\/az\/"},{"@type":"ListItem","position":2,"name":"Sosial","item":"https:\/\/www.meydan.tv\/az\/section\/sosial\/"},{"@type":"ListItem","position":3,"name":"COP29-la ba\u011fl\u0131 ali v\u0259 orta ixtisas m\u0259kt\u0259bl\u0259rind\u0259 d\u0259rsl\u0259r onlayn sistem\u0259 ke\u00e7\u0259c\u0259k"}]},{"@type":"WebSite","@id":"https:\/\/www.meydan.tv\/az\/#website","url":"https:\/\/www.meydan.tv\/az\/","name":"MEYDAN.TV","description":"Meydan TV Az\u0259rbaycan\u0131n media m\u0259kan\u0131ndak\u0131 alternativ s\u0259sidir","publisher":{"@id":"https:\/\/www.meydan.tv\/az\/#organization"},"potentialAction":[{"@type":"SearchAction","target":{"@type":"EntryPoint","urlTemplate":"https:\/\/www.meydan.tv\/az\/?s={search_term_string}"},"query-input":{"@type":"PropertyValueSpecification","valueRequired":true,"valueName":"search_term_string"}}],"inLanguage":"az"},{"@type":"Organization","@id":"https:\/\/www.meydan.tv\/az\/#organization","name":"Meydan TV","url":"https:\/\/www.meydan.tv\/az\/","logo":{"@type":"ImageObject","inLanguage":"az","@id":"https:\/\/www.meydan.tv\/az\/#\/schema\/logo\/image\/","url":"https:\/\/www.meydan.tv\/wp-content\/uploads\/2021\/07\/meydan-logo.svg","contentUrl":"https:\/\/www.meydan.tv\/wp-content\/uploads\/2021\/07\/meydan-logo.svg","width":195,"height":46,"caption":"Meydan TV"},"image":{"@id":"https:\/\/www.meydan.tv\/az\/#\/schema\/logo\/image\/"}},{"@type":"Person","@id":"https:\/\/www.meydan.tv\/az\/#\/schema\/person\/9cdbecf90d17180ce1dfbd95b08dcf47","name":"elli","sameAs":["https:\/\/x.com\/elli"]}]}},"_links":{"self":[{"href":"https:\/\/www.meydan.tv\/az\/wp-json\/wp\/v2\/posts\/311936","targetHints":{"allow":["GET"]}}],"collection":[{"href":"https:\/\/www.meydan.tv\/az\/wp-json\/wp\/v2\/posts"}],"about":[{"href":"https:\/\/www.meydan.tv\/az\/wp-json\/wp\/v2\/types\/post"}],"author":[{"embeddable":true,"href":"https:\/\/www.meydan.tv\/az\/wp-json\/wp\/v2\/users\/8"}],"replies":[{"embeddable":true,"href":"https:\/\/www.meydan.tv\/az\/wp-json\/wp\/v2\/comments?post=311936"}],"version-history":[{"count":4,"href":"https:\/\/www.meydan.tv\/az\/wp-json\/wp\/v2\/posts\/311936\/revisions"}],"predecessor-version":[{"id":311964,"href":"https:\/\/www.meydan.tv\/az\/wp-json\/wp\/v2\/posts\/311936\/revisions\/311964"}],"wp:featuredmedia":[{"embeddable":true,"href":"https:\/\/www.meydan.tv\/az\/wp-json\/wp\/v2\/media\/311961"}],"wp:attachment":[{"href":"https:\/\/www.meydan.tv\/az\/wp-json\/wp\/v2\/media?parent=311936"}],"wp:term":[{"taxonomy":"category","embeddable":true,"href":"https:\/\/www.meydan.tv\/az\/wp-json\/wp\/v2\/categories?post=311936"},{"taxonomy":"post_tag","embeddable":true,"href":"https:\/\/www.meydan.tv\/az\/wp-json\/wp\/v2\/tags?post=311936"}],"curies":[{"name":"wp","href":"https:\/\/api.w.org\/{rel}","templated":true}]}}