{"id":311879,"date":"2024-07-31T18:10:02","date_gmt":"2024-07-31T14:10:02","guid":{"rendered":"https:\/\/www.meydan.tv\/?p=311879"},"modified":"2024-08-01T22:45:59","modified_gmt":"2024-08-01T18:45:59","slug":"ulvi-hesenli-yazir-mehbuslar-ombudsmanin-divarlara-vurdugu-isgenceye-yox-suari-altinda-doyulur","status":"publish","type":"post","link":"https:\/\/www.meydan.tv\/az\/article\/ulvi-hesenli-yazir-mehbuslar-ombudsmanin-divarlara-vurdugu-isgenceye-yox-suari-altinda-doyulur\/","title":{"rendered":"\u00dclvi H\u0259s\u0259nli yaz\u0131r: M\u0259hbuslar Ombudsman\u0131n divarlara vurdu\u011fu \u201c\u0130sg\u0259nc\u0259y\u0259 yox!\u201d \u015f\u00fcar\u0131 alt\u0131nda d\u00f6y\u00fcl\u00fcr"},"content":{"rendered":"\n<figure class=\"wp-block-embed is-type-video is-provider-youtube wp-block-embed-youtube wp-embed-aspect-16-9 wp-has-aspect-ratio\"><div class=\"wp-block-embed__wrapper\">\n<iframe title=\"\u00dclvi H\u0259s\u0259nli yaz\u0131r: M\u0259hbuslar Ombudsman\u0131n divarlara vurdu\u011fu \u201c\u0130sg\u0259nc\u0259y\u0259 yox!\u201d \u015f\u00fcar\u0131 alt\u0131nda d\u00f6y\u00fcl\u00fcr\" width=\"1200\" height=\"675\" data-src=\"https:\/\/www.youtube.com\/embed\/UZw2DDQspng?feature=oembed\" frameborder=\"0\" allow=\"accelerometer; autoplay; clipboard-write; encrypted-media; gyroscope; picture-in-picture; web-share\" referrerpolicy=\"strict-origin-when-cross-origin\" allowfullscreen src=\"data:image\/svg+xml;base64,PHN2ZyB3aWR0aD0iMSIgaGVpZ2h0PSIxIiB4bWxucz0iaHR0cDovL3d3dy53My5vcmcvMjAwMC9zdmciPjwvc3ZnPg==\" class=\"lazyload\" data-load-mode=\"1\"><\/iframe>\n<\/div><\/figure>\n\n\n\n<!--more-->\n\n\n\n<p><strong><em>\u201cM\u0259hbusu ba\u015f\u0131 a\u015fa\u011f\u0131 \u0259ll\u0259rini v\u0259 ayaqlar\u0131n\u0131 d\u0259mir barmaql\u0131qlardan qandalla as\u0131rlar, dubinka il\u0259 d\u00f6y\u00fcl\u0259r\u2026\u201d<\/em><\/strong><\/p>\n\n\n\n<p>\u201cAbzasMedia\u201dn\u0131n direktoru \u00dclvi H\u0259s\u0259nli saxlan\u0131ld\u0131\u011f\u0131 1 sayl\u0131 Bak\u0131 \u0130stintaq T\u0259cridxanas\u0131nda \u00fczl\u0259\u015fdiyi, e\u015fitdiyi i\u015fg\u0259nc\u0259 hallar\u0131ndan yaz\u0131b.<\/p>\n\n\n\n<p>\u201cAbzasMedia\u201dda d\u0259rc olunmu\u015f h\u0259min<a href=\"https:\/\/abzas.info\/2024\/7\/mhbuslar-carmxa-ckib-doyu570d3ca0-3\/?fbclid=IwY2xjawEXFeBleHRuA2FlbQIxMAABHcDp02tZ4GeFaDoSD51T9aLONsF9vgzOWj_vjRqUFqlLRulMmpKYpYR5iA_aem_NgPSVCdQ8q1kyHIPBQE3vg\" target=\"_blank\" rel=\"noreferrer noopener\"> m\u0259qal\u0259d\u0259<\/a> \u00dclvi H\u0259s\u0259nli deyir ki, i\u015fg\u0259nc\u0259l\u0259rl\u0259 ba\u011fl\u0131 d\u0259f\u0259l\u0259rl\u0259 Penitensiar Xidm\u0259tin r\u0259hb\u0259rliyin\u0259, t\u0259cridxana r\u0259hb\u0259rliyin\u0259, Ombudsmana m\u00fcraci\u0259t ets\u0259l\u0259r d\u0259, ciddi t\u0259dbir g\u00f6r\u00fclm\u0259yib. Ondan sonra q\u0259rara g\u0259lib ki, \u015fahidi oldu\u011fu, e\u015fitdiyi i\u015fg\u0259nc\u0259 v\u0259 qeyri-insani r\u0259ftar hallar\u0131n\u0131n qeydiyyat\u0131n\u0131 apars\u0131n v\u0259 6 ayl\u0131q ki\u00e7ik bir hesabat haz\u0131rlay\u0131b:<\/p>\n\n\n\n<p><em>\u201c2023-c\u00fc il noyabr\u0131n 20-d\u0259 h\u0259bs olundum. Noyabr\u0131n 22-d\u0259n xalq aras\u0131nda \u201cK\u00fcrd\u0259xan\u0131 h\u0259bsxanas\u0131\u201d kimi tan\u0131nan Bak\u0131 \u0130stintaq T\u0259cridxanas\u0131nda saxlan\u0131l\u0131r\u0131q. \u0130lk h\u0259ft\u0259l\u0259rd\u0259 \u015fikay\u0259tl\u0259rl\u0259 ba\u011fl\u0131 tez-tez m\u0259hk\u0259m\u0259l\u0259r\u0259 getdiyimizd\u0259n hadis\u0259l\u0259rd\u0259n \u00e7ox da m\u0259lumatl\u0131 deyildim. Dekabr\u0131n 20-d\u0259n sonra sistemli i\u015fg\u0259nc\u0259 hallar\u0131n\u0131 e\u015fitm\u0259y\u0259 ba\u015flad\u0131m. Bu ilin yanvar\u0131ndan i\u015fg\u0259nc\u0259 faktlar\u0131n\u0131 sayma\u011fa ba\u015flad\u0131m\u201d.<\/em><\/p>\n\n\n<div class=\"wp-block-image\">\n<figure class=\"aligncenter size-full\"><img decoding=\"async\" data-src=\"https:\/\/www.meydan.tv\/wp-content\/uploads\/img_0608.jpg\" alt=\"\" class=\"wp-image-290948 lazyload\" src=\"data:image\/svg+xml;base64,PHN2ZyB3aWR0aD0iMSIgaGVpZ2h0PSIxIiB4bWxucz0iaHR0cDovL3d3dy53My5vcmcvMjAwMC9zdmciPjwvc3ZnPg==\" style=\"--smush-placeholder-width: 1200px; --smush-placeholder-aspect-ratio: 1200\/800;\" \/><figcaption class=\"wp-element-caption\">\u00dclvi H\u0259s\u0259nli. Foto: Meydan TV<\/figcaption><\/figure>\n<\/div>\n\n\n<p><strong>\u201c\u018flil, x\u0259st\u0259 oldu\u011funu dey\u0259n adamlar\u0131 d\u00f6ym\u0259k, sa\u00e7-saqqal\u0131 q\u0131rxmaq, s\u00f6y\u00fc\u015f, t\u0259hqir, h\u0259d\u0259l\u0259m\u0259k&#8230;\u201d<\/strong><\/p>\n\n\n\n<p><em>\u201c\u018fvv\u0259lc\u0259 i\u015fg\u0259nc\u0259l\u0259rin sad\u0259c\u0259 s\u0259sl\u0259rini e\u015fidirdim: sill\u0259, t\u0259pik, yumruq, dubinka, s\u00f6y\u00fc\u015f, t\u0259hqir. Sonra is\u0259 qeyri-insani r\u0259ftar v\u0259 i\u015fg\u0259nc\u0259 hallar\u0131n\u0131 \u00f6z g\u00f6zl\u0259riml\u0259 g\u00f6rm\u0259y\u0259 ba\u015flad\u0131m: d\u00f6ym\u0259k (\u00fczd\u0259, b\u0259d\u0259nd\u0259 ciddi x\u0259sar\u0259tl\u0259r), m\u0259hbusu qandalla korpuslarda d\u0259mir barmaql\u0131qlar olan arak\u0259sm\u0259l\u0259rd\u0259n asmaq (yuxar\u0131dan asmaq, ortadan qandallamaq, lap a\u015fa\u011f\u0131dan ba\u011flamaq), g\u00fcnl\u0259rl\u0259 beton d\u00f6\u015f\u0259m\u0259 \u00fcst\u00fcnd\u0259 yat\u0131zd\u0131rmaq, m\u0259hbusu yerd\u0259n bir \u0259lini \u00e7arpay\u0131n\u0131n ba\u015f t\u0259r\u0259find\u0259ki, dig\u0259rini is\u0259 a\u015fa\u011f\u0131 t\u0259r\u0259fd\u0259ki aya\u011f\u0131na qandallay\u0131b gec\u0259 12 saat saxlamaq, m\u0259hbusu ba\u015f\u0131 a\u015fa\u011f\u0131 \u0259ll\u0259rini v\u0259 ayaqlar\u0131n\u0131 d\u0259mir barmaql\u0131qlardan qandalla asmaq v\u0259 dubinka il\u0259 d\u00f6ym\u0259k, dusta\u011f\u0131 yer\u0259 y\u0131xaraq \u00fcst\u00fcn\u0259 \u00e7\u0131x\u0131b d\u00f6ym\u0259k, tapdalamaq, \u0259lil, x\u0259st\u0259 oldu\u011funu dey\u0259n adamlar\u0131 d\u00f6ym\u0259k, sa\u00e7-saqqal\u0131 q\u0131rxmaq, s\u00f6y\u00fc\u015f, t\u0259hqir, h\u0259d\u0259l\u0259m\u0259k&#8230;\u201d, &#8211;<\/em> sayt r\u0259hb\u0259ri t\u0259svir edir.<\/p>\n\n\n\n<p><strong>M\u0259hbuslara veril\u0259n \u201cd\u0259rs\u201d<\/strong><\/p>\n\n\n\n<p>Onun s\u00f6zl\u0259rin\u0259 g\u00f6r\u0259, m\u0259hbuslara i\u015fg\u0259nc\u0259 ad\u0259t\u0259n s\u0259h\u0259r saat 9-10 aras\u0131 verilir. Hans\u0131sa qaydan\u0131 pozdu\u011funa g\u00f6r\u0259, yaxud da cinay\u0259t t\u00f6r\u0259tm\u0259kd\u0259 \u015f\u00fcbh\u0259li bilin\u0259r\u0259k saxlan\u0131lan m\u0259hbuslar\u0131 etiraz edib haqq\u0131n\u0131 t\u0259l\u0259b etdiyin\u0259 g\u00f6r\u0259 ax\u015fam v\u0259 ya s\u0259h\u0259r g\u0259tirib korpuslardak\u0131 \u201ckars\u201dlara sal\u0131r, \u201cre\u015fotka\u201d arak\u0259sm\u0259l\u0259r\u0259 qandallay\u0131rlar. S\u0259h\u0259r t\u0259xmin\u0259n saat 10-da is\u0259 m\u00fcavinl\u0259r g\u0259lib h\u0259min m\u0259hbuslar\u0131 d\u00f6ym\u0259kl\u0259, h\u0259d\u0259l\u0259m\u0259kl\u0259, t\u0259hqir etm\u0259kl\u0259 c\u0259zaland\u0131rma\u011fa ba\u015flay\u0131rlar:<\/p>\n\n\n\n<p>\u201c<em>\u0130\u015fg\u0259nc\u0259l\u0259r Penitensiar Xidm\u0259tin idar\u0259\u00e7ilik normas\u0131na \u00e7evrilib. T\u0259s\u0259vv\u00fcr edin, s\u0259h\u0259r oyan\u0131b yem\u0259k yem\u0259y\u0259, yaxud kitab oxuma\u011fa ba\u015flay\u0131rsan, bir d\u0259 g\u00f6r\u00fcrs\u0259n q\u0131\u015fq\u0131rt\u0131, i\u015fg\u0259nc\u0259 s\u0259sl\u0259ri d\u0259 ba\u015flay\u0131r. Bu yolla h\u0259m dusta\u011f\u0131 c\u0259zaland\u0131r\u0131rlar, h\u0259m d\u0259 dig\u0259r m\u0259hbuslar\u0131n g\u00fcn\u00fcn\u00fc z\u0259h\u0259r edib onlara da dolay\u0131s\u0131 il\u0259 \u201cd\u0259rs verirl\u0259r\u201d.<\/em><\/p>\n\n\n\n<p><strong>\u201c\u0130sg\u0259nc\u0259y\u0259 yox!\u201d \u015f\u00fcar\u0131 alt\u0131nda i\u015fg\u0259nc\u0259<\/strong><\/p>\n\n\n\n<p><em>&#8220;Etiraz edirs\u0259n, Ombudsman\u0131n divarlara vurdu\u011fu \u201c\u0130sg\u0259nc\u0259y\u0259 yox!\u201d \u015f\u00fcar\u0131n\u0131 q\u0131\u015fq\u0131r\u0131rsan, m\u00fcavinl\u0259r g\u0259lib t\u0259\u0259cc\u00fcbl\u0259 soru\u015furlar ki, \u201cN\u0259 m\u0259s\u0259l\u0259dir?\u201d M\u00fcbahis\u0259, etiraz, naraz\u0131l\u0131q&#8230; Sonra sakitlik yaran\u0131r. \u00dc\u00e7-be\u015f g\u00fcn fasil\u0259 verilir, ondan sonra eyni ssenari yenid\u0259n t\u0259krarlan\u0131r\u201d<\/em>.<\/p>\n\n\n<div class=\"wp-block-image\">\n<figure class=\"aligncenter size-full\"><img decoding=\"async\" width=\"1167\" height=\"800\" data-src=\"https:\/\/www.meydan.tv\/wp-content\/uploads\/ombudsman.jpg\" alt=\"\" class=\"wp-image-253476 lazyload\" src=\"data:image\/svg+xml;base64,PHN2ZyB3aWR0aD0iMSIgaGVpZ2h0PSIxIiB4bWxucz0iaHR0cDovL3d3dy53My5vcmcvMjAwMC9zdmciPjwvc3ZnPg==\" style=\"--smush-placeholder-width: 1167px; --smush-placeholder-aspect-ratio: 1167\/800;\" \/><figcaption class=\"wp-element-caption\">Foto: Az\u0259rtac<\/figcaption><\/figure>\n<\/div>\n\n\n<p>\u201c<em>1 sayl\u0131 Bak\u0131 \u0130stintaq T\u0259cridxanas\u0131n\u0131n r\u0259isi Elnur \u0130smay\u0131lovla m\u00fcavinl\u0259ri zorak\u0131l\u0131q hallar\u0131na haqq qazand\u0131rmaq \u00fc\u00e7\u00fcn deyirl\u0259r ki, d\u00f6y\u00fcl\u0259nl\u0259r problemli m\u0259hbuslard\u0131r. Guya onlar\u0131 d\u00f6ym\u0259s\u0259l\u0259r, t\u0259cridxana idar\u0259olunmaz hala g\u0259l\u0259r. \u0130dar\u0259\u00e7ilikd\u0259 s\u0259ri\u015ft\u0259sizlikl\u0259rini bununla \u00f6rt-basd\u0131r etm\u0259y\u0259 \u00e7al\u0131\u015f\u0131rlar\u201d,<\/em> &#8211; \u00dclvi H\u0259s\u0259nli yaz\u0131b.<\/p>\n\n\n\n<p><strong>\u018fm\u0259liyyat\u00e7\u0131-polkovnikl\u0259 5 saatl\u0131q g\u00f6r\u00fc\u015f<\/strong><\/p>\n\n\n\n<p>Media qurumunun r\u0259hb\u0259ri deyir ki, mart\u0131n 13-d\u0259 Penitensiar Xidm\u0259td\u0259n R\u00f6v\u015f\u0259n adl\u0131 \u0259m\u0259liyyat\u00e7\u0131-polkovnik onun yan\u0131na g\u0259lib. 1976-c\u0131 il t\u0259v\u0259ll\u00fcdl\u00fc bu \u015f\u0259xs xidm\u0259t r\u0259isi general Mirsaleh Seyidova birba\u015fa m\u0259ruz\u0259 etdiyini v\u0259 onun tap\u015f\u0131r\u0131\u011f\u0131 il\u0259 g\u00f6r\u00fc\u015f\u0259 g\u0259ldiyini s\u00f6yl\u0259yib:<\/p>\n\n\n\n<p>\u201c<em>S\u00f6hb\u0259timiz be\u015f saata yax\u0131n davam etdi. Onun bir saat\u0131n\u0131 i\u015fg\u0259nc\u0259l\u0259rd\u0259n dan\u0131\u015fd\u0131q. M\u0259n deyirdim, olmaz, i\u015fg\u0259nc\u0259 cinay\u0259tdir, o is\u0259 i\u015fg\u0259nc\u0259, qeyri-insan r\u0259ftar hallar\u0131na haqq qazand\u0131r\u0131rd\u0131. Bu, o dem\u0259k idi ki, Mirsaleh Seyidov da bu i\u015fg\u0259nc\u0259l\u0259rd\u0259n x\u0259b\u0259rdard\u0131r v\u0259 o da m\u0259hbuslara veril\u0259n i\u015fg\u0259nc\u0259l\u0259ri m\u00fcdafi\u0259 edir. R\u0259hb\u0259rlik ist\u0259m\u0259s\u0259, ciddi n\u0259zar\u0259t ets\u0259, dustaqlara sistemli i\u015f\u011f\u0259nc\u0259 verm\u0259y\u0259 hans\u0131 zabitin, yaxud h\u0259bsxana i\u015f\u00e7isinin c\u0259sar\u0259ti \u00e7atar?\u201d<\/em><\/p>\n\n\n\n<p><em>\u201cH\u0259r d\u0259f\u0259 etiraz ed\u0259nd\u0259 h\u0259bsxana r\u0259hb\u0259rliyi i\u015fg\u0259nc\u0259nin, d\u00f6y\u00fclm\u0259nin, s\u00f6y\u00fc\u015f\u00fcn, t\u0259hqirin legitim v\u0259 haql\u0131 t\u0259dbir oldu\u011funu israrla t\u0259krarlay\u0131rlar. B\u00fct\u00fcn koridorlarda Ombudsman\u0131n 916 qaynar x\u0259tti v\u0259 Az\u0259rbaycan v\u0259 ingilis dill\u0259rind\u0259 \u201c\u0130\u015fg\u0259nc\u0259y\u0259 yox!\u201d (\u201cNo to torture!\u201d) \u015f\u00fcarlar\u0131 vurulub. M\u0259hbuslara i\u015fg\u0259nc\u0259l\u0259r is\u0259 el\u0259 bu plakatlar\u0131n alt\u0131nda verilir. H\u0259r h\u0259ft\u0259, b\u0259z\u0259n d\u0259 ard\u0131c\u0131l h\u0259r g\u00fcn i\u015fg\u0259nc\u0259l\u0259r davam edir. B\u0259z\u0259n bir n\u0259f\u0259r, b\u0259z\u0259n d\u0259 10-15 n\u0259f\u0259r bird\u0259n d\u00f6y\u00fcl\u00fcr<\/em>\u201d, &#8211; \u00dclvi H\u0259s\u0259nli yaz\u0131r.<\/p>\n\n\n<div class=\"wp-block-image\">\n<figure class=\"aligncenter size-full\"><img decoding=\"async\" width=\"1200\" height=\"800\" data-src=\"https:\/\/www.meydan.tv\/wp-content\/uploads\/untitled-design-1-102.jpg\" alt=\"\" class=\"wp-image-279361 lazyload\" src=\"data:image\/svg+xml;base64,PHN2ZyB3aWR0aD0iMSIgaGVpZ2h0PSIxIiB4bWxucz0iaHR0cDovL3d3dy53My5vcmcvMjAwMC9zdmciPjwvc3ZnPg==\" style=\"--smush-placeholder-width: 1200px; --smush-placeholder-aspect-ratio: 1200\/800;\" \/><figcaption class=\"wp-element-caption\">Mirsaleh Seyidov. Foto: Az\u0259rtac<\/figcaption><\/figure>\n<\/div>\n\n\n<p>\u201cAbzasMedia\u201dn\u0131n h\u0259bsd\u0259 olan direktoru deyir ki, \u00fc\u00e7 m\u0259rt\u0259b\u0259d\u0259n ibar\u0259t s\u0259kkiz korpusun h\u0259r birind\u0259 qanunsuz karserl\u0259r d\u00fcz\u0259ldibl\u0259r. Birinci m\u0259rt\u0259b\u0259l\u0259rd\u0259 bu karserl\u0259r 28 sayl\u0131 kameralard\u0131r:<\/p>\n\n\n\n<p><em>\u201cM\u0259nim saxland\u0131\u011f\u0131m 8-ci korpusun 28-ci kameras\u0131 is\u0259 d\u00fcz bizim kamera il\u0259 \u00fcz-\u00fcz\u0259dir. Gec\u0259l\u0259r d\u00f6y\u00fcl\u0259c\u0259k dustaqlar\u0131 g\u0259tirib ora ba\u011flay\u0131rlar, s\u0259h\u0259r is\u0259 r\u0259is m\u00fcavinl\u0259ri \u2013 \u0259sas\u0259n d\u0259 polkovnik-leytenant Ceyhun Hac\u0131yev v\u0259 kapitan Cavid G\u00fcl\u0259liyev h\u0259min m\u0259hbuslar\u0131 c\u0259zaland\u0131rma\u011fa ba\u015flay\u0131rlar.<br>Kapitan G\u00fcl\u0259liyev yenic\u0259 birinci m\u00fcavin t\u0259yin olunub. O, buna q\u0259d\u0259r n\u0259zar\u0259t-rejim \u015f\u00f6b\u0259sinin r\u0259isi idi. G\u00f6r\u00fcn\u0259n odur ki, 30 ya\u015flar\u0131nda olan G\u00fcl\u0259liyev karyera pill\u0259l\u0259rini \u00e7ox s\u00fcr\u0259tl\u0259 qalx\u0131r\u201d.<\/em><\/p>\n\n\n\n<p>\u00dclvi H\u0259s\u0259nli i\u015fg\u0259nc\u0259 s\u0259hn\u0259sini bel\u0259 t\u0259svir edir:<\/p>\n\n\n\n<p>\u201cS\u0259h\u0259r 10-un yar\u0131s\u0131 idi. Yen\u0259 d\u0259hlizd\u0259 q\u0131\u015fq\u0131r\u0131q, s\u0259s-k\u00fcy qalxd\u0131. Cavid G\u00fcl\u0259liyev kapitan oldu\u011funu dey\u0259n \u0130lkin Babayev adl\u0131 bir m\u0259hbusu d\u00f6y\u00fcrd\u00fc. E\u015fitdiyim dialoq bel\u0259 idi:<\/p>\n\n\n\n<p><strong>\u0130lkin Babayev:<\/strong><\/p>\n\n\n\n<p>-Xahi\u015f edir\u0259m, vurma. Ayaq \u00fcst\u0259 dayana bilmir\u0259m.<\/p>\n\n\n\n<p><strong>Cavid G\u00fcl\u0259liyev:<\/strong><\/p>\n\n\n\n<p>-M\u0259n el\u0259 d\u00f6y\u0259-d\u00f6y\u0259, vura-vura birinci m\u00fcavin olmu\u015fam.<\/p>\n\n\n\n<p><strong>\u0130lkin Babayev:<\/strong><\/p>\n\n\n\n<p>-Dayana bilmir\u0259m! S\u0259n d\u0259 kapitansan, m\u0259n d\u0259 kapitanam. Vurma! Tan\u0131y\u0131ram s\u0259ni, Etibar Piriyevin bac\u0131s\u0131 o\u011flusan.<\/p>\n\n\n\n<p><strong>Cavid G\u00fcl\u0259liyev:<\/strong><\/p>\n\n\n\n<p>-Ki\u015finin bac\u0131s\u0131 o\u011fluyam da, (s\u00f6y\u00fc\u015fl\u0259) filank\u0259sin bac\u0131s\u0131 o\u011flu deyil\u0259m ki!<br>Yen\u0259 d\u00f6y\u00fclm\u0259, s\u00f6y\u00fc\u015f, t\u0259hqir&#8230;\u201d.<\/p>\n\n\n<div class=\"wp-block-image\">\n<figure class=\"aligncenter size-full is-resized\"><img decoding=\"async\" width=\"636\" height=\"400\" data-src=\"https:\/\/www.meydan.tv\/wp-content\/uploads\/27127.jpg\" alt=\"Etibar Pirverdiyev foto sosial \u015f\u0259b\u0259k\u0259\" class=\"wp-image-70868 lazyload\" style=\"--smush-placeholder-width: 636px; --smush-placeholder-aspect-ratio: 636\/400;width:800px;height:auto\" src=\"data:image\/svg+xml;base64,PHN2ZyB3aWR0aD0iMSIgaGVpZ2h0PSIxIiB4bWxucz0iaHR0cDovL3d3dy53My5vcmcvMjAwMC9zdmciPjwvc3ZnPg==\" \/><figcaption class=\"wp-element-caption\">Foto: arxiv<\/figcaption><\/figure>\n<\/div>\n\n\n<p>\u201c<em>B\u0259li, bu, h\u0259min Etibar Piriyevdir ki 2018-ci ild\u0259 \u201cAz\u0259renerji\u201dnin prezidenti olanda h\u0259r yerd\u0259 i\u015f\u0131qlar s\u00f6n\u00fcb \u00f6lk\u0259 qaranl\u0131\u011fa q\u0259rq olandan sonra v\u0259zif\u0259sind\u0259n qovuldu. Onda day\u0131s\u0131 \u00f6lk\u0259ni z\u00fclm\u0259t\u0259 q\u0259rq etmi\u015fdi, indi d\u0259 bac\u0131s\u0131 o\u011flu Bak\u0131 \u0130stintaq T\u0259cridxanas\u0131n\u0131 i\u015fg\u0259nc\u0259y\u0259 q\u0259rq edib<\/em>\u201d, &#8211; \u00dclvi H\u0259s\u0259nli xat\u0131rlad\u0131n.<\/p>\n\n\n\n<p>Bir d\u0259f\u0259 d\u0259 Elnur \u0130smay\u0131lovun m\u00fcavini Ceyhun Hac\u0131yev m\u0259hbuslardan birini y\u0131x\u0131b aya\u011f\u0131n\u0131n alt\u0131na d\u00f6y\u00fcrd\u00fc. M\u00fcavin c\u00fcss\u0259li adamd\u0131r, 2 metr boyu var. \u00c7\u0259kisi d\u0259 110-120 kq olar. M\u0259hbus is\u0259 onun bir aya\u011f\u0131 boyda idi. S\u0131rada is\u0259 7-8 n\u0259f\u0259r d\u00f6y\u00fclm\u0259 n\u00f6vb\u0259sini g\u00f6zl\u0259yirdi. N\u0259zar\u0259t\u00e7il\u0259r t\u0259l\u0259m-t\u0259l\u0259sik m\u0259ni kameraya qaytard\u0131lar ki, ba\u015f ver\u0259nl\u0259ri g\u00f6rm\u0259yim.<\/p>\n\n\n\n<p><strong>Ox\u015far d\u00f6y\u00fclm\u0259 hallar\u0131<\/strong><br><br>\u00dclvi H\u0259s\u0259nli yaz\u0131r:<\/p>\n\n\n\n<p><em>&#8220;Aprelin 10-da Orxan adl\u0131 m\u0259hbusu gec\u0259 g\u0259tirib bizim korpusun d\u0259mir barmaql\u0131qlar\u0131na qandallad\u0131lar. Bloger oldu\u011funu dey\u0259n Orxan bildirdi ki, kamerada v\u0259ziyy\u0259t ac\u0131nacaql\u0131d\u0131r, \u0259l-\u00fcz yuyan bel\u0259 yoxdur. Buna etiraz edib haqq\u0131n\u0131 t\u0259l\u0259b ed\u0259nd\u0259 g\u0259tirib \u201cre\u015fotka\u201dya ba\u011flay\u0131blar. Orxan s\u0259h\u0259r\u0259 q\u0259d\u0259r orada qald\u0131. S\u0259h\u0259r is\u0259 Ceyhun Hac\u0131yev onu \u0259n\u0259n\u0259vi qaydada d\u00f6y\u00fcb c\u0259zaland\u0131rd\u0131&#8221;<\/em>.<\/p>\n\n\n\n<p><em>&#8220;Ox\u015far hadis\u0259 may\u0131n 23-d\u0259 d\u0259 ba\u015f verdi. Avtomobil q\u0259zas\u0131na g\u00f6r\u0259 h\u0259bs olunan bir n\u0259f\u0259ri korpusa qandallad\u0131lar. O da q\u0131\u015fq\u0131r\u0131r, zar\u0131y\u0131rd\u0131. Bu tipli c\u0259zalar ikit\u0259r\u0259flidir. H\u0259m \u201cre\u015fotka\u201dya vurulan m\u0259hbus, h\u0259m d\u0259 korpusda saxlan\u0131lan dig\u0259r 100-150 m\u0259hbus s\u0259s-k\u00fcyl\u0259, gec\u0259 vaxt\u0131 q\u0131\u015fq\u0131rt\u0131larla c\u0259zaland\u0131r\u0131l\u0131rlar. H\u0259tta ikinci m\u0259rt\u0259b\u0259d\u0259 saxlan\u0131lan siyasi m\u0259hbuslar deyir ki, q\u0131\u015fq\u0131rt\u0131, sill\u0259-t\u0259pik, i\u015fg\u0259nc\u0259 s\u0259sl\u0259ri onlar\u0131n saxland\u0131qlar\u0131 kameralarda da e\u015fidilir&#8221;<\/em>.<\/p>\n\n\n\n<p><em>&#8220;May\u0131n sonu idi. Ax\u015famt\u0259r\u0259fi yen\u0259 karsa bir m\u0259hbus g\u0259tirdil\u0259r. M\u0259hbusun \u00fcz\u00fcn\u00fcn sol t\u0259r\u0259fi tamamil\u0259 g\u00f6mg\u00f6y g\u00f6y\u0259r\u0259r\u0259k \u015fi\u015fmi\u015f, qan tulu\u011fu i\u00e7ind\u0259 idi. Bu, Abdullayev soyadl\u0131, 25-30 ya\u015flar\u0131nda, idman\u00e7\u0131 g\u00f6r\u00fcn\u00fc\u015fl\u00fc, 95-100 kilo \u00e7\u0259kisi olan m\u0259hbus idi. Onu bizim korpusdak\u0131 karsda \u00e7arm\u0131xa \u00e7\u0259kilmi\u015f \u015f\u0259kild\u0259 d\u00f6\u015f\u0259m\u0259nin \u00fcz\u0259rind\u0259 \u00e7arpay\u0131n\u0131n ayaqlar\u0131na qandallad\u0131lar v\u0259 12-13 saat s\u0259h\u0259r\u0259 q\u0259d\u0259r o v\u0259ziyy\u0259td\u0259 saxlad\u0131lar&#8221;<\/em>.<\/p>\n\n\n\n<p><strong>M\u0259\u015fhur i\u015fg\u0259nc\u0259 ver\u0259nl\u0259r<\/strong><\/p>\n\n\n\n<p>\u201c<em>H\u0259bsxanada m\u0259\u015fhur i\u015fg\u0259nc\u0259 ver\u0259nl\u0259rd\u0259n biri d\u0259 P\u0259rviz Quliyev adl\u0131 gizirdir. O, 4-c\u00fc korpus, 1-ci m\u0259rt\u0259b\u0259nin \u201cstar\u015fina\u201ds\u0131d\u0131r. Onun x\u00fcsusi i\u015fg\u0259nc\u0259 formas\u0131 var. P\u0259rviz dustaqlar\u0131 d\u0259mir barmaql\u0131qlardan ba\u015f\u0131 a\u015fa\u011f\u0131, ayaqlar\u0131 v\u0259 \u0259ll\u0259rini qandalla ba\u011flay\u0131b t\u0259rs formada \u00e7arm\u0131xa \u00e7\u0259kir, sonra da dubinka il\u0259 d\u00f6y\u00fcr\u201d, <\/em>&#8211; \u00dclvi H\u0259s\u0259nli yaz\u0131b.<\/p>\n\n\n\n<p><strong>Qanunsuz \u201ckars\u201dlar<\/strong><\/p>\n\n\n\n<p>\u00dclvi H\u0259s\u0259nli deyir ki, yeni t\u0259yin olunmu\u015f \u0259dliyy\u0259 naziri F\u0259rid Turab o\u011flu \u018fhm\u0259dov may\u0131n 10-da t\u0259cridxanaya g\u0259lib. Onun g\u0259li\u015fin\u0259 bir ne\u00e7\u0259 g\u00fcn qalm\u0131\u015f ciddi haz\u0131rl\u0131q, t\u0259mir-r\u0259ngl\u0259m\u0259 i\u015fl\u0259ri gedib:<\/p>\n\n\n\n<p><em>\u201cBu i\u015fl\u0259r \u00e7\u0259r\u00e7iv\u0259sind\u0259 h\u0259min karserl\u0259rin d\u0259mir barmaql\u0131ql\u0131 qap\u0131lar\u0131n\u0131n \u00fcst\u00fcn\u0259 dig\u0259r kameralarda oldu\u011fu kimi ba\u011fl\u0131, n\u0259f\u0259sliyi olan qap\u0131 vurdular. Qap\u0131lar\u0131n \u00fcst\u00fcn\u0259 is\u0259 \u201cAnbar\u201d yazd\u0131lar. Y\u0259ni, Penitensiar Xidm\u0259tin r\u0259hb\u0259rliyi yeni naziri bu \u015f\u0259kild\u0259 aldad\u0131b\u201d.<\/em><\/p>\n\n\n\n<p><em>\u201c28 sayl\u0131 kameralardak\u0131 \u201ckars\u201dlar qanunsuz olaraq \u00f6zba\u015f\u0131na \u015f\u0259kild\u0259 yarad\u0131l\u0131b. Korpuslardak\u0131 b\u00fct\u00fcn 28-ci kameralar h\u0259qiq\u0259t\u0259n d\u0259 qanuni karser idis\u0259, niy\u0259 yeni nazir t\u0259cridxanaya g\u0259l\u0259nd\u0259 onlar\u0131n qap\u0131s\u0131 ba\u011flan\u0131b \u00fcst\u00fcn\u0259 \u201canbar\u201d yaz\u0131ld\u0131? B\u00fct\u00fcn bu qanunsuzluqlar v\u0259 \u00f6zba\u015f\u0131nal\u0131qlarla ba\u011fl\u0131 ciddi ara\u015fd\u0131rmalar apar\u0131lmal\u0131, cavabdeh \u015f\u0259xsl\u0259r c\u0259zaland\u0131r\u0131lmal\u0131, sistemli i\u015fg\u0259nc\u0259l\u0259rin qar\u015f\u0131s\u0131 al\u0131nmal\u0131d\u0131r\u201d.<\/em><\/p>\n\n\n\n<p>\u00dclvi H\u0259s\u0259nli deyir ki, \u201cK\u00fcrd\u0259xan\u0131\u201d t\u0259cridxanas\u0131n\u0131n \u201ci\u015fg\u0259nc\u0259 krallar\u0131\u201d bunlard\u0131r:<\/p>\n\n\n\n<ul class=\"wp-block-list\">\n<li><strong>Ceyhun Hac\u0131yev <\/strong>(polkovnik-leytenant)<\/li>\n<\/ul>\n\n\n\n<ul class=\"wp-block-list\">\n<li><strong>Cavid G\u00fcl\u0259liyev<\/strong> (kapitan)<\/li>\n<\/ul>\n\n\n\n<ul class=\"wp-block-list\">\n<li><strong>P\u0259rviz Quliyev<\/strong> (gizir)<\/li>\n<\/ul>\n\n\n\n<p>\u201c<em>2024-c\u00fc ilin ilk alt\u0131 ay\u0131 \u0259rzind\u0259 58 i\u015fg\u0259nc\u0259 v\u0259 qeyri-insani r\u0259ftar hal\u0131 qeyd\u0259 alm\u0131\u015fam. Bunlar h\u0259l\u0259 ki, t\u0259kc\u0259 m\u0259nim saya bildiyim, \u015fahidi oldu\u011fum hallard\u0131r. \u0130ndi t\u0259s\u0259vv\u00fcr edin, m\u00fcv\u0259qq\u0259ti saxlanma t\u0259cridxanalar\u0131nda v\u0259 h\u0259bsxanalarda i\u015fg\u0259nc\u0259 v\u0259 pis r\u0259ftar\u0131n miqyas\u0131 hara \u00e7at\u0131r. \u00c7\u00fcnki bu hallar t\u0259kc\u0259 m\u0259nim saxlan\u0131ld\u0131\u011f\u0131m 8-ci korpusda yox, dig\u0259r korpuslarda v\u0259 m\u0259rt\u0259b\u0259l\u0259rd\u0259 d\u0259 ba\u015f verir\u201d, &#8211; <\/em>&#8220;AbzasMedia&#8221;n\u0131n direktoru vur\u011fulay\u0131b.<\/p>\n\n\n\n<p>Penitensiar Xidm\u0259t \u00dclvi H\u0259s\u0259nlinin yazd\u0131qlar\u0131 il\u0259 ba\u011fl\u0131 he\u00e7 bir a\u00e7\u0131qlama verm\u0259yib.<\/p>\n","protected":false},"excerpt":{"rendered":"","protected":false},"author":8,"featured_media":136914,"comment_status":"closed","ping_status":"closed","sticky":false,"template":"","format":"standard","meta":{"_acf_changed":false,"_sitemap_exclude":false,"_sitemap_priority":"","_sitemap_frequency":"","footnotes":""},"categories":[59,79,63,56],"tags":[],"class_list":["post-311879","post","type-post","status-publish","format-standard","has-post-thumbnail","hentry","category-siyaset","category-featured","category-video-2","category-xeberler","infinite-scroll-item","generate-columns","tablet-grid-50","mobile-grid-100","grid-parent","grid-33","no-featured-image-padding"],"acf":[],"yoast_head":"<!-- This site is optimized with the Yoast SEO plugin v27.4 - https:\/\/yoast.com\/product\/yoast-seo-wordpress\/ -->\n<title>\u00dclvi H\u0259s\u0259nli yaz\u0131r: M\u0259hbuslar \u201c\u0130sg\u0259nc\u0259y\u0259 yox!\u201d \u015f\u00fcar\u0131 alt\u0131nda d\u00f6y\u00fcl\u00fcr<\/title>\n<meta name=\"description\" content=\"\u201cAbzasMedia\u201dn\u0131n direktoru \u00dclvi H\u0259s\u0259nli saxlan\u0131ld\u0131\u011f\u0131 1 sayl\u0131 Bak\u0131 \u0130stintaq T\u0259cridxanas\u0131nda \u00fczl\u0259\u015fdiyi, e\u015fitdiyi i\u015fg\u0259nc\u0259 hallar\u0131ndan yaz\u0131b.\" \/>\n<meta name=\"robots\" content=\"index, follow, max-snippet:-1, max-image-preview:large, max-video-preview:-1\" \/>\n<link rel=\"canonical\" href=\"https:\/\/www.meydan.tv\/az\/article\/ulvi-hesenli-yazir-mehbuslar-ombudsmanin-divarlara-vurdugu-isgenceye-yox-suari-altinda-doyulur\/\" \/>\n<meta property=\"og:locale\" content=\"az_AZ\" \/>\n<meta property=\"og:type\" content=\"article\" \/>\n<meta property=\"og:title\" content=\"\u00dclvi H\u0259s\u0259nli yaz\u0131r: M\u0259hbuslar \u201c\u0130sg\u0259nc\u0259y\u0259 yox!\u201d \u015f\u00fcar\u0131 alt\u0131nda d\u00f6y\u00fcl\u00fcr\" \/>\n<meta property=\"og:description\" content=\"\u201cAbzasMedia\u201dn\u0131n direktoru \u00dclvi H\u0259s\u0259nli saxlan\u0131ld\u0131\u011f\u0131 1 sayl\u0131 Bak\u0131 \u0130stintaq T\u0259cridxanas\u0131nda \u00fczl\u0259\u015fdiyi, e\u015fitdiyi i\u015fg\u0259nc\u0259 hallar\u0131ndan yaz\u0131b.\" \/>\n<meta property=\"og:url\" content=\"https:\/\/www.meydan.tv\/az\/article\/ulvi-hesenli-yazir-mehbuslar-ombudsmanin-divarlara-vurdugu-isgenceye-yox-suari-altinda-doyulur\/\" \/>\n<meta property=\"og:site_name\" content=\"MEYDAN.TV\" \/>\n<meta property=\"article:published_time\" content=\"2024-07-31T14:10:02+00:00\" \/>\n<meta property=\"article:modified_time\" content=\"2024-08-01T18:45:59+00:00\" \/>\n<meta property=\"og:image\" content=\"https:\/\/www.meydan.tv\/wp-content\/uploads\/image_from_ios_3_5srselk-scaled-e1661965039947.jpg\" \/>\n\t<meta property=\"og:image:width\" content=\"2560\" \/>\n\t<meta property=\"og:image:height\" content=\"1516\" \/>\n\t<meta property=\"og:image:type\" content=\"image\/jpeg\" \/>\n<meta name=\"author\" content=\"elli\" \/>\n<meta name=\"twitter:card\" content=\"summary_large_image\" \/>\n<meta name=\"twitter:creator\" content=\"@elli\" \/>\n<script type=\"application\/ld+json\" class=\"yoast-schema-graph\">{\"@context\":\"https:\\\/\\\/schema.org\",\"@graph\":[{\"@type\":\"Article\",\"@id\":\"https:\\\/\\\/www.meydan.tv\\\/az\\\/article\\\/ulvi-hesenli-yazir-mehbuslar-ombudsmanin-divarlara-vurdugu-isgenceye-yox-suari-altinda-doyulur\\\/#article\",\"isPartOf\":{\"@id\":\"https:\\\/\\\/www.meydan.tv\\\/az\\\/article\\\/ulvi-hesenli-yazir-mehbuslar-ombudsmanin-divarlara-vurdugu-isgenceye-yox-suari-altinda-doyulur\\\/\"},\"author\":{\"name\":\"elli\",\"@id\":\"https:\\\/\\\/www.meydan.tv\\\/az\\\/#\\\/schema\\\/person\\\/9cdbecf90d17180ce1dfbd95b08dcf47\"},\"headline\":\"\u00dclvi H\u0259s\u0259nli yaz\u0131r: M\u0259hbuslar Ombudsman\u0131n divarlara vurdu\u011fu \u201c\u0130sg\u0259nc\u0259y\u0259 yox!\u201d \u015f\u00fcar\u0131 alt\u0131nda d\u00f6y\u00fcl\u00fcr\",\"datePublished\":\"2024-07-31T14:10:02+00:00\",\"dateModified\":\"2024-08-01T18:45:59+00:00\",\"mainEntityOfPage\":{\"@id\":\"https:\\\/\\\/www.meydan.tv\\\/az\\\/article\\\/ulvi-hesenli-yazir-mehbuslar-ombudsmanin-divarlara-vurdugu-isgenceye-yox-suari-altinda-doyulur\\\/\"},\"wordCount\":2304,\"publisher\":{\"@id\":\"https:\\\/\\\/www.meydan.tv\\\/az\\\/#organization\"},\"image\":{\"@id\":\"https:\\\/\\\/www.meydan.tv\\\/az\\\/article\\\/ulvi-hesenli-yazir-mehbuslar-ombudsmanin-divarlara-vurdugu-isgenceye-yox-suari-altinda-doyulur\\\/#primaryimage\"},\"thumbnailUrl\":\"https:\\\/\\\/www.meydan.tv\\\/wp-content\\\/uploads\\\/image_from_ios_3_5srselk-scaled-e1661965039947.jpg\",\"articleSection\":[\"Siyas\u0259t\",\"T\u00f6vsiy\u0259\",\"Video\",\"X\u0259b\u0259rl\u0259r\"],\"inLanguage\":\"az\"},{\"@type\":\"WebPage\",\"@id\":\"https:\\\/\\\/www.meydan.tv\\\/az\\\/article\\\/ulvi-hesenli-yazir-mehbuslar-ombudsmanin-divarlara-vurdugu-isgenceye-yox-suari-altinda-doyulur\\\/\",\"url\":\"https:\\\/\\\/www.meydan.tv\\\/az\\\/article\\\/ulvi-hesenli-yazir-mehbuslar-ombudsmanin-divarlara-vurdugu-isgenceye-yox-suari-altinda-doyulur\\\/\",\"name\":\"\u00dclvi H\u0259s\u0259nli yaz\u0131r: M\u0259hbuslar \u201c\u0130sg\u0259nc\u0259y\u0259 yox!\u201d \u015f\u00fcar\u0131 alt\u0131nda d\u00f6y\u00fcl\u00fcr\",\"isPartOf\":{\"@id\":\"https:\\\/\\\/www.meydan.tv\\\/az\\\/#website\"},\"primaryImageOfPage\":{\"@id\":\"https:\\\/\\\/www.meydan.tv\\\/az\\\/article\\\/ulvi-hesenli-yazir-mehbuslar-ombudsmanin-divarlara-vurdugu-isgenceye-yox-suari-altinda-doyulur\\\/#primaryimage\"},\"image\":{\"@id\":\"https:\\\/\\\/www.meydan.tv\\\/az\\\/article\\\/ulvi-hesenli-yazir-mehbuslar-ombudsmanin-divarlara-vurdugu-isgenceye-yox-suari-altinda-doyulur\\\/#primaryimage\"},\"thumbnailUrl\":\"https:\\\/\\\/www.meydan.tv\\\/wp-content\\\/uploads\\\/image_from_ios_3_5srselk-scaled-e1661965039947.jpg\",\"datePublished\":\"2024-07-31T14:10:02+00:00\",\"dateModified\":\"2024-08-01T18:45:59+00:00\",\"description\":\"\u201cAbzasMedia\u201dn\u0131n direktoru \u00dclvi H\u0259s\u0259nli saxlan\u0131ld\u0131\u011f\u0131 1 sayl\u0131 Bak\u0131 \u0130stintaq T\u0259cridxanas\u0131nda \u00fczl\u0259\u015fdiyi, e\u015fitdiyi i\u015fg\u0259nc\u0259 hallar\u0131ndan yaz\u0131b.\",\"breadcrumb\":{\"@id\":\"https:\\\/\\\/www.meydan.tv\\\/az\\\/article\\\/ulvi-hesenli-yazir-mehbuslar-ombudsmanin-divarlara-vurdugu-isgenceye-yox-suari-altinda-doyulur\\\/#breadcrumb\"},\"inLanguage\":\"az\",\"potentialAction\":[{\"@type\":\"ReadAction\",\"target\":[\"https:\\\/\\\/www.meydan.tv\\\/az\\\/article\\\/ulvi-hesenli-yazir-mehbuslar-ombudsmanin-divarlara-vurdugu-isgenceye-yox-suari-altinda-doyulur\\\/\"]}]},{\"@type\":\"ImageObject\",\"inLanguage\":\"az\",\"@id\":\"https:\\\/\\\/www.meydan.tv\\\/az\\\/article\\\/ulvi-hesenli-yazir-mehbuslar-ombudsmanin-divarlara-vurdugu-isgenceye-yox-suari-altinda-doyulur\\\/#primaryimage\",\"url\":\"https:\\\/\\\/www.meydan.tv\\\/wp-content\\\/uploads\\\/image_from_ios_3_5srselk-scaled-e1661965039947.jpg\",\"contentUrl\":\"https:\\\/\\\/www.meydan.tv\\\/wp-content\\\/uploads\\\/image_from_ios_3_5srselk-scaled-e1661965039947.jpg\",\"width\":2560,\"height\":1516,\"caption\":\"\u0130ll\u00fcstrasiya: Meydan TV\"},{\"@type\":\"BreadcrumbList\",\"@id\":\"https:\\\/\\\/www.meydan.tv\\\/az\\\/article\\\/ulvi-hesenli-yazir-mehbuslar-ombudsmanin-divarlara-vurdugu-isgenceye-yox-suari-altinda-doyulur\\\/#breadcrumb\",\"itemListElement\":[{\"@type\":\"ListItem\",\"position\":1,\"name\":\"Ana s\u0259hif\u0259\",\"item\":\"https:\\\/\\\/www.meydan.tv\\\/az\\\/\"},{\"@type\":\"ListItem\",\"position\":2,\"name\":\"Siyas\u0259t\",\"item\":\"https:\\\/\\\/www.meydan.tv\\\/az\\\/section\\\/siyaset\\\/\"},{\"@type\":\"ListItem\",\"position\":3,\"name\":\"\u00dclvi H\u0259s\u0259nli yaz\u0131r: M\u0259hbuslar Ombudsman\u0131n divarlara vurdu\u011fu \u201c\u0130sg\u0259nc\u0259y\u0259 yox!\u201d \u015f\u00fcar\u0131 alt\u0131nda d\u00f6y\u00fcl\u00fcr\"}]},{\"@type\":\"WebSite\",\"@id\":\"https:\\\/\\\/www.meydan.tv\\\/az\\\/#website\",\"url\":\"https:\\\/\\\/www.meydan.tv\\\/az\\\/\",\"name\":\"MEYDAN.TV\",\"description\":\"Meydan TV Az\u0259rbaycan\u0131n media m\u0259kan\u0131ndak\u0131 alternativ s\u0259sidir\",\"publisher\":{\"@id\":\"https:\\\/\\\/www.meydan.tv\\\/az\\\/#organization\"},\"potentialAction\":[{\"@type\":\"SearchAction\",\"target\":{\"@type\":\"EntryPoint\",\"urlTemplate\":\"https:\\\/\\\/www.meydan.tv\\\/az\\\/?s={search_term_string}\"},\"query-input\":{\"@type\":\"PropertyValueSpecification\",\"valueRequired\":true,\"valueName\":\"search_term_string\"}}],\"inLanguage\":\"az\"},{\"@type\":\"Organization\",\"@id\":\"https:\\\/\\\/www.meydan.tv\\\/az\\\/#organization\",\"name\":\"Meydan TV\",\"url\":\"https:\\\/\\\/www.meydan.tv\\\/az\\\/\",\"logo\":{\"@type\":\"ImageObject\",\"inLanguage\":\"az\",\"@id\":\"https:\\\/\\\/www.meydan.tv\\\/az\\\/#\\\/schema\\\/logo\\\/image\\\/\",\"url\":\"https:\\\/\\\/www.meydan.tv\\\/wp-content\\\/uploads\\\/2021\\\/07\\\/meydan-logo.svg\",\"contentUrl\":\"https:\\\/\\\/www.meydan.tv\\\/wp-content\\\/uploads\\\/2021\\\/07\\\/meydan-logo.svg\",\"width\":195,\"height\":46,\"caption\":\"Meydan TV\"},\"image\":{\"@id\":\"https:\\\/\\\/www.meydan.tv\\\/az\\\/#\\\/schema\\\/logo\\\/image\\\/\"}},{\"@type\":\"Person\",\"@id\":\"https:\\\/\\\/www.meydan.tv\\\/az\\\/#\\\/schema\\\/person\\\/9cdbecf90d17180ce1dfbd95b08dcf47\",\"name\":\"elli\",\"sameAs\":[\"https:\\\/\\\/x.com\\\/elli\"]}]}<\/script>\n<!-- \/ Yoast SEO plugin. -->","yoast_head_json":{"title":"\u00dclvi H\u0259s\u0259nli yaz\u0131r: M\u0259hbuslar \u201c\u0130sg\u0259nc\u0259y\u0259 yox!\u201d \u015f\u00fcar\u0131 alt\u0131nda d\u00f6y\u00fcl\u00fcr","description":"\u201cAbzasMedia\u201dn\u0131n direktoru \u00dclvi H\u0259s\u0259nli saxlan\u0131ld\u0131\u011f\u0131 1 sayl\u0131 Bak\u0131 \u0130stintaq T\u0259cridxanas\u0131nda \u00fczl\u0259\u015fdiyi, e\u015fitdiyi i\u015fg\u0259nc\u0259 hallar\u0131ndan yaz\u0131b.","robots":{"index":"index","follow":"follow","max-snippet":"max-snippet:-1","max-image-preview":"max-image-preview:large","max-video-preview":"max-video-preview:-1"},"canonical":"https:\/\/www.meydan.tv\/az\/article\/ulvi-hesenli-yazir-mehbuslar-ombudsmanin-divarlara-vurdugu-isgenceye-yox-suari-altinda-doyulur\/","og_locale":"az_AZ","og_type":"article","og_title":"\u00dclvi H\u0259s\u0259nli yaz\u0131r: M\u0259hbuslar \u201c\u0130sg\u0259nc\u0259y\u0259 yox!\u201d \u015f\u00fcar\u0131 alt\u0131nda d\u00f6y\u00fcl\u00fcr","og_description":"\u201cAbzasMedia\u201dn\u0131n direktoru \u00dclvi H\u0259s\u0259nli saxlan\u0131ld\u0131\u011f\u0131 1 sayl\u0131 Bak\u0131 \u0130stintaq T\u0259cridxanas\u0131nda \u00fczl\u0259\u015fdiyi, e\u015fitdiyi i\u015fg\u0259nc\u0259 hallar\u0131ndan yaz\u0131b.","og_url":"https:\/\/www.meydan.tv\/az\/article\/ulvi-hesenli-yazir-mehbuslar-ombudsmanin-divarlara-vurdugu-isgenceye-yox-suari-altinda-doyulur\/","og_site_name":"MEYDAN.TV","article_published_time":"2024-07-31T14:10:02+00:00","article_modified_time":"2024-08-01T18:45:59+00:00","og_image":[{"width":2560,"height":1516,"url":"https:\/\/www.meydan.tv\/wp-content\/uploads\/image_from_ios_3_5srselk-scaled-e1661965039947.jpg","type":"image\/jpeg"}],"author":"elli","twitter_card":"summary_large_image","twitter_creator":"@elli","schema":{"@context":"https:\/\/schema.org","@graph":[{"@type":"Article","@id":"https:\/\/www.meydan.tv\/az\/article\/ulvi-hesenli-yazir-mehbuslar-ombudsmanin-divarlara-vurdugu-isgenceye-yox-suari-altinda-doyulur\/#article","isPartOf":{"@id":"https:\/\/www.meydan.tv\/az\/article\/ulvi-hesenli-yazir-mehbuslar-ombudsmanin-divarlara-vurdugu-isgenceye-yox-suari-altinda-doyulur\/"},"author":{"name":"elli","@id":"https:\/\/www.meydan.tv\/az\/#\/schema\/person\/9cdbecf90d17180ce1dfbd95b08dcf47"},"headline":"\u00dclvi H\u0259s\u0259nli yaz\u0131r: M\u0259hbuslar Ombudsman\u0131n divarlara vurdu\u011fu \u201c\u0130sg\u0259nc\u0259y\u0259 yox!\u201d \u015f\u00fcar\u0131 alt\u0131nda d\u00f6y\u00fcl\u00fcr","datePublished":"2024-07-31T14:10:02+00:00","dateModified":"2024-08-01T18:45:59+00:00","mainEntityOfPage":{"@id":"https:\/\/www.meydan.tv\/az\/article\/ulvi-hesenli-yazir-mehbuslar-ombudsmanin-divarlara-vurdugu-isgenceye-yox-suari-altinda-doyulur\/"},"wordCount":2304,"publisher":{"@id":"https:\/\/www.meydan.tv\/az\/#organization"},"image":{"@id":"https:\/\/www.meydan.tv\/az\/article\/ulvi-hesenli-yazir-mehbuslar-ombudsmanin-divarlara-vurdugu-isgenceye-yox-suari-altinda-doyulur\/#primaryimage"},"thumbnailUrl":"https:\/\/www.meydan.tv\/wp-content\/uploads\/image_from_ios_3_5srselk-scaled-e1661965039947.jpg","articleSection":["Siyas\u0259t","T\u00f6vsiy\u0259","Video","X\u0259b\u0259rl\u0259r"],"inLanguage":"az"},{"@type":"WebPage","@id":"https:\/\/www.meydan.tv\/az\/article\/ulvi-hesenli-yazir-mehbuslar-ombudsmanin-divarlara-vurdugu-isgenceye-yox-suari-altinda-doyulur\/","url":"https:\/\/www.meydan.tv\/az\/article\/ulvi-hesenli-yazir-mehbuslar-ombudsmanin-divarlara-vurdugu-isgenceye-yox-suari-altinda-doyulur\/","name":"\u00dclvi H\u0259s\u0259nli yaz\u0131r: M\u0259hbuslar \u201c\u0130sg\u0259nc\u0259y\u0259 yox!\u201d \u015f\u00fcar\u0131 alt\u0131nda d\u00f6y\u00fcl\u00fcr","isPartOf":{"@id":"https:\/\/www.meydan.tv\/az\/#website"},"primaryImageOfPage":{"@id":"https:\/\/www.meydan.tv\/az\/article\/ulvi-hesenli-yazir-mehbuslar-ombudsmanin-divarlara-vurdugu-isgenceye-yox-suari-altinda-doyulur\/#primaryimage"},"image":{"@id":"https:\/\/www.meydan.tv\/az\/article\/ulvi-hesenli-yazir-mehbuslar-ombudsmanin-divarlara-vurdugu-isgenceye-yox-suari-altinda-doyulur\/#primaryimage"},"thumbnailUrl":"https:\/\/www.meydan.tv\/wp-content\/uploads\/image_from_ios_3_5srselk-scaled-e1661965039947.jpg","datePublished":"2024-07-31T14:10:02+00:00","dateModified":"2024-08-01T18:45:59+00:00","description":"\u201cAbzasMedia\u201dn\u0131n direktoru \u00dclvi H\u0259s\u0259nli saxlan\u0131ld\u0131\u011f\u0131 1 sayl\u0131 Bak\u0131 \u0130stintaq T\u0259cridxanas\u0131nda \u00fczl\u0259\u015fdiyi, e\u015fitdiyi i\u015fg\u0259nc\u0259 hallar\u0131ndan yaz\u0131b.","breadcrumb":{"@id":"https:\/\/www.meydan.tv\/az\/article\/ulvi-hesenli-yazir-mehbuslar-ombudsmanin-divarlara-vurdugu-isgenceye-yox-suari-altinda-doyulur\/#breadcrumb"},"inLanguage":"az","potentialAction":[{"@type":"ReadAction","target":["https:\/\/www.meydan.tv\/az\/article\/ulvi-hesenli-yazir-mehbuslar-ombudsmanin-divarlara-vurdugu-isgenceye-yox-suari-altinda-doyulur\/"]}]},{"@type":"ImageObject","inLanguage":"az","@id":"https:\/\/www.meydan.tv\/az\/article\/ulvi-hesenli-yazir-mehbuslar-ombudsmanin-divarlara-vurdugu-isgenceye-yox-suari-altinda-doyulur\/#primaryimage","url":"https:\/\/www.meydan.tv\/wp-content\/uploads\/image_from_ios_3_5srselk-scaled-e1661965039947.jpg","contentUrl":"https:\/\/www.meydan.tv\/wp-content\/uploads\/image_from_ios_3_5srselk-scaled-e1661965039947.jpg","width":2560,"height":1516,"caption":"\u0130ll\u00fcstrasiya: Meydan TV"},{"@type":"BreadcrumbList","@id":"https:\/\/www.meydan.tv\/az\/article\/ulvi-hesenli-yazir-mehbuslar-ombudsmanin-divarlara-vurdugu-isgenceye-yox-suari-altinda-doyulur\/#breadcrumb","itemListElement":[{"@type":"ListItem","position":1,"name":"Ana s\u0259hif\u0259","item":"https:\/\/www.meydan.tv\/az\/"},{"@type":"ListItem","position":2,"name":"Siyas\u0259t","item":"https:\/\/www.meydan.tv\/az\/section\/siyaset\/"},{"@type":"ListItem","position":3,"name":"\u00dclvi H\u0259s\u0259nli yaz\u0131r: M\u0259hbuslar Ombudsman\u0131n divarlara vurdu\u011fu \u201c\u0130sg\u0259nc\u0259y\u0259 yox!\u201d \u015f\u00fcar\u0131 alt\u0131nda d\u00f6y\u00fcl\u00fcr"}]},{"@type":"WebSite","@id":"https:\/\/www.meydan.tv\/az\/#website","url":"https:\/\/www.meydan.tv\/az\/","name":"MEYDAN.TV","description":"Meydan TV Az\u0259rbaycan\u0131n media m\u0259kan\u0131ndak\u0131 alternativ s\u0259sidir","publisher":{"@id":"https:\/\/www.meydan.tv\/az\/#organization"},"potentialAction":[{"@type":"SearchAction","target":{"@type":"EntryPoint","urlTemplate":"https:\/\/www.meydan.tv\/az\/?s={search_term_string}"},"query-input":{"@type":"PropertyValueSpecification","valueRequired":true,"valueName":"search_term_string"}}],"inLanguage":"az"},{"@type":"Organization","@id":"https:\/\/www.meydan.tv\/az\/#organization","name":"Meydan TV","url":"https:\/\/www.meydan.tv\/az\/","logo":{"@type":"ImageObject","inLanguage":"az","@id":"https:\/\/www.meydan.tv\/az\/#\/schema\/logo\/image\/","url":"https:\/\/www.meydan.tv\/wp-content\/uploads\/2021\/07\/meydan-logo.svg","contentUrl":"https:\/\/www.meydan.tv\/wp-content\/uploads\/2021\/07\/meydan-logo.svg","width":195,"height":46,"caption":"Meydan TV"},"image":{"@id":"https:\/\/www.meydan.tv\/az\/#\/schema\/logo\/image\/"}},{"@type":"Person","@id":"https:\/\/www.meydan.tv\/az\/#\/schema\/person\/9cdbecf90d17180ce1dfbd95b08dcf47","name":"elli","sameAs":["https:\/\/x.com\/elli"]}]}},"_links":{"self":[{"href":"https:\/\/www.meydan.tv\/az\/wp-json\/wp\/v2\/posts\/311879","targetHints":{"allow":["GET"]}}],"collection":[{"href":"https:\/\/www.meydan.tv\/az\/wp-json\/wp\/v2\/posts"}],"about":[{"href":"https:\/\/www.meydan.tv\/az\/wp-json\/wp\/v2\/types\/post"}],"author":[{"embeddable":true,"href":"https:\/\/www.meydan.tv\/az\/wp-json\/wp\/v2\/users\/8"}],"replies":[{"embeddable":true,"href":"https:\/\/www.meydan.tv\/az\/wp-json\/wp\/v2\/comments?post=311879"}],"version-history":[{"count":6,"href":"https:\/\/www.meydan.tv\/az\/wp-json\/wp\/v2\/posts\/311879\/revisions"}],"predecessor-version":[{"id":312034,"href":"https:\/\/www.meydan.tv\/az\/wp-json\/wp\/v2\/posts\/311879\/revisions\/312034"}],"wp:featuredmedia":[{"embeddable":true,"href":"https:\/\/www.meydan.tv\/az\/wp-json\/wp\/v2\/media\/136914"}],"wp:attachment":[{"href":"https:\/\/www.meydan.tv\/az\/wp-json\/wp\/v2\/media?parent=311879"}],"wp:term":[{"taxonomy":"category","embeddable":true,"href":"https:\/\/www.meydan.tv\/az\/wp-json\/wp\/v2\/categories?post=311879"},{"taxonomy":"post_tag","embeddable":true,"href":"https:\/\/www.meydan.tv\/az\/wp-json\/wp\/v2\/tags?post=311879"}],"curies":[{"name":"wp","href":"https:\/\/api.w.org\/{rel}","templated":true}]}}