{"id":311839,"date":"2024-07-31T15:29:52","date_gmt":"2024-07-31T11:29:52","guid":{"rendered":"https:\/\/www.meydan.tv\/?p=311839"},"modified":"2024-07-31T15:29:54","modified_gmt":"2024-07-31T11:29:54","slug":"mn-4-herbcinin-cimerken-zeherlenib-olduyunu-deyir","status":"publish","type":"post","link":"https:\/\/www.meydan.tv\/az\/article\/mn-4-herbcinin-cimerken-zeherlenib-olduyunu-deyir\/","title":{"rendered":"MN 4 h\u0259rb\u00e7inin \u00e7im\u0259rk\u0259n z\u0259h\u0259rl\u0259nib \u00f6ld\u00fcy\u00fcn\u00fc deyir"},"content":{"rendered":"\n<p><\/p>\n\n\n\n<p><strong><em>Qubadl\u0131 H\u0259rbi Prokurorlu\u011funda ara\u015fd\u0131rma apar\u0131l\u0131r<\/em><\/strong><\/p>\n\n\n\n<p>La\u00e7\u0131n rayonu \u0259razisind\u0259 Az\u0259rbaycan Ordusunun 4 h\u0259rbi qulluq\u00e7usu h\u0259yat\u0131n\u0131 itirib.<\/p>\n\n\n\n<p>M\u00fcdafi\u0259 Nazirliyinin yayd\u0131\u011f\u0131 m\u0259lumatda deyilir ki, iyulun 30-da xidm\u0259td\u0259nk\u0259nar saatlarda La\u00e7\u0131n rayonu \u0259razisind\u0259 k\u00fck\u00fcrd qazl\u0131 termal sularda \u00e7im\u0259rk\u0259n ilkin ehtimala g\u00f6r\u0259 z\u0259h\u0259rl\u0259n\u0259n kapitan Asif Emnal\u0131yev, gizir F\u0259rid C\u0259bray\u0131lov, m\u00fcdd\u0259td\u0259n art\u0131q h\u0259qiqi h\u0259rbi xidm\u0259t h\u0259rbi qulluq\u00e7ular\u0131 \u00e7avu\u015flar Tural S\u0259m\u0259dov v\u0259 Emin \u015eahmarl\u0131n\u0131n meyitl\u0259ri a\u015fkar edilib.<\/p>\n\n\n\n<p>Az\u0259rbaycan H\u0259rbi Prokurorlu\u011funun M\u0259tbuat Xidm\u0259tinin r\u0259hb\u0259ri Firad \u018fliyev Meydan TV-y\u0259 deyib ki, Qubadl\u0131 H\u0259rbi Prokurorlu\u011funa daxil olan m\u0259lumat \u0259sas\u0131nda Kriminalistika v\u0259 \u0130nformasiya Texnologiyalar\u0131 idar\u0259sinin \u0259m\u0259kda\u015flar\u0131 t\u0259r\u0259find\u0259n hadis\u0259 yerin\u0259 v\u0259 meyitl\u0259r\u0259 bax\u0131\u015f ke\u00e7irilib:<\/p>\n\n\n\n<p><em>&#8220;\u0130\u015f \u00fc\u00e7\u00fcn \u0259h\u0259miyy\u0259t k\u0259sb ed\u0259n predmetl\u0259r maddi s\u00fcbut kimi g\u00f6t\u00fcr\u00fcl\u00fcb, m\u00fcvafiq ekspertizalar t\u0259yin edil\u0259r\u0259k, icraya y\u00f6n\u0259ldilib. El\u0259c\u0259 d\u0259 izahatlar al\u0131n\u0131b v\u0259 dig\u0259r h\u0259r\u0259k\u0259tl\u0259r icra edilib&#8221;<\/em>.<\/p>\n\n\n\n<p>Firad \u018fliyevin s\u00f6zl\u0259rin\u0259 g\u00f6r\u0259,haz\u0131rda Qubadl\u0131 H\u0259rbi Prokurorlu\u011funda ara\u015fd\u0131rma davam etdirilir.<\/p>\n\n\n\n<p>Meydan TV h\u0259yat\u0131n\u0131 itir\u0259n h\u0259rb\u00e7il\u0259rin yax\u0131nlar\u0131 il\u0259 \u0259laq\u0259 saxlaya bilm\u0259yib.<\/p>\n","protected":false},"excerpt":{"rendered":"<p>Qubadl\u0131 H\u0259rbi Prokurorlu\u011funda ara\u015fd\u0131rma apar\u0131l\u0131r La\u00e7\u0131n rayonu \u0259razisind\u0259 Az\u0259rbaycan Ordusunun &#8230; <\/p>\n<p class=\"read-more-container\"><a title=\"MN 4 h\u0259rb\u00e7inin \u00e7im\u0259rk\u0259n z\u0259h\u0259rl\u0259nib \u00f6ld\u00fcy\u00fcn\u00fc deyir\" class=\"read-more button\" href=\"https:\/\/www.meydan.tv\/az\/article\/mn-4-herbcinin-cimerken-zeherlenib-olduyunu-deyir\/#more-311839\" aria-label=\"Read more about MN 4 h\u0259rb\u00e7inin \u00e7im\u0259rk\u0259n z\u0259h\u0259rl\u0259nib \u00f6ld\u00fcy\u00fcn\u00fc deyir\">Davam\u0131<\/a><\/p>\n","protected":false},"author":8,"featured_media":107616,"comment_status":"closed","ping_status":"closed","sticky":false,"template":"","format":"standard","meta":{"_acf_changed":false,"_sitemap_exclude":false,"_sitemap_priority":"","_sitemap_frequency":"","footnotes":""},"categories":[62,79,56],"tags":[],"class_list":["post-311839","post","type-post","status-publish","format-standard","has-post-thumbnail","hentry","category-sosial","category-featured","category-xeberler","infinite-scroll-item","generate-columns","tablet-grid-50","mobile-grid-100","grid-parent","grid-33","no-featured-image-padding"],"acf":[],"yoast_head":"<!-- This site is optimized with the Yoast SEO plugin v27.5 - https:\/\/yoast.com\/product\/yoast-seo-wordpress\/ -->\n<title>MN 4 h\u0259rb\u00e7inin \u00e7im\u0259rk\u0259n z\u0259h\u0259rl\u0259nib \u00f6ld\u00fcy\u00fcn\u00fc deyir - MEYDAN.TV<\/title>\n<meta name=\"description\" content=\"\u0130\u015f \u00fc\u00e7\u00fcn \u0259h\u0259miyy\u0259t k\u0259sb ed\u0259n predmetl\u0259r maddi s\u00fcbut kimi g\u00f6t\u00fcr\u00fcl\u00fcb, m\u00fcvafiq ekspertizalar t\u0259yin edil\u0259r\u0259k, icraya y\u00f6n\u0259ldilib.\" \/>\n<meta name=\"robots\" content=\"index, follow, max-snippet:-1, max-image-preview:large, max-video-preview:-1\" \/>\n<link rel=\"canonical\" href=\"https:\/\/www.meydan.tv\/az\/article\/mn-4-herbcinin-cimerken-zeherlenib-olduyunu-deyir\/\" \/>\n<meta property=\"og:locale\" content=\"az_AZ\" \/>\n<meta property=\"og:type\" content=\"article\" \/>\n<meta property=\"og:title\" content=\"MN 4 h\u0259rb\u00e7inin \u00e7im\u0259rk\u0259n z\u0259h\u0259rl\u0259nib \u00f6ld\u00fcy\u00fcn\u00fc deyir - MEYDAN.TV\" \/>\n<meta property=\"og:description\" content=\"\u0130\u015f \u00fc\u00e7\u00fcn \u0259h\u0259miyy\u0259t k\u0259sb ed\u0259n predmetl\u0259r maddi s\u00fcbut kimi g\u00f6t\u00fcr\u00fcl\u00fcb, m\u00fcvafiq ekspertizalar t\u0259yin edil\u0259r\u0259k, icraya y\u00f6n\u0259ldilib.\" \/>\n<meta property=\"og:url\" content=\"https:\/\/www.meydan.tv\/az\/article\/mn-4-herbcinin-cimerken-zeherlenib-olduyunu-deyir\/\" \/>\n<meta property=\"og:site_name\" content=\"MEYDAN.TV\" \/>\n<meta property=\"article:published_time\" content=\"2024-07-31T11:29:52+00:00\" \/>\n<meta property=\"article:modified_time\" content=\"2024-07-31T11:29:54+00:00\" \/>\n<meta property=\"og:image\" content=\"https:\/\/www.meydan.tv\/wp-content\/uploads\/42737.jpg\" \/>\n\t<meta property=\"og:image:width\" content=\"1200\" \/>\n\t<meta property=\"og:image:height\" content=\"800\" \/>\n\t<meta property=\"og:image:type\" content=\"image\/jpeg\" \/>\n<meta name=\"author\" content=\"elli\" \/>\n<meta name=\"twitter:card\" content=\"summary_large_image\" \/>\n<meta name=\"twitter:creator\" content=\"@elli\" \/>\n<script type=\"application\/ld+json\" class=\"yoast-schema-graph\">{\"@context\":\"https:\\\/\\\/schema.org\",\"@graph\":[{\"@type\":\"Article\",\"@id\":\"https:\\\/\\\/www.meydan.tv\\\/az\\\/article\\\/mn-4-herbcinin-cimerken-zeherlenib-olduyunu-deyir\\\/#article\",\"isPartOf\":{\"@id\":\"https:\\\/\\\/www.meydan.tv\\\/az\\\/article\\\/mn-4-herbcinin-cimerken-zeherlenib-olduyunu-deyir\\\/\"},\"author\":{\"name\":\"elli\",\"@id\":\"https:\\\/\\\/www.meydan.tv\\\/az\\\/#\\\/schema\\\/person\\\/9cdbecf90d17180ce1dfbd95b08dcf47\"},\"headline\":\"MN 4 h\u0259rb\u00e7inin \u00e7im\u0259rk\u0259n z\u0259h\u0259rl\u0259nib \u00f6ld\u00fcy\u00fcn\u00fc deyir\",\"datePublished\":\"2024-07-31T11:29:52+00:00\",\"dateModified\":\"2024-07-31T11:29:54+00:00\",\"mainEntityOfPage\":{\"@id\":\"https:\\\/\\\/www.meydan.tv\\\/az\\\/article\\\/mn-4-herbcinin-cimerken-zeherlenib-olduyunu-deyir\\\/\"},\"wordCount\":256,\"publisher\":{\"@id\":\"https:\\\/\\\/www.meydan.tv\\\/az\\\/#organization\"},\"image\":{\"@id\":\"https:\\\/\\\/www.meydan.tv\\\/az\\\/article\\\/mn-4-herbcinin-cimerken-zeherlenib-olduyunu-deyir\\\/#primaryimage\"},\"thumbnailUrl\":\"https:\\\/\\\/www.meydan.tv\\\/wp-content\\\/uploads\\\/42737.jpg\",\"articleSection\":[\"Sosial\",\"T\u00f6vsiy\u0259\",\"X\u0259b\u0259rl\u0259r\"],\"inLanguage\":\"az\"},{\"@type\":\"WebPage\",\"@id\":\"https:\\\/\\\/www.meydan.tv\\\/az\\\/article\\\/mn-4-herbcinin-cimerken-zeherlenib-olduyunu-deyir\\\/\",\"url\":\"https:\\\/\\\/www.meydan.tv\\\/az\\\/article\\\/mn-4-herbcinin-cimerken-zeherlenib-olduyunu-deyir\\\/\",\"name\":\"MN 4 h\u0259rb\u00e7inin \u00e7im\u0259rk\u0259n z\u0259h\u0259rl\u0259nib \u00f6ld\u00fcy\u00fcn\u00fc deyir - MEYDAN.TV\",\"isPartOf\":{\"@id\":\"https:\\\/\\\/www.meydan.tv\\\/az\\\/#website\"},\"primaryImageOfPage\":{\"@id\":\"https:\\\/\\\/www.meydan.tv\\\/az\\\/article\\\/mn-4-herbcinin-cimerken-zeherlenib-olduyunu-deyir\\\/#primaryimage\"},\"image\":{\"@id\":\"https:\\\/\\\/www.meydan.tv\\\/az\\\/article\\\/mn-4-herbcinin-cimerken-zeherlenib-olduyunu-deyir\\\/#primaryimage\"},\"thumbnailUrl\":\"https:\\\/\\\/www.meydan.tv\\\/wp-content\\\/uploads\\\/42737.jpg\",\"datePublished\":\"2024-07-31T11:29:52+00:00\",\"dateModified\":\"2024-07-31T11:29:54+00:00\",\"description\":\"\u0130\u015f \u00fc\u00e7\u00fcn \u0259h\u0259miyy\u0259t k\u0259sb ed\u0259n predmetl\u0259r maddi s\u00fcbut kimi g\u00f6t\u00fcr\u00fcl\u00fcb, m\u00fcvafiq ekspertizalar t\u0259yin edil\u0259r\u0259k, icraya y\u00f6n\u0259ldilib.\",\"breadcrumb\":{\"@id\":\"https:\\\/\\\/www.meydan.tv\\\/az\\\/article\\\/mn-4-herbcinin-cimerken-zeherlenib-olduyunu-deyir\\\/#breadcrumb\"},\"inLanguage\":\"az\",\"potentialAction\":[{\"@type\":\"ReadAction\",\"target\":[\"https:\\\/\\\/www.meydan.tv\\\/az\\\/article\\\/mn-4-herbcinin-cimerken-zeherlenib-olduyunu-deyir\\\/\"]}]},{\"@type\":\"ImageObject\",\"inLanguage\":\"az\",\"@id\":\"https:\\\/\\\/www.meydan.tv\\\/az\\\/article\\\/mn-4-herbcinin-cimerken-zeherlenib-olduyunu-deyir\\\/#primaryimage\",\"url\":\"https:\\\/\\\/www.meydan.tv\\\/wp-content\\\/uploads\\\/42737.jpg\",\"contentUrl\":\"https:\\\/\\\/www.meydan.tv\\\/wp-content\\\/uploads\\\/42737.jpg\",\"width\":1200,\"height\":800,\"caption\":\"Foto: M\u00fcdafi\u0259 Nazirliyi\"},{\"@type\":\"BreadcrumbList\",\"@id\":\"https:\\\/\\\/www.meydan.tv\\\/az\\\/article\\\/mn-4-herbcinin-cimerken-zeherlenib-olduyunu-deyir\\\/#breadcrumb\",\"itemListElement\":[{\"@type\":\"ListItem\",\"position\":1,\"name\":\"Ana s\u0259hif\u0259\",\"item\":\"https:\\\/\\\/www.meydan.tv\\\/az\\\/\"},{\"@type\":\"ListItem\",\"position\":2,\"name\":\"Sosial\",\"item\":\"https:\\\/\\\/www.meydan.tv\\\/az\\\/section\\\/sosial\\\/\"},{\"@type\":\"ListItem\",\"position\":3,\"name\":\"MN 4 h\u0259rb\u00e7inin \u00e7im\u0259rk\u0259n z\u0259h\u0259rl\u0259nib \u00f6ld\u00fcy\u00fcn\u00fc deyir\"}]},{\"@type\":\"WebSite\",\"@id\":\"https:\\\/\\\/www.meydan.tv\\\/az\\\/#website\",\"url\":\"https:\\\/\\\/www.meydan.tv\\\/az\\\/\",\"name\":\"MEYDAN.TV\",\"description\":\"Meydan TV Az\u0259rbaycan\u0131n media m\u0259kan\u0131ndak\u0131 alternativ s\u0259sidir\",\"publisher\":{\"@id\":\"https:\\\/\\\/www.meydan.tv\\\/az\\\/#organization\"},\"potentialAction\":[{\"@type\":\"SearchAction\",\"target\":{\"@type\":\"EntryPoint\",\"urlTemplate\":\"https:\\\/\\\/www.meydan.tv\\\/az\\\/?s={search_term_string}\"},\"query-input\":{\"@type\":\"PropertyValueSpecification\",\"valueRequired\":true,\"valueName\":\"search_term_string\"}}],\"inLanguage\":\"az\"},{\"@type\":\"Organization\",\"@id\":\"https:\\\/\\\/www.meydan.tv\\\/az\\\/#organization\",\"name\":\"Meydan TV\",\"url\":\"https:\\\/\\\/www.meydan.tv\\\/az\\\/\",\"logo\":{\"@type\":\"ImageObject\",\"inLanguage\":\"az\",\"@id\":\"https:\\\/\\\/www.meydan.tv\\\/az\\\/#\\\/schema\\\/logo\\\/image\\\/\",\"url\":\"https:\\\/\\\/www.meydan.tv\\\/wp-content\\\/uploads\\\/2021\\\/07\\\/meydan-logo.svg\",\"contentUrl\":\"https:\\\/\\\/www.meydan.tv\\\/wp-content\\\/uploads\\\/2021\\\/07\\\/meydan-logo.svg\",\"width\":195,\"height\":46,\"caption\":\"Meydan TV\"},\"image\":{\"@id\":\"https:\\\/\\\/www.meydan.tv\\\/az\\\/#\\\/schema\\\/logo\\\/image\\\/\"}},{\"@type\":\"Person\",\"@id\":\"https:\\\/\\\/www.meydan.tv\\\/az\\\/#\\\/schema\\\/person\\\/9cdbecf90d17180ce1dfbd95b08dcf47\",\"name\":\"elli\",\"sameAs\":[\"https:\\\/\\\/x.com\\\/elli\"]}]}<\/script>\n<!-- \/ Yoast SEO plugin. -->","yoast_head_json":{"title":"MN 4 h\u0259rb\u00e7inin \u00e7im\u0259rk\u0259n z\u0259h\u0259rl\u0259nib \u00f6ld\u00fcy\u00fcn\u00fc deyir - MEYDAN.TV","description":"\u0130\u015f \u00fc\u00e7\u00fcn \u0259h\u0259miyy\u0259t k\u0259sb ed\u0259n predmetl\u0259r maddi s\u00fcbut kimi g\u00f6t\u00fcr\u00fcl\u00fcb, m\u00fcvafiq ekspertizalar t\u0259yin edil\u0259r\u0259k, icraya y\u00f6n\u0259ldilib.","robots":{"index":"index","follow":"follow","max-snippet":"max-snippet:-1","max-image-preview":"max-image-preview:large","max-video-preview":"max-video-preview:-1"},"canonical":"https:\/\/www.meydan.tv\/az\/article\/mn-4-herbcinin-cimerken-zeherlenib-olduyunu-deyir\/","og_locale":"az_AZ","og_type":"article","og_title":"MN 4 h\u0259rb\u00e7inin \u00e7im\u0259rk\u0259n z\u0259h\u0259rl\u0259nib \u00f6ld\u00fcy\u00fcn\u00fc deyir - MEYDAN.TV","og_description":"\u0130\u015f \u00fc\u00e7\u00fcn \u0259h\u0259miyy\u0259t k\u0259sb ed\u0259n predmetl\u0259r maddi s\u00fcbut kimi g\u00f6t\u00fcr\u00fcl\u00fcb, m\u00fcvafiq ekspertizalar t\u0259yin edil\u0259r\u0259k, icraya y\u00f6n\u0259ldilib.","og_url":"https:\/\/www.meydan.tv\/az\/article\/mn-4-herbcinin-cimerken-zeherlenib-olduyunu-deyir\/","og_site_name":"MEYDAN.TV","article_published_time":"2024-07-31T11:29:52+00:00","article_modified_time":"2024-07-31T11:29:54+00:00","og_image":[{"width":1200,"height":800,"url":"https:\/\/www.meydan.tv\/wp-content\/uploads\/42737.jpg","type":"image\/jpeg"}],"author":"elli","twitter_card":"summary_large_image","twitter_creator":"@elli","schema":{"@context":"https:\/\/schema.org","@graph":[{"@type":"Article","@id":"https:\/\/www.meydan.tv\/az\/article\/mn-4-herbcinin-cimerken-zeherlenib-olduyunu-deyir\/#article","isPartOf":{"@id":"https:\/\/www.meydan.tv\/az\/article\/mn-4-herbcinin-cimerken-zeherlenib-olduyunu-deyir\/"},"author":{"name":"elli","@id":"https:\/\/www.meydan.tv\/az\/#\/schema\/person\/9cdbecf90d17180ce1dfbd95b08dcf47"},"headline":"MN 4 h\u0259rb\u00e7inin \u00e7im\u0259rk\u0259n z\u0259h\u0259rl\u0259nib \u00f6ld\u00fcy\u00fcn\u00fc deyir","datePublished":"2024-07-31T11:29:52+00:00","dateModified":"2024-07-31T11:29:54+00:00","mainEntityOfPage":{"@id":"https:\/\/www.meydan.tv\/az\/article\/mn-4-herbcinin-cimerken-zeherlenib-olduyunu-deyir\/"},"wordCount":256,"publisher":{"@id":"https:\/\/www.meydan.tv\/az\/#organization"},"image":{"@id":"https:\/\/www.meydan.tv\/az\/article\/mn-4-herbcinin-cimerken-zeherlenib-olduyunu-deyir\/#primaryimage"},"thumbnailUrl":"https:\/\/www.meydan.tv\/wp-content\/uploads\/42737.jpg","articleSection":["Sosial","T\u00f6vsiy\u0259","X\u0259b\u0259rl\u0259r"],"inLanguage":"az"},{"@type":"WebPage","@id":"https:\/\/www.meydan.tv\/az\/article\/mn-4-herbcinin-cimerken-zeherlenib-olduyunu-deyir\/","url":"https:\/\/www.meydan.tv\/az\/article\/mn-4-herbcinin-cimerken-zeherlenib-olduyunu-deyir\/","name":"MN 4 h\u0259rb\u00e7inin \u00e7im\u0259rk\u0259n z\u0259h\u0259rl\u0259nib \u00f6ld\u00fcy\u00fcn\u00fc deyir - MEYDAN.TV","isPartOf":{"@id":"https:\/\/www.meydan.tv\/az\/#website"},"primaryImageOfPage":{"@id":"https:\/\/www.meydan.tv\/az\/article\/mn-4-herbcinin-cimerken-zeherlenib-olduyunu-deyir\/#primaryimage"},"image":{"@id":"https:\/\/www.meydan.tv\/az\/article\/mn-4-herbcinin-cimerken-zeherlenib-olduyunu-deyir\/#primaryimage"},"thumbnailUrl":"https:\/\/www.meydan.tv\/wp-content\/uploads\/42737.jpg","datePublished":"2024-07-31T11:29:52+00:00","dateModified":"2024-07-31T11:29:54+00:00","description":"\u0130\u015f \u00fc\u00e7\u00fcn \u0259h\u0259miyy\u0259t k\u0259sb ed\u0259n predmetl\u0259r maddi s\u00fcbut kimi g\u00f6t\u00fcr\u00fcl\u00fcb, m\u00fcvafiq ekspertizalar t\u0259yin edil\u0259r\u0259k, icraya y\u00f6n\u0259ldilib.","breadcrumb":{"@id":"https:\/\/www.meydan.tv\/az\/article\/mn-4-herbcinin-cimerken-zeherlenib-olduyunu-deyir\/#breadcrumb"},"inLanguage":"az","potentialAction":[{"@type":"ReadAction","target":["https:\/\/www.meydan.tv\/az\/article\/mn-4-herbcinin-cimerken-zeherlenib-olduyunu-deyir\/"]}]},{"@type":"ImageObject","inLanguage":"az","@id":"https:\/\/www.meydan.tv\/az\/article\/mn-4-herbcinin-cimerken-zeherlenib-olduyunu-deyir\/#primaryimage","url":"https:\/\/www.meydan.tv\/wp-content\/uploads\/42737.jpg","contentUrl":"https:\/\/www.meydan.tv\/wp-content\/uploads\/42737.jpg","width":1200,"height":800,"caption":"Foto: M\u00fcdafi\u0259 Nazirliyi"},{"@type":"BreadcrumbList","@id":"https:\/\/www.meydan.tv\/az\/article\/mn-4-herbcinin-cimerken-zeherlenib-olduyunu-deyir\/#breadcrumb","itemListElement":[{"@type":"ListItem","position":1,"name":"Ana s\u0259hif\u0259","item":"https:\/\/www.meydan.tv\/az\/"},{"@type":"ListItem","position":2,"name":"Sosial","item":"https:\/\/www.meydan.tv\/az\/section\/sosial\/"},{"@type":"ListItem","position":3,"name":"MN 4 h\u0259rb\u00e7inin \u00e7im\u0259rk\u0259n z\u0259h\u0259rl\u0259nib \u00f6ld\u00fcy\u00fcn\u00fc deyir"}]},{"@type":"WebSite","@id":"https:\/\/www.meydan.tv\/az\/#website","url":"https:\/\/www.meydan.tv\/az\/","name":"MEYDAN.TV","description":"Meydan TV Az\u0259rbaycan\u0131n media m\u0259kan\u0131ndak\u0131 alternativ s\u0259sidir","publisher":{"@id":"https:\/\/www.meydan.tv\/az\/#organization"},"potentialAction":[{"@type":"SearchAction","target":{"@type":"EntryPoint","urlTemplate":"https:\/\/www.meydan.tv\/az\/?s={search_term_string}"},"query-input":{"@type":"PropertyValueSpecification","valueRequired":true,"valueName":"search_term_string"}}],"inLanguage":"az"},{"@type":"Organization","@id":"https:\/\/www.meydan.tv\/az\/#organization","name":"Meydan TV","url":"https:\/\/www.meydan.tv\/az\/","logo":{"@type":"ImageObject","inLanguage":"az","@id":"https:\/\/www.meydan.tv\/az\/#\/schema\/logo\/image\/","url":"https:\/\/www.meydan.tv\/wp-content\/uploads\/2021\/07\/meydan-logo.svg","contentUrl":"https:\/\/www.meydan.tv\/wp-content\/uploads\/2021\/07\/meydan-logo.svg","width":195,"height":46,"caption":"Meydan TV"},"image":{"@id":"https:\/\/www.meydan.tv\/az\/#\/schema\/logo\/image\/"}},{"@type":"Person","@id":"https:\/\/www.meydan.tv\/az\/#\/schema\/person\/9cdbecf90d17180ce1dfbd95b08dcf47","name":"elli","sameAs":["https:\/\/x.com\/elli"]}]}},"_links":{"self":[{"href":"https:\/\/www.meydan.tv\/az\/wp-json\/wp\/v2\/posts\/311839","targetHints":{"allow":["GET"]}}],"collection":[{"href":"https:\/\/www.meydan.tv\/az\/wp-json\/wp\/v2\/posts"}],"about":[{"href":"https:\/\/www.meydan.tv\/az\/wp-json\/wp\/v2\/types\/post"}],"author":[{"embeddable":true,"href":"https:\/\/www.meydan.tv\/az\/wp-json\/wp\/v2\/users\/8"}],"replies":[{"embeddable":true,"href":"https:\/\/www.meydan.tv\/az\/wp-json\/wp\/v2\/comments?post=311839"}],"version-history":[{"count":1,"href":"https:\/\/www.meydan.tv\/az\/wp-json\/wp\/v2\/posts\/311839\/revisions"}],"predecessor-version":[{"id":311840,"href":"https:\/\/www.meydan.tv\/az\/wp-json\/wp\/v2\/posts\/311839\/revisions\/311840"}],"wp:featuredmedia":[{"embeddable":true,"href":"https:\/\/www.meydan.tv\/az\/wp-json\/wp\/v2\/media\/107616"}],"wp:attachment":[{"href":"https:\/\/www.meydan.tv\/az\/wp-json\/wp\/v2\/media?parent=311839"}],"wp:term":[{"taxonomy":"category","embeddable":true,"href":"https:\/\/www.meydan.tv\/az\/wp-json\/wp\/v2\/categories?post=311839"},{"taxonomy":"post_tag","embeddable":true,"href":"https:\/\/www.meydan.tv\/az\/wp-json\/wp\/v2\/tags?post=311839"}],"curies":[{"name":"wp","href":"https:\/\/api.w.org\/{rel}","templated":true}]}}