{"id":311799,"date":"2024-07-31T11:54:18","date_gmt":"2024-07-31T07:54:18","guid":{"rendered":"https:\/\/www.meydan.tv\/?p=311799"},"modified":"2024-07-31T11:54:22","modified_gmt":"2024-07-31T07:54:22","slug":"mezahir-penahov-25-partiya-seckilerde-istirak-edecek","status":"publish","type":"post","link":"https:\/\/www.meydan.tv\/az\/article\/mezahir-penahov-25-partiya-seckilerde-istirak-edecek\/","title":{"rendered":"M\u0259zahir P\u0259nahov: 25 partiya se\u00e7kil\u0259rd\u0259 i\u015ftirak ed\u0259c\u0259k"},"content":{"rendered":"\n<p><\/p>\n\n\n\n<p><strong><em>&#8220;\u0130ndiy\u0259d\u0259k qeyd\u0259 al\u0131nan namiz\u0259dl\u0259rin say\u0131 390 n\u0259f\u0259r\u0259 \u00e7at\u0131r&#8221;<\/em><\/strong><\/p>\n\n\n\n<p>Az\u0259rbaycanda sentyabr\u0131n 1-d\u0259 ke\u00e7iril\u0259c\u0259k n\u00f6vb\u0259d\u0259nk\u0259nar parlament se\u00e7kil\u0259rind\u0259 ilk d\u0259f\u0259 26 siyasi partiyan\u0131n 25-i parlament se\u00e7kil\u0259rind\u0259 i\u015ftirak ed\u0259c\u0259k.<\/p>\n\n\n\n<p>Bu bar\u0259d\u0259 iyulun 31-d\u0259 M\u0259rk\u0259zi Se\u00e7ki Komissiyas\u0131n\u0131n (MSK) s\u0259dri M\u0259zahir P\u0259nahov jurnalistl\u0259r\u0259 <a href=\"https:\/\/azertag.az\/xeber\/mezahir_penahov_ilk_defe_26_siyasi_partiyanin_25_i_parlament_sechkilerinde_istirak_edecek-3119082\" target=\"_blank\" rel=\"noreferrer noopener\">deyib.<\/a><\/p>\n\n\n\n<p>MSK s\u0259dri bildirib ki, deputatl\u0131\u011fa namiz\u0259dliyini ir\u0259li s\u00fcr\u0259nl\u0259rd\u0259n 1200-d\u0259n \u00e7oxu imza v\u0259r\u0259q\u0259si al\u0131b, t\u0259qrib\u0259n 660 n\u0259f\u0259r is\u0259 imza v\u0259r\u0259q\u0259l\u0259rini qaytar\u0131b:<\/p>\n\n\n\n<p><em>&#8220;\u0130ndiy\u0259d\u0259k qeyd\u0259 al\u0131nan namiz\u0259dl\u0259rin say\u0131 390 n\u0259f\u0259r\u0259 <a href=\"https:\/\/azertag.az\/xeber\/mezahir_penahov_indiyedek_namizedlikleri_qeyde_alinanlarin_sayi_390_nefere_chatir-3119070\" target=\"_blank\" rel=\"noreferrer noopener\">\u00e7at\u0131r&#8221;<\/a><\/em><a href=\"https:\/\/azertag.az\/xeber\/mezahir_penahov_indiyedek_namizedlikleri_qeyde_alinanlarin_sayi_390_nefere_chatir-3119070\">.<\/a><\/p>\n\n\n\n<p>Onun s\u00f6zl\u0259rin\u0259 g\u00f6r\u0259, se\u00e7icil\u0259r azad edilmi\u015f \u0259razil\u0259rd\u0259 50-d\u0259n \u00e7ox se\u00e7ki m\u0259nt\u0259q\u0259sind\u0259 s\u0259s ver\u0259 bil\u0259c\u0259kl\u0259r:<\/p>\n\n\n\n<p>&#8220;<em>Bunlardan 34-\u00fc daimi se\u00e7ki m\u0259nt\u0259q\u0259si olacaq&#8221;.<\/em><\/p>\n\n\n\n<p><strong>Parlament se\u00e7kiy\u0259 gedir<\/strong><\/p>\n\n\n\n<p>2024-c\u00fc il iyunun 21-d\u0259 Az\u0259rbaycan parlamenti \u00f6z\u00fcn\u00fcn burax\u0131lmas\u0131 v\u0259 Milli M\u0259clis\u0259 n\u00f6vb\u0259d\u0259nk\u0259nar se\u00e7kil\u0259rin t\u0259yin olunmas\u0131 il\u0259 ba\u011fl\u0131 Prezident \u0130lham \u018fliyev\u0259 m\u00fcraci\u0259t edib.<br>\u0130yunun 28-d\u0259 \u0130lham \u018fliyev Milli M\u0259clisin burax\u0131lmas\u0131 v\u0259 sentyabr\u0131n 1-d\u0259 erk\u0259n se\u00e7ki ke\u00e7irilm\u0259si il\u0259 ba\u011fl\u0131 s\u0259r\u0259ncam imzalay\u0131b.<\/p>\n\n\n\n<p>1 sentyabr se\u00e7kil\u0259rini AXCP boykot edir, Yeni Az\u0259rbaycan, M\u00fcsavat, Demokrat, Klassik Xalq C\u0259bh\u0259si, \u00dcmid, REAL v\u0259 dig\u0259r partiyalar is\u0259 i\u015ftirak ed\u0259c\u0259kl\u0259rini a\u00e7\u0131qlay\u0131blar. H\u0259m\u00e7inin, ADP s\u0259dri S\u0259rdar C\u0259lalo\u011flu, M\u00fcsavat Partiyas\u0131n\u0131n ba\u015fqan\u0131 \u0130sa Q\u0259mb\u0259r, VHP s\u0259dri Sabir R\u00fcst\u0259mxanl\u0131, V\u0259hd\u0259t Partiyas\u0131n\u0131n s\u0259dri Tahir K\u0259rimli, \u018fdal\u0259t Partiyas\u0131n\u0131n s\u0259dri \u0130lyas \u0130smay\u0131lov, \u00dcmid Partiyas\u0131n\u0131n s\u0259dri \u0130qbal A\u011fazad\u0259 v\u0259 AM\u0130P lideri Etibar M\u0259mm\u0259dov se\u00e7kid\u0259 i\u015ftirak etm\u0259y\u0259c\u0259kl\u0259rini a\u00e7\u0131qlay\u0131blar.<\/p>\n","protected":false},"excerpt":{"rendered":"<p>&#8220;\u0130ndiy\u0259d\u0259k qeyd\u0259 al\u0131nan namiz\u0259dl\u0259rin say\u0131 390 n\u0259f\u0259r\u0259 \u00e7at\u0131r&#8221; Az\u0259rbaycanda sentyabr\u0131n &#8230; <\/p>\n<p class=\"read-more-container\"><a title=\"M\u0259zahir P\u0259nahov: 25 partiya se\u00e7kil\u0259rd\u0259 i\u015ftirak ed\u0259c\u0259k\" class=\"read-more button\" href=\"https:\/\/www.meydan.tv\/az\/article\/mezahir-penahov-25-partiya-seckilerde-istirak-edecek\/#more-311799\" aria-label=\"Read more about M\u0259zahir P\u0259nahov: 25 partiya se\u00e7kil\u0259rd\u0259 i\u015ftirak ed\u0259c\u0259k\">Davam\u0131<\/a><\/p>\n","protected":false},"author":8,"featured_media":302328,"comment_status":"closed","ping_status":"closed","sticky":false,"template":"","format":"standard","meta":{"_acf_changed":false,"_sitemap_exclude":false,"_sitemap_priority":"","_sitemap_frequency":"","footnotes":""},"categories":[129,59,56],"tags":[],"class_list":["post-311799","post","type-post","status-publish","format-standard","has-post-thumbnail","hentry","category-sechki-2024","category-siyaset","category-xeberler","infinite-scroll-item","generate-columns","tablet-grid-50","mobile-grid-100","grid-parent","grid-33","no-featured-image-padding"],"acf":[],"yoast_head":"<!-- This site is optimized with the Yoast SEO plugin v27.4 - https:\/\/yoast.com\/product\/yoast-seo-wordpress\/ -->\n<title>M\u0259zahir P\u0259nahov: 25 partiya se\u00e7kil\u0259rd\u0259 i\u015ftirak ed\u0259c\u0259k - MEYDAN.TV<\/title>\n<meta name=\"description\" content=\"&quot;\u0130ndiy\u0259d\u0259k qeyd\u0259 al\u0131nan namiz\u0259dl\u0259rin say\u0131 390 n\u0259f\u0259r\u0259 \u00e7at\u0131r&quot;.\" \/>\n<meta name=\"robots\" content=\"index, follow, max-snippet:-1, max-image-preview:large, max-video-preview:-1\" \/>\n<link rel=\"canonical\" href=\"https:\/\/www.meydan.tv\/az\/article\/mezahir-penahov-25-partiya-seckilerde-istirak-edecek\/\" \/>\n<meta property=\"og:locale\" content=\"az_AZ\" \/>\n<meta property=\"og:type\" content=\"article\" \/>\n<meta property=\"og:title\" content=\"M\u0259zahir P\u0259nahov: 25 partiya se\u00e7kil\u0259rd\u0259 i\u015ftirak ed\u0259c\u0259k - MEYDAN.TV\" \/>\n<meta property=\"og:description\" content=\"&quot;\u0130ndiy\u0259d\u0259k qeyd\u0259 al\u0131nan namiz\u0259dl\u0259rin say\u0131 390 n\u0259f\u0259r\u0259 \u00e7at\u0131r&quot;.\" \/>\n<meta property=\"og:url\" content=\"https:\/\/www.meydan.tv\/az\/article\/mezahir-penahov-25-partiya-seckilerde-istirak-edecek\/\" \/>\n<meta property=\"og:site_name\" content=\"MEYDAN.TV\" \/>\n<meta property=\"article:published_time\" content=\"2024-07-31T07:54:18+00:00\" \/>\n<meta property=\"article:modified_time\" content=\"2024-07-31T07:54:22+00:00\" \/>\n<meta property=\"og:image\" content=\"https:\/\/www.meydan.tv\/wp-content\/uploads\/shutterstock_2349900553.jpg\" \/>\n\t<meta property=\"og:image:width\" content=\"1200\" \/>\n\t<meta property=\"og:image:height\" content=\"600\" \/>\n\t<meta property=\"og:image:type\" content=\"image\/jpeg\" \/>\n<meta name=\"author\" content=\"elli\" \/>\n<meta name=\"twitter:card\" content=\"summary_large_image\" \/>\n<meta name=\"twitter:creator\" content=\"@elli\" \/>\n<script type=\"application\/ld+json\" class=\"yoast-schema-graph\">{\"@context\":\"https:\\\/\\\/schema.org\",\"@graph\":[{\"@type\":\"Article\",\"@id\":\"https:\\\/\\\/www.meydan.tv\\\/az\\\/article\\\/mezahir-penahov-25-partiya-seckilerde-istirak-edecek\\\/#article\",\"isPartOf\":{\"@id\":\"https:\\\/\\\/www.meydan.tv\\\/az\\\/article\\\/mezahir-penahov-25-partiya-seckilerde-istirak-edecek\\\/\"},\"author\":{\"name\":\"elli\",\"@id\":\"https:\\\/\\\/www.meydan.tv\\\/az\\\/#\\\/schema\\\/person\\\/9cdbecf90d17180ce1dfbd95b08dcf47\"},\"headline\":\"M\u0259zahir P\u0259nahov: 25 partiya se\u00e7kil\u0259rd\u0259 i\u015ftirak ed\u0259c\u0259k\",\"datePublished\":\"2024-07-31T07:54:18+00:00\",\"dateModified\":\"2024-07-31T07:54:22+00:00\",\"mainEntityOfPage\":{\"@id\":\"https:\\\/\\\/www.meydan.tv\\\/az\\\/article\\\/mezahir-penahov-25-partiya-seckilerde-istirak-edecek\\\/\"},\"wordCount\":362,\"publisher\":{\"@id\":\"https:\\\/\\\/www.meydan.tv\\\/az\\\/#organization\"},\"image\":{\"@id\":\"https:\\\/\\\/www.meydan.tv\\\/az\\\/article\\\/mezahir-penahov-25-partiya-seckilerde-istirak-edecek\\\/#primaryimage\"},\"thumbnailUrl\":\"https:\\\/\\\/www.meydan.tv\\\/wp-content\\\/uploads\\\/shutterstock_2349900553.jpg\",\"articleSection\":[\"Se\u00e7ki 2024\",\"Siyas\u0259t\",\"X\u0259b\u0259rl\u0259r\"],\"inLanguage\":\"az\"},{\"@type\":\"WebPage\",\"@id\":\"https:\\\/\\\/www.meydan.tv\\\/az\\\/article\\\/mezahir-penahov-25-partiya-seckilerde-istirak-edecek\\\/\",\"url\":\"https:\\\/\\\/www.meydan.tv\\\/az\\\/article\\\/mezahir-penahov-25-partiya-seckilerde-istirak-edecek\\\/\",\"name\":\"M\u0259zahir P\u0259nahov: 25 partiya se\u00e7kil\u0259rd\u0259 i\u015ftirak ed\u0259c\u0259k - MEYDAN.TV\",\"isPartOf\":{\"@id\":\"https:\\\/\\\/www.meydan.tv\\\/az\\\/#website\"},\"primaryImageOfPage\":{\"@id\":\"https:\\\/\\\/www.meydan.tv\\\/az\\\/article\\\/mezahir-penahov-25-partiya-seckilerde-istirak-edecek\\\/#primaryimage\"},\"image\":{\"@id\":\"https:\\\/\\\/www.meydan.tv\\\/az\\\/article\\\/mezahir-penahov-25-partiya-seckilerde-istirak-edecek\\\/#primaryimage\"},\"thumbnailUrl\":\"https:\\\/\\\/www.meydan.tv\\\/wp-content\\\/uploads\\\/shutterstock_2349900553.jpg\",\"datePublished\":\"2024-07-31T07:54:18+00:00\",\"dateModified\":\"2024-07-31T07:54:22+00:00\",\"description\":\"\\\"\u0130ndiy\u0259d\u0259k qeyd\u0259 al\u0131nan namiz\u0259dl\u0259rin say\u0131 390 n\u0259f\u0259r\u0259 \u00e7at\u0131r\\\".\",\"breadcrumb\":{\"@id\":\"https:\\\/\\\/www.meydan.tv\\\/az\\\/article\\\/mezahir-penahov-25-partiya-seckilerde-istirak-edecek\\\/#breadcrumb\"},\"inLanguage\":\"az\",\"potentialAction\":[{\"@type\":\"ReadAction\",\"target\":[\"https:\\\/\\\/www.meydan.tv\\\/az\\\/article\\\/mezahir-penahov-25-partiya-seckilerde-istirak-edecek\\\/\"]}]},{\"@type\":\"ImageObject\",\"inLanguage\":\"az\",\"@id\":\"https:\\\/\\\/www.meydan.tv\\\/az\\\/article\\\/mezahir-penahov-25-partiya-seckilerde-istirak-edecek\\\/#primaryimage\",\"url\":\"https:\\\/\\\/www.meydan.tv\\\/wp-content\\\/uploads\\\/shutterstock_2349900553.jpg\",\"contentUrl\":\"https:\\\/\\\/www.meydan.tv\\\/wp-content\\\/uploads\\\/shutterstock_2349900553.jpg\",\"width\":1200,\"height\":600,\"caption\":\"x\"},{\"@type\":\"BreadcrumbList\",\"@id\":\"https:\\\/\\\/www.meydan.tv\\\/az\\\/article\\\/mezahir-penahov-25-partiya-seckilerde-istirak-edecek\\\/#breadcrumb\",\"itemListElement\":[{\"@type\":\"ListItem\",\"position\":1,\"name\":\"Ana s\u0259hif\u0259\",\"item\":\"https:\\\/\\\/www.meydan.tv\\\/az\\\/\"},{\"@type\":\"ListItem\",\"position\":2,\"name\":\"Siyas\u0259t\",\"item\":\"https:\\\/\\\/www.meydan.tv\\\/az\\\/section\\\/siyaset\\\/\"},{\"@type\":\"ListItem\",\"position\":3,\"name\":\"M\u0259zahir P\u0259nahov: 25 partiya se\u00e7kil\u0259rd\u0259 i\u015ftirak ed\u0259c\u0259k\"}]},{\"@type\":\"WebSite\",\"@id\":\"https:\\\/\\\/www.meydan.tv\\\/az\\\/#website\",\"url\":\"https:\\\/\\\/www.meydan.tv\\\/az\\\/\",\"name\":\"MEYDAN.TV\",\"description\":\"Meydan TV Az\u0259rbaycan\u0131n media m\u0259kan\u0131ndak\u0131 alternativ s\u0259sidir\",\"publisher\":{\"@id\":\"https:\\\/\\\/www.meydan.tv\\\/az\\\/#organization\"},\"potentialAction\":[{\"@type\":\"SearchAction\",\"target\":{\"@type\":\"EntryPoint\",\"urlTemplate\":\"https:\\\/\\\/www.meydan.tv\\\/az\\\/?s={search_term_string}\"},\"query-input\":{\"@type\":\"PropertyValueSpecification\",\"valueRequired\":true,\"valueName\":\"search_term_string\"}}],\"inLanguage\":\"az\"},{\"@type\":\"Organization\",\"@id\":\"https:\\\/\\\/www.meydan.tv\\\/az\\\/#organization\",\"name\":\"Meydan TV\",\"url\":\"https:\\\/\\\/www.meydan.tv\\\/az\\\/\",\"logo\":{\"@type\":\"ImageObject\",\"inLanguage\":\"az\",\"@id\":\"https:\\\/\\\/www.meydan.tv\\\/az\\\/#\\\/schema\\\/logo\\\/image\\\/\",\"url\":\"https:\\\/\\\/www.meydan.tv\\\/wp-content\\\/uploads\\\/2021\\\/07\\\/meydan-logo.svg\",\"contentUrl\":\"https:\\\/\\\/www.meydan.tv\\\/wp-content\\\/uploads\\\/2021\\\/07\\\/meydan-logo.svg\",\"width\":195,\"height\":46,\"caption\":\"Meydan TV\"},\"image\":{\"@id\":\"https:\\\/\\\/www.meydan.tv\\\/az\\\/#\\\/schema\\\/logo\\\/image\\\/\"}},{\"@type\":\"Person\",\"@id\":\"https:\\\/\\\/www.meydan.tv\\\/az\\\/#\\\/schema\\\/person\\\/9cdbecf90d17180ce1dfbd95b08dcf47\",\"name\":\"elli\",\"sameAs\":[\"https:\\\/\\\/x.com\\\/elli\"]}]}<\/script>\n<!-- \/ Yoast SEO plugin. -->","yoast_head_json":{"title":"M\u0259zahir P\u0259nahov: 25 partiya se\u00e7kil\u0259rd\u0259 i\u015ftirak ed\u0259c\u0259k - MEYDAN.TV","description":"\"\u0130ndiy\u0259d\u0259k qeyd\u0259 al\u0131nan namiz\u0259dl\u0259rin say\u0131 390 n\u0259f\u0259r\u0259 \u00e7at\u0131r\".","robots":{"index":"index","follow":"follow","max-snippet":"max-snippet:-1","max-image-preview":"max-image-preview:large","max-video-preview":"max-video-preview:-1"},"canonical":"https:\/\/www.meydan.tv\/az\/article\/mezahir-penahov-25-partiya-seckilerde-istirak-edecek\/","og_locale":"az_AZ","og_type":"article","og_title":"M\u0259zahir P\u0259nahov: 25 partiya se\u00e7kil\u0259rd\u0259 i\u015ftirak ed\u0259c\u0259k - MEYDAN.TV","og_description":"\"\u0130ndiy\u0259d\u0259k qeyd\u0259 al\u0131nan namiz\u0259dl\u0259rin say\u0131 390 n\u0259f\u0259r\u0259 \u00e7at\u0131r\".","og_url":"https:\/\/www.meydan.tv\/az\/article\/mezahir-penahov-25-partiya-seckilerde-istirak-edecek\/","og_site_name":"MEYDAN.TV","article_published_time":"2024-07-31T07:54:18+00:00","article_modified_time":"2024-07-31T07:54:22+00:00","og_image":[{"width":1200,"height":600,"url":"https:\/\/www.meydan.tv\/wp-content\/uploads\/shutterstock_2349900553.jpg","type":"image\/jpeg"}],"author":"elli","twitter_card":"summary_large_image","twitter_creator":"@elli","schema":{"@context":"https:\/\/schema.org","@graph":[{"@type":"Article","@id":"https:\/\/www.meydan.tv\/az\/article\/mezahir-penahov-25-partiya-seckilerde-istirak-edecek\/#article","isPartOf":{"@id":"https:\/\/www.meydan.tv\/az\/article\/mezahir-penahov-25-partiya-seckilerde-istirak-edecek\/"},"author":{"name":"elli","@id":"https:\/\/www.meydan.tv\/az\/#\/schema\/person\/9cdbecf90d17180ce1dfbd95b08dcf47"},"headline":"M\u0259zahir P\u0259nahov: 25 partiya se\u00e7kil\u0259rd\u0259 i\u015ftirak ed\u0259c\u0259k","datePublished":"2024-07-31T07:54:18+00:00","dateModified":"2024-07-31T07:54:22+00:00","mainEntityOfPage":{"@id":"https:\/\/www.meydan.tv\/az\/article\/mezahir-penahov-25-partiya-seckilerde-istirak-edecek\/"},"wordCount":362,"publisher":{"@id":"https:\/\/www.meydan.tv\/az\/#organization"},"image":{"@id":"https:\/\/www.meydan.tv\/az\/article\/mezahir-penahov-25-partiya-seckilerde-istirak-edecek\/#primaryimage"},"thumbnailUrl":"https:\/\/www.meydan.tv\/wp-content\/uploads\/shutterstock_2349900553.jpg","articleSection":["Se\u00e7ki 2024","Siyas\u0259t","X\u0259b\u0259rl\u0259r"],"inLanguage":"az"},{"@type":"WebPage","@id":"https:\/\/www.meydan.tv\/az\/article\/mezahir-penahov-25-partiya-seckilerde-istirak-edecek\/","url":"https:\/\/www.meydan.tv\/az\/article\/mezahir-penahov-25-partiya-seckilerde-istirak-edecek\/","name":"M\u0259zahir P\u0259nahov: 25 partiya se\u00e7kil\u0259rd\u0259 i\u015ftirak ed\u0259c\u0259k - MEYDAN.TV","isPartOf":{"@id":"https:\/\/www.meydan.tv\/az\/#website"},"primaryImageOfPage":{"@id":"https:\/\/www.meydan.tv\/az\/article\/mezahir-penahov-25-partiya-seckilerde-istirak-edecek\/#primaryimage"},"image":{"@id":"https:\/\/www.meydan.tv\/az\/article\/mezahir-penahov-25-partiya-seckilerde-istirak-edecek\/#primaryimage"},"thumbnailUrl":"https:\/\/www.meydan.tv\/wp-content\/uploads\/shutterstock_2349900553.jpg","datePublished":"2024-07-31T07:54:18+00:00","dateModified":"2024-07-31T07:54:22+00:00","description":"\"\u0130ndiy\u0259d\u0259k qeyd\u0259 al\u0131nan namiz\u0259dl\u0259rin say\u0131 390 n\u0259f\u0259r\u0259 \u00e7at\u0131r\".","breadcrumb":{"@id":"https:\/\/www.meydan.tv\/az\/article\/mezahir-penahov-25-partiya-seckilerde-istirak-edecek\/#breadcrumb"},"inLanguage":"az","potentialAction":[{"@type":"ReadAction","target":["https:\/\/www.meydan.tv\/az\/article\/mezahir-penahov-25-partiya-seckilerde-istirak-edecek\/"]}]},{"@type":"ImageObject","inLanguage":"az","@id":"https:\/\/www.meydan.tv\/az\/article\/mezahir-penahov-25-partiya-seckilerde-istirak-edecek\/#primaryimage","url":"https:\/\/www.meydan.tv\/wp-content\/uploads\/shutterstock_2349900553.jpg","contentUrl":"https:\/\/www.meydan.tv\/wp-content\/uploads\/shutterstock_2349900553.jpg","width":1200,"height":600,"caption":"x"},{"@type":"BreadcrumbList","@id":"https:\/\/www.meydan.tv\/az\/article\/mezahir-penahov-25-partiya-seckilerde-istirak-edecek\/#breadcrumb","itemListElement":[{"@type":"ListItem","position":1,"name":"Ana s\u0259hif\u0259","item":"https:\/\/www.meydan.tv\/az\/"},{"@type":"ListItem","position":2,"name":"Siyas\u0259t","item":"https:\/\/www.meydan.tv\/az\/section\/siyaset\/"},{"@type":"ListItem","position":3,"name":"M\u0259zahir P\u0259nahov: 25 partiya se\u00e7kil\u0259rd\u0259 i\u015ftirak ed\u0259c\u0259k"}]},{"@type":"WebSite","@id":"https:\/\/www.meydan.tv\/az\/#website","url":"https:\/\/www.meydan.tv\/az\/","name":"MEYDAN.TV","description":"Meydan TV Az\u0259rbaycan\u0131n media m\u0259kan\u0131ndak\u0131 alternativ s\u0259sidir","publisher":{"@id":"https:\/\/www.meydan.tv\/az\/#organization"},"potentialAction":[{"@type":"SearchAction","target":{"@type":"EntryPoint","urlTemplate":"https:\/\/www.meydan.tv\/az\/?s={search_term_string}"},"query-input":{"@type":"PropertyValueSpecification","valueRequired":true,"valueName":"search_term_string"}}],"inLanguage":"az"},{"@type":"Organization","@id":"https:\/\/www.meydan.tv\/az\/#organization","name":"Meydan TV","url":"https:\/\/www.meydan.tv\/az\/","logo":{"@type":"ImageObject","inLanguage":"az","@id":"https:\/\/www.meydan.tv\/az\/#\/schema\/logo\/image\/","url":"https:\/\/www.meydan.tv\/wp-content\/uploads\/2021\/07\/meydan-logo.svg","contentUrl":"https:\/\/www.meydan.tv\/wp-content\/uploads\/2021\/07\/meydan-logo.svg","width":195,"height":46,"caption":"Meydan TV"},"image":{"@id":"https:\/\/www.meydan.tv\/az\/#\/schema\/logo\/image\/"}},{"@type":"Person","@id":"https:\/\/www.meydan.tv\/az\/#\/schema\/person\/9cdbecf90d17180ce1dfbd95b08dcf47","name":"elli","sameAs":["https:\/\/x.com\/elli"]}]}},"_links":{"self":[{"href":"https:\/\/www.meydan.tv\/az\/wp-json\/wp\/v2\/posts\/311799","targetHints":{"allow":["GET"]}}],"collection":[{"href":"https:\/\/www.meydan.tv\/az\/wp-json\/wp\/v2\/posts"}],"about":[{"href":"https:\/\/www.meydan.tv\/az\/wp-json\/wp\/v2\/types\/post"}],"author":[{"embeddable":true,"href":"https:\/\/www.meydan.tv\/az\/wp-json\/wp\/v2\/users\/8"}],"replies":[{"embeddable":true,"href":"https:\/\/www.meydan.tv\/az\/wp-json\/wp\/v2\/comments?post=311799"}],"version-history":[{"count":3,"href":"https:\/\/www.meydan.tv\/az\/wp-json\/wp\/v2\/posts\/311799\/revisions"}],"predecessor-version":[{"id":311807,"href":"https:\/\/www.meydan.tv\/az\/wp-json\/wp\/v2\/posts\/311799\/revisions\/311807"}],"wp:featuredmedia":[{"embeddable":true,"href":"https:\/\/www.meydan.tv\/az\/wp-json\/wp\/v2\/media\/302328"}],"wp:attachment":[{"href":"https:\/\/www.meydan.tv\/az\/wp-json\/wp\/v2\/media?parent=311799"}],"wp:term":[{"taxonomy":"category","embeddable":true,"href":"https:\/\/www.meydan.tv\/az\/wp-json\/wp\/v2\/categories?post=311799"},{"taxonomy":"post_tag","embeddable":true,"href":"https:\/\/www.meydan.tv\/az\/wp-json\/wp\/v2\/tags?post=311799"}],"curies":[{"name":"wp","href":"https:\/\/api.w.org\/{rel}","templated":true}]}}