{"id":311760,"date":"2024-07-30T18:40:44","date_gmt":"2024-07-30T14:40:44","guid":{"rendered":"https:\/\/www.meydan.tv\/?p=311760"},"modified":"2024-07-30T18:40:48","modified_gmt":"2024-07-30T14:40:48","slug":"cop29-tedbirine-gore-toylar-texire-salinir","status":"publish","type":"post","link":"https:\/\/www.meydan.tv\/az\/article\/cop29-tedbirine-gore-toylar-texire-salinir\/","title":{"rendered":"COP29 t\u0259dbirin\u0259 g\u00f6r\u0259 toylar t\u0259xir\u0259 sal\u0131n\u0131r"},"content":{"rendered":"\n<p><\/p>\n\n\n\n<p><strong><em>\u0130qtisad\u00e7\u0131 deyir ki, \u015fadl\u0131q evl\u0259rin\u0259 d\u0259y\u0259n ziyan qar\u015f\u0131lanmal\u0131d\u0131r<\/em><\/strong><\/p>\n\n\n\n<p>Bak\u0131dak\u0131 \u015fadl\u0131q saraylar\u0131nda noyabr\u0131n 8-d\u0259n 22-d\u0259k toy m\u0259rasiml\u0259rinin ke\u00e7irilm\u0259sinin qada\u011fan olundu\u011fu <a href=\"https:\/\/report.az\/daxili-siyaset\/cop29-a-gore-bakidaki-bezi-sadliq-saraylarinda-toylarin-kecirilmesi-texire-salinib\/\" target=\"_blank\" rel=\"noreferrer noopener\">bildirilir.\u00a0<\/a><\/p>\n\n\n\n<p>Toylar\u0131n t\u0259xir\u0259 sal\u0131nmas\u0131na s\u0259b\u0259b kimi bu ilin noyabr\u0131nda Bak\u0131da ke\u00e7iril\u0259c\u0259k BMT-nin \u0130qlim D\u0259yi\u015fikliyi \u00fczr\u0259 \u00c7\u0259r\u00e7iv\u0259 Konvensiyas\u0131n\u0131n T\u0259r\u0259fl\u0259r Konfrans\u0131n\u0131n 29-cu (COP29) sessiyas\u0131 g\u00f6st\u0259rilir. <\/p>\n\n\n\n<p>Meydan TV m\u0259s\u0259l\u0259 il\u0259 \u0259laq\u0259dar paytaxtda yerl\u0259\u015f\u0259n bir ne\u00e7\u0259 \u015fadl\u0131q saray\u0131 v\u0259 restoranla \u0259laq\u0259 saxlay\u0131b. M\u0259lum olub ki, h\u0259qiq\u0259t\u0259n d\u0259 restoran v\u0259 \u015fadl\u0131q saraylar\u0131na 2024-c\u00fc il noyabr\u0131n 8-d\u0259n 22-d\u0259k toy m\u0259rasiml\u0259rinin ke\u00e7irilm\u0259m\u0259si tap\u015f\u0131r\u0131l\u0131b. <\/p>\n\n\n\n<p><em>\u201cBildiri\u015f g\u0259ldi ki, noyabr\u0131n 8-d\u0259n 22-d\u0259k \u00f6lk\u0259d\u0259 b\u00f6y\u00fckmiqyasl\u0131 t\u0259dbir ke\u00e7iril\u0259c\u0259k. Bu aralarda s\u0131xl\u0131q olacaq, qonaqlar\u0131n g\u0259li\u015fin\u0259 g\u00f6r\u0259 toylar\u0131 t\u0259xir\u0259 sal\u0131n. H\u0259min t\u0259qviml\u0259rd\u0259 toy g\u00f6t\u00fcrm\u0259m\u0259yimizi tap\u015f\u0131r\u0131blar\u201d,<\/em> &#8211; \u201cKolizey\u201d restoran\u0131ndan Meydan TV-y\u0259 bildirilib.<\/p>\n\n\n\n<p>Dig\u0259r restoranlardan da bildiri\u015f ald\u0131qlar\u0131 v\u0259 h\u0259min tarixl\u0259rd\u0259 toy sifari\u015fl\u0259rini g\u00f6t\u00fcrm\u0259dikl\u0259rini deyibl\u0259r.<\/p>\n\n\n\n<p>\u0130qtisad\u00e7\u0131 Natiq C\u0259f\u0259rli Meydan TV-y\u0259 deyir ki, d\u00f6vl\u0259t \u015fadl\u0131q saraylar\u0131n\u0131n f\u0259aliyy\u0259tini dayand\u0131rd\u0131\u011f\u0131 halda d\u0259y\u0259n maddi z\u0259r\u0259ri \u00f6d\u0259m\u0259lidir:<\/p>\n\n\n\n<p><em>\u201c\u018fslind\u0259 \u015fadl\u0131q saraylar\u0131na 14 g\u00fcnd\u0259 itirilmi\u015f g\u0259lirl\u0259rin\u0259 g\u00f6r\u0259 d\u00f6vl\u0259t t\u0259r\u0259find\u0259n \u00f6d\u0259ni\u015f edilm\u0259lidir. \u00c7\u00fcnki \u015fadl\u0131q saraylar\u0131nda i\u015f\u00e7il\u0259r g\u00fcn\u0259muzd i\u015fl\u0259yirl\u0259r. Bir ay\u0131n yar\u0131s\u0131n\u0131 da i\u015fsiz qalan adamlar\u0131n v\u0259ziyy\u0259ti \u00e7ox pis olacaq. Amma reall\u0131q budur ki, bizd\u0259 \u015fadl\u0131q saraylar\u0131n\u0131n b\u00f6y\u00fck bir hiss\u0259si el\u0259 bir \u00e7ox hallarda m\u0259murlara m\u0259xsusdur. Buna g\u00f6r\u0259 d\u0259 d\u00fc\u015f\u00fcnm\u00fcr\u0259m ki, onlar d\u00f6vl\u0259t\u0259 bel\u0259 bir m\u00fcraci\u0259t etsinl\u0259r\u201d.<\/em><\/p>\n\n\n<div class=\"wp-block-image\">\n<figure class=\"alignright size-large is-resized\"><img decoding=\"async\" width=\"1200\" height=\"696\" data-src=\"https:\/\/www.meydan.tv\/wp-content\/uploads\/image_from_ios_178-scaled-e1648798569981-1200x696.jpg\" alt=\"Natiq C\u0259f\u0259rli\" class=\"wp-image-210013 lazyload\" style=\"--smush-placeholder-width: 1200px; --smush-placeholder-aspect-ratio: 1200\/696;width:408px;height:auto\" src=\"data:image\/svg+xml;base64,PHN2ZyB3aWR0aD0iMSIgaGVpZ2h0PSIxIiB4bWxucz0iaHR0cDovL3d3dy53My5vcmcvMjAwMC9zdmciPjwvc3ZnPg==\" \/><figcaption class=\"wp-element-caption\">Natiq C\u0259f\u0259rli, Foto: Meydan TV<\/figcaption><\/figure>\n<\/div>\n\n\n<p>\u0130qtisad\u00e7\u0131 h\u0259m\u00e7inin deyir ki, d\u00f6vl\u0259t s\u0259viyy\u0259sind\u0259 ke\u00e7iril\u0259n t\u0259dbirl\u0259 \u0259laq\u0259dar f\u0259aliyy\u0259ti dayand\u0131r\u0131lan \u015fadl\u0131q saraylar\u0131na vergi g\u00fcz\u0259\u015ftl\u0259ri olunmal\u0131d\u0131r:<\/p>\n\n\n\n<p><em>\u201cD\u00fcnyada bel\u0259 bir praktika m\u00f6vcuddur. Avropa \u00f6lk\u0259l\u0259rind\u0259 h\u0259tta hans\u0131sa k\u00fc\u00e7\u0259 t\u0259miri zaman\u0131 ticar\u0259t obyektl\u0259rinin ba\u011flanmas\u0131 laz\u0131m g\u0259lirs\u0259, onlara itirilmi\u015f g\u0259lirl\u0259r\u0259 g\u00f6r\u0259 t\u0259zminat \u00f6d\u0259nilir. Az\u0259rbaycanda bu praktika yerli-dibli yoxdur. Bel\u0259 bir presedent olmasa da bel\u0259, \u015fadl\u0131q saraylar\u0131 t\u0259zminat t\u0259l\u0259b etm\u0259k haqq\u0131na malikdir. Amma t\u0259k vergi m\u0259s\u0259l\u0259si problemin h\u0259lli deyil. M\u0259ntiql\u0259 onlar\u0131n itirilmi\u015f g\u0259lirl\u0259rini d\u0259 \u00f6d\u0259m\u0259lidirl\u0259r\u201d.<\/em><\/p>\n\n\n\n<p>K\u0259nd t\u0259s\u0259rr\u00fcfat\u0131 \u00fczr\u0259 m\u00fct\u0259x\u0259ssis Vahid M\u0259h\u0259rr\u0259mli is\u0259 hesab edir ki, Az\u0259rbaycan geni\u015fmiqyasl\u0131 beyn\u0259lxalq t\u0259dbirl\u0259ri ke\u00e7irm\u0259k g\u00fcc\u00fcn\u0259 malik deyil. O, Meydan TV-y\u0259 deyib ki, bel\u0259 t\u0259dbirl\u0259r d\u0259 \u00f6lk\u0259 v\u0259t\u0259nda\u015flar\u0131n\u0131n narahatl\u0131\u011f\u0131 v\u0259 sosial, maddi s\u0131x\u0131nt\u0131lar\u0131 hesab\u0131na ba\u015fa g\u0259lir:<\/p>\n\n\n\n<p><em>\u201cAz\u0259rbaycanda art\u0131q bu t\u0259dbirl\u0259 \u0259laq\u0259dar bir \u00e7ox qada\u011fa t\u0259tbiq edilir. Niy\u0259 biz\u0259 normal h\u0259yat\u0131m\u0131z\u0131 ya\u015fama\u011fa imkan vermirl\u0259r? H\u0259r d\u0259f\u0259 Az\u0259rbaycanda hans\u0131sa beyn\u0259lxalq t\u0259dbir ke\u00e7iril\u0259nd\u0259 m\u0259hdudiyy\u0259tl\u0259r qoyulur. \u015eadl\u0131q saraylar\u0131n\u0131n f\u0259aliyy\u0259tinin dayand\u0131r\u0131lmas\u0131, yaln\u0131z restoran sahibl\u0259rinin deyil, \u0259n \u0259sas\u0131, orada i\u015fl\u0259y\u0259n insanlar\u0131n da \u00e7\u0259tin v\u0259ziyy\u0259t\u0259 d\u00fc\u015fm\u0259si dem\u0259kdir\u201d.<\/em> <\/p>\n\n\n<div class=\"wp-block-image\">\n<figure class=\"alignleft size-full is-resized\"><img decoding=\"async\" width=\"960\" height=\"506\" data-src=\"https:\/\/www.meydan.tv\/wp-content\/uploads\/45447-e1687097833687.jpg\" alt=\"Vahid M\u0259h\u0259rr\u0259mli\" class=\"wp-image-114069 lazyload\" style=\"--smush-placeholder-width: 960px; --smush-placeholder-aspect-ratio: 960\/506;width:446px;height:auto\" src=\"data:image\/svg+xml;base64,PHN2ZyB3aWR0aD0iMSIgaGVpZ2h0PSIxIiB4bWxucz0iaHR0cDovL3d3dy53My5vcmcvMjAwMC9zdmciPjwvc3ZnPg==\" \/><figcaption class=\"wp-element-caption\">Vahid M\u0259h\u0259rr\u0259mli. Foto: Meydan TV<\/figcaption><\/figure>\n<\/div>\n\n\n<p><em>\u201cAz\u0259rbaycanda 2 milyona yax\u0131n i\u015fsiz var. \u015eadl\u0131q saraylar\u0131 \u015f\u0259b\u0259k\u0259sind\u0259 \u00e7al\u0131\u015fanlar\u0131 n\u0259z\u0259r\u0259 alsaq, g\u00f6r\u00fcn, n\u0259 q\u0259d\u0259r ail\u0259 t\u0259xmin\u0259n bir ayl\u0131q g\u0259lird\u0259n m\u0259hrum olur. Hesab edir\u0259m ki, h\u00f6kum\u0259t bel\u0259 \u015feyl\u0259r\u0259 getm\u0259m\u0259lidir. He\u00e7 bir \u00f6lk\u0259d\u0259 g\u00f6r\u00fclm\u0259yib ki, bir az g\u00fcc\u0259 d\u00fc\u015f\u0259nd\u0259, bu kimi qada\u011falar t\u0259tbiq etsinl\u0259r. Normal t\u0259dbir ke\u00e7irm\u0259y\u0259, h\u0259m d\u0259 \u00f6lk\u0259 v\u0259t\u0259nda\u015flar\u0131n\u0131n v\u0259 t\u0259dbir\u0259 qat\u0131lanlar\u0131n m\u0259mnun olmas\u0131na \u015f\u0259rait yarada bilmirl\u0259r. Qonaqlar\u0131 m\u0259mnun edirl\u0259r, amma Az\u0259rbaycan \u0259halisi bundan \u0259ziyy\u0259t \u00e7\u0259kir\u201d, <\/em>&#8211; Vahid M\u0259h\u0259rr\u0259mli bildirib. <\/p>\n\n\n\n<p>Az\u0259rbaycandan \u00f6nc\u0259 Birl\u0259\u015fmi\u015f \u018fr\u0259b \u018fmirlikl\u0259rind\u0259 ke\u00e7iril\u0259n COP28 sammitind\u0259 90 mind\u0259n \u00e7ox n\u00fcmay\u0259nd\u0259 i\u015ftirak edib. Beyn\u0259lxalq t\u0259\u015fkilatlar v\u0259 Avropa Birliyi \u00f6lk\u0259l\u0259rind\u0259n b\u0259zil\u0259ri bu t\u0259dbirin neft-qaz ixrac ed\u0259n, OPEC+ \u00f6lk\u0259si olan Az\u0259rbaycanda ke\u00e7irilm\u0259sin\u0259 isti baxm\u0131r. H\u0259m\u00e7inin Az\u0259rbaycandak\u0131 m\u00fcst\u0259qil ekspertl\u0259r hesab edirl\u0259r ki, bu, indiy\u0259d\u0259k \u00f6lk\u0259nin ev sahibliyi ed\u0259c\u0259yi \u0259n b\u00f6y\u00fck t\u0259dbirdir v\u0259 Bak\u0131 buna infrastruktur bax\u0131m\u0131ndan haz\u0131r deyil.\u00a0<\/p>\n","protected":false},"excerpt":{"rendered":"<p>\u0130qtisad\u00e7\u0131 deyir ki, \u015fadl\u0131q evl\u0259rin\u0259 d\u0259y\u0259n ziyan qar\u015f\u0131lanmal\u0131d\u0131r Bak\u0131dak\u0131 \u015fadl\u0131q &#8230; <\/p>\n<p class=\"read-more-container\"><a title=\"COP29 t\u0259dbirin\u0259 g\u00f6r\u0259 toylar t\u0259xir\u0259 sal\u0131n\u0131r\" class=\"read-more button\" href=\"https:\/\/www.meydan.tv\/az\/article\/cop29-tedbirine-gore-toylar-texire-salinir\/#more-311760\" aria-label=\"Read more about COP29 t\u0259dbirin\u0259 g\u00f6r\u0259 toylar t\u0259xir\u0259 sal\u0131n\u0131r\">Davam\u0131<\/a><\/p>\n","protected":false},"author":8,"featured_media":295658,"comment_status":"closed","ping_status":"closed","sticky":false,"template":"","format":"standard","meta":{"_acf_changed":false,"_sitemap_exclude":false,"_sitemap_priority":"","_sitemap_frequency":"","footnotes":""},"categories":[62,79,56],"tags":[],"class_list":["post-311760","post","type-post","status-publish","format-standard","has-post-thumbnail","hentry","category-sosial","category-featured","category-xeberler","infinite-scroll-item","generate-columns","tablet-grid-50","mobile-grid-100","grid-parent","grid-33","no-featured-image-padding"],"acf":[],"yoast_head":"<!-- This site is optimized with the Yoast SEO plugin v27.5 - https:\/\/yoast.com\/product\/yoast-seo-wordpress\/ -->\n<title>COP29 t\u0259dbirin\u0259 g\u00f6r\u0259 toylar t\u0259xir\u0259 sal\u0131n\u0131r - MEYDAN.TV<\/title>\n<meta name=\"description\" content=\"\u0130qtisad\u00e7\u0131 deyir ki, \u015fadl\u0131q evl\u0259rin\u0259 d\u0259y\u0259n ziyan qar\u015f\u0131lanmal\u0131d\u0131r.\" \/>\n<meta name=\"robots\" content=\"index, follow, max-snippet:-1, max-image-preview:large, max-video-preview:-1\" \/>\n<link rel=\"canonical\" href=\"https:\/\/www.meydan.tv\/az\/article\/cop29-tedbirine-gore-toylar-texire-salinir\/\" \/>\n<meta property=\"og:locale\" content=\"az_AZ\" \/>\n<meta property=\"og:type\" content=\"article\" \/>\n<meta property=\"og:title\" content=\"COP29 t\u0259dbirin\u0259 g\u00f6r\u0259 toylar t\u0259xir\u0259 sal\u0131n\u0131r - MEYDAN.TV\" \/>\n<meta property=\"og:description\" content=\"\u0130qtisad\u00e7\u0131 deyir ki, \u015fadl\u0131q evl\u0259rin\u0259 d\u0259y\u0259n ziyan qar\u015f\u0131lanmal\u0131d\u0131r.\" \/>\n<meta property=\"og:url\" content=\"https:\/\/www.meydan.tv\/az\/article\/cop29-tedbirine-gore-toylar-texire-salinir\/\" \/>\n<meta property=\"og:site_name\" content=\"MEYDAN.TV\" \/>\n<meta property=\"article:published_time\" content=\"2024-07-30T14:40:44+00:00\" \/>\n<meta property=\"article:modified_time\" content=\"2024-07-30T14:40:48+00:00\" \/>\n<meta property=\"og:image\" content=\"https:\/\/www.meydan.tv\/wp-content\/uploads\/17029739995381676_1200x630.jpg\" \/>\n\t<meta property=\"og:image:width\" content=\"1200\" \/>\n\t<meta property=\"og:image:height\" content=\"818\" \/>\n\t<meta property=\"og:image:type\" content=\"image\/jpeg\" \/>\n<meta name=\"author\" content=\"elli\" \/>\n<meta name=\"twitter:card\" content=\"summary_large_image\" \/>\n<meta name=\"twitter:creator\" content=\"@elli\" \/>\n<script type=\"application\/ld+json\" class=\"yoast-schema-graph\">{\"@context\":\"https:\\\/\\\/schema.org\",\"@graph\":[{\"@type\":\"Article\",\"@id\":\"https:\\\/\\\/www.meydan.tv\\\/az\\\/article\\\/cop29-tedbirine-gore-toylar-texire-salinir\\\/#article\",\"isPartOf\":{\"@id\":\"https:\\\/\\\/www.meydan.tv\\\/az\\\/article\\\/cop29-tedbirine-gore-toylar-texire-salinir\\\/\"},\"author\":{\"name\":\"elli\",\"@id\":\"https:\\\/\\\/www.meydan.tv\\\/az\\\/#\\\/schema\\\/person\\\/9cdbecf90d17180ce1dfbd95b08dcf47\"},\"headline\":\"COP29 t\u0259dbirin\u0259 g\u00f6r\u0259 toylar t\u0259xir\u0259 sal\u0131n\u0131r\",\"datePublished\":\"2024-07-30T14:40:44+00:00\",\"dateModified\":\"2024-07-30T14:40:48+00:00\",\"mainEntityOfPage\":{\"@id\":\"https:\\\/\\\/www.meydan.tv\\\/az\\\/article\\\/cop29-tedbirine-gore-toylar-texire-salinir\\\/\"},\"wordCount\":887,\"publisher\":{\"@id\":\"https:\\\/\\\/www.meydan.tv\\\/az\\\/#organization\"},\"image\":{\"@id\":\"https:\\\/\\\/www.meydan.tv\\\/az\\\/article\\\/cop29-tedbirine-gore-toylar-texire-salinir\\\/#primaryimage\"},\"thumbnailUrl\":\"https:\\\/\\\/www.meydan.tv\\\/wp-content\\\/uploads\\\/17029739995381676_1200x630.jpg\",\"articleSection\":[\"Sosial\",\"T\u00f6vsiy\u0259\",\"X\u0259b\u0259rl\u0259r\"],\"inLanguage\":\"az\"},{\"@type\":\"WebPage\",\"@id\":\"https:\\\/\\\/www.meydan.tv\\\/az\\\/article\\\/cop29-tedbirine-gore-toylar-texire-salinir\\\/\",\"url\":\"https:\\\/\\\/www.meydan.tv\\\/az\\\/article\\\/cop29-tedbirine-gore-toylar-texire-salinir\\\/\",\"name\":\"COP29 t\u0259dbirin\u0259 g\u00f6r\u0259 toylar t\u0259xir\u0259 sal\u0131n\u0131r - MEYDAN.TV\",\"isPartOf\":{\"@id\":\"https:\\\/\\\/www.meydan.tv\\\/az\\\/#website\"},\"primaryImageOfPage\":{\"@id\":\"https:\\\/\\\/www.meydan.tv\\\/az\\\/article\\\/cop29-tedbirine-gore-toylar-texire-salinir\\\/#primaryimage\"},\"image\":{\"@id\":\"https:\\\/\\\/www.meydan.tv\\\/az\\\/article\\\/cop29-tedbirine-gore-toylar-texire-salinir\\\/#primaryimage\"},\"thumbnailUrl\":\"https:\\\/\\\/www.meydan.tv\\\/wp-content\\\/uploads\\\/17029739995381676_1200x630.jpg\",\"datePublished\":\"2024-07-30T14:40:44+00:00\",\"dateModified\":\"2024-07-30T14:40:48+00:00\",\"description\":\"\u0130qtisad\u00e7\u0131 deyir ki, \u015fadl\u0131q evl\u0259rin\u0259 d\u0259y\u0259n ziyan qar\u015f\u0131lanmal\u0131d\u0131r.\",\"breadcrumb\":{\"@id\":\"https:\\\/\\\/www.meydan.tv\\\/az\\\/article\\\/cop29-tedbirine-gore-toylar-texire-salinir\\\/#breadcrumb\"},\"inLanguage\":\"az\",\"potentialAction\":[{\"@type\":\"ReadAction\",\"target\":[\"https:\\\/\\\/www.meydan.tv\\\/az\\\/article\\\/cop29-tedbirine-gore-toylar-texire-salinir\\\/\"]}]},{\"@type\":\"ImageObject\",\"inLanguage\":\"az\",\"@id\":\"https:\\\/\\\/www.meydan.tv\\\/az\\\/article\\\/cop29-tedbirine-gore-toylar-texire-salinir\\\/#primaryimage\",\"url\":\"https:\\\/\\\/www.meydan.tv\\\/wp-content\\\/uploads\\\/17029739995381676_1200x630.jpg\",\"contentUrl\":\"https:\\\/\\\/www.meydan.tv\\\/wp-content\\\/uploads\\\/17029739995381676_1200x630.jpg\",\"width\":1200,\"height\":818,\"caption\":\"COP29. M\u0259nb\u0259: COP\"},{\"@type\":\"BreadcrumbList\",\"@id\":\"https:\\\/\\\/www.meydan.tv\\\/az\\\/article\\\/cop29-tedbirine-gore-toylar-texire-salinir\\\/#breadcrumb\",\"itemListElement\":[{\"@type\":\"ListItem\",\"position\":1,\"name\":\"Ana s\u0259hif\u0259\",\"item\":\"https:\\\/\\\/www.meydan.tv\\\/az\\\/\"},{\"@type\":\"ListItem\",\"position\":2,\"name\":\"Sosial\",\"item\":\"https:\\\/\\\/www.meydan.tv\\\/az\\\/section\\\/sosial\\\/\"},{\"@type\":\"ListItem\",\"position\":3,\"name\":\"COP29 t\u0259dbirin\u0259 g\u00f6r\u0259 toylar t\u0259xir\u0259 sal\u0131n\u0131r\"}]},{\"@type\":\"WebSite\",\"@id\":\"https:\\\/\\\/www.meydan.tv\\\/az\\\/#website\",\"url\":\"https:\\\/\\\/www.meydan.tv\\\/az\\\/\",\"name\":\"MEYDAN.TV\",\"description\":\"Meydan TV Az\u0259rbaycan\u0131n media m\u0259kan\u0131ndak\u0131 alternativ s\u0259sidir\",\"publisher\":{\"@id\":\"https:\\\/\\\/www.meydan.tv\\\/az\\\/#organization\"},\"potentialAction\":[{\"@type\":\"SearchAction\",\"target\":{\"@type\":\"EntryPoint\",\"urlTemplate\":\"https:\\\/\\\/www.meydan.tv\\\/az\\\/?s={search_term_string}\"},\"query-input\":{\"@type\":\"PropertyValueSpecification\",\"valueRequired\":true,\"valueName\":\"search_term_string\"}}],\"inLanguage\":\"az\"},{\"@type\":\"Organization\",\"@id\":\"https:\\\/\\\/www.meydan.tv\\\/az\\\/#organization\",\"name\":\"Meydan TV\",\"url\":\"https:\\\/\\\/www.meydan.tv\\\/az\\\/\",\"logo\":{\"@type\":\"ImageObject\",\"inLanguage\":\"az\",\"@id\":\"https:\\\/\\\/www.meydan.tv\\\/az\\\/#\\\/schema\\\/logo\\\/image\\\/\",\"url\":\"https:\\\/\\\/www.meydan.tv\\\/wp-content\\\/uploads\\\/2021\\\/07\\\/meydan-logo.svg\",\"contentUrl\":\"https:\\\/\\\/www.meydan.tv\\\/wp-content\\\/uploads\\\/2021\\\/07\\\/meydan-logo.svg\",\"width\":195,\"height\":46,\"caption\":\"Meydan TV\"},\"image\":{\"@id\":\"https:\\\/\\\/www.meydan.tv\\\/az\\\/#\\\/schema\\\/logo\\\/image\\\/\"}},{\"@type\":\"Person\",\"@id\":\"https:\\\/\\\/www.meydan.tv\\\/az\\\/#\\\/schema\\\/person\\\/9cdbecf90d17180ce1dfbd95b08dcf47\",\"name\":\"elli\",\"sameAs\":[\"https:\\\/\\\/x.com\\\/elli\"]}]}<\/script>\n<!-- \/ Yoast SEO plugin. -->","yoast_head_json":{"title":"COP29 t\u0259dbirin\u0259 g\u00f6r\u0259 toylar t\u0259xir\u0259 sal\u0131n\u0131r - MEYDAN.TV","description":"\u0130qtisad\u00e7\u0131 deyir ki, \u015fadl\u0131q evl\u0259rin\u0259 d\u0259y\u0259n ziyan qar\u015f\u0131lanmal\u0131d\u0131r.","robots":{"index":"index","follow":"follow","max-snippet":"max-snippet:-1","max-image-preview":"max-image-preview:large","max-video-preview":"max-video-preview:-1"},"canonical":"https:\/\/www.meydan.tv\/az\/article\/cop29-tedbirine-gore-toylar-texire-salinir\/","og_locale":"az_AZ","og_type":"article","og_title":"COP29 t\u0259dbirin\u0259 g\u00f6r\u0259 toylar t\u0259xir\u0259 sal\u0131n\u0131r - MEYDAN.TV","og_description":"\u0130qtisad\u00e7\u0131 deyir ki, \u015fadl\u0131q evl\u0259rin\u0259 d\u0259y\u0259n ziyan qar\u015f\u0131lanmal\u0131d\u0131r.","og_url":"https:\/\/www.meydan.tv\/az\/article\/cop29-tedbirine-gore-toylar-texire-salinir\/","og_site_name":"MEYDAN.TV","article_published_time":"2024-07-30T14:40:44+00:00","article_modified_time":"2024-07-30T14:40:48+00:00","og_image":[{"width":1200,"height":818,"url":"https:\/\/www.meydan.tv\/wp-content\/uploads\/17029739995381676_1200x630.jpg","type":"image\/jpeg"}],"author":"elli","twitter_card":"summary_large_image","twitter_creator":"@elli","schema":{"@context":"https:\/\/schema.org","@graph":[{"@type":"Article","@id":"https:\/\/www.meydan.tv\/az\/article\/cop29-tedbirine-gore-toylar-texire-salinir\/#article","isPartOf":{"@id":"https:\/\/www.meydan.tv\/az\/article\/cop29-tedbirine-gore-toylar-texire-salinir\/"},"author":{"name":"elli","@id":"https:\/\/www.meydan.tv\/az\/#\/schema\/person\/9cdbecf90d17180ce1dfbd95b08dcf47"},"headline":"COP29 t\u0259dbirin\u0259 g\u00f6r\u0259 toylar t\u0259xir\u0259 sal\u0131n\u0131r","datePublished":"2024-07-30T14:40:44+00:00","dateModified":"2024-07-30T14:40:48+00:00","mainEntityOfPage":{"@id":"https:\/\/www.meydan.tv\/az\/article\/cop29-tedbirine-gore-toylar-texire-salinir\/"},"wordCount":887,"publisher":{"@id":"https:\/\/www.meydan.tv\/az\/#organization"},"image":{"@id":"https:\/\/www.meydan.tv\/az\/article\/cop29-tedbirine-gore-toylar-texire-salinir\/#primaryimage"},"thumbnailUrl":"https:\/\/www.meydan.tv\/wp-content\/uploads\/17029739995381676_1200x630.jpg","articleSection":["Sosial","T\u00f6vsiy\u0259","X\u0259b\u0259rl\u0259r"],"inLanguage":"az"},{"@type":"WebPage","@id":"https:\/\/www.meydan.tv\/az\/article\/cop29-tedbirine-gore-toylar-texire-salinir\/","url":"https:\/\/www.meydan.tv\/az\/article\/cop29-tedbirine-gore-toylar-texire-salinir\/","name":"COP29 t\u0259dbirin\u0259 g\u00f6r\u0259 toylar t\u0259xir\u0259 sal\u0131n\u0131r - MEYDAN.TV","isPartOf":{"@id":"https:\/\/www.meydan.tv\/az\/#website"},"primaryImageOfPage":{"@id":"https:\/\/www.meydan.tv\/az\/article\/cop29-tedbirine-gore-toylar-texire-salinir\/#primaryimage"},"image":{"@id":"https:\/\/www.meydan.tv\/az\/article\/cop29-tedbirine-gore-toylar-texire-salinir\/#primaryimage"},"thumbnailUrl":"https:\/\/www.meydan.tv\/wp-content\/uploads\/17029739995381676_1200x630.jpg","datePublished":"2024-07-30T14:40:44+00:00","dateModified":"2024-07-30T14:40:48+00:00","description":"\u0130qtisad\u00e7\u0131 deyir ki, \u015fadl\u0131q evl\u0259rin\u0259 d\u0259y\u0259n ziyan qar\u015f\u0131lanmal\u0131d\u0131r.","breadcrumb":{"@id":"https:\/\/www.meydan.tv\/az\/article\/cop29-tedbirine-gore-toylar-texire-salinir\/#breadcrumb"},"inLanguage":"az","potentialAction":[{"@type":"ReadAction","target":["https:\/\/www.meydan.tv\/az\/article\/cop29-tedbirine-gore-toylar-texire-salinir\/"]}]},{"@type":"ImageObject","inLanguage":"az","@id":"https:\/\/www.meydan.tv\/az\/article\/cop29-tedbirine-gore-toylar-texire-salinir\/#primaryimage","url":"https:\/\/www.meydan.tv\/wp-content\/uploads\/17029739995381676_1200x630.jpg","contentUrl":"https:\/\/www.meydan.tv\/wp-content\/uploads\/17029739995381676_1200x630.jpg","width":1200,"height":818,"caption":"COP29. M\u0259nb\u0259: COP"},{"@type":"BreadcrumbList","@id":"https:\/\/www.meydan.tv\/az\/article\/cop29-tedbirine-gore-toylar-texire-salinir\/#breadcrumb","itemListElement":[{"@type":"ListItem","position":1,"name":"Ana s\u0259hif\u0259","item":"https:\/\/www.meydan.tv\/az\/"},{"@type":"ListItem","position":2,"name":"Sosial","item":"https:\/\/www.meydan.tv\/az\/section\/sosial\/"},{"@type":"ListItem","position":3,"name":"COP29 t\u0259dbirin\u0259 g\u00f6r\u0259 toylar t\u0259xir\u0259 sal\u0131n\u0131r"}]},{"@type":"WebSite","@id":"https:\/\/www.meydan.tv\/az\/#website","url":"https:\/\/www.meydan.tv\/az\/","name":"MEYDAN.TV","description":"Meydan TV Az\u0259rbaycan\u0131n media m\u0259kan\u0131ndak\u0131 alternativ s\u0259sidir","publisher":{"@id":"https:\/\/www.meydan.tv\/az\/#organization"},"potentialAction":[{"@type":"SearchAction","target":{"@type":"EntryPoint","urlTemplate":"https:\/\/www.meydan.tv\/az\/?s={search_term_string}"},"query-input":{"@type":"PropertyValueSpecification","valueRequired":true,"valueName":"search_term_string"}}],"inLanguage":"az"},{"@type":"Organization","@id":"https:\/\/www.meydan.tv\/az\/#organization","name":"Meydan TV","url":"https:\/\/www.meydan.tv\/az\/","logo":{"@type":"ImageObject","inLanguage":"az","@id":"https:\/\/www.meydan.tv\/az\/#\/schema\/logo\/image\/","url":"https:\/\/www.meydan.tv\/wp-content\/uploads\/2021\/07\/meydan-logo.svg","contentUrl":"https:\/\/www.meydan.tv\/wp-content\/uploads\/2021\/07\/meydan-logo.svg","width":195,"height":46,"caption":"Meydan TV"},"image":{"@id":"https:\/\/www.meydan.tv\/az\/#\/schema\/logo\/image\/"}},{"@type":"Person","@id":"https:\/\/www.meydan.tv\/az\/#\/schema\/person\/9cdbecf90d17180ce1dfbd95b08dcf47","name":"elli","sameAs":["https:\/\/x.com\/elli"]}]}},"_links":{"self":[{"href":"https:\/\/www.meydan.tv\/az\/wp-json\/wp\/v2\/posts\/311760","targetHints":{"allow":["GET"]}}],"collection":[{"href":"https:\/\/www.meydan.tv\/az\/wp-json\/wp\/v2\/posts"}],"about":[{"href":"https:\/\/www.meydan.tv\/az\/wp-json\/wp\/v2\/types\/post"}],"author":[{"embeddable":true,"href":"https:\/\/www.meydan.tv\/az\/wp-json\/wp\/v2\/users\/8"}],"replies":[{"embeddable":true,"href":"https:\/\/www.meydan.tv\/az\/wp-json\/wp\/v2\/comments?post=311760"}],"version-history":[{"count":3,"href":"https:\/\/www.meydan.tv\/az\/wp-json\/wp\/v2\/posts\/311760\/revisions"}],"predecessor-version":[{"id":311763,"href":"https:\/\/www.meydan.tv\/az\/wp-json\/wp\/v2\/posts\/311760\/revisions\/311763"}],"wp:featuredmedia":[{"embeddable":true,"href":"https:\/\/www.meydan.tv\/az\/wp-json\/wp\/v2\/media\/295658"}],"wp:attachment":[{"href":"https:\/\/www.meydan.tv\/az\/wp-json\/wp\/v2\/media?parent=311760"}],"wp:term":[{"taxonomy":"category","embeddable":true,"href":"https:\/\/www.meydan.tv\/az\/wp-json\/wp\/v2\/categories?post=311760"},{"taxonomy":"post_tag","embeddable":true,"href":"https:\/\/www.meydan.tv\/az\/wp-json\/wp\/v2\/tags?post=311760"}],"curies":[{"name":"wp","href":"https:\/\/api.w.org\/{rel}","templated":true}]}}