{"id":311679,"date":"2024-07-29T23:26:12","date_gmt":"2024-07-29T19:26:12","guid":{"rendered":"https:\/\/www.meydan.tv\/?p=311679"},"modified":"2024-07-29T23:26:17","modified_gmt":"2024-07-29T19:26:17","slug":"socar-aqs-ile-bagli-54-milyon-manatliq-menimseme-isinde-neler-var-mehkeme-qapali-gedir","status":"publish","type":"post","link":"https:\/\/www.meydan.tv\/az\/article\/socar-aqs-ile-bagli-54-milyon-manatliq-menimseme-isinde-neler-var-mehkeme-qapali-gedir\/","title":{"rendered":"\u201cSOCAR-AQ\u015e\u201d il\u0259 ba\u011fl\u0131 54 milyon manatl\u0131q m\u0259nims\u0259m\u0259 i\u015find\u0259 n\u0259l\u0259r var: m\u0259hk\u0259m\u0259 qapal\u0131 gedir"},"content":{"rendered":"\n<p><\/p>\n\n\n\n<p><strong><em>Ramin \u0130sayevin v\u0259kill\u0259ri onun ev dustaql\u0131\u011f\u0131na burax\u0131lmas\u0131n\u0131 ist\u0259yibl\u0259r<\/em><\/strong><\/p>\n\n\n\n<p>\u201cSOCAR-AQ\u015e\u201d MMC-nin ke\u00e7mi\u015f ba\u015f direktoru, \u00fcmumilikd\u0259 54 milyon manatl\u0131q m\u0259nims\u0259m\u0259 v\u0259 israfetm\u0259d\u0259 ittiham olunan 52 ya\u015fl\u0131 Ramin \u0130sayevin m\u0259hk\u0259m\u0259si ba\u015flay\u0131b. Bu cinay\u0259t i\u015fi Bak\u0131 A\u011f\u0131r Cinay\u0259tl\u0259r M\u0259hk\u0259m\u0259sind\u0259 Faiq Q\u0259niyevin s\u0259drliyil\u0259, \u015e\u0259lal\u0259 H\u0259s\u0259nova v\u0259 Samir \u018fliyevd\u0259n ibar\u0259t hakiml\u0259r kollegiyas\u0131n\u0131n icraat\u0131na verilib.<\/p>\n\n\n\n<p>\u0130yulun 29-da Ramin \u0130sayevin i\u015fi \u00fczr\u0259 m\u0259hk\u0259m\u0259nin haz\u0131rl\u0131q iclas\u0131 ke\u00e7irilib. He\u00e7 bir tutarl\u0131 s\u0259b\u0259b g\u00f6st\u0259rilm\u0259d\u0259n jurnalistl\u0259r m\u0259hk\u0259m\u0259 zal\u0131na burax\u0131lmay\u0131b. Onlara prosesin qapal\u0131 ke\u00e7irildiyi deyilib. Jurnalistl\u0259r is\u0259 bildirib ki, haz\u0131rl\u0131q iclas\u0131 he\u00e7 bir halda, qapal\u0131 ke\u00e7iril\u0259 bilm\u0259z. H\u0259tta hakim prosesin qapal\u0131 ke\u00e7irilm\u0259si bar\u0259d\u0259 q\u0259rar q\u0259bul ets\u0259 d\u0259, buna haz\u0131rl\u0131q iclas\u0131n\u0131n yekununda q\u0259rar verilir.<\/p>\n\n\n\n<p>Haz\u0131rl\u0131q iclas\u0131nda t\u0259qsirl\u0259ndiril\u0259n \u015f\u0259xsin anket m\u0259lumatlar\u0131 d\u0259qiql\u0259\u015fdirilib. H\u0259m onun v\u0259kill\u0259rind\u0259n, h\u0259m d\u0259 z\u0259r\u0259r\u00e7\u0259kmi\u015f qismind\u0259 tan\u0131nan \u201cAqrarkredit\u201d QSC, \u201cSOCAR-AQ\u015e\u201d v\u0259 \u201cAb\u015feron Qazma\u201d MMC-nin n\u00fcmay\u0259nd\u0259l\u0259rinin v\u0259sat\u0259tl\u0259ri olub-olmad\u0131\u011f\u0131 soru\u015fulub. Ramin \u0130sayevin v\u0259kill\u0259ri onun bar\u0259sind\u0259 h\u0259bs q\u0259timkan t\u0259dbirinin d\u0259yi\u015fdiril\u0259r\u0259k ev dustaql\u0131\u011f\u0131na burax\u0131lmas\u0131n\u0131 ist\u0259yibl\u0259r. M\u0259hk\u0259m\u0259 v\u0259sat\u0259ti t\u0259min etm\u0259yib.<\/p>\n\n\n\n<p>Hakiml\u0259r m\u00fc\u015favir\u0259d\u0259n sonra haz\u0131rl\u0131q iclas\u0131n\u0131n q\u0259rar\u0131n\u0131 elan edibl\u0259r. Q\u0259rara \u0259sas\u0259n, Ramin \u0130sayevin ev dustaql\u0131\u011f\u0131na burax\u0131lmas\u0131 bar\u0259d\u0259 v\u0259sat\u0259t t\u0259min olunmay\u0131b. Onun i\u015fi \u00fczr\u0259 m\u0259hk\u0259m\u0259 prosesinin d\u0259 qapal\u0131 ke\u00e7irilm\u0259sin\u0259 q\u0259rar verilib.<\/p>\n\n\n\n<p>M\u0259hk\u0259m\u0259 iclas\u0131 avqustun 2-n\u0259 t\u0259yin olunub.<\/p>\n\n\n<div class=\"wp-block-image\">\n<figure class=\"aligncenter size-full\"><img decoding=\"async\" width=\"1000\" height=\"541\" data-src=\"https:\/\/www.meydan.tv\/wp-content\/uploads\/410827945_4j7bzkk.jpg\" alt=\"Bak\u0131 A\u011f\u0131r Cinay\u0259tl\u0259r M\u0259hk\u0259m\u0259si\" class=\"wp-image-131384 lazyload\" src=\"data:image\/svg+xml;base64,PHN2ZyB3aWR0aD0iMSIgaGVpZ2h0PSIxIiB4bWxucz0iaHR0cDovL3d3dy53My5vcmcvMjAwMC9zdmciPjwvc3ZnPg==\" style=\"--smush-placeholder-width: 1000px; --smush-placeholder-aspect-ratio: 1000\/541;\" \/><figcaption class=\"wp-element-caption\">Foto: Meydan TV<\/figcaption><\/figure>\n<\/div>\n\n\n<p>Quyu-qazma i\u015fl\u0259rinin h\u0259yata ke\u00e7irilm\u0259sil\u0259 m\u0259\u015f\u011ful olan \u201cSOCAR -AQ\u015e\u201d MMC 2007-ci ild\u0259 Az\u0259rbaycan D\u00f6vl\u0259t Neft \u015eirk\u0259ti (SOCAR) il\u0259 yana\u015f\u0131, h\u0259m d\u0259 \u201cNobel Energy\u201d v\u0259 \u201cAb\u015feron Qazma\u201d MMC (AQ\u015e) t\u0259r\u0259find\u0259n t\u0259sis edilib.<\/p>\n\n\n\n<p>Amerikan\u0131n n\u00fcfuzlu Harvard Universitetinin m\u0259zunu olan Ramin \u0130sayev 2009-2020-ci ill\u0259rd\u0259 \u201cSOCAR-AQ\u015e\u201d MMC-nin ba\u015f direktoru v\u0259zif\u0259sind\u0259 \u00e7al\u0131\u015f\u0131b.<\/p>\n\n\n\n<p>Haz\u0131rda ona qar\u015f\u0131 k\u00fclli miqdarda m\u0259nims\u0259m\u0259, cinay\u0259t yolu il\u0259 \u0259ld\u0259 edilmi\u015f v\u0259saitl\u0259rin leqalla\u015fd\u0131r\u0131lmas\u0131, v\u0259zif\u0259 s\u0259lahiyy\u0259tl\u0259rind\u0259n sui-istifad\u0259 v\u0259 s. ittihamlar ir\u0259li s\u00fcr\u00fcl\u00fcb. O, ittihamlar\u0131 q\u0259bul etmir.<\/p>\n\n\n\n<p>Ramin \u0130sayev 2020-ci ild\u0259 v\u0259zif\u0259sind\u0259n azad edil\u0259nd\u0259n sonra T\u00fcrkiy\u0259y\u0259 k\u00f6\u00e7\u00fcb. Bir m\u00fcdd\u0259t sonra is\u0259 Ramin Hakan ad\u0131 il\u0259 T\u00fcrkiy\u0259 v\u0259t\u0259nda\u015f\u0131 olub.<\/p>\n\n\n<div class=\"wp-block-image\">\n<figure class=\"aligncenter size-large\"><img decoding=\"async\" width=\"1200\" height=\"428\" data-src=\"https:\/\/www.meydan.tv\/wp-content\/uploads\/korrupsiyaya_qarshi_mubarize_idaresi_bkk_060622_1-e1658203925158-1200x428.jpg\" alt=\"\" class=\"wp-image-251191 lazyload\" src=\"data:image\/svg+xml;base64,PHN2ZyB3aWR0aD0iMSIgaGVpZ2h0PSIxIiB4bWxucz0iaHR0cDovL3d3dy53My5vcmcvMjAwMC9zdmciPjwvc3ZnPg==\" style=\"--smush-placeholder-width: 1200px; --smush-placeholder-aspect-ratio: 1200\/428;\" \/><figcaption class=\"wp-element-caption\">Foto: Korrupsiyaya qar\u015f\u0131 M\u00fcbariz\u0259 Ba\u015f \u0130dar\u0259si <\/figcaption><\/figure>\n<\/div>\n\n\n<p>Korrupsiyaya Qar\u015f\u0131 M\u00fcbariz\u0259 \u0130dar\u0259sind\u0259 haz\u0131rlanm\u0131\u015f istintaq materiallar\u0131ndak\u0131 ittihamlar\u0131n bir qismi T\u00fcrkiy\u0259d\u0259ki f\u0259aliyy\u0259tl\u0259 ba\u011fl\u0131d\u0131r. \u0130ttihama \u0259sas\u0259n, Ramin \u0130sayev h\u0259l\u0259 v\u0259zif\u0259d\u0259 i\u015fl\u0259diyi d\u00f6vrd\u0259 T\u00fcrkiy\u0259 \u015firk\u0259tl\u0259ri il\u0259 i\u015fbirliyind\u0259 olub, xidm\u0259t g\u00f6st\u0259rilm\u0259diyi halda, o \u015firk\u0259tl\u0259rin hesab\u0131na yar\u0131m milyon manatdan \u00e7ox pul k\u00f6\u00e7\u00fcr\u00fcl\u00fcb. Bundan ba\u015fqa, Az\u0259rbaycanda m\u0259nims\u0259nil\u0259n pullar\u0131n bir hiss\u0259sinin T\u00fcrkiy\u0259d\u0259 \u0259mlak al\u0131\u015f\u0131na x\u0259rcl\u0259ndiyi, yaxud da banka \u0259man\u0259t kimi yat\u0131r\u0131ld\u0131\u011f\u0131 ittihamda yer al\u0131b.<\/p>\n\n\n\n<p>Ramin \u0130sayevin m\u0259zunu oldu\u011fu Harvard Universitetinin ad\u0131 da cinay\u0259t i\u015find\u0259 ke\u00e7ir. \u0130ttihama g\u00f6r\u0259, o, \u201cSOCAR-AQ\u015e\u201d MMC-y\u0259 aid v\u0259saitl\u0259rd\u0259n \u00f6zba\u015f\u0131na universitetin hesab\u0131na ian\u0259 edib.<br>\u00c7oxsayl\u0131 yax\u0131n qohumlar\u0131n\u0131, dost-tan\u0131\u015flar\u0131n\u0131 i\u015f\u0259 g\u00f6t\u00fcrd\u00fcy\u00fc iddia olunan Ramin \u0130sayev\u0259 qar\u015f\u0131 ir\u0259li s\u00fcr\u00fclm\u00fc\u015f ittihamlardan biri d\u0259 ail\u0259 \u00fczvl\u0259rinin ad\u0131na olan \u0259mlaklar\u0131n icar\u0259si ad\u0131yla onlar\u0131n hesab\u0131na milyonlarla v\u0259sait k\u00f6\u00e7\u00fcrm\u0259kd\u0259 t\u0259qsirl\u0259ndirilir.<\/p>\n\n\n\n<p>Ramin \u0130sayev v\u0259zif\u0259d\u0259n \u00e7\u0131xar\u0131landan sonra \u015firk\u0259tin hesablar\u0131na kiberh\u00fccumlar\u0131n t\u0259\u015fkilind\u0259, Beyn\u0259lxalq Bankdan kredit kimi g\u00f6t\u00fcr\u00fclm\u00fc\u015f 16 milyon manat\u0131n m\u0259nims\u0259nilm\u0259sind\u0259 d\u0259 ittiham olunur.<\/p>\n","protected":false},"excerpt":{"rendered":"<p>Ramin \u0130sayevin v\u0259kill\u0259ri onun ev dustaql\u0131\u011f\u0131na burax\u0131lmas\u0131n\u0131 ist\u0259yibl\u0259r \u201cSOCAR-AQ\u015e\u201d MMC-nin &#8230; <\/p>\n<p class=\"read-more-container\"><a title=\"\u201cSOCAR-AQ\u015e\u201d il\u0259 ba\u011fl\u0131 54 milyon manatl\u0131q m\u0259nims\u0259m\u0259 i\u015find\u0259 n\u0259l\u0259r var: m\u0259hk\u0259m\u0259 qapal\u0131 gedir\" class=\"read-more button\" href=\"https:\/\/www.meydan.tv\/az\/article\/socar-aqs-ile-bagli-54-milyon-manatliq-menimseme-isinde-neler-var-mehkeme-qapali-gedir\/#more-311679\" aria-label=\"Read more about \u201cSOCAR-AQ\u015e\u201d il\u0259 ba\u011fl\u0131 54 milyon manatl\u0131q m\u0259nims\u0259m\u0259 i\u015find\u0259 n\u0259l\u0259r var: m\u0259hk\u0259m\u0259 qapal\u0131 gedir\">Davam\u0131<\/a><\/p>\n","protected":false},"author":8,"featured_media":279047,"comment_status":"closed","ping_status":"closed","sticky":false,"template":"","format":"standard","meta":{"_acf_changed":false,"_sitemap_exclude":false,"_sitemap_priority":"","_sitemap_frequency":"","footnotes":""},"categories":[62,56],"tags":[],"class_list":["post-311679","post","type-post","status-publish","format-standard","has-post-thumbnail","hentry","category-sosial","category-xeberler","infinite-scroll-item","generate-columns","tablet-grid-50","mobile-grid-100","grid-parent","grid-33","no-featured-image-padding"],"acf":[],"yoast_head":"<!-- This site is optimized with the Yoast SEO plugin v27.5 - https:\/\/yoast.com\/product\/yoast-seo-wordpress\/ -->\n<title>\u201cSOCAR-AQ\u015e\u201d il\u0259 ba\u011fl\u0131 54 milyon manatl\u0131q m\u0259nims\u0259m\u0259 i\u015find\u0259 n\u0259l\u0259r var: m\u0259hk\u0259m\u0259 qapal\u0131 gedir - MEYDAN.TV<\/title>\n<meta name=\"description\" content=\"O, ittihamlar\u0131 q\u0259bul etmir.\" \/>\n<meta name=\"robots\" content=\"index, follow, max-snippet:-1, max-image-preview:large, max-video-preview:-1\" \/>\n<link rel=\"canonical\" href=\"https:\/\/www.meydan.tv\/az\/article\/socar-aqs-ile-bagli-54-milyon-manatliq-menimseme-isinde-neler-var-mehkeme-qapali-gedir\/\" \/>\n<meta property=\"og:locale\" content=\"az_AZ\" \/>\n<meta property=\"og:type\" content=\"article\" \/>\n<meta property=\"og:title\" content=\"\u201cSOCAR-AQ\u015e\u201d il\u0259 ba\u011fl\u0131 54 milyon manatl\u0131q m\u0259nims\u0259m\u0259 i\u015find\u0259 n\u0259l\u0259r var: m\u0259hk\u0259m\u0259 qapal\u0131 gedir - MEYDAN.TV\" \/>\n<meta property=\"og:description\" content=\"O, ittihamlar\u0131 q\u0259bul etmir.\" \/>\n<meta property=\"og:url\" content=\"https:\/\/www.meydan.tv\/az\/article\/socar-aqs-ile-bagli-54-milyon-manatliq-menimseme-isinde-neler-var-mehkeme-qapali-gedir\/\" \/>\n<meta property=\"og:site_name\" content=\"MEYDAN.TV\" \/>\n<meta property=\"article:published_time\" content=\"2024-07-29T19:26:12+00:00\" \/>\n<meta property=\"article:modified_time\" content=\"2024-07-29T19:26:17+00:00\" \/>\n<meta property=\"og:image\" content=\"https:\/\/www.meydan.tv\/wp-content\/uploads\/1688535373-940701-ssssocaaaa-e1688542740604.jpg\" \/>\n\t<meta property=\"og:image:width\" content=\"1200\" \/>\n\t<meta property=\"og:image:height\" content=\"531\" \/>\n\t<meta property=\"og:image:type\" content=\"image\/jpeg\" \/>\n<meta name=\"author\" content=\"elli\" \/>\n<meta name=\"twitter:card\" content=\"summary_large_image\" \/>\n<meta name=\"twitter:creator\" content=\"@elli\" \/>\n<script type=\"application\/ld+json\" class=\"yoast-schema-graph\">{\"@context\":\"https:\\\/\\\/schema.org\",\"@graph\":[{\"@type\":\"Article\",\"@id\":\"https:\\\/\\\/www.meydan.tv\\\/az\\\/article\\\/socar-aqs-ile-bagli-54-milyon-manatliq-menimseme-isinde-neler-var-mehkeme-qapali-gedir\\\/#article\",\"isPartOf\":{\"@id\":\"https:\\\/\\\/www.meydan.tv\\\/az\\\/article\\\/socar-aqs-ile-bagli-54-milyon-manatliq-menimseme-isinde-neler-var-mehkeme-qapali-gedir\\\/\"},\"author\":{\"name\":\"elli\",\"@id\":\"https:\\\/\\\/www.meydan.tv\\\/az\\\/#\\\/schema\\\/person\\\/9cdbecf90d17180ce1dfbd95b08dcf47\"},\"headline\":\"\u201cSOCAR-AQ\u015e\u201d il\u0259 ba\u011fl\u0131 54 milyon manatl\u0131q m\u0259nims\u0259m\u0259 i\u015find\u0259 n\u0259l\u0259r var: m\u0259hk\u0259m\u0259 qapal\u0131 gedir\",\"datePublished\":\"2024-07-29T19:26:12+00:00\",\"dateModified\":\"2024-07-29T19:26:17+00:00\",\"mainEntityOfPage\":{\"@id\":\"https:\\\/\\\/www.meydan.tv\\\/az\\\/article\\\/socar-aqs-ile-bagli-54-milyon-manatliq-menimseme-isinde-neler-var-mehkeme-qapali-gedir\\\/\"},\"wordCount\":737,\"publisher\":{\"@id\":\"https:\\\/\\\/www.meydan.tv\\\/az\\\/#organization\"},\"image\":{\"@id\":\"https:\\\/\\\/www.meydan.tv\\\/az\\\/article\\\/socar-aqs-ile-bagli-54-milyon-manatliq-menimseme-isinde-neler-var-mehkeme-qapali-gedir\\\/#primaryimage\"},\"thumbnailUrl\":\"https:\\\/\\\/www.meydan.tv\\\/wp-content\\\/uploads\\\/1688535373-940701-ssssocaaaa-e1688542740604.jpg\",\"articleSection\":[\"Sosial\",\"X\u0259b\u0259rl\u0259r\"],\"inLanguage\":\"az\"},{\"@type\":\"WebPage\",\"@id\":\"https:\\\/\\\/www.meydan.tv\\\/az\\\/article\\\/socar-aqs-ile-bagli-54-milyon-manatliq-menimseme-isinde-neler-var-mehkeme-qapali-gedir\\\/\",\"url\":\"https:\\\/\\\/www.meydan.tv\\\/az\\\/article\\\/socar-aqs-ile-bagli-54-milyon-manatliq-menimseme-isinde-neler-var-mehkeme-qapali-gedir\\\/\",\"name\":\"\u201cSOCAR-AQ\u015e\u201d il\u0259 ba\u011fl\u0131 54 milyon manatl\u0131q m\u0259nims\u0259m\u0259 i\u015find\u0259 n\u0259l\u0259r var: m\u0259hk\u0259m\u0259 qapal\u0131 gedir - MEYDAN.TV\",\"isPartOf\":{\"@id\":\"https:\\\/\\\/www.meydan.tv\\\/az\\\/#website\"},\"primaryImageOfPage\":{\"@id\":\"https:\\\/\\\/www.meydan.tv\\\/az\\\/article\\\/socar-aqs-ile-bagli-54-milyon-manatliq-menimseme-isinde-neler-var-mehkeme-qapali-gedir\\\/#primaryimage\"},\"image\":{\"@id\":\"https:\\\/\\\/www.meydan.tv\\\/az\\\/article\\\/socar-aqs-ile-bagli-54-milyon-manatliq-menimseme-isinde-neler-var-mehkeme-qapali-gedir\\\/#primaryimage\"},\"thumbnailUrl\":\"https:\\\/\\\/www.meydan.tv\\\/wp-content\\\/uploads\\\/1688535373-940701-ssssocaaaa-e1688542740604.jpg\",\"datePublished\":\"2024-07-29T19:26:12+00:00\",\"dateModified\":\"2024-07-29T19:26:17+00:00\",\"description\":\"O, ittihamlar\u0131 q\u0259bul etmir.\",\"breadcrumb\":{\"@id\":\"https:\\\/\\\/www.meydan.tv\\\/az\\\/article\\\/socar-aqs-ile-bagli-54-milyon-manatliq-menimseme-isinde-neler-var-mehkeme-qapali-gedir\\\/#breadcrumb\"},\"inLanguage\":\"az\",\"potentialAction\":[{\"@type\":\"ReadAction\",\"target\":[\"https:\\\/\\\/www.meydan.tv\\\/az\\\/article\\\/socar-aqs-ile-bagli-54-milyon-manatliq-menimseme-isinde-neler-var-mehkeme-qapali-gedir\\\/\"]}]},{\"@type\":\"ImageObject\",\"inLanguage\":\"az\",\"@id\":\"https:\\\/\\\/www.meydan.tv\\\/az\\\/article\\\/socar-aqs-ile-bagli-54-milyon-manatliq-menimseme-isinde-neler-var-mehkeme-qapali-gedir\\\/#primaryimage\",\"url\":\"https:\\\/\\\/www.meydan.tv\\\/wp-content\\\/uploads\\\/1688535373-940701-ssssocaaaa-e1688542740604.jpg\",\"contentUrl\":\"https:\\\/\\\/www.meydan.tv\\\/wp-content\\\/uploads\\\/1688535373-940701-ssssocaaaa-e1688542740604.jpg\",\"width\":1200,\"height\":531,\"caption\":\"Ramin \u0130sayev. Foto: \\\"Az\u0259rtac\\\"\"},{\"@type\":\"BreadcrumbList\",\"@id\":\"https:\\\/\\\/www.meydan.tv\\\/az\\\/article\\\/socar-aqs-ile-bagli-54-milyon-manatliq-menimseme-isinde-neler-var-mehkeme-qapali-gedir\\\/#breadcrumb\",\"itemListElement\":[{\"@type\":\"ListItem\",\"position\":1,\"name\":\"Ana s\u0259hif\u0259\",\"item\":\"https:\\\/\\\/www.meydan.tv\\\/az\\\/\"},{\"@type\":\"ListItem\",\"position\":2,\"name\":\"Sosial\",\"item\":\"https:\\\/\\\/www.meydan.tv\\\/az\\\/section\\\/sosial\\\/\"},{\"@type\":\"ListItem\",\"position\":3,\"name\":\"\u201cSOCAR-AQ\u015e\u201d il\u0259 ba\u011fl\u0131 54 milyon manatl\u0131q m\u0259nims\u0259m\u0259 i\u015find\u0259 n\u0259l\u0259r var: m\u0259hk\u0259m\u0259 qapal\u0131 gedir\"}]},{\"@type\":\"WebSite\",\"@id\":\"https:\\\/\\\/www.meydan.tv\\\/az\\\/#website\",\"url\":\"https:\\\/\\\/www.meydan.tv\\\/az\\\/\",\"name\":\"MEYDAN.TV\",\"description\":\"Meydan TV Az\u0259rbaycan\u0131n media m\u0259kan\u0131ndak\u0131 alternativ s\u0259sidir\",\"publisher\":{\"@id\":\"https:\\\/\\\/www.meydan.tv\\\/az\\\/#organization\"},\"potentialAction\":[{\"@type\":\"SearchAction\",\"target\":{\"@type\":\"EntryPoint\",\"urlTemplate\":\"https:\\\/\\\/www.meydan.tv\\\/az\\\/?s={search_term_string}\"},\"query-input\":{\"@type\":\"PropertyValueSpecification\",\"valueRequired\":true,\"valueName\":\"search_term_string\"}}],\"inLanguage\":\"az\"},{\"@type\":\"Organization\",\"@id\":\"https:\\\/\\\/www.meydan.tv\\\/az\\\/#organization\",\"name\":\"Meydan TV\",\"url\":\"https:\\\/\\\/www.meydan.tv\\\/az\\\/\",\"logo\":{\"@type\":\"ImageObject\",\"inLanguage\":\"az\",\"@id\":\"https:\\\/\\\/www.meydan.tv\\\/az\\\/#\\\/schema\\\/logo\\\/image\\\/\",\"url\":\"https:\\\/\\\/www.meydan.tv\\\/wp-content\\\/uploads\\\/2021\\\/07\\\/meydan-logo.svg\",\"contentUrl\":\"https:\\\/\\\/www.meydan.tv\\\/wp-content\\\/uploads\\\/2021\\\/07\\\/meydan-logo.svg\",\"width\":195,\"height\":46,\"caption\":\"Meydan TV\"},\"image\":{\"@id\":\"https:\\\/\\\/www.meydan.tv\\\/az\\\/#\\\/schema\\\/logo\\\/image\\\/\"}},{\"@type\":\"Person\",\"@id\":\"https:\\\/\\\/www.meydan.tv\\\/az\\\/#\\\/schema\\\/person\\\/9cdbecf90d17180ce1dfbd95b08dcf47\",\"name\":\"elli\",\"sameAs\":[\"https:\\\/\\\/x.com\\\/elli\"]}]}<\/script>\n<!-- \/ Yoast SEO plugin. -->","yoast_head_json":{"title":"\u201cSOCAR-AQ\u015e\u201d il\u0259 ba\u011fl\u0131 54 milyon manatl\u0131q m\u0259nims\u0259m\u0259 i\u015find\u0259 n\u0259l\u0259r var: m\u0259hk\u0259m\u0259 qapal\u0131 gedir - MEYDAN.TV","description":"O, ittihamlar\u0131 q\u0259bul etmir.","robots":{"index":"index","follow":"follow","max-snippet":"max-snippet:-1","max-image-preview":"max-image-preview:large","max-video-preview":"max-video-preview:-1"},"canonical":"https:\/\/www.meydan.tv\/az\/article\/socar-aqs-ile-bagli-54-milyon-manatliq-menimseme-isinde-neler-var-mehkeme-qapali-gedir\/","og_locale":"az_AZ","og_type":"article","og_title":"\u201cSOCAR-AQ\u015e\u201d il\u0259 ba\u011fl\u0131 54 milyon manatl\u0131q m\u0259nims\u0259m\u0259 i\u015find\u0259 n\u0259l\u0259r var: m\u0259hk\u0259m\u0259 qapal\u0131 gedir - MEYDAN.TV","og_description":"O, ittihamlar\u0131 q\u0259bul etmir.","og_url":"https:\/\/www.meydan.tv\/az\/article\/socar-aqs-ile-bagli-54-milyon-manatliq-menimseme-isinde-neler-var-mehkeme-qapali-gedir\/","og_site_name":"MEYDAN.TV","article_published_time":"2024-07-29T19:26:12+00:00","article_modified_time":"2024-07-29T19:26:17+00:00","og_image":[{"width":1200,"height":531,"url":"https:\/\/www.meydan.tv\/wp-content\/uploads\/1688535373-940701-ssssocaaaa-e1688542740604.jpg","type":"image\/jpeg"}],"author":"elli","twitter_card":"summary_large_image","twitter_creator":"@elli","schema":{"@context":"https:\/\/schema.org","@graph":[{"@type":"Article","@id":"https:\/\/www.meydan.tv\/az\/article\/socar-aqs-ile-bagli-54-milyon-manatliq-menimseme-isinde-neler-var-mehkeme-qapali-gedir\/#article","isPartOf":{"@id":"https:\/\/www.meydan.tv\/az\/article\/socar-aqs-ile-bagli-54-milyon-manatliq-menimseme-isinde-neler-var-mehkeme-qapali-gedir\/"},"author":{"name":"elli","@id":"https:\/\/www.meydan.tv\/az\/#\/schema\/person\/9cdbecf90d17180ce1dfbd95b08dcf47"},"headline":"\u201cSOCAR-AQ\u015e\u201d il\u0259 ba\u011fl\u0131 54 milyon manatl\u0131q m\u0259nims\u0259m\u0259 i\u015find\u0259 n\u0259l\u0259r var: m\u0259hk\u0259m\u0259 qapal\u0131 gedir","datePublished":"2024-07-29T19:26:12+00:00","dateModified":"2024-07-29T19:26:17+00:00","mainEntityOfPage":{"@id":"https:\/\/www.meydan.tv\/az\/article\/socar-aqs-ile-bagli-54-milyon-manatliq-menimseme-isinde-neler-var-mehkeme-qapali-gedir\/"},"wordCount":737,"publisher":{"@id":"https:\/\/www.meydan.tv\/az\/#organization"},"image":{"@id":"https:\/\/www.meydan.tv\/az\/article\/socar-aqs-ile-bagli-54-milyon-manatliq-menimseme-isinde-neler-var-mehkeme-qapali-gedir\/#primaryimage"},"thumbnailUrl":"https:\/\/www.meydan.tv\/wp-content\/uploads\/1688535373-940701-ssssocaaaa-e1688542740604.jpg","articleSection":["Sosial","X\u0259b\u0259rl\u0259r"],"inLanguage":"az"},{"@type":"WebPage","@id":"https:\/\/www.meydan.tv\/az\/article\/socar-aqs-ile-bagli-54-milyon-manatliq-menimseme-isinde-neler-var-mehkeme-qapali-gedir\/","url":"https:\/\/www.meydan.tv\/az\/article\/socar-aqs-ile-bagli-54-milyon-manatliq-menimseme-isinde-neler-var-mehkeme-qapali-gedir\/","name":"\u201cSOCAR-AQ\u015e\u201d il\u0259 ba\u011fl\u0131 54 milyon manatl\u0131q m\u0259nims\u0259m\u0259 i\u015find\u0259 n\u0259l\u0259r var: m\u0259hk\u0259m\u0259 qapal\u0131 gedir - MEYDAN.TV","isPartOf":{"@id":"https:\/\/www.meydan.tv\/az\/#website"},"primaryImageOfPage":{"@id":"https:\/\/www.meydan.tv\/az\/article\/socar-aqs-ile-bagli-54-milyon-manatliq-menimseme-isinde-neler-var-mehkeme-qapali-gedir\/#primaryimage"},"image":{"@id":"https:\/\/www.meydan.tv\/az\/article\/socar-aqs-ile-bagli-54-milyon-manatliq-menimseme-isinde-neler-var-mehkeme-qapali-gedir\/#primaryimage"},"thumbnailUrl":"https:\/\/www.meydan.tv\/wp-content\/uploads\/1688535373-940701-ssssocaaaa-e1688542740604.jpg","datePublished":"2024-07-29T19:26:12+00:00","dateModified":"2024-07-29T19:26:17+00:00","description":"O, ittihamlar\u0131 q\u0259bul etmir.","breadcrumb":{"@id":"https:\/\/www.meydan.tv\/az\/article\/socar-aqs-ile-bagli-54-milyon-manatliq-menimseme-isinde-neler-var-mehkeme-qapali-gedir\/#breadcrumb"},"inLanguage":"az","potentialAction":[{"@type":"ReadAction","target":["https:\/\/www.meydan.tv\/az\/article\/socar-aqs-ile-bagli-54-milyon-manatliq-menimseme-isinde-neler-var-mehkeme-qapali-gedir\/"]}]},{"@type":"ImageObject","inLanguage":"az","@id":"https:\/\/www.meydan.tv\/az\/article\/socar-aqs-ile-bagli-54-milyon-manatliq-menimseme-isinde-neler-var-mehkeme-qapali-gedir\/#primaryimage","url":"https:\/\/www.meydan.tv\/wp-content\/uploads\/1688535373-940701-ssssocaaaa-e1688542740604.jpg","contentUrl":"https:\/\/www.meydan.tv\/wp-content\/uploads\/1688535373-940701-ssssocaaaa-e1688542740604.jpg","width":1200,"height":531,"caption":"Ramin \u0130sayev. Foto: \"Az\u0259rtac\""},{"@type":"BreadcrumbList","@id":"https:\/\/www.meydan.tv\/az\/article\/socar-aqs-ile-bagli-54-milyon-manatliq-menimseme-isinde-neler-var-mehkeme-qapali-gedir\/#breadcrumb","itemListElement":[{"@type":"ListItem","position":1,"name":"Ana s\u0259hif\u0259","item":"https:\/\/www.meydan.tv\/az\/"},{"@type":"ListItem","position":2,"name":"Sosial","item":"https:\/\/www.meydan.tv\/az\/section\/sosial\/"},{"@type":"ListItem","position":3,"name":"\u201cSOCAR-AQ\u015e\u201d il\u0259 ba\u011fl\u0131 54 milyon manatl\u0131q m\u0259nims\u0259m\u0259 i\u015find\u0259 n\u0259l\u0259r var: m\u0259hk\u0259m\u0259 qapal\u0131 gedir"}]},{"@type":"WebSite","@id":"https:\/\/www.meydan.tv\/az\/#website","url":"https:\/\/www.meydan.tv\/az\/","name":"MEYDAN.TV","description":"Meydan TV Az\u0259rbaycan\u0131n media m\u0259kan\u0131ndak\u0131 alternativ s\u0259sidir","publisher":{"@id":"https:\/\/www.meydan.tv\/az\/#organization"},"potentialAction":[{"@type":"SearchAction","target":{"@type":"EntryPoint","urlTemplate":"https:\/\/www.meydan.tv\/az\/?s={search_term_string}"},"query-input":{"@type":"PropertyValueSpecification","valueRequired":true,"valueName":"search_term_string"}}],"inLanguage":"az"},{"@type":"Organization","@id":"https:\/\/www.meydan.tv\/az\/#organization","name":"Meydan TV","url":"https:\/\/www.meydan.tv\/az\/","logo":{"@type":"ImageObject","inLanguage":"az","@id":"https:\/\/www.meydan.tv\/az\/#\/schema\/logo\/image\/","url":"https:\/\/www.meydan.tv\/wp-content\/uploads\/2021\/07\/meydan-logo.svg","contentUrl":"https:\/\/www.meydan.tv\/wp-content\/uploads\/2021\/07\/meydan-logo.svg","width":195,"height":46,"caption":"Meydan TV"},"image":{"@id":"https:\/\/www.meydan.tv\/az\/#\/schema\/logo\/image\/"}},{"@type":"Person","@id":"https:\/\/www.meydan.tv\/az\/#\/schema\/person\/9cdbecf90d17180ce1dfbd95b08dcf47","name":"elli","sameAs":["https:\/\/x.com\/elli"]}]}},"_links":{"self":[{"href":"https:\/\/www.meydan.tv\/az\/wp-json\/wp\/v2\/posts\/311679","targetHints":{"allow":["GET"]}}],"collection":[{"href":"https:\/\/www.meydan.tv\/az\/wp-json\/wp\/v2\/posts"}],"about":[{"href":"https:\/\/www.meydan.tv\/az\/wp-json\/wp\/v2\/types\/post"}],"author":[{"embeddable":true,"href":"https:\/\/www.meydan.tv\/az\/wp-json\/wp\/v2\/users\/8"}],"replies":[{"embeddable":true,"href":"https:\/\/www.meydan.tv\/az\/wp-json\/wp\/v2\/comments?post=311679"}],"version-history":[{"count":1,"href":"https:\/\/www.meydan.tv\/az\/wp-json\/wp\/v2\/posts\/311679\/revisions"}],"predecessor-version":[{"id":311680,"href":"https:\/\/www.meydan.tv\/az\/wp-json\/wp\/v2\/posts\/311679\/revisions\/311680"}],"wp:featuredmedia":[{"embeddable":true,"href":"https:\/\/www.meydan.tv\/az\/wp-json\/wp\/v2\/media\/279047"}],"wp:attachment":[{"href":"https:\/\/www.meydan.tv\/az\/wp-json\/wp\/v2\/media?parent=311679"}],"wp:term":[{"taxonomy":"category","embeddable":true,"href":"https:\/\/www.meydan.tv\/az\/wp-json\/wp\/v2\/categories?post=311679"},{"taxonomy":"post_tag","embeddable":true,"href":"https:\/\/www.meydan.tv\/az\/wp-json\/wp\/v2\/tags?post=311679"}],"curies":[{"name":"wp","href":"https:\/\/api.w.org\/{rel}","templated":true}]}}