{"id":311673,"date":"2024-07-29T18:59:36","date_gmt":"2024-07-29T14:59:36","guid":{"rendered":"https:\/\/www.meydan.tv\/?p=311673"},"modified":"2024-07-29T18:59:39","modified_gmt":"2024-07-29T14:59:39","slug":"esgerin-ozunu-odlu-silahla-vurdugu-bildirilir","status":"publish","type":"post","link":"https:\/\/www.meydan.tv\/az\/article\/esgerin-ozunu-odlu-silahla-vurdugu-bildirilir\/","title":{"rendered":"\u018fsg\u0259rin \u00f6z\u00fcn\u00fc odlu silahla vurdu\u011fu bildirilir"},"content":{"rendered":"\n<p><\/p>\n\n\n\n<p><strong><em>K\u0259lb\u0259c\u0259r H\u0259rbi Prokurorlu\u011funda cinay\u0259t i\u015fi ba\u015flan\u0131b<\/em><\/strong><\/p>\n\n\n\n<p>M\u00fcdafi\u0259 Nazirliyinin N sayl\u0131 h\u0259rbi hiss\u0259sinin \u0259sg\u0259ri \u018fr\u015fad Q\u0259hr\u0259manovun odlu silahdan istifad\u0259 etm\u0259kl\u0259 \u00f6z\u00fcn\u00fc \u00f6ld\u00fcrd\u00fcy\u00fc bildirilir. <\/p>\n\n\n\n<p>Bu bar\u0259d\u0259 iyulun 29-da Az\u0259rbaycan H\u0259rbi Prokurorlu\u011funun m\u0259lumat\u0131nda deyilir.<\/p>\n\n\n\n<p>H\u0259rbi Prokurluqdan bildirilib ki, daxil olmu\u015f m\u0259lumat \u0259sas\u0131nda K\u0259lb\u0259c\u0259r v\u0259 H\u0259rbi Prokurorlu\u011fun Kriminalistika v\u0259 \u0130nformasiya Texnologiyalar\u0131 idar\u0259sinin \u0259m\u0259kda\u015flar\u0131 hadis\u0259 yerind\u0259 olub v\u0259 meyit\u0259 bax\u0131\u015f ke\u00e7iribl\u0259r:<\/p>\n\n\n\n<p><em>&#8220;\u0130\u015f \u00fc\u00e7\u00fcn \u0259h\u0259miyy\u0259t k\u0259sb ed\u0259n predmetl\u0259r maddi s\u00fcbut kimi g\u00f6t\u00fcr\u00fcl\u00fcb, el\u0259c\u0259 d\u0259 izahatlar al\u0131n\u0131b v\u0259 dig\u0259r h\u0259r\u0259k\u0259tl\u0259r icra edilib&#8221;.<\/em><\/p>\n\n\n\n<p>Qeyd olunub ki, fakt \u00fczr\u0259 K\u0259lb\u0259c\u0259r H\u0259rbi Prokurorlu\u011funda Cinay\u0259t M\u0259c\u0259ll\u0259sinin m\u00fcvafiq madd\u0259si il\u0259 cinay\u0259t i\u015fi ba\u015flan\u0131b:<\/p>\n\n\n\n<p><em>&#8220;\u015eahidl\u0259r dindirilib, m\u00fcxt\u0259lif ekspertizalar t\u0259yin edil\u0259r\u0259k, icraya y\u00f6n\u0259ldilmi\u015f v\u0259 t\u0259xir\u0259sal\u0131nmaz z\u0259ruri istintaq h\u0259r\u0259k\u0259tl\u0259ri h\u0259yata ke\u00e7irilib. Haz\u0131rda istintaq davam etdirilir v\u0259 qanunvericiliyin t\u0259l\u0259bl\u0259rin\u0259 uy\u011fun olaraq b\u00fct\u00fcn t\u0259dbirl\u0259rin g\u00f6r\u00fclm\u0259si t\u0259min olunacaqd\u0131r&#8221;.<\/em><\/p>\n\n\n\n<p>Meydan TV \u0259sg\u0259r \u018fr\u015fad Q\u0259hr\u0259manovun yax\u0131nlar\u0131 il\u0259 \u0259laq\u0259 saxlaya bilm\u0259yib.<\/p>\n","protected":false},"excerpt":{"rendered":"<p>K\u0259lb\u0259c\u0259r H\u0259rbi Prokurorlu\u011funda cinay\u0259t i\u015fi ba\u015flan\u0131b M\u00fcdafi\u0259 Nazirliyinin N sayl\u0131 &#8230; <\/p>\n<p class=\"read-more-container\"><a title=\"\u018fsg\u0259rin \u00f6z\u00fcn\u00fc odlu silahla vurdu\u011fu bildirilir\" class=\"read-more button\" href=\"https:\/\/www.meydan.tv\/az\/article\/esgerin-ozunu-odlu-silahla-vurdugu-bildirilir\/#more-311673\" aria-label=\"Read more about \u018fsg\u0259rin \u00f6z\u00fcn\u00fc odlu silahla vurdu\u011fu bildirilir\">Davam\u0131<\/a><\/p>\n","protected":false},"author":8,"featured_media":280368,"comment_status":"closed","ping_status":"closed","sticky":false,"template":"","format":"standard","meta":{"_acf_changed":false,"_sitemap_exclude":false,"_sitemap_priority":"","_sitemap_frequency":"","footnotes":""},"categories":[60,56],"tags":[],"class_list":["post-311673","post","type-post","status-publish","format-standard","has-post-thumbnail","hentry","category-bolge","category-xeberler","infinite-scroll-item","generate-columns","tablet-grid-50","mobile-grid-100","grid-parent","grid-33","no-featured-image-padding"],"acf":[],"yoast_head":"<!-- This site is optimized with the Yoast SEO plugin v27.4 - https:\/\/yoast.com\/product\/yoast-seo-wordpress\/ -->\n<title>\u018fsg\u0259rin \u00f6z\u00fcn\u00fc odlu silahla vurdu\u011fu bildirilir - MEYDAN.TV<\/title>\n<meta name=\"description\" content=\"&quot;\u0130\u015f \u00fc\u00e7\u00fcn \u0259h\u0259miyy\u0259t k\u0259sb ed\u0259n predmetl\u0259r maddi s\u00fcbut kimi g\u00f6t\u00fcr\u00fcl\u00fcb, el\u0259c\u0259 d\u0259 izahatlar al\u0131n\u0131b v\u0259 dig\u0259r h\u0259r\u0259k\u0259tl\u0259r icra edilib&quot;.\" \/>\n<meta name=\"robots\" content=\"index, follow, max-snippet:-1, max-image-preview:large, max-video-preview:-1\" \/>\n<link rel=\"canonical\" href=\"https:\/\/www.meydan.tv\/az\/article\/esgerin-ozunu-odlu-silahla-vurdugu-bildirilir\/\" \/>\n<meta property=\"og:locale\" content=\"az_AZ\" \/>\n<meta property=\"og:type\" content=\"article\" \/>\n<meta property=\"og:title\" content=\"\u018fsg\u0259rin \u00f6z\u00fcn\u00fc odlu silahla vurdu\u011fu bildirilir - MEYDAN.TV\" \/>\n<meta property=\"og:description\" content=\"&quot;\u0130\u015f \u00fc\u00e7\u00fcn \u0259h\u0259miyy\u0259t k\u0259sb ed\u0259n predmetl\u0259r maddi s\u00fcbut kimi g\u00f6t\u00fcr\u00fcl\u00fcb, el\u0259c\u0259 d\u0259 izahatlar al\u0131n\u0131b v\u0259 dig\u0259r h\u0259r\u0259k\u0259tl\u0259r icra edilib&quot;.\" \/>\n<meta property=\"og:url\" content=\"https:\/\/www.meydan.tv\/az\/article\/esgerin-ozunu-odlu-silahla-vurdugu-bildirilir\/\" \/>\n<meta property=\"og:site_name\" content=\"MEYDAN.TV\" \/>\n<meta property=\"article:published_time\" content=\"2024-07-29T14:59:36+00:00\" \/>\n<meta property=\"article:modified_time\" content=\"2024-07-29T14:59:39+00:00\" \/>\n<meta property=\"og:image\" content=\"https:\/\/www.meydan.tv\/wp-content\/uploads\/untitled-design-162-e1690145038833.jpg\" \/>\n\t<meta property=\"og:image:width\" content=\"1200\" \/>\n\t<meta property=\"og:image:height\" content=\"696\" \/>\n\t<meta property=\"og:image:type\" content=\"image\/jpeg\" \/>\n<meta name=\"author\" content=\"elli\" \/>\n<meta name=\"twitter:card\" content=\"summary_large_image\" \/>\n<meta name=\"twitter:creator\" content=\"@elli\" \/>\n<script type=\"application\/ld+json\" class=\"yoast-schema-graph\">{\"@context\":\"https:\\\/\\\/schema.org\",\"@graph\":[{\"@type\":\"Article\",\"@id\":\"https:\\\/\\\/www.meydan.tv\\\/az\\\/article\\\/esgerin-ozunu-odlu-silahla-vurdugu-bildirilir\\\/#article\",\"isPartOf\":{\"@id\":\"https:\\\/\\\/www.meydan.tv\\\/az\\\/article\\\/esgerin-ozunu-odlu-silahla-vurdugu-bildirilir\\\/\"},\"author\":{\"name\":\"elli\",\"@id\":\"https:\\\/\\\/www.meydan.tv\\\/az\\\/#\\\/schema\\\/person\\\/9cdbecf90d17180ce1dfbd95b08dcf47\"},\"headline\":\"\u018fsg\u0259rin \u00f6z\u00fcn\u00fc odlu silahla vurdu\u011fu bildirilir\",\"datePublished\":\"2024-07-29T14:59:36+00:00\",\"dateModified\":\"2024-07-29T14:59:39+00:00\",\"mainEntityOfPage\":{\"@id\":\"https:\\\/\\\/www.meydan.tv\\\/az\\\/article\\\/esgerin-ozunu-odlu-silahla-vurdugu-bildirilir\\\/\"},\"wordCount\":248,\"publisher\":{\"@id\":\"https:\\\/\\\/www.meydan.tv\\\/az\\\/#organization\"},\"image\":{\"@id\":\"https:\\\/\\\/www.meydan.tv\\\/az\\\/article\\\/esgerin-ozunu-odlu-silahla-vurdugu-bildirilir\\\/#primaryimage\"},\"thumbnailUrl\":\"https:\\\/\\\/www.meydan.tv\\\/wp-content\\\/uploads\\\/untitled-design-162-e1690145038833.jpg\",\"articleSection\":[\"B\u00f6lg\u0259\",\"X\u0259b\u0259rl\u0259r\"],\"inLanguage\":\"az\"},{\"@type\":\"WebPage\",\"@id\":\"https:\\\/\\\/www.meydan.tv\\\/az\\\/article\\\/esgerin-ozunu-odlu-silahla-vurdugu-bildirilir\\\/\",\"url\":\"https:\\\/\\\/www.meydan.tv\\\/az\\\/article\\\/esgerin-ozunu-odlu-silahla-vurdugu-bildirilir\\\/\",\"name\":\"\u018fsg\u0259rin \u00f6z\u00fcn\u00fc odlu silahla vurdu\u011fu bildirilir - MEYDAN.TV\",\"isPartOf\":{\"@id\":\"https:\\\/\\\/www.meydan.tv\\\/az\\\/#website\"},\"primaryImageOfPage\":{\"@id\":\"https:\\\/\\\/www.meydan.tv\\\/az\\\/article\\\/esgerin-ozunu-odlu-silahla-vurdugu-bildirilir\\\/#primaryimage\"},\"image\":{\"@id\":\"https:\\\/\\\/www.meydan.tv\\\/az\\\/article\\\/esgerin-ozunu-odlu-silahla-vurdugu-bildirilir\\\/#primaryimage\"},\"thumbnailUrl\":\"https:\\\/\\\/www.meydan.tv\\\/wp-content\\\/uploads\\\/untitled-design-162-e1690145038833.jpg\",\"datePublished\":\"2024-07-29T14:59:36+00:00\",\"dateModified\":\"2024-07-29T14:59:39+00:00\",\"description\":\"\\\"\u0130\u015f \u00fc\u00e7\u00fcn \u0259h\u0259miyy\u0259t k\u0259sb ed\u0259n predmetl\u0259r maddi s\u00fcbut kimi g\u00f6t\u00fcr\u00fcl\u00fcb, el\u0259c\u0259 d\u0259 izahatlar al\u0131n\u0131b v\u0259 dig\u0259r h\u0259r\u0259k\u0259tl\u0259r icra edilib\\\".\",\"breadcrumb\":{\"@id\":\"https:\\\/\\\/www.meydan.tv\\\/az\\\/article\\\/esgerin-ozunu-odlu-silahla-vurdugu-bildirilir\\\/#breadcrumb\"},\"inLanguage\":\"az\",\"potentialAction\":[{\"@type\":\"ReadAction\",\"target\":[\"https:\\\/\\\/www.meydan.tv\\\/az\\\/article\\\/esgerin-ozunu-odlu-silahla-vurdugu-bildirilir\\\/\"]}]},{\"@type\":\"ImageObject\",\"inLanguage\":\"az\",\"@id\":\"https:\\\/\\\/www.meydan.tv\\\/az\\\/article\\\/esgerin-ozunu-odlu-silahla-vurdugu-bildirilir\\\/#primaryimage\",\"url\":\"https:\\\/\\\/www.meydan.tv\\\/wp-content\\\/uploads\\\/untitled-design-162-e1690145038833.jpg\",\"contentUrl\":\"https:\\\/\\\/www.meydan.tv\\\/wp-content\\\/uploads\\\/untitled-design-162-e1690145038833.jpg\",\"width\":1200,\"height\":696,\"caption\":\"\u018fsg\u0259r. Foto: Meydan TV\"},{\"@type\":\"BreadcrumbList\",\"@id\":\"https:\\\/\\\/www.meydan.tv\\\/az\\\/article\\\/esgerin-ozunu-odlu-silahla-vurdugu-bildirilir\\\/#breadcrumb\",\"itemListElement\":[{\"@type\":\"ListItem\",\"position\":1,\"name\":\"Ana s\u0259hif\u0259\",\"item\":\"https:\\\/\\\/www.meydan.tv\\\/az\\\/\"},{\"@type\":\"ListItem\",\"position\":2,\"name\":\"B\u00f6lg\u0259\",\"item\":\"https:\\\/\\\/www.meydan.tv\\\/az\\\/section\\\/bolge\\\/\"},{\"@type\":\"ListItem\",\"position\":3,\"name\":\"\u018fsg\u0259rin \u00f6z\u00fcn\u00fc odlu silahla vurdu\u011fu bildirilir\"}]},{\"@type\":\"WebSite\",\"@id\":\"https:\\\/\\\/www.meydan.tv\\\/az\\\/#website\",\"url\":\"https:\\\/\\\/www.meydan.tv\\\/az\\\/\",\"name\":\"MEYDAN.TV\",\"description\":\"Meydan TV Az\u0259rbaycan\u0131n media m\u0259kan\u0131ndak\u0131 alternativ s\u0259sidir\",\"publisher\":{\"@id\":\"https:\\\/\\\/www.meydan.tv\\\/az\\\/#organization\"},\"potentialAction\":[{\"@type\":\"SearchAction\",\"target\":{\"@type\":\"EntryPoint\",\"urlTemplate\":\"https:\\\/\\\/www.meydan.tv\\\/az\\\/?s={search_term_string}\"},\"query-input\":{\"@type\":\"PropertyValueSpecification\",\"valueRequired\":true,\"valueName\":\"search_term_string\"}}],\"inLanguage\":\"az\"},{\"@type\":\"Organization\",\"@id\":\"https:\\\/\\\/www.meydan.tv\\\/az\\\/#organization\",\"name\":\"Meydan TV\",\"url\":\"https:\\\/\\\/www.meydan.tv\\\/az\\\/\",\"logo\":{\"@type\":\"ImageObject\",\"inLanguage\":\"az\",\"@id\":\"https:\\\/\\\/www.meydan.tv\\\/az\\\/#\\\/schema\\\/logo\\\/image\\\/\",\"url\":\"https:\\\/\\\/www.meydan.tv\\\/wp-content\\\/uploads\\\/2021\\\/07\\\/meydan-logo.svg\",\"contentUrl\":\"https:\\\/\\\/www.meydan.tv\\\/wp-content\\\/uploads\\\/2021\\\/07\\\/meydan-logo.svg\",\"width\":195,\"height\":46,\"caption\":\"Meydan TV\"},\"image\":{\"@id\":\"https:\\\/\\\/www.meydan.tv\\\/az\\\/#\\\/schema\\\/logo\\\/image\\\/\"}},{\"@type\":\"Person\",\"@id\":\"https:\\\/\\\/www.meydan.tv\\\/az\\\/#\\\/schema\\\/person\\\/9cdbecf90d17180ce1dfbd95b08dcf47\",\"name\":\"elli\",\"sameAs\":[\"https:\\\/\\\/x.com\\\/elli\"]}]}<\/script>\n<!-- \/ Yoast SEO plugin. -->","yoast_head_json":{"title":"\u018fsg\u0259rin \u00f6z\u00fcn\u00fc odlu silahla vurdu\u011fu bildirilir - MEYDAN.TV","description":"\"\u0130\u015f \u00fc\u00e7\u00fcn \u0259h\u0259miyy\u0259t k\u0259sb ed\u0259n predmetl\u0259r maddi s\u00fcbut kimi g\u00f6t\u00fcr\u00fcl\u00fcb, el\u0259c\u0259 d\u0259 izahatlar al\u0131n\u0131b v\u0259 dig\u0259r h\u0259r\u0259k\u0259tl\u0259r icra edilib\".","robots":{"index":"index","follow":"follow","max-snippet":"max-snippet:-1","max-image-preview":"max-image-preview:large","max-video-preview":"max-video-preview:-1"},"canonical":"https:\/\/www.meydan.tv\/az\/article\/esgerin-ozunu-odlu-silahla-vurdugu-bildirilir\/","og_locale":"az_AZ","og_type":"article","og_title":"\u018fsg\u0259rin \u00f6z\u00fcn\u00fc odlu silahla vurdu\u011fu bildirilir - MEYDAN.TV","og_description":"\"\u0130\u015f \u00fc\u00e7\u00fcn \u0259h\u0259miyy\u0259t k\u0259sb ed\u0259n predmetl\u0259r maddi s\u00fcbut kimi g\u00f6t\u00fcr\u00fcl\u00fcb, el\u0259c\u0259 d\u0259 izahatlar al\u0131n\u0131b v\u0259 dig\u0259r h\u0259r\u0259k\u0259tl\u0259r icra edilib\".","og_url":"https:\/\/www.meydan.tv\/az\/article\/esgerin-ozunu-odlu-silahla-vurdugu-bildirilir\/","og_site_name":"MEYDAN.TV","article_published_time":"2024-07-29T14:59:36+00:00","article_modified_time":"2024-07-29T14:59:39+00:00","og_image":[{"width":1200,"height":696,"url":"https:\/\/www.meydan.tv\/wp-content\/uploads\/untitled-design-162-e1690145038833.jpg","type":"image\/jpeg"}],"author":"elli","twitter_card":"summary_large_image","twitter_creator":"@elli","schema":{"@context":"https:\/\/schema.org","@graph":[{"@type":"Article","@id":"https:\/\/www.meydan.tv\/az\/article\/esgerin-ozunu-odlu-silahla-vurdugu-bildirilir\/#article","isPartOf":{"@id":"https:\/\/www.meydan.tv\/az\/article\/esgerin-ozunu-odlu-silahla-vurdugu-bildirilir\/"},"author":{"name":"elli","@id":"https:\/\/www.meydan.tv\/az\/#\/schema\/person\/9cdbecf90d17180ce1dfbd95b08dcf47"},"headline":"\u018fsg\u0259rin \u00f6z\u00fcn\u00fc odlu silahla vurdu\u011fu bildirilir","datePublished":"2024-07-29T14:59:36+00:00","dateModified":"2024-07-29T14:59:39+00:00","mainEntityOfPage":{"@id":"https:\/\/www.meydan.tv\/az\/article\/esgerin-ozunu-odlu-silahla-vurdugu-bildirilir\/"},"wordCount":248,"publisher":{"@id":"https:\/\/www.meydan.tv\/az\/#organization"},"image":{"@id":"https:\/\/www.meydan.tv\/az\/article\/esgerin-ozunu-odlu-silahla-vurdugu-bildirilir\/#primaryimage"},"thumbnailUrl":"https:\/\/www.meydan.tv\/wp-content\/uploads\/untitled-design-162-e1690145038833.jpg","articleSection":["B\u00f6lg\u0259","X\u0259b\u0259rl\u0259r"],"inLanguage":"az"},{"@type":"WebPage","@id":"https:\/\/www.meydan.tv\/az\/article\/esgerin-ozunu-odlu-silahla-vurdugu-bildirilir\/","url":"https:\/\/www.meydan.tv\/az\/article\/esgerin-ozunu-odlu-silahla-vurdugu-bildirilir\/","name":"\u018fsg\u0259rin \u00f6z\u00fcn\u00fc odlu silahla vurdu\u011fu bildirilir - MEYDAN.TV","isPartOf":{"@id":"https:\/\/www.meydan.tv\/az\/#website"},"primaryImageOfPage":{"@id":"https:\/\/www.meydan.tv\/az\/article\/esgerin-ozunu-odlu-silahla-vurdugu-bildirilir\/#primaryimage"},"image":{"@id":"https:\/\/www.meydan.tv\/az\/article\/esgerin-ozunu-odlu-silahla-vurdugu-bildirilir\/#primaryimage"},"thumbnailUrl":"https:\/\/www.meydan.tv\/wp-content\/uploads\/untitled-design-162-e1690145038833.jpg","datePublished":"2024-07-29T14:59:36+00:00","dateModified":"2024-07-29T14:59:39+00:00","description":"\"\u0130\u015f \u00fc\u00e7\u00fcn \u0259h\u0259miyy\u0259t k\u0259sb ed\u0259n predmetl\u0259r maddi s\u00fcbut kimi g\u00f6t\u00fcr\u00fcl\u00fcb, el\u0259c\u0259 d\u0259 izahatlar al\u0131n\u0131b v\u0259 dig\u0259r h\u0259r\u0259k\u0259tl\u0259r icra edilib\".","breadcrumb":{"@id":"https:\/\/www.meydan.tv\/az\/article\/esgerin-ozunu-odlu-silahla-vurdugu-bildirilir\/#breadcrumb"},"inLanguage":"az","potentialAction":[{"@type":"ReadAction","target":["https:\/\/www.meydan.tv\/az\/article\/esgerin-ozunu-odlu-silahla-vurdugu-bildirilir\/"]}]},{"@type":"ImageObject","inLanguage":"az","@id":"https:\/\/www.meydan.tv\/az\/article\/esgerin-ozunu-odlu-silahla-vurdugu-bildirilir\/#primaryimage","url":"https:\/\/www.meydan.tv\/wp-content\/uploads\/untitled-design-162-e1690145038833.jpg","contentUrl":"https:\/\/www.meydan.tv\/wp-content\/uploads\/untitled-design-162-e1690145038833.jpg","width":1200,"height":696,"caption":"\u018fsg\u0259r. Foto: Meydan TV"},{"@type":"BreadcrumbList","@id":"https:\/\/www.meydan.tv\/az\/article\/esgerin-ozunu-odlu-silahla-vurdugu-bildirilir\/#breadcrumb","itemListElement":[{"@type":"ListItem","position":1,"name":"Ana s\u0259hif\u0259","item":"https:\/\/www.meydan.tv\/az\/"},{"@type":"ListItem","position":2,"name":"B\u00f6lg\u0259","item":"https:\/\/www.meydan.tv\/az\/section\/bolge\/"},{"@type":"ListItem","position":3,"name":"\u018fsg\u0259rin \u00f6z\u00fcn\u00fc odlu silahla vurdu\u011fu bildirilir"}]},{"@type":"WebSite","@id":"https:\/\/www.meydan.tv\/az\/#website","url":"https:\/\/www.meydan.tv\/az\/","name":"MEYDAN.TV","description":"Meydan TV Az\u0259rbaycan\u0131n media m\u0259kan\u0131ndak\u0131 alternativ s\u0259sidir","publisher":{"@id":"https:\/\/www.meydan.tv\/az\/#organization"},"potentialAction":[{"@type":"SearchAction","target":{"@type":"EntryPoint","urlTemplate":"https:\/\/www.meydan.tv\/az\/?s={search_term_string}"},"query-input":{"@type":"PropertyValueSpecification","valueRequired":true,"valueName":"search_term_string"}}],"inLanguage":"az"},{"@type":"Organization","@id":"https:\/\/www.meydan.tv\/az\/#organization","name":"Meydan TV","url":"https:\/\/www.meydan.tv\/az\/","logo":{"@type":"ImageObject","inLanguage":"az","@id":"https:\/\/www.meydan.tv\/az\/#\/schema\/logo\/image\/","url":"https:\/\/www.meydan.tv\/wp-content\/uploads\/2021\/07\/meydan-logo.svg","contentUrl":"https:\/\/www.meydan.tv\/wp-content\/uploads\/2021\/07\/meydan-logo.svg","width":195,"height":46,"caption":"Meydan TV"},"image":{"@id":"https:\/\/www.meydan.tv\/az\/#\/schema\/logo\/image\/"}},{"@type":"Person","@id":"https:\/\/www.meydan.tv\/az\/#\/schema\/person\/9cdbecf90d17180ce1dfbd95b08dcf47","name":"elli","sameAs":["https:\/\/x.com\/elli"]}]}},"_links":{"self":[{"href":"https:\/\/www.meydan.tv\/az\/wp-json\/wp\/v2\/posts\/311673","targetHints":{"allow":["GET"]}}],"collection":[{"href":"https:\/\/www.meydan.tv\/az\/wp-json\/wp\/v2\/posts"}],"about":[{"href":"https:\/\/www.meydan.tv\/az\/wp-json\/wp\/v2\/types\/post"}],"author":[{"embeddable":true,"href":"https:\/\/www.meydan.tv\/az\/wp-json\/wp\/v2\/users\/8"}],"replies":[{"embeddable":true,"href":"https:\/\/www.meydan.tv\/az\/wp-json\/wp\/v2\/comments?post=311673"}],"version-history":[{"count":1,"href":"https:\/\/www.meydan.tv\/az\/wp-json\/wp\/v2\/posts\/311673\/revisions"}],"predecessor-version":[{"id":311675,"href":"https:\/\/www.meydan.tv\/az\/wp-json\/wp\/v2\/posts\/311673\/revisions\/311675"}],"wp:featuredmedia":[{"embeddable":true,"href":"https:\/\/www.meydan.tv\/az\/wp-json\/wp\/v2\/media\/280368"}],"wp:attachment":[{"href":"https:\/\/www.meydan.tv\/az\/wp-json\/wp\/v2\/media?parent=311673"}],"wp:term":[{"taxonomy":"category","embeddable":true,"href":"https:\/\/www.meydan.tv\/az\/wp-json\/wp\/v2\/categories?post=311673"},{"taxonomy":"post_tag","embeddable":true,"href":"https:\/\/www.meydan.tv\/az\/wp-json\/wp\/v2\/tags?post=311673"}],"curies":[{"name":"wp","href":"https:\/\/api.w.org\/{rel}","templated":true}]}}