{"id":311611,"date":"2024-07-29T12:52:10","date_gmt":"2024-07-29T08:52:10","guid":{"rendered":"https:\/\/www.meydan.tv\/?p=311611"},"modified":"2024-07-29T14:27:06","modified_gmt":"2024-07-29T10:27:06","slug":"azerbaycanda-insanlar-niye-aqressiyalasib","status":"publish","type":"post","link":"https:\/\/www.meydan.tv\/az\/article\/azerbaycanda-insanlar-niye-aqressiyalasib\/","title":{"rendered":"Az\u0259rbaycanda insanlar niy\u0259 aqressiya i\u00e7ind\u0259dir?"},"content":{"rendered":"\n<p><\/p>\n\n\n\n<p><strong><em>\u201cBiz g\u00fcnd\u0259lik h\u0259yat\u0131m\u0131z\u0131n h\u0259r yerind\u0259 aqressiya il\u0259 rastla\u015f\u0131r\u0131q?<\/em><\/strong><\/p>\n\n\n\n<p>Az\u0259rbaycanda son zamanlar x\u00fcsusi amans\u0131zl\u0131qla insan \u00f6ld\u00fcrm\u0259 hallar\u0131n\u0131n artd\u0131\u011f\u0131 m\u00fc\u015fahid\u0259 edilir. Ata o\u011fulu, o\u011ful valideyni, g\u0259lin qaynan\u0131 q\u0259tl\u0259 yetirir\u2026<\/p>\n\n\n\n<p>\u018fn \u00e7ox da \u0259rin arvad\u0131 q\u0259tl\u0259 yetirm\u0259si il\u0259 ba\u011fl\u0131 x\u0259b\u0259rl\u0259r yay\u0131l\u0131r.<\/p>\n\n\n\n<p>B\u0259rd\u0259d\u0259 R\u0259na K\u0259rimovan\u0131n yanaraq \u00f6l\u00fcm\u00fc, Ay\u015f\u0259n Kaz\u0131movan\u0131n 8-ci m\u0259rt\u0259b\u0259d\u0259n at\u0131laraq \u00f6ld\u00fcr\u00fclm\u0259si d\u0259 bunlardand\u0131r.<\/p>\n\n\n\n<p>Feminist f\u0259al G\u00fclnara Mehdiyeva da hadis\u0259l\u0259ri mediadan izl\u0259yib. Oxuyub ki, 22 ya\u015fl\u0131 Ay\u015f\u0259n Kaz\u0131mova 8-ci m\u0259rt\u0259b\u0259d\u0259n yer\u0259 at\u0131lark\u0259n \u0259l-qolu ba\u011fl\u0131 olub:<\/p>\n\n\n<div class=\"wp-block-image\">\n<figure class=\"alignright size-large is-resized\"><img decoding=\"async\" width=\"1200\" height=\"675\" data-src=\"https:\/\/www.meydan.tv\/wp-content\/uploads\/maxresdefault_121fl6a-1200x675.jpg\" alt=\"G\u00fclnar\u0259 Mehdiyeva\" class=\"wp-image-129065 lazyload\" style=\"--smush-placeholder-width: 1200px; --smush-placeholder-aspect-ratio: 1200\/675;width:418px;height:auto\" src=\"data:image\/svg+xml;base64,PHN2ZyB3aWR0aD0iMSIgaGVpZ2h0PSIxIiB4bWxucz0iaHR0cDovL3d3dy53My5vcmcvMjAwMC9zdmciPjwvc3ZnPg==\" \/><figcaption class=\"wp-element-caption\">Foto: Meydan TV<\/figcaption><\/figure>\n<\/div>\n\n\n<p><em>\u201cDeyil\u0259n\u0259 g\u00f6r\u0259, daha sonra H\u00fcseyn Kaz\u0131mov a\u015fa\u011f\u0131 d\u00fc\u015f\u0259r\u0259k, can ver\u0259n qad\u0131na &#8220;s\u0259n h\u0259l\u0259 \u00f6lm\u0259mis\u0259n?&#8221; deyib, v\u0259 onu t\u0259pikl\u0259m\u0259y\u0259 davam edib. X\u0259b\u0259rin ba\u015fqa bir hiss\u0259sini \u00f6z\u00fcm tapa bilm\u0259s\u0259m d\u0259, deyil\u0259n\u0259 g\u00f6r\u0259, o, arvad\u0131n\u0131 \u00f6ld\u00fcrm\u0259zd\u0259n \u0259vv\u0259l zorak\u0131 \u015f\u0259kild\u0259 videosunu \u00e7\u0259kib v\u0259 ona n\u0259l\u0259rs\u0259 dedizdirib. Bu \u0259m\u0259lini is\u0259 q\u0259tld\u0259n sonra \u00f6z\u00fcn\u00fc s\u0131\u011fortalamaq, cinay\u0259ti &#8220;namus&#8221; b\u0259han\u0259sil\u0259 t\u00f6r\u0259tdiyini dey\u0259 bilm\u0259k \u00fc\u00e7\u00fcn edib\u201d.<\/em><\/p>\n\n\n\n<p>Gulnara Mehdiyeva bildirir ki, \u00f6lk\u0259d\u0259 h\u00fcquq sistemi i\u015fl\u0259s\u0259, H\u00fcseyn Kaz\u0131mova x\u00fcsusi amans\u0131zl\u0131qla adam \u00f6ld\u00fcrm\u0259 ittiham\u0131 ir\u0259li s\u00fcr\u00fclm\u0259lidir, video \u00e7\u0259kilm\u0259si is\u0259 q\u0259tlin \u00f6nc\u0259d\u0259n soyuqqanl\u0131l\u0131qla planland\u0131\u011f\u0131na dair s\u00fcbut olmal\u0131d\u0131r:<\/p>\n\n\n\n<p><em>\u201cQ\u0259tll\u0259ri legitiml\u0259\u015fdirm\u0259k \u00fc\u00e7\u00fcn zorba videolar, etiraflar \u00e7\u0259km\u0259k ki\u015fil\u0259r \u00fc\u00e7\u00fcn pis v\u0259rdi\u015f\u0259 \u00e7evrilm\u0259m\u0259lidir\u201d.<\/em><\/p>\n\n\n\n<p>Siyasi psixoloq Samir\u0259 Qas\u0131ml\u0131 \u201cTuran\u201d \u0130nformasiya Agentliyin\u0259 m\u00fcsahib\u0259sind\u0259 bildirib ki, h\u0259qiq\u0259t\u0259n d\u0259 c\u0259miyy\u0259td\u0259, ail\u0259l\u0259r daxilind\u0259 zorak\u0131l\u0131q art\u0131b. Deyir, \u0259n son oxudu\u011fu statistikadan da g\u00f6r\u00fcb ki, \u00f6lk\u0259d\u0259 cinay\u0259t yox, m\u0259hz a\u011f\u0131r cinay\u0259tl\u0259rin say\u0131 art\u0131b:<\/p>\n\n\n<div class=\"wp-block-image\">\n<figure class=\"alignleft size-full is-resized\"><img decoding=\"async\" width=\"1200\" height=\"693\" data-src=\"https:\/\/www.meydan.tv\/wp-content\/uploads\/screenshot_3-20.png\" alt=\"\" class=\"wp-image-311612 lazyload\" style=\"--smush-placeholder-width: 1200px; --smush-placeholder-aspect-ratio: 1200\/693;width:422px;height:auto\" src=\"data:image\/svg+xml;base64,PHN2ZyB3aWR0aD0iMSIgaGVpZ2h0PSIxIiB4bWxucz0iaHR0cDovL3d3dy53My5vcmcvMjAwMC9zdmciPjwvc3ZnPg==\" \/><figcaption class=\"wp-element-caption\">Foto: Samir\u0259 Qas\u0131ml\u0131n\u0131n \u015f\u0259xsi arxivind\u0259n<\/figcaption><\/figure>\n<\/div>\n\n\n<p><em>\u201cC\u0259miyy\u0259td\u0259 aqressiya \u00e7oxal\u0131b v\u0259 adi hala \u00e7evrilib. Ham\u0131 d\u00f6y\u00fc\u015fk\u0259n \u0259hval-ruhiyy\u0259d\u0259dir. \u018fsas\u0259n, bel\u0259 hal rifah s\u0259viyy\u0259sinin a\u015fa\u011f\u0131 d\u00fc\u015fd\u00fcy\u00fc c\u0259miyy\u0259tl\u0259rd\u0259 olur. \u0130nsan rifaha \u00e7atmad\u0131qca, ehtiyaclar\u0131n\u0131 qar\u015f\u0131laya bilm\u0259dikc\u0259, aqressiyas\u0131 art\u0131r. Biz g\u00fcnd\u0259lik h\u0259yat\u0131m\u0131z\u0131n h\u0259r yerind\u0259 aqressiya il\u0259 rastla\u015f\u0131r\u0131q, sat\u0131c\u0131 m\u00fc\u015ft\u0259riy\u0259 qar\u015f\u0131, s\u00fcr\u00fcc\u00fc s\u00fcr\u00fcc\u00fcy\u0259 qar\u015f\u0131, n\u0259 bilim pasiyent x\u0259st\u0259xana r\u0259hb\u0259rliyin\u0259 qar\u015f\u0131, ail\u0259daxili aqressiya v\u0259 s. Bunlar\u0131n \u0259sas indikatoru sosial psixoloqlar\u0131n dediyin\u0259 g\u00f6r\u0259, rifaha \u00e7at\u0131ms\u0131zl\u0131qd\u0131r\u201d.<\/em><\/p>\n\n\n\n<p>Eyni zamanda, Samir\u0259 Qas\u0131ml\u0131 bildirib ki, \u00e7\u00f6ld\u0259, i\u015f yerind\u0259 \u0259zil\u0259n insan da b\u0259z\u0259n aqressiyas\u0131n\u0131 ail\u0259sind\u0259, \u00f6z\u00fcnd\u0259n g\u00fccs\u00fcz insanlardan \u00e7\u0131xarma\u011fa \u00e7al\u0131\u015f\u0131r.<\/p>\n\n\n\n<p>Bu g\u00fcnl\u0259rd\u0259 Az\u0259rbaycanda m\u0259i\u015f\u0259t zorak\u0131l\u0131\u011f\u0131ndan z\u0259r\u0259r \u00e7\u0259kmi\u015f \u015f\u0259xsl\u0259rin d\u00f6vl\u0259t v\u0259saiti hesab\u0131na h\u00fcquqi yard\u0131mla t\u0259min edil\u0259c\u0259yi il\u0259 ba\u011fl\u0131 qayda q\u0259bul <a href=\"https:\/\/www.meydan.tv\/az\/article\/meiset-zorakiligina-meruz-qalanlar-dovlet-hesabina-vekille-temin-edilecek\/\" target=\"_blank\" rel=\"noreferrer noopener\">edildi.<\/a><\/p>\n\n\n\n<p>Yeni qaydaya g\u00f6r\u0259, m\u0259i\u015f\u0259t zorak\u0131l\u0131\u011f\u0131n\u0131n qar\u015f\u0131s\u0131n\u0131n al\u0131nmas\u0131 haqq\u0131nda\u201d Az\u0259rbaycan Respublikas\u0131n\u0131n Qanununda d\u0259yi\u015fiklik edilib. Zorak\u0131l\u0131\u011fa m\u0259ruz qalm\u0131\u015f \u015f\u0259xsl\u0259r d\u00f6vl\u0259t hesab\u0131na v\u0259kill\u0259 t\u0259min edil\u0259c\u0259k, dig\u0259r h\u00fcquqi m\u0259sr\u0259fl\u0259ri qar\u015f\u0131lanacaq.<\/p>\n\n\n\n<p>G\u00f6r\u00fcn\u00fcr son zamanlar m\u0259i\u015f\u0259t zorak\u0131l\u0131\u011f\u0131 il\u0259 ba\u011fl\u0131 yay\u0131lan x\u0259b\u0259rl\u0259r h\u00f6kum\u0259ti d\u0259 narahat etm\u0259y\u0259 ba\u015flay\u0131b.<\/p>\n","protected":false},"excerpt":{"rendered":"<p>\u201cBiz g\u00fcnd\u0259lik h\u0259yat\u0131m\u0131z\u0131n h\u0259r yerind\u0259 aqressiya il\u0259 rastla\u015f\u0131r\u0131q? Az\u0259rbaycanda son &#8230; <\/p>\n<p class=\"read-more-container\"><a title=\"Az\u0259rbaycanda insanlar niy\u0259 aqressiya i\u00e7ind\u0259dir?\" class=\"read-more button\" href=\"https:\/\/www.meydan.tv\/az\/article\/azerbaycanda-insanlar-niye-aqressiyalasib\/#more-311611\" aria-label=\"Read more about Az\u0259rbaycanda insanlar niy\u0259 aqressiya i\u00e7ind\u0259dir?\">Davam\u0131<\/a><\/p>\n","protected":false},"author":8,"featured_media":311628,"comment_status":"closed","ping_status":"closed","sticky":false,"template":"","format":"standard","meta":{"_acf_changed":false,"_sitemap_exclude":false,"_sitemap_priority":"","_sitemap_frequency":"","footnotes":""},"categories":[62,79,56],"tags":[],"class_list":["post-311611","post","type-post","status-publish","format-standard","has-post-thumbnail","hentry","category-sosial","category-featured","category-xeberler","infinite-scroll-item","generate-columns","tablet-grid-50","mobile-grid-100","grid-parent","grid-33","no-featured-image-padding"],"acf":[],"yoast_head":"<!-- This site is optimized with the Yoast SEO plugin v27.5 - https:\/\/yoast.com\/product\/yoast-seo-wordpress\/ -->\n<title>Az\u0259rbaycanda insanlar niy\u0259 aqressiya i\u00e7ind\u0259dir? - MEYDAN.TV<\/title>\n<meta name=\"description\" content=\"Az\u0259rbaycanda son zamanlar x\u00fcsusi amans\u0131zl\u0131qla insan \u00f6ld\u00fcrm\u0259 hallar\u0131n\u0131n artd\u0131\u011f\u0131 m\u00fc\u015fahid\u0259 edilir.\" \/>\n<meta name=\"robots\" content=\"index, follow, max-snippet:-1, max-image-preview:large, max-video-preview:-1\" \/>\n<link rel=\"canonical\" href=\"https:\/\/www.meydan.tv\/az\/article\/azerbaycanda-insanlar-niye-aqressiyalasib\/\" \/>\n<meta property=\"og:locale\" content=\"az_AZ\" \/>\n<meta property=\"og:type\" content=\"article\" \/>\n<meta property=\"og:title\" content=\"Az\u0259rbaycanda insanlar niy\u0259 aqressiya i\u00e7ind\u0259dir? - MEYDAN.TV\" \/>\n<meta property=\"og:description\" content=\"Az\u0259rbaycanda son zamanlar x\u00fcsusi amans\u0131zl\u0131qla insan \u00f6ld\u00fcrm\u0259 hallar\u0131n\u0131n artd\u0131\u011f\u0131 m\u00fc\u015fahid\u0259 edilir.\" \/>\n<meta property=\"og:url\" content=\"https:\/\/www.meydan.tv\/az\/article\/azerbaycanda-insanlar-niye-aqressiyalasib\/\" \/>\n<meta property=\"og:site_name\" content=\"MEYDAN.TV\" \/>\n<meta property=\"article:published_time\" content=\"2024-07-29T08:52:10+00:00\" \/>\n<meta property=\"article:modified_time\" content=\"2024-07-29T10:27:06+00:00\" \/>\n<meta property=\"og:image\" content=\"https:\/\/www.meydan.tv\/wp-content\/uploads\/aqress.jpg\" \/>\n\t<meta property=\"og:image:width\" content=\"1200\" \/>\n\t<meta property=\"og:image:height\" content=\"675\" \/>\n\t<meta property=\"og:image:type\" content=\"image\/jpeg\" \/>\n<meta name=\"author\" content=\"elli\" \/>\n<meta name=\"twitter:card\" content=\"summary_large_image\" \/>\n<meta name=\"twitter:creator\" content=\"@elli\" \/>\n<script type=\"application\/ld+json\" class=\"yoast-schema-graph\">{\"@context\":\"https:\\\/\\\/schema.org\",\"@graph\":[{\"@type\":\"Article\",\"@id\":\"https:\\\/\\\/www.meydan.tv\\\/az\\\/article\\\/azerbaycanda-insanlar-niye-aqressiyalasib\\\/#article\",\"isPartOf\":{\"@id\":\"https:\\\/\\\/www.meydan.tv\\\/az\\\/article\\\/azerbaycanda-insanlar-niye-aqressiyalasib\\\/\"},\"author\":{\"name\":\"elli\",\"@id\":\"https:\\\/\\\/www.meydan.tv\\\/az\\\/#\\\/schema\\\/person\\\/9cdbecf90d17180ce1dfbd95b08dcf47\"},\"headline\":\"Az\u0259rbaycanda insanlar niy\u0259 aqressiya i\u00e7ind\u0259dir?\",\"datePublished\":\"2024-07-29T08:52:10+00:00\",\"dateModified\":\"2024-07-29T10:27:06+00:00\",\"mainEntityOfPage\":{\"@id\":\"https:\\\/\\\/www.meydan.tv\\\/az\\\/article\\\/azerbaycanda-insanlar-niye-aqressiyalasib\\\/\"},\"wordCount\":655,\"publisher\":{\"@id\":\"https:\\\/\\\/www.meydan.tv\\\/az\\\/#organization\"},\"image\":{\"@id\":\"https:\\\/\\\/www.meydan.tv\\\/az\\\/article\\\/azerbaycanda-insanlar-niye-aqressiyalasib\\\/#primaryimage\"},\"thumbnailUrl\":\"https:\\\/\\\/www.meydan.tv\\\/wp-content\\\/uploads\\\/aqress.jpg\",\"articleSection\":[\"Sosial\",\"T\u00f6vsiy\u0259\",\"X\u0259b\u0259rl\u0259r\"],\"inLanguage\":\"az\"},{\"@type\":\"WebPage\",\"@id\":\"https:\\\/\\\/www.meydan.tv\\\/az\\\/article\\\/azerbaycanda-insanlar-niye-aqressiyalasib\\\/\",\"url\":\"https:\\\/\\\/www.meydan.tv\\\/az\\\/article\\\/azerbaycanda-insanlar-niye-aqressiyalasib\\\/\",\"name\":\"Az\u0259rbaycanda insanlar niy\u0259 aqressiya i\u00e7ind\u0259dir? - MEYDAN.TV\",\"isPartOf\":{\"@id\":\"https:\\\/\\\/www.meydan.tv\\\/az\\\/#website\"},\"primaryImageOfPage\":{\"@id\":\"https:\\\/\\\/www.meydan.tv\\\/az\\\/article\\\/azerbaycanda-insanlar-niye-aqressiyalasib\\\/#primaryimage\"},\"image\":{\"@id\":\"https:\\\/\\\/www.meydan.tv\\\/az\\\/article\\\/azerbaycanda-insanlar-niye-aqressiyalasib\\\/#primaryimage\"},\"thumbnailUrl\":\"https:\\\/\\\/www.meydan.tv\\\/wp-content\\\/uploads\\\/aqress.jpg\",\"datePublished\":\"2024-07-29T08:52:10+00:00\",\"dateModified\":\"2024-07-29T10:27:06+00:00\",\"description\":\"Az\u0259rbaycanda son zamanlar x\u00fcsusi amans\u0131zl\u0131qla insan \u00f6ld\u00fcrm\u0259 hallar\u0131n\u0131n artd\u0131\u011f\u0131 m\u00fc\u015fahid\u0259 edilir.\",\"breadcrumb\":{\"@id\":\"https:\\\/\\\/www.meydan.tv\\\/az\\\/article\\\/azerbaycanda-insanlar-niye-aqressiyalasib\\\/#breadcrumb\"},\"inLanguage\":\"az\",\"potentialAction\":[{\"@type\":\"ReadAction\",\"target\":[\"https:\\\/\\\/www.meydan.tv\\\/az\\\/article\\\/azerbaycanda-insanlar-niye-aqressiyalasib\\\/\"]}]},{\"@type\":\"ImageObject\",\"inLanguage\":\"az\",\"@id\":\"https:\\\/\\\/www.meydan.tv\\\/az\\\/article\\\/azerbaycanda-insanlar-niye-aqressiyalasib\\\/#primaryimage\",\"url\":\"https:\\\/\\\/www.meydan.tv\\\/wp-content\\\/uploads\\\/aqress.jpg\",\"contentUrl\":\"https:\\\/\\\/www.meydan.tv\\\/wp-content\\\/uploads\\\/aqress.jpg\",\"width\":1200,\"height\":675,\"caption\":\"Aqressiya. Foto: Muhammad Fayyaz Rub\\\/shutterstock\"},{\"@type\":\"BreadcrumbList\",\"@id\":\"https:\\\/\\\/www.meydan.tv\\\/az\\\/article\\\/azerbaycanda-insanlar-niye-aqressiyalasib\\\/#breadcrumb\",\"itemListElement\":[{\"@type\":\"ListItem\",\"position\":1,\"name\":\"Ana s\u0259hif\u0259\",\"item\":\"https:\\\/\\\/www.meydan.tv\\\/az\\\/\"},{\"@type\":\"ListItem\",\"position\":2,\"name\":\"Sosial\",\"item\":\"https:\\\/\\\/www.meydan.tv\\\/az\\\/section\\\/sosial\\\/\"},{\"@type\":\"ListItem\",\"position\":3,\"name\":\"Az\u0259rbaycanda insanlar niy\u0259 aqressiya i\u00e7ind\u0259dir?\"}]},{\"@type\":\"WebSite\",\"@id\":\"https:\\\/\\\/www.meydan.tv\\\/az\\\/#website\",\"url\":\"https:\\\/\\\/www.meydan.tv\\\/az\\\/\",\"name\":\"MEYDAN.TV\",\"description\":\"Meydan TV Az\u0259rbaycan\u0131n media m\u0259kan\u0131ndak\u0131 alternativ s\u0259sidir\",\"publisher\":{\"@id\":\"https:\\\/\\\/www.meydan.tv\\\/az\\\/#organization\"},\"potentialAction\":[{\"@type\":\"SearchAction\",\"target\":{\"@type\":\"EntryPoint\",\"urlTemplate\":\"https:\\\/\\\/www.meydan.tv\\\/az\\\/?s={search_term_string}\"},\"query-input\":{\"@type\":\"PropertyValueSpecification\",\"valueRequired\":true,\"valueName\":\"search_term_string\"}}],\"inLanguage\":\"az\"},{\"@type\":\"Organization\",\"@id\":\"https:\\\/\\\/www.meydan.tv\\\/az\\\/#organization\",\"name\":\"Meydan TV\",\"url\":\"https:\\\/\\\/www.meydan.tv\\\/az\\\/\",\"logo\":{\"@type\":\"ImageObject\",\"inLanguage\":\"az\",\"@id\":\"https:\\\/\\\/www.meydan.tv\\\/az\\\/#\\\/schema\\\/logo\\\/image\\\/\",\"url\":\"https:\\\/\\\/www.meydan.tv\\\/wp-content\\\/uploads\\\/2021\\\/07\\\/meydan-logo.svg\",\"contentUrl\":\"https:\\\/\\\/www.meydan.tv\\\/wp-content\\\/uploads\\\/2021\\\/07\\\/meydan-logo.svg\",\"width\":195,\"height\":46,\"caption\":\"Meydan TV\"},\"image\":{\"@id\":\"https:\\\/\\\/www.meydan.tv\\\/az\\\/#\\\/schema\\\/logo\\\/image\\\/\"}},{\"@type\":\"Person\",\"@id\":\"https:\\\/\\\/www.meydan.tv\\\/az\\\/#\\\/schema\\\/person\\\/9cdbecf90d17180ce1dfbd95b08dcf47\",\"name\":\"elli\",\"sameAs\":[\"https:\\\/\\\/x.com\\\/elli\"]}]}<\/script>\n<!-- \/ Yoast SEO plugin. -->","yoast_head_json":{"title":"Az\u0259rbaycanda insanlar niy\u0259 aqressiya i\u00e7ind\u0259dir? - MEYDAN.TV","description":"Az\u0259rbaycanda son zamanlar x\u00fcsusi amans\u0131zl\u0131qla insan \u00f6ld\u00fcrm\u0259 hallar\u0131n\u0131n artd\u0131\u011f\u0131 m\u00fc\u015fahid\u0259 edilir.","robots":{"index":"index","follow":"follow","max-snippet":"max-snippet:-1","max-image-preview":"max-image-preview:large","max-video-preview":"max-video-preview:-1"},"canonical":"https:\/\/www.meydan.tv\/az\/article\/azerbaycanda-insanlar-niye-aqressiyalasib\/","og_locale":"az_AZ","og_type":"article","og_title":"Az\u0259rbaycanda insanlar niy\u0259 aqressiya i\u00e7ind\u0259dir? - MEYDAN.TV","og_description":"Az\u0259rbaycanda son zamanlar x\u00fcsusi amans\u0131zl\u0131qla insan \u00f6ld\u00fcrm\u0259 hallar\u0131n\u0131n artd\u0131\u011f\u0131 m\u00fc\u015fahid\u0259 edilir.","og_url":"https:\/\/www.meydan.tv\/az\/article\/azerbaycanda-insanlar-niye-aqressiyalasib\/","og_site_name":"MEYDAN.TV","article_published_time":"2024-07-29T08:52:10+00:00","article_modified_time":"2024-07-29T10:27:06+00:00","og_image":[{"width":1200,"height":675,"url":"https:\/\/www.meydan.tv\/wp-content\/uploads\/aqress.jpg","type":"image\/jpeg"}],"author":"elli","twitter_card":"summary_large_image","twitter_creator":"@elli","schema":{"@context":"https:\/\/schema.org","@graph":[{"@type":"Article","@id":"https:\/\/www.meydan.tv\/az\/article\/azerbaycanda-insanlar-niye-aqressiyalasib\/#article","isPartOf":{"@id":"https:\/\/www.meydan.tv\/az\/article\/azerbaycanda-insanlar-niye-aqressiyalasib\/"},"author":{"name":"elli","@id":"https:\/\/www.meydan.tv\/az\/#\/schema\/person\/9cdbecf90d17180ce1dfbd95b08dcf47"},"headline":"Az\u0259rbaycanda insanlar niy\u0259 aqressiya i\u00e7ind\u0259dir?","datePublished":"2024-07-29T08:52:10+00:00","dateModified":"2024-07-29T10:27:06+00:00","mainEntityOfPage":{"@id":"https:\/\/www.meydan.tv\/az\/article\/azerbaycanda-insanlar-niye-aqressiyalasib\/"},"wordCount":655,"publisher":{"@id":"https:\/\/www.meydan.tv\/az\/#organization"},"image":{"@id":"https:\/\/www.meydan.tv\/az\/article\/azerbaycanda-insanlar-niye-aqressiyalasib\/#primaryimage"},"thumbnailUrl":"https:\/\/www.meydan.tv\/wp-content\/uploads\/aqress.jpg","articleSection":["Sosial","T\u00f6vsiy\u0259","X\u0259b\u0259rl\u0259r"],"inLanguage":"az"},{"@type":"WebPage","@id":"https:\/\/www.meydan.tv\/az\/article\/azerbaycanda-insanlar-niye-aqressiyalasib\/","url":"https:\/\/www.meydan.tv\/az\/article\/azerbaycanda-insanlar-niye-aqressiyalasib\/","name":"Az\u0259rbaycanda insanlar niy\u0259 aqressiya i\u00e7ind\u0259dir? - MEYDAN.TV","isPartOf":{"@id":"https:\/\/www.meydan.tv\/az\/#website"},"primaryImageOfPage":{"@id":"https:\/\/www.meydan.tv\/az\/article\/azerbaycanda-insanlar-niye-aqressiyalasib\/#primaryimage"},"image":{"@id":"https:\/\/www.meydan.tv\/az\/article\/azerbaycanda-insanlar-niye-aqressiyalasib\/#primaryimage"},"thumbnailUrl":"https:\/\/www.meydan.tv\/wp-content\/uploads\/aqress.jpg","datePublished":"2024-07-29T08:52:10+00:00","dateModified":"2024-07-29T10:27:06+00:00","description":"Az\u0259rbaycanda son zamanlar x\u00fcsusi amans\u0131zl\u0131qla insan \u00f6ld\u00fcrm\u0259 hallar\u0131n\u0131n artd\u0131\u011f\u0131 m\u00fc\u015fahid\u0259 edilir.","breadcrumb":{"@id":"https:\/\/www.meydan.tv\/az\/article\/azerbaycanda-insanlar-niye-aqressiyalasib\/#breadcrumb"},"inLanguage":"az","potentialAction":[{"@type":"ReadAction","target":["https:\/\/www.meydan.tv\/az\/article\/azerbaycanda-insanlar-niye-aqressiyalasib\/"]}]},{"@type":"ImageObject","inLanguage":"az","@id":"https:\/\/www.meydan.tv\/az\/article\/azerbaycanda-insanlar-niye-aqressiyalasib\/#primaryimage","url":"https:\/\/www.meydan.tv\/wp-content\/uploads\/aqress.jpg","contentUrl":"https:\/\/www.meydan.tv\/wp-content\/uploads\/aqress.jpg","width":1200,"height":675,"caption":"Aqressiya. Foto: Muhammad Fayyaz Rub\/shutterstock"},{"@type":"BreadcrumbList","@id":"https:\/\/www.meydan.tv\/az\/article\/azerbaycanda-insanlar-niye-aqressiyalasib\/#breadcrumb","itemListElement":[{"@type":"ListItem","position":1,"name":"Ana s\u0259hif\u0259","item":"https:\/\/www.meydan.tv\/az\/"},{"@type":"ListItem","position":2,"name":"Sosial","item":"https:\/\/www.meydan.tv\/az\/section\/sosial\/"},{"@type":"ListItem","position":3,"name":"Az\u0259rbaycanda insanlar niy\u0259 aqressiya i\u00e7ind\u0259dir?"}]},{"@type":"WebSite","@id":"https:\/\/www.meydan.tv\/az\/#website","url":"https:\/\/www.meydan.tv\/az\/","name":"MEYDAN.TV","description":"Meydan TV Az\u0259rbaycan\u0131n media m\u0259kan\u0131ndak\u0131 alternativ s\u0259sidir","publisher":{"@id":"https:\/\/www.meydan.tv\/az\/#organization"},"potentialAction":[{"@type":"SearchAction","target":{"@type":"EntryPoint","urlTemplate":"https:\/\/www.meydan.tv\/az\/?s={search_term_string}"},"query-input":{"@type":"PropertyValueSpecification","valueRequired":true,"valueName":"search_term_string"}}],"inLanguage":"az"},{"@type":"Organization","@id":"https:\/\/www.meydan.tv\/az\/#organization","name":"Meydan TV","url":"https:\/\/www.meydan.tv\/az\/","logo":{"@type":"ImageObject","inLanguage":"az","@id":"https:\/\/www.meydan.tv\/az\/#\/schema\/logo\/image\/","url":"https:\/\/www.meydan.tv\/wp-content\/uploads\/2021\/07\/meydan-logo.svg","contentUrl":"https:\/\/www.meydan.tv\/wp-content\/uploads\/2021\/07\/meydan-logo.svg","width":195,"height":46,"caption":"Meydan TV"},"image":{"@id":"https:\/\/www.meydan.tv\/az\/#\/schema\/logo\/image\/"}},{"@type":"Person","@id":"https:\/\/www.meydan.tv\/az\/#\/schema\/person\/9cdbecf90d17180ce1dfbd95b08dcf47","name":"elli","sameAs":["https:\/\/x.com\/elli"]}]}},"_links":{"self":[{"href":"https:\/\/www.meydan.tv\/az\/wp-json\/wp\/v2\/posts\/311611","targetHints":{"allow":["GET"]}}],"collection":[{"href":"https:\/\/www.meydan.tv\/az\/wp-json\/wp\/v2\/posts"}],"about":[{"href":"https:\/\/www.meydan.tv\/az\/wp-json\/wp\/v2\/types\/post"}],"author":[{"embeddable":true,"href":"https:\/\/www.meydan.tv\/az\/wp-json\/wp\/v2\/users\/8"}],"replies":[{"embeddable":true,"href":"https:\/\/www.meydan.tv\/az\/wp-json\/wp\/v2\/comments?post=311611"}],"version-history":[{"count":6,"href":"https:\/\/www.meydan.tv\/az\/wp-json\/wp\/v2\/posts\/311611\/revisions"}],"predecessor-version":[{"id":311647,"href":"https:\/\/www.meydan.tv\/az\/wp-json\/wp\/v2\/posts\/311611\/revisions\/311647"}],"wp:featuredmedia":[{"embeddable":true,"href":"https:\/\/www.meydan.tv\/az\/wp-json\/wp\/v2\/media\/311628"}],"wp:attachment":[{"href":"https:\/\/www.meydan.tv\/az\/wp-json\/wp\/v2\/media?parent=311611"}],"wp:term":[{"taxonomy":"category","embeddable":true,"href":"https:\/\/www.meydan.tv\/az\/wp-json\/wp\/v2\/categories?post=311611"},{"taxonomy":"post_tag","embeddable":true,"href":"https:\/\/www.meydan.tv\/az\/wp-json\/wp\/v2\/tags?post=311611"}],"curies":[{"name":"wp","href":"https:\/\/api.w.org\/{rel}","templated":true}]}}