{"id":311575,"date":"2024-07-28T14:34:40","date_gmt":"2024-07-28T10:34:40","guid":{"rendered":"https:\/\/www.meydan.tv\/?p=311575"},"modified":"2024-07-29T14:04:28","modified_gmt":"2024-07-29T10:04:28","slug":"yagis-yene-bolgelerde-fesadlar-yaratdi","status":"publish","type":"post","link":"https:\/\/www.meydan.tv\/az\/article\/yagis-yene-bolgelerde-fesadlar-yaratdi\/","title":{"rendered":"Ya\u011f\u0131\u015f yen\u0259 b\u00f6lg\u0259l\u0259rd\u0259 f\u0259sadlar yaratd\u0131"},"content":{"rendered":"\n<p><\/p>\n\n\n\n<p><strong><em>K\u0259ndl\u0259rd\u0259 evl\u0259ri sel bas\u0131b, \u0259haliy\u0259 ziyan d\u0259yib<\/em><\/strong><\/p>\n\n\n\n<p>Son \u00fc\u00e7 g\u00fcnd\u00fcr arams\u0131z ya\u011fan ya\u011f\u0131\u015flar b\u00f6lg\u0259l\u0259rd\u0259 f\u0259sadlara s\u0259b\u0259b olub. \u00c7aylar da\u015f\u0131b, evl\u0259r, t\u0259s\u0259rr\u00fcfatlar su alt\u0131nda qal\u0131b, yollar\u0131 s\u0131radan \u00e7\u0131x\u0131b. X\u00fcsusil\u0259 O\u011fuz, Q\u0259b\u0259l\u0259, \u015e\u0259ki seld\u0259n ziyan \u00e7\u0259kib.<\/p>\n\n\n\n<p>O\u011fuzun Mollal\u0131 k\u0259nd sakinl\u0259ri Meydan TV-y\u0259 bildiribl\u0259r ki, T\u00fcryan\u00e7ay\u0131n da\u015fmas\u0131 n\u0259tic\u0259sind\u0259 evl\u0259r, h\u0259y\u0259tl\u0259r, ba\u011flar, t\u0259s\u0259rr\u00fcfatlar su alt\u0131nda qal\u0131b. K\u0259nd sakini Qabil M\u0259mm\u0259dov deyib ki, t\u0259xmin\u0259n bir ay \u0259vv\u0259l \u00e7ay\u0131n da\u015fmas\u0131n\u0131n qar\u015f\u0131s\u0131n\u0131 almaq \u00fc\u00e7\u00fcn b\u0259nd tikilm\u0259si xahi\u015fi il\u0259 aidiyyat\u0131 qurumlara m\u00fcraci\u0259tl\u0259r edibl\u0259r. Lakin he\u00e7 bir reaksiya verilm\u0259yib.<\/p>\n\n\n\n<p>\u201c<em>Bildiyimiz b\u00fct\u00fcn qurumlara z\u0259ng vurduq, c\u0259mi bir texnika g\u00f6nd\u0259rdil\u0259r, onun da t\u0259k g\u00fcc\u00fc \u00e7atm\u0131r. Bu g\u00fcn O\u011fuz Rayon \u0130cra Hakimiyy\u0259tinin ba\u015f\u00e7\u0131s\u0131 g\u0259lib, v\u0259ziyy\u0259tl\u0259 maraqlan\u0131b\u201d,<\/em>-sakinl\u0259r bildiribl\u0259r.<\/p>\n\n\n\n<p>K\u0259ndlil\u0259r deyirl\u0259r ki, su \u00e7\u0259kil\u0259nd\u0259n sonra qal\u0131n pal\u00e7\u0131q qat\u0131 \u0259m\u0259l\u0259 g\u0259lib. H\u0259y\u0259td\u0259ki bitkil\u0259r, a\u011faclar m\u0259hv olub:<\/p>\n\n\n\n<p><em>\u201cN\u0259 q\u0259d\u0259r ki, b\u0259nd sal\u0131nmayacaq, h\u0259r ya\u011f\u0131\u015f ya\u011fanda v\u0259ziyy\u0259timiz bel\u0259 olacaq\u201d.<\/em><\/p>\n\n\n\n<p>Qala\u00e7ay\u0131n da\u015fmas\u0131 n\u0259tic\u0259sind\u0259 O\u011fuzun Filfilli k\u0259ndin\u0259 sel ke\u00e7ib. K\u0259ndin yollar\u0131 da\u011f\u0131l\u0131b, t\u0259s\u0259rr\u00fcfatlara ziyan d\u0259yib, bir ne\u00e7\u0259 sakinin toyuq-c\u00fcc\u0259sini sel apar\u0131b.<\/p>\n\n\n\n<p>Rayon m\u0259rk\u0259zind\u0259n 50 kilometr k\u0259narda yerl\u0259\u015f\u0259n Filfilli k\u0259ndi d\u0259 seld\u0259n qorunmaq \u00fc\u00e7\u00fcn b\u0259nd sal\u0131nmamas\u0131ndan h\u0259r g\u00fccl\u00fc ya\u011f\u0131\u015fdan sonra z\u0259r\u0259r \u00e7\u0259kir. K\u0259ndin b\u0259l\u0259diyy\u0259 s\u0259dri Akif N\u0259sirov Meydan TV-y\u0259 bildirib ki, h\u0259l\u0259 d\u0259 selin vurdu\u011fu z\u0259r\u0259r tam aradan qald\u0131r\u0131lmay\u0131b. T\u0259xmin\u0259n 1,5 kilomert yol tamamil\u0259 s\u0131radan \u00e7\u0131x\u0131b, yuxar\u0131 m\u0259h\u0259ll\u0259nin sakinl\u0259rinin yolu ba\u011flan\u0131l\u0131b. Sel o q\u0259d\u0259r g\u00fccl\u00fc olub ki, bir ne\u00e7\u0259 evin darvazas\u0131n\u0131 apar\u0131b.<\/p>\n\n\n\n<p><em>\u201cBir i\u015f adam\u0131 \u00f6z v\u0259saiti hesab\u0131na k\u00f6rp\u00fc sal\u0131rd\u0131, sel g\u0259ldi, g\u00f6r\u00fcl\u0259n i\u015fl\u0259ri d\u0259 da\u011f\u0131td\u0131. K\u00f6rp\u00fcn\u00fcn tikintisi d\u0259 yar\u0131m\u00e7\u0131q qald\u0131. B\u0259nd olmad\u0131\u011f\u0131ndan selin qar\u015f\u0131s\u0131n\u0131 almaq m\u00fcmk\u00fcn deyil\u201d,-<\/em>b\u0259l\u0259diyy\u0259 s\u0259dri deyib. Bildirib ki, iki ayd\u0131r k\u0259nd sakinl\u0259ri \u0259lveri\u015fsiz hava \u015f\u0259raitinin yaratd\u0131\u011f\u0131 \u00e7\u0259tinlikl\u0259rd\u0259n \u0259ziyy\u0259t \u00e7\u0259kirl\u0259r.<\/p>\n\n\n\n<p>Filfilli k\u0259ndind\u0259n 8 kilomert uzaqda yerl\u0259\u015f\u0259n Xa\u00e7maz k\u0259ndind\u0259 d\u0259 bir s\u0131ra f\u0259sadlar yaran\u0131b.<\/p>\n\n\n\n<p>\u015e\u0259ki sakinl\u0259ri is\u0259 bildiribl\u0259r ki, Ki\u015f k\u0259ndinin yax\u0131nl\u0131\u011f\u0131nda istirah\u0259t m\u0259rk\u0259zin\u0259 ged\u0259n yolun \u00fcst\u00fcnd\u0259 k\u00f6rp\u00fc u\u00e7ub.<\/p>\n\n\n\n<p><em>\u201cH\u0259r g\u00fccl\u00fc ya\u011f\u0131\u015fdan sonra k\u00f6rp\u00fc u\u00e7ur, bilmirs\u0259n, bu v\u0259ziyy\u0259t\u0259 g\u00fcl\u0259s\u0259n, yoxsa a\u011flayasan. El\u0259 bil b\u0259nd betondan deyil, qumdand\u0131r\u201d,-sakinl\u0259rd\u0259n Eld\u0259niz Abbasov bildirib.<\/em><\/p>\n\n\n\n<p>Ki\u015f k\u0259nd icra n\u00fcmay\u0259nd\u0259liyinin \u00f6z\u00fcn\u00fc t\u0259qdim etm\u0259k ist\u0259m\u0259y\u0259n \u0259m\u0259kda\u015f\u0131 is\u0259 deyib ki, k\u00f6rp\u00fcn\u00fcn k\u0259nd\u0259 aidiyyat\u0131 yoxdur. K\u00f6rp\u00fc istirah\u0259t m\u0259rk\u0259zl\u0259rin\u0259 ged\u0259n yolun \u00fcst\u00fcnd\u0259 yerl\u0259\u015fir, buna g\u00f6r\u0259 d\u0259 el\u0259 m\u0259rk\u0259z sahibl\u0259ri t\u0259r\u0259find\u0259n d\u0259 b\u0259rpa edilm\u0259lidir.<\/p>\n\n\n\n<p>A\u011fda\u015f\u0131n L\u0259ki q\u0259s\u0259b\u0259si d\u0259 t\u0259bii f\u0259lak\u0259td\u0259n z\u0259r\u0259r \u00e7\u0259kib. Sakinl\u0259r bildiribl\u0259r ki, \u0259sas\u0259n q\u0259s\u0259b\u0259nin yollar\u0131n\u0131 su bas\u0131b. Q\u0259s\u0259b\u0259 b\u0259l\u0259diyy\u0259sinin s\u0259dri Lo\u011fman M\u0259mm\u0259dov bildirib ki, haz\u0131rda q\u0259s\u0259b\u0259d\u0259 ciddi problem yoxdur, su \u00e7\u0259kilib.<\/p>\n\n\n\n<p>Qala\u00e7ay\u0131n da\u015fmas\u0131 n\u0259tic\u0259sind\u0259 Tikanl\u0131, Abr\u0131x, Durca\u00e7ayda suyun s\u0259viyy\u0259si artmas\u0131 n\u0259tic\u0259sind\u0259 is\u0259 Q\u0259b\u0259l\u0259nin Uluda\u015f k\u0259ndind\u0259 evl\u0259ri su bas\u0131b. Sakinl\u0259r bildiribl\u0259r ki, su \u00e7\u0259kil\u0259nd\u0259n sonra az qala yar\u0131m metr\u0259 qal\u0131nl\u0131\u011f\u0131nda lil qat\u0131 yaran\u0131b. T\u0259s\u0259rr\u00fcfatlar\u0131n \u0259ks\u0259riyy\u0259tind\u0259 \u0259kin m\u0259hv olub.<\/p>\n\n\n\n<p>G\u0259d\u0259b\u0259y rayonunun Poladl\u0131, \u015eahda\u011f, Novoivanovka, D\u00fczyurd k\u0259ndl\u0259rin\u0259 dolu d\u00fc\u015f\u00fcb.<\/p>\n\n\n\n<p>Milli Hidrometeorologiya Xidm\u0259tind\u0259n bildirilib ki, iyulun 27-d\u0259 Q\u0259b\u0259l\u0259, Naftalan, B\u0259rd\u0259, Da\u015fk\u0259s\u0259n, G\u0259d\u0259b\u0259y, Yard\u0131ml\u0131, T\u0259rt\u0259r, Yevlax, Goranboy, Naftalan, Zaqatala, \u015e\u0259ki, G\u0259nc\u0259, G\u00f6y\u00e7ay, O\u011fuz, G\u00f6yg\u00f6l, Sar\u0131ba\u015f(Qax), X\u0131nal\u0131q, \u015eahda\u011f, Ming\u0259\u00e7evir, Balak\u0259nd\u0259 \u015fim\u015f\u0259k \u00e7ax\u0131r, arabir leysan xarakterli ya\u011f\u0131\u015f ya\u011f\u0131b. B\u00f6lg\u0259l\u0259rd\u0259 ya\u011f\u0131nt\u0131l\u0131 hava davam edir.<\/p>\n","protected":false},"excerpt":{"rendered":"<p>K\u0259ndl\u0259rd\u0259 evl\u0259ri sel bas\u0131b, \u0259haliy\u0259 ziyan d\u0259yib Son \u00fc\u00e7 g\u00fcnd\u00fcr &#8230; <\/p>\n<p class=\"read-more-container\"><a title=\"Ya\u011f\u0131\u015f yen\u0259 b\u00f6lg\u0259l\u0259rd\u0259 f\u0259sadlar yaratd\u0131\" class=\"read-more button\" href=\"https:\/\/www.meydan.tv\/az\/article\/yagis-yene-bolgelerde-fesadlar-yaratdi\/#more-311575\" aria-label=\"Read more about Ya\u011f\u0131\u015f yen\u0259 b\u00f6lg\u0259l\u0259rd\u0259 f\u0259sadlar yaratd\u0131\">Davam\u0131<\/a><\/p>\n","protected":false},"author":8,"featured_media":311572,"comment_status":"closed","ping_status":"closed","sticky":false,"template":"","format":"standard","meta":{"_acf_changed":false,"_sitemap_exclude":false,"_sitemap_priority":"","_sitemap_frequency":"","footnotes":""},"categories":[60,79,56],"tags":[],"class_list":["post-311575","post","type-post","status-publish","format-standard","has-post-thumbnail","hentry","category-bolge","category-featured","category-xeberler","infinite-scroll-item","generate-columns","tablet-grid-50","mobile-grid-100","grid-parent","grid-33","no-featured-image-padding"],"acf":[],"yoast_head":"<!-- This site is optimized with the Yoast SEO plugin v27.4 - https:\/\/yoast.com\/product\/yoast-seo-wordpress\/ -->\n<title>Ya\u011f\u0131\u015f yen\u0259 b\u00f6lg\u0259l\u0259rd\u0259 f\u0259sadlar yaratd\u0131 - MEYDAN.TV<\/title>\n<meta name=\"description\" content=\"Son \u00fc\u00e7 g\u00fcnd\u00fcr arams\u0131z ya\u011fan ya\u011f\u0131\u015flar b\u00f6lg\u0259l\u0259rd\u0259 f\u0259sadlara s\u0259b\u0259b olub. O\u011fuz, Q\u0259b\u0259l\u0259, \u015e\u0259ki seld\u0259n ziyan \u00e7\u0259kib.\" \/>\n<meta name=\"robots\" content=\"index, follow, max-snippet:-1, max-image-preview:large, max-video-preview:-1\" \/>\n<link rel=\"canonical\" href=\"https:\/\/www.meydan.tv\/az\/article\/yagis-yene-bolgelerde-fesadlar-yaratdi\/\" \/>\n<meta property=\"og:locale\" content=\"az_AZ\" \/>\n<meta property=\"og:type\" content=\"article\" \/>\n<meta property=\"og:title\" content=\"Ya\u011f\u0131\u015f yen\u0259 b\u00f6lg\u0259l\u0259rd\u0259 f\u0259sadlar yaratd\u0131 - MEYDAN.TV\" \/>\n<meta property=\"og:description\" content=\"Son \u00fc\u00e7 g\u00fcnd\u00fcr arams\u0131z ya\u011fan ya\u011f\u0131\u015flar b\u00f6lg\u0259l\u0259rd\u0259 f\u0259sadlara s\u0259b\u0259b olub. O\u011fuz, Q\u0259b\u0259l\u0259, \u015e\u0259ki seld\u0259n ziyan \u00e7\u0259kib.\" \/>\n<meta property=\"og:url\" content=\"https:\/\/www.meydan.tv\/az\/article\/yagis-yene-bolgelerde-fesadlar-yaratdi\/\" \/>\n<meta property=\"og:site_name\" content=\"MEYDAN.TV\" \/>\n<meta property=\"article:published_time\" content=\"2024-07-28T10:34:40+00:00\" \/>\n<meta property=\"article:modified_time\" content=\"2024-07-29T10:04:28+00:00\" \/>\n<meta property=\"og:image\" content=\"https:\/\/www.meydan.tv\/wp-content\/uploads\/yaqis.jpg\" \/>\n\t<meta property=\"og:image:width\" content=\"1200\" \/>\n\t<meta property=\"og:image:height\" content=\"657\" \/>\n\t<meta property=\"og:image:type\" content=\"image\/jpeg\" \/>\n<meta name=\"author\" content=\"elli\" \/>\n<meta name=\"twitter:card\" content=\"summary_large_image\" \/>\n<meta name=\"twitter:creator\" content=\"@elli\" \/>\n<script type=\"application\/ld+json\" class=\"yoast-schema-graph\">{\"@context\":\"https:\\\/\\\/schema.org\",\"@graph\":[{\"@type\":\"Article\",\"@id\":\"https:\\\/\\\/www.meydan.tv\\\/az\\\/article\\\/yagis-yene-bolgelerde-fesadlar-yaratdi\\\/#article\",\"isPartOf\":{\"@id\":\"https:\\\/\\\/www.meydan.tv\\\/az\\\/article\\\/yagis-yene-bolgelerde-fesadlar-yaratdi\\\/\"},\"author\":{\"name\":\"elli\",\"@id\":\"https:\\\/\\\/www.meydan.tv\\\/az\\\/#\\\/schema\\\/person\\\/9cdbecf90d17180ce1dfbd95b08dcf47\"},\"headline\":\"Ya\u011f\u0131\u015f yen\u0259 b\u00f6lg\u0259l\u0259rd\u0259 f\u0259sadlar yaratd\u0131\",\"datePublished\":\"2024-07-28T10:34:40+00:00\",\"dateModified\":\"2024-07-29T10:04:28+00:00\",\"mainEntityOfPage\":{\"@id\":\"https:\\\/\\\/www.meydan.tv\\\/az\\\/article\\\/yagis-yene-bolgelerde-fesadlar-yaratdi\\\/\"},\"wordCount\":840,\"publisher\":{\"@id\":\"https:\\\/\\\/www.meydan.tv\\\/az\\\/#organization\"},\"image\":{\"@id\":\"https:\\\/\\\/www.meydan.tv\\\/az\\\/article\\\/yagis-yene-bolgelerde-fesadlar-yaratdi\\\/#primaryimage\"},\"thumbnailUrl\":\"https:\\\/\\\/www.meydan.tv\\\/wp-content\\\/uploads\\\/yaqis.jpg\",\"articleSection\":[\"B\u00f6lg\u0259\",\"T\u00f6vsiy\u0259\",\"X\u0259b\u0259rl\u0259r\"],\"inLanguage\":\"az\"},{\"@type\":\"WebPage\",\"@id\":\"https:\\\/\\\/www.meydan.tv\\\/az\\\/article\\\/yagis-yene-bolgelerde-fesadlar-yaratdi\\\/\",\"url\":\"https:\\\/\\\/www.meydan.tv\\\/az\\\/article\\\/yagis-yene-bolgelerde-fesadlar-yaratdi\\\/\",\"name\":\"Ya\u011f\u0131\u015f yen\u0259 b\u00f6lg\u0259l\u0259rd\u0259 f\u0259sadlar yaratd\u0131 - MEYDAN.TV\",\"isPartOf\":{\"@id\":\"https:\\\/\\\/www.meydan.tv\\\/az\\\/#website\"},\"primaryImageOfPage\":{\"@id\":\"https:\\\/\\\/www.meydan.tv\\\/az\\\/article\\\/yagis-yene-bolgelerde-fesadlar-yaratdi\\\/#primaryimage\"},\"image\":{\"@id\":\"https:\\\/\\\/www.meydan.tv\\\/az\\\/article\\\/yagis-yene-bolgelerde-fesadlar-yaratdi\\\/#primaryimage\"},\"thumbnailUrl\":\"https:\\\/\\\/www.meydan.tv\\\/wp-content\\\/uploads\\\/yaqis.jpg\",\"datePublished\":\"2024-07-28T10:34:40+00:00\",\"dateModified\":\"2024-07-29T10:04:28+00:00\",\"description\":\"Son \u00fc\u00e7 g\u00fcnd\u00fcr arams\u0131z ya\u011fan ya\u011f\u0131\u015flar b\u00f6lg\u0259l\u0259rd\u0259 f\u0259sadlara s\u0259b\u0259b olub. O\u011fuz, Q\u0259b\u0259l\u0259, \u015e\u0259ki seld\u0259n ziyan \u00e7\u0259kib.\",\"breadcrumb\":{\"@id\":\"https:\\\/\\\/www.meydan.tv\\\/az\\\/article\\\/yagis-yene-bolgelerde-fesadlar-yaratdi\\\/#breadcrumb\"},\"inLanguage\":\"az\",\"potentialAction\":[{\"@type\":\"ReadAction\",\"target\":[\"https:\\\/\\\/www.meydan.tv\\\/az\\\/article\\\/yagis-yene-bolgelerde-fesadlar-yaratdi\\\/\"]}]},{\"@type\":\"ImageObject\",\"inLanguage\":\"az\",\"@id\":\"https:\\\/\\\/www.meydan.tv\\\/az\\\/article\\\/yagis-yene-bolgelerde-fesadlar-yaratdi\\\/#primaryimage\",\"url\":\"https:\\\/\\\/www.meydan.tv\\\/wp-content\\\/uploads\\\/yaqis.jpg\",\"contentUrl\":\"https:\\\/\\\/www.meydan.tv\\\/wp-content\\\/uploads\\\/yaqis.jpg\",\"width\":1200,\"height\":657,\"caption\":\"Fotolar: Meydan TV\"},{\"@type\":\"BreadcrumbList\",\"@id\":\"https:\\\/\\\/www.meydan.tv\\\/az\\\/article\\\/yagis-yene-bolgelerde-fesadlar-yaratdi\\\/#breadcrumb\",\"itemListElement\":[{\"@type\":\"ListItem\",\"position\":1,\"name\":\"Ana s\u0259hif\u0259\",\"item\":\"https:\\\/\\\/www.meydan.tv\\\/az\\\/\"},{\"@type\":\"ListItem\",\"position\":2,\"name\":\"B\u00f6lg\u0259\",\"item\":\"https:\\\/\\\/www.meydan.tv\\\/az\\\/section\\\/bolge\\\/\"},{\"@type\":\"ListItem\",\"position\":3,\"name\":\"Ya\u011f\u0131\u015f yen\u0259 b\u00f6lg\u0259l\u0259rd\u0259 f\u0259sadlar yaratd\u0131\"}]},{\"@type\":\"WebSite\",\"@id\":\"https:\\\/\\\/www.meydan.tv\\\/az\\\/#website\",\"url\":\"https:\\\/\\\/www.meydan.tv\\\/az\\\/\",\"name\":\"MEYDAN.TV\",\"description\":\"Meydan TV Az\u0259rbaycan\u0131n media m\u0259kan\u0131ndak\u0131 alternativ s\u0259sidir\",\"publisher\":{\"@id\":\"https:\\\/\\\/www.meydan.tv\\\/az\\\/#organization\"},\"potentialAction\":[{\"@type\":\"SearchAction\",\"target\":{\"@type\":\"EntryPoint\",\"urlTemplate\":\"https:\\\/\\\/www.meydan.tv\\\/az\\\/?s={search_term_string}\"},\"query-input\":{\"@type\":\"PropertyValueSpecification\",\"valueRequired\":true,\"valueName\":\"search_term_string\"}}],\"inLanguage\":\"az\"},{\"@type\":\"Organization\",\"@id\":\"https:\\\/\\\/www.meydan.tv\\\/az\\\/#organization\",\"name\":\"Meydan TV\",\"url\":\"https:\\\/\\\/www.meydan.tv\\\/az\\\/\",\"logo\":{\"@type\":\"ImageObject\",\"inLanguage\":\"az\",\"@id\":\"https:\\\/\\\/www.meydan.tv\\\/az\\\/#\\\/schema\\\/logo\\\/image\\\/\",\"url\":\"https:\\\/\\\/www.meydan.tv\\\/wp-content\\\/uploads\\\/2021\\\/07\\\/meydan-logo.svg\",\"contentUrl\":\"https:\\\/\\\/www.meydan.tv\\\/wp-content\\\/uploads\\\/2021\\\/07\\\/meydan-logo.svg\",\"width\":195,\"height\":46,\"caption\":\"Meydan TV\"},\"image\":{\"@id\":\"https:\\\/\\\/www.meydan.tv\\\/az\\\/#\\\/schema\\\/logo\\\/image\\\/\"}},{\"@type\":\"Person\",\"@id\":\"https:\\\/\\\/www.meydan.tv\\\/az\\\/#\\\/schema\\\/person\\\/9cdbecf90d17180ce1dfbd95b08dcf47\",\"name\":\"elli\",\"sameAs\":[\"https:\\\/\\\/x.com\\\/elli\"]}]}<\/script>\n<!-- \/ Yoast SEO plugin. -->","yoast_head_json":{"title":"Ya\u011f\u0131\u015f yen\u0259 b\u00f6lg\u0259l\u0259rd\u0259 f\u0259sadlar yaratd\u0131 - MEYDAN.TV","description":"Son \u00fc\u00e7 g\u00fcnd\u00fcr arams\u0131z ya\u011fan ya\u011f\u0131\u015flar b\u00f6lg\u0259l\u0259rd\u0259 f\u0259sadlara s\u0259b\u0259b olub. O\u011fuz, Q\u0259b\u0259l\u0259, \u015e\u0259ki seld\u0259n ziyan \u00e7\u0259kib.","robots":{"index":"index","follow":"follow","max-snippet":"max-snippet:-1","max-image-preview":"max-image-preview:large","max-video-preview":"max-video-preview:-1"},"canonical":"https:\/\/www.meydan.tv\/az\/article\/yagis-yene-bolgelerde-fesadlar-yaratdi\/","og_locale":"az_AZ","og_type":"article","og_title":"Ya\u011f\u0131\u015f yen\u0259 b\u00f6lg\u0259l\u0259rd\u0259 f\u0259sadlar yaratd\u0131 - MEYDAN.TV","og_description":"Son \u00fc\u00e7 g\u00fcnd\u00fcr arams\u0131z ya\u011fan ya\u011f\u0131\u015flar b\u00f6lg\u0259l\u0259rd\u0259 f\u0259sadlara s\u0259b\u0259b olub. O\u011fuz, Q\u0259b\u0259l\u0259, \u015e\u0259ki seld\u0259n ziyan \u00e7\u0259kib.","og_url":"https:\/\/www.meydan.tv\/az\/article\/yagis-yene-bolgelerde-fesadlar-yaratdi\/","og_site_name":"MEYDAN.TV","article_published_time":"2024-07-28T10:34:40+00:00","article_modified_time":"2024-07-29T10:04:28+00:00","og_image":[{"width":1200,"height":657,"url":"https:\/\/www.meydan.tv\/wp-content\/uploads\/yaqis.jpg","type":"image\/jpeg"}],"author":"elli","twitter_card":"summary_large_image","twitter_creator":"@elli","schema":{"@context":"https:\/\/schema.org","@graph":[{"@type":"Article","@id":"https:\/\/www.meydan.tv\/az\/article\/yagis-yene-bolgelerde-fesadlar-yaratdi\/#article","isPartOf":{"@id":"https:\/\/www.meydan.tv\/az\/article\/yagis-yene-bolgelerde-fesadlar-yaratdi\/"},"author":{"name":"elli","@id":"https:\/\/www.meydan.tv\/az\/#\/schema\/person\/9cdbecf90d17180ce1dfbd95b08dcf47"},"headline":"Ya\u011f\u0131\u015f yen\u0259 b\u00f6lg\u0259l\u0259rd\u0259 f\u0259sadlar yaratd\u0131","datePublished":"2024-07-28T10:34:40+00:00","dateModified":"2024-07-29T10:04:28+00:00","mainEntityOfPage":{"@id":"https:\/\/www.meydan.tv\/az\/article\/yagis-yene-bolgelerde-fesadlar-yaratdi\/"},"wordCount":840,"publisher":{"@id":"https:\/\/www.meydan.tv\/az\/#organization"},"image":{"@id":"https:\/\/www.meydan.tv\/az\/article\/yagis-yene-bolgelerde-fesadlar-yaratdi\/#primaryimage"},"thumbnailUrl":"https:\/\/www.meydan.tv\/wp-content\/uploads\/yaqis.jpg","articleSection":["B\u00f6lg\u0259","T\u00f6vsiy\u0259","X\u0259b\u0259rl\u0259r"],"inLanguage":"az"},{"@type":"WebPage","@id":"https:\/\/www.meydan.tv\/az\/article\/yagis-yene-bolgelerde-fesadlar-yaratdi\/","url":"https:\/\/www.meydan.tv\/az\/article\/yagis-yene-bolgelerde-fesadlar-yaratdi\/","name":"Ya\u011f\u0131\u015f yen\u0259 b\u00f6lg\u0259l\u0259rd\u0259 f\u0259sadlar yaratd\u0131 - MEYDAN.TV","isPartOf":{"@id":"https:\/\/www.meydan.tv\/az\/#website"},"primaryImageOfPage":{"@id":"https:\/\/www.meydan.tv\/az\/article\/yagis-yene-bolgelerde-fesadlar-yaratdi\/#primaryimage"},"image":{"@id":"https:\/\/www.meydan.tv\/az\/article\/yagis-yene-bolgelerde-fesadlar-yaratdi\/#primaryimage"},"thumbnailUrl":"https:\/\/www.meydan.tv\/wp-content\/uploads\/yaqis.jpg","datePublished":"2024-07-28T10:34:40+00:00","dateModified":"2024-07-29T10:04:28+00:00","description":"Son \u00fc\u00e7 g\u00fcnd\u00fcr arams\u0131z ya\u011fan ya\u011f\u0131\u015flar b\u00f6lg\u0259l\u0259rd\u0259 f\u0259sadlara s\u0259b\u0259b olub. O\u011fuz, Q\u0259b\u0259l\u0259, \u015e\u0259ki seld\u0259n ziyan \u00e7\u0259kib.","breadcrumb":{"@id":"https:\/\/www.meydan.tv\/az\/article\/yagis-yene-bolgelerde-fesadlar-yaratdi\/#breadcrumb"},"inLanguage":"az","potentialAction":[{"@type":"ReadAction","target":["https:\/\/www.meydan.tv\/az\/article\/yagis-yene-bolgelerde-fesadlar-yaratdi\/"]}]},{"@type":"ImageObject","inLanguage":"az","@id":"https:\/\/www.meydan.tv\/az\/article\/yagis-yene-bolgelerde-fesadlar-yaratdi\/#primaryimage","url":"https:\/\/www.meydan.tv\/wp-content\/uploads\/yaqis.jpg","contentUrl":"https:\/\/www.meydan.tv\/wp-content\/uploads\/yaqis.jpg","width":1200,"height":657,"caption":"Fotolar: Meydan TV"},{"@type":"BreadcrumbList","@id":"https:\/\/www.meydan.tv\/az\/article\/yagis-yene-bolgelerde-fesadlar-yaratdi\/#breadcrumb","itemListElement":[{"@type":"ListItem","position":1,"name":"Ana s\u0259hif\u0259","item":"https:\/\/www.meydan.tv\/az\/"},{"@type":"ListItem","position":2,"name":"B\u00f6lg\u0259","item":"https:\/\/www.meydan.tv\/az\/section\/bolge\/"},{"@type":"ListItem","position":3,"name":"Ya\u011f\u0131\u015f yen\u0259 b\u00f6lg\u0259l\u0259rd\u0259 f\u0259sadlar yaratd\u0131"}]},{"@type":"WebSite","@id":"https:\/\/www.meydan.tv\/az\/#website","url":"https:\/\/www.meydan.tv\/az\/","name":"MEYDAN.TV","description":"Meydan TV Az\u0259rbaycan\u0131n media m\u0259kan\u0131ndak\u0131 alternativ s\u0259sidir","publisher":{"@id":"https:\/\/www.meydan.tv\/az\/#organization"},"potentialAction":[{"@type":"SearchAction","target":{"@type":"EntryPoint","urlTemplate":"https:\/\/www.meydan.tv\/az\/?s={search_term_string}"},"query-input":{"@type":"PropertyValueSpecification","valueRequired":true,"valueName":"search_term_string"}}],"inLanguage":"az"},{"@type":"Organization","@id":"https:\/\/www.meydan.tv\/az\/#organization","name":"Meydan TV","url":"https:\/\/www.meydan.tv\/az\/","logo":{"@type":"ImageObject","inLanguage":"az","@id":"https:\/\/www.meydan.tv\/az\/#\/schema\/logo\/image\/","url":"https:\/\/www.meydan.tv\/wp-content\/uploads\/2021\/07\/meydan-logo.svg","contentUrl":"https:\/\/www.meydan.tv\/wp-content\/uploads\/2021\/07\/meydan-logo.svg","width":195,"height":46,"caption":"Meydan TV"},"image":{"@id":"https:\/\/www.meydan.tv\/az\/#\/schema\/logo\/image\/"}},{"@type":"Person","@id":"https:\/\/www.meydan.tv\/az\/#\/schema\/person\/9cdbecf90d17180ce1dfbd95b08dcf47","name":"elli","sameAs":["https:\/\/x.com\/elli"]}]}},"_links":{"self":[{"href":"https:\/\/www.meydan.tv\/az\/wp-json\/wp\/v2\/posts\/311575","targetHints":{"allow":["GET"]}}],"collection":[{"href":"https:\/\/www.meydan.tv\/az\/wp-json\/wp\/v2\/posts"}],"about":[{"href":"https:\/\/www.meydan.tv\/az\/wp-json\/wp\/v2\/types\/post"}],"author":[{"embeddable":true,"href":"https:\/\/www.meydan.tv\/az\/wp-json\/wp\/v2\/users\/8"}],"replies":[{"embeddable":true,"href":"https:\/\/www.meydan.tv\/az\/wp-json\/wp\/v2\/comments?post=311575"}],"version-history":[{"count":3,"href":"https:\/\/www.meydan.tv\/az\/wp-json\/wp\/v2\/posts\/311575\/revisions"}],"predecessor-version":[{"id":311637,"href":"https:\/\/www.meydan.tv\/az\/wp-json\/wp\/v2\/posts\/311575\/revisions\/311637"}],"wp:featuredmedia":[{"embeddable":true,"href":"https:\/\/www.meydan.tv\/az\/wp-json\/wp\/v2\/media\/311572"}],"wp:attachment":[{"href":"https:\/\/www.meydan.tv\/az\/wp-json\/wp\/v2\/media?parent=311575"}],"wp:term":[{"taxonomy":"category","embeddable":true,"href":"https:\/\/www.meydan.tv\/az\/wp-json\/wp\/v2\/categories?post=311575"},{"taxonomy":"post_tag","embeddable":true,"href":"https:\/\/www.meydan.tv\/az\/wp-json\/wp\/v2\/tags?post=311575"}],"curies":[{"name":"wp","href":"https:\/\/api.w.org\/{rel}","templated":true}]}}