{"id":311570,"date":"2024-07-28T11:48:05","date_gmt":"2024-07-28T07:48:05","guid":{"rendered":"https:\/\/www.meydan.tv\/?p=311570"},"modified":"2024-07-29T14:00:05","modified_gmt":"2024-07-29T10:00:05","slug":"tenha-ata-sosial-yardim-ala-bilmediyini-deyir","status":"publish","type":"post","link":"https:\/\/www.meydan.tv\/az\/article\/tenha-ata-sosial-yardim-ala-bilmediyini-deyir\/","title":{"rendered":"T\u0259nha ata sosial yard\u0131m ala bilm\u0259diyini deyir"},"content":{"rendered":"\n<p><\/p>\n\n\n\n<p><strong><em>\u201c\u00dc\u00e7 \u00f6vlad\u0131 360 manatla doland\u0131ra bilmir\u0259m\u201d<\/em><\/strong><\/p>\n\n\n\n<p>Yevlax rayon sakini, 37 ya\u015fl\u0131 Qism\u0259t \u0130brahimov t\u0259k b\u00f6y\u00fctd\u00fcy\u00fc \u00f6vladlar\u0131n\u0131 doland\u0131rmaq \u00fc\u00e7\u00fcn \u00fcnvanl\u0131 sosial yard\u0131m almaq ist\u0259yir.<\/p>\n\n\n\n<p>Meydan TV-y\u0259 m\u00fcraci\u0259t ed\u0259n Q.\u0130brahimov deyir ki, h\u0259yat yolda\u015f\u0131 3 il \u0259vv\u0259l v\u0259fat edib, \u015fadl\u0131q evl\u0259rinin birind\u0259 ofisiant i\u015fl\u0259m\u0259kl\u0259 ail\u0259sini doland\u0131r\u0131r.<\/p>\n\n\n\n<p>\u201c<em>10, 12 v\u0259 14 ya\u015f\u0131nda \u00fc\u00e7 \u00f6vlad\u0131m var. U\u015faqlar b\u00f6y\u00fcd\u00fckc\u0259 t\u0259l\u0259batlar\u0131 da art\u0131r. Orucluq v\u0259 M\u0259h\u0259rr\u0259mlik ay\u0131nda \u015fadl\u0131q evi f\u0259aliyy\u0259t g\u00f6st\u0259rmir. Sabit vergi \u00f6d\u0259yicisiy\u0259m, ofisiant kimi 360 manat al\u0131ram. \u00dcnvanl\u0131 sosial yard\u0131m almaq \u00fc\u00e7\u00fcn d\u0259f\u0259l\u0259rl\u0259 t\u0259l\u0259b olunan s\u0259n\u0259dl\u0259ri toplay\u0131b aidiyyat\u0131 qurumlara t\u0259qdim etm\u015f\u0259m\u201d,<\/em>-\u015fikay\u0259t\u00e7i bildirib.<\/p>\n\n\n\n<p>\u0130brahimov deyib ki, h\u0259r d\u0259f\u0259 ona imtina cavab\u0131 g\u0259lib. S\u0259b\u0259b kimi g\u0259lirl\u0259rinin d\u00fczg\u00fcn qiym\u0259tl\u0259ndirilm\u0259diyi g\u00f6st\u0259rilir:<\/p>\n\n\n\n<p>\u201c<em>\u00dc\u00e7 \u00f6vlad\u0131 360 manatla doland\u0131ra bilmir\u0259m, he\u00e7 bir yerd\u0259n k\u00f6m\u0259yim yoxdur. Anam 280 manat pensiya al\u0131r. Atam 2002-ci ild\u0259 i\u015f yerind\u0259 v\u0259fat edib, m\u00f6vcud qanunvericiliy\u0259 g\u00f6r\u0259 atam\u0131n maa\u015f\u0131 anama verilm\u0259lidir. Lakin onu da etmirl\u0259r\u201d.<\/em><\/p>\n\n\n\n<p>Orta t\u0259hsilli olan \u0130brahimov \u0259lav\u0259 i\u015f tapmaqda \u00e7\u0259tinlik \u00e7\u0259kir. Deyir ki, rayonda i\u015f tapmaq m\u00fc\u015fk\u00fcl m\u0259s\u0259l\u0259dir, bundan \u0259lav\u0259, u\u015faqlara n\u0259zar\u0259t etm\u0259k, qay\u011f\u0131lar\u0131na qalmaq laz\u0131md\u0131r. Buna g\u00f6r\u0259 d\u0259 \u00fcnvanl\u0131 sosial yard\u0131m almaq \u00fc\u00e7\u00fcn i\u015fin\u0259 \u0259dal\u0259tl\u0259 bax\u0131lmas\u0131n\u0131 ist\u0259yir.<\/p>\n\n\n\n<p>\u018fm\u0259k v\u0259 \u018fhalinin Sosial M\u00fcdafi\u0259 Nazirliyind\u0259n v\u0259t\u0259nda\u015f\u0131n m\u00fcraci\u0259ti il\u0259 ba\u011fl\u0131 sual\u0131n ara\u015fd\u0131rmadan sonra cavabland\u0131r\u0131laca\u011f\u0131 bildirilib.<\/p>\n","protected":false},"excerpt":{"rendered":"<p>\u201c\u00dc\u00e7 \u00f6vlad\u0131 360 manatla doland\u0131ra bilmir\u0259m\u201d Yevlax rayon sakini, 37 &#8230; <\/p>\n<p class=\"read-more-container\"><a title=\"T\u0259nha ata sosial yard\u0131m ala bilm\u0259diyini deyir\" class=\"read-more button\" href=\"https:\/\/www.meydan.tv\/az\/article\/tenha-ata-sosial-yardim-ala-bilmediyini-deyir\/#more-311570\" aria-label=\"Read more about T\u0259nha ata sosial yard\u0131m ala bilm\u0259diyini deyir\">Davam\u0131<\/a><\/p>\n","protected":false},"author":8,"featured_media":311567,"comment_status":"closed","ping_status":"closed","sticky":false,"template":"","format":"standard","meta":{"_acf_changed":false,"_sitemap_exclude":false,"_sitemap_priority":"","_sitemap_frequency":"","footnotes":""},"categories":[60,56],"tags":[],"class_list":["post-311570","post","type-post","status-publish","format-standard","has-post-thumbnail","hentry","category-bolge","category-xeberler","infinite-scroll-item","generate-columns","tablet-grid-50","mobile-grid-100","grid-parent","grid-33","no-featured-image-padding"],"acf":[],"yoast_head":"<!-- This site is optimized with the Yoast SEO plugin v27.4 - https:\/\/yoast.com\/product\/yoast-seo-wordpress\/ -->\n<title>T\u0259nha ata sosial yard\u0131m ala bilm\u0259diyini deyir - MEYDAN.TV<\/title>\n<meta name=\"description\" content=\"Yevlax rayon sakini, 37 ya\u015fl\u0131 Qism\u0259t \u0130brahimov t\u0259k b\u00f6y\u00fctd\u00fcy\u00fc \u00f6vladlar\u0131n\u0131 doland\u0131rmaq \u00fc\u00e7\u00fcn \u00fcnvanl\u0131 sosial yard\u0131m almaq ist\u0259yir.\" \/>\n<meta name=\"robots\" content=\"index, follow, max-snippet:-1, max-image-preview:large, max-video-preview:-1\" \/>\n<link rel=\"canonical\" href=\"https:\/\/www.meydan.tv\/az\/article\/tenha-ata-sosial-yardim-ala-bilmediyini-deyir\/\" \/>\n<meta property=\"og:locale\" content=\"az_AZ\" \/>\n<meta property=\"og:type\" content=\"article\" \/>\n<meta property=\"og:title\" content=\"T\u0259nha ata sosial yard\u0131m ala bilm\u0259diyini deyir - MEYDAN.TV\" \/>\n<meta property=\"og:description\" content=\"Yevlax rayon sakini, 37 ya\u015fl\u0131 Qism\u0259t \u0130brahimov t\u0259k b\u00f6y\u00fctd\u00fcy\u00fc \u00f6vladlar\u0131n\u0131 doland\u0131rmaq \u00fc\u00e7\u00fcn \u00fcnvanl\u0131 sosial yard\u0131m almaq ist\u0259yir.\" \/>\n<meta property=\"og:url\" content=\"https:\/\/www.meydan.tv\/az\/article\/tenha-ata-sosial-yardim-ala-bilmediyini-deyir\/\" \/>\n<meta property=\"og:site_name\" content=\"MEYDAN.TV\" \/>\n<meta property=\"article:published_time\" content=\"2024-07-28T07:48:05+00:00\" \/>\n<meta property=\"article:modified_time\" content=\"2024-07-29T10:00:05+00:00\" \/>\n<meta property=\"og:image\" content=\"https:\/\/www.meydan.tv\/wp-content\/uploads\/img_1423_720-e1722152849903.jpg\" \/>\n\t<meta property=\"og:image:width\" content=\"1200\" \/>\n\t<meta property=\"og:image:height\" content=\"458\" \/>\n\t<meta property=\"og:image:type\" content=\"image\/jpeg\" \/>\n<meta name=\"author\" content=\"elli\" \/>\n<meta name=\"twitter:card\" content=\"summary_large_image\" \/>\n<meta name=\"twitter:creator\" content=\"@elli\" \/>\n<script type=\"application\/ld+json\" class=\"yoast-schema-graph\">{\"@context\":\"https:\\\/\\\/schema.org\",\"@graph\":[{\"@type\":\"Article\",\"@id\":\"https:\\\/\\\/www.meydan.tv\\\/az\\\/article\\\/tenha-ata-sosial-yardim-ala-bilmediyini-deyir\\\/#article\",\"isPartOf\":{\"@id\":\"https:\\\/\\\/www.meydan.tv\\\/az\\\/article\\\/tenha-ata-sosial-yardim-ala-bilmediyini-deyir\\\/\"},\"author\":{\"name\":\"elli\",\"@id\":\"https:\\\/\\\/www.meydan.tv\\\/az\\\/#\\\/schema\\\/person\\\/9cdbecf90d17180ce1dfbd95b08dcf47\"},\"headline\":\"T\u0259nha ata sosial yard\u0131m ala bilm\u0259diyini deyir\",\"datePublished\":\"2024-07-28T07:48:05+00:00\",\"dateModified\":\"2024-07-29T10:00:05+00:00\",\"mainEntityOfPage\":{\"@id\":\"https:\\\/\\\/www.meydan.tv\\\/az\\\/article\\\/tenha-ata-sosial-yardim-ala-bilmediyini-deyir\\\/\"},\"wordCount\":311,\"publisher\":{\"@id\":\"https:\\\/\\\/www.meydan.tv\\\/az\\\/#organization\"},\"image\":{\"@id\":\"https:\\\/\\\/www.meydan.tv\\\/az\\\/article\\\/tenha-ata-sosial-yardim-ala-bilmediyini-deyir\\\/#primaryimage\"},\"thumbnailUrl\":\"https:\\\/\\\/www.meydan.tv\\\/wp-content\\\/uploads\\\/img_1423_720-e1722152849903.jpg\",\"articleSection\":[\"B\u00f6lg\u0259\",\"X\u0259b\u0259rl\u0259r\"],\"inLanguage\":\"az\"},{\"@type\":\"WebPage\",\"@id\":\"https:\\\/\\\/www.meydan.tv\\\/az\\\/article\\\/tenha-ata-sosial-yardim-ala-bilmediyini-deyir\\\/\",\"url\":\"https:\\\/\\\/www.meydan.tv\\\/az\\\/article\\\/tenha-ata-sosial-yardim-ala-bilmediyini-deyir\\\/\",\"name\":\"T\u0259nha ata sosial yard\u0131m ala bilm\u0259diyini deyir - MEYDAN.TV\",\"isPartOf\":{\"@id\":\"https:\\\/\\\/www.meydan.tv\\\/az\\\/#website\"},\"primaryImageOfPage\":{\"@id\":\"https:\\\/\\\/www.meydan.tv\\\/az\\\/article\\\/tenha-ata-sosial-yardim-ala-bilmediyini-deyir\\\/#primaryimage\"},\"image\":{\"@id\":\"https:\\\/\\\/www.meydan.tv\\\/az\\\/article\\\/tenha-ata-sosial-yardim-ala-bilmediyini-deyir\\\/#primaryimage\"},\"thumbnailUrl\":\"https:\\\/\\\/www.meydan.tv\\\/wp-content\\\/uploads\\\/img_1423_720-e1722152849903.jpg\",\"datePublished\":\"2024-07-28T07:48:05+00:00\",\"dateModified\":\"2024-07-29T10:00:05+00:00\",\"description\":\"Yevlax rayon sakini, 37 ya\u015fl\u0131 Qism\u0259t \u0130brahimov t\u0259k b\u00f6y\u00fctd\u00fcy\u00fc \u00f6vladlar\u0131n\u0131 doland\u0131rmaq \u00fc\u00e7\u00fcn \u00fcnvanl\u0131 sosial yard\u0131m almaq ist\u0259yir.\",\"breadcrumb\":{\"@id\":\"https:\\\/\\\/www.meydan.tv\\\/az\\\/article\\\/tenha-ata-sosial-yardim-ala-bilmediyini-deyir\\\/#breadcrumb\"},\"inLanguage\":\"az\",\"potentialAction\":[{\"@type\":\"ReadAction\",\"target\":[\"https:\\\/\\\/www.meydan.tv\\\/az\\\/article\\\/tenha-ata-sosial-yardim-ala-bilmediyini-deyir\\\/\"]}]},{\"@type\":\"ImageObject\",\"inLanguage\":\"az\",\"@id\":\"https:\\\/\\\/www.meydan.tv\\\/az\\\/article\\\/tenha-ata-sosial-yardim-ala-bilmediyini-deyir\\\/#primaryimage\",\"url\":\"https:\\\/\\\/www.meydan.tv\\\/wp-content\\\/uploads\\\/img_1423_720-e1722152849903.jpg\",\"contentUrl\":\"https:\\\/\\\/www.meydan.tv\\\/wp-content\\\/uploads\\\/img_1423_720-e1722152849903.jpg\",\"width\":1200,\"height\":458,\"caption\":\"Foto: Meydan TV\"},{\"@type\":\"BreadcrumbList\",\"@id\":\"https:\\\/\\\/www.meydan.tv\\\/az\\\/article\\\/tenha-ata-sosial-yardim-ala-bilmediyini-deyir\\\/#breadcrumb\",\"itemListElement\":[{\"@type\":\"ListItem\",\"position\":1,\"name\":\"Ana s\u0259hif\u0259\",\"item\":\"https:\\\/\\\/www.meydan.tv\\\/az\\\/\"},{\"@type\":\"ListItem\",\"position\":2,\"name\":\"B\u00f6lg\u0259\",\"item\":\"https:\\\/\\\/www.meydan.tv\\\/az\\\/section\\\/bolge\\\/\"},{\"@type\":\"ListItem\",\"position\":3,\"name\":\"T\u0259nha ata sosial yard\u0131m ala bilm\u0259diyini deyir\"}]},{\"@type\":\"WebSite\",\"@id\":\"https:\\\/\\\/www.meydan.tv\\\/az\\\/#website\",\"url\":\"https:\\\/\\\/www.meydan.tv\\\/az\\\/\",\"name\":\"MEYDAN.TV\",\"description\":\"Meydan TV Az\u0259rbaycan\u0131n media m\u0259kan\u0131ndak\u0131 alternativ s\u0259sidir\",\"publisher\":{\"@id\":\"https:\\\/\\\/www.meydan.tv\\\/az\\\/#organization\"},\"potentialAction\":[{\"@type\":\"SearchAction\",\"target\":{\"@type\":\"EntryPoint\",\"urlTemplate\":\"https:\\\/\\\/www.meydan.tv\\\/az\\\/?s={search_term_string}\"},\"query-input\":{\"@type\":\"PropertyValueSpecification\",\"valueRequired\":true,\"valueName\":\"search_term_string\"}}],\"inLanguage\":\"az\"},{\"@type\":\"Organization\",\"@id\":\"https:\\\/\\\/www.meydan.tv\\\/az\\\/#organization\",\"name\":\"Meydan TV\",\"url\":\"https:\\\/\\\/www.meydan.tv\\\/az\\\/\",\"logo\":{\"@type\":\"ImageObject\",\"inLanguage\":\"az\",\"@id\":\"https:\\\/\\\/www.meydan.tv\\\/az\\\/#\\\/schema\\\/logo\\\/image\\\/\",\"url\":\"https:\\\/\\\/www.meydan.tv\\\/wp-content\\\/uploads\\\/2021\\\/07\\\/meydan-logo.svg\",\"contentUrl\":\"https:\\\/\\\/www.meydan.tv\\\/wp-content\\\/uploads\\\/2021\\\/07\\\/meydan-logo.svg\",\"width\":195,\"height\":46,\"caption\":\"Meydan TV\"},\"image\":{\"@id\":\"https:\\\/\\\/www.meydan.tv\\\/az\\\/#\\\/schema\\\/logo\\\/image\\\/\"}},{\"@type\":\"Person\",\"@id\":\"https:\\\/\\\/www.meydan.tv\\\/az\\\/#\\\/schema\\\/person\\\/9cdbecf90d17180ce1dfbd95b08dcf47\",\"name\":\"elli\",\"sameAs\":[\"https:\\\/\\\/x.com\\\/elli\"]}]}<\/script>\n<!-- \/ Yoast SEO plugin. -->","yoast_head_json":{"title":"T\u0259nha ata sosial yard\u0131m ala bilm\u0259diyini deyir - MEYDAN.TV","description":"Yevlax rayon sakini, 37 ya\u015fl\u0131 Qism\u0259t \u0130brahimov t\u0259k b\u00f6y\u00fctd\u00fcy\u00fc \u00f6vladlar\u0131n\u0131 doland\u0131rmaq \u00fc\u00e7\u00fcn \u00fcnvanl\u0131 sosial yard\u0131m almaq ist\u0259yir.","robots":{"index":"index","follow":"follow","max-snippet":"max-snippet:-1","max-image-preview":"max-image-preview:large","max-video-preview":"max-video-preview:-1"},"canonical":"https:\/\/www.meydan.tv\/az\/article\/tenha-ata-sosial-yardim-ala-bilmediyini-deyir\/","og_locale":"az_AZ","og_type":"article","og_title":"T\u0259nha ata sosial yard\u0131m ala bilm\u0259diyini deyir - MEYDAN.TV","og_description":"Yevlax rayon sakini, 37 ya\u015fl\u0131 Qism\u0259t \u0130brahimov t\u0259k b\u00f6y\u00fctd\u00fcy\u00fc \u00f6vladlar\u0131n\u0131 doland\u0131rmaq \u00fc\u00e7\u00fcn \u00fcnvanl\u0131 sosial yard\u0131m almaq ist\u0259yir.","og_url":"https:\/\/www.meydan.tv\/az\/article\/tenha-ata-sosial-yardim-ala-bilmediyini-deyir\/","og_site_name":"MEYDAN.TV","article_published_time":"2024-07-28T07:48:05+00:00","article_modified_time":"2024-07-29T10:00:05+00:00","og_image":[{"width":1200,"height":458,"url":"https:\/\/www.meydan.tv\/wp-content\/uploads\/img_1423_720-e1722152849903.jpg","type":"image\/jpeg"}],"author":"elli","twitter_card":"summary_large_image","twitter_creator":"@elli","schema":{"@context":"https:\/\/schema.org","@graph":[{"@type":"Article","@id":"https:\/\/www.meydan.tv\/az\/article\/tenha-ata-sosial-yardim-ala-bilmediyini-deyir\/#article","isPartOf":{"@id":"https:\/\/www.meydan.tv\/az\/article\/tenha-ata-sosial-yardim-ala-bilmediyini-deyir\/"},"author":{"name":"elli","@id":"https:\/\/www.meydan.tv\/az\/#\/schema\/person\/9cdbecf90d17180ce1dfbd95b08dcf47"},"headline":"T\u0259nha ata sosial yard\u0131m ala bilm\u0259diyini deyir","datePublished":"2024-07-28T07:48:05+00:00","dateModified":"2024-07-29T10:00:05+00:00","mainEntityOfPage":{"@id":"https:\/\/www.meydan.tv\/az\/article\/tenha-ata-sosial-yardim-ala-bilmediyini-deyir\/"},"wordCount":311,"publisher":{"@id":"https:\/\/www.meydan.tv\/az\/#organization"},"image":{"@id":"https:\/\/www.meydan.tv\/az\/article\/tenha-ata-sosial-yardim-ala-bilmediyini-deyir\/#primaryimage"},"thumbnailUrl":"https:\/\/www.meydan.tv\/wp-content\/uploads\/img_1423_720-e1722152849903.jpg","articleSection":["B\u00f6lg\u0259","X\u0259b\u0259rl\u0259r"],"inLanguage":"az"},{"@type":"WebPage","@id":"https:\/\/www.meydan.tv\/az\/article\/tenha-ata-sosial-yardim-ala-bilmediyini-deyir\/","url":"https:\/\/www.meydan.tv\/az\/article\/tenha-ata-sosial-yardim-ala-bilmediyini-deyir\/","name":"T\u0259nha ata sosial yard\u0131m ala bilm\u0259diyini deyir - MEYDAN.TV","isPartOf":{"@id":"https:\/\/www.meydan.tv\/az\/#website"},"primaryImageOfPage":{"@id":"https:\/\/www.meydan.tv\/az\/article\/tenha-ata-sosial-yardim-ala-bilmediyini-deyir\/#primaryimage"},"image":{"@id":"https:\/\/www.meydan.tv\/az\/article\/tenha-ata-sosial-yardim-ala-bilmediyini-deyir\/#primaryimage"},"thumbnailUrl":"https:\/\/www.meydan.tv\/wp-content\/uploads\/img_1423_720-e1722152849903.jpg","datePublished":"2024-07-28T07:48:05+00:00","dateModified":"2024-07-29T10:00:05+00:00","description":"Yevlax rayon sakini, 37 ya\u015fl\u0131 Qism\u0259t \u0130brahimov t\u0259k b\u00f6y\u00fctd\u00fcy\u00fc \u00f6vladlar\u0131n\u0131 doland\u0131rmaq \u00fc\u00e7\u00fcn \u00fcnvanl\u0131 sosial yard\u0131m almaq ist\u0259yir.","breadcrumb":{"@id":"https:\/\/www.meydan.tv\/az\/article\/tenha-ata-sosial-yardim-ala-bilmediyini-deyir\/#breadcrumb"},"inLanguage":"az","potentialAction":[{"@type":"ReadAction","target":["https:\/\/www.meydan.tv\/az\/article\/tenha-ata-sosial-yardim-ala-bilmediyini-deyir\/"]}]},{"@type":"ImageObject","inLanguage":"az","@id":"https:\/\/www.meydan.tv\/az\/article\/tenha-ata-sosial-yardim-ala-bilmediyini-deyir\/#primaryimage","url":"https:\/\/www.meydan.tv\/wp-content\/uploads\/img_1423_720-e1722152849903.jpg","contentUrl":"https:\/\/www.meydan.tv\/wp-content\/uploads\/img_1423_720-e1722152849903.jpg","width":1200,"height":458,"caption":"Foto: Meydan TV"},{"@type":"BreadcrumbList","@id":"https:\/\/www.meydan.tv\/az\/article\/tenha-ata-sosial-yardim-ala-bilmediyini-deyir\/#breadcrumb","itemListElement":[{"@type":"ListItem","position":1,"name":"Ana s\u0259hif\u0259","item":"https:\/\/www.meydan.tv\/az\/"},{"@type":"ListItem","position":2,"name":"B\u00f6lg\u0259","item":"https:\/\/www.meydan.tv\/az\/section\/bolge\/"},{"@type":"ListItem","position":3,"name":"T\u0259nha ata sosial yard\u0131m ala bilm\u0259diyini deyir"}]},{"@type":"WebSite","@id":"https:\/\/www.meydan.tv\/az\/#website","url":"https:\/\/www.meydan.tv\/az\/","name":"MEYDAN.TV","description":"Meydan TV Az\u0259rbaycan\u0131n media m\u0259kan\u0131ndak\u0131 alternativ s\u0259sidir","publisher":{"@id":"https:\/\/www.meydan.tv\/az\/#organization"},"potentialAction":[{"@type":"SearchAction","target":{"@type":"EntryPoint","urlTemplate":"https:\/\/www.meydan.tv\/az\/?s={search_term_string}"},"query-input":{"@type":"PropertyValueSpecification","valueRequired":true,"valueName":"search_term_string"}}],"inLanguage":"az"},{"@type":"Organization","@id":"https:\/\/www.meydan.tv\/az\/#organization","name":"Meydan TV","url":"https:\/\/www.meydan.tv\/az\/","logo":{"@type":"ImageObject","inLanguage":"az","@id":"https:\/\/www.meydan.tv\/az\/#\/schema\/logo\/image\/","url":"https:\/\/www.meydan.tv\/wp-content\/uploads\/2021\/07\/meydan-logo.svg","contentUrl":"https:\/\/www.meydan.tv\/wp-content\/uploads\/2021\/07\/meydan-logo.svg","width":195,"height":46,"caption":"Meydan TV"},"image":{"@id":"https:\/\/www.meydan.tv\/az\/#\/schema\/logo\/image\/"}},{"@type":"Person","@id":"https:\/\/www.meydan.tv\/az\/#\/schema\/person\/9cdbecf90d17180ce1dfbd95b08dcf47","name":"elli","sameAs":["https:\/\/x.com\/elli"]}]}},"_links":{"self":[{"href":"https:\/\/www.meydan.tv\/az\/wp-json\/wp\/v2\/posts\/311570","targetHints":{"allow":["GET"]}}],"collection":[{"href":"https:\/\/www.meydan.tv\/az\/wp-json\/wp\/v2\/posts"}],"about":[{"href":"https:\/\/www.meydan.tv\/az\/wp-json\/wp\/v2\/types\/post"}],"author":[{"embeddable":true,"href":"https:\/\/www.meydan.tv\/az\/wp-json\/wp\/v2\/users\/8"}],"replies":[{"embeddable":true,"href":"https:\/\/www.meydan.tv\/az\/wp-json\/wp\/v2\/comments?post=311570"}],"version-history":[{"count":2,"href":"https:\/\/www.meydan.tv\/az\/wp-json\/wp\/v2\/posts\/311570\/revisions"}],"predecessor-version":[{"id":311635,"href":"https:\/\/www.meydan.tv\/az\/wp-json\/wp\/v2\/posts\/311570\/revisions\/311635"}],"wp:featuredmedia":[{"embeddable":true,"href":"https:\/\/www.meydan.tv\/az\/wp-json\/wp\/v2\/media\/311567"}],"wp:attachment":[{"href":"https:\/\/www.meydan.tv\/az\/wp-json\/wp\/v2\/media?parent=311570"}],"wp:term":[{"taxonomy":"category","embeddable":true,"href":"https:\/\/www.meydan.tv\/az\/wp-json\/wp\/v2\/categories?post=311570"},{"taxonomy":"post_tag","embeddable":true,"href":"https:\/\/www.meydan.tv\/az\/wp-json\/wp\/v2\/tags?post=311570"}],"curies":[{"name":"wp","href":"https:\/\/api.w.org\/{rel}","templated":true}]}}