{"id":311545,"date":"2024-07-27T13:49:46","date_gmt":"2024-07-27T09:49:46","guid":{"rendered":"https:\/\/www.meydan.tv\/?p=311545"},"modified":"2024-07-27T13:49:50","modified_gmt":"2024-07-27T09:49:50","slug":"vaxtile-xeyriyyecilerin-saxladigi-mekteb-indi-dagilir","status":"publish","type":"post","link":"https:\/\/www.meydan.tv\/az\/article\/vaxtile-xeyriyyecilerin-saxladigi-mekteb-indi-dagilir\/","title":{"rendered":"Vaxtil\u0259 xeyriyy\u0259\u00e7il\u0259rin saxlad\u0131\u011f\u0131 m\u0259kt\u0259b indi da\u011f\u0131l\u0131r"},"content":{"rendered":"\n<p><\/p>\n\n\n\n<p><strong><em>\u015eirvan-Salyan Regional T\u0259hsil \u0130dar\u0259sind\u0259n bildirilib ki, yeni m\u0259kt\u0259b tikil\u0259c\u0259k<\/em><\/strong><\/p>\n\n\n\n<p>Bak\u0131dan Hac\u0131qabula ged\u0259nd\u0259 yolun sa\u011f\u0131ndak\u0131 Navahi k\u0259ndin\u0259 t\u0259r\u0259f boylanan h\u0259r k\u0259s k\u00f6hn\u0259 m\u0259kt\u0259bin binas\u0131n\u0131 g\u00f6r\u0259 bil\u0259r. Bura M.A\u011fayev ad\u0131na Navahi k\u0259nd tam orta m\u0259kt\u0259bidir. Az\u0131 300 n\u0259f\u0259r \u015fagirdi olan bu m\u0259kt\u0259bl\u0259 k\u0259ndin aras\u0131nda 3 kilometr m\u0259saf\u0259 var. K\u0259ndin m\u0259kt\u0259blil\u0259ri t\u0259hsil ili boyunca qar-pal\u00e7\u0131q dem\u0259d\u0259n k\u0259ndd\u0259n m\u0259kt\u0259b\u0259d\u0259k yol q\u0259t edirl\u0259r. Son vaxtlar valideynl\u0259r \u00f6z t\u0259\u015f\u0259bb\u00fcsl\u0259ri il\u0259 avtobus tutublar ki, he\u00e7 olmasa ibtidai sinifd\u0259 oxuyanlar d\u0259rs\u0259 \u0259ziyy\u0259tl\u0259 gedib-g\u0259lm\u0259sin. D\u0259rd bununla bitmir, t\u0259qrib\u0259n 3 il \u0259vv\u0259l Meydan TV h\u0259min\u00a0 m\u0259kt\u0259bd\u0259n yazm\u0131\u015fd\u0131. Navahi k\u0259ndinin sakinl\u0259ri m\u00fcraci\u0259t ed\u0259r\u0259k m\u0259kt\u0259bin b\u0259rbad v\u0259ziyy\u0259td\u0259 olmas\u0131ndan gileyl\u0259nir, yeni m\u0259kt\u0259bl\u0259 ba\u011fl\u0131 arzular\u0131n\u0131 dil\u0259 g\u0259tirirdil\u0259r. Ancaq indi m\u0259lum olur ki, o vaxt d\u00f6vl\u0259t qurumlar\u0131n\u0131n verdiyi v\u0259dl\u0259r bo\u015fa \u00e7\u0131x\u0131b, k\u0259nd sakinl\u0259rinin yeni, i\u015f\u0131ql\u0131, m\u00fcasir m\u0259kt\u0259b arzusu h\u0259l\u0259 d\u0259 ger\u00e7\u0259kl\u0259\u015fm\u0259yib.<\/p>\n\n\n\n<p><strong>\u201cBu m\u0259kt\u0259b 1875-ci ild\u0259 yarad\u0131l\u0131b\u201d<\/strong><\/p>\n\n\n\n<p>\u0130bad N\u0259zirov 23 il (2000-ci il\u0259d\u0259k) Hac\u0131qabul \u015e\u0259h\u0259r \u0130cra Hakimiyy\u0259tinin Navahi k\u0259ndi \u00fczr\u0259 n\u00fcmay\u0259nd\u0259si i\u015fl\u0259yib. Bu d\u0259f\u0259 Meydan TV-y\u0259 o m\u00fcraci\u0259t edib, k\u0259nd m\u0259kt\u0259binin probleml\u0259rini t\u0259krar g\u00fcnd\u0259m\u0259 g\u0259tirm\u0259yimizi ist\u0259yib. \u0130bad N\u0259zirov s\u00f6z\u0259 m\u0259kt\u0259bin yaranma tarixin\u0259 ekskursiya etm\u0259kl\u0259 ba\u015flay\u0131r. Deyir, r\u0259smi s\u0259n\u0259dl\u0259rd\u0259 bu t\u0259hsil oca\u011f\u0131n\u0131n 1970-ci ild\u0259 in\u015fa olundu\u011fu qeyd edils\u0259 d\u0259, \u0259slind\u0259 tarixi 1800-c\u00fc ill\u0259r\u0259 gedib \u00e7\u0131x\u0131r:<\/p>\n\n\n\n<figure class=\"wp-block-image size-full is-resized\"><img decoding=\"async\" width=\"720\" height=\"405\" data-src=\"https:\/\/www.meydan.tv\/wp-content\/uploads\/whatsapp_image_2024-07-27_at_13.02.38__1__720.jpg\" alt=\"\" class=\"wp-image-311546 lazyload\" style=\"--smush-placeholder-width: 720px; --smush-placeholder-aspect-ratio: 720\/405;width:796px;height:auto\" src=\"data:image\/svg+xml;base64,PHN2ZyB3aWR0aD0iMSIgaGVpZ2h0PSIxIiB4bWxucz0iaHR0cDovL3d3dy53My5vcmcvMjAwMC9zdmciPjwvc3ZnPg==\" \/><figcaption class=\"wp-element-caption\">Foto: Meydan TV<\/figcaption><\/figure>\n\n\n\n<p><em>\u201cBuralar ke\u00e7mi\u015f \u015eamax\u0131 q\u0259zas\u0131na aid olub. 1875-ci ild\u0259 Bak\u0131-Tiflis d\u0259miryolu x\u0259tti \u00e7\u0259kil\u0259nd\u0259 Tal\u0131\u015f\u0131nski soyadl\u0131 bir xeyriyy\u0259\u00e7i k\u0259ndimizd\u0259 ikim\u0259rt\u0259b\u0259li rus-tatar m\u0259kt\u0259bi a\u00e7\u0131r. Udulu, Pa\u015fal\u0131 v\u0259 ba\u015fqa k\u0259ndl\u0259rin u\u015faqlar\u0131 h\u0259min m\u0259kt\u0259bd\u0259 t\u0259hsil al\u0131rm\u0131\u015f. \u015eamax\u0131 q\u0259zas\u0131nda \u0259n iri m\u0259kt\u0259b say\u0131lan bu t\u0259hsil oca\u011f\u0131 \u0259vv\u0259ll\u0259r \u015eamax\u0131 q\u0259zas\u0131n\u0131n xeyriyy\u0259\u00e7il\u0259rinin d\u0259st\u0259yi il\u0259 vaxta\u015f\u0131r\u0131 t\u0259mir olunur, bax\u0131ml\u0131 saxlan\u0131l\u0131rm\u0131\u015f. Sonralar bu adamlar da h\u0259yatdan k\u00f6\u00e7\u00fcr, m\u0259kt\u0259b bax\u0131ms\u0131z qal\u0131r. 1970-ci ill\u0259rd\u0259 m\u0259kt\u0259b b\u0259rbad v\u0259ziyy\u0259td\u0259 olanda o vaxt \u201cMozalan\u201d Satirik Jurnal\u0131 m\u0259kt\u0259bd\u0259n t\u0259nqidi s\u00fcjet haz\u0131rlay\u0131r. Bundan sonra m\u0259kt\u0259b \u0259sasl\u0131 t\u0259mir olunur. H\u0259tta uzaqdan g\u0259l\u0259n m\u00fc\u0259lliml\u0259rin yollarda qalmamas\u0131 \u00fc\u00e7\u00fcn ikim\u0259rt\u0259b\u0259li yataqxana da in\u015fa edilir. 1961-ci ild\u0259 Navahi k\u0259ndi art\u0131q \u015eamax\u0131 q\u0259zas\u0131ndan \u00e7\u0131xar\u0131laraq Salyan\u0131n, 1990-c\u0131 ild\u0259 Hac\u0131qabulun t\u0259rkibin\u0259 verilib. Bax, el\u0259 k\u0259ndimiz Hac\u0131qabulun t\u0259rkibin\u0259 ke\u00e7\u0259nd\u0259n sonra ba\u011f\u00e7alar, m\u0259kt\u0259bl\u0259r bax\u0131ms\u0131z qald\u0131. M\u00fc\u0259lliml\u0259r \u00fc\u00e7\u00fcn tikilmi\u015f yataqxana da\u011f\u0131ld\u0131, indi d\u00f6rd quru divar\u0131 qal\u0131b. O yataqxana da, u\u015faq ba\u011f\u00e7as\u0131 da da\u011f\u0131ld\u0131, birc\u0259 divarlar\u0131 qal\u0131b\u201d<\/em>.<\/p>\n\n\n\n<p><strong>\u201cSovet h\u00f6kum\u0259ti m\u0259kt\u0259bl\u0259ri, u\u015faq ba\u011f\u00e7alar\u0131n\u0131, yataqxanalar\u0131 da \u00f6z\u00fcyl\u0259 apard\u0131\u201d<\/strong><\/p>\n\n\n\n<p>\u0130bad b\u0259yin s\u00f6zl\u0259rin\u0259 g\u00f6r\u0259, h\u0259l\u0259 Sovet vaxt\u0131 k\u0259ndin kolxoz s\u0259drinin t\u0259\u015f\u0259bb\u00fcs\u00fc il\u0259 kolxozda i\u015fl\u0259y\u0259nl\u0259rin u\u015faqlar\u0131 \u00fc\u00e7\u00fcn u\u015faq ba\u011f\u00e7as\u0131 da tikilib. \u0130ll\u0259rl\u0259 u\u015faqlar\u0131n istifad\u0259sind\u0259 olan ba\u011f\u00e7a da Sovet da\u011f\u0131landan sonra bax\u0131ms\u0131z qal\u0131b v\u0259 istifad\u0259y\u0259 yarars\u0131z oldu\u011funa g\u00f6r\u0259 ill\u0259r \u0259vv\u0259l qap\u0131s\u0131 q\u0131f\u0131llan\u0131b:<\/p>\n\n\n\n<p><em>\u201cSovet h\u00f6kum\u0259ti da\u011f\u0131ld\u0131, \u00f6z\u00fc il\u0259 m\u0259kt\u0259bl\u0259ri, u\u015faq ba\u011f\u00e7alar\u0131n\u0131, yataqxanalar\u0131 da apard\u0131. M\u0259n o vaxt t\u0259klif etmi\u015fdim ki, Sovet da\u011f\u0131landan sonra bax\u0131ms\u0131z qalan o ikim\u0259rt\u0259b\u0259li u\u015faq ba\u011f\u00e7as\u0131n\u0131 ibtidai sinif m\u0259kt\u0259bi ed\u0259k. 1-5-ci sinifl\u0259ri o m\u0259kt\u0259b\u0259 ver\u0259k, balaca u\u015faqlar 3 kilometr yol gedib, k\u0259ndin q\u0131ra\u011f\u0131na \u00e7\u0131xmas\u0131nlar. Aidiyy\u0259ti qurumlara da m\u00fcraci\u0259t etdik, n\u0259tic\u0259si olmad\u0131. O boyda bina istifad\u0259siz qal\u0131b. Bu m\u0259kt\u0259b\u0259 g\u00f6r\u0259 d\u0259 \u00e7ox m\u00fcraci\u0259tl\u0259r etmi\u015fik. M\u0259kt\u0259bin r\u0259hb\u0259rliyi m\u00fc\u0259lliml\u0259rd\u0259n, valideynl\u0259rd\u0259n xahi\u015f edir ki, \u015fikay\u0259t yazmas\u0131nlar, \u00e7\u00fcnki onsuz da he\u00e7 k\u0259s g\u0259lib m\u0259kt\u0259b tik\u0259n deyil, \u0259v\u0259zind\u0259 yuxar\u0131 qurumlar m\u0259kt\u0259b r\u0259hb\u0259rliyini qaralalay\u0131rlar. Bax, v\u0259ziyy\u0259t bel\u0259dir\u201d<\/em>.<\/p>\n\n\n\n<p>\u0130bad N\u0259zirovun s\u00f6zl\u0259rin\u0259 g\u00f6r\u0259, son ill\u0259rd\u0259 Navahid\u0259 d\u00f6rd m\u0259kt\u0259b tikilib, ancaq az\u0131 300 \u015fagirdi olan bu m\u0259kt\u0259bd\u0259 birc\u0259 d\u0259f\u0259 d\u0259 \u0259sasl\u0131 t\u0259mir i\u015fi apar\u0131lmay\u0131b:<\/p>\n\n\n\n<p><em>\u201cSovet vaxt\u0131 qaz olub, istilik t\u0259chizat\u0131 olub, 30 ild\u0259n \u00e7oxdur ki, o qaz x\u0259tl\u0259ri sinif otaqlar\u0131n\u0131n divarlar\u0131nda paslan\u0131b, qal\u0131b. Sinif otaqlar\u0131 odunla q\u0131zd\u0131r\u0131l\u0131r. Q\u0131\u015fda valideynl\u0259r \u0259ll\u0259rind\u0259 balta, m\u0259kt\u0259bin qar\u015fs\u0131nda odun yar\u0131rlar. Siz\u0259 g\u00f6nd\u0259rdiyimiz fotolardan m\u0259kt\u0259bin v\u0259ziyy\u0259ti ayd\u0131n g\u00f6r\u00fcn\u00fcr. D\u00f6\u015f\u0259m\u0259l\u0259r, dam \u00f6rt\u00fcy\u00fc \u00e7\u00fcr\u00fcy\u00fcb. Avadanl\u0131qlar k\u00f6hn\u0259, s\u0131n\u0131q-salxaqd\u0131r, ayaqyolu dem\u0259k olar ki, yoxdur\u201d<\/em>.<\/p>\n\n\n\n<figure class=\"wp-block-image size-large is-resized\"><img decoding=\"async\" width=\"616\" height=\"821\" data-src=\"https:\/\/www.meydan.tv\/wp-content\/uploads\/whatsapp_image_2024-07-27_at_13.02.40__1_-616x821.jpeg\" alt=\"\" class=\"wp-image-311549 lazyload\" style=\"--smush-placeholder-width: 616px; --smush-placeholder-aspect-ratio: 616\/821;width:806px;height:auto\" src=\"data:image\/svg+xml;base64,PHN2ZyB3aWR0aD0iMSIgaGVpZ2h0PSIxIiB4bWxucz0iaHR0cDovL3d3dy53My5vcmcvMjAwMC9zdmciPjwvc3ZnPg==\" \/><figcaption class=\"wp-element-caption\">Foto: Meydan TV<\/figcaption><\/figure>\n\n\n\n<p><strong>R\u0259smi qurum: \u201cYeni m\u0259kt\u0259b tikil\u0259c\u0259k\u201d<\/strong><\/p>\n\n\n\n<p>Elm v\u0259 T\u0259hsil Nazirliyinin \u015eirvan-Salyan Regional T\u0259hsil \u0130dar\u0259sind\u0259n bildirilib ki, s\u00f6z\u00fcged\u0259n m\u0259kt\u0259b binas\u0131n\u0131n s\u00f6k\u00fcl\u0259r\u0259k yerind\u0259 yenisinin tikilm\u0259si il\u0259 ba\u011fl\u0131 ilkin s\u0259n\u0259dl\u0259\u015fm\u0259 i\u015fl\u0259ri ba\u015fa \u00e7at\u0131b. Yeni m\u0259kt\u0259b binas\u0131n\u0131n layih\u0259si t\u0259sdiq olunduqdan sonra tikinti i\u015fl\u0259rin\u0259 ba\u015flan\u0131lacaq.<br>O da qeyd olunub ki, \u015eirvan-Salyan Regional T\u0259hsil \u0130dar\u0259sinin tabeliyind\u0259 177 \u00fcmumt\u0259hsil, 53 m\u0259kt\u0259b\u0259q\u0259d\u0259r, 7 m\u0259kt\u0259bd\u0259nk\u0259nar t\u0259hsil m\u00fc\u0259ssis\u0259si f\u0259aliyy\u0259t g\u00f6st\u0259rir. Son iki ild\u0259 bu t\u0259hsil m\u00fc\u0259ssis\u0259l\u0259rinin 60-dan \u00e7oxunda t\u0259mir i\u015fl\u0259ri apar\u0131l\u0131b. Yeddi yeni t\u0259hsil m\u00fc\u0259ssis\u0259si tikil\u0259r\u0259k istifad\u0259y\u0259 verilib.<\/p>\n\n\n\n<p><\/p>\n","protected":false},"excerpt":{"rendered":"<p>\u015eirvan-Salyan Regional T\u0259hsil \u0130dar\u0259sind\u0259n bildirilib ki, yeni m\u0259kt\u0259b tikil\u0259c\u0259k Bak\u0131dan &#8230; <\/p>\n<p class=\"read-more-container\"><a title=\"Vaxtil\u0259 xeyriyy\u0259\u00e7il\u0259rin saxlad\u0131\u011f\u0131 m\u0259kt\u0259b indi da\u011f\u0131l\u0131r\" class=\"read-more button\" href=\"https:\/\/www.meydan.tv\/az\/article\/vaxtile-xeyriyyecilerin-saxladigi-mekteb-indi-dagilir\/#more-311545\" aria-label=\"Read more about Vaxtil\u0259 xeyriyy\u0259\u00e7il\u0259rin saxlad\u0131\u011f\u0131 m\u0259kt\u0259b indi da\u011f\u0131l\u0131r\">Davam\u0131<\/a><\/p>\n","protected":false},"author":21,"featured_media":311552,"comment_status":"closed","ping_status":"closed","sticky":false,"template":"","format":"standard","meta":{"_acf_changed":false,"_sitemap_exclude":false,"_sitemap_priority":"","_sitemap_frequency":"","footnotes":""},"categories":[60,62,79,56],"tags":[],"class_list":["post-311545","post","type-post","status-publish","format-standard","has-post-thumbnail","hentry","category-bolge","category-sosial","category-featured","category-xeberler","infinite-scroll-item","generate-columns","tablet-grid-50","mobile-grid-100","grid-parent","grid-33","no-featured-image-padding"],"acf":[],"yoast_head":"<!-- This site is optimized with the Yoast SEO plugin v27.4 - https:\/\/yoast.com\/product\/yoast-seo-wordpress\/ -->\n<title>Vaxtil\u0259 xeyriyy\u0259\u00e7il\u0259rin saxlad\u0131\u011f\u0131 m\u0259kt\u0259b indi da\u011f\u0131l\u0131r - MEYDAN.TV<\/title>\n<meta name=\"description\" content=\"\u015eirvan-Salyan Regional T\u0259hsil \u0130dar\u0259sind\u0259n bildirilib ki, yeni m\u0259kt\u0259b tikil\u0259c\u0259k.\" \/>\n<meta name=\"robots\" content=\"index, follow, max-snippet:-1, max-image-preview:large, max-video-preview:-1\" \/>\n<link rel=\"canonical\" href=\"https:\/\/www.meydan.tv\/az\/article\/vaxtile-xeyriyyecilerin-saxladigi-mekteb-indi-dagilir\/\" \/>\n<meta property=\"og:locale\" content=\"az_AZ\" \/>\n<meta property=\"og:type\" content=\"article\" \/>\n<meta property=\"og:title\" content=\"Vaxtil\u0259 xeyriyy\u0259\u00e7il\u0259rin saxlad\u0131\u011f\u0131 m\u0259kt\u0259b indi da\u011f\u0131l\u0131r - MEYDAN.TV\" \/>\n<meta property=\"og:description\" content=\"\u015eirvan-Salyan Regional T\u0259hsil \u0130dar\u0259sind\u0259n bildirilib ki, yeni m\u0259kt\u0259b tikil\u0259c\u0259k.\" \/>\n<meta property=\"og:url\" content=\"https:\/\/www.meydan.tv\/az\/article\/vaxtile-xeyriyyecilerin-saxladigi-mekteb-indi-dagilir\/\" \/>\n<meta property=\"og:site_name\" content=\"MEYDAN.TV\" \/>\n<meta property=\"article:published_time\" content=\"2024-07-27T09:49:46+00:00\" \/>\n<meta property=\"article:modified_time\" content=\"2024-07-27T09:49:50+00:00\" \/>\n<meta property=\"og:image\" content=\"https:\/\/www.meydan.tv\/wp-content\/uploads\/whatsapp_image_2024-07-27_at_13.02.38_720.jpg\" \/>\n\t<meta property=\"og:image:width\" content=\"720\" \/>\n\t<meta property=\"og:image:height\" content=\"540\" \/>\n\t<meta property=\"og:image:type\" content=\"image\/jpeg\" \/>\n<meta name=\"author\" content=\"mahmud\" \/>\n<meta name=\"twitter:card\" content=\"summary_large_image\" \/>\n<script type=\"application\/ld+json\" class=\"yoast-schema-graph\">{\"@context\":\"https:\\\/\\\/schema.org\",\"@graph\":[{\"@type\":\"Article\",\"@id\":\"https:\\\/\\\/www.meydan.tv\\\/az\\\/article\\\/vaxtile-xeyriyyecilerin-saxladigi-mekteb-indi-dagilir\\\/#article\",\"isPartOf\":{\"@id\":\"https:\\\/\\\/www.meydan.tv\\\/az\\\/article\\\/vaxtile-xeyriyyecilerin-saxladigi-mekteb-indi-dagilir\\\/\"},\"author\":{\"name\":\"mahmud\",\"@id\":\"https:\\\/\\\/www.meydan.tv\\\/az\\\/#\\\/schema\\\/person\\\/09863e516102a829e72bedcf3f84c6b0\"},\"headline\":\"Vaxtil\u0259 xeyriyy\u0259\u00e7il\u0259rin saxlad\u0131\u011f\u0131 m\u0259kt\u0259b indi da\u011f\u0131l\u0131r\",\"datePublished\":\"2024-07-27T09:49:46+00:00\",\"dateModified\":\"2024-07-27T09:49:50+00:00\",\"mainEntityOfPage\":{\"@id\":\"https:\\\/\\\/www.meydan.tv\\\/az\\\/article\\\/vaxtile-xeyriyyecilerin-saxladigi-mekteb-indi-dagilir\\\/\"},\"wordCount\":1131,\"publisher\":{\"@id\":\"https:\\\/\\\/www.meydan.tv\\\/az\\\/#organization\"},\"image\":{\"@id\":\"https:\\\/\\\/www.meydan.tv\\\/az\\\/article\\\/vaxtile-xeyriyyecilerin-saxladigi-mekteb-indi-dagilir\\\/#primaryimage\"},\"thumbnailUrl\":\"https:\\\/\\\/www.meydan.tv\\\/wp-content\\\/uploads\\\/whatsapp_image_2024-07-27_at_13.02.38_720.jpg\",\"articleSection\":[\"B\u00f6lg\u0259\",\"Sosial\",\"T\u00f6vsiy\u0259\",\"X\u0259b\u0259rl\u0259r\"],\"inLanguage\":\"az\"},{\"@type\":\"WebPage\",\"@id\":\"https:\\\/\\\/www.meydan.tv\\\/az\\\/article\\\/vaxtile-xeyriyyecilerin-saxladigi-mekteb-indi-dagilir\\\/\",\"url\":\"https:\\\/\\\/www.meydan.tv\\\/az\\\/article\\\/vaxtile-xeyriyyecilerin-saxladigi-mekteb-indi-dagilir\\\/\",\"name\":\"Vaxtil\u0259 xeyriyy\u0259\u00e7il\u0259rin saxlad\u0131\u011f\u0131 m\u0259kt\u0259b indi da\u011f\u0131l\u0131r - MEYDAN.TV\",\"isPartOf\":{\"@id\":\"https:\\\/\\\/www.meydan.tv\\\/az\\\/#website\"},\"primaryImageOfPage\":{\"@id\":\"https:\\\/\\\/www.meydan.tv\\\/az\\\/article\\\/vaxtile-xeyriyyecilerin-saxladigi-mekteb-indi-dagilir\\\/#primaryimage\"},\"image\":{\"@id\":\"https:\\\/\\\/www.meydan.tv\\\/az\\\/article\\\/vaxtile-xeyriyyecilerin-saxladigi-mekteb-indi-dagilir\\\/#primaryimage\"},\"thumbnailUrl\":\"https:\\\/\\\/www.meydan.tv\\\/wp-content\\\/uploads\\\/whatsapp_image_2024-07-27_at_13.02.38_720.jpg\",\"datePublished\":\"2024-07-27T09:49:46+00:00\",\"dateModified\":\"2024-07-27T09:49:50+00:00\",\"description\":\"\u015eirvan-Salyan Regional T\u0259hsil \u0130dar\u0259sind\u0259n bildirilib ki, yeni m\u0259kt\u0259b tikil\u0259c\u0259k.\",\"breadcrumb\":{\"@id\":\"https:\\\/\\\/www.meydan.tv\\\/az\\\/article\\\/vaxtile-xeyriyyecilerin-saxladigi-mekteb-indi-dagilir\\\/#breadcrumb\"},\"inLanguage\":\"az\",\"potentialAction\":[{\"@type\":\"ReadAction\",\"target\":[\"https:\\\/\\\/www.meydan.tv\\\/az\\\/article\\\/vaxtile-xeyriyyecilerin-saxladigi-mekteb-indi-dagilir\\\/\"]}]},{\"@type\":\"ImageObject\",\"inLanguage\":\"az\",\"@id\":\"https:\\\/\\\/www.meydan.tv\\\/az\\\/article\\\/vaxtile-xeyriyyecilerin-saxladigi-mekteb-indi-dagilir\\\/#primaryimage\",\"url\":\"https:\\\/\\\/www.meydan.tv\\\/wp-content\\\/uploads\\\/whatsapp_image_2024-07-27_at_13.02.38_720.jpg\",\"contentUrl\":\"https:\\\/\\\/www.meydan.tv\\\/wp-content\\\/uploads\\\/whatsapp_image_2024-07-27_at_13.02.38_720.jpg\",\"width\":720,\"height\":540,\"caption\":\"Navah\u0131da m\u0259kt\u0259b. Foto: Meydan TV\"},{\"@type\":\"BreadcrumbList\",\"@id\":\"https:\\\/\\\/www.meydan.tv\\\/az\\\/article\\\/vaxtile-xeyriyyecilerin-saxladigi-mekteb-indi-dagilir\\\/#breadcrumb\",\"itemListElement\":[{\"@type\":\"ListItem\",\"position\":1,\"name\":\"Ana s\u0259hif\u0259\",\"item\":\"https:\\\/\\\/www.meydan.tv\\\/az\\\/\"},{\"@type\":\"ListItem\",\"position\":2,\"name\":\"B\u00f6lg\u0259\",\"item\":\"https:\\\/\\\/www.meydan.tv\\\/az\\\/section\\\/bolge\\\/\"},{\"@type\":\"ListItem\",\"position\":3,\"name\":\"Vaxtil\u0259 xeyriyy\u0259\u00e7il\u0259rin saxlad\u0131\u011f\u0131 m\u0259kt\u0259b indi da\u011f\u0131l\u0131r\"}]},{\"@type\":\"WebSite\",\"@id\":\"https:\\\/\\\/www.meydan.tv\\\/az\\\/#website\",\"url\":\"https:\\\/\\\/www.meydan.tv\\\/az\\\/\",\"name\":\"MEYDAN.TV\",\"description\":\"Meydan TV Az\u0259rbaycan\u0131n media m\u0259kan\u0131ndak\u0131 alternativ s\u0259sidir\",\"publisher\":{\"@id\":\"https:\\\/\\\/www.meydan.tv\\\/az\\\/#organization\"},\"potentialAction\":[{\"@type\":\"SearchAction\",\"target\":{\"@type\":\"EntryPoint\",\"urlTemplate\":\"https:\\\/\\\/www.meydan.tv\\\/az\\\/?s={search_term_string}\"},\"query-input\":{\"@type\":\"PropertyValueSpecification\",\"valueRequired\":true,\"valueName\":\"search_term_string\"}}],\"inLanguage\":\"az\"},{\"@type\":\"Organization\",\"@id\":\"https:\\\/\\\/www.meydan.tv\\\/az\\\/#organization\",\"name\":\"Meydan TV\",\"url\":\"https:\\\/\\\/www.meydan.tv\\\/az\\\/\",\"logo\":{\"@type\":\"ImageObject\",\"inLanguage\":\"az\",\"@id\":\"https:\\\/\\\/www.meydan.tv\\\/az\\\/#\\\/schema\\\/logo\\\/image\\\/\",\"url\":\"https:\\\/\\\/www.meydan.tv\\\/wp-content\\\/uploads\\\/2021\\\/07\\\/meydan-logo.svg\",\"contentUrl\":\"https:\\\/\\\/www.meydan.tv\\\/wp-content\\\/uploads\\\/2021\\\/07\\\/meydan-logo.svg\",\"width\":195,\"height\":46,\"caption\":\"Meydan TV\"},\"image\":{\"@id\":\"https:\\\/\\\/www.meydan.tv\\\/az\\\/#\\\/schema\\\/logo\\\/image\\\/\"}},{\"@type\":\"Person\",\"@id\":\"https:\\\/\\\/www.meydan.tv\\\/az\\\/#\\\/schema\\\/person\\\/09863e516102a829e72bedcf3f84c6b0\",\"name\":\"mahmud\"}]}<\/script>\n<!-- \/ Yoast SEO plugin. -->","yoast_head_json":{"title":"Vaxtil\u0259 xeyriyy\u0259\u00e7il\u0259rin saxlad\u0131\u011f\u0131 m\u0259kt\u0259b indi da\u011f\u0131l\u0131r - MEYDAN.TV","description":"\u015eirvan-Salyan Regional T\u0259hsil \u0130dar\u0259sind\u0259n bildirilib ki, yeni m\u0259kt\u0259b tikil\u0259c\u0259k.","robots":{"index":"index","follow":"follow","max-snippet":"max-snippet:-1","max-image-preview":"max-image-preview:large","max-video-preview":"max-video-preview:-1"},"canonical":"https:\/\/www.meydan.tv\/az\/article\/vaxtile-xeyriyyecilerin-saxladigi-mekteb-indi-dagilir\/","og_locale":"az_AZ","og_type":"article","og_title":"Vaxtil\u0259 xeyriyy\u0259\u00e7il\u0259rin saxlad\u0131\u011f\u0131 m\u0259kt\u0259b indi da\u011f\u0131l\u0131r - MEYDAN.TV","og_description":"\u015eirvan-Salyan Regional T\u0259hsil \u0130dar\u0259sind\u0259n bildirilib ki, yeni m\u0259kt\u0259b tikil\u0259c\u0259k.","og_url":"https:\/\/www.meydan.tv\/az\/article\/vaxtile-xeyriyyecilerin-saxladigi-mekteb-indi-dagilir\/","og_site_name":"MEYDAN.TV","article_published_time":"2024-07-27T09:49:46+00:00","article_modified_time":"2024-07-27T09:49:50+00:00","og_image":[{"width":720,"height":540,"url":"https:\/\/www.meydan.tv\/wp-content\/uploads\/whatsapp_image_2024-07-27_at_13.02.38_720.jpg","type":"image\/jpeg"}],"author":"mahmud","twitter_card":"summary_large_image","schema":{"@context":"https:\/\/schema.org","@graph":[{"@type":"Article","@id":"https:\/\/www.meydan.tv\/az\/article\/vaxtile-xeyriyyecilerin-saxladigi-mekteb-indi-dagilir\/#article","isPartOf":{"@id":"https:\/\/www.meydan.tv\/az\/article\/vaxtile-xeyriyyecilerin-saxladigi-mekteb-indi-dagilir\/"},"author":{"name":"mahmud","@id":"https:\/\/www.meydan.tv\/az\/#\/schema\/person\/09863e516102a829e72bedcf3f84c6b0"},"headline":"Vaxtil\u0259 xeyriyy\u0259\u00e7il\u0259rin saxlad\u0131\u011f\u0131 m\u0259kt\u0259b indi da\u011f\u0131l\u0131r","datePublished":"2024-07-27T09:49:46+00:00","dateModified":"2024-07-27T09:49:50+00:00","mainEntityOfPage":{"@id":"https:\/\/www.meydan.tv\/az\/article\/vaxtile-xeyriyyecilerin-saxladigi-mekteb-indi-dagilir\/"},"wordCount":1131,"publisher":{"@id":"https:\/\/www.meydan.tv\/az\/#organization"},"image":{"@id":"https:\/\/www.meydan.tv\/az\/article\/vaxtile-xeyriyyecilerin-saxladigi-mekteb-indi-dagilir\/#primaryimage"},"thumbnailUrl":"https:\/\/www.meydan.tv\/wp-content\/uploads\/whatsapp_image_2024-07-27_at_13.02.38_720.jpg","articleSection":["B\u00f6lg\u0259","Sosial","T\u00f6vsiy\u0259","X\u0259b\u0259rl\u0259r"],"inLanguage":"az"},{"@type":"WebPage","@id":"https:\/\/www.meydan.tv\/az\/article\/vaxtile-xeyriyyecilerin-saxladigi-mekteb-indi-dagilir\/","url":"https:\/\/www.meydan.tv\/az\/article\/vaxtile-xeyriyyecilerin-saxladigi-mekteb-indi-dagilir\/","name":"Vaxtil\u0259 xeyriyy\u0259\u00e7il\u0259rin saxlad\u0131\u011f\u0131 m\u0259kt\u0259b indi da\u011f\u0131l\u0131r - MEYDAN.TV","isPartOf":{"@id":"https:\/\/www.meydan.tv\/az\/#website"},"primaryImageOfPage":{"@id":"https:\/\/www.meydan.tv\/az\/article\/vaxtile-xeyriyyecilerin-saxladigi-mekteb-indi-dagilir\/#primaryimage"},"image":{"@id":"https:\/\/www.meydan.tv\/az\/article\/vaxtile-xeyriyyecilerin-saxladigi-mekteb-indi-dagilir\/#primaryimage"},"thumbnailUrl":"https:\/\/www.meydan.tv\/wp-content\/uploads\/whatsapp_image_2024-07-27_at_13.02.38_720.jpg","datePublished":"2024-07-27T09:49:46+00:00","dateModified":"2024-07-27T09:49:50+00:00","description":"\u015eirvan-Salyan Regional T\u0259hsil \u0130dar\u0259sind\u0259n bildirilib ki, yeni m\u0259kt\u0259b tikil\u0259c\u0259k.","breadcrumb":{"@id":"https:\/\/www.meydan.tv\/az\/article\/vaxtile-xeyriyyecilerin-saxladigi-mekteb-indi-dagilir\/#breadcrumb"},"inLanguage":"az","potentialAction":[{"@type":"ReadAction","target":["https:\/\/www.meydan.tv\/az\/article\/vaxtile-xeyriyyecilerin-saxladigi-mekteb-indi-dagilir\/"]}]},{"@type":"ImageObject","inLanguage":"az","@id":"https:\/\/www.meydan.tv\/az\/article\/vaxtile-xeyriyyecilerin-saxladigi-mekteb-indi-dagilir\/#primaryimage","url":"https:\/\/www.meydan.tv\/wp-content\/uploads\/whatsapp_image_2024-07-27_at_13.02.38_720.jpg","contentUrl":"https:\/\/www.meydan.tv\/wp-content\/uploads\/whatsapp_image_2024-07-27_at_13.02.38_720.jpg","width":720,"height":540,"caption":"Navah\u0131da m\u0259kt\u0259b. Foto: Meydan TV"},{"@type":"BreadcrumbList","@id":"https:\/\/www.meydan.tv\/az\/article\/vaxtile-xeyriyyecilerin-saxladigi-mekteb-indi-dagilir\/#breadcrumb","itemListElement":[{"@type":"ListItem","position":1,"name":"Ana s\u0259hif\u0259","item":"https:\/\/www.meydan.tv\/az\/"},{"@type":"ListItem","position":2,"name":"B\u00f6lg\u0259","item":"https:\/\/www.meydan.tv\/az\/section\/bolge\/"},{"@type":"ListItem","position":3,"name":"Vaxtil\u0259 xeyriyy\u0259\u00e7il\u0259rin saxlad\u0131\u011f\u0131 m\u0259kt\u0259b indi da\u011f\u0131l\u0131r"}]},{"@type":"WebSite","@id":"https:\/\/www.meydan.tv\/az\/#website","url":"https:\/\/www.meydan.tv\/az\/","name":"MEYDAN.TV","description":"Meydan TV Az\u0259rbaycan\u0131n media m\u0259kan\u0131ndak\u0131 alternativ s\u0259sidir","publisher":{"@id":"https:\/\/www.meydan.tv\/az\/#organization"},"potentialAction":[{"@type":"SearchAction","target":{"@type":"EntryPoint","urlTemplate":"https:\/\/www.meydan.tv\/az\/?s={search_term_string}"},"query-input":{"@type":"PropertyValueSpecification","valueRequired":true,"valueName":"search_term_string"}}],"inLanguage":"az"},{"@type":"Organization","@id":"https:\/\/www.meydan.tv\/az\/#organization","name":"Meydan TV","url":"https:\/\/www.meydan.tv\/az\/","logo":{"@type":"ImageObject","inLanguage":"az","@id":"https:\/\/www.meydan.tv\/az\/#\/schema\/logo\/image\/","url":"https:\/\/www.meydan.tv\/wp-content\/uploads\/2021\/07\/meydan-logo.svg","contentUrl":"https:\/\/www.meydan.tv\/wp-content\/uploads\/2021\/07\/meydan-logo.svg","width":195,"height":46,"caption":"Meydan TV"},"image":{"@id":"https:\/\/www.meydan.tv\/az\/#\/schema\/logo\/image\/"}},{"@type":"Person","@id":"https:\/\/www.meydan.tv\/az\/#\/schema\/person\/09863e516102a829e72bedcf3f84c6b0","name":"mahmud"}]}},"_links":{"self":[{"href":"https:\/\/www.meydan.tv\/az\/wp-json\/wp\/v2\/posts\/311545","targetHints":{"allow":["GET"]}}],"collection":[{"href":"https:\/\/www.meydan.tv\/az\/wp-json\/wp\/v2\/posts"}],"about":[{"href":"https:\/\/www.meydan.tv\/az\/wp-json\/wp\/v2\/types\/post"}],"author":[{"embeddable":true,"href":"https:\/\/www.meydan.tv\/az\/wp-json\/wp\/v2\/users\/21"}],"replies":[{"embeddable":true,"href":"https:\/\/www.meydan.tv\/az\/wp-json\/wp\/v2\/comments?post=311545"}],"version-history":[{"count":1,"href":"https:\/\/www.meydan.tv\/az\/wp-json\/wp\/v2\/posts\/311545\/revisions"}],"predecessor-version":[{"id":311555,"href":"https:\/\/www.meydan.tv\/az\/wp-json\/wp\/v2\/posts\/311545\/revisions\/311555"}],"wp:featuredmedia":[{"embeddable":true,"href":"https:\/\/www.meydan.tv\/az\/wp-json\/wp\/v2\/media\/311552"}],"wp:attachment":[{"href":"https:\/\/www.meydan.tv\/az\/wp-json\/wp\/v2\/media?parent=311545"}],"wp:term":[{"taxonomy":"category","embeddable":true,"href":"https:\/\/www.meydan.tv\/az\/wp-json\/wp\/v2\/categories?post=311545"},{"taxonomy":"post_tag","embeddable":true,"href":"https:\/\/www.meydan.tv\/az\/wp-json\/wp\/v2\/tags?post=311545"}],"curies":[{"name":"wp","href":"https:\/\/api.w.org\/{rel}","templated":true}]}}