{"id":311441,"date":"2024-07-25T18:27:08","date_gmt":"2024-07-25T14:27:08","guid":{"rendered":"https:\/\/www.meydan.tv\/?p=311441"},"modified":"2024-07-25T18:27:10","modified_gmt":"2024-07-25T14:27:10","slug":"rusiyada-vergiden-yayinan-bloger-azerbaycanda-yeni-biznes-fealiyyetine-baslayir","status":"publish","type":"post","link":"https:\/\/www.meydan.tv\/az\/article\/rusiyada-vergiden-yayinan-bloger-azerbaycanda-yeni-biznes-fealiyyetine-baslayir\/","title":{"rendered":"Rusiyada vergid\u0259n yay\u0131nan bloger Az\u0259rbaycanda yeni biznes f\u0259aliyy\u0259tin\u0259 ba\u015flay\u0131r"},"content":{"rendered":"\n<p><\/p>\n\n\n\n<p><em><strong>H\u00fcseyn H\u0259s\u0259nov komp\u00fcter klublar\u0131 \u015f\u0259b\u0259k\u0259si yaradaca\u011f\u0131n\u0131 deyib<\/strong><\/em><\/p>\n\n\n\n<p>Rusiyada vergid\u0259n yay\u0131naraq, \u00f6lk\u0259d\u0259n qa\u00e7d\u0131\u011f\u0131 deyil\u0259n bloger, infobiznesmen H\u00fcseyn H\u0259s\u0259novun Az\u0259rbaycanda yeni biznes f\u0259aliyy\u0259tin\u0259 ba\u015flad\u0131\u011f\u0131 bildirilir.<\/p>\n\n\n\n<p>H\u00fcseyn H\u0259s\u0259nov jurnalistl\u0259r\u0259 a\u00e7\u0131qlamas\u0131nda bu haqda <a href=\"https:\/\/t.me\/flash1news\" target=\"_blank\" rel=\"noreferrer noopener\">m\u0259lumat<\/a> verib.<br><em><br>\u201cBiz art\u0131q tikintiy\u0259 ba\u015flam\u0131\u015f\u0131q. Bu, komp\u00fcter klublar\u0131 \u015f\u0259b\u0259k\u0259si olacaq. Sonra ba\u015fqa bir biznes d\u0259 a\u00e7aca\u011f\u0131q\u201d<\/em>, &#8211; bloger bildirib.<\/p>\n\n\n\n<p>2024-c\u00fc il iyulun 10-da Rusiya \u0130ctimai Palatas\u0131n\u0131n \u00fczv\u00fc, T\u0259hl\u00fck\u0259siz \u0130nternet Liqas\u0131n\u0131n direktoru Yekaterina Mizulina H\u00fcseyn H\u0259s\u0259novun Rusiyada vergid\u0259n yay\u0131nd\u0131\u011f\u0131 \u00fc\u00e7\u00fcn m\u0259suliyy\u0259t\u0259 c\u0259lb olundu\u011fu v\u0259 \u00f6lk\u0259d\u0259n qa\u00e7d\u0131\u011f\u0131n\u0131 bildirmi\u015fdi.<\/p>\n\n\n\n<p>Onun s\u00f6zl\u0259rin\u0259 g\u00f6r\u0259, infobiznesmen\u0259 m\u0259xsus bir s\u0131ra \u015firk\u0259tl\u0259r borca g\u00f6r\u0259 qapad\u0131l\u0131b, \u00f6z\u00fc is\u0259 Rusiyadan qa\u00e7\u0131b.<\/p>\n\n\n\n<p>2024-c\u00fc il iyulun 15-d\u0259 H\u00fcseyn H\u0259s\u0259novun vergil\u0259rl\u0259 ba\u011fl\u0131 prosesl\u0259r\u0259 c\u0259lb oluna bil\u0259c\u0259yi bar\u0259d\u0259 m\u0259lumat yay\u0131l\u0131b.<\/p>\n\n\n\n<p>Moskva Vergi M\u00fcf\u0259tti\u015fliyi m\u00fcvafiq iddia qald\u0131r\u0131b.<\/p>\n\n\n\n<p>H\u00fcseyn H\u0259s\u0259novun Federal Vergi Xidm\u0259tin\u0259 144 milyon rubl m\u0259bl\u0259\u011find\u0259 borcunun y\u0131\u011f\u0131ld\u0131\u011f\u0131 bildirilib.<\/p>\n\n\n\n<p>H\u00fcseyn H\u0259s\u0259nov 1994-c\u00fc ild\u0259 Sankt-Peterburqda do\u011fulub.<\/p>\n\n\n\n<p>O, \u201c\u0130nstagram\u201dda videobloger kimi m\u0259\u015fhurdur. H\u0259m\u00e7inin infobiznesl\u0259 m\u0259\u015f\u011ful olur.<br>\u201cMilyon\u00e7u t\u0259f\u0259kk\u00fcr\u201d v\u0259 bir s\u0131ra onlayn kurs sat\u0131\u015f\u0131 il\u0259 tan\u0131n\u0131r.<\/p>\n","protected":false},"excerpt":{"rendered":"<p>H\u00fcseyn H\u0259s\u0259nov komp\u00fcter klublar\u0131 \u015f\u0259b\u0259k\u0259si yaradaca\u011f\u0131n\u0131 deyib Rusiyada vergid\u0259n yay\u0131naraq, &#8230; <\/p>\n<p class=\"read-more-container\"><a title=\"Rusiyada vergid\u0259n yay\u0131nan bloger Az\u0259rbaycanda yeni biznes f\u0259aliyy\u0259tin\u0259 ba\u015flay\u0131r\" class=\"read-more button\" href=\"https:\/\/www.meydan.tv\/az\/article\/rusiyada-vergiden-yayinan-bloger-azerbaycanda-yeni-biznes-fealiyyetine-baslayir\/#more-311441\" aria-label=\"Read more about Rusiyada vergid\u0259n yay\u0131nan bloger Az\u0259rbaycanda yeni biznes f\u0259aliyy\u0259tin\u0259 ba\u015flay\u0131r\">Davam\u0131<\/a><\/p>\n","protected":false},"author":21,"featured_media":309957,"comment_status":"closed","ping_status":"closed","sticky":false,"template":"","format":"standard","meta":{"_acf_changed":false,"_sitemap_exclude":false,"_sitemap_priority":"","_sitemap_frequency":"","footnotes":""},"categories":[62,56],"tags":[],"class_list":["post-311441","post","type-post","status-publish","format-standard","has-post-thumbnail","hentry","category-sosial","category-xeberler","infinite-scroll-item","generate-columns","tablet-grid-50","mobile-grid-100","grid-parent","grid-33","no-featured-image-padding"],"acf":[],"yoast_head":"<!-- This site is optimized with the Yoast SEO plugin v27.5 - https:\/\/yoast.com\/product\/yoast-seo-wordpress\/ -->\n<title>Rusiyada vergid\u0259n yay\u0131nan bloger Az\u0259rbaycanda yeni biznes f\u0259aliyy\u0259tin\u0259 ba\u015flay\u0131r - MEYDAN.TV<\/title>\n<meta name=\"description\" content=\"Rusiyada vergid\u0259n yay\u0131naraq, \u00f6lk\u0259d\u0259n qa\u00e7d\u0131\u011f\u0131 deyil\u0259n bloger, infobiznesmen H\u00fcseyn H\u0259s\u0259novun Az\u0259rbaycanda yeni biznes f\u0259aliyy\u0259tin\u0259 ba\u015flad\u0131\u011f\u0131 bildirilir.\" \/>\n<meta name=\"robots\" content=\"index, follow, max-snippet:-1, max-image-preview:large, max-video-preview:-1\" \/>\n<link rel=\"canonical\" href=\"https:\/\/www.meydan.tv\/az\/article\/rusiyada-vergiden-yayinan-bloger-azerbaycanda-yeni-biznes-fealiyyetine-baslayir\/\" \/>\n<meta property=\"og:locale\" content=\"az_AZ\" \/>\n<meta property=\"og:type\" content=\"article\" \/>\n<meta property=\"og:title\" content=\"Rusiyada vergid\u0259n yay\u0131nan bloger Az\u0259rbaycanda yeni biznes f\u0259aliyy\u0259tin\u0259 ba\u015flay\u0131r - MEYDAN.TV\" \/>\n<meta property=\"og:description\" content=\"Rusiyada vergid\u0259n yay\u0131naraq, \u00f6lk\u0259d\u0259n qa\u00e7d\u0131\u011f\u0131 deyil\u0259n bloger, infobiznesmen H\u00fcseyn H\u0259s\u0259novun Az\u0259rbaycanda yeni biznes f\u0259aliyy\u0259tin\u0259 ba\u015flad\u0131\u011f\u0131 bildirilir.\" \/>\n<meta property=\"og:url\" content=\"https:\/\/www.meydan.tv\/az\/article\/rusiyada-vergiden-yayinan-bloger-azerbaycanda-yeni-biznes-fealiyyetine-baslayir\/\" \/>\n<meta property=\"og:site_name\" content=\"MEYDAN.TV\" \/>\n<meta property=\"article:published_time\" content=\"2024-07-25T14:27:08+00:00\" \/>\n<meta property=\"article:modified_time\" content=\"2024-07-25T14:27:10+00:00\" \/>\n<meta property=\"og:image\" content=\"https:\/\/www.meydan.tv\/wp-content\/uploads\/huseyn2_720-e1721917599921.png\" \/>\n\t<meta property=\"og:image:width\" content=\"577\" \/>\n\t<meta property=\"og:image:height\" content=\"244\" \/>\n\t<meta property=\"og:image:type\" content=\"image\/png\" \/>\n<meta name=\"author\" content=\"mahmud\" \/>\n<meta name=\"twitter:card\" content=\"summary_large_image\" \/>\n<script type=\"application\/ld+json\" class=\"yoast-schema-graph\">{\"@context\":\"https:\\\/\\\/schema.org\",\"@graph\":[{\"@type\":\"Article\",\"@id\":\"https:\\\/\\\/www.meydan.tv\\\/az\\\/article\\\/rusiyada-vergiden-yayinan-bloger-azerbaycanda-yeni-biznes-fealiyyetine-baslayir\\\/#article\",\"isPartOf\":{\"@id\":\"https:\\\/\\\/www.meydan.tv\\\/az\\\/article\\\/rusiyada-vergiden-yayinan-bloger-azerbaycanda-yeni-biznes-fealiyyetine-baslayir\\\/\"},\"author\":{\"name\":\"mahmud\",\"@id\":\"https:\\\/\\\/www.meydan.tv\\\/az\\\/#\\\/schema\\\/person\\\/09863e516102a829e72bedcf3f84c6b0\"},\"headline\":\"Rusiyada vergid\u0259n yay\u0131nan bloger Az\u0259rbaycanda yeni biznes f\u0259aliyy\u0259tin\u0259 ba\u015flay\u0131r\",\"datePublished\":\"2024-07-25T14:27:08+00:00\",\"dateModified\":\"2024-07-25T14:27:10+00:00\",\"mainEntityOfPage\":{\"@id\":\"https:\\\/\\\/www.meydan.tv\\\/az\\\/article\\\/rusiyada-vergiden-yayinan-bloger-azerbaycanda-yeni-biznes-fealiyyetine-baslayir\\\/\"},\"wordCount\":274,\"publisher\":{\"@id\":\"https:\\\/\\\/www.meydan.tv\\\/az\\\/#organization\"},\"image\":{\"@id\":\"https:\\\/\\\/www.meydan.tv\\\/az\\\/article\\\/rusiyada-vergiden-yayinan-bloger-azerbaycanda-yeni-biznes-fealiyyetine-baslayir\\\/#primaryimage\"},\"thumbnailUrl\":\"https:\\\/\\\/www.meydan.tv\\\/wp-content\\\/uploads\\\/huseyn2_720-e1721917599921.png\",\"articleSection\":[\"Sosial\",\"X\u0259b\u0259rl\u0259r\"],\"inLanguage\":\"az\"},{\"@type\":\"WebPage\",\"@id\":\"https:\\\/\\\/www.meydan.tv\\\/az\\\/article\\\/rusiyada-vergiden-yayinan-bloger-azerbaycanda-yeni-biznes-fealiyyetine-baslayir\\\/\",\"url\":\"https:\\\/\\\/www.meydan.tv\\\/az\\\/article\\\/rusiyada-vergiden-yayinan-bloger-azerbaycanda-yeni-biznes-fealiyyetine-baslayir\\\/\",\"name\":\"Rusiyada vergid\u0259n yay\u0131nan bloger Az\u0259rbaycanda yeni biznes f\u0259aliyy\u0259tin\u0259 ba\u015flay\u0131r - MEYDAN.TV\",\"isPartOf\":{\"@id\":\"https:\\\/\\\/www.meydan.tv\\\/az\\\/#website\"},\"primaryImageOfPage\":{\"@id\":\"https:\\\/\\\/www.meydan.tv\\\/az\\\/article\\\/rusiyada-vergiden-yayinan-bloger-azerbaycanda-yeni-biznes-fealiyyetine-baslayir\\\/#primaryimage\"},\"image\":{\"@id\":\"https:\\\/\\\/www.meydan.tv\\\/az\\\/article\\\/rusiyada-vergiden-yayinan-bloger-azerbaycanda-yeni-biznes-fealiyyetine-baslayir\\\/#primaryimage\"},\"thumbnailUrl\":\"https:\\\/\\\/www.meydan.tv\\\/wp-content\\\/uploads\\\/huseyn2_720-e1721917599921.png\",\"datePublished\":\"2024-07-25T14:27:08+00:00\",\"dateModified\":\"2024-07-25T14:27:10+00:00\",\"description\":\"Rusiyada vergid\u0259n yay\u0131naraq, \u00f6lk\u0259d\u0259n qa\u00e7d\u0131\u011f\u0131 deyil\u0259n bloger, infobiznesmen H\u00fcseyn H\u0259s\u0259novun Az\u0259rbaycanda yeni biznes f\u0259aliyy\u0259tin\u0259 ba\u015flad\u0131\u011f\u0131 bildirilir.\",\"breadcrumb\":{\"@id\":\"https:\\\/\\\/www.meydan.tv\\\/az\\\/article\\\/rusiyada-vergiden-yayinan-bloger-azerbaycanda-yeni-biznes-fealiyyetine-baslayir\\\/#breadcrumb\"},\"inLanguage\":\"az\",\"potentialAction\":[{\"@type\":\"ReadAction\",\"target\":[\"https:\\\/\\\/www.meydan.tv\\\/az\\\/article\\\/rusiyada-vergiden-yayinan-bloger-azerbaycanda-yeni-biznes-fealiyyetine-baslayir\\\/\"]}]},{\"@type\":\"ImageObject\",\"inLanguage\":\"az\",\"@id\":\"https:\\\/\\\/www.meydan.tv\\\/az\\\/article\\\/rusiyada-vergiden-yayinan-bloger-azerbaycanda-yeni-biznes-fealiyyetine-baslayir\\\/#primaryimage\",\"url\":\"https:\\\/\\\/www.meydan.tv\\\/wp-content\\\/uploads\\\/huseyn2_720-e1721917599921.png\",\"contentUrl\":\"https:\\\/\\\/www.meydan.tv\\\/wp-content\\\/uploads\\\/huseyn2_720-e1721917599921.png\",\"width\":577,\"height\":244,\"caption\":\"H\u00fcseyn H\u0259s\u0259nov. Foto: \u015e\u0259xsi \u0130nstagram s\u0259hif\u0259si\"},{\"@type\":\"BreadcrumbList\",\"@id\":\"https:\\\/\\\/www.meydan.tv\\\/az\\\/article\\\/rusiyada-vergiden-yayinan-bloger-azerbaycanda-yeni-biznes-fealiyyetine-baslayir\\\/#breadcrumb\",\"itemListElement\":[{\"@type\":\"ListItem\",\"position\":1,\"name\":\"Ana s\u0259hif\u0259\",\"item\":\"https:\\\/\\\/www.meydan.tv\\\/az\\\/\"},{\"@type\":\"ListItem\",\"position\":2,\"name\":\"X\u0259b\u0259rl\u0259r\",\"item\":\"https:\\\/\\\/www.meydan.tv\\\/az\\\/section\\\/xeberler\\\/\"},{\"@type\":\"ListItem\",\"position\":3,\"name\":\"Rusiyada vergid\u0259n yay\u0131nan bloger Az\u0259rbaycanda yeni biznes f\u0259aliyy\u0259tin\u0259 ba\u015flay\u0131r\"}]},{\"@type\":\"WebSite\",\"@id\":\"https:\\\/\\\/www.meydan.tv\\\/az\\\/#website\",\"url\":\"https:\\\/\\\/www.meydan.tv\\\/az\\\/\",\"name\":\"MEYDAN.TV\",\"description\":\"Meydan TV Az\u0259rbaycan\u0131n media m\u0259kan\u0131ndak\u0131 alternativ s\u0259sidir\",\"publisher\":{\"@id\":\"https:\\\/\\\/www.meydan.tv\\\/az\\\/#organization\"},\"potentialAction\":[{\"@type\":\"SearchAction\",\"target\":{\"@type\":\"EntryPoint\",\"urlTemplate\":\"https:\\\/\\\/www.meydan.tv\\\/az\\\/?s={search_term_string}\"},\"query-input\":{\"@type\":\"PropertyValueSpecification\",\"valueRequired\":true,\"valueName\":\"search_term_string\"}}],\"inLanguage\":\"az\"},{\"@type\":\"Organization\",\"@id\":\"https:\\\/\\\/www.meydan.tv\\\/az\\\/#organization\",\"name\":\"Meydan TV\",\"url\":\"https:\\\/\\\/www.meydan.tv\\\/az\\\/\",\"logo\":{\"@type\":\"ImageObject\",\"inLanguage\":\"az\",\"@id\":\"https:\\\/\\\/www.meydan.tv\\\/az\\\/#\\\/schema\\\/logo\\\/image\\\/\",\"url\":\"https:\\\/\\\/www.meydan.tv\\\/wp-content\\\/uploads\\\/2021\\\/07\\\/meydan-logo.svg\",\"contentUrl\":\"https:\\\/\\\/www.meydan.tv\\\/wp-content\\\/uploads\\\/2021\\\/07\\\/meydan-logo.svg\",\"width\":195,\"height\":46,\"caption\":\"Meydan TV\"},\"image\":{\"@id\":\"https:\\\/\\\/www.meydan.tv\\\/az\\\/#\\\/schema\\\/logo\\\/image\\\/\"}},{\"@type\":\"Person\",\"@id\":\"https:\\\/\\\/www.meydan.tv\\\/az\\\/#\\\/schema\\\/person\\\/09863e516102a829e72bedcf3f84c6b0\",\"name\":\"mahmud\"}]}<\/script>\n<!-- \/ Yoast SEO plugin. -->","yoast_head_json":{"title":"Rusiyada vergid\u0259n yay\u0131nan bloger Az\u0259rbaycanda yeni biznes f\u0259aliyy\u0259tin\u0259 ba\u015flay\u0131r - MEYDAN.TV","description":"Rusiyada vergid\u0259n yay\u0131naraq, \u00f6lk\u0259d\u0259n qa\u00e7d\u0131\u011f\u0131 deyil\u0259n bloger, infobiznesmen H\u00fcseyn H\u0259s\u0259novun Az\u0259rbaycanda yeni biznes f\u0259aliyy\u0259tin\u0259 ba\u015flad\u0131\u011f\u0131 bildirilir.","robots":{"index":"index","follow":"follow","max-snippet":"max-snippet:-1","max-image-preview":"max-image-preview:large","max-video-preview":"max-video-preview:-1"},"canonical":"https:\/\/www.meydan.tv\/az\/article\/rusiyada-vergiden-yayinan-bloger-azerbaycanda-yeni-biznes-fealiyyetine-baslayir\/","og_locale":"az_AZ","og_type":"article","og_title":"Rusiyada vergid\u0259n yay\u0131nan bloger Az\u0259rbaycanda yeni biznes f\u0259aliyy\u0259tin\u0259 ba\u015flay\u0131r - MEYDAN.TV","og_description":"Rusiyada vergid\u0259n yay\u0131naraq, \u00f6lk\u0259d\u0259n qa\u00e7d\u0131\u011f\u0131 deyil\u0259n bloger, infobiznesmen H\u00fcseyn H\u0259s\u0259novun Az\u0259rbaycanda yeni biznes f\u0259aliyy\u0259tin\u0259 ba\u015flad\u0131\u011f\u0131 bildirilir.","og_url":"https:\/\/www.meydan.tv\/az\/article\/rusiyada-vergiden-yayinan-bloger-azerbaycanda-yeni-biznes-fealiyyetine-baslayir\/","og_site_name":"MEYDAN.TV","article_published_time":"2024-07-25T14:27:08+00:00","article_modified_time":"2024-07-25T14:27:10+00:00","og_image":[{"width":577,"height":244,"url":"https:\/\/www.meydan.tv\/wp-content\/uploads\/huseyn2_720-e1721917599921.png","type":"image\/png"}],"author":"mahmud","twitter_card":"summary_large_image","schema":{"@context":"https:\/\/schema.org","@graph":[{"@type":"Article","@id":"https:\/\/www.meydan.tv\/az\/article\/rusiyada-vergiden-yayinan-bloger-azerbaycanda-yeni-biznes-fealiyyetine-baslayir\/#article","isPartOf":{"@id":"https:\/\/www.meydan.tv\/az\/article\/rusiyada-vergiden-yayinan-bloger-azerbaycanda-yeni-biznes-fealiyyetine-baslayir\/"},"author":{"name":"mahmud","@id":"https:\/\/www.meydan.tv\/az\/#\/schema\/person\/09863e516102a829e72bedcf3f84c6b0"},"headline":"Rusiyada vergid\u0259n yay\u0131nan bloger Az\u0259rbaycanda yeni biznes f\u0259aliyy\u0259tin\u0259 ba\u015flay\u0131r","datePublished":"2024-07-25T14:27:08+00:00","dateModified":"2024-07-25T14:27:10+00:00","mainEntityOfPage":{"@id":"https:\/\/www.meydan.tv\/az\/article\/rusiyada-vergiden-yayinan-bloger-azerbaycanda-yeni-biznes-fealiyyetine-baslayir\/"},"wordCount":274,"publisher":{"@id":"https:\/\/www.meydan.tv\/az\/#organization"},"image":{"@id":"https:\/\/www.meydan.tv\/az\/article\/rusiyada-vergiden-yayinan-bloger-azerbaycanda-yeni-biznes-fealiyyetine-baslayir\/#primaryimage"},"thumbnailUrl":"https:\/\/www.meydan.tv\/wp-content\/uploads\/huseyn2_720-e1721917599921.png","articleSection":["Sosial","X\u0259b\u0259rl\u0259r"],"inLanguage":"az"},{"@type":"WebPage","@id":"https:\/\/www.meydan.tv\/az\/article\/rusiyada-vergiden-yayinan-bloger-azerbaycanda-yeni-biznes-fealiyyetine-baslayir\/","url":"https:\/\/www.meydan.tv\/az\/article\/rusiyada-vergiden-yayinan-bloger-azerbaycanda-yeni-biznes-fealiyyetine-baslayir\/","name":"Rusiyada vergid\u0259n yay\u0131nan bloger Az\u0259rbaycanda yeni biznes f\u0259aliyy\u0259tin\u0259 ba\u015flay\u0131r - MEYDAN.TV","isPartOf":{"@id":"https:\/\/www.meydan.tv\/az\/#website"},"primaryImageOfPage":{"@id":"https:\/\/www.meydan.tv\/az\/article\/rusiyada-vergiden-yayinan-bloger-azerbaycanda-yeni-biznes-fealiyyetine-baslayir\/#primaryimage"},"image":{"@id":"https:\/\/www.meydan.tv\/az\/article\/rusiyada-vergiden-yayinan-bloger-azerbaycanda-yeni-biznes-fealiyyetine-baslayir\/#primaryimage"},"thumbnailUrl":"https:\/\/www.meydan.tv\/wp-content\/uploads\/huseyn2_720-e1721917599921.png","datePublished":"2024-07-25T14:27:08+00:00","dateModified":"2024-07-25T14:27:10+00:00","description":"Rusiyada vergid\u0259n yay\u0131naraq, \u00f6lk\u0259d\u0259n qa\u00e7d\u0131\u011f\u0131 deyil\u0259n bloger, infobiznesmen H\u00fcseyn H\u0259s\u0259novun Az\u0259rbaycanda yeni biznes f\u0259aliyy\u0259tin\u0259 ba\u015flad\u0131\u011f\u0131 bildirilir.","breadcrumb":{"@id":"https:\/\/www.meydan.tv\/az\/article\/rusiyada-vergiden-yayinan-bloger-azerbaycanda-yeni-biznes-fealiyyetine-baslayir\/#breadcrumb"},"inLanguage":"az","potentialAction":[{"@type":"ReadAction","target":["https:\/\/www.meydan.tv\/az\/article\/rusiyada-vergiden-yayinan-bloger-azerbaycanda-yeni-biznes-fealiyyetine-baslayir\/"]}]},{"@type":"ImageObject","inLanguage":"az","@id":"https:\/\/www.meydan.tv\/az\/article\/rusiyada-vergiden-yayinan-bloger-azerbaycanda-yeni-biznes-fealiyyetine-baslayir\/#primaryimage","url":"https:\/\/www.meydan.tv\/wp-content\/uploads\/huseyn2_720-e1721917599921.png","contentUrl":"https:\/\/www.meydan.tv\/wp-content\/uploads\/huseyn2_720-e1721917599921.png","width":577,"height":244,"caption":"H\u00fcseyn H\u0259s\u0259nov. Foto: \u015e\u0259xsi \u0130nstagram s\u0259hif\u0259si"},{"@type":"BreadcrumbList","@id":"https:\/\/www.meydan.tv\/az\/article\/rusiyada-vergiden-yayinan-bloger-azerbaycanda-yeni-biznes-fealiyyetine-baslayir\/#breadcrumb","itemListElement":[{"@type":"ListItem","position":1,"name":"Ana s\u0259hif\u0259","item":"https:\/\/www.meydan.tv\/az\/"},{"@type":"ListItem","position":2,"name":"X\u0259b\u0259rl\u0259r","item":"https:\/\/www.meydan.tv\/az\/section\/xeberler\/"},{"@type":"ListItem","position":3,"name":"Rusiyada vergid\u0259n yay\u0131nan bloger Az\u0259rbaycanda yeni biznes f\u0259aliyy\u0259tin\u0259 ba\u015flay\u0131r"}]},{"@type":"WebSite","@id":"https:\/\/www.meydan.tv\/az\/#website","url":"https:\/\/www.meydan.tv\/az\/","name":"MEYDAN.TV","description":"Meydan TV Az\u0259rbaycan\u0131n media m\u0259kan\u0131ndak\u0131 alternativ s\u0259sidir","publisher":{"@id":"https:\/\/www.meydan.tv\/az\/#organization"},"potentialAction":[{"@type":"SearchAction","target":{"@type":"EntryPoint","urlTemplate":"https:\/\/www.meydan.tv\/az\/?s={search_term_string}"},"query-input":{"@type":"PropertyValueSpecification","valueRequired":true,"valueName":"search_term_string"}}],"inLanguage":"az"},{"@type":"Organization","@id":"https:\/\/www.meydan.tv\/az\/#organization","name":"Meydan TV","url":"https:\/\/www.meydan.tv\/az\/","logo":{"@type":"ImageObject","inLanguage":"az","@id":"https:\/\/www.meydan.tv\/az\/#\/schema\/logo\/image\/","url":"https:\/\/www.meydan.tv\/wp-content\/uploads\/2021\/07\/meydan-logo.svg","contentUrl":"https:\/\/www.meydan.tv\/wp-content\/uploads\/2021\/07\/meydan-logo.svg","width":195,"height":46,"caption":"Meydan TV"},"image":{"@id":"https:\/\/www.meydan.tv\/az\/#\/schema\/logo\/image\/"}},{"@type":"Person","@id":"https:\/\/www.meydan.tv\/az\/#\/schema\/person\/09863e516102a829e72bedcf3f84c6b0","name":"mahmud"}]}},"_links":{"self":[{"href":"https:\/\/www.meydan.tv\/az\/wp-json\/wp\/v2\/posts\/311441","targetHints":{"allow":["GET"]}}],"collection":[{"href":"https:\/\/www.meydan.tv\/az\/wp-json\/wp\/v2\/posts"}],"about":[{"href":"https:\/\/www.meydan.tv\/az\/wp-json\/wp\/v2\/types\/post"}],"author":[{"embeddable":true,"href":"https:\/\/www.meydan.tv\/az\/wp-json\/wp\/v2\/users\/21"}],"replies":[{"embeddable":true,"href":"https:\/\/www.meydan.tv\/az\/wp-json\/wp\/v2\/comments?post=311441"}],"version-history":[{"count":1,"href":"https:\/\/www.meydan.tv\/az\/wp-json\/wp\/v2\/posts\/311441\/revisions"}],"predecessor-version":[{"id":311442,"href":"https:\/\/www.meydan.tv\/az\/wp-json\/wp\/v2\/posts\/311441\/revisions\/311442"}],"wp:featuredmedia":[{"embeddable":true,"href":"https:\/\/www.meydan.tv\/az\/wp-json\/wp\/v2\/media\/309957"}],"wp:attachment":[{"href":"https:\/\/www.meydan.tv\/az\/wp-json\/wp\/v2\/media?parent=311441"}],"wp:term":[{"taxonomy":"category","embeddable":true,"href":"https:\/\/www.meydan.tv\/az\/wp-json\/wp\/v2\/categories?post=311441"},{"taxonomy":"post_tag","embeddable":true,"href":"https:\/\/www.meydan.tv\/az\/wp-json\/wp\/v2\/tags?post=311441"}],"curies":[{"name":"wp","href":"https:\/\/api.w.org\/{rel}","templated":true}]}}