{"id":311398,"date":"2024-07-25T16:06:17","date_gmt":"2024-07-25T12:06:17","guid":{"rendered":"https:\/\/www.meydan.tv\/?p=311398"},"modified":"2024-07-25T18:58:06","modified_gmt":"2024-07-25T14:58:06","slug":"etirazla-qarsilanan-netanyahu-konqrese-israilin-mubarizesi-sizin-mubarizenizdir-deyib","status":"publish","type":"post","link":"https:\/\/www.meydan.tv\/az\/article\/etirazla-qarsilanan-netanyahu-konqrese-israilin-mubarizesi-sizin-mubarizenizdir-deyib\/","title":{"rendered":"Etirazla qar\u015f\u0131lanan Netanyahu Konqres\u0259 \u201c\u0130srailin m\u00fcbariz\u0259si sizin m\u00fcbariz\u0259nizdir&#8221; deyib"},"content":{"rendered":"\n<figure class=\"wp-block-embed is-type-video is-provider-youtube wp-block-embed-youtube wp-embed-aspect-16-9 wp-has-aspect-ratio\"><div class=\"wp-block-embed__wrapper\">\n<iframe title=\"\u0130srailin Ba\u015f naziri AB\u015e-da etirazla qar\u015f\u0131lan\u0131b\" width=\"1200\" height=\"675\" data-src=\"https:\/\/www.youtube.com\/embed\/8ArQCGfLhys?feature=oembed\" frameborder=\"0\" allow=\"accelerometer; autoplay; clipboard-write; encrypted-media; gyroscope; picture-in-picture; web-share\" referrerpolicy=\"strict-origin-when-cross-origin\" allowfullscreen src=\"data:image\/svg+xml;base64,PHN2ZyB3aWR0aD0iMSIgaGVpZ2h0PSIxIiB4bWxucz0iaHR0cDovL3d3dy53My5vcmcvMjAwMC9zdmciPjwvc3ZnPg==\" class=\"lazyload\" data-load-mode=\"1\"><\/iframe>\n<\/div><\/figure>\n\n\n\n<!--more-->\n\n\n\n<p><strong><em>&#8220;F\u0259l\u0259stini azad et&#8221;, &#8220;Q\u0259zzan\u0131 bombalama\u011f\u0131 dayand\u0131r&#8221;, &#8220;Netanyahu, gizl\u0259n\u0259 bilm\u0259zs\u0259n&#8221;\u2026<\/em><\/strong><\/p>\n\n\n\n<p>\u0130srailin Ba\u015f naziri Benyamin Netanyahu Amerika s\u0259f\u0259ri zaman\u0131 AB\u015e konqresind\u0259 \u00e7\u0131x\u0131\u015f edib.<br>N\u00fcmay\u0259nd\u0259l\u0259r Palatas\u0131ndak\u0131 alovlu nitqind\u0259 Netanyahu doqquz ayd\u0131r davam ed\u0259n m\u00fcharib\u0259d\u0259 \u201ctam q\u0259l\u0259b\u0259y\u0259\u201d \u00e7a\u011f\u0131r\u0131b.<\/p>\n\n\n\n<p>B\u0259zil\u0259ri at\u0259\u015fk\u0259s istiqam\u0259tind\u0259 ir\u0259lil\u0259yi\u015fin olaca\u011f\u0131n\u0131 v\u0259 H\u018fMAS-\u0131n girov g\u00f6t\u00fcrd\u00fcy\u00fc adamlar\u0131n dan\u0131\u015f\u0131qlar yolu il\u0259 geri qaytar\u0131lmas\u0131 istiqam\u0259tind\u0259 i\u015fl\u0259rin apar\u0131laca\u011f\u0131na inansa da, Netanyahunun \u00e7\u0131x\u0131\u015f\u0131 bu \u00fcmidl\u0259ri pu\u00e7 edib.<\/p>\n\n\n\n<p><em>\u201cBiz t\u0259kc\u0259 \u00f6z\u00fcm\u00fcz\u00fc qorumuruq. Biz sizi qoruyuruq&#8230; D\u00fc\u015fm\u0259nl\u0259rimiz sizin d\u00fc\u015fm\u0259ninizdir, bizim m\u00fcbariz\u0259miz sizin m\u00fcbariz\u0259nizdir v\u0259 bizim q\u0259l\u0259b\u0259miz sizin q\u0259l\u0259b\u0259niz olacaq\u201d,<\/em>&#8211; dey\u0259 Netanyahu \u00e7\u0131x\u0131\u015f\u0131nda bildirib.<\/p>\n\n\n\n<p>N\u00fcmay\u0259nd\u0259l\u0259r Palatas\u0131n\u0131n v\u0259 Senat\u0131n Respublika\u00e7\u0131lar Partiyas\u0131ndan olan \u00fczvl\u0259ri \u0130srailin Ba\u015f nazirini alq\u0131\u015flamaq \u00fc\u00e7\u00fcn aya\u011fa qalx\u0131blar.<\/p>\n\n\n\n<p>Konqresd\u0259 Netanyahuya etiraz ed\u0259n yegan\u0259 \u015f\u0259xs Rashida Tlaib olub. Demokrat v\u0259 \u0130srailin Q\u0259zzadak\u0131 m\u00fcharib\u0259sinin a\u00e7\u0131q-a\u015fkar \u0259leyhdar\u0131 olan Mi\u00e7iqan n\u00fcmay\u0259nd\u0259si Ra\u015fida Tlaib, Netanyahu dan\u0131\u015fark\u0259n &#8220;m\u00fcharib\u0259 cinay\u0259tkar\u0131&#8221; dey\u0259n bir i\u015far\u0259 qald\u0131r\u0131b. O, h\u0259m\u00e7inin F\u0259l\u0259stin bayra\u011f\u0131 sanca\u011f\u0131 v\u0259 yar\u0131m \u0259srd\u0259n \u00e7ox F\u0259l\u0259stin m\u00fcbariz\u0259si il\u0259 \u0259laq\u0259li olan a\u011f-qara \u015f\u0259rf tax\u0131b.<\/p>\n\n\n\n<p>Konqresin onlarla demokrat \u00fczv\u00fc, o c\u00fcml\u0259d\u0259n N\u00fcmay\u0259nd\u0259l\u0259r Palatas\u0131n\u0131n ke\u00e7mi\u015f spikeri Nensi Pelosi, \u0130srailin Q\u0259zzada t\u0259xmin\u0259n 39 min m\u00fclki f\u0259l\u0259stinlinin \u00f6l\u00fcm\u00fcn\u0259 s\u0259b\u0259b olan m\u00fcharib\u0259ni nec\u0259 t\u0259qib etdiyin\u0259 dair humanitar narahatl\u0131qlara g\u00f6r\u0259 \u00e7\u0131x\u0131\u015f\u0131 boykot ed\u0259c\u0259kl\u0259rini s\u00f6yl\u0259yib. &#8220;Axios&#8221; b\u00fct\u00fcn demokrat mill\u0259t v\u0259kill\u0259rinin t\u0259xmin\u0259n yar\u0131s\u0131n\u0131n birg\u0259 iclasda i\u015ftirak etm\u0259diyini bildirib.<\/p>\n\n\n\n<p><em>&#8220;Benyamin Netanyahunun bu g\u00fcn N\u00fcmay\u0259nd\u0259l\u0259r Palatas\u0131ndak\u0131 t\u0259qdimat\u0131, AB\u015e Konqresind\u0259 \u00e7\u0131x\u0131\u015f etm\u0259k imtiyaz\u0131na layiq g\u00f6r\u00fcl\u0259n v\u0259 d\u0259v\u0259t edil\u0259n h\u0259r hans\u0131 xarici d\u00f6vl\u0259t adam\u0131 aras\u0131nda \u0259n pis t\u0259qdimat idi&#8221;,<\/em>&#8211; dey\u0259 Pelosi X hesab\u0131nda yaz\u0131b.<\/p>\n\n\n\n<p>Pelosi, bu g\u00fcn at\u0259\u015fk\u0259s raz\u0131la\u015fmas\u0131na \u00e7a\u011f\u0131ran girovlar\u0131n ail\u0259 \u00fczvl\u0259ri il\u0259 vaxt ke\u00e7irdiyini deyib:<\/p>\n\n\n\n<p><em>&#8220;Ail\u0259l\u0259r girovlar\u0131 evl\u0259rin\u0259 qaytaracaq at\u0259\u015fk\u0259s sazi\u015fi t\u0259l\u0259b edir v\u0259 \u00fcmid edirik ki, Ba\u015f nazir vaxt\u0131n\u0131 bu m\u0259qs\u0259d\u0259 \u00e7atma\u011fa s\u0259rf ed\u0259c\u0259k&#8221;.<\/em><\/p>\n\n\n\n<p>\u00c7\u0131x\u0131\u015f\u0131 boykot ed\u0259n Bernie Sanders, <em>&#8220;Amerika tarixind\u0259 ilk d\u0259f\u0259 m\u00fcharib\u0259 cinay\u0259tkar\u0131na bu \u015f\u0259r\u0259fin verildiyini&#8221;<\/em> s\u00f6yl\u0259yib.<\/p>\n\n\n\n<p>AB\u015e-nin tan\u0131mad\u0131\u011f\u0131 Beyn\u0259lxalq Cinay\u0259t M\u0259hk\u0259m\u0259si Netanyahunun (h\u0259m\u00e7inin dig\u0259r \u0130srail r\u0259smil\u0259ri v\u0259 H\u018fMAS-\u0131n y\u00fcks\u0259k r\u00fctb\u0259li liderl\u0259rini) m\u00fcharib\u0259 cinay\u0259tl\u0259ri v\u0259 insanl\u0131\u011fa qar\u015f\u0131 cinay\u0259tl\u0259r t\u00f6r\u0259tdiyin\u0259 g\u00f6r\u0259 h\u0259bsin\u0259 order verilm\u0259si il\u0259 ba\u011fl\u0131 prokurorun m\u00fcraci\u0259tin\u0259 bax\u0131r.<\/p>\n\n\n\n<p>Netanyahu H\u018fMAS il\u0259 at\u0259\u015fk\u0259sl\u0259 ba\u011fl\u0131 dan\u0131\u015f\u0131qlara dair yeni fikirl\u0259r t\u0259qdim etm\u0259yib, yaln\u0131z girovlar\u0131n azad edilm\u0259si \u00fc\u00e7\u00fcn <em>&#8220;biz f\u0259al \u015f\u0259kild\u0259 intensiv s\u0259yl\u0259r g\u00f6st\u0259ririk&#8221;<\/em> deyib v\u0259 \u0259lav\u0259 edib ki, <em>&#8220;bu s\u0259yl\u0259rd\u0259n b\u0259zil\u0259ri haz\u0131rda davam edir&#8221;<\/em>.<\/p>\n\n\n<div class=\"wp-block-image\">\n<figure class=\"aligncenter size-full\"><img decoding=\"async\" width=\"1200\" height=\"798\" data-src=\"https:\/\/www.meydan.tv\/wp-content\/uploads\/https___cloudfront-us-east-2.images.arcpublishing.com_reuters_x4at6dkcuzidzpdkrt5xcmceiq.jpg\" alt=\"\" class=\"wp-image-302924 lazyload\" src=\"data:image\/svg+xml;base64,PHN2ZyB3aWR0aD0iMSIgaGVpZ2h0PSIxIiB4bWxucz0iaHR0cDovL3d3dy53My5vcmcvMjAwMC9zdmciPjwvc3ZnPg==\" style=\"--smush-placeholder-width: 1200px; --smush-placeholder-aspect-ratio: 1200\/798;\" \/><figcaption class=\"wp-element-caption\">Bayden v\u0259 Netanyahu. Foto: Reuters<\/figcaption><\/figure>\n<\/div>\n\n\n<p>Netanyahunun c\u00fcm\u0259 ax\u015fam\u0131 A\u011f Evd\u0259 Baydenl\u0259 g\u00f6r\u00fc\u015f\u00fc planla\u015fd\u0131r\u0131l\u0131r. Bayden administrasiyas\u0131n\u0131n y\u00fcks\u0259k r\u00fctb\u0259li r\u0259smisi ikisinin at\u0259\u015fk\u0259s raz\u0131la\u015fmas\u0131n\u0131 m\u00fczakir\u0259 ed\u0259c\u0259kl\u0259rini deyib v\u0259 \u0259lav\u0259 edib ki, \u0130srail v\u0259 H\u018fMAS aras\u0131nda \u00e7\u0259r\u00e7iv\u0259 var, lakin <em>\u201ch\u0259l\u0259 h\u0259ll edilm\u0259li olan b\u0259zi \u00e7ox ciddi icra m\u0259s\u0259l\u0259l\u0259ri\u201d<\/em> olaraq qal\u0131r.<\/p>\n\n\n\n<p>&#8220;<em>M\u0259n g\u00f6r\u00fc\u015f\u00fcn b\u0259li v\u0259 ya xeyr olaca\u011f\u0131n\u0131 g\u00f6zl\u0259mir\u0259m&#8221; <\/em>, &#8211; o deyib.<\/p>\n\n\n\n<p><em>\u201cBir n\u00f6v, bu son bo\u015fluqlar\u0131 nec\u0259 ba\u011flayaq? \u0130srail t\u0259r\u0259fd\u0259n biz\u0259 laz\u0131m olan b\u0259zi \u015feyl\u0259r var, \u015f\u00fcbh\u0259 yoxdur. Ancaq b\u0259zi \u0259sas \u015feyl\u0259r d\u0259 var ki, onlar yaln\u0131z H\u018fMAS-\u0131n \u0259lind\u0259dir\u201d.<\/em><\/p>\n\n\n\n<p>Netanyahu h\u0259m\u00e7inin \u0130srailin m\u00fcnaqi\u015f\u0259 sona \u00e7atd\u0131qdan sonra Q\u0259zzan\u0131 \u201ck\u00f6\u00e7\u00fcrm\u0259y\u0259\u201d \u00e7al\u0131\u015faca\u011f\u0131n\u0131 inkar edib, lakin \u0259razinin \u201cdemilitarizasiyas\u0131n\u0131 v\u0259 deradikalizasiyas\u0131n\u0131\u201d t\u0259l\u0259b ed\u0259r\u0259k, bunu <em>\u201cQ\u0259zza \u00fc\u00e7\u00fcn bax\u0131\u015f\u0131\u201d<\/em> adland\u0131r\u0131b.<\/p>\n\n\n\n<p>Netanyahu, h\u0259m\u00e7inin m\u00fcharib\u0259 \u0259leyhin\u0259 kollec etiraz\u00e7\u0131lar\u0131n\u0131 \u201c\u0130ran\u0131n faydal\u0131 axmaqlar\u0131\u201d adland\u0131r\u0131b, respublika\u00e7\u0131lara yalvararaq m\u00fcharib\u0259ni t\u0259nqid ed\u0259nl\u0259r\u0259 qar\u015f\u0131 t\u0259xribat\u00e7\u0131 mesajlar verib.<\/p>\n\n\n<div class=\"wp-block-image\">\n<figure class=\"aligncenter size-full\"><img decoding=\"async\" width=\"1200\" height=\"800\" data-src=\"https:\/\/www.meydan.tv\/wp-content\/uploads\/https___cloudfront-us-east-2.images.arcpublishing.com_reuters_z5pw3vd5gvi4dlxrlibnavdjt4.jpg\" alt=\"\" class=\"wp-image-311402 lazyload\" src=\"data:image\/svg+xml;base64,PHN2ZyB3aWR0aD0iMSIgaGVpZ2h0PSIxIiB4bWxucz0iaHR0cDovL3d3dy53My5vcmcvMjAwMC9zdmciPjwvc3ZnPg==\" style=\"--smush-placeholder-width: 1200px; --smush-placeholder-aspect-ratio: 1200\/800;\" \/><figcaption class=\"wp-element-caption\">Foto: Reuters<\/figcaption><\/figure>\n<\/div>\n\n\n<p>&#8220;<em>Bir \u00e7ox anti-\u0130srail etiraz\u00e7\u0131s\u0131 \u015f\u0259rin yan\u0131nda dayanma\u011f\u0131 se\u00e7ir&#8221;, &#8211;<\/em> Netanyahu deyib. <em>\u201c\u00c7oxu H\u018fMAS-\u0131n yan\u0131ndad\u0131r\u201d.<\/em><\/p>\n\n\n\n<p>&#8220;F\u0259l\u0259stini azad et&#8221;, &#8220;Q\u0259zzan\u0131 bombalama\u011f\u0131 dayand\u0131r&#8221; v\u0259 &#8220;Netanyahu, gizl\u0259n\u0259 bilm\u0259zs\u0259n&#8221; \u015f\u00fcarlar\u0131 s\u0259sl\u0259ndir\u0259n izdiham \u0130srailin Ba\u015f naziri Benyamin Netanyahunun s\u0259f\u0259rin\u0259 etiraz etm\u0259k v\u0259 Konqresi \u0130srailin m\u00fcharib\u0259sini daha da maliyy\u0259l\u0259\u015fdirm\u0259kd\u0259n \u00e7\u0259kindirm\u0259k \u00fc\u00e7\u00fcn AB\u015e-da Kapitolinin binas\u0131 qar\u015f\u0131s\u0131nda topla\u015f\u0131b.<\/p>\n\n\n\n<p>N\u00fcmayi\u015f artd\u0131qca, Kapitol polisi etiraz\u00e7\u0131lardan b\u0259zil\u0259rin\u0259 bib\u0259r qaz\u0131 vuraraq, <em>&#8220;izdiham\u0131n bir hiss\u0259si zorak\u0131l\u0131\u011fa ba\u015flay\u0131b&#8221;<\/em> deyib.<\/p>\n\n\n\n<p>Union Station xaricind\u0259 n\u00fcmayi\u015f\u00e7il\u0259r \u0259n az\u0131 bir AB\u015e bayra\u011f\u0131n\u0131 yand\u0131r\u0131blar v\u0259 s\u0259lahiyy\u0259tlil\u0259r onlar\u0131 g\u00f6t\u00fcrm\u0259zd\u0259n \u0259vv\u0259l Kolumb dair\u0259sind\u0259 dal\u011falananlar\u0131 F\u0259l\u0259stin bayraqlar\u0131 il\u0259 \u0259v\u0259z <a href=\"https:\/\/eu.usatoday.com\/story\/news\/nation\/2024\/07\/24\/netanyahu-congress-speech-protest\/74523450007\/\">edibl\u0259r<\/a>.<\/p>\n\n\n\n<p>Sosial mediada yay\u0131mlanan foto\u015f\u0259kill\u0259r v\u0259 videolardan g\u00f6r\u00fcn\u00fcr ki, \u00e7\u0259r\u015f\u0259nb\u0259 gec\u0259si n\u00fcmayi\u015f\u00e7il\u0259r F\u0259l\u0259stin bayraqlar\u0131n\u0131 dal\u011faland\u0131r\u0131b musiqi ifa ed\u0259rk\u0259n, Netanyahunun \u00fcz\u00fcn\u00fcn otel binas\u0131na proyeksiya edilmi\u015f eskizini bu s\u00f6zl\u0259rl\u0259 \u0259ks etdirirl\u0259r: \u201cAxtar\u0131l\u0131r\u201d v\u0259 \u201cM\u00fcharib\u0259 cinay\u0259tkar\u0131 Netanyahunu h\u0259bs et\u201d.<\/p>\n","protected":false},"excerpt":{"rendered":"","protected":false},"author":8,"featured_media":311399,"comment_status":"closed","ping_status":"closed","sticky":false,"template":"","format":"standard","meta":{"_acf_changed":false,"_sitemap_exclude":false,"_sitemap_priority":"","_sitemap_frequency":"","footnotes":""},"categories":[64,63,56],"tags":[],"class_list":["post-311398","post","type-post","status-publish","format-standard","has-post-thumbnail","hentry","category-dunya","category-video-2","category-xeberler","infinite-scroll-item","generate-columns","tablet-grid-50","mobile-grid-100","grid-parent","grid-33","no-featured-image-padding"],"acf":[],"yoast_head":"<!-- This site is optimized with the Yoast SEO plugin v27.4 - https:\/\/yoast.com\/product\/yoast-seo-wordpress\/ -->\n<title>Etirazla qar\u015f\u0131lanan Netanyahu Konqres\u0259 \u201c\u0130srailin m\u00fcbariz\u0259si sizin m\u00fcbariz\u0259nizdir&quot; deyib - MEYDAN.TV<\/title>\n<meta name=\"robots\" content=\"index, follow, max-snippet:-1, max-image-preview:large, max-video-preview:-1\" \/>\n<link rel=\"canonical\" href=\"https:\/\/www.meydan.tv\/az\/article\/etirazla-qarsilanan-netanyahu-konqrese-israilin-mubarizesi-sizin-mubarizenizdir-deyib\/\" \/>\n<meta property=\"og:locale\" content=\"az_AZ\" \/>\n<meta property=\"og:type\" content=\"article\" \/>\n<meta property=\"og:title\" content=\"Etirazla qar\u015f\u0131lanan Netanyahu Konqres\u0259 \u201c\u0130srailin m\u00fcbariz\u0259si sizin m\u00fcbariz\u0259nizdir&quot; deyib - MEYDAN.TV\" \/>\n<meta property=\"og:url\" content=\"https:\/\/www.meydan.tv\/az\/article\/etirazla-qarsilanan-netanyahu-konqrese-israilin-mubarizesi-sizin-mubarizenizdir-deyib\/\" \/>\n<meta property=\"og:site_name\" content=\"MEYDAN.TV\" \/>\n<meta property=\"article:published_time\" content=\"2024-07-25T12:06:17+00:00\" \/>\n<meta property=\"article:modified_time\" content=\"2024-07-25T14:58:06+00:00\" \/>\n<meta property=\"og:image\" content=\"https:\/\/www.meydan.tv\/wp-content\/uploads\/https___cloudfront-us-east-2.images.arcpublishing.com_reuters_v726yefrezmqfmm5me3icfia5m.jpg\" \/>\n\t<meta property=\"og:image:width\" content=\"1200\" \/>\n\t<meta property=\"og:image:height\" content=\"800\" \/>\n\t<meta property=\"og:image:type\" content=\"image\/jpeg\" \/>\n<meta name=\"author\" content=\"elli\" \/>\n<meta name=\"twitter:card\" content=\"summary_large_image\" \/>\n<meta name=\"twitter:creator\" content=\"@elli\" \/>\n<script type=\"application\/ld+json\" class=\"yoast-schema-graph\">{\"@context\":\"https:\\\/\\\/schema.org\",\"@graph\":[{\"@type\":\"Article\",\"@id\":\"https:\\\/\\\/www.meydan.tv\\\/az\\\/article\\\/etirazla-qarsilanan-netanyahu-konqrese-israilin-mubarizesi-sizin-mubarizenizdir-deyib\\\/#article\",\"isPartOf\":{\"@id\":\"https:\\\/\\\/www.meydan.tv\\\/az\\\/article\\\/etirazla-qarsilanan-netanyahu-konqrese-israilin-mubarizesi-sizin-mubarizenizdir-deyib\\\/\"},\"author\":{\"name\":\"elli\",\"@id\":\"https:\\\/\\\/www.meydan.tv\\\/az\\\/#\\\/schema\\\/person\\\/9cdbecf90d17180ce1dfbd95b08dcf47\"},\"headline\":\"Etirazla qar\u015f\u0131lanan Netanyahu Konqres\u0259 \u201c\u0130srailin m\u00fcbariz\u0259si sizin m\u00fcbariz\u0259nizdir&#8221; deyib\",\"datePublished\":\"2024-07-25T12:06:17+00:00\",\"dateModified\":\"2024-07-25T14:58:06+00:00\",\"mainEntityOfPage\":{\"@id\":\"https:\\\/\\\/www.meydan.tv\\\/az\\\/article\\\/etirazla-qarsilanan-netanyahu-konqrese-israilin-mubarizesi-sizin-mubarizenizdir-deyib\\\/\"},\"wordCount\":1054,\"publisher\":{\"@id\":\"https:\\\/\\\/www.meydan.tv\\\/az\\\/#organization\"},\"image\":{\"@id\":\"https:\\\/\\\/www.meydan.tv\\\/az\\\/article\\\/etirazla-qarsilanan-netanyahu-konqrese-israilin-mubarizesi-sizin-mubarizenizdir-deyib\\\/#primaryimage\"},\"thumbnailUrl\":\"https:\\\/\\\/www.meydan.tv\\\/wp-content\\\/uploads\\\/https___cloudfront-us-east-2.images.arcpublishing.com_reuters_v726yefrezmqfmm5me3icfia5m.jpg\",\"articleSection\":[\"D\u00fcnya\",\"Video\",\"X\u0259b\u0259rl\u0259r\"],\"inLanguage\":\"az\"},{\"@type\":\"WebPage\",\"@id\":\"https:\\\/\\\/www.meydan.tv\\\/az\\\/article\\\/etirazla-qarsilanan-netanyahu-konqrese-israilin-mubarizesi-sizin-mubarizenizdir-deyib\\\/\",\"url\":\"https:\\\/\\\/www.meydan.tv\\\/az\\\/article\\\/etirazla-qarsilanan-netanyahu-konqrese-israilin-mubarizesi-sizin-mubarizenizdir-deyib\\\/\",\"name\":\"Etirazla qar\u015f\u0131lanan Netanyahu Konqres\u0259 \u201c\u0130srailin m\u00fcbariz\u0259si sizin m\u00fcbariz\u0259nizdir\\\" deyib - MEYDAN.TV\",\"isPartOf\":{\"@id\":\"https:\\\/\\\/www.meydan.tv\\\/az\\\/#website\"},\"primaryImageOfPage\":{\"@id\":\"https:\\\/\\\/www.meydan.tv\\\/az\\\/article\\\/etirazla-qarsilanan-netanyahu-konqrese-israilin-mubarizesi-sizin-mubarizenizdir-deyib\\\/#primaryimage\"},\"image\":{\"@id\":\"https:\\\/\\\/www.meydan.tv\\\/az\\\/article\\\/etirazla-qarsilanan-netanyahu-konqrese-israilin-mubarizesi-sizin-mubarizenizdir-deyib\\\/#primaryimage\"},\"thumbnailUrl\":\"https:\\\/\\\/www.meydan.tv\\\/wp-content\\\/uploads\\\/https___cloudfront-us-east-2.images.arcpublishing.com_reuters_v726yefrezmqfmm5me3icfia5m.jpg\",\"datePublished\":\"2024-07-25T12:06:17+00:00\",\"dateModified\":\"2024-07-25T14:58:06+00:00\",\"breadcrumb\":{\"@id\":\"https:\\\/\\\/www.meydan.tv\\\/az\\\/article\\\/etirazla-qarsilanan-netanyahu-konqrese-israilin-mubarizesi-sizin-mubarizenizdir-deyib\\\/#breadcrumb\"},\"inLanguage\":\"az\",\"potentialAction\":[{\"@type\":\"ReadAction\",\"target\":[\"https:\\\/\\\/www.meydan.tv\\\/az\\\/article\\\/etirazla-qarsilanan-netanyahu-konqrese-israilin-mubarizesi-sizin-mubarizenizdir-deyib\\\/\"]}]},{\"@type\":\"ImageObject\",\"inLanguage\":\"az\",\"@id\":\"https:\\\/\\\/www.meydan.tv\\\/az\\\/article\\\/etirazla-qarsilanan-netanyahu-konqrese-israilin-mubarizesi-sizin-mubarizenizdir-deyib\\\/#primaryimage\",\"url\":\"https:\\\/\\\/www.meydan.tv\\\/wp-content\\\/uploads\\\/https___cloudfront-us-east-2.images.arcpublishing.com_reuters_v726yefrezmqfmm5me3icfia5m.jpg\",\"contentUrl\":\"https:\\\/\\\/www.meydan.tv\\\/wp-content\\\/uploads\\\/https___cloudfront-us-east-2.images.arcpublishing.com_reuters_v726yefrezmqfmm5me3icfia5m.jpg\",\"width\":1200,\"height\":800,\"caption\":\"Benyamin Netanyahu. Foto: Reuters\"},{\"@type\":\"BreadcrumbList\",\"@id\":\"https:\\\/\\\/www.meydan.tv\\\/az\\\/article\\\/etirazla-qarsilanan-netanyahu-konqrese-israilin-mubarizesi-sizin-mubarizenizdir-deyib\\\/#breadcrumb\",\"itemListElement\":[{\"@type\":\"ListItem\",\"position\":1,\"name\":\"Ana s\u0259hif\u0259\",\"item\":\"https:\\\/\\\/www.meydan.tv\\\/az\\\/\"},{\"@type\":\"ListItem\",\"position\":2,\"name\":\"Video\",\"item\":\"https:\\\/\\\/www.meydan.tv\\\/az\\\/section\\\/video-2\\\/\"},{\"@type\":\"ListItem\",\"position\":3,\"name\":\"Etirazla qar\u015f\u0131lanan Netanyahu Konqres\u0259 \u201c\u0130srailin m\u00fcbariz\u0259si sizin m\u00fcbariz\u0259nizdir&#8221; deyib\"}]},{\"@type\":\"WebSite\",\"@id\":\"https:\\\/\\\/www.meydan.tv\\\/az\\\/#website\",\"url\":\"https:\\\/\\\/www.meydan.tv\\\/az\\\/\",\"name\":\"MEYDAN.TV\",\"description\":\"Meydan TV Az\u0259rbaycan\u0131n media m\u0259kan\u0131ndak\u0131 alternativ s\u0259sidir\",\"publisher\":{\"@id\":\"https:\\\/\\\/www.meydan.tv\\\/az\\\/#organization\"},\"potentialAction\":[{\"@type\":\"SearchAction\",\"target\":{\"@type\":\"EntryPoint\",\"urlTemplate\":\"https:\\\/\\\/www.meydan.tv\\\/az\\\/?s={search_term_string}\"},\"query-input\":{\"@type\":\"PropertyValueSpecification\",\"valueRequired\":true,\"valueName\":\"search_term_string\"}}],\"inLanguage\":\"az\"},{\"@type\":\"Organization\",\"@id\":\"https:\\\/\\\/www.meydan.tv\\\/az\\\/#organization\",\"name\":\"Meydan TV\",\"url\":\"https:\\\/\\\/www.meydan.tv\\\/az\\\/\",\"logo\":{\"@type\":\"ImageObject\",\"inLanguage\":\"az\",\"@id\":\"https:\\\/\\\/www.meydan.tv\\\/az\\\/#\\\/schema\\\/logo\\\/image\\\/\",\"url\":\"https:\\\/\\\/www.meydan.tv\\\/wp-content\\\/uploads\\\/2021\\\/07\\\/meydan-logo.svg\",\"contentUrl\":\"https:\\\/\\\/www.meydan.tv\\\/wp-content\\\/uploads\\\/2021\\\/07\\\/meydan-logo.svg\",\"width\":195,\"height\":46,\"caption\":\"Meydan TV\"},\"image\":{\"@id\":\"https:\\\/\\\/www.meydan.tv\\\/az\\\/#\\\/schema\\\/logo\\\/image\\\/\"}},{\"@type\":\"Person\",\"@id\":\"https:\\\/\\\/www.meydan.tv\\\/az\\\/#\\\/schema\\\/person\\\/9cdbecf90d17180ce1dfbd95b08dcf47\",\"name\":\"elli\",\"sameAs\":[\"https:\\\/\\\/x.com\\\/elli\"]}]}<\/script>\n<!-- \/ Yoast SEO plugin. -->","yoast_head_json":{"title":"Etirazla qar\u015f\u0131lanan Netanyahu Konqres\u0259 \u201c\u0130srailin m\u00fcbariz\u0259si sizin m\u00fcbariz\u0259nizdir\" deyib - MEYDAN.TV","robots":{"index":"index","follow":"follow","max-snippet":"max-snippet:-1","max-image-preview":"max-image-preview:large","max-video-preview":"max-video-preview:-1"},"canonical":"https:\/\/www.meydan.tv\/az\/article\/etirazla-qarsilanan-netanyahu-konqrese-israilin-mubarizesi-sizin-mubarizenizdir-deyib\/","og_locale":"az_AZ","og_type":"article","og_title":"Etirazla qar\u015f\u0131lanan Netanyahu Konqres\u0259 \u201c\u0130srailin m\u00fcbariz\u0259si sizin m\u00fcbariz\u0259nizdir\" deyib - MEYDAN.TV","og_url":"https:\/\/www.meydan.tv\/az\/article\/etirazla-qarsilanan-netanyahu-konqrese-israilin-mubarizesi-sizin-mubarizenizdir-deyib\/","og_site_name":"MEYDAN.TV","article_published_time":"2024-07-25T12:06:17+00:00","article_modified_time":"2024-07-25T14:58:06+00:00","og_image":[{"width":1200,"height":800,"url":"https:\/\/www.meydan.tv\/wp-content\/uploads\/https___cloudfront-us-east-2.images.arcpublishing.com_reuters_v726yefrezmqfmm5me3icfia5m.jpg","type":"image\/jpeg"}],"author":"elli","twitter_card":"summary_large_image","twitter_creator":"@elli","schema":{"@context":"https:\/\/schema.org","@graph":[{"@type":"Article","@id":"https:\/\/www.meydan.tv\/az\/article\/etirazla-qarsilanan-netanyahu-konqrese-israilin-mubarizesi-sizin-mubarizenizdir-deyib\/#article","isPartOf":{"@id":"https:\/\/www.meydan.tv\/az\/article\/etirazla-qarsilanan-netanyahu-konqrese-israilin-mubarizesi-sizin-mubarizenizdir-deyib\/"},"author":{"name":"elli","@id":"https:\/\/www.meydan.tv\/az\/#\/schema\/person\/9cdbecf90d17180ce1dfbd95b08dcf47"},"headline":"Etirazla qar\u015f\u0131lanan Netanyahu Konqres\u0259 \u201c\u0130srailin m\u00fcbariz\u0259si sizin m\u00fcbariz\u0259nizdir&#8221; deyib","datePublished":"2024-07-25T12:06:17+00:00","dateModified":"2024-07-25T14:58:06+00:00","mainEntityOfPage":{"@id":"https:\/\/www.meydan.tv\/az\/article\/etirazla-qarsilanan-netanyahu-konqrese-israilin-mubarizesi-sizin-mubarizenizdir-deyib\/"},"wordCount":1054,"publisher":{"@id":"https:\/\/www.meydan.tv\/az\/#organization"},"image":{"@id":"https:\/\/www.meydan.tv\/az\/article\/etirazla-qarsilanan-netanyahu-konqrese-israilin-mubarizesi-sizin-mubarizenizdir-deyib\/#primaryimage"},"thumbnailUrl":"https:\/\/www.meydan.tv\/wp-content\/uploads\/https___cloudfront-us-east-2.images.arcpublishing.com_reuters_v726yefrezmqfmm5me3icfia5m.jpg","articleSection":["D\u00fcnya","Video","X\u0259b\u0259rl\u0259r"],"inLanguage":"az"},{"@type":"WebPage","@id":"https:\/\/www.meydan.tv\/az\/article\/etirazla-qarsilanan-netanyahu-konqrese-israilin-mubarizesi-sizin-mubarizenizdir-deyib\/","url":"https:\/\/www.meydan.tv\/az\/article\/etirazla-qarsilanan-netanyahu-konqrese-israilin-mubarizesi-sizin-mubarizenizdir-deyib\/","name":"Etirazla qar\u015f\u0131lanan Netanyahu Konqres\u0259 \u201c\u0130srailin m\u00fcbariz\u0259si sizin m\u00fcbariz\u0259nizdir\" deyib - MEYDAN.TV","isPartOf":{"@id":"https:\/\/www.meydan.tv\/az\/#website"},"primaryImageOfPage":{"@id":"https:\/\/www.meydan.tv\/az\/article\/etirazla-qarsilanan-netanyahu-konqrese-israilin-mubarizesi-sizin-mubarizenizdir-deyib\/#primaryimage"},"image":{"@id":"https:\/\/www.meydan.tv\/az\/article\/etirazla-qarsilanan-netanyahu-konqrese-israilin-mubarizesi-sizin-mubarizenizdir-deyib\/#primaryimage"},"thumbnailUrl":"https:\/\/www.meydan.tv\/wp-content\/uploads\/https___cloudfront-us-east-2.images.arcpublishing.com_reuters_v726yefrezmqfmm5me3icfia5m.jpg","datePublished":"2024-07-25T12:06:17+00:00","dateModified":"2024-07-25T14:58:06+00:00","breadcrumb":{"@id":"https:\/\/www.meydan.tv\/az\/article\/etirazla-qarsilanan-netanyahu-konqrese-israilin-mubarizesi-sizin-mubarizenizdir-deyib\/#breadcrumb"},"inLanguage":"az","potentialAction":[{"@type":"ReadAction","target":["https:\/\/www.meydan.tv\/az\/article\/etirazla-qarsilanan-netanyahu-konqrese-israilin-mubarizesi-sizin-mubarizenizdir-deyib\/"]}]},{"@type":"ImageObject","inLanguage":"az","@id":"https:\/\/www.meydan.tv\/az\/article\/etirazla-qarsilanan-netanyahu-konqrese-israilin-mubarizesi-sizin-mubarizenizdir-deyib\/#primaryimage","url":"https:\/\/www.meydan.tv\/wp-content\/uploads\/https___cloudfront-us-east-2.images.arcpublishing.com_reuters_v726yefrezmqfmm5me3icfia5m.jpg","contentUrl":"https:\/\/www.meydan.tv\/wp-content\/uploads\/https___cloudfront-us-east-2.images.arcpublishing.com_reuters_v726yefrezmqfmm5me3icfia5m.jpg","width":1200,"height":800,"caption":"Benyamin Netanyahu. Foto: Reuters"},{"@type":"BreadcrumbList","@id":"https:\/\/www.meydan.tv\/az\/article\/etirazla-qarsilanan-netanyahu-konqrese-israilin-mubarizesi-sizin-mubarizenizdir-deyib\/#breadcrumb","itemListElement":[{"@type":"ListItem","position":1,"name":"Ana s\u0259hif\u0259","item":"https:\/\/www.meydan.tv\/az\/"},{"@type":"ListItem","position":2,"name":"Video","item":"https:\/\/www.meydan.tv\/az\/section\/video-2\/"},{"@type":"ListItem","position":3,"name":"Etirazla qar\u015f\u0131lanan Netanyahu Konqres\u0259 \u201c\u0130srailin m\u00fcbariz\u0259si sizin m\u00fcbariz\u0259nizdir&#8221; deyib"}]},{"@type":"WebSite","@id":"https:\/\/www.meydan.tv\/az\/#website","url":"https:\/\/www.meydan.tv\/az\/","name":"MEYDAN.TV","description":"Meydan TV Az\u0259rbaycan\u0131n media m\u0259kan\u0131ndak\u0131 alternativ s\u0259sidir","publisher":{"@id":"https:\/\/www.meydan.tv\/az\/#organization"},"potentialAction":[{"@type":"SearchAction","target":{"@type":"EntryPoint","urlTemplate":"https:\/\/www.meydan.tv\/az\/?s={search_term_string}"},"query-input":{"@type":"PropertyValueSpecification","valueRequired":true,"valueName":"search_term_string"}}],"inLanguage":"az"},{"@type":"Organization","@id":"https:\/\/www.meydan.tv\/az\/#organization","name":"Meydan TV","url":"https:\/\/www.meydan.tv\/az\/","logo":{"@type":"ImageObject","inLanguage":"az","@id":"https:\/\/www.meydan.tv\/az\/#\/schema\/logo\/image\/","url":"https:\/\/www.meydan.tv\/wp-content\/uploads\/2021\/07\/meydan-logo.svg","contentUrl":"https:\/\/www.meydan.tv\/wp-content\/uploads\/2021\/07\/meydan-logo.svg","width":195,"height":46,"caption":"Meydan TV"},"image":{"@id":"https:\/\/www.meydan.tv\/az\/#\/schema\/logo\/image\/"}},{"@type":"Person","@id":"https:\/\/www.meydan.tv\/az\/#\/schema\/person\/9cdbecf90d17180ce1dfbd95b08dcf47","name":"elli","sameAs":["https:\/\/x.com\/elli"]}]}},"_links":{"self":[{"href":"https:\/\/www.meydan.tv\/az\/wp-json\/wp\/v2\/posts\/311398","targetHints":{"allow":["GET"]}}],"collection":[{"href":"https:\/\/www.meydan.tv\/az\/wp-json\/wp\/v2\/posts"}],"about":[{"href":"https:\/\/www.meydan.tv\/az\/wp-json\/wp\/v2\/types\/post"}],"author":[{"embeddable":true,"href":"https:\/\/www.meydan.tv\/az\/wp-json\/wp\/v2\/users\/8"}],"replies":[{"embeddable":true,"href":"https:\/\/www.meydan.tv\/az\/wp-json\/wp\/v2\/comments?post=311398"}],"version-history":[{"count":4,"href":"https:\/\/www.meydan.tv\/az\/wp-json\/wp\/v2\/posts\/311398\/revisions"}],"predecessor-version":[{"id":311448,"href":"https:\/\/www.meydan.tv\/az\/wp-json\/wp\/v2\/posts\/311398\/revisions\/311448"}],"wp:featuredmedia":[{"embeddable":true,"href":"https:\/\/www.meydan.tv\/az\/wp-json\/wp\/v2\/media\/311399"}],"wp:attachment":[{"href":"https:\/\/www.meydan.tv\/az\/wp-json\/wp\/v2\/media?parent=311398"}],"wp:term":[{"taxonomy":"category","embeddable":true,"href":"https:\/\/www.meydan.tv\/az\/wp-json\/wp\/v2\/categories?post=311398"},{"taxonomy":"post_tag","embeddable":true,"href":"https:\/\/www.meydan.tv\/az\/wp-json\/wp\/v2\/tags?post=311398"}],"curies":[{"name":"wp","href":"https:\/\/api.w.org\/{rel}","templated":true}]}}