{"id":311382,"date":"2024-07-25T15:00:19","date_gmt":"2024-07-25T11:00:19","guid":{"rendered":"https:\/\/www.meydan.tv\/?p=311382"},"modified":"2024-07-25T18:29:36","modified_gmt":"2024-07-25T14:29:36","slug":"polad-bulbuloglu-susalilar-meni-ozlerine-deputat-secseler-hedsiz-derecede-sevinerem","status":"publish","type":"post","link":"https:\/\/www.meydan.tv\/az\/article\/polad-bulbuloglu-susalilar-meni-ozlerine-deputat-secseler-hedsiz-derecede-sevinerem\/","title":{"rendered":"Polad B\u00fclb\u00fclo\u011flu: &#8220;\u015eu\u015fal\u0131lar m\u0259ni \u00f6zl\u0259rin\u0259 deputat se\u00e7s\u0259l\u0259r, h\u0259dsiz d\u0259r\u0259c\u0259d\u0259 sevin\u0259r\u0259m\u201d (yenil\u0259nib)"},"content":{"rendered":"\n<p><\/p>\n\n\n\n<p>Polad B\u00fclb\u00fclo\u011flunun 124 sayl\u0131 \u015eu\u015fa-A\u011fdam-Xocav\u0259nd se\u00e7ki dair\u0259sind\u0259n namiz\u0259d olaca\u011f\u0131 t\u0259sdiql\u0259nib.<\/p>\n\n\n\n<p>Bu bar\u0259d\u0259 \u201cModern.az\u201d sayt\u0131na 124 sayl\u0131 \u015eu\u015fa-A\u011fdam-Xocav\u0259nd Dair\u0259 Se\u00e7ki Komissiyas\u0131ndan bildiribl\u0259r.<\/p>\n\n\n\n<p>Qeyd olunub ki, s\u0259fir art\u0131q m\u00fcvafiq s\u0259n\u0259dl\u0259ri s\u00f6z\u00fcged\u0259n Dair\u0259 Se\u00e7ki Komissiyas\u0131na t\u0259qdim edib.<\/p>\n\n\n\n<p>124 sayl\u0131 \u015eu\u015fa-A\u011fdam-Xocav\u0259nd se\u00e7ki dair\u0259sind\u0259n YAP-\u0131n namiz\u0259di \u015eu\u015fa rayon t\u0259\u015fkilat\u0131n\u0131n s\u0259dr m\u00fcavini Leyla Bab\u0131\u015fovad\u0131r.<\/p>\n\n\n\n<p>H\u0259min dair\u0259d\u0259n Azad V\u0259t\u0259n Partiyas\u0131n\u0131n (AZAD V\u018fT\u018fN) s\u0259dri Akif Na\u011f\u0131 da namiz\u0259dliyini ir\u0259li s\u00fcr\u00fcb.<\/p>\n\n\n\n<p>Qanunvericiliyin t\u0259l\u0259bin\u0259 g\u00f6r\u0259, P.B\u00fclb\u00fclo\u011flu deputat se\u00e7il\u0259c\u0259yi halda f\u00f6vq\u0259lad\u0259 v\u0259 s\u0259lahiyy\u0259tli s\u0259fir v\u0259zif\u0259sind\u0259n istefa verm\u0259lidir.<\/p>\n\n\n\n<p>Bu bar\u0259d\u0259 Konstitusiyan\u0131n 85-ci madd\u0259sinin II b\u0259ndind\u0259 bidirilir.<\/p>\n\n\n\n<hr class=\"wp-block-separator has-alpha-channel-opacity\"\/>\n\n\n\n<p><strong><em>S\u0259fir-m\u00fc\u011f\u0259nni namiz\u0259dlikl\u0259 ba\u011fl\u0131 suala diplomatik cavab verib<\/em><\/strong><\/p>\n\n\n\n<p>18 ildir Az\u0259rbaycan\u0131 Rusiyada t\u0259msil ed\u0259n s\u0259fir Polad B\u00fclb\u00fclo\u011flu sentyabr\u0131n 1-d\u0259 ke\u00e7iril\u0259n n\u00f6vb\u0259d\u0259nk\u0259nar parlament se\u00e7kil\u0259rind\u0259 i\u015ftirak\u0131n\u0131 istisna etm\u0259yib.<\/p>\n\n\n\n<p>&#8220;Novoye-vremya&#8221; sayt\u0131n\u0131n bu bar\u0259d\u0259 sual\u0131na cavab\u0131nda s\u0259fir-m\u00fc\u011f\u0259nni deyib ki, parlament se\u00e7kil\u0259rinin ke\u00e7irilm\u0259si h\u0259r bir d\u00f6vl\u0259tin, xalq\u0131n h\u0259yat\u0131nda \u00e7ox ciddi v\u0259 m\u0259suliyy\u0259tli hadis\u0259dir:<\/p>\n\n\n\n<p><em>&#8220;\u015eu\u015fal\u0131lar m\u0259ni \u00f6zl\u0259rin\u0259 deputat se\u00e7s\u0259l\u0259r, h\u0259dsiz d\u0259r\u0259c\u0259d\u0259 <a href=\"https:\/\/novoye-vremya.com\/ru\/posts\/detail\/polad-byul-byul-oglu-ya-budu-bezmerno-scastliv-esli-susincy-vyberut-menya-svoim-deputatomnbspnbsp-1721852931\" target=\"_blank\" rel=\"noreferrer noopener\">sevin\u0259r\u0259m\u201d<\/a>.<\/em><\/p>\n\n\n\n<p>Polad B\u00fclb\u00fclo\u011flu 1988-2006-c\u0131 ill\u0259rd\u0259 Az\u0259rbaycan\u0131n m\u0259d\u0259niyy\u0259t naziri olub. Nazir i\u015fl\u0259diyi ill\u0259rd\u0259 iki d\u0259f\u0259 deputat mandat\u0131 al\u0131b. Birinci d\u0259f\u0259 1990-c\u0131 ild\u0259 Az\u0259rbaycan SSR-nin Ali Sovetin\u0259 ke\u00e7iril\u0259n se\u00e7kil\u0259rd\u0259, ikinci d\u0259f\u0259 1995-ci ild\u0259 45 sayl\u0131 \u015eu\u015fa\u2013C\u0259bray\u0131l \u2013Xocav\u0259nd se\u00e7ki dair\u0259sind\u0259n mandat qazan\u0131b.<\/p>\n\n\n\n<p>1998-ci ild\u0259 m\u0259d\u0259niyy\u0259t naziri t\u0259yin oldundu\u011fundan qanunvericiliyin d\u0259yi\u015fm\u0259si s\u0259b\u0259bind\u0259n deputat mandat\u0131n\u0131 t\u0259hvil verib.<\/p>\n\n\n\n<p>P.B\u00fclb\u00fco\u011flu 2006-c\u0131 ild\u0259n Rusiyada s\u0259fir v\u0259zif\u0259sind\u0259 \u00e7al\u0131\u015f\u0131r.<\/p>\n\n\n\n<p>1982-ci ild\u0259n &#8220;Xalq artisti&#8221; olan P.B\u00fclb\u00fclo\u011flu 2005-ci ild\u0259 &#8220;\u0130stiqlal&#8221;, 2015-ci ild\u0259 &#8220;\u015e\u0259r\u0259f&#8221;, 2020-ci ild\u0259 &#8220;Heyd\u0259r \u018fliyev&#8221; v\u0259 Rusiyan\u0131n &#8220;Dostluq&#8221; ordenl\u0259ri il\u0259 t\u0259ltif edilib.<\/p>\n\n\n\n<p><strong>Parlament se\u00e7kiy\u0259 gedir<\/strong><\/p>\n\n\n\n<p>2024-c\u00fc il iyunun 21-d\u0259 Az\u0259rbaycan parlamenti \u00f6z\u00fcn\u00fcn burax\u0131lmas\u0131 v\u0259 Milli M\u0259clis\u0259 n\u00f6vb\u0259d\u0259nk\u0259nar se\u00e7kil\u0259rin t\u0259yin olunmas\u0131 il\u0259 ba\u011fl\u0131 Prezident \u0130lham \u018fliyev\u0259 m\u00fcraci\u0259t edib.<\/p>\n\n\n\n<p>\u0130yunun 28-d\u0259 \u0130lham \u018fliyev Milli M\u0259clisin burax\u0131lmas\u0131 v\u0259 sentyabr\u0131n 1-d\u0259 erk\u0259n se\u00e7ki ke\u00e7irilm\u0259si il\u0259 ba\u011fl\u0131 s\u0259r\u0259ncam imzalay\u0131b.<\/p>\n\n\n\n<p>\u0130yulun 24-n\u0259 olan m\u0259lumata g\u00f6r\u0259, n\u00f6vb\u0259d\u0259nk\u0259nar parlament se\u00e7kil\u0259rind\u0259 1200-\u0259 yax\u0131n adam namiz\u0259d olmaq \u00fc\u00e7\u00fcn m\u00fcraci\u0259t edib, onlardan 31 n\u0259f\u0259rin deputatl\u0131\u011fa namiz\u0259dliyi qeyd\u0259 al\u0131n\u0131b.<\/p>\n\n\n\n<p>1 sentyabr se\u00e7kil\u0259rini AXCP boykot edir, Yeni Az\u0259rbaycan, M\u00fcsavat, Demokrat, Klassik Xalq C\u0259bh\u0259si, \u00dcmid, REAL v\u0259 dig\u0259r partiyalar is\u0259 i\u015ftirak ed\u0259c\u0259kl\u0259rini a\u00e7\u0131qlay\u0131blar.<\/p>\n","protected":false},"excerpt":{"rendered":"<p>Polad B\u00fclb\u00fclo\u011flunun 124 sayl\u0131 \u015eu\u015fa-A\u011fdam-Xocav\u0259nd se\u00e7ki dair\u0259sind\u0259n namiz\u0259d olaca\u011f\u0131 t\u0259sdiql\u0259nib. &#8230; <\/p>\n<p class=\"read-more-container\"><a title=\"Polad B\u00fclb\u00fclo\u011flu: &#8220;\u015eu\u015fal\u0131lar m\u0259ni \u00f6zl\u0259rin\u0259 deputat se\u00e7s\u0259l\u0259r, h\u0259dsiz d\u0259r\u0259c\u0259d\u0259 sevin\u0259r\u0259m\u201d (yenil\u0259nib)\" class=\"read-more button\" href=\"https:\/\/www.meydan.tv\/az\/article\/polad-bulbuloglu-susalilar-meni-ozlerine-deputat-secseler-hedsiz-derecede-sevinerem\/#more-311382\" aria-label=\"Read more about Polad B\u00fclb\u00fclo\u011flu: &#8220;\u015eu\u015fal\u0131lar m\u0259ni \u00f6zl\u0259rin\u0259 deputat se\u00e7s\u0259l\u0259r, h\u0259dsiz d\u0259r\u0259c\u0259d\u0259 sevin\u0259r\u0259m\u201d (yenil\u0259nib)\">Davam\u0131<\/a><\/p>\n","protected":false},"author":8,"featured_media":276664,"comment_status":"closed","ping_status":"closed","sticky":false,"template":"","format":"standard","meta":{"_acf_changed":false,"_sitemap_exclude":false,"_sitemap_priority":"","_sitemap_frequency":"","footnotes":""},"categories":[129,59,56],"tags":[],"class_list":["post-311382","post","type-post","status-publish","format-standard","has-post-thumbnail","hentry","category-sechki-2024","category-siyaset","category-xeberler","infinite-scroll-item","generate-columns","tablet-grid-50","mobile-grid-100","grid-parent","grid-33","no-featured-image-padding"],"acf":[],"yoast_head":"<!-- This site is optimized with the Yoast SEO plugin v27.4 - https:\/\/yoast.com\/product\/yoast-seo-wordpress\/ -->\n<title>Polad B\u00fclb\u00fclo\u011flu: &quot;\u015eu\u015fal\u0131lar m\u0259ni \u00f6zl\u0259rin\u0259 deputat se\u00e7s\u0259l\u0259r, h\u0259dsiz d\u0259r\u0259c\u0259d\u0259 sevin\u0259r\u0259m\u201d (yenil\u0259nib) - MEYDAN.TV<\/title>\n<meta name=\"description\" content=\"18 ildir Az\u0259rbaycan\u0131 Rusiyada t\u0259msil ed\u0259n s\u0259fir Polad B\u00fclb\u00fclo\u011flu sentyabr\u0131n 1-d\u0259 ke\u00e7iril\u0259n n\u00f6vb\u0259d\u0259nk\u0259nar parlament se\u00e7kil\u0259rind\u0259 i\u015ftirak\u0131n\u0131 istisna etm\u0259yib.\" \/>\n<meta name=\"robots\" content=\"index, follow, max-snippet:-1, max-image-preview:large, max-video-preview:-1\" \/>\n<link rel=\"canonical\" href=\"https:\/\/www.meydan.tv\/az\/article\/polad-bulbuloglu-susalilar-meni-ozlerine-deputat-secseler-hedsiz-derecede-sevinerem\/\" \/>\n<meta property=\"og:locale\" content=\"az_AZ\" \/>\n<meta property=\"og:type\" content=\"article\" \/>\n<meta property=\"og:title\" content=\"Polad B\u00fclb\u00fclo\u011flu: &quot;\u015eu\u015fal\u0131lar m\u0259ni \u00f6zl\u0259rin\u0259 deputat se\u00e7s\u0259l\u0259r, h\u0259dsiz d\u0259r\u0259c\u0259d\u0259 sevin\u0259r\u0259m\u201d (yenil\u0259nib) - MEYDAN.TV\" \/>\n<meta property=\"og:description\" content=\"18 ildir Az\u0259rbaycan\u0131 Rusiyada t\u0259msil ed\u0259n s\u0259fir Polad B\u00fclb\u00fclo\u011flu sentyabr\u0131n 1-d\u0259 ke\u00e7iril\u0259n n\u00f6vb\u0259d\u0259nk\u0259nar parlament se\u00e7kil\u0259rind\u0259 i\u015ftirak\u0131n\u0131 istisna etm\u0259yib.\" \/>\n<meta property=\"og:url\" content=\"https:\/\/www.meydan.tv\/az\/article\/polad-bulbuloglu-susalilar-meni-ozlerine-deputat-secseler-hedsiz-derecede-sevinerem\/\" \/>\n<meta property=\"og:site_name\" content=\"MEYDAN.TV\" \/>\n<meta property=\"article:published_time\" content=\"2024-07-25T11:00:19+00:00\" \/>\n<meta property=\"article:modified_time\" content=\"2024-07-25T14:29:36+00:00\" \/>\n<meta property=\"og:image\" content=\"https:\/\/www.meydan.tv\/wp-content\/uploads\/polad_bulbuloglu_2019-09-07-e1685635336345.jpg\" \/>\n\t<meta property=\"og:image:width\" content=\"1880\" \/>\n\t<meta property=\"og:image:height\" content=\"893\" \/>\n\t<meta property=\"og:image:type\" content=\"image\/jpeg\" \/>\n<meta name=\"author\" content=\"elli\" \/>\n<meta name=\"twitter:card\" content=\"summary_large_image\" \/>\n<meta name=\"twitter:creator\" content=\"@elli\" \/>\n<script type=\"application\/ld+json\" class=\"yoast-schema-graph\">{\"@context\":\"https:\\\/\\\/schema.org\",\"@graph\":[{\"@type\":\"Article\",\"@id\":\"https:\\\/\\\/www.meydan.tv\\\/az\\\/article\\\/polad-bulbuloglu-susalilar-meni-ozlerine-deputat-secseler-hedsiz-derecede-sevinerem\\\/#article\",\"isPartOf\":{\"@id\":\"https:\\\/\\\/www.meydan.tv\\\/az\\\/article\\\/polad-bulbuloglu-susalilar-meni-ozlerine-deputat-secseler-hedsiz-derecede-sevinerem\\\/\"},\"author\":{\"name\":\"elli\",\"@id\":\"https:\\\/\\\/www.meydan.tv\\\/az\\\/#\\\/schema\\\/person\\\/9cdbecf90d17180ce1dfbd95b08dcf47\"},\"headline\":\"Polad B\u00fclb\u00fclo\u011flu: &#8220;\u015eu\u015fal\u0131lar m\u0259ni \u00f6zl\u0259rin\u0259 deputat se\u00e7s\u0259l\u0259r, h\u0259dsiz d\u0259r\u0259c\u0259d\u0259 sevin\u0259r\u0259m\u201d (yenil\u0259nib)\",\"datePublished\":\"2024-07-25T11:00:19+00:00\",\"dateModified\":\"2024-07-25T14:29:36+00:00\",\"mainEntityOfPage\":{\"@id\":\"https:\\\/\\\/www.meydan.tv\\\/az\\\/article\\\/polad-bulbuloglu-susalilar-meni-ozlerine-deputat-secseler-hedsiz-derecede-sevinerem\\\/\"},\"wordCount\":591,\"publisher\":{\"@id\":\"https:\\\/\\\/www.meydan.tv\\\/az\\\/#organization\"},\"image\":{\"@id\":\"https:\\\/\\\/www.meydan.tv\\\/az\\\/article\\\/polad-bulbuloglu-susalilar-meni-ozlerine-deputat-secseler-hedsiz-derecede-sevinerem\\\/#primaryimage\"},\"thumbnailUrl\":\"https:\\\/\\\/www.meydan.tv\\\/wp-content\\\/uploads\\\/polad_bulbuloglu_2019-09-07-e1685635336345.jpg\",\"articleSection\":[\"Se\u00e7ki 2024\",\"Siyas\u0259t\",\"X\u0259b\u0259rl\u0259r\"],\"inLanguage\":\"az\"},{\"@type\":\"WebPage\",\"@id\":\"https:\\\/\\\/www.meydan.tv\\\/az\\\/article\\\/polad-bulbuloglu-susalilar-meni-ozlerine-deputat-secseler-hedsiz-derecede-sevinerem\\\/\",\"url\":\"https:\\\/\\\/www.meydan.tv\\\/az\\\/article\\\/polad-bulbuloglu-susalilar-meni-ozlerine-deputat-secseler-hedsiz-derecede-sevinerem\\\/\",\"name\":\"Polad B\u00fclb\u00fclo\u011flu: \\\"\u015eu\u015fal\u0131lar m\u0259ni \u00f6zl\u0259rin\u0259 deputat se\u00e7s\u0259l\u0259r, h\u0259dsiz d\u0259r\u0259c\u0259d\u0259 sevin\u0259r\u0259m\u201d (yenil\u0259nib) - MEYDAN.TV\",\"isPartOf\":{\"@id\":\"https:\\\/\\\/www.meydan.tv\\\/az\\\/#website\"},\"primaryImageOfPage\":{\"@id\":\"https:\\\/\\\/www.meydan.tv\\\/az\\\/article\\\/polad-bulbuloglu-susalilar-meni-ozlerine-deputat-secseler-hedsiz-derecede-sevinerem\\\/#primaryimage\"},\"image\":{\"@id\":\"https:\\\/\\\/www.meydan.tv\\\/az\\\/article\\\/polad-bulbuloglu-susalilar-meni-ozlerine-deputat-secseler-hedsiz-derecede-sevinerem\\\/#primaryimage\"},\"thumbnailUrl\":\"https:\\\/\\\/www.meydan.tv\\\/wp-content\\\/uploads\\\/polad_bulbuloglu_2019-09-07-e1685635336345.jpg\",\"datePublished\":\"2024-07-25T11:00:19+00:00\",\"dateModified\":\"2024-07-25T14:29:36+00:00\",\"description\":\"18 ildir Az\u0259rbaycan\u0131 Rusiyada t\u0259msil ed\u0259n s\u0259fir Polad B\u00fclb\u00fclo\u011flu sentyabr\u0131n 1-d\u0259 ke\u00e7iril\u0259n n\u00f6vb\u0259d\u0259nk\u0259nar parlament se\u00e7kil\u0259rind\u0259 i\u015ftirak\u0131n\u0131 istisna etm\u0259yib.\",\"breadcrumb\":{\"@id\":\"https:\\\/\\\/www.meydan.tv\\\/az\\\/article\\\/polad-bulbuloglu-susalilar-meni-ozlerine-deputat-secseler-hedsiz-derecede-sevinerem\\\/#breadcrumb\"},\"inLanguage\":\"az\",\"potentialAction\":[{\"@type\":\"ReadAction\",\"target\":[\"https:\\\/\\\/www.meydan.tv\\\/az\\\/article\\\/polad-bulbuloglu-susalilar-meni-ozlerine-deputat-secseler-hedsiz-derecede-sevinerem\\\/\"]}]},{\"@type\":\"ImageObject\",\"inLanguage\":\"az\",\"@id\":\"https:\\\/\\\/www.meydan.tv\\\/az\\\/article\\\/polad-bulbuloglu-susalilar-meni-ozlerine-deputat-secseler-hedsiz-derecede-sevinerem\\\/#primaryimage\",\"url\":\"https:\\\/\\\/www.meydan.tv\\\/wp-content\\\/uploads\\\/polad_bulbuloglu_2019-09-07-e1685635336345.jpg\",\"contentUrl\":\"https:\\\/\\\/www.meydan.tv\\\/wp-content\\\/uploads\\\/polad_bulbuloglu_2019-09-07-e1685635336345.jpg\",\"width\":1880,\"height\":893,\"caption\":\"Polad B\u00fclb\u00fclo\u011flu. Foto: Wikipedia\"},{\"@type\":\"BreadcrumbList\",\"@id\":\"https:\\\/\\\/www.meydan.tv\\\/az\\\/article\\\/polad-bulbuloglu-susalilar-meni-ozlerine-deputat-secseler-hedsiz-derecede-sevinerem\\\/#breadcrumb\",\"itemListElement\":[{\"@type\":\"ListItem\",\"position\":1,\"name\":\"Ana s\u0259hif\u0259\",\"item\":\"https:\\\/\\\/www.meydan.tv\\\/az\\\/\"},{\"@type\":\"ListItem\",\"position\":2,\"name\":\"Se\u00e7ki 2024\",\"item\":\"https:\\\/\\\/www.meydan.tv\\\/az\\\/section\\\/sechki-2024\\\/\"},{\"@type\":\"ListItem\",\"position\":3,\"name\":\"Polad B\u00fclb\u00fclo\u011flu: &#8220;\u015eu\u015fal\u0131lar m\u0259ni \u00f6zl\u0259rin\u0259 deputat se\u00e7s\u0259l\u0259r, h\u0259dsiz d\u0259r\u0259c\u0259d\u0259 sevin\u0259r\u0259m\u201d (yenil\u0259nib)\"}]},{\"@type\":\"WebSite\",\"@id\":\"https:\\\/\\\/www.meydan.tv\\\/az\\\/#website\",\"url\":\"https:\\\/\\\/www.meydan.tv\\\/az\\\/\",\"name\":\"MEYDAN.TV\",\"description\":\"Meydan TV Az\u0259rbaycan\u0131n media m\u0259kan\u0131ndak\u0131 alternativ s\u0259sidir\",\"publisher\":{\"@id\":\"https:\\\/\\\/www.meydan.tv\\\/az\\\/#organization\"},\"potentialAction\":[{\"@type\":\"SearchAction\",\"target\":{\"@type\":\"EntryPoint\",\"urlTemplate\":\"https:\\\/\\\/www.meydan.tv\\\/az\\\/?s={search_term_string}\"},\"query-input\":{\"@type\":\"PropertyValueSpecification\",\"valueRequired\":true,\"valueName\":\"search_term_string\"}}],\"inLanguage\":\"az\"},{\"@type\":\"Organization\",\"@id\":\"https:\\\/\\\/www.meydan.tv\\\/az\\\/#organization\",\"name\":\"Meydan TV\",\"url\":\"https:\\\/\\\/www.meydan.tv\\\/az\\\/\",\"logo\":{\"@type\":\"ImageObject\",\"inLanguage\":\"az\",\"@id\":\"https:\\\/\\\/www.meydan.tv\\\/az\\\/#\\\/schema\\\/logo\\\/image\\\/\",\"url\":\"https:\\\/\\\/www.meydan.tv\\\/wp-content\\\/uploads\\\/2021\\\/07\\\/meydan-logo.svg\",\"contentUrl\":\"https:\\\/\\\/www.meydan.tv\\\/wp-content\\\/uploads\\\/2021\\\/07\\\/meydan-logo.svg\",\"width\":195,\"height\":46,\"caption\":\"Meydan TV\"},\"image\":{\"@id\":\"https:\\\/\\\/www.meydan.tv\\\/az\\\/#\\\/schema\\\/logo\\\/image\\\/\"}},{\"@type\":\"Person\",\"@id\":\"https:\\\/\\\/www.meydan.tv\\\/az\\\/#\\\/schema\\\/person\\\/9cdbecf90d17180ce1dfbd95b08dcf47\",\"name\":\"elli\",\"sameAs\":[\"https:\\\/\\\/x.com\\\/elli\"]}]}<\/script>\n<!-- \/ Yoast SEO plugin. -->","yoast_head_json":{"title":"Polad B\u00fclb\u00fclo\u011flu: \"\u015eu\u015fal\u0131lar m\u0259ni \u00f6zl\u0259rin\u0259 deputat se\u00e7s\u0259l\u0259r, h\u0259dsiz d\u0259r\u0259c\u0259d\u0259 sevin\u0259r\u0259m\u201d (yenil\u0259nib) - MEYDAN.TV","description":"18 ildir Az\u0259rbaycan\u0131 Rusiyada t\u0259msil ed\u0259n s\u0259fir Polad B\u00fclb\u00fclo\u011flu sentyabr\u0131n 1-d\u0259 ke\u00e7iril\u0259n n\u00f6vb\u0259d\u0259nk\u0259nar parlament se\u00e7kil\u0259rind\u0259 i\u015ftirak\u0131n\u0131 istisna etm\u0259yib.","robots":{"index":"index","follow":"follow","max-snippet":"max-snippet:-1","max-image-preview":"max-image-preview:large","max-video-preview":"max-video-preview:-1"},"canonical":"https:\/\/www.meydan.tv\/az\/article\/polad-bulbuloglu-susalilar-meni-ozlerine-deputat-secseler-hedsiz-derecede-sevinerem\/","og_locale":"az_AZ","og_type":"article","og_title":"Polad B\u00fclb\u00fclo\u011flu: \"\u015eu\u015fal\u0131lar m\u0259ni \u00f6zl\u0259rin\u0259 deputat se\u00e7s\u0259l\u0259r, h\u0259dsiz d\u0259r\u0259c\u0259d\u0259 sevin\u0259r\u0259m\u201d (yenil\u0259nib) - MEYDAN.TV","og_description":"18 ildir Az\u0259rbaycan\u0131 Rusiyada t\u0259msil ed\u0259n s\u0259fir Polad B\u00fclb\u00fclo\u011flu sentyabr\u0131n 1-d\u0259 ke\u00e7iril\u0259n n\u00f6vb\u0259d\u0259nk\u0259nar parlament se\u00e7kil\u0259rind\u0259 i\u015ftirak\u0131n\u0131 istisna etm\u0259yib.","og_url":"https:\/\/www.meydan.tv\/az\/article\/polad-bulbuloglu-susalilar-meni-ozlerine-deputat-secseler-hedsiz-derecede-sevinerem\/","og_site_name":"MEYDAN.TV","article_published_time":"2024-07-25T11:00:19+00:00","article_modified_time":"2024-07-25T14:29:36+00:00","og_image":[{"width":1880,"height":893,"url":"https:\/\/www.meydan.tv\/wp-content\/uploads\/polad_bulbuloglu_2019-09-07-e1685635336345.jpg","type":"image\/jpeg"}],"author":"elli","twitter_card":"summary_large_image","twitter_creator":"@elli","schema":{"@context":"https:\/\/schema.org","@graph":[{"@type":"Article","@id":"https:\/\/www.meydan.tv\/az\/article\/polad-bulbuloglu-susalilar-meni-ozlerine-deputat-secseler-hedsiz-derecede-sevinerem\/#article","isPartOf":{"@id":"https:\/\/www.meydan.tv\/az\/article\/polad-bulbuloglu-susalilar-meni-ozlerine-deputat-secseler-hedsiz-derecede-sevinerem\/"},"author":{"name":"elli","@id":"https:\/\/www.meydan.tv\/az\/#\/schema\/person\/9cdbecf90d17180ce1dfbd95b08dcf47"},"headline":"Polad B\u00fclb\u00fclo\u011flu: &#8220;\u015eu\u015fal\u0131lar m\u0259ni \u00f6zl\u0259rin\u0259 deputat se\u00e7s\u0259l\u0259r, h\u0259dsiz d\u0259r\u0259c\u0259d\u0259 sevin\u0259r\u0259m\u201d (yenil\u0259nib)","datePublished":"2024-07-25T11:00:19+00:00","dateModified":"2024-07-25T14:29:36+00:00","mainEntityOfPage":{"@id":"https:\/\/www.meydan.tv\/az\/article\/polad-bulbuloglu-susalilar-meni-ozlerine-deputat-secseler-hedsiz-derecede-sevinerem\/"},"wordCount":591,"publisher":{"@id":"https:\/\/www.meydan.tv\/az\/#organization"},"image":{"@id":"https:\/\/www.meydan.tv\/az\/article\/polad-bulbuloglu-susalilar-meni-ozlerine-deputat-secseler-hedsiz-derecede-sevinerem\/#primaryimage"},"thumbnailUrl":"https:\/\/www.meydan.tv\/wp-content\/uploads\/polad_bulbuloglu_2019-09-07-e1685635336345.jpg","articleSection":["Se\u00e7ki 2024","Siyas\u0259t","X\u0259b\u0259rl\u0259r"],"inLanguage":"az"},{"@type":"WebPage","@id":"https:\/\/www.meydan.tv\/az\/article\/polad-bulbuloglu-susalilar-meni-ozlerine-deputat-secseler-hedsiz-derecede-sevinerem\/","url":"https:\/\/www.meydan.tv\/az\/article\/polad-bulbuloglu-susalilar-meni-ozlerine-deputat-secseler-hedsiz-derecede-sevinerem\/","name":"Polad B\u00fclb\u00fclo\u011flu: \"\u015eu\u015fal\u0131lar m\u0259ni \u00f6zl\u0259rin\u0259 deputat se\u00e7s\u0259l\u0259r, h\u0259dsiz d\u0259r\u0259c\u0259d\u0259 sevin\u0259r\u0259m\u201d (yenil\u0259nib) - MEYDAN.TV","isPartOf":{"@id":"https:\/\/www.meydan.tv\/az\/#website"},"primaryImageOfPage":{"@id":"https:\/\/www.meydan.tv\/az\/article\/polad-bulbuloglu-susalilar-meni-ozlerine-deputat-secseler-hedsiz-derecede-sevinerem\/#primaryimage"},"image":{"@id":"https:\/\/www.meydan.tv\/az\/article\/polad-bulbuloglu-susalilar-meni-ozlerine-deputat-secseler-hedsiz-derecede-sevinerem\/#primaryimage"},"thumbnailUrl":"https:\/\/www.meydan.tv\/wp-content\/uploads\/polad_bulbuloglu_2019-09-07-e1685635336345.jpg","datePublished":"2024-07-25T11:00:19+00:00","dateModified":"2024-07-25T14:29:36+00:00","description":"18 ildir Az\u0259rbaycan\u0131 Rusiyada t\u0259msil ed\u0259n s\u0259fir Polad B\u00fclb\u00fclo\u011flu sentyabr\u0131n 1-d\u0259 ke\u00e7iril\u0259n n\u00f6vb\u0259d\u0259nk\u0259nar parlament se\u00e7kil\u0259rind\u0259 i\u015ftirak\u0131n\u0131 istisna etm\u0259yib.","breadcrumb":{"@id":"https:\/\/www.meydan.tv\/az\/article\/polad-bulbuloglu-susalilar-meni-ozlerine-deputat-secseler-hedsiz-derecede-sevinerem\/#breadcrumb"},"inLanguage":"az","potentialAction":[{"@type":"ReadAction","target":["https:\/\/www.meydan.tv\/az\/article\/polad-bulbuloglu-susalilar-meni-ozlerine-deputat-secseler-hedsiz-derecede-sevinerem\/"]}]},{"@type":"ImageObject","inLanguage":"az","@id":"https:\/\/www.meydan.tv\/az\/article\/polad-bulbuloglu-susalilar-meni-ozlerine-deputat-secseler-hedsiz-derecede-sevinerem\/#primaryimage","url":"https:\/\/www.meydan.tv\/wp-content\/uploads\/polad_bulbuloglu_2019-09-07-e1685635336345.jpg","contentUrl":"https:\/\/www.meydan.tv\/wp-content\/uploads\/polad_bulbuloglu_2019-09-07-e1685635336345.jpg","width":1880,"height":893,"caption":"Polad B\u00fclb\u00fclo\u011flu. Foto: Wikipedia"},{"@type":"BreadcrumbList","@id":"https:\/\/www.meydan.tv\/az\/article\/polad-bulbuloglu-susalilar-meni-ozlerine-deputat-secseler-hedsiz-derecede-sevinerem\/#breadcrumb","itemListElement":[{"@type":"ListItem","position":1,"name":"Ana s\u0259hif\u0259","item":"https:\/\/www.meydan.tv\/az\/"},{"@type":"ListItem","position":2,"name":"Se\u00e7ki 2024","item":"https:\/\/www.meydan.tv\/az\/section\/sechki-2024\/"},{"@type":"ListItem","position":3,"name":"Polad B\u00fclb\u00fclo\u011flu: &#8220;\u015eu\u015fal\u0131lar m\u0259ni \u00f6zl\u0259rin\u0259 deputat se\u00e7s\u0259l\u0259r, h\u0259dsiz d\u0259r\u0259c\u0259d\u0259 sevin\u0259r\u0259m\u201d (yenil\u0259nib)"}]},{"@type":"WebSite","@id":"https:\/\/www.meydan.tv\/az\/#website","url":"https:\/\/www.meydan.tv\/az\/","name":"MEYDAN.TV","description":"Meydan TV Az\u0259rbaycan\u0131n media m\u0259kan\u0131ndak\u0131 alternativ s\u0259sidir","publisher":{"@id":"https:\/\/www.meydan.tv\/az\/#organization"},"potentialAction":[{"@type":"SearchAction","target":{"@type":"EntryPoint","urlTemplate":"https:\/\/www.meydan.tv\/az\/?s={search_term_string}"},"query-input":{"@type":"PropertyValueSpecification","valueRequired":true,"valueName":"search_term_string"}}],"inLanguage":"az"},{"@type":"Organization","@id":"https:\/\/www.meydan.tv\/az\/#organization","name":"Meydan TV","url":"https:\/\/www.meydan.tv\/az\/","logo":{"@type":"ImageObject","inLanguage":"az","@id":"https:\/\/www.meydan.tv\/az\/#\/schema\/logo\/image\/","url":"https:\/\/www.meydan.tv\/wp-content\/uploads\/2021\/07\/meydan-logo.svg","contentUrl":"https:\/\/www.meydan.tv\/wp-content\/uploads\/2021\/07\/meydan-logo.svg","width":195,"height":46,"caption":"Meydan TV"},"image":{"@id":"https:\/\/www.meydan.tv\/az\/#\/schema\/logo\/image\/"}},{"@type":"Person","@id":"https:\/\/www.meydan.tv\/az\/#\/schema\/person\/9cdbecf90d17180ce1dfbd95b08dcf47","name":"elli","sameAs":["https:\/\/x.com\/elli"]}]}},"_links":{"self":[{"href":"https:\/\/www.meydan.tv\/az\/wp-json\/wp\/v2\/posts\/311382","targetHints":{"allow":["GET"]}}],"collection":[{"href":"https:\/\/www.meydan.tv\/az\/wp-json\/wp\/v2\/posts"}],"about":[{"href":"https:\/\/www.meydan.tv\/az\/wp-json\/wp\/v2\/types\/post"}],"author":[{"embeddable":true,"href":"https:\/\/www.meydan.tv\/az\/wp-json\/wp\/v2\/users\/8"}],"replies":[{"embeddable":true,"href":"https:\/\/www.meydan.tv\/az\/wp-json\/wp\/v2\/comments?post=311382"}],"version-history":[{"count":5,"href":"https:\/\/www.meydan.tv\/az\/wp-json\/wp\/v2\/posts\/311382\/revisions"}],"predecessor-version":[{"id":311445,"href":"https:\/\/www.meydan.tv\/az\/wp-json\/wp\/v2\/posts\/311382\/revisions\/311445"}],"wp:featuredmedia":[{"embeddable":true,"href":"https:\/\/www.meydan.tv\/az\/wp-json\/wp\/v2\/media\/276664"}],"wp:attachment":[{"href":"https:\/\/www.meydan.tv\/az\/wp-json\/wp\/v2\/media?parent=311382"}],"wp:term":[{"taxonomy":"category","embeddable":true,"href":"https:\/\/www.meydan.tv\/az\/wp-json\/wp\/v2\/categories?post=311382"},{"taxonomy":"post_tag","embeddable":true,"href":"https:\/\/www.meydan.tv\/az\/wp-json\/wp\/v2\/tags?post=311382"}],"curies":[{"name":"wp","href":"https:\/\/api.w.org\/{rel}","templated":true}]}}