{"id":311365,"date":"2024-07-25T14:20:08","date_gmt":"2024-07-25T10:20:08","guid":{"rendered":"https:\/\/www.meydan.tv\/?p=311365"},"modified":"2024-07-25T14:20:10","modified_gmt":"2024-07-25T10:20:10","slug":"gurcustanda-azerbaycan-ve-ermenidilli-muellimler-ana-dilinde-imtahan-vere-bilecekler","status":"publish","type":"post","link":"https:\/\/www.meydan.tv\/az\/article\/gurcustanda-azerbaycan-ve-ermenidilli-muellimler-ana-dilinde-imtahan-vere-bilecekler\/","title":{"rendered":"G\u00fcrc\u00fcstanda Az\u0259rbaycan v\u0259 erm\u0259nidilli m\u00fc\u0259lliml\u0259r ana dilind\u0259 imtahan ver\u0259 bil\u0259c\u0259kl\u0259r"},"content":{"rendered":"\n<p><\/p>\n\n\n\n<p><strong><em>Ombudsmana \u015fikay\u0259t edildi, problem h\u0259llini tapd\u0131<\/em><\/strong><\/p>\n\n\n\n<p>2025-ci ild\u0259 qeyri-g\u00fcrc\u00fc dilli m\u0259kt\u0259bl\u0259rd\u0259 \u00e7al\u0131\u015fan ibtidai sinif m\u00fc\u0259lliml\u0259ri, el\u0259c\u0259 d\u0259 x\u00fcsusi m\u00fc\u0259lliml\u0259r ana dilind\u0259 imtahan ver\u0259 bil\u0259c\u0259kl\u0259r.<\/p>\n\n\n\n<p>G\u00fcrc\u00fcstan T\u0259hsil, Elm v\u0259 G\u0259ncl\u0259r Nazirliyinin m\u0259lumat\u0131na g\u00f6r\u0259, haz\u0131rda nazirlik etnik azl\u0131qlar\u0131n m\u00fc\u0259lliml\u0259ri \u00fc\u00e7\u00fcn ana dilind\u0259 imtahan\u0131n t\u0259\u015fkili \u00fcz\u0259rind\u0259 i\u015fl\u0259yir.<\/p>\n\n\n\n<p>M\u0259lumatda qeyd edilib ki, b\u00fct\u00fcn etnik azl\u0131qlar\u0131n m\u00fc\u0259lliml\u0259ri bu g\u00fcn d\u0259 \u00f6z ana dilind\u0259 ist\u0259nil\u0259n f\u0259nn \u00fczr\u0259 \u00f6z s\u0259ri\u015ft\u0259l\u0259rini t\u0259kmill\u0259\u015fdirm\u0259k imkan\u0131na malikdirl\u0259r. \u0130stisnalar ibtidai sinif v\u0259 h\u0259m\u00e7inin x\u00fcsusi m\u00fc\u0259llim imtahanlar\u0131 il\u0259 ba\u011fl\u0131 idi. Art\u0131q 2025-ci ild\u0259 etnik azl\u0131qlar\u0131n m\u00fc\u0259lliml\u0259ri erm\u0259ni v\u0259 Az\u0259rbaycan dill\u0259rind\u0259n kombinl\u0259\u015fdirilmi\u015f v\u0259 x\u00fcsusi m\u00fc\u0259llim imtahanlar\u0131ndan ke\u00e7\u0259 bil\u0259c\u0259kl\u0259r.<\/p>\n\n\n\n<p>Bir m\u00fcdd\u0259t \u00f6nc\u0259 ictimai f\u0259al Ayg\u00fcl \u0130sayeva t\u0259r\u0259find\u0259n G\u00fcrc\u00fcstan\u0131n Xalq M\u00fcdafi\u0259\u00e7isin\u0259 (Ombudsman) az\u0259rbaycandilli m\u0259kt\u0259bl\u0259rd\u0259 diskriminasiya fakt\u0131n\u0131n olmas\u0131 bar\u0259d\u0259 m\u00fcraci\u0259t \u00fcnvanlan\u0131b. G\u00fcrc\u00fcstan\u0131n Xalq M\u00fcdafi\u0259\u00e7isi h\u0259min m\u00fcraci\u0259ti ara\u015fd\u0131rd\u0131qdan sonra m\u0259kt\u0259bl\u0259rd\u0259 diskriminasiya hallar\u0131n\u0131n a\u015fkar edildiyini bildirib v\u0259 bununla ba\u011fl\u0131 G\u00fcrc\u00fcstan\u0131n T\u0259hsil, Elm v\u0259 G\u0259ncl\u0259r Nazirliyin\u0259 bildiri\u015f g\u00f6nd\u0259rib.<\/p>\n\n\n\n<p>D\u00f6vl\u0259t qurumlar\u0131na \u00fcnvanlanan m\u00fcraci\u0259tl\u0259rd\u0259 ibtidai sinif m\u00fc\u0259lliml\u0259rinin, el\u0259c\u0259 d\u0259 inkl\u00fcziv t\u0259hsil sistemind\u0259 \u00e7al\u0131\u015fan x\u00fcsusi m\u00fc\u0259lliml\u0259rin \u00fczl\u0259\u015fdiyi probleml\u0259r, h\u0259m\u00e7inin g\u00fcrc\u00fc v\u0259 qeyri-g\u00fcrc\u00fcdilli m\u0259kt\u0259bl\u0259r aras\u0131ndak\u0131 k\u0259skin f\u0259rq d\u0259 \u0259ks etdirilib.<\/p>\n\n\n\n<p>T\u0259hsil, elm v\u0259 g\u0259ncl\u0259r naziri Giorgi Amilaxvari d\u0259 m\u0259ktubu cavablayaraq bildirib ki, 2025-ci ild\u0259 qeyri-g\u00fcrc\u00fcdilli m\u0259kt\u0259bl\u0259rd\u0259 (sektorlarda) ibtidai sinif m\u00fc\u0259lliml\u0259ri (1-4-c\u00fc sinif) \u00fc\u00e7\u00fcn kombin\u0259 edilmi\u015f imtahanlar t\u0259\u015fkil edil\u0259c\u0259k.<\/p>\n\n\n\n<p><strong>\u018fslind\u0259 n\u0259 ba\u015f verirdi?<\/strong><\/p>\n\n\n\n<p>G\u00fcrc\u00fcdilli m\u0259kt\u0259bl\u0259rd\u0259 ibtidai sinif m\u00fc\u0259llimi kombin\u0259 edilmi\u015f f\u0259nl\u0259rd\u0259n (t\u0259bi\u0259t, riyaziyyat v\u0259 g\u00fcrc\u00fc dili v\u0259 \u0259d\u0259biyyat) 1 d\u0259f\u0259 imtahan verib \u201cba\u015f m\u00fc\u0259llim\u201d statusunu al\u0131rd\u0131. Az\u0259rbaycandilli m\u0259kt\u0259bl\u0259rd\u0259 d\u0259rs dey\u0259n ibtidai sinif m\u00fc\u0259lliml\u0259ri \u00fc\u00e7\u00fcn bel\u0259 imkanlar yarad\u0131lmam\u0131\u015fd\u0131. <\/p>\n\n\n\n<p>Az\u0259rbaycandilli m\u0259kt\u0259bl\u0259rd\u0259 d\u0259rs dey\u0259n ibtidai sinif m\u00fc\u0259lliml\u0259ri h\u0259r f\u0259nd\u0259n ayr\u0131-ayr\u0131l\u0131qda imtahan verm\u0259li olurdular. \u018fks\u0259riyy\u0259t asan oldu\u011fu \u00fc\u00e7\u00fcn t\u0259bi\u0259t f\u0259nnind\u0259n imtahan verir, n\u0259tic\u0259d\u0259 is\u0259 d\u0259rsl\u0259ri b\u00f6l\u00fc\u015fd\u00fcr\u0259 bilmirdil\u0259r. G\u00fcrc\u00fcdilli m\u0259kt\u0259bl\u0259rd\u0259 i\u015fl\u0259y\u0259nl\u0259r bir il\u0259 \u201cba\u015f m\u00fc\u0259llim\u201d statusunu al\u0131b, bir ne\u00e7\u0259 f\u0259nn \u00fczr\u0259 y\u00fcks\u0259k maa\u015f al\u0131rd\u0131. Az\u0259rbaycandilli m\u0259kt\u0259bl\u0259rd\u0259 d\u0259rs dey\u0259nl\u0259r is\u0259 h\u0259r f\u0259nn \u00fczr\u0259 \u201cba\u015f m\u00fc\u0259llim\u201d statusunu almaq \u00fc\u00e7\u00fcn 3-4 d\u0259f\u0259 imtahan verm\u0259li olur, uy\u011fun olaraq da 3-4 il vaxt s\u0259rf edirdil\u0259r. Dig\u0259r bir m\u0259s\u0259l\u0259, g\u00fcrc\u00fcdilli m\u0259kt\u0259bl\u0259rd\u0259 ibtidai sinif m\u00fc\u0259lliml\u0259ri 1-4-c\u00fc sinifl\u0259ri \u0259hat\u0259 ed\u0259n materiallardan imtahan verirl\u0259r. Az\u0259rbaycandilli m\u0259kt\u0259bl\u0259rd\u0259 i\u015fl\u0259y\u0259nl\u0259rin imtahan suallar\u0131na is\u0259 yuxar\u0131 sinifl\u0259r\u0259 aid olan materiallar sal\u0131n\u0131rd\u0131. M\u0259s\u0259l\u0259n, az\u0259rbaycandilli m\u0259kt\u0259bd\u0259 i\u015fl\u0259y\u0259n ibtidai sinif m\u00fc\u0259llimi \u201cAz\u0259rbaycan dili v\u0259 \u0259d\u0259biyyat\u201ddan imtahan verm\u0259li olsa, imtahan suallar\u0131 1-12-ci sinifl\u0259ri \u0259hat\u0259 ed\u0259c\u0259kdi. Halbuki, bu m\u00fc\u0259llim 1-4-c\u00fc sinifl\u0259rd\u0259 d\u0259rs deyir, ancaq imtahanda 9-cu, 10-cu, 11-ci sinifl\u0259r\u0259 aid olan suallar\u0131 da cavabland\u0131rma\u011fa m\u0259cbur edilirdi.<\/p>\n\n\n\n<p>G\u00fcrc\u00fcstan Respublikas\u0131n\u0131n \u201cDiskriminasiyan\u0131n b\u00fct\u00fcn formalar\u0131n\u0131n l\u0259\u011fvi haqq\u0131nda\u201d Qanununun 6-c\u0131 madd\u0259sin\u0259 uy\u011fun olaraq G\u00fcrc\u00fcstan\u0131n Xalq M\u00fcdafi\u0259\u00e7isi diskiriminasiya hallar\u0131n\u0131n a\u015fkar edildiyi halda aidiyyat\u0131 qurum v\u0259 \u015f\u0259xsl\u0259r\u0259 ayr\u0131se\u00e7kiliyin qar\u015f\u0131s\u0131n\u0131n al\u0131nmas\u0131 v\u0259 ona qar\u015f\u0131 m\u00fcbariz\u0259 m\u0259s\u0259l\u0259l\u0259ri il\u0259 ba\u011fl\u0131 \u00fcmumi t\u0259klifl\u0259r haz\u0131rlay\u0131b g\u00f6nd\u0259rir.<\/p>\n","protected":false},"excerpt":{"rendered":"<p>Ombudsmana \u015fikay\u0259t edildi, problem h\u0259llini tapd\u0131 2025-ci ild\u0259 qeyri-g\u00fcrc\u00fc dilli &#8230; <\/p>\n<p class=\"read-more-container\"><a title=\"G\u00fcrc\u00fcstanda Az\u0259rbaycan v\u0259 erm\u0259nidilli m\u00fc\u0259lliml\u0259r ana dilind\u0259 imtahan ver\u0259 bil\u0259c\u0259kl\u0259r\" class=\"read-more button\" href=\"https:\/\/www.meydan.tv\/az\/article\/gurcustanda-azerbaycan-ve-ermenidilli-muellimler-ana-dilinde-imtahan-vere-bilecekler\/#more-311365\" aria-label=\"Read more about G\u00fcrc\u00fcstanda Az\u0259rbaycan v\u0259 erm\u0259nidilli m\u00fc\u0259lliml\u0259r ana dilind\u0259 imtahan ver\u0259 bil\u0259c\u0259kl\u0259r\">Davam\u0131<\/a><\/p>\n","protected":false},"author":8,"featured_media":288341,"comment_status":"closed","ping_status":"closed","sticky":false,"template":"","format":"standard","meta":{"_acf_changed":false,"_sitemap_exclude":false,"_sitemap_priority":"","_sitemap_frequency":"","footnotes":""},"categories":[62,56],"tags":[],"class_list":["post-311365","post","type-post","status-publish","format-standard","has-post-thumbnail","hentry","category-sosial","category-xeberler","infinite-scroll-item","generate-columns","tablet-grid-50","mobile-grid-100","grid-parent","grid-33","no-featured-image-padding"],"acf":[],"yoast_head":"<!-- This site is optimized with the Yoast SEO plugin v27.5 - https:\/\/yoast.com\/product\/yoast-seo-wordpress\/ -->\n<title>G\u00fcrc\u00fcstanda Az\u0259rbaycan v\u0259 erm\u0259nidilli m\u00fc\u0259lliml\u0259r ana dilind\u0259 imtahan ver\u0259 bil\u0259c\u0259kl\u0259r - MEYDAN.TV<\/title>\n<meta name=\"robots\" content=\"index, follow, max-snippet:-1, max-image-preview:large, max-video-preview:-1\" \/>\n<link rel=\"canonical\" href=\"https:\/\/www.meydan.tv\/az\/article\/gurcustanda-azerbaycan-ve-ermenidilli-muellimler-ana-dilinde-imtahan-vere-bilecekler\/\" \/>\n<meta property=\"og:locale\" content=\"az_AZ\" \/>\n<meta property=\"og:type\" content=\"article\" \/>\n<meta property=\"og:title\" content=\"G\u00fcrc\u00fcstanda Az\u0259rbaycan v\u0259 erm\u0259nidilli m\u00fc\u0259lliml\u0259r ana dilind\u0259 imtahan ver\u0259 bil\u0259c\u0259kl\u0259r - MEYDAN.TV\" \/>\n<meta property=\"og:description\" content=\"Ombudsmana \u015fikay\u0259t edildi, problem h\u0259llini tapd\u0131 2025-ci ild\u0259 qeyri-g\u00fcrc\u00fc dilli ... Davam\u0131\" \/>\n<meta property=\"og:url\" content=\"https:\/\/www.meydan.tv\/az\/article\/gurcustanda-azerbaycan-ve-ermenidilli-muellimler-ana-dilinde-imtahan-vere-bilecekler\/\" \/>\n<meta property=\"og:site_name\" content=\"MEYDAN.TV\" \/>\n<meta property=\"article:published_time\" content=\"2024-07-25T10:20:08+00:00\" \/>\n<meta property=\"article:modified_time\" content=\"2024-07-25T10:20:10+00:00\" \/>\n<meta property=\"og:image\" content=\"https:\/\/www.meydan.tv\/wp-content\/uploads\/shutterstock_2257726179-scaled-e1697740188203.jpg\" \/>\n\t<meta property=\"og:image:width\" content=\"2560\" \/>\n\t<meta property=\"og:image:height\" content=\"1309\" \/>\n\t<meta property=\"og:image:type\" content=\"image\/jpeg\" \/>\n<meta name=\"author\" content=\"elli\" \/>\n<meta name=\"twitter:card\" content=\"summary_large_image\" \/>\n<meta name=\"twitter:creator\" content=\"@elli\" \/>\n<script type=\"application\/ld+json\" class=\"yoast-schema-graph\">{\"@context\":\"https:\\\/\\\/schema.org\",\"@graph\":[{\"@type\":\"Article\",\"@id\":\"https:\\\/\\\/www.meydan.tv\\\/az\\\/article\\\/gurcustanda-azerbaycan-ve-ermenidilli-muellimler-ana-dilinde-imtahan-vere-bilecekler\\\/#article\",\"isPartOf\":{\"@id\":\"https:\\\/\\\/www.meydan.tv\\\/az\\\/article\\\/gurcustanda-azerbaycan-ve-ermenidilli-muellimler-ana-dilinde-imtahan-vere-bilecekler\\\/\"},\"author\":{\"name\":\"elli\",\"@id\":\"https:\\\/\\\/www.meydan.tv\\\/az\\\/#\\\/schema\\\/person\\\/9cdbecf90d17180ce1dfbd95b08dcf47\"},\"headline\":\"G\u00fcrc\u00fcstanda Az\u0259rbaycan v\u0259 erm\u0259nidilli m\u00fc\u0259lliml\u0259r ana dilind\u0259 imtahan ver\u0259 bil\u0259c\u0259kl\u0259r\",\"datePublished\":\"2024-07-25T10:20:08+00:00\",\"dateModified\":\"2024-07-25T10:20:10+00:00\",\"mainEntityOfPage\":{\"@id\":\"https:\\\/\\\/www.meydan.tv\\\/az\\\/article\\\/gurcustanda-azerbaycan-ve-ermenidilli-muellimler-ana-dilinde-imtahan-vere-bilecekler\\\/\"},\"wordCount\":767,\"publisher\":{\"@id\":\"https:\\\/\\\/www.meydan.tv\\\/az\\\/#organization\"},\"image\":{\"@id\":\"https:\\\/\\\/www.meydan.tv\\\/az\\\/article\\\/gurcustanda-azerbaycan-ve-ermenidilli-muellimler-ana-dilinde-imtahan-vere-bilecekler\\\/#primaryimage\"},\"thumbnailUrl\":\"https:\\\/\\\/www.meydan.tv\\\/wp-content\\\/uploads\\\/shutterstock_2257726179-scaled-e1697740188203.jpg\",\"articleSection\":[\"Sosial\",\"X\u0259b\u0259rl\u0259r\"],\"inLanguage\":\"az\"},{\"@type\":\"WebPage\",\"@id\":\"https:\\\/\\\/www.meydan.tv\\\/az\\\/article\\\/gurcustanda-azerbaycan-ve-ermenidilli-muellimler-ana-dilinde-imtahan-vere-bilecekler\\\/\",\"url\":\"https:\\\/\\\/www.meydan.tv\\\/az\\\/article\\\/gurcustanda-azerbaycan-ve-ermenidilli-muellimler-ana-dilinde-imtahan-vere-bilecekler\\\/\",\"name\":\"G\u00fcrc\u00fcstanda Az\u0259rbaycan v\u0259 erm\u0259nidilli m\u00fc\u0259lliml\u0259r ana dilind\u0259 imtahan ver\u0259 bil\u0259c\u0259kl\u0259r - MEYDAN.TV\",\"isPartOf\":{\"@id\":\"https:\\\/\\\/www.meydan.tv\\\/az\\\/#website\"},\"primaryImageOfPage\":{\"@id\":\"https:\\\/\\\/www.meydan.tv\\\/az\\\/article\\\/gurcustanda-azerbaycan-ve-ermenidilli-muellimler-ana-dilinde-imtahan-vere-bilecekler\\\/#primaryimage\"},\"image\":{\"@id\":\"https:\\\/\\\/www.meydan.tv\\\/az\\\/article\\\/gurcustanda-azerbaycan-ve-ermenidilli-muellimler-ana-dilinde-imtahan-vere-bilecekler\\\/#primaryimage\"},\"thumbnailUrl\":\"https:\\\/\\\/www.meydan.tv\\\/wp-content\\\/uploads\\\/shutterstock_2257726179-scaled-e1697740188203.jpg\",\"datePublished\":\"2024-07-25T10:20:08+00:00\",\"dateModified\":\"2024-07-25T10:20:10+00:00\",\"breadcrumb\":{\"@id\":\"https:\\\/\\\/www.meydan.tv\\\/az\\\/article\\\/gurcustanda-azerbaycan-ve-ermenidilli-muellimler-ana-dilinde-imtahan-vere-bilecekler\\\/#breadcrumb\"},\"inLanguage\":\"az\",\"potentialAction\":[{\"@type\":\"ReadAction\",\"target\":[\"https:\\\/\\\/www.meydan.tv\\\/az\\\/article\\\/gurcustanda-azerbaycan-ve-ermenidilli-muellimler-ana-dilinde-imtahan-vere-bilecekler\\\/\"]}]},{\"@type\":\"ImageObject\",\"inLanguage\":\"az\",\"@id\":\"https:\\\/\\\/www.meydan.tv\\\/az\\\/article\\\/gurcustanda-azerbaycan-ve-ermenidilli-muellimler-ana-dilinde-imtahan-vere-bilecekler\\\/#primaryimage\",\"url\":\"https:\\\/\\\/www.meydan.tv\\\/wp-content\\\/uploads\\\/shutterstock_2257726179-scaled-e1697740188203.jpg\",\"contentUrl\":\"https:\\\/\\\/www.meydan.tv\\\/wp-content\\\/uploads\\\/shutterstock_2257726179-scaled-e1697740188203.jpg\",\"width\":2560,\"height\":1309,\"caption\":\"G\u00fcrc\u00fcstan, Tbilisi. Foto: Efired\\\/shutterstock\"},{\"@type\":\"BreadcrumbList\",\"@id\":\"https:\\\/\\\/www.meydan.tv\\\/az\\\/article\\\/gurcustanda-azerbaycan-ve-ermenidilli-muellimler-ana-dilinde-imtahan-vere-bilecekler\\\/#breadcrumb\",\"itemListElement\":[{\"@type\":\"ListItem\",\"position\":1,\"name\":\"Ana s\u0259hif\u0259\",\"item\":\"https:\\\/\\\/www.meydan.tv\\\/az\\\/\"},{\"@type\":\"ListItem\",\"position\":2,\"name\":\"Sosial\",\"item\":\"https:\\\/\\\/www.meydan.tv\\\/az\\\/section\\\/sosial\\\/\"},{\"@type\":\"ListItem\",\"position\":3,\"name\":\"G\u00fcrc\u00fcstanda Az\u0259rbaycan v\u0259 erm\u0259nidilli m\u00fc\u0259lliml\u0259r ana dilind\u0259 imtahan ver\u0259 bil\u0259c\u0259kl\u0259r\"}]},{\"@type\":\"WebSite\",\"@id\":\"https:\\\/\\\/www.meydan.tv\\\/az\\\/#website\",\"url\":\"https:\\\/\\\/www.meydan.tv\\\/az\\\/\",\"name\":\"MEYDAN.TV\",\"description\":\"Meydan TV Az\u0259rbaycan\u0131n media m\u0259kan\u0131ndak\u0131 alternativ s\u0259sidir\",\"publisher\":{\"@id\":\"https:\\\/\\\/www.meydan.tv\\\/az\\\/#organization\"},\"potentialAction\":[{\"@type\":\"SearchAction\",\"target\":{\"@type\":\"EntryPoint\",\"urlTemplate\":\"https:\\\/\\\/www.meydan.tv\\\/az\\\/?s={search_term_string}\"},\"query-input\":{\"@type\":\"PropertyValueSpecification\",\"valueRequired\":true,\"valueName\":\"search_term_string\"}}],\"inLanguage\":\"az\"},{\"@type\":\"Organization\",\"@id\":\"https:\\\/\\\/www.meydan.tv\\\/az\\\/#organization\",\"name\":\"Meydan TV\",\"url\":\"https:\\\/\\\/www.meydan.tv\\\/az\\\/\",\"logo\":{\"@type\":\"ImageObject\",\"inLanguage\":\"az\",\"@id\":\"https:\\\/\\\/www.meydan.tv\\\/az\\\/#\\\/schema\\\/logo\\\/image\\\/\",\"url\":\"https:\\\/\\\/www.meydan.tv\\\/wp-content\\\/uploads\\\/2021\\\/07\\\/meydan-logo.svg\",\"contentUrl\":\"https:\\\/\\\/www.meydan.tv\\\/wp-content\\\/uploads\\\/2021\\\/07\\\/meydan-logo.svg\",\"width\":195,\"height\":46,\"caption\":\"Meydan TV\"},\"image\":{\"@id\":\"https:\\\/\\\/www.meydan.tv\\\/az\\\/#\\\/schema\\\/logo\\\/image\\\/\"}},{\"@type\":\"Person\",\"@id\":\"https:\\\/\\\/www.meydan.tv\\\/az\\\/#\\\/schema\\\/person\\\/9cdbecf90d17180ce1dfbd95b08dcf47\",\"name\":\"elli\",\"sameAs\":[\"https:\\\/\\\/x.com\\\/elli\"]}]}<\/script>\n<!-- \/ Yoast SEO plugin. -->","yoast_head_json":{"title":"G\u00fcrc\u00fcstanda Az\u0259rbaycan v\u0259 erm\u0259nidilli m\u00fc\u0259lliml\u0259r ana dilind\u0259 imtahan ver\u0259 bil\u0259c\u0259kl\u0259r - MEYDAN.TV","robots":{"index":"index","follow":"follow","max-snippet":"max-snippet:-1","max-image-preview":"max-image-preview:large","max-video-preview":"max-video-preview:-1"},"canonical":"https:\/\/www.meydan.tv\/az\/article\/gurcustanda-azerbaycan-ve-ermenidilli-muellimler-ana-dilinde-imtahan-vere-bilecekler\/","og_locale":"az_AZ","og_type":"article","og_title":"G\u00fcrc\u00fcstanda Az\u0259rbaycan v\u0259 erm\u0259nidilli m\u00fc\u0259lliml\u0259r ana dilind\u0259 imtahan ver\u0259 bil\u0259c\u0259kl\u0259r - MEYDAN.TV","og_description":"Ombudsmana \u015fikay\u0259t edildi, problem h\u0259llini tapd\u0131 2025-ci ild\u0259 qeyri-g\u00fcrc\u00fc dilli ... Davam\u0131","og_url":"https:\/\/www.meydan.tv\/az\/article\/gurcustanda-azerbaycan-ve-ermenidilli-muellimler-ana-dilinde-imtahan-vere-bilecekler\/","og_site_name":"MEYDAN.TV","article_published_time":"2024-07-25T10:20:08+00:00","article_modified_time":"2024-07-25T10:20:10+00:00","og_image":[{"width":2560,"height":1309,"url":"https:\/\/www.meydan.tv\/wp-content\/uploads\/shutterstock_2257726179-scaled-e1697740188203.jpg","type":"image\/jpeg"}],"author":"elli","twitter_card":"summary_large_image","twitter_creator":"@elli","schema":{"@context":"https:\/\/schema.org","@graph":[{"@type":"Article","@id":"https:\/\/www.meydan.tv\/az\/article\/gurcustanda-azerbaycan-ve-ermenidilli-muellimler-ana-dilinde-imtahan-vere-bilecekler\/#article","isPartOf":{"@id":"https:\/\/www.meydan.tv\/az\/article\/gurcustanda-azerbaycan-ve-ermenidilli-muellimler-ana-dilinde-imtahan-vere-bilecekler\/"},"author":{"name":"elli","@id":"https:\/\/www.meydan.tv\/az\/#\/schema\/person\/9cdbecf90d17180ce1dfbd95b08dcf47"},"headline":"G\u00fcrc\u00fcstanda Az\u0259rbaycan v\u0259 erm\u0259nidilli m\u00fc\u0259lliml\u0259r ana dilind\u0259 imtahan ver\u0259 bil\u0259c\u0259kl\u0259r","datePublished":"2024-07-25T10:20:08+00:00","dateModified":"2024-07-25T10:20:10+00:00","mainEntityOfPage":{"@id":"https:\/\/www.meydan.tv\/az\/article\/gurcustanda-azerbaycan-ve-ermenidilli-muellimler-ana-dilinde-imtahan-vere-bilecekler\/"},"wordCount":767,"publisher":{"@id":"https:\/\/www.meydan.tv\/az\/#organization"},"image":{"@id":"https:\/\/www.meydan.tv\/az\/article\/gurcustanda-azerbaycan-ve-ermenidilli-muellimler-ana-dilinde-imtahan-vere-bilecekler\/#primaryimage"},"thumbnailUrl":"https:\/\/www.meydan.tv\/wp-content\/uploads\/shutterstock_2257726179-scaled-e1697740188203.jpg","articleSection":["Sosial","X\u0259b\u0259rl\u0259r"],"inLanguage":"az"},{"@type":"WebPage","@id":"https:\/\/www.meydan.tv\/az\/article\/gurcustanda-azerbaycan-ve-ermenidilli-muellimler-ana-dilinde-imtahan-vere-bilecekler\/","url":"https:\/\/www.meydan.tv\/az\/article\/gurcustanda-azerbaycan-ve-ermenidilli-muellimler-ana-dilinde-imtahan-vere-bilecekler\/","name":"G\u00fcrc\u00fcstanda Az\u0259rbaycan v\u0259 erm\u0259nidilli m\u00fc\u0259lliml\u0259r ana dilind\u0259 imtahan ver\u0259 bil\u0259c\u0259kl\u0259r - MEYDAN.TV","isPartOf":{"@id":"https:\/\/www.meydan.tv\/az\/#website"},"primaryImageOfPage":{"@id":"https:\/\/www.meydan.tv\/az\/article\/gurcustanda-azerbaycan-ve-ermenidilli-muellimler-ana-dilinde-imtahan-vere-bilecekler\/#primaryimage"},"image":{"@id":"https:\/\/www.meydan.tv\/az\/article\/gurcustanda-azerbaycan-ve-ermenidilli-muellimler-ana-dilinde-imtahan-vere-bilecekler\/#primaryimage"},"thumbnailUrl":"https:\/\/www.meydan.tv\/wp-content\/uploads\/shutterstock_2257726179-scaled-e1697740188203.jpg","datePublished":"2024-07-25T10:20:08+00:00","dateModified":"2024-07-25T10:20:10+00:00","breadcrumb":{"@id":"https:\/\/www.meydan.tv\/az\/article\/gurcustanda-azerbaycan-ve-ermenidilli-muellimler-ana-dilinde-imtahan-vere-bilecekler\/#breadcrumb"},"inLanguage":"az","potentialAction":[{"@type":"ReadAction","target":["https:\/\/www.meydan.tv\/az\/article\/gurcustanda-azerbaycan-ve-ermenidilli-muellimler-ana-dilinde-imtahan-vere-bilecekler\/"]}]},{"@type":"ImageObject","inLanguage":"az","@id":"https:\/\/www.meydan.tv\/az\/article\/gurcustanda-azerbaycan-ve-ermenidilli-muellimler-ana-dilinde-imtahan-vere-bilecekler\/#primaryimage","url":"https:\/\/www.meydan.tv\/wp-content\/uploads\/shutterstock_2257726179-scaled-e1697740188203.jpg","contentUrl":"https:\/\/www.meydan.tv\/wp-content\/uploads\/shutterstock_2257726179-scaled-e1697740188203.jpg","width":2560,"height":1309,"caption":"G\u00fcrc\u00fcstan, Tbilisi. Foto: Efired\/shutterstock"},{"@type":"BreadcrumbList","@id":"https:\/\/www.meydan.tv\/az\/article\/gurcustanda-azerbaycan-ve-ermenidilli-muellimler-ana-dilinde-imtahan-vere-bilecekler\/#breadcrumb","itemListElement":[{"@type":"ListItem","position":1,"name":"Ana s\u0259hif\u0259","item":"https:\/\/www.meydan.tv\/az\/"},{"@type":"ListItem","position":2,"name":"Sosial","item":"https:\/\/www.meydan.tv\/az\/section\/sosial\/"},{"@type":"ListItem","position":3,"name":"G\u00fcrc\u00fcstanda Az\u0259rbaycan v\u0259 erm\u0259nidilli m\u00fc\u0259lliml\u0259r ana dilind\u0259 imtahan ver\u0259 bil\u0259c\u0259kl\u0259r"}]},{"@type":"WebSite","@id":"https:\/\/www.meydan.tv\/az\/#website","url":"https:\/\/www.meydan.tv\/az\/","name":"MEYDAN.TV","description":"Meydan TV Az\u0259rbaycan\u0131n media m\u0259kan\u0131ndak\u0131 alternativ s\u0259sidir","publisher":{"@id":"https:\/\/www.meydan.tv\/az\/#organization"},"potentialAction":[{"@type":"SearchAction","target":{"@type":"EntryPoint","urlTemplate":"https:\/\/www.meydan.tv\/az\/?s={search_term_string}"},"query-input":{"@type":"PropertyValueSpecification","valueRequired":true,"valueName":"search_term_string"}}],"inLanguage":"az"},{"@type":"Organization","@id":"https:\/\/www.meydan.tv\/az\/#organization","name":"Meydan TV","url":"https:\/\/www.meydan.tv\/az\/","logo":{"@type":"ImageObject","inLanguage":"az","@id":"https:\/\/www.meydan.tv\/az\/#\/schema\/logo\/image\/","url":"https:\/\/www.meydan.tv\/wp-content\/uploads\/2021\/07\/meydan-logo.svg","contentUrl":"https:\/\/www.meydan.tv\/wp-content\/uploads\/2021\/07\/meydan-logo.svg","width":195,"height":46,"caption":"Meydan TV"},"image":{"@id":"https:\/\/www.meydan.tv\/az\/#\/schema\/logo\/image\/"}},{"@type":"Person","@id":"https:\/\/www.meydan.tv\/az\/#\/schema\/person\/9cdbecf90d17180ce1dfbd95b08dcf47","name":"elli","sameAs":["https:\/\/x.com\/elli"]}]}},"_links":{"self":[{"href":"https:\/\/www.meydan.tv\/az\/wp-json\/wp\/v2\/posts\/311365","targetHints":{"allow":["GET"]}}],"collection":[{"href":"https:\/\/www.meydan.tv\/az\/wp-json\/wp\/v2\/posts"}],"about":[{"href":"https:\/\/www.meydan.tv\/az\/wp-json\/wp\/v2\/types\/post"}],"author":[{"embeddable":true,"href":"https:\/\/www.meydan.tv\/az\/wp-json\/wp\/v2\/users\/8"}],"replies":[{"embeddable":true,"href":"https:\/\/www.meydan.tv\/az\/wp-json\/wp\/v2\/comments?post=311365"}],"version-history":[{"count":4,"href":"https:\/\/www.meydan.tv\/az\/wp-json\/wp\/v2\/posts\/311365\/revisions"}],"predecessor-version":[{"id":311370,"href":"https:\/\/www.meydan.tv\/az\/wp-json\/wp\/v2\/posts\/311365\/revisions\/311370"}],"wp:featuredmedia":[{"embeddable":true,"href":"https:\/\/www.meydan.tv\/az\/wp-json\/wp\/v2\/media\/288341"}],"wp:attachment":[{"href":"https:\/\/www.meydan.tv\/az\/wp-json\/wp\/v2\/media?parent=311365"}],"wp:term":[{"taxonomy":"category","embeddable":true,"href":"https:\/\/www.meydan.tv\/az\/wp-json\/wp\/v2\/categories?post=311365"},{"taxonomy":"post_tag","embeddable":true,"href":"https:\/\/www.meydan.tv\/az\/wp-json\/wp\/v2\/tags?post=311365"}],"curies":[{"name":"wp","href":"https:\/\/api.w.org\/{rel}","templated":true}]}}