{"id":311357,"date":"2024-07-25T14:15:19","date_gmt":"2024-07-25T10:15:19","guid":{"rendered":"https:\/\/www.meydan.tv\/?p=311357"},"modified":"2024-07-25T14:25:18","modified_gmt":"2024-07-25T10:25:18","slug":"hebsde-olan-icra-bascisi-ile-bagli-yeni-qalmaqal-sahibkarlara-indiyedek-odenis-edilmeyib","status":"publish","type":"post","link":"https:\/\/www.meydan.tv\/az\/article\/hebsde-olan-icra-bascisi-ile-bagli-yeni-qalmaqal-sahibkarlara-indiyedek-odenis-edilmeyib\/","title":{"rendered":"H\u0259bsd\u0259 olan icra ba\u015f\u00e7\u0131s\u0131 il\u0259 ba\u011fl\u0131 yeni qalmaqal: Sahibkarlara indiy\u0259d\u0259k \u00f6d\u0259ni\u015f edilm\u0259yib"},"content":{"rendered":"\n<p><\/p>\n\n\n\n<p>&#8220;<em><strong>Hakim K\u0259mal\u0259 Ab\u0131yeva bu m\u0259s\u0259l\u0259 il\u0259 \u0259laq\u0259dar Ali M\u0259hk\u0259m\u0259nin ad\u0131ndan bir-birin\u0259 zidd olan iki q\u0259rar \u00e7\u0131xar\u0131b\u201d<\/strong><\/em><\/p>\n\n\n\n<p>2006-2020-ci ill\u0259rd\u0259 \u0259vv\u0259l 5 il Astaran\u0131n, daha sonra 9 il Bil\u0259suvar\u0131n icra ba\u015f\u00e7\u0131s\u0131 v\u0259zif\u0259sind\u0259 \u00e7al\u0131\u015fm\u0131\u015f, 2020-ci ild\u0259n is\u0259 h\u0259bsd\u0259 olan Mahir Quliyevl\u0259 ba\u011fl\u0131 daha bir m\u0259hk\u0259m\u0259 qalmaqal\u0131 var. <\/p>\n\n\n\n<p>\u201cPerlit\u201d \u015firk\u0259tinin r\u0259hb\u0259ri M\u0259h\u0259rr\u0259m \u00d6mr\u00fcmov Bil\u0259suvarda 2017-2018-ci ill\u0259rd\u0259 tikdiyi \u201cBayraq Muzeyi\u201d v\u0259 \u201cG\u0259ncl\u0259r Evi\u201dnin pulunu indiy\u0259 q\u0259d\u0259r ala bilm\u0259diyini, m\u0259hk\u0259m\u0259l\u0259rin d\u0259 buna g\u00f6z yumdu\u011funu deyir. O, x\u00fcsus\u0259n Ali M\u0259hk\u0259m\u0259nin hakimi K\u0259mal\u0259 Ab\u0131yevadan \u015fikay\u0259t\u00e7idir. Bu haqda Ali M\u0259hk\u0259m\u0259nin Plenumuna kassasiya \u015fikay\u0259tind\u0259 yaz\u0131b.<\/p>\n\n\n\n<p>Sahibkar\u0131n \u0259lind\u0259 2017-ci ild\u0259 Bil\u0259suvar Rayon \u0130cra Hakimiyy\u0259til\u0259 ba\u011flanm\u0131\u015f 1 milyon 350 min manatl\u0131q sat\u0131nalma m\u00fcqavil\u0259si var. H\u0259m \u201cBayraq Muzeyi\u201d, h\u0259m d\u0259 \u201cG\u0259ncl\u0259r Evi\u201d 2018-ci ild\u0259 tikilib, t\u0259hvil verilib. H\u0259tta obyektl\u0259rin a\u00e7\u0131l\u0131\u015f\u0131nda Prezident d\u0259 i\u015ftirak edib. M\u00fcqavil\u0259d\u0259 n\u0259z\u0259rd\u0259 tutulan m\u0259bl\u0259\u011fin 900 min manat\u0131n\u0131 alsa da, qalan 450 min manat bug\u00fcn\u0259d\u0259k verilm\u0259yib.<\/p>\n\n\n\n<p>M\u0259hk\u0259m\u0259l\u0259r, o c\u00fcml\u0259d\u0259n Ali M\u0259hk\u0259m\u0259nin hakimi K\u0259mal\u0259 Ab\u0131yeva onun Bil\u0259suvar Rayon \u0130cra Hakimiyy\u0259tin\u0259 qar\u015f\u0131 450 min manat pul t\u0259l\u0259bil\u0259 olan \u015fikay\u0259tini t\u0259min etm\u0259yib. \u018fsas kimi bunu g\u00f6st\u0259rib ki, s\u00f6z\u00fcged\u0259n obyektl\u0259ri \u201cPerlit\u201d \u015firk\u0259tinin tikdiyini t\u0259sdiql\u0259y\u0259n s\u00fcbut yoxdur.<\/p>\n\n\n\n<p>M\u0259h\u0259rr\u0259m \u00d6mr\u00fcmov is\u0259 Ali M\u0259hk\u0259m\u0259nin Plenumuna yazd\u0131\u011f\u0131 \u0259lav\u0259 kassasiya \u015fikay\u0259tind\u0259 g\u00f6st\u0259rir ki, onun icra hakimiyy\u0259tin\u0259 qar\u015f\u0131 iddias\u0131na bax\u0131lark\u0259n tender m\u00fcqavil\u0259sini t\u0259qdim etm\u0259kl\u0259 yana\u015f\u0131, obyektl\u0259rin tikintisind\u0259 i\u015ftirak etmi\u015f \u015f\u0259xsl\u0259r d\u0259 dindirilib. Onlar da t\u0259sdiql\u0259yibl\u0259r ki, obyektl\u0259rin tikintisini \u201cPerlit\u201d \u015firk\u0259ti h\u0259yata ke\u00e7irib. H\u0259tta \u015firk\u0259t r\u0259hb\u0259ri pulun bir hiss\u0259sini ala bilm\u0259diyin\u0259 g\u00f6r\u0259 sonda onlara maa\u015flar\u0131n verilm\u0259sind\u0259 probleml\u0259r yaran\u0131b. Onlara deyilib ki, icra hakimiyy\u0259ti pulu k\u00f6\u00e7\u00fcr\u0259n kimi \u00f6d\u0259nil\u0259c\u0259k.<\/p>\n\n\n\n<p>\u201cBayraq Muzeyi\u201d v\u0259 \u201cG\u0259ncl\u0259r Evi\u201dnin tikintisi zaman\u0131 istifad\u0259 olunmu\u015f in\u015faat materiallar\u0131n\u0131n sat\u0131\u015f\u0131 il\u0259 m\u0259\u015f\u011ful olan sahibkar Az\u0259r \u0130sayevin d\u0259 pulu \u00f6d\u0259nilm\u0259diyin\u0259 g\u00f6r\u0259 o da m\u0259hk\u0259m\u0259y\u0259 m\u00fcraci\u0259t edib. Lakin o, \u201cPerlit\u201d \u015firk\u0259tinin r\u0259hb\u0259ri M\u0259h\u0259rr\u0259m \u00d6mr\u00fcmova qar\u015f\u0131 iddia qald\u0131r\u0131b. O bildirib ki, \u201cBayraq Meydan\u0131\u201d v\u0259 \u201cG\u0259ncl\u0259r Evi\u201dnin tikintisi \u00fc\u00e7\u00fcn \u201cPerlit\u201d \u015firk\u0259tin\u0259 in\u015faat mallar\u0131 sat\u0131b. Art\u0131q qalm\u0131\u015f materiallar qaytar\u0131landan sonra \u015firk\u0259tin ona 156 min manat borcu qal\u0131b v\u0259 indiy\u0259d\u0259k \u00f6d\u0259nilm\u0259yib.<\/p>\n\n\n\n<p>O, h\u0259min borcu v\u0259 gecikdirilmi\u015f m\u00fcdd\u0259t\u0259 g\u00f6r\u0259 \u0259lav\u0259 50 min manat t\u0259l\u0259b ets\u0259 d\u0259, m\u0259hk\u0259m\u0259l\u0259r yaln\u0131z \u0259sas borcla ba\u011fl\u0131 hiss\u0259ni t\u0259min edib. M\u0259h\u0259rr\u0259m \u00d6mr\u00fcmovun Az\u0259r \u0130sayev\u0259 156 min manat \u00f6d\u0259m\u0259si bar\u0259d\u0259 q\u0259rar \u00e7\u0131xar\u0131l\u0131b. Bu i\u015f\u0259 d\u0259 Ali M\u0259hk\u0259m\u0259d\u0259 hakim K\u0259mal\u0259 Ab\u0131yevan\u0131n s\u0259drliyil\u0259 bax\u0131l\u0131b v\u0259 a\u015fa\u011f\u0131 instansiya m\u0259hk\u0259m\u0259l\u0259rinin q\u0259rar\u0131 q\u00fcvv\u0259d\u0259 saxlan\u0131l\u0131b.<\/p>\n\n\n<div class=\"wp-block-image\">\n<figure class=\"alignleft size-large is-resized\"><img decoding=\"async\" width=\"627\" height=\"821\" data-src=\"https:\/\/www.meydan.tv\/wp-content\/uploads\/whatsapp_image_2024-07-25_at_13.49.50-627x821.jpeg\" alt=\"\" class=\"wp-image-311358 lazyload\" style=\"--smush-placeholder-width: 627px; --smush-placeholder-aspect-ratio: 627\/821;width:386px;height:auto\" src=\"data:image\/svg+xml;base64,PHN2ZyB3aWR0aD0iMSIgaGVpZ2h0PSIxIiB4bWxucz0iaHR0cDovL3d3dy53My5vcmcvMjAwMC9zdmciPjwvc3ZnPg==\" \/><figcaption class=\"wp-element-caption\">Foto: Meydan TV<\/figcaption><\/figure>\n<\/div>\n\n\n<p>M\u0259h\u0259rr\u0259m \u00d6mr\u00fcmov Plenuma \u015fikay\u0259tind\u0259 vur\u011fulay\u0131b ki, K\u0259mal\u0259 Ab\u0131yeva Ali M\u0259hk\u0259m\u0259nin ad\u0131ndan bir-birin\u0259 zidd olan iki q\u0259rar \u00e7\u0131xar\u0131b:<\/p>\n\n\n\n<p><em>\u201c\u0130cra hakimiyy\u0259tin\u0259 qar\u015f\u0131 olan iddiamla ba\u011fl\u0131 i\u015fd\u0259 \u201cBayraq Muzeyi\u201d v\u0259 \u201cG\u0259ncl\u0259r Evi\u201dni m\u0259nim tikm\u0259yimi \u015f\u00fcbh\u0259 alt\u0131na al\u0131b, bu \u0259sasla da \u015fikay\u0259timi t\u0259min etm\u0259yib. M\u0259n\u0259 qar\u015f\u0131 qald\u0131r\u0131lm\u0131\u015f iddiada is\u0259 t\u0259sdiql\u0259yir ki, h\u0259min obyektl\u0259ri m\u0259n tikmi\u015f\u0259m, s\u0259rf olunmu\u015f materiallar\u0131n pulunu da icra hakimiyy\u0259tind\u0259n almasam bel\u0259, m\u0259n \u00f6d\u0259m\u0259liy\u0259m. Bu, nec\u0259 olur?\u201d.<\/em><\/p>\n\n\n\n<p>Bu m\u0259hk\u0259m\u0259 prosesl\u0259rind\u0259 2020-ci ilin aprelind\u0259n h\u0259bsd\u0259 olan icra ba\u015f\u00e7\u0131s\u0131 Mahir Quliyevin \u00f6z\u00fcn\u00fcn d\u0259 dindirilm\u0259si bar\u0259d\u0259 v\u0259sat\u0259t qald\u0131r\u0131l\u0131b. \u00c7\u00fcnki \u201cPerlit\u201d \u015firk\u0259tinin r\u0259hb\u0259ri icra ba\u015f\u00e7\u0131s\u0131n\u0131n h\u0259bsin\u0259 q\u0259d\u0259r bir ne\u00e7\u0259 d\u0259f\u0259 ona m\u00fcraci\u0259t edib, pulunu t\u0259l\u0259b etdiyini bildirir. H\u0259m\u00e7inin sahibkar Az\u0259r \u0130sayev d\u0259 in\u015faat materiallar\u0131n\u0131n pulunun \u00f6d\u0259nilm\u0259m\u0259si il\u0259 \u0259laq\u0259dar icra ba\u015f\u00e7\u0131s\u0131 il\u0259 g\u00f6r\u00fc\u015fd\u00fcy\u00fcn\u00fc deyir.<br>Lakin m\u0259hk\u0259m\u0259 Mahir Quliyevin dindirilm\u0259si bar\u0259d\u0259 v\u0259sat\u0259ti t\u0259min etm\u0259yib.<\/p>\n\n\n\n<p>2018-ci ilin sentyabr\u0131nda Bil\u0259suvarda \u201cG\u0259ncl\u0259r Evi\u201d v\u0259 \u201cBayraq Muzeyi\u201dnin a\u00e7\u0131l\u0131\u015f\u0131nda Prezident \u0130lham \u018fliyev d\u0259, icra ba\u015f\u00e7\u0131s\u0131 Mahir Quliyev d\u0259 i\u015ftirak edib.<\/p>\n\n\n\n<p>Mahir Quliyev 2020-ci il aprelin 29-da DTX-n\u0131n \u0259m\u0259liyyat\u0131 n\u0259tic\u0259sind\u0259 icra hakimiyy\u0259tinin binas\u0131nda \u00f6z kabinetind\u0259 saxlan\u0131l\u0131b. 2022-ci ilin mart\u0131nda L\u0259nk\u0259ran A\u011f\u0131r Cinay\u0259tl\u0259r M\u0259hk\u0259m\u0259sinin h\u00f6km\u00fcyl\u0259 ona 11 il azadl\u0131qdan m\u0259hrumetm\u0259 c\u0259zas\u0131 verilib. Sabiq icra ba\u015f\u00e7\u0131s\u0131 Cinay\u0259t M\u0259c\u0259ll\u0259sinin 179.4 (x\u00fcsusil\u0259 k\u00fclli miqdarda m\u0259nims\u0259m\u0259), 308 (v\u0259zif\u0259 s\u0259lahiyy\u0259tl\u0259rind\u0259n sui-istifad\u0259 etm\u0259), 311 (r\u00fc\u015fv\u0259t alma) v\u0259 dig\u0259r madd\u0259l\u0259ril\u0259 t\u0259qsirli bilinib. <\/p>\n\n\n\n<p>Bu yax\u0131nlarda Ali M\u0259hk\u0259m\u0259d\u0259 hakim Teyyub Muxtarovun s\u0259drliyil\u0259 onun \u015fikay\u0259tin\u0259 bax\u0131l\u0131b v\u0259 c\u0259zas\u0131 azald\u0131laraq, 8 il 3 aya endirilib.<\/p>\n","protected":false},"excerpt":{"rendered":"<p>&#8220;Hakim K\u0259mal\u0259 Ab\u0131yeva bu m\u0259s\u0259l\u0259 il\u0259 \u0259laq\u0259dar Ali M\u0259hk\u0259m\u0259nin ad\u0131ndan &#8230; <\/p>\n<p class=\"read-more-container\"><a title=\"H\u0259bsd\u0259 olan icra ba\u015f\u00e7\u0131s\u0131 il\u0259 ba\u011fl\u0131 yeni qalmaqal: Sahibkarlara indiy\u0259d\u0259k \u00f6d\u0259ni\u015f edilm\u0259yib\" class=\"read-more button\" href=\"https:\/\/www.meydan.tv\/az\/article\/hebsde-olan-icra-bascisi-ile-bagli-yeni-qalmaqal-sahibkarlara-indiyedek-odenis-edilmeyib\/#more-311357\" aria-label=\"Read more about H\u0259bsd\u0259 olan icra ba\u015f\u00e7\u0131s\u0131 il\u0259 ba\u011fl\u0131 yeni qalmaqal: Sahibkarlara indiy\u0259d\u0259k \u00f6d\u0259ni\u015f edilm\u0259yib\">Davam\u0131<\/a><\/p>\n","protected":false},"author":8,"featured_media":311361,"comment_status":"closed","ping_status":"closed","sticky":false,"template":"","format":"standard","meta":{"_acf_changed":false,"_sitemap_exclude":false,"_sitemap_priority":"","_sitemap_frequency":"","footnotes":""},"categories":[60,79,56],"tags":[],"class_list":["post-311357","post","type-post","status-publish","format-standard","has-post-thumbnail","hentry","category-bolge","category-featured","category-xeberler","infinite-scroll-item","generate-columns","tablet-grid-50","mobile-grid-100","grid-parent","grid-33","no-featured-image-padding"],"acf":[],"yoast_head":"<!-- This site is optimized with the Yoast SEO plugin v27.4 - https:\/\/yoast.com\/product\/yoast-seo-wordpress\/ -->\n<title>H\u0259bsd\u0259 olan icra ba\u015f\u00e7\u0131s\u0131 il\u0259 ba\u011fl\u0131 yeni qalmaqal<\/title>\n<meta name=\"description\" content=\"5 il Astaran\u0131n, 9 il Bil\u0259suvar\u0131n icra ba\u015f\u00e7\u0131s\u0131 olmu\u015f, 2020-ci ild\u0259n is\u0259 h\u0259bsd\u0259 olan Mahir Quliyevl\u0259 ba\u011fl\u0131 daha bir m\u0259hk\u0259m\u0259 qalmaqal\u0131 var.\" \/>\n<meta name=\"robots\" content=\"index, follow, max-snippet:-1, max-image-preview:large, max-video-preview:-1\" \/>\n<link rel=\"canonical\" href=\"https:\/\/www.meydan.tv\/az\/article\/hebsde-olan-icra-bascisi-ile-bagli-yeni-qalmaqal-sahibkarlara-indiyedek-odenis-edilmeyib\/\" \/>\n<meta property=\"og:locale\" content=\"az_AZ\" \/>\n<meta property=\"og:type\" content=\"article\" \/>\n<meta property=\"og:title\" content=\"H\u0259bsd\u0259 olan icra ba\u015f\u00e7\u0131s\u0131 il\u0259 ba\u011fl\u0131 yeni qalmaqal\" \/>\n<meta property=\"og:description\" content=\"5 il Astaran\u0131n, 9 il Bil\u0259suvar\u0131n icra ba\u015f\u00e7\u0131s\u0131 olmu\u015f, 2020-ci ild\u0259n is\u0259 h\u0259bsd\u0259 olan Mahir Quliyevl\u0259 ba\u011fl\u0131 daha bir m\u0259hk\u0259m\u0259 qalmaqal\u0131 var.\" \/>\n<meta property=\"og:url\" content=\"https:\/\/www.meydan.tv\/az\/article\/hebsde-olan-icra-bascisi-ile-bagli-yeni-qalmaqal-sahibkarlara-indiyedek-odenis-edilmeyib\/\" \/>\n<meta property=\"og:site_name\" content=\"MEYDAN.TV\" \/>\n<meta property=\"article:published_time\" content=\"2024-07-25T10:15:19+00:00\" \/>\n<meta property=\"article:modified_time\" content=\"2024-07-25T10:25:18+00:00\" \/>\n<meta property=\"og:image\" content=\"https:\/\/www.meydan.tv\/wp-content\/uploads\/9ajsif39gr_001-e1721903105896.jpg\" \/>\n\t<meta property=\"og:image:width\" content=\"1200\" \/>\n\t<meta property=\"og:image:height\" content=\"822\" \/>\n\t<meta property=\"og:image:type\" content=\"image\/jpeg\" \/>\n<meta name=\"author\" content=\"elli\" \/>\n<meta name=\"twitter:card\" content=\"summary_large_image\" \/>\n<meta name=\"twitter:creator\" content=\"@elli\" \/>\n<script type=\"application\/ld+json\" class=\"yoast-schema-graph\">{\"@context\":\"https:\\\/\\\/schema.org\",\"@graph\":[{\"@type\":\"Article\",\"@id\":\"https:\\\/\\\/www.meydan.tv\\\/az\\\/article\\\/hebsde-olan-icra-bascisi-ile-bagli-yeni-qalmaqal-sahibkarlara-indiyedek-odenis-edilmeyib\\\/#article\",\"isPartOf\":{\"@id\":\"https:\\\/\\\/www.meydan.tv\\\/az\\\/article\\\/hebsde-olan-icra-bascisi-ile-bagli-yeni-qalmaqal-sahibkarlara-indiyedek-odenis-edilmeyib\\\/\"},\"author\":{\"name\":\"elli\",\"@id\":\"https:\\\/\\\/www.meydan.tv\\\/az\\\/#\\\/schema\\\/person\\\/9cdbecf90d17180ce1dfbd95b08dcf47\"},\"headline\":\"H\u0259bsd\u0259 olan icra ba\u015f\u00e7\u0131s\u0131 il\u0259 ba\u011fl\u0131 yeni qalmaqal: Sahibkarlara indiy\u0259d\u0259k \u00f6d\u0259ni\u015f edilm\u0259yib\",\"datePublished\":\"2024-07-25T10:15:19+00:00\",\"dateModified\":\"2024-07-25T10:25:18+00:00\",\"mainEntityOfPage\":{\"@id\":\"https:\\\/\\\/www.meydan.tv\\\/az\\\/article\\\/hebsde-olan-icra-bascisi-ile-bagli-yeni-qalmaqal-sahibkarlara-indiyedek-odenis-edilmeyib\\\/\"},\"wordCount\":986,\"publisher\":{\"@id\":\"https:\\\/\\\/www.meydan.tv\\\/az\\\/#organization\"},\"image\":{\"@id\":\"https:\\\/\\\/www.meydan.tv\\\/az\\\/article\\\/hebsde-olan-icra-bascisi-ile-bagli-yeni-qalmaqal-sahibkarlara-indiyedek-odenis-edilmeyib\\\/#primaryimage\"},\"thumbnailUrl\":\"https:\\\/\\\/www.meydan.tv\\\/wp-content\\\/uploads\\\/9ajsif39gr_001-e1721903105896.jpg\",\"articleSection\":[\"B\u00f6lg\u0259\",\"T\u00f6vsiy\u0259\",\"X\u0259b\u0259rl\u0259r\"],\"inLanguage\":\"az\"},{\"@type\":\"WebPage\",\"@id\":\"https:\\\/\\\/www.meydan.tv\\\/az\\\/article\\\/hebsde-olan-icra-bascisi-ile-bagli-yeni-qalmaqal-sahibkarlara-indiyedek-odenis-edilmeyib\\\/\",\"url\":\"https:\\\/\\\/www.meydan.tv\\\/az\\\/article\\\/hebsde-olan-icra-bascisi-ile-bagli-yeni-qalmaqal-sahibkarlara-indiyedek-odenis-edilmeyib\\\/\",\"name\":\"H\u0259bsd\u0259 olan icra ba\u015f\u00e7\u0131s\u0131 il\u0259 ba\u011fl\u0131 yeni qalmaqal\",\"isPartOf\":{\"@id\":\"https:\\\/\\\/www.meydan.tv\\\/az\\\/#website\"},\"primaryImageOfPage\":{\"@id\":\"https:\\\/\\\/www.meydan.tv\\\/az\\\/article\\\/hebsde-olan-icra-bascisi-ile-bagli-yeni-qalmaqal-sahibkarlara-indiyedek-odenis-edilmeyib\\\/#primaryimage\"},\"image\":{\"@id\":\"https:\\\/\\\/www.meydan.tv\\\/az\\\/article\\\/hebsde-olan-icra-bascisi-ile-bagli-yeni-qalmaqal-sahibkarlara-indiyedek-odenis-edilmeyib\\\/#primaryimage\"},\"thumbnailUrl\":\"https:\\\/\\\/www.meydan.tv\\\/wp-content\\\/uploads\\\/9ajsif39gr_001-e1721903105896.jpg\",\"datePublished\":\"2024-07-25T10:15:19+00:00\",\"dateModified\":\"2024-07-25T10:25:18+00:00\",\"description\":\"5 il Astaran\u0131n, 9 il Bil\u0259suvar\u0131n icra ba\u015f\u00e7\u0131s\u0131 olmu\u015f, 2020-ci ild\u0259n is\u0259 h\u0259bsd\u0259 olan Mahir Quliyevl\u0259 ba\u011fl\u0131 daha bir m\u0259hk\u0259m\u0259 qalmaqal\u0131 var.\",\"breadcrumb\":{\"@id\":\"https:\\\/\\\/www.meydan.tv\\\/az\\\/article\\\/hebsde-olan-icra-bascisi-ile-bagli-yeni-qalmaqal-sahibkarlara-indiyedek-odenis-edilmeyib\\\/#breadcrumb\"},\"inLanguage\":\"az\",\"potentialAction\":[{\"@type\":\"ReadAction\",\"target\":[\"https:\\\/\\\/www.meydan.tv\\\/az\\\/article\\\/hebsde-olan-icra-bascisi-ile-bagli-yeni-qalmaqal-sahibkarlara-indiyedek-odenis-edilmeyib\\\/\"]}]},{\"@type\":\"ImageObject\",\"inLanguage\":\"az\",\"@id\":\"https:\\\/\\\/www.meydan.tv\\\/az\\\/article\\\/hebsde-olan-icra-bascisi-ile-bagli-yeni-qalmaqal-sahibkarlara-indiyedek-odenis-edilmeyib\\\/#primaryimage\",\"url\":\"https:\\\/\\\/www.meydan.tv\\\/wp-content\\\/uploads\\\/9ajsif39gr_001-e1721903105896.jpg\",\"contentUrl\":\"https:\\\/\\\/www.meydan.tv\\\/wp-content\\\/uploads\\\/9ajsif39gr_001-e1721903105896.jpg\",\"width\":1200,\"height\":822,\"caption\":\"Mahir Quliyev (sa\u011fda). Foto: president.az.\"},{\"@type\":\"BreadcrumbList\",\"@id\":\"https:\\\/\\\/www.meydan.tv\\\/az\\\/article\\\/hebsde-olan-icra-bascisi-ile-bagli-yeni-qalmaqal-sahibkarlara-indiyedek-odenis-edilmeyib\\\/#breadcrumb\",\"itemListElement\":[{\"@type\":\"ListItem\",\"position\":1,\"name\":\"Ana s\u0259hif\u0259\",\"item\":\"https:\\\/\\\/www.meydan.tv\\\/az\\\/\"},{\"@type\":\"ListItem\",\"position\":2,\"name\":\"B\u00f6lg\u0259\",\"item\":\"https:\\\/\\\/www.meydan.tv\\\/az\\\/section\\\/bolge\\\/\"},{\"@type\":\"ListItem\",\"position\":3,\"name\":\"H\u0259bsd\u0259 olan icra ba\u015f\u00e7\u0131s\u0131 il\u0259 ba\u011fl\u0131 yeni qalmaqal: Sahibkarlara indiy\u0259d\u0259k \u00f6d\u0259ni\u015f edilm\u0259yib\"}]},{\"@type\":\"WebSite\",\"@id\":\"https:\\\/\\\/www.meydan.tv\\\/az\\\/#website\",\"url\":\"https:\\\/\\\/www.meydan.tv\\\/az\\\/\",\"name\":\"MEYDAN.TV\",\"description\":\"Meydan TV Az\u0259rbaycan\u0131n media m\u0259kan\u0131ndak\u0131 alternativ s\u0259sidir\",\"publisher\":{\"@id\":\"https:\\\/\\\/www.meydan.tv\\\/az\\\/#organization\"},\"potentialAction\":[{\"@type\":\"SearchAction\",\"target\":{\"@type\":\"EntryPoint\",\"urlTemplate\":\"https:\\\/\\\/www.meydan.tv\\\/az\\\/?s={search_term_string}\"},\"query-input\":{\"@type\":\"PropertyValueSpecification\",\"valueRequired\":true,\"valueName\":\"search_term_string\"}}],\"inLanguage\":\"az\"},{\"@type\":\"Organization\",\"@id\":\"https:\\\/\\\/www.meydan.tv\\\/az\\\/#organization\",\"name\":\"Meydan TV\",\"url\":\"https:\\\/\\\/www.meydan.tv\\\/az\\\/\",\"logo\":{\"@type\":\"ImageObject\",\"inLanguage\":\"az\",\"@id\":\"https:\\\/\\\/www.meydan.tv\\\/az\\\/#\\\/schema\\\/logo\\\/image\\\/\",\"url\":\"https:\\\/\\\/www.meydan.tv\\\/wp-content\\\/uploads\\\/2021\\\/07\\\/meydan-logo.svg\",\"contentUrl\":\"https:\\\/\\\/www.meydan.tv\\\/wp-content\\\/uploads\\\/2021\\\/07\\\/meydan-logo.svg\",\"width\":195,\"height\":46,\"caption\":\"Meydan TV\"},\"image\":{\"@id\":\"https:\\\/\\\/www.meydan.tv\\\/az\\\/#\\\/schema\\\/logo\\\/image\\\/\"}},{\"@type\":\"Person\",\"@id\":\"https:\\\/\\\/www.meydan.tv\\\/az\\\/#\\\/schema\\\/person\\\/9cdbecf90d17180ce1dfbd95b08dcf47\",\"name\":\"elli\",\"sameAs\":[\"https:\\\/\\\/x.com\\\/elli\"]}]}<\/script>\n<!-- \/ Yoast SEO plugin. -->","yoast_head_json":{"title":"H\u0259bsd\u0259 olan icra ba\u015f\u00e7\u0131s\u0131 il\u0259 ba\u011fl\u0131 yeni qalmaqal","description":"5 il Astaran\u0131n, 9 il Bil\u0259suvar\u0131n icra ba\u015f\u00e7\u0131s\u0131 olmu\u015f, 2020-ci ild\u0259n is\u0259 h\u0259bsd\u0259 olan Mahir Quliyevl\u0259 ba\u011fl\u0131 daha bir m\u0259hk\u0259m\u0259 qalmaqal\u0131 var.","robots":{"index":"index","follow":"follow","max-snippet":"max-snippet:-1","max-image-preview":"max-image-preview:large","max-video-preview":"max-video-preview:-1"},"canonical":"https:\/\/www.meydan.tv\/az\/article\/hebsde-olan-icra-bascisi-ile-bagli-yeni-qalmaqal-sahibkarlara-indiyedek-odenis-edilmeyib\/","og_locale":"az_AZ","og_type":"article","og_title":"H\u0259bsd\u0259 olan icra ba\u015f\u00e7\u0131s\u0131 il\u0259 ba\u011fl\u0131 yeni qalmaqal","og_description":"5 il Astaran\u0131n, 9 il Bil\u0259suvar\u0131n icra ba\u015f\u00e7\u0131s\u0131 olmu\u015f, 2020-ci ild\u0259n is\u0259 h\u0259bsd\u0259 olan Mahir Quliyevl\u0259 ba\u011fl\u0131 daha bir m\u0259hk\u0259m\u0259 qalmaqal\u0131 var.","og_url":"https:\/\/www.meydan.tv\/az\/article\/hebsde-olan-icra-bascisi-ile-bagli-yeni-qalmaqal-sahibkarlara-indiyedek-odenis-edilmeyib\/","og_site_name":"MEYDAN.TV","article_published_time":"2024-07-25T10:15:19+00:00","article_modified_time":"2024-07-25T10:25:18+00:00","og_image":[{"width":1200,"height":822,"url":"https:\/\/www.meydan.tv\/wp-content\/uploads\/9ajsif39gr_001-e1721903105896.jpg","type":"image\/jpeg"}],"author":"elli","twitter_card":"summary_large_image","twitter_creator":"@elli","schema":{"@context":"https:\/\/schema.org","@graph":[{"@type":"Article","@id":"https:\/\/www.meydan.tv\/az\/article\/hebsde-olan-icra-bascisi-ile-bagli-yeni-qalmaqal-sahibkarlara-indiyedek-odenis-edilmeyib\/#article","isPartOf":{"@id":"https:\/\/www.meydan.tv\/az\/article\/hebsde-olan-icra-bascisi-ile-bagli-yeni-qalmaqal-sahibkarlara-indiyedek-odenis-edilmeyib\/"},"author":{"name":"elli","@id":"https:\/\/www.meydan.tv\/az\/#\/schema\/person\/9cdbecf90d17180ce1dfbd95b08dcf47"},"headline":"H\u0259bsd\u0259 olan icra ba\u015f\u00e7\u0131s\u0131 il\u0259 ba\u011fl\u0131 yeni qalmaqal: Sahibkarlara indiy\u0259d\u0259k \u00f6d\u0259ni\u015f edilm\u0259yib","datePublished":"2024-07-25T10:15:19+00:00","dateModified":"2024-07-25T10:25:18+00:00","mainEntityOfPage":{"@id":"https:\/\/www.meydan.tv\/az\/article\/hebsde-olan-icra-bascisi-ile-bagli-yeni-qalmaqal-sahibkarlara-indiyedek-odenis-edilmeyib\/"},"wordCount":986,"publisher":{"@id":"https:\/\/www.meydan.tv\/az\/#organization"},"image":{"@id":"https:\/\/www.meydan.tv\/az\/article\/hebsde-olan-icra-bascisi-ile-bagli-yeni-qalmaqal-sahibkarlara-indiyedek-odenis-edilmeyib\/#primaryimage"},"thumbnailUrl":"https:\/\/www.meydan.tv\/wp-content\/uploads\/9ajsif39gr_001-e1721903105896.jpg","articleSection":["B\u00f6lg\u0259","T\u00f6vsiy\u0259","X\u0259b\u0259rl\u0259r"],"inLanguage":"az"},{"@type":"WebPage","@id":"https:\/\/www.meydan.tv\/az\/article\/hebsde-olan-icra-bascisi-ile-bagli-yeni-qalmaqal-sahibkarlara-indiyedek-odenis-edilmeyib\/","url":"https:\/\/www.meydan.tv\/az\/article\/hebsde-olan-icra-bascisi-ile-bagli-yeni-qalmaqal-sahibkarlara-indiyedek-odenis-edilmeyib\/","name":"H\u0259bsd\u0259 olan icra ba\u015f\u00e7\u0131s\u0131 il\u0259 ba\u011fl\u0131 yeni qalmaqal","isPartOf":{"@id":"https:\/\/www.meydan.tv\/az\/#website"},"primaryImageOfPage":{"@id":"https:\/\/www.meydan.tv\/az\/article\/hebsde-olan-icra-bascisi-ile-bagli-yeni-qalmaqal-sahibkarlara-indiyedek-odenis-edilmeyib\/#primaryimage"},"image":{"@id":"https:\/\/www.meydan.tv\/az\/article\/hebsde-olan-icra-bascisi-ile-bagli-yeni-qalmaqal-sahibkarlara-indiyedek-odenis-edilmeyib\/#primaryimage"},"thumbnailUrl":"https:\/\/www.meydan.tv\/wp-content\/uploads\/9ajsif39gr_001-e1721903105896.jpg","datePublished":"2024-07-25T10:15:19+00:00","dateModified":"2024-07-25T10:25:18+00:00","description":"5 il Astaran\u0131n, 9 il Bil\u0259suvar\u0131n icra ba\u015f\u00e7\u0131s\u0131 olmu\u015f, 2020-ci ild\u0259n is\u0259 h\u0259bsd\u0259 olan Mahir Quliyevl\u0259 ba\u011fl\u0131 daha bir m\u0259hk\u0259m\u0259 qalmaqal\u0131 var.","breadcrumb":{"@id":"https:\/\/www.meydan.tv\/az\/article\/hebsde-olan-icra-bascisi-ile-bagli-yeni-qalmaqal-sahibkarlara-indiyedek-odenis-edilmeyib\/#breadcrumb"},"inLanguage":"az","potentialAction":[{"@type":"ReadAction","target":["https:\/\/www.meydan.tv\/az\/article\/hebsde-olan-icra-bascisi-ile-bagli-yeni-qalmaqal-sahibkarlara-indiyedek-odenis-edilmeyib\/"]}]},{"@type":"ImageObject","inLanguage":"az","@id":"https:\/\/www.meydan.tv\/az\/article\/hebsde-olan-icra-bascisi-ile-bagli-yeni-qalmaqal-sahibkarlara-indiyedek-odenis-edilmeyib\/#primaryimage","url":"https:\/\/www.meydan.tv\/wp-content\/uploads\/9ajsif39gr_001-e1721903105896.jpg","contentUrl":"https:\/\/www.meydan.tv\/wp-content\/uploads\/9ajsif39gr_001-e1721903105896.jpg","width":1200,"height":822,"caption":"Mahir Quliyev (sa\u011fda). Foto: president.az."},{"@type":"BreadcrumbList","@id":"https:\/\/www.meydan.tv\/az\/article\/hebsde-olan-icra-bascisi-ile-bagli-yeni-qalmaqal-sahibkarlara-indiyedek-odenis-edilmeyib\/#breadcrumb","itemListElement":[{"@type":"ListItem","position":1,"name":"Ana s\u0259hif\u0259","item":"https:\/\/www.meydan.tv\/az\/"},{"@type":"ListItem","position":2,"name":"B\u00f6lg\u0259","item":"https:\/\/www.meydan.tv\/az\/section\/bolge\/"},{"@type":"ListItem","position":3,"name":"H\u0259bsd\u0259 olan icra ba\u015f\u00e7\u0131s\u0131 il\u0259 ba\u011fl\u0131 yeni qalmaqal: Sahibkarlara indiy\u0259d\u0259k \u00f6d\u0259ni\u015f edilm\u0259yib"}]},{"@type":"WebSite","@id":"https:\/\/www.meydan.tv\/az\/#website","url":"https:\/\/www.meydan.tv\/az\/","name":"MEYDAN.TV","description":"Meydan TV Az\u0259rbaycan\u0131n media m\u0259kan\u0131ndak\u0131 alternativ s\u0259sidir","publisher":{"@id":"https:\/\/www.meydan.tv\/az\/#organization"},"potentialAction":[{"@type":"SearchAction","target":{"@type":"EntryPoint","urlTemplate":"https:\/\/www.meydan.tv\/az\/?s={search_term_string}"},"query-input":{"@type":"PropertyValueSpecification","valueRequired":true,"valueName":"search_term_string"}}],"inLanguage":"az"},{"@type":"Organization","@id":"https:\/\/www.meydan.tv\/az\/#organization","name":"Meydan TV","url":"https:\/\/www.meydan.tv\/az\/","logo":{"@type":"ImageObject","inLanguage":"az","@id":"https:\/\/www.meydan.tv\/az\/#\/schema\/logo\/image\/","url":"https:\/\/www.meydan.tv\/wp-content\/uploads\/2021\/07\/meydan-logo.svg","contentUrl":"https:\/\/www.meydan.tv\/wp-content\/uploads\/2021\/07\/meydan-logo.svg","width":195,"height":46,"caption":"Meydan TV"},"image":{"@id":"https:\/\/www.meydan.tv\/az\/#\/schema\/logo\/image\/"}},{"@type":"Person","@id":"https:\/\/www.meydan.tv\/az\/#\/schema\/person\/9cdbecf90d17180ce1dfbd95b08dcf47","name":"elli","sameAs":["https:\/\/x.com\/elli"]}]}},"_links":{"self":[{"href":"https:\/\/www.meydan.tv\/az\/wp-json\/wp\/v2\/posts\/311357","targetHints":{"allow":["GET"]}}],"collection":[{"href":"https:\/\/www.meydan.tv\/az\/wp-json\/wp\/v2\/posts"}],"about":[{"href":"https:\/\/www.meydan.tv\/az\/wp-json\/wp\/v2\/types\/post"}],"author":[{"embeddable":true,"href":"https:\/\/www.meydan.tv\/az\/wp-json\/wp\/v2\/users\/8"}],"replies":[{"embeddable":true,"href":"https:\/\/www.meydan.tv\/az\/wp-json\/wp\/v2\/comments?post=311357"}],"version-history":[{"count":3,"href":"https:\/\/www.meydan.tv\/az\/wp-json\/wp\/v2\/posts\/311357\/revisions"}],"predecessor-version":[{"id":311368,"href":"https:\/\/www.meydan.tv\/az\/wp-json\/wp\/v2\/posts\/311357\/revisions\/311368"}],"wp:featuredmedia":[{"embeddable":true,"href":"https:\/\/www.meydan.tv\/az\/wp-json\/wp\/v2\/media\/311361"}],"wp:attachment":[{"href":"https:\/\/www.meydan.tv\/az\/wp-json\/wp\/v2\/media?parent=311357"}],"wp:term":[{"taxonomy":"category","embeddable":true,"href":"https:\/\/www.meydan.tv\/az\/wp-json\/wp\/v2\/categories?post=311357"},{"taxonomy":"post_tag","embeddable":true,"href":"https:\/\/www.meydan.tv\/az\/wp-json\/wp\/v2\/tags?post=311357"}],"curies":[{"name":"wp","href":"https:\/\/api.w.org\/{rel}","templated":true}]}}