{"id":311344,"date":"2024-07-25T14:02:06","date_gmt":"2024-07-25T10:02:06","guid":{"rendered":"https:\/\/www.meydan.tv\/?p=311344"},"modified":"2024-07-25T14:02:09","modified_gmt":"2024-07-25T10:02:09","slug":"sekide-vetendasin-evi-her-an-basina-uca-biler","status":"publish","type":"post","link":"https:\/\/www.meydan.tv\/az\/article\/sekide-vetendasin-evi-her-an-basina-uca-biler\/","title":{"rendered":"\u015e\u0259kid\u0259 v\u0259t\u0259nda\u015f\u0131n evi h\u0259r an ba\u015f\u0131na u\u00e7a bil\u0259r"},"content":{"rendered":"\n<p><\/p>\n\n\n\n<p><strong><em>\u0130cra hakimiyy\u0259ti s\u00f6z verir, sonra maraqlanm\u0131r<\/em><\/strong><\/p>\n\n\n\n<p>\u015e\u0259kinin Cumak\u0259nd k\u0259nd sakini N\u0259zak\u0259t M\u0259mm\u0259dova autizm v\u0259 dan\u0131\u015fma, e\u015fitm\u0259 problemi olan \u00f6vlad\u0131 il\u0259 ill\u0259rdir q\u0259zal\u0131 v\u0259ziyy\u0259td\u0259 olan evd\u0259 ya\u015fay\u0131r.<\/p>\n\n\n\n<p>Qad\u0131n\u0131n yax\u0131nlar\u0131 deyirl\u0259r ki, ev h\u0259r an u\u00e7a bil\u0259r.<\/p>\n\n\n\n<p>Meydan TV iki il bundan \u00f6nc\u0259 ail\u0259nin v\u0259ziyy\u0259tini <a href=\"https:\/\/www.meydan.tv\/az\/article\/bacim-oglu-ile-birge-magara-heyati-yasayir\/\" target=\"_blank\" rel=\"noreferrer noopener\">i\u015f\u0131qland\u0131rm\u0131\u015fd\u0131<\/a>. H\u0259min vaxt \u015e\u0259ki \u015e\u0259h\u0259r \u0130cra Hakimiyy\u0259tind\u0259n m\u0259s\u0259l\u0259 il\u0259 maraqlanacaqlar\u0131n\u0131 bildirmi\u015fdil\u0259r. Lakin g\u00f6r\u00fcn\u0259n odur ki, deyil\u0259n s\u00f6z\u0259 \u0259m\u0259l edilm\u0259yib. El\u0259 N\u0259zak\u0259t M\u0259mm\u0259dovan\u0131n qarda\u015f\u0131 Aqil M\u0259mm\u0259dov da deyir ki, bac\u0131s\u0131 il\u0259 qon\u015fulardan ba\u015fqa he\u00e7 kim maraqlanm\u0131r.<\/p>\n\n\n\n<p>Onun s\u00f6zl\u0259rin\u0259 g\u00f6r\u0259, imkans\u0131zl\u0131qdan bac\u0131s\u0131 o\u011flunu m\u00fcalic\u0259 etdir\u0259 bilmirl\u0259r, buna g\u00f6r\u0259 d\u0259 art\u0131q 18 ya\u015f\u0131na \u00e7atm\u0131\u015f u\u015fa\u011f\u0131 saxlamaq \u00e7\u0259tinl\u0259\u015fib. B\u0259z\u0259n o q\u0259d\u0259r aqressivl\u0259\u015fir ki, p\u0259nc\u0259r\u0259l\u0259rin \u015f\u00fc\u015f\u0259l\u0259rini, qablar\u0131 q\u0131r\u0131r.<\/p>\n\n\n\n<p><em>\u201cO\u011flan idar\u0259olunmaz v\u0259ziyy\u0259td\u0259dir. Onlar\u0131n ya\u015fad\u0131qlar\u0131 ev tamamil\u0259 s\u0131radan \u00e7\u0131x\u0131b, dam, d\u00f6\u015f\u0259m\u0259 u\u00e7ub-t\u00f6k\u00fcl\u00fcb. Qaz , i\u015f\u0131q v\u0259 su probleml\u0259ri var. H\u0259r an u\u00e7a bil\u0259r, h\u0259tta h\u0259r an ba\u015flar\u0131na u\u00e7aca\u011f\u0131 qorxusu il\u0259 ya\u015fay\u0131r\u0131q\u201d,<\/em>-\u015fikay\u0259t\u00e7i deyib.<\/p>\n\n\n<div class=\"wp-block-image\">\n<figure class=\"aligncenter size-full\"><img decoding=\"async\" width=\"1200\" height=\"673\" data-src=\"https:\/\/www.meydan.tv\/wp-content\/uploads\/download-5-2.png\" alt=\"\" class=\"wp-image-311348 lazyload\" src=\"data:image\/svg+xml;base64,PHN2ZyB3aWR0aD0iMSIgaGVpZ2h0PSIxIiB4bWxucz0iaHR0cDovL3d3dy53My5vcmcvMjAwMC9zdmciPjwvc3ZnPg==\" style=\"--smush-placeholder-width: 1200px; --smush-placeholder-aspect-ratio: 1200\/673;\" \/><figcaption class=\"wp-element-caption\">N\u0259zak\u0259t M\u0259mm\u0259dova v\u0259 o\u011flu. Foto: Meydan TV<\/figcaption><\/figure>\n<\/div>\n\n\n<p>Aqil M\u0259mm\u0259dov deyib ki, bac\u0131s\u0131n\u0131n h\u0259yat yolda\u015f\u0131 \u00e7obanl\u0131qla evinin \u00e7\u00f6r\u0259k pulunu g\u00fccl\u0259 \u00e7atd\u0131r\u0131r. Ail\u0259y\u0259 daimi yard\u0131m g\u00f6st\u0259r\u0259n d\u0259 yoxdur:<\/p>\n\n\n\n<p><em>\u201cAil\u0259nin yegan\u0259 qazanc\u0131 u\u015fa\u011fa g\u00f6r\u0259 h\u0259r ay veril\u0259n 150 manatl\u0131q m\u00fcavin\u0259tdir. O da g\u00fcnd\u0259lik qay\u011f\u0131lar\u0131 qar\u015f\u0131lama\u011fa yetmir. Q\u0131\u015fda evi q\u0131zd\u0131rmaq \u00fc\u00e7\u00fcn odun alma\u011fa g\u00fcc\u00fcm \u00e7atm\u0131r, \u00fcst\u0259lik onlar\u0131n evl\u0259ri ya\u015fad\u0131\u011f\u0131m k\u0259ndd\u0259n 19 kilometr aral\u0131da yerl\u0259\u015fir. H\u0259r ay gedib-g\u0259lm\u0259k \u00e7\u0259tindir. Yen\u0259 yayd\u0131r, q\u0131zda soyuqdan donmamaq \u00fc\u00e7\u00fcn evd\u0259 b\u00fcr\u00fcn\u00fcb g\u0259zirl\u0259r. Bac\u0131m o\u011flu il\u0259 birlikd\u0259 bir ma\u011fara h\u0259yat\u0131 ya\u015fay\u0131r. Qon\u015fulardan ba\u015fqa bu b\u0259db\u0259xt ail\u0259 il\u0259 he\u00e7 kim maraqlanm\u0131r<\/em>\u201d.<\/p>\n\n\n\n<p>Aqil M\u0259mm\u0259dov \u0259lav\u0259 edib ki, a\u011f\u0131r \u015f\u0259rait s\u0259b\u0259bind\u0259n bac\u0131s\u0131n\u0131n \u00f6z\u00fc d\u0259 m\u00fcxt\u0259lif x\u0259st\u0259likl\u0259rd\u0259n \u0259ziyy\u0259t \u00e7\u0259kir, daim yor\u011fun v\u0259 hals\u0131z olur. \u015e\u0259ki \u015e\u0259h\u0259r \u0130cra Hakimiyy\u0259ti d\u0259 daxil olmaqla aidiyyat\u0131 qurumlar\u0131n ham\u0131s\u0131na m\u00fcraci\u0259t edibl\u0259r, lakin v\u0259sait olmad\u0131\u011f\u0131n\u0131 b\u0259han\u0259 ed\u0259r\u0259k evin t\u0259miri m\u00fcmk\u00fcn olmay\u0131b.<\/p>\n\n\n<div class=\"wp-block-image\">\n<figure class=\"aligncenter size-full\"><img decoding=\"async\" width=\"1200\" height=\"679\" data-src=\"https:\/\/www.meydan.tv\/wp-content\/uploads\/m__mm__dovlar_ail__sinin_ya__ad_______otaq-1.jpg\" alt=\"\" class=\"wp-image-311351 lazyload\" src=\"data:image\/svg+xml;base64,PHN2ZyB3aWR0aD0iMSIgaGVpZ2h0PSIxIiB4bWxucz0iaHR0cDovL3d3dy53My5vcmcvMjAwMC9zdmciPjwvc3ZnPg==\" style=\"--smush-placeholder-width: 1200px; --smush-placeholder-aspect-ratio: 1200\/679;\" \/><figcaption class=\"wp-element-caption\">M\u0259mm\u0259dovlar ail\u0259sinin evi. Foto: Meydan TV<\/figcaption><\/figure>\n<\/div>\n\n\n<p>\u201c<em>Bac\u0131m v\u0259 o\u011flu taleyin \u00fcmidin\u0259 burax\u0131l\u0131b, onlarla he\u00e7 kim maraqlanm\u0131r. Sa\u011f qalmalar\u0131 \u00fc\u00e7\u00fcn he\u00e7 olmasa evi ya\u015fanacaq v\u0259ziyy\u0259t\u0259 g\u0259tirm\u0259k laz\u0131md\u0131r\u201d,<\/em>-\u015fikay\u0259t\u00e7i bildirib.<\/p>\n\n\n\n<p>N.M\u0259mm\u0259dovan\u0131n qon\u015fular\u0131 is\u0259 bildiribl\u0259r ki, d\u0259mir darvaza h\u0259r k\u00fcl\u0259kli havada yell\u0259nr, h\u0259r an a\u015fa bil\u0259r.<\/p>\n\n\n\n<p><em>\u201cSanki ev\u0259 raket d\u00fc\u015f\u00fcb, \u015fifer q\u0131r\u0131q-q\u0131r\u0131qd\u0131r, ya\u011f\u0131\u015f birba\u015fa evin i\u00e7\u0259risin\u0259 t\u00f6k\u00fcl\u00fcr. Ya\u011f\u0131\u015fl\u0131 havada qorunmaq \u00fc\u00e7\u00fcn evin i\u00e7\u0259risin\u0259 qab-qacaq y\u0131\u011f\u0131l\u0131r. P\u0259nc\u0259r\u0259l\u0259r sellofan torbalarla qapad\u0131l\u0131b. \u0130\u015f\u0131q x\u0259tl\u0259ri s\u0131radan \u00e7\u0131xd\u0131\u011f\u0131ndan qaranl\u0131qda qal\u0131rlar. \u018flil u\u015fa\u011f\u0131n yatd\u0131\u011f\u0131 \u00e7arpay\u0131n\u0131n bir aya\u011f\u0131 yoxdur. Evin i\u00e7ind\u0259n s\u0259ma g\u00f6r\u00fcn\u00fcr, n\u0259mi\u015flikd\u0259n k\u0259skin iy g\u0259lir. Sa\u011flam adam bu evd\u0259 x\u0259st\u0259lik tapar, onlar\u0131n uzun ill\u0259rdir bu v\u0259ziyy\u0259td\u0259 sa\u011f qalmas\u0131 m\u00f6c\u00fcz\u0259dir\u201d,<\/em>-qon\u015fular bildiribl\u0259r.<\/p>\n\n\n\n<p>\u015e\u0259ki \u015e\u0259h\u0259r \u0130cra Hakimiyy\u0259tind\u0259n \u015fikay\u0259tl\u0259 ba\u011fl\u0131 sor\u011fuya cavab veril\u0259c\u0259yi s\u00f6yl\u0259nils\u0259 d\u0259, sonradan z\u0259ngl\u0259ri a\u00e7may\u0131blar.<\/p>\n","protected":false},"excerpt":{"rendered":"<p>\u0130cra hakimiyy\u0259ti s\u00f6z verir, sonra maraqlanm\u0131r \u015e\u0259kinin Cumak\u0259nd k\u0259nd sakini &#8230; <\/p>\n<p class=\"read-more-container\"><a title=\"\u015e\u0259kid\u0259 v\u0259t\u0259nda\u015f\u0131n evi h\u0259r an ba\u015f\u0131na u\u00e7a bil\u0259r\" class=\"read-more button\" href=\"https:\/\/www.meydan.tv\/az\/article\/sekide-vetendasin-evi-her-an-basina-uca-biler\/#more-311344\" aria-label=\"Read more about \u015e\u0259kid\u0259 v\u0259t\u0259nda\u015f\u0131n evi h\u0259r an ba\u015f\u0131na u\u00e7a bil\u0259r\">Davam\u0131<\/a><\/p>\n","protected":false},"author":8,"featured_media":311345,"comment_status":"closed","ping_status":"closed","sticky":false,"template":"","format":"standard","meta":{"_acf_changed":false,"_sitemap_exclude":false,"_sitemap_priority":"","_sitemap_frequency":"","footnotes":""},"categories":[60,56],"tags":[],"class_list":["post-311344","post","type-post","status-publish","format-standard","has-post-thumbnail","hentry","category-bolge","category-xeberler","infinite-scroll-item","generate-columns","tablet-grid-50","mobile-grid-100","grid-parent","grid-33","no-featured-image-padding"],"acf":[],"yoast_head":"<!-- This site is optimized with the Yoast SEO plugin v27.4 - https:\/\/yoast.com\/product\/yoast-seo-wordpress\/ -->\n<title>\u015e\u0259kid\u0259 v\u0259t\u0259nda\u015f\u0131n evi h\u0259r an ba\u015f\u0131na u\u00e7a bil\u0259r - MEYDAN.TV<\/title>\n<meta name=\"description\" content=\"\u015e\u0259kinin Cumak\u0259nd k\u0259nd sakini N\u0259zak\u0259t M\u0259mm\u0259dova \u00f6vlad\u0131 il\u0259 ill\u0259rdir q\u0259zal\u0131 v\u0259ziyy\u0259td\u0259 olan evd\u0259 ya\u015fay\u0131r.\" \/>\n<meta name=\"robots\" content=\"index, follow, max-snippet:-1, max-image-preview:large, max-video-preview:-1\" \/>\n<link rel=\"canonical\" href=\"https:\/\/www.meydan.tv\/az\/article\/sekide-vetendasin-evi-her-an-basina-uca-biler\/\" \/>\n<meta property=\"og:locale\" content=\"az_AZ\" \/>\n<meta property=\"og:type\" content=\"article\" \/>\n<meta property=\"og:title\" content=\"\u015e\u0259kid\u0259 v\u0259t\u0259nda\u015f\u0131n evi h\u0259r an ba\u015f\u0131na u\u00e7a bil\u0259r - MEYDAN.TV\" \/>\n<meta property=\"og:description\" content=\"\u015e\u0259kinin Cumak\u0259nd k\u0259nd sakini N\u0259zak\u0259t M\u0259mm\u0259dova \u00f6vlad\u0131 il\u0259 ill\u0259rdir q\u0259zal\u0131 v\u0259ziyy\u0259td\u0259 olan evd\u0259 ya\u015fay\u0131r.\" \/>\n<meta property=\"og:url\" content=\"https:\/\/www.meydan.tv\/az\/article\/sekide-vetendasin-evi-her-an-basina-uca-biler\/\" \/>\n<meta property=\"og:site_name\" content=\"MEYDAN.TV\" \/>\n<meta property=\"article:published_time\" content=\"2024-07-25T10:02:06+00:00\" \/>\n<meta property=\"article:modified_time\" content=\"2024-07-25T10:02:09+00:00\" \/>\n<meta property=\"og:image\" content=\"https:\/\/www.meydan.tv\/wp-content\/uploads\/ev-1-1.jpg\" \/>\n\t<meta property=\"og:image:width\" content=\"1200\" \/>\n\t<meta property=\"og:image:height\" content=\"651\" \/>\n\t<meta property=\"og:image:type\" content=\"image\/jpeg\" \/>\n<meta name=\"author\" content=\"elli\" \/>\n<meta name=\"twitter:card\" content=\"summary_large_image\" \/>\n<meta name=\"twitter:creator\" content=\"@elli\" \/>\n<script type=\"application\/ld+json\" class=\"yoast-schema-graph\">{\"@context\":\"https:\\\/\\\/schema.org\",\"@graph\":[{\"@type\":\"Article\",\"@id\":\"https:\\\/\\\/www.meydan.tv\\\/az\\\/article\\\/sekide-vetendasin-evi-her-an-basina-uca-biler\\\/#article\",\"isPartOf\":{\"@id\":\"https:\\\/\\\/www.meydan.tv\\\/az\\\/article\\\/sekide-vetendasin-evi-her-an-basina-uca-biler\\\/\"},\"author\":{\"name\":\"elli\",\"@id\":\"https:\\\/\\\/www.meydan.tv\\\/az\\\/#\\\/schema\\\/person\\\/9cdbecf90d17180ce1dfbd95b08dcf47\"},\"headline\":\"\u015e\u0259kid\u0259 v\u0259t\u0259nda\u015f\u0131n evi h\u0259r an ba\u015f\u0131na u\u00e7a bil\u0259r\",\"datePublished\":\"2024-07-25T10:02:06+00:00\",\"dateModified\":\"2024-07-25T10:02:09+00:00\",\"mainEntityOfPage\":{\"@id\":\"https:\\\/\\\/www.meydan.tv\\\/az\\\/article\\\/sekide-vetendasin-evi-her-an-basina-uca-biler\\\/\"},\"wordCount\":719,\"publisher\":{\"@id\":\"https:\\\/\\\/www.meydan.tv\\\/az\\\/#organization\"},\"image\":{\"@id\":\"https:\\\/\\\/www.meydan.tv\\\/az\\\/article\\\/sekide-vetendasin-evi-her-an-basina-uca-biler\\\/#primaryimage\"},\"thumbnailUrl\":\"https:\\\/\\\/www.meydan.tv\\\/wp-content\\\/uploads\\\/ev-1-1.jpg\",\"articleSection\":[\"B\u00f6lg\u0259\",\"X\u0259b\u0259rl\u0259r\"],\"inLanguage\":\"az\"},{\"@type\":\"WebPage\",\"@id\":\"https:\\\/\\\/www.meydan.tv\\\/az\\\/article\\\/sekide-vetendasin-evi-her-an-basina-uca-biler\\\/\",\"url\":\"https:\\\/\\\/www.meydan.tv\\\/az\\\/article\\\/sekide-vetendasin-evi-her-an-basina-uca-biler\\\/\",\"name\":\"\u015e\u0259kid\u0259 v\u0259t\u0259nda\u015f\u0131n evi h\u0259r an ba\u015f\u0131na u\u00e7a bil\u0259r - MEYDAN.TV\",\"isPartOf\":{\"@id\":\"https:\\\/\\\/www.meydan.tv\\\/az\\\/#website\"},\"primaryImageOfPage\":{\"@id\":\"https:\\\/\\\/www.meydan.tv\\\/az\\\/article\\\/sekide-vetendasin-evi-her-an-basina-uca-biler\\\/#primaryimage\"},\"image\":{\"@id\":\"https:\\\/\\\/www.meydan.tv\\\/az\\\/article\\\/sekide-vetendasin-evi-her-an-basina-uca-biler\\\/#primaryimage\"},\"thumbnailUrl\":\"https:\\\/\\\/www.meydan.tv\\\/wp-content\\\/uploads\\\/ev-1-1.jpg\",\"datePublished\":\"2024-07-25T10:02:06+00:00\",\"dateModified\":\"2024-07-25T10:02:09+00:00\",\"description\":\"\u015e\u0259kinin Cumak\u0259nd k\u0259nd sakini N\u0259zak\u0259t M\u0259mm\u0259dova \u00f6vlad\u0131 il\u0259 ill\u0259rdir q\u0259zal\u0131 v\u0259ziyy\u0259td\u0259 olan evd\u0259 ya\u015fay\u0131r.\",\"breadcrumb\":{\"@id\":\"https:\\\/\\\/www.meydan.tv\\\/az\\\/article\\\/sekide-vetendasin-evi-her-an-basina-uca-biler\\\/#breadcrumb\"},\"inLanguage\":\"az\",\"potentialAction\":[{\"@type\":\"ReadAction\",\"target\":[\"https:\\\/\\\/www.meydan.tv\\\/az\\\/article\\\/sekide-vetendasin-evi-her-an-basina-uca-biler\\\/\"]}]},{\"@type\":\"ImageObject\",\"inLanguage\":\"az\",\"@id\":\"https:\\\/\\\/www.meydan.tv\\\/az\\\/article\\\/sekide-vetendasin-evi-her-an-basina-uca-biler\\\/#primaryimage\",\"url\":\"https:\\\/\\\/www.meydan.tv\\\/wp-content\\\/uploads\\\/ev-1-1.jpg\",\"contentUrl\":\"https:\\\/\\\/www.meydan.tv\\\/wp-content\\\/uploads\\\/ev-1-1.jpg\",\"width\":1200,\"height\":651,\"caption\":\"N\u0259zak\u0259t M\u0259mm\u0259dova\u0131n ya\u015fad\u0131\u011f\u0131 ev. Foto: Meydan TV\"},{\"@type\":\"BreadcrumbList\",\"@id\":\"https:\\\/\\\/www.meydan.tv\\\/az\\\/article\\\/sekide-vetendasin-evi-her-an-basina-uca-biler\\\/#breadcrumb\",\"itemListElement\":[{\"@type\":\"ListItem\",\"position\":1,\"name\":\"Ana s\u0259hif\u0259\",\"item\":\"https:\\\/\\\/www.meydan.tv\\\/az\\\/\"},{\"@type\":\"ListItem\",\"position\":2,\"name\":\"B\u00f6lg\u0259\",\"item\":\"https:\\\/\\\/www.meydan.tv\\\/az\\\/section\\\/bolge\\\/\"},{\"@type\":\"ListItem\",\"position\":3,\"name\":\"\u015e\u0259kid\u0259 v\u0259t\u0259nda\u015f\u0131n evi h\u0259r an ba\u015f\u0131na u\u00e7a bil\u0259r\"}]},{\"@type\":\"WebSite\",\"@id\":\"https:\\\/\\\/www.meydan.tv\\\/az\\\/#website\",\"url\":\"https:\\\/\\\/www.meydan.tv\\\/az\\\/\",\"name\":\"MEYDAN.TV\",\"description\":\"Meydan TV Az\u0259rbaycan\u0131n media m\u0259kan\u0131ndak\u0131 alternativ s\u0259sidir\",\"publisher\":{\"@id\":\"https:\\\/\\\/www.meydan.tv\\\/az\\\/#organization\"},\"potentialAction\":[{\"@type\":\"SearchAction\",\"target\":{\"@type\":\"EntryPoint\",\"urlTemplate\":\"https:\\\/\\\/www.meydan.tv\\\/az\\\/?s={search_term_string}\"},\"query-input\":{\"@type\":\"PropertyValueSpecification\",\"valueRequired\":true,\"valueName\":\"search_term_string\"}}],\"inLanguage\":\"az\"},{\"@type\":\"Organization\",\"@id\":\"https:\\\/\\\/www.meydan.tv\\\/az\\\/#organization\",\"name\":\"Meydan TV\",\"url\":\"https:\\\/\\\/www.meydan.tv\\\/az\\\/\",\"logo\":{\"@type\":\"ImageObject\",\"inLanguage\":\"az\",\"@id\":\"https:\\\/\\\/www.meydan.tv\\\/az\\\/#\\\/schema\\\/logo\\\/image\\\/\",\"url\":\"https:\\\/\\\/www.meydan.tv\\\/wp-content\\\/uploads\\\/2021\\\/07\\\/meydan-logo.svg\",\"contentUrl\":\"https:\\\/\\\/www.meydan.tv\\\/wp-content\\\/uploads\\\/2021\\\/07\\\/meydan-logo.svg\",\"width\":195,\"height\":46,\"caption\":\"Meydan TV\"},\"image\":{\"@id\":\"https:\\\/\\\/www.meydan.tv\\\/az\\\/#\\\/schema\\\/logo\\\/image\\\/\"}},{\"@type\":\"Person\",\"@id\":\"https:\\\/\\\/www.meydan.tv\\\/az\\\/#\\\/schema\\\/person\\\/9cdbecf90d17180ce1dfbd95b08dcf47\",\"name\":\"elli\",\"sameAs\":[\"https:\\\/\\\/x.com\\\/elli\"]}]}<\/script>\n<!-- \/ Yoast SEO plugin. -->","yoast_head_json":{"title":"\u015e\u0259kid\u0259 v\u0259t\u0259nda\u015f\u0131n evi h\u0259r an ba\u015f\u0131na u\u00e7a bil\u0259r - MEYDAN.TV","description":"\u015e\u0259kinin Cumak\u0259nd k\u0259nd sakini N\u0259zak\u0259t M\u0259mm\u0259dova \u00f6vlad\u0131 il\u0259 ill\u0259rdir q\u0259zal\u0131 v\u0259ziyy\u0259td\u0259 olan evd\u0259 ya\u015fay\u0131r.","robots":{"index":"index","follow":"follow","max-snippet":"max-snippet:-1","max-image-preview":"max-image-preview:large","max-video-preview":"max-video-preview:-1"},"canonical":"https:\/\/www.meydan.tv\/az\/article\/sekide-vetendasin-evi-her-an-basina-uca-biler\/","og_locale":"az_AZ","og_type":"article","og_title":"\u015e\u0259kid\u0259 v\u0259t\u0259nda\u015f\u0131n evi h\u0259r an ba\u015f\u0131na u\u00e7a bil\u0259r - MEYDAN.TV","og_description":"\u015e\u0259kinin Cumak\u0259nd k\u0259nd sakini N\u0259zak\u0259t M\u0259mm\u0259dova \u00f6vlad\u0131 il\u0259 ill\u0259rdir q\u0259zal\u0131 v\u0259ziyy\u0259td\u0259 olan evd\u0259 ya\u015fay\u0131r.","og_url":"https:\/\/www.meydan.tv\/az\/article\/sekide-vetendasin-evi-her-an-basina-uca-biler\/","og_site_name":"MEYDAN.TV","article_published_time":"2024-07-25T10:02:06+00:00","article_modified_time":"2024-07-25T10:02:09+00:00","og_image":[{"width":1200,"height":651,"url":"https:\/\/www.meydan.tv\/wp-content\/uploads\/ev-1-1.jpg","type":"image\/jpeg"}],"author":"elli","twitter_card":"summary_large_image","twitter_creator":"@elli","schema":{"@context":"https:\/\/schema.org","@graph":[{"@type":"Article","@id":"https:\/\/www.meydan.tv\/az\/article\/sekide-vetendasin-evi-her-an-basina-uca-biler\/#article","isPartOf":{"@id":"https:\/\/www.meydan.tv\/az\/article\/sekide-vetendasin-evi-her-an-basina-uca-biler\/"},"author":{"name":"elli","@id":"https:\/\/www.meydan.tv\/az\/#\/schema\/person\/9cdbecf90d17180ce1dfbd95b08dcf47"},"headline":"\u015e\u0259kid\u0259 v\u0259t\u0259nda\u015f\u0131n evi h\u0259r an ba\u015f\u0131na u\u00e7a bil\u0259r","datePublished":"2024-07-25T10:02:06+00:00","dateModified":"2024-07-25T10:02:09+00:00","mainEntityOfPage":{"@id":"https:\/\/www.meydan.tv\/az\/article\/sekide-vetendasin-evi-her-an-basina-uca-biler\/"},"wordCount":719,"publisher":{"@id":"https:\/\/www.meydan.tv\/az\/#organization"},"image":{"@id":"https:\/\/www.meydan.tv\/az\/article\/sekide-vetendasin-evi-her-an-basina-uca-biler\/#primaryimage"},"thumbnailUrl":"https:\/\/www.meydan.tv\/wp-content\/uploads\/ev-1-1.jpg","articleSection":["B\u00f6lg\u0259","X\u0259b\u0259rl\u0259r"],"inLanguage":"az"},{"@type":"WebPage","@id":"https:\/\/www.meydan.tv\/az\/article\/sekide-vetendasin-evi-her-an-basina-uca-biler\/","url":"https:\/\/www.meydan.tv\/az\/article\/sekide-vetendasin-evi-her-an-basina-uca-biler\/","name":"\u015e\u0259kid\u0259 v\u0259t\u0259nda\u015f\u0131n evi h\u0259r an ba\u015f\u0131na u\u00e7a bil\u0259r - MEYDAN.TV","isPartOf":{"@id":"https:\/\/www.meydan.tv\/az\/#website"},"primaryImageOfPage":{"@id":"https:\/\/www.meydan.tv\/az\/article\/sekide-vetendasin-evi-her-an-basina-uca-biler\/#primaryimage"},"image":{"@id":"https:\/\/www.meydan.tv\/az\/article\/sekide-vetendasin-evi-her-an-basina-uca-biler\/#primaryimage"},"thumbnailUrl":"https:\/\/www.meydan.tv\/wp-content\/uploads\/ev-1-1.jpg","datePublished":"2024-07-25T10:02:06+00:00","dateModified":"2024-07-25T10:02:09+00:00","description":"\u015e\u0259kinin Cumak\u0259nd k\u0259nd sakini N\u0259zak\u0259t M\u0259mm\u0259dova \u00f6vlad\u0131 il\u0259 ill\u0259rdir q\u0259zal\u0131 v\u0259ziyy\u0259td\u0259 olan evd\u0259 ya\u015fay\u0131r.","breadcrumb":{"@id":"https:\/\/www.meydan.tv\/az\/article\/sekide-vetendasin-evi-her-an-basina-uca-biler\/#breadcrumb"},"inLanguage":"az","potentialAction":[{"@type":"ReadAction","target":["https:\/\/www.meydan.tv\/az\/article\/sekide-vetendasin-evi-her-an-basina-uca-biler\/"]}]},{"@type":"ImageObject","inLanguage":"az","@id":"https:\/\/www.meydan.tv\/az\/article\/sekide-vetendasin-evi-her-an-basina-uca-biler\/#primaryimage","url":"https:\/\/www.meydan.tv\/wp-content\/uploads\/ev-1-1.jpg","contentUrl":"https:\/\/www.meydan.tv\/wp-content\/uploads\/ev-1-1.jpg","width":1200,"height":651,"caption":"N\u0259zak\u0259t M\u0259mm\u0259dova\u0131n ya\u015fad\u0131\u011f\u0131 ev. Foto: Meydan TV"},{"@type":"BreadcrumbList","@id":"https:\/\/www.meydan.tv\/az\/article\/sekide-vetendasin-evi-her-an-basina-uca-biler\/#breadcrumb","itemListElement":[{"@type":"ListItem","position":1,"name":"Ana s\u0259hif\u0259","item":"https:\/\/www.meydan.tv\/az\/"},{"@type":"ListItem","position":2,"name":"B\u00f6lg\u0259","item":"https:\/\/www.meydan.tv\/az\/section\/bolge\/"},{"@type":"ListItem","position":3,"name":"\u015e\u0259kid\u0259 v\u0259t\u0259nda\u015f\u0131n evi h\u0259r an ba\u015f\u0131na u\u00e7a bil\u0259r"}]},{"@type":"WebSite","@id":"https:\/\/www.meydan.tv\/az\/#website","url":"https:\/\/www.meydan.tv\/az\/","name":"MEYDAN.TV","description":"Meydan TV Az\u0259rbaycan\u0131n media m\u0259kan\u0131ndak\u0131 alternativ s\u0259sidir","publisher":{"@id":"https:\/\/www.meydan.tv\/az\/#organization"},"potentialAction":[{"@type":"SearchAction","target":{"@type":"EntryPoint","urlTemplate":"https:\/\/www.meydan.tv\/az\/?s={search_term_string}"},"query-input":{"@type":"PropertyValueSpecification","valueRequired":true,"valueName":"search_term_string"}}],"inLanguage":"az"},{"@type":"Organization","@id":"https:\/\/www.meydan.tv\/az\/#organization","name":"Meydan TV","url":"https:\/\/www.meydan.tv\/az\/","logo":{"@type":"ImageObject","inLanguage":"az","@id":"https:\/\/www.meydan.tv\/az\/#\/schema\/logo\/image\/","url":"https:\/\/www.meydan.tv\/wp-content\/uploads\/2021\/07\/meydan-logo.svg","contentUrl":"https:\/\/www.meydan.tv\/wp-content\/uploads\/2021\/07\/meydan-logo.svg","width":195,"height":46,"caption":"Meydan TV"},"image":{"@id":"https:\/\/www.meydan.tv\/az\/#\/schema\/logo\/image\/"}},{"@type":"Person","@id":"https:\/\/www.meydan.tv\/az\/#\/schema\/person\/9cdbecf90d17180ce1dfbd95b08dcf47","name":"elli","sameAs":["https:\/\/x.com\/elli"]}]}},"_links":{"self":[{"href":"https:\/\/www.meydan.tv\/az\/wp-json\/wp\/v2\/posts\/311344","targetHints":{"allow":["GET"]}}],"collection":[{"href":"https:\/\/www.meydan.tv\/az\/wp-json\/wp\/v2\/posts"}],"about":[{"href":"https:\/\/www.meydan.tv\/az\/wp-json\/wp\/v2\/types\/post"}],"author":[{"embeddable":true,"href":"https:\/\/www.meydan.tv\/az\/wp-json\/wp\/v2\/users\/8"}],"replies":[{"embeddable":true,"href":"https:\/\/www.meydan.tv\/az\/wp-json\/wp\/v2\/comments?post=311344"}],"version-history":[{"count":3,"href":"https:\/\/www.meydan.tv\/az\/wp-json\/wp\/v2\/posts\/311344\/revisions"}],"predecessor-version":[{"id":311356,"href":"https:\/\/www.meydan.tv\/az\/wp-json\/wp\/v2\/posts\/311344\/revisions\/311356"}],"wp:featuredmedia":[{"embeddable":true,"href":"https:\/\/www.meydan.tv\/az\/wp-json\/wp\/v2\/media\/311345"}],"wp:attachment":[{"href":"https:\/\/www.meydan.tv\/az\/wp-json\/wp\/v2\/media?parent=311344"}],"wp:term":[{"taxonomy":"category","embeddable":true,"href":"https:\/\/www.meydan.tv\/az\/wp-json\/wp\/v2\/categories?post=311344"},{"taxonomy":"post_tag","embeddable":true,"href":"https:\/\/www.meydan.tv\/az\/wp-json\/wp\/v2\/tags?post=311344"}],"curies":[{"name":"wp","href":"https:\/\/api.w.org\/{rel}","templated":true}]}}