{"id":311323,"date":"2024-07-25T13:14:59","date_gmt":"2024-07-25T09:14:59","guid":{"rendered":"https:\/\/www.meydan.tv\/?p=311323"},"modified":"2024-07-25T14:06:07","modified_gmt":"2024-07-25T10:06:07","slug":"kimler-azerbaycana-qatar-ve-avtomobille-gele-bilir","status":"publish","type":"post","link":"https:\/\/www.meydan.tv\/az\/article\/kimler-azerbaycana-qatar-ve-avtomobille-gele-bilir\/","title":{"rendered":"Kiml\u0259r Az\u0259rbaycana qatar v\u0259 avtomobill\u0259 g\u0259l\u0259 bilir?"},"content":{"rendered":"\n<p><\/p>\n\n\n\n<p><strong><em>DSK m\u0259lumat yay\u0131b: \u00f6lk\u0259y\u0259 g\u0259l\u0259nl\u0259rd\u0259n 25,2 faizi d\u0259mir yolu v\u0259 avtomobild\u0259n istifad\u0259 edib<\/em><\/strong><\/p>\n\n\n\n<p>\u0130lin ilk yar\u0131\u015f\u0131nda Az\u0259rbaycana 179 \u00f6lk\u0259d\u0259n 1 milyon 231 min n\u0259f\u0259rd\u0259n \u00e7ox turist g\u0259lib. Bu, \u0259vv\u0259lki ilin eyni d\u00f6vr\u00fc il\u0259 m\u00fcqayis\u0259d\u0259 34 faiz art\u0131m dem\u0259kdir.<\/p>\n\n\n\n<p>M\u0259lumat\u0131 D\u00f6vl\u0259t Statistika Komit\u0259si (DSK) yay\u0131b.<\/p>\n\n\n\n<p>Statistikada diqq\u0259t \u00e7\u0259k\u0259n bir m\u0259qam var. Qeyd edilir ki, g\u0259l\u0259n \u0259cn\u0259bil\u0259r v\u0259 v\u0259t\u0259nda\u015fl\u0131\u011f\u0131 olmayan \u015f\u0259xsl\u0259rin 73,5 faizi hava, 1,3 faizi is\u0259 d\u0259niz n\u0259qliyyat\u0131ndan istifad\u0259 edib.<\/p>\n\n\n\n<p>H\u0259m\u00e7inin \u00f6lk\u0259y\u0259 g\u0259l\u0259nl\u0259rd\u0259n 25,2 faizi d\u0259mir yolu v\u0259 avtomobild\u0259n istifad\u0259 edib.<\/p>\n\n\n<div class=\"wp-block-image\">\n<figure class=\"aligncenter size-full\"><img decoding=\"async\" width=\"1108\" height=\"480\" data-src=\"https:\/\/www.meydan.tv\/wp-content\/uploads\/684432_521812.jpg\" alt=\"D\u00f6vl\u0259t Statistika Komit\u0259si\" class=\"wp-image-123079 lazyload\" src=\"data:image\/svg+xml;base64,PHN2ZyB3aWR0aD0iMSIgaGVpZ2h0PSIxIiB4bWxucz0iaHR0cDovL3d3dy53My5vcmcvMjAwMC9zdmciPjwvc3ZnPg==\" style=\"--smush-placeholder-width: 1108px; --smush-placeholder-aspect-ratio: 1108\/480;\" \/><figcaption class=\"wp-element-caption\">Foto: Meydan TV<\/figcaption><\/figure>\n<\/div>\n\n\n<p>\u00d6lk\u0259nin s\u0259rh\u0259dl\u0259ri 4 ild\u0259n art\u0131qd\u0131r ki, qapal\u0131d\u0131r.<\/p>\n\n\n\n<p>\u018fn son iyunun 24-d\u0259 Ba\u015f nazir \u018fli \u018fs\u0259dovun imzalad\u0131\u011f\u0131 <a href=\"https:\/\/nk.gov.az\/az\/senedler\/qerarlar\/azerbaycan-respublikasinin-erazisinde-xususi-karan-8139\">q\u0259rarla<\/a> Az\u0259rbaycan\u0131n quru s\u0259rh\u0259dl\u0259ri oktyabr\u0131n 1-d\u0259k uzad\u0131l\u0131b.<\/p>\n\n\n\n<p>S\u0259rh\u0259dl\u0259r ba\u011fl\u0131d\u0131rsa, g\u0259l\u0259nl\u0259r d\u0259miryolu v\u0259 avtomobild\u0259n nec\u0259 istifad\u0259 edib?<\/p>\n\n\n<div class=\"wp-block-image\">\n<figure class=\"alignright size-large is-resized\"><img decoding=\"async\" width=\"1200\" height=\"696\" data-src=\"https:\/\/www.meydan.tv\/wp-content\/uploads\/image_from_ios_178-scaled-e1648798569981-1200x696.jpg\" alt=\"Natiq C\u0259f\u0259rli\" class=\"wp-image-210013 lazyload\" style=\"--smush-placeholder-width: 1200px; --smush-placeholder-aspect-ratio: 1200\/696;width:437px;height:auto\" src=\"data:image\/svg+xml;base64,PHN2ZyB3aWR0aD0iMSIgaGVpZ2h0PSIxIiB4bWxucz0iaHR0cDovL3d3dy53My5vcmcvMjAwMC9zdmciPjwvc3ZnPg==\" \/><figcaption class=\"wp-element-caption\">Natiq C\u0259f\u0259rli, Foto: Meydan TV<\/figcaption><\/figure>\n<\/div>\n\n\n<p>\u0130qtisad\u00e7\u0131 Natiq C\u0259f\u0259rli deyir ki, bu, Nax\u00e7\u0131vandak\u0131 s\u0259rh\u0259dl\u0259 \u0259laq\u0259lidir. T\u00fcrkiy\u0259 il\u0259 Nax\u00e7\u0131van\u0131 birl\u0259\u015fdir\u0259n quru s\u0259rh\u0259di a\u00e7\u0131qd\u0131r, Nax\u00e7\u0131van qeydiyyat\u0131nda olanlar avtomobil, d\u0259mir yolu v\u0259 y\u00fck ma\u015f\u0131nlar\u0131 il\u0259 s\u0259rh\u0259di ke\u00e7\u0259 bilirl\u0259r. El\u0259c\u0259 d\u0259 T\u00fcrkiy\u0259d\u0259n Az\u0259rbaycana g\u0259lm\u0259k ist\u0259y\u0259nl\u0259r bu yoldan istifad\u0259 edir:<\/p>\n\n\n\n<p><em>\u201cBu, statistikaya ciddi t\u0259sir g\u00f6st\u0259rir. H\u0259m\u00e7inin y\u00fck ma\u015f\u0131nlar\u0131 \u00fc\u00e7\u00fcn onsuz da yol h\u0259r zaman a\u00e7\u0131q idi. Onlar\u0131n s\u00fcr\u00fcc\u00fcl\u0259ri v\u0259 k\u00f6m\u0259k\u00e7il\u0259ri d\u0259 s\u0259rh\u0259di asanl\u0131qla ke\u00e7\u0259 bilir. G\u00f6r\u00fcn\u00fcr bu, h\u0259min insanlar\u0131n say g\u00f6st\u0259ricisidir\u201d.<\/em><\/p>\n\n\n\n<p>Y\u00fck qatarlar\u0131 v\u0259 g\u0259mil\u0259rinin \u0259m\u0259kda\u015flar\u0131 da turist kimi statistikaya d\u00fc\u015f\u00fcr?<\/p>\n\n\n\n<p>S\u0259yah\u0259t blogeri Az\u0259r \u0130smay\u0131l da statistikan\u0131n bu hiss\u0259sini \u00f6lk\u0259y\u0259 g\u0259l\u0259n y\u00fck ma\u015f\u0131nlar\u0131n\u0131n s\u00fcr\u00fcc\u00fcl\u0259ri il\u0259 ba\u011fl\u0131 oldu\u011funu deyir. <\/p>\n\n\n<div class=\"wp-block-image\">\n<figure class=\"alignleft size-full is-resized\"><img decoding=\"async\" width=\"726\" height=\"574\" data-src=\"https:\/\/www.meydan.tv\/wp-content\/uploads\/647953_07.jpg\" alt=\"Az\u0259r \u0130smay\u0131l\" class=\"wp-image-161391 lazyload\" style=\"--smush-placeholder-width: 726px; --smush-placeholder-aspect-ratio: 726\/574;width:386px;height:auto\" src=\"data:image\/svg+xml;base64,PHN2ZyB3aWR0aD0iMSIgaGVpZ2h0PSIxIiB4bWxucz0iaHR0cDovL3d3dy53My5vcmcvMjAwMC9zdmciPjwvc3ZnPg==\" \/><figcaption class=\"wp-element-caption\">Foto: Az\u0259r \u0130smay\u0131l\u0131n \u015f\u0259xsi arxivind\u0259n<\/figcaption><\/figure>\n<\/div>\n\n\n<p>Onun s\u00f6zl\u0259rin\u0259 g\u00f6r\u0259, g\u00fcn \u0259rzind\u0259 y\u00fczl\u0259rl\u0259 y\u00fck ma\u015f\u0131n\u0131 s\u0259rh\u0259dl\u0259ri ke\u00e7ir:<\/p>\n\n\n\n<p>\u201c<em>Qatar m\u0259s\u0259l\u0259si il\u0259 ba\u011fl\u0131 h\u0259r hans\u0131 fikrim yoxdur. Y\u0259qin bu da y\u00fckl\u0259 ba\u011fl\u0131d\u0131r. Az\u0259rbaycandan v\u0259 Az\u0259rbaycana y\u00fck qatarlar\u0131, h\u0259m\u00e7inin g\u0259mil\u0259r \u00e7al\u0131\u015f\u0131r, onlar\u0131n i\u015fin\u0259 mane\u0259 yoxdur. H\u0259m\u00e7inin, Nax\u00e7\u0131van T\u00fcrkiy\u0259 s\u0259rh\u0259di a\u00e7\u0131qd\u0131r, ordan da insanlar gedib-g\u0259lir. G\u00f6r\u00fcn\u00fcr, b\u00fct\u00fcn bunlar\u0131 turizm statistikas\u0131na daxil edirl\u0259r\u201d.<\/em><\/p>\n\n\n\n<p><\/p>\n\n\n\n<p><\/p>\n\n\n\n<p><\/p>\n\n\n\n<p><\/p>\n\n\n\n<p><strong>N\u0259 ba\u015f verib?<\/strong><\/p>\n\n\n\n<p>Koronavirus pandemiyas\u0131 d\u00fcnyada 2019-cu ilin sonundan yay\u0131lma\u011fa ba\u015flay\u0131b. Az\u0259rbaycanda x\u00fcsusi karantin rejimi 2020-ci il mart\u0131n \u0259vv\u0259lind\u0259n elan edilib v\u0259 h\u0259min vaxtdan quru s\u0259rh\u0259dl\u0259r qapad\u0131l\u0131b. Sonradan d\u0259f\u0259l\u0259rl\u0259 karantin rejiminin vaxt\u0131 uzad\u0131l\u0131b.<\/p>\n\n\n\n<p>Az\u0259rbaycanda is\u0259 s\u0259rh\u0259din ba\u011fl\u0131 qalmas\u0131 \u0259sas\u0259n, COV\u0130D 19 pandemiyas\u0131 il\u0259 \u0259laq\u0259l\u0259ndirilir. Prezident \u0130lham \u018fliyev is\u0259 bu bar\u0259d\u0259 \u0259n son a\u00e7\u0131qlamas\u0131nda ba\u011fl\u0131 s\u0259rh\u0259di t\u0259hl\u00fck\u0259sizlikl\u0259 \u0259laq\u0259l\u0259ndirmi\u015fdi. \u00dcmumd\u00fcnya S\u0259hiyy\u0259 T\u0259\u015fkilat\u0131 (\u00dcST) 2023-c\u00fc il may\u0131n 5-d\u0259 pandemiyan\u0131n ba\u015fa \u00e7atd\u0131\u011f\u0131n\u0131 elan edib.<\/p>\n\n\n\n<p>M\u00fcst\u0259qil ekspertl\u0259r Az\u0259rbaycanda s\u0259rh\u0259din ba\u011fl\u0131 olmas\u0131n\u0131n COV\u0130D-l\u0259 ba\u011fl\u0131 olmad\u0131\u011f\u0131n\u0131, alt\u0131nda ba\u015fqa m\u0259qs\u0259dl\u0259r oldu\u011funu s\u00f6yl\u0259yir.<\/p>\n","protected":false},"excerpt":{"rendered":"<p>DSK m\u0259lumat yay\u0131b: \u00f6lk\u0259y\u0259 g\u0259l\u0259nl\u0259rd\u0259n 25,2 faizi d\u0259mir yolu v\u0259 &#8230; <\/p>\n<p class=\"read-more-container\"><a title=\"Kiml\u0259r Az\u0259rbaycana qatar v\u0259 avtomobill\u0259 g\u0259l\u0259 bilir?\" class=\"read-more button\" href=\"https:\/\/www.meydan.tv\/az\/article\/kimler-azerbaycana-qatar-ve-avtomobille-gele-bilir\/#more-311323\" aria-label=\"Read more about Kiml\u0259r Az\u0259rbaycana qatar v\u0259 avtomobill\u0259 g\u0259l\u0259 bilir?\">Davam\u0131<\/a><\/p>\n","protected":false},"author":8,"featured_media":73532,"comment_status":"closed","ping_status":"closed","sticky":false,"template":"","format":"standard","meta":{"_acf_changed":false,"_sitemap_exclude":false,"_sitemap_priority":"","_sitemap_frequency":"","footnotes":""},"categories":[62,79,56],"tags":[],"class_list":["post-311323","post","type-post","status-publish","format-standard","has-post-thumbnail","hentry","category-sosial","category-featured","category-xeberler","infinite-scroll-item","generate-columns","tablet-grid-50","mobile-grid-100","grid-parent","grid-33","no-featured-image-padding"],"acf":[],"yoast_head":"<!-- This site is optimized with the Yoast SEO plugin v27.5 - https:\/\/yoast.com\/product\/yoast-seo-wordpress\/ -->\n<title>Kiml\u0259r Az\u0259rbaycana qatar v\u0259 avtomobill\u0259 g\u0259l\u0259 bilir? - MEYDAN.TV<\/title>\n<meta name=\"description\" content=\"DSK m\u0259lumat yay\u0131b: \u00f6lk\u0259y\u0259 g\u0259l\u0259nl\u0259rd\u0259n 25,2 faizi d\u0259mir yolu v\u0259 avtomobild\u0259n istifad\u0259 edib.\" \/>\n<meta name=\"robots\" content=\"index, follow, max-snippet:-1, max-image-preview:large, max-video-preview:-1\" \/>\n<link rel=\"canonical\" href=\"https:\/\/www.meydan.tv\/az\/article\/kimler-azerbaycana-qatar-ve-avtomobille-gele-bilir\/\" \/>\n<meta property=\"og:locale\" content=\"az_AZ\" \/>\n<meta property=\"og:type\" content=\"article\" \/>\n<meta property=\"og:title\" content=\"Kiml\u0259r Az\u0259rbaycana qatar v\u0259 avtomobill\u0259 g\u0259l\u0259 bilir? - MEYDAN.TV\" \/>\n<meta property=\"og:description\" content=\"DSK m\u0259lumat yay\u0131b: \u00f6lk\u0259y\u0259 g\u0259l\u0259nl\u0259rd\u0259n 25,2 faizi d\u0259mir yolu v\u0259 avtomobild\u0259n istifad\u0259 edib.\" \/>\n<meta property=\"og:url\" content=\"https:\/\/www.meydan.tv\/az\/article\/kimler-azerbaycana-qatar-ve-avtomobille-gele-bilir\/\" \/>\n<meta property=\"og:site_name\" content=\"MEYDAN.TV\" \/>\n<meta property=\"article:published_time\" content=\"2024-07-25T09:14:59+00:00\" \/>\n<meta property=\"article:modified_time\" content=\"2024-07-25T10:06:07+00:00\" \/>\n<meta property=\"og:image\" content=\"https:\/\/www.meydan.tv\/wp-content\/uploads\/28374.jpg\" \/>\n\t<meta property=\"og:image:width\" content=\"1280\" \/>\n\t<meta property=\"og:image:height\" content=\"850\" \/>\n\t<meta property=\"og:image:type\" content=\"image\/jpeg\" \/>\n<meta name=\"author\" content=\"elli\" \/>\n<meta name=\"twitter:card\" content=\"summary_large_image\" \/>\n<meta name=\"twitter:creator\" content=\"@elli\" \/>\n<script type=\"application\/ld+json\" class=\"yoast-schema-graph\">{\"@context\":\"https:\\\/\\\/schema.org\",\"@graph\":[{\"@type\":\"Article\",\"@id\":\"https:\\\/\\\/www.meydan.tv\\\/az\\\/article\\\/kimler-azerbaycana-qatar-ve-avtomobille-gele-bilir\\\/#article\",\"isPartOf\":{\"@id\":\"https:\\\/\\\/www.meydan.tv\\\/az\\\/article\\\/kimler-azerbaycana-qatar-ve-avtomobille-gele-bilir\\\/\"},\"author\":{\"name\":\"elli\",\"@id\":\"https:\\\/\\\/www.meydan.tv\\\/az\\\/#\\\/schema\\\/person\\\/9cdbecf90d17180ce1dfbd95b08dcf47\"},\"headline\":\"Kiml\u0259r Az\u0259rbaycana qatar v\u0259 avtomobill\u0259 g\u0259l\u0259 bilir?\",\"datePublished\":\"2024-07-25T09:14:59+00:00\",\"dateModified\":\"2024-07-25T10:06:07+00:00\",\"mainEntityOfPage\":{\"@id\":\"https:\\\/\\\/www.meydan.tv\\\/az\\\/article\\\/kimler-azerbaycana-qatar-ve-avtomobille-gele-bilir\\\/\"},\"wordCount\":646,\"publisher\":{\"@id\":\"https:\\\/\\\/www.meydan.tv\\\/az\\\/#organization\"},\"image\":{\"@id\":\"https:\\\/\\\/www.meydan.tv\\\/az\\\/article\\\/kimler-azerbaycana-qatar-ve-avtomobille-gele-bilir\\\/#primaryimage\"},\"thumbnailUrl\":\"https:\\\/\\\/www.meydan.tv\\\/wp-content\\\/uploads\\\/28374.jpg\",\"articleSection\":[\"Sosial\",\"T\u00f6vsiy\u0259\",\"X\u0259b\u0259rl\u0259r\"],\"inLanguage\":\"az\"},{\"@type\":\"WebPage\",\"@id\":\"https:\\\/\\\/www.meydan.tv\\\/az\\\/article\\\/kimler-azerbaycana-qatar-ve-avtomobille-gele-bilir\\\/\",\"url\":\"https:\\\/\\\/www.meydan.tv\\\/az\\\/article\\\/kimler-azerbaycana-qatar-ve-avtomobille-gele-bilir\\\/\",\"name\":\"Kiml\u0259r Az\u0259rbaycana qatar v\u0259 avtomobill\u0259 g\u0259l\u0259 bilir? - MEYDAN.TV\",\"isPartOf\":{\"@id\":\"https:\\\/\\\/www.meydan.tv\\\/az\\\/#website\"},\"primaryImageOfPage\":{\"@id\":\"https:\\\/\\\/www.meydan.tv\\\/az\\\/article\\\/kimler-azerbaycana-qatar-ve-avtomobille-gele-bilir\\\/#primaryimage\"},\"image\":{\"@id\":\"https:\\\/\\\/www.meydan.tv\\\/az\\\/article\\\/kimler-azerbaycana-qatar-ve-avtomobille-gele-bilir\\\/#primaryimage\"},\"thumbnailUrl\":\"https:\\\/\\\/www.meydan.tv\\\/wp-content\\\/uploads\\\/28374.jpg\",\"datePublished\":\"2024-07-25T09:14:59+00:00\",\"dateModified\":\"2024-07-25T10:06:07+00:00\",\"description\":\"DSK m\u0259lumat yay\u0131b: \u00f6lk\u0259y\u0259 g\u0259l\u0259nl\u0259rd\u0259n 25,2 faizi d\u0259mir yolu v\u0259 avtomobild\u0259n istifad\u0259 edib.\",\"breadcrumb\":{\"@id\":\"https:\\\/\\\/www.meydan.tv\\\/az\\\/article\\\/kimler-azerbaycana-qatar-ve-avtomobille-gele-bilir\\\/#breadcrumb\"},\"inLanguage\":\"az\",\"potentialAction\":[{\"@type\":\"ReadAction\",\"target\":[\"https:\\\/\\\/www.meydan.tv\\\/az\\\/article\\\/kimler-azerbaycana-qatar-ve-avtomobille-gele-bilir\\\/\"]}]},{\"@type\":\"ImageObject\",\"inLanguage\":\"az\",\"@id\":\"https:\\\/\\\/www.meydan.tv\\\/az\\\/article\\\/kimler-azerbaycana-qatar-ve-avtomobille-gele-bilir\\\/#primaryimage\",\"url\":\"https:\\\/\\\/www.meydan.tv\\\/wp-content\\\/uploads\\\/28374.jpg\",\"contentUrl\":\"https:\\\/\\\/www.meydan.tv\\\/wp-content\\\/uploads\\\/28374.jpg\",\"width\":1280,\"height\":850,\"caption\":\"Foto: ADY\"},{\"@type\":\"BreadcrumbList\",\"@id\":\"https:\\\/\\\/www.meydan.tv\\\/az\\\/article\\\/kimler-azerbaycana-qatar-ve-avtomobille-gele-bilir\\\/#breadcrumb\",\"itemListElement\":[{\"@type\":\"ListItem\",\"position\":1,\"name\":\"Ana s\u0259hif\u0259\",\"item\":\"https:\\\/\\\/www.meydan.tv\\\/az\\\/\"},{\"@type\":\"ListItem\",\"position\":2,\"name\":\"Sosial\",\"item\":\"https:\\\/\\\/www.meydan.tv\\\/az\\\/section\\\/sosial\\\/\"},{\"@type\":\"ListItem\",\"position\":3,\"name\":\"Kiml\u0259r Az\u0259rbaycana qatar v\u0259 avtomobill\u0259 g\u0259l\u0259 bilir?\"}]},{\"@type\":\"WebSite\",\"@id\":\"https:\\\/\\\/www.meydan.tv\\\/az\\\/#website\",\"url\":\"https:\\\/\\\/www.meydan.tv\\\/az\\\/\",\"name\":\"MEYDAN.TV\",\"description\":\"Meydan TV Az\u0259rbaycan\u0131n media m\u0259kan\u0131ndak\u0131 alternativ s\u0259sidir\",\"publisher\":{\"@id\":\"https:\\\/\\\/www.meydan.tv\\\/az\\\/#organization\"},\"potentialAction\":[{\"@type\":\"SearchAction\",\"target\":{\"@type\":\"EntryPoint\",\"urlTemplate\":\"https:\\\/\\\/www.meydan.tv\\\/az\\\/?s={search_term_string}\"},\"query-input\":{\"@type\":\"PropertyValueSpecification\",\"valueRequired\":true,\"valueName\":\"search_term_string\"}}],\"inLanguage\":\"az\"},{\"@type\":\"Organization\",\"@id\":\"https:\\\/\\\/www.meydan.tv\\\/az\\\/#organization\",\"name\":\"Meydan TV\",\"url\":\"https:\\\/\\\/www.meydan.tv\\\/az\\\/\",\"logo\":{\"@type\":\"ImageObject\",\"inLanguage\":\"az\",\"@id\":\"https:\\\/\\\/www.meydan.tv\\\/az\\\/#\\\/schema\\\/logo\\\/image\\\/\",\"url\":\"https:\\\/\\\/www.meydan.tv\\\/wp-content\\\/uploads\\\/2021\\\/07\\\/meydan-logo.svg\",\"contentUrl\":\"https:\\\/\\\/www.meydan.tv\\\/wp-content\\\/uploads\\\/2021\\\/07\\\/meydan-logo.svg\",\"width\":195,\"height\":46,\"caption\":\"Meydan TV\"},\"image\":{\"@id\":\"https:\\\/\\\/www.meydan.tv\\\/az\\\/#\\\/schema\\\/logo\\\/image\\\/\"}},{\"@type\":\"Person\",\"@id\":\"https:\\\/\\\/www.meydan.tv\\\/az\\\/#\\\/schema\\\/person\\\/9cdbecf90d17180ce1dfbd95b08dcf47\",\"name\":\"elli\",\"sameAs\":[\"https:\\\/\\\/x.com\\\/elli\"]}]}<\/script>\n<!-- \/ Yoast SEO plugin. -->","yoast_head_json":{"title":"Kiml\u0259r Az\u0259rbaycana qatar v\u0259 avtomobill\u0259 g\u0259l\u0259 bilir? - MEYDAN.TV","description":"DSK m\u0259lumat yay\u0131b: \u00f6lk\u0259y\u0259 g\u0259l\u0259nl\u0259rd\u0259n 25,2 faizi d\u0259mir yolu v\u0259 avtomobild\u0259n istifad\u0259 edib.","robots":{"index":"index","follow":"follow","max-snippet":"max-snippet:-1","max-image-preview":"max-image-preview:large","max-video-preview":"max-video-preview:-1"},"canonical":"https:\/\/www.meydan.tv\/az\/article\/kimler-azerbaycana-qatar-ve-avtomobille-gele-bilir\/","og_locale":"az_AZ","og_type":"article","og_title":"Kiml\u0259r Az\u0259rbaycana qatar v\u0259 avtomobill\u0259 g\u0259l\u0259 bilir? - MEYDAN.TV","og_description":"DSK m\u0259lumat yay\u0131b: \u00f6lk\u0259y\u0259 g\u0259l\u0259nl\u0259rd\u0259n 25,2 faizi d\u0259mir yolu v\u0259 avtomobild\u0259n istifad\u0259 edib.","og_url":"https:\/\/www.meydan.tv\/az\/article\/kimler-azerbaycana-qatar-ve-avtomobille-gele-bilir\/","og_site_name":"MEYDAN.TV","article_published_time":"2024-07-25T09:14:59+00:00","article_modified_time":"2024-07-25T10:06:07+00:00","og_image":[{"width":1280,"height":850,"url":"https:\/\/www.meydan.tv\/wp-content\/uploads\/28374.jpg","type":"image\/jpeg"}],"author":"elli","twitter_card":"summary_large_image","twitter_creator":"@elli","schema":{"@context":"https:\/\/schema.org","@graph":[{"@type":"Article","@id":"https:\/\/www.meydan.tv\/az\/article\/kimler-azerbaycana-qatar-ve-avtomobille-gele-bilir\/#article","isPartOf":{"@id":"https:\/\/www.meydan.tv\/az\/article\/kimler-azerbaycana-qatar-ve-avtomobille-gele-bilir\/"},"author":{"name":"elli","@id":"https:\/\/www.meydan.tv\/az\/#\/schema\/person\/9cdbecf90d17180ce1dfbd95b08dcf47"},"headline":"Kiml\u0259r Az\u0259rbaycana qatar v\u0259 avtomobill\u0259 g\u0259l\u0259 bilir?","datePublished":"2024-07-25T09:14:59+00:00","dateModified":"2024-07-25T10:06:07+00:00","mainEntityOfPage":{"@id":"https:\/\/www.meydan.tv\/az\/article\/kimler-azerbaycana-qatar-ve-avtomobille-gele-bilir\/"},"wordCount":646,"publisher":{"@id":"https:\/\/www.meydan.tv\/az\/#organization"},"image":{"@id":"https:\/\/www.meydan.tv\/az\/article\/kimler-azerbaycana-qatar-ve-avtomobille-gele-bilir\/#primaryimage"},"thumbnailUrl":"https:\/\/www.meydan.tv\/wp-content\/uploads\/28374.jpg","articleSection":["Sosial","T\u00f6vsiy\u0259","X\u0259b\u0259rl\u0259r"],"inLanguage":"az"},{"@type":"WebPage","@id":"https:\/\/www.meydan.tv\/az\/article\/kimler-azerbaycana-qatar-ve-avtomobille-gele-bilir\/","url":"https:\/\/www.meydan.tv\/az\/article\/kimler-azerbaycana-qatar-ve-avtomobille-gele-bilir\/","name":"Kiml\u0259r Az\u0259rbaycana qatar v\u0259 avtomobill\u0259 g\u0259l\u0259 bilir? - MEYDAN.TV","isPartOf":{"@id":"https:\/\/www.meydan.tv\/az\/#website"},"primaryImageOfPage":{"@id":"https:\/\/www.meydan.tv\/az\/article\/kimler-azerbaycana-qatar-ve-avtomobille-gele-bilir\/#primaryimage"},"image":{"@id":"https:\/\/www.meydan.tv\/az\/article\/kimler-azerbaycana-qatar-ve-avtomobille-gele-bilir\/#primaryimage"},"thumbnailUrl":"https:\/\/www.meydan.tv\/wp-content\/uploads\/28374.jpg","datePublished":"2024-07-25T09:14:59+00:00","dateModified":"2024-07-25T10:06:07+00:00","description":"DSK m\u0259lumat yay\u0131b: \u00f6lk\u0259y\u0259 g\u0259l\u0259nl\u0259rd\u0259n 25,2 faizi d\u0259mir yolu v\u0259 avtomobild\u0259n istifad\u0259 edib.","breadcrumb":{"@id":"https:\/\/www.meydan.tv\/az\/article\/kimler-azerbaycana-qatar-ve-avtomobille-gele-bilir\/#breadcrumb"},"inLanguage":"az","potentialAction":[{"@type":"ReadAction","target":["https:\/\/www.meydan.tv\/az\/article\/kimler-azerbaycana-qatar-ve-avtomobille-gele-bilir\/"]}]},{"@type":"ImageObject","inLanguage":"az","@id":"https:\/\/www.meydan.tv\/az\/article\/kimler-azerbaycana-qatar-ve-avtomobille-gele-bilir\/#primaryimage","url":"https:\/\/www.meydan.tv\/wp-content\/uploads\/28374.jpg","contentUrl":"https:\/\/www.meydan.tv\/wp-content\/uploads\/28374.jpg","width":1280,"height":850,"caption":"Foto: ADY"},{"@type":"BreadcrumbList","@id":"https:\/\/www.meydan.tv\/az\/article\/kimler-azerbaycana-qatar-ve-avtomobille-gele-bilir\/#breadcrumb","itemListElement":[{"@type":"ListItem","position":1,"name":"Ana s\u0259hif\u0259","item":"https:\/\/www.meydan.tv\/az\/"},{"@type":"ListItem","position":2,"name":"Sosial","item":"https:\/\/www.meydan.tv\/az\/section\/sosial\/"},{"@type":"ListItem","position":3,"name":"Kiml\u0259r Az\u0259rbaycana qatar v\u0259 avtomobill\u0259 g\u0259l\u0259 bilir?"}]},{"@type":"WebSite","@id":"https:\/\/www.meydan.tv\/az\/#website","url":"https:\/\/www.meydan.tv\/az\/","name":"MEYDAN.TV","description":"Meydan TV Az\u0259rbaycan\u0131n media m\u0259kan\u0131ndak\u0131 alternativ s\u0259sidir","publisher":{"@id":"https:\/\/www.meydan.tv\/az\/#organization"},"potentialAction":[{"@type":"SearchAction","target":{"@type":"EntryPoint","urlTemplate":"https:\/\/www.meydan.tv\/az\/?s={search_term_string}"},"query-input":{"@type":"PropertyValueSpecification","valueRequired":true,"valueName":"search_term_string"}}],"inLanguage":"az"},{"@type":"Organization","@id":"https:\/\/www.meydan.tv\/az\/#organization","name":"Meydan TV","url":"https:\/\/www.meydan.tv\/az\/","logo":{"@type":"ImageObject","inLanguage":"az","@id":"https:\/\/www.meydan.tv\/az\/#\/schema\/logo\/image\/","url":"https:\/\/www.meydan.tv\/wp-content\/uploads\/2021\/07\/meydan-logo.svg","contentUrl":"https:\/\/www.meydan.tv\/wp-content\/uploads\/2021\/07\/meydan-logo.svg","width":195,"height":46,"caption":"Meydan TV"},"image":{"@id":"https:\/\/www.meydan.tv\/az\/#\/schema\/logo\/image\/"}},{"@type":"Person","@id":"https:\/\/www.meydan.tv\/az\/#\/schema\/person\/9cdbecf90d17180ce1dfbd95b08dcf47","name":"elli","sameAs":["https:\/\/x.com\/elli"]}]}},"_links":{"self":[{"href":"https:\/\/www.meydan.tv\/az\/wp-json\/wp\/v2\/posts\/311323","targetHints":{"allow":["GET"]}}],"collection":[{"href":"https:\/\/www.meydan.tv\/az\/wp-json\/wp\/v2\/posts"}],"about":[{"href":"https:\/\/www.meydan.tv\/az\/wp-json\/wp\/v2\/types\/post"}],"author":[{"embeddable":true,"href":"https:\/\/www.meydan.tv\/az\/wp-json\/wp\/v2\/users\/8"}],"replies":[{"embeddable":true,"href":"https:\/\/www.meydan.tv\/az\/wp-json\/wp\/v2\/comments?post=311323"}],"version-history":[{"count":3,"href":"https:\/\/www.meydan.tv\/az\/wp-json\/wp\/v2\/posts\/311323\/revisions"}],"predecessor-version":[{"id":311329,"href":"https:\/\/www.meydan.tv\/az\/wp-json\/wp\/v2\/posts\/311323\/revisions\/311329"}],"wp:featuredmedia":[{"embeddable":true,"href":"https:\/\/www.meydan.tv\/az\/wp-json\/wp\/v2\/media\/73532"}],"wp:attachment":[{"href":"https:\/\/www.meydan.tv\/az\/wp-json\/wp\/v2\/media?parent=311323"}],"wp:term":[{"taxonomy":"category","embeddable":true,"href":"https:\/\/www.meydan.tv\/az\/wp-json\/wp\/v2\/categories?post=311323"},{"taxonomy":"post_tag","embeddable":true,"href":"https:\/\/www.meydan.tv\/az\/wp-json\/wp\/v2\/tags?post=311323"}],"curies":[{"name":"wp","href":"https:\/\/api.w.org\/{rel}","templated":true}]}}