{"id":311271,"date":"2024-07-24T17:24:18","date_gmt":"2024-07-24T13:24:18","guid":{"rendered":"https:\/\/www.meydan.tv\/?p=311271"},"modified":"2024-07-25T10:54:49","modified_gmt":"2024-07-25T06:54:49","slug":"21-iyul-qlobal-miqyasda-qeyde-alinmis-en-isti-gun-olub","status":"publish","type":"post","link":"https:\/\/www.meydan.tv\/az\/article\/21-iyul-qlobal-miqyasda-qeyde-alinmis-en-isti-gun-olub\/","title":{"rendered":"21 iyul qlobal miqyasda qeyd\u0259 al\u0131nm\u0131\u015f \u0259n isti g\u00fcn olub"},"content":{"rendered":"\n<p><\/p>\n\n\n\n<p><strong><em>H\u0259ddind\u0259n art\u0131q istil\u0259rin d\u00fcnya iqtisadiyyat\u0131n\u0131n bir \u00e7ox sah\u0259sin\u0259 ciddi ziyan vurdu\u011fu deyilir<\/em><\/strong><\/p>\n\n\n\n<p>Avropa Birliyinin \u0130qlim D\u0259yi\u015fikliyi Xidm\u0259tinin (Copernicus C3S) m\u0259lumatlar\u0131na g\u00f6r\u0259, 2024-c\u00fc il 21 iyul qlobal miqyasda qeyd\u0259 al\u0131nm\u0131\u015f \u0259n isti g\u00fcn <a href=\"https:\/\/climate.copernicus.eu\/new-record-daily-global-average-temperature-reached-july-2024\" target=\"_blank\" rel=\"noreferrer noopener\">olub.<\/a><br><br>H\u0259min g\u00fcn orta g\u00fcnd\u0259lik qlobal temperatur 17,09 d\u0259r\u0259c\u0259y\u0259 \u00e7at\u0131b.<\/p>\n\n\n\n<p>Bu, 2023-c\u00fc il iyulun 6-da m\u00fc\u0259yy\u0259n edilmi\u015f \u0259vv\u0259lki 17,08 d\u0259r\u0259c\u0259 selsi rekordunu \u00fcst\u0259l\u0259yir.<\/p>\n\n\n\n<p>Avropa \u0130ttifaq\u0131n\u0131n monitorinq agentliyinin ilkin m\u0259lumatlar\u0131na g\u00f6r\u0259 is\u0259 d\u00fcnya yenid\u0259n \u0259n isti g\u00fcn\u00fcn\u00fc bazar ert\u0259si, iyulun 22-d\u0259 <a href=\"https:\/\/www.reuters.com\/business\/environment\/world-breaks-hottest-day-record-second-day-row-2024-07-24\/\" target=\"_blank\" rel=\"noreferrer noopener\">ya\u015fay\u0131b.<\/a><br><br>H\u0259min g\u00fcn havan\u0131n orta temperaturu 17,15 d\u0259r\u0259c\u0259y\u0259 \u00e7at\u0131b.<\/p>\n\n\n\n<p>\u0130qlim D\u0259yi\u015fikliyi Xidm\u0259tinin (Copernicus C3S) h\u0259l\u0259lik bu m\u0259lumatlar\u0131 \u015f\u0259rh etm\u0259yib.<\/p>\n\n\n\n<p>Sonuncu d\u0259f\u0259 2023-c\u00fc il\u0259 q\u0259d\u0259r g\u00fcnd\u0259lik temperatur rekordu 2016-c\u0131 il avqustun 13-d\u0259 qeyd\u0259 al\u0131n\u0131b &#8211; bu, 16,8 d\u0259r\u0259c\u0259 selsi olub.<\/p>\n\n\n\n<p>2023-c\u00fc il iyulun \u0259vv\u0259lind\u0259n bu yana bu rekord art\u0131q 57 d\u0259f\u0259 ke\u00e7ib.<\/p>\n\n\n\n<p>2023 v\u0259 2024-c\u00fc ill\u0259rd\u0259 illik maksimal temperaturlar \u0259vv\u0259lki ill\u0259rl\u0259 m\u00fcqayis\u0259d\u0259 xeyli y\u00fcks\u0259k olub v\u0259 \u00fcmumilikd\u0259, \u0259n y\u00fcks\u0259k orta g\u00fcnd\u0259lik temperaturun qeyd\u0259 al\u0131nd\u0131\u011f\u0131 on il 2015-ci ild\u0259n 2024-c\u00fc il\u0259 q\u0259d\u0259r olub.<\/p>\n\n\n\n<p>\u201cThe Washington Post\u201d yaz\u0131r ki, bazar g\u00fcn\u00fc (21 iyul) rekord istilik dem\u0259k olar ki, b\u00fct\u00fcn qit\u0259l\u0259rd\u0259 hiss <a href=\"https:\/\/www.washingtonpost.com\/climate-environment\/2024\/07\/23\/hottest-day-ever-recorded-climate-change\/\" target=\"_blank\" rel=\"noreferrer noopener\">olunub.<\/a><br><br>Yunan\u0131standa bir g\u00fcnd\u0259 33 me\u015f\u0259 yan\u011f\u0131n\u0131 ba\u015f verib.<\/p>\n\n\n\n<p>\u201cBloomberg\u201d yaz\u0131r ki, \u0130spaniyan\u0131n c\u0259nubunda, Fransada v\u0259 \u0130taliyada b\u0259zi \u0259razil\u0259rd\u0259 d\u0259 yan\u011f\u0131n t\u0259hl\u00fck\u0259si <a href=\"https:\/\/www.bloomberg.com\/news\/articles\/2024-07-23\/world-records-hottest-day-while-wildfires-threaten-mediterranean\" target=\"_blank\" rel=\"noreferrer noopener\">var<\/a>.<br><br>N\u0259\u015fr qeyd edir ki, builki h\u0259ddind\u0259n art\u0131q istil\u0259r hava n\u0259qliyyat\u0131 v\u0259 enerji sisteml\u0259rinin i\u015fini pozaraq d\u00fcnya iqtisadiyyat\u0131n\u0131n bir \u00e7ox sah\u0259sin\u0259 ciddi ziyan vurub.<\/p>\n\n\n\n<p>B\u0259zi aliml\u0259rin t\u0259xminl\u0259rin\u0259 g\u00f6r\u0259 2024-c\u00fc il \u0259n isti il kimi 2023-c\u00fc ilin rekordunu t\u0259z\u0259l\u0259y\u0259 bil\u0259r.<\/p>\n\n\n\n<p>Buna s\u0259b\u0259b olaraq iqlim d\u0259yi\u015fikliyi v\u0259 apreld\u0259 ba\u015fa \u00e7atm\u0131\u015f \u201cEl Nino\u201d adl\u0131 t\u0259bii hava fenomeni g\u00f6st\u0259rilir.<\/p>\n\n\n\n<p>\u201cEl Nino\u201d Sakit okeanda ba\u015f ver\u0259n iqlim hadis\u0259sidir.<\/p>\n\n\n\n<p>Bu fenomen okean temperaturunun artmas\u0131 v\u0259 atmosfer t\u0259zyiqinin d\u0259yi\u015fm\u0259si n\u0259tic\u0259sind\u0259 qlobal hava ax\u0131nlar\u0131na t\u0259sir g\u00f6st\u0259rir.<\/p>\n\n\n\n<p>\u201cEl Nino\u201d ad\u0259t\u0259n h\u0259r 2-7 ild\u0259n bir ba\u015f verir v\u0259 9-12 ay davam edir.<\/p>\n","protected":false},"excerpt":{"rendered":"<p>H\u0259ddind\u0259n art\u0131q istil\u0259rin d\u00fcnya iqtisadiyyat\u0131n\u0131n bir \u00e7ox sah\u0259sin\u0259 ciddi ziyan &#8230; <\/p>\n<p class=\"read-more-container\"><a title=\"21 iyul qlobal miqyasda qeyd\u0259 al\u0131nm\u0131\u015f \u0259n isti g\u00fcn olub\" class=\"read-more button\" href=\"https:\/\/www.meydan.tv\/az\/article\/21-iyul-qlobal-miqyasda-qeyde-alinmis-en-isti-gun-olub\/#more-311271\" aria-label=\"Read more about 21 iyul qlobal miqyasda qeyd\u0259 al\u0131nm\u0131\u015f \u0259n isti g\u00fcn olub\">Davam\u0131<\/a><\/p>\n","protected":false},"author":8,"featured_media":66842,"comment_status":"closed","ping_status":"closed","sticky":false,"template":"","format":"standard","meta":{"_acf_changed":false,"_sitemap_exclude":false,"_sitemap_priority":"","_sitemap_frequency":"","footnotes":""},"categories":[62,56],"tags":[],"class_list":["post-311271","post","type-post","status-publish","format-standard","has-post-thumbnail","hentry","category-sosial","category-xeberler","infinite-scroll-item","generate-columns","tablet-grid-50","mobile-grid-100","grid-parent","grid-33","no-featured-image-padding"],"acf":[],"yoast_head":"<!-- This site is optimized with the Yoast SEO plugin v27.5 - https:\/\/yoast.com\/product\/yoast-seo-wordpress\/ -->\n<title>21 iyul qlobal miqyasda qeyd\u0259 al\u0131nm\u0131\u015f \u0259n isti g\u00fcn olub - MEYDAN.TV<\/title>\n<meta name=\"robots\" content=\"index, follow, max-snippet:-1, max-image-preview:large, max-video-preview:-1\" \/>\n<link rel=\"canonical\" href=\"https:\/\/www.meydan.tv\/az\/article\/21-iyul-qlobal-miqyasda-qeyde-alinmis-en-isti-gun-olub\/\" \/>\n<meta property=\"og:locale\" content=\"az_AZ\" \/>\n<meta property=\"og:type\" content=\"article\" \/>\n<meta property=\"og:title\" content=\"21 iyul qlobal miqyasda qeyd\u0259 al\u0131nm\u0131\u015f \u0259n isti g\u00fcn olub - MEYDAN.TV\" \/>\n<meta property=\"og:description\" content=\"H\u0259ddind\u0259n art\u0131q istil\u0259rin d\u00fcnya iqtisadiyyat\u0131n\u0131n bir \u00e7ox sah\u0259sin\u0259 ciddi ziyan ... Davam\u0131\" \/>\n<meta property=\"og:url\" content=\"https:\/\/www.meydan.tv\/az\/article\/21-iyul-qlobal-miqyasda-qeyde-alinmis-en-isti-gun-olub\/\" \/>\n<meta property=\"og:site_name\" content=\"MEYDAN.TV\" \/>\n<meta property=\"article:published_time\" content=\"2024-07-24T13:24:18+00:00\" \/>\n<meta property=\"article:modified_time\" content=\"2024-07-25T06:54:49+00:00\" \/>\n<meta property=\"og:image\" content=\"https:\/\/www.meydan.tv\/wp-content\/uploads\/25535.jpg\" \/>\n\t<meta property=\"og:image:width\" content=\"1732\" \/>\n\t<meta property=\"og:image:height\" content=\"1155\" \/>\n\t<meta property=\"og:image:type\" content=\"image\/jpeg\" \/>\n<meta name=\"author\" content=\"elli\" \/>\n<meta name=\"twitter:card\" content=\"summary_large_image\" \/>\n<meta name=\"twitter:creator\" content=\"@elli\" \/>\n<script type=\"application\/ld+json\" class=\"yoast-schema-graph\">{\"@context\":\"https:\\\/\\\/schema.org\",\"@graph\":[{\"@type\":\"Article\",\"@id\":\"https:\\\/\\\/www.meydan.tv\\\/az\\\/article\\\/21-iyul-qlobal-miqyasda-qeyde-alinmis-en-isti-gun-olub\\\/#article\",\"isPartOf\":{\"@id\":\"https:\\\/\\\/www.meydan.tv\\\/az\\\/article\\\/21-iyul-qlobal-miqyasda-qeyde-alinmis-en-isti-gun-olub\\\/\"},\"author\":{\"name\":\"elli\",\"@id\":\"https:\\\/\\\/www.meydan.tv\\\/az\\\/#\\\/schema\\\/person\\\/9cdbecf90d17180ce1dfbd95b08dcf47\"},\"headline\":\"21 iyul qlobal miqyasda qeyd\u0259 al\u0131nm\u0131\u015f \u0259n isti g\u00fcn olub\",\"datePublished\":\"2024-07-24T13:24:18+00:00\",\"dateModified\":\"2024-07-25T06:54:49+00:00\",\"mainEntityOfPage\":{\"@id\":\"https:\\\/\\\/www.meydan.tv\\\/az\\\/article\\\/21-iyul-qlobal-miqyasda-qeyde-alinmis-en-isti-gun-olub\\\/\"},\"wordCount\":440,\"publisher\":{\"@id\":\"https:\\\/\\\/www.meydan.tv\\\/az\\\/#organization\"},\"image\":{\"@id\":\"https:\\\/\\\/www.meydan.tv\\\/az\\\/article\\\/21-iyul-qlobal-miqyasda-qeyde-alinmis-en-isti-gun-olub\\\/#primaryimage\"},\"thumbnailUrl\":\"https:\\\/\\\/www.meydan.tv\\\/wp-content\\\/uploads\\\/25535.jpg\",\"articleSection\":[\"Sosial\",\"X\u0259b\u0259rl\u0259r\"],\"inLanguage\":\"az\"},{\"@type\":\"WebPage\",\"@id\":\"https:\\\/\\\/www.meydan.tv\\\/az\\\/article\\\/21-iyul-qlobal-miqyasda-qeyde-alinmis-en-isti-gun-olub\\\/\",\"url\":\"https:\\\/\\\/www.meydan.tv\\\/az\\\/article\\\/21-iyul-qlobal-miqyasda-qeyde-alinmis-en-isti-gun-olub\\\/\",\"name\":\"21 iyul qlobal miqyasda qeyd\u0259 al\u0131nm\u0131\u015f \u0259n isti g\u00fcn olub - MEYDAN.TV\",\"isPartOf\":{\"@id\":\"https:\\\/\\\/www.meydan.tv\\\/az\\\/#website\"},\"primaryImageOfPage\":{\"@id\":\"https:\\\/\\\/www.meydan.tv\\\/az\\\/article\\\/21-iyul-qlobal-miqyasda-qeyde-alinmis-en-isti-gun-olub\\\/#primaryimage\"},\"image\":{\"@id\":\"https:\\\/\\\/www.meydan.tv\\\/az\\\/article\\\/21-iyul-qlobal-miqyasda-qeyde-alinmis-en-isti-gun-olub\\\/#primaryimage\"},\"thumbnailUrl\":\"https:\\\/\\\/www.meydan.tv\\\/wp-content\\\/uploads\\\/25535.jpg\",\"datePublished\":\"2024-07-24T13:24:18+00:00\",\"dateModified\":\"2024-07-25T06:54:49+00:00\",\"breadcrumb\":{\"@id\":\"https:\\\/\\\/www.meydan.tv\\\/az\\\/article\\\/21-iyul-qlobal-miqyasda-qeyde-alinmis-en-isti-gun-olub\\\/#breadcrumb\"},\"inLanguage\":\"az\",\"potentialAction\":[{\"@type\":\"ReadAction\",\"target\":[\"https:\\\/\\\/www.meydan.tv\\\/az\\\/article\\\/21-iyul-qlobal-miqyasda-qeyde-alinmis-en-isti-gun-olub\\\/\"]}]},{\"@type\":\"ImageObject\",\"inLanguage\":\"az\",\"@id\":\"https:\\\/\\\/www.meydan.tv\\\/az\\\/article\\\/21-iyul-qlobal-miqyasda-qeyde-alinmis-en-isti-gun-olub\\\/#primaryimage\",\"url\":\"https:\\\/\\\/www.meydan.tv\\\/wp-content\\\/uploads\\\/25535.jpg\",\"contentUrl\":\"https:\\\/\\\/www.meydan.tv\\\/wp-content\\\/uploads\\\/25535.jpg\",\"width\":1732,\"height\":1155,\"caption\":\"Foto: arxiv\"},{\"@type\":\"BreadcrumbList\",\"@id\":\"https:\\\/\\\/www.meydan.tv\\\/az\\\/article\\\/21-iyul-qlobal-miqyasda-qeyde-alinmis-en-isti-gun-olub\\\/#breadcrumb\",\"itemListElement\":[{\"@type\":\"ListItem\",\"position\":1,\"name\":\"Ana s\u0259hif\u0259\",\"item\":\"https:\\\/\\\/www.meydan.tv\\\/az\\\/\"},{\"@type\":\"ListItem\",\"position\":2,\"name\":\"Sosial\",\"item\":\"https:\\\/\\\/www.meydan.tv\\\/az\\\/section\\\/sosial\\\/\"},{\"@type\":\"ListItem\",\"position\":3,\"name\":\"21 iyul qlobal miqyasda qeyd\u0259 al\u0131nm\u0131\u015f \u0259n isti g\u00fcn olub\"}]},{\"@type\":\"WebSite\",\"@id\":\"https:\\\/\\\/www.meydan.tv\\\/az\\\/#website\",\"url\":\"https:\\\/\\\/www.meydan.tv\\\/az\\\/\",\"name\":\"MEYDAN.TV\",\"description\":\"Meydan TV Az\u0259rbaycan\u0131n media m\u0259kan\u0131ndak\u0131 alternativ s\u0259sidir\",\"publisher\":{\"@id\":\"https:\\\/\\\/www.meydan.tv\\\/az\\\/#organization\"},\"potentialAction\":[{\"@type\":\"SearchAction\",\"target\":{\"@type\":\"EntryPoint\",\"urlTemplate\":\"https:\\\/\\\/www.meydan.tv\\\/az\\\/?s={search_term_string}\"},\"query-input\":{\"@type\":\"PropertyValueSpecification\",\"valueRequired\":true,\"valueName\":\"search_term_string\"}}],\"inLanguage\":\"az\"},{\"@type\":\"Organization\",\"@id\":\"https:\\\/\\\/www.meydan.tv\\\/az\\\/#organization\",\"name\":\"Meydan TV\",\"url\":\"https:\\\/\\\/www.meydan.tv\\\/az\\\/\",\"logo\":{\"@type\":\"ImageObject\",\"inLanguage\":\"az\",\"@id\":\"https:\\\/\\\/www.meydan.tv\\\/az\\\/#\\\/schema\\\/logo\\\/image\\\/\",\"url\":\"https:\\\/\\\/www.meydan.tv\\\/wp-content\\\/uploads\\\/2021\\\/07\\\/meydan-logo.svg\",\"contentUrl\":\"https:\\\/\\\/www.meydan.tv\\\/wp-content\\\/uploads\\\/2021\\\/07\\\/meydan-logo.svg\",\"width\":195,\"height\":46,\"caption\":\"Meydan TV\"},\"image\":{\"@id\":\"https:\\\/\\\/www.meydan.tv\\\/az\\\/#\\\/schema\\\/logo\\\/image\\\/\"}},{\"@type\":\"Person\",\"@id\":\"https:\\\/\\\/www.meydan.tv\\\/az\\\/#\\\/schema\\\/person\\\/9cdbecf90d17180ce1dfbd95b08dcf47\",\"name\":\"elli\",\"sameAs\":[\"https:\\\/\\\/x.com\\\/elli\"]}]}<\/script>\n<!-- \/ Yoast SEO plugin. -->","yoast_head_json":{"title":"21 iyul qlobal miqyasda qeyd\u0259 al\u0131nm\u0131\u015f \u0259n isti g\u00fcn olub - MEYDAN.TV","robots":{"index":"index","follow":"follow","max-snippet":"max-snippet:-1","max-image-preview":"max-image-preview:large","max-video-preview":"max-video-preview:-1"},"canonical":"https:\/\/www.meydan.tv\/az\/article\/21-iyul-qlobal-miqyasda-qeyde-alinmis-en-isti-gun-olub\/","og_locale":"az_AZ","og_type":"article","og_title":"21 iyul qlobal miqyasda qeyd\u0259 al\u0131nm\u0131\u015f \u0259n isti g\u00fcn olub - MEYDAN.TV","og_description":"H\u0259ddind\u0259n art\u0131q istil\u0259rin d\u00fcnya iqtisadiyyat\u0131n\u0131n bir \u00e7ox sah\u0259sin\u0259 ciddi ziyan ... Davam\u0131","og_url":"https:\/\/www.meydan.tv\/az\/article\/21-iyul-qlobal-miqyasda-qeyde-alinmis-en-isti-gun-olub\/","og_site_name":"MEYDAN.TV","article_published_time":"2024-07-24T13:24:18+00:00","article_modified_time":"2024-07-25T06:54:49+00:00","og_image":[{"width":1732,"height":1155,"url":"https:\/\/www.meydan.tv\/wp-content\/uploads\/25535.jpg","type":"image\/jpeg"}],"author":"elli","twitter_card":"summary_large_image","twitter_creator":"@elli","schema":{"@context":"https:\/\/schema.org","@graph":[{"@type":"Article","@id":"https:\/\/www.meydan.tv\/az\/article\/21-iyul-qlobal-miqyasda-qeyde-alinmis-en-isti-gun-olub\/#article","isPartOf":{"@id":"https:\/\/www.meydan.tv\/az\/article\/21-iyul-qlobal-miqyasda-qeyde-alinmis-en-isti-gun-olub\/"},"author":{"name":"elli","@id":"https:\/\/www.meydan.tv\/az\/#\/schema\/person\/9cdbecf90d17180ce1dfbd95b08dcf47"},"headline":"21 iyul qlobal miqyasda qeyd\u0259 al\u0131nm\u0131\u015f \u0259n isti g\u00fcn olub","datePublished":"2024-07-24T13:24:18+00:00","dateModified":"2024-07-25T06:54:49+00:00","mainEntityOfPage":{"@id":"https:\/\/www.meydan.tv\/az\/article\/21-iyul-qlobal-miqyasda-qeyde-alinmis-en-isti-gun-olub\/"},"wordCount":440,"publisher":{"@id":"https:\/\/www.meydan.tv\/az\/#organization"},"image":{"@id":"https:\/\/www.meydan.tv\/az\/article\/21-iyul-qlobal-miqyasda-qeyde-alinmis-en-isti-gun-olub\/#primaryimage"},"thumbnailUrl":"https:\/\/www.meydan.tv\/wp-content\/uploads\/25535.jpg","articleSection":["Sosial","X\u0259b\u0259rl\u0259r"],"inLanguage":"az"},{"@type":"WebPage","@id":"https:\/\/www.meydan.tv\/az\/article\/21-iyul-qlobal-miqyasda-qeyde-alinmis-en-isti-gun-olub\/","url":"https:\/\/www.meydan.tv\/az\/article\/21-iyul-qlobal-miqyasda-qeyde-alinmis-en-isti-gun-olub\/","name":"21 iyul qlobal miqyasda qeyd\u0259 al\u0131nm\u0131\u015f \u0259n isti g\u00fcn olub - MEYDAN.TV","isPartOf":{"@id":"https:\/\/www.meydan.tv\/az\/#website"},"primaryImageOfPage":{"@id":"https:\/\/www.meydan.tv\/az\/article\/21-iyul-qlobal-miqyasda-qeyde-alinmis-en-isti-gun-olub\/#primaryimage"},"image":{"@id":"https:\/\/www.meydan.tv\/az\/article\/21-iyul-qlobal-miqyasda-qeyde-alinmis-en-isti-gun-olub\/#primaryimage"},"thumbnailUrl":"https:\/\/www.meydan.tv\/wp-content\/uploads\/25535.jpg","datePublished":"2024-07-24T13:24:18+00:00","dateModified":"2024-07-25T06:54:49+00:00","breadcrumb":{"@id":"https:\/\/www.meydan.tv\/az\/article\/21-iyul-qlobal-miqyasda-qeyde-alinmis-en-isti-gun-olub\/#breadcrumb"},"inLanguage":"az","potentialAction":[{"@type":"ReadAction","target":["https:\/\/www.meydan.tv\/az\/article\/21-iyul-qlobal-miqyasda-qeyde-alinmis-en-isti-gun-olub\/"]}]},{"@type":"ImageObject","inLanguage":"az","@id":"https:\/\/www.meydan.tv\/az\/article\/21-iyul-qlobal-miqyasda-qeyde-alinmis-en-isti-gun-olub\/#primaryimage","url":"https:\/\/www.meydan.tv\/wp-content\/uploads\/25535.jpg","contentUrl":"https:\/\/www.meydan.tv\/wp-content\/uploads\/25535.jpg","width":1732,"height":1155,"caption":"Foto: arxiv"},{"@type":"BreadcrumbList","@id":"https:\/\/www.meydan.tv\/az\/article\/21-iyul-qlobal-miqyasda-qeyde-alinmis-en-isti-gun-olub\/#breadcrumb","itemListElement":[{"@type":"ListItem","position":1,"name":"Ana s\u0259hif\u0259","item":"https:\/\/www.meydan.tv\/az\/"},{"@type":"ListItem","position":2,"name":"Sosial","item":"https:\/\/www.meydan.tv\/az\/section\/sosial\/"},{"@type":"ListItem","position":3,"name":"21 iyul qlobal miqyasda qeyd\u0259 al\u0131nm\u0131\u015f \u0259n isti g\u00fcn olub"}]},{"@type":"WebSite","@id":"https:\/\/www.meydan.tv\/az\/#website","url":"https:\/\/www.meydan.tv\/az\/","name":"MEYDAN.TV","description":"Meydan TV Az\u0259rbaycan\u0131n media m\u0259kan\u0131ndak\u0131 alternativ s\u0259sidir","publisher":{"@id":"https:\/\/www.meydan.tv\/az\/#organization"},"potentialAction":[{"@type":"SearchAction","target":{"@type":"EntryPoint","urlTemplate":"https:\/\/www.meydan.tv\/az\/?s={search_term_string}"},"query-input":{"@type":"PropertyValueSpecification","valueRequired":true,"valueName":"search_term_string"}}],"inLanguage":"az"},{"@type":"Organization","@id":"https:\/\/www.meydan.tv\/az\/#organization","name":"Meydan TV","url":"https:\/\/www.meydan.tv\/az\/","logo":{"@type":"ImageObject","inLanguage":"az","@id":"https:\/\/www.meydan.tv\/az\/#\/schema\/logo\/image\/","url":"https:\/\/www.meydan.tv\/wp-content\/uploads\/2021\/07\/meydan-logo.svg","contentUrl":"https:\/\/www.meydan.tv\/wp-content\/uploads\/2021\/07\/meydan-logo.svg","width":195,"height":46,"caption":"Meydan TV"},"image":{"@id":"https:\/\/www.meydan.tv\/az\/#\/schema\/logo\/image\/"}},{"@type":"Person","@id":"https:\/\/www.meydan.tv\/az\/#\/schema\/person\/9cdbecf90d17180ce1dfbd95b08dcf47","name":"elli","sameAs":["https:\/\/x.com\/elli"]}]}},"_links":{"self":[{"href":"https:\/\/www.meydan.tv\/az\/wp-json\/wp\/v2\/posts\/311271","targetHints":{"allow":["GET"]}}],"collection":[{"href":"https:\/\/www.meydan.tv\/az\/wp-json\/wp\/v2\/posts"}],"about":[{"href":"https:\/\/www.meydan.tv\/az\/wp-json\/wp\/v2\/types\/post"}],"author":[{"embeddable":true,"href":"https:\/\/www.meydan.tv\/az\/wp-json\/wp\/v2\/users\/8"}],"replies":[{"embeddable":true,"href":"https:\/\/www.meydan.tv\/az\/wp-json\/wp\/v2\/comments?post=311271"}],"version-history":[{"count":3,"href":"https:\/\/www.meydan.tv\/az\/wp-json\/wp\/v2\/posts\/311271\/revisions"}],"predecessor-version":[{"id":311303,"href":"https:\/\/www.meydan.tv\/az\/wp-json\/wp\/v2\/posts\/311271\/revisions\/311303"}],"wp:featuredmedia":[{"embeddable":true,"href":"https:\/\/www.meydan.tv\/az\/wp-json\/wp\/v2\/media\/66842"}],"wp:attachment":[{"href":"https:\/\/www.meydan.tv\/az\/wp-json\/wp\/v2\/media?parent=311271"}],"wp:term":[{"taxonomy":"category","embeddable":true,"href":"https:\/\/www.meydan.tv\/az\/wp-json\/wp\/v2\/categories?post=311271"},{"taxonomy":"post_tag","embeddable":true,"href":"https:\/\/www.meydan.tv\/az\/wp-json\/wp\/v2\/tags?post=311271"}],"curies":[{"name":"wp","href":"https:\/\/api.w.org\/{rel}","templated":true}]}}