{"id":311260,"date":"2024-07-24T15:07:29","date_gmt":"2024-07-24T11:07:29","guid":{"rendered":"https:\/\/www.meydan.tv\/?p=311260"},"modified":"2024-07-25T10:46:41","modified_gmt":"2024-07-25T06:46:41","slug":"kecmis-diplomata-2-madde-ile-ittiham-verildi","status":"publish","type":"post","link":"https:\/\/www.meydan.tv\/az\/article\/kecmis-diplomata-2-madde-ile-ittiham-verildi\/","title":{"rendered":"Hakimiyy\u0259ti t\u0259nqid ed\u0259n f\u0259al h\u0259bs edildi, acl\u0131q aksiyas\u0131na ba\u015flad\u0131\u00a0(yenil\u0259nib)"},"content":{"rendered":"\n<p><\/p>\n\n\n\n<p><strong>\u0130yulun 24-d\u0259 Nizami rayon M\u0259hk\u0259m\u0259sind\u0259 Emin \u0130brahimov\u00a0 bar\u0259sind\u0259 ilkin istintaq d\u00f6vr\u00fc \u00fc\u00e7\u00fcn 4 ayl\u0131q h\u0259bs q\u0259timkan t\u0259dbiri se\u00e7ilib. <\/strong><\/p>\n\n\n\n<p><strong>Bu bar\u0259d\u0259 Meydan TV-y\u0259 onun v\u0259kili Aqil Lay\u0131c m\u0259lumat verib. <\/strong><\/p>\n\n\n\n<p><strong>V\u0259kil bildirib ki, Emin \u0130brahimov saxta ittihamla h\u0259bs olunmas\u0131na etiraz olaraq, bu g\u00fcnd\u0259n acl\u0131q aksiyas\u0131na ba\u015flayaca\u011f\u0131n\u0131 bildirib.<\/strong><\/p>\n\n\n\n<hr class=\"wp-block-separator has-alpha-channel-opacity\"\/>\n\n\n\n<p><strong><em>Emin \u0130brahimov cinay\u0259ti i\u015fini \u201cqondarma\u201d adland\u0131r\u0131r<\/em><\/strong><\/p>\n\n\n\n<p>\u018fvv\u0259ll\u0259r Az\u0259rbaycan\u0131n AB\u015e-dak\u0131 s\u0259firliyind\u0259, Uruqvaydak\u0131 diplomatik missiyada \u00e7al\u0131\u015fm\u0131\u015f, son bir ne\u00e7\u0259 ild\u0259 is\u0259 sosial media hesablar\u0131nda h\u00f6kum\u0259tin siyas\u0259tini t\u0259nqid ed\u0259n Emin \u0130brahimova iki madd\u0259 il\u0259 ittiham verilib.<\/p>\n\n\n\n<p>Bu bar\u0259d\u0259 Meydan TV-y\u0259 onun v\u0259kili Aqil Lay\u0131c m\u0259lumat ver\u0259r\u0259k bildirib ki, iki g\u00fcn \u0259vv\u0259l saxlan\u0131lan Emin \u0130brahimova qar\u015f\u0131 iyulun 24-d\u0259 Cinay\u0259t M\u0259c\u0259ll\u0259sinin 126.2.4 (xuliqanl\u0131q niyy\u0259ti il\u0259 sa\u011flaml\u0131\u011fa q\u0259sd\u0259n a\u011f\u0131z z\u0259r\u0259r vurma) v\u0259 221.1-c\u0131 (xuliqanl\u0131q) madd\u0259l\u0259ri il\u0259 ittiham ir\u0259li s\u00fcr\u00fcl\u00fcb.<\/p>\n\n\n\n<p>Emin \u0130brahimov iyulun 24-d\u0259 metronun \u201cXalqlar dostlu\u011fu\u201d stansiyas\u0131n\u0131n yax\u0131nl\u0131\u011f\u0131nda Kamal \u015e\u00fck\u00fcrov adl\u0131 birin\u0259 b\u0131\u00e7aqla x\u0259sar\u0259t yetirm\u0259kd\u0259 t\u0259qsirl\u0259ndirilir.<\/p>\n\n\n\n<p>Lakin ke\u00e7mi\u015f diplomat \u00f6z\u00fcn\u00fc t\u0259qsirli bilmir, bu ittiham\u0131n saxta, hadis\u0259nin is\u0259 qondarma oldu\u011funu deyir. O bildirib ki, iyulun 22-d\u0259 \u201cXalqlar dostlu\u011fu\u201d metrostansiyas\u0131n\u0131n yax\u0131nl\u0131\u011f\u0131nda m\u0259nzilinin t\u0259miri il\u0259 \u0259laq\u0259dar evin\u0259 ged\u0259nd\u0259 bir n\u0259f\u0259r q\u0259fild\u0259n onun \u00fcst\u00fcn\u0259 g\u0259lib v\u0259 paltarlar\u0131n\u0131 c\u0131rma\u011fa ba\u015flay\u0131b. Bundan d\u0259rhal sonra o yerd\u0259 m\u00fclki geyimli polisl\u0259r peyda olub v\u0259 onu saxlay\u0131b, Nizami rayonu, 24-c\u00fc polis b\u00f6lm\u0259sin\u0259 apar\u0131blar. Orada iddia olunub ki, Emin \u0130brahimov Kamal \u015e\u00fck\u00fcrov adl\u0131 \u015f\u0259xsi b\u0131\u00e7aqlay\u0131b.<\/p>\n\n\n\n<p>V\u0259kilinin dediyin\u0259 g\u00f6r\u0259, Emin \u0130brahimov h\u0259bsini t\u0259nqidi m\u00f6vqeyi il\u0259 \u0259laq\u0259l\u0259ndirir.<\/p>\n\n\n\n<p>Emin \u0130brahimovun ilkin istintaq d\u00f6vr\u00fcnd\u0259 h\u0259bsd\u0259 saxlanmas\u0131 haqda q\u0259rar almaq \u00fc\u00e7\u00fcn onun yax\u0131n saatlarda Nizami Rayon M\u0259hk\u0259m\u0259sin\u0259 \u00e7\u0131xar\u0131laca\u011f\u0131 v\u0259 bar\u0259sind\u0259 h\u0259bs q\u0259timkan t\u0259dbiri se\u00e7il\u0259c\u0259yi g\u00f6zl\u0259nilir.<\/p>\n\n\n\n<p>Daxili \u0130\u015fl\u0259r Nazirliyinin m\u0259tbuat xidm\u0259tinin r\u0259hb\u0259ri El\u015fad Hac\u0131yev iddia edir ki, Emin \u0130brahimov ba\u015fqa birin\u0259 b\u0131\u00e7aqla x\u0259sar\u0259t yetirdiyin\u0259 g\u00f6r\u0259 saxlan\u0131l\u0131b:<\/p>\n\n\n\n<p>\u201c<em>Bel\u0259 bir hadis\u0259 ba\u015f verib. B\u0131\u00e7aq x\u0259sar\u0259ti yetirdiyi \u015f\u0259xs x\u0259st\u0259xanaya yerl\u0259\u015fdirilib\u201d.<\/em><\/p>\n\n\n\n<p>Emin \u0130brahimov 2023-c\u00fc ilin sentyabr\u0131nda da h\u0259bs olunmu\u015fdu. H\u0259min vaxt ona 30 sutka inzibati h\u0259bs c\u0259zas\u0131 verilmi\u015fdi. O zaman da Emin \u0130brahimov bildirmi\u015fdi ki, h\u0259bsinin s\u0259b\u0259bi \u201cFacebook\u201d hesab\u0131ndak\u0131 t\u0259nqidi payla\u015f\u0131mlar\u0131d\u0131r.<\/p>\n\n\n\n<p>Az\u0259rbaycanda son ill\u0259rd\u0259 bir s\u0131ra f\u0259allar b\u0131\u00e7aqla kim\u0259s\u0259 x\u0259sar\u0259t yetirm\u0259kd\u0259 t\u0259qsirl\u0259ndiril\u0259r\u0259k h\u0259bs olunsalar da, onlar ittiham\u0131 q\u0259bul etmirl\u0259r. Deyirl\u0259r ki, b\u0131\u00e7aqland\u0131\u011f\u0131 iddia olunan \u015f\u0259xsl\u0259r\u0259 n\u0259inki x\u0259sar\u0259t yetirm\u0259k, h\u0259tta toxunmay\u0131blar. Onlar \u0259vv\u0259ld\u0259n \u00f6yr\u0259dilmi\u015f ssenari \u00fczr\u0259 \u00f6zl\u0259rin\u0259 x\u0259sar\u0259t yetir\u0259r\u0259k, b\u0131\u00e7aqlanmalar\u0131 g\u00f6r\u00fcnt\u00fcs\u00fcn\u00fc yarad\u0131blar.<\/p>\n\n\n\n<p>Bu c\u00fcr ittihamla h\u0259bsd\u0259 olanlar aras\u0131nda Az\u0259rbaycan Xalq C\u0259bh\u0259si Partiyas\u0131n\u0131n (AXCP) \u00fczv\u00fc Zamin Salayev, Almaniyada Az\u0259rbaycan h\u00f6kum\u0259ti \u0259leyhin\u0259 etiraz aksiyalar\u0131nda i\u015ftirak etmi\u015f, \u00f6lk\u0259y\u0259 qay\u0131dandan az sonra h\u0259bs olunmu\u015f Samir A\u015furov, i\u015f\u00e7il\u0259rin h\u00fcquqlar\u0131n\u0131n m\u00fcdafi\u0259sil\u0259 m\u0259\u015f\u011ful olan \u0130\u015f\u00e7i Masas\u0131 H\u0259mkarlar \u0130ttifaqlar\u0131 Konfederasiyas\u0131n\u0131n \u0130dar\u0259 Hey\u0259tinin s\u0259dri Afi\u0259ddin M\u0259mm\u0259dov da var.<\/p>\n\n\n\n<p>AXCP \u00fczv\u00fc Zamin Salayev m\u0259hk\u0259m\u0259sind\u0259 d\u0259f\u0259l\u0259rl\u0259 t\u0259l\u0259b etdi ki, hadis\u0259nin ba\u015f verdiyi \u0259razid\u0259 &#8211; L\u00f6kbatan dair\u0259sind\u0259 olan t\u0259hl\u00fck\u0259sizlik kameralar\u0131n\u0131n g\u00f6r\u00fcnt\u00fcl\u0259rin\u0259 bax\u0131\u015f ke\u00e7irilsin. Onun s\u00f6zl\u0259rin\u0259 g\u00f6r\u0259, g\u00f6r\u00fcnt\u00fcl\u0259r\u0259 bax\u0131lsa, kims\u0259y\u0259 x\u0259sar\u0259t yetirm\u0259diyi, \u0259lind\u0259 b\u0131\u00e7aq olmad\u0131\u011f\u0131, z\u0259r\u0259r\u00e7\u0259kmi\u015fin \u00f6z\u00fcn\u00fcn \u00f6z\u00fcn\u0259 x\u0259sar\u0259t yetirdiyi m\u0259lum olacaq. Lakin g\u00f6r\u00fcnt\u00fcl\u0259r\u0259 bax\u0131lmad\u0131, bildirildi ki, h\u0259min vaxt \u0259razid\u0259 olan 8 kameran\u0131n he\u00e7 biri i\u015fl\u0259m\u0259yib.<\/p>\n","protected":false},"excerpt":{"rendered":"<p>\u0130yulun 24-d\u0259 Nizami rayon M\u0259hk\u0259m\u0259sind\u0259 Emin \u0130brahimov\u00a0 bar\u0259sind\u0259 ilkin istintaq &#8230; <\/p>\n<p class=\"read-more-container\"><a title=\"Hakimiyy\u0259ti t\u0259nqid ed\u0259n f\u0259al h\u0259bs edildi, acl\u0131q aksiyas\u0131na ba\u015flad\u0131\u00a0(yenil\u0259nib)\" class=\"read-more button\" href=\"https:\/\/www.meydan.tv\/az\/article\/kecmis-diplomata-2-madde-ile-ittiham-verildi\/#more-311260\" aria-label=\"Read more about Hakimiyy\u0259ti t\u0259nqid ed\u0259n f\u0259al h\u0259bs edildi, acl\u0131q aksiyas\u0131na ba\u015flad\u0131\u00a0(yenil\u0259nib)\">Davam\u0131<\/a><\/p>\n","protected":false},"author":8,"featured_media":294295,"comment_status":"closed","ping_status":"closed","sticky":false,"template":"","format":"standard","meta":{"_acf_changed":false,"_sitemap_exclude":false,"_sitemap_priority":"","_sitemap_frequency":"","footnotes":""},"categories":[59,79,56],"tags":[],"class_list":["post-311260","post","type-post","status-publish","format-standard","has-post-thumbnail","hentry","category-siyaset","category-featured","category-xeberler","infinite-scroll-item","generate-columns","tablet-grid-50","mobile-grid-100","grid-parent","grid-33","no-featured-image-padding"],"acf":[],"yoast_head":"<!-- This site is optimized with the Yoast SEO plugin v27.4 - https:\/\/yoast.com\/product\/yoast-seo-wordpress\/ -->\n<title>Hakimiyy\u0259ti t\u0259nqid ed\u0259n f\u0259al h\u0259bs edildi, acl\u0131q aksiyas\u0131na ba\u015flad\u0131\u00a0(yenil\u0259nib) - MEYDAN.TV<\/title>\n<meta name=\"description\" content=\"Son ill\u0259r h\u00f6kum\u0259tin siyas\u0259tini t\u0259nqid ed\u0259n ke\u00e7mi\u015f diplomat Emin \u0130brahimova iki madd\u0259 il\u0259 ittiham verilib.\" \/>\n<meta name=\"robots\" content=\"index, follow, max-snippet:-1, max-image-preview:large, max-video-preview:-1\" \/>\n<link rel=\"canonical\" href=\"https:\/\/www.meydan.tv\/az\/article\/kecmis-diplomata-2-madde-ile-ittiham-verildi\/\" \/>\n<meta property=\"og:locale\" content=\"az_AZ\" \/>\n<meta property=\"og:type\" content=\"article\" \/>\n<meta property=\"og:title\" content=\"Hakimiyy\u0259ti t\u0259nqid ed\u0259n f\u0259al h\u0259bs edildi, acl\u0131q aksiyas\u0131na ba\u015flad\u0131\u00a0(yenil\u0259nib) - MEYDAN.TV\" \/>\n<meta property=\"og:description\" content=\"Son ill\u0259r h\u00f6kum\u0259tin siyas\u0259tini t\u0259nqid ed\u0259n ke\u00e7mi\u015f diplomat Emin \u0130brahimova iki madd\u0259 il\u0259 ittiham verilib.\" \/>\n<meta property=\"og:url\" content=\"https:\/\/www.meydan.tv\/az\/article\/kecmis-diplomata-2-madde-ile-ittiham-verildi\/\" \/>\n<meta property=\"og:site_name\" content=\"MEYDAN.TV\" \/>\n<meta property=\"article:published_time\" content=\"2024-07-24T11:07:29+00:00\" \/>\n<meta property=\"article:modified_time\" content=\"2024-07-25T06:46:41+00:00\" \/>\n<meta property=\"og:image\" content=\"https:\/\/www.meydan.tv\/wp-content\/uploads\/emin-saiq-ibrahimov.png\" \/>\n\t<meta property=\"og:image:width\" content=\"800\" \/>\n\t<meta property=\"og:image:height\" content=\"547\" \/>\n\t<meta property=\"og:image:type\" content=\"image\/png\" \/>\n<meta name=\"author\" content=\"elli\" \/>\n<meta name=\"twitter:card\" content=\"summary_large_image\" \/>\n<meta name=\"twitter:creator\" content=\"@elli\" \/>\n<script type=\"application\/ld+json\" class=\"yoast-schema-graph\">{\"@context\":\"https:\\\/\\\/schema.org\",\"@graph\":[{\"@type\":\"Article\",\"@id\":\"https:\\\/\\\/www.meydan.tv\\\/az\\\/article\\\/kecmis-diplomata-2-madde-ile-ittiham-verildi\\\/#article\",\"isPartOf\":{\"@id\":\"https:\\\/\\\/www.meydan.tv\\\/az\\\/article\\\/kecmis-diplomata-2-madde-ile-ittiham-verildi\\\/\"},\"author\":{\"name\":\"elli\",\"@id\":\"https:\\\/\\\/www.meydan.tv\\\/az\\\/#\\\/schema\\\/person\\\/9cdbecf90d17180ce1dfbd95b08dcf47\"},\"headline\":\"Hakimiyy\u0259ti t\u0259nqid ed\u0259n f\u0259al h\u0259bs edildi, acl\u0131q aksiyas\u0131na ba\u015flad\u0131\u00a0(yenil\u0259nib)\",\"datePublished\":\"2024-07-24T11:07:29+00:00\",\"dateModified\":\"2024-07-25T06:46:41+00:00\",\"mainEntityOfPage\":{\"@id\":\"https:\\\/\\\/www.meydan.tv\\\/az\\\/article\\\/kecmis-diplomata-2-madde-ile-ittiham-verildi\\\/\"},\"wordCount\":760,\"publisher\":{\"@id\":\"https:\\\/\\\/www.meydan.tv\\\/az\\\/#organization\"},\"image\":{\"@id\":\"https:\\\/\\\/www.meydan.tv\\\/az\\\/article\\\/kecmis-diplomata-2-madde-ile-ittiham-verildi\\\/#primaryimage\"},\"thumbnailUrl\":\"https:\\\/\\\/www.meydan.tv\\\/wp-content\\\/uploads\\\/emin-saiq-ibrahimov.png\",\"articleSection\":[\"Siyas\u0259t\",\"T\u00f6vsiy\u0259\",\"X\u0259b\u0259rl\u0259r\"],\"inLanguage\":\"az\"},{\"@type\":\"WebPage\",\"@id\":\"https:\\\/\\\/www.meydan.tv\\\/az\\\/article\\\/kecmis-diplomata-2-madde-ile-ittiham-verildi\\\/\",\"url\":\"https:\\\/\\\/www.meydan.tv\\\/az\\\/article\\\/kecmis-diplomata-2-madde-ile-ittiham-verildi\\\/\",\"name\":\"Hakimiyy\u0259ti t\u0259nqid ed\u0259n f\u0259al h\u0259bs edildi, acl\u0131q aksiyas\u0131na ba\u015flad\u0131\u00a0(yenil\u0259nib) - MEYDAN.TV\",\"isPartOf\":{\"@id\":\"https:\\\/\\\/www.meydan.tv\\\/az\\\/#website\"},\"primaryImageOfPage\":{\"@id\":\"https:\\\/\\\/www.meydan.tv\\\/az\\\/article\\\/kecmis-diplomata-2-madde-ile-ittiham-verildi\\\/#primaryimage\"},\"image\":{\"@id\":\"https:\\\/\\\/www.meydan.tv\\\/az\\\/article\\\/kecmis-diplomata-2-madde-ile-ittiham-verildi\\\/#primaryimage\"},\"thumbnailUrl\":\"https:\\\/\\\/www.meydan.tv\\\/wp-content\\\/uploads\\\/emin-saiq-ibrahimov.png\",\"datePublished\":\"2024-07-24T11:07:29+00:00\",\"dateModified\":\"2024-07-25T06:46:41+00:00\",\"description\":\"Son ill\u0259r h\u00f6kum\u0259tin siyas\u0259tini t\u0259nqid ed\u0259n ke\u00e7mi\u015f diplomat Emin \u0130brahimova iki madd\u0259 il\u0259 ittiham verilib.\",\"breadcrumb\":{\"@id\":\"https:\\\/\\\/www.meydan.tv\\\/az\\\/article\\\/kecmis-diplomata-2-madde-ile-ittiham-verildi\\\/#breadcrumb\"},\"inLanguage\":\"az\",\"potentialAction\":[{\"@type\":\"ReadAction\",\"target\":[\"https:\\\/\\\/www.meydan.tv\\\/az\\\/article\\\/kecmis-diplomata-2-madde-ile-ittiham-verildi\\\/\"]}]},{\"@type\":\"ImageObject\",\"inLanguage\":\"az\",\"@id\":\"https:\\\/\\\/www.meydan.tv\\\/az\\\/article\\\/kecmis-diplomata-2-madde-ile-ittiham-verildi\\\/#primaryimage\",\"url\":\"https:\\\/\\\/www.meydan.tv\\\/wp-content\\\/uploads\\\/emin-saiq-ibrahimov.png\",\"contentUrl\":\"https:\\\/\\\/www.meydan.tv\\\/wp-content\\\/uploads\\\/emin-saiq-ibrahimov.png\",\"width\":800,\"height\":547,\"caption\":\"Foto: Emin \u0130brahimovun \u015f\u0259xsi arxivind\u0259n\"},{\"@type\":\"BreadcrumbList\",\"@id\":\"https:\\\/\\\/www.meydan.tv\\\/az\\\/article\\\/kecmis-diplomata-2-madde-ile-ittiham-verildi\\\/#breadcrumb\",\"itemListElement\":[{\"@type\":\"ListItem\",\"position\":1,\"name\":\"Ana s\u0259hif\u0259\",\"item\":\"https:\\\/\\\/www.meydan.tv\\\/az\\\/\"},{\"@type\":\"ListItem\",\"position\":2,\"name\":\"Siyas\u0259t\",\"item\":\"https:\\\/\\\/www.meydan.tv\\\/az\\\/section\\\/siyaset\\\/\"},{\"@type\":\"ListItem\",\"position\":3,\"name\":\"Hakimiyy\u0259ti t\u0259nqid ed\u0259n f\u0259al h\u0259bs edildi, acl\u0131q aksiyas\u0131na ba\u015flad\u0131\u00a0(yenil\u0259nib)\"}]},{\"@type\":\"WebSite\",\"@id\":\"https:\\\/\\\/www.meydan.tv\\\/az\\\/#website\",\"url\":\"https:\\\/\\\/www.meydan.tv\\\/az\\\/\",\"name\":\"MEYDAN.TV\",\"description\":\"Meydan TV Az\u0259rbaycan\u0131n media m\u0259kan\u0131ndak\u0131 alternativ s\u0259sidir\",\"publisher\":{\"@id\":\"https:\\\/\\\/www.meydan.tv\\\/az\\\/#organization\"},\"potentialAction\":[{\"@type\":\"SearchAction\",\"target\":{\"@type\":\"EntryPoint\",\"urlTemplate\":\"https:\\\/\\\/www.meydan.tv\\\/az\\\/?s={search_term_string}\"},\"query-input\":{\"@type\":\"PropertyValueSpecification\",\"valueRequired\":true,\"valueName\":\"search_term_string\"}}],\"inLanguage\":\"az\"},{\"@type\":\"Organization\",\"@id\":\"https:\\\/\\\/www.meydan.tv\\\/az\\\/#organization\",\"name\":\"Meydan TV\",\"url\":\"https:\\\/\\\/www.meydan.tv\\\/az\\\/\",\"logo\":{\"@type\":\"ImageObject\",\"inLanguage\":\"az\",\"@id\":\"https:\\\/\\\/www.meydan.tv\\\/az\\\/#\\\/schema\\\/logo\\\/image\\\/\",\"url\":\"https:\\\/\\\/www.meydan.tv\\\/wp-content\\\/uploads\\\/2021\\\/07\\\/meydan-logo.svg\",\"contentUrl\":\"https:\\\/\\\/www.meydan.tv\\\/wp-content\\\/uploads\\\/2021\\\/07\\\/meydan-logo.svg\",\"width\":195,\"height\":46,\"caption\":\"Meydan TV\"},\"image\":{\"@id\":\"https:\\\/\\\/www.meydan.tv\\\/az\\\/#\\\/schema\\\/logo\\\/image\\\/\"}},{\"@type\":\"Person\",\"@id\":\"https:\\\/\\\/www.meydan.tv\\\/az\\\/#\\\/schema\\\/person\\\/9cdbecf90d17180ce1dfbd95b08dcf47\",\"name\":\"elli\",\"sameAs\":[\"https:\\\/\\\/x.com\\\/elli\"]}]}<\/script>\n<!-- \/ Yoast SEO plugin. -->","yoast_head_json":{"title":"Hakimiyy\u0259ti t\u0259nqid ed\u0259n f\u0259al h\u0259bs edildi, acl\u0131q aksiyas\u0131na ba\u015flad\u0131\u00a0(yenil\u0259nib) - MEYDAN.TV","description":"Son ill\u0259r h\u00f6kum\u0259tin siyas\u0259tini t\u0259nqid ed\u0259n ke\u00e7mi\u015f diplomat Emin \u0130brahimova iki madd\u0259 il\u0259 ittiham verilib.","robots":{"index":"index","follow":"follow","max-snippet":"max-snippet:-1","max-image-preview":"max-image-preview:large","max-video-preview":"max-video-preview:-1"},"canonical":"https:\/\/www.meydan.tv\/az\/article\/kecmis-diplomata-2-madde-ile-ittiham-verildi\/","og_locale":"az_AZ","og_type":"article","og_title":"Hakimiyy\u0259ti t\u0259nqid ed\u0259n f\u0259al h\u0259bs edildi, acl\u0131q aksiyas\u0131na ba\u015flad\u0131\u00a0(yenil\u0259nib) - MEYDAN.TV","og_description":"Son ill\u0259r h\u00f6kum\u0259tin siyas\u0259tini t\u0259nqid ed\u0259n ke\u00e7mi\u015f diplomat Emin \u0130brahimova iki madd\u0259 il\u0259 ittiham verilib.","og_url":"https:\/\/www.meydan.tv\/az\/article\/kecmis-diplomata-2-madde-ile-ittiham-verildi\/","og_site_name":"MEYDAN.TV","article_published_time":"2024-07-24T11:07:29+00:00","article_modified_time":"2024-07-25T06:46:41+00:00","og_image":[{"width":800,"height":547,"url":"https:\/\/www.meydan.tv\/wp-content\/uploads\/emin-saiq-ibrahimov.png","type":"image\/png"}],"author":"elli","twitter_card":"summary_large_image","twitter_creator":"@elli","schema":{"@context":"https:\/\/schema.org","@graph":[{"@type":"Article","@id":"https:\/\/www.meydan.tv\/az\/article\/kecmis-diplomata-2-madde-ile-ittiham-verildi\/#article","isPartOf":{"@id":"https:\/\/www.meydan.tv\/az\/article\/kecmis-diplomata-2-madde-ile-ittiham-verildi\/"},"author":{"name":"elli","@id":"https:\/\/www.meydan.tv\/az\/#\/schema\/person\/9cdbecf90d17180ce1dfbd95b08dcf47"},"headline":"Hakimiyy\u0259ti t\u0259nqid ed\u0259n f\u0259al h\u0259bs edildi, acl\u0131q aksiyas\u0131na ba\u015flad\u0131\u00a0(yenil\u0259nib)","datePublished":"2024-07-24T11:07:29+00:00","dateModified":"2024-07-25T06:46:41+00:00","mainEntityOfPage":{"@id":"https:\/\/www.meydan.tv\/az\/article\/kecmis-diplomata-2-madde-ile-ittiham-verildi\/"},"wordCount":760,"publisher":{"@id":"https:\/\/www.meydan.tv\/az\/#organization"},"image":{"@id":"https:\/\/www.meydan.tv\/az\/article\/kecmis-diplomata-2-madde-ile-ittiham-verildi\/#primaryimage"},"thumbnailUrl":"https:\/\/www.meydan.tv\/wp-content\/uploads\/emin-saiq-ibrahimov.png","articleSection":["Siyas\u0259t","T\u00f6vsiy\u0259","X\u0259b\u0259rl\u0259r"],"inLanguage":"az"},{"@type":"WebPage","@id":"https:\/\/www.meydan.tv\/az\/article\/kecmis-diplomata-2-madde-ile-ittiham-verildi\/","url":"https:\/\/www.meydan.tv\/az\/article\/kecmis-diplomata-2-madde-ile-ittiham-verildi\/","name":"Hakimiyy\u0259ti t\u0259nqid ed\u0259n f\u0259al h\u0259bs edildi, acl\u0131q aksiyas\u0131na ba\u015flad\u0131\u00a0(yenil\u0259nib) - MEYDAN.TV","isPartOf":{"@id":"https:\/\/www.meydan.tv\/az\/#website"},"primaryImageOfPage":{"@id":"https:\/\/www.meydan.tv\/az\/article\/kecmis-diplomata-2-madde-ile-ittiham-verildi\/#primaryimage"},"image":{"@id":"https:\/\/www.meydan.tv\/az\/article\/kecmis-diplomata-2-madde-ile-ittiham-verildi\/#primaryimage"},"thumbnailUrl":"https:\/\/www.meydan.tv\/wp-content\/uploads\/emin-saiq-ibrahimov.png","datePublished":"2024-07-24T11:07:29+00:00","dateModified":"2024-07-25T06:46:41+00:00","description":"Son ill\u0259r h\u00f6kum\u0259tin siyas\u0259tini t\u0259nqid ed\u0259n ke\u00e7mi\u015f diplomat Emin \u0130brahimova iki madd\u0259 il\u0259 ittiham verilib.","breadcrumb":{"@id":"https:\/\/www.meydan.tv\/az\/article\/kecmis-diplomata-2-madde-ile-ittiham-verildi\/#breadcrumb"},"inLanguage":"az","potentialAction":[{"@type":"ReadAction","target":["https:\/\/www.meydan.tv\/az\/article\/kecmis-diplomata-2-madde-ile-ittiham-verildi\/"]}]},{"@type":"ImageObject","inLanguage":"az","@id":"https:\/\/www.meydan.tv\/az\/article\/kecmis-diplomata-2-madde-ile-ittiham-verildi\/#primaryimage","url":"https:\/\/www.meydan.tv\/wp-content\/uploads\/emin-saiq-ibrahimov.png","contentUrl":"https:\/\/www.meydan.tv\/wp-content\/uploads\/emin-saiq-ibrahimov.png","width":800,"height":547,"caption":"Foto: Emin \u0130brahimovun \u015f\u0259xsi arxivind\u0259n"},{"@type":"BreadcrumbList","@id":"https:\/\/www.meydan.tv\/az\/article\/kecmis-diplomata-2-madde-ile-ittiham-verildi\/#breadcrumb","itemListElement":[{"@type":"ListItem","position":1,"name":"Ana s\u0259hif\u0259","item":"https:\/\/www.meydan.tv\/az\/"},{"@type":"ListItem","position":2,"name":"Siyas\u0259t","item":"https:\/\/www.meydan.tv\/az\/section\/siyaset\/"},{"@type":"ListItem","position":3,"name":"Hakimiyy\u0259ti t\u0259nqid ed\u0259n f\u0259al h\u0259bs edildi, acl\u0131q aksiyas\u0131na ba\u015flad\u0131\u00a0(yenil\u0259nib)"}]},{"@type":"WebSite","@id":"https:\/\/www.meydan.tv\/az\/#website","url":"https:\/\/www.meydan.tv\/az\/","name":"MEYDAN.TV","description":"Meydan TV Az\u0259rbaycan\u0131n media m\u0259kan\u0131ndak\u0131 alternativ s\u0259sidir","publisher":{"@id":"https:\/\/www.meydan.tv\/az\/#organization"},"potentialAction":[{"@type":"SearchAction","target":{"@type":"EntryPoint","urlTemplate":"https:\/\/www.meydan.tv\/az\/?s={search_term_string}"},"query-input":{"@type":"PropertyValueSpecification","valueRequired":true,"valueName":"search_term_string"}}],"inLanguage":"az"},{"@type":"Organization","@id":"https:\/\/www.meydan.tv\/az\/#organization","name":"Meydan TV","url":"https:\/\/www.meydan.tv\/az\/","logo":{"@type":"ImageObject","inLanguage":"az","@id":"https:\/\/www.meydan.tv\/az\/#\/schema\/logo\/image\/","url":"https:\/\/www.meydan.tv\/wp-content\/uploads\/2021\/07\/meydan-logo.svg","contentUrl":"https:\/\/www.meydan.tv\/wp-content\/uploads\/2021\/07\/meydan-logo.svg","width":195,"height":46,"caption":"Meydan TV"},"image":{"@id":"https:\/\/www.meydan.tv\/az\/#\/schema\/logo\/image\/"}},{"@type":"Person","@id":"https:\/\/www.meydan.tv\/az\/#\/schema\/person\/9cdbecf90d17180ce1dfbd95b08dcf47","name":"elli","sameAs":["https:\/\/x.com\/elli"]}]}},"_links":{"self":[{"href":"https:\/\/www.meydan.tv\/az\/wp-json\/wp\/v2\/posts\/311260","targetHints":{"allow":["GET"]}}],"collection":[{"href":"https:\/\/www.meydan.tv\/az\/wp-json\/wp\/v2\/posts"}],"about":[{"href":"https:\/\/www.meydan.tv\/az\/wp-json\/wp\/v2\/types\/post"}],"author":[{"embeddable":true,"href":"https:\/\/www.meydan.tv\/az\/wp-json\/wp\/v2\/users\/8"}],"replies":[{"embeddable":true,"href":"https:\/\/www.meydan.tv\/az\/wp-json\/wp\/v2\/comments?post=311260"}],"version-history":[{"count":6,"href":"https:\/\/www.meydan.tv\/az\/wp-json\/wp\/v2\/posts\/311260\/revisions"}],"predecessor-version":[{"id":311263,"href":"https:\/\/www.meydan.tv\/az\/wp-json\/wp\/v2\/posts\/311260\/revisions\/311263"}],"wp:featuredmedia":[{"embeddable":true,"href":"https:\/\/www.meydan.tv\/az\/wp-json\/wp\/v2\/media\/294295"}],"wp:attachment":[{"href":"https:\/\/www.meydan.tv\/az\/wp-json\/wp\/v2\/media?parent=311260"}],"wp:term":[{"taxonomy":"category","embeddable":true,"href":"https:\/\/www.meydan.tv\/az\/wp-json\/wp\/v2\/categories?post=311260"},{"taxonomy":"post_tag","embeddable":true,"href":"https:\/\/www.meydan.tv\/az\/wp-json\/wp\/v2\/tags?post=311260"}],"curies":[{"name":"wp","href":"https:\/\/api.w.org\/{rel}","templated":true}]}}