{"id":311220,"date":"2024-07-24T13:33:18","date_gmt":"2024-07-24T09:33:18","guid":{"rendered":"https:\/\/www.meydan.tv\/?p=311220"},"modified":"2024-07-24T13:46:58","modified_gmt":"2024-07-24T09:46:58","slug":"son-2-ayda-30-nefer-suda-bogulub-onlardan-3-u-olub","status":"publish","type":"post","link":"https:\/\/www.meydan.tv\/az\/article\/son-2-ayda-30-nefer-suda-bogulub-onlardan-3-u-olub\/","title":{"rendered":"Son 2 ayda 30 n\u0259f\u0259r suda bo\u011fulub, onlardan 13-\u00fc \u00f6l\u00fcb"},"content":{"rendered":"\n<p><\/p>\n\n\n\n<p><strong><em>Suda bo\u011fulanlardan 11 n\u0259f\u0259ri x\u0259st\u0259xanaya yerl\u0259\u015fdirilib<\/em><\/strong><\/p>\n\n\n\n<p>2024-c\u00fc ilin iyun-iyul aylar\u0131 \u0259rzind\u0259 Bak\u0131 \u00fczr\u0259 Respublika T\u0259cili v\u0259 T\u0259xir\u0259sal\u0131nmaz Tibbi Yard\u0131m M\u0259rk\u0259zin\u0259 suda bo\u011fulma hadis\u0259si il\u0259 ba\u011fl\u0131 \u00fcmumillikd\u0259 30 n\u0259f\u0259rin m\u00fcraci\u0259ti qeyd\u0259 al\u0131n\u0131b.<\/p>\n\n\n\n<p>Bu bar\u0259d\u0259 Tibbi \u018frazi B\u00f6lm\u0259l\u0259rini \u0130dar\u0259etm\u0259 Birliyinin (T\u018fB\u0130B) yayd\u0131\u011f\u0131 m\u0259lumatda bildirilir.<\/p>\n\n\n\n<p>Qeyd edilib ki, onlardan 11 n\u0259f\u0259r x\u0259st\u0259xanaya t\u0259xliy\u0259 olunub. 6 n\u0259f\u0259r\u0259 yerind\u0259 yard\u0131m g\u00f6st\u0259rilib.<\/p>\n\n\n\n<p>13 n\u0259f\u0259rin is\u0259 \u00f6l\u00fcm fakt\u0131 qeyd\u0259 al\u0131n\u0131b.<\/p>\n\n\n\n<p>Suda bo\u011fulanlardan 27-si ki\u015fi, 3-\u00fc qad\u0131n olub.<\/p>\n","protected":false},"excerpt":{"rendered":"<p>Suda bo\u011fulanlardan 11 n\u0259f\u0259ri x\u0259st\u0259xanaya yerl\u0259\u015fdirilib 2024-c\u00fc ilin iyun-iyul aylar\u0131 &#8230; <\/p>\n<p class=\"read-more-container\"><a title=\"Son 2 ayda 30 n\u0259f\u0259r suda bo\u011fulub, onlardan 13-\u00fc \u00f6l\u00fcb\" class=\"read-more button\" href=\"https:\/\/www.meydan.tv\/az\/article\/son-2-ayda-30-nefer-suda-bogulub-onlardan-3-u-olub\/#more-311220\" aria-label=\"Read more about Son 2 ayda 30 n\u0259f\u0259r suda bo\u011fulub, onlardan 13-\u00fc \u00f6l\u00fcb\">Davam\u0131<\/a><\/p>\n","protected":false},"author":8,"featured_media":130824,"comment_status":"closed","ping_status":"closed","sticky":false,"template":"","format":"standard","meta":{"_acf_changed":false,"_sitemap_exclude":false,"_sitemap_priority":"","_sitemap_frequency":"","footnotes":""},"categories":[62,56],"tags":[],"class_list":["post-311220","post","type-post","status-publish","format-standard","has-post-thumbnail","hentry","category-sosial","category-xeberler","infinite-scroll-item","generate-columns","tablet-grid-50","mobile-grid-100","grid-parent","grid-33","no-featured-image-padding"],"acf":[],"yoast_head":"<!-- This site is optimized with the Yoast SEO plugin v27.5 - https:\/\/yoast.com\/product\/yoast-seo-wordpress\/ -->\n<title>Son 2 ayda 30 n\u0259f\u0259r suda bo\u011fulub, onlardan 13-\u00fc \u00f6l\u00fcb - MEYDAN.TV<\/title>\n<meta name=\"robots\" content=\"index, follow, max-snippet:-1, max-image-preview:large, max-video-preview:-1\" \/>\n<link rel=\"canonical\" href=\"https:\/\/www.meydan.tv\/az\/article\/son-2-ayda-30-nefer-suda-bogulub-onlardan-3-u-olub\/\" \/>\n<meta property=\"og:locale\" content=\"az_AZ\" \/>\n<meta property=\"og:type\" content=\"article\" \/>\n<meta property=\"og:title\" content=\"Son 2 ayda 30 n\u0259f\u0259r suda bo\u011fulub, onlardan 13-\u00fc \u00f6l\u00fcb - MEYDAN.TV\" \/>\n<meta property=\"og:description\" content=\"Suda bo\u011fulanlardan 11 n\u0259f\u0259ri x\u0259st\u0259xanaya yerl\u0259\u015fdirilib 2024-c\u00fc ilin iyun-iyul aylar\u0131 ... Davam\u0131\" \/>\n<meta property=\"og:url\" content=\"https:\/\/www.meydan.tv\/az\/article\/son-2-ayda-30-nefer-suda-bogulub-onlardan-3-u-olub\/\" \/>\n<meta property=\"og:site_name\" content=\"MEYDAN.TV\" \/>\n<meta property=\"article:published_time\" content=\"2024-07-24T09:33:18+00:00\" \/>\n<meta property=\"article:modified_time\" content=\"2024-07-24T09:46:58+00:00\" \/>\n<meta property=\"og:image\" content=\"https:\/\/www.meydan.tv\/wp-content\/uploads\/xazar-1200x808.jpg\" \/>\n\t<meta property=\"og:image:width\" content=\"1200\" \/>\n\t<meta property=\"og:image:height\" content=\"808\" \/>\n\t<meta property=\"og:image:type\" content=\"image\/jpeg\" \/>\n<meta name=\"author\" content=\"elli\" \/>\n<meta name=\"twitter:card\" content=\"summary_large_image\" \/>\n<meta name=\"twitter:creator\" content=\"@elli\" \/>\n<script type=\"application\/ld+json\" class=\"yoast-schema-graph\">{\"@context\":\"https:\\\/\\\/schema.org\",\"@graph\":[{\"@type\":\"Article\",\"@id\":\"https:\\\/\\\/www.meydan.tv\\\/az\\\/article\\\/son-2-ayda-30-nefer-suda-bogulub-onlardan-3-u-olub\\\/#article\",\"isPartOf\":{\"@id\":\"https:\\\/\\\/www.meydan.tv\\\/az\\\/article\\\/son-2-ayda-30-nefer-suda-bogulub-onlardan-3-u-olub\\\/\"},\"author\":{\"name\":\"elli\",\"@id\":\"https:\\\/\\\/www.meydan.tv\\\/az\\\/#\\\/schema\\\/person\\\/9cdbecf90d17180ce1dfbd95b08dcf47\"},\"headline\":\"Son 2 ayda 30 n\u0259f\u0259r suda bo\u011fulub, onlardan 13-\u00fc \u00f6l\u00fcb\",\"datePublished\":\"2024-07-24T09:33:18+00:00\",\"dateModified\":\"2024-07-24T09:46:58+00:00\",\"mainEntityOfPage\":{\"@id\":\"https:\\\/\\\/www.meydan.tv\\\/az\\\/article\\\/son-2-ayda-30-nefer-suda-bogulub-onlardan-3-u-olub\\\/\"},\"wordCount\":125,\"publisher\":{\"@id\":\"https:\\\/\\\/www.meydan.tv\\\/az\\\/#organization\"},\"image\":{\"@id\":\"https:\\\/\\\/www.meydan.tv\\\/az\\\/article\\\/son-2-ayda-30-nefer-suda-bogulub-onlardan-3-u-olub\\\/#primaryimage\"},\"thumbnailUrl\":\"https:\\\/\\\/www.meydan.tv\\\/wp-content\\\/uploads\\\/xazar.jpg\",\"articleSection\":[\"Sosial\",\"X\u0259b\u0259rl\u0259r\"],\"inLanguage\":\"az\"},{\"@type\":\"WebPage\",\"@id\":\"https:\\\/\\\/www.meydan.tv\\\/az\\\/article\\\/son-2-ayda-30-nefer-suda-bogulub-onlardan-3-u-olub\\\/\",\"url\":\"https:\\\/\\\/www.meydan.tv\\\/az\\\/article\\\/son-2-ayda-30-nefer-suda-bogulub-onlardan-3-u-olub\\\/\",\"name\":\"Son 2 ayda 30 n\u0259f\u0259r suda bo\u011fulub, onlardan 13-\u00fc \u00f6l\u00fcb - MEYDAN.TV\",\"isPartOf\":{\"@id\":\"https:\\\/\\\/www.meydan.tv\\\/az\\\/#website\"},\"primaryImageOfPage\":{\"@id\":\"https:\\\/\\\/www.meydan.tv\\\/az\\\/article\\\/son-2-ayda-30-nefer-suda-bogulub-onlardan-3-u-olub\\\/#primaryimage\"},\"image\":{\"@id\":\"https:\\\/\\\/www.meydan.tv\\\/az\\\/article\\\/son-2-ayda-30-nefer-suda-bogulub-onlardan-3-u-olub\\\/#primaryimage\"},\"thumbnailUrl\":\"https:\\\/\\\/www.meydan.tv\\\/wp-content\\\/uploads\\\/xazar.jpg\",\"datePublished\":\"2024-07-24T09:33:18+00:00\",\"dateModified\":\"2024-07-24T09:46:58+00:00\",\"breadcrumb\":{\"@id\":\"https:\\\/\\\/www.meydan.tv\\\/az\\\/article\\\/son-2-ayda-30-nefer-suda-bogulub-onlardan-3-u-olub\\\/#breadcrumb\"},\"inLanguage\":\"az\",\"potentialAction\":[{\"@type\":\"ReadAction\",\"target\":[\"https:\\\/\\\/www.meydan.tv\\\/az\\\/article\\\/son-2-ayda-30-nefer-suda-bogulub-onlardan-3-u-olub\\\/\"]}]},{\"@type\":\"ImageObject\",\"inLanguage\":\"az\",\"@id\":\"https:\\\/\\\/www.meydan.tv\\\/az\\\/article\\\/son-2-ayda-30-nefer-suda-bogulub-onlardan-3-u-olub\\\/#primaryimage\",\"url\":\"https:\\\/\\\/www.meydan.tv\\\/wp-content\\\/uploads\\\/xazar.jpg\",\"contentUrl\":\"https:\\\/\\\/www.meydan.tv\\\/wp-content\\\/uploads\\\/xazar.jpg\",\"width\":2431,\"height\":1637,\"caption\":\"Foto: arxiv\"},{\"@type\":\"BreadcrumbList\",\"@id\":\"https:\\\/\\\/www.meydan.tv\\\/az\\\/article\\\/son-2-ayda-30-nefer-suda-bogulub-onlardan-3-u-olub\\\/#breadcrumb\",\"itemListElement\":[{\"@type\":\"ListItem\",\"position\":1,\"name\":\"Ana s\u0259hif\u0259\",\"item\":\"https:\\\/\\\/www.meydan.tv\\\/az\\\/\"},{\"@type\":\"ListItem\",\"position\":2,\"name\":\"Sosial\",\"item\":\"https:\\\/\\\/www.meydan.tv\\\/az\\\/section\\\/sosial\\\/\"},{\"@type\":\"ListItem\",\"position\":3,\"name\":\"Son 2 ayda 30 n\u0259f\u0259r suda bo\u011fulub, onlardan 13-\u00fc \u00f6l\u00fcb\"}]},{\"@type\":\"WebSite\",\"@id\":\"https:\\\/\\\/www.meydan.tv\\\/az\\\/#website\",\"url\":\"https:\\\/\\\/www.meydan.tv\\\/az\\\/\",\"name\":\"MEYDAN.TV\",\"description\":\"Meydan TV Az\u0259rbaycan\u0131n media m\u0259kan\u0131ndak\u0131 alternativ s\u0259sidir\",\"publisher\":{\"@id\":\"https:\\\/\\\/www.meydan.tv\\\/az\\\/#organization\"},\"potentialAction\":[{\"@type\":\"SearchAction\",\"target\":{\"@type\":\"EntryPoint\",\"urlTemplate\":\"https:\\\/\\\/www.meydan.tv\\\/az\\\/?s={search_term_string}\"},\"query-input\":{\"@type\":\"PropertyValueSpecification\",\"valueRequired\":true,\"valueName\":\"search_term_string\"}}],\"inLanguage\":\"az\"},{\"@type\":\"Organization\",\"@id\":\"https:\\\/\\\/www.meydan.tv\\\/az\\\/#organization\",\"name\":\"Meydan TV\",\"url\":\"https:\\\/\\\/www.meydan.tv\\\/az\\\/\",\"logo\":{\"@type\":\"ImageObject\",\"inLanguage\":\"az\",\"@id\":\"https:\\\/\\\/www.meydan.tv\\\/az\\\/#\\\/schema\\\/logo\\\/image\\\/\",\"url\":\"https:\\\/\\\/www.meydan.tv\\\/wp-content\\\/uploads\\\/2021\\\/07\\\/meydan-logo.svg\",\"contentUrl\":\"https:\\\/\\\/www.meydan.tv\\\/wp-content\\\/uploads\\\/2021\\\/07\\\/meydan-logo.svg\",\"width\":195,\"height\":46,\"caption\":\"Meydan TV\"},\"image\":{\"@id\":\"https:\\\/\\\/www.meydan.tv\\\/az\\\/#\\\/schema\\\/logo\\\/image\\\/\"}},{\"@type\":\"Person\",\"@id\":\"https:\\\/\\\/www.meydan.tv\\\/az\\\/#\\\/schema\\\/person\\\/9cdbecf90d17180ce1dfbd95b08dcf47\",\"name\":\"elli\",\"sameAs\":[\"https:\\\/\\\/x.com\\\/elli\"]}]}<\/script>\n<!-- \/ Yoast SEO plugin. -->","yoast_head_json":{"title":"Son 2 ayda 30 n\u0259f\u0259r suda bo\u011fulub, onlardan 13-\u00fc \u00f6l\u00fcb - MEYDAN.TV","robots":{"index":"index","follow":"follow","max-snippet":"max-snippet:-1","max-image-preview":"max-image-preview:large","max-video-preview":"max-video-preview:-1"},"canonical":"https:\/\/www.meydan.tv\/az\/article\/son-2-ayda-30-nefer-suda-bogulub-onlardan-3-u-olub\/","og_locale":"az_AZ","og_type":"article","og_title":"Son 2 ayda 30 n\u0259f\u0259r suda bo\u011fulub, onlardan 13-\u00fc \u00f6l\u00fcb - MEYDAN.TV","og_description":"Suda bo\u011fulanlardan 11 n\u0259f\u0259ri x\u0259st\u0259xanaya yerl\u0259\u015fdirilib 2024-c\u00fc ilin iyun-iyul aylar\u0131 ... Davam\u0131","og_url":"https:\/\/www.meydan.tv\/az\/article\/son-2-ayda-30-nefer-suda-bogulub-onlardan-3-u-olub\/","og_site_name":"MEYDAN.TV","article_published_time":"2024-07-24T09:33:18+00:00","article_modified_time":"2024-07-24T09:46:58+00:00","og_image":[{"width":1200,"height":808,"url":"https:\/\/www.meydan.tv\/wp-content\/uploads\/xazar-1200x808.jpg","type":"image\/jpeg"}],"author":"elli","twitter_card":"summary_large_image","twitter_creator":"@elli","schema":{"@context":"https:\/\/schema.org","@graph":[{"@type":"Article","@id":"https:\/\/www.meydan.tv\/az\/article\/son-2-ayda-30-nefer-suda-bogulub-onlardan-3-u-olub\/#article","isPartOf":{"@id":"https:\/\/www.meydan.tv\/az\/article\/son-2-ayda-30-nefer-suda-bogulub-onlardan-3-u-olub\/"},"author":{"name":"elli","@id":"https:\/\/www.meydan.tv\/az\/#\/schema\/person\/9cdbecf90d17180ce1dfbd95b08dcf47"},"headline":"Son 2 ayda 30 n\u0259f\u0259r suda bo\u011fulub, onlardan 13-\u00fc \u00f6l\u00fcb","datePublished":"2024-07-24T09:33:18+00:00","dateModified":"2024-07-24T09:46:58+00:00","mainEntityOfPage":{"@id":"https:\/\/www.meydan.tv\/az\/article\/son-2-ayda-30-nefer-suda-bogulub-onlardan-3-u-olub\/"},"wordCount":125,"publisher":{"@id":"https:\/\/www.meydan.tv\/az\/#organization"},"image":{"@id":"https:\/\/www.meydan.tv\/az\/article\/son-2-ayda-30-nefer-suda-bogulub-onlardan-3-u-olub\/#primaryimage"},"thumbnailUrl":"https:\/\/www.meydan.tv\/wp-content\/uploads\/xazar.jpg","articleSection":["Sosial","X\u0259b\u0259rl\u0259r"],"inLanguage":"az"},{"@type":"WebPage","@id":"https:\/\/www.meydan.tv\/az\/article\/son-2-ayda-30-nefer-suda-bogulub-onlardan-3-u-olub\/","url":"https:\/\/www.meydan.tv\/az\/article\/son-2-ayda-30-nefer-suda-bogulub-onlardan-3-u-olub\/","name":"Son 2 ayda 30 n\u0259f\u0259r suda bo\u011fulub, onlardan 13-\u00fc \u00f6l\u00fcb - MEYDAN.TV","isPartOf":{"@id":"https:\/\/www.meydan.tv\/az\/#website"},"primaryImageOfPage":{"@id":"https:\/\/www.meydan.tv\/az\/article\/son-2-ayda-30-nefer-suda-bogulub-onlardan-3-u-olub\/#primaryimage"},"image":{"@id":"https:\/\/www.meydan.tv\/az\/article\/son-2-ayda-30-nefer-suda-bogulub-onlardan-3-u-olub\/#primaryimage"},"thumbnailUrl":"https:\/\/www.meydan.tv\/wp-content\/uploads\/xazar.jpg","datePublished":"2024-07-24T09:33:18+00:00","dateModified":"2024-07-24T09:46:58+00:00","breadcrumb":{"@id":"https:\/\/www.meydan.tv\/az\/article\/son-2-ayda-30-nefer-suda-bogulub-onlardan-3-u-olub\/#breadcrumb"},"inLanguage":"az","potentialAction":[{"@type":"ReadAction","target":["https:\/\/www.meydan.tv\/az\/article\/son-2-ayda-30-nefer-suda-bogulub-onlardan-3-u-olub\/"]}]},{"@type":"ImageObject","inLanguage":"az","@id":"https:\/\/www.meydan.tv\/az\/article\/son-2-ayda-30-nefer-suda-bogulub-onlardan-3-u-olub\/#primaryimage","url":"https:\/\/www.meydan.tv\/wp-content\/uploads\/xazar.jpg","contentUrl":"https:\/\/www.meydan.tv\/wp-content\/uploads\/xazar.jpg","width":2431,"height":1637,"caption":"Foto: arxiv"},{"@type":"BreadcrumbList","@id":"https:\/\/www.meydan.tv\/az\/article\/son-2-ayda-30-nefer-suda-bogulub-onlardan-3-u-olub\/#breadcrumb","itemListElement":[{"@type":"ListItem","position":1,"name":"Ana s\u0259hif\u0259","item":"https:\/\/www.meydan.tv\/az\/"},{"@type":"ListItem","position":2,"name":"Sosial","item":"https:\/\/www.meydan.tv\/az\/section\/sosial\/"},{"@type":"ListItem","position":3,"name":"Son 2 ayda 30 n\u0259f\u0259r suda bo\u011fulub, onlardan 13-\u00fc \u00f6l\u00fcb"}]},{"@type":"WebSite","@id":"https:\/\/www.meydan.tv\/az\/#website","url":"https:\/\/www.meydan.tv\/az\/","name":"MEYDAN.TV","description":"Meydan TV Az\u0259rbaycan\u0131n media m\u0259kan\u0131ndak\u0131 alternativ s\u0259sidir","publisher":{"@id":"https:\/\/www.meydan.tv\/az\/#organization"},"potentialAction":[{"@type":"SearchAction","target":{"@type":"EntryPoint","urlTemplate":"https:\/\/www.meydan.tv\/az\/?s={search_term_string}"},"query-input":{"@type":"PropertyValueSpecification","valueRequired":true,"valueName":"search_term_string"}}],"inLanguage":"az"},{"@type":"Organization","@id":"https:\/\/www.meydan.tv\/az\/#organization","name":"Meydan TV","url":"https:\/\/www.meydan.tv\/az\/","logo":{"@type":"ImageObject","inLanguage":"az","@id":"https:\/\/www.meydan.tv\/az\/#\/schema\/logo\/image\/","url":"https:\/\/www.meydan.tv\/wp-content\/uploads\/2021\/07\/meydan-logo.svg","contentUrl":"https:\/\/www.meydan.tv\/wp-content\/uploads\/2021\/07\/meydan-logo.svg","width":195,"height":46,"caption":"Meydan TV"},"image":{"@id":"https:\/\/www.meydan.tv\/az\/#\/schema\/logo\/image\/"}},{"@type":"Person","@id":"https:\/\/www.meydan.tv\/az\/#\/schema\/person\/9cdbecf90d17180ce1dfbd95b08dcf47","name":"elli","sameAs":["https:\/\/x.com\/elli"]}]}},"_links":{"self":[{"href":"https:\/\/www.meydan.tv\/az\/wp-json\/wp\/v2\/posts\/311220","targetHints":{"allow":["GET"]}}],"collection":[{"href":"https:\/\/www.meydan.tv\/az\/wp-json\/wp\/v2\/posts"}],"about":[{"href":"https:\/\/www.meydan.tv\/az\/wp-json\/wp\/v2\/types\/post"}],"author":[{"embeddable":true,"href":"https:\/\/www.meydan.tv\/az\/wp-json\/wp\/v2\/users\/8"}],"replies":[{"embeddable":true,"href":"https:\/\/www.meydan.tv\/az\/wp-json\/wp\/v2\/comments?post=311220"}],"version-history":[{"count":3,"href":"https:\/\/www.meydan.tv\/az\/wp-json\/wp\/v2\/posts\/311220\/revisions"}],"predecessor-version":[{"id":311225,"href":"https:\/\/www.meydan.tv\/az\/wp-json\/wp\/v2\/posts\/311220\/revisions\/311225"}],"wp:featuredmedia":[{"embeddable":true,"href":"https:\/\/www.meydan.tv\/az\/wp-json\/wp\/v2\/media\/130824"}],"wp:attachment":[{"href":"https:\/\/www.meydan.tv\/az\/wp-json\/wp\/v2\/media?parent=311220"}],"wp:term":[{"taxonomy":"category","embeddable":true,"href":"https:\/\/www.meydan.tv\/az\/wp-json\/wp\/v2\/categories?post=311220"},{"taxonomy":"post_tag","embeddable":true,"href":"https:\/\/www.meydan.tv\/az\/wp-json\/wp\/v2\/tags?post=311220"}],"curies":[{"name":"wp","href":"https:\/\/api.w.org\/{rel}","templated":true}]}}