{"id":311191,"date":"2024-07-24T12:39:33","date_gmt":"2024-07-24T08:39:33","guid":{"rendered":"https:\/\/www.meydan.tv\/?p=311191"},"modified":"2024-07-24T14:33:07","modified_gmt":"2024-07-24T10:33:07","slug":"xacmazda-sahelerimizi-qanunsuz-qazirlar-ekinlerimiz-suyun-altinda-qalir","status":"publish","type":"post","link":"https:\/\/www.meydan.tv\/az\/article\/xacmazda-sahelerimizi-qanunsuz-qazirlar-ekinlerimiz-suyun-altinda-qalir\/","title":{"rendered":"Xa\u00e7mazda: \u201cSah\u0259l\u0259rimizi qanunsuz qaz\u0131rlar, \u0259kinl\u0259rimiz suyun alt\u0131nda qal\u0131r\u201d"},"content":{"rendered":"\n<p><\/p>\n\n\n\n<p><strong><em>\u0130ki k\u0259ndin sakinl\u0259ri arxla ba\u011fl\u0131 problem ya\u015fay\u0131r<\/em><\/strong><\/p>\n\n\n\n<p>Xa\u00e7maz\u0131n Q\u0259dmal\u0131q\u0131\u015flaq k\u0259ndin\u0131n 30-a yax\u0131n sakini k\u0259nd \u0259razisind\u0259ki pay torpaqlar\u0131ndan ke\u00e7\u0259n arx\u0131n \u0259kin sah\u0259l\u0259rin\u0259 z\u0259r\u0259r verm\u0259sind\u0259n gileyl\u0259nir. Sakinl\u0259rin iddias\u0131na g\u00f6r\u0259, t\u0259qrib\u0259n 15 il \u0259vv\u0259l \u00c7aqacuq \u00e7ay\u0131n\u0131n suyunu A\u015fa\u011f\u0131 Zeyid k\u0259ndind\u0259ki \u0259kin sah\u0259l\u0259rin\u0259 verm\u0259k \u00fc\u00e7\u00fcn onlar\u0131n torpaqlar\u0131ndan arx \u00e7\u0259kilib. Ancaq \u00f6t\u0259n ill\u0259r \u0259rzind\u0259 sakinl\u0259r bunun z\u0259r\u0259rini \u00e7\u0259kdikl\u0259ri \u00fc\u00e7\u00fcn bir ildir ki, arx\u0131 l\u0259\u011fv etm\u0259y\u0259 \u00e7al\u0131\u015f\u0131rlar. N\u0259tic\u0259d\u0259 A\u015fa\u011f\u0131 Zeyid k\u0259ndinin sakinl\u0259ril\u0259 \u00fcz-\u00fcz\u0259 qal\u0131blar.<\/p>\n\n\n\n<p><strong>\u201c\u0130ll\u0259rdir ki, m\u0259hsul g\u00f6t\u00fcr\u0259 bilmirik\u201d<\/strong><\/p>\n\n\n\n<p>M\u0259s\u0259l\u0259n, D\u00fcrdan\u0259 Heyb\u0259tova iddia edir ki, arx\u0131n suyu ona m\u0259xsus torpaqlara da\u015fanda \u0259kdiyi a\u011faclar z\u0259r\u0259r \u00e7\u0259kib, quruyub. Ona g\u00f6r\u0259 d\u0259 bir ne\u00e7\u0259 ildir ki, m\u0259hsul g\u00f6t\u00fcr\u0259 bilmir:<\/p>\n\n\n\n<p><em>\u201cTorpaq sah\u0259l\u0259rimiz lilin i\u00e7ind\u0259dir, a\u011faclar\u0131m\u0131z quruyur, s\u0259simiz\u0259 s\u0259s ver\u0259n yoxdur. Biz arx\u0131 torpaqla doldururuq, onlar (A\u015fa\u011f\u0131 Zeyid k\u0259ndinin sakinl\u0259ri) \u00fcst\u00fcm\u00fcz\u0259 polisl\u0259, k\u0259ndin icra n\u00fcmay\u0259nd\u0259si il\u0259 g\u0259lir, bizi torpaq sah\u0259l\u0259rimizd\u0259n k\u0259narla\u015fd\u0131r\u0131rlar, arx\u0131 a\u00e7\u0131rlar, dolur, da\u015f\u0131r, yen\u0259 sah\u0259l\u0259rimizi su bas\u0131r, m\u0259hsulumuz zay olur. \u0130ll\u0259rdir ki, bu z\u00fclm\u00fc \u00e7\u0259kirik\u201d.<\/em><\/p>\n\n\n<div class=\"wp-block-image\">\n<figure class=\"aligncenter size-full\"><img decoding=\"async\" width=\"1200\" height=\"680\" data-src=\"https:\/\/www.meydan.tv\/wp-content\/uploads\/bdc70987-5ff8-4ee8-8455-030b41e9ff17.jpg\" alt=\"\" class=\"wp-image-311244 lazyload\" src=\"data:image\/svg+xml;base64,PHN2ZyB3aWR0aD0iMSIgaGVpZ2h0PSIxIiB4bWxucz0iaHR0cDovL3d3dy53My5vcmcvMjAwMC9zdmciPjwvc3ZnPg==\" style=\"--smush-placeholder-width: 1200px; --smush-placeholder-aspect-ratio: 1200\/680;\" \/><figcaption class=\"wp-element-caption\">D\u00fcrdan\u0259 Heyb\u0259tova. Foto: Meydan TV<\/figcaption><\/figure>\n<\/div>\n\n\n<p>Elmira Heyb\u0259tova is\u0259 deyir, ona v\u0259 ail\u0259sin\u0259 m\u0259xsus pay torpa\u011f\u0131n\u0131n az\u0131 60-70 sotu suyun alt\u0131nda qal\u0131b:<\/p>\n\n\n\n<p><em>\u201cB\u0259h\u0259rli a\u011faclar\u0131m\u0131z quruyub. Su arxa g\u00fccl\u00fc g\u0259l\u0259nd\u0259 \u0259trafa da\u015f\u0131r, torpa\u011f\u0131m\u0131n 60-70 sotu lilin alt\u0131nda qal\u0131b. \u0130cra hakimiyy\u0259tin\u0259 gedirik, deyirl\u0259r, \u00f6z aran\u0131zda h\u0259ll edin. Bu t\u0259r\u0259fd\u0259n d\u0259 qon\u015fu k\u0259ndin adamlar\u0131 arx\u0131 a\u00e7d\u0131rma\u011fa k\u0259nd icra n\u00fcmay\u0259nd\u0259sil\u0259 g\u0259lir. Bir s\u00f6zl\u0259, icra hakimiyy\u0259ti \u201cdov\u015fana qa\u00e7, taz\u0131ya tut\u201d deyir. Sah\u0259 o q\u0259d\u0259r lill\u0259nib ki, o g\u00fcn y\u0131x\u0131lm\u0131\u015fam, ayaqlar\u0131m\u0131 \u0259zmi\u015f\u0259m\u201d<\/em>.<\/p>\n\n\n\n<p><strong>\u201c27 ail\u0259nin sah\u0259si z\u0259r\u0259r \u00e7\u0259kir\u201d<\/strong><\/p>\n\n\n\n<p>\u018frazid\u0259 pay torpa\u011f\u0131 olanlardan biri d\u0259 R\u0259\u015fad Heyb\u0259tovdur. Onun s\u00f6zl\u0259rin\u0259 g\u00f6r\u0259, arx 27 ail\u0259nin qanuni istifad\u0259sind\u0259 olan pay torpaqlar\u0131n\u0131n \u00fcmumilikd\u0259 t\u0259qrib\u0259n 250 metrliyind\u0259n ke\u00e7ir. Arx\u0131n qaz\u0131lmas\u0131na vaxtil\u0259 \u00f6zl\u0259ri icaz\u0259 veribl\u0259r:<\/p>\n\n\n\n<p>\u201c<em>H\u0259min k\u0259ndin 4-5 sakininin \u0259kin sah\u0259sin\u0259 gedir o su\u2026 Y\u0259ni 4-5 n\u0259f\u0259rin \u0259kin sah\u0259sin\u0259 g\u00f6r\u0259 27 ail\u0259nin \u0259kin sah\u0259si z\u0259r\u0259r \u00e7\u0259kir. 10-15 il \u0259vv\u0259l g\u0259lib xahi\u015f el\u0259dil\u0259r ki, k\u0259ndimizd\u0259ki \u00c7aqacuq \u00e7ay\u0131ndan sah\u0259l\u0259rin\u0259 su g\u00f6t\u00fcrm\u0259l\u0259ri \u00fc\u00e7\u00fcn sah\u0259l\u0259rimizd\u0259n arx \u00e7\u0259km\u0259l\u0259rin\u0259 icaz\u0259 ver\u0259k. B\u00f6y\u00fckl\u0259rimiz icaz\u0259 verdi. Arx\u0131 \u00e7\u0259kdil\u0259r, sonralar probleml\u0259r yaranma\u011fa ba\u015flad\u0131. H\u0259r d\u0259f\u0259 \u00e7ay\u0131n suyu artd\u0131qca arx da da\u015f\u0131r, \u0259kin sah\u0259l\u0259rimizi su bas\u0131r, h\u0259r il \u0259kin i\u015find\u0259n z\u0259r\u0259rl\u0259 \u00e7\u0131x\u0131r\u0131q. Gedib adamlara ba\u015fa sald\u0131q ki, siz m\u0259hsul g\u00f6t\u00fcr\u0259siz dey\u0259, biz m\u0259hsulsuz qal\u0131r\u0131q, torpaqlar\u0131m\u0131z da lill\u0259nir, korlan\u0131r. Sizin alternativ yollar\u0131n\u0131z var, \u00f6z k\u0259ndinizd\u0259n d\u0259 \u00e7\u0259k\u0259, o arx\u0131 qaz\u0131b su g\u00f6t\u00fcr\u0259 bil\u0259rsiz. S\u00f6zd\u0259n anlamad\u0131lar. Biz d\u0259 arx\u0131 qurudub torpaqlad\u0131q. H\u0259r d\u0259f\u0259 polisi, icra hakimiyy\u0259tini t\u00f6k\u00fcrl\u0259r sah\u0259y\u0259, ekskavatorla torpa\u011f\u0131 qaz\u0131b, arx\u0131 a\u00e7\u0131rlar. H\u0259m pomidor sah\u0259l\u0259rimiz, gilas, \u015faftal\u0131, alma, f\u0131nd\u0131q ba\u011flar\u0131m\u0131z suyun i\u00e7ind\u0259 qal\u0131r, m\u0259hsulumuz zay olur, h\u0259m d\u0259 polisl\u0259, h\u0259bsl\u0259 h\u0259d\u0259l\u0259nirik\u201d.<\/em><\/p>\n\n\n\n<figure class=\"wp-block-image size-full\"><img decoding=\"async\" width=\"1200\" height=\"675\" data-src=\"https:\/\/www.meydan.tv\/wp-content\/uploads\/photo-2024-07-24-11-53-23.jpg\" alt=\"\" class=\"wp-image-311247 lazyload\" src=\"data:image\/svg+xml;base64,PHN2ZyB3aWR0aD0iMSIgaGVpZ2h0PSIxIiB4bWxucz0iaHR0cDovL3d3dy53My5vcmcvMjAwMC9zdmciPjwvc3ZnPg==\" style=\"--smush-placeholder-width: 1200px; --smush-placeholder-aspect-ratio: 1200\/675;\" \/><figcaption class=\"wp-element-caption\">Foto: Meydan TV<\/figcaption><\/figure>\n\n\n\n<p>Xa\u00e7maz \u015e\u0259h\u0259r \u0130cra Hakimiyy\u0259tind\u0259n Meydan TV-y\u0259 bildirilib ki, 3 g\u00fcn \u0259vv\u0259l qurum r\u0259hb\u0259rliyi sakinl\u0259ri q\u0259bul ed\u0259r\u0259k dinl\u0259yib. Onlara bildirilib ki, \u015f\u0259xsi torpaqlar\u0131nda qanunsuz arx qaz\u0131l\u0131bsa, m\u0259hk\u0259m\u0259y\u0259 m\u00fcraci\u0259t ed\u0259 bil\u0259rl\u0259r. Bu m\u0259s\u0259l\u0259l\u0259r\u0259 m\u00fcdaxil\u0259 etm\u0259k icra hakimiyy\u0259tinin s\u0259lahiyy\u0259tin\u0259 daxil deyil.<\/p>\n\n\n\n<p>Sakinl\u0259r d\u0259 icra hakimiyy\u0259tind\u0259 olduqlar\u0131n\u0131 bildirirl\u0259r. Dem\u0259l\u0259rin\u0259 g\u00f6r\u0259, onlar\u0131 iyulun 22-d\u0259 \u015f\u00f6b\u0259 m\u00fcdiri B\u0259xtiyar Osmanov q\u0259bul edib.<\/p>\n\n\n\n<p><em>\u201cDedi ki, bu, sizin \u015f\u0259xsi torpaqlar\u0131n\u0131zd\u0131r. \u018fg\u0259r siz\u0259 veril\u0259n torpaq akt\u0131nda o arx yoxdursa, icaz\u0259 verm\u0259m\u0259k h\u00fcququnuz var. \u0130\u015f oras\u0131ndad\u0131r ki, bunu da icra hakimiyy\u0259tinin v\u0259zif\u0259li \u015f\u0259xsi deyir, el\u0259 g\u0259lib arx\u0131 t\u0259z\u0259d\u0259n qazd\u0131ran adamlara d\u0259st\u0259k ver\u0259n d\u0259 eyni qurumun ba\u015fqa v\u0259zif\u0259li \u015f\u0259xsidir\u201d.<\/em><\/p>\n\n\n<div class=\"wp-block-image\">\n<figure class=\"aligncenter size-full\"><img decoding=\"async\" width=\"1200\" height=\"675\" data-src=\"https:\/\/www.meydan.tv\/wp-content\/uploads\/photo-2024-07-24-11-53-22.jpg\" alt=\"\" class=\"wp-image-311251 lazyload\" src=\"data:image\/svg+xml;base64,PHN2ZyB3aWR0aD0iMSIgaGVpZ2h0PSIxIiB4bWxucz0iaHR0cDovL3d3dy53My5vcmcvMjAwMC9zdmciPjwvc3ZnPg==\" style=\"--smush-placeholder-width: 1200px; --smush-placeholder-aspect-ratio: 1200\/675;\" \/><figcaption class=\"wp-element-caption\">Foto: Meydan TV<\/figcaption><\/figure>\n<\/div>\n\n\n<p>H\u00fcquq\u015f\u00fcnas Namiz\u0259d S\u0259f\u0259rov deyir, s\u00f6hb\u0259t pay torpaqlar\u0131ndan gedirs\u0259, bu torpaqlar v\u0259t\u0259nda\u015flar\u0131n m\u00fclkiyy\u0259tin\u0259 verildiyi \u00fc\u00e7\u00fcn \u015f\u0259xsi torpaqlar hesab olunur. Dig\u0259rl\u0259rinin bu torpaqlar\u0131n \u00fcz\u0259rind\u0259n arx, yol \u00e7\u0259km\u0259si, ferma yaratmas\u0131 v\u0259 sair \u0259m\u0259ll\u0259r qanuna ziddir:<\/p>\n\n\n\n<p>\u201c<em>\u018fslind\u0259, polis m\u00fcdaxil\u0259 etm\u0259lidir, arx qaz\u0131lmas\u0131n\u0131n qar\u015f\u0131s\u0131n\u0131 almal\u0131d\u0131r. V\u0259t\u0259nda\u015flar\u0131n dem\u0259sind\u0259n bel\u0259 anla\u015f\u0131l\u0131r ki, polis \u0259ksin\u0259, qar\u015f\u0131 t\u0259r\u0259fin maraqlar\u0131n\u0131 d\u0259st\u0259kl\u0259yir. V\u0259t\u0259nda\u015f polisin h\u0259r\u0259k\u0259tl\u0259rind\u0259n aidiyy\u0259ti \u00fczr\u0259 yuxar\u0131 orqana, arx \u00e7\u0259km\u0259k ist\u0259y\u0259nl\u0259rin h\u0259r\u0259k\u0259tl\u0259rind\u0259n m\u0259hk\u0259m\u0259y\u0259 m\u00fcraci\u0259t etm\u0259lidir\u201d.<\/em><\/p>\n","protected":false},"excerpt":{"rendered":"<p>\u0130ki k\u0259ndin sakinl\u0259ri arxla ba\u011fl\u0131 problem ya\u015fay\u0131r Xa\u00e7maz\u0131n Q\u0259dmal\u0131q\u0131\u015flaq k\u0259ndin\u0131n &#8230; <\/p>\n<p class=\"read-more-container\"><a title=\"Xa\u00e7mazda: \u201cSah\u0259l\u0259rimizi qanunsuz qaz\u0131rlar, \u0259kinl\u0259rimiz suyun alt\u0131nda qal\u0131r\u201d\" class=\"read-more button\" href=\"https:\/\/www.meydan.tv\/az\/article\/xacmazda-sahelerimizi-qanunsuz-qazirlar-ekinlerimiz-suyun-altinda-qalir\/#more-311191\" aria-label=\"Read more about Xa\u00e7mazda: \u201cSah\u0259l\u0259rimizi qanunsuz qaz\u0131rlar, \u0259kinl\u0259rimiz suyun alt\u0131nda qal\u0131r\u201d\">Davam\u0131<\/a><\/p>\n","protected":false},"author":8,"featured_media":311241,"comment_status":"closed","ping_status":"closed","sticky":false,"template":"","format":"standard","meta":{"_acf_changed":false,"_sitemap_exclude":false,"_sitemap_priority":"","_sitemap_frequency":"","footnotes":""},"categories":[60,56],"tags":[],"class_list":["post-311191","post","type-post","status-publish","format-standard","has-post-thumbnail","hentry","category-bolge","category-xeberler","infinite-scroll-item","generate-columns","tablet-grid-50","mobile-grid-100","grid-parent","grid-33","no-featured-image-padding"],"acf":[],"yoast_head":"<!-- This site is optimized with the Yoast SEO plugin v27.4 - https:\/\/yoast.com\/product\/yoast-seo-wordpress\/ -->\n<title>Xa\u00e7mazda: \u201cSah\u0259l\u0259rimizi qanunsuz qaz\u0131rlar, \u0259kinl\u0259rimiz suyun alt\u0131nda qal\u0131r\u201d - MEYDAN.TV<\/title>\n<meta name=\"robots\" content=\"index, follow, max-snippet:-1, max-image-preview:large, max-video-preview:-1\" \/>\n<link rel=\"canonical\" href=\"https:\/\/www.meydan.tv\/az\/article\/xacmazda-sahelerimizi-qanunsuz-qazirlar-ekinlerimiz-suyun-altinda-qalir\/\" \/>\n<meta property=\"og:locale\" content=\"az_AZ\" \/>\n<meta property=\"og:type\" content=\"article\" \/>\n<meta property=\"og:title\" content=\"Xa\u00e7mazda: \u201cSah\u0259l\u0259rimizi qanunsuz qaz\u0131rlar, \u0259kinl\u0259rimiz suyun alt\u0131nda qal\u0131r\u201d - MEYDAN.TV\" \/>\n<meta property=\"og:description\" content=\"\u0130ki k\u0259ndin sakinl\u0259ri arxla ba\u011fl\u0131 problem ya\u015fay\u0131r Xa\u00e7maz\u0131n Q\u0259dmal\u0131q\u0131\u015flaq k\u0259ndin\u0131n ... Davam\u0131\" \/>\n<meta property=\"og:url\" content=\"https:\/\/www.meydan.tv\/az\/article\/xacmazda-sahelerimizi-qanunsuz-qazirlar-ekinlerimiz-suyun-altinda-qalir\/\" \/>\n<meta property=\"og:site_name\" content=\"MEYDAN.TV\" \/>\n<meta property=\"article:published_time\" content=\"2024-07-24T08:39:33+00:00\" \/>\n<meta property=\"article:modified_time\" content=\"2024-07-24T10:33:07+00:00\" \/>\n<meta property=\"og:image\" content=\"https:\/\/www.meydan.tv\/wp-content\/uploads\/photo-2024-07-24-11-52-48.jpg\" \/>\n\t<meta property=\"og:image:width\" content=\"1200\" \/>\n\t<meta property=\"og:image:height\" content=\"675\" \/>\n\t<meta property=\"og:image:type\" content=\"image\/jpeg\" \/>\n<meta name=\"author\" content=\"elli\" \/>\n<meta name=\"twitter:card\" content=\"summary_large_image\" \/>\n<meta name=\"twitter:creator\" content=\"@elli\" \/>\n<script type=\"application\/ld+json\" class=\"yoast-schema-graph\">{\"@context\":\"https:\\\/\\\/schema.org\",\"@graph\":[{\"@type\":\"Article\",\"@id\":\"https:\\\/\\\/www.meydan.tv\\\/az\\\/article\\\/xacmazda-sahelerimizi-qanunsuz-qazirlar-ekinlerimiz-suyun-altinda-qalir\\\/#article\",\"isPartOf\":{\"@id\":\"https:\\\/\\\/www.meydan.tv\\\/az\\\/article\\\/xacmazda-sahelerimizi-qanunsuz-qazirlar-ekinlerimiz-suyun-altinda-qalir\\\/\"},\"author\":{\"name\":\"elli\",\"@id\":\"https:\\\/\\\/www.meydan.tv\\\/az\\\/#\\\/schema\\\/person\\\/9cdbecf90d17180ce1dfbd95b08dcf47\"},\"headline\":\"Xa\u00e7mazda: \u201cSah\u0259l\u0259rimizi qanunsuz qaz\u0131rlar, \u0259kinl\u0259rimiz suyun alt\u0131nda qal\u0131r\u201d\",\"datePublished\":\"2024-07-24T08:39:33+00:00\",\"dateModified\":\"2024-07-24T10:33:07+00:00\",\"mainEntityOfPage\":{\"@id\":\"https:\\\/\\\/www.meydan.tv\\\/az\\\/article\\\/xacmazda-sahelerimizi-qanunsuz-qazirlar-ekinlerimiz-suyun-altinda-qalir\\\/\"},\"wordCount\":990,\"publisher\":{\"@id\":\"https:\\\/\\\/www.meydan.tv\\\/az\\\/#organization\"},\"image\":{\"@id\":\"https:\\\/\\\/www.meydan.tv\\\/az\\\/article\\\/xacmazda-sahelerimizi-qanunsuz-qazirlar-ekinlerimiz-suyun-altinda-qalir\\\/#primaryimage\"},\"thumbnailUrl\":\"https:\\\/\\\/www.meydan.tv\\\/wp-content\\\/uploads\\\/photo-2024-07-24-11-52-48.jpg\",\"articleSection\":[\"B\u00f6lg\u0259\",\"X\u0259b\u0259rl\u0259r\"],\"inLanguage\":\"az\"},{\"@type\":\"WebPage\",\"@id\":\"https:\\\/\\\/www.meydan.tv\\\/az\\\/article\\\/xacmazda-sahelerimizi-qanunsuz-qazirlar-ekinlerimiz-suyun-altinda-qalir\\\/\",\"url\":\"https:\\\/\\\/www.meydan.tv\\\/az\\\/article\\\/xacmazda-sahelerimizi-qanunsuz-qazirlar-ekinlerimiz-suyun-altinda-qalir\\\/\",\"name\":\"Xa\u00e7mazda: \u201cSah\u0259l\u0259rimizi qanunsuz qaz\u0131rlar, \u0259kinl\u0259rimiz suyun alt\u0131nda qal\u0131r\u201d - MEYDAN.TV\",\"isPartOf\":{\"@id\":\"https:\\\/\\\/www.meydan.tv\\\/az\\\/#website\"},\"primaryImageOfPage\":{\"@id\":\"https:\\\/\\\/www.meydan.tv\\\/az\\\/article\\\/xacmazda-sahelerimizi-qanunsuz-qazirlar-ekinlerimiz-suyun-altinda-qalir\\\/#primaryimage\"},\"image\":{\"@id\":\"https:\\\/\\\/www.meydan.tv\\\/az\\\/article\\\/xacmazda-sahelerimizi-qanunsuz-qazirlar-ekinlerimiz-suyun-altinda-qalir\\\/#primaryimage\"},\"thumbnailUrl\":\"https:\\\/\\\/www.meydan.tv\\\/wp-content\\\/uploads\\\/photo-2024-07-24-11-52-48.jpg\",\"datePublished\":\"2024-07-24T08:39:33+00:00\",\"dateModified\":\"2024-07-24T10:33:07+00:00\",\"breadcrumb\":{\"@id\":\"https:\\\/\\\/www.meydan.tv\\\/az\\\/article\\\/xacmazda-sahelerimizi-qanunsuz-qazirlar-ekinlerimiz-suyun-altinda-qalir\\\/#breadcrumb\"},\"inLanguage\":\"az\",\"potentialAction\":[{\"@type\":\"ReadAction\",\"target\":[\"https:\\\/\\\/www.meydan.tv\\\/az\\\/article\\\/xacmazda-sahelerimizi-qanunsuz-qazirlar-ekinlerimiz-suyun-altinda-qalir\\\/\"]}]},{\"@type\":\"ImageObject\",\"inLanguage\":\"az\",\"@id\":\"https:\\\/\\\/www.meydan.tv\\\/az\\\/article\\\/xacmazda-sahelerimizi-qanunsuz-qazirlar-ekinlerimiz-suyun-altinda-qalir\\\/#primaryimage\",\"url\":\"https:\\\/\\\/www.meydan.tv\\\/wp-content\\\/uploads\\\/photo-2024-07-24-11-52-48.jpg\",\"contentUrl\":\"https:\\\/\\\/www.meydan.tv\\\/wp-content\\\/uploads\\\/photo-2024-07-24-11-52-48.jpg\",\"width\":1200,\"height\":675,\"caption\":\"Foto: Meydan TV\"},{\"@type\":\"BreadcrumbList\",\"@id\":\"https:\\\/\\\/www.meydan.tv\\\/az\\\/article\\\/xacmazda-sahelerimizi-qanunsuz-qazirlar-ekinlerimiz-suyun-altinda-qalir\\\/#breadcrumb\",\"itemListElement\":[{\"@type\":\"ListItem\",\"position\":1,\"name\":\"Ana s\u0259hif\u0259\",\"item\":\"https:\\\/\\\/www.meydan.tv\\\/az\\\/\"},{\"@type\":\"ListItem\",\"position\":2,\"name\":\"B\u00f6lg\u0259\",\"item\":\"https:\\\/\\\/www.meydan.tv\\\/az\\\/section\\\/bolge\\\/\"},{\"@type\":\"ListItem\",\"position\":3,\"name\":\"Xa\u00e7mazda: \u201cSah\u0259l\u0259rimizi qanunsuz qaz\u0131rlar, \u0259kinl\u0259rimiz suyun alt\u0131nda qal\u0131r\u201d\"}]},{\"@type\":\"WebSite\",\"@id\":\"https:\\\/\\\/www.meydan.tv\\\/az\\\/#website\",\"url\":\"https:\\\/\\\/www.meydan.tv\\\/az\\\/\",\"name\":\"MEYDAN.TV\",\"description\":\"Meydan TV Az\u0259rbaycan\u0131n media m\u0259kan\u0131ndak\u0131 alternativ s\u0259sidir\",\"publisher\":{\"@id\":\"https:\\\/\\\/www.meydan.tv\\\/az\\\/#organization\"},\"potentialAction\":[{\"@type\":\"SearchAction\",\"target\":{\"@type\":\"EntryPoint\",\"urlTemplate\":\"https:\\\/\\\/www.meydan.tv\\\/az\\\/?s={search_term_string}\"},\"query-input\":{\"@type\":\"PropertyValueSpecification\",\"valueRequired\":true,\"valueName\":\"search_term_string\"}}],\"inLanguage\":\"az\"},{\"@type\":\"Organization\",\"@id\":\"https:\\\/\\\/www.meydan.tv\\\/az\\\/#organization\",\"name\":\"Meydan TV\",\"url\":\"https:\\\/\\\/www.meydan.tv\\\/az\\\/\",\"logo\":{\"@type\":\"ImageObject\",\"inLanguage\":\"az\",\"@id\":\"https:\\\/\\\/www.meydan.tv\\\/az\\\/#\\\/schema\\\/logo\\\/image\\\/\",\"url\":\"https:\\\/\\\/www.meydan.tv\\\/wp-content\\\/uploads\\\/2021\\\/07\\\/meydan-logo.svg\",\"contentUrl\":\"https:\\\/\\\/www.meydan.tv\\\/wp-content\\\/uploads\\\/2021\\\/07\\\/meydan-logo.svg\",\"width\":195,\"height\":46,\"caption\":\"Meydan TV\"},\"image\":{\"@id\":\"https:\\\/\\\/www.meydan.tv\\\/az\\\/#\\\/schema\\\/logo\\\/image\\\/\"}},{\"@type\":\"Person\",\"@id\":\"https:\\\/\\\/www.meydan.tv\\\/az\\\/#\\\/schema\\\/person\\\/9cdbecf90d17180ce1dfbd95b08dcf47\",\"name\":\"elli\",\"sameAs\":[\"https:\\\/\\\/x.com\\\/elli\"]}]}<\/script>\n<!-- \/ Yoast SEO plugin. -->","yoast_head_json":{"title":"Xa\u00e7mazda: \u201cSah\u0259l\u0259rimizi qanunsuz qaz\u0131rlar, \u0259kinl\u0259rimiz suyun alt\u0131nda qal\u0131r\u201d - MEYDAN.TV","robots":{"index":"index","follow":"follow","max-snippet":"max-snippet:-1","max-image-preview":"max-image-preview:large","max-video-preview":"max-video-preview:-1"},"canonical":"https:\/\/www.meydan.tv\/az\/article\/xacmazda-sahelerimizi-qanunsuz-qazirlar-ekinlerimiz-suyun-altinda-qalir\/","og_locale":"az_AZ","og_type":"article","og_title":"Xa\u00e7mazda: \u201cSah\u0259l\u0259rimizi qanunsuz qaz\u0131rlar, \u0259kinl\u0259rimiz suyun alt\u0131nda qal\u0131r\u201d - MEYDAN.TV","og_description":"\u0130ki k\u0259ndin sakinl\u0259ri arxla ba\u011fl\u0131 problem ya\u015fay\u0131r Xa\u00e7maz\u0131n Q\u0259dmal\u0131q\u0131\u015flaq k\u0259ndin\u0131n ... Davam\u0131","og_url":"https:\/\/www.meydan.tv\/az\/article\/xacmazda-sahelerimizi-qanunsuz-qazirlar-ekinlerimiz-suyun-altinda-qalir\/","og_site_name":"MEYDAN.TV","article_published_time":"2024-07-24T08:39:33+00:00","article_modified_time":"2024-07-24T10:33:07+00:00","og_image":[{"width":1200,"height":675,"url":"https:\/\/www.meydan.tv\/wp-content\/uploads\/photo-2024-07-24-11-52-48.jpg","type":"image\/jpeg"}],"author":"elli","twitter_card":"summary_large_image","twitter_creator":"@elli","schema":{"@context":"https:\/\/schema.org","@graph":[{"@type":"Article","@id":"https:\/\/www.meydan.tv\/az\/article\/xacmazda-sahelerimizi-qanunsuz-qazirlar-ekinlerimiz-suyun-altinda-qalir\/#article","isPartOf":{"@id":"https:\/\/www.meydan.tv\/az\/article\/xacmazda-sahelerimizi-qanunsuz-qazirlar-ekinlerimiz-suyun-altinda-qalir\/"},"author":{"name":"elli","@id":"https:\/\/www.meydan.tv\/az\/#\/schema\/person\/9cdbecf90d17180ce1dfbd95b08dcf47"},"headline":"Xa\u00e7mazda: \u201cSah\u0259l\u0259rimizi qanunsuz qaz\u0131rlar, \u0259kinl\u0259rimiz suyun alt\u0131nda qal\u0131r\u201d","datePublished":"2024-07-24T08:39:33+00:00","dateModified":"2024-07-24T10:33:07+00:00","mainEntityOfPage":{"@id":"https:\/\/www.meydan.tv\/az\/article\/xacmazda-sahelerimizi-qanunsuz-qazirlar-ekinlerimiz-suyun-altinda-qalir\/"},"wordCount":990,"publisher":{"@id":"https:\/\/www.meydan.tv\/az\/#organization"},"image":{"@id":"https:\/\/www.meydan.tv\/az\/article\/xacmazda-sahelerimizi-qanunsuz-qazirlar-ekinlerimiz-suyun-altinda-qalir\/#primaryimage"},"thumbnailUrl":"https:\/\/www.meydan.tv\/wp-content\/uploads\/photo-2024-07-24-11-52-48.jpg","articleSection":["B\u00f6lg\u0259","X\u0259b\u0259rl\u0259r"],"inLanguage":"az"},{"@type":"WebPage","@id":"https:\/\/www.meydan.tv\/az\/article\/xacmazda-sahelerimizi-qanunsuz-qazirlar-ekinlerimiz-suyun-altinda-qalir\/","url":"https:\/\/www.meydan.tv\/az\/article\/xacmazda-sahelerimizi-qanunsuz-qazirlar-ekinlerimiz-suyun-altinda-qalir\/","name":"Xa\u00e7mazda: \u201cSah\u0259l\u0259rimizi qanunsuz qaz\u0131rlar, \u0259kinl\u0259rimiz suyun alt\u0131nda qal\u0131r\u201d - MEYDAN.TV","isPartOf":{"@id":"https:\/\/www.meydan.tv\/az\/#website"},"primaryImageOfPage":{"@id":"https:\/\/www.meydan.tv\/az\/article\/xacmazda-sahelerimizi-qanunsuz-qazirlar-ekinlerimiz-suyun-altinda-qalir\/#primaryimage"},"image":{"@id":"https:\/\/www.meydan.tv\/az\/article\/xacmazda-sahelerimizi-qanunsuz-qazirlar-ekinlerimiz-suyun-altinda-qalir\/#primaryimage"},"thumbnailUrl":"https:\/\/www.meydan.tv\/wp-content\/uploads\/photo-2024-07-24-11-52-48.jpg","datePublished":"2024-07-24T08:39:33+00:00","dateModified":"2024-07-24T10:33:07+00:00","breadcrumb":{"@id":"https:\/\/www.meydan.tv\/az\/article\/xacmazda-sahelerimizi-qanunsuz-qazirlar-ekinlerimiz-suyun-altinda-qalir\/#breadcrumb"},"inLanguage":"az","potentialAction":[{"@type":"ReadAction","target":["https:\/\/www.meydan.tv\/az\/article\/xacmazda-sahelerimizi-qanunsuz-qazirlar-ekinlerimiz-suyun-altinda-qalir\/"]}]},{"@type":"ImageObject","inLanguage":"az","@id":"https:\/\/www.meydan.tv\/az\/article\/xacmazda-sahelerimizi-qanunsuz-qazirlar-ekinlerimiz-suyun-altinda-qalir\/#primaryimage","url":"https:\/\/www.meydan.tv\/wp-content\/uploads\/photo-2024-07-24-11-52-48.jpg","contentUrl":"https:\/\/www.meydan.tv\/wp-content\/uploads\/photo-2024-07-24-11-52-48.jpg","width":1200,"height":675,"caption":"Foto: Meydan TV"},{"@type":"BreadcrumbList","@id":"https:\/\/www.meydan.tv\/az\/article\/xacmazda-sahelerimizi-qanunsuz-qazirlar-ekinlerimiz-suyun-altinda-qalir\/#breadcrumb","itemListElement":[{"@type":"ListItem","position":1,"name":"Ana s\u0259hif\u0259","item":"https:\/\/www.meydan.tv\/az\/"},{"@type":"ListItem","position":2,"name":"B\u00f6lg\u0259","item":"https:\/\/www.meydan.tv\/az\/section\/bolge\/"},{"@type":"ListItem","position":3,"name":"Xa\u00e7mazda: \u201cSah\u0259l\u0259rimizi qanunsuz qaz\u0131rlar, \u0259kinl\u0259rimiz suyun alt\u0131nda qal\u0131r\u201d"}]},{"@type":"WebSite","@id":"https:\/\/www.meydan.tv\/az\/#website","url":"https:\/\/www.meydan.tv\/az\/","name":"MEYDAN.TV","description":"Meydan TV Az\u0259rbaycan\u0131n media m\u0259kan\u0131ndak\u0131 alternativ s\u0259sidir","publisher":{"@id":"https:\/\/www.meydan.tv\/az\/#organization"},"potentialAction":[{"@type":"SearchAction","target":{"@type":"EntryPoint","urlTemplate":"https:\/\/www.meydan.tv\/az\/?s={search_term_string}"},"query-input":{"@type":"PropertyValueSpecification","valueRequired":true,"valueName":"search_term_string"}}],"inLanguage":"az"},{"@type":"Organization","@id":"https:\/\/www.meydan.tv\/az\/#organization","name":"Meydan TV","url":"https:\/\/www.meydan.tv\/az\/","logo":{"@type":"ImageObject","inLanguage":"az","@id":"https:\/\/www.meydan.tv\/az\/#\/schema\/logo\/image\/","url":"https:\/\/www.meydan.tv\/wp-content\/uploads\/2021\/07\/meydan-logo.svg","contentUrl":"https:\/\/www.meydan.tv\/wp-content\/uploads\/2021\/07\/meydan-logo.svg","width":195,"height":46,"caption":"Meydan TV"},"image":{"@id":"https:\/\/www.meydan.tv\/az\/#\/schema\/logo\/image\/"}},{"@type":"Person","@id":"https:\/\/www.meydan.tv\/az\/#\/schema\/person\/9cdbecf90d17180ce1dfbd95b08dcf47","name":"elli","sameAs":["https:\/\/x.com\/elli"]}]}},"_links":{"self":[{"href":"https:\/\/www.meydan.tv\/az\/wp-json\/wp\/v2\/posts\/311191","targetHints":{"allow":["GET"]}}],"collection":[{"href":"https:\/\/www.meydan.tv\/az\/wp-json\/wp\/v2\/posts"}],"about":[{"href":"https:\/\/www.meydan.tv\/az\/wp-json\/wp\/v2\/types\/post"}],"author":[{"embeddable":true,"href":"https:\/\/www.meydan.tv\/az\/wp-json\/wp\/v2\/users\/8"}],"replies":[{"embeddable":true,"href":"https:\/\/www.meydan.tv\/az\/wp-json\/wp\/v2\/comments?post=311191"}],"version-history":[{"count":5,"href":"https:\/\/www.meydan.tv\/az\/wp-json\/wp\/v2\/posts\/311191\/revisions"}],"predecessor-version":[{"id":311254,"href":"https:\/\/www.meydan.tv\/az\/wp-json\/wp\/v2\/posts\/311191\/revisions\/311254"}],"wp:featuredmedia":[{"embeddable":true,"href":"https:\/\/www.meydan.tv\/az\/wp-json\/wp\/v2\/media\/311241"}],"wp:attachment":[{"href":"https:\/\/www.meydan.tv\/az\/wp-json\/wp\/v2\/media?parent=311191"}],"wp:term":[{"taxonomy":"category","embeddable":true,"href":"https:\/\/www.meydan.tv\/az\/wp-json\/wp\/v2\/categories?post=311191"},{"taxonomy":"post_tag","embeddable":true,"href":"https:\/\/www.meydan.tv\/az\/wp-json\/wp\/v2\/tags?post=311191"}],"curies":[{"name":"wp","href":"https:\/\/api.w.org\/{rel}","templated":true}]}}