{"id":311179,"date":"2024-07-24T12:18:50","date_gmt":"2024-07-24T08:18:50","guid":{"rendered":"https:\/\/www.meydan.tv\/?p=311179"},"modified":"2024-07-24T12:58:57","modified_gmt":"2024-07-24T08:58:57","slug":"evsiz-qalan-sehid-anasinin-muracietlerine-baxan-yoxdur","status":"publish","type":"post","link":"https:\/\/www.meydan.tv\/az\/article\/evsiz-qalan-sehid-anasinin-muracietlerine-baxan-yoxdur\/","title":{"rendered":"Evsiz qalan \u015f\u0259hid anas\u0131n\u0131n m\u00fcraci\u0259tl\u0259rin\u0259 baxan yoxdur"},"content":{"rendered":"\n<p><\/p>\n\n\n\n<p><strong><em>\u201c75 ya\u015fl\u0131 Solmaz Abbasova qohumlar\u0131n\u0131n yan\u0131nda qalmaq m\u0259cburiyy\u0259tind\u0259dir&#8221;<\/em><\/strong><\/p>\n\n\n\n<p>\u201c<em>Bil\u0259suvar Rayon \u0130cra Hakimiyy\u0259tinin v\u0259 \u018fm\u0259k v\u0259 \u018fhalinin Sosial M\u00fcdafi\u0259si Nazirliyi 2 ildir \u015f\u0259hid \u015eaiq K\u0259lbiyevin ail\u0259sin\u0259 verdiyi v\u0259di yerin\u0259 yetirmir\u201d.<\/em><\/p>\n\n\n\n<p>Bu bar\u0259d\u0259 iyulun 23-d\u0259 motoat\u0131c\u0131 batalyonunun ke\u00e7mi\u015f komandiri, polkovnik X\u0259tai Bax\u0131\u015fov &#8220;Turan&#8221; \u0130A-na dan\u0131\u015f\u0131b.<\/p>\n\n\n\n<p>X\u0259tai Bax\u0131\u015fovun s\u00f6zl\u0259rin\u0259 g\u00f6r\u0259, 2022-ci ild\u0259 Bil\u0259suvar Rayon \u0130cra Hakimiyy\u0259tinin v\u0259 \u018fm\u0259k v\u0259 \u018fhalinin Sosial M\u00fcdafi\u0259si Nazirliyinin n\u00fcmay\u0259nd\u0259l\u0259ri I Qaraba\u011f m\u00fcharib\u0259sind\u0259 h\u0259yat\u0131n\u0131 itir\u0259n \u015eaiq K\u0259lbiyevin evin\u0259 g\u0259libl\u0259r v\u0259 hakimiyy\u0259tin bu ail\u0259 \u00fc\u00e7\u00fcn yeni ev tikm\u0259k niyy\u0259tind\u0259 oldu\u011funu bildiribl\u0259r:<\/p>\n\n\n\n<p><em>&#8220;Onlarla birlikd\u0259 g\u0259l\u0259n hans\u0131sa tikinti \u015firk\u0259tinin m\u00fch\u0259ndisl\u0259ri \u00f6l\u00e7m\u0259l\u0259r h\u0259yata ke\u00e7iribl\u0259r v\u0259 k\u00f6hn\u0259 evin s\u00f6k\u00fclm\u0259li oldu\u011funu, onun yerind\u0259 is\u0259 d\u0259rhal yeni ev tik\u0259c\u0259kl\u0259rini deyibl\u0259r. Ev sahibl\u0259ri d\u00f6vl\u0259t orqanlar\u0131n\u0131n n\u00fcmay\u0259nd\u0259l\u0259rinin t\u0259minatlar\u0131na inanaraq, yeni evin tikil\u0259c\u0259yi \u00fcmidi il\u0259 onlar\u0131n k\u00f6hn\u0259 evi s\u00f6km\u0259yin\u0259 icaz\u0259 veribl\u0259r. Lakin iki ildir ki, he\u00e7 bir tikinti apar\u0131lm\u0131r. B\u00fct\u00fcn bu m\u00fcdd\u0259t \u0259rzind\u0259 \u015f\u0259hidin t\u0259nha anas\u0131, 75 ya\u015fl\u0131 Solmaz Abbasova qohumlar\u0131n\u0131n yan\u0131nda qalmaq m\u0259cburiyy\u0259tind\u0259dir&#8221;.<\/em><\/p>\n\n\n\n<p>X\u0259tai Bax\u0131\u015fov Solmaz Abbasovan\u0131n Prezident Administrasiyas\u0131na, \u018fm\u0259k v\u0259 \u018fhalinin Sosial M\u00fcdafi\u0259si Nazirliyin\u0259 v\u0259 Bil\u0259suvar Rayon \u0130cra Hakimiyy\u0259tin\u0259 \u00e7oxsayl\u0131 \u015fikay\u0259tl\u0259rinin n\u0259tic\u0259 verm\u0259diyini qeyd edib:<\/p>\n\n\n<div class=\"wp-block-image\">\n<figure class=\"aligncenter size-large\"><img decoding=\"async\" width=\"1095\" height=\"821\" data-src=\"https:\/\/www.meydan.tv\/wp-content\/uploads\/whatsapp-image-2024-07-24-at-12.45.01_99ab3838-1095x821.jpg\" alt=\"\" class=\"wp-image-311203 lazyload\" src=\"data:image\/svg+xml;base64,PHN2ZyB3aWR0aD0iMSIgaGVpZ2h0PSIxIiB4bWxucz0iaHR0cDovL3d3dy53My5vcmcvMjAwMC9zdmciPjwvc3ZnPg==\" style=\"--smush-placeholder-width: 1095px; --smush-placeholder-aspect-ratio: 1095\/821;\" \/><figcaption class=\"wp-element-caption\">Foto: &#8220;Turan&#8221;<\/figcaption><\/figure>\n<\/div>\n\n\n<p>&#8220;<em>Yaln\u0131z onu deyibl\u0259r ki, \u015f\u0259hid ail\u0259si u\u00e7otda oldu\u011fundan evin tikintisin\u0259 n\u00f6vb\u0259 \u00e7atmay\u0131b, h\u0259l\u0259 g\u00f6zl\u0259m\u0259lis\u0259n. Bel\u0259 olduqda, sual yaran\u0131r, b\u0259s evi niy\u0259 s\u00f6k\u00fcrd\u00fcn\u00fcz?!&#8221;.<\/em><\/p>\n\n\n\n<p>X\u0259tai Bax\u0131\u015fov yada sal\u0131b ki, \u015eaiq K\u0259lbiyev 258 n\u00f6mr\u0259li PDM-in ekipaj komandiri olub:<\/p>\n\n\n\n<p>&#8220;<em>12 iyun 1993-c\u00fc ild\u0259 A\u011fdam rayonunun M\u0259rzili k\u0259ndind\u0259 bizim h\u0259rbi\u00e7il\u0259rimiz \u00fcst\u00fcnl\u00fck t\u0259\u015fkil ed\u0259n Erm\u0259nistan h\u0259rb\u00e7il\u0259ri il\u0259 d\u00f6y\u00fc\u015f\u0259 giribl\u0259r. A\u011f\u0131r itkil\u0259rd\u0259n sonra batalyonumuz M\u0259rzili, Novruzlu v\u0259 Yusifcanl\u0131 k\u0259ndl\u0259rini azad edib. 258 n\u00f6mr\u0259li PDM-in iki ekipaj \u00fczv\u00fc &#8211; \u015eaiq K\u0259lbiyev v\u0259 As\u0259f M\u00fct\u0259llimov erm\u0259ni PDM-ni q\u0259nim\u0259t kimi \u0259l\u0259 ke\u00e7iribl\u0259r, lakin h\u0259lak olublar. El\u0259 h\u0259min d\u00f6y\u00fc\u015fd\u0259 \u015eaiq K\u0259lbiyev erm\u0259ni UAZ-na topdan at\u0259\u015f a\u00e7\u0131b, n\u0259tic\u0259d\u0259 m\u0259\u015fhur erm\u0259ni terror\u00e7u Monte Melkonyan v\u0259 onun k\u00f6m\u0259k\u00e7isi \u00f6l\u00fcb. Bu q\u0259hr\u0259manl\u0131\u011f\u0131na g\u00f6r\u0259 \u015eaiq K\u0259lbiyev v\u0259 As\u0259f M\u00fct\u0259llimov &#8220;Az\u0259rbaycan Bayra\u011f\u0131&#8221; ordeni il\u0259 t\u0259ltif olundu. Bu hadis\u0259 &#8220;258 n\u00f6mr\u0259li PDM-in ekipaj\u0131&#8221; adl\u0131 s\u0259n\u0259dli filmd\u0259 \u0259trafl\u0131 t\u0259svir olunub&#8221;.<\/em><\/p>\n\n\n\n<p>&#8220;<em>Bil\u0259suvar Rayon \u0130cra Hakimiyy\u0259ti v\u0259 Sosial M\u00fcdafi\u0259 Nazirliyi t\u0259r\u0259find\u0259n \u015f\u0259hid ail\u0259sin\u0259 bel\u0259 m\u00fcnasib\u0259ti g\u00f6rm\u0259kd\u0259n utan\u0131ram. Sirr deyil ki, bu nazirlik m\u00fcharib\u0259 i\u015ftirak\u00e7\u0131lar\u0131n\u0131n ehtiyaclar\u0131na m\u0259h\u0259l qoymad\u0131\u011f\u0131na g\u00f6r\u0259 \u00e7oxdan t\u0259nqid obyektin\u0259 \u00e7evrilib. Az\u0259rbaycanda Monte Melkonyan\u0131n \u00f6ld\u00fcr\u00fclm\u0259sind\u0259 \u015eaiq K\u0259lbiyevin v\u0259 As\u0259f M\u00fct\u0259llimovun xidm\u0259tini \u00f6z ad\u0131na \u00e7\u0131xararaq onlar\u0131n qan\u0131n\u0131 tapdalayan f\u0131r\u0131ldaq\u00e7\u0131lar\u0131n olmas\u0131ndan, onlar\u0131n m\u00fckafatlar v\u0259 y\u00fcks\u0259k adlar almas\u0131ndan utan\u0131ram. \u0130nanmaq ist\u0259yir\u0259m ki, m\u00fcvafiq d\u00f6vl\u0259t qurumlar\u0131, n\u0259hay\u0259t, oyanacaqlar v\u0259 ya\u015fl\u0131 \u015f\u0259hid anas\u0131n\u0131n k\u00fcncd\u0259-bucaqda qalmaq m\u0259cburiyy\u0259tind\u0259 oldu\u011fu bu b\u0259dnam v\u0259ziyy\u0259t\u0259 son qoyacaqlar&#8221;, &#8211;<\/em> dey\u0259 polkovnik X\u0259tai Bax\u0131\u015fov bildirib.<\/p>\n\n\n\n<p>Bil\u0259suvar Rayon \u0130cra Hakimiyy\u0259tinin S\u0259n\u0259dl\u0259rl\u0259 v\u0259 v\u0259t\u0259nda\u015flarla i\u015f \u015f\u00f6b\u0259sinin m\u00fcdiri El\u015f\u0259n Aslanov Solmaz Abbasovan\u0131n evinin qeyd\u0259 al\u0131nd\u0131\u011f\u0131n\u0131 des\u0259 d\u0259, dig\u0259r m\u0259qamlar\u0131 t\u0259kzib edib:<\/p>\n\n\n\n<p><em>&#8220;Amma evi biz v\u0259 nazirlik s\u00f6km\u0259yib. Evi \u015f\u0259hid ail\u0259si \u00f6z\u00fc s\u00f6k\u00fcb. Ona g\u00f6r\u0259 d\u0259 g\u00f6zl\u0259m\u0259lidirl\u0259r&#8221;.<\/em><\/p>\n","protected":false},"excerpt":{"rendered":"<p>\u201c75 ya\u015fl\u0131 Solmaz Abbasova qohumlar\u0131n\u0131n yan\u0131nda qalmaq m\u0259cburiyy\u0259tind\u0259dir&#8221; \u201cBil\u0259suvar Rayon &#8230; <\/p>\n<p class=\"read-more-container\"><a title=\"Evsiz qalan \u015f\u0259hid anas\u0131n\u0131n m\u00fcraci\u0259tl\u0259rin\u0259 baxan yoxdur\" class=\"read-more button\" href=\"https:\/\/www.meydan.tv\/az\/article\/evsiz-qalan-sehid-anasinin-muracietlerine-baxan-yoxdur\/#more-311179\" aria-label=\"Read more about Evsiz qalan \u015f\u0259hid anas\u0131n\u0131n m\u00fcraci\u0259tl\u0259rin\u0259 baxan yoxdur\">Davam\u0131<\/a><\/p>\n","protected":false},"author":8,"featured_media":311206,"comment_status":"closed","ping_status":"closed","sticky":false,"template":"","format":"standard","meta":{"_acf_changed":false,"_sitemap_exclude":false,"_sitemap_priority":"","_sitemap_frequency":"","footnotes":""},"categories":[60,56],"tags":[],"class_list":["post-311179","post","type-post","status-publish","format-standard","has-post-thumbnail","hentry","category-bolge","category-xeberler","infinite-scroll-item","generate-columns","tablet-grid-50","mobile-grid-100","grid-parent","grid-33","no-featured-image-padding"],"acf":[],"yoast_head":"<!-- This site is optimized with the Yoast SEO plugin v27.4 - https:\/\/yoast.com\/product\/yoast-seo-wordpress\/ -->\n<title>Evsiz qalan \u015f\u0259hid anas\u0131n\u0131n m\u00fcraci\u0259tl\u0259rin\u0259 baxan yoxdur - MEYDAN.TV<\/title>\n<meta name=\"robots\" content=\"index, follow, max-snippet:-1, max-image-preview:large, max-video-preview:-1\" \/>\n<link rel=\"canonical\" href=\"https:\/\/www.meydan.tv\/az\/article\/evsiz-qalan-sehid-anasinin-muracietlerine-baxan-yoxdur\/\" \/>\n<meta property=\"og:locale\" content=\"az_AZ\" \/>\n<meta property=\"og:type\" content=\"article\" \/>\n<meta property=\"og:title\" content=\"Evsiz qalan \u015f\u0259hid anas\u0131n\u0131n m\u00fcraci\u0259tl\u0259rin\u0259 baxan yoxdur - MEYDAN.TV\" \/>\n<meta property=\"og:description\" content=\"\u201c75 ya\u015fl\u0131 Solmaz Abbasova qohumlar\u0131n\u0131n yan\u0131nda qalmaq m\u0259cburiyy\u0259tind\u0259dir&#8221; \u201cBil\u0259suvar Rayon ... Davam\u0131\" \/>\n<meta property=\"og:url\" content=\"https:\/\/www.meydan.tv\/az\/article\/evsiz-qalan-sehid-anasinin-muracietlerine-baxan-yoxdur\/\" \/>\n<meta property=\"og:site_name\" content=\"MEYDAN.TV\" \/>\n<meta property=\"article:published_time\" content=\"2024-07-24T08:18:50+00:00\" \/>\n<meta property=\"article:modified_time\" content=\"2024-07-24T08:58:57+00:00\" \/>\n<meta property=\"og:image\" content=\"https:\/\/www.meydan.tv\/wp-content\/uploads\/whatsapp-image-2024-07-24-at-12.45.32_9605a0eb.jpg\" \/>\n\t<meta property=\"og:image:width\" content=\"1200\" \/>\n\t<meta property=\"og:image:height\" content=\"900\" \/>\n\t<meta property=\"og:image:type\" content=\"image\/jpeg\" \/>\n<meta name=\"author\" content=\"elli\" \/>\n<meta name=\"twitter:card\" content=\"summary_large_image\" \/>\n<meta name=\"twitter:creator\" content=\"@elli\" \/>\n<script type=\"application\/ld+json\" class=\"yoast-schema-graph\">{\"@context\":\"https:\\\/\\\/schema.org\",\"@graph\":[{\"@type\":\"Article\",\"@id\":\"https:\\\/\\\/www.meydan.tv\\\/az\\\/article\\\/evsiz-qalan-sehid-anasinin-muracietlerine-baxan-yoxdur\\\/#article\",\"isPartOf\":{\"@id\":\"https:\\\/\\\/www.meydan.tv\\\/az\\\/article\\\/evsiz-qalan-sehid-anasinin-muracietlerine-baxan-yoxdur\\\/\"},\"author\":{\"name\":\"elli\",\"@id\":\"https:\\\/\\\/www.meydan.tv\\\/az\\\/#\\\/schema\\\/person\\\/9cdbecf90d17180ce1dfbd95b08dcf47\"},\"headline\":\"Evsiz qalan \u015f\u0259hid anas\u0131n\u0131n m\u00fcraci\u0259tl\u0259rin\u0259 baxan yoxdur\",\"datePublished\":\"2024-07-24T08:18:50+00:00\",\"dateModified\":\"2024-07-24T08:58:57+00:00\",\"mainEntityOfPage\":{\"@id\":\"https:\\\/\\\/www.meydan.tv\\\/az\\\/article\\\/evsiz-qalan-sehid-anasinin-muracietlerine-baxan-yoxdur\\\/\"},\"wordCount\":725,\"publisher\":{\"@id\":\"https:\\\/\\\/www.meydan.tv\\\/az\\\/#organization\"},\"image\":{\"@id\":\"https:\\\/\\\/www.meydan.tv\\\/az\\\/article\\\/evsiz-qalan-sehid-anasinin-muracietlerine-baxan-yoxdur\\\/#primaryimage\"},\"thumbnailUrl\":\"https:\\\/\\\/www.meydan.tv\\\/wp-content\\\/uploads\\\/whatsapp-image-2024-07-24-at-12.45.32_9605a0eb.jpg\",\"articleSection\":[\"B\u00f6lg\u0259\",\"X\u0259b\u0259rl\u0259r\"],\"inLanguage\":\"az\"},{\"@type\":\"WebPage\",\"@id\":\"https:\\\/\\\/www.meydan.tv\\\/az\\\/article\\\/evsiz-qalan-sehid-anasinin-muracietlerine-baxan-yoxdur\\\/\",\"url\":\"https:\\\/\\\/www.meydan.tv\\\/az\\\/article\\\/evsiz-qalan-sehid-anasinin-muracietlerine-baxan-yoxdur\\\/\",\"name\":\"Evsiz qalan \u015f\u0259hid anas\u0131n\u0131n m\u00fcraci\u0259tl\u0259rin\u0259 baxan yoxdur - MEYDAN.TV\",\"isPartOf\":{\"@id\":\"https:\\\/\\\/www.meydan.tv\\\/az\\\/#website\"},\"primaryImageOfPage\":{\"@id\":\"https:\\\/\\\/www.meydan.tv\\\/az\\\/article\\\/evsiz-qalan-sehid-anasinin-muracietlerine-baxan-yoxdur\\\/#primaryimage\"},\"image\":{\"@id\":\"https:\\\/\\\/www.meydan.tv\\\/az\\\/article\\\/evsiz-qalan-sehid-anasinin-muracietlerine-baxan-yoxdur\\\/#primaryimage\"},\"thumbnailUrl\":\"https:\\\/\\\/www.meydan.tv\\\/wp-content\\\/uploads\\\/whatsapp-image-2024-07-24-at-12.45.32_9605a0eb.jpg\",\"datePublished\":\"2024-07-24T08:18:50+00:00\",\"dateModified\":\"2024-07-24T08:58:57+00:00\",\"breadcrumb\":{\"@id\":\"https:\\\/\\\/www.meydan.tv\\\/az\\\/article\\\/evsiz-qalan-sehid-anasinin-muracietlerine-baxan-yoxdur\\\/#breadcrumb\"},\"inLanguage\":\"az\",\"potentialAction\":[{\"@type\":\"ReadAction\",\"target\":[\"https:\\\/\\\/www.meydan.tv\\\/az\\\/article\\\/evsiz-qalan-sehid-anasinin-muracietlerine-baxan-yoxdur\\\/\"]}]},{\"@type\":\"ImageObject\",\"inLanguage\":\"az\",\"@id\":\"https:\\\/\\\/www.meydan.tv\\\/az\\\/article\\\/evsiz-qalan-sehid-anasinin-muracietlerine-baxan-yoxdur\\\/#primaryimage\",\"url\":\"https:\\\/\\\/www.meydan.tv\\\/wp-content\\\/uploads\\\/whatsapp-image-2024-07-24-at-12.45.32_9605a0eb.jpg\",\"contentUrl\":\"https:\\\/\\\/www.meydan.tv\\\/wp-content\\\/uploads\\\/whatsapp-image-2024-07-24-at-12.45.32_9605a0eb.jpg\",\"width\":1200,\"height\":900,\"caption\":\"X\u0259tai Bax\u0131\u015fov (sa\u011fda) v\u0259 Solmaz Abbasova. Foto: \\\"Turan\\\"\"},{\"@type\":\"BreadcrumbList\",\"@id\":\"https:\\\/\\\/www.meydan.tv\\\/az\\\/article\\\/evsiz-qalan-sehid-anasinin-muracietlerine-baxan-yoxdur\\\/#breadcrumb\",\"itemListElement\":[{\"@type\":\"ListItem\",\"position\":1,\"name\":\"Ana s\u0259hif\u0259\",\"item\":\"https:\\\/\\\/www.meydan.tv\\\/az\\\/\"},{\"@type\":\"ListItem\",\"position\":2,\"name\":\"B\u00f6lg\u0259\",\"item\":\"https:\\\/\\\/www.meydan.tv\\\/az\\\/section\\\/bolge\\\/\"},{\"@type\":\"ListItem\",\"position\":3,\"name\":\"Evsiz qalan \u015f\u0259hid anas\u0131n\u0131n m\u00fcraci\u0259tl\u0259rin\u0259 baxan yoxdur\"}]},{\"@type\":\"WebSite\",\"@id\":\"https:\\\/\\\/www.meydan.tv\\\/az\\\/#website\",\"url\":\"https:\\\/\\\/www.meydan.tv\\\/az\\\/\",\"name\":\"MEYDAN.TV\",\"description\":\"Meydan TV Az\u0259rbaycan\u0131n media m\u0259kan\u0131ndak\u0131 alternativ s\u0259sidir\",\"publisher\":{\"@id\":\"https:\\\/\\\/www.meydan.tv\\\/az\\\/#organization\"},\"potentialAction\":[{\"@type\":\"SearchAction\",\"target\":{\"@type\":\"EntryPoint\",\"urlTemplate\":\"https:\\\/\\\/www.meydan.tv\\\/az\\\/?s={search_term_string}\"},\"query-input\":{\"@type\":\"PropertyValueSpecification\",\"valueRequired\":true,\"valueName\":\"search_term_string\"}}],\"inLanguage\":\"az\"},{\"@type\":\"Organization\",\"@id\":\"https:\\\/\\\/www.meydan.tv\\\/az\\\/#organization\",\"name\":\"Meydan TV\",\"url\":\"https:\\\/\\\/www.meydan.tv\\\/az\\\/\",\"logo\":{\"@type\":\"ImageObject\",\"inLanguage\":\"az\",\"@id\":\"https:\\\/\\\/www.meydan.tv\\\/az\\\/#\\\/schema\\\/logo\\\/image\\\/\",\"url\":\"https:\\\/\\\/www.meydan.tv\\\/wp-content\\\/uploads\\\/2021\\\/07\\\/meydan-logo.svg\",\"contentUrl\":\"https:\\\/\\\/www.meydan.tv\\\/wp-content\\\/uploads\\\/2021\\\/07\\\/meydan-logo.svg\",\"width\":195,\"height\":46,\"caption\":\"Meydan TV\"},\"image\":{\"@id\":\"https:\\\/\\\/www.meydan.tv\\\/az\\\/#\\\/schema\\\/logo\\\/image\\\/\"}},{\"@type\":\"Person\",\"@id\":\"https:\\\/\\\/www.meydan.tv\\\/az\\\/#\\\/schema\\\/person\\\/9cdbecf90d17180ce1dfbd95b08dcf47\",\"name\":\"elli\",\"sameAs\":[\"https:\\\/\\\/x.com\\\/elli\"]}]}<\/script>\n<!-- \/ Yoast SEO plugin. -->","yoast_head_json":{"title":"Evsiz qalan \u015f\u0259hid anas\u0131n\u0131n m\u00fcraci\u0259tl\u0259rin\u0259 baxan yoxdur - MEYDAN.TV","robots":{"index":"index","follow":"follow","max-snippet":"max-snippet:-1","max-image-preview":"max-image-preview:large","max-video-preview":"max-video-preview:-1"},"canonical":"https:\/\/www.meydan.tv\/az\/article\/evsiz-qalan-sehid-anasinin-muracietlerine-baxan-yoxdur\/","og_locale":"az_AZ","og_type":"article","og_title":"Evsiz qalan \u015f\u0259hid anas\u0131n\u0131n m\u00fcraci\u0259tl\u0259rin\u0259 baxan yoxdur - MEYDAN.TV","og_description":"\u201c75 ya\u015fl\u0131 Solmaz Abbasova qohumlar\u0131n\u0131n yan\u0131nda qalmaq m\u0259cburiyy\u0259tind\u0259dir&#8221; \u201cBil\u0259suvar Rayon ... Davam\u0131","og_url":"https:\/\/www.meydan.tv\/az\/article\/evsiz-qalan-sehid-anasinin-muracietlerine-baxan-yoxdur\/","og_site_name":"MEYDAN.TV","article_published_time":"2024-07-24T08:18:50+00:00","article_modified_time":"2024-07-24T08:58:57+00:00","og_image":[{"width":1200,"height":900,"url":"https:\/\/www.meydan.tv\/wp-content\/uploads\/whatsapp-image-2024-07-24-at-12.45.32_9605a0eb.jpg","type":"image\/jpeg"}],"author":"elli","twitter_card":"summary_large_image","twitter_creator":"@elli","schema":{"@context":"https:\/\/schema.org","@graph":[{"@type":"Article","@id":"https:\/\/www.meydan.tv\/az\/article\/evsiz-qalan-sehid-anasinin-muracietlerine-baxan-yoxdur\/#article","isPartOf":{"@id":"https:\/\/www.meydan.tv\/az\/article\/evsiz-qalan-sehid-anasinin-muracietlerine-baxan-yoxdur\/"},"author":{"name":"elli","@id":"https:\/\/www.meydan.tv\/az\/#\/schema\/person\/9cdbecf90d17180ce1dfbd95b08dcf47"},"headline":"Evsiz qalan \u015f\u0259hid anas\u0131n\u0131n m\u00fcraci\u0259tl\u0259rin\u0259 baxan yoxdur","datePublished":"2024-07-24T08:18:50+00:00","dateModified":"2024-07-24T08:58:57+00:00","mainEntityOfPage":{"@id":"https:\/\/www.meydan.tv\/az\/article\/evsiz-qalan-sehid-anasinin-muracietlerine-baxan-yoxdur\/"},"wordCount":725,"publisher":{"@id":"https:\/\/www.meydan.tv\/az\/#organization"},"image":{"@id":"https:\/\/www.meydan.tv\/az\/article\/evsiz-qalan-sehid-anasinin-muracietlerine-baxan-yoxdur\/#primaryimage"},"thumbnailUrl":"https:\/\/www.meydan.tv\/wp-content\/uploads\/whatsapp-image-2024-07-24-at-12.45.32_9605a0eb.jpg","articleSection":["B\u00f6lg\u0259","X\u0259b\u0259rl\u0259r"],"inLanguage":"az"},{"@type":"WebPage","@id":"https:\/\/www.meydan.tv\/az\/article\/evsiz-qalan-sehid-anasinin-muracietlerine-baxan-yoxdur\/","url":"https:\/\/www.meydan.tv\/az\/article\/evsiz-qalan-sehid-anasinin-muracietlerine-baxan-yoxdur\/","name":"Evsiz qalan \u015f\u0259hid anas\u0131n\u0131n m\u00fcraci\u0259tl\u0259rin\u0259 baxan yoxdur - MEYDAN.TV","isPartOf":{"@id":"https:\/\/www.meydan.tv\/az\/#website"},"primaryImageOfPage":{"@id":"https:\/\/www.meydan.tv\/az\/article\/evsiz-qalan-sehid-anasinin-muracietlerine-baxan-yoxdur\/#primaryimage"},"image":{"@id":"https:\/\/www.meydan.tv\/az\/article\/evsiz-qalan-sehid-anasinin-muracietlerine-baxan-yoxdur\/#primaryimage"},"thumbnailUrl":"https:\/\/www.meydan.tv\/wp-content\/uploads\/whatsapp-image-2024-07-24-at-12.45.32_9605a0eb.jpg","datePublished":"2024-07-24T08:18:50+00:00","dateModified":"2024-07-24T08:58:57+00:00","breadcrumb":{"@id":"https:\/\/www.meydan.tv\/az\/article\/evsiz-qalan-sehid-anasinin-muracietlerine-baxan-yoxdur\/#breadcrumb"},"inLanguage":"az","potentialAction":[{"@type":"ReadAction","target":["https:\/\/www.meydan.tv\/az\/article\/evsiz-qalan-sehid-anasinin-muracietlerine-baxan-yoxdur\/"]}]},{"@type":"ImageObject","inLanguage":"az","@id":"https:\/\/www.meydan.tv\/az\/article\/evsiz-qalan-sehid-anasinin-muracietlerine-baxan-yoxdur\/#primaryimage","url":"https:\/\/www.meydan.tv\/wp-content\/uploads\/whatsapp-image-2024-07-24-at-12.45.32_9605a0eb.jpg","contentUrl":"https:\/\/www.meydan.tv\/wp-content\/uploads\/whatsapp-image-2024-07-24-at-12.45.32_9605a0eb.jpg","width":1200,"height":900,"caption":"X\u0259tai Bax\u0131\u015fov (sa\u011fda) v\u0259 Solmaz Abbasova. Foto: \"Turan\""},{"@type":"BreadcrumbList","@id":"https:\/\/www.meydan.tv\/az\/article\/evsiz-qalan-sehid-anasinin-muracietlerine-baxan-yoxdur\/#breadcrumb","itemListElement":[{"@type":"ListItem","position":1,"name":"Ana s\u0259hif\u0259","item":"https:\/\/www.meydan.tv\/az\/"},{"@type":"ListItem","position":2,"name":"B\u00f6lg\u0259","item":"https:\/\/www.meydan.tv\/az\/section\/bolge\/"},{"@type":"ListItem","position":3,"name":"Evsiz qalan \u015f\u0259hid anas\u0131n\u0131n m\u00fcraci\u0259tl\u0259rin\u0259 baxan yoxdur"}]},{"@type":"WebSite","@id":"https:\/\/www.meydan.tv\/az\/#website","url":"https:\/\/www.meydan.tv\/az\/","name":"MEYDAN.TV","description":"Meydan TV Az\u0259rbaycan\u0131n media m\u0259kan\u0131ndak\u0131 alternativ s\u0259sidir","publisher":{"@id":"https:\/\/www.meydan.tv\/az\/#organization"},"potentialAction":[{"@type":"SearchAction","target":{"@type":"EntryPoint","urlTemplate":"https:\/\/www.meydan.tv\/az\/?s={search_term_string}"},"query-input":{"@type":"PropertyValueSpecification","valueRequired":true,"valueName":"search_term_string"}}],"inLanguage":"az"},{"@type":"Organization","@id":"https:\/\/www.meydan.tv\/az\/#organization","name":"Meydan TV","url":"https:\/\/www.meydan.tv\/az\/","logo":{"@type":"ImageObject","inLanguage":"az","@id":"https:\/\/www.meydan.tv\/az\/#\/schema\/logo\/image\/","url":"https:\/\/www.meydan.tv\/wp-content\/uploads\/2021\/07\/meydan-logo.svg","contentUrl":"https:\/\/www.meydan.tv\/wp-content\/uploads\/2021\/07\/meydan-logo.svg","width":195,"height":46,"caption":"Meydan TV"},"image":{"@id":"https:\/\/www.meydan.tv\/az\/#\/schema\/logo\/image\/"}},{"@type":"Person","@id":"https:\/\/www.meydan.tv\/az\/#\/schema\/person\/9cdbecf90d17180ce1dfbd95b08dcf47","name":"elli","sameAs":["https:\/\/x.com\/elli"]}]}},"_links":{"self":[{"href":"https:\/\/www.meydan.tv\/az\/wp-json\/wp\/v2\/posts\/311179","targetHints":{"allow":["GET"]}}],"collection":[{"href":"https:\/\/www.meydan.tv\/az\/wp-json\/wp\/v2\/posts"}],"about":[{"href":"https:\/\/www.meydan.tv\/az\/wp-json\/wp\/v2\/types\/post"}],"author":[{"embeddable":true,"href":"https:\/\/www.meydan.tv\/az\/wp-json\/wp\/v2\/users\/8"}],"replies":[{"embeddable":true,"href":"https:\/\/www.meydan.tv\/az\/wp-json\/wp\/v2\/comments?post=311179"}],"version-history":[{"count":5,"href":"https:\/\/www.meydan.tv\/az\/wp-json\/wp\/v2\/posts\/311179\/revisions"}],"predecessor-version":[{"id":311213,"href":"https:\/\/www.meydan.tv\/az\/wp-json\/wp\/v2\/posts\/311179\/revisions\/311213"}],"wp:featuredmedia":[{"embeddable":true,"href":"https:\/\/www.meydan.tv\/az\/wp-json\/wp\/v2\/media\/311206"}],"wp:attachment":[{"href":"https:\/\/www.meydan.tv\/az\/wp-json\/wp\/v2\/media?parent=311179"}],"wp:term":[{"taxonomy":"category","embeddable":true,"href":"https:\/\/www.meydan.tv\/az\/wp-json\/wp\/v2\/categories?post=311179"},{"taxonomy":"post_tag","embeddable":true,"href":"https:\/\/www.meydan.tv\/az\/wp-json\/wp\/v2\/tags?post=311179"}],"curies":[{"name":"wp","href":"https:\/\/api.w.org\/{rel}","templated":true}]}}