{"id":311162,"date":"2024-07-23T19:52:12","date_gmt":"2024-07-23T15:52:12","guid":{"rendered":"https:\/\/www.meydan.tv\/?p=311162"},"modified":"2024-07-23T19:52:14","modified_gmt":"2024-07-23T15:52:14","slug":"medera-hospitalinin-vekili-agadadas-agayevi-sakitlesdirmek-mumkun-olmayib","status":"publish","type":"post","link":"https:\/\/www.meydan.tv\/az\/article\/medera-hospitalinin-vekili-agadadas-agayevi-sakitlesdirmek-mumkun-olmayib\/","title":{"rendered":"\u201cMedEra\u201d hospital\u0131n\u0131n v\u0259kili: \u201cA\u011fadada\u015f A\u011fayevi sakitl\u0259\u015fdirm\u0259k m\u00fcmk\u00fcn olmay\u0131b\u201d"},"content":{"rendered":"\n<p><\/p>\n\n\n\n<p><strong><em>M\u00fc\u011f\u0259nni canl\u0131 yay\u0131mda dan\u0131\u015faca\u011f\u0131n\u0131 deyib<\/em><\/strong><\/p>\n\n\n\n<p>X\u0259st\u0259xanan\u0131n v\u0259kili Xeyransa Babayeva \u201cAzad Az\u0259rbaycan\u201d televiziyas\u0131n\u0131n canl\u0131 efirind\u0259 bildirib ki, A\u011fadada\u015f A\u011fayev x\u0259st\u0259xanaya iki d\u0259f\u0259 g\u0259lib v\u0259 h\u0259r ikisind\u0259 d\u0259 aqressiv olub.<\/p>\n\n\n\n<p><em>\u201cG\u00f6r\u00fcnt\u00fcl\u0259r tam deyil, q\u0131sad\u0131r. M\u0259n d\u0259 d\u00fcn\u0259n t\u0259sad\u00fcf\u0259n baxd\u0131m. A\u011fadada\u015f A\u011fayev x\u0259st\u0259xanaya girib, s\u00f6y\u00fc\u015f s\u00f6ym\u0259y\u0259 ba\u015flay\u0131b, qeyri-adekvat h\u0259r\u0259k\u0259tl\u0259r edib, \u00e7ox aqressiv olub. Onu he\u00e7 c\u00fcr sakitl\u0259\u015fdirm\u0259k m\u00fcmk\u00fcn olmay\u0131b. H\u0259tta bizim klinikan\u0131n bir \u0259m\u0259kda\u015f\u0131 var, cavan o\u011flan, onu da it\u0259l\u0259yib. A\u011fadada\u015f A\u011fayev niy\u0259 h\u0259min v\u0259ziyy\u0259td\u0259 g\u0259lib, aqressiya g\u00f6st\u0259rib, s\u0259b\u0259bini bilmirik, anlam\u0131r\u0131q, n\u0259 d\u0259 ba\u015fa d\u00fc\u015fm\u00fcr\u00fck. X\u0259st\u0259xanaya ikinci d\u0259f\u0259 is\u0259 \u0259lind\u0259 balta il\u0259 qay\u0131d\u0131b\u201d<\/em>, &#8211; x\u0259st\u0259xanan\u0131n v\u0259kili efird\u0259 deyib.<\/p>\n\n\n\n<p>Bildirilib ki, hadis\u0259 iyulun 22-d\u0259 s\u0259h\u0259r saat 7 rad\u0259l\u0259rind\u0259 ba\u015f verib. Bin\u0259q\u0259di Rayon Polis \u0130dar\u0259sind\u0259 A\u011fadada\u015f A\u011fayevl\u0259 ba\u011fl\u0131 ara\u015fd\u0131rma ba\u015flay\u0131b. Ondan x\u0259st\u0259xanan\u0131n g\u00f6z\u0259t\u00e7isi N.C\u0259lilov \u015fikay\u0259t edib N.C\u0259lilov iddia edib ki, A\u011fadada\u015f A\u011fayev onu s\u00f6y\u00fcb, balta il\u0259 h\u0259d\u0259l\u0259yib. \u015eikay\u0259t\u00e7inin s\u00f6zl\u0259rin\u0259 g\u00f6r\u0259, 68 ya\u015fl\u0131 m\u00fc\u011f\u0259nni ona balta at\u0131b. Amma balta ona yox, yan\u0131ndak\u0131 qad\u0131n\u0131n aya\u011f\u0131na d\u0259yib. <\/p>\n\n\n\n<p>Daxili \u0130\u015fl\u0259r Nazirliyinin m\u0259tbuat xidm\u0259ti polis idar\u0259sind\u0259 bel\u0259 bir \u015fikay\u0259tl\u0259 ba\u011fl\u0131 ara\u015fd\u0131rma apar\u0131ld\u0131\u011f\u0131n\u0131 <a href=\"https:\/\/d9mc3ts4czbpr.cloudfront.net\/az\/article\/agadadas-agayevin-balta-ile-birini-yaraladigi-iddia-olunur\/\" target=\"_blank\" rel=\"noreferrer noopener\">t\u0259sdiql\u0259yib<\/a>.\u00a0<\/p>\n\n\n\n<p>Sosial \u015f\u0259b\u0259k\u0259l\u0259rd\u0259 yay\u0131lan dig\u0259r <a href=\"https:\/\/www.facebook.com\/mahammadali.qaribli\/posts\/7833695980082427?ref=embed_post\" target=\"_blank\" rel=\"noreferrer noopener\">m\u0259lumatlarda<\/a> iddia olunur ki, h\u0259min x\u0259st\u0259xanan\u0131n yax\u0131nl\u0131\u011f\u0131nda ya\u015fayan A\u011fadada\u015f A\u011fayev bir ne\u00e7\u0259 g\u00fcn \u00f6nc\u0259 qula\u011f\u0131ndan \u0259m\u0259liyyat olunubmu\u015f.\u00a0\u00a0Hadis\u0259 ba\u015f ver\u0259n g\u00fcn o, h\u0259y\u0259tinin qap\u0131s\u0131n\u0131 a\u00e7\u0131b, x\u0259st\u0259xanan\u0131n g\u00f6z\u0259t\u00e7isind\u0259n tibb bac\u0131s\u0131 \u00e7a\u011f\u0131rmas\u0131n\u0131 ist\u0259yib ki, qula\u011f\u0131na baxs\u0131n. G\u00f6z\u0259t\u00e7inin is\u0259 cavab\u0131nda <em>\u201cm\u0259n niy\u0259 \u00e7a\u011f\u0131r\u0131ram, get, \u00f6z\u00fcn \u00e7a\u011f\u0131r\u201d<\/em>, &#8211; dediyi bildirilir. N\u0259tic\u0259d\u0259 m\u00fcbahis\u0259 davaya \u00e7evrilib. \u0130ddia olunur ki, g\u00f6z\u0259t\u00e7i A\u011fadada\u015f A\u011fayevi d\u00f6y\u00fcb. Sonra A\u011fadada\u015f A\u011fayev evd\u0259n balta g\u00f6t\u00fcr\u00fcb v\u0259 d\u00fc\u015f\u00fcb onu d\u00f6y\u0259n m\u00fchafiz\u0259\u00e7inin ard\u0131na. Baltan\u0131 atanda ba\u015fqa bir adama d\u0259yib. Daha sonra sosial \u015f\u0259b\u0259k\u0259l\u0259rd\u0259 hadis\u0259nin video-g\u00f6r\u00fcnt\u00fcl\u0259ri <a href=\"https:\/\/www.instagram.com\/p\/C9wzsOBo2B-\/\" target=\"_blank\" rel=\"noreferrer noopener\">yay\u0131l\u0131b<\/a>.\u00a0<\/p>\n\n\n\n<p>X\u0259st\u0259xanan\u0131n v\u0259kili Xeyransa Abdullayeva is\u0259 g\u00f6r\u00fcnt\u00fcl\u0259rin x\u0259st\u0259xanan\u0131n kameralar\u0131na aid oldu\u011funu, lakin sosial \u015f\u0259b\u0259k\u0259l\u0259rd\u0259 nec\u0259 yay\u0131lmas\u0131ndan x\u0259b\u0259rsiz olduqlar\u0131n\u0131 bildirib. M\u0259s\u0259l\u0259 il\u0259 \u0259laq\u0259dar APA-ya dan\u0131\u015fan A\u011fadada\u015f A\u011fayev <em>\u201cB\u00f6y\u00fcd\u00fcl\u0259c\u0259k bir hadis\u0259 deyil. H\u0259r \u015fey yolundad\u0131r, b\u0259lk\u0259 ax\u015fam canl\u0131 yay\u0131m a\u00e7d\u0131m. Orada a\u00e7\u0131qlama ver\u0259c\u0259y\u0259m\u201d<\/em>, &#8211; deyib.<\/p>\n","protected":false},"excerpt":{"rendered":"<p>M\u00fc\u011f\u0259nni canl\u0131 yay\u0131mda dan\u0131\u015faca\u011f\u0131n\u0131 deyib X\u0259st\u0259xanan\u0131n v\u0259kili Xeyransa Babayeva \u201cAzad &#8230; <\/p>\n<p class=\"read-more-container\"><a title=\"\u201cMedEra\u201d hospital\u0131n\u0131n v\u0259kili: \u201cA\u011fadada\u015f A\u011fayevi sakitl\u0259\u015fdirm\u0259k m\u00fcmk\u00fcn olmay\u0131b\u201d\" class=\"read-more button\" href=\"https:\/\/www.meydan.tv\/az\/article\/medera-hospitalinin-vekili-agadadas-agayevi-sakitlesdirmek-mumkun-olmayib\/#more-311162\" aria-label=\"Read more about \u201cMedEra\u201d hospital\u0131n\u0131n v\u0259kili: \u201cA\u011fadada\u015f A\u011fayevi sakitl\u0259\u015fdirm\u0259k m\u00fcmk\u00fcn olmay\u0131b\u201d\">Davam\u0131<\/a><\/p>\n","protected":false},"author":21,"featured_media":311163,"comment_status":"closed","ping_status":"closed","sticky":false,"template":"","format":"standard","meta":{"_acf_changed":false,"_sitemap_exclude":false,"_sitemap_priority":"","_sitemap_frequency":"","footnotes":""},"categories":[62,56],"tags":[],"class_list":["post-311162","post","type-post","status-publish","format-standard","has-post-thumbnail","hentry","category-sosial","category-xeberler","infinite-scroll-item","generate-columns","tablet-grid-50","mobile-grid-100","grid-parent","grid-33","no-featured-image-padding"],"acf":[],"yoast_head":"<!-- This site is optimized with the Yoast SEO plugin v27.5 - https:\/\/yoast.com\/product\/yoast-seo-wordpress\/ -->\n<title>\u201cA\u011fadada\u015f A\u011fayevi sakitl\u0259\u015fdirm\u0259k m\u00fcmk\u00fcn olmay\u0131b\u201d<\/title>\n<meta name=\"description\" content=\"\u201cMedEra\u201d hospital\u0131 Xalq artisti, m\u00fc\u011f\u0259nni A\u011fadada\u015f A\u011fayevl\u0259 h\u0259min x\u0259st\u0259xanan\u0131n g\u00f6z\u0259t\u00e7isi N.C\u0259lilov aras\u0131nda ya\u015fanan insident\u0259 m\u00fcnasib\u0259t bildirib.\" \/>\n<meta name=\"robots\" content=\"index, follow, max-snippet:-1, max-image-preview:large, max-video-preview:-1\" \/>\n<link rel=\"canonical\" href=\"https:\/\/www.meydan.tv\/az\/article\/medera-hospitalinin-vekili-agadadas-agayevi-sakitlesdirmek-mumkun-olmayib\/\" \/>\n<meta property=\"og:locale\" content=\"az_AZ\" \/>\n<meta property=\"og:type\" content=\"article\" \/>\n<meta property=\"og:title\" content=\"\u201cA\u011fadada\u015f A\u011fayevi sakitl\u0259\u015fdirm\u0259k m\u00fcmk\u00fcn olmay\u0131b\u201d\" \/>\n<meta property=\"og:description\" content=\"\u201cMedEra\u201d hospital\u0131 Xalq artisti, m\u00fc\u011f\u0259nni A\u011fadada\u015f A\u011fayevl\u0259 h\u0259min x\u0259st\u0259xanan\u0131n g\u00f6z\u0259t\u00e7isi N.C\u0259lilov aras\u0131nda ya\u015fanan insident\u0259 m\u00fcnasib\u0259t bildirib.\" \/>\n<meta property=\"og:url\" content=\"https:\/\/www.meydan.tv\/az\/article\/medera-hospitalinin-vekili-agadadas-agayevi-sakitlesdirmek-mumkun-olmayib\/\" \/>\n<meta property=\"og:site_name\" content=\"MEYDAN.TV\" \/>\n<meta property=\"article:published_time\" content=\"2024-07-23T15:52:12+00:00\" \/>\n<meta property=\"article:modified_time\" content=\"2024-07-23T15:52:14+00:00\" \/>\n<meta property=\"og:image\" content=\"https:\/\/www.meydan.tv\/wp-content\/uploads\/unnamed-15.jpg\" \/>\n\t<meta property=\"og:image:width\" content=\"900\" \/>\n\t<meta property=\"og:image:height\" content=\"900\" \/>\n\t<meta property=\"og:image:type\" content=\"image\/jpeg\" \/>\n<meta name=\"author\" content=\"mahmud\" \/>\n<meta name=\"twitter:card\" content=\"summary_large_image\" \/>\n<script type=\"application\/ld+json\" class=\"yoast-schema-graph\">{\"@context\":\"https:\\\/\\\/schema.org\",\"@graph\":[{\"@type\":\"Article\",\"@id\":\"https:\\\/\\\/www.meydan.tv\\\/az\\\/article\\\/medera-hospitalinin-vekili-agadadas-agayevi-sakitlesdirmek-mumkun-olmayib\\\/#article\",\"isPartOf\":{\"@id\":\"https:\\\/\\\/www.meydan.tv\\\/az\\\/article\\\/medera-hospitalinin-vekili-agadadas-agayevi-sakitlesdirmek-mumkun-olmayib\\\/\"},\"author\":{\"name\":\"mahmud\",\"@id\":\"https:\\\/\\\/www.meydan.tv\\\/az\\\/#\\\/schema\\\/person\\\/09863e516102a829e72bedcf3f84c6b0\"},\"headline\":\"\u201cMedEra\u201d hospital\u0131n\u0131n v\u0259kili: \u201cA\u011fadada\u015f A\u011fayevi sakitl\u0259\u015fdirm\u0259k m\u00fcmk\u00fcn olmay\u0131b\u201d\",\"datePublished\":\"2024-07-23T15:52:12+00:00\",\"dateModified\":\"2024-07-23T15:52:14+00:00\",\"mainEntityOfPage\":{\"@id\":\"https:\\\/\\\/www.meydan.tv\\\/az\\\/article\\\/medera-hospitalinin-vekili-agadadas-agayevi-sakitlesdirmek-mumkun-olmayib\\\/\"},\"wordCount\":569,\"publisher\":{\"@id\":\"https:\\\/\\\/www.meydan.tv\\\/az\\\/#organization\"},\"image\":{\"@id\":\"https:\\\/\\\/www.meydan.tv\\\/az\\\/article\\\/medera-hospitalinin-vekili-agadadas-agayevi-sakitlesdirmek-mumkun-olmayib\\\/#primaryimage\"},\"thumbnailUrl\":\"https:\\\/\\\/www.meydan.tv\\\/wp-content\\\/uploads\\\/unnamed-15.jpg\",\"articleSection\":[\"Sosial\",\"X\u0259b\u0259rl\u0259r\"],\"inLanguage\":\"az\"},{\"@type\":\"WebPage\",\"@id\":\"https:\\\/\\\/www.meydan.tv\\\/az\\\/article\\\/medera-hospitalinin-vekili-agadadas-agayevi-sakitlesdirmek-mumkun-olmayib\\\/\",\"url\":\"https:\\\/\\\/www.meydan.tv\\\/az\\\/article\\\/medera-hospitalinin-vekili-agadadas-agayevi-sakitlesdirmek-mumkun-olmayib\\\/\",\"name\":\"\u201cA\u011fadada\u015f A\u011fayevi sakitl\u0259\u015fdirm\u0259k m\u00fcmk\u00fcn olmay\u0131b\u201d\",\"isPartOf\":{\"@id\":\"https:\\\/\\\/www.meydan.tv\\\/az\\\/#website\"},\"primaryImageOfPage\":{\"@id\":\"https:\\\/\\\/www.meydan.tv\\\/az\\\/article\\\/medera-hospitalinin-vekili-agadadas-agayevi-sakitlesdirmek-mumkun-olmayib\\\/#primaryimage\"},\"image\":{\"@id\":\"https:\\\/\\\/www.meydan.tv\\\/az\\\/article\\\/medera-hospitalinin-vekili-agadadas-agayevi-sakitlesdirmek-mumkun-olmayib\\\/#primaryimage\"},\"thumbnailUrl\":\"https:\\\/\\\/www.meydan.tv\\\/wp-content\\\/uploads\\\/unnamed-15.jpg\",\"datePublished\":\"2024-07-23T15:52:12+00:00\",\"dateModified\":\"2024-07-23T15:52:14+00:00\",\"description\":\"\u201cMedEra\u201d hospital\u0131 Xalq artisti, m\u00fc\u011f\u0259nni A\u011fadada\u015f A\u011fayevl\u0259 h\u0259min x\u0259st\u0259xanan\u0131n g\u00f6z\u0259t\u00e7isi N.C\u0259lilov aras\u0131nda ya\u015fanan insident\u0259 m\u00fcnasib\u0259t bildirib.\",\"breadcrumb\":{\"@id\":\"https:\\\/\\\/www.meydan.tv\\\/az\\\/article\\\/medera-hospitalinin-vekili-agadadas-agayevi-sakitlesdirmek-mumkun-olmayib\\\/#breadcrumb\"},\"inLanguage\":\"az\",\"potentialAction\":[{\"@type\":\"ReadAction\",\"target\":[\"https:\\\/\\\/www.meydan.tv\\\/az\\\/article\\\/medera-hospitalinin-vekili-agadadas-agayevi-sakitlesdirmek-mumkun-olmayib\\\/\"]}]},{\"@type\":\"ImageObject\",\"inLanguage\":\"az\",\"@id\":\"https:\\\/\\\/www.meydan.tv\\\/az\\\/article\\\/medera-hospitalinin-vekili-agadadas-agayevi-sakitlesdirmek-mumkun-olmayib\\\/#primaryimage\",\"url\":\"https:\\\/\\\/www.meydan.tv\\\/wp-content\\\/uploads\\\/unnamed-15.jpg\",\"contentUrl\":\"https:\\\/\\\/www.meydan.tv\\\/wp-content\\\/uploads\\\/unnamed-15.jpg\",\"width\":900,\"height\":900,\"caption\":\"Foto: A\u011fadada\u015f A\u011fayevin \\\"Youtube\\\" s\u0259hif\u0259si\"},{\"@type\":\"BreadcrumbList\",\"@id\":\"https:\\\/\\\/www.meydan.tv\\\/az\\\/article\\\/medera-hospitalinin-vekili-agadadas-agayevi-sakitlesdirmek-mumkun-olmayib\\\/#breadcrumb\",\"itemListElement\":[{\"@type\":\"ListItem\",\"position\":1,\"name\":\"Ana s\u0259hif\u0259\",\"item\":\"https:\\\/\\\/www.meydan.tv\\\/az\\\/\"},{\"@type\":\"ListItem\",\"position\":2,\"name\":\"Sosial\",\"item\":\"https:\\\/\\\/www.meydan.tv\\\/az\\\/section\\\/sosial\\\/\"},{\"@type\":\"ListItem\",\"position\":3,\"name\":\"\u201cMedEra\u201d hospital\u0131n\u0131n v\u0259kili: \u201cA\u011fadada\u015f A\u011fayevi sakitl\u0259\u015fdirm\u0259k m\u00fcmk\u00fcn olmay\u0131b\u201d\"}]},{\"@type\":\"WebSite\",\"@id\":\"https:\\\/\\\/www.meydan.tv\\\/az\\\/#website\",\"url\":\"https:\\\/\\\/www.meydan.tv\\\/az\\\/\",\"name\":\"MEYDAN.TV\",\"description\":\"Meydan TV Az\u0259rbaycan\u0131n media m\u0259kan\u0131ndak\u0131 alternativ s\u0259sidir\",\"publisher\":{\"@id\":\"https:\\\/\\\/www.meydan.tv\\\/az\\\/#organization\"},\"potentialAction\":[{\"@type\":\"SearchAction\",\"target\":{\"@type\":\"EntryPoint\",\"urlTemplate\":\"https:\\\/\\\/www.meydan.tv\\\/az\\\/?s={search_term_string}\"},\"query-input\":{\"@type\":\"PropertyValueSpecification\",\"valueRequired\":true,\"valueName\":\"search_term_string\"}}],\"inLanguage\":\"az\"},{\"@type\":\"Organization\",\"@id\":\"https:\\\/\\\/www.meydan.tv\\\/az\\\/#organization\",\"name\":\"Meydan TV\",\"url\":\"https:\\\/\\\/www.meydan.tv\\\/az\\\/\",\"logo\":{\"@type\":\"ImageObject\",\"inLanguage\":\"az\",\"@id\":\"https:\\\/\\\/www.meydan.tv\\\/az\\\/#\\\/schema\\\/logo\\\/image\\\/\",\"url\":\"https:\\\/\\\/www.meydan.tv\\\/wp-content\\\/uploads\\\/2021\\\/07\\\/meydan-logo.svg\",\"contentUrl\":\"https:\\\/\\\/www.meydan.tv\\\/wp-content\\\/uploads\\\/2021\\\/07\\\/meydan-logo.svg\",\"width\":195,\"height\":46,\"caption\":\"Meydan TV\"},\"image\":{\"@id\":\"https:\\\/\\\/www.meydan.tv\\\/az\\\/#\\\/schema\\\/logo\\\/image\\\/\"}},{\"@type\":\"Person\",\"@id\":\"https:\\\/\\\/www.meydan.tv\\\/az\\\/#\\\/schema\\\/person\\\/09863e516102a829e72bedcf3f84c6b0\",\"name\":\"mahmud\"}]}<\/script>\n<!-- \/ Yoast SEO plugin. -->","yoast_head_json":{"title":"\u201cA\u011fadada\u015f A\u011fayevi sakitl\u0259\u015fdirm\u0259k m\u00fcmk\u00fcn olmay\u0131b\u201d","description":"\u201cMedEra\u201d hospital\u0131 Xalq artisti, m\u00fc\u011f\u0259nni A\u011fadada\u015f A\u011fayevl\u0259 h\u0259min x\u0259st\u0259xanan\u0131n g\u00f6z\u0259t\u00e7isi N.C\u0259lilov aras\u0131nda ya\u015fanan insident\u0259 m\u00fcnasib\u0259t bildirib.","robots":{"index":"index","follow":"follow","max-snippet":"max-snippet:-1","max-image-preview":"max-image-preview:large","max-video-preview":"max-video-preview:-1"},"canonical":"https:\/\/www.meydan.tv\/az\/article\/medera-hospitalinin-vekili-agadadas-agayevi-sakitlesdirmek-mumkun-olmayib\/","og_locale":"az_AZ","og_type":"article","og_title":"\u201cA\u011fadada\u015f A\u011fayevi sakitl\u0259\u015fdirm\u0259k m\u00fcmk\u00fcn olmay\u0131b\u201d","og_description":"\u201cMedEra\u201d hospital\u0131 Xalq artisti, m\u00fc\u011f\u0259nni A\u011fadada\u015f A\u011fayevl\u0259 h\u0259min x\u0259st\u0259xanan\u0131n g\u00f6z\u0259t\u00e7isi N.C\u0259lilov aras\u0131nda ya\u015fanan insident\u0259 m\u00fcnasib\u0259t bildirib.","og_url":"https:\/\/www.meydan.tv\/az\/article\/medera-hospitalinin-vekili-agadadas-agayevi-sakitlesdirmek-mumkun-olmayib\/","og_site_name":"MEYDAN.TV","article_published_time":"2024-07-23T15:52:12+00:00","article_modified_time":"2024-07-23T15:52:14+00:00","og_image":[{"width":900,"height":900,"url":"https:\/\/www.meydan.tv\/wp-content\/uploads\/unnamed-15.jpg","type":"image\/jpeg"}],"author":"mahmud","twitter_card":"summary_large_image","schema":{"@context":"https:\/\/schema.org","@graph":[{"@type":"Article","@id":"https:\/\/www.meydan.tv\/az\/article\/medera-hospitalinin-vekili-agadadas-agayevi-sakitlesdirmek-mumkun-olmayib\/#article","isPartOf":{"@id":"https:\/\/www.meydan.tv\/az\/article\/medera-hospitalinin-vekili-agadadas-agayevi-sakitlesdirmek-mumkun-olmayib\/"},"author":{"name":"mahmud","@id":"https:\/\/www.meydan.tv\/az\/#\/schema\/person\/09863e516102a829e72bedcf3f84c6b0"},"headline":"\u201cMedEra\u201d hospital\u0131n\u0131n v\u0259kili: \u201cA\u011fadada\u015f A\u011fayevi sakitl\u0259\u015fdirm\u0259k m\u00fcmk\u00fcn olmay\u0131b\u201d","datePublished":"2024-07-23T15:52:12+00:00","dateModified":"2024-07-23T15:52:14+00:00","mainEntityOfPage":{"@id":"https:\/\/www.meydan.tv\/az\/article\/medera-hospitalinin-vekili-agadadas-agayevi-sakitlesdirmek-mumkun-olmayib\/"},"wordCount":569,"publisher":{"@id":"https:\/\/www.meydan.tv\/az\/#organization"},"image":{"@id":"https:\/\/www.meydan.tv\/az\/article\/medera-hospitalinin-vekili-agadadas-agayevi-sakitlesdirmek-mumkun-olmayib\/#primaryimage"},"thumbnailUrl":"https:\/\/www.meydan.tv\/wp-content\/uploads\/unnamed-15.jpg","articleSection":["Sosial","X\u0259b\u0259rl\u0259r"],"inLanguage":"az"},{"@type":"WebPage","@id":"https:\/\/www.meydan.tv\/az\/article\/medera-hospitalinin-vekili-agadadas-agayevi-sakitlesdirmek-mumkun-olmayib\/","url":"https:\/\/www.meydan.tv\/az\/article\/medera-hospitalinin-vekili-agadadas-agayevi-sakitlesdirmek-mumkun-olmayib\/","name":"\u201cA\u011fadada\u015f A\u011fayevi sakitl\u0259\u015fdirm\u0259k m\u00fcmk\u00fcn olmay\u0131b\u201d","isPartOf":{"@id":"https:\/\/www.meydan.tv\/az\/#website"},"primaryImageOfPage":{"@id":"https:\/\/www.meydan.tv\/az\/article\/medera-hospitalinin-vekili-agadadas-agayevi-sakitlesdirmek-mumkun-olmayib\/#primaryimage"},"image":{"@id":"https:\/\/www.meydan.tv\/az\/article\/medera-hospitalinin-vekili-agadadas-agayevi-sakitlesdirmek-mumkun-olmayib\/#primaryimage"},"thumbnailUrl":"https:\/\/www.meydan.tv\/wp-content\/uploads\/unnamed-15.jpg","datePublished":"2024-07-23T15:52:12+00:00","dateModified":"2024-07-23T15:52:14+00:00","description":"\u201cMedEra\u201d hospital\u0131 Xalq artisti, m\u00fc\u011f\u0259nni A\u011fadada\u015f A\u011fayevl\u0259 h\u0259min x\u0259st\u0259xanan\u0131n g\u00f6z\u0259t\u00e7isi N.C\u0259lilov aras\u0131nda ya\u015fanan insident\u0259 m\u00fcnasib\u0259t bildirib.","breadcrumb":{"@id":"https:\/\/www.meydan.tv\/az\/article\/medera-hospitalinin-vekili-agadadas-agayevi-sakitlesdirmek-mumkun-olmayib\/#breadcrumb"},"inLanguage":"az","potentialAction":[{"@type":"ReadAction","target":["https:\/\/www.meydan.tv\/az\/article\/medera-hospitalinin-vekili-agadadas-agayevi-sakitlesdirmek-mumkun-olmayib\/"]}]},{"@type":"ImageObject","inLanguage":"az","@id":"https:\/\/www.meydan.tv\/az\/article\/medera-hospitalinin-vekili-agadadas-agayevi-sakitlesdirmek-mumkun-olmayib\/#primaryimage","url":"https:\/\/www.meydan.tv\/wp-content\/uploads\/unnamed-15.jpg","contentUrl":"https:\/\/www.meydan.tv\/wp-content\/uploads\/unnamed-15.jpg","width":900,"height":900,"caption":"Foto: A\u011fadada\u015f A\u011fayevin \"Youtube\" s\u0259hif\u0259si"},{"@type":"BreadcrumbList","@id":"https:\/\/www.meydan.tv\/az\/article\/medera-hospitalinin-vekili-agadadas-agayevi-sakitlesdirmek-mumkun-olmayib\/#breadcrumb","itemListElement":[{"@type":"ListItem","position":1,"name":"Ana s\u0259hif\u0259","item":"https:\/\/www.meydan.tv\/az\/"},{"@type":"ListItem","position":2,"name":"Sosial","item":"https:\/\/www.meydan.tv\/az\/section\/sosial\/"},{"@type":"ListItem","position":3,"name":"\u201cMedEra\u201d hospital\u0131n\u0131n v\u0259kili: \u201cA\u011fadada\u015f A\u011fayevi sakitl\u0259\u015fdirm\u0259k m\u00fcmk\u00fcn olmay\u0131b\u201d"}]},{"@type":"WebSite","@id":"https:\/\/www.meydan.tv\/az\/#website","url":"https:\/\/www.meydan.tv\/az\/","name":"MEYDAN.TV","description":"Meydan TV Az\u0259rbaycan\u0131n media m\u0259kan\u0131ndak\u0131 alternativ s\u0259sidir","publisher":{"@id":"https:\/\/www.meydan.tv\/az\/#organization"},"potentialAction":[{"@type":"SearchAction","target":{"@type":"EntryPoint","urlTemplate":"https:\/\/www.meydan.tv\/az\/?s={search_term_string}"},"query-input":{"@type":"PropertyValueSpecification","valueRequired":true,"valueName":"search_term_string"}}],"inLanguage":"az"},{"@type":"Organization","@id":"https:\/\/www.meydan.tv\/az\/#organization","name":"Meydan TV","url":"https:\/\/www.meydan.tv\/az\/","logo":{"@type":"ImageObject","inLanguage":"az","@id":"https:\/\/www.meydan.tv\/az\/#\/schema\/logo\/image\/","url":"https:\/\/www.meydan.tv\/wp-content\/uploads\/2021\/07\/meydan-logo.svg","contentUrl":"https:\/\/www.meydan.tv\/wp-content\/uploads\/2021\/07\/meydan-logo.svg","width":195,"height":46,"caption":"Meydan TV"},"image":{"@id":"https:\/\/www.meydan.tv\/az\/#\/schema\/logo\/image\/"}},{"@type":"Person","@id":"https:\/\/www.meydan.tv\/az\/#\/schema\/person\/09863e516102a829e72bedcf3f84c6b0","name":"mahmud"}]}},"_links":{"self":[{"href":"https:\/\/www.meydan.tv\/az\/wp-json\/wp\/v2\/posts\/311162","targetHints":{"allow":["GET"]}}],"collection":[{"href":"https:\/\/www.meydan.tv\/az\/wp-json\/wp\/v2\/posts"}],"about":[{"href":"https:\/\/www.meydan.tv\/az\/wp-json\/wp\/v2\/types\/post"}],"author":[{"embeddable":true,"href":"https:\/\/www.meydan.tv\/az\/wp-json\/wp\/v2\/users\/21"}],"replies":[{"embeddable":true,"href":"https:\/\/www.meydan.tv\/az\/wp-json\/wp\/v2\/comments?post=311162"}],"version-history":[{"count":1,"href":"https:\/\/www.meydan.tv\/az\/wp-json\/wp\/v2\/posts\/311162\/revisions"}],"predecessor-version":[{"id":311166,"href":"https:\/\/www.meydan.tv\/az\/wp-json\/wp\/v2\/posts\/311162\/revisions\/311166"}],"wp:featuredmedia":[{"embeddable":true,"href":"https:\/\/www.meydan.tv\/az\/wp-json\/wp\/v2\/media\/311163"}],"wp:attachment":[{"href":"https:\/\/www.meydan.tv\/az\/wp-json\/wp\/v2\/media?parent=311162"}],"wp:term":[{"taxonomy":"category","embeddable":true,"href":"https:\/\/www.meydan.tv\/az\/wp-json\/wp\/v2\/categories?post=311162"},{"taxonomy":"post_tag","embeddable":true,"href":"https:\/\/www.meydan.tv\/az\/wp-json\/wp\/v2\/tags?post=311162"}],"curies":[{"name":"wp","href":"https:\/\/api.w.org\/{rel}","templated":true}]}}