{"id":311073,"date":"2024-07-23T11:22:25","date_gmt":"2024-07-23T07:22:25","guid":{"rendered":"https:\/\/www.meydan.tv\/?p=311073"},"modified":"2024-07-23T11:30:50","modified_gmt":"2024-07-23T07:30:50","slug":"qudret-ezizov-avtos-yeniyetmenin-surduyu-avtomobilin-ona-mexsus-olmadigini-deyir","status":"publish","type":"post","link":"https:\/\/www.meydan.tv\/az\/article\/qudret-ezizov-avtos-yeniyetmenin-surduyu-avtomobilin-ona-mexsus-olmadigini-deyir\/","title":{"rendered":"Q\u00fcdr\u0259t \u018fzizov \u201cavto\u015f\u201d yeniyetm\u0259nin s\u00fcrd\u00fcy\u00fc avtomobilin ona m\u0259xsus olmad\u0131\u011f\u0131n\u0131 deyir"},"content":{"rendered":"\n<p><\/p>\n\n\n\n<p>\u201c<strong><em>Bunlar\u0131n m\u0259nim atamla he\u00e7 bir \u0259laq\u0259si yoxdur\u201d<\/em><\/strong><\/p>\n\n\n\n<p>Ad\u0131 Meydan TV-d\u0259 yay\u0131mlanan \u201c\u201cAvto\u015f\u201d yeniyetm\u0259l\u0259r kiml\u0259rin \u00f6vladlar\u0131d\u0131r?\u201d&nbsp; adl\u0131 <a href=\"https:\/\/www.meydan.tv\/az\/article\/avtos-yeniyetmeler-kimlerin-ovladlaridir\/#more-310763\" target=\"_blank\" rel=\"noreferrer noopener\">ara\u015fd\u0131rmada<\/a> ad\u0131 \u00e7\u0259kil\u0259n avtomobil sahibl\u0259rind\u0259n biri &#8211; Q\u00fcdr\u0259t V\u0259sad\u0259t o\u011flu \u018fzizov \u201c10OK333\u2033 d\u00f6vl\u0259t ni\u015fanl\u0131 avtomobilin ona m\u0259xsus olmad\u0131\u011f\u0131n\u0131 deyir.<\/p>\n\n\n\n<p>Yaz\u0131 d\u0259rc olunduqdan sonra Meydan TV il\u0259 \u0259laq\u0259 saxlayan Q\u00fcdr\u0259t \u018fzizov bildirib ki, h\u0259min n\u00f6mr\u0259 vaxtil\u0259 onun ad\u0131na olub, &#8220;Jiqili VAZ2106&#8221; markal\u0131 avtomobilin \u00fcz\u0259rin\u0259 vurulub:<\/p>\n\n\n\n<p><em>&#8220;Qrup yolda\u015f\u0131m s\u00fcr\u00fcb o ma\u015f\u0131n\u0131. Sonra n\u00f6mr\u0259 il\u0259 b\u0259rab\u0259r etibarnam\u0259 il\u0259 sat\u0131b bir ba\u015fqas\u0131na. H\u0259min sizin b\u0259hs etdiyiniz \u201cMaseratti\u201dnin sahibin\u0259. M\u0259n 10 ild\u0259n art\u0131qd\u0131r ki, AB\u015e-da ya\u015fay\u0131ram. Az\u0259rbaycana da bu ill\u0259r \u0259rzind\u0259 2-3 d\u0259f\u0259 getmi\u015f\u0259m, v\u0259ssalam. O n\u00f6mr\u0259nin d\u0259, videoda b\u0259hsi ke\u00e7\u0259n avtomobilin d\u0259 m\u0259n\u0259 aidiyyat\u0131 yoxdur\u201d<\/em>.<\/p>\n\n\n\n<p>Lakin o, n\u00f6mr\u0259ni alan \u015f\u0259xsin kimliyini a\u00e7\u0131qlamay\u0131b.<\/p>\n\n\n\n<p>Q\u00fcdr\u0259t \u018fzizov &#8220;AUTO.AZ GROUP&#8221; MMC \u015firk\u0259tinin sahibi olmad\u0131\u011f\u0131n\u0131 da deyib:<\/p>\n\n\n\n<p>\u201c<em>A\u00e7\u0131\u011f\u0131 siz\u0259 deyim ki, \u015firk\u0259tin sahibi qarda\u015f\u0131m olub, amma m\u0259n olmam\u0131\u015fam. R\u0259fael \u018fzizovdan b\u0259hs edir\u0259m. O da xeyli m\u00fcdd\u0259tdir AB\u015e-da ya\u015fay\u0131r. Biz ham\u0131m\u0131z bura immiqrasiya etmi\u015fik. M\u0259n n\u0259 t\u0259sis\u00e7isi olmu\u015fam, n\u0259 d\u0259 t\u0259msil\u00e7isi. Qarda\u015f\u0131ma bu y\u00f6nd\u0259 k\u00f6m\u0259k d\u0259 etm\u0259mi\u015f\u0259m. Orada F\u0259rid R\u00fcst\u0259movla qarda\u015f\u0131m R\u0259faelin ad\u0131na olub, h\u0259mt\u0259sis\u00e7i kimi olublar. Sonradan tam F\u0259ridin ad\u0131na ke\u00e7ib\u201d.<\/em>\u200b<\/p>\n\n\n\n<p>\u201c<em>Bunlar\u0131n m\u0259nim atam\u0131n I \u00e7a\u011f\u0131r\u0131\u015fda deputat olmas\u0131 il\u0259 he\u00e7 bir \u0259laq\u0259si yoxdur. M\u0259nim atam alimdir. \u015e\u0259rhl\u0259r\u0259 baxd\u0131m, yaz\u0131rlar: &#8220;Xalq\u0131n qan\u0131n\u0131 sovuranlar\u2026&#8221;. M\u0259nim atam h\u0259kimdir, alimdir. O insanlar\u0131 sa\u011faldanda n\u0259 iqtidara bax\u0131r, n\u0259 d\u0259 m\u00fcxalif\u0259t\u0259\u201d,<\/em> &#8211; Q\u00fcdr\u0259t \u018fzizov deyib.\u200b<\/p>\n\n\n\n<p>O bildirib ki, qarda\u015f\u0131 v\u0259 \u00f6z\u00fc ali t\u0259hsilli h\u00fcquq\u015f\u00fcnas olsalar da, haz\u0131rda ixtisaslar\u0131 \u00fczr\u0259 i\u015fl\u0259mirl\u0259r:<\/p>\n\n\n\n<p>\u201c<em>Qarda\u015f\u0131m hardasa 15 il \u0259vv\u0259l q\u0131sa m\u00fcdd\u0259t \u0259rzind\u0259 h\u00fcquq\u015f\u00fcnas i\u015fl\u0259yib, amma m\u0259n he\u00e7 vaxt bu sah\u0259 \u00fczr\u0259 i\u015fl\u0259m\u0259mi\u015f\u0259m\u201d.<\/em>\u200b<\/p>\n\n\n\n<p>Bak\u0131da imkanl\u0131 v\u0259 \u0259sas\u0259n d\u0259 v\u0259zif\u0259li \u015f\u0259xsl\u0259rin \u00f6vladlar\u0131n\u0131n t\u0259hsil almas\u0131 il\u0259 m\u0259\u015fhur olan Tofiq \u0130smay\u0131lov ad\u0131na 6 sayl\u0131 m\u0259kt\u0259b-liseyin \u015fagirdl\u0259rinin m\u0259zun olduqlar\u0131 g\u00fcn bahal\u0131 avtomobill\u0259rl\u0259, s\u00fckan arxas\u0131na ke\u00e7\u0259r\u0259k Bak\u0131da avtoy\u00fcr\u00fc\u015f ke\u00e7irm\u0259sind\u0259n b\u0259hs edilib v\u0259 h\u0259min ma\u015f\u0131nla\u0131rn sahibl\u0259ri ara\u015fd\u0131r\u0131l\u0131b.<\/p>\n\n\n\n<p>Meydan TV Az\u0259rbaycan Respublikas\u0131 N\u0259qliyyat vasit\u0259l\u0259rinin qeydiyyat\u0131 \u015f\u0259had\u0259tnam\u0259si m\u0259lumat bazas\u0131na istinad\u0259n n\u00f6mr\u0259nin Q\u00fcdr\u0259t \u018fzizova aid oldu\u011funu yaz\u0131b:<\/p>\n\n\n<div class=\"wp-block-image\">\n<figure class=\"aligncenter size-large\"><img decoding=\"async\" width=\"1200\" height=\"616\" data-src=\"https:\/\/www.meydan.tv\/wp-content\/uploads\/qudret-1200x616.jpeg\" alt=\"\" class=\"wp-image-311076 lazyload\" src=\"data:image\/svg+xml;base64,PHN2ZyB3aWR0aD0iMSIgaGVpZ2h0PSIxIiB4bWxucz0iaHR0cDovL3d3dy53My5vcmcvMjAwMC9zdmciPjwvc3ZnPg==\" style=\"--smush-placeholder-width: 1200px; --smush-placeholder-aspect-ratio: 1200\/616;\" \/><figcaption class=\"wp-element-caption\">Screenshot Meydan TV<\/figcaption><\/figure>\n<\/div>\n\n\n<p>Kommersiya qurumunun h\u00fcquqi \u015f\u0259xsl\u0259rin d\u00f6vl\u0259t reyestrin\u0259 daxil edilmi\u015f m\u0259lumatlarda is\u0259 \u015firk\u0259tin t\u0259sis\u00e7il\u0259rind\u0259n biri kimi onun ad\u0131 g\u00f6st\u0259rilib:<\/p>\n\n\n<div class=\"wp-block-image\">\n<figure class=\"aligncenter size-large\"><img decoding=\"async\" width=\"1200\" height=\"676\" data-src=\"https:\/\/www.meydan.tv\/wp-content\/uploads\/gosterilib-1200x676.jpeg\" alt=\"\" class=\"wp-image-311080 lazyload\" src=\"data:image\/svg+xml;base64,PHN2ZyB3aWR0aD0iMSIgaGVpZ2h0PSIxIiB4bWxucz0iaHR0cDovL3d3dy53My5vcmcvMjAwMC9zdmciPjwvc3ZnPg==\" style=\"--smush-placeholder-width: 1200px; --smush-placeholder-aspect-ratio: 1200\/676;\" \/><figcaption class=\"wp-element-caption\">Screenshot Meydan TV<\/figcaption><\/figure>\n<\/div>\n\n\n<p>\u015eirk\u0259tin bazadak\u0131 detall\u0131 m\u0259lumatlar\u0131nda da onun ad\u0131 qanuni t\u0259msil\u00e7i kimi qeyd olunub.<\/p>\n\n\n<div class=\"wp-block-image\">\n<figure class=\"aligncenter size-large\"><img decoding=\"async\" width=\"1200\" height=\"434\" data-src=\"https:\/\/www.meydan.tv\/wp-content\/uploads\/photo_2024-07-23_00.21.03-1200x434.jpeg\" alt=\"\" class=\"wp-image-311083 lazyload\" src=\"data:image\/svg+xml;base64,PHN2ZyB3aWR0aD0iMSIgaGVpZ2h0PSIxIiB4bWxucz0iaHR0cDovL3d3dy53My5vcmcvMjAwMC9zdmciPjwvc3ZnPg==\" style=\"--smush-placeholder-width: 1200px; --smush-placeholder-aspect-ratio: 1200\/434;\" \/><figcaption class=\"wp-element-caption\">Screenshot Meydan TV<\/figcaption><\/figure>\n<\/div>\n\n\n<p>\u018fzizov qarda\u015flar\u0131n\u0131n h\u00fcquq\u015f\u00fcnas kimi \u00f6z\u0259l sah\u0259d\u0259 \u00e7al\u0131\u015fmalar\u0131na g\u0259linc\u0259, bu bar\u0259d\u0259 Milli M\u0259clis\u0259 yax\u0131nl\u0131\u011f\u0131 il\u0259 tan\u0131nan \u201cModern.az\u201d sayt\u0131nda qeyd <a href=\"https:\/\/modern.az\/olke\/474874\/kechmish-deputata-yuksek-vezife-verildi\/\" target=\"_blank\" rel=\"noreferrer noopener\">olunub.<\/a><\/p>\n\n\n\n<p>Bak\u0131 \u015e\u0259h\u0259r D\u00f6vl\u0259t Yol Polisi \u0130dar\u0259si d\u0259 Meydan TV-nin sor\u011fusuna yaz\u0131 d\u0259rc olunduqdan sonra cavab g\u00f6nd\u0259rib. \u0130nspektor To\u011frul N\u0259sirlinin a\u00e7\u0131qlamas\u0131nda bildirilib ki, \u201cSon z\u0259ng\u201d g\u00fcn\u00fc s\u00fcr\u00fcc\u00fcl\u00fck h\u00fcququ olmayan \u015f\u0259xsl\u0259rl\u0259 ba\u011fl\u0131 t\u0259dbirl\u0259r g\u00f6r\u00fcl\u00fcb. Bel\u0259 ki, m\u0259zunlar\u0131n idar\u0259 etdiyi m\u00fcxt\u0259lif markal\u0131 14 avtomobil m\u00fc\u0259yy\u0259n olunub, m\u00fcv\u0259qq\u0259ti m\u00fchafiz\u0259 olunan duraca\u011fa apar\u0131l\u0131b.<\/p>\n\n\n\n<p><em>\u201c\u201cSon z\u0259ng\u201d g\u00fcn\u00fc g\u00fccl\u0259ndirilmi\u015f i\u015f rejimd\u0259 xidm\u0259t aparan polis \u0259m\u0259kda\u015flar\u0131 t\u0259r\u0259find\u0259n s\u00fcr\u00fcc\u00fcl\u00fck h\u00fcququ olmadan idar\u0259 olunan 80-d\u0259n art\u0131q n\u0259qliyyat vasit\u0259si saxlan\u0131laraq bar\u0259l\u0259rind\u0259 inzibati t\u0259nbeh t\u0259dbirl\u0259ri t\u0259tbiq edilib.<\/em><\/p>\n\n\n\n<p><em>H\u0259min g\u00fcn paytaxt \u0259razisind\u0259 yeniyetm\u0259l\u0259rin i\u015ftirak\u0131 il\u0259 h\u0259r hans\u0131 yol-n\u0259qliyyat hadis\u0259si qeyd\u0259 al\u0131nmay\u0131b\u201d<\/em>, &#8211; m\u0259lumatda deyilir.<\/p>\n","protected":false},"excerpt":{"rendered":"<p>\u201cBunlar\u0131n m\u0259nim atamla he\u00e7 bir \u0259laq\u0259si yoxdur\u201d Ad\u0131 Meydan TV-d\u0259 &#8230; <\/p>\n<p class=\"read-more-container\"><a title=\"Q\u00fcdr\u0259t \u018fzizov \u201cavto\u015f\u201d yeniyetm\u0259nin s\u00fcrd\u00fcy\u00fc avtomobilin ona m\u0259xsus olmad\u0131\u011f\u0131n\u0131 deyir\" class=\"read-more button\" href=\"https:\/\/www.meydan.tv\/az\/article\/qudret-ezizov-avtos-yeniyetmenin-surduyu-avtomobilin-ona-mexsus-olmadigini-deyir\/#more-311073\" aria-label=\"Read more about Q\u00fcdr\u0259t \u018fzizov \u201cavto\u015f\u201d yeniyetm\u0259nin s\u00fcrd\u00fcy\u00fc avtomobilin ona m\u0259xsus olmad\u0131\u011f\u0131n\u0131 deyir\">Davam\u0131<\/a><\/p>\n","protected":false},"author":8,"featured_media":311086,"comment_status":"closed","ping_status":"closed","sticky":false,"template":"","format":"standard","meta":{"_acf_changed":false,"_sitemap_exclude":false,"_sitemap_priority":"","_sitemap_frequency":"","footnotes":""},"categories":[62,56],"tags":[],"class_list":["post-311073","post","type-post","status-publish","format-standard","has-post-thumbnail","hentry","category-sosial","category-xeberler","infinite-scroll-item","generate-columns","tablet-grid-50","mobile-grid-100","grid-parent","grid-33","no-featured-image-padding"],"acf":[],"yoast_head":"<!-- This site is optimized with the Yoast SEO plugin v27.5 - https:\/\/yoast.com\/product\/yoast-seo-wordpress\/ -->\n<title>Q\u00fcdr\u0259t \u018fzizov \u201cavto\u015f\u201d yeniyetm\u0259nin s\u00fcrd\u00fcy\u00fc avtomobilin ona m\u0259xsus olmad\u0131\u011f\u0131n\u0131 deyir - MEYDAN.TV<\/title>\n<meta name=\"description\" content=\"Ad\u0131 Meydan TV-d\u0259 yay\u0131mlanan \u201c\u201cAvto\u015f\u201d yeniyetm\u0259l\u0259r kiml\u0259rin \u00f6vladlar\u0131d\u0131r?\u201d\u00a0 adl\u0131 ara\u015fd\u0131rmada ad\u0131 \u00e7\u0259kil\u0259n avtomobil sahibl\u0259rind\u0259n biri - Q\u00fcdr\u0259t V\u0259sad\u0259t o\u011flu \u018fzizov \u201c10OK333\u2033 d\u00f6vl\u0259t ni\u015fanl\u0131 avtomobilin ona m\u0259xsus olmad\u0131\u011f\u0131n\u0131 deyir.\" \/>\n<meta name=\"robots\" content=\"index, follow, max-snippet:-1, max-image-preview:large, max-video-preview:-1\" \/>\n<link rel=\"canonical\" href=\"https:\/\/www.meydan.tv\/az\/article\/qudret-ezizov-avtos-yeniyetmenin-surduyu-avtomobilin-ona-mexsus-olmadigini-deyir\/\" \/>\n<meta property=\"og:locale\" content=\"az_AZ\" \/>\n<meta property=\"og:type\" content=\"article\" \/>\n<meta property=\"og:title\" content=\"Q\u00fcdr\u0259t \u018fzizov \u201cavto\u015f\u201d yeniyetm\u0259nin s\u00fcrd\u00fcy\u00fc avtomobilin ona m\u0259xsus olmad\u0131\u011f\u0131n\u0131 deyir - MEYDAN.TV\" \/>\n<meta property=\"og:description\" content=\"Ad\u0131 Meydan TV-d\u0259 yay\u0131mlanan \u201c\u201cAvto\u015f\u201d yeniyetm\u0259l\u0259r kiml\u0259rin \u00f6vladlar\u0131d\u0131r?\u201d\u00a0 adl\u0131 ara\u015fd\u0131rmada ad\u0131 \u00e7\u0259kil\u0259n avtomobil sahibl\u0259rind\u0259n biri - Q\u00fcdr\u0259t V\u0259sad\u0259t o\u011flu \u018fzizov \u201c10OK333\u2033 d\u00f6vl\u0259t ni\u015fanl\u0131 avtomobilin ona m\u0259xsus olmad\u0131\u011f\u0131n\u0131 deyir.\" \/>\n<meta property=\"og:url\" content=\"https:\/\/www.meydan.tv\/az\/article\/qudret-ezizov-avtos-yeniyetmenin-surduyu-avtomobilin-ona-mexsus-olmadigini-deyir\/\" \/>\n<meta property=\"og:site_name\" content=\"MEYDAN.TV\" \/>\n<meta property=\"article:published_time\" content=\"2024-07-23T07:22:25+00:00\" \/>\n<meta property=\"article:modified_time\" content=\"2024-07-23T07:30:50+00:00\" \/>\n<meta property=\"og:image\" content=\"https:\/\/www.meydan.tv\/wp-content\/uploads\/screenshot_2-38.png\" \/>\n\t<meta property=\"og:image:width\" content=\"1200\" \/>\n\t<meta property=\"og:image:height\" content=\"655\" \/>\n\t<meta property=\"og:image:type\" content=\"image\/png\" \/>\n<meta name=\"author\" content=\"elli\" \/>\n<meta name=\"twitter:card\" content=\"summary_large_image\" \/>\n<meta name=\"twitter:creator\" content=\"@elli\" \/>\n<script type=\"application\/ld+json\" class=\"yoast-schema-graph\">{\"@context\":\"https:\\\/\\\/schema.org\",\"@graph\":[{\"@type\":\"Article\",\"@id\":\"https:\\\/\\\/www.meydan.tv\\\/az\\\/article\\\/qudret-ezizov-avtos-yeniyetmenin-surduyu-avtomobilin-ona-mexsus-olmadigini-deyir\\\/#article\",\"isPartOf\":{\"@id\":\"https:\\\/\\\/www.meydan.tv\\\/az\\\/article\\\/qudret-ezizov-avtos-yeniyetmenin-surduyu-avtomobilin-ona-mexsus-olmadigini-deyir\\\/\"},\"author\":{\"name\":\"elli\",\"@id\":\"https:\\\/\\\/www.meydan.tv\\\/az\\\/#\\\/schema\\\/person\\\/9cdbecf90d17180ce1dfbd95b08dcf47\"},\"headline\":\"Q\u00fcdr\u0259t \u018fzizov \u201cavto\u015f\u201d yeniyetm\u0259nin s\u00fcrd\u00fcy\u00fc avtomobilin ona m\u0259xsus olmad\u0131\u011f\u0131n\u0131 deyir\",\"datePublished\":\"2024-07-23T07:22:25+00:00\",\"dateModified\":\"2024-07-23T07:30:50+00:00\",\"mainEntityOfPage\":{\"@id\":\"https:\\\/\\\/www.meydan.tv\\\/az\\\/article\\\/qudret-ezizov-avtos-yeniyetmenin-surduyu-avtomobilin-ona-mexsus-olmadigini-deyir\\\/\"},\"wordCount\":775,\"publisher\":{\"@id\":\"https:\\\/\\\/www.meydan.tv\\\/az\\\/#organization\"},\"image\":{\"@id\":\"https:\\\/\\\/www.meydan.tv\\\/az\\\/article\\\/qudret-ezizov-avtos-yeniyetmenin-surduyu-avtomobilin-ona-mexsus-olmadigini-deyir\\\/#primaryimage\"},\"thumbnailUrl\":\"https:\\\/\\\/www.meydan.tv\\\/wp-content\\\/uploads\\\/screenshot_2-38.png\",\"articleSection\":[\"Sosial\",\"X\u0259b\u0259rl\u0259r\"],\"inLanguage\":\"az\"},{\"@type\":\"WebPage\",\"@id\":\"https:\\\/\\\/www.meydan.tv\\\/az\\\/article\\\/qudret-ezizov-avtos-yeniyetmenin-surduyu-avtomobilin-ona-mexsus-olmadigini-deyir\\\/\",\"url\":\"https:\\\/\\\/www.meydan.tv\\\/az\\\/article\\\/qudret-ezizov-avtos-yeniyetmenin-surduyu-avtomobilin-ona-mexsus-olmadigini-deyir\\\/\",\"name\":\"Q\u00fcdr\u0259t \u018fzizov \u201cavto\u015f\u201d yeniyetm\u0259nin s\u00fcrd\u00fcy\u00fc avtomobilin ona m\u0259xsus olmad\u0131\u011f\u0131n\u0131 deyir - MEYDAN.TV\",\"isPartOf\":{\"@id\":\"https:\\\/\\\/www.meydan.tv\\\/az\\\/#website\"},\"primaryImageOfPage\":{\"@id\":\"https:\\\/\\\/www.meydan.tv\\\/az\\\/article\\\/qudret-ezizov-avtos-yeniyetmenin-surduyu-avtomobilin-ona-mexsus-olmadigini-deyir\\\/#primaryimage\"},\"image\":{\"@id\":\"https:\\\/\\\/www.meydan.tv\\\/az\\\/article\\\/qudret-ezizov-avtos-yeniyetmenin-surduyu-avtomobilin-ona-mexsus-olmadigini-deyir\\\/#primaryimage\"},\"thumbnailUrl\":\"https:\\\/\\\/www.meydan.tv\\\/wp-content\\\/uploads\\\/screenshot_2-38.png\",\"datePublished\":\"2024-07-23T07:22:25+00:00\",\"dateModified\":\"2024-07-23T07:30:50+00:00\",\"description\":\"Ad\u0131 Meydan TV-d\u0259 yay\u0131mlanan \u201c\u201cAvto\u015f\u201d yeniyetm\u0259l\u0259r kiml\u0259rin \u00f6vladlar\u0131d\u0131r?\u201d\u00a0 adl\u0131 ara\u015fd\u0131rmada ad\u0131 \u00e7\u0259kil\u0259n avtomobil sahibl\u0259rind\u0259n biri - Q\u00fcdr\u0259t V\u0259sad\u0259t o\u011flu \u018fzizov \u201c10OK333\u2033 d\u00f6vl\u0259t ni\u015fanl\u0131 avtomobilin ona m\u0259xsus olmad\u0131\u011f\u0131n\u0131 deyir.\",\"breadcrumb\":{\"@id\":\"https:\\\/\\\/www.meydan.tv\\\/az\\\/article\\\/qudret-ezizov-avtos-yeniyetmenin-surduyu-avtomobilin-ona-mexsus-olmadigini-deyir\\\/#breadcrumb\"},\"inLanguage\":\"az\",\"potentialAction\":[{\"@type\":\"ReadAction\",\"target\":[\"https:\\\/\\\/www.meydan.tv\\\/az\\\/article\\\/qudret-ezizov-avtos-yeniyetmenin-surduyu-avtomobilin-ona-mexsus-olmadigini-deyir\\\/\"]}]},{\"@type\":\"ImageObject\",\"inLanguage\":\"az\",\"@id\":\"https:\\\/\\\/www.meydan.tv\\\/az\\\/article\\\/qudret-ezizov-avtos-yeniyetmenin-surduyu-avtomobilin-ona-mexsus-olmadigini-deyir\\\/#primaryimage\",\"url\":\"https:\\\/\\\/www.meydan.tv\\\/wp-content\\\/uploads\\\/screenshot_2-38.png\",\"contentUrl\":\"https:\\\/\\\/www.meydan.tv\\\/wp-content\\\/uploads\\\/screenshot_2-38.png\",\"width\":1200,\"height\":655,\"caption\":\"Foto: Meydan TV-d\u0259n screenshot\"},{\"@type\":\"BreadcrumbList\",\"@id\":\"https:\\\/\\\/www.meydan.tv\\\/az\\\/article\\\/qudret-ezizov-avtos-yeniyetmenin-surduyu-avtomobilin-ona-mexsus-olmadigini-deyir\\\/#breadcrumb\",\"itemListElement\":[{\"@type\":\"ListItem\",\"position\":1,\"name\":\"Ana s\u0259hif\u0259\",\"item\":\"https:\\\/\\\/www.meydan.tv\\\/az\\\/\"},{\"@type\":\"ListItem\",\"position\":2,\"name\":\"Sosial\",\"item\":\"https:\\\/\\\/www.meydan.tv\\\/az\\\/section\\\/sosial\\\/\"},{\"@type\":\"ListItem\",\"position\":3,\"name\":\"Q\u00fcdr\u0259t \u018fzizov \u201cavto\u015f\u201d yeniyetm\u0259nin s\u00fcrd\u00fcy\u00fc avtomobilin ona m\u0259xsus olmad\u0131\u011f\u0131n\u0131 deyir\"}]},{\"@type\":\"WebSite\",\"@id\":\"https:\\\/\\\/www.meydan.tv\\\/az\\\/#website\",\"url\":\"https:\\\/\\\/www.meydan.tv\\\/az\\\/\",\"name\":\"MEYDAN.TV\",\"description\":\"Meydan TV Az\u0259rbaycan\u0131n media m\u0259kan\u0131ndak\u0131 alternativ s\u0259sidir\",\"publisher\":{\"@id\":\"https:\\\/\\\/www.meydan.tv\\\/az\\\/#organization\"},\"potentialAction\":[{\"@type\":\"SearchAction\",\"target\":{\"@type\":\"EntryPoint\",\"urlTemplate\":\"https:\\\/\\\/www.meydan.tv\\\/az\\\/?s={search_term_string}\"},\"query-input\":{\"@type\":\"PropertyValueSpecification\",\"valueRequired\":true,\"valueName\":\"search_term_string\"}}],\"inLanguage\":\"az\"},{\"@type\":\"Organization\",\"@id\":\"https:\\\/\\\/www.meydan.tv\\\/az\\\/#organization\",\"name\":\"Meydan TV\",\"url\":\"https:\\\/\\\/www.meydan.tv\\\/az\\\/\",\"logo\":{\"@type\":\"ImageObject\",\"inLanguage\":\"az\",\"@id\":\"https:\\\/\\\/www.meydan.tv\\\/az\\\/#\\\/schema\\\/logo\\\/image\\\/\",\"url\":\"https:\\\/\\\/www.meydan.tv\\\/wp-content\\\/uploads\\\/2021\\\/07\\\/meydan-logo.svg\",\"contentUrl\":\"https:\\\/\\\/www.meydan.tv\\\/wp-content\\\/uploads\\\/2021\\\/07\\\/meydan-logo.svg\",\"width\":195,\"height\":46,\"caption\":\"Meydan TV\"},\"image\":{\"@id\":\"https:\\\/\\\/www.meydan.tv\\\/az\\\/#\\\/schema\\\/logo\\\/image\\\/\"}},{\"@type\":\"Person\",\"@id\":\"https:\\\/\\\/www.meydan.tv\\\/az\\\/#\\\/schema\\\/person\\\/9cdbecf90d17180ce1dfbd95b08dcf47\",\"name\":\"elli\",\"sameAs\":[\"https:\\\/\\\/x.com\\\/elli\"]}]}<\/script>\n<!-- \/ Yoast SEO plugin. -->","yoast_head_json":{"title":"Q\u00fcdr\u0259t \u018fzizov \u201cavto\u015f\u201d yeniyetm\u0259nin s\u00fcrd\u00fcy\u00fc avtomobilin ona m\u0259xsus olmad\u0131\u011f\u0131n\u0131 deyir - MEYDAN.TV","description":"Ad\u0131 Meydan TV-d\u0259 yay\u0131mlanan \u201c\u201cAvto\u015f\u201d yeniyetm\u0259l\u0259r kiml\u0259rin \u00f6vladlar\u0131d\u0131r?\u201d\u00a0 adl\u0131 ara\u015fd\u0131rmada ad\u0131 \u00e7\u0259kil\u0259n avtomobil sahibl\u0259rind\u0259n biri - Q\u00fcdr\u0259t V\u0259sad\u0259t o\u011flu \u018fzizov \u201c10OK333\u2033 d\u00f6vl\u0259t ni\u015fanl\u0131 avtomobilin ona m\u0259xsus olmad\u0131\u011f\u0131n\u0131 deyir.","robots":{"index":"index","follow":"follow","max-snippet":"max-snippet:-1","max-image-preview":"max-image-preview:large","max-video-preview":"max-video-preview:-1"},"canonical":"https:\/\/www.meydan.tv\/az\/article\/qudret-ezizov-avtos-yeniyetmenin-surduyu-avtomobilin-ona-mexsus-olmadigini-deyir\/","og_locale":"az_AZ","og_type":"article","og_title":"Q\u00fcdr\u0259t \u018fzizov \u201cavto\u015f\u201d yeniyetm\u0259nin s\u00fcrd\u00fcy\u00fc avtomobilin ona m\u0259xsus olmad\u0131\u011f\u0131n\u0131 deyir - MEYDAN.TV","og_description":"Ad\u0131 Meydan TV-d\u0259 yay\u0131mlanan \u201c\u201cAvto\u015f\u201d yeniyetm\u0259l\u0259r kiml\u0259rin \u00f6vladlar\u0131d\u0131r?\u201d\u00a0 adl\u0131 ara\u015fd\u0131rmada ad\u0131 \u00e7\u0259kil\u0259n avtomobil sahibl\u0259rind\u0259n biri - Q\u00fcdr\u0259t V\u0259sad\u0259t o\u011flu \u018fzizov \u201c10OK333\u2033 d\u00f6vl\u0259t ni\u015fanl\u0131 avtomobilin ona m\u0259xsus olmad\u0131\u011f\u0131n\u0131 deyir.","og_url":"https:\/\/www.meydan.tv\/az\/article\/qudret-ezizov-avtos-yeniyetmenin-surduyu-avtomobilin-ona-mexsus-olmadigini-deyir\/","og_site_name":"MEYDAN.TV","article_published_time":"2024-07-23T07:22:25+00:00","article_modified_time":"2024-07-23T07:30:50+00:00","og_image":[{"width":1200,"height":655,"url":"https:\/\/www.meydan.tv\/wp-content\/uploads\/screenshot_2-38.png","type":"image\/png"}],"author":"elli","twitter_card":"summary_large_image","twitter_creator":"@elli","schema":{"@context":"https:\/\/schema.org","@graph":[{"@type":"Article","@id":"https:\/\/www.meydan.tv\/az\/article\/qudret-ezizov-avtos-yeniyetmenin-surduyu-avtomobilin-ona-mexsus-olmadigini-deyir\/#article","isPartOf":{"@id":"https:\/\/www.meydan.tv\/az\/article\/qudret-ezizov-avtos-yeniyetmenin-surduyu-avtomobilin-ona-mexsus-olmadigini-deyir\/"},"author":{"name":"elli","@id":"https:\/\/www.meydan.tv\/az\/#\/schema\/person\/9cdbecf90d17180ce1dfbd95b08dcf47"},"headline":"Q\u00fcdr\u0259t \u018fzizov \u201cavto\u015f\u201d yeniyetm\u0259nin s\u00fcrd\u00fcy\u00fc avtomobilin ona m\u0259xsus olmad\u0131\u011f\u0131n\u0131 deyir","datePublished":"2024-07-23T07:22:25+00:00","dateModified":"2024-07-23T07:30:50+00:00","mainEntityOfPage":{"@id":"https:\/\/www.meydan.tv\/az\/article\/qudret-ezizov-avtos-yeniyetmenin-surduyu-avtomobilin-ona-mexsus-olmadigini-deyir\/"},"wordCount":775,"publisher":{"@id":"https:\/\/www.meydan.tv\/az\/#organization"},"image":{"@id":"https:\/\/www.meydan.tv\/az\/article\/qudret-ezizov-avtos-yeniyetmenin-surduyu-avtomobilin-ona-mexsus-olmadigini-deyir\/#primaryimage"},"thumbnailUrl":"https:\/\/www.meydan.tv\/wp-content\/uploads\/screenshot_2-38.png","articleSection":["Sosial","X\u0259b\u0259rl\u0259r"],"inLanguage":"az"},{"@type":"WebPage","@id":"https:\/\/www.meydan.tv\/az\/article\/qudret-ezizov-avtos-yeniyetmenin-surduyu-avtomobilin-ona-mexsus-olmadigini-deyir\/","url":"https:\/\/www.meydan.tv\/az\/article\/qudret-ezizov-avtos-yeniyetmenin-surduyu-avtomobilin-ona-mexsus-olmadigini-deyir\/","name":"Q\u00fcdr\u0259t \u018fzizov \u201cavto\u015f\u201d yeniyetm\u0259nin s\u00fcrd\u00fcy\u00fc avtomobilin ona m\u0259xsus olmad\u0131\u011f\u0131n\u0131 deyir - MEYDAN.TV","isPartOf":{"@id":"https:\/\/www.meydan.tv\/az\/#website"},"primaryImageOfPage":{"@id":"https:\/\/www.meydan.tv\/az\/article\/qudret-ezizov-avtos-yeniyetmenin-surduyu-avtomobilin-ona-mexsus-olmadigini-deyir\/#primaryimage"},"image":{"@id":"https:\/\/www.meydan.tv\/az\/article\/qudret-ezizov-avtos-yeniyetmenin-surduyu-avtomobilin-ona-mexsus-olmadigini-deyir\/#primaryimage"},"thumbnailUrl":"https:\/\/www.meydan.tv\/wp-content\/uploads\/screenshot_2-38.png","datePublished":"2024-07-23T07:22:25+00:00","dateModified":"2024-07-23T07:30:50+00:00","description":"Ad\u0131 Meydan TV-d\u0259 yay\u0131mlanan \u201c\u201cAvto\u015f\u201d yeniyetm\u0259l\u0259r kiml\u0259rin \u00f6vladlar\u0131d\u0131r?\u201d\u00a0 adl\u0131 ara\u015fd\u0131rmada ad\u0131 \u00e7\u0259kil\u0259n avtomobil sahibl\u0259rind\u0259n biri - Q\u00fcdr\u0259t V\u0259sad\u0259t o\u011flu \u018fzizov \u201c10OK333\u2033 d\u00f6vl\u0259t ni\u015fanl\u0131 avtomobilin ona m\u0259xsus olmad\u0131\u011f\u0131n\u0131 deyir.","breadcrumb":{"@id":"https:\/\/www.meydan.tv\/az\/article\/qudret-ezizov-avtos-yeniyetmenin-surduyu-avtomobilin-ona-mexsus-olmadigini-deyir\/#breadcrumb"},"inLanguage":"az","potentialAction":[{"@type":"ReadAction","target":["https:\/\/www.meydan.tv\/az\/article\/qudret-ezizov-avtos-yeniyetmenin-surduyu-avtomobilin-ona-mexsus-olmadigini-deyir\/"]}]},{"@type":"ImageObject","inLanguage":"az","@id":"https:\/\/www.meydan.tv\/az\/article\/qudret-ezizov-avtos-yeniyetmenin-surduyu-avtomobilin-ona-mexsus-olmadigini-deyir\/#primaryimage","url":"https:\/\/www.meydan.tv\/wp-content\/uploads\/screenshot_2-38.png","contentUrl":"https:\/\/www.meydan.tv\/wp-content\/uploads\/screenshot_2-38.png","width":1200,"height":655,"caption":"Foto: Meydan TV-d\u0259n screenshot"},{"@type":"BreadcrumbList","@id":"https:\/\/www.meydan.tv\/az\/article\/qudret-ezizov-avtos-yeniyetmenin-surduyu-avtomobilin-ona-mexsus-olmadigini-deyir\/#breadcrumb","itemListElement":[{"@type":"ListItem","position":1,"name":"Ana s\u0259hif\u0259","item":"https:\/\/www.meydan.tv\/az\/"},{"@type":"ListItem","position":2,"name":"Sosial","item":"https:\/\/www.meydan.tv\/az\/section\/sosial\/"},{"@type":"ListItem","position":3,"name":"Q\u00fcdr\u0259t \u018fzizov \u201cavto\u015f\u201d yeniyetm\u0259nin s\u00fcrd\u00fcy\u00fc avtomobilin ona m\u0259xsus olmad\u0131\u011f\u0131n\u0131 deyir"}]},{"@type":"WebSite","@id":"https:\/\/www.meydan.tv\/az\/#website","url":"https:\/\/www.meydan.tv\/az\/","name":"MEYDAN.TV","description":"Meydan TV Az\u0259rbaycan\u0131n media m\u0259kan\u0131ndak\u0131 alternativ s\u0259sidir","publisher":{"@id":"https:\/\/www.meydan.tv\/az\/#organization"},"potentialAction":[{"@type":"SearchAction","target":{"@type":"EntryPoint","urlTemplate":"https:\/\/www.meydan.tv\/az\/?s={search_term_string}"},"query-input":{"@type":"PropertyValueSpecification","valueRequired":true,"valueName":"search_term_string"}}],"inLanguage":"az"},{"@type":"Organization","@id":"https:\/\/www.meydan.tv\/az\/#organization","name":"Meydan TV","url":"https:\/\/www.meydan.tv\/az\/","logo":{"@type":"ImageObject","inLanguage":"az","@id":"https:\/\/www.meydan.tv\/az\/#\/schema\/logo\/image\/","url":"https:\/\/www.meydan.tv\/wp-content\/uploads\/2021\/07\/meydan-logo.svg","contentUrl":"https:\/\/www.meydan.tv\/wp-content\/uploads\/2021\/07\/meydan-logo.svg","width":195,"height":46,"caption":"Meydan TV"},"image":{"@id":"https:\/\/www.meydan.tv\/az\/#\/schema\/logo\/image\/"}},{"@type":"Person","@id":"https:\/\/www.meydan.tv\/az\/#\/schema\/person\/9cdbecf90d17180ce1dfbd95b08dcf47","name":"elli","sameAs":["https:\/\/x.com\/elli"]}]}},"_links":{"self":[{"href":"https:\/\/www.meydan.tv\/az\/wp-json\/wp\/v2\/posts\/311073","targetHints":{"allow":["GET"]}}],"collection":[{"href":"https:\/\/www.meydan.tv\/az\/wp-json\/wp\/v2\/posts"}],"about":[{"href":"https:\/\/www.meydan.tv\/az\/wp-json\/wp\/v2\/types\/post"}],"author":[{"embeddable":true,"href":"https:\/\/www.meydan.tv\/az\/wp-json\/wp\/v2\/users\/8"}],"replies":[{"embeddable":true,"href":"https:\/\/www.meydan.tv\/az\/wp-json\/wp\/v2\/comments?post=311073"}],"version-history":[{"count":6,"href":"https:\/\/www.meydan.tv\/az\/wp-json\/wp\/v2\/posts\/311073\/revisions"}],"predecessor-version":[{"id":311094,"href":"https:\/\/www.meydan.tv\/az\/wp-json\/wp\/v2\/posts\/311073\/revisions\/311094"}],"wp:featuredmedia":[{"embeddable":true,"href":"https:\/\/www.meydan.tv\/az\/wp-json\/wp\/v2\/media\/311086"}],"wp:attachment":[{"href":"https:\/\/www.meydan.tv\/az\/wp-json\/wp\/v2\/media?parent=311073"}],"wp:term":[{"taxonomy":"category","embeddable":true,"href":"https:\/\/www.meydan.tv\/az\/wp-json\/wp\/v2\/categories?post=311073"},{"taxonomy":"post_tag","embeddable":true,"href":"https:\/\/www.meydan.tv\/az\/wp-json\/wp\/v2\/tags?post=311073"}],"curies":[{"name":"wp","href":"https:\/\/api.w.org\/{rel}","templated":true}]}}