{"id":311060,"date":"2024-07-23T10:56:48","date_gmt":"2024-07-23T06:56:48","guid":{"rendered":"https:\/\/www.meydan.tv\/?p=311060"},"modified":"2024-07-23T10:56:50","modified_gmt":"2024-07-23T06:56:50","slug":"prokurorluq-bakida-ata-iki-usagini-bicaqladi-ardinca-ozu-intihar-etdi","status":"publish","type":"post","link":"https:\/\/www.meydan.tv\/az\/article\/prokurorluq-bakida-ata-iki-usagini-bicaqladi-ardinca-ozu-intihar-etdi\/","title":{"rendered":"Prokurorluq: Bak\u0131da ata iki u\u015fa\u011f\u0131n\u0131 b\u0131\u00e7aqlad\u0131, ard\u0131nca \u00f6z\u00fc intihar etdi"},"content":{"rendered":"\n<p><\/p>\n\n\n\n<p><strong><em>U\u015faqlardan biri h\u0259yat\u0131n\u0131 itirib<\/em><\/strong><\/p>\n\n\n\n<p>Bak\u0131da atan\u0131n iki u\u015fa\u011f\u0131n\u0131 b\u0131\u00e7aqlay\u0131b, daha sonra is\u0259 \u00f6z\u00fcn\u00fc \u00f6ld\u00fcrd\u00fcy\u00fc bildirilir. Hadis\u0259 iyulun 22-d\u0259n 23-n\u0259 ke\u00e7\u0259n gec\u0259 saat 1 rad\u0259l\u0259rind\u0259 Suraxan\u0131 rayonu \u0259razisind\u0259 ba\u015f verib.<\/p>\n\n\n\n<p>Suraxan\u0131 rayon prokurorlu\u011fundan veril\u0259n m\u0259lumata g\u00f6r\u0259, 50 ya\u015fl\u0131 Rza Eyyubov \u00f6nc\u0259 10 ya\u015fl\u0131 o\u011fluna, daha sonra 4 ya\u015fl\u0131 u\u015fa\u011fa b\u0131\u00e7aqla x\u0259sar\u0259tl\u0259r yetirib. Ard\u0131nca is\u0259 eyni \u00fcsulla \u00f6z\u00fcn\u00fc \u00f6ld\u00fcr\u00fcb.<\/p>\n\n\n\n<p>10 ya\u015fl\u0131 u\u015faq el\u0259 hadis\u0259 yerind\u0259 \u00f6l\u00fcb. 4 ya\u015fl\u0131 Teymur is\u0259 x\u0259st\u0259xanaya \u00e7atd\u0131r\u0131l\u0131b. Haz\u0131rda onun m\u00fcalic\u0259si davam edir.<\/p>\n\n\n\n<p>Faktla ba\u011fl\u0131 Cinay\u0259t M\u0259c\u0259ll\u0259sinin 120.2.4, 120.2.9, 29, 120.2.4, 29, 120.2.9 (x\u00fcsusi amans\u0131zl\u0131qla v\u0259 k\u00f6m\u0259ksiz v\u0259ziyy\u0259td\u0259 q\u0259sd\u0259n adam \u00f6ld\u00fcrm\u0259 v\u0259 \u00f6ld\u00fcrm\u0259y\u0259 c\u0259hd) v\u0259 dig\u0259r madd\u0259l\u0259ri il\u0259 cinay\u0259t i\u015fi ba\u015flan\u0131b, istintaq apar\u0131l\u0131r.<\/p>\n\n\n\n<p>50 ya\u015fl\u0131 Rza Eyyubovun hans\u0131 s\u0259b\u0259bd\u0259n bel\u0259 add\u0131m atmas\u0131 ara\u015fd\u0131r\u0131l\u0131r.<\/p>\n","protected":false},"excerpt":{"rendered":"<p>U\u015faqlardan biri h\u0259yat\u0131n\u0131 itirib Bak\u0131da atan\u0131n iki u\u015fa\u011f\u0131n\u0131 b\u0131\u00e7aqlay\u0131b, daha &#8230; <\/p>\n<p class=\"read-more-container\"><a title=\"Prokurorluq: Bak\u0131da ata iki u\u015fa\u011f\u0131n\u0131 b\u0131\u00e7aqlad\u0131, ard\u0131nca \u00f6z\u00fc intihar etdi\" class=\"read-more button\" href=\"https:\/\/www.meydan.tv\/az\/article\/prokurorluq-bakida-ata-iki-usagini-bicaqladi-ardinca-ozu-intihar-etdi\/#more-311060\" aria-label=\"Read more about Prokurorluq: Bak\u0131da ata iki u\u015fa\u011f\u0131n\u0131 b\u0131\u00e7aqlad\u0131, ard\u0131nca \u00f6z\u00fc intihar etdi\">Davam\u0131<\/a><\/p>\n","protected":false},"author":8,"featured_media":255372,"comment_status":"closed","ping_status":"closed","sticky":false,"template":"","format":"standard","meta":{"_acf_changed":false,"_sitemap_exclude":false,"_sitemap_priority":"","_sitemap_frequency":"","footnotes":""},"categories":[62,56],"tags":[],"class_list":["post-311060","post","type-post","status-publish","format-standard","has-post-thumbnail","hentry","category-sosial","category-xeberler","infinite-scroll-item","generate-columns","tablet-grid-50","mobile-grid-100","grid-parent","grid-33","no-featured-image-padding"],"acf":[],"yoast_head":"<!-- This site is optimized with the Yoast SEO plugin v27.5 - https:\/\/yoast.com\/product\/yoast-seo-wordpress\/ -->\n<title>Prokurorluq: Bak\u0131da ata iki u\u015fa\u011f\u0131n\u0131 v\u0259 \u00f6z\u00fcn\u00fc b\u0131\u00e7aqlay\u0131b<\/title>\n<meta name=\"description\" content=\"Hadis\u0259 iyulun 22-d\u0259n 23-n\u0259 ke\u00e7\u0259n gec\u0259 saat 1 rad\u0259l\u0259rind\u0259 Suraxan\u0131 rayonu \u0259razisind\u0259 ba\u015f verib.\" \/>\n<meta name=\"robots\" content=\"index, follow, max-snippet:-1, max-image-preview:large, max-video-preview:-1\" \/>\n<link rel=\"canonical\" href=\"https:\/\/www.meydan.tv\/az\/article\/prokurorluq-bakida-ata-iki-usagini-bicaqladi-ardinca-ozu-intihar-etdi\/\" \/>\n<meta property=\"og:locale\" content=\"az_AZ\" \/>\n<meta property=\"og:type\" content=\"article\" \/>\n<meta property=\"og:title\" content=\"Prokurorluq: Bak\u0131da ata iki u\u015fa\u011f\u0131n\u0131 v\u0259 \u00f6z\u00fcn\u00fc b\u0131\u00e7aqlay\u0131b\" \/>\n<meta property=\"og:description\" content=\"Hadis\u0259 iyulun 22-d\u0259n 23-n\u0259 ke\u00e7\u0259n gec\u0259 saat 1 rad\u0259l\u0259rind\u0259 Suraxan\u0131 rayonu \u0259razisind\u0259 ba\u015f verib.\" \/>\n<meta property=\"og:url\" content=\"https:\/\/www.meydan.tv\/az\/article\/prokurorluq-bakida-ata-iki-usagini-bicaqladi-ardinca-ozu-intihar-etdi\/\" \/>\n<meta property=\"og:site_name\" content=\"MEYDAN.TV\" \/>\n<meta property=\"article:published_time\" content=\"2024-07-23T06:56:48+00:00\" \/>\n<meta property=\"article:modified_time\" content=\"2024-07-23T06:56:50+00:00\" \/>\n<meta property=\"og:image\" content=\"https:\/\/www.meydan.tv\/wp-content\/uploads\/106454848_3214070231987329_3731953532102179693_n.jpg\" \/>\n\t<meta property=\"og:image:width\" content=\"1200\" \/>\n\t<meta property=\"og:image:height\" content=\"900\" \/>\n\t<meta property=\"og:image:type\" content=\"image\/jpeg\" \/>\n<meta name=\"author\" content=\"elli\" \/>\n<meta name=\"twitter:card\" content=\"summary_large_image\" \/>\n<meta name=\"twitter:creator\" content=\"@elli\" \/>\n<script type=\"application\/ld+json\" class=\"yoast-schema-graph\">{\"@context\":\"https:\\\/\\\/schema.org\",\"@graph\":[{\"@type\":\"Article\",\"@id\":\"https:\\\/\\\/www.meydan.tv\\\/az\\\/article\\\/prokurorluq-bakida-ata-iki-usagini-bicaqladi-ardinca-ozu-intihar-etdi\\\/#article\",\"isPartOf\":{\"@id\":\"https:\\\/\\\/www.meydan.tv\\\/az\\\/article\\\/prokurorluq-bakida-ata-iki-usagini-bicaqladi-ardinca-ozu-intihar-etdi\\\/\"},\"author\":{\"name\":\"elli\",\"@id\":\"https:\\\/\\\/www.meydan.tv\\\/az\\\/#\\\/schema\\\/person\\\/9cdbecf90d17180ce1dfbd95b08dcf47\"},\"headline\":\"Prokurorluq: Bak\u0131da ata iki u\u015fa\u011f\u0131n\u0131 b\u0131\u00e7aqlad\u0131, ard\u0131nca \u00f6z\u00fc intihar etdi\",\"datePublished\":\"2024-07-23T06:56:48+00:00\",\"dateModified\":\"2024-07-23T06:56:50+00:00\",\"mainEntityOfPage\":{\"@id\":\"https:\\\/\\\/www.meydan.tv\\\/az\\\/article\\\/prokurorluq-bakida-ata-iki-usagini-bicaqladi-ardinca-ozu-intihar-etdi\\\/\"},\"wordCount\":199,\"publisher\":{\"@id\":\"https:\\\/\\\/www.meydan.tv\\\/az\\\/#organization\"},\"image\":{\"@id\":\"https:\\\/\\\/www.meydan.tv\\\/az\\\/article\\\/prokurorluq-bakida-ata-iki-usagini-bicaqladi-ardinca-ozu-intihar-etdi\\\/#primaryimage\"},\"thumbnailUrl\":\"https:\\\/\\\/www.meydan.tv\\\/wp-content\\\/uploads\\\/106454848_3214070231987329_3731953532102179693_n.jpg\",\"articleSection\":[\"Sosial\",\"X\u0259b\u0259rl\u0259r\"],\"inLanguage\":\"az\"},{\"@type\":\"WebPage\",\"@id\":\"https:\\\/\\\/www.meydan.tv\\\/az\\\/article\\\/prokurorluq-bakida-ata-iki-usagini-bicaqladi-ardinca-ozu-intihar-etdi\\\/\",\"url\":\"https:\\\/\\\/www.meydan.tv\\\/az\\\/article\\\/prokurorluq-bakida-ata-iki-usagini-bicaqladi-ardinca-ozu-intihar-etdi\\\/\",\"name\":\"Prokurorluq: Bak\u0131da ata iki u\u015fa\u011f\u0131n\u0131 v\u0259 \u00f6z\u00fcn\u00fc b\u0131\u00e7aqlay\u0131b\",\"isPartOf\":{\"@id\":\"https:\\\/\\\/www.meydan.tv\\\/az\\\/#website\"},\"primaryImageOfPage\":{\"@id\":\"https:\\\/\\\/www.meydan.tv\\\/az\\\/article\\\/prokurorluq-bakida-ata-iki-usagini-bicaqladi-ardinca-ozu-intihar-etdi\\\/#primaryimage\"},\"image\":{\"@id\":\"https:\\\/\\\/www.meydan.tv\\\/az\\\/article\\\/prokurorluq-bakida-ata-iki-usagini-bicaqladi-ardinca-ozu-intihar-etdi\\\/#primaryimage\"},\"thumbnailUrl\":\"https:\\\/\\\/www.meydan.tv\\\/wp-content\\\/uploads\\\/106454848_3214070231987329_3731953532102179693_n.jpg\",\"datePublished\":\"2024-07-23T06:56:48+00:00\",\"dateModified\":\"2024-07-23T06:56:50+00:00\",\"description\":\"Hadis\u0259 iyulun 22-d\u0259n 23-n\u0259 ke\u00e7\u0259n gec\u0259 saat 1 rad\u0259l\u0259rind\u0259 Suraxan\u0131 rayonu \u0259razisind\u0259 ba\u015f verib.\",\"breadcrumb\":{\"@id\":\"https:\\\/\\\/www.meydan.tv\\\/az\\\/article\\\/prokurorluq-bakida-ata-iki-usagini-bicaqladi-ardinca-ozu-intihar-etdi\\\/#breadcrumb\"},\"inLanguage\":\"az\",\"potentialAction\":[{\"@type\":\"ReadAction\",\"target\":[\"https:\\\/\\\/www.meydan.tv\\\/az\\\/article\\\/prokurorluq-bakida-ata-iki-usagini-bicaqladi-ardinca-ozu-intihar-etdi\\\/\"]}]},{\"@type\":\"ImageObject\",\"inLanguage\":\"az\",\"@id\":\"https:\\\/\\\/www.meydan.tv\\\/az\\\/article\\\/prokurorluq-bakida-ata-iki-usagini-bicaqladi-ardinca-ozu-intihar-etdi\\\/#primaryimage\",\"url\":\"https:\\\/\\\/www.meydan.tv\\\/wp-content\\\/uploads\\\/106454848_3214070231987329_3731953532102179693_n.jpg\",\"contentUrl\":\"https:\\\/\\\/www.meydan.tv\\\/wp-content\\\/uploads\\\/106454848_3214070231987329_3731953532102179693_n.jpg\",\"width\":1200,\"height\":900,\"caption\":\"Suraxan\u0131 Rayon Prokurorlu\u011fu. M\u0259nb\u0259: Suraxan\u0131 Rayon Prokurorlu\u011fu\"},{\"@type\":\"BreadcrumbList\",\"@id\":\"https:\\\/\\\/www.meydan.tv\\\/az\\\/article\\\/prokurorluq-bakida-ata-iki-usagini-bicaqladi-ardinca-ozu-intihar-etdi\\\/#breadcrumb\",\"itemListElement\":[{\"@type\":\"ListItem\",\"position\":1,\"name\":\"Ana s\u0259hif\u0259\",\"item\":\"https:\\\/\\\/www.meydan.tv\\\/az\\\/\"},{\"@type\":\"ListItem\",\"position\":2,\"name\":\"Sosial\",\"item\":\"https:\\\/\\\/www.meydan.tv\\\/az\\\/section\\\/sosial\\\/\"},{\"@type\":\"ListItem\",\"position\":3,\"name\":\"Prokurorluq: Bak\u0131da ata iki u\u015fa\u011f\u0131n\u0131 b\u0131\u00e7aqlad\u0131, ard\u0131nca \u00f6z\u00fc intihar etdi\"}]},{\"@type\":\"WebSite\",\"@id\":\"https:\\\/\\\/www.meydan.tv\\\/az\\\/#website\",\"url\":\"https:\\\/\\\/www.meydan.tv\\\/az\\\/\",\"name\":\"MEYDAN.TV\",\"description\":\"Meydan TV Az\u0259rbaycan\u0131n media m\u0259kan\u0131ndak\u0131 alternativ s\u0259sidir\",\"publisher\":{\"@id\":\"https:\\\/\\\/www.meydan.tv\\\/az\\\/#organization\"},\"potentialAction\":[{\"@type\":\"SearchAction\",\"target\":{\"@type\":\"EntryPoint\",\"urlTemplate\":\"https:\\\/\\\/www.meydan.tv\\\/az\\\/?s={search_term_string}\"},\"query-input\":{\"@type\":\"PropertyValueSpecification\",\"valueRequired\":true,\"valueName\":\"search_term_string\"}}],\"inLanguage\":\"az\"},{\"@type\":\"Organization\",\"@id\":\"https:\\\/\\\/www.meydan.tv\\\/az\\\/#organization\",\"name\":\"Meydan TV\",\"url\":\"https:\\\/\\\/www.meydan.tv\\\/az\\\/\",\"logo\":{\"@type\":\"ImageObject\",\"inLanguage\":\"az\",\"@id\":\"https:\\\/\\\/www.meydan.tv\\\/az\\\/#\\\/schema\\\/logo\\\/image\\\/\",\"url\":\"https:\\\/\\\/www.meydan.tv\\\/wp-content\\\/uploads\\\/2021\\\/07\\\/meydan-logo.svg\",\"contentUrl\":\"https:\\\/\\\/www.meydan.tv\\\/wp-content\\\/uploads\\\/2021\\\/07\\\/meydan-logo.svg\",\"width\":195,\"height\":46,\"caption\":\"Meydan TV\"},\"image\":{\"@id\":\"https:\\\/\\\/www.meydan.tv\\\/az\\\/#\\\/schema\\\/logo\\\/image\\\/\"}},{\"@type\":\"Person\",\"@id\":\"https:\\\/\\\/www.meydan.tv\\\/az\\\/#\\\/schema\\\/person\\\/9cdbecf90d17180ce1dfbd95b08dcf47\",\"name\":\"elli\",\"sameAs\":[\"https:\\\/\\\/x.com\\\/elli\"]}]}<\/script>\n<!-- \/ Yoast SEO plugin. -->","yoast_head_json":{"title":"Prokurorluq: Bak\u0131da ata iki u\u015fa\u011f\u0131n\u0131 v\u0259 \u00f6z\u00fcn\u00fc b\u0131\u00e7aqlay\u0131b","description":"Hadis\u0259 iyulun 22-d\u0259n 23-n\u0259 ke\u00e7\u0259n gec\u0259 saat 1 rad\u0259l\u0259rind\u0259 Suraxan\u0131 rayonu \u0259razisind\u0259 ba\u015f verib.","robots":{"index":"index","follow":"follow","max-snippet":"max-snippet:-1","max-image-preview":"max-image-preview:large","max-video-preview":"max-video-preview:-1"},"canonical":"https:\/\/www.meydan.tv\/az\/article\/prokurorluq-bakida-ata-iki-usagini-bicaqladi-ardinca-ozu-intihar-etdi\/","og_locale":"az_AZ","og_type":"article","og_title":"Prokurorluq: Bak\u0131da ata iki u\u015fa\u011f\u0131n\u0131 v\u0259 \u00f6z\u00fcn\u00fc b\u0131\u00e7aqlay\u0131b","og_description":"Hadis\u0259 iyulun 22-d\u0259n 23-n\u0259 ke\u00e7\u0259n gec\u0259 saat 1 rad\u0259l\u0259rind\u0259 Suraxan\u0131 rayonu \u0259razisind\u0259 ba\u015f verib.","og_url":"https:\/\/www.meydan.tv\/az\/article\/prokurorluq-bakida-ata-iki-usagini-bicaqladi-ardinca-ozu-intihar-etdi\/","og_site_name":"MEYDAN.TV","article_published_time":"2024-07-23T06:56:48+00:00","article_modified_time":"2024-07-23T06:56:50+00:00","og_image":[{"width":1200,"height":900,"url":"https:\/\/www.meydan.tv\/wp-content\/uploads\/106454848_3214070231987329_3731953532102179693_n.jpg","type":"image\/jpeg"}],"author":"elli","twitter_card":"summary_large_image","twitter_creator":"@elli","schema":{"@context":"https:\/\/schema.org","@graph":[{"@type":"Article","@id":"https:\/\/www.meydan.tv\/az\/article\/prokurorluq-bakida-ata-iki-usagini-bicaqladi-ardinca-ozu-intihar-etdi\/#article","isPartOf":{"@id":"https:\/\/www.meydan.tv\/az\/article\/prokurorluq-bakida-ata-iki-usagini-bicaqladi-ardinca-ozu-intihar-etdi\/"},"author":{"name":"elli","@id":"https:\/\/www.meydan.tv\/az\/#\/schema\/person\/9cdbecf90d17180ce1dfbd95b08dcf47"},"headline":"Prokurorluq: Bak\u0131da ata iki u\u015fa\u011f\u0131n\u0131 b\u0131\u00e7aqlad\u0131, ard\u0131nca \u00f6z\u00fc intihar etdi","datePublished":"2024-07-23T06:56:48+00:00","dateModified":"2024-07-23T06:56:50+00:00","mainEntityOfPage":{"@id":"https:\/\/www.meydan.tv\/az\/article\/prokurorluq-bakida-ata-iki-usagini-bicaqladi-ardinca-ozu-intihar-etdi\/"},"wordCount":199,"publisher":{"@id":"https:\/\/www.meydan.tv\/az\/#organization"},"image":{"@id":"https:\/\/www.meydan.tv\/az\/article\/prokurorluq-bakida-ata-iki-usagini-bicaqladi-ardinca-ozu-intihar-etdi\/#primaryimage"},"thumbnailUrl":"https:\/\/www.meydan.tv\/wp-content\/uploads\/106454848_3214070231987329_3731953532102179693_n.jpg","articleSection":["Sosial","X\u0259b\u0259rl\u0259r"],"inLanguage":"az"},{"@type":"WebPage","@id":"https:\/\/www.meydan.tv\/az\/article\/prokurorluq-bakida-ata-iki-usagini-bicaqladi-ardinca-ozu-intihar-etdi\/","url":"https:\/\/www.meydan.tv\/az\/article\/prokurorluq-bakida-ata-iki-usagini-bicaqladi-ardinca-ozu-intihar-etdi\/","name":"Prokurorluq: Bak\u0131da ata iki u\u015fa\u011f\u0131n\u0131 v\u0259 \u00f6z\u00fcn\u00fc b\u0131\u00e7aqlay\u0131b","isPartOf":{"@id":"https:\/\/www.meydan.tv\/az\/#website"},"primaryImageOfPage":{"@id":"https:\/\/www.meydan.tv\/az\/article\/prokurorluq-bakida-ata-iki-usagini-bicaqladi-ardinca-ozu-intihar-etdi\/#primaryimage"},"image":{"@id":"https:\/\/www.meydan.tv\/az\/article\/prokurorluq-bakida-ata-iki-usagini-bicaqladi-ardinca-ozu-intihar-etdi\/#primaryimage"},"thumbnailUrl":"https:\/\/www.meydan.tv\/wp-content\/uploads\/106454848_3214070231987329_3731953532102179693_n.jpg","datePublished":"2024-07-23T06:56:48+00:00","dateModified":"2024-07-23T06:56:50+00:00","description":"Hadis\u0259 iyulun 22-d\u0259n 23-n\u0259 ke\u00e7\u0259n gec\u0259 saat 1 rad\u0259l\u0259rind\u0259 Suraxan\u0131 rayonu \u0259razisind\u0259 ba\u015f verib.","breadcrumb":{"@id":"https:\/\/www.meydan.tv\/az\/article\/prokurorluq-bakida-ata-iki-usagini-bicaqladi-ardinca-ozu-intihar-etdi\/#breadcrumb"},"inLanguage":"az","potentialAction":[{"@type":"ReadAction","target":["https:\/\/www.meydan.tv\/az\/article\/prokurorluq-bakida-ata-iki-usagini-bicaqladi-ardinca-ozu-intihar-etdi\/"]}]},{"@type":"ImageObject","inLanguage":"az","@id":"https:\/\/www.meydan.tv\/az\/article\/prokurorluq-bakida-ata-iki-usagini-bicaqladi-ardinca-ozu-intihar-etdi\/#primaryimage","url":"https:\/\/www.meydan.tv\/wp-content\/uploads\/106454848_3214070231987329_3731953532102179693_n.jpg","contentUrl":"https:\/\/www.meydan.tv\/wp-content\/uploads\/106454848_3214070231987329_3731953532102179693_n.jpg","width":1200,"height":900,"caption":"Suraxan\u0131 Rayon Prokurorlu\u011fu. M\u0259nb\u0259: Suraxan\u0131 Rayon Prokurorlu\u011fu"},{"@type":"BreadcrumbList","@id":"https:\/\/www.meydan.tv\/az\/article\/prokurorluq-bakida-ata-iki-usagini-bicaqladi-ardinca-ozu-intihar-etdi\/#breadcrumb","itemListElement":[{"@type":"ListItem","position":1,"name":"Ana s\u0259hif\u0259","item":"https:\/\/www.meydan.tv\/az\/"},{"@type":"ListItem","position":2,"name":"Sosial","item":"https:\/\/www.meydan.tv\/az\/section\/sosial\/"},{"@type":"ListItem","position":3,"name":"Prokurorluq: Bak\u0131da ata iki u\u015fa\u011f\u0131n\u0131 b\u0131\u00e7aqlad\u0131, ard\u0131nca \u00f6z\u00fc intihar etdi"}]},{"@type":"WebSite","@id":"https:\/\/www.meydan.tv\/az\/#website","url":"https:\/\/www.meydan.tv\/az\/","name":"MEYDAN.TV","description":"Meydan TV Az\u0259rbaycan\u0131n media m\u0259kan\u0131ndak\u0131 alternativ s\u0259sidir","publisher":{"@id":"https:\/\/www.meydan.tv\/az\/#organization"},"potentialAction":[{"@type":"SearchAction","target":{"@type":"EntryPoint","urlTemplate":"https:\/\/www.meydan.tv\/az\/?s={search_term_string}"},"query-input":{"@type":"PropertyValueSpecification","valueRequired":true,"valueName":"search_term_string"}}],"inLanguage":"az"},{"@type":"Organization","@id":"https:\/\/www.meydan.tv\/az\/#organization","name":"Meydan TV","url":"https:\/\/www.meydan.tv\/az\/","logo":{"@type":"ImageObject","inLanguage":"az","@id":"https:\/\/www.meydan.tv\/az\/#\/schema\/logo\/image\/","url":"https:\/\/www.meydan.tv\/wp-content\/uploads\/2021\/07\/meydan-logo.svg","contentUrl":"https:\/\/www.meydan.tv\/wp-content\/uploads\/2021\/07\/meydan-logo.svg","width":195,"height":46,"caption":"Meydan TV"},"image":{"@id":"https:\/\/www.meydan.tv\/az\/#\/schema\/logo\/image\/"}},{"@type":"Person","@id":"https:\/\/www.meydan.tv\/az\/#\/schema\/person\/9cdbecf90d17180ce1dfbd95b08dcf47","name":"elli","sameAs":["https:\/\/x.com\/elli"]}]}},"_links":{"self":[{"href":"https:\/\/www.meydan.tv\/az\/wp-json\/wp\/v2\/posts\/311060","targetHints":{"allow":["GET"]}}],"collection":[{"href":"https:\/\/www.meydan.tv\/az\/wp-json\/wp\/v2\/posts"}],"about":[{"href":"https:\/\/www.meydan.tv\/az\/wp-json\/wp\/v2\/types\/post"}],"author":[{"embeddable":true,"href":"https:\/\/www.meydan.tv\/az\/wp-json\/wp\/v2\/users\/8"}],"replies":[{"embeddable":true,"href":"https:\/\/www.meydan.tv\/az\/wp-json\/wp\/v2\/comments?post=311060"}],"version-history":[{"count":3,"href":"https:\/\/www.meydan.tv\/az\/wp-json\/wp\/v2\/posts\/311060\/revisions"}],"predecessor-version":[{"id":311064,"href":"https:\/\/www.meydan.tv\/az\/wp-json\/wp\/v2\/posts\/311060\/revisions\/311064"}],"wp:featuredmedia":[{"embeddable":true,"href":"https:\/\/www.meydan.tv\/az\/wp-json\/wp\/v2\/media\/255372"}],"wp:attachment":[{"href":"https:\/\/www.meydan.tv\/az\/wp-json\/wp\/v2\/media?parent=311060"}],"wp:term":[{"taxonomy":"category","embeddable":true,"href":"https:\/\/www.meydan.tv\/az\/wp-json\/wp\/v2\/categories?post=311060"},{"taxonomy":"post_tag","embeddable":true,"href":"https:\/\/www.meydan.tv\/az\/wp-json\/wp\/v2\/tags?post=311060"}],"curies":[{"name":"wp","href":"https:\/\/api.w.org\/{rel}","templated":true}]}}