{"id":311043,"date":"2024-07-22T23:02:14","date_gmt":"2024-07-22T19:02:14","guid":{"rendered":"https:\/\/www.meydan.tv\/?p=311043"},"modified":"2024-07-23T01:19:38","modified_gmt":"2024-07-22T21:19:38","slug":"cernobil-veterani-xeberdarliqsiz-isden-cixarildigini-deyir","status":"publish","type":"post","link":"https:\/\/www.meydan.tv\/az\/article\/cernobil-veterani-xeberdarliqsiz-isden-cixarildigini-deyir\/","title":{"rendered":"\u00c7ernob\u0131l veteran\u0131 x\u0259b\u0259rdarl\u0131qs\u0131z i\u015fd\u0259n \u00e7\u0131xar\u0131ld\u0131\u011f\u0131n\u0131 deyir"},"content":{"rendered":"\n<p><\/p>\n\n\n\n<p><em><strong>Aqil M\u0259mm\u0259dov Prezident\u0259 m\u00fcraci\u0259t \u00fcnvanlay\u0131b<\/strong><\/em><\/p>\n\n\n\n<p>\u015e\u0259kinin Ba\u015f G\u00f6yn\u00fck k\u0259nd sakini, II qrup \u0259lil, 1967-ci il t\u0259v\u0259ll\u00fcdl\u00fc Aqil M\u0259mm\u0259dov 12 il\u0259 yax\u0131nd\u0131r s\u00fcr\u00fcc\u00fc kimi i\u015fl\u0259diyi \u015e\u0259ki Suvarma Sisteml\u0259ri \u0130dar\u0259sind\u0259n qanunsuz i\u015fd\u0259n \u00e7\u0131xar\u0131ld\u0131\u011f\u0131n\u0131 iddia edib. \u015eikay\u0259t\u00e7i bildirib ki, idar\u0259 r\u0259hb\u0259rliyi ona i\u015fd\u0259n \u00e7\u0131xar\u0131laca\u011f\u0131 il\u0259 ba\u011fl\u0131 \u0259vv\u0259lc\u0259d\u0259n x\u0259b\u0259rdarl\u0131q etm\u0259yib, haz\u0131rda \u00e7\u0131x\u0131lmaz v\u0259ziyy\u0259td\u0259 dolan\u0131\u015f\u0131q \u00fc\u00e7\u00fcn k\u00f6m\u0259k g\u00f6zl\u0259yir.<\/p>\n\n\n\n<p><em>\u201c\u0130dar\u0259nin r\u0259isi Sabir \u018fhm\u0259dov z\u0259ng ed\u0259r\u0259k t\u0259cili \u00f6z xahi\u015fiml\u0259 i\u015fd\u0259n \u00e7\u0131xmaq \u00fc\u00e7\u00fcn \u0259riz\u0259 yazma\u011f\u0131m\u0131 ist\u0259di. Ona \u0259lil v\u0259 x\u00fcsusi kateqoriyaya aid \u00c7ernob\u0131l veteran\u0131 oldu\u011fumu xat\u0131rlatd\u0131m. Bildirdim ki, ixtisarlara m\u0259niml\u0259 ba\u015flamaq m\u00f6vcud qaydalara ziddir\u201d,<\/em>-M\u0259mm\u0259dov Meydan TV-y\u0259 bildirib.<\/p>\n\n\n\n<p>\u015eikay\u0259t\u00e7inin s\u00f6zl\u0259rin\u0259 g\u00f6r\u0259, onun ixtisar\u0131n\u0131 idar\u0259 etdiyi avtomobilin k\u00f6hn\u0259lm\u0259si il\u0259 \u0259laq\u0259l\u0259ndiribl\u0259r:<\/p>\n\n\n\n<p>\u201c<em>\u00d6z xahi\u015fiml\u0259 i\u015fd\u0259n \u00e7\u0131xmaq t\u0259klifi il\u0259 raz\u0131la\u015fmad\u0131m. Dedil\u0259r ki, g\u00f6st\u0259ri\u015f birba\u015fa Az\u0259rbaycan D\u00f6vl\u0259t Su Ehtiyatlar\u0131 Agentliyinin s\u0259dri Zaur Mikay\u0131lov t\u0259r\u0259find\u0259n g\u0259lib. Agentlik s\u0259dri niy\u0259 tan\u0131mad\u0131\u011f\u0131 \u00c7ernob\u0131l veteran\u0131n\u0131n i\u015fd\u0259n \u00e7\u0131xmas\u0131na g\u00f6st\u0259ri\u015f versin? Bu b\u0259han\u0259y\u0259 inanm\u0131ram\u201d.<\/em><\/p>\n\n\n\n<p>A.M\u0259mm\u0259dov bildirib ki, aidiyyat\u0131 qurumlara m\u00fcraci\u0259t etm\u0259sin\u0259 baxmayaraq, mart\u0131n 6-da x\u0259b\u0259rdarl\u0131q etm\u0259d\u0259n i\u015fd\u0259n \u00e7\u0131xar\u0131l\u0131b.<\/p>\n\n\n\n<p>\u201c<em>\u00dc\u00e7 q\u0131z\u0131m m\u0259nim himay\u0259md\u0259dir, \u00fcst\u0259lik, \u0259lil \u00f6vlad\u0131 olan bac\u0131ma da k\u00f6m\u0259klik edir\u0259m. \u00dcnvanlad\u0131\u011f\u0131m m\u0259ktuba agentliyin Aparat r\u0259hb\u0259rinin imzas\u0131 il\u0259 cavab g\u00f6nd\u0259rilib. Guya m\u0259nim \u00c7ernob\u0131l veteran\u0131 v\u0259 \u0259lil olma\u011f\u0131mdan 10 ild\u0259n \u00e7ox i\u015fl\u0259diyim \u015e\u0259ki Suvarma Sisteml\u0259ri \u0130dar\u0259sinin x\u0259b\u0259ri olmay\u0131b. Yaln\u0131z i\u015fd\u0259n \u00e7\u0131xar\u0131landan sonra bundan x\u0259b\u0259r tutublar. Deyirl\u0259r ki, H\u0259mkarlar \u0130ttifaq\u0131n\u0131n q\u0259rar\u0131 il\u0259 i\u015fd\u0259n \u00e7\u0131xar\u0131lm\u0131\u015fam. \u0130\u015f\u0259 vaxtl\u0131-vaxt\u0131nda getm\u0259m\u0259yimi \u0259sas g\u0259tirirl\u0259r, m\u0259n is\u0259 bunun s\u00fcbut olunmas\u0131n\u0131 ist\u0259yir\u0259m\u201d<\/em>,-M\u0259mm\u0259dov bildirib.<\/p>\n\n\n\n<p>O, Prezident \u0130lham \u018fliyev\u0259 m\u00fcraci\u0259t ed\u0259r\u0259k \u00f6hd\u0259sind\u0259 3 q\u0131z \u00f6vlad\u0131n\u0131n olmas\u0131n\u0131, bac\u0131s\u0131n\u0131n ail\u0259sin\u0259 d\u0259 yard\u0131m g\u00f6st\u0259rm\u0259sini n\u0259z\u0259r\u0259 alaraq i\u015fl\u0259 t\u0259min edilm\u0259sin\u0259 yardm g\u00f6st\u0259rm\u0259yi xahi\u015f edib. Haz\u0131rda f\u0259hl\u0259 kimi \u00e7al\u0131\u015fan M\u0259mm\u0259dov s\u0259hh\u0259tind\u0259 probleml\u0259r yarand\u0131\u011f\u0131n\u0131 da qeyd edib.<\/p>\n\n\n\n<p>\u015e\u0259ki Suvarma Sisteml\u0259ri \u0130dar\u0259sind\u0259n Meydan TV-nin sual\u0131n\u0131 Az\u0259rbaycan D\u00f6vl\u0259t Su Ehtiyatlar\u0131 Agentliyin\u0259 y\u00f6nl\u0259ndiribl\u0259r. Agentlikd\u0259n is\u0259 \u015fikay\u0259tl\u0259 ba\u011fl\u0131 a\u00e7\u0131qlama verm\u0259yibl\u0259r.<\/p>\n","protected":false},"excerpt":{"rendered":"<p>Aqil M\u0259mm\u0259dov Prezident\u0259 m\u00fcraci\u0259t \u00fcnvanlay\u0131b \u015e\u0259kinin Ba\u015f G\u00f6yn\u00fck k\u0259nd sakini, &#8230; <\/p>\n<p class=\"read-more-container\"><a title=\"\u00c7ernob\u0131l veteran\u0131 x\u0259b\u0259rdarl\u0131qs\u0131z i\u015fd\u0259n \u00e7\u0131xar\u0131ld\u0131\u011f\u0131n\u0131 deyir\" class=\"read-more button\" href=\"https:\/\/www.meydan.tv\/az\/article\/cernobil-veterani-xeberdarliqsiz-isden-cixarildigini-deyir\/#more-311043\" aria-label=\"Read more about \u00c7ernob\u0131l veteran\u0131 x\u0259b\u0259rdarl\u0131qs\u0131z i\u015fd\u0259n \u00e7\u0131xar\u0131ld\u0131\u011f\u0131n\u0131 deyir\">Davam\u0131<\/a><\/p>\n","protected":false},"author":8,"featured_media":311040,"comment_status":"closed","ping_status":"closed","sticky":false,"template":"","format":"standard","meta":{"_acf_changed":false,"_sitemap_exclude":false,"_sitemap_priority":"","_sitemap_frequency":"","footnotes":""},"categories":[60,56],"tags":[],"class_list":["post-311043","post","type-post","status-publish","format-standard","has-post-thumbnail","hentry","category-bolge","category-xeberler","infinite-scroll-item","generate-columns","tablet-grid-50","mobile-grid-100","grid-parent","grid-33","no-featured-image-padding"],"acf":[],"yoast_head":"<!-- This site is optimized with the Yoast SEO plugin v27.4 - https:\/\/yoast.com\/product\/yoast-seo-wordpress\/ -->\n<title>\u00c7ernob\u0131l veteran\u0131 x\u0259b\u0259rdarl\u0131qs\u0131z i\u015fd\u0259n \u00e7\u0131xar\u0131ld\u0131\u011f\u0131n\u0131 deyir - MEYDAN.TV<\/title>\n<meta name=\"robots\" content=\"index, follow, max-snippet:-1, max-image-preview:large, max-video-preview:-1\" \/>\n<link rel=\"canonical\" href=\"https:\/\/www.meydan.tv\/az\/article\/cernobil-veterani-xeberdarliqsiz-isden-cixarildigini-deyir\/\" \/>\n<meta property=\"og:locale\" content=\"az_AZ\" \/>\n<meta property=\"og:type\" content=\"article\" \/>\n<meta property=\"og:title\" content=\"\u00c7ernob\u0131l veteran\u0131 x\u0259b\u0259rdarl\u0131qs\u0131z i\u015fd\u0259n \u00e7\u0131xar\u0131ld\u0131\u011f\u0131n\u0131 deyir - MEYDAN.TV\" \/>\n<meta property=\"og:description\" content=\"Aqil M\u0259mm\u0259dov Prezident\u0259 m\u00fcraci\u0259t \u00fcnvanlay\u0131b \u015e\u0259kinin Ba\u015f G\u00f6yn\u00fck k\u0259nd sakini, ... Davam\u0131\" \/>\n<meta property=\"og:url\" content=\"https:\/\/www.meydan.tv\/az\/article\/cernobil-veterani-xeberdarliqsiz-isden-cixarildigini-deyir\/\" \/>\n<meta property=\"og:site_name\" content=\"MEYDAN.TV\" \/>\n<meta property=\"article:published_time\" content=\"2024-07-22T19:02:14+00:00\" \/>\n<meta property=\"article:modified_time\" content=\"2024-07-22T21:19:38+00:00\" \/>\n<meta property=\"og:image\" content=\"https:\/\/www.meydan.tv\/wp-content\/uploads\/cernobil-e1721674708995.jpg\" \/>\n\t<meta property=\"og:image:width\" content=\"1182\" \/>\n\t<meta property=\"og:image:height\" content=\"525\" \/>\n\t<meta property=\"og:image:type\" content=\"image\/jpeg\" \/>\n<meta name=\"author\" content=\"elli\" \/>\n<meta name=\"twitter:card\" content=\"summary_large_image\" \/>\n<meta name=\"twitter:creator\" content=\"@elli\" \/>\n<script type=\"application\/ld+json\" class=\"yoast-schema-graph\">{\"@context\":\"https:\\\/\\\/schema.org\",\"@graph\":[{\"@type\":\"Article\",\"@id\":\"https:\\\/\\\/www.meydan.tv\\\/az\\\/article\\\/cernobil-veterani-xeberdarliqsiz-isden-cixarildigini-deyir\\\/#article\",\"isPartOf\":{\"@id\":\"https:\\\/\\\/www.meydan.tv\\\/az\\\/article\\\/cernobil-veterani-xeberdarliqsiz-isden-cixarildigini-deyir\\\/\"},\"author\":{\"name\":\"elli\",\"@id\":\"https:\\\/\\\/www.meydan.tv\\\/az\\\/#\\\/schema\\\/person\\\/9cdbecf90d17180ce1dfbd95b08dcf47\"},\"headline\":\"\u00c7ernob\u0131l veteran\u0131 x\u0259b\u0259rdarl\u0131qs\u0131z i\u015fd\u0259n \u00e7\u0131xar\u0131ld\u0131\u011f\u0131n\u0131 deyir\",\"datePublished\":\"2024-07-22T19:02:14+00:00\",\"dateModified\":\"2024-07-22T21:19:38+00:00\",\"mainEntityOfPage\":{\"@id\":\"https:\\\/\\\/www.meydan.tv\\\/az\\\/article\\\/cernobil-veterani-xeberdarliqsiz-isden-cixarildigini-deyir\\\/\"},\"wordCount\":518,\"publisher\":{\"@id\":\"https:\\\/\\\/www.meydan.tv\\\/az\\\/#organization\"},\"image\":{\"@id\":\"https:\\\/\\\/www.meydan.tv\\\/az\\\/article\\\/cernobil-veterani-xeberdarliqsiz-isden-cixarildigini-deyir\\\/#primaryimage\"},\"thumbnailUrl\":\"https:\\\/\\\/www.meydan.tv\\\/wp-content\\\/uploads\\\/cernobil-e1721674708995.jpg\",\"articleSection\":[\"B\u00f6lg\u0259\",\"X\u0259b\u0259rl\u0259r\"],\"inLanguage\":\"az\"},{\"@type\":\"WebPage\",\"@id\":\"https:\\\/\\\/www.meydan.tv\\\/az\\\/article\\\/cernobil-veterani-xeberdarliqsiz-isden-cixarildigini-deyir\\\/\",\"url\":\"https:\\\/\\\/www.meydan.tv\\\/az\\\/article\\\/cernobil-veterani-xeberdarliqsiz-isden-cixarildigini-deyir\\\/\",\"name\":\"\u00c7ernob\u0131l veteran\u0131 x\u0259b\u0259rdarl\u0131qs\u0131z i\u015fd\u0259n \u00e7\u0131xar\u0131ld\u0131\u011f\u0131n\u0131 deyir - MEYDAN.TV\",\"isPartOf\":{\"@id\":\"https:\\\/\\\/www.meydan.tv\\\/az\\\/#website\"},\"primaryImageOfPage\":{\"@id\":\"https:\\\/\\\/www.meydan.tv\\\/az\\\/article\\\/cernobil-veterani-xeberdarliqsiz-isden-cixarildigini-deyir\\\/#primaryimage\"},\"image\":{\"@id\":\"https:\\\/\\\/www.meydan.tv\\\/az\\\/article\\\/cernobil-veterani-xeberdarliqsiz-isden-cixarildigini-deyir\\\/#primaryimage\"},\"thumbnailUrl\":\"https:\\\/\\\/www.meydan.tv\\\/wp-content\\\/uploads\\\/cernobil-e1721674708995.jpg\",\"datePublished\":\"2024-07-22T19:02:14+00:00\",\"dateModified\":\"2024-07-22T21:19:38+00:00\",\"breadcrumb\":{\"@id\":\"https:\\\/\\\/www.meydan.tv\\\/az\\\/article\\\/cernobil-veterani-xeberdarliqsiz-isden-cixarildigini-deyir\\\/#breadcrumb\"},\"inLanguage\":\"az\",\"potentialAction\":[{\"@type\":\"ReadAction\",\"target\":[\"https:\\\/\\\/www.meydan.tv\\\/az\\\/article\\\/cernobil-veterani-xeberdarliqsiz-isden-cixarildigini-deyir\\\/\"]}]},{\"@type\":\"ImageObject\",\"inLanguage\":\"az\",\"@id\":\"https:\\\/\\\/www.meydan.tv\\\/az\\\/article\\\/cernobil-veterani-xeberdarliqsiz-isden-cixarildigini-deyir\\\/#primaryimage\",\"url\":\"https:\\\/\\\/www.meydan.tv\\\/wp-content\\\/uploads\\\/cernobil-e1721674708995.jpg\",\"contentUrl\":\"https:\\\/\\\/www.meydan.tv\\\/wp-content\\\/uploads\\\/cernobil-e1721674708995.jpg\",\"width\":1182,\"height\":525,\"caption\":\"Aqil M\u0259mm\u0259dov. Foto: Meydan TV\"},{\"@type\":\"BreadcrumbList\",\"@id\":\"https:\\\/\\\/www.meydan.tv\\\/az\\\/article\\\/cernobil-veterani-xeberdarliqsiz-isden-cixarildigini-deyir\\\/#breadcrumb\",\"itemListElement\":[{\"@type\":\"ListItem\",\"position\":1,\"name\":\"Ana s\u0259hif\u0259\",\"item\":\"https:\\\/\\\/www.meydan.tv\\\/az\\\/\"},{\"@type\":\"ListItem\",\"position\":2,\"name\":\"B\u00f6lg\u0259\",\"item\":\"https:\\\/\\\/www.meydan.tv\\\/az\\\/section\\\/bolge\\\/\"},{\"@type\":\"ListItem\",\"position\":3,\"name\":\"\u00c7ernob\u0131l veteran\u0131 x\u0259b\u0259rdarl\u0131qs\u0131z i\u015fd\u0259n \u00e7\u0131xar\u0131ld\u0131\u011f\u0131n\u0131 deyir\"}]},{\"@type\":\"WebSite\",\"@id\":\"https:\\\/\\\/www.meydan.tv\\\/az\\\/#website\",\"url\":\"https:\\\/\\\/www.meydan.tv\\\/az\\\/\",\"name\":\"MEYDAN.TV\",\"description\":\"Meydan TV Az\u0259rbaycan\u0131n media m\u0259kan\u0131ndak\u0131 alternativ s\u0259sidir\",\"publisher\":{\"@id\":\"https:\\\/\\\/www.meydan.tv\\\/az\\\/#organization\"},\"potentialAction\":[{\"@type\":\"SearchAction\",\"target\":{\"@type\":\"EntryPoint\",\"urlTemplate\":\"https:\\\/\\\/www.meydan.tv\\\/az\\\/?s={search_term_string}\"},\"query-input\":{\"@type\":\"PropertyValueSpecification\",\"valueRequired\":true,\"valueName\":\"search_term_string\"}}],\"inLanguage\":\"az\"},{\"@type\":\"Organization\",\"@id\":\"https:\\\/\\\/www.meydan.tv\\\/az\\\/#organization\",\"name\":\"Meydan TV\",\"url\":\"https:\\\/\\\/www.meydan.tv\\\/az\\\/\",\"logo\":{\"@type\":\"ImageObject\",\"inLanguage\":\"az\",\"@id\":\"https:\\\/\\\/www.meydan.tv\\\/az\\\/#\\\/schema\\\/logo\\\/image\\\/\",\"url\":\"https:\\\/\\\/www.meydan.tv\\\/wp-content\\\/uploads\\\/2021\\\/07\\\/meydan-logo.svg\",\"contentUrl\":\"https:\\\/\\\/www.meydan.tv\\\/wp-content\\\/uploads\\\/2021\\\/07\\\/meydan-logo.svg\",\"width\":195,\"height\":46,\"caption\":\"Meydan TV\"},\"image\":{\"@id\":\"https:\\\/\\\/www.meydan.tv\\\/az\\\/#\\\/schema\\\/logo\\\/image\\\/\"}},{\"@type\":\"Person\",\"@id\":\"https:\\\/\\\/www.meydan.tv\\\/az\\\/#\\\/schema\\\/person\\\/9cdbecf90d17180ce1dfbd95b08dcf47\",\"name\":\"elli\",\"sameAs\":[\"https:\\\/\\\/x.com\\\/elli\"]}]}<\/script>\n<!-- \/ Yoast SEO plugin. -->","yoast_head_json":{"title":"\u00c7ernob\u0131l veteran\u0131 x\u0259b\u0259rdarl\u0131qs\u0131z i\u015fd\u0259n \u00e7\u0131xar\u0131ld\u0131\u011f\u0131n\u0131 deyir - MEYDAN.TV","robots":{"index":"index","follow":"follow","max-snippet":"max-snippet:-1","max-image-preview":"max-image-preview:large","max-video-preview":"max-video-preview:-1"},"canonical":"https:\/\/www.meydan.tv\/az\/article\/cernobil-veterani-xeberdarliqsiz-isden-cixarildigini-deyir\/","og_locale":"az_AZ","og_type":"article","og_title":"\u00c7ernob\u0131l veteran\u0131 x\u0259b\u0259rdarl\u0131qs\u0131z i\u015fd\u0259n \u00e7\u0131xar\u0131ld\u0131\u011f\u0131n\u0131 deyir - MEYDAN.TV","og_description":"Aqil M\u0259mm\u0259dov Prezident\u0259 m\u00fcraci\u0259t \u00fcnvanlay\u0131b \u015e\u0259kinin Ba\u015f G\u00f6yn\u00fck k\u0259nd sakini, ... Davam\u0131","og_url":"https:\/\/www.meydan.tv\/az\/article\/cernobil-veterani-xeberdarliqsiz-isden-cixarildigini-deyir\/","og_site_name":"MEYDAN.TV","article_published_time":"2024-07-22T19:02:14+00:00","article_modified_time":"2024-07-22T21:19:38+00:00","og_image":[{"width":1182,"height":525,"url":"https:\/\/www.meydan.tv\/wp-content\/uploads\/cernobil-e1721674708995.jpg","type":"image\/jpeg"}],"author":"elli","twitter_card":"summary_large_image","twitter_creator":"@elli","schema":{"@context":"https:\/\/schema.org","@graph":[{"@type":"Article","@id":"https:\/\/www.meydan.tv\/az\/article\/cernobil-veterani-xeberdarliqsiz-isden-cixarildigini-deyir\/#article","isPartOf":{"@id":"https:\/\/www.meydan.tv\/az\/article\/cernobil-veterani-xeberdarliqsiz-isden-cixarildigini-deyir\/"},"author":{"name":"elli","@id":"https:\/\/www.meydan.tv\/az\/#\/schema\/person\/9cdbecf90d17180ce1dfbd95b08dcf47"},"headline":"\u00c7ernob\u0131l veteran\u0131 x\u0259b\u0259rdarl\u0131qs\u0131z i\u015fd\u0259n \u00e7\u0131xar\u0131ld\u0131\u011f\u0131n\u0131 deyir","datePublished":"2024-07-22T19:02:14+00:00","dateModified":"2024-07-22T21:19:38+00:00","mainEntityOfPage":{"@id":"https:\/\/www.meydan.tv\/az\/article\/cernobil-veterani-xeberdarliqsiz-isden-cixarildigini-deyir\/"},"wordCount":518,"publisher":{"@id":"https:\/\/www.meydan.tv\/az\/#organization"},"image":{"@id":"https:\/\/www.meydan.tv\/az\/article\/cernobil-veterani-xeberdarliqsiz-isden-cixarildigini-deyir\/#primaryimage"},"thumbnailUrl":"https:\/\/www.meydan.tv\/wp-content\/uploads\/cernobil-e1721674708995.jpg","articleSection":["B\u00f6lg\u0259","X\u0259b\u0259rl\u0259r"],"inLanguage":"az"},{"@type":"WebPage","@id":"https:\/\/www.meydan.tv\/az\/article\/cernobil-veterani-xeberdarliqsiz-isden-cixarildigini-deyir\/","url":"https:\/\/www.meydan.tv\/az\/article\/cernobil-veterani-xeberdarliqsiz-isden-cixarildigini-deyir\/","name":"\u00c7ernob\u0131l veteran\u0131 x\u0259b\u0259rdarl\u0131qs\u0131z i\u015fd\u0259n \u00e7\u0131xar\u0131ld\u0131\u011f\u0131n\u0131 deyir - MEYDAN.TV","isPartOf":{"@id":"https:\/\/www.meydan.tv\/az\/#website"},"primaryImageOfPage":{"@id":"https:\/\/www.meydan.tv\/az\/article\/cernobil-veterani-xeberdarliqsiz-isden-cixarildigini-deyir\/#primaryimage"},"image":{"@id":"https:\/\/www.meydan.tv\/az\/article\/cernobil-veterani-xeberdarliqsiz-isden-cixarildigini-deyir\/#primaryimage"},"thumbnailUrl":"https:\/\/www.meydan.tv\/wp-content\/uploads\/cernobil-e1721674708995.jpg","datePublished":"2024-07-22T19:02:14+00:00","dateModified":"2024-07-22T21:19:38+00:00","breadcrumb":{"@id":"https:\/\/www.meydan.tv\/az\/article\/cernobil-veterani-xeberdarliqsiz-isden-cixarildigini-deyir\/#breadcrumb"},"inLanguage":"az","potentialAction":[{"@type":"ReadAction","target":["https:\/\/www.meydan.tv\/az\/article\/cernobil-veterani-xeberdarliqsiz-isden-cixarildigini-deyir\/"]}]},{"@type":"ImageObject","inLanguage":"az","@id":"https:\/\/www.meydan.tv\/az\/article\/cernobil-veterani-xeberdarliqsiz-isden-cixarildigini-deyir\/#primaryimage","url":"https:\/\/www.meydan.tv\/wp-content\/uploads\/cernobil-e1721674708995.jpg","contentUrl":"https:\/\/www.meydan.tv\/wp-content\/uploads\/cernobil-e1721674708995.jpg","width":1182,"height":525,"caption":"Aqil M\u0259mm\u0259dov. Foto: Meydan TV"},{"@type":"BreadcrumbList","@id":"https:\/\/www.meydan.tv\/az\/article\/cernobil-veterani-xeberdarliqsiz-isden-cixarildigini-deyir\/#breadcrumb","itemListElement":[{"@type":"ListItem","position":1,"name":"Ana s\u0259hif\u0259","item":"https:\/\/www.meydan.tv\/az\/"},{"@type":"ListItem","position":2,"name":"B\u00f6lg\u0259","item":"https:\/\/www.meydan.tv\/az\/section\/bolge\/"},{"@type":"ListItem","position":3,"name":"\u00c7ernob\u0131l veteran\u0131 x\u0259b\u0259rdarl\u0131qs\u0131z i\u015fd\u0259n \u00e7\u0131xar\u0131ld\u0131\u011f\u0131n\u0131 deyir"}]},{"@type":"WebSite","@id":"https:\/\/www.meydan.tv\/az\/#website","url":"https:\/\/www.meydan.tv\/az\/","name":"MEYDAN.TV","description":"Meydan TV Az\u0259rbaycan\u0131n media m\u0259kan\u0131ndak\u0131 alternativ s\u0259sidir","publisher":{"@id":"https:\/\/www.meydan.tv\/az\/#organization"},"potentialAction":[{"@type":"SearchAction","target":{"@type":"EntryPoint","urlTemplate":"https:\/\/www.meydan.tv\/az\/?s={search_term_string}"},"query-input":{"@type":"PropertyValueSpecification","valueRequired":true,"valueName":"search_term_string"}}],"inLanguage":"az"},{"@type":"Organization","@id":"https:\/\/www.meydan.tv\/az\/#organization","name":"Meydan TV","url":"https:\/\/www.meydan.tv\/az\/","logo":{"@type":"ImageObject","inLanguage":"az","@id":"https:\/\/www.meydan.tv\/az\/#\/schema\/logo\/image\/","url":"https:\/\/www.meydan.tv\/wp-content\/uploads\/2021\/07\/meydan-logo.svg","contentUrl":"https:\/\/www.meydan.tv\/wp-content\/uploads\/2021\/07\/meydan-logo.svg","width":195,"height":46,"caption":"Meydan TV"},"image":{"@id":"https:\/\/www.meydan.tv\/az\/#\/schema\/logo\/image\/"}},{"@type":"Person","@id":"https:\/\/www.meydan.tv\/az\/#\/schema\/person\/9cdbecf90d17180ce1dfbd95b08dcf47","name":"elli","sameAs":["https:\/\/x.com\/elli"]}]}},"_links":{"self":[{"href":"https:\/\/www.meydan.tv\/az\/wp-json\/wp\/v2\/posts\/311043","targetHints":{"allow":["GET"]}}],"collection":[{"href":"https:\/\/www.meydan.tv\/az\/wp-json\/wp\/v2\/posts"}],"about":[{"href":"https:\/\/www.meydan.tv\/az\/wp-json\/wp\/v2\/types\/post"}],"author":[{"embeddable":true,"href":"https:\/\/www.meydan.tv\/az\/wp-json\/wp\/v2\/users\/8"}],"replies":[{"embeddable":true,"href":"https:\/\/www.meydan.tv\/az\/wp-json\/wp\/v2\/comments?post=311043"}],"version-history":[{"count":3,"href":"https:\/\/www.meydan.tv\/az\/wp-json\/wp\/v2\/posts\/311043\/revisions"}],"predecessor-version":[{"id":311053,"href":"https:\/\/www.meydan.tv\/az\/wp-json\/wp\/v2\/posts\/311043\/revisions\/311053"}],"wp:featuredmedia":[{"embeddable":true,"href":"https:\/\/www.meydan.tv\/az\/wp-json\/wp\/v2\/media\/311040"}],"wp:attachment":[{"href":"https:\/\/www.meydan.tv\/az\/wp-json\/wp\/v2\/media?parent=311043"}],"wp:term":[{"taxonomy":"category","embeddable":true,"href":"https:\/\/www.meydan.tv\/az\/wp-json\/wp\/v2\/categories?post=311043"},{"taxonomy":"post_tag","embeddable":true,"href":"https:\/\/www.meydan.tv\/az\/wp-json\/wp\/v2\/tags?post=311043"}],"curies":[{"name":"wp","href":"https:\/\/api.w.org\/{rel}","templated":true}]}}