{"id":311015,"date":"2024-07-22T22:30:44","date_gmt":"2024-07-22T18:30:44","guid":{"rendered":"https:\/\/www.meydan.tv\/?p=311015"},"modified":"2024-07-23T07:57:30","modified_gmt":"2024-07-23T03:57:30","slug":"eli-kerimli-biz-alvere-cixmiriq","status":"publish","type":"post","link":"https:\/\/www.meydan.tv\/az\/article\/eli-kerimli-biz-alvere-cixmiriq\/","title":{"rendered":"\u018fli K\u0259rimli: \u201cBiz alver\u0259 \u00e7\u0131xm\u0131r\u0131q!\u201d"},"content":{"rendered":"\n<figure class=\"wp-block-embed is-type-video is-provider-youtube wp-block-embed-youtube wp-embed-aspect-16-9 wp-has-aspect-ratio\"><div class=\"wp-block-embed__wrapper\">\n<iframe title=\"\u018fli K\u0259rimli: &quot;Az\u0259rbaycan kimi \u00f6lk\u0259l\u0259rin he\u00e7 birind\u0259 \u00f6z\u00fcn\u0259 h\u00f6rm\u0259t ed\u0259n m\u00fcxalif\u0259t se\u00e7kil\u0259r\u0259 qat\u0131lm\u0131r&quot;\" width=\"1200\" height=\"675\" data-src=\"https:\/\/www.youtube.com\/embed\/--Ap1lGl9yQ?feature=oembed\" frameborder=\"0\" allow=\"accelerometer; autoplay; clipboard-write; encrypted-media; gyroscope; picture-in-picture; web-share\" referrerpolicy=\"strict-origin-when-cross-origin\" allowfullscreen src=\"data:image\/svg+xml;base64,PHN2ZyB3aWR0aD0iMSIgaGVpZ2h0PSIxIiB4bWxucz0iaHR0cDovL3d3dy53My5vcmcvMjAwMC9zdmciPjwvc3ZnPg==\" class=\"lazyload\" data-load-mode=\"1\"><\/iframe>\n<\/div><\/figure>\n\n\n\n<!--more-->\n\n\n\n<p>\u201c<strong><em>Az\u0259rbaycan kimi \u00f6lk\u0259l\u0259rin he\u00e7 birind\u0259 \u00f6z\u00fcn\u0259 h\u00f6rm\u0259t ed\u0259n m\u00fcxalif\u0259t se\u00e7kil\u0259r\u0259 qat\u0131lm\u0131r\u201d<\/em><\/strong><\/p>\n\n\n\n<p><em>Sentyabr\u0131n 1-d\u0259 ke\u00e7iril\u0259c\u0259k n\u00f6vb\u0259d\u0259nk\u0259nar parlament se\u00e7kil\u0259rini boykot ed\u0259n yegan\u0259 partiya AXCP-dir. Partiya s\u0259dri \u018fli K\u0259rimli il\u0259 g\u00fcnd\u0259mi m\u00fczakir\u0259 etm\u0259y\u0259 \u00e7al\u0131\u015fd\u0131q.<\/em><\/p>\n\n\n\n<p>&#8211;&nbsp;&nbsp;<strong>\u018fli b\u0259y, se\u00e7ki siyasi partiya \u00fc\u00e7\u00fcn hakimiyy\u0259t\u0259 g\u0259lm\u0259k vasit\u0259sidir. Amma AXCP 2015, 2020 v\u0259 g\u00f6zl\u0259nil\u0259n 1 sentyabr n\u00f6vb\u0259d\u0259nk\u0259nar se\u00e7kini boykot edir. Bu gedi\u015fl\u0259 siyasi meydanda t\u0259kl\u0259nmirsinizmi v\u0259 proses marginalla\u015fma t\u0259hl\u00fck\u0259sin\u0259 aparm\u0131rm\u0131?<\/strong><\/p>\n\n\n\n<p>&#8211;&nbsp;Tamamil\u0259 haql\u0131s\u0131n\u0131z ki, se\u00e7ki siyasi partiya \u00fc\u00e7\u00fcn hakimiyy\u0259t\u0259 g\u0259lm\u0259yin yegan\u0259 vasit\u0259sidir. Ancaq partiyalar\u0131 hakimiyy\u0259t\u0259 g\u0259tir\u0259c\u0259k se\u00e7kil\u0259ri \u0130lham \u018fliyev \u00e7oxdan l\u0259\u011fv edib. \u0130ndi h\u0259r k\u0259s bilir, bizi izl\u0259y\u0259nl\u0259r d\u0259 t\u0259sdiql\u0259y\u0259c\u0259kl\u0259r ki, Az\u0259rbaycanda ke\u00e7iril\u0259n se\u00e7kil\u0259r kimin i\u015ftirak\u0131ndan as\u0131l\u0131 olmayaraq hakimiyy\u0259t d\u0259yi\u015fikliyi m\u0259s\u0259l\u0259sin\u0259 baxm\u0131r. Az\u0259rbaycandak\u0131 se\u00e7kil\u0259rin n\u0259tic\u0259l\u0259ri \u00f6nc\u0259d\u0259n m\u0259lum olur, h\u0259tta b\u00fct\u00fcn d\u00fcnyaya, yaln\u0131z biz\u0259 yox. Prezident se\u00e7kil\u0259rind\u0259n \u00f6nc\u0259 d\u00fcnyan\u0131n tan\u0131nm\u0131\u015f siyas\u0259t\u00e7il\u0259ri Az\u0259rbaycandak\u0131 se\u00e7kil\u0259rin n\u0259tic\u0259l\u0259rini bildikl\u0259rini dedil\u0259r. Parlament se\u00e7kil\u0259ri bar\u0259d\u0259 d\u0259 a\u00e7\u0131q deyirl\u0259r ki, Az\u0259rbaycanda ail\u0259 hakimiyy\u0259tidir, \u0259vv\u0259lki se\u00e7kil\u0259r nec\u0259 idi, bu d\u0259f\u0259 d\u0259 bel\u0259 olacaq. Y\u0259ni s\u0131ravi v\u0259t\u0259nda\u015fdan d\u00fcnyamiqyasl\u0131 siyas\u0259t\u00e7il\u0259r\u0259 q\u0259d\u0259r ham\u0131 bilir ki, Az\u0259rbaycanda sentyabr\u0131n 1-d\u0259 ke\u00e7iril\u0259c\u0259k se\u00e7kil\u0259r notarial qaydada s\u0259lahiyy\u0259ti art\u0131rmaq se\u00e7kil\u0259ridir v\u0259 hakimiyy\u0259t d\u0259yi\u015fikliyi m\u0259s\u0259l\u0259sin\u0259 baxm\u0131r. H\u0259m d\u0259, bu, t\u0259kc\u0259 bizim qar\u015f\u0131la\u015fd\u0131\u011f\u0131m\u0131z m\u0259s\u0259l\u0259 deyil. Dem\u0259li, Az\u0259rbaycan kimi art\u0131q klassik avtoritar \u00fcsul-idar\u0259nin oldu\u011fu \u00f6lk\u0259l\u0259rd\u0259, Misir, Orta Asiya \u00f6lk\u0259l\u0259rind\u0259 d\u0259 se\u00e7kil\u0259r hakimiyy\u0259t d\u0259yi\u015fikliyin\u0259 aparm\u0131r.<\/p>\n\n\n\n<p>&#8211;&nbsp;<strong>Y\u0259ni C\u0259nubi Qafqazda Az\u0259rbaycan yegan\u0259dir d\u0259?<\/strong><\/p>\n\n\n\n<p>&#8211;&nbsp;B\u0259li. B\u00fct\u00fcn Avropa m\u0259kan\u0131nda Az\u0259rbaycanla m\u00fcqayis\u0259 olunan Belarus qal\u0131b. Belarus Avropa \u015euras\u0131n\u0131 t\u0259rk etdiyi \u00fc\u00e7\u00fcn orada da t\u0259kik. Media, siyasi azadl\u0131qlarla m\u00fcxt\u0259lif t\u0259\u015fkilatlar\u0131n reytinq hesabatlar\u0131 yay\u0131l\u0131r, bax\u0131n Az\u0259rbaycan\u0131n qon\u015fular\u0131na, Y\u0259m\u0259n, Eriteriya, T\u00fcrkm\u0259nistan, Misir, \u015eimali Koreya. Bu kimi \u00f6lk\u0259l\u0259rl\u0259 m\u00fcqayis\u0259 olunuruq. Az\u0259rbaycan\u0131 qoyuram k\u0259nara, m\u00fcqayis\u0259 etdiyimiz \u00f6lk\u0259l\u0259rin hans\u0131nda se\u00e7kil\u0259r hakimiyy\u0259t d\u0259yi\u015fikliyin\u0259 g\u0259tirir? He\u00e7 birind\u0259.<\/p>\n\n\n\n<p>&#8211;&nbsp;<strong>Se\u00e7kini boykot etm\u0259diyiniz vaxtlar da olub, amma c\u0259miyy\u0259tin v\u0259 beyn\u0259lxalq al\u0259min m\u00fcnasib\u0259ti bax\u0131m\u0131ndan n\u0259tic\u0259 he\u00e7 bir halda d\u0259yi\u015fm\u0259yib. \u018fksin\u0259, avtoritarizm daha da m\u00f6hk\u0259ml\u0259nib. Bu m\u0259nada se\u00e7kini boykot n\u0259 d\u0259r\u0259c\u0259d\u0259 effektli yoldur? Bel\u0259 bir fikir var ki, h\u0259mi\u015f\u0259 eyni add\u0131mlar\u0131 at\u0131b, f\u0259rqli n\u0259tic\u0259 \u0259ld\u0259 etm\u0259k m\u00fcmk\u00fcn deyil. B\u0259lk\u0259 ba\u015fqa variantlar d\u00fc\u015f\u00fcnm\u0259k laz\u0131m idi?<\/strong><\/p>\n\n\n\n<p>&#8211;&nbsp;&nbsp;Sa\u011f olun ki, se\u00e7kil\u0259ri h\u0259mi\u015f\u0259 boykot etm\u0259diyimizi yada sal\u0131rs\u0131n\u0131z. H\u0259tta \u018fliyevl\u0259rin hakimiyy\u0259ti zaman\u0131 i\u015ftirak etdiyimiz se\u00e7kil\u0259rin say\u0131 daha \u00e7oxdur, n\u0259inki boykot q\u0259rar\u0131 verdiyimiz. \u018fdal\u0259tli v\u0259 azad olmasa da, qat\u0131ld\u0131\u011f\u0131m\u0131z se\u00e7kil\u0259rd\u0259 minimal r\u0259qab\u0259t imkan\u0131 vard\u0131. Minimal r\u0259qab\u0259t \u00f6z\u00fcn\u00fc o vaxt g\u00f6st\u0259rirdi ki, \u015f\u0259h\u0259rin m\u0259rk\u0259zind\u0259 olmasa da, k\u0259nar\u0131nda, \u201cM\u0259hsul\u201d, yaxud \u201cQ\u0259l\u0259b\u0259\u201d meydanlar\u0131nda aksiyalar ke\u00e7ir\u0259 bilirdik. \u0130kincisi \u00e7oxsayl\u0131 q\u0259zetl\u0259r n\u0259\u015fr olunurdu, partiyalar\u0131n ofisl\u0259ri vard\u0131, h\u0259tta h\u00f6kum\u0259tin n\u0259zar\u0259tind\u0259 olan televziyalarda bel\u0259 m\u00fc\u0259yy\u0259n debatlar ke\u00e7irilirdi. Bir g\u00fcn \u0259vv\u0259l sosial \u015f\u0259b\u0259k\u0259l\u0259rd\u0259 vaxtil\u0259 ANS-d\u0259 yay\u0131mlanan \u00e7\u0131x\u0131\u015flar\u0131mdan birini payla\u015fm\u0131\u015fd\u0131lar, kifay\u0259t q\u0259d\u0259r s\u0259rt idi. Parlamentd\u0259 d\u0259 prinsipial m\u00fczakir\u0259l\u0259r ba\u015f tuturdu. Y\u0259ni yar\u0131mazad \u00f6lk\u0259ydik, r\u0259qab\u0259t \u00fc\u00e7\u00fcn imkan vard\u0131, amma se\u00e7ki g\u00fcn\u00fc s\u0259sl\u0259ri sayanda saxtala\u015fd\u0131r\u0131rd\u0131lar. Ona g\u00f6r\u0259 d\u0259 bizim b\u00fct\u00fcn m\u00fcbahis\u0259l\u0259rimiz v\u0259 m\u00fcbariz\u0259l\u0259rimiz se\u00e7ki komissiyalar\u0131n\u0131n d\u0259yi\u015film\u0259si u\u011frundayd\u0131. \u00c7\u00fcnki s\u0259sl\u0259rin say\u0131lmas\u0131nda saxtakarl\u0131\u011f\u0131n qar\u015f\u0131s\u0131 al\u0131nmal\u0131yd\u0131 ki, haqq\u0131m\u0131z\u0131 ala bil\u0259k. 2005-ci il se\u00e7kil\u0259rind\u0259 protokollarla s\u00fcbut edirdik ki, 52 se\u00e7ki dair\u0259sind\u0259 \u201cAzadl\u0131q\u201d blokunun namiz\u0259di se\u00e7ilib, amma hakimiyy\u0259t 8 dair\u0259d\u0259 q\u0259l\u0259b\u0259mizi etiraf edibl\u0259r.<\/p>\n\n\n<div class=\"wp-block-image\">\n<figure class=\"aligncenter size-full\"><img decoding=\"async\" width=\"931\" height=\"491\" data-src=\"https:\/\/www.meydan.tv\/wp-content\/uploads\/screenshot_2-37.png\" alt=\"\" class=\"wp-image-311016 lazyload\" src=\"data:image\/svg+xml;base64,PHN2ZyB3aWR0aD0iMSIgaGVpZ2h0PSIxIiB4bWxucz0iaHR0cDovL3d3dy53My5vcmcvMjAwMC9zdmciPjwvc3ZnPg==\" style=\"--smush-placeholder-width: 931px; --smush-placeholder-aspect-ratio: 931\/491;\" \/><figcaption class=\"wp-element-caption\">Foto: Meydan TV<\/figcaption><\/figure>\n<\/div>\n\n\n<p>&#8211;&nbsp;&nbsp;<strong>S\u0259hv etmir\u0259ms\u0259, \u0259n \u00e7ox Avropa M\u0259hk\u0259m\u0259sin\u0259 \u015fikay\u0259t d\u0259 2005-ci il se\u00e7kil\u0259rind\u0259n olmu\u015fdu\u2026<\/strong><\/p>\n\n\n\n<p>&#8211;&nbsp;B\u0259li. Dem\u0259li, o zaman minimal r\u0259qab\u0259t imkan\u0131 vard\u0131, amma \u0130lham \u018fliyev se\u00e7kid\u0259n se\u00e7kiy\u0259 minimal r\u0259qab\u0259t imkan\u0131n\u0131 da mimimuma endirdi. Sonuncu i\u015ftirak etdiyimiz parlament se\u00e7kisi 2010-cu ilin se\u00e7kisidir, h\u0259min se\u00e7kiy\u0259 d\u0259 \u201cAXCP-M\u00fcsavat Se\u00e7ki Bloku\u201d ad\u0131yla qat\u0131ld\u0131q. \u0130ndi bir \u00e7oxu deyir ki, birl\u0259\u015fib se\u00e7kiy\u0259 gets\u0259l\u0259r, ba\u015fqa c\u00fcr olacaq. Halbuki, b\u00fct\u00fcn se\u00e7kil\u0259r\u0259 blok \u015f\u0259klind\u0259 getmi\u015fik, t\u0259k getdiyimizi d\u0259 xat\u0131rlam\u0131ram. 2013-c\u00fc ilin prezident se\u00e7kisind\u0259 d\u0259 \u00e7ox b\u00f6y\u00fck birlik yaranm\u0131\u015fd\u0131. H\u0259r k\u0259s q\u0259bul ed\u0259r ki, Milli \u015euran\u0131n \u0259traf\u0131nda yaranan birlik maksimal birlik idi v\u0259 C\u0259mil H\u0259s\u0259nlinin namiz\u0259dliyi il\u0259 se\u00e7kil\u0259r\u0259 qat\u0131ld\u0131q. H\u0259min son iki se\u00e7ki q\u0131r\u0131lma n\u00f6qt\u0259si oldu, 2010-cu ilin parlament se\u00e7kil\u0259rind\u0259 bizim ir\u0259li s\u00fcrd\u00fcy\u00fcm\u00fcz namiz\u0259dl\u0259rin 2\/3-ni se\u00e7kil\u0259r\u0259 buraxmad\u0131lar. Guya \u0130randak\u0131 dini rejimdir, Konstitusiya M\u00fchafiz\u0259 Komit\u0259si siyah\u0131n\u0131 g\u00f6t\u00fcr\u00fcb 124 namiz\u0259din 42-ni se\u00e7kil\u0259r\u0259 buraxd\u0131lar, t\u0259s\u0259vv\u00fcr edin, 82 n\u0259f\u0259r k\u0259narda qald\u0131. Bel\u0259 olanda insanlara nec\u0259 dem\u0259k olar ki, bu,se\u00e7kidir, d\u0259yi\u015fiklik olacaq?! H\u0259l\u0259 14 il \u0259vv\u0259l indiki il\u0259 m\u00fcqayis\u0259d\u0259 xeyli demokratiya vard\u0131. 2013-c\u00fc ild\u0259 is\u0259 h\u0259tta AT\u018fT-nin M\u00fc\u015fahid\u0259 Missiyas\u0131 s\u0259sl\u0259rin 57 faizinin pis say\u0131ld\u0131\u011f\u0131n\u0131 a\u00e7\u0131qlad\u0131. 57 faiz insanlar\u0131 \u00e7a\u015fd\u0131rmas\u0131n, bu, AT\u018fT-nin m\u00fc\u015fahid\u0259\u00e7il\u0259rinin oldu\u011fu m\u0259nt\u0259q\u0259l\u0259rd\u0259 idi, onlar\u0131n \u015fahidi olduqlar\u0131d\u0131r. \u0130ndi bundan sonra se\u00e7kil\u0259rin Az\u0259rbaycanda hakimiyy\u0259ti d\u0259yi\u015fm\u0259k vasit\u0259si oldu\u011funu deyirl\u0259rs\u0259, ya onlar s\u0259mimi deyill\u0259r, yaxud da yum\u015faq yana\u015fsam, siyas\u0259td\u0259n m\u0259lumats\u0131zd\u0131lar.<\/p>\n\n\n\n<p>&#8211;&nbsp;<strong>M\u0259n ba\u015fqa variantlar dey\u0259nd\u0259, Rusiyada Navaln\u0131 komandas\u0131n\u0131n son se\u00e7kil\u0259rd\u0259ki t\u0259bli\u011fat\u0131n\u0131 v\u0259 insanlara se\u00e7kil\u0259r\u0259 \u00e7a\u011f\u0131r\u0131\u015f kampaniyas\u0131n\u0131 n\u0259z\u0259rd\u0259 tuturam. Rusiyada v\u0259ziyy\u0259t he\u00e7 d\u0259 bizd\u0259n yax\u015f\u0131 deyil, insanlar m\u0259nt\u0259q\u0259l\u0259r\u0259 gedib Putinin \u0259leyhin\u0259 s\u0259s verdil\u0259r. \u0130ki g\u00fcn \u0259vv\u0259l \u201cIII&nbsp;<\/strong><strong>Respublika<\/strong><strong>\u201d ox\u015far a\u00e7\u0131qlama yayd\u0131, olmazm\u0131 bu variantdan istifad\u0259 ed\u0259rdiniz?<\/strong><\/p>\n\n\n\n<p>&#8211;&nbsp;Aleksey Navaln\u0131ya b\u00f6y\u00fck h\u00f6rm\u0259tim olub, q\u0259tlini d\u0259 m\u0259nfi qiym\u0259tl\u0259ndirdim. \u00c7ox m\u00fcbariz, c\u0259sur \u015f\u0259xsiyy\u0259t olub, ancaq Navaln\u0131n\u0131n, yaxud komandas\u0131n\u0131n h\u0259r etdiyi d\u00fcz olub? M\u0259n indi onun ba\u015fqa s\u0259hvl\u0259rini xat\u0131rlad\u0131b ruhunu incitm\u0259k ist\u0259mir\u0259m. Sonuncu q\u0259rar da s\u0259hv idi. \u0130nternetim g\u00fcn \u0259rzind\u0259 olmad\u0131\u011f\u0131 \u00fc\u00e7\u00fcn televiziyaya \u00e7ox bax\u0131ram. Rusiya televiziyalar\u0131nda Navaln\u0131n\u0131n s\u0259hvind\u0259n nec\u0259 istifad\u0259 olundu\u011funu d\u0259qiq g\u00f6rd\u00fcm. O boyda Rusiyada onlarla m\u0259nt\u0259q\u0259d\u0259 n\u00f6vb\u0259 yarand\u0131, \u0259sas\u0259n d\u0259 Moskvada. Rusiya televiziyalar\u0131 da s\u0259h\u0259rd\u0259n ax\u015fama q\u0259d\u0259r h\u0259min m\u0259nt\u0259q\u0259l\u0259rd\u0259ki n\u00f6vb\u0259l\u0259ri g\u00f6st\u0259rib b\u00fct\u00fcn t\u0259bli\u011fat\u0131n\u0131 da bunun \u00fcz\u0259rind\u0259 qurdu. \u018fg\u0259r o kampaniya m\u00fcxalif\u0259tin xeyrin\u0259 idis\u0259, d\u00f6vl\u0259t televiziyalar\u0131 t\u0259bli\u011fat\u0131 niy\u0259 onun \u00fcz\u0259rind\u0259 qurdu? H\u0259tta dedil\u0259r ki, Putinin se\u00e7kisind\u0259 xalq\u0131n o q\u0259d\u0259r \u00e7ox mara\u011f\u0131 vard\u0131 ki, n\u00f6vb\u0259l\u0259r\u0259 bax\u0131n. Y\u0259ni h\u00f6kum\u0259t h\u0259min se\u00e7ici n\u00f6vb\u0259l\u0259rin\u0259 mane olmad\u0131, t\u0259bli\u011f etdil\u0259r ki, bax\u0131n, n\u0259 q\u0259d\u0259r se\u00e7ici g\u0259lib.<\/p>\n\n\n\n<p>&#8211;&nbsp;&nbsp;<strong>O zaman bel\u0259 \u00e7\u0131x\u0131r ki, ba\u015fqa m\u00fcbariz\u0259 variant\u0131 qalm\u0131r, sonsuzlu\u011fa q\u0259d\u0259r \u0259n\u0259n\u0259vi yolla ged\u0259c\u0259ksiniz? &nbsp;&nbsp;&nbsp;&nbsp;&nbsp;&nbsp;&nbsp;&nbsp;&nbsp;&nbsp;&nbsp;&nbsp;&nbsp;<\/strong><\/p>\n\n\n\n<p>&#8211;&nbsp;Sonsuzlu\u011fa q\u0259d\u0259r niy\u0259 ki? Bizim v\u0259ziyy\u0259timizd\u0259 olan \u00f6lk\u0259l\u0259rin ham\u0131s\u0131nda h\u0259qiq\u0259tin bir qayda olaraq bir yolu olur. Az\u0259rbaycan kimi \u00f6lk\u0259l\u0259rin he\u00e7 birind\u0259 \u00f6z\u00fcn\u0259 h\u00f6rm\u0259t ed\u0259n m\u00fcxalif\u0259t se\u00e7kil\u0259r\u0259 qat\u0131lm\u0131r, f\u0259rqi yoxdur, Venresuala, Misir, Rusiya olsun. Belarusda fevralda se\u00e7ki ke\u00e7irildi, niy\u0259 m\u00fcxalif\u0259t yox idi? \u0130ndi bizi se\u00e7kil\u0259r\u0259 getm\u0259y\u0259 \u00e7a\u011f\u0131ranlar niy\u0259 bir d\u0259f\u0259 dem\u0259dil\u0259r ki, Tixanovskiyan\u0131n komandas\u0131na b\u00fct\u00fcn d\u00fcnyan\u0131n d\u0259st\u0259yi var, b\u0259s niy\u0259 se\u00e7kil\u0259r\u0259 qat\u0131lmad\u0131lar? Ham\u0131 apirioru ba\u015fa d\u00fc\u015fd\u00fc ki, Belarusdak\u0131 v\u0259ziyy\u0259t\u0259 g\u00f6r\u0259 n\u0259 se\u00e7ki? \u018fg\u0259r \u00f6lk\u0259d\u0259 mitinq imkan\u0131, azad media yoxdursa, insanlarla s\u0259rb\u0259st g\u00f6r\u00fc\u015f\u0259 icaz\u0259 vermirl\u0259rs\u0259, hans\u0131 se\u00e7kid\u0259n s\u00f6hb\u0259t ged\u0259 bil\u0259r?<\/p>\n\n\n\n<p>&#8211;&nbsp;<strong>Siz birinci sual\u0131ma tam cavab verm\u0259diniz, marginalla\u015fma t\u0259hl\u00fck\u0259si qorxutmurmu?<\/strong><\/p>\n\n\n\n<p>&#8211;&nbsp;Bu \u00f6lk\u0259d\u0259 siyas\u0259t qada\u011fan olunur, bu m\u0259nada \u0259lb\u0259tt\u0259 bizim d\u0259 siyasi m\u00fchitd\u0259 t\u0259kl\u0259nm\u0259yimiz var. T\u0259s\u0259lli odur ki, xalqla bir yerd\u0259yik, bunu pafos xatirin\u0259 demir\u0259m. Sosial \u015f\u0259b\u0259k\u0259l\u0259r\u0259 bax\u0131n, biz hans\u0131 m\u00f6vqed\u0259yiks\u0259, xalq da h\u0259min m\u00f6vqed\u0259dir.<\/p>\n\n\n\n<p>&#8211;&nbsp;<strong>H\u0259min sosial \u015f\u0259b\u0259k\u0259l\u0259rd\u0259kil\u0259r daha \u00e7ox sizin t\u0259r\u0259fdarlar\u0131n\u0131z deyilmi?<\/strong><\/p>\n\n\n\n<p>&#8211;&nbsp;Ba\u015fqa yerl\u0259rd\u0259 olanlara bax\u0131n, bu yax\u0131nlarda \u201cHamamTimes\u201d sor\u011fu ke\u00e7irirdi, 500 minlik s\u0259hif\u0259dir, bel\u0259 yerl\u0259rd\u0259 ke\u00e7iril\u0259n sor\u011fularda xalq\u0131n m\u00f6vqeyil\u0259 bizim m\u00f6vqe \u00fcst-\u00fcst\u0259 d\u00fc\u015f\u00fcr, yaxud da bel\u0259 dem\u0259k daha do\u011fru olard\u0131: bizim m\u00f6vqe xalq\u0131n m\u00f6vqeyi il\u0259 \u00fcst-\u00fcst\u0259 d\u00fc\u015f\u00fcr. Bizim nail oldu\u011fumuz v\u0259 qoruyub saxlaya bildiyimiz iki \u00fcst\u00fcnl\u00fckd\u0259n biri m\u0259hz budur ki, ictimai r\u0259yin d\u0259st\u0259yini minimal imkanlarda bel\u0259 saxlam\u0131\u015f\u0131q. Nec\u0259 saxlam\u0131\u015f\u0131q, prinsipl\u0259rimiz\u0259 x\u0259yan\u0259t etm\u0259m\u0259kl\u0259. Deyirsiniz ki, se\u00e7kiy\u0259 getm\u0259m\u0259kl\u0259 n\u0259 d\u0259yi\u015f\u0259c\u0259k, h\u0259r d\u0259f\u0259 eyni \u015feyi edib, ba\u015fqa n\u0259tic\u0259 g\u00f6zl\u0259m\u0259k\u2026 Biz n\u0259tic\u0259ni d\u0259yi\u015fm\u0259kd\u0259n \u00f6tr\u00fc se\u00e7kini boykot etmirik, ham\u0131 da bilir ki, boykotla n\u0259 hakimiyy\u0259t\u0259 g\u0259lm\u0259k, n\u0259 d\u0259 \u00f6lk\u0259d\u0259 d\u0259yi\u015fiklik etm\u0259k olar. Qar\u015f\u0131m\u0131zdak\u0131 dayanan perspektiv d\u0259 o deyil ki, hakimiyy\u0259t\u0259 hans\u0131sa yolla g\u0259l\u0259k, \u00e7\u00fcnki indi \u00f6lk\u0259d\u0259 siyas\u0259t qada\u011fan olunub. Dilemma budur ki, biz d\u0259 ba\u015fqalar\u0131na da qo\u015fulub h\u00f6kim\u0259tin saxtakarl\u0131\u011f\u0131n\u0131n i\u015ftirak\u00e7\u0131s\u0131m\u0131 olaq? Biz d\u0259 ba\u015fqalar\u0131 kimi xalq\u0131 aldadaq ki, guya se\u00e7ki ke\u00e7irilir, h\u0259min \u015foularda i\u015ftirak ed\u0259k, saxtakarl\u0131qda rol alaq, yoxsa ilk n\u00f6vb\u0259d\u0259 \u00f6z vicdan\u0131m\u0131z\u0131 t\u0259miz saxlayaq? Soljenitsin m\u0259\u015fhur yaz\u0131s\u0131 var: \u201cYalanda i\u015ftirak etm\u0259yin, susun, \u0259g\u0259r he\u00e7 n\u0259y\u0259 \u00e7ar\u0259n qalmay\u0131bsa\u201d. Haz\u0131rda h\u0259min v\u0259ziyy\u0259td\u0259yik, mitinq\u0259 qada\u011fa qoyulub, se\u00e7kil\u0259rd\u0259 i\u015ftirak s\u0259sl\u0259rimizi qorumaq imkan\u0131m\u0131z yoxdur. Azad median\u0131n v\u0259 dig\u0259r azadl\u0131qlar\u0131n olmad\u0131\u011f\u0131 indiki zamanda \u00fcmumxalq d\u0259st\u0259yini qazanmaq iddias\u0131na d\u00fc\u015fm\u0259k d\u0259 d\u00fczg\u00fcn deyil. Bizim haz\u0131rk\u0131 f\u0259aliyy\u0259timizd\u0259n milyonlarla insan\u0131n x\u0259b\u0259ri d\u0259 yoxdur, bunu da bilir\u0259m. Lakin ictimai-siyasi prosesl\u0259rd\u0259 i\u015ftirak ed\u0259nl\u0259rin m\u00f6vqeyimizi t\u0259qdir etdiyini bilir\u0259m. Onlar bizim he\u00e7 olmasa, saxtakarl\u0131qda i\u015ftirak etm\u0259diyimizi qiym\u0259tl\u0259ndirirl\u0259r. Biz alver\u0259 \u00e7\u0131xm\u0131r\u0131q!<\/p>\n\n\n<div class=\"wp-block-image\">\n<figure class=\"aligncenter size-full\"><img decoding=\"async\" width=\"928\" height=\"497\" data-src=\"https:\/\/www.meydan.tv\/wp-content\/uploads\/screenshot_6-8.png\" alt=\"\" class=\"wp-image-311031 lazyload\" src=\"data:image\/svg+xml;base64,PHN2ZyB3aWR0aD0iMSIgaGVpZ2h0PSIxIiB4bWxucz0iaHR0cDovL3d3dy53My5vcmcvMjAwMC9zdmciPjwvc3ZnPg==\" style=\"--smush-placeholder-width: 928px; --smush-placeholder-aspect-ratio: 928\/497;\" \/><figcaption class=\"wp-element-caption\">\u018fli K\u0259rimli. Foto: Meydan TV<\/figcaption><\/figure>\n<\/div>\n\n\n<p>&#8211;&nbsp;<strong>Dem\u0259li, m\u0259rhum Hikm\u0259t Hac\u0131zad\u0259nin dediyi kimi? Az\u0259rbaycanda siyasi h\u0259yat dissident klublara \u00e7evrilir, siz&nbsp; d\u0259 onun i\u00e7ind\u0259\u2026?<\/strong><\/p>\n\n\n\n<p>&#8211;&nbsp;H\u0259l\u0259 dissident klubu deyilik, ondan xeyli b\u00f6y\u00fcy\u00fck. Ona g\u00f6r\u0259 d\u0259 h\u00f6kum\u0259tin t\u0259zyiql\u0259ri davam edir. H\u00f6kum\u0259t \u00f6t\u0259nilki qurultay\u0131n n\u0259tic\u0259l\u0259rini tan\u0131mad\u0131\u011f\u0131 \u00fc\u00e7\u00fcn m\u0259cburuq yenid\u0259n qurultaya ged\u0259k. El\u0259 bilirsiniz, h\u00f6kum\u0259t bizi indiki v\u0259ziyy\u0259t\u0259 sal\u0131b, bununla qane olurmi? Bayaq dedim, qoruyub saxlaya bildiyimiz iki m\u0259s\u0259l\u0259d\u0259n biri ictimai r\u0259y\u0259 t\u0259sirimizdir. \u0130kincisi bu c\u00fcr a\u011f\u0131r \u015f\u0259rtl\u0259r alt\u0131nda strukturlar\u0131 qoruma\u011f\u0131m\u0131zd\u0131r. \u00d6lk\u0259d\u0259 303 siyasi m\u0259hbus varsa, de-fakto siyas\u0259t l\u0259\u011fv olunub. Xan\u0131mlar, m\u00fcharib\u0259 veteranlar\u0131 h\u0259bsd\u0259dir, h\u00f6kum\u0259tin he\u00e7 bir \u201cq\u0131rm\u0131z\u0131 x\u0259tti\u201d yoxdur. Ham\u0131n\u0131 ucdantutma h\u0259bs edir, partiya \u00e7ox a\u011f\u0131r repressiyalardan ke\u00e7ib, buna baxmayaraq b\u00fct\u00fcn \u00f6lk\u0259boyu strukturlar\u0131m\u0131z\u0131 qorumu\u015fuq v\u0259 h\u00f6kum\u0259t d\u0259, ictimaiyy\u0259t d\u0259 bilir ki, sabah meydan\u0131 a\u00e7s\u0131nlar, oran\u0131 dolduraca\u011f\u0131q.<\/p>\n\n\n\n<p>&#8211;&nbsp;<strong>Bir s\u0131ra ekspertl\u0259r iddia edirdi ki, \u018fliyevin h\u00fcquqi legitimlik problemi olmasa da, siyasi-m\u0259n\u0259vi legitimlik problemi qal\u0131rd\u0131, y\u0259ni c\u0259miyy\u0259tin b\u00f6y\u00fck hiss\u0259si 2020-ci il\u0259 q\u0259d\u0259r onu q\u0259bul etmirdi. Ancaq 44 g\u00fcnl\u00fck sava\u015f h\u0259r n\u0259 q\u0259d\u0259r inkar olunsa da, \u018fliyevin siyasi-m\u0259n\u0259vi legitimlik problemini d\u0259 h\u0259ll etdi. Y\u0259ni indiki v\u0259ziyy\u0259td\u0259 m\u00fcxt\u0259lif r\u0259yl\u0259r var ki, \u018fliyev normal se\u00e7ki ke\u00e7irs\u0259 d\u0259, 50+1, yaxud 60+1 toplayar. Bel\u0259 v\u0259ziyy\u0259td\u0259 n\u0259y\u0259 \u00fcmid edirsiniz, c\u0259miyy\u0259tin r\u0259yini nec\u0259 d\u0259yi\u015f\u0259c\u0259ksiniz?<\/strong><\/p>\n\n\n\n<p>&#8211;&nbsp;\u0130stinad etdiyiniz ekspertl\u0259r \u00e7ox ke\u00e7mi\u015fd\u0259 qal\u0131blar. Onlar h\u0259l\u0259 d\u0259 2020-2021-ci ilin d\u00fc\u015f\u00fcnc\u0259l\u0259rind\u0259dirl\u0259r. H\u0259qiq\u0259t\u0259n d\u0259 \u0130lham \u018fliyevin he\u00e7 zaman g\u00f6rm\u0259diyi, h\u0259sr\u0259tind\u0259 oldu\u011fu r\u0259\u011fb\u0259t oldu II Qaraba\u011f sava\u015f\u0131nda. G\u00f6r\u00fcrs\u00fcn\u00fcz, n\u0259 varsa, q\u0259bul edirik, sad\u0259c\u0259, inkar\u00e7\u0131l\u0131q m\u00f6vqeyi tutsaq, onu da q\u0259bul etm\u0259rik. Bel\u0259 bir m\u00fcdd\u0259t oldu, amma \u0130lham \u018fliyev xalq\u0131n&nbsp;etimad\u0131n\u0131 el\u0259 q\u0131sa m\u00fcdd\u0259td\u0259 da\u011f\u0131td\u0131 ki, adam a\u00e7\u0131q t\u0259\u0259cc\u00fcb edir. B\u0259li, biz\u0259, mill\u0259t\u0259 etdiyini ba\u015fa d\u00fc\u015fd\u00fck, lakin \u00f6z\u00fc \u00fc\u00e7\u00fcn tarixi \u015fans yaranm\u0131\u015fd\u0131. 3 min \u015f\u0259hidin qan\u0131 hesab\u0131na, mill\u0259tin ordusunun f\u0259dakarl\u0131qlar\u0131n\u0131n v\u0259 beyn\u0259lxalq \u015f\u0259rtl\u0259rin hesab\u0131na v\u0259 \u00f6z\u00fcn\u00fcn d\u0259 hans\u0131sa rollar\u0131 olmu\u015fdu. Y\u0259ni b\u00f6y\u00fck d\u0259st\u0259k qazanm\u0131\u015fd\u0131, onu q\u0131sa m\u00fcdd\u0259td\u0259 \u00e7ox ac\u0131mas\u0131z x\u0259rcl\u0259di. \u0130lk q\u0259rarlardan biri m\u00fcharib\u0259 qurtaran \u0259r\u0259f\u0259d\u0259 d\u00f6y\u00fc\u015f\u0259n ordunun h\u0259rb\u00e7il\u0259rinin d\u00f6y\u00fc\u015f \u015f\u0259raitind\u0259 xidm\u0259t\u0259 g\u00f6r\u0259 ikinci \u0259m\u0259k haqq\u0131n\u0131 k\u0259sdil\u0259r. S\u00fclh h\u0259l\u0259 imzalanmay\u0131b v\u0259 2020-ci il sava\u015f\u0131 bit\u0259nd\u0259n sonra 300-d\u0259n \u00e7ox \u015f\u0259hid olub, niy\u0259 g\u00f6r\u0259 d\u00f6y\u00fc\u015f v\u0259ziyy\u0259tinin l\u0259\u011fv olundu\u011fu q\u0259na\u0259tin\u0259 g\u0259lmis\u0259n v\u0259 tezbazar g\u00f6rd\u00fcy\u00fc i\u015f h\u0259rb\u00e7il\u0259rin ikiqat maa\u015f\u0131n\u0131 l\u0259\u011fv etm\u0259k oldu? \u0130kinci, s\u0259f\u0259rb\u0259r olunanlara ay\u0131 170 manatdan 3 aya birt\u0259h\u0259r 510 manat verdil\u0259r, bunu da biz daim g\u00fcnd\u0259md\u0259 saxlad\u0131q. Bax\u0131n, Rusiya-Ukrayna sava\u015f\u0131nda orduya c\u0259lb olunanlara n\u0259 q\u0259d\u0259r verirl\u0259r. Ard\u0131nca yanvardan qiym\u0259t art\u0131m\u0131, Qaraba\u011f\u0131n b\u0259rpas\u0131ndak\u0131 korrupsiya, qazil\u0259r\u0259, veteranlara etimads\u0131zl\u0131q, 70-80 h\u0259rb\u00e7inin intihar\u0131, vaxtil\u0259 bunun monitorinqini H\u0259bib M\u00fcnt\u0259zir apar\u0131rd\u0131, indi he\u00e7 kim bu i\u015fl\u0259 m\u0259\u015f\u011ful olmur. 100-\u0259 q\u0259d\u0259r qazi intihar edib, ancaq \u018fliyev bir d\u0259f\u0259 d\u0259 m\u00fc\u015favir\u0259 ke\u00e7irm\u0259yib. \u015e\u0259rait yaratm\u0131rsan, he\u00e7 olmasa m\u00fc\u015favir\u0259 ke\u00e7ir ki, qazil\u0259ri niy\u0259 h\u0259yatdan k\u00fcsd\u00fcrm\u00fcs\u00fcn\u00fcz? N\u0259 etmisiniz ki, bu adamlar k\u00fctl\u0259vi intihara \u0259l at\u0131rlar? M\u00fcharib\u0259 bit\u0259n kimi m\u00fcxalif\u0259tl\u0259 ritorikan\u0131 d\u0259yi\u015fdi, indi d\u0259 b\u0259z\u0259n deyir ki, b\u00fct\u00fcn mill\u0259t birl\u0259\u015fmi\u015fdi, vahid m\u00f6vqe vard\u0131, bunu hans\u0131 h\u00f6kum\u0259t ist\u0259m\u0259z ki? El\u00e7ib\u0259y d\u0259 I&nbsp;Qaraba\u011f sava\u015f\u0131nda vahid m\u00f6vqe ist\u0259yirdi, amma onun m\u00fcxalif\u0259ti milli birliyin yaranmas\u0131na imkan vermirdi. Lakin biz son sava\u015fda ham\u0131m\u0131z ordunun \u0259traf\u0131nda birl\u0259\u015fdik, sava\u015f bit\u0259nd\u0259n sonra is\u0259 \u018fliyev m\u00fcxalif\u0259t\u0259 sava\u015f a\u00e7d\u0131. Art\u0131q m\u00fcxalif\u0259tl\u0259 qurtar\u0131b ke\u00e7ib m\u00fcst\u0259qil fikirli adamlara. He\u00e7 zaman Az\u0259rbaycan xalq\u0131na olmayan repressiya ya\u015fad\u0131r, xalq\u0131m\u0131z bunu haqq etmirdi. Ona g\u00f6r\u0259 \u018fliyevin II Qaraba\u011f sava\u015f\u0131nda toplad\u0131\u011f\u0131 reytinqd\u0259n he\u00e7 n\u0259 qalmay\u0131b.<\/p>\n\n\n\n<p>&#8211;&nbsp;<strong>Sizin M\u00fcsavat Partiyas\u0131n\u0131n se\u00e7kil\u0259rd\u0259 i\u015ftirak\u0131na m\u00fcnasib\u0259tiniz maraql\u0131d\u0131r, \u00e7\u00fcnki yegan\u0259 M\u00fcsavat qalm\u0131\u015fd\u0131 ki, AXCP il\u0259 \u0259m\u0259kda\u015fl\u0131q edirdi. Se\u00e7kil\u0259rd\u0259 i\u015ftirak yollar\u0131n\u0131z\u0131n ayr\u0131ld\u0131\u011f\u0131n\u0131 g\u00f6st\u0259rmirmi v\u0259 ya \u0259m\u0259kda\u015fl\u0131q perspektivl\u0259ri qal\u0131rm\u0131?<\/strong><\/p>\n\n\n\n<p>&#8211;&nbsp;Ke\u00e7mi\u015fin ac\u0131 t\u0259cr\u00fcb\u0259l\u0259rini n\u0259z\u0259r\u0259 alaraq, m\u00fcxalif\u0259t ad\u0131 il\u0259 \u00e7\u0131x\u0131\u015f ed\u0259n he\u00e7 bir t\u0259\u015fkilata m\u00fcnasib\u0259td\u0259 a\u00e7\u0131qlamalar\u0131ma rast g\u0259lm\u0259misiniz. M\u0259n onlar\u0131n q\u0259rarlar\u0131n\u0131 qiym\u0259tl\u0259ndirm\u0259k ist\u0259mir\u0259m. \u018flb\u0259tt\u0259, qiym\u0259tl\u0259ndirm\u0259m var, \u0259g\u0259r mill\u0259tin qar\u015f\u0131s\u0131nda se\u00e7kinin saxta oldu\u011funu deyir\u0259ms\u0259. Ona g\u00f6r\u0259 kimin i\u015ftirak\u0131ndan as\u0131l\u0131 olmayaraq se\u00e7ki legitim olmayacaq. Amma bir balaca se\u00e7ki \u015fousuna t\u00f6hf\u0259 verirs\u0259n ki, ciddiyy\u0259t yarans\u0131n. T\u0259bii ki, prosesd\u0259 i\u015ftiraka m\u00fcnasib\u0259tim neqativdir. Lakin partiyalar\u0131 bir-bir d\u0259y\u0259rl\u0259ndirm\u0259yimi d\u00fczg\u00fcn saym\u0131ram. Xalq bax\u0131r, onun da qiym\u0259tl\u0259ndirm\u0259md\u0259n x\u0259b\u0259ri var, Meydan TV-nin s\u0259hif\u0259sin\u0259 bax\u0131n, ba\u015fqa m\u00fcst\u0259qil resurslara da diqq\u0259t edin, xalq\u0131n ba\u015fqa bir \u015fey\u0259 g\u00fcc\u00fc \u00e7atmasa da, haqq\u0131n v\u0259 prinsipial m\u00fcxalif\u0259tin yan\u0131ndad\u0131r. Xalq bu g\u00fcn se\u00e7ki \u015fousunda i\u015ftirak\u0131n birm\u0259nal\u0131 \u015f\u0259kild\u0259 \u0259leyhin\u0259dir.<\/p>\n\n\n\n<p>&#8211;&nbsp;<strong>B\u0259s perspektivd\u0259 M\u00fcsavatla \u0259m\u0259kda\u015fl\u0131q qal\u0131rm\u0131?<\/strong><\/p>\n\n\n\n<p>&#8211;&nbsp;H\u0259r \u015feyi yerind\u0259 v\u0259 zaman\u0131nda m\u00fczakir\u0259 ed\u0259rl\u0259r.<\/p>\n\n\n\n<p>&#8211;&nbsp;<strong>Bu yax\u0131nlarda AB\u015e d\u00f6vl\u0259t katibinin demokratiya m\u0259s\u0259l\u0259l\u0259ri \u00fczr\u0259 m\u00fcavini C\u0259nubi Qafqaz\u0131n iki \u00f6lk\u0259sind\u0259 oldu, ancaq Az\u0259rbaycana g\u0259lm\u0259di. Bu, o dem\u0259kdirmi AB\u015e demokratiya m\u0259s\u0259l\u0259l\u0259rind\u0259 Az\u0259rbaycan\u0131 tam iqnor edib?<\/strong><\/p>\n\n\n\n<p>&#8211;&nbsp;&nbsp;\u0130qnor edib yox, AB\u015e indi onun hay\u0131ndad\u0131r ki, Az\u0259rbaycan tam \u015eimali Koreya olmas\u0131n. 2024-c\u00fc ilin yar\u0131s\u0131 gedib, AB\u015e-nin d\u00f6vl\u0259t katibi 3 d\u0259f\u0259 Az\u0259rbaycan\u0131n ba\u015f\u00e7\u0131s\u0131 il\u0259 siyasi m\u0259hbuslar m\u0259s\u0259l\u0259sini m\u00fczakir\u0259 edib. Haz\u0131rda Yax\u0131n \u015e\u0259rqd\u0259 v\u0259 Ukraynada m\u00fcharib\u0259, Sakit okean h\u00f6vz\u0259sind\u0259 \u00c7inl\u0259 a\u011f\u0131r r\u0259qab\u0259t, bel\u0259 bir \u015f\u0259raitd\u0259 AB\u015e-nin d\u00f6vl\u0259t katibi \u018fliyev\u0259 insan haqlar\u0131na \u0259m\u0259l etm\u0259kl\u0259 ba\u011fl\u0131 beyn\u0259lxalq \u00f6hd\u0259liyini xat\u0131rlad\u0131r. Onlar ba\u015fa d\u00fc\u015f\u00fcr ki, \u00e7evr\u0259 qapan\u0131r, Az\u0259rbaycan T\u00fcrkm\u0259nistan v\u0259 \u015eimali Koreya standartlar\u0131na do\u011fru gedir. Ona g\u00f6r\u0259 d\u0259 k\u00f6rp\u00fcl\u0259rin tam yand\u0131r\u0131lmamas\u0131na \u00e7al\u0131\u015f\u0131rlar.<\/p>\n\n\n<div class=\"wp-block-image\">\n<figure class=\"aligncenter size-full\"><img decoding=\"async\" width=\"937\" height=\"488\" data-src=\"https:\/\/www.meydan.tv\/wp-content\/uploads\/screenshot_3-19.png\" alt=\"\" class=\"wp-image-311034 lazyload\" src=\"data:image\/svg+xml;base64,PHN2ZyB3aWR0aD0iMSIgaGVpZ2h0PSIxIiB4bWxucz0iaHR0cDovL3d3dy53My5vcmcvMjAwMC9zdmciPjwvc3ZnPg==\" style=\"--smush-placeholder-width: 937px; --smush-placeholder-aspect-ratio: 937\/488;\" \/><figcaption class=\"wp-element-caption\">Foto: Meydan TV<\/figcaption><\/figure>\n<\/div>\n\n\n<p>&#8211;&nbsp;<strong>Tramp hakimiyy\u0259t\u0259 g\u0259ls\u0259, \u015eimali Koreya t\u0259hl\u00fck\u0259si yarana bil\u0259rmi?<\/strong><\/p>\n\n\n\n<p>&#8211;&nbsp;Xeyr. Tramp siyas\u0259td\u0259 yeni deyil v\u0259 4 il prezident olub. Az\u0259rbaycandak\u0131 siyasi durumla Tramp\u0131n v\u0259 ba\u015fqas\u0131n\u0131n prezident olmas\u0131n\u0131n birba\u015fa \u0259laq\u0259si yoxdur. \u018flb\u0259tt\u0259, indiki Prezident idealist \u00e7\u0131x\u0131\u015flar edir, b\u00fct\u00fcn d\u00fcnyada azadl\u0131qlar\u0131 m\u00fcdafi\u0259 edir, bunu e\u015fitm\u0259k d\u00fcnyan\u0131n h\u0259r yerind\u0259 demokratlar\u0131 ruhland\u0131r\u0131r. Yaxud Blinken son 6 ayda \u018fliyevl\u0259 Az\u0259rbaycandak\u0131 siyasi m\u0259hbuslar m\u0259s\u0259l\u0259sini m\u00fczakir\u0259 edir. Bunlar xo\u015fdur, amma a\u00e7\u0131\u011f\u0131 n\u0259y\u0259s\u0259 nail olublar? Baydenin idealist \u00e7\u0131x\u0131\u015flar\u0131, Blinkenin Bak\u0131ya z\u0259ngl\u0259ri n\u0259tic\u0259sind\u0259 indiy\u0259 q\u0259d\u0259r 303 m\u0259hbusdan yaln\u0131z Qubad \u0130bado\u011flunun azadl\u0131\u011fa \u00e7\u0131xmas\u0131n\u0131 g\u00f6st\u0259r\u0259 bil\u0259rik. Ancaq Tramp Prezident olanda, bizim 19 yanvar mitinqind\u0259n sonra 53 siyasi m\u0259hbus azad olunmu\u015fdu. \u018fn b\u00f6y\u00fck mitinqimiz d\u0259, \u0259n b\u00f6y\u00fck \u0259fv f\u0259rman\u0131 da Tramp\u0131n hakimiyy\u0259ti d\u00f6vr\u00fcn\u0259 d\u00fc\u015fm\u00fc\u015fd\u00fc. Y\u0259ni birba\u015fa ba\u011flamaq ki, Tramp g\u0259l\u0259nd\u0259n sonra avtoritar liderl\u0259r ist\u0259dikl\u0259rini ed\u0259c\u0259kl\u0259r, el\u0259 olmayacaq.<\/p>\n\n\n\n<p>&#8211;&nbsp;<strong>Dem\u0259li, sizin Q\u0259rb demokratiyas\u0131n\u0131n Az\u0259rbaycana m\u00fcnasib\u0259td\u0259 g\u00f6zl\u0259ntiniz yoxdur?<\/strong><\/p>\n\n\n\n<p>&#8211;&nbsp;Var. Bilirsiniz nec\u0259dir, g\u0259r\u0259k, ortada olan h\u0259qiq\u0259ti tapma\u011fa \u00e7al\u0131\u015faq. Az\u0259rbaycan c\u0259miyy\u0259tind\u0259 iki radikal s\u0259hv yana\u015fma var: b\u0259zil\u0259ri hesab edir ki, daxili faktor he\u00e7 n\u0259 etmir, h\u0259r \u015fey d\u00fcnya g\u00fccl\u0259rinin m\u00f6vqeyin\u0259 ba\u011fl\u0131d\u0131r. \u0130srarla t\u0259lqin edirl\u0259r ki, xalq kimdir, n\u0259 zaman b\u00f6y\u00fckl\u0259r q\u0259rar ver\u0259nd\u0259, Az\u0259rbaycanda v\u0259ziyy\u0259t d\u0259yi\u015f\u0259c\u0259k, bu, s\u0259hvdir. \u0130kinci radikal s\u0259hv yana\u015fma, d\u00fcnyan\u0131n gedi\u015fat\u0131nda Az\u0259rbaycandak\u0131 hadis\u0259l\u0259r\u0259 t\u0259siri yoxdur. H\u0259qiq\u0259t ondan ibar\u0259tdir ki, xalq h\u0259lledici amildir v\u0259 bunu xalq\u0131m\u0131z\u0131 ruhland\u0131rmaq \u00fc\u00e7\u00fcn demir\u0259m. 2018-ci ild\u0259 Erm\u0259nistanda inqilab olanda Putin Rusiyas\u0131 g\u00fccl\u00fcyd\u00fc, ya yox?<\/p>\n\n\n\n<p>&#8211;&nbsp;&nbsp;<strong>\u0130ndikind\u0259n daha g\u00fccl\u00fcyd\u00fc Rusiya\u2026<\/strong><\/p>\n\n\n\n<p>&#8211;&nbsp;AB\u015e Prezidenti d\u0259 Tramp idi, Pa\u015finyan da h\u0259bsd\u0259ydi. Ancaq erm\u0259ni xalq\u0131 3-4 saatda k\u00fctl\u0259vi h\u0259r\u0259kata ba\u015flay\u0131b Sarkisyan\u0131&nbsp;hakimiyy\u0259td\u0259n getm\u0259y\u0259 m\u0259cbur etdi. D\u00fczd\u00fcr, t\u0259\u0259ss\u00fcf ki, Erm\u0259nistandan misal g\u0259tirm\u0259li oluram, amma ba\u015fqalar\u0131 da var. \u018fslind\u0259, bu, az\u0259rbaycanl\u0131lara toxunmal\u0131d\u0131r, Putinin g\u00fccl\u00fc vaxt\u0131nda, Tramp da hakimiyy\u0259td\u0259 olanda qon\u015fular\u0131m\u0131z demokratik inqilab edibs\u0259, biz niy\u0259 ed\u0259 bilm\u0259rik? Bu, n\u0259 b\u0259dbinlik v\u0259 n\u0259 \u00f6zg\u00fcv\u0259nsizlikdir, Putin d\u0259yi\u015fm\u0259s\u0259, Az\u0259rbaycana \u00e7ar\u0259 yoxdur\u2026 Birinci xalq faktorudursa, ikinci amil d\u0259 var, 2005, 2010 v\u0259 dig\u0259r se\u00e7kil\u0259r saxtala\u015fd\u0131rlandan sonra Q\u0259rb d\u00fcnyas\u0131 n\u0259 deyirdi?<\/p>\n\n\n\n<p>&#8211;&nbsp;&nbsp;<strong>Bir add\u0131m ir\u0259lil\u0259yi\u015fdir\u2026<\/strong><\/p>\n\n\n\n<p>&#8211;&nbsp;&nbsp;B\u0259li, halbuki, saxtakarl\u0131q olub, \u0259limizd\u0259n mandat\u0131m\u0131z\u0131 al\u0131blar, lakin Q\u0259rb \u00f6lk\u0259l\u0259rind\u0259n biri utanmadan deyir ki, Az\u0259rbaycan demokratikl\u0259\u015fm\u0259 istiqam\u0259tind\u0259 add\u0131m atd\u0131.<\/p>\n\n\n\n<p>&#8211;&nbsp;<strong>Yaxud 2003-c\u00fc ild\u0259 se\u00e7ki ba\u015fa \u00e7atmam\u0131\u015f AB\u015e r\u0259smisi Armitac \u018fliyevi t\u0259brik etdi\u2026<\/strong><\/p>\n\n\n\n<p>&#8211;&nbsp;B\u0259li. \u00c7\u00fcnki o zaman d\u00fcnyada indiki g\u00fcnd\u0259m yox idi, Putin v\u0259 avtoritarzim beyn\u0259lxalq faktora \u00e7evrilm\u0259mi\u015fdi, t\u0259kq\u00fctbl\u00fc d\u00fcnya oldu\u011fundan Va\u015finqton g\u00fcman edirdi ki, ham\u0131s\u0131 d\u00fcz\u0259l\u0259c\u0259k. H\u0259min ill\u0259rd\u0259 \u018fliyevin t\u0259sdiql\u0259diyi milli t\u0259hl\u00fck\u0259sizlik konsepsiyas\u0131nda Az\u0259rbaycan\u0131n inteqrasiyas\u0131 avroatlantik m\u0259kana yaz\u0131lm\u0131\u015fd\u0131. Dem\u0259li, o zaman bizim m\u00fcbariz\u0259miz g\u00f6rm\u0259zd\u0259n g\u0259linirdi. \u0130ndi 2003 v\u0259 2005-ci ill\u0259rd\u0259 etdikl\u0259rimizin m\u0259nz\u0259r\u0259sini yaratsaq, d\u00fcnyan\u0131n m\u00fcnasib\u0259ti nec\u0259 olar, tam t\u0259rsin\u0259\u2026 Ona g\u00f6r\u0259 d\u0259 yuxar\u0131dak\u0131 radikal yana\u015fmalar\u0131 r\u0259dd etm\u0259k laz\u0131md\u0131r.<\/p>\n\n\n\n<p>&#8211;&nbsp;&nbsp;<strong>Yekun sullar\u0131ma g\u0259l\u0259k, ola bil\u0259r bunlara g\u00f6r\u0259 m\u0259ni siz d\u0259, t\u0259r\u0259fdarlar\u0131n\u0131z da q\u0131nayacaqs\u0131n\u0131z. Ancaq sabah bu m\u0259s\u0259l\u0259l\u0259r g\u00fcnd\u0259m\u0259 g\u0259l\u0259nd\u0259, sizin cavab\u0131n\u0131za ehtiyac olmas\u0131n. Bir ne\u00e7\u0259 g\u00fcn \u0259vv\u0259l, AXC-nin 35 illiyi qeyd olundu, Az\u0259rbaycan\u0131n m\u00fcst\u0259qillik qazanmas\u0131 bax\u0131m\u0131ndan b\u00f6y\u00fck bir tarixdir. Ancaq indiki v\u0259ziyy\u0259tin yaranmas\u0131nda, y\u0259ni \u0130lham \u018fliyevin hakimiyy\u0259t\u0259 g\u0259lm\u0259sind\u0259 v\u0259 Az\u0259rbaycanda monarxik rejimin qurulmas\u0131nda siz d\u0259 daxil, xalq h\u0259r\u0259kat\u0131n\u0131n liderl\u0259ri, \u0130sa Q\u0259mb\u0259rin v\u0259 Etibar M\u0259mm\u0259dovun siyasi-m\u0259n\u0259vi m\u0259suliyy\u0259ti yox deyilmi? M\u0259n El\u00e7ib\u0259yin ad\u0131n\u0131 \u00e7\u0259kmir\u0259m, \u00e7\u00fcnki bu m\u0259s\u0259l\u0259 tarix\u00e7il\u0259rin \u00f6hd\u0259sind\u0259dir&#8230;<\/strong><\/p>\n\n\n\n<p>&#8211;&nbsp;M\u0259n \u015f\u0259xs\u0259n el\u0259 bir m\u0259suliyy\u0259t da\u015f\u0131d\u0131\u011f\u0131m\u0131 d\u00fc\u015f\u00fcnm\u00fcr\u0259m. Faktlara da m\u00fcraci\u0259t ed\u0259 bil\u0259rik. Bilirsiniz, \u00f6lk\u0259 \u00e7\u0131x\u0131lmaz, Az\u0259rbaycan demokratiyas\u0131 da ac\u0131nacaql\u0131 durumdad\u0131r. Bel\u0259 bir \u00fcmumi \u015f\u0259kild\u0259 \u015fablon ifad\u0259ni, \u201cham\u0131m\u0131z g\u00fcnahkar\u0131q\u201d dey\u0259 t\u0259krarlayaq. T\u0259bii ki, ham\u0131m\u0131z\u0131n indiki duruma m\u0259suliyy\u0259ti var. Lakin konkret olaraq, n\u0259 \u0130lham \u018fliyevin, n\u0259 Heyd\u0259r \u018fliyevin hakimiyy\u0259t\u0259 g\u0259lm\u0259sind\u0259 \u00f6z\u00fcm\u00fc m\u0259sul bilir\u0259m. Birincisi, Heyd\u0259r \u018fliyevin hakimiyy\u0259t\u0259 d\u0259v\u0259t olunmas\u0131n\u0131n \u0259leyhin\u0259 olmu\u015fam, h\u0259r yerd\u0259 d\u0259 a\u00e7\u0131q demi\u015f\u0259m v\u0259 o prosesd\u0259 d\u0259 i\u015ftirak etm\u0259mi\u015f\u0259m. \u0130\u015ftirak ed\u0259n c\u0259bh\u0259da\u015flar\u0131m\u0131 vaxt\u0131nda q\u0131nam\u0131\u015fam, indi yox. \u0130lham \u018fliyevin hakimiyy\u0259t\u0259 g\u0259ldiyi 2003-c\u00fc ild\u0259 m\u00fcxalif\u0259tin birliyi namin\u0259 \u0259limd\u0259n g\u0259l\u0259ni etmi\u015f\u0259m. 2003-c\u00fc il siyasi f\u0259aliyy\u0259timin \u0259n parlaq d\u00f6vrl\u0259rind\u0259n biri idi. Bir vacib m\u0259qam\u0131 xat\u0131rlad\u0131m, Xalq C\u0259bh\u0259sind\u0259 m\u0259lum par\u00e7alanma olmam\u0131\u015fdan \u0259vv\u0259l 2000-ci ild\u0259 \u0130sa Q\u0259mb\u0259rin liderliyi il\u0259 parlament se\u00e7kil\u0259rin\u0259 getm\u0259yi t\u0259klif etmi\u015f\u0259m.<\/p>\n\n\n<div class=\"wp-block-image\">\n<figure class=\"aligncenter size-full\"><img decoding=\"async\" width=\"1190\" height=\"639\" data-src=\"https:\/\/www.meydan.tv\/wp-content\/uploads\/1-94.jpg\" alt=\"\" class=\"wp-image-311019 lazyload\" src=\"data:image\/svg+xml;base64,PHN2ZyB3aWR0aD0iMSIgaGVpZ2h0PSIxIiB4bWxucz0iaHR0cDovL3d3dy53My5vcmcvMjAwMC9zdmciPjwvc3ZnPg==\" style=\"--smush-placeholder-width: 1190px; --smush-placeholder-aspect-ratio: 1190\/639;\" \/><figcaption class=\"wp-element-caption\">Fotokollaj: Meydan TV<\/figcaption><\/figure>\n<\/div>\n\n\n<p>&#8211;&nbsp;&nbsp;<strong>M\u0259n el\u0259 2000-ci il se\u00e7kil\u0259rind\u0259ki faktlar\u0131 siz\u0259 g\u00f6st\u0259r\u0259c\u0259m. Bu \u015f\u0259kil &#8220;Azadl\u0131q&#8221; q\u0259zetinin 2020-ci ilin parlament se\u00e7kisinin t\u0259bli\u011fat kampaniyas\u0131ndand\u0131r, \u0130lham \u018fliyevin \u015f\u0259klidir. H\u0259min d\u00f6vr idi ki, &#8220;Azadl\u0131q&#8221; q\u0259zetind\u0259 m\u00fcxalif\u0259td\u0259ki v\u0259 iqtidardak\u0131 islahat\u00e7\u0131lardan silsil\u0259 yaz\u0131lar yaz\u0131l\u0131r, onlar\u0131n \u0259m\u0259kda\u015fl\u0131\u011f\u0131n\u0131n m\u00fcmk\u00fcnl\u00fcy\u00fc vur\u011fulan\u0131r. Sonra h\u0259min yaz\u0131lar\u0131 yazan adam gedib Az.Tv-d\u0259 Almaniyan\u0131 &#8220;da\u011f\u0131td\u0131&#8221;. Bu h\u0259min d\u00f6vr idi ki, \u0130sa Q\u0259mb\u0259r&nbsp; &#8220;hakimiyy\u0259tin d\u0259yi\u015f\u0259c\u0259yi \u015f\u0259ksizdir&#8221; b\u0259yanat\u0131n\u0131 verir, t\u0259sis\u00e7i oldu\u011fu q\u0259zet is\u0259 &#8220;X&#8221; g\u00fcn\u00fcyl\u0259 c\u0259miyy\u0259ti &#8220;m\u00fcbariz\u0259&#8221;y\u0259 haz\u0131lay\u0131rd\u0131. Yaxud Etibar M\u0259mm\u0259dov \u0130lham \u018fliyevin prezident se\u00e7il\u0259c\u0259yini fantaziya say\u0131rd\u0131. N\u0259hay\u0259t, biz d\u0259f\u0259l\u0259rl\u0259 Demkonqress, S\u0130DSUH, DUBB v\u0259 daha hans\u0131 adlarla m\u00fcxalif\u0259tin birl\u0259\u015fib, ayr\u0131lan qurumlar\u0131n\u0131 g\u00f6rd\u00fck. Bunlar\u0131 ona g\u00f6r\u0259 sadalad\u0131m ki, siz 30 illik bu s\u0259hvl\u0259rin indiki m\u0259nz\u0259r\u0259ni yaratd\u0131\u011f\u0131n\u0131 etiraf edirsinizmi?<\/strong><\/p>\n\n\n\n<p>&#8211;&nbsp;&nbsp;Yox. Birinci ondan ba\u015flayaq ki, m\u0259n \u00f6z\u00fcm d\u0259 \u201cAzadl\u0131q\u201d q\u0259zetind\u0259 f\u0259aliyy\u0259t\u0259 ba\u015flam\u0131\u015fam, dost olan adamlar da orada \u00e7al\u0131\u015f\u0131b. Ancaq q\u0259zetd\u0259 indiy\u0259 q\u0259d\u0259r 100-d\u0259n \u00e7ox adam i\u015fl\u0259yib v\u0259 onlar\u0131n ham\u0131s\u0131 t\u0259sdiql\u0259y\u0259r ki, m\u0259n d\u0259 ham\u0131 kimi q\u0259zeti al\u0131b oxuyandan sonra x\u0259b\u0259r tutmu\u015fam. Y\u0259ni senzor i\u015fl\u0259mirdim ki, hans\u0131sa materiallar\u0131 \u00f6nc\u0259d\u0259n g\u00f6r\u00fcm. \u018fslind\u0259, bu suala g\u00f6r\u0259 t\u0259\u015f\u0259kk\u00fcr edir\u0259m. Bu yaz\u0131lar\u0131n \u0259ks\u0259riyy\u0259ti Siyas\u0259t \u015e\u00f6b\u0259sinin r\u0259hb\u0259ri \u0130brahim M\u0259mm\u0259dovun idi, sonra Az.Tv-d\u0259 Almaniyan\u0131 \u201cda\u011f\u0131td\u0131\u201d v\u0259 \u201c\u018fm\u0259k\u201d ordeni ald\u0131. \u0130ndi o gedi\u015fl\u0259 b\u00fct\u00fcn deputat olanlar\u0131n da m\u0259suliyy\u0259tini m\u0259n\u0259 y\u00fckl\u0259y\u0259c\u0259ksiniz? H\u0259r\u0259nin \u00f6z\u00fcn\u00fcn \u0259m\u0259linin \u00f6z m\u0259suliyy\u0259ti var. H\u0259min 2000-ci ild\u0259 Xalq C\u0259bh\u0259sinin qeydiyyat\u0131 l\u0259\u011fv olunub, \u0259g\u0259r partiyan\u0131n siyas\u0259ti idis\u0259, qeydiyyat niy\u0259 l\u0259\u011fv olunurdu? Dem\u0259li, m\u0259nim m\u00fcnasib\u0259tim f\u0259rqli oldu\u011fundan o da \u201cAzadl\u0131q\u201d q\u0259zetind\u0259 qala bilm\u0259di, \u00e7\u0131x\u0131b getdi. Onunla birg\u0259 ba\u015fqalar\u0131 da getdi, adlar \u00e7\u0259km\u0259k ist\u0259mir\u0259m. Bilirsiniz ki, o d\u00f6vrd\u0259 islahat x\u0259tt aparan adamlar\u0131n ham\u0131s\u0131 q\u0259zetd\u0259n uzaqla\u015fd\u0131r\u0131l\u0131blar.<\/p>\n\n\n\n<p>&#8211;&nbsp;<strong>Ancaq s\u0259hvl\u0259r olub da \u018fli b\u0259y, y\u0259ni h\u0259min t\u0259bli\u011fat kampaniyas\u0131n\u0131n o c\u00fcr verilm\u0259si s\u0259hv idi&#8230;<\/strong><\/p>\n\n\n\n<p>&#8211;&nbsp;Natiq b\u0259y, dedim ax\u0131, AXCP-d\u0259 bug\u00fcn\u0259 kimi n\u0259 q\u0259d\u0259r m\u00f6vqeyini sapanlar v\u0259 d\u00f6n\u00fckl\u0259r olub, onlara \u0259liniz \u00e7atm\u0131r, onlar\u0131n m\u0259suliyy\u0259tini qoyun m\u0259nim \u00fcz\u0259rim\u0259 d\u0259&#8230; X\u0259triniz\u0259 d\u0259ym\u0259sin. Sizinl\u0259 bir yola \u00e7\u0131xm\u0131\u015fam, sona q\u0259d\u0259r gedir\u0259m, siz qal\u0131rs\u0131n\u0131z, \u00fc\u00e7\u00fcnc\u00fc g\u0259lib m\u0259suliyy\u0259ti m\u0259nd\u0259n t\u0259l\u0259b edir, ax\u0131 m\u0259n gedir\u0259m, b\u00fcdr\u0259m\u0259mi\u015f\u0259m. 2000-ci ild\u0259 \u0130sa Q\u0259mb\u0259r\u0259 t\u0259klif etdim ki, bir yerd\u0259 ged\u0259k, siyah\u0131da da birinci s\u0259n olacaqsan, se\u00e7ki d\u0259 proporsional qaydada ke\u00e7irilirdi. \u0130sa Q\u0259mb\u0259r h\u0259min gedi\u015fl\u0259 deputat olacaqd\u0131.<\/p>\n\n\n<div class=\"wp-block-image\">\n<figure class=\"alignleft size-full is-resized\"><img decoding=\"async\" width=\"540\" height=\"720\" data-src=\"https:\/\/www.meydan.tv\/wp-content\/uploads\/whatsapp_image_2024-07-15_at_17.31.17_0792f9ff_720.jpg\" alt=\"\" class=\"wp-image-311025 lazyload\" style=\"--smush-placeholder-width: 540px; --smush-placeholder-aspect-ratio: 540\/720;width:388px;height:auto\" src=\"data:image\/svg+xml;base64,PHN2ZyB3aWR0aD0iMSIgaGVpZ2h0PSIxIiB4bWxucz0iaHR0cDovL3d3dy53My5vcmcvMjAwMC9zdmciPjwvc3ZnPg==\" \/><figcaption class=\"wp-element-caption\">Foto: Meydan TV<\/figcaption><\/figure>\n<\/div>\n\n\n<p>&#8211;&nbsp;&nbsp;<strong>B\u0259li, \u201cEl\u00e7ib\u0259y-\u0130sa Q\u0259mb\u0259r siyah\u0131s\u0131\u201d vard\u0131&#8230;<\/strong><\/p>\n\n\n\n<p>&#8211;&nbsp;B\u0259li, h\u0259min siyah\u0131da birinci onun, ikinci m\u0259nim ad\u0131m idi. \u0130ndi k\u00f6hn\u0259 s\u00f6hb\u0259tl\u0259ri uzatmaq ist\u0259mir\u0259m. 2003-c\u00fc ild\u0259 bizi siyasi q\u00fcvv\u0259 kimi sil\u0259c\u0259kdil\u0259r, bizim d\u0259 El\u00e7ib\u0259yin sa\u011fl\u0131\u011f\u0131nda AM\u0130P-l\u0259 t\u0259r\u0259fda\u015fl\u0131q sazi\u015fimiz vard\u0131. Partiyada par\u00e7alanma olanda Etibar M\u0259mm\u0259dov \u0259n\u0259n\u0259vi m\u00fctt\u0259fiql\u0259rimizin bizi m\u0259hv etm\u0259k ist\u0259diyini g\u00f6r\u0259nd\u0259, bizi partiya kimi tan\u0131d\u0131\u011f\u0131n\u0131 bildirdi. Ona g\u00f6r\u0259 Etibar M\u0259mm\u0259dovu d\u0259st\u0259kl\u0259y\u0259si olduq, amma hara q\u0259d\u0259r, se\u00e7ki kampaniyas\u0131n\u0131n gedi\u015find\u0259 g\u00f6r\u0259nd\u0259 ki, \u0130sa Q\u0259mb\u0259r \u015fansl\u0131d\u0131r, onda ad \u00e7\u0259km\u0259k ist\u0259mir\u0259m, bir s\u0131ra adamlarla AM\u0130P liderin\u0259 t\u0259zyiq etdim ki, o g\u00fcz\u0259\u015ft\u0259 getsin. Bu m\u0259s\u0259l\u0259nin b\u0259zi hiss\u0259sini Qurban M\u0259mm\u0259dov dan\u0131\u015f\u0131b. Bel\u0259likl\u0259, onlar\u0131 raz\u0131l\u0131\u011fa g\u0259tirdik, Londonda \u201cD\u00f6rdl\u0259r\u201din g\u00f6r\u00fc\u015f\u00fcn\u0259 haz\u0131r layih\u0259 il\u0259 getdim ki, se\u00e7kiy\u0259 vahid namiz\u0259dl\u0259 qat\u0131laq. Lakin m\u0259n gec\u0259 yatd\u0131\u011f\u0131m yerd\u0259, o raz\u0131l\u0131q pozulubsa, niy\u0259 m\u0259suliyy\u0259t \u00fcz\u0259rimd\u0259 qalmal\u0131d\u0131r?!<\/p>\n\n\n\n<p>&#8211;&nbsp;<strong>M\u0259n ba\u015fqa m\u0259s\u0259l\u0259y\u0259 diqq\u0259tinizi y\u00f6n\u0259ltm\u0259k ist\u0259yir\u0259m, b\u00fct\u00fcn bu dan\u0131\u015fd\u0131qlar\u0131n\u0131zdan Heyd\u0259r \u018fliyev m\u0259har\u0259tl\u0259 istifad\u0259 edib o\u011flunu hakimiyy\u0259t\u0259 g\u0259tirdi. Bunu q\u0259bul edirsinizmi?<\/strong><\/p>\n\n\n\n<p>&#8211;&nbsp;B\u0259li, o hiss\u0259sini q\u0259bul edir\u0259m, amma bir az da h\u00fcquq\u015f\u00fcnasl\u0131\u011f\u0131mdan ir\u0259li g\u0259lir, deyir\u0259m, h\u0259r k\u0259sin m\u0259suliyy\u0259ti f\u0259rdi olmal\u0131d\u0131r. Kollektiv m\u0259suliyy\u0259t f\u0259rdi m\u0259suliyy\u0259ti aradan qald\u0131ran amildir.<\/p>\n\n\n\n<p>&#8211;&nbsp;&nbsp;<strong>Siz d\u0259 \u0259traf\u0131n\u0131za el\u0259 adamlar\u0131 y\u0131\u011f\u0131n ki, dayanaql\u0131 olsun da.<\/strong><\/p>\n\n\n\n<p>&#8211;&nbsp;Natiq b\u0259y, birincisi o zaman hadis\u0259l\u0259r indikind\u0259n \u00e7ox intensiv \u015f\u0259kil al\u0131rd\u0131 v\u0259 siyasi partiyay\u0131q. Bu, x\u00fcsusi xidm\u0259t orqan\u0131 deyil, partiyad\u0131r, adama dey\u0259 bilm\u0259zs\u0259n ki, qo\u015fulma. \u0130kinci, b\u00fct\u00fcn yax\u015f\u0131 resurslar v\u0259 yax\u015f\u0131 ya\u015famaq imkan\u0131 h\u00f6kum\u0259tin \u0259lind\u0259 toplan\u0131b. H\u0259min d\u00f6vrd\u0259 \u015f\u0259xsi m\u00fcnasib\u0259tl\u0259rd\u0259 yax\u015f\u0131 olan c\u0259bh\u0259da\u015flardan biri h\u00f6kum\u0259t m\u0259murlar\u0131 il\u0259 \u0259laq\u0259l\u0259r yaradandan sonra m\u0259n\u0259 bel\u0259 bir etiraf etdi ki, o, m\u0259ni d\u0259 bu i\u015f\u0259 qo\u015fmaq ist\u0259yirdi v\u0259 AXCP-y\u0259 h\u00f6kum\u0259tl\u0259 \u0259m\u0259kda\u015fl\u0131q t\u0259klifi vard\u0131.<\/p>\n\n\n\n<p>&#8211;&nbsp;<strong>H\u0259min adam y\u0259qin indi d\u0259 deputatd\u0131r?<\/strong><\/p>\n\n\n\n<p>&#8211;&nbsp;D\u0259qiql\u0259\u015fdirm\u0259k ist\u0259mir\u0259m&#8230; M\u0259n\u0259 dedi ki, \u018fli, o t\u0259r\u0259fd\u0259 ba\u015fqa h\u0259yat var, biz ya\u015fam\u0131r\u0131q. B\u00fct\u00fcn maddi nem\u0259tl\u0259r, siyasi imtiyazlar, h\u0259r \u015fey h\u00f6kum\u0259tin \u0259lind\u0259 toplan\u0131b v\u0259 s\u0259nin t\u0259\u015fkilata c\u0259lb etdiyin adamlar\u0131n ham\u0131s\u0131 da sufi deyill\u0259r. Onlar\u0131n aras\u0131nda da maddi nem\u0259tl\u0259r\u0259, imtiyazlara can atanlar var. H\u00f6kum\u0259t d\u0259 bel\u0259l\u0259rini tap\u0131b, sovurub \u00f6zl\u0259rin\u0259 birl\u0259\u015fdirdil\u0259r. \u0130ndi bunlar\u0131n ham\u0131s\u0131n\u0131n m\u0259suliyy\u0259tini onlardan imtina ed\u0259nin \u00fcz\u0259rin\u0259 qoymaq sizi rahat edirs\u0259, buyurun!<\/p>\n\n\n\n<p><\/p>\n\n\n\n<p><\/p>\n","protected":false},"excerpt":{"rendered":"","protected":false},"author":8,"featured_media":311028,"comment_status":"closed","ping_status":"closed","sticky":false,"template":"","format":"standard","meta":{"_acf_changed":false,"_sitemap_exclude":false,"_sitemap_priority":"","_sitemap_frequency":"","footnotes":""},"categories":[59,79,63,56],"tags":[],"class_list":["post-311015","post","type-post","status-publish","format-standard","has-post-thumbnail","hentry","category-siyaset","category-featured","category-video-2","category-xeberler","infinite-scroll-item","generate-columns","tablet-grid-50","mobile-grid-100","grid-parent","grid-33","no-featured-image-padding"],"acf":[],"yoast_head":"<!-- This site is optimized with the Yoast SEO plugin v27.4 - https:\/\/yoast.com\/product\/yoast-seo-wordpress\/ -->\n<title>\u018fli K\u0259rimli: \u201cBiz alver\u0259 \u00e7\u0131xm\u0131r\u0131q!\u201d - MEYDAN.TV<\/title>\n<meta name=\"robots\" content=\"index, follow, max-snippet:-1, max-image-preview:large, max-video-preview:-1\" \/>\n<link rel=\"canonical\" href=\"https:\/\/www.meydan.tv\/az\/article\/eli-kerimli-biz-alvere-cixmiriq\/\" \/>\n<meta property=\"og:locale\" content=\"az_AZ\" \/>\n<meta property=\"og:type\" content=\"article\" \/>\n<meta property=\"og:title\" content=\"\u018fli K\u0259rimli: \u201cBiz alver\u0259 \u00e7\u0131xm\u0131r\u0131q!\u201d - MEYDAN.TV\" \/>\n<meta property=\"og:url\" content=\"https:\/\/www.meydan.tv\/az\/article\/eli-kerimli-biz-alvere-cixmiriq\/\" \/>\n<meta property=\"og:site_name\" content=\"MEYDAN.TV\" \/>\n<meta property=\"article:published_time\" content=\"2024-07-22T18:30:44+00:00\" \/>\n<meta property=\"article:modified_time\" content=\"2024-07-23T03:57:30+00:00\" \/>\n<meta property=\"og:image\" content=\"https:\/\/www.meydan.tv\/wp-content\/uploads\/screenshot_7-5-e1721668089617.png\" \/>\n\t<meta property=\"og:image:width\" content=\"1200\" \/>\n\t<meta property=\"og:image:height\" content=\"572\" \/>\n\t<meta property=\"og:image:type\" content=\"image\/png\" \/>\n<meta name=\"author\" content=\"elli\" \/>\n<meta name=\"twitter:card\" content=\"summary_large_image\" \/>\n<meta name=\"twitter:creator\" content=\"@elli\" \/>\n<script type=\"application\/ld+json\" class=\"yoast-schema-graph\">{\"@context\":\"https:\\\/\\\/schema.org\",\"@graph\":[{\"@type\":\"Article\",\"@id\":\"https:\\\/\\\/www.meydan.tv\\\/az\\\/article\\\/eli-kerimli-biz-alvere-cixmiriq\\\/#article\",\"isPartOf\":{\"@id\":\"https:\\\/\\\/www.meydan.tv\\\/az\\\/article\\\/eli-kerimli-biz-alvere-cixmiriq\\\/\"},\"author\":{\"name\":\"elli\",\"@id\":\"https:\\\/\\\/www.meydan.tv\\\/az\\\/#\\\/schema\\\/person\\\/9cdbecf90d17180ce1dfbd95b08dcf47\"},\"headline\":\"\u018fli K\u0259rimli: \u201cBiz alver\u0259 \u00e7\u0131xm\u0131r\u0131q!\u201d\",\"datePublished\":\"2024-07-22T18:30:44+00:00\",\"dateModified\":\"2024-07-23T03:57:30+00:00\",\"mainEntityOfPage\":{\"@id\":\"https:\\\/\\\/www.meydan.tv\\\/az\\\/article\\\/eli-kerimli-biz-alvere-cixmiriq\\\/\"},\"wordCount\":5696,\"publisher\":{\"@id\":\"https:\\\/\\\/www.meydan.tv\\\/az\\\/#organization\"},\"image\":{\"@id\":\"https:\\\/\\\/www.meydan.tv\\\/az\\\/article\\\/eli-kerimli-biz-alvere-cixmiriq\\\/#primaryimage\"},\"thumbnailUrl\":\"https:\\\/\\\/www.meydan.tv\\\/wp-content\\\/uploads\\\/screenshot_7-5-e1721668089617.png\",\"articleSection\":[\"Siyas\u0259t\",\"T\u00f6vsiy\u0259\",\"Video\",\"X\u0259b\u0259rl\u0259r\"],\"inLanguage\":\"az\"},{\"@type\":\"WebPage\",\"@id\":\"https:\\\/\\\/www.meydan.tv\\\/az\\\/article\\\/eli-kerimli-biz-alvere-cixmiriq\\\/\",\"url\":\"https:\\\/\\\/www.meydan.tv\\\/az\\\/article\\\/eli-kerimli-biz-alvere-cixmiriq\\\/\",\"name\":\"\u018fli K\u0259rimli: \u201cBiz alver\u0259 \u00e7\u0131xm\u0131r\u0131q!\u201d - MEYDAN.TV\",\"isPartOf\":{\"@id\":\"https:\\\/\\\/www.meydan.tv\\\/az\\\/#website\"},\"primaryImageOfPage\":{\"@id\":\"https:\\\/\\\/www.meydan.tv\\\/az\\\/article\\\/eli-kerimli-biz-alvere-cixmiriq\\\/#primaryimage\"},\"image\":{\"@id\":\"https:\\\/\\\/www.meydan.tv\\\/az\\\/article\\\/eli-kerimli-biz-alvere-cixmiriq\\\/#primaryimage\"},\"thumbnailUrl\":\"https:\\\/\\\/www.meydan.tv\\\/wp-content\\\/uploads\\\/screenshot_7-5-e1721668089617.png\",\"datePublished\":\"2024-07-22T18:30:44+00:00\",\"dateModified\":\"2024-07-23T03:57:30+00:00\",\"breadcrumb\":{\"@id\":\"https:\\\/\\\/www.meydan.tv\\\/az\\\/article\\\/eli-kerimli-biz-alvere-cixmiriq\\\/#breadcrumb\"},\"inLanguage\":\"az\",\"potentialAction\":[{\"@type\":\"ReadAction\",\"target\":[\"https:\\\/\\\/www.meydan.tv\\\/az\\\/article\\\/eli-kerimli-biz-alvere-cixmiriq\\\/\"]}]},{\"@type\":\"ImageObject\",\"inLanguage\":\"az\",\"@id\":\"https:\\\/\\\/www.meydan.tv\\\/az\\\/article\\\/eli-kerimli-biz-alvere-cixmiriq\\\/#primaryimage\",\"url\":\"https:\\\/\\\/www.meydan.tv\\\/wp-content\\\/uploads\\\/screenshot_7-5-e1721668089617.png\",\"contentUrl\":\"https:\\\/\\\/www.meydan.tv\\\/wp-content\\\/uploads\\\/screenshot_7-5-e1721668089617.png\",\"width\":1200,\"height\":572,\"caption\":\"\u018fli K\u0259rimli. Foto: Meydan TV\"},{\"@type\":\"BreadcrumbList\",\"@id\":\"https:\\\/\\\/www.meydan.tv\\\/az\\\/article\\\/eli-kerimli-biz-alvere-cixmiriq\\\/#breadcrumb\",\"itemListElement\":[{\"@type\":\"ListItem\",\"position\":1,\"name\":\"Ana s\u0259hif\u0259\",\"item\":\"https:\\\/\\\/www.meydan.tv\\\/az\\\/\"},{\"@type\":\"ListItem\",\"position\":2,\"name\":\"Siyas\u0259t\",\"item\":\"https:\\\/\\\/www.meydan.tv\\\/az\\\/section\\\/siyaset\\\/\"},{\"@type\":\"ListItem\",\"position\":3,\"name\":\"\u018fli K\u0259rimli: \u201cBiz alver\u0259 \u00e7\u0131xm\u0131r\u0131q!\u201d\"}]},{\"@type\":\"WebSite\",\"@id\":\"https:\\\/\\\/www.meydan.tv\\\/az\\\/#website\",\"url\":\"https:\\\/\\\/www.meydan.tv\\\/az\\\/\",\"name\":\"MEYDAN.TV\",\"description\":\"Meydan TV Az\u0259rbaycan\u0131n media m\u0259kan\u0131ndak\u0131 alternativ s\u0259sidir\",\"publisher\":{\"@id\":\"https:\\\/\\\/www.meydan.tv\\\/az\\\/#organization\"},\"potentialAction\":[{\"@type\":\"SearchAction\",\"target\":{\"@type\":\"EntryPoint\",\"urlTemplate\":\"https:\\\/\\\/www.meydan.tv\\\/az\\\/?s={search_term_string}\"},\"query-input\":{\"@type\":\"PropertyValueSpecification\",\"valueRequired\":true,\"valueName\":\"search_term_string\"}}],\"inLanguage\":\"az\"},{\"@type\":\"Organization\",\"@id\":\"https:\\\/\\\/www.meydan.tv\\\/az\\\/#organization\",\"name\":\"Meydan TV\",\"url\":\"https:\\\/\\\/www.meydan.tv\\\/az\\\/\",\"logo\":{\"@type\":\"ImageObject\",\"inLanguage\":\"az\",\"@id\":\"https:\\\/\\\/www.meydan.tv\\\/az\\\/#\\\/schema\\\/logo\\\/image\\\/\",\"url\":\"https:\\\/\\\/www.meydan.tv\\\/wp-content\\\/uploads\\\/2021\\\/07\\\/meydan-logo.svg\",\"contentUrl\":\"https:\\\/\\\/www.meydan.tv\\\/wp-content\\\/uploads\\\/2021\\\/07\\\/meydan-logo.svg\",\"width\":195,\"height\":46,\"caption\":\"Meydan TV\"},\"image\":{\"@id\":\"https:\\\/\\\/www.meydan.tv\\\/az\\\/#\\\/schema\\\/logo\\\/image\\\/\"}},{\"@type\":\"Person\",\"@id\":\"https:\\\/\\\/www.meydan.tv\\\/az\\\/#\\\/schema\\\/person\\\/9cdbecf90d17180ce1dfbd95b08dcf47\",\"name\":\"elli\",\"sameAs\":[\"https:\\\/\\\/x.com\\\/elli\"]}]}<\/script>\n<!-- \/ Yoast SEO plugin. -->","yoast_head_json":{"title":"\u018fli K\u0259rimli: \u201cBiz alver\u0259 \u00e7\u0131xm\u0131r\u0131q!\u201d - MEYDAN.TV","robots":{"index":"index","follow":"follow","max-snippet":"max-snippet:-1","max-image-preview":"max-image-preview:large","max-video-preview":"max-video-preview:-1"},"canonical":"https:\/\/www.meydan.tv\/az\/article\/eli-kerimli-biz-alvere-cixmiriq\/","og_locale":"az_AZ","og_type":"article","og_title":"\u018fli K\u0259rimli: \u201cBiz alver\u0259 \u00e7\u0131xm\u0131r\u0131q!\u201d - MEYDAN.TV","og_url":"https:\/\/www.meydan.tv\/az\/article\/eli-kerimli-biz-alvere-cixmiriq\/","og_site_name":"MEYDAN.TV","article_published_time":"2024-07-22T18:30:44+00:00","article_modified_time":"2024-07-23T03:57:30+00:00","og_image":[{"width":1200,"height":572,"url":"https:\/\/www.meydan.tv\/wp-content\/uploads\/screenshot_7-5-e1721668089617.png","type":"image\/png"}],"author":"elli","twitter_card":"summary_large_image","twitter_creator":"@elli","schema":{"@context":"https:\/\/schema.org","@graph":[{"@type":"Article","@id":"https:\/\/www.meydan.tv\/az\/article\/eli-kerimli-biz-alvere-cixmiriq\/#article","isPartOf":{"@id":"https:\/\/www.meydan.tv\/az\/article\/eli-kerimli-biz-alvere-cixmiriq\/"},"author":{"name":"elli","@id":"https:\/\/www.meydan.tv\/az\/#\/schema\/person\/9cdbecf90d17180ce1dfbd95b08dcf47"},"headline":"\u018fli K\u0259rimli: \u201cBiz alver\u0259 \u00e7\u0131xm\u0131r\u0131q!\u201d","datePublished":"2024-07-22T18:30:44+00:00","dateModified":"2024-07-23T03:57:30+00:00","mainEntityOfPage":{"@id":"https:\/\/www.meydan.tv\/az\/article\/eli-kerimli-biz-alvere-cixmiriq\/"},"wordCount":5696,"publisher":{"@id":"https:\/\/www.meydan.tv\/az\/#organization"},"image":{"@id":"https:\/\/www.meydan.tv\/az\/article\/eli-kerimli-biz-alvere-cixmiriq\/#primaryimage"},"thumbnailUrl":"https:\/\/www.meydan.tv\/wp-content\/uploads\/screenshot_7-5-e1721668089617.png","articleSection":["Siyas\u0259t","T\u00f6vsiy\u0259","Video","X\u0259b\u0259rl\u0259r"],"inLanguage":"az"},{"@type":"WebPage","@id":"https:\/\/www.meydan.tv\/az\/article\/eli-kerimli-biz-alvere-cixmiriq\/","url":"https:\/\/www.meydan.tv\/az\/article\/eli-kerimli-biz-alvere-cixmiriq\/","name":"\u018fli K\u0259rimli: \u201cBiz alver\u0259 \u00e7\u0131xm\u0131r\u0131q!\u201d - MEYDAN.TV","isPartOf":{"@id":"https:\/\/www.meydan.tv\/az\/#website"},"primaryImageOfPage":{"@id":"https:\/\/www.meydan.tv\/az\/article\/eli-kerimli-biz-alvere-cixmiriq\/#primaryimage"},"image":{"@id":"https:\/\/www.meydan.tv\/az\/article\/eli-kerimli-biz-alvere-cixmiriq\/#primaryimage"},"thumbnailUrl":"https:\/\/www.meydan.tv\/wp-content\/uploads\/screenshot_7-5-e1721668089617.png","datePublished":"2024-07-22T18:30:44+00:00","dateModified":"2024-07-23T03:57:30+00:00","breadcrumb":{"@id":"https:\/\/www.meydan.tv\/az\/article\/eli-kerimli-biz-alvere-cixmiriq\/#breadcrumb"},"inLanguage":"az","potentialAction":[{"@type":"ReadAction","target":["https:\/\/www.meydan.tv\/az\/article\/eli-kerimli-biz-alvere-cixmiriq\/"]}]},{"@type":"ImageObject","inLanguage":"az","@id":"https:\/\/www.meydan.tv\/az\/article\/eli-kerimli-biz-alvere-cixmiriq\/#primaryimage","url":"https:\/\/www.meydan.tv\/wp-content\/uploads\/screenshot_7-5-e1721668089617.png","contentUrl":"https:\/\/www.meydan.tv\/wp-content\/uploads\/screenshot_7-5-e1721668089617.png","width":1200,"height":572,"caption":"\u018fli K\u0259rimli. Foto: Meydan TV"},{"@type":"BreadcrumbList","@id":"https:\/\/www.meydan.tv\/az\/article\/eli-kerimli-biz-alvere-cixmiriq\/#breadcrumb","itemListElement":[{"@type":"ListItem","position":1,"name":"Ana s\u0259hif\u0259","item":"https:\/\/www.meydan.tv\/az\/"},{"@type":"ListItem","position":2,"name":"Siyas\u0259t","item":"https:\/\/www.meydan.tv\/az\/section\/siyaset\/"},{"@type":"ListItem","position":3,"name":"\u018fli K\u0259rimli: \u201cBiz alver\u0259 \u00e7\u0131xm\u0131r\u0131q!\u201d"}]},{"@type":"WebSite","@id":"https:\/\/www.meydan.tv\/az\/#website","url":"https:\/\/www.meydan.tv\/az\/","name":"MEYDAN.TV","description":"Meydan TV Az\u0259rbaycan\u0131n media m\u0259kan\u0131ndak\u0131 alternativ s\u0259sidir","publisher":{"@id":"https:\/\/www.meydan.tv\/az\/#organization"},"potentialAction":[{"@type":"SearchAction","target":{"@type":"EntryPoint","urlTemplate":"https:\/\/www.meydan.tv\/az\/?s={search_term_string}"},"query-input":{"@type":"PropertyValueSpecification","valueRequired":true,"valueName":"search_term_string"}}],"inLanguage":"az"},{"@type":"Organization","@id":"https:\/\/www.meydan.tv\/az\/#organization","name":"Meydan TV","url":"https:\/\/www.meydan.tv\/az\/","logo":{"@type":"ImageObject","inLanguage":"az","@id":"https:\/\/www.meydan.tv\/az\/#\/schema\/logo\/image\/","url":"https:\/\/www.meydan.tv\/wp-content\/uploads\/2021\/07\/meydan-logo.svg","contentUrl":"https:\/\/www.meydan.tv\/wp-content\/uploads\/2021\/07\/meydan-logo.svg","width":195,"height":46,"caption":"Meydan TV"},"image":{"@id":"https:\/\/www.meydan.tv\/az\/#\/schema\/logo\/image\/"}},{"@type":"Person","@id":"https:\/\/www.meydan.tv\/az\/#\/schema\/person\/9cdbecf90d17180ce1dfbd95b08dcf47","name":"elli","sameAs":["https:\/\/x.com\/elli"]}]}},"_links":{"self":[{"href":"https:\/\/www.meydan.tv\/az\/wp-json\/wp\/v2\/posts\/311015","targetHints":{"allow":["GET"]}}],"collection":[{"href":"https:\/\/www.meydan.tv\/az\/wp-json\/wp\/v2\/posts"}],"about":[{"href":"https:\/\/www.meydan.tv\/az\/wp-json\/wp\/v2\/types\/post"}],"author":[{"embeddable":true,"href":"https:\/\/www.meydan.tv\/az\/wp-json\/wp\/v2\/users\/8"}],"replies":[{"embeddable":true,"href":"https:\/\/www.meydan.tv\/az\/wp-json\/wp\/v2\/comments?post=311015"}],"version-history":[{"count":4,"href":"https:\/\/www.meydan.tv\/az\/wp-json\/wp\/v2\/posts\/311015\/revisions"}],"predecessor-version":[{"id":311057,"href":"https:\/\/www.meydan.tv\/az\/wp-json\/wp\/v2\/posts\/311015\/revisions\/311057"}],"wp:featuredmedia":[{"embeddable":true,"href":"https:\/\/www.meydan.tv\/az\/wp-json\/wp\/v2\/media\/311028"}],"wp:attachment":[{"href":"https:\/\/www.meydan.tv\/az\/wp-json\/wp\/v2\/media?parent=311015"}],"wp:term":[{"taxonomy":"category","embeddable":true,"href":"https:\/\/www.meydan.tv\/az\/wp-json\/wp\/v2\/categories?post=311015"},{"taxonomy":"post_tag","embeddable":true,"href":"https:\/\/www.meydan.tv\/az\/wp-json\/wp\/v2\/tags?post=311015"}],"curies":[{"name":"wp","href":"https:\/\/api.w.org\/{rel}","templated":true}]}}