{"id":310965,"date":"2024-07-22T15:46:08","date_gmt":"2024-07-22T11:46:08","guid":{"rendered":"https:\/\/www.meydan.tv\/?p=310965"},"modified":"2024-07-22T15:46:11","modified_gmt":"2024-07-22T11:46:11","slug":"ordunun-zabiti-polis-zorakiligina-gore-intihar-heddine-catdigini-deyir-meni-yerde-tepiklediler","status":"publish","type":"post","link":"https:\/\/www.meydan.tv\/az\/article\/ordunun-zabiti-polis-zorakiligina-gore-intihar-heddine-catdigini-deyir-meni-yerde-tepiklediler\/","title":{"rendered":"Ordunun zabiti polis zorak\u0131l\u0131\u011f\u0131na g\u00f6r\u0259 intihar h\u0259ddin\u0259 \u00e7atd\u0131\u011f\u0131n\u0131 deyir: \u201cM\u0259ni yerd\u0259 t\u0259pikl\u0259dil\u0259r&#8230;\u201d"},"content":{"rendered":"\n<p><\/p>\n\n\n\n<p><strong><em>D\u0130N is\u0259 qazinin dedikl\u0259rini t\u0259kzib edir: \u201cPolisl\u0259r xidm\u0259ti v\u0259zif\u0259l\u0259rini icra edibl\u0259r\u201d<\/em><\/strong><\/p>\n\n\n\n<p>N sayl\u0131 h\u0259rbi hiss\u0259nin tabor komandiri, mayor Taleh Alc\u0259f\u0259rov \u00f6z\u00fc v\u0259 h\u0259rb\u00e7i yolda\u015flar\u0131n\u0131n Naftalanda polis zorak\u0131l\u0131\u011f\u0131na m\u0259ruz qald\u0131\u011f\u0131n\u0131 deyir. O, mediaya v\u0259 h\u00fcquq m\u00fcdafi\u0259\u00e7il\u0259rin\u0259 m\u00fcraci\u0259t ed\u0259r\u0259k, ba\u015f\u0131na g\u0259l\u0259nl\u0259rin ictimail\u0259\u015fdirilm\u0259sini ist\u0259yib. Zabit deyir ki, Naftalan rayon Polis \u015e\u00f6b\u0259sind\u0259 m\u0259ruz qald\u0131\u011f\u0131 zorak\u0131l\u0131q v\u0259 t\u0259hqirl\u0259r \u00fcz\u00fcnd\u0259n \u00f6z\u00fcn\u00fc \u00f6ld\u00fcrm\u0259k h\u0259ddin\u0259 \u00e7at\u0131b. Bu \u00fczd\u0259n Prezident d\u0259 daxil olmaqla, m\u00fcvafiq d\u00f6vl\u0259t strukturlar\u0131n\u0131n r\u0259hb\u0259rl\u0259rinin hadis\u0259d\u0259n x\u0259b\u0259r tutmas\u0131n\u0131, ona v\u0259 h\u0259rb\u00e7i yolda\u015flar\u0131na qar\u015f\u0131 qanunsuzluq ed\u0259n polisl\u0259rin c\u0259zaland\u0131r\u0131lmas\u0131n\u0131 xahi\u015f edir.<\/p>\n\n\n\n<p>Taleh Alc\u0259f\u0259rovun s\u00f6zl\u0259rin\u0259 g\u00f6r\u0259, hadis\u0259 iyulun 16-da ba\u015f verib. H\u0259min g\u00fcn 10 n\u0259f\u0259rd\u0259n \u00e7ox h\u0259rb\u00e7i yolda\u015f\u0131 il\u0259 Naftalandak\u0131 kafel\u0259rd\u0259n birind\u0259 olublar. Kafed\u0259n \u00e7\u0131xanda onlar\u0131 m\u00fclki geyimli \u015f\u0259xsl\u0259r saxlay\u0131b. Onlar \u00f6zl\u0259rini polis \u015f\u00f6b\u0259sinin \u0259m\u0259liyyat\u00e7\u0131lar\u0131 kimi t\u0259qdim edibl\u0259r, lakin xidm\u0259ti v\u0259siq\u0259l\u0259rini g\u00f6st\u0259rm\u0259yibl\u0259r. Deyibl\u0259r ki, h\u0259rb\u00e7il\u0259rin oldu\u011fu avtomobili Naftalanda ilk d\u0259f\u0259 g\u00f6r\u00fcrl\u0259r, bu \u00fczd\u0259n \u015f\u00fcbh\u0259l\u0259nirl\u0259r v\u0259 \u015f\u00f6b\u0259y\u0259 getm\u0259lidil\u0259r.<\/p>\n\n\n\n<p>Taleh Alc\u0259f\u0259rov deyir ki, polisl\u0259r\u0259 h\u0259rb\u00e7i olduqlar\u0131n\u0131, 44 g\u00fcnl\u00fck m\u00fcharib\u0259d\u0259 yaraland\u0131qlar\u0131n\u0131, haz\u0131rda da orduda xidm\u0259t etdikl\u0259rini deyibl\u0259r, amma xeyri olmay\u0131b.<\/p>\n\n\n\n<p>Polis \u015f\u00f6b\u0259sind\u0259 onu v\u0259 Ayaz adl\u0131 zabit yolda\u015f\u0131n\u0131 kabinetd\u0259 saxlad\u0131qlar\u0131n\u0131, dig\u0259r h\u0259rb\u00e7i yolda\u015flar\u0131n\u0131n is\u0259 m\u00fcv\u0259qq\u0259ti saxlama yerin\u0259 sal\u0131nd\u0131\u011f\u0131n\u0131 dey\u0259n Taleh Alc\u0259f\u0259rov bildirib ki, \u015f\u00f6b\u0259d\u0259 D\u00f6vran, Ceyhun v\u0259 adlar\u0131n\u0131 bilm\u0259diyi dig\u0259r polis \u0259m\u0259kda\u015flar\u0131 onu m\u00f6hk\u0259m d\u00f6y\u00fcbl\u0259r, t\u0259hqir edibl\u0259r. O vur\u011fulay\u0131b ki, i\u015fg\u0259nc\u0259l\u0259rd\u0259n bir hiss\u0259si r\u0259is m\u00fcavininin xidm\u0259ti ota\u011f\u0131nda, onun g\u00f6z\u00fcn\u00fcn qar\u015f\u0131s\u0131nda ba\u015f verib:<\/p>\n\n\n\n<p><em>\u201cM\u0259ni d\u0259h\u015f\u0259t\u0259 g\u0259tir\u0259n budur ki, he\u00e7 bir cinay\u0259t t\u00f6r\u0259tm\u0259mi\u015f adamlara qar\u015f\u0131 bunlar\u0131 nec\u0259 etm\u0259k olar?! M\u0259ni yerd\u0259 t\u0259pikl\u0259dil\u0259r, d\u00f6yd\u00fcl\u0259r. M\u0259nim \u00fcz\u00fcm\u0259 t\u00fcp\u00fcr\u00fclm\u0259si is\u0259 son h\u0259dd oldu. Bu t\u0259hqiri he\u00e7 c\u00fcr h\u0259zm ed\u0259 bilmir\u0259m. Bir Ordunun zabitinin \u015f\u0259r\u0259fini bu \u015f\u0259kild\u0259 nec\u0259 t\u0259hqir el\u0259m\u0259k olar? \u0130ntihar h\u0259ddind\u0259y\u0259m&#8230;\u201d.<\/em><\/p>\n\n\n\n<p>O \u0259lav\u0259 edib ki, dig\u0259r h\u0259rb\u00e7i yolda\u015f\u0131 Ayaz C\u0259f\u0259rliy\u0259 qar\u015f\u0131 da eyni vaxtda zorak\u0131l\u0131q g\u00f6st\u0259rilib. H\u0259rb\u00e7il\u0259r bir ne\u00e7\u0259 saat sonra s\u0259rb\u0259st burax\u0131l\u0131b. Taleh Alc\u0259f\u0259rov h\u0259kim\u0259 m\u00fcraci\u0259t edib, \u00fcst\u00fcnd\u0259ki x\u0259sar\u0259t izl\u0259ril\u0259 \u0259laq\u0259dar ekspertizadan ke\u00e7ib:<\/p>\n\n\n\n<p><em>\u201cM\u0259n 19 ildir h\u0259rb\u00e7iy\u0259m, zabit \u015f\u0259r\u0259fim var. Bizim zabit \u015f\u0259r\u0259fimiz t\u0259hqir olunub. Ali Ba\u015f Komandandan, Ba\u015f prokurordan, daxili i\u015fl\u0259r nazirind\u0259n xahi\u015f edirik, bu m\u0259s\u0259l\u0259ni n\u0259zar\u0259t\u0259 g\u00f6t\u00fcr\u00fcb, obyektiv ara\u015fd\u0131rma apar\u0131lmas\u0131na g\u00f6st\u0259ri\u015f versinl\u0259r\u201d.<\/em><\/p>\n\n\n\n<p>O vur\u011fulay\u0131b ki, obyektiv ara\u015fd\u0131rma aparmaq \u00fc\u00e7\u00fcn m\u00fc\u015fahid\u0259 kameralar\u0131ndak\u0131 g\u00f6r\u00fcnt\u00fcl\u0259rd\u0259n istifad\u0259 oluna bil\u0259r:<\/p>\n\n\n\n<p><em>\u201cBizim saxlan\u0131l\u0131b apar\u0131ld\u0131\u011f\u0131m\u0131z yerd\u0259 kameralar var. O g\u00f6r\u00fcnt\u00fcl\u0259r\u0259 baxanda h\u0259r \u015fey ayd\u0131n olacaq. T\u0259\u0259ss\u00fcf ki, bizim \u0259limiz o g\u00f6r\u00fcnt\u00fcl\u0259r\u0259 \u00e7atm\u0131r. Amma obyektiv ara\u015fd\u0131rma aparmaq ist\u0259y\u0259n olsa, g\u00f6t\u00fcr\u00fcb baxa bil\u0259r\u201d.<\/em><\/p>\n\n\n<div class=\"wp-block-image\">\n<figure class=\"aligncenter size-full\"><img decoding=\"async\" width=\"1200\" height=\"800\" data-src=\"https:\/\/www.meydan.tv\/wp-content\/uploads\/din-1.jpg\" alt=\"\" class=\"wp-image-294906 lazyload\" src=\"data:image\/svg+xml;base64,PHN2ZyB3aWR0aD0iMSIgaGVpZ2h0PSIxIiB4bWxucz0iaHR0cDovL3d3dy53My5vcmcvMjAwMC9zdmciPjwvc3ZnPg==\" style=\"--smush-placeholder-width: 1200px; --smush-placeholder-aspect-ratio: 1200\/800;\" \/><figcaption class=\"wp-element-caption\">Daxili \u0130\u015fl\u0259r Nazirliyi. Foto: D\u0130N<\/figcaption><\/figure>\n<\/div>\n\n\n<p>Daxili \u0130\u015fl\u0259r Nazirliyi is\u0259 Naftalanda h\u0259rb\u00e7il\u0259rin polis zorak\u0131l\u0131\u011f\u0131na qalmas\u0131 haqda qazinin dedikl\u0259rini t\u0259kzib edir. Nazirliyin m\u0259tbuat xidm\u0259tind\u0259n bildirilib ki, saxlan\u0131lanlar s\u0259rxo\u015f olub v\u0259 ictimai qaydan\u0131 pozublar, polisl\u0259r d\u0259 xidm\u0259ti v\u0259zif\u0259l\u0259rini icra edibl\u0259r:<\/p>\n\n\n\n<p>\u201c<em>\u0130yulun 16-da gec\u0259 saatlar\u0131nda Naftalandak\u0131 marketl\u0259rin birinin qar\u015f\u0131s\u0131nda \u201cMercedes\u201d markal\u0131 avtomobill\u0259 bir qrup \u015f\u0259xs s\u0259rxo\u015f v\u0259ziyy\u0259td\u0259 ictimai qaydan\u0131 kobud sur\u0259td\u0259 pozub. \u018frazid\u0259 xidm\u0259t aparan polis \u0259m\u0259kda\u015flar\u0131 onlar\u0131 nizam-intizama d\u0259v\u0259t ets\u0259 d\u0259, avtomobild\u0259 olan Ayaz C\u0259f\u0259rli, Elvin Muradov, Ruslan S\u0259f\u0259ral\u0131yev, Taleh Alc\u0259f\u0259rov v\u0259 Nihad Quliyev V\u0259t\u0259n m\u00fcharib\u0259si i\u015ftirak\u00e7\u0131s\u0131 olduqlar\u0131n\u0131 \u0259sas g\u0259tir\u0259r\u0259k, ictimai yerd\u0259 s\u00f6y\u00fc\u015f-t\u0259hqirl\u0259 m\u00fc\u015fahid\u0259 olunan qanunsuz \u0259m\u0259ll\u0259rini davam etdirib.<\/em><\/p>\n\n\n\n<p><em>\u018fm\u0259ll\u0259rinin ara\u015fd\u0131r\u0131lmas\u0131 \u00fc\u00e7\u00fcn Naftalan \u015e\u0259h\u0259r Polis \u015e\u00f6b\u0259sin\u0259 g\u0259tiril\u0259nd\u0259 Ayaz C\u0259f\u0259rli v\u0259 Taleh Alc\u0259f\u0259rov qeyri-adekvat \u0259m\u0259ll\u0259rini davam etdir\u0259r\u0259k polis \u0259m\u0259kda\u015flar\u0131n\u0131n xidm\u0259tin\u0259 mane olublar. H\u0259min \u015f\u0259xsl\u0259r s\u0259rxo\u015fluq m\u00fcayin\u0259sind\u0259n ke\u00e7iril\u0259n zaman Ayaz C\u0259f\u0259rli, Elvin Muradov v\u0259 Ruslan S\u0259f\u0259ral\u0131yevin orta d\u0259r\u0259c\u0259li s\u0259rxo\u015f olmalar\u0131 m\u00fc\u0259yy\u0259n edilib\u201d.<\/em><\/p>\n\n\n\n<p>D\u0130N-in m\u0259tbuat xidm\u0259tinin a\u00e7\u0131qlamas\u0131ndan o da m\u0259lum olub ki, adlar\u0131 \u00e7\u0259kil\u0259n h\u0259rb\u00e7il\u0259r s\u0259rb\u0259st burax\u0131lsalar da, Naftalan \u015f\u0259h\u0259r Polis \u015e\u00f6b\u0259sinin \u0130stintaq Qrupunda ara\u015fd\u0131rmalar davam etdirilir.<\/p>\n","protected":false},"excerpt":{"rendered":"<p>D\u0130N is\u0259 qazinin dedikl\u0259rini t\u0259kzib edir: \u201cPolisl\u0259r xidm\u0259ti v\u0259zif\u0259l\u0259rini icra &#8230; <\/p>\n<p class=\"read-more-container\"><a title=\"Ordunun zabiti polis zorak\u0131l\u0131\u011f\u0131na g\u00f6r\u0259 intihar h\u0259ddin\u0259 \u00e7atd\u0131\u011f\u0131n\u0131 deyir: \u201cM\u0259ni yerd\u0259 t\u0259pikl\u0259dil\u0259r&#8230;\u201d\" class=\"read-more button\" href=\"https:\/\/www.meydan.tv\/az\/article\/ordunun-zabiti-polis-zorakiligina-gore-intihar-heddine-catdigini-deyir-meni-yerde-tepiklediler\/#more-310965\" aria-label=\"Read more about Ordunun zabiti polis zorak\u0131l\u0131\u011f\u0131na g\u00f6r\u0259 intihar h\u0259ddin\u0259 \u00e7atd\u0131\u011f\u0131n\u0131 deyir: \u201cM\u0259ni yerd\u0259 t\u0259pikl\u0259dil\u0259r&#8230;\u201d\">Davam\u0131<\/a><\/p>\n","protected":false},"author":8,"featured_media":310967,"comment_status":"closed","ping_status":"closed","sticky":false,"template":"","format":"standard","meta":{"_acf_changed":false,"_sitemap_exclude":false,"_sitemap_priority":"","_sitemap_frequency":"","footnotes":""},"categories":[62,56],"tags":[],"class_list":["post-310965","post","type-post","status-publish","format-standard","has-post-thumbnail","hentry","category-sosial","category-xeberler","infinite-scroll-item","generate-columns","tablet-grid-50","mobile-grid-100","grid-parent","grid-33","no-featured-image-padding"],"acf":[],"yoast_head":"<!-- This site is optimized with the Yoast SEO plugin v27.5 - https:\/\/yoast.com\/product\/yoast-seo-wordpress\/ -->\n<title>Ordunun zabiti polis zorak\u0131l\u0131\u011f\u0131na g\u00f6r\u0259 intihar h\u0259ddin\u0259 \u00e7atd\u0131\u011f\u0131n\u0131 deyir<\/title>\n<meta name=\"description\" content=\"N sayl\u0131 h\u0259rbi hiss\u0259nin tabor komandiri Taleh Alc\u0259f\u0259rov \u00f6z\u00fc v\u0259 h\u0259rb\u00e7i yolda\u015flar\u0131n\u0131n Naftalanda polis zorak\u0131l\u0131\u011f\u0131na m\u0259ruz qald\u0131\u011f\u0131n\u0131 deyir.\" \/>\n<meta name=\"robots\" content=\"index, follow, max-snippet:-1, max-image-preview:large, max-video-preview:-1\" \/>\n<link rel=\"canonical\" href=\"https:\/\/www.meydan.tv\/az\/article\/ordunun-zabiti-polis-zorakiligina-gore-intihar-heddine-catdigini-deyir-meni-yerde-tepiklediler\/\" \/>\n<meta property=\"og:locale\" content=\"az_AZ\" \/>\n<meta property=\"og:type\" content=\"article\" \/>\n<meta property=\"og:title\" content=\"Ordunun zabiti polis zorak\u0131l\u0131\u011f\u0131na g\u00f6r\u0259 intihar h\u0259ddin\u0259 \u00e7atd\u0131\u011f\u0131n\u0131 deyir\" \/>\n<meta property=\"og:description\" content=\"N sayl\u0131 h\u0259rbi hiss\u0259nin tabor komandiri Taleh Alc\u0259f\u0259rov \u00f6z\u00fc v\u0259 h\u0259rb\u00e7i yolda\u015flar\u0131n\u0131n Naftalanda polis zorak\u0131l\u0131\u011f\u0131na m\u0259ruz qald\u0131\u011f\u0131n\u0131 deyir.\" \/>\n<meta property=\"og:url\" content=\"https:\/\/www.meydan.tv\/az\/article\/ordunun-zabiti-polis-zorakiligina-gore-intihar-heddine-catdigini-deyir-meni-yerde-tepiklediler\/\" \/>\n<meta property=\"og:site_name\" content=\"MEYDAN.TV\" \/>\n<meta property=\"article:published_time\" content=\"2024-07-22T11:46:08+00:00\" \/>\n<meta property=\"article:modified_time\" content=\"2024-07-22T11:46:11+00:00\" \/>\n<meta property=\"og:image\" content=\"https:\/\/www.meydan.tv\/wp-content\/uploads\/1-93.jpg\" \/>\n\t<meta property=\"og:image:width\" content=\"1200\" \/>\n\t<meta property=\"og:image:height\" content=\"671\" \/>\n\t<meta property=\"og:image:type\" content=\"image\/jpeg\" \/>\n<meta name=\"author\" content=\"elli\" \/>\n<meta name=\"twitter:card\" content=\"summary_large_image\" \/>\n<meta name=\"twitter:creator\" content=\"@elli\" \/>\n<script type=\"application\/ld+json\" class=\"yoast-schema-graph\">{\"@context\":\"https:\\\/\\\/schema.org\",\"@graph\":[{\"@type\":\"Article\",\"@id\":\"https:\\\/\\\/www.meydan.tv\\\/az\\\/article\\\/ordunun-zabiti-polis-zorakiligina-gore-intihar-heddine-catdigini-deyir-meni-yerde-tepiklediler\\\/#article\",\"isPartOf\":{\"@id\":\"https:\\\/\\\/www.meydan.tv\\\/az\\\/article\\\/ordunun-zabiti-polis-zorakiligina-gore-intihar-heddine-catdigini-deyir-meni-yerde-tepiklediler\\\/\"},\"author\":{\"name\":\"elli\",\"@id\":\"https:\\\/\\\/www.meydan.tv\\\/az\\\/#\\\/schema\\\/person\\\/9cdbecf90d17180ce1dfbd95b08dcf47\"},\"headline\":\"Ordunun zabiti polis zorak\u0131l\u0131\u011f\u0131na g\u00f6r\u0259 intihar h\u0259ddin\u0259 \u00e7atd\u0131\u011f\u0131n\u0131 deyir: \u201cM\u0259ni yerd\u0259 t\u0259pikl\u0259dil\u0259r&#8230;\u201d\",\"datePublished\":\"2024-07-22T11:46:08+00:00\",\"dateModified\":\"2024-07-22T11:46:11+00:00\",\"mainEntityOfPage\":{\"@id\":\"https:\\\/\\\/www.meydan.tv\\\/az\\\/article\\\/ordunun-zabiti-polis-zorakiligina-gore-intihar-heddine-catdigini-deyir-meni-yerde-tepiklediler\\\/\"},\"wordCount\":969,\"publisher\":{\"@id\":\"https:\\\/\\\/www.meydan.tv\\\/az\\\/#organization\"},\"image\":{\"@id\":\"https:\\\/\\\/www.meydan.tv\\\/az\\\/article\\\/ordunun-zabiti-polis-zorakiligina-gore-intihar-heddine-catdigini-deyir-meni-yerde-tepiklediler\\\/#primaryimage\"},\"thumbnailUrl\":\"https:\\\/\\\/www.meydan.tv\\\/wp-content\\\/uploads\\\/1-93.jpg\",\"articleSection\":[\"Sosial\",\"X\u0259b\u0259rl\u0259r\"],\"inLanguage\":\"az\"},{\"@type\":\"WebPage\",\"@id\":\"https:\\\/\\\/www.meydan.tv\\\/az\\\/article\\\/ordunun-zabiti-polis-zorakiligina-gore-intihar-heddine-catdigini-deyir-meni-yerde-tepiklediler\\\/\",\"url\":\"https:\\\/\\\/www.meydan.tv\\\/az\\\/article\\\/ordunun-zabiti-polis-zorakiligina-gore-intihar-heddine-catdigini-deyir-meni-yerde-tepiklediler\\\/\",\"name\":\"Ordunun zabiti polis zorak\u0131l\u0131\u011f\u0131na g\u00f6r\u0259 intihar h\u0259ddin\u0259 \u00e7atd\u0131\u011f\u0131n\u0131 deyir\",\"isPartOf\":{\"@id\":\"https:\\\/\\\/www.meydan.tv\\\/az\\\/#website\"},\"primaryImageOfPage\":{\"@id\":\"https:\\\/\\\/www.meydan.tv\\\/az\\\/article\\\/ordunun-zabiti-polis-zorakiligina-gore-intihar-heddine-catdigini-deyir-meni-yerde-tepiklediler\\\/#primaryimage\"},\"image\":{\"@id\":\"https:\\\/\\\/www.meydan.tv\\\/az\\\/article\\\/ordunun-zabiti-polis-zorakiligina-gore-intihar-heddine-catdigini-deyir-meni-yerde-tepiklediler\\\/#primaryimage\"},\"thumbnailUrl\":\"https:\\\/\\\/www.meydan.tv\\\/wp-content\\\/uploads\\\/1-93.jpg\",\"datePublished\":\"2024-07-22T11:46:08+00:00\",\"dateModified\":\"2024-07-22T11:46:11+00:00\",\"description\":\"N sayl\u0131 h\u0259rbi hiss\u0259nin tabor komandiri Taleh Alc\u0259f\u0259rov \u00f6z\u00fc v\u0259 h\u0259rb\u00e7i yolda\u015flar\u0131n\u0131n Naftalanda polis zorak\u0131l\u0131\u011f\u0131na m\u0259ruz qald\u0131\u011f\u0131n\u0131 deyir.\",\"breadcrumb\":{\"@id\":\"https:\\\/\\\/www.meydan.tv\\\/az\\\/article\\\/ordunun-zabiti-polis-zorakiligina-gore-intihar-heddine-catdigini-deyir-meni-yerde-tepiklediler\\\/#breadcrumb\"},\"inLanguage\":\"az\",\"potentialAction\":[{\"@type\":\"ReadAction\",\"target\":[\"https:\\\/\\\/www.meydan.tv\\\/az\\\/article\\\/ordunun-zabiti-polis-zorakiligina-gore-intihar-heddine-catdigini-deyir-meni-yerde-tepiklediler\\\/\"]}]},{\"@type\":\"ImageObject\",\"inLanguage\":\"az\",\"@id\":\"https:\\\/\\\/www.meydan.tv\\\/az\\\/article\\\/ordunun-zabiti-polis-zorakiligina-gore-intihar-heddine-catdigini-deyir-meni-yerde-tepiklediler\\\/#primaryimage\",\"url\":\"https:\\\/\\\/www.meydan.tv\\\/wp-content\\\/uploads\\\/1-93.jpg\",\"contentUrl\":\"https:\\\/\\\/www.meydan.tv\\\/wp-content\\\/uploads\\\/1-93.jpg\",\"width\":1200,\"height\":671,\"caption\":\"Foto: Taleh Alc\u0259f\u0259rovun \u015f\u0259xsi arxivind\u0259n\"},{\"@type\":\"BreadcrumbList\",\"@id\":\"https:\\\/\\\/www.meydan.tv\\\/az\\\/article\\\/ordunun-zabiti-polis-zorakiligina-gore-intihar-heddine-catdigini-deyir-meni-yerde-tepiklediler\\\/#breadcrumb\",\"itemListElement\":[{\"@type\":\"ListItem\",\"position\":1,\"name\":\"Ana s\u0259hif\u0259\",\"item\":\"https:\\\/\\\/www.meydan.tv\\\/az\\\/\"},{\"@type\":\"ListItem\",\"position\":2,\"name\":\"Sosial\",\"item\":\"https:\\\/\\\/www.meydan.tv\\\/az\\\/section\\\/sosial\\\/\"},{\"@type\":\"ListItem\",\"position\":3,\"name\":\"Ordunun zabiti polis zorak\u0131l\u0131\u011f\u0131na g\u00f6r\u0259 intihar h\u0259ddin\u0259 \u00e7atd\u0131\u011f\u0131n\u0131 deyir: \u201cM\u0259ni yerd\u0259 t\u0259pikl\u0259dil\u0259r&#8230;\u201d\"}]},{\"@type\":\"WebSite\",\"@id\":\"https:\\\/\\\/www.meydan.tv\\\/az\\\/#website\",\"url\":\"https:\\\/\\\/www.meydan.tv\\\/az\\\/\",\"name\":\"MEYDAN.TV\",\"description\":\"Meydan TV Az\u0259rbaycan\u0131n media m\u0259kan\u0131ndak\u0131 alternativ s\u0259sidir\",\"publisher\":{\"@id\":\"https:\\\/\\\/www.meydan.tv\\\/az\\\/#organization\"},\"potentialAction\":[{\"@type\":\"SearchAction\",\"target\":{\"@type\":\"EntryPoint\",\"urlTemplate\":\"https:\\\/\\\/www.meydan.tv\\\/az\\\/?s={search_term_string}\"},\"query-input\":{\"@type\":\"PropertyValueSpecification\",\"valueRequired\":true,\"valueName\":\"search_term_string\"}}],\"inLanguage\":\"az\"},{\"@type\":\"Organization\",\"@id\":\"https:\\\/\\\/www.meydan.tv\\\/az\\\/#organization\",\"name\":\"Meydan TV\",\"url\":\"https:\\\/\\\/www.meydan.tv\\\/az\\\/\",\"logo\":{\"@type\":\"ImageObject\",\"inLanguage\":\"az\",\"@id\":\"https:\\\/\\\/www.meydan.tv\\\/az\\\/#\\\/schema\\\/logo\\\/image\\\/\",\"url\":\"https:\\\/\\\/www.meydan.tv\\\/wp-content\\\/uploads\\\/2021\\\/07\\\/meydan-logo.svg\",\"contentUrl\":\"https:\\\/\\\/www.meydan.tv\\\/wp-content\\\/uploads\\\/2021\\\/07\\\/meydan-logo.svg\",\"width\":195,\"height\":46,\"caption\":\"Meydan TV\"},\"image\":{\"@id\":\"https:\\\/\\\/www.meydan.tv\\\/az\\\/#\\\/schema\\\/logo\\\/image\\\/\"}},{\"@type\":\"Person\",\"@id\":\"https:\\\/\\\/www.meydan.tv\\\/az\\\/#\\\/schema\\\/person\\\/9cdbecf90d17180ce1dfbd95b08dcf47\",\"name\":\"elli\",\"sameAs\":[\"https:\\\/\\\/x.com\\\/elli\"]}]}<\/script>\n<!-- \/ Yoast SEO plugin. -->","yoast_head_json":{"title":"Ordunun zabiti polis zorak\u0131l\u0131\u011f\u0131na g\u00f6r\u0259 intihar h\u0259ddin\u0259 \u00e7atd\u0131\u011f\u0131n\u0131 deyir","description":"N sayl\u0131 h\u0259rbi hiss\u0259nin tabor komandiri Taleh Alc\u0259f\u0259rov \u00f6z\u00fc v\u0259 h\u0259rb\u00e7i yolda\u015flar\u0131n\u0131n Naftalanda polis zorak\u0131l\u0131\u011f\u0131na m\u0259ruz qald\u0131\u011f\u0131n\u0131 deyir.","robots":{"index":"index","follow":"follow","max-snippet":"max-snippet:-1","max-image-preview":"max-image-preview:large","max-video-preview":"max-video-preview:-1"},"canonical":"https:\/\/www.meydan.tv\/az\/article\/ordunun-zabiti-polis-zorakiligina-gore-intihar-heddine-catdigini-deyir-meni-yerde-tepiklediler\/","og_locale":"az_AZ","og_type":"article","og_title":"Ordunun zabiti polis zorak\u0131l\u0131\u011f\u0131na g\u00f6r\u0259 intihar h\u0259ddin\u0259 \u00e7atd\u0131\u011f\u0131n\u0131 deyir","og_description":"N sayl\u0131 h\u0259rbi hiss\u0259nin tabor komandiri Taleh Alc\u0259f\u0259rov \u00f6z\u00fc v\u0259 h\u0259rb\u00e7i yolda\u015flar\u0131n\u0131n Naftalanda polis zorak\u0131l\u0131\u011f\u0131na m\u0259ruz qald\u0131\u011f\u0131n\u0131 deyir.","og_url":"https:\/\/www.meydan.tv\/az\/article\/ordunun-zabiti-polis-zorakiligina-gore-intihar-heddine-catdigini-deyir-meni-yerde-tepiklediler\/","og_site_name":"MEYDAN.TV","article_published_time":"2024-07-22T11:46:08+00:00","article_modified_time":"2024-07-22T11:46:11+00:00","og_image":[{"width":1200,"height":671,"url":"https:\/\/www.meydan.tv\/wp-content\/uploads\/1-93.jpg","type":"image\/jpeg"}],"author":"elli","twitter_card":"summary_large_image","twitter_creator":"@elli","schema":{"@context":"https:\/\/schema.org","@graph":[{"@type":"Article","@id":"https:\/\/www.meydan.tv\/az\/article\/ordunun-zabiti-polis-zorakiligina-gore-intihar-heddine-catdigini-deyir-meni-yerde-tepiklediler\/#article","isPartOf":{"@id":"https:\/\/www.meydan.tv\/az\/article\/ordunun-zabiti-polis-zorakiligina-gore-intihar-heddine-catdigini-deyir-meni-yerde-tepiklediler\/"},"author":{"name":"elli","@id":"https:\/\/www.meydan.tv\/az\/#\/schema\/person\/9cdbecf90d17180ce1dfbd95b08dcf47"},"headline":"Ordunun zabiti polis zorak\u0131l\u0131\u011f\u0131na g\u00f6r\u0259 intihar h\u0259ddin\u0259 \u00e7atd\u0131\u011f\u0131n\u0131 deyir: \u201cM\u0259ni yerd\u0259 t\u0259pikl\u0259dil\u0259r&#8230;\u201d","datePublished":"2024-07-22T11:46:08+00:00","dateModified":"2024-07-22T11:46:11+00:00","mainEntityOfPage":{"@id":"https:\/\/www.meydan.tv\/az\/article\/ordunun-zabiti-polis-zorakiligina-gore-intihar-heddine-catdigini-deyir-meni-yerde-tepiklediler\/"},"wordCount":969,"publisher":{"@id":"https:\/\/www.meydan.tv\/az\/#organization"},"image":{"@id":"https:\/\/www.meydan.tv\/az\/article\/ordunun-zabiti-polis-zorakiligina-gore-intihar-heddine-catdigini-deyir-meni-yerde-tepiklediler\/#primaryimage"},"thumbnailUrl":"https:\/\/www.meydan.tv\/wp-content\/uploads\/1-93.jpg","articleSection":["Sosial","X\u0259b\u0259rl\u0259r"],"inLanguage":"az"},{"@type":"WebPage","@id":"https:\/\/www.meydan.tv\/az\/article\/ordunun-zabiti-polis-zorakiligina-gore-intihar-heddine-catdigini-deyir-meni-yerde-tepiklediler\/","url":"https:\/\/www.meydan.tv\/az\/article\/ordunun-zabiti-polis-zorakiligina-gore-intihar-heddine-catdigini-deyir-meni-yerde-tepiklediler\/","name":"Ordunun zabiti polis zorak\u0131l\u0131\u011f\u0131na g\u00f6r\u0259 intihar h\u0259ddin\u0259 \u00e7atd\u0131\u011f\u0131n\u0131 deyir","isPartOf":{"@id":"https:\/\/www.meydan.tv\/az\/#website"},"primaryImageOfPage":{"@id":"https:\/\/www.meydan.tv\/az\/article\/ordunun-zabiti-polis-zorakiligina-gore-intihar-heddine-catdigini-deyir-meni-yerde-tepiklediler\/#primaryimage"},"image":{"@id":"https:\/\/www.meydan.tv\/az\/article\/ordunun-zabiti-polis-zorakiligina-gore-intihar-heddine-catdigini-deyir-meni-yerde-tepiklediler\/#primaryimage"},"thumbnailUrl":"https:\/\/www.meydan.tv\/wp-content\/uploads\/1-93.jpg","datePublished":"2024-07-22T11:46:08+00:00","dateModified":"2024-07-22T11:46:11+00:00","description":"N sayl\u0131 h\u0259rbi hiss\u0259nin tabor komandiri Taleh Alc\u0259f\u0259rov \u00f6z\u00fc v\u0259 h\u0259rb\u00e7i yolda\u015flar\u0131n\u0131n Naftalanda polis zorak\u0131l\u0131\u011f\u0131na m\u0259ruz qald\u0131\u011f\u0131n\u0131 deyir.","breadcrumb":{"@id":"https:\/\/www.meydan.tv\/az\/article\/ordunun-zabiti-polis-zorakiligina-gore-intihar-heddine-catdigini-deyir-meni-yerde-tepiklediler\/#breadcrumb"},"inLanguage":"az","potentialAction":[{"@type":"ReadAction","target":["https:\/\/www.meydan.tv\/az\/article\/ordunun-zabiti-polis-zorakiligina-gore-intihar-heddine-catdigini-deyir-meni-yerde-tepiklediler\/"]}]},{"@type":"ImageObject","inLanguage":"az","@id":"https:\/\/www.meydan.tv\/az\/article\/ordunun-zabiti-polis-zorakiligina-gore-intihar-heddine-catdigini-deyir-meni-yerde-tepiklediler\/#primaryimage","url":"https:\/\/www.meydan.tv\/wp-content\/uploads\/1-93.jpg","contentUrl":"https:\/\/www.meydan.tv\/wp-content\/uploads\/1-93.jpg","width":1200,"height":671,"caption":"Foto: Taleh Alc\u0259f\u0259rovun \u015f\u0259xsi arxivind\u0259n"},{"@type":"BreadcrumbList","@id":"https:\/\/www.meydan.tv\/az\/article\/ordunun-zabiti-polis-zorakiligina-gore-intihar-heddine-catdigini-deyir-meni-yerde-tepiklediler\/#breadcrumb","itemListElement":[{"@type":"ListItem","position":1,"name":"Ana s\u0259hif\u0259","item":"https:\/\/www.meydan.tv\/az\/"},{"@type":"ListItem","position":2,"name":"Sosial","item":"https:\/\/www.meydan.tv\/az\/section\/sosial\/"},{"@type":"ListItem","position":3,"name":"Ordunun zabiti polis zorak\u0131l\u0131\u011f\u0131na g\u00f6r\u0259 intihar h\u0259ddin\u0259 \u00e7atd\u0131\u011f\u0131n\u0131 deyir: \u201cM\u0259ni yerd\u0259 t\u0259pikl\u0259dil\u0259r&#8230;\u201d"}]},{"@type":"WebSite","@id":"https:\/\/www.meydan.tv\/az\/#website","url":"https:\/\/www.meydan.tv\/az\/","name":"MEYDAN.TV","description":"Meydan TV Az\u0259rbaycan\u0131n media m\u0259kan\u0131ndak\u0131 alternativ s\u0259sidir","publisher":{"@id":"https:\/\/www.meydan.tv\/az\/#organization"},"potentialAction":[{"@type":"SearchAction","target":{"@type":"EntryPoint","urlTemplate":"https:\/\/www.meydan.tv\/az\/?s={search_term_string}"},"query-input":{"@type":"PropertyValueSpecification","valueRequired":true,"valueName":"search_term_string"}}],"inLanguage":"az"},{"@type":"Organization","@id":"https:\/\/www.meydan.tv\/az\/#organization","name":"Meydan TV","url":"https:\/\/www.meydan.tv\/az\/","logo":{"@type":"ImageObject","inLanguage":"az","@id":"https:\/\/www.meydan.tv\/az\/#\/schema\/logo\/image\/","url":"https:\/\/www.meydan.tv\/wp-content\/uploads\/2021\/07\/meydan-logo.svg","contentUrl":"https:\/\/www.meydan.tv\/wp-content\/uploads\/2021\/07\/meydan-logo.svg","width":195,"height":46,"caption":"Meydan TV"},"image":{"@id":"https:\/\/www.meydan.tv\/az\/#\/schema\/logo\/image\/"}},{"@type":"Person","@id":"https:\/\/www.meydan.tv\/az\/#\/schema\/person\/9cdbecf90d17180ce1dfbd95b08dcf47","name":"elli","sameAs":["https:\/\/x.com\/elli"]}]}},"_links":{"self":[{"href":"https:\/\/www.meydan.tv\/az\/wp-json\/wp\/v2\/posts\/310965","targetHints":{"allow":["GET"]}}],"collection":[{"href":"https:\/\/www.meydan.tv\/az\/wp-json\/wp\/v2\/posts"}],"about":[{"href":"https:\/\/www.meydan.tv\/az\/wp-json\/wp\/v2\/types\/post"}],"author":[{"embeddable":true,"href":"https:\/\/www.meydan.tv\/az\/wp-json\/wp\/v2\/users\/8"}],"replies":[{"embeddable":true,"href":"https:\/\/www.meydan.tv\/az\/wp-json\/wp\/v2\/comments?post=310965"}],"version-history":[{"count":4,"href":"https:\/\/www.meydan.tv\/az\/wp-json\/wp\/v2\/posts\/310965\/revisions"}],"predecessor-version":[{"id":310978,"href":"https:\/\/www.meydan.tv\/az\/wp-json\/wp\/v2\/posts\/310965\/revisions\/310978"}],"wp:featuredmedia":[{"embeddable":true,"href":"https:\/\/www.meydan.tv\/az\/wp-json\/wp\/v2\/media\/310967"}],"wp:attachment":[{"href":"https:\/\/www.meydan.tv\/az\/wp-json\/wp\/v2\/media?parent=310965"}],"wp:term":[{"taxonomy":"category","embeddable":true,"href":"https:\/\/www.meydan.tv\/az\/wp-json\/wp\/v2\/categories?post=310965"},{"taxonomy":"post_tag","embeddable":true,"href":"https:\/\/www.meydan.tv\/az\/wp-json\/wp\/v2\/tags?post=310965"}],"curies":[{"name":"wp","href":"https:\/\/api.w.org\/{rel}","templated":true}]}}