{"id":310800,"date":"2024-07-19T21:56:10","date_gmt":"2024-07-19T17:56:10","guid":{"rendered":"https:\/\/www.meydan.tv\/?p=310800"},"modified":"2024-07-20T00:45:32","modified_gmt":"2024-07-19T20:45:32","slug":"qeza-yoxsa-qetl-prokurorluq-avtomobilin-qesden-dereye-asirildigini-aciqlayib","status":"publish","type":"post","link":"https:\/\/www.meydan.tv\/az\/article\/qeza-yoxsa-qetl-prokurorluq-avtomobilin-qesden-dereye-asirildigini-aciqlayib\/","title":{"rendered":"Q\u0259za, yoxsa q\u0259tl: prokurorluq avtomobilin q\u0259sd\u0259n d\u0259r\u0259y\u0259 a\u015f\u0131r\u0131ld\u0131\u011f\u0131n\u0131 a\u00e7\u0131qlay\u0131b"},"content":{"rendered":"\n<p><\/p>\n\n\n\n<p><strong><em>Haz\u0131rda x\u0259st\u0259xanada olan Mustafa N\u0259c\u0259fov t\u0259qsirl\u0259ndiril\u0259n \u015f\u0259xs kimi istintaqa c\u0259lb edilib<\/em><\/strong><\/p>\n\n\n\n<p>\u0130yulun 3-d\u0259 Bak\u0131da Yasamal rayonu, K\u0259nar Dair\u0259vi yolda \u201cCherry\u201d markal\u0131 avtomobilin d\u0259r\u0259y\u0259 a\u015fmas\u0131 n\u0259tic\u0259sind\u0259 ma\u015f\u0131nda olan bir n\u0259f\u0259r qad\u0131n \u2013 1982-ci il t\u0259v\u0259ll\u00fcdl\u00fc G\u00fcnay \u018fkb\u0259rova \u00f6lm\u00fc\u015f, 34 ya\u015fl\u0131 s\u00fcr\u00fcc\u00fc Mustafa N\u0259c\u0259fov is\u0259 a\u011f\u0131r x\u0259sar\u0259tl\u0259 x\u0259st\u0259xanaya yerl\u0259\u015fdirilmi\u015fdi. \u0130ki h\u0259ft\u0259d\u0259n \u00e7ox davam ed\u0259n ara\u015fd\u0131rmalar n\u0259tic\u0259sind\u0259 prokurorluq ba\u015f vermi\u015f hadis\u0259nin q\u0259za olmad\u0131\u011f\u0131 q\u0259na\u0259tin\u0259 g\u0259lib.<\/p>\n\n\n\n<p>Ba\u015f Prokurorlu\u011fun m\u0259tbuat xidm\u0259tind\u0259n veril\u0259n m\u0259lumata g\u00f6r\u0259, s\u00f6z\u00fcged\u0259n hadis\u0259 il\u0259 Yasamal Rayon Prokurorlu\u011funda cinay\u0259t i\u015fi ba\u015flan\u0131b.<\/p>\n\n\n\n<p><em>\u201c\u0130btidai istintaq zaman\u0131 Mustafa N\u0259c\u0259fovun idar\u0259 etdiyi avtomobili q\u0259sd\u0259n d\u0259r\u0259d\u0259n a\u015fa\u011f\u0131 a\u015f\u0131rmas\u0131 v\u0259 n\u0259tic\u0259d\u0259 s\u0259rni\u015fin G\u00fcnay \u018fl\u0259kb\u0259rovan\u0131n hadis\u0259 yerind\u0259 \u00f6lm\u0259si, \u00f6z\u00fcn\u00fcn is\u0259 m\u00fcxt\u0259lif d\u0259r\u0259c\u0259li b\u0259d\u0259n x\u0259sar\u0259tl\u0259ri almas\u0131na \u0259sasl\u0131 \u015f\u00fcbh\u0259l\u0259r m\u00fc\u0259yy\u0259n edilib\u201d, <\/em>&#8211; Ba\u015f Prokurorluqdan bildirilib.<\/p>\n\n\n\n<p>Mustafa N\u0259c\u0259fov art\u0131q Cinay\u0259t M\u0259c\u0259ll\u0259sinin 120.1-ci (q\u0259sd\u0259n adam \u00f6ld\u00fcrm\u0259) madd\u0259si il\u0259 t\u0259qsirl\u0259ndiril\u0259n \u015f\u0259xs qismind\u0259 c\u0259lb edilib. Haz\u0131rda x\u0259st\u0259xanada olan Mustafa N\u0259c\u0259fovun m\u00fcalic\u0259sini davam etdirdiyi n\u0259z\u0259r\u0259 al\u0131naraq, onun bar\u0259sind\u0259 polisin n\u0259zar\u0259ti alt\u0131na verm\u0259 q\u0259timkan t\u0259dbiri se\u00e7ilib.<\/p>\n\n\n\n<p>T\u0259qsirl\u0259ndiril\u0259n s\u00fcr\u00fcc\u00fcn\u00fcn ba\u015f vermi\u015f hadis\u0259 il\u0259 ba\u011fl\u0131 fikri m\u0259lum deyil.<\/p>\n\n\n\n<p>Cinay\u0259t i\u015fi \u00fczr\u0259 istintaq davam etdirilir.<\/p>\n","protected":false},"excerpt":{"rendered":"<p>Haz\u0131rda x\u0259st\u0259xanada olan Mustafa N\u0259c\u0259fov t\u0259qsirl\u0259ndiril\u0259n \u015f\u0259xs kimi istintaqa c\u0259lb &#8230; <\/p>\n<p class=\"read-more-container\"><a title=\"Q\u0259za, yoxsa q\u0259tl: prokurorluq avtomobilin q\u0259sd\u0259n d\u0259r\u0259y\u0259 a\u015f\u0131r\u0131ld\u0131\u011f\u0131n\u0131 a\u00e7\u0131qlay\u0131b\" class=\"read-more button\" href=\"https:\/\/www.meydan.tv\/az\/article\/qeza-yoxsa-qetl-prokurorluq-avtomobilin-qesden-dereye-asirildigini-aciqlayib\/#more-310800\" aria-label=\"Read more about Q\u0259za, yoxsa q\u0259tl: prokurorluq avtomobilin q\u0259sd\u0259n d\u0259r\u0259y\u0259 a\u015f\u0131r\u0131ld\u0131\u011f\u0131n\u0131 a\u00e7\u0131qlay\u0131b\">Davam\u0131<\/a><\/p>\n","protected":false},"author":8,"featured_media":252941,"comment_status":"closed","ping_status":"closed","sticky":false,"template":"","format":"standard","meta":{"_acf_changed":false,"_sitemap_exclude":false,"_sitemap_priority":"","_sitemap_frequency":"","footnotes":""},"categories":[62,56],"tags":[],"class_list":["post-310800","post","type-post","status-publish","format-standard","has-post-thumbnail","hentry","category-sosial","category-xeberler","infinite-scroll-item","generate-columns","tablet-grid-50","mobile-grid-100","grid-parent","grid-33","no-featured-image-padding"],"acf":[],"yoast_head":"<!-- This site is optimized with the Yoast SEO plugin v27.5 - https:\/\/yoast.com\/product\/yoast-seo-wordpress\/ -->\n<title>Q\u0259za, yoxsa q\u0259tl: prokurorluq avtomobilin q\u0259sd\u0259n d\u0259r\u0259y\u0259 a\u015f\u0131r\u0131ld\u0131\u011f\u0131n\u0131 a\u00e7\u0131qlay\u0131b - MEYDAN.TV<\/title>\n<meta name=\"robots\" content=\"index, follow, max-snippet:-1, max-image-preview:large, max-video-preview:-1\" \/>\n<link rel=\"canonical\" href=\"https:\/\/www.meydan.tv\/az\/article\/qeza-yoxsa-qetl-prokurorluq-avtomobilin-qesden-dereye-asirildigini-aciqlayib\/\" \/>\n<meta property=\"og:locale\" content=\"az_AZ\" \/>\n<meta property=\"og:type\" content=\"article\" \/>\n<meta property=\"og:title\" content=\"Q\u0259za, yoxsa q\u0259tl: prokurorluq avtomobilin q\u0259sd\u0259n d\u0259r\u0259y\u0259 a\u015f\u0131r\u0131ld\u0131\u011f\u0131n\u0131 a\u00e7\u0131qlay\u0131b - MEYDAN.TV\" \/>\n<meta property=\"og:description\" content=\"Haz\u0131rda x\u0259st\u0259xanada olan Mustafa N\u0259c\u0259fov t\u0259qsirl\u0259ndiril\u0259n \u015f\u0259xs kimi istintaqa c\u0259lb ... Davam\u0131\" \/>\n<meta property=\"og:url\" content=\"https:\/\/www.meydan.tv\/az\/article\/qeza-yoxsa-qetl-prokurorluq-avtomobilin-qesden-dereye-asirildigini-aciqlayib\/\" \/>\n<meta property=\"og:site_name\" content=\"MEYDAN.TV\" \/>\n<meta property=\"article:published_time\" content=\"2024-07-19T17:56:10+00:00\" \/>\n<meta property=\"article:modified_time\" content=\"2024-07-19T20:45:32+00:00\" \/>\n<meta property=\"og:image\" content=\"https:\/\/www.meydan.tv\/wp-content\/uploads\/screenshot-at-aug-10-14-51-49-1200x668.png\" \/>\n\t<meta property=\"og:image:width\" content=\"1200\" \/>\n\t<meta property=\"og:image:height\" content=\"668\" \/>\n\t<meta property=\"og:image:type\" content=\"image\/png\" \/>\n<meta name=\"author\" content=\"elli\" \/>\n<meta name=\"twitter:card\" content=\"summary_large_image\" \/>\n<meta name=\"twitter:creator\" content=\"@elli\" \/>\n<script type=\"application\/ld+json\" class=\"yoast-schema-graph\">{\"@context\":\"https:\\\/\\\/schema.org\",\"@graph\":[{\"@type\":\"Article\",\"@id\":\"https:\\\/\\\/www.meydan.tv\\\/az\\\/article\\\/qeza-yoxsa-qetl-prokurorluq-avtomobilin-qesden-dereye-asirildigini-aciqlayib\\\/#article\",\"isPartOf\":{\"@id\":\"https:\\\/\\\/www.meydan.tv\\\/az\\\/article\\\/qeza-yoxsa-qetl-prokurorluq-avtomobilin-qesden-dereye-asirildigini-aciqlayib\\\/\"},\"author\":{\"name\":\"elli\",\"@id\":\"https:\\\/\\\/www.meydan.tv\\\/az\\\/#\\\/schema\\\/person\\\/9cdbecf90d17180ce1dfbd95b08dcf47\"},\"headline\":\"Q\u0259za, yoxsa q\u0259tl: prokurorluq avtomobilin q\u0259sd\u0259n d\u0259r\u0259y\u0259 a\u015f\u0131r\u0131ld\u0131\u011f\u0131n\u0131 a\u00e7\u0131qlay\u0131b\",\"datePublished\":\"2024-07-19T17:56:10+00:00\",\"dateModified\":\"2024-07-19T20:45:32+00:00\",\"mainEntityOfPage\":{\"@id\":\"https:\\\/\\\/www.meydan.tv\\\/az\\\/article\\\/qeza-yoxsa-qetl-prokurorluq-avtomobilin-qesden-dereye-asirildigini-aciqlayib\\\/\"},\"wordCount\":326,\"publisher\":{\"@id\":\"https:\\\/\\\/www.meydan.tv\\\/az\\\/#organization\"},\"image\":{\"@id\":\"https:\\\/\\\/www.meydan.tv\\\/az\\\/article\\\/qeza-yoxsa-qetl-prokurorluq-avtomobilin-qesden-dereye-asirildigini-aciqlayib\\\/#primaryimage\"},\"thumbnailUrl\":\"https:\\\/\\\/www.meydan.tv\\\/wp-content\\\/uploads\\\/screenshot-at-aug-10-14-51-49.png\",\"articleSection\":[\"Sosial\",\"X\u0259b\u0259rl\u0259r\"],\"inLanguage\":\"az\"},{\"@type\":\"WebPage\",\"@id\":\"https:\\\/\\\/www.meydan.tv\\\/az\\\/article\\\/qeza-yoxsa-qetl-prokurorluq-avtomobilin-qesden-dereye-asirildigini-aciqlayib\\\/\",\"url\":\"https:\\\/\\\/www.meydan.tv\\\/az\\\/article\\\/qeza-yoxsa-qetl-prokurorluq-avtomobilin-qesden-dereye-asirildigini-aciqlayib\\\/\",\"name\":\"Q\u0259za, yoxsa q\u0259tl: prokurorluq avtomobilin q\u0259sd\u0259n d\u0259r\u0259y\u0259 a\u015f\u0131r\u0131ld\u0131\u011f\u0131n\u0131 a\u00e7\u0131qlay\u0131b - MEYDAN.TV\",\"isPartOf\":{\"@id\":\"https:\\\/\\\/www.meydan.tv\\\/az\\\/#website\"},\"primaryImageOfPage\":{\"@id\":\"https:\\\/\\\/www.meydan.tv\\\/az\\\/article\\\/qeza-yoxsa-qetl-prokurorluq-avtomobilin-qesden-dereye-asirildigini-aciqlayib\\\/#primaryimage\"},\"image\":{\"@id\":\"https:\\\/\\\/www.meydan.tv\\\/az\\\/article\\\/qeza-yoxsa-qetl-prokurorluq-avtomobilin-qesden-dereye-asirildigini-aciqlayib\\\/#primaryimage\"},\"thumbnailUrl\":\"https:\\\/\\\/www.meydan.tv\\\/wp-content\\\/uploads\\\/screenshot-at-aug-10-14-51-49.png\",\"datePublished\":\"2024-07-19T17:56:10+00:00\",\"dateModified\":\"2024-07-19T20:45:32+00:00\",\"breadcrumb\":{\"@id\":\"https:\\\/\\\/www.meydan.tv\\\/az\\\/article\\\/qeza-yoxsa-qetl-prokurorluq-avtomobilin-qesden-dereye-asirildigini-aciqlayib\\\/#breadcrumb\"},\"inLanguage\":\"az\",\"potentialAction\":[{\"@type\":\"ReadAction\",\"target\":[\"https:\\\/\\\/www.meydan.tv\\\/az\\\/article\\\/qeza-yoxsa-qetl-prokurorluq-avtomobilin-qesden-dereye-asirildigini-aciqlayib\\\/\"]}]},{\"@type\":\"ImageObject\",\"inLanguage\":\"az\",\"@id\":\"https:\\\/\\\/www.meydan.tv\\\/az\\\/article\\\/qeza-yoxsa-qetl-prokurorluq-avtomobilin-qesden-dereye-asirildigini-aciqlayib\\\/#primaryimage\",\"url\":\"https:\\\/\\\/www.meydan.tv\\\/wp-content\\\/uploads\\\/screenshot-at-aug-10-14-51-49.png\",\"contentUrl\":\"https:\\\/\\\/www.meydan.tv\\\/wp-content\\\/uploads\\\/screenshot-at-aug-10-14-51-49.png\",\"width\":1510,\"height\":840,\"caption\":\"Ba\u015f Prokurorluq. Foto: Meydan TV\"},{\"@type\":\"BreadcrumbList\",\"@id\":\"https:\\\/\\\/www.meydan.tv\\\/az\\\/article\\\/qeza-yoxsa-qetl-prokurorluq-avtomobilin-qesden-dereye-asirildigini-aciqlayib\\\/#breadcrumb\",\"itemListElement\":[{\"@type\":\"ListItem\",\"position\":1,\"name\":\"Ana s\u0259hif\u0259\",\"item\":\"https:\\\/\\\/www.meydan.tv\\\/az\\\/\"},{\"@type\":\"ListItem\",\"position\":2,\"name\":\"Sosial\",\"item\":\"https:\\\/\\\/www.meydan.tv\\\/az\\\/section\\\/sosial\\\/\"},{\"@type\":\"ListItem\",\"position\":3,\"name\":\"Q\u0259za, yoxsa q\u0259tl: prokurorluq avtomobilin q\u0259sd\u0259n d\u0259r\u0259y\u0259 a\u015f\u0131r\u0131ld\u0131\u011f\u0131n\u0131 a\u00e7\u0131qlay\u0131b\"}]},{\"@type\":\"WebSite\",\"@id\":\"https:\\\/\\\/www.meydan.tv\\\/az\\\/#website\",\"url\":\"https:\\\/\\\/www.meydan.tv\\\/az\\\/\",\"name\":\"MEYDAN.TV\",\"description\":\"Meydan TV Az\u0259rbaycan\u0131n media m\u0259kan\u0131ndak\u0131 alternativ s\u0259sidir\",\"publisher\":{\"@id\":\"https:\\\/\\\/www.meydan.tv\\\/az\\\/#organization\"},\"potentialAction\":[{\"@type\":\"SearchAction\",\"target\":{\"@type\":\"EntryPoint\",\"urlTemplate\":\"https:\\\/\\\/www.meydan.tv\\\/az\\\/?s={search_term_string}\"},\"query-input\":{\"@type\":\"PropertyValueSpecification\",\"valueRequired\":true,\"valueName\":\"search_term_string\"}}],\"inLanguage\":\"az\"},{\"@type\":\"Organization\",\"@id\":\"https:\\\/\\\/www.meydan.tv\\\/az\\\/#organization\",\"name\":\"Meydan TV\",\"url\":\"https:\\\/\\\/www.meydan.tv\\\/az\\\/\",\"logo\":{\"@type\":\"ImageObject\",\"inLanguage\":\"az\",\"@id\":\"https:\\\/\\\/www.meydan.tv\\\/az\\\/#\\\/schema\\\/logo\\\/image\\\/\",\"url\":\"https:\\\/\\\/www.meydan.tv\\\/wp-content\\\/uploads\\\/2021\\\/07\\\/meydan-logo.svg\",\"contentUrl\":\"https:\\\/\\\/www.meydan.tv\\\/wp-content\\\/uploads\\\/2021\\\/07\\\/meydan-logo.svg\",\"width\":195,\"height\":46,\"caption\":\"Meydan TV\"},\"image\":{\"@id\":\"https:\\\/\\\/www.meydan.tv\\\/az\\\/#\\\/schema\\\/logo\\\/image\\\/\"}},{\"@type\":\"Person\",\"@id\":\"https:\\\/\\\/www.meydan.tv\\\/az\\\/#\\\/schema\\\/person\\\/9cdbecf90d17180ce1dfbd95b08dcf47\",\"name\":\"elli\",\"sameAs\":[\"https:\\\/\\\/x.com\\\/elli\"]}]}<\/script>\n<!-- \/ Yoast SEO plugin. -->","yoast_head_json":{"title":"Q\u0259za, yoxsa q\u0259tl: prokurorluq avtomobilin q\u0259sd\u0259n d\u0259r\u0259y\u0259 a\u015f\u0131r\u0131ld\u0131\u011f\u0131n\u0131 a\u00e7\u0131qlay\u0131b - MEYDAN.TV","robots":{"index":"index","follow":"follow","max-snippet":"max-snippet:-1","max-image-preview":"max-image-preview:large","max-video-preview":"max-video-preview:-1"},"canonical":"https:\/\/www.meydan.tv\/az\/article\/qeza-yoxsa-qetl-prokurorluq-avtomobilin-qesden-dereye-asirildigini-aciqlayib\/","og_locale":"az_AZ","og_type":"article","og_title":"Q\u0259za, yoxsa q\u0259tl: prokurorluq avtomobilin q\u0259sd\u0259n d\u0259r\u0259y\u0259 a\u015f\u0131r\u0131ld\u0131\u011f\u0131n\u0131 a\u00e7\u0131qlay\u0131b - MEYDAN.TV","og_description":"Haz\u0131rda x\u0259st\u0259xanada olan Mustafa N\u0259c\u0259fov t\u0259qsirl\u0259ndiril\u0259n \u015f\u0259xs kimi istintaqa c\u0259lb ... Davam\u0131","og_url":"https:\/\/www.meydan.tv\/az\/article\/qeza-yoxsa-qetl-prokurorluq-avtomobilin-qesden-dereye-asirildigini-aciqlayib\/","og_site_name":"MEYDAN.TV","article_published_time":"2024-07-19T17:56:10+00:00","article_modified_time":"2024-07-19T20:45:32+00:00","og_image":[{"width":1200,"height":668,"url":"https:\/\/www.meydan.tv\/wp-content\/uploads\/screenshot-at-aug-10-14-51-49-1200x668.png","type":"image\/png"}],"author":"elli","twitter_card":"summary_large_image","twitter_creator":"@elli","schema":{"@context":"https:\/\/schema.org","@graph":[{"@type":"Article","@id":"https:\/\/www.meydan.tv\/az\/article\/qeza-yoxsa-qetl-prokurorluq-avtomobilin-qesden-dereye-asirildigini-aciqlayib\/#article","isPartOf":{"@id":"https:\/\/www.meydan.tv\/az\/article\/qeza-yoxsa-qetl-prokurorluq-avtomobilin-qesden-dereye-asirildigini-aciqlayib\/"},"author":{"name":"elli","@id":"https:\/\/www.meydan.tv\/az\/#\/schema\/person\/9cdbecf90d17180ce1dfbd95b08dcf47"},"headline":"Q\u0259za, yoxsa q\u0259tl: prokurorluq avtomobilin q\u0259sd\u0259n d\u0259r\u0259y\u0259 a\u015f\u0131r\u0131ld\u0131\u011f\u0131n\u0131 a\u00e7\u0131qlay\u0131b","datePublished":"2024-07-19T17:56:10+00:00","dateModified":"2024-07-19T20:45:32+00:00","mainEntityOfPage":{"@id":"https:\/\/www.meydan.tv\/az\/article\/qeza-yoxsa-qetl-prokurorluq-avtomobilin-qesden-dereye-asirildigini-aciqlayib\/"},"wordCount":326,"publisher":{"@id":"https:\/\/www.meydan.tv\/az\/#organization"},"image":{"@id":"https:\/\/www.meydan.tv\/az\/article\/qeza-yoxsa-qetl-prokurorluq-avtomobilin-qesden-dereye-asirildigini-aciqlayib\/#primaryimage"},"thumbnailUrl":"https:\/\/www.meydan.tv\/wp-content\/uploads\/screenshot-at-aug-10-14-51-49.png","articleSection":["Sosial","X\u0259b\u0259rl\u0259r"],"inLanguage":"az"},{"@type":"WebPage","@id":"https:\/\/www.meydan.tv\/az\/article\/qeza-yoxsa-qetl-prokurorluq-avtomobilin-qesden-dereye-asirildigini-aciqlayib\/","url":"https:\/\/www.meydan.tv\/az\/article\/qeza-yoxsa-qetl-prokurorluq-avtomobilin-qesden-dereye-asirildigini-aciqlayib\/","name":"Q\u0259za, yoxsa q\u0259tl: prokurorluq avtomobilin q\u0259sd\u0259n d\u0259r\u0259y\u0259 a\u015f\u0131r\u0131ld\u0131\u011f\u0131n\u0131 a\u00e7\u0131qlay\u0131b - MEYDAN.TV","isPartOf":{"@id":"https:\/\/www.meydan.tv\/az\/#website"},"primaryImageOfPage":{"@id":"https:\/\/www.meydan.tv\/az\/article\/qeza-yoxsa-qetl-prokurorluq-avtomobilin-qesden-dereye-asirildigini-aciqlayib\/#primaryimage"},"image":{"@id":"https:\/\/www.meydan.tv\/az\/article\/qeza-yoxsa-qetl-prokurorluq-avtomobilin-qesden-dereye-asirildigini-aciqlayib\/#primaryimage"},"thumbnailUrl":"https:\/\/www.meydan.tv\/wp-content\/uploads\/screenshot-at-aug-10-14-51-49.png","datePublished":"2024-07-19T17:56:10+00:00","dateModified":"2024-07-19T20:45:32+00:00","breadcrumb":{"@id":"https:\/\/www.meydan.tv\/az\/article\/qeza-yoxsa-qetl-prokurorluq-avtomobilin-qesden-dereye-asirildigini-aciqlayib\/#breadcrumb"},"inLanguage":"az","potentialAction":[{"@type":"ReadAction","target":["https:\/\/www.meydan.tv\/az\/article\/qeza-yoxsa-qetl-prokurorluq-avtomobilin-qesden-dereye-asirildigini-aciqlayib\/"]}]},{"@type":"ImageObject","inLanguage":"az","@id":"https:\/\/www.meydan.tv\/az\/article\/qeza-yoxsa-qetl-prokurorluq-avtomobilin-qesden-dereye-asirildigini-aciqlayib\/#primaryimage","url":"https:\/\/www.meydan.tv\/wp-content\/uploads\/screenshot-at-aug-10-14-51-49.png","contentUrl":"https:\/\/www.meydan.tv\/wp-content\/uploads\/screenshot-at-aug-10-14-51-49.png","width":1510,"height":840,"caption":"Ba\u015f Prokurorluq. Foto: Meydan TV"},{"@type":"BreadcrumbList","@id":"https:\/\/www.meydan.tv\/az\/article\/qeza-yoxsa-qetl-prokurorluq-avtomobilin-qesden-dereye-asirildigini-aciqlayib\/#breadcrumb","itemListElement":[{"@type":"ListItem","position":1,"name":"Ana s\u0259hif\u0259","item":"https:\/\/www.meydan.tv\/az\/"},{"@type":"ListItem","position":2,"name":"Sosial","item":"https:\/\/www.meydan.tv\/az\/section\/sosial\/"},{"@type":"ListItem","position":3,"name":"Q\u0259za, yoxsa q\u0259tl: prokurorluq avtomobilin q\u0259sd\u0259n d\u0259r\u0259y\u0259 a\u015f\u0131r\u0131ld\u0131\u011f\u0131n\u0131 a\u00e7\u0131qlay\u0131b"}]},{"@type":"WebSite","@id":"https:\/\/www.meydan.tv\/az\/#website","url":"https:\/\/www.meydan.tv\/az\/","name":"MEYDAN.TV","description":"Meydan TV Az\u0259rbaycan\u0131n media m\u0259kan\u0131ndak\u0131 alternativ s\u0259sidir","publisher":{"@id":"https:\/\/www.meydan.tv\/az\/#organization"},"potentialAction":[{"@type":"SearchAction","target":{"@type":"EntryPoint","urlTemplate":"https:\/\/www.meydan.tv\/az\/?s={search_term_string}"},"query-input":{"@type":"PropertyValueSpecification","valueRequired":true,"valueName":"search_term_string"}}],"inLanguage":"az"},{"@type":"Organization","@id":"https:\/\/www.meydan.tv\/az\/#organization","name":"Meydan TV","url":"https:\/\/www.meydan.tv\/az\/","logo":{"@type":"ImageObject","inLanguage":"az","@id":"https:\/\/www.meydan.tv\/az\/#\/schema\/logo\/image\/","url":"https:\/\/www.meydan.tv\/wp-content\/uploads\/2021\/07\/meydan-logo.svg","contentUrl":"https:\/\/www.meydan.tv\/wp-content\/uploads\/2021\/07\/meydan-logo.svg","width":195,"height":46,"caption":"Meydan TV"},"image":{"@id":"https:\/\/www.meydan.tv\/az\/#\/schema\/logo\/image\/"}},{"@type":"Person","@id":"https:\/\/www.meydan.tv\/az\/#\/schema\/person\/9cdbecf90d17180ce1dfbd95b08dcf47","name":"elli","sameAs":["https:\/\/x.com\/elli"]}]}},"_links":{"self":[{"href":"https:\/\/www.meydan.tv\/az\/wp-json\/wp\/v2\/posts\/310800","targetHints":{"allow":["GET"]}}],"collection":[{"href":"https:\/\/www.meydan.tv\/az\/wp-json\/wp\/v2\/posts"}],"about":[{"href":"https:\/\/www.meydan.tv\/az\/wp-json\/wp\/v2\/types\/post"}],"author":[{"embeddable":true,"href":"https:\/\/www.meydan.tv\/az\/wp-json\/wp\/v2\/users\/8"}],"replies":[{"embeddable":true,"href":"https:\/\/www.meydan.tv\/az\/wp-json\/wp\/v2\/comments?post=310800"}],"version-history":[{"count":2,"href":"https:\/\/www.meydan.tv\/az\/wp-json\/wp\/v2\/posts\/310800\/revisions"}],"predecessor-version":[{"id":310814,"href":"https:\/\/www.meydan.tv\/az\/wp-json\/wp\/v2\/posts\/310800\/revisions\/310814"}],"wp:featuredmedia":[{"embeddable":true,"href":"https:\/\/www.meydan.tv\/az\/wp-json\/wp\/v2\/media\/252941"}],"wp:attachment":[{"href":"https:\/\/www.meydan.tv\/az\/wp-json\/wp\/v2\/media?parent=310800"}],"wp:term":[{"taxonomy":"category","embeddable":true,"href":"https:\/\/www.meydan.tv\/az\/wp-json\/wp\/v2\/categories?post=310800"},{"taxonomy":"post_tag","embeddable":true,"href":"https:\/\/www.meydan.tv\/az\/wp-json\/wp\/v2\/tags?post=310800"}],"curies":[{"name":"wp","href":"https:\/\/api.w.org\/{rel}","templated":true}]}}