{"id":310790,"date":"2024-07-19T21:50:52","date_gmt":"2024-07-19T17:50:52","guid":{"rendered":"https:\/\/www.meydan.tv\/?p=310790"},"modified":"2024-07-20T00:40:42","modified_gmt":"2024-07-19T20:40:42","slug":"kere-yagi-etiketi-altinda-satilan-xestelikler","status":"publish","type":"post","link":"https:\/\/www.meydan.tv\/az\/article\/kere-yagi-etiketi-altinda-satilan-xestelikler\/","title":{"rendered":"\u201cK\u0259r\u0259 ya\u011f\u0131\u201d etiketi alt\u0131nda sat\u0131lan \u201cx\u0259st\u0259likl\u0259r\u201d"},"content":{"rendered":"\n<p><\/p>\n\n\n\n<p><strong><em>M\u00fct\u0259x\u0259ssisl\u0259r deyir ki, i\u015fbazlar \u00f6lk\u0259d\u0259 m\u00fcst\u0259qil laboratoriyan\u0131n olmamas\u0131ndan istifad\u0259 edirl\u0259r<\/em><\/strong><\/p>\n\n\n\n<p><em>\u201cS\u0131x\u0131lm\u0131\u015f, ikinci d\u0259r\u0259c\u0259li, at\u0131lmal\u0131, heyvan yemi kimi istifad\u0259 olunan ya\u011flar\u0131 a\u00e7\u0131q \u015f\u0259kild\u0259 Az\u0259rbaycana g\u0259tirib, t\u0259krar emal edirl\u0259r, s\u00fcz\u00fcrl\u0259r v\u0259 \u0259haliy\u0259 verirl\u0259r. D\u0259h\u015f\u0259tli faci\u0259dir. Onkoloji x\u0259st\u0259likl\u0259ri yayan da bu ya\u011flard\u0131r\u201d.<\/em><\/p>\n\n\n\n<p>Bu iddia il\u0259 \u00dcmid Partiyas\u0131n\u0131n s\u0259dri \u0130qbal A\u011fazad\u0259 \u00e7\u0131x\u0131\u015f <a href=\"https:\/\/www.instagram.com\/p\/C9DSrjQIwD4\/\" target=\"_blank\" rel=\"noreferrer noopener\">edib.<\/a><br><br>Onun s\u00f6zl\u0259rin\u0259 g\u00f6r\u0259, Az\u0259rbaycanda b\u00fct\u00fcn b\u00f6y\u00fck v\u0259 ki\u00e7ik ma\u011fazalarda sat\u0131lan g\u00fcn\u0259baxan, qar\u011f\u0131dal\u0131 v\u0259 s. ya\u011flar\u0131n m\u0259n\u015f\u0259yi m\u0259lum deyil.<\/p>\n\n\n\n<p>\u018flav\u0259 edir ki, Az\u0259rbaycan Qida T\u0259hl\u00fck\u0259sizliyi Agentliyi (AQTA) yoxlasa, bu hallar\u0131 a\u015fkarlaya bil\u0259r.<\/p>\n\n\n<div class=\"wp-block-image\">\n<figure class=\"alignleft size-large is-resized\"><img decoding=\"async\" width=\"1095\" height=\"821\" data-src=\"https:\/\/www.meydan.tv\/wp-content\/uploads\/47136-1095x821.jpg\" alt=\"\u0130qbal A\u011fazad\u0259\" class=\"wp-image-118191 lazyload\" style=\"--smush-placeholder-width: 1095px; --smush-placeholder-aspect-ratio: 1095\/821;width:353px;height:auto\" src=\"data:image\/svg+xml;base64,PHN2ZyB3aWR0aD0iMSIgaGVpZ2h0PSIxIiB4bWxucz0iaHR0cDovL3d3dy53My5vcmcvMjAwMC9zdmciPjwvc3ZnPg==\" \/><figcaption class=\"wp-element-caption\">Fotonun m\u0259nb\u0259yi: \u0130qbal A\u011fazad\u0259nin &#8220;Facebook&#8221; s\u0259hif\u0259si<\/figcaption><\/figure>\n<\/div>\n\n\n<p>Az\u0259rbaycana yeyinti ya\u011flar\u0131 \u0259sas\u0259n, Rusiya, Ukrayna, Belarus, Almaniya, Avstraliya v\u0259 Yeni Zelandiyadan idxal olunur.<\/p>\n\n\n\n<p>Qida \u00fczr\u0259 m\u00fct\u0259x\u0259ssisl\u0259r bildirirl\u0259r ki, Az\u0259rbaycanda k\u0259r\u0259 ya\u011f\u0131 istehsal\u0131 il\u0259 m\u0259\u015f\u011ful olan \u015firk\u0259tl\u0259rin m\u0259hsullar\u0131n\u0131n keyfiyy\u0259ti il\u0259 ba\u011fl\u0131 ciddi \u015f\u00fcbh\u0259l\u0259r var.<\/p>\n\n\n\n<p>\u0130ddia olunur ki, sat\u0131\u015fdak\u0131 ya\u011flar\u0131n 95%-i Az\u0259rbaycanda qabla\u015fd\u0131r\u0131l\u0131r v\u0259 xarici ya\u011f ad\u0131 alt\u0131nda istehlak\u00e7\u0131lara sat\u0131l\u0131r.<\/p>\n\n\n\n<p>Ucuz qiym\u0259t\u0259 sat\u0131lan bu ya\u011flar\u0131n t\u0259rkibinin \u0259sas hiss\u0259si trans ya\u011flard\u0131r.<\/p>\n\n\n\n<p>\u201cK\u0259r\u0259 ya\u011f\u0131\u201d ad\u0131 il\u0259 sat\u0131lan bir \u00e7ox ya\u011f\u0131n t\u0259rkib m\u0259lumatlar\u0131nda a\u00e7\u0131qca k\u0259r\u0259 ya\u011f\u0131 \u0259v\u0259zedicisind\u0259n haz\u0131rland\u0131r\u0131\u011f\u0131 yaz\u0131l\u0131r. B\u0259zil\u0259rinin \u00fcz\u0259rind\u0259 qeyd olunur ki, k\u0259r\u0259 ya\u011f\u0131n\u0131n i\u015ftirak\u0131 il\u0259 haz\u0131rlan\u0131b. Y\u0259ni m\u0259hsulun t\u0259rkibin\u0259 h\u0259m d\u0259 k\u0259r\u0259 ya\u011f\u0131 qat\u0131l\u0131b. Sad\u0259c\u0259 ad\u0131 k\u0259r\u0259 ya\u011f\u0131 oldu\u011fundan \u0259ks\u0259r al\u0131c\u0131lar, ki\u00e7ik h\u0259rfl\u0259rl\u0259 yaz\u0131lm\u0131\u015f t\u0259rkib m\u0259lumatlar\u0131 oxumadan bu m\u0259hsulu t\u0259bii k\u0259r\u0259 ya\u011f\u0131 z\u0259nn ed\u0259r\u0259k al\u0131rlar.<\/p>\n\n\n\n<p>B\u0259zi qabla\u015fd\u0131rma m\u0259lumatlar\u0131nda is\u0259 \u201ctrans ya\u011f\u201d \u0259v\u0259zin\u0259 \u201chidrogenl\u0259\u015fdirilmi\u015f bitki ya\u011f\u0131\u201d ifad\u0259si yaz\u0131l\u0131r.<\/p>\n\n\n\n<p><strong>Trans ya\u011f n\u0259dir?<\/strong><\/p>\n\n\n\n<p>\u0130yirminci \u0259srin \u0259vv\u0259ll\u0259rind\u0259n etibar\u0259n bitki m\u0259n\u015f\u0259li ya\u011flar\u0131n dad\u0131n\u0131 qorumaq, fiziki x\u00fcsusiyy\u0259tl\u0259rini d\u0259yi\u015fm\u0259k, saxlama m\u00fcdd\u0259tini v\u0259 istifad\u0259 imkanlar\u0131n\u0131 art\u0131rmaq m\u0259qs\u0259dil\u0259 onlar\u0131n qism\u0259n hidrogenl\u0259\u015fdirilm\u0259si prosesin\u0259 ba\u015flan\u0131l\u0131b. Bu proses zaman\u0131 bitki ya\u011flar\u0131n\u0131n t\u0259rkibind\u0259 orqanizm \u00fc\u00e7\u00fcn faydal\u0131 olan doymam\u0131\u015f ya\u011flar\u0131n qurulu\u015funda d\u0259yi\u015fiklikl\u0259r ba\u015f verir. <\/p>\n\n\n\n<p>Prosesin sonunda yar\u0131qat\u0131, yaxud qat\u0131 ya\u011f \u0259ld\u0259 olunur. Bu tip ya\u011flar iyirminci \u0259srin sonlar\u0131na q\u0259d\u0259r heyvan m\u0259n\u015f\u0259li ya\u011flar\u0131n \u0259n sa\u011flam \u0259v\u0259zedicisi kimi t\u0259bli\u011f olunub. Sonradan trans ya\u011flar\u0131n insan sa\u011flaml\u0131\u011f\u0131na ciddi t\u0259hl\u00fck\u0259 yaratd\u0131\u011f\u0131 m\u0259lum olub.<\/p>\n\n\n\n<p>Az\u0259rbaycan da daxil olmaqla, bu ya\u011flardan b\u0259zi \u00f6lk\u0259l\u0259rd\u0259 tez haz\u0131rlanan qida v\u0259 q\u0259lyanalt\u0131larda, sous, mayonezl\u0259rin istehsal\u0131nda, h\u0259m\u00e7inin \u015firniyyatlarda, x\u0131r\u00e7\u0131ldayan kartof q\u0131zartmalar\u0131nda istifad\u0259 <a href=\"https:\/\/afsa.gov.az\/az\/ictimaiyyetle-elaqeler\/maariflendirme\/trans-yaglarin-saglamliga-\">olunur.<\/a><\/p>\n\n\n\n<p><strong>\u00dcmumd\u00fcnya S\u0259hiyy\u0259 T\u0259\u015fkilat\u0131 x\u0259b\u0259rdarl\u0131q edir<\/strong><\/p>\n\n\n\n<p>\u00dcmumd\u00fcnya S\u0259hiyy\u0259 T\u0259\u015fkilat\u0131n\u0131n (\u00dcST) ara\u015fd\u0131rmas\u0131na g\u00f6r\u0259, trans ya\u011f tur\u015fular\u0131n\u0131n y\u00fcks\u0259k miqdarda q\u0259bulu \u00fcr\u0259k-damar x\u0259st\u0259likl\u0259ri riskini 21%, \u00f6l\u00fcm riskini is\u0259 28% art\u0131r\u0131r.<br>Trans ya\u011f tur\u015fular\u0131 h\u00fcceyr\u0259l\u0259rin fosfolipid membran\u0131n\u0131n strukturunda d\u0259yi\u015fiklikl\u0259r\u0259, immun sisteminin, g\u00f6rm\u0259 qabiliyy\u0259tinin z\u0259ifl\u0259m\u0259sin\u0259, alzheymer x\u0259st\u0259liyinin yaranma riskinin y\u00fcks\u0259lm\u0259sin\u0259 s\u0259b\u0259b olur.<\/p>\n\n\n\n<p>Ara\u015fd\u0131rmalara \u0259sas\u0259n, trans ya\u011f tur\u015fular\u0131 orqanizmin reproduktiv (n\u0259silt\u00f6r\u0259tm\u0259) qabiliyy\u0259tin\u0259 m\u0259nfi t\u0259sir ed\u0259r\u0259k h\u0259m qad\u0131n, h\u0259m d\u0259 ki\u015fil\u0259rd\u0259 sonsuzlu\u011fun yaranmas\u0131na, hamil\u0259 qad\u0131nlarda d\u00f6l\u00fcn inki\u015faf\u0131na m\u0259nfi t\u0259sir edir.<\/p>\n\n\n\n<p>\u00dcST deyir ki, b\u00f6y\u00fcm\u0259kd\u0259 v\u0259 inki\u015fafda olan u\u015faq orqanizmind\u0259 bu ya\u011flar birba\u015fa m\u0259rk\u0259zi sinir sisteminin pozulmas\u0131na s\u0259b\u0259b olur. Trans ya\u011f tur\u015fular\u0131n\u0131n ana s\u00fcd\u00fc vasit\u0259sil\u0259 anadan k\u00f6rp\u0259y\u0259 ke\u00e7diyinin d\u0259 s\u00fcbut olundu\u011fu bildirilir.<\/p>\n\n\n<div class=\"wp-block-image\">\n<figure class=\"aligncenter size-full\"><img decoding=\"async\" width=\"1000\" height=\"541\" data-src=\"https:\/\/www.meydan.tv\/wp-content\/uploads\/421344865.jpg\" alt=\"\u00dcmumd\u00fcnya S\u0259hiyy\u0259 T\u0259\u015fkilat\u0131 (\u00dcST)\" class=\"wp-image-138546 lazyload\" src=\"data:image\/svg+xml;base64,PHN2ZyB3aWR0aD0iMSIgaGVpZ2h0PSIxIiB4bWxucz0iaHR0cDovL3d3dy53My5vcmcvMjAwMC9zdmciPjwvc3ZnPg==\" style=\"--smush-placeholder-width: 1000px; --smush-placeholder-aspect-ratio: 1000\/541;\" \/><figcaption class=\"wp-element-caption\">Foto: \u00dcmumd\u00fcnya S\u0259hiyy\u0259 T\u0259\u015fkilat\u0131 (\u00dcST)<\/figcaption><\/figure>\n<\/div>\n\n\n<p>Ba\u015fqa bir ara\u015fd\u0131rmaya g\u00f6r\u0259, trans ya\u011f tur\u015fular\u0131n\u0131n istehlak\u0131 il\u0259 postmenopauza (klimaks) d\u00f6vr\u00fcnd\u0259 olan qad\u0131nlarda s\u00fcd v\u0259zi x\u0259r\u00e7\u0259nginin \u0259m\u0259l\u0259 g\u0259lm\u0259si riski aras\u0131nda qar\u015f\u0131l\u0131ql\u0131 \u0259laq\u0259nin oldu\u011fu s\u00fcbut edilib.<\/p>\n\n\n\n<p>\u00dcmumd\u00fcnya S\u0259hiyy\u0259 T\u0259\u015fkilat\u0131n\u0131n 2003-c\u00fc il r\u0259smi hesabat\u0131na \u0259sas\u0259n, t\u0259rkibin\u0259 trans ya\u011f tur\u015fular\u0131 daxil olan ya\u011flar\u0131n qida rasionunda istifad\u0259sinin maksimum d\u0259r\u0259c\u0259d\u0259 azald\u0131lmas\u0131 (2000 kkal enerjiy\u0259 g\u00fcnd\u0259 2 qramdan daha az, y\u0259ni \u00fcmumi enerji t\u0259l\u0259bat\u0131n\u0131n 1%-d\u0259n daha az) m\u0259sl\u0259h\u0259t g\u00f6r\u00fcl\u00fcr.<\/p>\n\n\n\n<p>T\u0259\u015fkilat 2018-ci ild\u0259 is\u0259 trans ya\u011flar\u0131n h\u0259r il 500 min insan\u0131n vaxt\u0131ndan \u0259vv\u0259l \u00f6l\u00fcm\u00fcn\u0259 s\u0259b\u0259b oldu\u011funu a\u00e7\u0131qlay\u0131b.<\/p>\n\n\n\n<p>X\u00fcsus\u0259n inki\u015faf etmi\u015f \u00f6lk\u0259l\u0259rd\u0259 istehlak edil\u0259n qida qruplar\u0131 il\u0259 \u0259laq\u0259li olaraq, Qida v\u0259 D\u0259rman Assosiasiyas\u0131 (FDA &#8211; Food and Drug Association), \u018frzaq v\u0259 K\u0259nd T\u0259s\u0259rr\u00fcfat\u0131 T\u0259\u015fkilat\u0131 (FAO \u2013 Food and Agriculture Organization) v\u0259 \u00dcST kimi beyn\u0259lxalq qurumlar trans ya\u011flardan imtinan\u0131 t\u00f6vsiy\u0259 edirl\u0259r.<\/p>\n\n\n\n<p>\u00dcST-nin son m\u0259lumat\u0131na g\u00f6r\u0259, haz\u0131rda trans ya\u011flardan imtina ed\u0259n \u00f6lk\u0259l\u0259rin say\u0131 53-d\u00fcr.<br>2023-c\u00fc ild\u0259 bu siyah\u0131ya Misir, Meksika, Moldova, Nigeriya, \u015eimali Makedoniya, Filippin v\u0259 Ukrayna da \u0259lav\u0259 olunub.<\/p>\n\n\n<div class=\"wp-block-image\">\n<figure class=\"aligncenter size-full\"><img decoding=\"async\" width=\"1200\" height=\"675\" data-src=\"https:\/\/www.meydan.tv\/wp-content\/uploads\/aciq-m14.jpg\" alt=\"\" class=\"wp-image-310791 lazyload\" src=\"data:image\/svg+xml;base64,PHN2ZyB3aWR0aD0iMSIgaGVpZ2h0PSIxIiB4bWxucz0iaHR0cDovL3d3dy53My5vcmcvMjAwMC9zdmciPjwvc3ZnPg==\" style=\"--smush-placeholder-width: 1200px; --smush-placeholder-aspect-ratio: 1200\/675;\" \/><figcaption class=\"wp-element-caption\">Foto: Az\u0259rbaycan Qida T\u0259hl\u00fck\u0259sizliyi Agentliyi <\/figcaption><\/figure>\n<\/div>\n\n\n<p>\u00dcST b\u00fct\u00fcn d\u00fcnya \u00f6lk\u0259l\u0259rin\u0259 2025-ci il\u0259 q\u0259d\u0259r trans ya\u011flardan istifad\u0259ni dayand\u0131rma\u011f\u0131 t\u00f6vsiy\u0259 edib.<\/p>\n\n\n\n<p>Az\u0259rbaycanda qida t\u0259hl\u00fck\u0259sizliyin\u0259 Az\u0259rbaycan Qida T\u0259hl\u00fck\u0259sizliyi Agentliyi (AQTA) cavabdehdir.<\/p>\n\n\n\n<p>Lakin ekspertl\u0259r hesab edirl\u0259r ki, qidalar\u0131n t\u0259rkibini yoxlamaq \u00fc\u00e7\u00fcn h\u0259m d\u0259 m\u00fcst\u0259qil laboratoriyalar olmas\u0131 vacibdir.<\/p>\n\n\n\n<p>\u0130qtisad\u00e7\u0131 ekspert, k\u0259nd t\u0259s\u0259rr\u00fcfat\u0131 \u00fczr\u0259 m\u00fct\u0259x\u0259ssis Vahid M\u0259h\u0259rr\u0259mli Meydan TV-y\u0259 deyir ki, Az\u0259rbaycanda m\u00fcst\u0259qil laboratoriya olmad\u0131\u011f\u0131 \u00fc\u00e7\u00fcn idxal edil\u0259n ya\u011flar\u0131n, qida m\u0259hsullar\u0131n\u0131n keyfiyy\u0259tin\u0259 \u015f\u00fcbh\u0259 etm\u0259y\u0259 ciddi \u0259saslar yaran\u0131r:<\/p>\n\n\n\n<p><em>\u201cAz\u0259rbaycan n\u0259 bitki ya\u011f\u0131, n\u0259 d\u0259 k\u0259r\u0259 ya\u011f\u0131na olan t\u0259labat\u0131n\u0131 \u00f6d\u0259y\u0259 bilm\u0259diyi \u00fc\u00e7\u00fcn xammal\u0131 xaricd\u0259n idxal edir. \u00d6lk\u0259y\u0259 k\u0259r\u0259 ya\u011f\u0131 da b\u00f6y\u00fck h\u0259cmd\u0259 g\u0259tirilir v\u0259 burada qabla\u015fd\u0131r\u0131l\u0131r. Bu ya\u011flar\u0131n t\u0259rkibind\u0259 birm\u0259nal\u0131 olaraq qatq\u0131lar var. \u00d6lk\u0259d\u0259 m\u00fcst\u0259qil laboratoriya v\u0259 \u015f\u0259ffafl\u0131q olmad\u0131\u011f\u0131 \u00fc\u00e7\u00fcn h\u0259min m\u0259hsullar\u0131n keyfiyy\u0259ti il\u0259 ba\u011fl\u0131 n\u0259s\u0259 dey\u0259 bilmirik\u201d.<\/em><\/p>\n\n\n\n<p>T\u00fcrkiy\u0259 v\u0259 G\u00fcrc\u00fcstanla m\u00fcqayis\u0259l\u0259r aparan ekspert deyir ki, h\u0259r iki \u00f6lk\u0259d\u0259 Az\u0259rbaycanla m\u00fcqayis\u0259d\u0259 idxal olunan ist\u0259r bitki, ist\u0259rs\u0259 d\u0259 k\u0259r\u0259 ya\u011flar\u0131 \u00e7ox keyfiyy\u0259tlidir:<\/p>\n\n\n\n<p><em>\u201cT\u00fcrkiy\u0259d\u0259 istifad\u0259 etdiyim h\u0259m k\u0259r\u0259 ya\u011f\u0131, h\u0259m d\u0259 bitki ya\u011f\u0131 Az\u0259rbaycandak\u0131 marketl\u0259rd\u0259 t\u0259klif olunanlardan y\u00fcks\u0259k keyfiyy\u0259ti il\u0259 f\u0259rql\u0259nir. Bu yax\u0131nlarda market\u0259 getmi\u015fdim ki, k\u0259r\u0259 ya\u011f\u0131 al\u0131m. Axtard\u0131m, \u00fcz\u0259rind\u0259 Almaniya, Fransa, Zelandiyadan g\u0259tirilmi\u015f ya\u011flar oldu\u011fu bilinirdi. Az\u0259rbaycanda qabla\u015fd\u0131r\u0131ld\u0131\u011f\u0131 \u00fc\u00e7\u00fcn m\u0259nd\u0259 \u015f\u00fcbh\u0259 yarand\u0131. Yax\u015f\u0131 ya\u011f\u0131 qoxusundan hiss edirs\u0259n. H\u0259tta \u0130randan g\u0259tiril\u0259n ya\u011f bel\u0259 daha keyfiyy\u0259tlidir, n\u0259inki Az\u0259rbaycana Avropadan g\u0259tiril\u0259n ya\u011flar\u201d.<\/em><\/p>\n\n\n\n<p><strong>Az\u0259rbaycan niy\u0259 \u00dcmumd\u00fcnya Ticar\u0259t T\u0259\u015fkilat\u0131na \u00fczv olmur?<\/strong><\/p>\n\n\n\n<p>Az\u0259rbaycan \u00dcmumd\u00fcnya Ticar\u0259t T\u0259\u015fkialt\u0131na (\u00dcTT) \u00fczv olmad\u0131\u011f\u0131 \u00fc\u00e7\u00fcn Avropdan \u00f6lk\u0259y\u0259 keyfiyy\u0259tli m\u0259hsullar\u0131n g\u0259tirilm\u0259si d\u0259 m\u00fcmk\u00fcn olmur. Beyn\u0259lxalq ticar\u0259tin 98%-i \u00dcTT \u00fczvl\u0259rinin pay\u0131na d\u00fc\u015f\u00fcr. Az\u0259rbaycan, \u00d6zb\u0259kistan v\u0259 T\u00fcrkm\u0259nistan istisna olmaqla b\u00fct\u00fcn MDB d\u00f6vl\u0259tl\u0259ri \u00dcTT \u00fczv\u00fcd\u00fcr.<\/p>\n\n\n\n<p>Vahid M\u0259h\u0259rr\u0259mli deyir ki, Az\u0259rbaycan \u00dcTT-y\u0259 daxil oldu\u011fu t\u0259qdird\u0259, \u00f6lk\u0259d\u0259 m\u00fc\u0259yy\u0259n q\u0259d\u0259r m\u0259hsul bollu\u011fu yarana, h\u0259m\u00e7inin inhisar\u00e7\u0131l\u0131\u011f\u0131n qar\u015f\u0131s\u0131 al\u0131na bil\u0259r:<\/p>\n\n\n<div class=\"wp-block-image\">\n<figure class=\"aligncenter size-full\"><img decoding=\"async\" width=\"960\" height=\"506\" data-src=\"https:\/\/www.meydan.tv\/wp-content\/uploads\/45447-e1687097833687.jpg\" alt=\"Vahid M\u0259h\u0259rr\u0259mli\" class=\"wp-image-114069 lazyload\" src=\"data:image\/svg+xml;base64,PHN2ZyB3aWR0aD0iMSIgaGVpZ2h0PSIxIiB4bWxucz0iaHR0cDovL3d3dy53My5vcmcvMjAwMC9zdmciPjwvc3ZnPg==\" style=\"--smush-placeholder-width: 960px; --smush-placeholder-aspect-ratio: 960\/506;\" \/><figcaption class=\"wp-element-caption\">Vahid M\u0259h\u0259rr\u0259mli. Foto: Meydan TV<\/figcaption><\/figure>\n<\/div>\n\n\n<p><em>\u201cBu t\u0259\u015fkilata \u00fczv olmama\u011f\u0131m\u0131z Az\u0259rbaycanda inhisar\u00e7\u0131lar\u0131n \u00fcr\u0259yinc\u0259dir. M\u0259lumat do\u011frudur ki, Az\u0259rbaycana yarars\u0131z xammallar g\u0259tirib, burada t\u0259krar emal edilib, qabla\u015fd\u0131raraq sat\u0131\u015fa burax\u0131l\u0131r. Ba\u015fqa se\u00e7im olmad\u0131\u011f\u0131 \u00fc\u00e7\u00fcn m\u0259cbur h\u0259min keyfiyy\u0259tsiz ya\u011flardan istifad\u0259 edirik. \u018fks\u0259r \u00f6lk\u0259l\u0259rd\u0259 trans ya\u011flar\u0131n istifad\u0259si qada\u011fan olunub. Amma Az\u0259rbaycanda i\u015fbaz vicdans\u0131zlar f\u00fcrs\u0259td\u0259n istifad\u0259 edirl\u0259r. Bo\u011faz\u0131m\u0131z onlar\u0131n \u0259lind\u0259dir. Ona g\u00f6r\u0259 d\u0259 ist\u0259dikl\u0259ri kimi pul qazanmaq \u00fc\u00e7\u00fcn bel\u0259 h\u0259r\u0259k\u0259tl\u0259r\u0259 yol verirl\u0259r\u201d.<\/em><\/p>\n\n\n\n<p>1995-ci ild\u0259 yarad\u0131lan \u00dcmumd\u00fcnya Ticar\u0259t T\u0259\u015fkilat\u0131n\u0131n \u0259sas m\u0259qs\u0259di beyn\u0259lxalq ticar\u0259tin maksimum d\u0259r\u0259c\u0259d\u0259 liberalla\u015fd\u0131r\u0131lmas\u0131 v\u0259 onun m\u00f6hk\u0259m \u0259saslar\u0131n\u0131n yarad\u0131lmas\u0131, bununla da iqtisadi inki\u015faf\u0131n art\u0131r\u0131lmas\u0131 v\u0259 insanlar\u0131n h\u0259yat s\u0259viyy\u0259sinin yax\u015f\u0131la\u015fd\u0131r\u0131lmas\u0131d\u0131r.<\/p>\n\n\n\n<p><strong>\u201c\u0130nsanlar\u0131n keyfiyy\u0259tli ya\u011f alma\u011fa imkan\u0131 yoxdur\u201d<\/strong><\/p>\n\n\n\n<p>T\u0259hl\u00fck\u0259siz qida t\u0259dqiqat\u00e7\u0131s\u0131 Asim V\u0259liyev Meydan TV-y\u0259 deyir ki, istehlak\u00e7\u0131lar ya\u011f alark\u0259n m\u00fctl\u0259q t\u0259rkibini diqq\u0259tl\u0259 oxusunlar:<\/p>\n\n\n\n<p><em>\u201cB\u0259z\u0259n marketl\u0259rd\u0259 g\u00f6r\u00fcr\u00fck ki, ya\u011f\u0131n \u00fcz\u0259rin\u0259 \u201cK\u0259r\u0259 ya\u011f\u0131\u201d yaz\u0131l\u0131b. Amma t\u0259rkibini oxuyanda, g\u00f6r\u00fcrs\u0259n ki, balaca h\u0259rfl\u0259rl\u0259 yaz\u0131blar ki, t\u0259rkibind\u0259 \u201ctrans ya\u011flar\u201d var. Yaxud da ba\u015fqa ya\u011flar qat\u0131l\u0131b, tam k\u0259r\u0259 ya\u011f\u0131 deyil. Y\u0259ni \u00fcz\u0259rin\u0259 yaz\u0131lan \u201cK\u0259r\u0259 ya\u011f\u0131\u201d s\u00f6z\u00fcn\u0259 aldanmas\u0131nlar, onun etiketini, t\u0259rkibini d\u0259 m\u00fctl\u0259q \u015f\u0259kild\u0259 oxusunlar. \u00c7\u00fcnki b\u0259z\u0259n i\u015fbazlar insanlar\u0131 aldatmaq \u00fc\u00e7\u00fcn bu kimi terminl\u0259rd\u0259n, ifad\u0259l\u0259rd\u0259n istifad\u0259 edirl\u0259r. Az\u0259rbaycanda qeyri-qanuni qida istehsal\u0131 il\u0259 m\u0259\u015f\u011ful olanlar \u00e7oxdur. N\u0259zar\u0259td\u0259n yay\u0131nan istehsal\u00e7\u0131lar da var. H\u0259r bir insan \u00f6z\u00fc d\u0259 n\u0259zar\u0259t\u00e7i olmal\u0131d\u0131r. AQTA-n\u0131n da v\u0259zif\u0259 borcu m\u0259shullar\u0131n t\u0259hl\u00fck\u0259sizlik g\u00f6st\u0259ricil\u0259ri normalar\u0131na riay\u0259t ed\u0259r\u0259k, istehsal olunmas\u0131na n\u0259zar\u0259t etm\u0259kdir. Sa\u011flam qida is\u0259 h\u0259r bir insan\u0131n \u00f6z se\u00e7imidir\u201d.<\/em><\/p>\n\n\n<div class=\"wp-block-image\">\n<figure class=\"aligncenter size-full\"><img decoding=\"async\" width=\"1200\" height=\"809\" data-src=\"https:\/\/www.meydan.tv\/wp-content\/uploads\/asim_veliyev2.jpg\" alt=\"\" class=\"wp-image-310794 lazyload\" src=\"data:image\/svg+xml;base64,PHN2ZyB3aWR0aD0iMSIgaGVpZ2h0PSIxIiB4bWxucz0iaHR0cDovL3d3dy53My5vcmcvMjAwMC9zdmciPjwvc3ZnPg==\" style=\"--smush-placeholder-width: 1200px; --smush-placeholder-aspect-ratio: 1200\/809;\" \/><figcaption class=\"wp-element-caption\">Foto: Asim V\u0259liyevin \u015f\u0259xsi arxivind\u0259n<\/figcaption><\/figure>\n<\/div>\n\n\n<p>Asim V\u0259liyev diqq\u0259ti h\u0259m d\u0259 istehlak\u00e7\u0131lar\u0131n al\u0131c\u0131l\u0131q qabiliyy\u0259tin\u0259 \u00e7\u0259kir. Bildirir ki, haz\u0131rda istehlak\u00e7\u0131lar b\u00fcdc\u0259l\u0259rin\u0259 uy\u011fun qida m\u0259hsullar\u0131 al\u0131rlar:<\/p>\n\n\n\n<p><em>\u201c\u0130nsanlar\u0131n dolan\u0131\u015f\u0131\u011f\u0131, g\u0259lir s\u0259viyy\u0259si el\u0259 bir v\u0259ziyy\u0259td\u0259dir ki, onlara \u201c5 yox, 15 manatl\u0131q ya\u011f al\u201d, &#8211; dey\u0259 bilm\u0259rik. Haz\u0131rda insanlar \u0259t t\u0259l\u0259bat\u0131n\u0131 qar\u015f\u0131lamaq \u00fc\u00e7\u00fcn \u201cbroyler\u201d toyu\u011fu yem\u0259y\u0259 m\u0259cbur qal\u0131r\u201d<\/em>.<\/p>\n\n\n\n<p>M\u00f6vzu il\u0259 \u0259laq\u0259dar AQTA-n\u0131n m\u00f6vqeyini \u00f6yr\u0259nm\u0259k m\u00fcmk\u00fcn olmay\u0131b.<\/p>\n","protected":false},"excerpt":{"rendered":"<p>M\u00fct\u0259x\u0259ssisl\u0259r deyir ki, i\u015fbazlar \u00f6lk\u0259d\u0259 m\u00fcst\u0259qil laboratoriyan\u0131n olmamas\u0131ndan istifad\u0259 edirl\u0259r &#8230; <\/p>\n<p class=\"read-more-container\"><a title=\"\u201cK\u0259r\u0259 ya\u011f\u0131\u201d etiketi alt\u0131nda sat\u0131lan \u201cx\u0259st\u0259likl\u0259r\u201d\" class=\"read-more button\" href=\"https:\/\/www.meydan.tv\/az\/article\/kere-yagi-etiketi-altinda-satilan-xestelikler\/#more-310790\" aria-label=\"Read more about \u201cK\u0259r\u0259 ya\u011f\u0131\u201d etiketi alt\u0131nda sat\u0131lan \u201cx\u0259st\u0259likl\u0259r\u201d\">Davam\u0131<\/a><\/p>\n","protected":false},"author":8,"featured_media":301677,"comment_status":"closed","ping_status":"closed","sticky":false,"template":"","format":"standard","meta":{"_acf_changed":false,"_sitemap_exclude":false,"_sitemap_priority":"","_sitemap_frequency":"","footnotes":""},"categories":[62,56],"tags":[],"class_list":["post-310790","post","type-post","status-publish","format-standard","has-post-thumbnail","hentry","category-sosial","category-xeberler","infinite-scroll-item","generate-columns","tablet-grid-50","mobile-grid-100","grid-parent","grid-33","no-featured-image-padding"],"acf":[],"yoast_head":"<!-- This site is optimized with the Yoast SEO plugin v27.5 - https:\/\/yoast.com\/product\/yoast-seo-wordpress\/ -->\n<title>\u201cK\u0259r\u0259 ya\u011f\u0131\u201d etiketi alt\u0131nda sat\u0131lan \u201cx\u0259st\u0259likl\u0259r\u201d - MEYDAN.TV<\/title>\n<meta name=\"robots\" content=\"index, follow, max-snippet:-1, max-image-preview:large, max-video-preview:-1\" \/>\n<link rel=\"canonical\" href=\"https:\/\/www.meydan.tv\/az\/article\/kere-yagi-etiketi-altinda-satilan-xestelikler\/\" \/>\n<meta property=\"og:locale\" content=\"az_AZ\" \/>\n<meta property=\"og:type\" content=\"article\" \/>\n<meta property=\"og:title\" content=\"\u201cK\u0259r\u0259 ya\u011f\u0131\u201d etiketi alt\u0131nda sat\u0131lan \u201cx\u0259st\u0259likl\u0259r\u201d - MEYDAN.TV\" \/>\n<meta property=\"og:description\" content=\"M\u00fct\u0259x\u0259ssisl\u0259r deyir ki, i\u015fbazlar \u00f6lk\u0259d\u0259 m\u00fcst\u0259qil laboratoriyan\u0131n olmamas\u0131ndan istifad\u0259 edirl\u0259r ... Davam\u0131\" \/>\n<meta property=\"og:url\" content=\"https:\/\/www.meydan.tv\/az\/article\/kere-yagi-etiketi-altinda-satilan-xestelikler\/\" \/>\n<meta property=\"og:site_name\" content=\"MEYDAN.TV\" \/>\n<meta property=\"article:published_time\" content=\"2024-07-19T17:50:52+00:00\" \/>\n<meta property=\"article:modified_time\" content=\"2024-07-19T20:40:42+00:00\" \/>\n<meta property=\"og:image\" content=\"https:\/\/www.meydan.tv\/wp-content\/uploads\/kereee.jpg\" \/>\n\t<meta property=\"og:image:width\" content=\"1200\" \/>\n\t<meta property=\"og:image:height\" content=\"889\" \/>\n\t<meta property=\"og:image:type\" content=\"image\/jpeg\" \/>\n<meta name=\"author\" content=\"elli\" \/>\n<meta name=\"twitter:card\" content=\"summary_large_image\" \/>\n<meta name=\"twitter:creator\" content=\"@elli\" \/>\n<script type=\"application\/ld+json\" class=\"yoast-schema-graph\">{\"@context\":\"https:\\\/\\\/schema.org\",\"@graph\":[{\"@type\":\"Article\",\"@id\":\"https:\\\/\\\/www.meydan.tv\\\/az\\\/article\\\/kere-yagi-etiketi-altinda-satilan-xestelikler\\\/#article\",\"isPartOf\":{\"@id\":\"https:\\\/\\\/www.meydan.tv\\\/az\\\/article\\\/kere-yagi-etiketi-altinda-satilan-xestelikler\\\/\"},\"author\":{\"name\":\"elli\",\"@id\":\"https:\\\/\\\/www.meydan.tv\\\/az\\\/#\\\/schema\\\/person\\\/9cdbecf90d17180ce1dfbd95b08dcf47\"},\"headline\":\"\u201cK\u0259r\u0259 ya\u011f\u0131\u201d etiketi alt\u0131nda sat\u0131lan \u201cx\u0259st\u0259likl\u0259r\u201d\",\"datePublished\":\"2024-07-19T17:50:52+00:00\",\"dateModified\":\"2024-07-19T20:40:42+00:00\",\"mainEntityOfPage\":{\"@id\":\"https:\\\/\\\/www.meydan.tv\\\/az\\\/article\\\/kere-yagi-etiketi-altinda-satilan-xestelikler\\\/\"},\"wordCount\":1969,\"publisher\":{\"@id\":\"https:\\\/\\\/www.meydan.tv\\\/az\\\/#organization\"},\"image\":{\"@id\":\"https:\\\/\\\/www.meydan.tv\\\/az\\\/article\\\/kere-yagi-etiketi-altinda-satilan-xestelikler\\\/#primaryimage\"},\"thumbnailUrl\":\"https:\\\/\\\/www.meydan.tv\\\/wp-content\\\/uploads\\\/kereee.jpg\",\"articleSection\":[\"Sosial\",\"X\u0259b\u0259rl\u0259r\"],\"inLanguage\":\"az\"},{\"@type\":\"WebPage\",\"@id\":\"https:\\\/\\\/www.meydan.tv\\\/az\\\/article\\\/kere-yagi-etiketi-altinda-satilan-xestelikler\\\/\",\"url\":\"https:\\\/\\\/www.meydan.tv\\\/az\\\/article\\\/kere-yagi-etiketi-altinda-satilan-xestelikler\\\/\",\"name\":\"\u201cK\u0259r\u0259 ya\u011f\u0131\u201d etiketi alt\u0131nda sat\u0131lan \u201cx\u0259st\u0259likl\u0259r\u201d - MEYDAN.TV\",\"isPartOf\":{\"@id\":\"https:\\\/\\\/www.meydan.tv\\\/az\\\/#website\"},\"primaryImageOfPage\":{\"@id\":\"https:\\\/\\\/www.meydan.tv\\\/az\\\/article\\\/kere-yagi-etiketi-altinda-satilan-xestelikler\\\/#primaryimage\"},\"image\":{\"@id\":\"https:\\\/\\\/www.meydan.tv\\\/az\\\/article\\\/kere-yagi-etiketi-altinda-satilan-xestelikler\\\/#primaryimage\"},\"thumbnailUrl\":\"https:\\\/\\\/www.meydan.tv\\\/wp-content\\\/uploads\\\/kereee.jpg\",\"datePublished\":\"2024-07-19T17:50:52+00:00\",\"dateModified\":\"2024-07-19T20:40:42+00:00\",\"breadcrumb\":{\"@id\":\"https:\\\/\\\/www.meydan.tv\\\/az\\\/article\\\/kere-yagi-etiketi-altinda-satilan-xestelikler\\\/#breadcrumb\"},\"inLanguage\":\"az\",\"potentialAction\":[{\"@type\":\"ReadAction\",\"target\":[\"https:\\\/\\\/www.meydan.tv\\\/az\\\/article\\\/kere-yagi-etiketi-altinda-satilan-xestelikler\\\/\"]}]},{\"@type\":\"ImageObject\",\"inLanguage\":\"az\",\"@id\":\"https:\\\/\\\/www.meydan.tv\\\/az\\\/article\\\/kere-yagi-etiketi-altinda-satilan-xestelikler\\\/#primaryimage\",\"url\":\"https:\\\/\\\/www.meydan.tv\\\/wp-content\\\/uploads\\\/kereee.jpg\",\"contentUrl\":\"https:\\\/\\\/www.meydan.tv\\\/wp-content\\\/uploads\\\/kereee.jpg\",\"width\":1200,\"height\":889,\"caption\":\"K\u0259r\u0259 ya\u011f\u0131. Foto: Az\u0259rtac.\"},{\"@type\":\"BreadcrumbList\",\"@id\":\"https:\\\/\\\/www.meydan.tv\\\/az\\\/article\\\/kere-yagi-etiketi-altinda-satilan-xestelikler\\\/#breadcrumb\",\"itemListElement\":[{\"@type\":\"ListItem\",\"position\":1,\"name\":\"Ana s\u0259hif\u0259\",\"item\":\"https:\\\/\\\/www.meydan.tv\\\/az\\\/\"},{\"@type\":\"ListItem\",\"position\":2,\"name\":\"Sosial\",\"item\":\"https:\\\/\\\/www.meydan.tv\\\/az\\\/section\\\/sosial\\\/\"},{\"@type\":\"ListItem\",\"position\":3,\"name\":\"\u201cK\u0259r\u0259 ya\u011f\u0131\u201d etiketi alt\u0131nda sat\u0131lan \u201cx\u0259st\u0259likl\u0259r\u201d\"}]},{\"@type\":\"WebSite\",\"@id\":\"https:\\\/\\\/www.meydan.tv\\\/az\\\/#website\",\"url\":\"https:\\\/\\\/www.meydan.tv\\\/az\\\/\",\"name\":\"MEYDAN.TV\",\"description\":\"Meydan TV Az\u0259rbaycan\u0131n media m\u0259kan\u0131ndak\u0131 alternativ s\u0259sidir\",\"publisher\":{\"@id\":\"https:\\\/\\\/www.meydan.tv\\\/az\\\/#organization\"},\"potentialAction\":[{\"@type\":\"SearchAction\",\"target\":{\"@type\":\"EntryPoint\",\"urlTemplate\":\"https:\\\/\\\/www.meydan.tv\\\/az\\\/?s={search_term_string}\"},\"query-input\":{\"@type\":\"PropertyValueSpecification\",\"valueRequired\":true,\"valueName\":\"search_term_string\"}}],\"inLanguage\":\"az\"},{\"@type\":\"Organization\",\"@id\":\"https:\\\/\\\/www.meydan.tv\\\/az\\\/#organization\",\"name\":\"Meydan TV\",\"url\":\"https:\\\/\\\/www.meydan.tv\\\/az\\\/\",\"logo\":{\"@type\":\"ImageObject\",\"inLanguage\":\"az\",\"@id\":\"https:\\\/\\\/www.meydan.tv\\\/az\\\/#\\\/schema\\\/logo\\\/image\\\/\",\"url\":\"https:\\\/\\\/www.meydan.tv\\\/wp-content\\\/uploads\\\/2021\\\/07\\\/meydan-logo.svg\",\"contentUrl\":\"https:\\\/\\\/www.meydan.tv\\\/wp-content\\\/uploads\\\/2021\\\/07\\\/meydan-logo.svg\",\"width\":195,\"height\":46,\"caption\":\"Meydan TV\"},\"image\":{\"@id\":\"https:\\\/\\\/www.meydan.tv\\\/az\\\/#\\\/schema\\\/logo\\\/image\\\/\"}},{\"@type\":\"Person\",\"@id\":\"https:\\\/\\\/www.meydan.tv\\\/az\\\/#\\\/schema\\\/person\\\/9cdbecf90d17180ce1dfbd95b08dcf47\",\"name\":\"elli\",\"sameAs\":[\"https:\\\/\\\/x.com\\\/elli\"]}]}<\/script>\n<!-- \/ Yoast SEO plugin. -->","yoast_head_json":{"title":"\u201cK\u0259r\u0259 ya\u011f\u0131\u201d etiketi alt\u0131nda sat\u0131lan \u201cx\u0259st\u0259likl\u0259r\u201d - MEYDAN.TV","robots":{"index":"index","follow":"follow","max-snippet":"max-snippet:-1","max-image-preview":"max-image-preview:large","max-video-preview":"max-video-preview:-1"},"canonical":"https:\/\/www.meydan.tv\/az\/article\/kere-yagi-etiketi-altinda-satilan-xestelikler\/","og_locale":"az_AZ","og_type":"article","og_title":"\u201cK\u0259r\u0259 ya\u011f\u0131\u201d etiketi alt\u0131nda sat\u0131lan \u201cx\u0259st\u0259likl\u0259r\u201d - MEYDAN.TV","og_description":"M\u00fct\u0259x\u0259ssisl\u0259r deyir ki, i\u015fbazlar \u00f6lk\u0259d\u0259 m\u00fcst\u0259qil laboratoriyan\u0131n olmamas\u0131ndan istifad\u0259 edirl\u0259r ... Davam\u0131","og_url":"https:\/\/www.meydan.tv\/az\/article\/kere-yagi-etiketi-altinda-satilan-xestelikler\/","og_site_name":"MEYDAN.TV","article_published_time":"2024-07-19T17:50:52+00:00","article_modified_time":"2024-07-19T20:40:42+00:00","og_image":[{"width":1200,"height":889,"url":"https:\/\/www.meydan.tv\/wp-content\/uploads\/kereee.jpg","type":"image\/jpeg"}],"author":"elli","twitter_card":"summary_large_image","twitter_creator":"@elli","schema":{"@context":"https:\/\/schema.org","@graph":[{"@type":"Article","@id":"https:\/\/www.meydan.tv\/az\/article\/kere-yagi-etiketi-altinda-satilan-xestelikler\/#article","isPartOf":{"@id":"https:\/\/www.meydan.tv\/az\/article\/kere-yagi-etiketi-altinda-satilan-xestelikler\/"},"author":{"name":"elli","@id":"https:\/\/www.meydan.tv\/az\/#\/schema\/person\/9cdbecf90d17180ce1dfbd95b08dcf47"},"headline":"\u201cK\u0259r\u0259 ya\u011f\u0131\u201d etiketi alt\u0131nda sat\u0131lan \u201cx\u0259st\u0259likl\u0259r\u201d","datePublished":"2024-07-19T17:50:52+00:00","dateModified":"2024-07-19T20:40:42+00:00","mainEntityOfPage":{"@id":"https:\/\/www.meydan.tv\/az\/article\/kere-yagi-etiketi-altinda-satilan-xestelikler\/"},"wordCount":1969,"publisher":{"@id":"https:\/\/www.meydan.tv\/az\/#organization"},"image":{"@id":"https:\/\/www.meydan.tv\/az\/article\/kere-yagi-etiketi-altinda-satilan-xestelikler\/#primaryimage"},"thumbnailUrl":"https:\/\/www.meydan.tv\/wp-content\/uploads\/kereee.jpg","articleSection":["Sosial","X\u0259b\u0259rl\u0259r"],"inLanguage":"az"},{"@type":"WebPage","@id":"https:\/\/www.meydan.tv\/az\/article\/kere-yagi-etiketi-altinda-satilan-xestelikler\/","url":"https:\/\/www.meydan.tv\/az\/article\/kere-yagi-etiketi-altinda-satilan-xestelikler\/","name":"\u201cK\u0259r\u0259 ya\u011f\u0131\u201d etiketi alt\u0131nda sat\u0131lan \u201cx\u0259st\u0259likl\u0259r\u201d - MEYDAN.TV","isPartOf":{"@id":"https:\/\/www.meydan.tv\/az\/#website"},"primaryImageOfPage":{"@id":"https:\/\/www.meydan.tv\/az\/article\/kere-yagi-etiketi-altinda-satilan-xestelikler\/#primaryimage"},"image":{"@id":"https:\/\/www.meydan.tv\/az\/article\/kere-yagi-etiketi-altinda-satilan-xestelikler\/#primaryimage"},"thumbnailUrl":"https:\/\/www.meydan.tv\/wp-content\/uploads\/kereee.jpg","datePublished":"2024-07-19T17:50:52+00:00","dateModified":"2024-07-19T20:40:42+00:00","breadcrumb":{"@id":"https:\/\/www.meydan.tv\/az\/article\/kere-yagi-etiketi-altinda-satilan-xestelikler\/#breadcrumb"},"inLanguage":"az","potentialAction":[{"@type":"ReadAction","target":["https:\/\/www.meydan.tv\/az\/article\/kere-yagi-etiketi-altinda-satilan-xestelikler\/"]}]},{"@type":"ImageObject","inLanguage":"az","@id":"https:\/\/www.meydan.tv\/az\/article\/kere-yagi-etiketi-altinda-satilan-xestelikler\/#primaryimage","url":"https:\/\/www.meydan.tv\/wp-content\/uploads\/kereee.jpg","contentUrl":"https:\/\/www.meydan.tv\/wp-content\/uploads\/kereee.jpg","width":1200,"height":889,"caption":"K\u0259r\u0259 ya\u011f\u0131. Foto: Az\u0259rtac."},{"@type":"BreadcrumbList","@id":"https:\/\/www.meydan.tv\/az\/article\/kere-yagi-etiketi-altinda-satilan-xestelikler\/#breadcrumb","itemListElement":[{"@type":"ListItem","position":1,"name":"Ana s\u0259hif\u0259","item":"https:\/\/www.meydan.tv\/az\/"},{"@type":"ListItem","position":2,"name":"Sosial","item":"https:\/\/www.meydan.tv\/az\/section\/sosial\/"},{"@type":"ListItem","position":3,"name":"\u201cK\u0259r\u0259 ya\u011f\u0131\u201d etiketi alt\u0131nda sat\u0131lan \u201cx\u0259st\u0259likl\u0259r\u201d"}]},{"@type":"WebSite","@id":"https:\/\/www.meydan.tv\/az\/#website","url":"https:\/\/www.meydan.tv\/az\/","name":"MEYDAN.TV","description":"Meydan TV Az\u0259rbaycan\u0131n media m\u0259kan\u0131ndak\u0131 alternativ s\u0259sidir","publisher":{"@id":"https:\/\/www.meydan.tv\/az\/#organization"},"potentialAction":[{"@type":"SearchAction","target":{"@type":"EntryPoint","urlTemplate":"https:\/\/www.meydan.tv\/az\/?s={search_term_string}"},"query-input":{"@type":"PropertyValueSpecification","valueRequired":true,"valueName":"search_term_string"}}],"inLanguage":"az"},{"@type":"Organization","@id":"https:\/\/www.meydan.tv\/az\/#organization","name":"Meydan TV","url":"https:\/\/www.meydan.tv\/az\/","logo":{"@type":"ImageObject","inLanguage":"az","@id":"https:\/\/www.meydan.tv\/az\/#\/schema\/logo\/image\/","url":"https:\/\/www.meydan.tv\/wp-content\/uploads\/2021\/07\/meydan-logo.svg","contentUrl":"https:\/\/www.meydan.tv\/wp-content\/uploads\/2021\/07\/meydan-logo.svg","width":195,"height":46,"caption":"Meydan TV"},"image":{"@id":"https:\/\/www.meydan.tv\/az\/#\/schema\/logo\/image\/"}},{"@type":"Person","@id":"https:\/\/www.meydan.tv\/az\/#\/schema\/person\/9cdbecf90d17180ce1dfbd95b08dcf47","name":"elli","sameAs":["https:\/\/x.com\/elli"]}]}},"_links":{"self":[{"href":"https:\/\/www.meydan.tv\/az\/wp-json\/wp\/v2\/posts\/310790","targetHints":{"allow":["GET"]}}],"collection":[{"href":"https:\/\/www.meydan.tv\/az\/wp-json\/wp\/v2\/posts"}],"about":[{"href":"https:\/\/www.meydan.tv\/az\/wp-json\/wp\/v2\/types\/post"}],"author":[{"embeddable":true,"href":"https:\/\/www.meydan.tv\/az\/wp-json\/wp\/v2\/users\/8"}],"replies":[{"embeddable":true,"href":"https:\/\/www.meydan.tv\/az\/wp-json\/wp\/v2\/comments?post=310790"}],"version-history":[{"count":3,"href":"https:\/\/www.meydan.tv\/az\/wp-json\/wp\/v2\/posts\/310790\/revisions"}],"predecessor-version":[{"id":310811,"href":"https:\/\/www.meydan.tv\/az\/wp-json\/wp\/v2\/posts\/310790\/revisions\/310811"}],"wp:featuredmedia":[{"embeddable":true,"href":"https:\/\/www.meydan.tv\/az\/wp-json\/wp\/v2\/media\/301677"}],"wp:attachment":[{"href":"https:\/\/www.meydan.tv\/az\/wp-json\/wp\/v2\/media?parent=310790"}],"wp:term":[{"taxonomy":"category","embeddable":true,"href":"https:\/\/www.meydan.tv\/az\/wp-json\/wp\/v2\/categories?post=310790"},{"taxonomy":"post_tag","embeddable":true,"href":"https:\/\/www.meydan.tv\/az\/wp-json\/wp\/v2\/tags?post=310790"}],"curies":[{"name":"wp","href":"https:\/\/api.w.org\/{rel}","templated":true}]}}