{"id":310731,"date":"2024-07-19T13:05:51","date_gmt":"2024-07-19T09:05:51","guid":{"rendered":"https:\/\/www.meydan.tv\/?p=310731"},"modified":"2024-07-19T13:05:55","modified_gmt":"2024-07-19T09:05:55","slug":"natiq-ceferli-hokumetin-hedefi-taksi-sayinin-azaldilmasi-olmamali-idi","status":"publish","type":"post","link":"https:\/\/www.meydan.tv\/az\/article\/natiq-ceferli-hokumetin-hedefi-taksi-sayinin-azaldilmasi-olmamali-idi\/","title":{"rendered":"Natiq C\u0259f\u0259rli: \u201cH\u00f6kum\u0259tin h\u0259d\u0259fi taksi say\u0131n\u0131n azald\u0131lmas\u0131 olmamal\u0131 idi\u201d"},"content":{"rendered":"\n<p><\/p>\n\n\n\n<p><strong><em>H\u00f6kum\u0259tin t\u0259nziml\u0259m\u0259si taksil\u0259rin say\u0131n\u0131 yar\u0131ya endirib<\/em><\/strong><\/p>\n\n\n\n<p>Bak\u0131da 35 min\u0259 yax\u0131n taksi f\u0259aliyy\u0259t g\u00f6st\u0259rir. Bu, \u0259vv\u0259lki zamana baxanda iki d\u0259f\u0259y\u0259 q\u0259d\u0259r azalm\u0131\u015f sayd\u0131r.<\/p>\n\n\n\n<p>R\u0259q\u0259msal inki\u015faf v\u0259 n\u0259qliyyat nazirinin m\u00fcavini R\u0259hman H\u00fcmm\u0259tov iyulun 19-da mobillik sah\u0259sind\u0259 qanunvericiliyin t\u0259kmill\u0259\u015fdirilm\u0259sin\u0259 dair brifinqd\u0259 bel\u0259 deyib.<\/p>\n\n\n\n<p>Bildirib ki, taksi sah\u0259sind\u0259 t\u0259nziml\u0259m\u0259l\u0259r davam etdiril\u0259c\u0259k.<\/p>\n\n\n\n<p>\u0130qtisad\u00e7\u0131 Natiq C\u0259f\u0259rli bildirir ki, h\u00f6kum\u0259tin h\u0259d\u0259fi taksi say\u0131n\u0131n azald\u0131lmas\u0131 olmamal\u0131 idi, m\u0259qs\u0259d taksi xidm\u0259tinin keyfiyy\u0259tinin artmas\u0131, m\u00fc\u015ft\u0259ri m\u0259mnuniyy\u0259ti, bu xidm\u0259tin \u0259m\u0259k m\u0259hsuldarl\u0131\u011f\u0131n\u0131n \u00f6lk\u0259d\u0259 artmas\u0131na t\u00f6hf\u0259si olmal\u0131d\u0131r.<\/p>\n\n\n\n<p><em>\u201cSizin f\u0259aliyy\u0259tiniz n\u0259tic\u0259sind\u0259 is\u0259 30-35 min insan \u00e7\u00f6r\u0259ksiz qald\u0131, i\u015fsizl\u0259r ordusuna qo\u015fuldu, qiym\u0259tl\u0259r 50 faiz\u0259 yax\u0131n artd\u0131, keyfiyy\u0259t is\u0259 a\u015fa\u011f\u0131 d\u00fc\u015fd\u00fc &#8211; \u0259vv\u0259l 4-5 d\u0259qiq\u0259y\u0259 g\u0259l\u0259n taksi, indi 20-25 d\u0259qiq\u0259y\u0259 g\u0259lir. Yax\u015f\u0131, m\u0259qs\u0259diniz n\u0259dir ki, h\u0259m i\u015fsizlik yaratd\u0131n\u0131z, h\u0259m qiym\u0259ti art\u0131rd\u0131n\u0131z, h\u0259m d\u0259 xidm\u0259t keyfiyy\u0259tini a\u015fa\u011f\u0131 \u00e7\u0259kdiniz?! Sizin h\u0259d\u0259fl\u0259r bu, olmamal\u0131 idi ax\u0131\u201d<\/em>.<\/p>\n\n\n\n<p>\u0130qtisad\u00e7\u0131 \u0259lav\u0259 edir ki, qada\u011falar bu f\u0259aliyy\u0259ti gizlin ed\u0259c\u0259k. M\u0259s\u0259l\u0259n, v\u0259t\u0259nda\u015flar da he\u00e7 bir r\u0259smi icaz\u0259 almadan qohum-qon\u015fuya, dost-tan\u0131\u015fa z\u0259ngl\u0259, mesajla xidm\u0259t g\u00f6st\u0259r\u0259c\u0259k. Bunu nec\u0259 t\u0259nziml\u0259y\u0259c\u0259kl\u0259r?<\/p>\n\n\n<div class=\"wp-block-image\">\n<figure class=\"alignleft size-large is-resized\"><img decoding=\"async\" width=\"1200\" height=\"696\" data-src=\"https:\/\/www.meydan.tv\/wp-content\/uploads\/image_from_ios_178-scaled-e1648798569981-1200x696.jpg\" alt=\"Natiq C\u0259f\u0259rli\" class=\"wp-image-210013 lazyload\" style=\"--smush-placeholder-width: 1200px; --smush-placeholder-aspect-ratio: 1200\/696;width:462px;height:auto\" src=\"data:image\/svg+xml;base64,PHN2ZyB3aWR0aD0iMSIgaGVpZ2h0PSIxIiB4bWxucz0iaHR0cDovL3d3dy53My5vcmcvMjAwMC9zdmciPjwvc3ZnPg==\" \/><figcaption class=\"wp-element-caption\">Natiq C\u0259f\u0259rli. Foto: Meydan TV<\/figcaption><\/figure>\n<\/div>\n\n\n<p><em>\u201cMa\u015f\u0131nda s\u00fcr\u00fcc\u00fcd\u0259n ba\u015fqa kims\u0259 olsa, onlar\u0131 bir-bir saxlay\u0131b sor\u011fu-suala tutacaqs\u0131z? H\u0259tta Vasif Tal\u0131bovun zaman\u0131nda Nax\u00e7\u0131vanda bel\u0259 s\u0259rt qaydalardan yan ke\u00e7irdil\u0259r, \u00f6z\u0259l taksi xidm\u0259ti m\u00fc\u015fr\u0259ti ma\u015f\u0131na \u0259yl\u0259\u015f\u0259nd\u0259 2-3 d\u0259qiq\u0259 \u00f6z\u00fc, k\u0259ndi, n\u0259sli haqq\u0131nda m\u0259lumat verirdi ki, bird\u0259n yolda saxlay\u0131b soru\u015fsalar \u201cqohum\u201d, tan\u0131\u015f oldu\u011funu s\u00fcbut etsinl\u0259r. Siz d\u0259 bu metoda ke\u00e7\u0259c\u0259ksiniz?! Bak\u0131da 1 milyon avtomobil var, h\u0259r g\u00fcn onlar\u0131 yoxlayacaqs\u0131n\u0131z?\u201d<\/em><\/p>\n\n\n\n<p>\u0130qtisad\u00e7\u0131 \u0259lav\u0259 edir ki, insanlar kefind\u0259n taksi s\u00fcrm\u00fcrd\u00fc, bu i\u015f \u00e7ox a\u011f\u0131rd\u0131, g\u00fcnd\u0259 15-16 saat i\u015fl\u0259yirdil\u0259r, y\u0259ni, ba\u015fqa qazanc, i\u015f yerl\u0259ri olsayd\u0131, taksi s\u00fcrm\u0259zdil\u0259r, indi bu 30-35 min v\u0259t\u0259nda\u015f n\u0259 ed\u0259c\u0259k, bilinmir:<\/p>\n\n\n\n<p><em>\u201cSiz m\u0259cbur edirsiniz ki, insanlar qanundank\u0259nar f\u0259aliyy\u0259t\u0259 ke\u00e7sinl\u0259r, b\u0259li, m\u0259hz siz onlar\u0131 bu add\u0131ma m\u0259cbur edirsiniz. Yax\u015f\u0131, t\u0259nziml\u0259m\u0259l\u0259ri davam etdirib n\u0259y\u0259 nail olacaqs\u0131n\u0131z? Bunu da a\u00e7\u0131qlay\u0131n, camaat i\u015fini bilsin\u201d<\/em>.<\/p>\n\n\n\n<p>Son bir ne\u00e7\u0259 ild\u0259 Az\u0259rbaycanda taksi f\u0259aliyy\u0259ti il\u0259 ba\u011fl\u0131 qanunvericiliy\u0259 bir s\u0131ra d\u0259yi\u015fiklikl\u0259r edilib. \u0130yulun 1-d\u0259n is\u0259 Nazirl\u0259r Kabinetinin q\u0259rar\u0131 il\u0259 taksi f\u0259aliyy\u0259ti il\u0259 ba\u011fl\u0131 \u0259lav\u0259 t\u0259l\u0259bl\u0259r q\u00fcvv\u0259y\u0259 minib. H\u0259min t\u0259l\u0259bl\u0259r\u0259 g\u00f6r\u0259, d\u00f6vl\u0259t qeydiyyat \u015f\u0259had\u0259tnam\u0259sind\u0259 burax\u0131l\u0131\u015f\u0131ndan 15 ild\u0259n art\u0131q ke\u00e7\u0259n avtomobil taksi f\u0259aliyy\u0259ti g\u00f6st\u0259r\u0259 bilm\u0259z. Bundan \u0259lav\u0259, s\u0259rni\u015finda\u015f\u0131mada istifad\u0259 olunan \u015f\u0259h\u0259rl\u0259raras\u0131 avton\u0259qliyyat vasit\u0259l\u0259rinin r\u0259ngi a\u011f, \u015f\u0259h\u0259rdaxili olanlar is\u0259 q\u0131rm\u0131z\u0131 olmal\u0131d\u0131r. Taksi minik avtomobill\u0259ri is\u0259 a\u011f v\u0259 ya q\u0131rm\u0131z\u0131 r\u0259ngl\u0259rd\u0259 olacaqlar.<\/p>\n\n\n\n<p>Dig\u0259r t\u0259l\u0259bl\u0259r\u0259 \u0259sas\u0259n, taksil\u0259r ABS \u0259yl\u0259c sistemi, tam hava t\u0259nziml\u0259yicisi (s\u0259rinl\u0259tm\u0259 v\u0259 isitm\u0259 funksiyal\u0131), s\u00fcr\u00fcc\u00fc v\u0259 b\u00fct\u00fcn s\u0259rni\u015finl\u0259r \u00fc\u00e7\u00fcn t\u0259hl\u00fck\u0259sizlik k\u0259m\u0259ri il\u0259 t\u0259chiz edilm\u0259lidir.<br>T\u0259l\u0259bl\u0259rd\u0259n biri d\u0259 odur ki, avtomobild\u0259 b\u00fct\u00fcn salonu \u0259hat\u0259 ed\u0259n v\u0259 qeyd\u0259 ald\u0131\u011f\u0131 m\u0259lumatlar\u0131 az\u0131 1 ay saxlaya bil\u0259n videokameralar olmal\u0131d\u0131r.<\/p>\n\n\n\n<p>Taksi avtomobill\u0259ri \u0259n az\u0131 &#8220;Avro-5&#8221; ekoloji standart\u0131na uy\u011fun olmal\u0131d\u0131r.<\/p>\n\n\n\n<p>B\u00fct\u00fcn bu t\u0259l\u0259bl\u0259rd\u0259n sonra \u00f6lk\u0259 \u0259razisind\u0259 h\u0259m taksi f\u0259aliyy\u0259tinin qiym\u0259ti qalx\u0131b, h\u0259m d\u0259 bu i\u015fi g\u00f6r\u0259nl\u0259rin say\u0131 azal\u0131b.<\/p>\n\n\n\n<p>H\u0259tta Az\u0259rbaycanda bir m\u00fcdd\u0259t \u00f6nc\u0259 izinsiz taksi f\u0259aliyy\u0259ti il\u0259 m\u0259\u015f\u011ful olanlara qar\u015f\u0131 inzibati t\u0259nbeh t\u0259dbirl\u0259ri h\u0259yata ke\u00e7iril\u0259c\u0259yi il\u0259 ba\u011fl\u0131 q\u0259rar q\u0259bul edilib.<\/p>\n","protected":false},"excerpt":{"rendered":"<p>H\u00f6kum\u0259tin t\u0259nziml\u0259m\u0259si taksil\u0259rin say\u0131n\u0131 yar\u0131ya endirib Bak\u0131da 35 min\u0259 yax\u0131n &#8230; <\/p>\n<p class=\"read-more-container\"><a title=\"Natiq C\u0259f\u0259rli: \u201cH\u00f6kum\u0259tin h\u0259d\u0259fi taksi say\u0131n\u0131n azald\u0131lmas\u0131 olmamal\u0131 idi\u201d\" class=\"read-more button\" href=\"https:\/\/www.meydan.tv\/az\/article\/natiq-ceferli-hokumetin-hedefi-taksi-sayinin-azaldilmasi-olmamali-idi\/#more-310731\" aria-label=\"Read more about Natiq C\u0259f\u0259rli: \u201cH\u00f6kum\u0259tin h\u0259d\u0259fi taksi say\u0131n\u0131n azald\u0131lmas\u0131 olmamal\u0131 idi\u201d\">Davam\u0131<\/a><\/p>\n","protected":false},"author":21,"featured_media":277290,"comment_status":"closed","ping_status":"closed","sticky":false,"template":"","format":"standard","meta":{"_acf_changed":false,"_sitemap_exclude":false,"_sitemap_priority":"","_sitemap_frequency":"","footnotes":""},"categories":[62,79,56],"tags":[],"class_list":["post-310731","post","type-post","status-publish","format-standard","has-post-thumbnail","hentry","category-sosial","category-featured","category-xeberler","infinite-scroll-item","generate-columns","tablet-grid-50","mobile-grid-100","grid-parent","grid-33","no-featured-image-padding"],"acf":[],"yoast_head":"<!-- This site is optimized with the Yoast SEO plugin v27.5 - https:\/\/yoast.com\/product\/yoast-seo-wordpress\/ -->\n<title>\u201cH\u00f6kum\u0259tin h\u0259d\u0259fi taksi say\u0131n\u0131n azald\u0131lmas\u0131 olmamal\u0131 idi\u201d<\/title>\n<meta name=\"description\" content=\"Bak\u0131da 35 min\u0259 yax\u0131n taksi f\u0259aliyy\u0259t g\u00f6st\u0259rir. Bu, \u0259vv\u0259lki zamana baxanda iki d\u0259f\u0259y\u0259 q\u0259d\u0259r azalm\u0131\u015f sayd\u0131r.\" \/>\n<meta name=\"robots\" content=\"index, follow, max-snippet:-1, max-image-preview:large, max-video-preview:-1\" \/>\n<link rel=\"canonical\" href=\"https:\/\/www.meydan.tv\/az\/article\/natiq-ceferli-hokumetin-hedefi-taksi-sayinin-azaldilmasi-olmamali-idi\/\" \/>\n<meta property=\"og:locale\" content=\"az_AZ\" \/>\n<meta property=\"og:type\" content=\"article\" \/>\n<meta property=\"og:title\" content=\"\u201cH\u00f6kum\u0259tin h\u0259d\u0259fi taksi say\u0131n\u0131n azald\u0131lmas\u0131 olmamal\u0131 idi\u201d\" \/>\n<meta property=\"og:description\" content=\"Bak\u0131da 35 min\u0259 yax\u0131n taksi f\u0259aliyy\u0259t g\u00f6st\u0259rir. Bu, \u0259vv\u0259lki zamana baxanda iki d\u0259f\u0259y\u0259 q\u0259d\u0259r azalm\u0131\u015f sayd\u0131r.\" \/>\n<meta property=\"og:url\" content=\"https:\/\/www.meydan.tv\/az\/article\/natiq-ceferli-hokumetin-hedefi-taksi-sayinin-azaldilmasi-olmamali-idi\/\" \/>\n<meta property=\"og:site_name\" content=\"MEYDAN.TV\" \/>\n<meta property=\"article:published_time\" content=\"2024-07-19T09:05:51+00:00\" \/>\n<meta property=\"article:modified_time\" content=\"2024-07-19T09:05:55+00:00\" \/>\n<meta property=\"og:image\" content=\"https:\/\/www.meydan.tv\/wp-content\/uploads\/shutterstock_1999280993.jpg\" \/>\n\t<meta property=\"og:image:width\" content=\"1200\" \/>\n\t<meta property=\"og:image:height\" content=\"794\" \/>\n\t<meta property=\"og:image:type\" content=\"image\/jpeg\" \/>\n<meta name=\"author\" content=\"mahmud\" \/>\n<meta name=\"twitter:card\" content=\"summary_large_image\" \/>\n<script type=\"application\/ld+json\" class=\"yoast-schema-graph\">{\"@context\":\"https:\\\/\\\/schema.org\",\"@graph\":[{\"@type\":\"Article\",\"@id\":\"https:\\\/\\\/www.meydan.tv\\\/az\\\/article\\\/natiq-ceferli-hokumetin-hedefi-taksi-sayinin-azaldilmasi-olmamali-idi\\\/#article\",\"isPartOf\":{\"@id\":\"https:\\\/\\\/www.meydan.tv\\\/az\\\/article\\\/natiq-ceferli-hokumetin-hedefi-taksi-sayinin-azaldilmasi-olmamali-idi\\\/\"},\"author\":{\"name\":\"mahmud\",\"@id\":\"https:\\\/\\\/www.meydan.tv\\\/az\\\/#\\\/schema\\\/person\\\/09863e516102a829e72bedcf3f84c6b0\"},\"headline\":\"Natiq C\u0259f\u0259rli: \u201cH\u00f6kum\u0259tin h\u0259d\u0259fi taksi say\u0131n\u0131n azald\u0131lmas\u0131 olmamal\u0131 idi\u201d\",\"datePublished\":\"2024-07-19T09:05:51+00:00\",\"dateModified\":\"2024-07-19T09:05:55+00:00\",\"mainEntityOfPage\":{\"@id\":\"https:\\\/\\\/www.meydan.tv\\\/az\\\/article\\\/natiq-ceferli-hokumetin-hedefi-taksi-sayinin-azaldilmasi-olmamali-idi\\\/\"},\"wordCount\":799,\"publisher\":{\"@id\":\"https:\\\/\\\/www.meydan.tv\\\/az\\\/#organization\"},\"image\":{\"@id\":\"https:\\\/\\\/www.meydan.tv\\\/az\\\/article\\\/natiq-ceferli-hokumetin-hedefi-taksi-sayinin-azaldilmasi-olmamali-idi\\\/#primaryimage\"},\"thumbnailUrl\":\"https:\\\/\\\/www.meydan.tv\\\/wp-content\\\/uploads\\\/shutterstock_1999280993.jpg\",\"articleSection\":[\"Sosial\",\"T\u00f6vsiy\u0259\",\"X\u0259b\u0259rl\u0259r\"],\"inLanguage\":\"az\"},{\"@type\":\"WebPage\",\"@id\":\"https:\\\/\\\/www.meydan.tv\\\/az\\\/article\\\/natiq-ceferli-hokumetin-hedefi-taksi-sayinin-azaldilmasi-olmamali-idi\\\/\",\"url\":\"https:\\\/\\\/www.meydan.tv\\\/az\\\/article\\\/natiq-ceferli-hokumetin-hedefi-taksi-sayinin-azaldilmasi-olmamali-idi\\\/\",\"name\":\"\u201cH\u00f6kum\u0259tin h\u0259d\u0259fi taksi say\u0131n\u0131n azald\u0131lmas\u0131 olmamal\u0131 idi\u201d\",\"isPartOf\":{\"@id\":\"https:\\\/\\\/www.meydan.tv\\\/az\\\/#website\"},\"primaryImageOfPage\":{\"@id\":\"https:\\\/\\\/www.meydan.tv\\\/az\\\/article\\\/natiq-ceferli-hokumetin-hedefi-taksi-sayinin-azaldilmasi-olmamali-idi\\\/#primaryimage\"},\"image\":{\"@id\":\"https:\\\/\\\/www.meydan.tv\\\/az\\\/article\\\/natiq-ceferli-hokumetin-hedefi-taksi-sayinin-azaldilmasi-olmamali-idi\\\/#primaryimage\"},\"thumbnailUrl\":\"https:\\\/\\\/www.meydan.tv\\\/wp-content\\\/uploads\\\/shutterstock_1999280993.jpg\",\"datePublished\":\"2024-07-19T09:05:51+00:00\",\"dateModified\":\"2024-07-19T09:05:55+00:00\",\"description\":\"Bak\u0131da 35 min\u0259 yax\u0131n taksi f\u0259aliyy\u0259t g\u00f6st\u0259rir. Bu, \u0259vv\u0259lki zamana baxanda iki d\u0259f\u0259y\u0259 q\u0259d\u0259r azalm\u0131\u015f sayd\u0131r.\",\"breadcrumb\":{\"@id\":\"https:\\\/\\\/www.meydan.tv\\\/az\\\/article\\\/natiq-ceferli-hokumetin-hedefi-taksi-sayinin-azaldilmasi-olmamali-idi\\\/#breadcrumb\"},\"inLanguage\":\"az\",\"potentialAction\":[{\"@type\":\"ReadAction\",\"target\":[\"https:\\\/\\\/www.meydan.tv\\\/az\\\/article\\\/natiq-ceferli-hokumetin-hedefi-taksi-sayinin-azaldilmasi-olmamali-idi\\\/\"]}]},{\"@type\":\"ImageObject\",\"inLanguage\":\"az\",\"@id\":\"https:\\\/\\\/www.meydan.tv\\\/az\\\/article\\\/natiq-ceferli-hokumetin-hedefi-taksi-sayinin-azaldilmasi-olmamali-idi\\\/#primaryimage\",\"url\":\"https:\\\/\\\/www.meydan.tv\\\/wp-content\\\/uploads\\\/shutterstock_1999280993.jpg\",\"contentUrl\":\"https:\\\/\\\/www.meydan.tv\\\/wp-content\\\/uploads\\\/shutterstock_1999280993.jpg\",\"width\":1200,\"height\":794,\"caption\":\"Taksi. Foto: natatravel\\\/shutterstock\"},{\"@type\":\"BreadcrumbList\",\"@id\":\"https:\\\/\\\/www.meydan.tv\\\/az\\\/article\\\/natiq-ceferli-hokumetin-hedefi-taksi-sayinin-azaldilmasi-olmamali-idi\\\/#breadcrumb\",\"itemListElement\":[{\"@type\":\"ListItem\",\"position\":1,\"name\":\"Ana s\u0259hif\u0259\",\"item\":\"https:\\\/\\\/www.meydan.tv\\\/az\\\/\"},{\"@type\":\"ListItem\",\"position\":2,\"name\":\"Sosial\",\"item\":\"https:\\\/\\\/www.meydan.tv\\\/az\\\/section\\\/sosial\\\/\"},{\"@type\":\"ListItem\",\"position\":3,\"name\":\"Natiq C\u0259f\u0259rli: \u201cH\u00f6kum\u0259tin h\u0259d\u0259fi taksi say\u0131n\u0131n azald\u0131lmas\u0131 olmamal\u0131 idi\u201d\"}]},{\"@type\":\"WebSite\",\"@id\":\"https:\\\/\\\/www.meydan.tv\\\/az\\\/#website\",\"url\":\"https:\\\/\\\/www.meydan.tv\\\/az\\\/\",\"name\":\"MEYDAN.TV\",\"description\":\"Meydan TV Az\u0259rbaycan\u0131n media m\u0259kan\u0131ndak\u0131 alternativ s\u0259sidir\",\"publisher\":{\"@id\":\"https:\\\/\\\/www.meydan.tv\\\/az\\\/#organization\"},\"potentialAction\":[{\"@type\":\"SearchAction\",\"target\":{\"@type\":\"EntryPoint\",\"urlTemplate\":\"https:\\\/\\\/www.meydan.tv\\\/az\\\/?s={search_term_string}\"},\"query-input\":{\"@type\":\"PropertyValueSpecification\",\"valueRequired\":true,\"valueName\":\"search_term_string\"}}],\"inLanguage\":\"az\"},{\"@type\":\"Organization\",\"@id\":\"https:\\\/\\\/www.meydan.tv\\\/az\\\/#organization\",\"name\":\"Meydan TV\",\"url\":\"https:\\\/\\\/www.meydan.tv\\\/az\\\/\",\"logo\":{\"@type\":\"ImageObject\",\"inLanguage\":\"az\",\"@id\":\"https:\\\/\\\/www.meydan.tv\\\/az\\\/#\\\/schema\\\/logo\\\/image\\\/\",\"url\":\"https:\\\/\\\/www.meydan.tv\\\/wp-content\\\/uploads\\\/2021\\\/07\\\/meydan-logo.svg\",\"contentUrl\":\"https:\\\/\\\/www.meydan.tv\\\/wp-content\\\/uploads\\\/2021\\\/07\\\/meydan-logo.svg\",\"width\":195,\"height\":46,\"caption\":\"Meydan TV\"},\"image\":{\"@id\":\"https:\\\/\\\/www.meydan.tv\\\/az\\\/#\\\/schema\\\/logo\\\/image\\\/\"}},{\"@type\":\"Person\",\"@id\":\"https:\\\/\\\/www.meydan.tv\\\/az\\\/#\\\/schema\\\/person\\\/09863e516102a829e72bedcf3f84c6b0\",\"name\":\"mahmud\"}]}<\/script>\n<!-- \/ Yoast SEO plugin. -->","yoast_head_json":{"title":"\u201cH\u00f6kum\u0259tin h\u0259d\u0259fi taksi say\u0131n\u0131n azald\u0131lmas\u0131 olmamal\u0131 idi\u201d","description":"Bak\u0131da 35 min\u0259 yax\u0131n taksi f\u0259aliyy\u0259t g\u00f6st\u0259rir. Bu, \u0259vv\u0259lki zamana baxanda iki d\u0259f\u0259y\u0259 q\u0259d\u0259r azalm\u0131\u015f sayd\u0131r.","robots":{"index":"index","follow":"follow","max-snippet":"max-snippet:-1","max-image-preview":"max-image-preview:large","max-video-preview":"max-video-preview:-1"},"canonical":"https:\/\/www.meydan.tv\/az\/article\/natiq-ceferli-hokumetin-hedefi-taksi-sayinin-azaldilmasi-olmamali-idi\/","og_locale":"az_AZ","og_type":"article","og_title":"\u201cH\u00f6kum\u0259tin h\u0259d\u0259fi taksi say\u0131n\u0131n azald\u0131lmas\u0131 olmamal\u0131 idi\u201d","og_description":"Bak\u0131da 35 min\u0259 yax\u0131n taksi f\u0259aliyy\u0259t g\u00f6st\u0259rir. Bu, \u0259vv\u0259lki zamana baxanda iki d\u0259f\u0259y\u0259 q\u0259d\u0259r azalm\u0131\u015f sayd\u0131r.","og_url":"https:\/\/www.meydan.tv\/az\/article\/natiq-ceferli-hokumetin-hedefi-taksi-sayinin-azaldilmasi-olmamali-idi\/","og_site_name":"MEYDAN.TV","article_published_time":"2024-07-19T09:05:51+00:00","article_modified_time":"2024-07-19T09:05:55+00:00","og_image":[{"width":1200,"height":794,"url":"https:\/\/www.meydan.tv\/wp-content\/uploads\/shutterstock_1999280993.jpg","type":"image\/jpeg"}],"author":"mahmud","twitter_card":"summary_large_image","schema":{"@context":"https:\/\/schema.org","@graph":[{"@type":"Article","@id":"https:\/\/www.meydan.tv\/az\/article\/natiq-ceferli-hokumetin-hedefi-taksi-sayinin-azaldilmasi-olmamali-idi\/#article","isPartOf":{"@id":"https:\/\/www.meydan.tv\/az\/article\/natiq-ceferli-hokumetin-hedefi-taksi-sayinin-azaldilmasi-olmamali-idi\/"},"author":{"name":"mahmud","@id":"https:\/\/www.meydan.tv\/az\/#\/schema\/person\/09863e516102a829e72bedcf3f84c6b0"},"headline":"Natiq C\u0259f\u0259rli: \u201cH\u00f6kum\u0259tin h\u0259d\u0259fi taksi say\u0131n\u0131n azald\u0131lmas\u0131 olmamal\u0131 idi\u201d","datePublished":"2024-07-19T09:05:51+00:00","dateModified":"2024-07-19T09:05:55+00:00","mainEntityOfPage":{"@id":"https:\/\/www.meydan.tv\/az\/article\/natiq-ceferli-hokumetin-hedefi-taksi-sayinin-azaldilmasi-olmamali-idi\/"},"wordCount":799,"publisher":{"@id":"https:\/\/www.meydan.tv\/az\/#organization"},"image":{"@id":"https:\/\/www.meydan.tv\/az\/article\/natiq-ceferli-hokumetin-hedefi-taksi-sayinin-azaldilmasi-olmamali-idi\/#primaryimage"},"thumbnailUrl":"https:\/\/www.meydan.tv\/wp-content\/uploads\/shutterstock_1999280993.jpg","articleSection":["Sosial","T\u00f6vsiy\u0259","X\u0259b\u0259rl\u0259r"],"inLanguage":"az"},{"@type":"WebPage","@id":"https:\/\/www.meydan.tv\/az\/article\/natiq-ceferli-hokumetin-hedefi-taksi-sayinin-azaldilmasi-olmamali-idi\/","url":"https:\/\/www.meydan.tv\/az\/article\/natiq-ceferli-hokumetin-hedefi-taksi-sayinin-azaldilmasi-olmamali-idi\/","name":"\u201cH\u00f6kum\u0259tin h\u0259d\u0259fi taksi say\u0131n\u0131n azald\u0131lmas\u0131 olmamal\u0131 idi\u201d","isPartOf":{"@id":"https:\/\/www.meydan.tv\/az\/#website"},"primaryImageOfPage":{"@id":"https:\/\/www.meydan.tv\/az\/article\/natiq-ceferli-hokumetin-hedefi-taksi-sayinin-azaldilmasi-olmamali-idi\/#primaryimage"},"image":{"@id":"https:\/\/www.meydan.tv\/az\/article\/natiq-ceferli-hokumetin-hedefi-taksi-sayinin-azaldilmasi-olmamali-idi\/#primaryimage"},"thumbnailUrl":"https:\/\/www.meydan.tv\/wp-content\/uploads\/shutterstock_1999280993.jpg","datePublished":"2024-07-19T09:05:51+00:00","dateModified":"2024-07-19T09:05:55+00:00","description":"Bak\u0131da 35 min\u0259 yax\u0131n taksi f\u0259aliyy\u0259t g\u00f6st\u0259rir. Bu, \u0259vv\u0259lki zamana baxanda iki d\u0259f\u0259y\u0259 q\u0259d\u0259r azalm\u0131\u015f sayd\u0131r.","breadcrumb":{"@id":"https:\/\/www.meydan.tv\/az\/article\/natiq-ceferli-hokumetin-hedefi-taksi-sayinin-azaldilmasi-olmamali-idi\/#breadcrumb"},"inLanguage":"az","potentialAction":[{"@type":"ReadAction","target":["https:\/\/www.meydan.tv\/az\/article\/natiq-ceferli-hokumetin-hedefi-taksi-sayinin-azaldilmasi-olmamali-idi\/"]}]},{"@type":"ImageObject","inLanguage":"az","@id":"https:\/\/www.meydan.tv\/az\/article\/natiq-ceferli-hokumetin-hedefi-taksi-sayinin-azaldilmasi-olmamali-idi\/#primaryimage","url":"https:\/\/www.meydan.tv\/wp-content\/uploads\/shutterstock_1999280993.jpg","contentUrl":"https:\/\/www.meydan.tv\/wp-content\/uploads\/shutterstock_1999280993.jpg","width":1200,"height":794,"caption":"Taksi. Foto: natatravel\/shutterstock"},{"@type":"BreadcrumbList","@id":"https:\/\/www.meydan.tv\/az\/article\/natiq-ceferli-hokumetin-hedefi-taksi-sayinin-azaldilmasi-olmamali-idi\/#breadcrumb","itemListElement":[{"@type":"ListItem","position":1,"name":"Ana s\u0259hif\u0259","item":"https:\/\/www.meydan.tv\/az\/"},{"@type":"ListItem","position":2,"name":"Sosial","item":"https:\/\/www.meydan.tv\/az\/section\/sosial\/"},{"@type":"ListItem","position":3,"name":"Natiq C\u0259f\u0259rli: \u201cH\u00f6kum\u0259tin h\u0259d\u0259fi taksi say\u0131n\u0131n azald\u0131lmas\u0131 olmamal\u0131 idi\u201d"}]},{"@type":"WebSite","@id":"https:\/\/www.meydan.tv\/az\/#website","url":"https:\/\/www.meydan.tv\/az\/","name":"MEYDAN.TV","description":"Meydan TV Az\u0259rbaycan\u0131n media m\u0259kan\u0131ndak\u0131 alternativ s\u0259sidir","publisher":{"@id":"https:\/\/www.meydan.tv\/az\/#organization"},"potentialAction":[{"@type":"SearchAction","target":{"@type":"EntryPoint","urlTemplate":"https:\/\/www.meydan.tv\/az\/?s={search_term_string}"},"query-input":{"@type":"PropertyValueSpecification","valueRequired":true,"valueName":"search_term_string"}}],"inLanguage":"az"},{"@type":"Organization","@id":"https:\/\/www.meydan.tv\/az\/#organization","name":"Meydan TV","url":"https:\/\/www.meydan.tv\/az\/","logo":{"@type":"ImageObject","inLanguage":"az","@id":"https:\/\/www.meydan.tv\/az\/#\/schema\/logo\/image\/","url":"https:\/\/www.meydan.tv\/wp-content\/uploads\/2021\/07\/meydan-logo.svg","contentUrl":"https:\/\/www.meydan.tv\/wp-content\/uploads\/2021\/07\/meydan-logo.svg","width":195,"height":46,"caption":"Meydan TV"},"image":{"@id":"https:\/\/www.meydan.tv\/az\/#\/schema\/logo\/image\/"}},{"@type":"Person","@id":"https:\/\/www.meydan.tv\/az\/#\/schema\/person\/09863e516102a829e72bedcf3f84c6b0","name":"mahmud"}]}},"_links":{"self":[{"href":"https:\/\/www.meydan.tv\/az\/wp-json\/wp\/v2\/posts\/310731","targetHints":{"allow":["GET"]}}],"collection":[{"href":"https:\/\/www.meydan.tv\/az\/wp-json\/wp\/v2\/posts"}],"about":[{"href":"https:\/\/www.meydan.tv\/az\/wp-json\/wp\/v2\/types\/post"}],"author":[{"embeddable":true,"href":"https:\/\/www.meydan.tv\/az\/wp-json\/wp\/v2\/users\/21"}],"replies":[{"embeddable":true,"href":"https:\/\/www.meydan.tv\/az\/wp-json\/wp\/v2\/comments?post=310731"}],"version-history":[{"count":1,"href":"https:\/\/www.meydan.tv\/az\/wp-json\/wp\/v2\/posts\/310731\/revisions"}],"predecessor-version":[{"id":310732,"href":"https:\/\/www.meydan.tv\/az\/wp-json\/wp\/v2\/posts\/310731\/revisions\/310732"}],"wp:featuredmedia":[{"embeddable":true,"href":"https:\/\/www.meydan.tv\/az\/wp-json\/wp\/v2\/media\/277290"}],"wp:attachment":[{"href":"https:\/\/www.meydan.tv\/az\/wp-json\/wp\/v2\/media?parent=310731"}],"wp:term":[{"taxonomy":"category","embeddable":true,"href":"https:\/\/www.meydan.tv\/az\/wp-json\/wp\/v2\/categories?post=310731"},{"taxonomy":"post_tag","embeddable":true,"href":"https:\/\/www.meydan.tv\/az\/wp-json\/wp\/v2\/tags?post=310731"}],"curies":[{"name":"wp","href":"https:\/\/api.w.org\/{rel}","templated":true}]}}