{"id":310697,"date":"2024-07-19T00:08:04","date_gmt":"2024-07-18T20:08:04","guid":{"rendered":"https:\/\/www.meydan.tv\/?p=310697"},"modified":"2024-07-19T00:33:36","modified_gmt":"2024-07-18T20:33:36","slug":"vekil-adem-memmedov-teqsirlendirilen-sexs-oldu","status":"publish","type":"post","link":"https:\/\/www.meydan.tv\/az\/article\/vekil-adem-memmedov-teqsirlendirilen-sexs-oldu\/","title":{"rendered":"V\u0259kil Ad\u0259m M\u0259mm\u0259dov t\u0259qsirl\u0259ndiril\u0259n \u015f\u0259xs oldu"},"content":{"rendered":"\n<p><\/p>\n\n\n\n<p><strong><em>X\u00fcsusi ittiham\u00e7\u0131 is\u0259 ba\u015fqa bir v\u0259kil Ceyhun Yusifovdur<\/em><\/strong><\/p>\n\n\n\n<p>V\u0259kil Ad\u0259m M\u0259mm\u0259dov v\u0259 qarda\u015f\u0131 X\u0259yyam M\u0259mm\u0259dov t\u0259qsirl\u0259ndiril\u0259n \u015f\u0259xs qismind\u0259 tan\u0131n\u0131b. \u0130yulun 18-d\u0259 N\u0259rimanov Rayon M\u0259hk\u0259m\u0259sind\u0259 onlara qar\u015f\u0131 x\u00fcsusi ittiham qaydas\u0131nda qald\u0131r\u0131lm\u0131\u015f iddia \u00fczr\u0259 m\u0259hk\u0259m\u0259nin haz\u0131rl\u0131q iclas\u0131nda buna q\u0259rar verilib.<\/p>\n\n\n\n<p>S\u00f6z\u00fcged\u0259n m\u0259hk\u0259m\u0259 i\u015fi t\u0259hqir v\u0259 b\u00f6htanla ba\u011fl\u0131d\u0131r. X\u00fcsusi ittiham\u00e7\u0131 is\u0259 ba\u015fqa bir v\u0259kil Ceyhun Yusifovdur. Ad\u0131\u00e7\u0259kil\u0259n v\u0259kil Ad\u0259m M\u0259mm\u0259dov v\u0259 qarda\u015f\u0131n\u0131 ona b\u00f6htan atmaqda, i\u015fg\u00fczar n\u00fcfuzuna z\u0259rb\u0259 vurmaqda ittiham edir.<\/p>\n\n\n\n<p>Ceyhun Yusifov m\u0259hk\u0259m\u0259d\u0259n Ad\u0259m v\u0259 X\u0259yyam M\u0259mm\u0259dov qarda\u015flar\u0131n\u0131n 147.2 (a\u011f\u0131r cinay\u0259td\u0259 ittiham etm\u0259kl\u0259 b\u00f6htan atma) v\u0259 148-ci (t\u0259hqir) madd\u0259l\u0259ril\u0259 c\u0259zaland\u0131r\u0131lmas\u0131n\u0131 ist\u0259yir. Ceyhun Yusifov iddia edir ki, Ad\u0259m M\u0259mm\u0259dov v\u0259 qarda\u015f\u0131n\u0131n r\u0259hb\u0259rlik etdiyi saytda onun n\u00fcfuzuna x\u0259l\u0259l g\u0259tir\u0259n m\u0259lumat yay\u0131mlan\u0131b. Daha sonra ba\u015fqa internet resurslar\u0131 da h\u0259min x\u0259b\u0259ri oradan g\u00f6t\u00fcr\u00fcb tirajlay\u0131b.<\/p>\n\n\n\n<p>Ad\u0259m M\u0259mm\u0259dov v\u0259 qar\u015f\u0131 ittiham\u0131 q\u0259bul etmir. Onlar iddiaya etiraz ed\u0259r\u0259k, onun icraata g\u00f6t\u00fcr\u00fcl\u00fcb bax\u0131lmas\u0131na etiraz edibl\u0259r.<\/p>\n\n\n\n<p>\u0130yulun 18-d\u0259 bu i\u015f \u00fczr\u0259 m\u0259hk\u0259m\u0259nin haz\u0131rl\u0131q iclas\u0131n\u0131n yekununda hakim V\u00fcsal Qurbanov x\u00fcsusi ittiham qaydas\u0131nda qald\u0131r\u0131lm\u0131\u015f iddiaya bax\u0131lmas\u0131na, Ad\u0259m v\u0259 X\u0259yyam M\u0259mm\u0259dovlar\u0131n t\u0259qsirl\u0259ndiril\u0259n \u015f\u0259xs, Ceyhun Yusifovun is\u0259 x\u00fcsusi ittiham\u00e7\u0131 qismind\u0259 tan\u0131nmas\u0131na q\u0259rar verib.<\/p>\n\n\n\n<p>M\u0259s\u0259l\u0259nin mahiyy\u0259til\u0259 ba\u011fl\u0131 m\u0259hk\u0259m\u0259 ara\u015fd\u0131rmalar\u0131 iyulun 25-d\u0259 ke\u00e7iril\u0259c\u0259k n\u00f6vb\u0259ti m\u0259hk\u0259m\u0259 iclas\u0131nda ba\u015flayacaq.<\/p>\n","protected":false},"excerpt":{"rendered":"<p>X\u00fcsusi ittiham\u00e7\u0131 is\u0259 ba\u015fqa bir v\u0259kil Ceyhun Yusifovdur V\u0259kil Ad\u0259m &#8230; <\/p>\n<p class=\"read-more-container\"><a title=\"V\u0259kil Ad\u0259m M\u0259mm\u0259dov t\u0259qsirl\u0259ndiril\u0259n \u015f\u0259xs oldu\" class=\"read-more button\" href=\"https:\/\/www.meydan.tv\/az\/article\/vekil-adem-memmedov-teqsirlendirilen-sexs-oldu\/#more-310697\" aria-label=\"Read more about V\u0259kil Ad\u0259m M\u0259mm\u0259dov t\u0259qsirl\u0259ndiril\u0259n \u015f\u0259xs oldu\">Davam\u0131<\/a><\/p>\n","protected":false},"author":8,"featured_media":310698,"comment_status":"closed","ping_status":"closed","sticky":false,"template":"","format":"standard","meta":{"_acf_changed":false,"_sitemap_exclude":false,"_sitemap_priority":"","_sitemap_frequency":"","footnotes":""},"categories":[62,56],"tags":[],"class_list":["post-310697","post","type-post","status-publish","format-standard","has-post-thumbnail","hentry","category-sosial","category-xeberler","infinite-scroll-item","generate-columns","tablet-grid-50","mobile-grid-100","grid-parent","grid-33","no-featured-image-padding"],"acf":[],"yoast_head":"<!-- This site is optimized with the Yoast SEO plugin v27.5 - https:\/\/yoast.com\/product\/yoast-seo-wordpress\/ -->\n<title>V\u0259kil Ad\u0259m M\u0259mm\u0259dov t\u0259qsirl\u0259ndiril\u0259n \u015f\u0259xs oldu - MEYDAN.TV<\/title>\n<meta name=\"description\" content=\"X\u00fcsusi ittiham\u00e7\u0131 is\u0259 ba\u015fqa bir v\u0259kil Ceyhun Yusifovdur\" \/>\n<meta name=\"robots\" content=\"index, follow, max-snippet:-1, max-image-preview:large, max-video-preview:-1\" \/>\n<link rel=\"canonical\" href=\"https:\/\/www.meydan.tv\/az\/article\/vekil-adem-memmedov-teqsirlendirilen-sexs-oldu\/\" \/>\n<meta property=\"og:locale\" content=\"az_AZ\" \/>\n<meta property=\"og:type\" content=\"article\" \/>\n<meta property=\"og:title\" content=\"V\u0259kil Ad\u0259m M\u0259mm\u0259dov t\u0259qsirl\u0259ndiril\u0259n \u015f\u0259xs oldu - MEYDAN.TV\" \/>\n<meta property=\"og:description\" content=\"X\u00fcsusi ittiham\u00e7\u0131 is\u0259 ba\u015fqa bir v\u0259kil Ceyhun Yusifovdur\" \/>\n<meta property=\"og:url\" content=\"https:\/\/www.meydan.tv\/az\/article\/vekil-adem-memmedov-teqsirlendirilen-sexs-oldu\/\" \/>\n<meta property=\"og:site_name\" content=\"MEYDAN.TV\" \/>\n<meta property=\"article:published_time\" content=\"2024-07-18T20:08:04+00:00\" \/>\n<meta property=\"article:modified_time\" content=\"2024-07-18T20:33:36+00:00\" \/>\n<meta property=\"og:image\" content=\"https:\/\/www.meydan.tv\/wp-content\/uploads\/13076646_1694482344165909_6630039812877454950_n.jpg\" \/>\n\t<meta property=\"og:image:width\" content=\"1200\" \/>\n\t<meta property=\"og:image:height\" content=\"863\" \/>\n\t<meta property=\"og:image:type\" content=\"image\/jpeg\" \/>\n<meta name=\"author\" content=\"elli\" \/>\n<meta name=\"twitter:card\" content=\"summary_large_image\" \/>\n<meta name=\"twitter:creator\" content=\"@elli\" \/>\n<script type=\"application\/ld+json\" class=\"yoast-schema-graph\">{\"@context\":\"https:\\\/\\\/schema.org\",\"@graph\":[{\"@type\":\"Article\",\"@id\":\"https:\\\/\\\/www.meydan.tv\\\/az\\\/article\\\/vekil-adem-memmedov-teqsirlendirilen-sexs-oldu\\\/#article\",\"isPartOf\":{\"@id\":\"https:\\\/\\\/www.meydan.tv\\\/az\\\/article\\\/vekil-adem-memmedov-teqsirlendirilen-sexs-oldu\\\/\"},\"author\":{\"name\":\"elli\",\"@id\":\"https:\\\/\\\/www.meydan.tv\\\/az\\\/#\\\/schema\\\/person\\\/9cdbecf90d17180ce1dfbd95b08dcf47\"},\"headline\":\"V\u0259kil Ad\u0259m M\u0259mm\u0259dov t\u0259qsirl\u0259ndiril\u0259n \u015f\u0259xs oldu\",\"datePublished\":\"2024-07-18T20:08:04+00:00\",\"dateModified\":\"2024-07-18T20:33:36+00:00\",\"mainEntityOfPage\":{\"@id\":\"https:\\\/\\\/www.meydan.tv\\\/az\\\/article\\\/vekil-adem-memmedov-teqsirlendirilen-sexs-oldu\\\/\"},\"wordCount\":351,\"publisher\":{\"@id\":\"https:\\\/\\\/www.meydan.tv\\\/az\\\/#organization\"},\"image\":{\"@id\":\"https:\\\/\\\/www.meydan.tv\\\/az\\\/article\\\/vekil-adem-memmedov-teqsirlendirilen-sexs-oldu\\\/#primaryimage\"},\"thumbnailUrl\":\"https:\\\/\\\/www.meydan.tv\\\/wp-content\\\/uploads\\\/13076646_1694482344165909_6630039812877454950_n.jpg\",\"articleSection\":[\"Sosial\",\"X\u0259b\u0259rl\u0259r\"],\"inLanguage\":\"az\"},{\"@type\":\"WebPage\",\"@id\":\"https:\\\/\\\/www.meydan.tv\\\/az\\\/article\\\/vekil-adem-memmedov-teqsirlendirilen-sexs-oldu\\\/\",\"url\":\"https:\\\/\\\/www.meydan.tv\\\/az\\\/article\\\/vekil-adem-memmedov-teqsirlendirilen-sexs-oldu\\\/\",\"name\":\"V\u0259kil Ad\u0259m M\u0259mm\u0259dov t\u0259qsirl\u0259ndiril\u0259n \u015f\u0259xs oldu - MEYDAN.TV\",\"isPartOf\":{\"@id\":\"https:\\\/\\\/www.meydan.tv\\\/az\\\/#website\"},\"primaryImageOfPage\":{\"@id\":\"https:\\\/\\\/www.meydan.tv\\\/az\\\/article\\\/vekil-adem-memmedov-teqsirlendirilen-sexs-oldu\\\/#primaryimage\"},\"image\":{\"@id\":\"https:\\\/\\\/www.meydan.tv\\\/az\\\/article\\\/vekil-adem-memmedov-teqsirlendirilen-sexs-oldu\\\/#primaryimage\"},\"thumbnailUrl\":\"https:\\\/\\\/www.meydan.tv\\\/wp-content\\\/uploads\\\/13076646_1694482344165909_6630039812877454950_n.jpg\",\"datePublished\":\"2024-07-18T20:08:04+00:00\",\"dateModified\":\"2024-07-18T20:33:36+00:00\",\"description\":\"X\u00fcsusi ittiham\u00e7\u0131 is\u0259 ba\u015fqa bir v\u0259kil Ceyhun Yusifovdur\",\"breadcrumb\":{\"@id\":\"https:\\\/\\\/www.meydan.tv\\\/az\\\/article\\\/vekil-adem-memmedov-teqsirlendirilen-sexs-oldu\\\/#breadcrumb\"},\"inLanguage\":\"az\",\"potentialAction\":[{\"@type\":\"ReadAction\",\"target\":[\"https:\\\/\\\/www.meydan.tv\\\/az\\\/article\\\/vekil-adem-memmedov-teqsirlendirilen-sexs-oldu\\\/\"]}]},{\"@type\":\"ImageObject\",\"inLanguage\":\"az\",\"@id\":\"https:\\\/\\\/www.meydan.tv\\\/az\\\/article\\\/vekil-adem-memmedov-teqsirlendirilen-sexs-oldu\\\/#primaryimage\",\"url\":\"https:\\\/\\\/www.meydan.tv\\\/wp-content\\\/uploads\\\/13076646_1694482344165909_6630039812877454950_n.jpg\",\"contentUrl\":\"https:\\\/\\\/www.meydan.tv\\\/wp-content\\\/uploads\\\/13076646_1694482344165909_6630039812877454950_n.jpg\",\"width\":1200,\"height\":863,\"caption\":\"Foto: Ad\u0259m M\u0259mm\u0259dovun \u015f\u0259xsi arxivind\u0259n\"},{\"@type\":\"BreadcrumbList\",\"@id\":\"https:\\\/\\\/www.meydan.tv\\\/az\\\/article\\\/vekil-adem-memmedov-teqsirlendirilen-sexs-oldu\\\/#breadcrumb\",\"itemListElement\":[{\"@type\":\"ListItem\",\"position\":1,\"name\":\"Ana s\u0259hif\u0259\",\"item\":\"https:\\\/\\\/www.meydan.tv\\\/az\\\/\"},{\"@type\":\"ListItem\",\"position\":2,\"name\":\"Sosial\",\"item\":\"https:\\\/\\\/www.meydan.tv\\\/az\\\/section\\\/sosial\\\/\"},{\"@type\":\"ListItem\",\"position\":3,\"name\":\"V\u0259kil Ad\u0259m M\u0259mm\u0259dov t\u0259qsirl\u0259ndiril\u0259n \u015f\u0259xs oldu\"}]},{\"@type\":\"WebSite\",\"@id\":\"https:\\\/\\\/www.meydan.tv\\\/az\\\/#website\",\"url\":\"https:\\\/\\\/www.meydan.tv\\\/az\\\/\",\"name\":\"MEYDAN.TV\",\"description\":\"Meydan TV Az\u0259rbaycan\u0131n media m\u0259kan\u0131ndak\u0131 alternativ s\u0259sidir\",\"publisher\":{\"@id\":\"https:\\\/\\\/www.meydan.tv\\\/az\\\/#organization\"},\"potentialAction\":[{\"@type\":\"SearchAction\",\"target\":{\"@type\":\"EntryPoint\",\"urlTemplate\":\"https:\\\/\\\/www.meydan.tv\\\/az\\\/?s={search_term_string}\"},\"query-input\":{\"@type\":\"PropertyValueSpecification\",\"valueRequired\":true,\"valueName\":\"search_term_string\"}}],\"inLanguage\":\"az\"},{\"@type\":\"Organization\",\"@id\":\"https:\\\/\\\/www.meydan.tv\\\/az\\\/#organization\",\"name\":\"Meydan TV\",\"url\":\"https:\\\/\\\/www.meydan.tv\\\/az\\\/\",\"logo\":{\"@type\":\"ImageObject\",\"inLanguage\":\"az\",\"@id\":\"https:\\\/\\\/www.meydan.tv\\\/az\\\/#\\\/schema\\\/logo\\\/image\\\/\",\"url\":\"https:\\\/\\\/www.meydan.tv\\\/wp-content\\\/uploads\\\/2021\\\/07\\\/meydan-logo.svg\",\"contentUrl\":\"https:\\\/\\\/www.meydan.tv\\\/wp-content\\\/uploads\\\/2021\\\/07\\\/meydan-logo.svg\",\"width\":195,\"height\":46,\"caption\":\"Meydan TV\"},\"image\":{\"@id\":\"https:\\\/\\\/www.meydan.tv\\\/az\\\/#\\\/schema\\\/logo\\\/image\\\/\"}},{\"@type\":\"Person\",\"@id\":\"https:\\\/\\\/www.meydan.tv\\\/az\\\/#\\\/schema\\\/person\\\/9cdbecf90d17180ce1dfbd95b08dcf47\",\"name\":\"elli\",\"sameAs\":[\"https:\\\/\\\/x.com\\\/elli\"]}]}<\/script>\n<!-- \/ Yoast SEO plugin. -->","yoast_head_json":{"title":"V\u0259kil Ad\u0259m M\u0259mm\u0259dov t\u0259qsirl\u0259ndiril\u0259n \u015f\u0259xs oldu - MEYDAN.TV","description":"X\u00fcsusi ittiham\u00e7\u0131 is\u0259 ba\u015fqa bir v\u0259kil Ceyhun Yusifovdur","robots":{"index":"index","follow":"follow","max-snippet":"max-snippet:-1","max-image-preview":"max-image-preview:large","max-video-preview":"max-video-preview:-1"},"canonical":"https:\/\/www.meydan.tv\/az\/article\/vekil-adem-memmedov-teqsirlendirilen-sexs-oldu\/","og_locale":"az_AZ","og_type":"article","og_title":"V\u0259kil Ad\u0259m M\u0259mm\u0259dov t\u0259qsirl\u0259ndiril\u0259n \u015f\u0259xs oldu - MEYDAN.TV","og_description":"X\u00fcsusi ittiham\u00e7\u0131 is\u0259 ba\u015fqa bir v\u0259kil Ceyhun Yusifovdur","og_url":"https:\/\/www.meydan.tv\/az\/article\/vekil-adem-memmedov-teqsirlendirilen-sexs-oldu\/","og_site_name":"MEYDAN.TV","article_published_time":"2024-07-18T20:08:04+00:00","article_modified_time":"2024-07-18T20:33:36+00:00","og_image":[{"width":1200,"height":863,"url":"https:\/\/www.meydan.tv\/wp-content\/uploads\/13076646_1694482344165909_6630039812877454950_n.jpg","type":"image\/jpeg"}],"author":"elli","twitter_card":"summary_large_image","twitter_creator":"@elli","schema":{"@context":"https:\/\/schema.org","@graph":[{"@type":"Article","@id":"https:\/\/www.meydan.tv\/az\/article\/vekil-adem-memmedov-teqsirlendirilen-sexs-oldu\/#article","isPartOf":{"@id":"https:\/\/www.meydan.tv\/az\/article\/vekil-adem-memmedov-teqsirlendirilen-sexs-oldu\/"},"author":{"name":"elli","@id":"https:\/\/www.meydan.tv\/az\/#\/schema\/person\/9cdbecf90d17180ce1dfbd95b08dcf47"},"headline":"V\u0259kil Ad\u0259m M\u0259mm\u0259dov t\u0259qsirl\u0259ndiril\u0259n \u015f\u0259xs oldu","datePublished":"2024-07-18T20:08:04+00:00","dateModified":"2024-07-18T20:33:36+00:00","mainEntityOfPage":{"@id":"https:\/\/www.meydan.tv\/az\/article\/vekil-adem-memmedov-teqsirlendirilen-sexs-oldu\/"},"wordCount":351,"publisher":{"@id":"https:\/\/www.meydan.tv\/az\/#organization"},"image":{"@id":"https:\/\/www.meydan.tv\/az\/article\/vekil-adem-memmedov-teqsirlendirilen-sexs-oldu\/#primaryimage"},"thumbnailUrl":"https:\/\/www.meydan.tv\/wp-content\/uploads\/13076646_1694482344165909_6630039812877454950_n.jpg","articleSection":["Sosial","X\u0259b\u0259rl\u0259r"],"inLanguage":"az"},{"@type":"WebPage","@id":"https:\/\/www.meydan.tv\/az\/article\/vekil-adem-memmedov-teqsirlendirilen-sexs-oldu\/","url":"https:\/\/www.meydan.tv\/az\/article\/vekil-adem-memmedov-teqsirlendirilen-sexs-oldu\/","name":"V\u0259kil Ad\u0259m M\u0259mm\u0259dov t\u0259qsirl\u0259ndiril\u0259n \u015f\u0259xs oldu - MEYDAN.TV","isPartOf":{"@id":"https:\/\/www.meydan.tv\/az\/#website"},"primaryImageOfPage":{"@id":"https:\/\/www.meydan.tv\/az\/article\/vekil-adem-memmedov-teqsirlendirilen-sexs-oldu\/#primaryimage"},"image":{"@id":"https:\/\/www.meydan.tv\/az\/article\/vekil-adem-memmedov-teqsirlendirilen-sexs-oldu\/#primaryimage"},"thumbnailUrl":"https:\/\/www.meydan.tv\/wp-content\/uploads\/13076646_1694482344165909_6630039812877454950_n.jpg","datePublished":"2024-07-18T20:08:04+00:00","dateModified":"2024-07-18T20:33:36+00:00","description":"X\u00fcsusi ittiham\u00e7\u0131 is\u0259 ba\u015fqa bir v\u0259kil Ceyhun Yusifovdur","breadcrumb":{"@id":"https:\/\/www.meydan.tv\/az\/article\/vekil-adem-memmedov-teqsirlendirilen-sexs-oldu\/#breadcrumb"},"inLanguage":"az","potentialAction":[{"@type":"ReadAction","target":["https:\/\/www.meydan.tv\/az\/article\/vekil-adem-memmedov-teqsirlendirilen-sexs-oldu\/"]}]},{"@type":"ImageObject","inLanguage":"az","@id":"https:\/\/www.meydan.tv\/az\/article\/vekil-adem-memmedov-teqsirlendirilen-sexs-oldu\/#primaryimage","url":"https:\/\/www.meydan.tv\/wp-content\/uploads\/13076646_1694482344165909_6630039812877454950_n.jpg","contentUrl":"https:\/\/www.meydan.tv\/wp-content\/uploads\/13076646_1694482344165909_6630039812877454950_n.jpg","width":1200,"height":863,"caption":"Foto: Ad\u0259m M\u0259mm\u0259dovun \u015f\u0259xsi arxivind\u0259n"},{"@type":"BreadcrumbList","@id":"https:\/\/www.meydan.tv\/az\/article\/vekil-adem-memmedov-teqsirlendirilen-sexs-oldu\/#breadcrumb","itemListElement":[{"@type":"ListItem","position":1,"name":"Ana s\u0259hif\u0259","item":"https:\/\/www.meydan.tv\/az\/"},{"@type":"ListItem","position":2,"name":"Sosial","item":"https:\/\/www.meydan.tv\/az\/section\/sosial\/"},{"@type":"ListItem","position":3,"name":"V\u0259kil Ad\u0259m M\u0259mm\u0259dov t\u0259qsirl\u0259ndiril\u0259n \u015f\u0259xs oldu"}]},{"@type":"WebSite","@id":"https:\/\/www.meydan.tv\/az\/#website","url":"https:\/\/www.meydan.tv\/az\/","name":"MEYDAN.TV","description":"Meydan TV Az\u0259rbaycan\u0131n media m\u0259kan\u0131ndak\u0131 alternativ s\u0259sidir","publisher":{"@id":"https:\/\/www.meydan.tv\/az\/#organization"},"potentialAction":[{"@type":"SearchAction","target":{"@type":"EntryPoint","urlTemplate":"https:\/\/www.meydan.tv\/az\/?s={search_term_string}"},"query-input":{"@type":"PropertyValueSpecification","valueRequired":true,"valueName":"search_term_string"}}],"inLanguage":"az"},{"@type":"Organization","@id":"https:\/\/www.meydan.tv\/az\/#organization","name":"Meydan TV","url":"https:\/\/www.meydan.tv\/az\/","logo":{"@type":"ImageObject","inLanguage":"az","@id":"https:\/\/www.meydan.tv\/az\/#\/schema\/logo\/image\/","url":"https:\/\/www.meydan.tv\/wp-content\/uploads\/2021\/07\/meydan-logo.svg","contentUrl":"https:\/\/www.meydan.tv\/wp-content\/uploads\/2021\/07\/meydan-logo.svg","width":195,"height":46,"caption":"Meydan TV"},"image":{"@id":"https:\/\/www.meydan.tv\/az\/#\/schema\/logo\/image\/"}},{"@type":"Person","@id":"https:\/\/www.meydan.tv\/az\/#\/schema\/person\/9cdbecf90d17180ce1dfbd95b08dcf47","name":"elli","sameAs":["https:\/\/x.com\/elli"]}]}},"_links":{"self":[{"href":"https:\/\/www.meydan.tv\/az\/wp-json\/wp\/v2\/posts\/310697","targetHints":{"allow":["GET"]}}],"collection":[{"href":"https:\/\/www.meydan.tv\/az\/wp-json\/wp\/v2\/posts"}],"about":[{"href":"https:\/\/www.meydan.tv\/az\/wp-json\/wp\/v2\/types\/post"}],"author":[{"embeddable":true,"href":"https:\/\/www.meydan.tv\/az\/wp-json\/wp\/v2\/users\/8"}],"replies":[{"embeddable":true,"href":"https:\/\/www.meydan.tv\/az\/wp-json\/wp\/v2\/comments?post=310697"}],"version-history":[{"count":3,"href":"https:\/\/www.meydan.tv\/az\/wp-json\/wp\/v2\/posts\/310697\/revisions"}],"predecessor-version":[{"id":310717,"href":"https:\/\/www.meydan.tv\/az\/wp-json\/wp\/v2\/posts\/310697\/revisions\/310717"}],"wp:featuredmedia":[{"embeddable":true,"href":"https:\/\/www.meydan.tv\/az\/wp-json\/wp\/v2\/media\/310698"}],"wp:attachment":[{"href":"https:\/\/www.meydan.tv\/az\/wp-json\/wp\/v2\/media?parent=310697"}],"wp:term":[{"taxonomy":"category","embeddable":true,"href":"https:\/\/www.meydan.tv\/az\/wp-json\/wp\/v2\/categories?post=310697"},{"taxonomy":"post_tag","embeddable":true,"href":"https:\/\/www.meydan.tv\/az\/wp-json\/wp\/v2\/tags?post=310697"}],"curies":[{"name":"wp","href":"https:\/\/api.w.org\/{rel}","templated":true}]}}