{"id":310690,"date":"2024-07-18T20:45:38","date_gmt":"2024-07-18T16:45:38","guid":{"rendered":"https:\/\/www.meydan.tv\/?p=310690"},"modified":"2024-07-19T00:31:48","modified_gmt":"2024-07-18T20:31:48","slug":"hebsde-vefat-eden-icra-bascisinin-yarim-milyonluq-emlaki-ile-bagli-qerar-qetilesdi","status":"publish","type":"post","link":"https:\/\/www.meydan.tv\/az\/article\/hebsde-vefat-eden-icra-bascisinin-yarim-milyonluq-emlaki-ile-bagli-qerar-qetilesdi\/","title":{"rendered":"H\u0259bsd\u0259 v\u0259fat ed\u0259n icra ba\u015f\u00e7\u0131s\u0131n\u0131n yar\u0131m milyonluq \u0259mlak\u0131 il\u0259 ba\u011fl\u0131 q\u0259rar q\u0259til\u0259\u015fdi"},"content":{"rendered":"\n<p><\/p>\n\n\n\n<p><strong><em>Nizam\u0259ddin Quliyevin hakim, m\u00fcst\u0259ntiq i\u015fl\u0259y\u0259n \u00f6vladlar\u0131&#8230;<\/em><\/strong><\/p>\n\n\n\n<p>11 il\u0259 yax\u0131n m\u00fcdd\u0259td\u0259 Goranboy v\u0259 A\u011fstafa rayonlar\u0131n\u0131n icra ba\u015f\u00e7\u0131s\u0131 olmu\u015f, 2019-cu ild\u0259 D\u00f6vl\u0259t T\u0259hl\u00fck\u0259sizliyi Xidm\u0259tinin (DTX) \u0259m\u0259liyyat\u0131 n\u0259tic\u0259sind\u0259 h\u0259bs edilmi\u015f\u00a0 Nizam\u0259ddin Quliyevin \u00f6l\u00fcm\u00fcnd\u0259n 3 il\u0259 yax\u0131n vaxt ke\u00e7s\u0259 d\u0259, onun yar\u0131m milyondan art\u0131q d\u0259y\u0259ri olan \u0259mlaklar\u0131 il\u0259 ba\u011fl\u0131 m\u0259hk\u0259m\u0259 prosesl\u0259ri bu g\u00fcn\u0259 q\u0259d\u0259r davam edirdi. \u0130yulun 18-d\u0259 Ali M\u0259hk\u0259m\u0259 \u0130lkin R\u0259c\u0259bovun s\u0259drlik etdiyi hakiml\u0259r kollegiyas\u0131 sabiq icra ba\u015f\u00e7\u0131s\u0131n\u0131n \u0259mlaklar\u0131 il\u0259 ba\u011fl\u0131 yekun q\u0259rar verib.<\/p>\n\n\n\n<p>Nizam\u0259ddin Quliyev 2019-cu ilin dekabr\u0131nda h\u0259bs olunandan sonra onun \u00f6z\u00fc v\u0259 yax\u0131nlar\u0131n\u0131n ad\u0131na olan bir s\u0131ra \u0259mlaklar\u0131n \u00fcz\u0259rin\u0259 h\u0259bs qoyulmu\u015fdu. 2021-ci ilin avqustunda G\u0259nc\u0259 A\u011f\u0131r Cinay\u0259tl\u0259r M\u0259hk\u0259m\u0259sind\u0259 onun haqq\u0131nda 9 il 6 ay azadl\u0131qdan m\u0259hrumetm\u0259 h\u00f6km\u00fc \u00e7\u0131xar\u0131landa \u00fcz\u0259rind\u0259 h\u0259bs olan \u0259mlaklar\u0131n da m\u00fcsadir\u0259sin\u0259 q\u0259rar verilmi\u015fdi.<\/p>\n\n\n\n<p>Sabiq icra ba\u015f\u00e7\u0131s\u0131 h\u00f6kmd\u0259n apelyasiya \u015fikay\u0259ti vers\u0259 d\u0259, apellasiya m\u0259hk\u0259m\u0259si ba\u015flamam\u0131\u015f \u2013 2021-ci ilin sentyabr\u0131nda h\u0259bsd\u0259 koronavirusa yoluxaraq, v\u0259fat etmi\u015fdi. Bundan sonra m\u0259hk\u0259m\u0259d\u0259 h\u00fcquqi varisi qismind\u0259 qarda\u015f\u0131 \u00e7\u0131x\u0131\u015f edirdi.<\/p>\n\n\n\n<p>G\u0259nc\u0259 Apelyasiya M\u0259hk\u0259m\u0259si d\u0259 Nizam\u0259ddin Quliyevi t\u0259qsirli bilmi\u015f, lakin \u00f6ld\u00fcy\u00fcn\u0259 g\u00f6r\u0259 onun haqq\u0131ndak\u0131 cinay\u0259t i\u015fin\u0259 b\u0259ra\u0259tverici \u0259saslar olmadan xitam verilmi\u015fdi. Bununla bel\u0259, \u0259mlaklar\u0131n m\u00fcsadir\u0259si hiss\u0259sind\u0259 is\u0259 h\u00f6km\u00fc d\u0259yi\u015fmi\u015fdi.<\/p>\n\n\n\n<p>Bu d\u0259f\u0259 prokurorluq \u0259mlaklarla ba\u011fl\u0131 q\u0259rara g\u00f6r\u0259 sabiq icra ba\u015f\u00e7\u0131s\u0131n\u0131n i\u015find\u0259n Ali M\u0259hk\u0259m\u0259y\u0259 kassasiya protesti vermi\u015fdi. Ali M\u0259hk\u0259m\u0259 2022-ci ilin oktyabr\u0131nda prokurorlu\u011fun protesti \u0259sas\u0131nda G\u0259nc\u0259 Apelyasiya M\u0259hk\u0259m\u0259sinin \u0259mlaklarla ba\u011fl\u0131 q\u0259rar\u0131n\u0131 l\u0259\u011fv ed\u0259r\u0259k, i\u015fi yenid\u0259n bax\u0131lmas\u0131 \u00fc\u00e7\u00fcn bu instansiyaya qaytarm\u0131\u015fd\u0131.<\/p>\n\n\n\n<p>\u0130\u015f\u0259 ikinci d\u0259f\u0259 baxan G\u0259nc\u0259 Apelyasiya M\u0259hk\u0259m\u0259si \u0259vv\u0259lkind\u0259n f\u0259rqli olaraq, \u0259mlaklar\u0131n m\u00fcsadir\u0259sin\u0259 q\u0259rar vermi\u015fdi. Bu d\u0259f\u0259 is\u0259 h\u0259min q\u0259rardan Nizam\u0259ddin Quliyevin h\u00fcquqi varisi qismind\u0259 tan\u0131nan qarda\u015f\u0131 Ali M\u0259hk\u0259m\u0259y\u0259 \u015fikay\u0259t vermi\u015fdi. \u0130yulun 18-d\u0259 Ali M\u0259hk\u0259m\u0259d\u0259 m\u0259hz h\u0259min \u015fikay\u0259t\u0259 bax\u0131l\u0131b.<\/p>\n\n\n\n<p>Ali M\u0259hk\u0259m\u0259 \u0259mlaklar\u0131n m\u00fcsadir\u0259sil\u0259 ba\u011fl\u0131 a\u015fa\u011f\u0131 instansiyan\u0131n q\u0259rar\u0131n\u0131 do\u011fru say\u0131b v\u0259 q\u00fcvv\u0259d\u0259 saxlay\u0131b.<\/p>\n\n\n\n<p>M\u00fcsadir\u0259sin\u0259 q\u0259rar veril\u0259n \u0259mlaklar \u0259sas\u0259n, Goranboy rayonu \u0259razisind\u0259 yerl\u0259\u015f\u0259n obyektl\u0259r, torpaq sah\u0259l\u0259ridir. Onlar\u0131n aras\u0131nda a\u015fa\u011f\u0131dak\u0131 \u0259mlaklar var:<\/p>\n\n\n\n<p>Goranboy rayonu, Heyd\u0259r \u018fliyev prospekti 106 \u00fcnvan\u0131nda yerl\u0259\u015f\u0259n obyekt \u2013 istintaq d\u00f6vr\u00fcnd\u0259 330 min manat d\u0259y\u0259rl\u0259ndirilib;<\/p>\n\n\n\n<p>Goranboy rayonu, Heyd\u0259r \u018fliyev prospekti 2 \u00fcnvan\u0131nda obyekt \u2013 143 min manat;<\/p>\n\n\n\n<p>Goranboy \u015f\u0259h\u0259ri, V.Bayramov k\u00fc\u00e7\u0259sind\u0259 ya\u015fay\u0131\u015f sah\u0259si &#8211; 121 min manat&#8230;<\/p>\n\n\n\n<p>Az\u0259rbaycanda icra ba\u015f\u00e7\u0131lar\u0131ndan h\u0259bs dal\u011fas\u0131 2019-cu ilin dekabr\u0131nda A\u011fstafa rayon \u0130cra Hakimiyy\u0259tind\u0259 ke\u00e7iril\u0259n \u0259m\u0259liyyatla &#8211; Nizam\u0259ddin Quliyevl\u0259 ba\u015flam\u0131\u015fd\u0131.<\/p>\n\n\n\n<p>1954-c\u00fc il t\u0259v\u0259ll\u00fcdl\u00fc Nizam\u0259ddin Quliyev A\u011fstafa rayon \u0130cra Hakimiyy\u0259tinin ba\u015f\u00e7\u0131s\u0131 v\u0259zif\u0259sind\u0259 c\u0259mi 8 ay i\u015fl\u0259mi\u015fdi. Bundan \u00f6nc\u0259 is\u0259 o, 10 il Goranboy rayonunda eyni v\u0259zif\u0259ni da\u015f\u0131y\u0131b.<\/p>\n\n\n\n<p>\u018fm\u0259liyyat n\u0259tic\u0259sind\u0259 onun \u00f6z\u00fc il\u0259 yana\u015f\u0131, m\u00fcavini Ramiz Tatarov da h\u0259bs olunmu\u015fdu. R\u00fc\u015fv\u0259t almaqda ittiham olunan Ramiz Tatarova G\u0259nc\u0259 A\u011f\u0131r Cinay\u0259tl\u0259r M\u0259hk\u0259m\u0259sinin h\u00f6km\u00fc il\u0259 8 il 3 ay azadl\u0131qdan m\u0259hrumetm\u0259 c\u0259zas\u0131 verils\u0259 d\u0259, Ali M\u0259hk\u0259m\u0259 bu m\u00fcdd\u0259ti 6 il\u0259 endirib.<\/p>\n\n\n\n<p>Sabiq icra ba\u015f\u00e7\u0131s\u0131 Nizam\u0259ddin Quliyevin o\u011flu Ramin Quliyev haz\u0131rda N\u0259rimanov Rayon M\u0259hk\u0259m\u0259sinin hakimidir. O, atas\u0131 h\u0259bs olunark\u0259n d\u0259 bu v\u0259zif\u0259d\u0259 \u00e7al\u0131\u015f\u0131rd\u0131. H\u0259min hadis\u0259l\u0259rd\u0259n sonra bir m\u00fcdd\u0259t f\u0259aliyy\u0259tin\u0259 fasil\u0259 verils\u0259 d\u0259, sonradan v\u0259zif\u0259sinin icras\u0131n\u0131 davam etdirdi.<\/p>\n\n\n\n<p>Nizam\u0259ddin Quliyevin dig\u0259r o\u011flu Ramal Quliyev is\u0259 h\u0259min vaxt Korrupsiyaya Qar\u015f\u0131 M\u00fcbariz\u0259 \u0130dar\u0259sinin m\u00fcst\u0259ntiqi idi. Atas\u0131n\u0131n h\u0259bsind\u0259n sonra o, v\u0259zif\u0259sind\u0259n azad edils\u0259 d\u0259, bir ne\u00e7\u0259 ay sonra Ba\u015f prokuror Kamran \u018fliyevin \u0259mri il\u0259 yenid\u0259n prokurorlu\u011fa qaytar\u0131laraq, m\u00fcst\u0259ntiq t\u0259yin olundu.<\/p>\n","protected":false},"excerpt":{"rendered":"<p>Nizam\u0259ddin Quliyevin hakim, m\u00fcst\u0259ntiq i\u015fl\u0259y\u0259n \u00f6vladlar\u0131&#8230; 11 il\u0259 yax\u0131n m\u00fcdd\u0259td\u0259 &#8230; <\/p>\n<p class=\"read-more-container\"><a title=\"H\u0259bsd\u0259 v\u0259fat ed\u0259n icra ba\u015f\u00e7\u0131s\u0131n\u0131n yar\u0131m milyonluq \u0259mlak\u0131 il\u0259 ba\u011fl\u0131 q\u0259rar q\u0259til\u0259\u015fdi\" class=\"read-more button\" href=\"https:\/\/www.meydan.tv\/az\/article\/hebsde-vefat-eden-icra-bascisinin-yarim-milyonluq-emlaki-ile-bagli-qerar-qetilesdi\/#more-310690\" aria-label=\"Read more about H\u0259bsd\u0259 v\u0259fat ed\u0259n icra ba\u015f\u00e7\u0131s\u0131n\u0131n yar\u0131m milyonluq \u0259mlak\u0131 il\u0259 ba\u011fl\u0131 q\u0259rar q\u0259til\u0259\u015fdi\">Davam\u0131<\/a><\/p>\n","protected":false},"author":8,"featured_media":135828,"comment_status":"closed","ping_status":"closed","sticky":false,"template":"","format":"standard","meta":{"_acf_changed":false,"_sitemap_exclude":false,"_sitemap_priority":"","_sitemap_frequency":"","footnotes":""},"categories":[60,56],"tags":[],"class_list":["post-310690","post","type-post","status-publish","format-standard","has-post-thumbnail","hentry","category-bolge","category-xeberler","infinite-scroll-item","generate-columns","tablet-grid-50","mobile-grid-100","grid-parent","grid-33","no-featured-image-padding"],"acf":[],"yoast_head":"<!-- This site is optimized with the Yoast SEO plugin v27.4 - https:\/\/yoast.com\/product\/yoast-seo-wordpress\/ -->\n<title>H\u0259bsd\u0259 v\u0259fat ed\u0259n icra ba\u015f\u00e7\u0131s\u0131n\u0131n yar\u0131m milyonluq \u0259mlak\u0131 il\u0259 ba\u011fl\u0131 q\u0259rar q\u0259til\u0259\u015fdi - MEYDAN.TV<\/title>\n<meta name=\"description\" content=\"Ali M\u0259hk\u0259m\u0259 \u0259mlaklar\u0131n m\u00fcsadir\u0259sil\u0259 ba\u011fl\u0131 a\u015fa\u011f\u0131 instansiyan\u0131n q\u0259rar\u0131n\u0131 do\u011fru say\u0131b v\u0259 q\u00fcvv\u0259d\u0259 saxlay\u0131b.\" \/>\n<meta name=\"robots\" content=\"index, follow, max-snippet:-1, max-image-preview:large, max-video-preview:-1\" \/>\n<link rel=\"canonical\" href=\"https:\/\/www.meydan.tv\/az\/article\/hebsde-vefat-eden-icra-bascisinin-yarim-milyonluq-emlaki-ile-bagli-qerar-qetilesdi\/\" \/>\n<meta property=\"og:locale\" content=\"az_AZ\" \/>\n<meta property=\"og:type\" content=\"article\" \/>\n<meta property=\"og:title\" content=\"H\u0259bsd\u0259 v\u0259fat ed\u0259n icra ba\u015f\u00e7\u0131s\u0131n\u0131n yar\u0131m milyonluq \u0259mlak\u0131 il\u0259 ba\u011fl\u0131 q\u0259rar q\u0259til\u0259\u015fdi - MEYDAN.TV\" \/>\n<meta property=\"og:description\" content=\"Ali M\u0259hk\u0259m\u0259 \u0259mlaklar\u0131n m\u00fcsadir\u0259sil\u0259 ba\u011fl\u0131 a\u015fa\u011f\u0131 instansiyan\u0131n q\u0259rar\u0131n\u0131 do\u011fru say\u0131b v\u0259 q\u00fcvv\u0259d\u0259 saxlay\u0131b.\" \/>\n<meta property=\"og:url\" content=\"https:\/\/www.meydan.tv\/az\/article\/hebsde-vefat-eden-icra-bascisinin-yarim-milyonluq-emlaki-ile-bagli-qerar-qetilesdi\/\" \/>\n<meta property=\"og:site_name\" content=\"MEYDAN.TV\" \/>\n<meta property=\"article:published_time\" content=\"2024-07-18T16:45:38+00:00\" \/>\n<meta property=\"article:modified_time\" content=\"2024-07-18T20:31:48+00:00\" \/>\n<meta property=\"og:image\" content=\"https:\/\/www.meydan.tv\/wp-content\/uploads\/copy_of_untitled_design_dzuurpy.png\" \/>\n\t<meta property=\"og:image:width\" content=\"1280\" \/>\n\t<meta property=\"og:image:height\" content=\"720\" \/>\n\t<meta property=\"og:image:type\" content=\"image\/png\" \/>\n<meta name=\"author\" content=\"elli\" \/>\n<meta name=\"twitter:card\" content=\"summary_large_image\" \/>\n<meta name=\"twitter:creator\" content=\"@elli\" \/>\n<script type=\"application\/ld+json\" class=\"yoast-schema-graph\">{\"@context\":\"https:\\\/\\\/schema.org\",\"@graph\":[{\"@type\":\"Article\",\"@id\":\"https:\\\/\\\/www.meydan.tv\\\/az\\\/article\\\/hebsde-vefat-eden-icra-bascisinin-yarim-milyonluq-emlaki-ile-bagli-qerar-qetilesdi\\\/#article\",\"isPartOf\":{\"@id\":\"https:\\\/\\\/www.meydan.tv\\\/az\\\/article\\\/hebsde-vefat-eden-icra-bascisinin-yarim-milyonluq-emlaki-ile-bagli-qerar-qetilesdi\\\/\"},\"author\":{\"name\":\"elli\",\"@id\":\"https:\\\/\\\/www.meydan.tv\\\/az\\\/#\\\/schema\\\/person\\\/9cdbecf90d17180ce1dfbd95b08dcf47\"},\"headline\":\"H\u0259bsd\u0259 v\u0259fat ed\u0259n icra ba\u015f\u00e7\u0131s\u0131n\u0131n yar\u0131m milyonluq \u0259mlak\u0131 il\u0259 ba\u011fl\u0131 q\u0259rar q\u0259til\u0259\u015fdi\",\"datePublished\":\"2024-07-18T16:45:38+00:00\",\"dateModified\":\"2024-07-18T20:31:48+00:00\",\"mainEntityOfPage\":{\"@id\":\"https:\\\/\\\/www.meydan.tv\\\/az\\\/article\\\/hebsde-vefat-eden-icra-bascisinin-yarim-milyonluq-emlaki-ile-bagli-qerar-qetilesdi\\\/\"},\"wordCount\":808,\"publisher\":{\"@id\":\"https:\\\/\\\/www.meydan.tv\\\/az\\\/#organization\"},\"image\":{\"@id\":\"https:\\\/\\\/www.meydan.tv\\\/az\\\/article\\\/hebsde-vefat-eden-icra-bascisinin-yarim-milyonluq-emlaki-ile-bagli-qerar-qetilesdi\\\/#primaryimage\"},\"thumbnailUrl\":\"https:\\\/\\\/www.meydan.tv\\\/wp-content\\\/uploads\\\/copy_of_untitled_design_dzuurpy.png\",\"articleSection\":[\"B\u00f6lg\u0259\",\"X\u0259b\u0259rl\u0259r\"],\"inLanguage\":\"az\"},{\"@type\":\"WebPage\",\"@id\":\"https:\\\/\\\/www.meydan.tv\\\/az\\\/article\\\/hebsde-vefat-eden-icra-bascisinin-yarim-milyonluq-emlaki-ile-bagli-qerar-qetilesdi\\\/\",\"url\":\"https:\\\/\\\/www.meydan.tv\\\/az\\\/article\\\/hebsde-vefat-eden-icra-bascisinin-yarim-milyonluq-emlaki-ile-bagli-qerar-qetilesdi\\\/\",\"name\":\"H\u0259bsd\u0259 v\u0259fat ed\u0259n icra ba\u015f\u00e7\u0131s\u0131n\u0131n yar\u0131m milyonluq \u0259mlak\u0131 il\u0259 ba\u011fl\u0131 q\u0259rar q\u0259til\u0259\u015fdi - MEYDAN.TV\",\"isPartOf\":{\"@id\":\"https:\\\/\\\/www.meydan.tv\\\/az\\\/#website\"},\"primaryImageOfPage\":{\"@id\":\"https:\\\/\\\/www.meydan.tv\\\/az\\\/article\\\/hebsde-vefat-eden-icra-bascisinin-yarim-milyonluq-emlaki-ile-bagli-qerar-qetilesdi\\\/#primaryimage\"},\"image\":{\"@id\":\"https:\\\/\\\/www.meydan.tv\\\/az\\\/article\\\/hebsde-vefat-eden-icra-bascisinin-yarim-milyonluq-emlaki-ile-bagli-qerar-qetilesdi\\\/#primaryimage\"},\"thumbnailUrl\":\"https:\\\/\\\/www.meydan.tv\\\/wp-content\\\/uploads\\\/copy_of_untitled_design_dzuurpy.png\",\"datePublished\":\"2024-07-18T16:45:38+00:00\",\"dateModified\":\"2024-07-18T20:31:48+00:00\",\"description\":\"Ali M\u0259hk\u0259m\u0259 \u0259mlaklar\u0131n m\u00fcsadir\u0259sil\u0259 ba\u011fl\u0131 a\u015fa\u011f\u0131 instansiyan\u0131n q\u0259rar\u0131n\u0131 do\u011fru say\u0131b v\u0259 q\u00fcvv\u0259d\u0259 saxlay\u0131b.\",\"breadcrumb\":{\"@id\":\"https:\\\/\\\/www.meydan.tv\\\/az\\\/article\\\/hebsde-vefat-eden-icra-bascisinin-yarim-milyonluq-emlaki-ile-bagli-qerar-qetilesdi\\\/#breadcrumb\"},\"inLanguage\":\"az\",\"potentialAction\":[{\"@type\":\"ReadAction\",\"target\":[\"https:\\\/\\\/www.meydan.tv\\\/az\\\/article\\\/hebsde-vefat-eden-icra-bascisinin-yarim-milyonluq-emlaki-ile-bagli-qerar-qetilesdi\\\/\"]}]},{\"@type\":\"ImageObject\",\"inLanguage\":\"az\",\"@id\":\"https:\\\/\\\/www.meydan.tv\\\/az\\\/article\\\/hebsde-vefat-eden-icra-bascisinin-yarim-milyonluq-emlaki-ile-bagli-qerar-qetilesdi\\\/#primaryimage\",\"url\":\"https:\\\/\\\/www.meydan.tv\\\/wp-content\\\/uploads\\\/copy_of_untitled_design_dzuurpy.png\",\"contentUrl\":\"https:\\\/\\\/www.meydan.tv\\\/wp-content\\\/uploads\\\/copy_of_untitled_design_dzuurpy.png\",\"width\":1280,\"height\":720,\"caption\":\"Foto: DTX\"},{\"@type\":\"BreadcrumbList\",\"@id\":\"https:\\\/\\\/www.meydan.tv\\\/az\\\/article\\\/hebsde-vefat-eden-icra-bascisinin-yarim-milyonluq-emlaki-ile-bagli-qerar-qetilesdi\\\/#breadcrumb\",\"itemListElement\":[{\"@type\":\"ListItem\",\"position\":1,\"name\":\"Ana s\u0259hif\u0259\",\"item\":\"https:\\\/\\\/www.meydan.tv\\\/az\\\/\"},{\"@type\":\"ListItem\",\"position\":2,\"name\":\"B\u00f6lg\u0259\",\"item\":\"https:\\\/\\\/www.meydan.tv\\\/az\\\/section\\\/bolge\\\/\"},{\"@type\":\"ListItem\",\"position\":3,\"name\":\"H\u0259bsd\u0259 v\u0259fat ed\u0259n icra ba\u015f\u00e7\u0131s\u0131n\u0131n yar\u0131m milyonluq \u0259mlak\u0131 il\u0259 ba\u011fl\u0131 q\u0259rar q\u0259til\u0259\u015fdi\"}]},{\"@type\":\"WebSite\",\"@id\":\"https:\\\/\\\/www.meydan.tv\\\/az\\\/#website\",\"url\":\"https:\\\/\\\/www.meydan.tv\\\/az\\\/\",\"name\":\"MEYDAN.TV\",\"description\":\"Meydan TV Az\u0259rbaycan\u0131n media m\u0259kan\u0131ndak\u0131 alternativ s\u0259sidir\",\"publisher\":{\"@id\":\"https:\\\/\\\/www.meydan.tv\\\/az\\\/#organization\"},\"potentialAction\":[{\"@type\":\"SearchAction\",\"target\":{\"@type\":\"EntryPoint\",\"urlTemplate\":\"https:\\\/\\\/www.meydan.tv\\\/az\\\/?s={search_term_string}\"},\"query-input\":{\"@type\":\"PropertyValueSpecification\",\"valueRequired\":true,\"valueName\":\"search_term_string\"}}],\"inLanguage\":\"az\"},{\"@type\":\"Organization\",\"@id\":\"https:\\\/\\\/www.meydan.tv\\\/az\\\/#organization\",\"name\":\"Meydan TV\",\"url\":\"https:\\\/\\\/www.meydan.tv\\\/az\\\/\",\"logo\":{\"@type\":\"ImageObject\",\"inLanguage\":\"az\",\"@id\":\"https:\\\/\\\/www.meydan.tv\\\/az\\\/#\\\/schema\\\/logo\\\/image\\\/\",\"url\":\"https:\\\/\\\/www.meydan.tv\\\/wp-content\\\/uploads\\\/2021\\\/07\\\/meydan-logo.svg\",\"contentUrl\":\"https:\\\/\\\/www.meydan.tv\\\/wp-content\\\/uploads\\\/2021\\\/07\\\/meydan-logo.svg\",\"width\":195,\"height\":46,\"caption\":\"Meydan TV\"},\"image\":{\"@id\":\"https:\\\/\\\/www.meydan.tv\\\/az\\\/#\\\/schema\\\/logo\\\/image\\\/\"}},{\"@type\":\"Person\",\"@id\":\"https:\\\/\\\/www.meydan.tv\\\/az\\\/#\\\/schema\\\/person\\\/9cdbecf90d17180ce1dfbd95b08dcf47\",\"name\":\"elli\",\"sameAs\":[\"https:\\\/\\\/x.com\\\/elli\"]}]}<\/script>\n<!-- \/ Yoast SEO plugin. -->","yoast_head_json":{"title":"H\u0259bsd\u0259 v\u0259fat ed\u0259n icra ba\u015f\u00e7\u0131s\u0131n\u0131n yar\u0131m milyonluq \u0259mlak\u0131 il\u0259 ba\u011fl\u0131 q\u0259rar q\u0259til\u0259\u015fdi - MEYDAN.TV","description":"Ali M\u0259hk\u0259m\u0259 \u0259mlaklar\u0131n m\u00fcsadir\u0259sil\u0259 ba\u011fl\u0131 a\u015fa\u011f\u0131 instansiyan\u0131n q\u0259rar\u0131n\u0131 do\u011fru say\u0131b v\u0259 q\u00fcvv\u0259d\u0259 saxlay\u0131b.","robots":{"index":"index","follow":"follow","max-snippet":"max-snippet:-1","max-image-preview":"max-image-preview:large","max-video-preview":"max-video-preview:-1"},"canonical":"https:\/\/www.meydan.tv\/az\/article\/hebsde-vefat-eden-icra-bascisinin-yarim-milyonluq-emlaki-ile-bagli-qerar-qetilesdi\/","og_locale":"az_AZ","og_type":"article","og_title":"H\u0259bsd\u0259 v\u0259fat ed\u0259n icra ba\u015f\u00e7\u0131s\u0131n\u0131n yar\u0131m milyonluq \u0259mlak\u0131 il\u0259 ba\u011fl\u0131 q\u0259rar q\u0259til\u0259\u015fdi - MEYDAN.TV","og_description":"Ali M\u0259hk\u0259m\u0259 \u0259mlaklar\u0131n m\u00fcsadir\u0259sil\u0259 ba\u011fl\u0131 a\u015fa\u011f\u0131 instansiyan\u0131n q\u0259rar\u0131n\u0131 do\u011fru say\u0131b v\u0259 q\u00fcvv\u0259d\u0259 saxlay\u0131b.","og_url":"https:\/\/www.meydan.tv\/az\/article\/hebsde-vefat-eden-icra-bascisinin-yarim-milyonluq-emlaki-ile-bagli-qerar-qetilesdi\/","og_site_name":"MEYDAN.TV","article_published_time":"2024-07-18T16:45:38+00:00","article_modified_time":"2024-07-18T20:31:48+00:00","og_image":[{"width":1280,"height":720,"url":"https:\/\/www.meydan.tv\/wp-content\/uploads\/copy_of_untitled_design_dzuurpy.png","type":"image\/png"}],"author":"elli","twitter_card":"summary_large_image","twitter_creator":"@elli","schema":{"@context":"https:\/\/schema.org","@graph":[{"@type":"Article","@id":"https:\/\/www.meydan.tv\/az\/article\/hebsde-vefat-eden-icra-bascisinin-yarim-milyonluq-emlaki-ile-bagli-qerar-qetilesdi\/#article","isPartOf":{"@id":"https:\/\/www.meydan.tv\/az\/article\/hebsde-vefat-eden-icra-bascisinin-yarim-milyonluq-emlaki-ile-bagli-qerar-qetilesdi\/"},"author":{"name":"elli","@id":"https:\/\/www.meydan.tv\/az\/#\/schema\/person\/9cdbecf90d17180ce1dfbd95b08dcf47"},"headline":"H\u0259bsd\u0259 v\u0259fat ed\u0259n icra ba\u015f\u00e7\u0131s\u0131n\u0131n yar\u0131m milyonluq \u0259mlak\u0131 il\u0259 ba\u011fl\u0131 q\u0259rar q\u0259til\u0259\u015fdi","datePublished":"2024-07-18T16:45:38+00:00","dateModified":"2024-07-18T20:31:48+00:00","mainEntityOfPage":{"@id":"https:\/\/www.meydan.tv\/az\/article\/hebsde-vefat-eden-icra-bascisinin-yarim-milyonluq-emlaki-ile-bagli-qerar-qetilesdi\/"},"wordCount":808,"publisher":{"@id":"https:\/\/www.meydan.tv\/az\/#organization"},"image":{"@id":"https:\/\/www.meydan.tv\/az\/article\/hebsde-vefat-eden-icra-bascisinin-yarim-milyonluq-emlaki-ile-bagli-qerar-qetilesdi\/#primaryimage"},"thumbnailUrl":"https:\/\/www.meydan.tv\/wp-content\/uploads\/copy_of_untitled_design_dzuurpy.png","articleSection":["B\u00f6lg\u0259","X\u0259b\u0259rl\u0259r"],"inLanguage":"az"},{"@type":"WebPage","@id":"https:\/\/www.meydan.tv\/az\/article\/hebsde-vefat-eden-icra-bascisinin-yarim-milyonluq-emlaki-ile-bagli-qerar-qetilesdi\/","url":"https:\/\/www.meydan.tv\/az\/article\/hebsde-vefat-eden-icra-bascisinin-yarim-milyonluq-emlaki-ile-bagli-qerar-qetilesdi\/","name":"H\u0259bsd\u0259 v\u0259fat ed\u0259n icra ba\u015f\u00e7\u0131s\u0131n\u0131n yar\u0131m milyonluq \u0259mlak\u0131 il\u0259 ba\u011fl\u0131 q\u0259rar q\u0259til\u0259\u015fdi - MEYDAN.TV","isPartOf":{"@id":"https:\/\/www.meydan.tv\/az\/#website"},"primaryImageOfPage":{"@id":"https:\/\/www.meydan.tv\/az\/article\/hebsde-vefat-eden-icra-bascisinin-yarim-milyonluq-emlaki-ile-bagli-qerar-qetilesdi\/#primaryimage"},"image":{"@id":"https:\/\/www.meydan.tv\/az\/article\/hebsde-vefat-eden-icra-bascisinin-yarim-milyonluq-emlaki-ile-bagli-qerar-qetilesdi\/#primaryimage"},"thumbnailUrl":"https:\/\/www.meydan.tv\/wp-content\/uploads\/copy_of_untitled_design_dzuurpy.png","datePublished":"2024-07-18T16:45:38+00:00","dateModified":"2024-07-18T20:31:48+00:00","description":"Ali M\u0259hk\u0259m\u0259 \u0259mlaklar\u0131n m\u00fcsadir\u0259sil\u0259 ba\u011fl\u0131 a\u015fa\u011f\u0131 instansiyan\u0131n q\u0259rar\u0131n\u0131 do\u011fru say\u0131b v\u0259 q\u00fcvv\u0259d\u0259 saxlay\u0131b.","breadcrumb":{"@id":"https:\/\/www.meydan.tv\/az\/article\/hebsde-vefat-eden-icra-bascisinin-yarim-milyonluq-emlaki-ile-bagli-qerar-qetilesdi\/#breadcrumb"},"inLanguage":"az","potentialAction":[{"@type":"ReadAction","target":["https:\/\/www.meydan.tv\/az\/article\/hebsde-vefat-eden-icra-bascisinin-yarim-milyonluq-emlaki-ile-bagli-qerar-qetilesdi\/"]}]},{"@type":"ImageObject","inLanguage":"az","@id":"https:\/\/www.meydan.tv\/az\/article\/hebsde-vefat-eden-icra-bascisinin-yarim-milyonluq-emlaki-ile-bagli-qerar-qetilesdi\/#primaryimage","url":"https:\/\/www.meydan.tv\/wp-content\/uploads\/copy_of_untitled_design_dzuurpy.png","contentUrl":"https:\/\/www.meydan.tv\/wp-content\/uploads\/copy_of_untitled_design_dzuurpy.png","width":1280,"height":720,"caption":"Foto: DTX"},{"@type":"BreadcrumbList","@id":"https:\/\/www.meydan.tv\/az\/article\/hebsde-vefat-eden-icra-bascisinin-yarim-milyonluq-emlaki-ile-bagli-qerar-qetilesdi\/#breadcrumb","itemListElement":[{"@type":"ListItem","position":1,"name":"Ana s\u0259hif\u0259","item":"https:\/\/www.meydan.tv\/az\/"},{"@type":"ListItem","position":2,"name":"B\u00f6lg\u0259","item":"https:\/\/www.meydan.tv\/az\/section\/bolge\/"},{"@type":"ListItem","position":3,"name":"H\u0259bsd\u0259 v\u0259fat ed\u0259n icra ba\u015f\u00e7\u0131s\u0131n\u0131n yar\u0131m milyonluq \u0259mlak\u0131 il\u0259 ba\u011fl\u0131 q\u0259rar q\u0259til\u0259\u015fdi"}]},{"@type":"WebSite","@id":"https:\/\/www.meydan.tv\/az\/#website","url":"https:\/\/www.meydan.tv\/az\/","name":"MEYDAN.TV","description":"Meydan TV Az\u0259rbaycan\u0131n media m\u0259kan\u0131ndak\u0131 alternativ s\u0259sidir","publisher":{"@id":"https:\/\/www.meydan.tv\/az\/#organization"},"potentialAction":[{"@type":"SearchAction","target":{"@type":"EntryPoint","urlTemplate":"https:\/\/www.meydan.tv\/az\/?s={search_term_string}"},"query-input":{"@type":"PropertyValueSpecification","valueRequired":true,"valueName":"search_term_string"}}],"inLanguage":"az"},{"@type":"Organization","@id":"https:\/\/www.meydan.tv\/az\/#organization","name":"Meydan TV","url":"https:\/\/www.meydan.tv\/az\/","logo":{"@type":"ImageObject","inLanguage":"az","@id":"https:\/\/www.meydan.tv\/az\/#\/schema\/logo\/image\/","url":"https:\/\/www.meydan.tv\/wp-content\/uploads\/2021\/07\/meydan-logo.svg","contentUrl":"https:\/\/www.meydan.tv\/wp-content\/uploads\/2021\/07\/meydan-logo.svg","width":195,"height":46,"caption":"Meydan TV"},"image":{"@id":"https:\/\/www.meydan.tv\/az\/#\/schema\/logo\/image\/"}},{"@type":"Person","@id":"https:\/\/www.meydan.tv\/az\/#\/schema\/person\/9cdbecf90d17180ce1dfbd95b08dcf47","name":"elli","sameAs":["https:\/\/x.com\/elli"]}]}},"_links":{"self":[{"href":"https:\/\/www.meydan.tv\/az\/wp-json\/wp\/v2\/posts\/310690","targetHints":{"allow":["GET"]}}],"collection":[{"href":"https:\/\/www.meydan.tv\/az\/wp-json\/wp\/v2\/posts"}],"about":[{"href":"https:\/\/www.meydan.tv\/az\/wp-json\/wp\/v2\/types\/post"}],"author":[{"embeddable":true,"href":"https:\/\/www.meydan.tv\/az\/wp-json\/wp\/v2\/users\/8"}],"replies":[{"embeddable":true,"href":"https:\/\/www.meydan.tv\/az\/wp-json\/wp\/v2\/comments?post=310690"}],"version-history":[{"count":3,"href":"https:\/\/www.meydan.tv\/az\/wp-json\/wp\/v2\/posts\/310690\/revisions"}],"predecessor-version":[{"id":310715,"href":"https:\/\/www.meydan.tv\/az\/wp-json\/wp\/v2\/posts\/310690\/revisions\/310715"}],"wp:featuredmedia":[{"embeddable":true,"href":"https:\/\/www.meydan.tv\/az\/wp-json\/wp\/v2\/media\/135828"}],"wp:attachment":[{"href":"https:\/\/www.meydan.tv\/az\/wp-json\/wp\/v2\/media?parent=310690"}],"wp:term":[{"taxonomy":"category","embeddable":true,"href":"https:\/\/www.meydan.tv\/az\/wp-json\/wp\/v2\/categories?post=310690"},{"taxonomy":"post_tag","embeddable":true,"href":"https:\/\/www.meydan.tv\/az\/wp-json\/wp\/v2\/tags?post=310690"}],"curies":[{"name":"wp","href":"https:\/\/api.w.org\/{rel}","templated":true}]}}