{"id":310684,"date":"2024-07-18T19:53:03","date_gmt":"2024-07-18T15:53:03","guid":{"rendered":"https:\/\/www.meydan.tv\/?p=310684"},"modified":"2024-07-18T19:53:05","modified_gmt":"2024-07-18T15:53:05","slug":"aztelekom-ve-baktelekom-internetin-qiymetini-artirir","status":"publish","type":"post","link":"https:\/\/www.meydan.tv\/az\/article\/aztelekom-ve-baktelekom-internetin-qiymetini-artirir\/","title":{"rendered":"\u201cAztelekom\u201d v\u0259 \u201cBaktelekom\u201d internetin qiym\u0259tini art\u0131r\u0131r"},"content":{"rendered":"\n<p><\/p>\n\n\n\n<p><em><strong>Osman G\u00fcnd\u00fcz: \u201c\u201dAztelekom\u201dun keyfiyy\u0259tli servis qurmaq \u00fc\u00e7\u00fcn he\u00e7 bir texniki-texnoloji imkan\u0131 yoxdur\u201d<\/strong><\/em><\/p>\n\n\n\n<p>D\u00f6vl\u0259t\u0259 m\u0259xsus internet provayderl\u0259ri \u201cAztelekom\u201d v\u0259 \u201cBaktelekom\u201d avqustun 15-d\u0259n Optik (GPON) internetin s\u00fcr\u0259tini v\u0259 tarif qiym\u0259tini art\u0131racaqlar\u0131n\u0131 a\u00e7\u0131qlay\u0131b. Bu bar\u0259d\u0259 m\u0259lumat h\u0259r iki internet provayderin r\u0259smi s\u0259hif\u0259sind\u0259 <a href=\"https:\/\/www.aztelekom.az\/az\/read\/278-aztelekom-mmc-abunecilerin-genishzolaqli-internete-artan-telebatini-nezere-alaraq-tarif-paketlerinde-sureti-2-5-defe-artiracaq\" target=\"_blank\" rel=\"noreferrer noopener\">yerl\u0259\u015fdirilib<\/a>. Bildirilir ki, h\u0259r iki \u015firk\u0259t Optik internetin tarifl\u0259ri \u00fczr\u0259 t\u0259qdim olunan s\u00fcr\u0259tl\u0259ri 2.5 d\u0259f\u0259 art\u0131racaq.\u00a0<\/p>\n\n\n\n<p>40 Mbit\/s internet s\u00fcr\u0259ti 100 Mbit\/s-y\u0259, 60 Mbit\/s internet s\u00fcr\u0259ti 150 Mbit\/s-y\u0259 v\u0259 100 Mbit\/s s\u00fcr\u0259ti is\u0259 250 Mbit\/s olacaq. Qeyd olunur ki, yeni s\u00fcr\u0259t tarifl\u0259rind\u0259 abun\u0259\u00e7il\u0259r \u00fc\u00e7\u00fcn minimal s\u00fcr\u0259t 100 Mbit\/s-d\u0259n ba\u015flayacaq v\u0259 h\u0259r Mbit\/s \u00fc\u00e7\u00fcn \u00f6d\u0259ni\u015f m\u0259bl\u0259\u011fi 0.45 AZN-d\u0259n 0.25 AZN-\u0259 endiril\u0259c\u0259k. Haz\u0131rda 40 Mbit\/s internet s\u00fcr\u0259tli paketin qiym\u0259ti 21 AZN, 60 Mbit\/s internet s\u00fcr\u0259tli paketin qiym\u0259ti 29 AZN, 100 Mbit\/s internet s\u00fcr\u0259tli paketin qiym\u0259ti is\u0259 48 AZN-dir. <\/p>\n\n\n\n<p>Abun\u0259\u00e7il\u0259r\u0259 100 Mbit\/s internet \u00fc\u00e7\u00fcn 25 AZN, 150 Mbit\/s internet \u00fc\u00e7\u00fcn 30 AZN, 250 Mbit\/s internet \u00fc\u00e7\u00fcn 36 AZN qiym\u0259t t\u0259klif edil\u0259c\u0259k. M\u0259lumatda qeyd olunur ki, qiym\u0259t art\u0131m\u0131 \u015f\u0259hid ail\u0259l\u0259ri v\u0259 m\u00fcharib\u0259 \u0259lill\u0259ri \u00fc\u00e7\u00fcn n\u0259z\u0259rd\u0259 tutulan g\u00fcz\u0259\u015ftli \u201cT\u0259\u015f\u0259kk\u00fcr\u201d tarif paketl\u0259rini \u0259hat\u0259 etm\u0259y\u0259c\u0259k. <\/p>\n\n\n\n<p><em>\u201cBu i\u015fl\u0259r \u00f6lk\u0259mizd\u0259 d\u00fcnya trendl\u0259ri il\u0259 ayaqla\u015fma v\u0259 \u0259halinin y\u00fcks\u0259ks\u00fcr\u0259tli internet\u0259 olan t\u0259l\u0259bat\u0131nda art\u0131m tendensiyas\u0131n\u0131 n\u0259z\u0259r\u0259 alaraq, g\u00f6st\u0259ril\u0259n xidm\u0259tin keyfiyy\u0259tinin y\u00fcks\u0259ldilm\u0259si v\u0259 dayan\u0131ql\u0131 infrastrukturun t\u0259min edilm\u0259si m\u0259qs\u0259dil\u0259 h\u0259yata ke\u00e7irilir\u201d<\/em>, &#8211; h\u0259r iki provayderin m\u0259lumat\u0131nda qeyd olunur. Az\u0259rbaycan \u0130nternet Forumunun prezidenti Osman G\u00fcnd\u00fcz h\u0259r iki provayderin g\u0259tirdiyi arqument m\u0259ntiqsiz <a href=\"https:\/\/www.facebook.com\/permalink.php?story_fbid=pfbid038GqHAAocjF2ADqPYE8X8WVSQCNZ7UbS726TMnouc1ckj46851uAWMwdtrUsNbvUAl&amp;id=100005752170227\" target=\"_blank\" rel=\"noreferrer noopener\">say\u0131r.<\/a>\u00a0<\/p>\n\n\n\n<p>\u018flav\u0259 edir ki, yenic\u0259 magistral (backbone) statusu qazanan \u201cAztelekom\u201dun h\u0259r bir m\u00fc\u015ft\u0259riy\u0259 minimal 100Mbit\/s s\u00fcr\u0259t t\u0259qdim etm\u0259k, keyfiyy\u0259tli servis qurmaq \u00fc\u00e7\u00fcn he\u00e7 bir texniki-texnoloji imkan\u0131 yoxdur:<\/p>\n\n\n<div class=\"wp-block-image\">\n<figure class=\"alignright size-full is-resized\"><img decoding=\"async\" width=\"960\" height=\"640\" data-src=\"https:\/\/www.meydan.tv\/wp-content\/uploads\/38652.jpg\" alt=\"Osman G\u00fcnd\u00fcz\" class=\"wp-image-97966 lazyload\" style=\"--smush-placeholder-width: 960px; --smush-placeholder-aspect-ratio: 960\/640;width:423px;height:auto\" src=\"data:image\/svg+xml;base64,PHN2ZyB3aWR0aD0iMSIgaGVpZ2h0PSIxIiB4bWxucz0iaHR0cDovL3d3dy53My5vcmcvMjAwMC9zdmciPjwvc3ZnPg==\" \/><figcaption class=\"wp-element-caption\">Osman G\u00fcnd\u00fcz\u00fcn \u015f\u0259xsi arxivi<\/figcaption><\/figure>\n<\/div>\n\n\n<p><em>\u00a0\u201c\u018fminlikl\u0259 deyir\u0259m ki \u201cAztelekom\u201dda n\u0259inki h\u0259r user\u0259 100Mb\/s, he\u00e7 40 Mb\/s verm\u0259k \u00fc\u00e7\u00fcn texniki-texnoloji imkan\u0131 yoxdur. \u201cAztelekom\u201d a\u00e7\u0131qlas\u0131n g\u00f6r\u0259k, haz\u0131rda n\u0259 q\u0259d\u0259r trafik al\u0131r v\u0259 n\u0259 q\u0259d\u0259r sat\u0131r? M\u00fc\u015ft\u0259ril\u0259rin say\u0131 v\u0259 t\u0259l\u0259bat\u0131 n\u0259 q\u0259d\u0259rdir? D\u00f6vl\u0259t qurumu \u00fc\u00e7\u00fcn bu m\u0259lumatlar a\u00e7\u0131q olmal\u0131d\u0131r. Lakin \u201cAztelekom\u201d bunu qapal\u0131 saxlay\u0131r. \u00c7\u00fcnki bilir ki ald\u0131\u011f\u0131 il\u0259 satd\u0131\u011f\u0131 aras\u0131nda da\u011f boyda f\u0259rq var. Bununla da \u201cAztelekom\u201d abonentl\u0259r\u0259 m\u00fcqavil\u0259d\u0259 n\u0259z\u0259rd\u0259 tutulan\u0131 deyil &#8211; a\u015fa\u011f\u0131 s\u00fcr\u0259tl\u0259ri t\u0259qdim ed\u0259c\u0259k. Sad\u0259 v\u0259t\u0259nda\u015flar\u0131n bundan x\u0259b\u0259ri olmayacaq. Sad\u0259 v\u0259t\u0259nda\u015flara qar\u015f\u0131 sad\u0259c\u0259, \u201c\u00e7\u0259kid\u0259 o\u011furlamaq\u201d prinsipi t\u0259tbiq edil\u0259c\u0259k\u201d<\/em>. <\/p>\n\n\n\n<p>Ekspert deyir ki, qiym\u0259tl\u0259rin 40% qald\u0131r\u0131lmas\u0131, ilk n\u00f6vb\u0259d\u0259 \u00f6lk\u0259d\u0259 telekommunikasiya sah\u0259sind\u0259 m\u00fcst\u0259qil t\u0259nziml\u0259yici qurumun olmamas\u0131n\u0131n g\u00f6st\u0259ricisidir: <\/p>\n\n\n\n<p><em>\u201cM\u00fcvafiq qurumlar monitorinq apar\u0131b, \u201cAztelekom\u201dun elan etdiyi parametrl\u0259r\u0259 uy\u011fun texnoloji imkanlar\u0131n\u0131n olmas\u0131n\u0131 m\u00fc\u0259yy\u0259nl\u0259\u015fdirm\u0259lidirl\u0259r. Sektorda istehlak\u00e7\u0131lar\u0131n h\u00fcququnu qorumal\u0131 olan da \u0130nformasiya Kommunikasiya Texnologiyalar\u0131 Agentliyidir (\u0130KTA). O da m\u00fcst\u0259qil deyil. \u201cAztelekom\u201d da n\u0259 R\u0259q\u0259msal \u0130nki\u015faf v\u0259 N\u0259qliyyat Nazirliyinin tabeliyind\u0259 \u0130KTA-dan \u00e7\u0259kinir, n\u0259 d\u0259 Antiinhisar Siyas\u0259ti v\u0259 \u0130stehlak\u00e7\u0131lar\u0131n H\u00fcquqlar\u0131n\u0131n M\u00fcdafi\u0259si D\u00f6vl\u0259t Xidm\u0259tind\u0259n (Antiinhisar). H\u0259tta \u201cAntiinhisar\u201dla da m\u0259hz bu tip m\u0259s\u0259l\u0259l\u0259rl\u0259 ba\u011fl\u0131 m\u0259hk\u0259m\u0259 \u00e7\u0259ki\u015fm\u0259sind\u0259dir\u201d<\/em>.<\/p>\n\n\n\n<p>Daha \u00f6nc\u0259 v\u0259t\u0259nda\u015flar \u201cBaktelekom\u201d t\u0259r\u0259find\u0259n Optik (GPON) internet\u0259 qo\u015fulma\u011fa m\u0259cbur edildikl\u0259rini <a href=\"https:\/\/storage.googleapis.com\/qurium\/www.meydan.tv\/az-article-baktelekom-jurnalistin-telefonunu-kesib-deyirler-ki-bizim-internete-qosulun.html\">bildirmi\u015fdil<\/a><a href=\"https:\/\/storage.googleapis.com\/qurium\/www.meydan.tv\/az-article-baktelekom-jurnalistin-telefonunu-kesib-deyirler-ki-bizim-internete-qosulun.html\" target=\"_blank\" rel=\"noreferrer noopener\">\u0259<\/a><a href=\"https:\/\/storage.googleapis.com\/qurium\/www.meydan.tv\/az-article-baktelekom-jurnalistin-telefonunu-kesib-deyirler-ki-bizim-internete-qosulun.html\">r<\/a>.\u00a0<\/p>\n\n\n\n<p>Bir ne\u00e7\u0259 ildir ki, Bak\u0131da v\u0259 regionlarda \u201cEv\u0259d\u0259k internet\u201d layih\u0259si GPON (Gigabit Passive Optical Network \u2013 Gigabit tutumlu Passiv Optik \u015e\u0259b\u0259k\u0259) texnologiyas\u0131 \u0259sas\u0131nda i\u015fl\u0259r apar\u0131l\u0131rd\u0131. \u0130stifad\u0259\u00e7il\u0259rin GPON texnologiyas\u0131 say\u0259sind\u0259 fiber-optik x\u0259tl\u0259r \u00fcz\u0259rind\u0259n 100 Mbit\/s-\u0259 q\u0259d\u0259r qo\u015fulma, k\u0259sintisiz internet, video n\u0259zar\u0259t v\u0259 dig\u0259r interaktiv xidm\u0259tl\u0259r \u0259ld\u0259 ed\u0259c\u0259kl\u0259rin\u0259 dair v\u0259dl\u0259r verilirdi. Qeyd olunurdu ki, 2024-c\u00fc ilin \u0259vv\u0259lin\u0259d\u0259k \u00f6lk\u0259 \u00fczr\u0259 ADSL xidm\u0259tind\u0259n Optik \u015f\u0259b\u0259k\u0259sin\u0259 ke\u00e7id edil\u0259c\u0259k.<\/p>\n","protected":false},"excerpt":{"rendered":"<p>Osman G\u00fcnd\u00fcz: \u201c\u201dAztelekom\u201dun keyfiyy\u0259tli servis qurmaq \u00fc\u00e7\u00fcn he\u00e7 bir texniki-texnoloji &#8230; <\/p>\n<p class=\"read-more-container\"><a title=\"\u201cAztelekom\u201d v\u0259 \u201cBaktelekom\u201d internetin qiym\u0259tini art\u0131r\u0131r\" class=\"read-more button\" href=\"https:\/\/www.meydan.tv\/az\/article\/aztelekom-ve-baktelekom-internetin-qiymetini-artirir\/#more-310684\" aria-label=\"Read more about \u201cAztelekom\u201d v\u0259 \u201cBaktelekom\u201d internetin qiym\u0259tini art\u0131r\u0131r\">Davam\u0131<\/a><\/p>\n","protected":false},"author":21,"featured_media":159705,"comment_status":"closed","ping_status":"closed","sticky":false,"template":"","format":"standard","meta":{"_acf_changed":false,"_sitemap_exclude":false,"_sitemap_priority":"","_sitemap_frequency":"","footnotes":""},"categories":[62,79,56],"tags":[],"class_list":["post-310684","post","type-post","status-publish","format-standard","has-post-thumbnail","hentry","category-sosial","category-featured","category-xeberler","infinite-scroll-item","generate-columns","tablet-grid-50","mobile-grid-100","grid-parent","grid-33","no-featured-image-padding"],"acf":[],"yoast_head":"<!-- This site is optimized with the Yoast SEO plugin v27.5 - https:\/\/yoast.com\/product\/yoast-seo-wordpress\/ -->\n<title>\u201cAztelekom\u201d v\u0259 \u201cBaktelekom\u201d internetin qiym\u0259tini art\u0131r\u0131r - MEYDAN.TV<\/title>\n<meta name=\"description\" content=\"D\u00f6vl\u0259t\u0259 m\u0259xsus internet provayderl\u0259ri \u201cAztelekom\u201d v\u0259 \u201cBaktelekom\u201d avqustun 15-d\u0259n Optik internetin s\u00fcr\u0259tini v\u0259 tarif qiym\u0259tini art\u0131racaqlar\u0131n\u0131 a\u00e7\u0131qlay\u0131b.\" \/>\n<meta name=\"robots\" content=\"index, follow, max-snippet:-1, max-image-preview:large, max-video-preview:-1\" \/>\n<link rel=\"canonical\" href=\"https:\/\/www.meydan.tv\/az\/article\/aztelekom-ve-baktelekom-internetin-qiymetini-artirir\/\" \/>\n<meta property=\"og:locale\" content=\"az_AZ\" \/>\n<meta property=\"og:type\" content=\"article\" \/>\n<meta property=\"og:title\" content=\"\u201cAztelekom\u201d v\u0259 \u201cBaktelekom\u201d internetin qiym\u0259tini art\u0131r\u0131r - MEYDAN.TV\" \/>\n<meta property=\"og:description\" content=\"D\u00f6vl\u0259t\u0259 m\u0259xsus internet provayderl\u0259ri \u201cAztelekom\u201d v\u0259 \u201cBaktelekom\u201d avqustun 15-d\u0259n Optik internetin s\u00fcr\u0259tini v\u0259 tarif qiym\u0259tini art\u0131racaqlar\u0131n\u0131 a\u00e7\u0131qlay\u0131b.\" \/>\n<meta property=\"og:url\" content=\"https:\/\/www.meydan.tv\/az\/article\/aztelekom-ve-baktelekom-internetin-qiymetini-artirir\/\" \/>\n<meta property=\"og:site_name\" content=\"MEYDAN.TV\" \/>\n<meta property=\"article:published_time\" content=\"2024-07-18T15:53:03+00:00\" \/>\n<meta property=\"article:modified_time\" content=\"2024-07-18T15:53:05+00:00\" \/>\n<meta property=\"og:image\" content=\"https:\/\/www.meydan.tv\/wp-content\/uploads\/unknown-wifi-state.jpeg\" \/>\n\t<meta property=\"og:image:width\" content=\"2000\" \/>\n\t<meta property=\"og:image:height\" content=\"1333\" \/>\n\t<meta property=\"og:image:type\" content=\"image\/jpeg\" \/>\n<meta name=\"author\" content=\"mahmud\" \/>\n<meta name=\"twitter:card\" content=\"summary_large_image\" \/>\n<script type=\"application\/ld+json\" class=\"yoast-schema-graph\">{\"@context\":\"https:\\\/\\\/schema.org\",\"@graph\":[{\"@type\":\"Article\",\"@id\":\"https:\\\/\\\/www.meydan.tv\\\/az\\\/article\\\/aztelekom-ve-baktelekom-internetin-qiymetini-artirir\\\/#article\",\"isPartOf\":{\"@id\":\"https:\\\/\\\/www.meydan.tv\\\/az\\\/article\\\/aztelekom-ve-baktelekom-internetin-qiymetini-artirir\\\/\"},\"author\":{\"name\":\"mahmud\",\"@id\":\"https:\\\/\\\/www.meydan.tv\\\/az\\\/#\\\/schema\\\/person\\\/09863e516102a829e72bedcf3f84c6b0\"},\"headline\":\"\u201cAztelekom\u201d v\u0259 \u201cBaktelekom\u201d internetin qiym\u0259tini art\u0131r\u0131r\",\"datePublished\":\"2024-07-18T15:53:03+00:00\",\"dateModified\":\"2024-07-18T15:53:05+00:00\",\"mainEntityOfPage\":{\"@id\":\"https:\\\/\\\/www.meydan.tv\\\/az\\\/article\\\/aztelekom-ve-baktelekom-internetin-qiymetini-artirir\\\/\"},\"wordCount\":797,\"publisher\":{\"@id\":\"https:\\\/\\\/www.meydan.tv\\\/az\\\/#organization\"},\"image\":{\"@id\":\"https:\\\/\\\/www.meydan.tv\\\/az\\\/article\\\/aztelekom-ve-baktelekom-internetin-qiymetini-artirir\\\/#primaryimage\"},\"thumbnailUrl\":\"https:\\\/\\\/www.meydan.tv\\\/wp-content\\\/uploads\\\/unknown-wifi-state.jpeg\",\"articleSection\":[\"Sosial\",\"T\u00f6vsiy\u0259\",\"X\u0259b\u0259rl\u0259r\"],\"inLanguage\":\"az\"},{\"@type\":\"WebPage\",\"@id\":\"https:\\\/\\\/www.meydan.tv\\\/az\\\/article\\\/aztelekom-ve-baktelekom-internetin-qiymetini-artirir\\\/\",\"url\":\"https:\\\/\\\/www.meydan.tv\\\/az\\\/article\\\/aztelekom-ve-baktelekom-internetin-qiymetini-artirir\\\/\",\"name\":\"\u201cAztelekom\u201d v\u0259 \u201cBaktelekom\u201d internetin qiym\u0259tini art\u0131r\u0131r - MEYDAN.TV\",\"isPartOf\":{\"@id\":\"https:\\\/\\\/www.meydan.tv\\\/az\\\/#website\"},\"primaryImageOfPage\":{\"@id\":\"https:\\\/\\\/www.meydan.tv\\\/az\\\/article\\\/aztelekom-ve-baktelekom-internetin-qiymetini-artirir\\\/#primaryimage\"},\"image\":{\"@id\":\"https:\\\/\\\/www.meydan.tv\\\/az\\\/article\\\/aztelekom-ve-baktelekom-internetin-qiymetini-artirir\\\/#primaryimage\"},\"thumbnailUrl\":\"https:\\\/\\\/www.meydan.tv\\\/wp-content\\\/uploads\\\/unknown-wifi-state.jpeg\",\"datePublished\":\"2024-07-18T15:53:03+00:00\",\"dateModified\":\"2024-07-18T15:53:05+00:00\",\"description\":\"D\u00f6vl\u0259t\u0259 m\u0259xsus internet provayderl\u0259ri \u201cAztelekom\u201d v\u0259 \u201cBaktelekom\u201d avqustun 15-d\u0259n Optik internetin s\u00fcr\u0259tini v\u0259 tarif qiym\u0259tini art\u0131racaqlar\u0131n\u0131 a\u00e7\u0131qlay\u0131b.\",\"breadcrumb\":{\"@id\":\"https:\\\/\\\/www.meydan.tv\\\/az\\\/article\\\/aztelekom-ve-baktelekom-internetin-qiymetini-artirir\\\/#breadcrumb\"},\"inLanguage\":\"az\",\"potentialAction\":[{\"@type\":\"ReadAction\",\"target\":[\"https:\\\/\\\/www.meydan.tv\\\/az\\\/article\\\/aztelekom-ve-baktelekom-internetin-qiymetini-artirir\\\/\"]}]},{\"@type\":\"ImageObject\",\"inLanguage\":\"az\",\"@id\":\"https:\\\/\\\/www.meydan.tv\\\/az\\\/article\\\/aztelekom-ve-baktelekom-internetin-qiymetini-artirir\\\/#primaryimage\",\"url\":\"https:\\\/\\\/www.meydan.tv\\\/wp-content\\\/uploads\\\/unknown-wifi-state.jpeg\",\"contentUrl\":\"https:\\\/\\\/www.meydan.tv\\\/wp-content\\\/uploads\\\/unknown-wifi-state.jpeg\",\"width\":2000,\"height\":1333,\"caption\":\"Foto: ctrl.blog | CC BY-SA 4.0: https:\\\/\\\/creativecommons.org\\\/licenses\\\/by-sa\\\/4.0\\\/\"},{\"@type\":\"BreadcrumbList\",\"@id\":\"https:\\\/\\\/www.meydan.tv\\\/az\\\/article\\\/aztelekom-ve-baktelekom-internetin-qiymetini-artirir\\\/#breadcrumb\",\"itemListElement\":[{\"@type\":\"ListItem\",\"position\":1,\"name\":\"Ana s\u0259hif\u0259\",\"item\":\"https:\\\/\\\/www.meydan.tv\\\/az\\\/\"},{\"@type\":\"ListItem\",\"position\":2,\"name\":\"Sosial\",\"item\":\"https:\\\/\\\/www.meydan.tv\\\/az\\\/section\\\/sosial\\\/\"},{\"@type\":\"ListItem\",\"position\":3,\"name\":\"\u201cAztelekom\u201d v\u0259 \u201cBaktelekom\u201d internetin qiym\u0259tini art\u0131r\u0131r\"}]},{\"@type\":\"WebSite\",\"@id\":\"https:\\\/\\\/www.meydan.tv\\\/az\\\/#website\",\"url\":\"https:\\\/\\\/www.meydan.tv\\\/az\\\/\",\"name\":\"MEYDAN.TV\",\"description\":\"Meydan TV Az\u0259rbaycan\u0131n media m\u0259kan\u0131ndak\u0131 alternativ s\u0259sidir\",\"publisher\":{\"@id\":\"https:\\\/\\\/www.meydan.tv\\\/az\\\/#organization\"},\"potentialAction\":[{\"@type\":\"SearchAction\",\"target\":{\"@type\":\"EntryPoint\",\"urlTemplate\":\"https:\\\/\\\/www.meydan.tv\\\/az\\\/?s={search_term_string}\"},\"query-input\":{\"@type\":\"PropertyValueSpecification\",\"valueRequired\":true,\"valueName\":\"search_term_string\"}}],\"inLanguage\":\"az\"},{\"@type\":\"Organization\",\"@id\":\"https:\\\/\\\/www.meydan.tv\\\/az\\\/#organization\",\"name\":\"Meydan TV\",\"url\":\"https:\\\/\\\/www.meydan.tv\\\/az\\\/\",\"logo\":{\"@type\":\"ImageObject\",\"inLanguage\":\"az\",\"@id\":\"https:\\\/\\\/www.meydan.tv\\\/az\\\/#\\\/schema\\\/logo\\\/image\\\/\",\"url\":\"https:\\\/\\\/www.meydan.tv\\\/wp-content\\\/uploads\\\/2021\\\/07\\\/meydan-logo.svg\",\"contentUrl\":\"https:\\\/\\\/www.meydan.tv\\\/wp-content\\\/uploads\\\/2021\\\/07\\\/meydan-logo.svg\",\"width\":195,\"height\":46,\"caption\":\"Meydan TV\"},\"image\":{\"@id\":\"https:\\\/\\\/www.meydan.tv\\\/az\\\/#\\\/schema\\\/logo\\\/image\\\/\"}},{\"@type\":\"Person\",\"@id\":\"https:\\\/\\\/www.meydan.tv\\\/az\\\/#\\\/schema\\\/person\\\/09863e516102a829e72bedcf3f84c6b0\",\"name\":\"mahmud\"}]}<\/script>\n<!-- \/ Yoast SEO plugin. -->","yoast_head_json":{"title":"\u201cAztelekom\u201d v\u0259 \u201cBaktelekom\u201d internetin qiym\u0259tini art\u0131r\u0131r - MEYDAN.TV","description":"D\u00f6vl\u0259t\u0259 m\u0259xsus internet provayderl\u0259ri \u201cAztelekom\u201d v\u0259 \u201cBaktelekom\u201d avqustun 15-d\u0259n Optik internetin s\u00fcr\u0259tini v\u0259 tarif qiym\u0259tini art\u0131racaqlar\u0131n\u0131 a\u00e7\u0131qlay\u0131b.","robots":{"index":"index","follow":"follow","max-snippet":"max-snippet:-1","max-image-preview":"max-image-preview:large","max-video-preview":"max-video-preview:-1"},"canonical":"https:\/\/www.meydan.tv\/az\/article\/aztelekom-ve-baktelekom-internetin-qiymetini-artirir\/","og_locale":"az_AZ","og_type":"article","og_title":"\u201cAztelekom\u201d v\u0259 \u201cBaktelekom\u201d internetin qiym\u0259tini art\u0131r\u0131r - MEYDAN.TV","og_description":"D\u00f6vl\u0259t\u0259 m\u0259xsus internet provayderl\u0259ri \u201cAztelekom\u201d v\u0259 \u201cBaktelekom\u201d avqustun 15-d\u0259n Optik internetin s\u00fcr\u0259tini v\u0259 tarif qiym\u0259tini art\u0131racaqlar\u0131n\u0131 a\u00e7\u0131qlay\u0131b.","og_url":"https:\/\/www.meydan.tv\/az\/article\/aztelekom-ve-baktelekom-internetin-qiymetini-artirir\/","og_site_name":"MEYDAN.TV","article_published_time":"2024-07-18T15:53:03+00:00","article_modified_time":"2024-07-18T15:53:05+00:00","og_image":[{"width":2000,"height":1333,"url":"https:\/\/www.meydan.tv\/wp-content\/uploads\/unknown-wifi-state.jpeg","type":"image\/jpeg"}],"author":"mahmud","twitter_card":"summary_large_image","schema":{"@context":"https:\/\/schema.org","@graph":[{"@type":"Article","@id":"https:\/\/www.meydan.tv\/az\/article\/aztelekom-ve-baktelekom-internetin-qiymetini-artirir\/#article","isPartOf":{"@id":"https:\/\/www.meydan.tv\/az\/article\/aztelekom-ve-baktelekom-internetin-qiymetini-artirir\/"},"author":{"name":"mahmud","@id":"https:\/\/www.meydan.tv\/az\/#\/schema\/person\/09863e516102a829e72bedcf3f84c6b0"},"headline":"\u201cAztelekom\u201d v\u0259 \u201cBaktelekom\u201d internetin qiym\u0259tini art\u0131r\u0131r","datePublished":"2024-07-18T15:53:03+00:00","dateModified":"2024-07-18T15:53:05+00:00","mainEntityOfPage":{"@id":"https:\/\/www.meydan.tv\/az\/article\/aztelekom-ve-baktelekom-internetin-qiymetini-artirir\/"},"wordCount":797,"publisher":{"@id":"https:\/\/www.meydan.tv\/az\/#organization"},"image":{"@id":"https:\/\/www.meydan.tv\/az\/article\/aztelekom-ve-baktelekom-internetin-qiymetini-artirir\/#primaryimage"},"thumbnailUrl":"https:\/\/www.meydan.tv\/wp-content\/uploads\/unknown-wifi-state.jpeg","articleSection":["Sosial","T\u00f6vsiy\u0259","X\u0259b\u0259rl\u0259r"],"inLanguage":"az"},{"@type":"WebPage","@id":"https:\/\/www.meydan.tv\/az\/article\/aztelekom-ve-baktelekom-internetin-qiymetini-artirir\/","url":"https:\/\/www.meydan.tv\/az\/article\/aztelekom-ve-baktelekom-internetin-qiymetini-artirir\/","name":"\u201cAztelekom\u201d v\u0259 \u201cBaktelekom\u201d internetin qiym\u0259tini art\u0131r\u0131r - MEYDAN.TV","isPartOf":{"@id":"https:\/\/www.meydan.tv\/az\/#website"},"primaryImageOfPage":{"@id":"https:\/\/www.meydan.tv\/az\/article\/aztelekom-ve-baktelekom-internetin-qiymetini-artirir\/#primaryimage"},"image":{"@id":"https:\/\/www.meydan.tv\/az\/article\/aztelekom-ve-baktelekom-internetin-qiymetini-artirir\/#primaryimage"},"thumbnailUrl":"https:\/\/www.meydan.tv\/wp-content\/uploads\/unknown-wifi-state.jpeg","datePublished":"2024-07-18T15:53:03+00:00","dateModified":"2024-07-18T15:53:05+00:00","description":"D\u00f6vl\u0259t\u0259 m\u0259xsus internet provayderl\u0259ri \u201cAztelekom\u201d v\u0259 \u201cBaktelekom\u201d avqustun 15-d\u0259n Optik internetin s\u00fcr\u0259tini v\u0259 tarif qiym\u0259tini art\u0131racaqlar\u0131n\u0131 a\u00e7\u0131qlay\u0131b.","breadcrumb":{"@id":"https:\/\/www.meydan.tv\/az\/article\/aztelekom-ve-baktelekom-internetin-qiymetini-artirir\/#breadcrumb"},"inLanguage":"az","potentialAction":[{"@type":"ReadAction","target":["https:\/\/www.meydan.tv\/az\/article\/aztelekom-ve-baktelekom-internetin-qiymetini-artirir\/"]}]},{"@type":"ImageObject","inLanguage":"az","@id":"https:\/\/www.meydan.tv\/az\/article\/aztelekom-ve-baktelekom-internetin-qiymetini-artirir\/#primaryimage","url":"https:\/\/www.meydan.tv\/wp-content\/uploads\/unknown-wifi-state.jpeg","contentUrl":"https:\/\/www.meydan.tv\/wp-content\/uploads\/unknown-wifi-state.jpeg","width":2000,"height":1333,"caption":"Foto: ctrl.blog | CC BY-SA 4.0: https:\/\/creativecommons.org\/licenses\/by-sa\/4.0\/"},{"@type":"BreadcrumbList","@id":"https:\/\/www.meydan.tv\/az\/article\/aztelekom-ve-baktelekom-internetin-qiymetini-artirir\/#breadcrumb","itemListElement":[{"@type":"ListItem","position":1,"name":"Ana s\u0259hif\u0259","item":"https:\/\/www.meydan.tv\/az\/"},{"@type":"ListItem","position":2,"name":"Sosial","item":"https:\/\/www.meydan.tv\/az\/section\/sosial\/"},{"@type":"ListItem","position":3,"name":"\u201cAztelekom\u201d v\u0259 \u201cBaktelekom\u201d internetin qiym\u0259tini art\u0131r\u0131r"}]},{"@type":"WebSite","@id":"https:\/\/www.meydan.tv\/az\/#website","url":"https:\/\/www.meydan.tv\/az\/","name":"MEYDAN.TV","description":"Meydan TV Az\u0259rbaycan\u0131n media m\u0259kan\u0131ndak\u0131 alternativ s\u0259sidir","publisher":{"@id":"https:\/\/www.meydan.tv\/az\/#organization"},"potentialAction":[{"@type":"SearchAction","target":{"@type":"EntryPoint","urlTemplate":"https:\/\/www.meydan.tv\/az\/?s={search_term_string}"},"query-input":{"@type":"PropertyValueSpecification","valueRequired":true,"valueName":"search_term_string"}}],"inLanguage":"az"},{"@type":"Organization","@id":"https:\/\/www.meydan.tv\/az\/#organization","name":"Meydan TV","url":"https:\/\/www.meydan.tv\/az\/","logo":{"@type":"ImageObject","inLanguage":"az","@id":"https:\/\/www.meydan.tv\/az\/#\/schema\/logo\/image\/","url":"https:\/\/www.meydan.tv\/wp-content\/uploads\/2021\/07\/meydan-logo.svg","contentUrl":"https:\/\/www.meydan.tv\/wp-content\/uploads\/2021\/07\/meydan-logo.svg","width":195,"height":46,"caption":"Meydan TV"},"image":{"@id":"https:\/\/www.meydan.tv\/az\/#\/schema\/logo\/image\/"}},{"@type":"Person","@id":"https:\/\/www.meydan.tv\/az\/#\/schema\/person\/09863e516102a829e72bedcf3f84c6b0","name":"mahmud"}]}},"_links":{"self":[{"href":"https:\/\/www.meydan.tv\/az\/wp-json\/wp\/v2\/posts\/310684","targetHints":{"allow":["GET"]}}],"collection":[{"href":"https:\/\/www.meydan.tv\/az\/wp-json\/wp\/v2\/posts"}],"about":[{"href":"https:\/\/www.meydan.tv\/az\/wp-json\/wp\/v2\/types\/post"}],"author":[{"embeddable":true,"href":"https:\/\/www.meydan.tv\/az\/wp-json\/wp\/v2\/users\/21"}],"replies":[{"embeddable":true,"href":"https:\/\/www.meydan.tv\/az\/wp-json\/wp\/v2\/comments?post=310684"}],"version-history":[{"count":1,"href":"https:\/\/www.meydan.tv\/az\/wp-json\/wp\/v2\/posts\/310684\/revisions"}],"predecessor-version":[{"id":310686,"href":"https:\/\/www.meydan.tv\/az\/wp-json\/wp\/v2\/posts\/310684\/revisions\/310686"}],"wp:featuredmedia":[{"embeddable":true,"href":"https:\/\/www.meydan.tv\/az\/wp-json\/wp\/v2\/media\/159705"}],"wp:attachment":[{"href":"https:\/\/www.meydan.tv\/az\/wp-json\/wp\/v2\/media?parent=310684"}],"wp:term":[{"taxonomy":"category","embeddable":true,"href":"https:\/\/www.meydan.tv\/az\/wp-json\/wp\/v2\/categories?post=310684"},{"taxonomy":"post_tag","embeddable":true,"href":"https:\/\/www.meydan.tv\/az\/wp-json\/wp\/v2\/tags?post=310684"}],"curies":[{"name":"wp","href":"https:\/\/api.w.org\/{rel}","templated":true}]}}