{"id":310667,"date":"2024-07-18T18:45:19","date_gmt":"2024-07-18T14:45:19","guid":{"rendered":"https:\/\/www.meydan.tv\/?p=310667"},"modified":"2024-07-18T18:57:05","modified_gmt":"2024-07-18T14:57:05","slug":"azerbaycanli-jurnalistin-tbilisi-hava-limanindan-ucmasina-icaze-verilmeyib","status":"publish","type":"post","link":"https:\/\/www.meydan.tv\/az\/article\/azerbaycanli-jurnalistin-tbilisi-hava-limanindan-ucmasina-icaze-verilmeyib\/","title":{"rendered":"Az\u0259rbaycanl\u0131 jurnalistin Tbilisi Hava Liman\u0131ndan u\u00e7mas\u0131na icaz\u0259 verilm\u0259yib"},"content":{"rendered":"\n<p><\/p>\n\n\n\n<p><strong><em>\u018ffqan Sad\u0131qov v\u0259kil vasit\u0259sil\u0259 D\u0130N-\u0259 m\u00fcraci\u0259t ed\u0259c\u0259k<\/em><\/strong><\/p>\n\n\n\n<p>Az\u0259rbaycanl\u0131 jurnalist \u018ffqan Sad\u0131qovun Tbilisi Hava Liman\u0131ndan T\u00fcrkiy\u0259y\u0259 u\u00e7u\u015funa izin verilm\u0259diyi bildirilir. M\u0259lumat\u0131 Meydan TV-y\u0259 jurnalistin h\u0259yat yolda\u015f\u0131 Sevinc Sad\u0131qova t\u0259sdiql\u0259yib. <\/p>\n\n\n\n<p>Bildirib ki, s\u0259rh\u0259d polisind\u0259n onlara \u018ffqan Sad\u0131qovun pasportunun sistemd\u0259 g\u00f6r\u00fcnm\u0259diyi, yaln\u0131z Az\u0259rbaycana u\u00e7a bil\u0259c\u0259yi bildirilib. <\/p>\n\n\n\n<p><em>\u201cAntalyaya u\u00e7urduq, Tbilisi Hava Liman\u0131nda pasport kontrolda saxlan\u0131ld\u0131, ona deyildi ki, \u00fc\u00e7\u00fcnc\u00fc \u00f6lk\u0259y\u0259 u\u00e7a bilm\u0259z. S\u0259b\u0259bi bar\u0259d\u0259 m\u0259lumat verm\u0259dil\u0259r, dedil\u0259r ki, G\u00fcrc\u00fcstan Daxili \u0130\u015fl\u0259r Nazirliyind\u0259n m\u0259lumat al\u0131n. Amma bizi u\u00e7u\u015fa buraxmad\u0131lar\u201d.<\/em><\/p>\n\n\n\n<p>S\u0259b\u0259bin\u0259 g\u0259linc\u0259, Sevinc Sad\u0131qova iddia edib ki, bu, Az\u0259rbaycan Prezidenti \u0130lham \u018fliyevin sifari\u015fi il\u0259 edilib.<\/p>\n\n\n\n<p><em>\u201cV\u0259kil vasit\u0259sil\u0259 nazirliy\u0259 m\u00fcraci\u0259t ed\u0259c\u0259yik. Ham\u0131 bilir ki, o, Az\u0259rbaycana d\u00f6ns\u0259, h\u0259bs edil\u0259c\u0259k. \u00c7\u00fcnki daim \u00f6lk\u0259 r\u0259hb\u0259rliyini t\u0259nqid edir, korrupsiyadan yaz\u0131r v\u0259 v\u0259t\u0259nda\u015flar\u0131n \u015fikay\u0259tl\u0259rini i\u015f\u0131qland\u0131r\u0131r. Bu g\u00fcn G\u00fcrc\u00fcstan \u018ffqan\u0131 verm\u0259di, b\u0259lk\u0259 d\u0259 ba\u015fqa \u00f6lk\u0259 ver\u0259rdi, bilmir\u0259m. Sistemd\u0259 pasport g\u00f6r\u00fcnm\u00fcr deyib, birini saxlamaq do\u011fru deyil. Bizi saxlad\u0131lar, polis g\u0259ldi, u\u015faqlar qorxdu, stress ya\u015fad\u0131q. T\u0259hl\u00fck\u0259sizliyimiz\u0259 g\u00f6r\u0259 \u00f6t\u0259n ilin dekabr\u0131ndan Tbilisid\u0259 ya\u015fay\u0131r\u0131q, bu hadis\u0259 g\u00f6st\u0259rdi ki, \u0259slind\u0259 burada da t\u0259hl\u00fck\u0259siz v\u0259ziyy\u0259td\u0259 deyilik\u201d.<\/em><\/p>\n\n\n\n<p>M\u0259s\u0259l\u0259 il\u0259 ba\u011fl\u0131 G\u00fcrc\u00fcstan Daxili \u0130\u015fl\u0259r Nazirliyi h\u0259r hans\u0131 a\u00e7\u0131qlama verm\u0259yib.<\/p>\n","protected":false},"excerpt":{"rendered":"<p>\u018ffqan Sad\u0131qov v\u0259kil vasit\u0259sil\u0259 D\u0130N-\u0259 m\u00fcraci\u0259t ed\u0259c\u0259k Az\u0259rbaycanl\u0131 jurnalist \u018ffqan &#8230; <\/p>\n<p class=\"read-more-container\"><a title=\"Az\u0259rbaycanl\u0131 jurnalistin Tbilisi Hava Liman\u0131ndan u\u00e7mas\u0131na icaz\u0259 verilm\u0259yib\" class=\"read-more button\" href=\"https:\/\/www.meydan.tv\/az\/article\/azerbaycanli-jurnalistin-tbilisi-hava-limanindan-ucmasina-icaze-verilmeyib\/#more-310667\" aria-label=\"Read more about Az\u0259rbaycanl\u0131 jurnalistin Tbilisi Hava Liman\u0131ndan u\u00e7mas\u0131na icaz\u0259 verilm\u0259yib\">Davam\u0131<\/a><\/p>\n","protected":false},"author":8,"featured_media":310668,"comment_status":"closed","ping_status":"closed","sticky":false,"template":"","format":"standard","meta":{"_acf_changed":false,"_sitemap_exclude":false,"_sitemap_priority":"","_sitemap_frequency":"","footnotes":""},"categories":[59,56],"tags":[],"class_list":["post-310667","post","type-post","status-publish","format-standard","has-post-thumbnail","hentry","category-siyaset","category-xeberler","infinite-scroll-item","generate-columns","tablet-grid-50","mobile-grid-100","grid-parent","grid-33","no-featured-image-padding"],"acf":[],"yoast_head":"<!-- This site is optimized with the Yoast SEO plugin v27.4 - https:\/\/yoast.com\/product\/yoast-seo-wordpress\/ -->\n<title>Az\u0259rbaycanl\u0131 jurnalistin Tbilisi Hava Liman\u0131ndan u\u00e7mas\u0131na icaz\u0259 verilm\u0259yib - MEYDAN.TV<\/title>\n<meta name=\"description\" content=\"Az\u0259rbaycanl\u0131 jurnalist \u018ffqan Sad\u0131qovun Tbilisi Hava Liman\u0131ndan T\u00fcrkiy\u0259y\u0259 u\u00e7u\u015funa izin verilm\u0259diyi bildirilir.\" \/>\n<meta name=\"robots\" content=\"index, follow, max-snippet:-1, max-image-preview:large, max-video-preview:-1\" \/>\n<link rel=\"canonical\" href=\"https:\/\/www.meydan.tv\/az\/article\/azerbaycanli-jurnalistin-tbilisi-hava-limanindan-ucmasina-icaze-verilmeyib\/\" \/>\n<meta property=\"og:locale\" content=\"az_AZ\" \/>\n<meta property=\"og:type\" content=\"article\" \/>\n<meta property=\"og:title\" content=\"Az\u0259rbaycanl\u0131 jurnalistin Tbilisi Hava Liman\u0131ndan u\u00e7mas\u0131na icaz\u0259 verilm\u0259yib - MEYDAN.TV\" \/>\n<meta property=\"og:description\" content=\"Az\u0259rbaycanl\u0131 jurnalist \u018ffqan Sad\u0131qovun Tbilisi Hava Liman\u0131ndan T\u00fcrkiy\u0259y\u0259 u\u00e7u\u015funa izin verilm\u0259diyi bildirilir.\" \/>\n<meta property=\"og:url\" content=\"https:\/\/www.meydan.tv\/az\/article\/azerbaycanli-jurnalistin-tbilisi-hava-limanindan-ucmasina-icaze-verilmeyib\/\" \/>\n<meta property=\"og:site_name\" content=\"MEYDAN.TV\" \/>\n<meta property=\"article:published_time\" content=\"2024-07-18T14:45:19+00:00\" \/>\n<meta property=\"article:modified_time\" content=\"2024-07-18T14:57:05+00:00\" \/>\n<meta property=\"og:image\" content=\"https:\/\/www.meydan.tv\/wp-content\/uploads\/451766319_464373709662323_4992501725678655541_n-e1721314617108.jpg\" \/>\n\t<meta property=\"og:image:width\" content=\"1200\" \/>\n\t<meta property=\"og:image:height\" content=\"766\" \/>\n\t<meta property=\"og:image:type\" content=\"image\/jpeg\" \/>\n<meta name=\"author\" content=\"elli\" \/>\n<meta name=\"twitter:card\" content=\"summary_large_image\" \/>\n<meta name=\"twitter:creator\" content=\"@elli\" \/>\n<script type=\"application\/ld+json\" class=\"yoast-schema-graph\">{\"@context\":\"https:\\\/\\\/schema.org\",\"@graph\":[{\"@type\":\"Article\",\"@id\":\"https:\\\/\\\/www.meydan.tv\\\/az\\\/article\\\/azerbaycanli-jurnalistin-tbilisi-hava-limanindan-ucmasina-icaze-verilmeyib\\\/#article\",\"isPartOf\":{\"@id\":\"https:\\\/\\\/www.meydan.tv\\\/az\\\/article\\\/azerbaycanli-jurnalistin-tbilisi-hava-limanindan-ucmasina-icaze-verilmeyib\\\/\"},\"author\":{\"name\":\"elli\",\"@id\":\"https:\\\/\\\/www.meydan.tv\\\/az\\\/#\\\/schema\\\/person\\\/9cdbecf90d17180ce1dfbd95b08dcf47\"},\"headline\":\"Az\u0259rbaycanl\u0131 jurnalistin Tbilisi Hava Liman\u0131ndan u\u00e7mas\u0131na icaz\u0259 verilm\u0259yib\",\"datePublished\":\"2024-07-18T14:45:19+00:00\",\"dateModified\":\"2024-07-18T14:57:05+00:00\",\"mainEntityOfPage\":{\"@id\":\"https:\\\/\\\/www.meydan.tv\\\/az\\\/article\\\/azerbaycanli-jurnalistin-tbilisi-hava-limanindan-ucmasina-icaze-verilmeyib\\\/\"},\"wordCount\":309,\"publisher\":{\"@id\":\"https:\\\/\\\/www.meydan.tv\\\/az\\\/#organization\"},\"image\":{\"@id\":\"https:\\\/\\\/www.meydan.tv\\\/az\\\/article\\\/azerbaycanli-jurnalistin-tbilisi-hava-limanindan-ucmasina-icaze-verilmeyib\\\/#primaryimage\"},\"thumbnailUrl\":\"https:\\\/\\\/www.meydan.tv\\\/wp-content\\\/uploads\\\/451766319_464373709662323_4992501725678655541_n-e1721314617108.jpg\",\"articleSection\":[\"Siyas\u0259t\",\"X\u0259b\u0259rl\u0259r\"],\"inLanguage\":\"az\"},{\"@type\":\"WebPage\",\"@id\":\"https:\\\/\\\/www.meydan.tv\\\/az\\\/article\\\/azerbaycanli-jurnalistin-tbilisi-hava-limanindan-ucmasina-icaze-verilmeyib\\\/\",\"url\":\"https:\\\/\\\/www.meydan.tv\\\/az\\\/article\\\/azerbaycanli-jurnalistin-tbilisi-hava-limanindan-ucmasina-icaze-verilmeyib\\\/\",\"name\":\"Az\u0259rbaycanl\u0131 jurnalistin Tbilisi Hava Liman\u0131ndan u\u00e7mas\u0131na icaz\u0259 verilm\u0259yib - MEYDAN.TV\",\"isPartOf\":{\"@id\":\"https:\\\/\\\/www.meydan.tv\\\/az\\\/#website\"},\"primaryImageOfPage\":{\"@id\":\"https:\\\/\\\/www.meydan.tv\\\/az\\\/article\\\/azerbaycanli-jurnalistin-tbilisi-hava-limanindan-ucmasina-icaze-verilmeyib\\\/#primaryimage\"},\"image\":{\"@id\":\"https:\\\/\\\/www.meydan.tv\\\/az\\\/article\\\/azerbaycanli-jurnalistin-tbilisi-hava-limanindan-ucmasina-icaze-verilmeyib\\\/#primaryimage\"},\"thumbnailUrl\":\"https:\\\/\\\/www.meydan.tv\\\/wp-content\\\/uploads\\\/451766319_464373709662323_4992501725678655541_n-e1721314617108.jpg\",\"datePublished\":\"2024-07-18T14:45:19+00:00\",\"dateModified\":\"2024-07-18T14:57:05+00:00\",\"description\":\"Az\u0259rbaycanl\u0131 jurnalist \u018ffqan Sad\u0131qovun Tbilisi Hava Liman\u0131ndan T\u00fcrkiy\u0259y\u0259 u\u00e7u\u015funa izin verilm\u0259diyi bildirilir.\",\"breadcrumb\":{\"@id\":\"https:\\\/\\\/www.meydan.tv\\\/az\\\/article\\\/azerbaycanli-jurnalistin-tbilisi-hava-limanindan-ucmasina-icaze-verilmeyib\\\/#breadcrumb\"},\"inLanguage\":\"az\",\"potentialAction\":[{\"@type\":\"ReadAction\",\"target\":[\"https:\\\/\\\/www.meydan.tv\\\/az\\\/article\\\/azerbaycanli-jurnalistin-tbilisi-hava-limanindan-ucmasina-icaze-verilmeyib\\\/\"]}]},{\"@type\":\"ImageObject\",\"inLanguage\":\"az\",\"@id\":\"https:\\\/\\\/www.meydan.tv\\\/az\\\/article\\\/azerbaycanli-jurnalistin-tbilisi-hava-limanindan-ucmasina-icaze-verilmeyib\\\/#primaryimage\",\"url\":\"https:\\\/\\\/www.meydan.tv\\\/wp-content\\\/uploads\\\/451766319_464373709662323_4992501725678655541_n-e1721314617108.jpg\",\"contentUrl\":\"https:\\\/\\\/www.meydan.tv\\\/wp-content\\\/uploads\\\/451766319_464373709662323_4992501725678655541_n-e1721314617108.jpg\",\"width\":1200,\"height\":766,\"caption\":\"Foto: \u018ffqan Sad\u0131qovun \u015f\u0259xsi arxivind\u0259n\"},{\"@type\":\"BreadcrumbList\",\"@id\":\"https:\\\/\\\/www.meydan.tv\\\/az\\\/article\\\/azerbaycanli-jurnalistin-tbilisi-hava-limanindan-ucmasina-icaze-verilmeyib\\\/#breadcrumb\",\"itemListElement\":[{\"@type\":\"ListItem\",\"position\":1,\"name\":\"Ana s\u0259hif\u0259\",\"item\":\"https:\\\/\\\/www.meydan.tv\\\/az\\\/\"},{\"@type\":\"ListItem\",\"position\":2,\"name\":\"Siyas\u0259t\",\"item\":\"https:\\\/\\\/www.meydan.tv\\\/az\\\/section\\\/siyaset\\\/\"},{\"@type\":\"ListItem\",\"position\":3,\"name\":\"Az\u0259rbaycanl\u0131 jurnalistin Tbilisi Hava Liman\u0131ndan u\u00e7mas\u0131na icaz\u0259 verilm\u0259yib\"}]},{\"@type\":\"WebSite\",\"@id\":\"https:\\\/\\\/www.meydan.tv\\\/az\\\/#website\",\"url\":\"https:\\\/\\\/www.meydan.tv\\\/az\\\/\",\"name\":\"MEYDAN.TV\",\"description\":\"Meydan TV Az\u0259rbaycan\u0131n media m\u0259kan\u0131ndak\u0131 alternativ s\u0259sidir\",\"publisher\":{\"@id\":\"https:\\\/\\\/www.meydan.tv\\\/az\\\/#organization\"},\"potentialAction\":[{\"@type\":\"SearchAction\",\"target\":{\"@type\":\"EntryPoint\",\"urlTemplate\":\"https:\\\/\\\/www.meydan.tv\\\/az\\\/?s={search_term_string}\"},\"query-input\":{\"@type\":\"PropertyValueSpecification\",\"valueRequired\":true,\"valueName\":\"search_term_string\"}}],\"inLanguage\":\"az\"},{\"@type\":\"Organization\",\"@id\":\"https:\\\/\\\/www.meydan.tv\\\/az\\\/#organization\",\"name\":\"Meydan TV\",\"url\":\"https:\\\/\\\/www.meydan.tv\\\/az\\\/\",\"logo\":{\"@type\":\"ImageObject\",\"inLanguage\":\"az\",\"@id\":\"https:\\\/\\\/www.meydan.tv\\\/az\\\/#\\\/schema\\\/logo\\\/image\\\/\",\"url\":\"https:\\\/\\\/www.meydan.tv\\\/wp-content\\\/uploads\\\/2021\\\/07\\\/meydan-logo.svg\",\"contentUrl\":\"https:\\\/\\\/www.meydan.tv\\\/wp-content\\\/uploads\\\/2021\\\/07\\\/meydan-logo.svg\",\"width\":195,\"height\":46,\"caption\":\"Meydan TV\"},\"image\":{\"@id\":\"https:\\\/\\\/www.meydan.tv\\\/az\\\/#\\\/schema\\\/logo\\\/image\\\/\"}},{\"@type\":\"Person\",\"@id\":\"https:\\\/\\\/www.meydan.tv\\\/az\\\/#\\\/schema\\\/person\\\/9cdbecf90d17180ce1dfbd95b08dcf47\",\"name\":\"elli\",\"sameAs\":[\"https:\\\/\\\/x.com\\\/elli\"]}]}<\/script>\n<!-- \/ Yoast SEO plugin. -->","yoast_head_json":{"title":"Az\u0259rbaycanl\u0131 jurnalistin Tbilisi Hava Liman\u0131ndan u\u00e7mas\u0131na icaz\u0259 verilm\u0259yib - MEYDAN.TV","description":"Az\u0259rbaycanl\u0131 jurnalist \u018ffqan Sad\u0131qovun Tbilisi Hava Liman\u0131ndan T\u00fcrkiy\u0259y\u0259 u\u00e7u\u015funa izin verilm\u0259diyi bildirilir.","robots":{"index":"index","follow":"follow","max-snippet":"max-snippet:-1","max-image-preview":"max-image-preview:large","max-video-preview":"max-video-preview:-1"},"canonical":"https:\/\/www.meydan.tv\/az\/article\/azerbaycanli-jurnalistin-tbilisi-hava-limanindan-ucmasina-icaze-verilmeyib\/","og_locale":"az_AZ","og_type":"article","og_title":"Az\u0259rbaycanl\u0131 jurnalistin Tbilisi Hava Liman\u0131ndan u\u00e7mas\u0131na icaz\u0259 verilm\u0259yib - MEYDAN.TV","og_description":"Az\u0259rbaycanl\u0131 jurnalist \u018ffqan Sad\u0131qovun Tbilisi Hava Liman\u0131ndan T\u00fcrkiy\u0259y\u0259 u\u00e7u\u015funa izin verilm\u0259diyi bildirilir.","og_url":"https:\/\/www.meydan.tv\/az\/article\/azerbaycanli-jurnalistin-tbilisi-hava-limanindan-ucmasina-icaze-verilmeyib\/","og_site_name":"MEYDAN.TV","article_published_time":"2024-07-18T14:45:19+00:00","article_modified_time":"2024-07-18T14:57:05+00:00","og_image":[{"width":1200,"height":766,"url":"https:\/\/www.meydan.tv\/wp-content\/uploads\/451766319_464373709662323_4992501725678655541_n-e1721314617108.jpg","type":"image\/jpeg"}],"author":"elli","twitter_card":"summary_large_image","twitter_creator":"@elli","schema":{"@context":"https:\/\/schema.org","@graph":[{"@type":"Article","@id":"https:\/\/www.meydan.tv\/az\/article\/azerbaycanli-jurnalistin-tbilisi-hava-limanindan-ucmasina-icaze-verilmeyib\/#article","isPartOf":{"@id":"https:\/\/www.meydan.tv\/az\/article\/azerbaycanli-jurnalistin-tbilisi-hava-limanindan-ucmasina-icaze-verilmeyib\/"},"author":{"name":"elli","@id":"https:\/\/www.meydan.tv\/az\/#\/schema\/person\/9cdbecf90d17180ce1dfbd95b08dcf47"},"headline":"Az\u0259rbaycanl\u0131 jurnalistin Tbilisi Hava Liman\u0131ndan u\u00e7mas\u0131na icaz\u0259 verilm\u0259yib","datePublished":"2024-07-18T14:45:19+00:00","dateModified":"2024-07-18T14:57:05+00:00","mainEntityOfPage":{"@id":"https:\/\/www.meydan.tv\/az\/article\/azerbaycanli-jurnalistin-tbilisi-hava-limanindan-ucmasina-icaze-verilmeyib\/"},"wordCount":309,"publisher":{"@id":"https:\/\/www.meydan.tv\/az\/#organization"},"image":{"@id":"https:\/\/www.meydan.tv\/az\/article\/azerbaycanli-jurnalistin-tbilisi-hava-limanindan-ucmasina-icaze-verilmeyib\/#primaryimage"},"thumbnailUrl":"https:\/\/www.meydan.tv\/wp-content\/uploads\/451766319_464373709662323_4992501725678655541_n-e1721314617108.jpg","articleSection":["Siyas\u0259t","X\u0259b\u0259rl\u0259r"],"inLanguage":"az"},{"@type":"WebPage","@id":"https:\/\/www.meydan.tv\/az\/article\/azerbaycanli-jurnalistin-tbilisi-hava-limanindan-ucmasina-icaze-verilmeyib\/","url":"https:\/\/www.meydan.tv\/az\/article\/azerbaycanli-jurnalistin-tbilisi-hava-limanindan-ucmasina-icaze-verilmeyib\/","name":"Az\u0259rbaycanl\u0131 jurnalistin Tbilisi Hava Liman\u0131ndan u\u00e7mas\u0131na icaz\u0259 verilm\u0259yib - MEYDAN.TV","isPartOf":{"@id":"https:\/\/www.meydan.tv\/az\/#website"},"primaryImageOfPage":{"@id":"https:\/\/www.meydan.tv\/az\/article\/azerbaycanli-jurnalistin-tbilisi-hava-limanindan-ucmasina-icaze-verilmeyib\/#primaryimage"},"image":{"@id":"https:\/\/www.meydan.tv\/az\/article\/azerbaycanli-jurnalistin-tbilisi-hava-limanindan-ucmasina-icaze-verilmeyib\/#primaryimage"},"thumbnailUrl":"https:\/\/www.meydan.tv\/wp-content\/uploads\/451766319_464373709662323_4992501725678655541_n-e1721314617108.jpg","datePublished":"2024-07-18T14:45:19+00:00","dateModified":"2024-07-18T14:57:05+00:00","description":"Az\u0259rbaycanl\u0131 jurnalist \u018ffqan Sad\u0131qovun Tbilisi Hava Liman\u0131ndan T\u00fcrkiy\u0259y\u0259 u\u00e7u\u015funa izin verilm\u0259diyi bildirilir.","breadcrumb":{"@id":"https:\/\/www.meydan.tv\/az\/article\/azerbaycanli-jurnalistin-tbilisi-hava-limanindan-ucmasina-icaze-verilmeyib\/#breadcrumb"},"inLanguage":"az","potentialAction":[{"@type":"ReadAction","target":["https:\/\/www.meydan.tv\/az\/article\/azerbaycanli-jurnalistin-tbilisi-hava-limanindan-ucmasina-icaze-verilmeyib\/"]}]},{"@type":"ImageObject","inLanguage":"az","@id":"https:\/\/www.meydan.tv\/az\/article\/azerbaycanli-jurnalistin-tbilisi-hava-limanindan-ucmasina-icaze-verilmeyib\/#primaryimage","url":"https:\/\/www.meydan.tv\/wp-content\/uploads\/451766319_464373709662323_4992501725678655541_n-e1721314617108.jpg","contentUrl":"https:\/\/www.meydan.tv\/wp-content\/uploads\/451766319_464373709662323_4992501725678655541_n-e1721314617108.jpg","width":1200,"height":766,"caption":"Foto: \u018ffqan Sad\u0131qovun \u015f\u0259xsi arxivind\u0259n"},{"@type":"BreadcrumbList","@id":"https:\/\/www.meydan.tv\/az\/article\/azerbaycanli-jurnalistin-tbilisi-hava-limanindan-ucmasina-icaze-verilmeyib\/#breadcrumb","itemListElement":[{"@type":"ListItem","position":1,"name":"Ana s\u0259hif\u0259","item":"https:\/\/www.meydan.tv\/az\/"},{"@type":"ListItem","position":2,"name":"Siyas\u0259t","item":"https:\/\/www.meydan.tv\/az\/section\/siyaset\/"},{"@type":"ListItem","position":3,"name":"Az\u0259rbaycanl\u0131 jurnalistin Tbilisi Hava Liman\u0131ndan u\u00e7mas\u0131na icaz\u0259 verilm\u0259yib"}]},{"@type":"WebSite","@id":"https:\/\/www.meydan.tv\/az\/#website","url":"https:\/\/www.meydan.tv\/az\/","name":"MEYDAN.TV","description":"Meydan TV Az\u0259rbaycan\u0131n media m\u0259kan\u0131ndak\u0131 alternativ s\u0259sidir","publisher":{"@id":"https:\/\/www.meydan.tv\/az\/#organization"},"potentialAction":[{"@type":"SearchAction","target":{"@type":"EntryPoint","urlTemplate":"https:\/\/www.meydan.tv\/az\/?s={search_term_string}"},"query-input":{"@type":"PropertyValueSpecification","valueRequired":true,"valueName":"search_term_string"}}],"inLanguage":"az"},{"@type":"Organization","@id":"https:\/\/www.meydan.tv\/az\/#organization","name":"Meydan TV","url":"https:\/\/www.meydan.tv\/az\/","logo":{"@type":"ImageObject","inLanguage":"az","@id":"https:\/\/www.meydan.tv\/az\/#\/schema\/logo\/image\/","url":"https:\/\/www.meydan.tv\/wp-content\/uploads\/2021\/07\/meydan-logo.svg","contentUrl":"https:\/\/www.meydan.tv\/wp-content\/uploads\/2021\/07\/meydan-logo.svg","width":195,"height":46,"caption":"Meydan TV"},"image":{"@id":"https:\/\/www.meydan.tv\/az\/#\/schema\/logo\/image\/"}},{"@type":"Person","@id":"https:\/\/www.meydan.tv\/az\/#\/schema\/person\/9cdbecf90d17180ce1dfbd95b08dcf47","name":"elli","sameAs":["https:\/\/x.com\/elli"]}]}},"_links":{"self":[{"href":"https:\/\/www.meydan.tv\/az\/wp-json\/wp\/v2\/posts\/310667","targetHints":{"allow":["GET"]}}],"collection":[{"href":"https:\/\/www.meydan.tv\/az\/wp-json\/wp\/v2\/posts"}],"about":[{"href":"https:\/\/www.meydan.tv\/az\/wp-json\/wp\/v2\/types\/post"}],"author":[{"embeddable":true,"href":"https:\/\/www.meydan.tv\/az\/wp-json\/wp\/v2\/users\/8"}],"replies":[{"embeddable":true,"href":"https:\/\/www.meydan.tv\/az\/wp-json\/wp\/v2\/comments?post=310667"}],"version-history":[{"count":3,"href":"https:\/\/www.meydan.tv\/az\/wp-json\/wp\/v2\/posts\/310667\/revisions"}],"predecessor-version":[{"id":310673,"href":"https:\/\/www.meydan.tv\/az\/wp-json\/wp\/v2\/posts\/310667\/revisions\/310673"}],"wp:featuredmedia":[{"embeddable":true,"href":"https:\/\/www.meydan.tv\/az\/wp-json\/wp\/v2\/media\/310668"}],"wp:attachment":[{"href":"https:\/\/www.meydan.tv\/az\/wp-json\/wp\/v2\/media?parent=310667"}],"wp:term":[{"taxonomy":"category","embeddable":true,"href":"https:\/\/www.meydan.tv\/az\/wp-json\/wp\/v2\/categories?post=310667"},{"taxonomy":"post_tag","embeddable":true,"href":"https:\/\/www.meydan.tv\/az\/wp-json\/wp\/v2\/tags?post=310667"}],"curies":[{"name":"wp","href":"https:\/\/api.w.org\/{rel}","templated":true}]}}