{"id":310645,"date":"2024-07-18T17:20:22","date_gmt":"2024-07-18T13:20:22","guid":{"rendered":"https:\/\/www.meydan.tv\/?p=310645"},"modified":"2024-07-18T17:20:25","modified_gmt":"2024-07-18T13:20:25","slug":"oten-il-8631-telebe-universitetden-xaric-edilib","status":"publish","type":"post","link":"https:\/\/www.meydan.tv\/az\/article\/oten-il-8631-telebe-universitetden-xaric-edilib\/","title":{"rendered":"\u00d6t\u0259n il 8631 t\u0259l\u0259b\u0259 universitetd\u0259n xaric edilib"},"content":{"rendered":"\n<p><\/p>\n\n\n\n<p><strong><em>T\u0259hsil haqq\u0131n\u0131n \u00f6d\u0259nilm\u0259m\u0259sin\u0259 g\u00f6r\u0259 xaric olunan t\u0259l\u0259b\u0259l\u0259rin hans\u0131 universitetl\u0259rd\u0259 oxuduqlar\u0131 a\u00e7\u0131qlanm\u0131r<\/em><\/strong><\/p>\n\n\n\n<p>2023-c\u00fc ild\u0259 Az\u0259rbaycanda \u00fcmumilikd\u0259 8631 n\u0259f\u0259r t\u0259hsil haqq\u0131n\u0131n \u00f6d\u0259nilm\u0259m\u0259sin\u0259, d\u0259rs buraxmaya g\u00f6r\u0259 v\u0259 ya \u00f6z xahi\u015fi il\u0259 t\u0259hsil ald\u0131\u011f\u0131 m\u00fc\u0259ssis\u0259d\u0259n xaric olunub. Bu m\u0259lumat \u201cAbituriyent\u201d jurnal\u0131n\u0131n 12-ci n\u00f6mr\u0259sind\u0259 qeyd edilib.<\/p>\n\n\n\n<p>Meydan TV Elm v\u0259 T\u0259hsil Nazirliyin\u0259 t\u0259hsil haqq\u0131n\u0131n \u00f6d\u0259nilm\u0259m\u0259sin\u0259 g\u00f6r\u0259 xaric olunan t\u0259l\u0259b\u0259l\u0259rin hans\u0131 universitetl\u0259rd\u0259 oxuduqlar\u0131na dair sor\u011fu g\u00f6nd\u0259rs\u0259 d\u0259, cavabland\u0131r\u0131lmay\u0131b.<br>Az\u0259rbaycanda universitetl\u0259rd\u0259 t\u0259hsil almaq ist\u0259y\u0259n v\u0259 haz\u0131rda t\u0259hsilini davam etdir\u0259n g\u0259ncl\u0259r, o c\u00fcml\u0259d\u0259n valideynl\u0259r t\u0259hsil haqlar\u0131n\u0131n y\u00fcks\u0259k olmas\u0131ndan naraz\u0131d\u0131rlar.<\/p>\n\n\n\n<p>B\u0259zil\u0259rin\u0259 g\u00f6r\u0259, \u00f6lk\u0259daxili t\u0259hsil\u0259 bu q\u0259d\u0259r v\u0259sait s\u0259rf etm\u0259kd\u0259ns\u0259, xarici \u00f6lk\u0259d\u0259 oxumaq daha m\u0259ntiq\u0259 uy\u011fundur.<\/p>\n\n\n\n<p>Az\u0259rbaycanda d\u00f6vl\u0259t universitetl\u0259rind\u0259 illik t\u0259hsil haqq\u0131 2000-6500 manat aras\u0131nda d\u0259yi\u015fir.<br>\u00d6z\u0259l universitetl\u0259rd\u0259 d\u0259 is\u0259 qiym\u0259tl\u0259r 4000-5000 manat civar\u0131ndad\u0131r.<\/p>\n\n\n\n<p>B\u00f6lg\u0259l\u0259rd\u0259 yerl\u0259\u015f\u0259n universitetl\u0259rd\u0259 is\u0259 qiym\u0259t nisb\u0259t\u0259n a\u015fa\u011f\u0131d\u0131r \u2013 1200-1700 manatd\u0131r.<\/p>\n\n\n\n<p>T\u0259hsil ekspertl\u0259ri bildirirl\u0259r ki, son doqquz ild\u0259 Az\u0259rbaycanda 5 mind\u0259n \u00e7ox t\u0259l\u0259b\u0259 t\u0259hsil haqq\u0131n\u0131 \u00f6d\u0259y\u0259 bilm\u0259diyi \u00fc\u00e7\u00fcn t\u0259hsilini yar\u0131m\u00e7\u0131q qoyub.<\/p>\n\n\n\n<p>Onlar\u0131n s\u00f6zl\u0259rin\u0259 g\u00f6r\u0259, ad\u0131 d\u00fcnya universitetl\u0259ri siyah\u0131s\u0131na d\u00fc\u015fm\u0259y\u0259n Az\u0259rbaycan ali t\u0259hsil m\u00fc\u0259ssis\u0259l\u0259rind\u0259 \u0259halinin imkanlar\u0131na uy\u011fun g\u0259lm\u0259m\u0259kl\u0259 yana\u015f\u0131, t\u0259hsilin keyfiyy\u0259ti d\u0259 \u00e7ox a\u015fa\u011f\u0131d\u0131r.<\/p>\n\n\n\n<p>T\u0259hsil eksperti El\u00e7in \u018ff\u0259ndi Meydan TV-y\u0259 deyir ki, illik t\u0259hsil haqq\u0131 qiym\u0259tl\u0259rini m\u00fc\u0259yy\u0259nl\u0259\u015fdir\u0259rk\u0259n \u0259halinin g\u0259lirl\u0259rini, maddi imkanlar\u0131n\u0131 da n\u0259z\u0259r\u0259 almaq laz\u0131md\u0131r:<\/p>\n\n\n\n<p><em>\u201cM\u00f6vcud v\u0259ziyy\u0259ti d\u0259y\u0259rl\u0259ndir\u0259nd\u0259, \u0259halinin g\u0259lirl\u0259rini, maddi imkan\u0131n\u0131 n\u0259z\u0259r\u0259 alanda b\u0259zi universitetl\u0259rin t\u0259hsil haqlar\u0131n\u0131n \u00e7ox y\u00fcks\u0259k oldu\u011fu q\u0259na\u0259tin\u0259 g\u0259lm\u0259k olar. D\u00f6vl\u0259t Tibb Universitetini n\u00fcmun\u0259 g\u00f6st\u0259rm\u0259k olar. \u0130llik t\u0259hsil haqq\u0131 \u00e7ox y\u00fcks\u0259kdir. Yaxud da Bak\u0131 D\u00f6vl\u0259t Universitetinin h\u00fcquq ixtisas\u0131 \u00fczr\u0259 t\u0259hsil haqq\u0131 \u00e7ox y\u00fcks\u0259kdir. \u00d6z\u0259l universitetl\u0259rd\u0259 is\u0259 qiym\u0259tl\u0259r daha y\u00fcks\u0259kdir. V\u0259t\u0259nda\u015flar\u0131n t\u0259hsil\u0259 \u0259l\u00e7atanl\u0131\u011f\u0131n\u0131 t\u0259min etm\u0259k \u00fc\u00e7\u00fcn t\u0259hsilin qiym\u0259ti d\u0259 a\u015fa\u011f\u0131 olmal\u0131d\u0131r. D\u00fc\u015f\u00fcn\u00fcr\u0259m ki, maksimum h\u0259dd 2000 manat n\u0259z\u0259rd\u0259 tutulmal\u0131d\u0131r. Az\u0259rbaycanda \u0259llid\u0259n \u00e7ox ali t\u0259hsil m\u00fc\u0259ssis\u0259si var. Onlar\u0131n dem\u0259k olar ki, 50 faizind\u0259n \u00e7oxunda illik t\u0259hsil haqq\u0131 daha y\u00fcks\u0259kdir\u201d.<\/em><\/p>\n\n\n<div class=\"wp-block-image\">\n<figure class=\"alignleft size-full is-resized\"><img decoding=\"async\" width=\"1200\" height=\"675\" data-src=\"https:\/\/www.meydan.tv\/wp-content\/uploads\/tia_c9425c799333d526be75eab5f9955ab5_47xuk5p9oshq3c0fj2ew.jpg\" alt=\"\" class=\"wp-image-261578 lazyload\" style=\"--smush-placeholder-width: 1200px; --smush-placeholder-aspect-ratio: 1200\/675;width:387px;height:auto\" src=\"data:image\/svg+xml;base64,PHN2ZyB3aWR0aD0iMSIgaGVpZ2h0PSIxIiB4bWxucz0iaHR0cDovL3d3dy53My5vcmcvMjAwMC9zdmciPjwvc3ZnPg==\" \/><figcaption class=\"wp-element-caption\">T\u0259hsil ekspert El\u00e7in \u018ff\u0259ndi <\/figcaption><\/figure>\n<\/div>\n\n\n<p>Ekspert \u0259lav\u0259 edir ki, universitetl\u0259r ald\u0131qlar\u0131 y\u00fcks\u0259k \u00f6d\u0259ni\u015f m\u00fcqabilind\u0259 d\u0259 t\u0259hsilin keyfiyy\u0259tini art\u0131rmal\u0131d\u0131rlar:<\/p>\n\n\n\n<p>\u201c<em>H\u0259r hans\u0131 bir t\u0259l\u0259b\u0259 t\u0259hsil haqq\u0131 \u00f6d\u0259yirs\u0259, burada t\u0259hsilin keyfiyy\u0259tinin g\u00f6st\u0259ricisi m\u00fctl\u0259q y\u00fcks\u0259k olmal\u0131d\u0131r. T\u0259l\u0259b\u0259nin orada m\u00fctl\u0259q yax\u015f\u0131 yataqxanas\u0131, laboratoriyas\u0131 olmal\u0131d\u0131r. H\u0259m\u00e7inin t\u0259l\u0259b\u0259y\u0259 ideal imkanlar yarad\u0131lmal\u0131, onun \u00fc\u00e7\u00fcn n\u0259z\u0259rd\u0259 tutulan resurslar qaydas\u0131nda olmal\u0131d\u0131r. T\u0259hsil haqq\u0131n\u0131 y\u00fcks\u0259k qoyub, t\u0259l\u0259b\u0259ni b\u00fct\u00fcn bunlardan m\u0259hrum etm\u0259kl\u0259, biz n\u0259l\u0259r\u0259s\u0259 nail ola bilm\u0259rik. Bunu da ali t\u0259hsil r\u0259hb\u0259rl\u0259ri d\u00fc\u015f\u00fcnm\u0259lidir. M\u00fcvafiq resurslar\u0131 t\u0259l\u0259b\u0259l\u0259r \u00fc\u00e7\u00fcn \u0259l\u00e7atan etm\u0259lidirl\u0259r\u201d.<\/em><\/p>\n\n\n\n<p>Ekspertin s\u00f6zl\u0259rin\u0259 g\u00f6r\u0259, son bir ild\u0259 b\u0259zi universitetl\u0259rd\u0259 t\u0259hsil haqlar\u0131 300-500 manat art\u0131b.<\/p>\n\n\n\n<p>\u201c<em>Bu il \u00fc\u00e7\u00fcn is\u0259 qiym\u0259t art\u0131m\u0131n\u0131n hans\u0131 universitetl\u0259rd\u0259 olaca\u011f\u0131 h\u0259l\u0259 ki, m\u0259lum deyil. Art\u0131mlar \u201cAbituriyent 4\u201d sayl\u0131 jurnal\u0131nda d\u0259rc olunacaq\u201d, <\/em>&#8211; El\u00e7in \u018ff\u0259ndi deyib.<\/p>\n","protected":false},"excerpt":{"rendered":"<p>T\u0259hsil haqq\u0131n\u0131n \u00f6d\u0259nilm\u0259m\u0259sin\u0259 g\u00f6r\u0259 xaric olunan t\u0259l\u0259b\u0259l\u0259rin hans\u0131 universitetl\u0259rd\u0259 oxuduqlar\u0131 &#8230; <\/p>\n<p class=\"read-more-container\"><a title=\"\u00d6t\u0259n il 8631 t\u0259l\u0259b\u0259 universitetd\u0259n xaric edilib\" class=\"read-more button\" href=\"https:\/\/www.meydan.tv\/az\/article\/oten-il-8631-telebe-universitetden-xaric-edilib\/#more-310645\" aria-label=\"Read more about \u00d6t\u0259n il 8631 t\u0259l\u0259b\u0259 universitetd\u0259n xaric edilib\">Davam\u0131<\/a><\/p>\n","protected":false},"author":8,"featured_media":310647,"comment_status":"closed","ping_status":"closed","sticky":false,"template":"","format":"standard","meta":{"_acf_changed":false,"_sitemap_exclude":false,"_sitemap_priority":"","_sitemap_frequency":"","footnotes":""},"categories":[62,56],"tags":[],"class_list":["post-310645","post","type-post","status-publish","format-standard","has-post-thumbnail","hentry","category-sosial","category-xeberler","infinite-scroll-item","generate-columns","tablet-grid-50","mobile-grid-100","grid-parent","grid-33","no-featured-image-padding"],"acf":[],"yoast_head":"<!-- This site is optimized with the Yoast SEO plugin v27.5 - https:\/\/yoast.com\/product\/yoast-seo-wordpress\/ -->\n<title>\u00d6t\u0259n il 8631 t\u0259l\u0259b\u0259 universitetd\u0259n xaric edilib - MEYDAN.TV<\/title>\n<meta name=\"description\" content=\"Az\u0259rbaycanda g\u0259ncl\u0259r, o c\u00fcml\u0259d\u0259n valideynl\u0259r t\u0259hsil haqlar\u0131n\u0131n y\u00fcks\u0259k olmas\u0131ndan naraz\u0131d\u0131rlar.\" \/>\n<meta name=\"robots\" content=\"index, follow, max-snippet:-1, max-image-preview:large, max-video-preview:-1\" \/>\n<link rel=\"canonical\" href=\"https:\/\/www.meydan.tv\/az\/article\/oten-il-8631-telebe-universitetden-xaric-edilib\/\" \/>\n<meta property=\"og:locale\" content=\"az_AZ\" \/>\n<meta property=\"og:type\" content=\"article\" \/>\n<meta property=\"og:title\" content=\"\u00d6t\u0259n il 8631 t\u0259l\u0259b\u0259 universitetd\u0259n xaric edilib - MEYDAN.TV\" \/>\n<meta property=\"og:description\" content=\"Az\u0259rbaycanda g\u0259ncl\u0259r, o c\u00fcml\u0259d\u0259n valideynl\u0259r t\u0259hsil haqlar\u0131n\u0131n y\u00fcks\u0259k olmas\u0131ndan naraz\u0131d\u0131rlar.\" \/>\n<meta property=\"og:url\" content=\"https:\/\/www.meydan.tv\/az\/article\/oten-il-8631-telebe-universitetden-xaric-edilib\/\" \/>\n<meta property=\"og:site_name\" content=\"MEYDAN.TV\" \/>\n<meta property=\"article:published_time\" content=\"2024-07-18T13:20:22+00:00\" \/>\n<meta property=\"article:modified_time\" content=\"2024-07-18T13:20:25+00:00\" \/>\n<meta property=\"og:image\" content=\"https:\/\/www.meydan.tv\/wp-content\/uploads\/1686681936_1686681578506-1.png\" \/>\n\t<meta property=\"og:image:width\" content=\"1200\" \/>\n\t<meta property=\"og:image:height\" content=\"656\" \/>\n\t<meta property=\"og:image:type\" content=\"image\/png\" \/>\n<meta name=\"author\" content=\"elli\" \/>\n<meta name=\"twitter:card\" content=\"summary_large_image\" \/>\n<meta name=\"twitter:creator\" content=\"@elli\" \/>\n<script type=\"application\/ld+json\" class=\"yoast-schema-graph\">{\"@context\":\"https:\\\/\\\/schema.org\",\"@graph\":[{\"@type\":\"Article\",\"@id\":\"https:\\\/\\\/www.meydan.tv\\\/az\\\/article\\\/oten-il-8631-telebe-universitetden-xaric-edilib\\\/#article\",\"isPartOf\":{\"@id\":\"https:\\\/\\\/www.meydan.tv\\\/az\\\/article\\\/oten-il-8631-telebe-universitetden-xaric-edilib\\\/\"},\"author\":{\"name\":\"elli\",\"@id\":\"https:\\\/\\\/www.meydan.tv\\\/az\\\/#\\\/schema\\\/person\\\/9cdbecf90d17180ce1dfbd95b08dcf47\"},\"headline\":\"\u00d6t\u0259n il 8631 t\u0259l\u0259b\u0259 universitetd\u0259n xaric edilib\",\"datePublished\":\"2024-07-18T13:20:22+00:00\",\"dateModified\":\"2024-07-18T13:20:25+00:00\",\"mainEntityOfPage\":{\"@id\":\"https:\\\/\\\/www.meydan.tv\\\/az\\\/article\\\/oten-il-8631-telebe-universitetden-xaric-edilib\\\/\"},\"wordCount\":738,\"publisher\":{\"@id\":\"https:\\\/\\\/www.meydan.tv\\\/az\\\/#organization\"},\"image\":{\"@id\":\"https:\\\/\\\/www.meydan.tv\\\/az\\\/article\\\/oten-il-8631-telebe-universitetden-xaric-edilib\\\/#primaryimage\"},\"thumbnailUrl\":\"https:\\\/\\\/www.meydan.tv\\\/wp-content\\\/uploads\\\/1686681936_1686681578506-1.png\",\"articleSection\":[\"Sosial\",\"X\u0259b\u0259rl\u0259r\"],\"inLanguage\":\"az\"},{\"@type\":\"WebPage\",\"@id\":\"https:\\\/\\\/www.meydan.tv\\\/az\\\/article\\\/oten-il-8631-telebe-universitetden-xaric-edilib\\\/\",\"url\":\"https:\\\/\\\/www.meydan.tv\\\/az\\\/article\\\/oten-il-8631-telebe-universitetden-xaric-edilib\\\/\",\"name\":\"\u00d6t\u0259n il 8631 t\u0259l\u0259b\u0259 universitetd\u0259n xaric edilib - MEYDAN.TV\",\"isPartOf\":{\"@id\":\"https:\\\/\\\/www.meydan.tv\\\/az\\\/#website\"},\"primaryImageOfPage\":{\"@id\":\"https:\\\/\\\/www.meydan.tv\\\/az\\\/article\\\/oten-il-8631-telebe-universitetden-xaric-edilib\\\/#primaryimage\"},\"image\":{\"@id\":\"https:\\\/\\\/www.meydan.tv\\\/az\\\/article\\\/oten-il-8631-telebe-universitetden-xaric-edilib\\\/#primaryimage\"},\"thumbnailUrl\":\"https:\\\/\\\/www.meydan.tv\\\/wp-content\\\/uploads\\\/1686681936_1686681578506-1.png\",\"datePublished\":\"2024-07-18T13:20:22+00:00\",\"dateModified\":\"2024-07-18T13:20:25+00:00\",\"description\":\"Az\u0259rbaycanda g\u0259ncl\u0259r, o c\u00fcml\u0259d\u0259n valideynl\u0259r t\u0259hsil haqlar\u0131n\u0131n y\u00fcks\u0259k olmas\u0131ndan naraz\u0131d\u0131rlar.\",\"breadcrumb\":{\"@id\":\"https:\\\/\\\/www.meydan.tv\\\/az\\\/article\\\/oten-il-8631-telebe-universitetden-xaric-edilib\\\/#breadcrumb\"},\"inLanguage\":\"az\",\"potentialAction\":[{\"@type\":\"ReadAction\",\"target\":[\"https:\\\/\\\/www.meydan.tv\\\/az\\\/article\\\/oten-il-8631-telebe-universitetden-xaric-edilib\\\/\"]}]},{\"@type\":\"ImageObject\",\"inLanguage\":\"az\",\"@id\":\"https:\\\/\\\/www.meydan.tv\\\/az\\\/article\\\/oten-il-8631-telebe-universitetden-xaric-edilib\\\/#primaryimage\",\"url\":\"https:\\\/\\\/www.meydan.tv\\\/wp-content\\\/uploads\\\/1686681936_1686681578506-1.png\",\"contentUrl\":\"https:\\\/\\\/www.meydan.tv\\\/wp-content\\\/uploads\\\/1686681936_1686681578506-1.png\",\"width\":1200,\"height\":656,\"caption\":\"T\u0259l\u0259b\u0259l\u0259r. Foto: Az\u0259rtac\"},{\"@type\":\"BreadcrumbList\",\"@id\":\"https:\\\/\\\/www.meydan.tv\\\/az\\\/article\\\/oten-il-8631-telebe-universitetden-xaric-edilib\\\/#breadcrumb\",\"itemListElement\":[{\"@type\":\"ListItem\",\"position\":1,\"name\":\"Ana s\u0259hif\u0259\",\"item\":\"https:\\\/\\\/www.meydan.tv\\\/az\\\/\"},{\"@type\":\"ListItem\",\"position\":2,\"name\":\"Sosial\",\"item\":\"https:\\\/\\\/www.meydan.tv\\\/az\\\/section\\\/sosial\\\/\"},{\"@type\":\"ListItem\",\"position\":3,\"name\":\"\u00d6t\u0259n il 8631 t\u0259l\u0259b\u0259 universitetd\u0259n xaric edilib\"}]},{\"@type\":\"WebSite\",\"@id\":\"https:\\\/\\\/www.meydan.tv\\\/az\\\/#website\",\"url\":\"https:\\\/\\\/www.meydan.tv\\\/az\\\/\",\"name\":\"MEYDAN.TV\",\"description\":\"Meydan TV Az\u0259rbaycan\u0131n media m\u0259kan\u0131ndak\u0131 alternativ s\u0259sidir\",\"publisher\":{\"@id\":\"https:\\\/\\\/www.meydan.tv\\\/az\\\/#organization\"},\"potentialAction\":[{\"@type\":\"SearchAction\",\"target\":{\"@type\":\"EntryPoint\",\"urlTemplate\":\"https:\\\/\\\/www.meydan.tv\\\/az\\\/?s={search_term_string}\"},\"query-input\":{\"@type\":\"PropertyValueSpecification\",\"valueRequired\":true,\"valueName\":\"search_term_string\"}}],\"inLanguage\":\"az\"},{\"@type\":\"Organization\",\"@id\":\"https:\\\/\\\/www.meydan.tv\\\/az\\\/#organization\",\"name\":\"Meydan TV\",\"url\":\"https:\\\/\\\/www.meydan.tv\\\/az\\\/\",\"logo\":{\"@type\":\"ImageObject\",\"inLanguage\":\"az\",\"@id\":\"https:\\\/\\\/www.meydan.tv\\\/az\\\/#\\\/schema\\\/logo\\\/image\\\/\",\"url\":\"https:\\\/\\\/www.meydan.tv\\\/wp-content\\\/uploads\\\/2021\\\/07\\\/meydan-logo.svg\",\"contentUrl\":\"https:\\\/\\\/www.meydan.tv\\\/wp-content\\\/uploads\\\/2021\\\/07\\\/meydan-logo.svg\",\"width\":195,\"height\":46,\"caption\":\"Meydan TV\"},\"image\":{\"@id\":\"https:\\\/\\\/www.meydan.tv\\\/az\\\/#\\\/schema\\\/logo\\\/image\\\/\"}},{\"@type\":\"Person\",\"@id\":\"https:\\\/\\\/www.meydan.tv\\\/az\\\/#\\\/schema\\\/person\\\/9cdbecf90d17180ce1dfbd95b08dcf47\",\"name\":\"elli\",\"sameAs\":[\"https:\\\/\\\/x.com\\\/elli\"]}]}<\/script>\n<!-- \/ Yoast SEO plugin. -->","yoast_head_json":{"title":"\u00d6t\u0259n il 8631 t\u0259l\u0259b\u0259 universitetd\u0259n xaric edilib - MEYDAN.TV","description":"Az\u0259rbaycanda g\u0259ncl\u0259r, o c\u00fcml\u0259d\u0259n valideynl\u0259r t\u0259hsil haqlar\u0131n\u0131n y\u00fcks\u0259k olmas\u0131ndan naraz\u0131d\u0131rlar.","robots":{"index":"index","follow":"follow","max-snippet":"max-snippet:-1","max-image-preview":"max-image-preview:large","max-video-preview":"max-video-preview:-1"},"canonical":"https:\/\/www.meydan.tv\/az\/article\/oten-il-8631-telebe-universitetden-xaric-edilib\/","og_locale":"az_AZ","og_type":"article","og_title":"\u00d6t\u0259n il 8631 t\u0259l\u0259b\u0259 universitetd\u0259n xaric edilib - MEYDAN.TV","og_description":"Az\u0259rbaycanda g\u0259ncl\u0259r, o c\u00fcml\u0259d\u0259n valideynl\u0259r t\u0259hsil haqlar\u0131n\u0131n y\u00fcks\u0259k olmas\u0131ndan naraz\u0131d\u0131rlar.","og_url":"https:\/\/www.meydan.tv\/az\/article\/oten-il-8631-telebe-universitetden-xaric-edilib\/","og_site_name":"MEYDAN.TV","article_published_time":"2024-07-18T13:20:22+00:00","article_modified_time":"2024-07-18T13:20:25+00:00","og_image":[{"width":1200,"height":656,"url":"https:\/\/www.meydan.tv\/wp-content\/uploads\/1686681936_1686681578506-1.png","type":"image\/png"}],"author":"elli","twitter_card":"summary_large_image","twitter_creator":"@elli","schema":{"@context":"https:\/\/schema.org","@graph":[{"@type":"Article","@id":"https:\/\/www.meydan.tv\/az\/article\/oten-il-8631-telebe-universitetden-xaric-edilib\/#article","isPartOf":{"@id":"https:\/\/www.meydan.tv\/az\/article\/oten-il-8631-telebe-universitetden-xaric-edilib\/"},"author":{"name":"elli","@id":"https:\/\/www.meydan.tv\/az\/#\/schema\/person\/9cdbecf90d17180ce1dfbd95b08dcf47"},"headline":"\u00d6t\u0259n il 8631 t\u0259l\u0259b\u0259 universitetd\u0259n xaric edilib","datePublished":"2024-07-18T13:20:22+00:00","dateModified":"2024-07-18T13:20:25+00:00","mainEntityOfPage":{"@id":"https:\/\/www.meydan.tv\/az\/article\/oten-il-8631-telebe-universitetden-xaric-edilib\/"},"wordCount":738,"publisher":{"@id":"https:\/\/www.meydan.tv\/az\/#organization"},"image":{"@id":"https:\/\/www.meydan.tv\/az\/article\/oten-il-8631-telebe-universitetden-xaric-edilib\/#primaryimage"},"thumbnailUrl":"https:\/\/www.meydan.tv\/wp-content\/uploads\/1686681936_1686681578506-1.png","articleSection":["Sosial","X\u0259b\u0259rl\u0259r"],"inLanguage":"az"},{"@type":"WebPage","@id":"https:\/\/www.meydan.tv\/az\/article\/oten-il-8631-telebe-universitetden-xaric-edilib\/","url":"https:\/\/www.meydan.tv\/az\/article\/oten-il-8631-telebe-universitetden-xaric-edilib\/","name":"\u00d6t\u0259n il 8631 t\u0259l\u0259b\u0259 universitetd\u0259n xaric edilib - MEYDAN.TV","isPartOf":{"@id":"https:\/\/www.meydan.tv\/az\/#website"},"primaryImageOfPage":{"@id":"https:\/\/www.meydan.tv\/az\/article\/oten-il-8631-telebe-universitetden-xaric-edilib\/#primaryimage"},"image":{"@id":"https:\/\/www.meydan.tv\/az\/article\/oten-il-8631-telebe-universitetden-xaric-edilib\/#primaryimage"},"thumbnailUrl":"https:\/\/www.meydan.tv\/wp-content\/uploads\/1686681936_1686681578506-1.png","datePublished":"2024-07-18T13:20:22+00:00","dateModified":"2024-07-18T13:20:25+00:00","description":"Az\u0259rbaycanda g\u0259ncl\u0259r, o c\u00fcml\u0259d\u0259n valideynl\u0259r t\u0259hsil haqlar\u0131n\u0131n y\u00fcks\u0259k olmas\u0131ndan naraz\u0131d\u0131rlar.","breadcrumb":{"@id":"https:\/\/www.meydan.tv\/az\/article\/oten-il-8631-telebe-universitetden-xaric-edilib\/#breadcrumb"},"inLanguage":"az","potentialAction":[{"@type":"ReadAction","target":["https:\/\/www.meydan.tv\/az\/article\/oten-il-8631-telebe-universitetden-xaric-edilib\/"]}]},{"@type":"ImageObject","inLanguage":"az","@id":"https:\/\/www.meydan.tv\/az\/article\/oten-il-8631-telebe-universitetden-xaric-edilib\/#primaryimage","url":"https:\/\/www.meydan.tv\/wp-content\/uploads\/1686681936_1686681578506-1.png","contentUrl":"https:\/\/www.meydan.tv\/wp-content\/uploads\/1686681936_1686681578506-1.png","width":1200,"height":656,"caption":"T\u0259l\u0259b\u0259l\u0259r. Foto: Az\u0259rtac"},{"@type":"BreadcrumbList","@id":"https:\/\/www.meydan.tv\/az\/article\/oten-il-8631-telebe-universitetden-xaric-edilib\/#breadcrumb","itemListElement":[{"@type":"ListItem","position":1,"name":"Ana s\u0259hif\u0259","item":"https:\/\/www.meydan.tv\/az\/"},{"@type":"ListItem","position":2,"name":"Sosial","item":"https:\/\/www.meydan.tv\/az\/section\/sosial\/"},{"@type":"ListItem","position":3,"name":"\u00d6t\u0259n il 8631 t\u0259l\u0259b\u0259 universitetd\u0259n xaric edilib"}]},{"@type":"WebSite","@id":"https:\/\/www.meydan.tv\/az\/#website","url":"https:\/\/www.meydan.tv\/az\/","name":"MEYDAN.TV","description":"Meydan TV Az\u0259rbaycan\u0131n media m\u0259kan\u0131ndak\u0131 alternativ s\u0259sidir","publisher":{"@id":"https:\/\/www.meydan.tv\/az\/#organization"},"potentialAction":[{"@type":"SearchAction","target":{"@type":"EntryPoint","urlTemplate":"https:\/\/www.meydan.tv\/az\/?s={search_term_string}"},"query-input":{"@type":"PropertyValueSpecification","valueRequired":true,"valueName":"search_term_string"}}],"inLanguage":"az"},{"@type":"Organization","@id":"https:\/\/www.meydan.tv\/az\/#organization","name":"Meydan TV","url":"https:\/\/www.meydan.tv\/az\/","logo":{"@type":"ImageObject","inLanguage":"az","@id":"https:\/\/www.meydan.tv\/az\/#\/schema\/logo\/image\/","url":"https:\/\/www.meydan.tv\/wp-content\/uploads\/2021\/07\/meydan-logo.svg","contentUrl":"https:\/\/www.meydan.tv\/wp-content\/uploads\/2021\/07\/meydan-logo.svg","width":195,"height":46,"caption":"Meydan TV"},"image":{"@id":"https:\/\/www.meydan.tv\/az\/#\/schema\/logo\/image\/"}},{"@type":"Person","@id":"https:\/\/www.meydan.tv\/az\/#\/schema\/person\/9cdbecf90d17180ce1dfbd95b08dcf47","name":"elli","sameAs":["https:\/\/x.com\/elli"]}]}},"_links":{"self":[{"href":"https:\/\/www.meydan.tv\/az\/wp-json\/wp\/v2\/posts\/310645","targetHints":{"allow":["GET"]}}],"collection":[{"href":"https:\/\/www.meydan.tv\/az\/wp-json\/wp\/v2\/posts"}],"about":[{"href":"https:\/\/www.meydan.tv\/az\/wp-json\/wp\/v2\/types\/post"}],"author":[{"embeddable":true,"href":"https:\/\/www.meydan.tv\/az\/wp-json\/wp\/v2\/users\/8"}],"replies":[{"embeddable":true,"href":"https:\/\/www.meydan.tv\/az\/wp-json\/wp\/v2\/comments?post=310645"}],"version-history":[{"count":3,"href":"https:\/\/www.meydan.tv\/az\/wp-json\/wp\/v2\/posts\/310645\/revisions"}],"predecessor-version":[{"id":310651,"href":"https:\/\/www.meydan.tv\/az\/wp-json\/wp\/v2\/posts\/310645\/revisions\/310651"}],"wp:featuredmedia":[{"embeddable":true,"href":"https:\/\/www.meydan.tv\/az\/wp-json\/wp\/v2\/media\/310647"}],"wp:attachment":[{"href":"https:\/\/www.meydan.tv\/az\/wp-json\/wp\/v2\/media?parent=310645"}],"wp:term":[{"taxonomy":"category","embeddable":true,"href":"https:\/\/www.meydan.tv\/az\/wp-json\/wp\/v2\/categories?post=310645"},{"taxonomy":"post_tag","embeddable":true,"href":"https:\/\/www.meydan.tv\/az\/wp-json\/wp\/v2\/tags?post=310645"}],"curies":[{"name":"wp","href":"https:\/\/api.w.org\/{rel}","templated":true}]}}