{"id":310641,"date":"2024-07-18T16:36:00","date_gmt":"2024-07-18T12:36:00","guid":{"rendered":"https:\/\/www.meydan.tv\/?p=310641"},"modified":"2024-07-18T16:36:02","modified_gmt":"2024-07-18T12:36:02","slug":"masallida-evlerin-arasinda-tikilen-ferma-naraziliga-sebeb-olub","status":"publish","type":"post","link":"https:\/\/www.meydan.tv\/az\/article\/masallida-evlerin-arasinda-tikilen-ferma-naraziliga-sebeb-olub\/","title":{"rendered":"Masall\u0131da: Evl\u0259rin aras\u0131nda tikil\u0259n ferma naraz\u0131l\u0131\u011fa s\u0259b\u0259b olub"},"content":{"rendered":"\n<p><\/p>\n\n\n\n<p><strong><em>Regional ekologiya idar\u0259si \u0259raziy\u0259 ba\u015f \u00e7\u0259k\u0259c\u0259k<\/em><\/strong><\/p>\n\n\n\n<p>\u201c<em>Bir ild\u0259n \u00e7oxdur ki, Taleh M\u0259mm\u0259dovun ya\u015fad\u0131\u011f\u0131m\u0131z \u0259razid\u0259 tikdiyi ferman\u0131n \u0259zab\u0131n\u0131 \u00e7\u0259kirik. Evl\u0259rin aras\u0131nda tikil\u0259n fermada 40 ba\u015f civar\u0131nda iribuynuzlu heyvan saxlay\u0131r. H\u0259y\u0259tin 7 sotu fermad\u0131r, 3 sotuna da heyvanlar\u0131n peynini t\u00f6k\u00fcr. P\u0259nc\u0259r\u0259ni a\u00e7a bilmirik, h\u0259y\u0259td\u0259 otura bilmirik\u201d.<\/em><\/p>\n\n\n\n<p>Masall\u0131n\u0131n \u015e\u0259r\u0259f\u0259 k\u0259nd sakini Musa \u0130manov Meydan TV-y\u0259 dan\u0131\u015f\u0131r ki, evinin bir ne\u00e7\u0259 metrliyind\u0259 bir ild\u0259n \u00e7oxdur f\u0259aliyy\u0259t g\u00f6st\u0259r\u0259n ferma onu v\u0259 \u0259razid\u0259 ya\u015fayan dig\u0259r ail\u0259l\u0259ri narahat edir. Deyir ki, qon\u015fular\u0131n \u015fikay\u0259t etm\u0259diyi qurum qalmay\u0131b, he\u00e7 k\u0259s bu adamla bacarm\u0131r:<\/p>\n\n\n\n<p>\u201c<em>Deyir, pulumu verib tikmi\u015f\u0259m, \u0259c\u0259b edir\u0259m, m\u0259n\u0259 he\u00e7 kim he\u00e7 n\u0259 ed\u0259 bilm\u0259z. Bunun polis \u015f\u00f6b\u0259sind\u0259 m\u00fcst\u0259ntiq i\u015fl\u0259y\u0259n bir sinif yolda\u015f\u0131 var, h\u0259r yerd\u0259 onu verir qaba\u011fa, ona g\u00fcv\u0259nir\u201d.<\/em><\/p>\n\n\n\n<p>\u201c<strong>Deyir, xo\u015funuza g\u0259lmir, k\u00f6\u00e7\u00fcn, gedin\u201d<\/strong><\/p>\n\n\n\n<p>Sakinin iddias\u0131na g\u00f6r\u0259, ferma sahibi t\u0259mizliy\u0259 riay\u0259t etmir, \u0259ksin\u0259, \u015fikay\u0259t\u00e7i olduqlar\u0131 \u00fc\u00e7\u00fcn qon\u015fulara daha \u00e7ox \u0259ziyy\u0259t verir:<\/p>\n\n\n\n<p>\u201c<em>Heyvan\u0131n peynini, sidiyini h\u0259y\u0259t\u0259 burax\u0131r, p\u0259nc\u0259r\u0259m fermaya a\u00e7\u0131l\u0131r. \u00dcfun\u0259t evl\u0259rimiz\u0259, h\u0259y\u0259tl\u0259rimiz\u0259 dolur. Bir ild\u0259n \u00e7oxdur ki, p\u0259nc\u0259r\u0259ni a\u00e7m\u0131ram. \u00d6z\u00fcn\u0259 d\u0259 deyirik. Ora-bura \u015fikay\u0259t etdiyimiz \u00fc\u00e7\u00fcn biz\u0259 g\u00f6zda\u011f\u0131 verir, deyir, \u00f6z h\u0259y\u0259timdir, ist\u0259y\u0259r\u0259m t\u0259mizl\u0259y\u0259r\u0259m, ist\u0259y\u0259r\u0259m peyin y\u0131\u011faram. Pulumu verib, ferma tikdirmi\u015f\u0259m, xo\u015funuz g\u0259lmir, peyin qoxusunu \u00e7\u0259k\u0259 bilmirsiz, k\u00f6\u00e7\u00fcn, gedin, ba\u015fqa yerd\u0259 ya\u015fay\u0131n\u201d.<\/em><\/p>\n\n\n\n<p>Masall\u0131 rayon \u0130cra Hakimiyy\u0259tind\u0259n Meydan TV-y\u0259 bildirilib ki, \u015e\u0259r\u0259f\u0259 k\u0259ndind\u0259 qon\u015fular aras\u0131ndak\u0131 ferma m\u00fcbahis\u0259sind\u0259n x\u0259b\u0259rdard\u0131lar. H\u0259tta qurumun r\u0259hb\u0259rliyinin tap\u015f\u0131r\u0131\u011f\u0131yla \u0259m\u0259kda\u015flar ferma sahibin\u0259 x\u0259b\u0259rdarl\u0131q da edibl\u0259r. \u018frazid\u0259 ya\u015fayan v\u0259t\u0259nda\u015flar buna g\u00f6r\u0259 aidiyy\u0259ti \u00fczr\u0259 Ekologioya v\u0259 T\u0259bii S\u0259rv\u0259tl\u0259r Nazirliyin\u0259,\u00a0polis\u0259, m\u0259hk\u0259m\u0259y\u0259 m\u00fcraci\u0259t etm\u0259lidil\u0259r.<\/p>\n\n\n\n<p>\u201c<strong>Bu adamla icra hakimiyy\u0259ti d\u0259 bacarmad\u0131\u201d<\/strong><\/p>\n\n\n\n<p>Musa \u0130manov icra ba\u015f\u00e7\u0131s\u0131na \u015fikay\u0259t etdiyini, qurumun \u0259m\u0259kda\u015flar\u0131n\u0131n \u0259raziy\u0259 g\u0259ldiyini, ancaq bunun d\u0259yi\u015fikliy\u0259 s\u0259b\u0259b olmad\u0131\u011f\u0131n\u0131 deyir:<\/p>\n\n\n\n<p>\u201c<em>\u0130cra ba\u015f\u00e7\u0131s\u0131 yan\u0131ndak\u0131 \u0259m\u0259kda\u015flara dedi ki, sizin bu m\u0259s\u0259l\u0259d\u0259n niy\u0259 x\u0259b\u0259riniz yoxdur? G\u00f6st\u0259ri\u015f verdi, 3-4 ay \u0259vv\u0259l \u0259m\u0259kda\u015flar da, k\u0259ndin icra n\u00fcmay\u0259nd\u0259si d\u0259 g\u0259ldi, ferman\u0131n sahibiyl\u0259 s\u00f6hb\u0259t etdil\u0259r, tap\u015f\u0131rd\u0131lar ki, t\u0259mizlik i\u015fl\u0259ri g\u00f6rs\u00fcn, qon\u015fular\u0131 narahat el\u0259m\u0259sin. Dedil\u0259r, t\u0259mizliy\u0259 riay\u0259t el\u0259, i\u015fini davam el\u0259. Ancaq he\u00e7 bir n\u0259tic\u0259si olmad\u0131. Bu adamla icra hakimiyy\u0259ti d\u0259 bacarmad\u0131. Deyir, hara ist\u0259yirsiz \u015fikay\u0259t edin, \u00f6z yerimdir, \u00f6z fermamd\u0131r, he\u00e7 kim qar\u0131\u015fa bilm\u0259z\u201d.<\/em><\/p>\n\n\n\n<p>\u015eikay\u0259t\u00e7i \u0259raziy\u0259 d\u0259f\u0259l\u0259rl\u0259 icra n\u00fcmay\u0259nd\u0259sinin, sah\u0259 polisinin g\u0259lib ferma sahibiyl\u0259 dan\u0131\u015f\u0131qlar apard\u0131\u011f\u0131n\u0131, ancaq faydas\u0131z oldu\u011funu vur\u011fulay\u0131r.<\/p>\n\n\n\n<p>\u201c<strong>F\u0259rdi ev tikintisi \u00fc\u00e7\u00fcn veril\u0259n torpaqda ferma tikib\u201d<\/strong><\/p>\n\n\n\n<p>Uzun ill\u0259rdir \u0259razid\u0259 ya\u015fayan R\u0259him R\u0259himli, \u0130mran Omanov v\u0259 ba\u015fqa qon\u015fular da ferman\u0131n f\u0259aliyy\u0259tind\u0259n naraz\u0131d\u0131r. Onlar bu \u0259razid\u0259ki torpaqlar\u0131n v\u0259t\u0259nda\u015flara f\u0259rdi ev tikintisi \u00fc\u00e7\u00fcn sat\u0131ld\u0131\u011f\u0131n\u0131 bildirirl\u0259r:<\/p>\n\n\n\n<p>\u201c<em>Burdak\u0131 evl\u0259r 90-c\u0131 ill\u0259rin \u0259vv\u0259ll\u0259rind\u0259n tikilib. Y\u00fczl\u0259rl\u0259 ail\u0259 ya\u015fay\u0131r. Ona da yer ev tikm\u0259k \u00fc\u00e7\u00fcn verilib. Ancaq o, ev \u0259v\u0259zin\u0259 ferma tikib. Ferman\u0131n d\u00f6rd t\u0259r\u0259fi d\u0259 f\u0259rdi ya\u015fay\u0131\u015f evl\u0259ridir. Buna kim, nec\u0259 icaz\u0259 verib, bilmirik. Kims\u0259 pul al\u0131b, ferman\u0131n tikintisini g\u00f6rm\u0259zd\u0259n g\u0259lib, \u0259v\u0259zind\u0259 bu q\u0259d\u0259r \u0259hali g\u00fcn\u00fcn 24 saat\u0131 ciy\u0259rl\u0259rin\u0259 peyin iyi \u00e7\u0259kir\u201d.<\/em><\/p>\n\n\n\n<p>Meydan TV Taleh M\u0259mm\u0259dov il\u0259 \u0259laq\u0259 saxlaya bilm\u0259yib.<\/p>\n\n\n\n<p>1 sayl\u0131 L\u0259nk\u0259ran Regional Ekologiya v\u0259 T\u0259bii S\u0259rv\u0259tl\u0259r \u0130dar\u0259sind\u0259n bildirilib ki, m\u0259s\u0259l\u0259 il\u0259 ba\u011fl\u0131 \u015e\u0259r\u0259f\u0259 k\u0259nd sakini Musa \u0130manovun \u015fikay\u0259ti daxil olub. \u015eikay\u0259t \u0259sas\u0131nda \u0259raziy\u0259 bax\u0131\u015f ke\u00e7iril\u0259c\u0259k, v\u0259ziyy\u0259t\u0259 uy\u011fun olaraq q\u0259rar q\u0259bul olunacaq.<\/p>\n\n\n\n<p>H\u00fcquq\u015f\u00fcnas Namiz\u0259d S\u0259f\u0259rov deyir, \u0259g\u0259r ferman\u0131n yarad\u0131lmas\u0131 zaman\u0131 t\u0259s\u0259rr\u00fcfatla f\u0259rdi ya\u015fay\u0131\u015f evl\u0259ri aras\u0131ndak\u0131 qanunvericilikd\u0259 n\u0259z\u0259rd\u0259 tutulan m\u0259saf\u0259 saxlan\u0131lmay\u0131bsa, aidiyy\u0259ti qurumlar ferman\u0131n yarad\u0131lmas\u0131na imkan veribl\u0259rs\u0259, sakinl\u0259r h\u0259m ferma sahibin\u0259, h\u0259m d\u0259 aidiyy\u0259ti qurumlara qar\u015f\u0131 m\u0259hk\u0259m\u0259 m\u00fcbahis\u0259si a\u00e7a bil\u0259rl\u0259r.<\/p>\n","protected":false},"excerpt":{"rendered":"<p>Regional ekologiya idar\u0259si \u0259raziy\u0259 ba\u015f \u00e7\u0259k\u0259c\u0259k \u201cBir ild\u0259n \u00e7oxdur ki, &#8230; <\/p>\n<p class=\"read-more-container\"><a title=\"Masall\u0131da: Evl\u0259rin aras\u0131nda tikil\u0259n ferma naraz\u0131l\u0131\u011fa s\u0259b\u0259b olub\" class=\"read-more button\" href=\"https:\/\/www.meydan.tv\/az\/article\/masallida-evlerin-arasinda-tikilen-ferma-naraziliga-sebeb-olub\/#more-310641\" aria-label=\"Read more about Masall\u0131da: Evl\u0259rin aras\u0131nda tikil\u0259n ferma naraz\u0131l\u0131\u011fa s\u0259b\u0259b olub\">Davam\u0131<\/a><\/p>\n","protected":false},"author":8,"featured_media":310638,"comment_status":"closed","ping_status":"closed","sticky":false,"template":"","format":"standard","meta":{"_acf_changed":false,"_sitemap_exclude":false,"_sitemap_priority":"","_sitemap_frequency":"","footnotes":""},"categories":[60,56],"tags":[],"class_list":["post-310641","post","type-post","status-publish","format-standard","has-post-thumbnail","hentry","category-bolge","category-xeberler","infinite-scroll-item","generate-columns","tablet-grid-50","mobile-grid-100","grid-parent","grid-33","no-featured-image-padding"],"acf":[],"yoast_head":"<!-- This site is optimized with the Yoast SEO plugin v27.4 - https:\/\/yoast.com\/product\/yoast-seo-wordpress\/ -->\n<title>Masall\u0131da: Evl\u0259rin aras\u0131nda tikil\u0259n ferma naraz\u0131l\u0131\u011fa s\u0259b\u0259b olub - MEYDAN.TV<\/title>\n<meta name=\"description\" content=\"Masall\u0131n\u0131n \u015e\u0259r\u0259f\u0259 k\u0259ndind\u0259 bir ild\u0259n \u00e7oxdur f\u0259aliyy\u0259t g\u00f6st\u0259r\u0259n ferma \u0259razid\u0259 ya\u015fayan ail\u0259l\u0259ri narahat edir.\" \/>\n<meta name=\"robots\" content=\"index, follow, max-snippet:-1, max-image-preview:large, max-video-preview:-1\" \/>\n<link rel=\"canonical\" href=\"https:\/\/www.meydan.tv\/az\/article\/masallida-evlerin-arasinda-tikilen-ferma-naraziliga-sebeb-olub\/\" \/>\n<meta property=\"og:locale\" content=\"az_AZ\" \/>\n<meta property=\"og:type\" content=\"article\" \/>\n<meta property=\"og:title\" content=\"Masall\u0131da: Evl\u0259rin aras\u0131nda tikil\u0259n ferma naraz\u0131l\u0131\u011fa s\u0259b\u0259b olub - MEYDAN.TV\" \/>\n<meta property=\"og:description\" content=\"Masall\u0131n\u0131n \u015e\u0259r\u0259f\u0259 k\u0259ndind\u0259 bir ild\u0259n \u00e7oxdur f\u0259aliyy\u0259t g\u00f6st\u0259r\u0259n ferma \u0259razid\u0259 ya\u015fayan ail\u0259l\u0259ri narahat edir.\" \/>\n<meta property=\"og:url\" content=\"https:\/\/www.meydan.tv\/az\/article\/masallida-evlerin-arasinda-tikilen-ferma-naraziliga-sebeb-olub\/\" \/>\n<meta property=\"og:site_name\" content=\"MEYDAN.TV\" \/>\n<meta property=\"article:published_time\" content=\"2024-07-18T12:36:00+00:00\" \/>\n<meta property=\"article:modified_time\" content=\"2024-07-18T12:36:02+00:00\" \/>\n<meta property=\"og:image\" content=\"https:\/\/www.meydan.tv\/wp-content\/uploads\/photo-2024-07-18-15-45-32.jpg\" \/>\n\t<meta property=\"og:image:width\" content=\"1200\" \/>\n\t<meta property=\"og:image:height\" content=\"900\" \/>\n\t<meta property=\"og:image:type\" content=\"image\/jpeg\" \/>\n<meta name=\"author\" content=\"elli\" \/>\n<meta name=\"twitter:card\" content=\"summary_large_image\" \/>\n<meta name=\"twitter:creator\" content=\"@elli\" \/>\n<script type=\"application\/ld+json\" class=\"yoast-schema-graph\">{\"@context\":\"https:\\\/\\\/schema.org\",\"@graph\":[{\"@type\":\"Article\",\"@id\":\"https:\\\/\\\/www.meydan.tv\\\/az\\\/article\\\/masallida-evlerin-arasinda-tikilen-ferma-naraziliga-sebeb-olub\\\/#article\",\"isPartOf\":{\"@id\":\"https:\\\/\\\/www.meydan.tv\\\/az\\\/article\\\/masallida-evlerin-arasinda-tikilen-ferma-naraziliga-sebeb-olub\\\/\"},\"author\":{\"name\":\"elli\",\"@id\":\"https:\\\/\\\/www.meydan.tv\\\/az\\\/#\\\/schema\\\/person\\\/9cdbecf90d17180ce1dfbd95b08dcf47\"},\"headline\":\"Masall\u0131da: Evl\u0259rin aras\u0131nda tikil\u0259n ferma naraz\u0131l\u0131\u011fa s\u0259b\u0259b olub\",\"datePublished\":\"2024-07-18T12:36:00+00:00\",\"dateModified\":\"2024-07-18T12:36:02+00:00\",\"mainEntityOfPage\":{\"@id\":\"https:\\\/\\\/www.meydan.tv\\\/az\\\/article\\\/masallida-evlerin-arasinda-tikilen-ferma-naraziliga-sebeb-olub\\\/\"},\"wordCount\":859,\"publisher\":{\"@id\":\"https:\\\/\\\/www.meydan.tv\\\/az\\\/#organization\"},\"image\":{\"@id\":\"https:\\\/\\\/www.meydan.tv\\\/az\\\/article\\\/masallida-evlerin-arasinda-tikilen-ferma-naraziliga-sebeb-olub\\\/#primaryimage\"},\"thumbnailUrl\":\"https:\\\/\\\/www.meydan.tv\\\/wp-content\\\/uploads\\\/photo-2024-07-18-15-45-32.jpg\",\"articleSection\":[\"B\u00f6lg\u0259\",\"X\u0259b\u0259rl\u0259r\"],\"inLanguage\":\"az\"},{\"@type\":\"WebPage\",\"@id\":\"https:\\\/\\\/www.meydan.tv\\\/az\\\/article\\\/masallida-evlerin-arasinda-tikilen-ferma-naraziliga-sebeb-olub\\\/\",\"url\":\"https:\\\/\\\/www.meydan.tv\\\/az\\\/article\\\/masallida-evlerin-arasinda-tikilen-ferma-naraziliga-sebeb-olub\\\/\",\"name\":\"Masall\u0131da: Evl\u0259rin aras\u0131nda tikil\u0259n ferma naraz\u0131l\u0131\u011fa s\u0259b\u0259b olub - MEYDAN.TV\",\"isPartOf\":{\"@id\":\"https:\\\/\\\/www.meydan.tv\\\/az\\\/#website\"},\"primaryImageOfPage\":{\"@id\":\"https:\\\/\\\/www.meydan.tv\\\/az\\\/article\\\/masallida-evlerin-arasinda-tikilen-ferma-naraziliga-sebeb-olub\\\/#primaryimage\"},\"image\":{\"@id\":\"https:\\\/\\\/www.meydan.tv\\\/az\\\/article\\\/masallida-evlerin-arasinda-tikilen-ferma-naraziliga-sebeb-olub\\\/#primaryimage\"},\"thumbnailUrl\":\"https:\\\/\\\/www.meydan.tv\\\/wp-content\\\/uploads\\\/photo-2024-07-18-15-45-32.jpg\",\"datePublished\":\"2024-07-18T12:36:00+00:00\",\"dateModified\":\"2024-07-18T12:36:02+00:00\",\"description\":\"Masall\u0131n\u0131n \u015e\u0259r\u0259f\u0259 k\u0259ndind\u0259 bir ild\u0259n \u00e7oxdur f\u0259aliyy\u0259t g\u00f6st\u0259r\u0259n ferma \u0259razid\u0259 ya\u015fayan ail\u0259l\u0259ri narahat edir.\",\"breadcrumb\":{\"@id\":\"https:\\\/\\\/www.meydan.tv\\\/az\\\/article\\\/masallida-evlerin-arasinda-tikilen-ferma-naraziliga-sebeb-olub\\\/#breadcrumb\"},\"inLanguage\":\"az\",\"potentialAction\":[{\"@type\":\"ReadAction\",\"target\":[\"https:\\\/\\\/www.meydan.tv\\\/az\\\/article\\\/masallida-evlerin-arasinda-tikilen-ferma-naraziliga-sebeb-olub\\\/\"]}]},{\"@type\":\"ImageObject\",\"inLanguage\":\"az\",\"@id\":\"https:\\\/\\\/www.meydan.tv\\\/az\\\/article\\\/masallida-evlerin-arasinda-tikilen-ferma-naraziliga-sebeb-olub\\\/#primaryimage\",\"url\":\"https:\\\/\\\/www.meydan.tv\\\/wp-content\\\/uploads\\\/photo-2024-07-18-15-45-32.jpg\",\"contentUrl\":\"https:\\\/\\\/www.meydan.tv\\\/wp-content\\\/uploads\\\/photo-2024-07-18-15-45-32.jpg\",\"width\":1200,\"height\":900,\"caption\":\"Foto: Meydan TV\"},{\"@type\":\"BreadcrumbList\",\"@id\":\"https:\\\/\\\/www.meydan.tv\\\/az\\\/article\\\/masallida-evlerin-arasinda-tikilen-ferma-naraziliga-sebeb-olub\\\/#breadcrumb\",\"itemListElement\":[{\"@type\":\"ListItem\",\"position\":1,\"name\":\"Ana s\u0259hif\u0259\",\"item\":\"https:\\\/\\\/www.meydan.tv\\\/az\\\/\"},{\"@type\":\"ListItem\",\"position\":2,\"name\":\"B\u00f6lg\u0259\",\"item\":\"https:\\\/\\\/www.meydan.tv\\\/az\\\/section\\\/bolge\\\/\"},{\"@type\":\"ListItem\",\"position\":3,\"name\":\"Masall\u0131da: Evl\u0259rin aras\u0131nda tikil\u0259n ferma naraz\u0131l\u0131\u011fa s\u0259b\u0259b olub\"}]},{\"@type\":\"WebSite\",\"@id\":\"https:\\\/\\\/www.meydan.tv\\\/az\\\/#website\",\"url\":\"https:\\\/\\\/www.meydan.tv\\\/az\\\/\",\"name\":\"MEYDAN.TV\",\"description\":\"Meydan TV Az\u0259rbaycan\u0131n media m\u0259kan\u0131ndak\u0131 alternativ s\u0259sidir\",\"publisher\":{\"@id\":\"https:\\\/\\\/www.meydan.tv\\\/az\\\/#organization\"},\"potentialAction\":[{\"@type\":\"SearchAction\",\"target\":{\"@type\":\"EntryPoint\",\"urlTemplate\":\"https:\\\/\\\/www.meydan.tv\\\/az\\\/?s={search_term_string}\"},\"query-input\":{\"@type\":\"PropertyValueSpecification\",\"valueRequired\":true,\"valueName\":\"search_term_string\"}}],\"inLanguage\":\"az\"},{\"@type\":\"Organization\",\"@id\":\"https:\\\/\\\/www.meydan.tv\\\/az\\\/#organization\",\"name\":\"Meydan TV\",\"url\":\"https:\\\/\\\/www.meydan.tv\\\/az\\\/\",\"logo\":{\"@type\":\"ImageObject\",\"inLanguage\":\"az\",\"@id\":\"https:\\\/\\\/www.meydan.tv\\\/az\\\/#\\\/schema\\\/logo\\\/image\\\/\",\"url\":\"https:\\\/\\\/www.meydan.tv\\\/wp-content\\\/uploads\\\/2021\\\/07\\\/meydan-logo.svg\",\"contentUrl\":\"https:\\\/\\\/www.meydan.tv\\\/wp-content\\\/uploads\\\/2021\\\/07\\\/meydan-logo.svg\",\"width\":195,\"height\":46,\"caption\":\"Meydan TV\"},\"image\":{\"@id\":\"https:\\\/\\\/www.meydan.tv\\\/az\\\/#\\\/schema\\\/logo\\\/image\\\/\"}},{\"@type\":\"Person\",\"@id\":\"https:\\\/\\\/www.meydan.tv\\\/az\\\/#\\\/schema\\\/person\\\/9cdbecf90d17180ce1dfbd95b08dcf47\",\"name\":\"elli\",\"sameAs\":[\"https:\\\/\\\/x.com\\\/elli\"]}]}<\/script>\n<!-- \/ Yoast SEO plugin. -->","yoast_head_json":{"title":"Masall\u0131da: Evl\u0259rin aras\u0131nda tikil\u0259n ferma naraz\u0131l\u0131\u011fa s\u0259b\u0259b olub - MEYDAN.TV","description":"Masall\u0131n\u0131n \u015e\u0259r\u0259f\u0259 k\u0259ndind\u0259 bir ild\u0259n \u00e7oxdur f\u0259aliyy\u0259t g\u00f6st\u0259r\u0259n ferma \u0259razid\u0259 ya\u015fayan ail\u0259l\u0259ri narahat edir.","robots":{"index":"index","follow":"follow","max-snippet":"max-snippet:-1","max-image-preview":"max-image-preview:large","max-video-preview":"max-video-preview:-1"},"canonical":"https:\/\/www.meydan.tv\/az\/article\/masallida-evlerin-arasinda-tikilen-ferma-naraziliga-sebeb-olub\/","og_locale":"az_AZ","og_type":"article","og_title":"Masall\u0131da: Evl\u0259rin aras\u0131nda tikil\u0259n ferma naraz\u0131l\u0131\u011fa s\u0259b\u0259b olub - MEYDAN.TV","og_description":"Masall\u0131n\u0131n \u015e\u0259r\u0259f\u0259 k\u0259ndind\u0259 bir ild\u0259n \u00e7oxdur f\u0259aliyy\u0259t g\u00f6st\u0259r\u0259n ferma \u0259razid\u0259 ya\u015fayan ail\u0259l\u0259ri narahat edir.","og_url":"https:\/\/www.meydan.tv\/az\/article\/masallida-evlerin-arasinda-tikilen-ferma-naraziliga-sebeb-olub\/","og_site_name":"MEYDAN.TV","article_published_time":"2024-07-18T12:36:00+00:00","article_modified_time":"2024-07-18T12:36:02+00:00","og_image":[{"width":1200,"height":900,"url":"https:\/\/www.meydan.tv\/wp-content\/uploads\/photo-2024-07-18-15-45-32.jpg","type":"image\/jpeg"}],"author":"elli","twitter_card":"summary_large_image","twitter_creator":"@elli","schema":{"@context":"https:\/\/schema.org","@graph":[{"@type":"Article","@id":"https:\/\/www.meydan.tv\/az\/article\/masallida-evlerin-arasinda-tikilen-ferma-naraziliga-sebeb-olub\/#article","isPartOf":{"@id":"https:\/\/www.meydan.tv\/az\/article\/masallida-evlerin-arasinda-tikilen-ferma-naraziliga-sebeb-olub\/"},"author":{"name":"elli","@id":"https:\/\/www.meydan.tv\/az\/#\/schema\/person\/9cdbecf90d17180ce1dfbd95b08dcf47"},"headline":"Masall\u0131da: Evl\u0259rin aras\u0131nda tikil\u0259n ferma naraz\u0131l\u0131\u011fa s\u0259b\u0259b olub","datePublished":"2024-07-18T12:36:00+00:00","dateModified":"2024-07-18T12:36:02+00:00","mainEntityOfPage":{"@id":"https:\/\/www.meydan.tv\/az\/article\/masallida-evlerin-arasinda-tikilen-ferma-naraziliga-sebeb-olub\/"},"wordCount":859,"publisher":{"@id":"https:\/\/www.meydan.tv\/az\/#organization"},"image":{"@id":"https:\/\/www.meydan.tv\/az\/article\/masallida-evlerin-arasinda-tikilen-ferma-naraziliga-sebeb-olub\/#primaryimage"},"thumbnailUrl":"https:\/\/www.meydan.tv\/wp-content\/uploads\/photo-2024-07-18-15-45-32.jpg","articleSection":["B\u00f6lg\u0259","X\u0259b\u0259rl\u0259r"],"inLanguage":"az"},{"@type":"WebPage","@id":"https:\/\/www.meydan.tv\/az\/article\/masallida-evlerin-arasinda-tikilen-ferma-naraziliga-sebeb-olub\/","url":"https:\/\/www.meydan.tv\/az\/article\/masallida-evlerin-arasinda-tikilen-ferma-naraziliga-sebeb-olub\/","name":"Masall\u0131da: Evl\u0259rin aras\u0131nda tikil\u0259n ferma naraz\u0131l\u0131\u011fa s\u0259b\u0259b olub - MEYDAN.TV","isPartOf":{"@id":"https:\/\/www.meydan.tv\/az\/#website"},"primaryImageOfPage":{"@id":"https:\/\/www.meydan.tv\/az\/article\/masallida-evlerin-arasinda-tikilen-ferma-naraziliga-sebeb-olub\/#primaryimage"},"image":{"@id":"https:\/\/www.meydan.tv\/az\/article\/masallida-evlerin-arasinda-tikilen-ferma-naraziliga-sebeb-olub\/#primaryimage"},"thumbnailUrl":"https:\/\/www.meydan.tv\/wp-content\/uploads\/photo-2024-07-18-15-45-32.jpg","datePublished":"2024-07-18T12:36:00+00:00","dateModified":"2024-07-18T12:36:02+00:00","description":"Masall\u0131n\u0131n \u015e\u0259r\u0259f\u0259 k\u0259ndind\u0259 bir ild\u0259n \u00e7oxdur f\u0259aliyy\u0259t g\u00f6st\u0259r\u0259n ferma \u0259razid\u0259 ya\u015fayan ail\u0259l\u0259ri narahat edir.","breadcrumb":{"@id":"https:\/\/www.meydan.tv\/az\/article\/masallida-evlerin-arasinda-tikilen-ferma-naraziliga-sebeb-olub\/#breadcrumb"},"inLanguage":"az","potentialAction":[{"@type":"ReadAction","target":["https:\/\/www.meydan.tv\/az\/article\/masallida-evlerin-arasinda-tikilen-ferma-naraziliga-sebeb-olub\/"]}]},{"@type":"ImageObject","inLanguage":"az","@id":"https:\/\/www.meydan.tv\/az\/article\/masallida-evlerin-arasinda-tikilen-ferma-naraziliga-sebeb-olub\/#primaryimage","url":"https:\/\/www.meydan.tv\/wp-content\/uploads\/photo-2024-07-18-15-45-32.jpg","contentUrl":"https:\/\/www.meydan.tv\/wp-content\/uploads\/photo-2024-07-18-15-45-32.jpg","width":1200,"height":900,"caption":"Foto: Meydan TV"},{"@type":"BreadcrumbList","@id":"https:\/\/www.meydan.tv\/az\/article\/masallida-evlerin-arasinda-tikilen-ferma-naraziliga-sebeb-olub\/#breadcrumb","itemListElement":[{"@type":"ListItem","position":1,"name":"Ana s\u0259hif\u0259","item":"https:\/\/www.meydan.tv\/az\/"},{"@type":"ListItem","position":2,"name":"B\u00f6lg\u0259","item":"https:\/\/www.meydan.tv\/az\/section\/bolge\/"},{"@type":"ListItem","position":3,"name":"Masall\u0131da: Evl\u0259rin aras\u0131nda tikil\u0259n ferma naraz\u0131l\u0131\u011fa s\u0259b\u0259b olub"}]},{"@type":"WebSite","@id":"https:\/\/www.meydan.tv\/az\/#website","url":"https:\/\/www.meydan.tv\/az\/","name":"MEYDAN.TV","description":"Meydan TV Az\u0259rbaycan\u0131n media m\u0259kan\u0131ndak\u0131 alternativ s\u0259sidir","publisher":{"@id":"https:\/\/www.meydan.tv\/az\/#organization"},"potentialAction":[{"@type":"SearchAction","target":{"@type":"EntryPoint","urlTemplate":"https:\/\/www.meydan.tv\/az\/?s={search_term_string}"},"query-input":{"@type":"PropertyValueSpecification","valueRequired":true,"valueName":"search_term_string"}}],"inLanguage":"az"},{"@type":"Organization","@id":"https:\/\/www.meydan.tv\/az\/#organization","name":"Meydan TV","url":"https:\/\/www.meydan.tv\/az\/","logo":{"@type":"ImageObject","inLanguage":"az","@id":"https:\/\/www.meydan.tv\/az\/#\/schema\/logo\/image\/","url":"https:\/\/www.meydan.tv\/wp-content\/uploads\/2021\/07\/meydan-logo.svg","contentUrl":"https:\/\/www.meydan.tv\/wp-content\/uploads\/2021\/07\/meydan-logo.svg","width":195,"height":46,"caption":"Meydan TV"},"image":{"@id":"https:\/\/www.meydan.tv\/az\/#\/schema\/logo\/image\/"}},{"@type":"Person","@id":"https:\/\/www.meydan.tv\/az\/#\/schema\/person\/9cdbecf90d17180ce1dfbd95b08dcf47","name":"elli","sameAs":["https:\/\/x.com\/elli"]}]}},"_links":{"self":[{"href":"https:\/\/www.meydan.tv\/az\/wp-json\/wp\/v2\/posts\/310641","targetHints":{"allow":["GET"]}}],"collection":[{"href":"https:\/\/www.meydan.tv\/az\/wp-json\/wp\/v2\/posts"}],"about":[{"href":"https:\/\/www.meydan.tv\/az\/wp-json\/wp\/v2\/types\/post"}],"author":[{"embeddable":true,"href":"https:\/\/www.meydan.tv\/az\/wp-json\/wp\/v2\/users\/8"}],"replies":[{"embeddable":true,"href":"https:\/\/www.meydan.tv\/az\/wp-json\/wp\/v2\/comments?post=310641"}],"version-history":[{"count":3,"href":"https:\/\/www.meydan.tv\/az\/wp-json\/wp\/v2\/posts\/310641\/revisions"}],"predecessor-version":[{"id":310644,"href":"https:\/\/www.meydan.tv\/az\/wp-json\/wp\/v2\/posts\/310641\/revisions\/310644"}],"wp:featuredmedia":[{"embeddable":true,"href":"https:\/\/www.meydan.tv\/az\/wp-json\/wp\/v2\/media\/310638"}],"wp:attachment":[{"href":"https:\/\/www.meydan.tv\/az\/wp-json\/wp\/v2\/media?parent=310641"}],"wp:term":[{"taxonomy":"category","embeddable":true,"href":"https:\/\/www.meydan.tv\/az\/wp-json\/wp\/v2\/categories?post=310641"},{"taxonomy":"post_tag","embeddable":true,"href":"https:\/\/www.meydan.tv\/az\/wp-json\/wp\/v2\/tags?post=310641"}],"curies":[{"name":"wp","href":"https:\/\/api.w.org\/{rel}","templated":true}]}}