{"id":310571,"date":"2024-07-18T12:46:41","date_gmt":"2024-07-18T08:46:41","guid":{"rendered":"https:\/\/www.meydan.tv\/?p=310571"},"modified":"2024-07-18T12:46:44","modified_gmt":"2024-07-18T08:46:44","slug":"media-agentliyi-reyestrden-kecmeyen-saytlari-mehkemeye-verib","status":"publish","type":"post","link":"https:\/\/www.meydan.tv\/az\/article\/media-agentliyi-reyestrden-kecmeyen-saytlari-mehkemeye-verib\/","title":{"rendered":"Media Agentliyi reyestrd\u0259n ke\u00e7m\u0259y\u0259n saytlar\u0131 m\u0259hk\u0259m\u0259y\u0259 verib"},"content":{"rendered":"\n<p><\/p>\n\n\n\n<p><strong><em>H\u00fcquq\u015f\u00fcnas: \u201cMedia orqanlar\u0131n\u0131n qapad\u0131lmas\u0131 Konstitusiyaya v\u0259 beyn\u0259lxalq aktlara ziddir\u201d<\/em><\/strong><\/p>\n\n\n\n<p>Median\u0131n \u0130nki\u015faf\u0131 Agentliyi (M\u0130A) son bir h\u0259ft\u0259d\u0259 media reyestrind\u0259 qeydiyyat \u00fc\u00e7\u00fcn m\u00fcraci\u0259t etm\u0259dikl\u0259rin\u0259 g\u00f6r\u0259 az\u0131 3 media orqan\u0131n\u0131n \u2013\u201cxeberal.az\u201d, \u201cazerbaycanrealligi.com\u201d v\u0259 \u201cmillitv.az\u201d saytlar\u0131n\u0131n f\u0259aliyy\u0259tin\u0259 xitam verilm\u0259si \u00fc\u00e7\u00fcn m\u0259hk\u0259m\u0259y\u0259 m\u00fcraci\u0259t edib.<br>Sumqay\u0131t Apelyasiya M\u0259hk\u0259m\u0259si art\u0131q \u201cxeberal.az\u201d onlayn media resursunun f\u0259aliyy\u0259tin\u0259 xitam verilm\u0259si haqda q\u0259rar \u00e7\u0131xar\u0131b.<\/p>\n\n\n\n<p>H\u00fcquq\u015f\u00fcnas Xalid A\u011f\u0259liyev bildirir ki, agentliyin iddias\u0131 \u201cMedia haqq\u0131nda\u201d qanunun 78, 65 v\u0259 62-ci madd\u0259l\u0259rin\u0259 \u0259saslan\u0131r. H\u0259min madd\u0259l\u0259rin t\u0259l\u0259bi is\u0259 bel\u0259dir:<\/p>\n\n\n\n<p><em>\u201cH\u0259r hans\u0131 media Media Reyestrind\u0259 qeydiyyatdan ke\u00e7m\u0259k \u00fc\u00e7\u00fcn Media Agentliyin\u0259 m\u00fcraci\u0259t etm\u0259li, reyestr\u0259 daxil edilm\u0259lidir. Etmirs\u0259, Agentlik m\u0259hk\u0259m\u0259y\u0259 m\u00fcraci\u0259t edib, h\u0259min median\u0131n f\u0259aliyy\u0259tin\u0259 xitam verilm\u0259sini t\u0259l\u0259b ed\u0259 bil\u0259r\u201d.<\/em><\/p>\n\n\n\n<p>H\u00fcquq\u015f\u00fcnas deyir ki, yerli m\u0259hk\u0259m\u0259l\u0259r indiy\u0259d\u0259k bel\u0259 iddialar\u0131n ham\u0131s\u0131n\u0131 s\u0131rf \u201cMedia haqq\u0131nda\u201d qanunun i\u015f\u0131\u011f\u0131nda ara\u015fd\u0131r\u0131b. Bax\u0131lan iddialar\u0131n ham\u0131s\u0131n\u0131 t\u0259min edibl\u0259r.<\/p>\n\n\n\n<p>Onun s\u00f6zl\u0259rin\u0259 g\u00f6r\u0259, bu, tamamil\u0259 yanl\u0131\u015f, \u0259sas qanuna \u2013 Konstitusiyaya say\u011f\u0131s\u0131z praktikad\u0131r:<\/p>\n\n\n\n<p><em>\u201cKonstitusiya \u0259n y\u00fcks\u0259k h\u00fcquqi q\u00fcvv\u0259y\u0259 malik s\u0259n\u0259ddir (Konstitusiyan\u0131n 147-ci madd\u0259si). Konstitusiyan\u0131n 149-cu madd\u0259sin\u0259 g\u00f6r\u0259, qanunlar Konstitusiyaya zidd ola bilm\u0259z. Az\u0259rbaycan Respublikas\u0131n\u0131n qanunvericilik sistemin\u0259 daxil olan normativ aktlar \u00f6lk\u0259 Konstitusiyas\u0131 il\u0259 yana\u015f\u0131 Az\u0259rbaycan\u0131n t\u0259r\u0259f oldu\u011fu beyn\u0259lxalq m\u00fcqavil\u0259l\u0259r\u0259 d\u0259 uy\u011fun olmal\u0131d\u0131r\u201d.<\/em><\/p>\n\n\n\n<p>Konstitusiyan\u0131n 148-ci madd\u0259sind\u0259 vur\u011fulan\u0131r ki, \u00f6lk\u0259nin t\u0259r\u0259fdar \u00e7\u0131xd\u0131\u011f\u0131 beyn\u0259lxalq m\u00fcqavil\u0259l\u0259r Az\u0259rbaycan Respublikas\u0131n\u0131n qanunvericilik sisteminin ayr\u0131lmaz t\u0259rkib hiss\u0259sidir. <\/p>\n\n\n\n<p>Az\u0259rbaycan Respublikas\u0131n\u0131n t\u0259r\u0259fdar \u00e7\u0131xd\u0131\u011f\u0131 beyn\u0259lxalq m\u00fcqavil\u0259l\u0259r qanunvericilik sisteminin ayr\u0131lmaz t\u0259rkib hiss\u0259si olmaqla yana\u015f\u0131, h\u0259m d\u0259 qanunlarla m\u00fcqayis\u0259d\u0259 \u00fcst\u00fcn h\u00fcquqi q\u00fcvv\u0259y\u0259 malikdir. Beyn\u0259lxalq aktlar\u0131n h\u00fcquqi q\u00fcvv\u0259sini t\u0259nziml\u0259y\u0259n Konstitusiyan\u0131n 151-ci madd\u0259sinin t\u0259l\u0259bin\u0259 g\u00f6r\u0259, Az\u0259rbaycan\u0131n qanunvericilik sistemin\u0259 daxil olan normativ h\u00fcquqi aktlar il\u0259 \u00f6lk\u0259nin t\u0259r\u0259fdar \u00e7\u0131xd\u0131\u011f\u0131 d\u00f6vl\u0259tl\u0259raras\u0131 m\u00fcqavil\u0259l\u0259r aras\u0131nda ziddiyy\u0259t yaranarsa, h\u0259min beyn\u0259lxalq m\u00fcqavil\u0259l\u0259r t\u0259tbiq edilm\u0259lidir.<\/p>\n\n\n<div class=\"wp-block-image\">\n<figure class=\"alignleft size-full is-resized\"><img decoding=\"async\" width=\"1200\" height=\"675\" data-src=\"https:\/\/www.meydan.tv\/wp-content\/uploads\/312215888_5569776356393192_3558032749285961189_n.png\" alt=\"\" class=\"wp-image-259027 lazyload\" style=\"--smush-placeholder-width: 1200px; --smush-placeholder-aspect-ratio: 1200\/675;width:354px;height:auto\" src=\"data:image\/svg+xml;base64,PHN2ZyB3aWR0aD0iMSIgaGVpZ2h0PSIxIiB4bWxucz0iaHR0cDovL3d3dy53My5vcmcvMjAwMC9zdmciPjwvc3ZnPg==\" \/><figcaption class=\"wp-element-caption\">Xalid A\u011faliyev. Foto: Meydan TV<\/figcaption><\/figure>\n<\/div>\n\n\n<p>Xalid A\u011f\u0259liyev deyir ki, Az\u0259rbaycan\u0131n t\u0259r\u0259fdar \u00e7\u0131xd\u0131\u011f\u0131 \u0259sas beyn\u0259lxalq m\u00fcqavil\u0259l\u0259rin ba\u015f\u0131nda BMT \u00dcmumd\u00fcnya \u0130nsan H\u00fcquqlar\u0131 B\u0259yannam\u0259si v\u0259 Avropa \u0130nsan Haqlar\u0131 Konvensiyas\u0131 g\u0259lir. Media qurumlar\u0131n\u0131n f\u0259aliyy\u0259tin\u0259 xitam verilm\u0259si praktikas\u0131na h\u0259r iki beyn\u0259lxalq m\u00fcqavil\u0259nin t\u0259tbiqi t\u0259cr\u00fcb\u0259sinin yana\u015fmas\u0131 olduqca ayd\u0131nd\u0131r:<\/p>\n\n\n\n<p><em>\u201cBMT \u0130nsan Haqlar\u0131 Komit\u0259si deyir ki, jurnalistika, bloq yazarlar\u0131, \u00e7ap, internet v\u0259 ba\u015fqa platformada f\u0259rdi yay\u0131n\u00e7\u0131l\u0131qla m\u0259\u015f\u011ful olan ba\u015fqalar\u0131 da daxil olmaqla, \u00e7ox\u00e7e\u015fidli aktorlar t\u0259r\u0259find\u0259n payla\u015f\u0131lan bir f\u0259aliyy\u0259tdir v\u0259 jurnalistl\u0259rin qeydiyyat\u0131n\u0131n apar\u0131lmas\u0131 v\u0259 ya lisenziyala\u015fd\u0131r\u0131lmas\u0131 BMT \u00dcmumd\u00fcnya \u0130nsan H\u00fcquqlar\u0131 B\u0259yannam\u0259sinin 19-cu madd\u0259sin\u0259 uy\u011fun deyil\u201d.<\/em><\/p>\n\n\n\n<p>H\u00fcquq\u015f\u00fcnas \u0259lav\u0259 edir ki, Avropa M\u0259hk\u0259m\u0259sinin m\u00fcvafiq presedent h\u00fcququ da eynidir. Presedent h\u00fcquq n\u0259inki mediaya qeydiyyat sisteminin t\u0259tbiqin\u0259 imkan verir, h\u0259tta, teleradio tezlikl\u0259rinin lisenziya qaydas\u0131nda verilm\u0259sinin d\u0259 bir metod olaraq art\u0131q \u00f6n\u0259mini itirdiyini vur\u011fulay\u0131r. Y\u0259ni, qeydiyyat &#8211; texniki s\u0259b\u0259bd\u0259n media, ifad\u0259 azadl\u0131\u011f\u0131na m\u00fcdaxil\u0259 yolverilm\u0259zdir:<\/p>\n\n\n\n<p><em>\u201cQ\u0131sas\u0131, Konstitusiyam\u0131z deyir ki, \u201cMedia haqq\u0131nda\u201d qanun yox, Az\u0259rbaycan\u0131n t\u0259r\u0259fdar \u00e7\u0131xd\u0131\u011f\u0131 beyn\u0259lxalq m\u00fcqavil\u0259l\u0259r \u0259sasd\u0131r. Beyn\u0259lxalq m\u00fcqavil\u0259l\u0259rin n\u0259 dediyini d\u0259 ifad\u0259 etm\u0259y\u0259 \u00e7al\u0131\u015fd\u0131m\u201d.<\/em><\/p>\n\n\n\n<p>2021-ci ilin sonunda Az\u0259rbaycanda \u201cMedia haqq\u0131nda\u201d Qanun parlamentd\u0259 m\u00fczakir\u0259y\u0259 \u00e7\u0131xar\u0131l\u0131b v\u0259 q\u0259bul edilib.<\/p>\n\n\n\n<p>2022-ci ilin fevral\u0131nda \u00f6lk\u0259 ba\u015f\u00e7\u0131s\u0131n\u0131n t\u0259sdiql\u0259m\u0259sil\u0259 qanun q\u00fcvv\u0259y\u0259 minib.<\/p>\n\n\n\n<p>Yeni qanun h\u0259m\u00e7inin media v\u0259 jurnalistl\u0259rin vahid reyestrinin yarad\u0131lmas\u0131n\u0131 n\u0259z\u0259rd\u0259 tutur.<br>Reyestrin apar\u0131lmas\u0131 qaydalar\u0131 \u00f6lk\u0259 ba\u015f\u00e7\u0131s\u0131n\u0131n 26 sentyabr 2022-ci il\u0259 tarixli F\u0259rman\u0131 il\u0259 t\u0259sdiq edilib.<\/p>\n\n\n\n<p>\u00d6lk\u0259nin m\u00fcst\u0259qil jurnalistl\u0259ri v\u0259 media sah\u0259sinin m\u00fct\u0259x\u0259ssisl\u0259ri d\u00fc\u015f\u00fcn\u00fcr ki, \u201cMedia haqq\u0131nda\u201d Qanunun q\u0259bulu, Media Reyestrinin yarad\u0131lmas\u0131 il\u0259 ba\u011fl\u0131 m\u00fcdd\u0259alar\u0131n t\u0259tbiqi ifad\u0259, media azadl\u0131\u011f\u0131na ziddir.<\/p>\n\n\n\n<p>Beyn\u0259lxalq t\u0259\u015fkilatlar v\u0259 o c\u00fcml\u0259d\u0259n, Venesiya Komissiyas\u0131 da qanunla ba\u011fl\u0131 m\u0259nfi r\u0259y verib, bunu ifad\u0259 azadl\u0131\u011f\u0131na m\u00fcdaxil\u0259 say\u0131b.<\/p>\n","protected":false},"excerpt":{"rendered":"<p>H\u00fcquq\u015f\u00fcnas: \u201cMedia orqanlar\u0131n\u0131n qapad\u0131lmas\u0131 Konstitusiyaya v\u0259 beyn\u0259lxalq aktlara ziddir\u201d Median\u0131n &#8230; <\/p>\n<p class=\"read-more-container\"><a title=\"Media Agentliyi reyestrd\u0259n ke\u00e7m\u0259y\u0259n saytlar\u0131 m\u0259hk\u0259m\u0259y\u0259 verib\" class=\"read-more button\" href=\"https:\/\/www.meydan.tv\/az\/article\/media-agentliyi-reyestrden-kecmeyen-saytlari-mehkemeye-verib\/#more-310571\" aria-label=\"Read more about Media Agentliyi reyestrd\u0259n ke\u00e7m\u0259y\u0259n saytlar\u0131 m\u0259hk\u0259m\u0259y\u0259 verib\">Davam\u0131<\/a><\/p>\n","protected":false},"author":8,"featured_media":258831,"comment_status":"closed","ping_status":"closed","sticky":false,"template":"","format":"standard","meta":{"_acf_changed":false,"_sitemap_exclude":false,"_sitemap_priority":"","_sitemap_frequency":"","footnotes":""},"categories":[59,56],"tags":[],"class_list":["post-310571","post","type-post","status-publish","format-standard","has-post-thumbnail","hentry","category-siyaset","category-xeberler","infinite-scroll-item","generate-columns","tablet-grid-50","mobile-grid-100","grid-parent","grid-33","no-featured-image-padding"],"acf":[],"yoast_head":"<!-- This site is optimized with the Yoast SEO plugin v27.4 - https:\/\/yoast.com\/product\/yoast-seo-wordpress\/ -->\n<title>Media Agentliyi reyestrd\u0259n ke\u00e7m\u0259y\u0259n saytlar\u0131 m\u0259hk\u0259m\u0259y\u0259 verib - MEYDAN.TV<\/title>\n<meta name=\"description\" content=\"Media Agentliyi 3 media orqan\u0131n\u0131n f\u0259aliyy\u0259tin\u0259 xitam verilm\u0259si \u00fc\u00e7\u00fcn m\u0259hk\u0259m\u0259y\u0259 m\u00fcraci\u0259t edib.\" \/>\n<meta name=\"robots\" content=\"index, follow, max-snippet:-1, max-image-preview:large, max-video-preview:-1\" \/>\n<link rel=\"canonical\" href=\"https:\/\/www.meydan.tv\/az\/article\/media-agentliyi-reyestrden-kecmeyen-saytlari-mehkemeye-verib\/\" \/>\n<meta property=\"og:locale\" content=\"az_AZ\" \/>\n<meta property=\"og:type\" content=\"article\" \/>\n<meta property=\"og:title\" content=\"Media Agentliyi reyestrd\u0259n ke\u00e7m\u0259y\u0259n saytlar\u0131 m\u0259hk\u0259m\u0259y\u0259 verib - MEYDAN.TV\" \/>\n<meta property=\"og:description\" content=\"Media Agentliyi 3 media orqan\u0131n\u0131n f\u0259aliyy\u0259tin\u0259 xitam verilm\u0259si \u00fc\u00e7\u00fcn m\u0259hk\u0259m\u0259y\u0259 m\u00fcraci\u0259t edib.\" \/>\n<meta property=\"og:url\" content=\"https:\/\/www.meydan.tv\/az\/article\/media-agentliyi-reyestrden-kecmeyen-saytlari-mehkemeye-verib\/\" \/>\n<meta property=\"og:site_name\" content=\"MEYDAN.TV\" \/>\n<meta property=\"article:published_time\" content=\"2024-07-18T08:46:41+00:00\" \/>\n<meta property=\"article:modified_time\" content=\"2024-07-18T08:46:44+00:00\" \/>\n<meta property=\"og:image\" content=\"https:\/\/www.meydan.tv\/wp-content\/uploads\/untitled-design-8-17.jpg\" \/>\n\t<meta property=\"og:image:width\" content=\"1200\" \/>\n\t<meta property=\"og:image:height\" content=\"800\" \/>\n\t<meta property=\"og:image:type\" content=\"image\/jpeg\" \/>\n<meta name=\"author\" content=\"elli\" \/>\n<meta name=\"twitter:card\" content=\"summary_large_image\" \/>\n<meta name=\"twitter:creator\" content=\"@elli\" \/>\n<script type=\"application\/ld+json\" class=\"yoast-schema-graph\">{\"@context\":\"https:\\\/\\\/schema.org\",\"@graph\":[{\"@type\":\"Article\",\"@id\":\"https:\\\/\\\/www.meydan.tv\\\/az\\\/article\\\/media-agentliyi-reyestrden-kecmeyen-saytlari-mehkemeye-verib\\\/#article\",\"isPartOf\":{\"@id\":\"https:\\\/\\\/www.meydan.tv\\\/az\\\/article\\\/media-agentliyi-reyestrden-kecmeyen-saytlari-mehkemeye-verib\\\/\"},\"author\":{\"name\":\"elli\",\"@id\":\"https:\\\/\\\/www.meydan.tv\\\/az\\\/#\\\/schema\\\/person\\\/9cdbecf90d17180ce1dfbd95b08dcf47\"},\"headline\":\"Media Agentliyi reyestrd\u0259n ke\u00e7m\u0259y\u0259n saytlar\u0131 m\u0259hk\u0259m\u0259y\u0259 verib\",\"datePublished\":\"2024-07-18T08:46:41+00:00\",\"dateModified\":\"2024-07-18T08:46:44+00:00\",\"mainEntityOfPage\":{\"@id\":\"https:\\\/\\\/www.meydan.tv\\\/az\\\/article\\\/media-agentliyi-reyestrden-kecmeyen-saytlari-mehkemeye-verib\\\/\"},\"wordCount\":861,\"publisher\":{\"@id\":\"https:\\\/\\\/www.meydan.tv\\\/az\\\/#organization\"},\"image\":{\"@id\":\"https:\\\/\\\/www.meydan.tv\\\/az\\\/article\\\/media-agentliyi-reyestrden-kecmeyen-saytlari-mehkemeye-verib\\\/#primaryimage\"},\"thumbnailUrl\":\"https:\\\/\\\/www.meydan.tv\\\/wp-content\\\/uploads\\\/untitled-design-8-17.jpg\",\"articleSection\":[\"Siyas\u0259t\",\"X\u0259b\u0259rl\u0259r\"],\"inLanguage\":\"az\"},{\"@type\":\"WebPage\",\"@id\":\"https:\\\/\\\/www.meydan.tv\\\/az\\\/article\\\/media-agentliyi-reyestrden-kecmeyen-saytlari-mehkemeye-verib\\\/\",\"url\":\"https:\\\/\\\/www.meydan.tv\\\/az\\\/article\\\/media-agentliyi-reyestrden-kecmeyen-saytlari-mehkemeye-verib\\\/\",\"name\":\"Media Agentliyi reyestrd\u0259n ke\u00e7m\u0259y\u0259n saytlar\u0131 m\u0259hk\u0259m\u0259y\u0259 verib - MEYDAN.TV\",\"isPartOf\":{\"@id\":\"https:\\\/\\\/www.meydan.tv\\\/az\\\/#website\"},\"primaryImageOfPage\":{\"@id\":\"https:\\\/\\\/www.meydan.tv\\\/az\\\/article\\\/media-agentliyi-reyestrden-kecmeyen-saytlari-mehkemeye-verib\\\/#primaryimage\"},\"image\":{\"@id\":\"https:\\\/\\\/www.meydan.tv\\\/az\\\/article\\\/media-agentliyi-reyestrden-kecmeyen-saytlari-mehkemeye-verib\\\/#primaryimage\"},\"thumbnailUrl\":\"https:\\\/\\\/www.meydan.tv\\\/wp-content\\\/uploads\\\/untitled-design-8-17.jpg\",\"datePublished\":\"2024-07-18T08:46:41+00:00\",\"dateModified\":\"2024-07-18T08:46:44+00:00\",\"description\":\"Media Agentliyi 3 media orqan\u0131n\u0131n f\u0259aliyy\u0259tin\u0259 xitam verilm\u0259si \u00fc\u00e7\u00fcn m\u0259hk\u0259m\u0259y\u0259 m\u00fcraci\u0259t edib.\",\"breadcrumb\":{\"@id\":\"https:\\\/\\\/www.meydan.tv\\\/az\\\/article\\\/media-agentliyi-reyestrden-kecmeyen-saytlari-mehkemeye-verib\\\/#breadcrumb\"},\"inLanguage\":\"az\",\"potentialAction\":[{\"@type\":\"ReadAction\",\"target\":[\"https:\\\/\\\/www.meydan.tv\\\/az\\\/article\\\/media-agentliyi-reyestrden-kecmeyen-saytlari-mehkemeye-verib\\\/\"]}]},{\"@type\":\"ImageObject\",\"inLanguage\":\"az\",\"@id\":\"https:\\\/\\\/www.meydan.tv\\\/az\\\/article\\\/media-agentliyi-reyestrden-kecmeyen-saytlari-mehkemeye-verib\\\/#primaryimage\",\"url\":\"https:\\\/\\\/www.meydan.tv\\\/wp-content\\\/uploads\\\/untitled-design-8-17.jpg\",\"contentUrl\":\"https:\\\/\\\/www.meydan.tv\\\/wp-content\\\/uploads\\\/untitled-design-8-17.jpg\",\"width\":1200,\"height\":800,\"caption\":\"Median\u0131n \u0130nki\u015faf\u0131 Agentliyi\"},{\"@type\":\"BreadcrumbList\",\"@id\":\"https:\\\/\\\/www.meydan.tv\\\/az\\\/article\\\/media-agentliyi-reyestrden-kecmeyen-saytlari-mehkemeye-verib\\\/#breadcrumb\",\"itemListElement\":[{\"@type\":\"ListItem\",\"position\":1,\"name\":\"Ana s\u0259hif\u0259\",\"item\":\"https:\\\/\\\/www.meydan.tv\\\/az\\\/\"},{\"@type\":\"ListItem\",\"position\":2,\"name\":\"Siyas\u0259t\",\"item\":\"https:\\\/\\\/www.meydan.tv\\\/az\\\/section\\\/siyaset\\\/\"},{\"@type\":\"ListItem\",\"position\":3,\"name\":\"Media Agentliyi reyestrd\u0259n ke\u00e7m\u0259y\u0259n saytlar\u0131 m\u0259hk\u0259m\u0259y\u0259 verib\"}]},{\"@type\":\"WebSite\",\"@id\":\"https:\\\/\\\/www.meydan.tv\\\/az\\\/#website\",\"url\":\"https:\\\/\\\/www.meydan.tv\\\/az\\\/\",\"name\":\"MEYDAN.TV\",\"description\":\"Meydan TV Az\u0259rbaycan\u0131n media m\u0259kan\u0131ndak\u0131 alternativ s\u0259sidir\",\"publisher\":{\"@id\":\"https:\\\/\\\/www.meydan.tv\\\/az\\\/#organization\"},\"potentialAction\":[{\"@type\":\"SearchAction\",\"target\":{\"@type\":\"EntryPoint\",\"urlTemplate\":\"https:\\\/\\\/www.meydan.tv\\\/az\\\/?s={search_term_string}\"},\"query-input\":{\"@type\":\"PropertyValueSpecification\",\"valueRequired\":true,\"valueName\":\"search_term_string\"}}],\"inLanguage\":\"az\"},{\"@type\":\"Organization\",\"@id\":\"https:\\\/\\\/www.meydan.tv\\\/az\\\/#organization\",\"name\":\"Meydan TV\",\"url\":\"https:\\\/\\\/www.meydan.tv\\\/az\\\/\",\"logo\":{\"@type\":\"ImageObject\",\"inLanguage\":\"az\",\"@id\":\"https:\\\/\\\/www.meydan.tv\\\/az\\\/#\\\/schema\\\/logo\\\/image\\\/\",\"url\":\"https:\\\/\\\/www.meydan.tv\\\/wp-content\\\/uploads\\\/2021\\\/07\\\/meydan-logo.svg\",\"contentUrl\":\"https:\\\/\\\/www.meydan.tv\\\/wp-content\\\/uploads\\\/2021\\\/07\\\/meydan-logo.svg\",\"width\":195,\"height\":46,\"caption\":\"Meydan TV\"},\"image\":{\"@id\":\"https:\\\/\\\/www.meydan.tv\\\/az\\\/#\\\/schema\\\/logo\\\/image\\\/\"}},{\"@type\":\"Person\",\"@id\":\"https:\\\/\\\/www.meydan.tv\\\/az\\\/#\\\/schema\\\/person\\\/9cdbecf90d17180ce1dfbd95b08dcf47\",\"name\":\"elli\",\"sameAs\":[\"https:\\\/\\\/x.com\\\/elli\"]}]}<\/script>\n<!-- \/ Yoast SEO plugin. -->","yoast_head_json":{"title":"Media Agentliyi reyestrd\u0259n ke\u00e7m\u0259y\u0259n saytlar\u0131 m\u0259hk\u0259m\u0259y\u0259 verib - MEYDAN.TV","description":"Media Agentliyi 3 media orqan\u0131n\u0131n f\u0259aliyy\u0259tin\u0259 xitam verilm\u0259si \u00fc\u00e7\u00fcn m\u0259hk\u0259m\u0259y\u0259 m\u00fcraci\u0259t edib.","robots":{"index":"index","follow":"follow","max-snippet":"max-snippet:-1","max-image-preview":"max-image-preview:large","max-video-preview":"max-video-preview:-1"},"canonical":"https:\/\/www.meydan.tv\/az\/article\/media-agentliyi-reyestrden-kecmeyen-saytlari-mehkemeye-verib\/","og_locale":"az_AZ","og_type":"article","og_title":"Media Agentliyi reyestrd\u0259n ke\u00e7m\u0259y\u0259n saytlar\u0131 m\u0259hk\u0259m\u0259y\u0259 verib - MEYDAN.TV","og_description":"Media Agentliyi 3 media orqan\u0131n\u0131n f\u0259aliyy\u0259tin\u0259 xitam verilm\u0259si \u00fc\u00e7\u00fcn m\u0259hk\u0259m\u0259y\u0259 m\u00fcraci\u0259t edib.","og_url":"https:\/\/www.meydan.tv\/az\/article\/media-agentliyi-reyestrden-kecmeyen-saytlari-mehkemeye-verib\/","og_site_name":"MEYDAN.TV","article_published_time":"2024-07-18T08:46:41+00:00","article_modified_time":"2024-07-18T08:46:44+00:00","og_image":[{"width":1200,"height":800,"url":"https:\/\/www.meydan.tv\/wp-content\/uploads\/untitled-design-8-17.jpg","type":"image\/jpeg"}],"author":"elli","twitter_card":"summary_large_image","twitter_creator":"@elli","schema":{"@context":"https:\/\/schema.org","@graph":[{"@type":"Article","@id":"https:\/\/www.meydan.tv\/az\/article\/media-agentliyi-reyestrden-kecmeyen-saytlari-mehkemeye-verib\/#article","isPartOf":{"@id":"https:\/\/www.meydan.tv\/az\/article\/media-agentliyi-reyestrden-kecmeyen-saytlari-mehkemeye-verib\/"},"author":{"name":"elli","@id":"https:\/\/www.meydan.tv\/az\/#\/schema\/person\/9cdbecf90d17180ce1dfbd95b08dcf47"},"headline":"Media Agentliyi reyestrd\u0259n ke\u00e7m\u0259y\u0259n saytlar\u0131 m\u0259hk\u0259m\u0259y\u0259 verib","datePublished":"2024-07-18T08:46:41+00:00","dateModified":"2024-07-18T08:46:44+00:00","mainEntityOfPage":{"@id":"https:\/\/www.meydan.tv\/az\/article\/media-agentliyi-reyestrden-kecmeyen-saytlari-mehkemeye-verib\/"},"wordCount":861,"publisher":{"@id":"https:\/\/www.meydan.tv\/az\/#organization"},"image":{"@id":"https:\/\/www.meydan.tv\/az\/article\/media-agentliyi-reyestrden-kecmeyen-saytlari-mehkemeye-verib\/#primaryimage"},"thumbnailUrl":"https:\/\/www.meydan.tv\/wp-content\/uploads\/untitled-design-8-17.jpg","articleSection":["Siyas\u0259t","X\u0259b\u0259rl\u0259r"],"inLanguage":"az"},{"@type":"WebPage","@id":"https:\/\/www.meydan.tv\/az\/article\/media-agentliyi-reyestrden-kecmeyen-saytlari-mehkemeye-verib\/","url":"https:\/\/www.meydan.tv\/az\/article\/media-agentliyi-reyestrden-kecmeyen-saytlari-mehkemeye-verib\/","name":"Media Agentliyi reyestrd\u0259n ke\u00e7m\u0259y\u0259n saytlar\u0131 m\u0259hk\u0259m\u0259y\u0259 verib - MEYDAN.TV","isPartOf":{"@id":"https:\/\/www.meydan.tv\/az\/#website"},"primaryImageOfPage":{"@id":"https:\/\/www.meydan.tv\/az\/article\/media-agentliyi-reyestrden-kecmeyen-saytlari-mehkemeye-verib\/#primaryimage"},"image":{"@id":"https:\/\/www.meydan.tv\/az\/article\/media-agentliyi-reyestrden-kecmeyen-saytlari-mehkemeye-verib\/#primaryimage"},"thumbnailUrl":"https:\/\/www.meydan.tv\/wp-content\/uploads\/untitled-design-8-17.jpg","datePublished":"2024-07-18T08:46:41+00:00","dateModified":"2024-07-18T08:46:44+00:00","description":"Media Agentliyi 3 media orqan\u0131n\u0131n f\u0259aliyy\u0259tin\u0259 xitam verilm\u0259si \u00fc\u00e7\u00fcn m\u0259hk\u0259m\u0259y\u0259 m\u00fcraci\u0259t edib.","breadcrumb":{"@id":"https:\/\/www.meydan.tv\/az\/article\/media-agentliyi-reyestrden-kecmeyen-saytlari-mehkemeye-verib\/#breadcrumb"},"inLanguage":"az","potentialAction":[{"@type":"ReadAction","target":["https:\/\/www.meydan.tv\/az\/article\/media-agentliyi-reyestrden-kecmeyen-saytlari-mehkemeye-verib\/"]}]},{"@type":"ImageObject","inLanguage":"az","@id":"https:\/\/www.meydan.tv\/az\/article\/media-agentliyi-reyestrden-kecmeyen-saytlari-mehkemeye-verib\/#primaryimage","url":"https:\/\/www.meydan.tv\/wp-content\/uploads\/untitled-design-8-17.jpg","contentUrl":"https:\/\/www.meydan.tv\/wp-content\/uploads\/untitled-design-8-17.jpg","width":1200,"height":800,"caption":"Median\u0131n \u0130nki\u015faf\u0131 Agentliyi"},{"@type":"BreadcrumbList","@id":"https:\/\/www.meydan.tv\/az\/article\/media-agentliyi-reyestrden-kecmeyen-saytlari-mehkemeye-verib\/#breadcrumb","itemListElement":[{"@type":"ListItem","position":1,"name":"Ana s\u0259hif\u0259","item":"https:\/\/www.meydan.tv\/az\/"},{"@type":"ListItem","position":2,"name":"Siyas\u0259t","item":"https:\/\/www.meydan.tv\/az\/section\/siyaset\/"},{"@type":"ListItem","position":3,"name":"Media Agentliyi reyestrd\u0259n ke\u00e7m\u0259y\u0259n saytlar\u0131 m\u0259hk\u0259m\u0259y\u0259 verib"}]},{"@type":"WebSite","@id":"https:\/\/www.meydan.tv\/az\/#website","url":"https:\/\/www.meydan.tv\/az\/","name":"MEYDAN.TV","description":"Meydan TV Az\u0259rbaycan\u0131n media m\u0259kan\u0131ndak\u0131 alternativ s\u0259sidir","publisher":{"@id":"https:\/\/www.meydan.tv\/az\/#organization"},"potentialAction":[{"@type":"SearchAction","target":{"@type":"EntryPoint","urlTemplate":"https:\/\/www.meydan.tv\/az\/?s={search_term_string}"},"query-input":{"@type":"PropertyValueSpecification","valueRequired":true,"valueName":"search_term_string"}}],"inLanguage":"az"},{"@type":"Organization","@id":"https:\/\/www.meydan.tv\/az\/#organization","name":"Meydan TV","url":"https:\/\/www.meydan.tv\/az\/","logo":{"@type":"ImageObject","inLanguage":"az","@id":"https:\/\/www.meydan.tv\/az\/#\/schema\/logo\/image\/","url":"https:\/\/www.meydan.tv\/wp-content\/uploads\/2021\/07\/meydan-logo.svg","contentUrl":"https:\/\/www.meydan.tv\/wp-content\/uploads\/2021\/07\/meydan-logo.svg","width":195,"height":46,"caption":"Meydan TV"},"image":{"@id":"https:\/\/www.meydan.tv\/az\/#\/schema\/logo\/image\/"}},{"@type":"Person","@id":"https:\/\/www.meydan.tv\/az\/#\/schema\/person\/9cdbecf90d17180ce1dfbd95b08dcf47","name":"elli","sameAs":["https:\/\/x.com\/elli"]}]}},"_links":{"self":[{"href":"https:\/\/www.meydan.tv\/az\/wp-json\/wp\/v2\/posts\/310571","targetHints":{"allow":["GET"]}}],"collection":[{"href":"https:\/\/www.meydan.tv\/az\/wp-json\/wp\/v2\/posts"}],"about":[{"href":"https:\/\/www.meydan.tv\/az\/wp-json\/wp\/v2\/types\/post"}],"author":[{"embeddable":true,"href":"https:\/\/www.meydan.tv\/az\/wp-json\/wp\/v2\/users\/8"}],"replies":[{"embeddable":true,"href":"https:\/\/www.meydan.tv\/az\/wp-json\/wp\/v2\/comments?post=310571"}],"version-history":[{"count":3,"href":"https:\/\/www.meydan.tv\/az\/wp-json\/wp\/v2\/posts\/310571\/revisions"}],"predecessor-version":[{"id":310579,"href":"https:\/\/www.meydan.tv\/az\/wp-json\/wp\/v2\/posts\/310571\/revisions\/310579"}],"wp:featuredmedia":[{"embeddable":true,"href":"https:\/\/www.meydan.tv\/az\/wp-json\/wp\/v2\/media\/258831"}],"wp:attachment":[{"href":"https:\/\/www.meydan.tv\/az\/wp-json\/wp\/v2\/media?parent=310571"}],"wp:term":[{"taxonomy":"category","embeddable":true,"href":"https:\/\/www.meydan.tv\/az\/wp-json\/wp\/v2\/categories?post=310571"},{"taxonomy":"post_tag","embeddable":true,"href":"https:\/\/www.meydan.tv\/az\/wp-json\/wp\/v2\/tags?post=310571"}],"curies":[{"name":"wp","href":"https:\/\/api.w.org\/{rel}","templated":true}]}}