{"id":310538,"date":"2024-07-17T20:11:59","date_gmt":"2024-07-17T16:11:59","guid":{"rendered":"https:\/\/www.meydan.tv\/?p=310538"},"modified":"2024-07-17T21:57:22","modified_gmt":"2024-07-17T17:57:22","slug":"gurcustanda-qht-ler-qanunla-bagli-konstitusiya-mehkemesinde-iddia-qaldirib","status":"publish","type":"post","link":"https:\/\/www.meydan.tv\/az\/article\/gurcustanda-qht-ler-qanunla-bagli-konstitusiya-mehkemesinde-iddia-qaldirib\/","title":{"rendered":"G\u00fcrc\u00fcstanda QHT-l\u0259r qanunla ba\u011fl\u0131 Konstitusiya M\u0259hk\u0259m\u0259sind\u0259 iddia qald\u0131r\u0131b"},"content":{"rendered":"\n<p><\/p>\n\n\n\n<p><strong><em>Onlar Avropa M\u0259hk\u0259m\u0259sin\u0259 \u015fikay\u0259t etm\u0259k fikrind\u0259dirl\u0259r<\/em><\/strong><\/p>\n\n\n\n<p><a href=\"https:\/\/jam-news.net\/ru\/%D0%BD%D0%BF%D0%BE-%D0%BF%D0%BE%D0%B4%D0%B0%D0%B4%D1%83%D1%82-%D0%B8%D1%81%D0%BA-%D0%BF%D1%80%D0%BE%D1%82%D0%B8%D0%B2-%D0%B7%D0%B0%D0%BA%D0%BE%D0%BD%D0%B0-%D0%BE%D0%B1-%D0%B8%D0%BD%D0%BE%D0%B0\/\" target=\"_blank\" rel=\"noreferrer noopener\">&#8220;Jamnews&#8221;<\/a>un material\u0131 <\/p>\n\n\n\n<p>\u0130yulun 17-d\u0259 G\u00fcrc\u00fcstan\u0131n 121 qeyri-h\u00f6kum\u0259t v\u0259 media t\u0259\u015fkilat\u0131&nbsp; \u201cXarici t\u0259sirin \u015f\u0259ffafl\u0131\u011f\u0131 haqq\u0131nda\u201d qanuna etiraz m\u0259qs\u0259dil\u0259 Konstitusiya M\u0259hk\u0259m\u0259sind\u0259 iddia ir\u0259li s\u00fcr\u00fcb. Onlar\u0131n s\u00f6zl\u0259rin\u0259 g\u00f6r\u0259, Avropa \u0130nsan Haqlar\u0131 M\u0259hk\u0259m\u0259sin\u0259 d\u0259 \u015fikay\u0259t etm\u0259k niyy\u0259tind\u0259dirl\u0259r.<\/p>\n\n\n\n<p><em>\u201cG\u00fcrc\u00fcstan Konstitusiya M\u0259hk\u0259m\u0259sinin \u0259n q\u0131sa m\u00fcdd\u0259t \u0259rzind\u0259 bu qanunun q\u00fcvv\u0259d\u0259n d\u00fc\u015fm\u0259si bar\u0259d\u0259 v\u0259sad\u0259t\u0259 baxaca\u011f\u0131na \u00fcmid b\u0259sl\u0259yirik.<\/em><\/p>\n\n\n\n<p><em>Biz bir daha t\u0259krarlay\u0131r\u0131q: bu qanunu dayand\u0131rmaq v\u0259 ona qar\u015f\u0131 \u00e7\u0131xmaq, h\u0259tta tamamil\u0259 q\u00fcvv\u0259d\u0259n d\u00fc\u015fm\u0259si \u00fc\u00e7\u00fcn b\u00fct\u00fcn milli v\u0259 beyn\u0259lxalq mexanizml\u0259r\u0259 \u0259l ataca\u011f\u0131q\u201d,<\/em> \u2013 v\u0259t\u0259nda\u015f c\u0259miyy\u0259tinin n\u00fcmay\u0259nd\u0259l\u0259ri deyirl\u0259r.<\/p>\n\n\n\n<h6 class=\"wp-block-heading\"><strong>Konstitusiya M\u0259hk\u0259m\u0259sind\u0259 \u201cXarici agent haqq\u0131nda\u201d qanuna qar\u015f\u0131 iki iddia<\/strong><\/h6>\n\n\n\n<pre class=\"wp-block-verse\">G\u00fcrc\u00fcstan Konstitusiyas\u0131n\u0131n 78-ci madd\u0259sin\u0259 g\u00f6r\u0259 (d\u00fcz\u0259li\u015f 2017-ci ild\u0259 \u201cG\u00fcrc\u00fc Arzusu\u201dnun \u015f\u0259rtl\u0259ri il\u0259 edilib), \u2013 bu madd\u0259 \u201c\u00f6lk\u0259nin Avropa v\u0259 Avro-Atlantika qurumlar\u0131na inteqrasiyas\u0131\u201dn\u0131 n\u0259z\u0259rd\u0259 tutur, \u2013 konstitusiya orqanlar\u0131 \u00f6z s\u0259lahiyy\u0259tl\u0259ri \u00e7\u0259r\u00e7iv\u0259sind\u0259 G\u00fcrc\u00fcstan\u0131n Avropa \u0130ttifaq\u0131 v\u0259 NATO t\u0259\u015fkilat\u0131na inteqrasiyas\u0131n\u0131n t\u0259minat\u0131 \u00fc\u00e7\u00fcn b\u00fct\u00fcn t\u0259dbirl\u0259ri ger\u00e7\u0259kl\u0259\u015fdirm\u0259lidir.<\/pre>\n\n\n\n<p>Daha \u0259vv\u0259l G\u00fcrc\u00fcstan Prezidenti Salome Zurabi\u015fvili v\u0259 b\u0259zi m\u00fcxalif q\u00fcvv\u0259l\u0259r&nbsp; \u201cXarici t\u0259sirin \u015f\u0259ffafl\u0131\u011f\u0131 haqq\u0131nda\u201d Qanunla ba\u011fl\u0131 Konstitusiya M\u0259hk\u0259m\u0259sin\u0259 \u015fikay\u0259t ed\u0259c\u0259kl\u0259rini s\u00f6yl\u0259yibl\u0259r. Onlar bununla ba\u011fl\u0131 iyulun sonu iddia ir\u0259li s\u00fcr\u0259c\u0259kl\u0259r.<\/p>\n\n\n\n<p>Bu, Prezidentin Konstitusiya M\u0259hk\u0259m\u0259sin\u0259 \u015fikay\u0259t etdiyi ilk qanundur.<\/p>\n\n\n\n<p>\u00a0\u201cXarici t\u0259sirin \u015f\u0259ffafl\u0131\u011f\u0131 haqq\u0131nda\u201d qanunla ba\u011fl\u0131 t\u0259\u015f\u0259bb\u00fcs hakim partiya olan \u201cG\u00fcrc\u00fc Arzusu\u201d t\u0259r\u0259find\u0259n ir\u0259li s\u00fcr\u00fcl\u00fcb v\u0259 2024-c\u00fc il may\u0131n 28-d\u0259 parlament t\u0259r\u0259find\u0259n q\u0259bul olunub.<\/p>\n\n\n\n<p>Minl\u0259rl\u0259 etiraz\u00e7\u0131n\u0131n aksiyas\u0131na, G\u00fcrc\u00fcstan\u0131n Q\u0259rb partnyorlar\u0131n\u0131n israrl\u0131 \u00e7a\u011f\u0131r\u0131\u015flar\u0131na v\u0259 Avropa \u015euras\u0131n\u0131n Venesiya Komissiyas\u0131n\u0131n r\u0259yin\u0259 r\u0259\u011fm\u0259n, parlament bu qanunu q\u0259bul edib.<\/p>\n\n\n\n<p>Qanun q\u0259bul olunduqdan sonra AB\u015e \u201cG\u00fcrc\u00fc Arzusu\u201d h\u00f6kum\u0259tin\u0259 qar\u015f\u0131 ilk sanksiya paketi elan edib. D\u00f6vl\u0259t katibi Entoni Blinken x\u0259b\u0259rdarl\u0131q edib ki, AB\u015e-la G\u00fcrc\u00fcstan\u0131n \u0259m\u0259kda\u015fl\u0131\u011f\u0131na h\u0259rt\u0259r\u0259fli \u015f\u0259kild\u0259 yenid\u0259n bax\u0131lacaq.<\/p>\n\n\n\n<p>Avropa \u0130ttifaq\u0131 da cavab t\u0259dbirl\u0259rin\u0259 \u0259l at\u0131b. Bel\u0259 ki, A\u0130 iyulun \u0259vv\u0259li G\u00fcrc\u00fcstana 30 milyon avro m\u0259bl\u0259\u011find\u0259 yard\u0131m\u0131 dayand\u0131r\u0131b v\u0259 bundan ba\u015fqa t\u0259dbirl\u0259rin g\u00f6r\u00fcl\u0259c\u0259yi il\u0259 ba\u011fl\u0131 x\u0259b\u0259rdarl\u0131q verib. Daha \u0259vv\u0259l y\u00fcks\u0259k r\u00fctb\u0259li avropal\u0131 m\u0259murlar d\u0259f\u0259l\u0259rl\u0259 b\u0259yan edibl\u0259r ki, bu qanun G\u00fcrc\u00fcstan\u0131 A\u0130-d\u0259n uzaqla\u015fd\u0131r\u0131r.<\/p>\n\n\n\n<p>\u0130yulun 11-d\u0259 AB\u015e Konqresinin Beyn\u0259lxalq \u018flaq\u0259l\u0259r Komit\u0259si \u201cMeqobari Akt\u0131\u201d q\u0259bul edib. H\u0259min akt&nbsp; \u201cXarici t\u0259sirin \u015f\u0259ffafl\u0131\u011f\u0131 haqq\u0131nda\u201d qanuna r\u0259vac ver\u0259n \u015f\u0259xsl\u0259r\u0259 qar\u015f\u0131 sanksiyalar\u0131 n\u0259z\u0259rd\u0259 tutur.<\/p>\n\n\n\n<p>G\u00fcrc\u00fcstan h\u00f6kum\u0259tinin \u0259sas arqumenti odur ki, ox\u015far qanunlar h\u0259m AB\u015e-da, h\u0259m d\u0259, Fransa daxil olmaqla, bir s\u0131ra Avropa \u00f6lk\u0259sind\u0259 q\u00fcvv\u0259d\u0259dir. \u201cG\u00fcrc\u00fc Arzusu\u201dnun dediyin\u0259 g\u00f6r\u0259, h\u0259r bir \u00f6lk\u0259nin \u00f6z\u00fcn\u00fc xarici t\u0259sird\u0259n qoruma\u011fa v\u0259 \u00f6z t\u0259\u015fkilatlar\u0131ndan \u015f\u0259ffafl\u0131q t\u0259l\u0259b etm\u0259y\u0259 haqq\u0131 var.<\/p>\n\n\n\n<p>Lakin bu m\u00fcqayis\u0259 u\u011fursuzdur, \u00e7\u00fcnki \u201cG\u00fcrc\u00fc Arzusu\u201dnun \u0259sasland\u0131\u011f\u0131 FARA qanunu (Foreign Agents Registration Act) AB\u015e-da 1938-ci ild\u0259, \u0130kinci D\u00fcnya m\u00fcharib\u0259si \u0259r\u0259f\u0259sind\u0259 q\u0259bul olunub v\u0259 qanunun m\u0259qs\u0259di Amerika \u0259halisini nasist t\u0259bli\u011fat\u0131ndan qorumaq olub. Lakin n\u0259 o zaman, n\u0259 d\u0259 indi FARA Amerikan\u0131n m\u00fctt\u0259fiql\u0259rin\u0259 v\u0259 Amerikaya dost olan \u00f6lk\u0259l\u0259r\u0259 qar\u015f\u0131 t\u0259tbiq edilib.<\/p>\n\n\n\n<p>Eyni hal\u0131 Fransaya da \u015famil etm\u0259k olar. Bel\u0259 ki, burada q\u0259bul olunmu\u015f \u201cXarici d\u00f6vl\u0259tl\u0259rin t\u0259siri haqda\u201d qanuna onun \u015famil olundu\u011fu konkret \u00f6lk\u0259 siyah\u0131s\u0131 \u0259lav\u0259 olunur. Bu siyah\u0131ya t\u0259sirinin g\u00fccl\u0259nm\u0259sini Fransan\u0131n \u00f6z\u00fcn\u0259 t\u0259hl\u00fck\u0259 sayd\u0131\u011f\u0131 \u00f6lk\u0259l\u0259r, o c\u00fcml\u0259d\u0259n Rusiya, \u00c7in, T\u00fcrkiy\u0259 v\u0259 \u0130ran daxildir. Siyah\u0131n\u0131n Fransa variant\u0131nda birba\u015fa qeyd var ki, bu qanun Avropa \u0130ttifaq\u0131n\u0131n b\u00fct\u00fcn \u00f6lk\u0259l\u0259rin\u0259 \u015famil olunmur.<\/p>\n\n\n\n<p>Qanunun G\u00fcrc\u00fcstan variant\u0131nda bu c\u00fcr qeyd yoxdur. M\u00fcvafiq olaraq, bu qanun AB\u015e v\u0259 Avropa \u0130ttifaq\u0131n\u0131n, dost v\u0259 m\u00fctt\u0259fiq \u00f6lk\u0259l\u0259rin maliyy\u0259l\u0259\u015fdirdiyi, G\u00fcrc\u00fcstanda demokratik prosesl\u0259rin inki\u015faf\u0131na v\u0259 m\u00fcxt\u0259lif sah\u0259l\u0259rd\u0259 \u2013 s\u0259hiyy\u0259d\u0259n v\u0259t\u0259nda\u015f c\u0259miyy\u0259tinin m\u00f6hk\u0259ml\u0259ndirilm\u0259sin\u0259 q\u0259d\u0259r \u2013 \u0259h\u0259miyy\u0259tli layih\u0259l\u0259rin ger\u00e7\u0259kl\u0259\u015fdirilm\u0259sin\u0259 k\u00f6m\u0259k ed\u0259n t\u0259\u015fkilatlara qar\u015f\u0131 y\u00f6n\u0259lib.<\/p>\n\n\n\n<p>N\u0259hay\u0259t, el\u0259 h\u0259min FARA-da yaz\u0131l\u0131b ki, bu qanun media v\u0259 ya QHT-l\u0259r\u0259 deyil, sad\u0259c\u0259 lobbi\u00e7i t\u0259\u015fkilatlara \u015famil olunur. G\u00fcrc\u00fcstan variant\u0131nda bu d\u0259qiql\u0259\u015fm\u0259 yoxdur.<\/p>\n\n\n\n<p>Bel\u0259 \u00e7\u0131x\u0131r ki, G\u00fcrc\u00fcstanda q\u0259bul olunan qanun Rusiyadak\u0131 qanunun analoqudur v\u0259 ilk n\u00f6vb\u0259d\u0259, mediaya, QHT sektoruna t\u0259sir edir. N\u0259tic\u0259d\u0259 haz\u0131rda Rusiyada Kremlin n\u0259zar\u0259tind\u0259 olmayan b\u00fct\u00fcn qeyri-h\u00f6kum\u0259t v\u0259 media t\u0259\u015fkilatlar\u0131 qapad\u0131l\u0131b. M\u0259hz buna g\u00f6r\u0259 G\u00fcrc\u00fcstandak\u0131 \u201cXarici t\u0259sirin \u015f\u0259ffafl\u0131\u011f\u0131 haqda\u201d qanun \u201cRus qanunu\u201d adlan\u0131r.<\/p>\n\n\n\n<p>H\u0259m\u00e7inin qeyd etm\u0259k vacibdir ki, bu qanun Avropa \u0130ttifaq\u0131n\u0131n qanunvericiliyin\u0259 ziddir. Ox\u015far qanun Macar\u0131standa q\u0259bul olunanda Beyn\u0259lxalq \u0130nsan Haqlar\u0131 M\u0259hk\u0259m\u0259si onu l\u0259\u011fv etdi, \u00e7\u00fcnki birba\u015fa median\u0131 susdurma\u011fa v\u0259 QHT-l\u0259ri s\u0131x\u0131\u015fd\u0131rma\u011fa y\u00f6n\u0259lmi\u015fdi.<\/p>\n\n\n\n<p>G\u00fcrc\u00fcstandak\u0131 qanun 2024-c\u00fc ilin sentyabr\u0131nda, \u201cxarici agent t\u0259\u015fkilatlar\u201d\u0131n qeydiyyat\u0131 \u00fc\u00e7\u00fcn x\u00fcsusi reyestr haz\u0131r olanda q\u00fcvv\u0259y\u0259 minm\u0259lidir. Bu c\u00fcr t\u0259\u015fkilatlar dedikd\u0259 maliyy\u0259l\u0259\u015fm\u0259sinin 20 faizind\u0259n \u00e7oxunu xarici qrantlar\u0131n t\u0259\u015fkil etdiyi t\u0259\u015fkilatlar n\u0259z\u0259rd\u0259 tutulur. Bu c\u00fcr balaca v\u0259 qeyri-z\u0259ngin \u00f6lk\u0259d\u0259 qeyri-h\u00f6kum\u0259t t\u0259\u015fkilatlar\u0131n\u0131n b\u00f6y\u00fck \u0259ks\u0259riyy\u0259ti h\u0259min siyah\u0131ya d\u00fc\u015f\u00fcr.<\/p>\n\n\n\n<p>G\u00fcrc\u00fcstan\u0131n bir \u00e7ox QHT v\u0259 medias\u0131 reyestrd\u0259 qeydiyyata d\u00fc\u015fm\u0259kd\u0259n imtina edir, bel\u0259 ki, \u201cxarici d\u00f6vl\u0259tl\u0259rin maraqlar\u0131n\u0131 t\u0259msil ed\u0259n\u201d t\u0259\u015fkilat s\u00f6z\u00fc onlar \u00fc\u00e7\u00fcn t\u0259hqirdir. <em>\u201cBiz \u00f6lk\u0259 namin\u0259 vicdanla \u00e7al\u0131\u015f\u0131r\u0131q, niy\u0259 bizi xarici d\u00f6vl\u0259tl\u0259rin maraqlar\u0131n\u0131n da\u015f\u0131y\u0131c\u0131s\u0131 adland\u0131r\u0131rlar?\u201d<\/em>, \u2013 onlar etiraz edirl\u0259r.<\/p>\n\n\n\n<p>B\u0259zi x\u0131rda t\u0259\u015fkilatlar yax\u0131n zamanda ba\u011flanacaqlar\u0131n\u0131 b\u0259yan edir, \u00e7\u00fcnki \u201cxarici d\u00f6vl\u0259tin maraqlar\u0131n\u0131n da\u015f\u0131y\u0131c\u0131s\u0131\u201d adlanmaqlar\u0131 il\u0259 raz\u0131 deyill\u0259r. M\u0259s\u0259l\u0259n, \u201cFair Trees Foundation\u201d bildirib ki, yeni qanunun q\u0259bulu il\u0259 \u0259laq\u0259dar pulsuz u\u015faq stomatoloji klinikas\u0131 layih\u0259sini dayand\u0131r\u0131r.<\/p>\n\n\n\n<p>G\u00fcrc\u00fcstan\u0131n heyvanlar\u0131n h\u00fcquqlar\u0131n\u0131 m\u00fcdafi\u0259 ed\u0259n t\u0259\u015fkilatlar\u0131n\u0131n, dem\u0259k olar ki, ham\u0131s\u0131 xarici qrantlar\u0131n hesab\u0131na m\u00f6vcuddur. Bu s\u0259b\u0259bd\u0259n qanunun q\u0259bulu onlar\u0131n \u0259ks\u0259riyy\u0259tinin ba\u011flanmas\u0131na s\u0259b\u0259b olacaq, \u00e7\u00fcnki donorlar f\u0259aliyy\u0259tl\u0259rinin bu c\u00fcr t\u0259snif olunmas\u0131 il\u0259 raz\u0131 deyill\u0259r.<\/p>\n","protected":false},"excerpt":{"rendered":"<p>Onlar Avropa M\u0259hk\u0259m\u0259sin\u0259 \u015fikay\u0259t etm\u0259k fikrind\u0259dirl\u0259r &#8220;Jamnews&#8221;un material\u0131 \u0130yulun 17-d\u0259 &#8230; <\/p>\n<p class=\"read-more-container\"><a title=\"G\u00fcrc\u00fcstanda QHT-l\u0259r qanunla ba\u011fl\u0131 Konstitusiya M\u0259hk\u0259m\u0259sind\u0259 iddia qald\u0131r\u0131b\" class=\"read-more button\" href=\"https:\/\/www.meydan.tv\/az\/article\/gurcustanda-qht-ler-qanunla-bagli-konstitusiya-mehkemesinde-iddia-qaldirib\/#more-310538\" aria-label=\"Read more about G\u00fcrc\u00fcstanda QHT-l\u0259r qanunla ba\u011fl\u0131 Konstitusiya M\u0259hk\u0259m\u0259sind\u0259 iddia qald\u0131r\u0131b\">Davam\u0131<\/a><\/p>\n","protected":false},"author":16,"featured_media":307714,"comment_status":"closed","ping_status":"closed","sticky":false,"template":"","format":"standard","meta":{"_acf_changed":false,"_sitemap_exclude":false,"_sitemap_priority":"","_sitemap_frequency":"","footnotes":""},"categories":[64,59,62],"tags":[],"class_list":["post-310538","post","type-post","status-publish","format-standard","has-post-thumbnail","hentry","category-dunya","category-siyaset","category-sosial","infinite-scroll-item","generate-columns","tablet-grid-50","mobile-grid-100","grid-parent","grid-33","no-featured-image-padding"],"acf":[],"yoast_head":"<!-- This site is optimized with the Yoast SEO plugin v27.5 - https:\/\/yoast.com\/product\/yoast-seo-wordpress\/ -->\n<title>G\u00fcrc\u00fcstanda QHT-l\u0259r Konstitusiya M\u0259hk\u0259m\u0259sind\u0259 iddia qald\u0131r\u0131b<\/title>\n<meta name=\"description\" content=\"G\u00fcrc\u00fcstan\u0131n 121 qeyri-h\u00f6kum\u0259t v\u0259 media t\u0259\u015fkilat\u0131\u00a0 \u201cXarici agentl\u0259r&quot; haqq\u0131nda qanuna etiraz olaraq Konstitusiya M\u0259hk\u0259m\u0259sind\u0259 iddia ir\u0259li s\u00fcr\u00fcb.\" \/>\n<meta name=\"robots\" content=\"index, follow, max-snippet:-1, max-image-preview:large, max-video-preview:-1\" \/>\n<link rel=\"canonical\" href=\"https:\/\/www.meydan.tv\/az\/article\/gurcustanda-qht-ler-qanunla-bagli-konstitusiya-mehkemesinde-iddia-qaldirib\/\" \/>\n<meta property=\"og:locale\" content=\"az_AZ\" \/>\n<meta property=\"og:type\" content=\"article\" \/>\n<meta property=\"og:title\" content=\"G\u00fcrc\u00fcstanda QHT-l\u0259r Konstitusiya M\u0259hk\u0259m\u0259sind\u0259 iddia qald\u0131r\u0131b\" \/>\n<meta property=\"og:description\" content=\"G\u00fcrc\u00fcstan\u0131n 121 qeyri-h\u00f6kum\u0259t v\u0259 media t\u0259\u015fkilat\u0131\u00a0 \u201cXarici agentl\u0259r&quot; haqq\u0131nda qanuna etiraz olaraq Konstitusiya M\u0259hk\u0259m\u0259sind\u0259 iddia ir\u0259li s\u00fcr\u00fcb.\" \/>\n<meta property=\"og:url\" content=\"https:\/\/www.meydan.tv\/az\/article\/gurcustanda-qht-ler-qanunla-bagli-konstitusiya-mehkemesinde-iddia-qaldirib\/\" \/>\n<meta property=\"og:site_name\" content=\"MEYDAN.TV\" \/>\n<meta property=\"article:published_time\" content=\"2024-07-17T16:11:59+00:00\" \/>\n<meta property=\"article:modified_time\" content=\"2024-07-17T17:57:22+00:00\" \/>\n<meta property=\"og:image\" content=\"https:\/\/www.meydan.tv\/wp-content\/uploads\/2024-05-14t192057z_1139636292_rc2iq7ag0h5e_rtrmadp_3_georgia-politics-protests-scaled.jpg\" \/>\n\t<meta property=\"og:image:width\" content=\"2560\" \/>\n\t<meta property=\"og:image:height\" content=\"1707\" \/>\n\t<meta property=\"og:image:type\" content=\"image\/jpeg\" \/>\n<meta name=\"author\" content=\"sevda\" \/>\n<meta name=\"twitter:card\" content=\"summary_large_image\" \/>\n<script type=\"application\/ld+json\" class=\"yoast-schema-graph\">{\"@context\":\"https:\\\/\\\/schema.org\",\"@graph\":[{\"@type\":\"Article\",\"@id\":\"https:\\\/\\\/www.meydan.tv\\\/az\\\/article\\\/gurcustanda-qht-ler-qanunla-bagli-konstitusiya-mehkemesinde-iddia-qaldirib\\\/#article\",\"isPartOf\":{\"@id\":\"https:\\\/\\\/www.meydan.tv\\\/az\\\/article\\\/gurcustanda-qht-ler-qanunla-bagli-konstitusiya-mehkemesinde-iddia-qaldirib\\\/\"},\"author\":{\"name\":\"sevda\",\"@id\":\"https:\\\/\\\/www.meydan.tv\\\/az\\\/#\\\/schema\\\/person\\\/49b5f2bad5b126bb8ea9320eeb3e4dc9\"},\"headline\":\"G\u00fcrc\u00fcstanda QHT-l\u0259r qanunla ba\u011fl\u0131 Konstitusiya M\u0259hk\u0259m\u0259sind\u0259 iddia qald\u0131r\u0131b\",\"datePublished\":\"2024-07-17T16:11:59+00:00\",\"dateModified\":\"2024-07-17T17:57:22+00:00\",\"mainEntityOfPage\":{\"@id\":\"https:\\\/\\\/www.meydan.tv\\\/az\\\/article\\\/gurcustanda-qht-ler-qanunla-bagli-konstitusiya-mehkemesinde-iddia-qaldirib\\\/\"},\"wordCount\":1259,\"publisher\":{\"@id\":\"https:\\\/\\\/www.meydan.tv\\\/az\\\/#organization\"},\"image\":{\"@id\":\"https:\\\/\\\/www.meydan.tv\\\/az\\\/article\\\/gurcustanda-qht-ler-qanunla-bagli-konstitusiya-mehkemesinde-iddia-qaldirib\\\/#primaryimage\"},\"thumbnailUrl\":\"https:\\\/\\\/www.meydan.tv\\\/wp-content\\\/uploads\\\/2024-05-14t192057z_1139636292_rc2iq7ag0h5e_rtrmadp_3_georgia-politics-protests-scaled.jpg\",\"articleSection\":[\"D\u00fcnya\",\"Siyas\u0259t\",\"Sosial\"],\"inLanguage\":\"az\"},{\"@type\":\"WebPage\",\"@id\":\"https:\\\/\\\/www.meydan.tv\\\/az\\\/article\\\/gurcustanda-qht-ler-qanunla-bagli-konstitusiya-mehkemesinde-iddia-qaldirib\\\/\",\"url\":\"https:\\\/\\\/www.meydan.tv\\\/az\\\/article\\\/gurcustanda-qht-ler-qanunla-bagli-konstitusiya-mehkemesinde-iddia-qaldirib\\\/\",\"name\":\"G\u00fcrc\u00fcstanda QHT-l\u0259r Konstitusiya M\u0259hk\u0259m\u0259sind\u0259 iddia qald\u0131r\u0131b\",\"isPartOf\":{\"@id\":\"https:\\\/\\\/www.meydan.tv\\\/az\\\/#website\"},\"primaryImageOfPage\":{\"@id\":\"https:\\\/\\\/www.meydan.tv\\\/az\\\/article\\\/gurcustanda-qht-ler-qanunla-bagli-konstitusiya-mehkemesinde-iddia-qaldirib\\\/#primaryimage\"},\"image\":{\"@id\":\"https:\\\/\\\/www.meydan.tv\\\/az\\\/article\\\/gurcustanda-qht-ler-qanunla-bagli-konstitusiya-mehkemesinde-iddia-qaldirib\\\/#primaryimage\"},\"thumbnailUrl\":\"https:\\\/\\\/www.meydan.tv\\\/wp-content\\\/uploads\\\/2024-05-14t192057z_1139636292_rc2iq7ag0h5e_rtrmadp_3_georgia-politics-protests-scaled.jpg\",\"datePublished\":\"2024-07-17T16:11:59+00:00\",\"dateModified\":\"2024-07-17T17:57:22+00:00\",\"description\":\"G\u00fcrc\u00fcstan\u0131n 121 qeyri-h\u00f6kum\u0259t v\u0259 media t\u0259\u015fkilat\u0131\u00a0 \u201cXarici agentl\u0259r\\\" haqq\u0131nda qanuna etiraz olaraq Konstitusiya M\u0259hk\u0259m\u0259sind\u0259 iddia ir\u0259li s\u00fcr\u00fcb.\",\"breadcrumb\":{\"@id\":\"https:\\\/\\\/www.meydan.tv\\\/az\\\/article\\\/gurcustanda-qht-ler-qanunla-bagli-konstitusiya-mehkemesinde-iddia-qaldirib\\\/#breadcrumb\"},\"inLanguage\":\"az\",\"potentialAction\":[{\"@type\":\"ReadAction\",\"target\":[\"https:\\\/\\\/www.meydan.tv\\\/az\\\/article\\\/gurcustanda-qht-ler-qanunla-bagli-konstitusiya-mehkemesinde-iddia-qaldirib\\\/\"]}]},{\"@type\":\"ImageObject\",\"inLanguage\":\"az\",\"@id\":\"https:\\\/\\\/www.meydan.tv\\\/az\\\/article\\\/gurcustanda-qht-ler-qanunla-bagli-konstitusiya-mehkemesinde-iddia-qaldirib\\\/#primaryimage\",\"url\":\"https:\\\/\\\/www.meydan.tv\\\/wp-content\\\/uploads\\\/2024-05-14t192057z_1139636292_rc2iq7ag0h5e_rtrmadp_3_georgia-politics-protests-scaled.jpg\",\"contentUrl\":\"https:\\\/\\\/www.meydan.tv\\\/wp-content\\\/uploads\\\/2024-05-14t192057z_1139636292_rc2iq7ag0h5e_rtrmadp_3_georgia-politics-protests-scaled.jpg\",\"width\":2560,\"height\":1707,\"caption\":\"G\u00fcrc\u00fcstan. Foto: REUTERS\\\/Irakli Gedenidze\"},{\"@type\":\"BreadcrumbList\",\"@id\":\"https:\\\/\\\/www.meydan.tv\\\/az\\\/article\\\/gurcustanda-qht-ler-qanunla-bagli-konstitusiya-mehkemesinde-iddia-qaldirib\\\/#breadcrumb\",\"itemListElement\":[{\"@type\":\"ListItem\",\"position\":1,\"name\":\"Ana s\u0259hif\u0259\",\"item\":\"https:\\\/\\\/www.meydan.tv\\\/az\\\/\"},{\"@type\":\"ListItem\",\"position\":2,\"name\":\"Siyas\u0259t\",\"item\":\"https:\\\/\\\/www.meydan.tv\\\/az\\\/section\\\/siyaset\\\/\"},{\"@type\":\"ListItem\",\"position\":3,\"name\":\"G\u00fcrc\u00fcstanda QHT-l\u0259r qanunla ba\u011fl\u0131 Konstitusiya M\u0259hk\u0259m\u0259sind\u0259 iddia qald\u0131r\u0131b\"}]},{\"@type\":\"WebSite\",\"@id\":\"https:\\\/\\\/www.meydan.tv\\\/az\\\/#website\",\"url\":\"https:\\\/\\\/www.meydan.tv\\\/az\\\/\",\"name\":\"MEYDAN.TV\",\"description\":\"Meydan TV Az\u0259rbaycan\u0131n media m\u0259kan\u0131ndak\u0131 alternativ s\u0259sidir\",\"publisher\":{\"@id\":\"https:\\\/\\\/www.meydan.tv\\\/az\\\/#organization\"},\"potentialAction\":[{\"@type\":\"SearchAction\",\"target\":{\"@type\":\"EntryPoint\",\"urlTemplate\":\"https:\\\/\\\/www.meydan.tv\\\/az\\\/?s={search_term_string}\"},\"query-input\":{\"@type\":\"PropertyValueSpecification\",\"valueRequired\":true,\"valueName\":\"search_term_string\"}}],\"inLanguage\":\"az\"},{\"@type\":\"Organization\",\"@id\":\"https:\\\/\\\/www.meydan.tv\\\/az\\\/#organization\",\"name\":\"Meydan TV\",\"url\":\"https:\\\/\\\/www.meydan.tv\\\/az\\\/\",\"logo\":{\"@type\":\"ImageObject\",\"inLanguage\":\"az\",\"@id\":\"https:\\\/\\\/www.meydan.tv\\\/az\\\/#\\\/schema\\\/logo\\\/image\\\/\",\"url\":\"https:\\\/\\\/www.meydan.tv\\\/wp-content\\\/uploads\\\/2021\\\/07\\\/meydan-logo.svg\",\"contentUrl\":\"https:\\\/\\\/www.meydan.tv\\\/wp-content\\\/uploads\\\/2021\\\/07\\\/meydan-logo.svg\",\"width\":195,\"height\":46,\"caption\":\"Meydan TV\"},\"image\":{\"@id\":\"https:\\\/\\\/www.meydan.tv\\\/az\\\/#\\\/schema\\\/logo\\\/image\\\/\"}},{\"@type\":\"Person\",\"@id\":\"https:\\\/\\\/www.meydan.tv\\\/az\\\/#\\\/schema\\\/person\\\/49b5f2bad5b126bb8ea9320eeb3e4dc9\",\"name\":\"sevda\"}]}<\/script>\n<!-- \/ Yoast SEO plugin. -->","yoast_head_json":{"title":"G\u00fcrc\u00fcstanda QHT-l\u0259r Konstitusiya M\u0259hk\u0259m\u0259sind\u0259 iddia qald\u0131r\u0131b","description":"G\u00fcrc\u00fcstan\u0131n 121 qeyri-h\u00f6kum\u0259t v\u0259 media t\u0259\u015fkilat\u0131\u00a0 \u201cXarici agentl\u0259r\" haqq\u0131nda qanuna etiraz olaraq Konstitusiya M\u0259hk\u0259m\u0259sind\u0259 iddia ir\u0259li s\u00fcr\u00fcb.","robots":{"index":"index","follow":"follow","max-snippet":"max-snippet:-1","max-image-preview":"max-image-preview:large","max-video-preview":"max-video-preview:-1"},"canonical":"https:\/\/www.meydan.tv\/az\/article\/gurcustanda-qht-ler-qanunla-bagli-konstitusiya-mehkemesinde-iddia-qaldirib\/","og_locale":"az_AZ","og_type":"article","og_title":"G\u00fcrc\u00fcstanda QHT-l\u0259r Konstitusiya M\u0259hk\u0259m\u0259sind\u0259 iddia qald\u0131r\u0131b","og_description":"G\u00fcrc\u00fcstan\u0131n 121 qeyri-h\u00f6kum\u0259t v\u0259 media t\u0259\u015fkilat\u0131\u00a0 \u201cXarici agentl\u0259r\" haqq\u0131nda qanuna etiraz olaraq Konstitusiya M\u0259hk\u0259m\u0259sind\u0259 iddia ir\u0259li s\u00fcr\u00fcb.","og_url":"https:\/\/www.meydan.tv\/az\/article\/gurcustanda-qht-ler-qanunla-bagli-konstitusiya-mehkemesinde-iddia-qaldirib\/","og_site_name":"MEYDAN.TV","article_published_time":"2024-07-17T16:11:59+00:00","article_modified_time":"2024-07-17T17:57:22+00:00","og_image":[{"width":2560,"height":1707,"url":"https:\/\/www.meydan.tv\/wp-content\/uploads\/2024-05-14t192057z_1139636292_rc2iq7ag0h5e_rtrmadp_3_georgia-politics-protests-scaled.jpg","type":"image\/jpeg"}],"author":"sevda","twitter_card":"summary_large_image","schema":{"@context":"https:\/\/schema.org","@graph":[{"@type":"Article","@id":"https:\/\/www.meydan.tv\/az\/article\/gurcustanda-qht-ler-qanunla-bagli-konstitusiya-mehkemesinde-iddia-qaldirib\/#article","isPartOf":{"@id":"https:\/\/www.meydan.tv\/az\/article\/gurcustanda-qht-ler-qanunla-bagli-konstitusiya-mehkemesinde-iddia-qaldirib\/"},"author":{"name":"sevda","@id":"https:\/\/www.meydan.tv\/az\/#\/schema\/person\/49b5f2bad5b126bb8ea9320eeb3e4dc9"},"headline":"G\u00fcrc\u00fcstanda QHT-l\u0259r qanunla ba\u011fl\u0131 Konstitusiya M\u0259hk\u0259m\u0259sind\u0259 iddia qald\u0131r\u0131b","datePublished":"2024-07-17T16:11:59+00:00","dateModified":"2024-07-17T17:57:22+00:00","mainEntityOfPage":{"@id":"https:\/\/www.meydan.tv\/az\/article\/gurcustanda-qht-ler-qanunla-bagli-konstitusiya-mehkemesinde-iddia-qaldirib\/"},"wordCount":1259,"publisher":{"@id":"https:\/\/www.meydan.tv\/az\/#organization"},"image":{"@id":"https:\/\/www.meydan.tv\/az\/article\/gurcustanda-qht-ler-qanunla-bagli-konstitusiya-mehkemesinde-iddia-qaldirib\/#primaryimage"},"thumbnailUrl":"https:\/\/www.meydan.tv\/wp-content\/uploads\/2024-05-14t192057z_1139636292_rc2iq7ag0h5e_rtrmadp_3_georgia-politics-protests-scaled.jpg","articleSection":["D\u00fcnya","Siyas\u0259t","Sosial"],"inLanguage":"az"},{"@type":"WebPage","@id":"https:\/\/www.meydan.tv\/az\/article\/gurcustanda-qht-ler-qanunla-bagli-konstitusiya-mehkemesinde-iddia-qaldirib\/","url":"https:\/\/www.meydan.tv\/az\/article\/gurcustanda-qht-ler-qanunla-bagli-konstitusiya-mehkemesinde-iddia-qaldirib\/","name":"G\u00fcrc\u00fcstanda QHT-l\u0259r Konstitusiya M\u0259hk\u0259m\u0259sind\u0259 iddia qald\u0131r\u0131b","isPartOf":{"@id":"https:\/\/www.meydan.tv\/az\/#website"},"primaryImageOfPage":{"@id":"https:\/\/www.meydan.tv\/az\/article\/gurcustanda-qht-ler-qanunla-bagli-konstitusiya-mehkemesinde-iddia-qaldirib\/#primaryimage"},"image":{"@id":"https:\/\/www.meydan.tv\/az\/article\/gurcustanda-qht-ler-qanunla-bagli-konstitusiya-mehkemesinde-iddia-qaldirib\/#primaryimage"},"thumbnailUrl":"https:\/\/www.meydan.tv\/wp-content\/uploads\/2024-05-14t192057z_1139636292_rc2iq7ag0h5e_rtrmadp_3_georgia-politics-protests-scaled.jpg","datePublished":"2024-07-17T16:11:59+00:00","dateModified":"2024-07-17T17:57:22+00:00","description":"G\u00fcrc\u00fcstan\u0131n 121 qeyri-h\u00f6kum\u0259t v\u0259 media t\u0259\u015fkilat\u0131\u00a0 \u201cXarici agentl\u0259r\" haqq\u0131nda qanuna etiraz olaraq Konstitusiya M\u0259hk\u0259m\u0259sind\u0259 iddia ir\u0259li s\u00fcr\u00fcb.","breadcrumb":{"@id":"https:\/\/www.meydan.tv\/az\/article\/gurcustanda-qht-ler-qanunla-bagli-konstitusiya-mehkemesinde-iddia-qaldirib\/#breadcrumb"},"inLanguage":"az","potentialAction":[{"@type":"ReadAction","target":["https:\/\/www.meydan.tv\/az\/article\/gurcustanda-qht-ler-qanunla-bagli-konstitusiya-mehkemesinde-iddia-qaldirib\/"]}]},{"@type":"ImageObject","inLanguage":"az","@id":"https:\/\/www.meydan.tv\/az\/article\/gurcustanda-qht-ler-qanunla-bagli-konstitusiya-mehkemesinde-iddia-qaldirib\/#primaryimage","url":"https:\/\/www.meydan.tv\/wp-content\/uploads\/2024-05-14t192057z_1139636292_rc2iq7ag0h5e_rtrmadp_3_georgia-politics-protests-scaled.jpg","contentUrl":"https:\/\/www.meydan.tv\/wp-content\/uploads\/2024-05-14t192057z_1139636292_rc2iq7ag0h5e_rtrmadp_3_georgia-politics-protests-scaled.jpg","width":2560,"height":1707,"caption":"G\u00fcrc\u00fcstan. Foto: REUTERS\/Irakli Gedenidze"},{"@type":"BreadcrumbList","@id":"https:\/\/www.meydan.tv\/az\/article\/gurcustanda-qht-ler-qanunla-bagli-konstitusiya-mehkemesinde-iddia-qaldirib\/#breadcrumb","itemListElement":[{"@type":"ListItem","position":1,"name":"Ana s\u0259hif\u0259","item":"https:\/\/www.meydan.tv\/az\/"},{"@type":"ListItem","position":2,"name":"Siyas\u0259t","item":"https:\/\/www.meydan.tv\/az\/section\/siyaset\/"},{"@type":"ListItem","position":3,"name":"G\u00fcrc\u00fcstanda QHT-l\u0259r qanunla ba\u011fl\u0131 Konstitusiya M\u0259hk\u0259m\u0259sind\u0259 iddia qald\u0131r\u0131b"}]},{"@type":"WebSite","@id":"https:\/\/www.meydan.tv\/az\/#website","url":"https:\/\/www.meydan.tv\/az\/","name":"MEYDAN.TV","description":"Meydan TV Az\u0259rbaycan\u0131n media m\u0259kan\u0131ndak\u0131 alternativ s\u0259sidir","publisher":{"@id":"https:\/\/www.meydan.tv\/az\/#organization"},"potentialAction":[{"@type":"SearchAction","target":{"@type":"EntryPoint","urlTemplate":"https:\/\/www.meydan.tv\/az\/?s={search_term_string}"},"query-input":{"@type":"PropertyValueSpecification","valueRequired":true,"valueName":"search_term_string"}}],"inLanguage":"az"},{"@type":"Organization","@id":"https:\/\/www.meydan.tv\/az\/#organization","name":"Meydan TV","url":"https:\/\/www.meydan.tv\/az\/","logo":{"@type":"ImageObject","inLanguage":"az","@id":"https:\/\/www.meydan.tv\/az\/#\/schema\/logo\/image\/","url":"https:\/\/www.meydan.tv\/wp-content\/uploads\/2021\/07\/meydan-logo.svg","contentUrl":"https:\/\/www.meydan.tv\/wp-content\/uploads\/2021\/07\/meydan-logo.svg","width":195,"height":46,"caption":"Meydan TV"},"image":{"@id":"https:\/\/www.meydan.tv\/az\/#\/schema\/logo\/image\/"}},{"@type":"Person","@id":"https:\/\/www.meydan.tv\/az\/#\/schema\/person\/49b5f2bad5b126bb8ea9320eeb3e4dc9","name":"sevda"}]}},"_links":{"self":[{"href":"https:\/\/www.meydan.tv\/az\/wp-json\/wp\/v2\/posts\/310538","targetHints":{"allow":["GET"]}}],"collection":[{"href":"https:\/\/www.meydan.tv\/az\/wp-json\/wp\/v2\/posts"}],"about":[{"href":"https:\/\/www.meydan.tv\/az\/wp-json\/wp\/v2\/types\/post"}],"author":[{"embeddable":true,"href":"https:\/\/www.meydan.tv\/az\/wp-json\/wp\/v2\/users\/16"}],"replies":[{"embeddable":true,"href":"https:\/\/www.meydan.tv\/az\/wp-json\/wp\/v2\/comments?post=310538"}],"version-history":[{"count":5,"href":"https:\/\/www.meydan.tv\/az\/wp-json\/wp\/v2\/posts\/310538\/revisions"}],"predecessor-version":[{"id":310545,"href":"https:\/\/www.meydan.tv\/az\/wp-json\/wp\/v2\/posts\/310538\/revisions\/310545"}],"wp:featuredmedia":[{"embeddable":true,"href":"https:\/\/www.meydan.tv\/az\/wp-json\/wp\/v2\/media\/307714"}],"wp:attachment":[{"href":"https:\/\/www.meydan.tv\/az\/wp-json\/wp\/v2\/media?parent=310538"}],"wp:term":[{"taxonomy":"category","embeddable":true,"href":"https:\/\/www.meydan.tv\/az\/wp-json\/wp\/v2\/categories?post=310538"},{"taxonomy":"post_tag","embeddable":true,"href":"https:\/\/www.meydan.tv\/az\/wp-json\/wp\/v2\/tags?post=310538"}],"curies":[{"name":"wp","href":"https:\/\/api.w.org\/{rel}","templated":true}]}}