{"id":310489,"date":"2024-07-17T16:24:35","date_gmt":"2024-07-17T12:24:35","guid":{"rendered":"https:\/\/www.meydan.tv\/?p=310489"},"modified":"2024-07-17T17:06:59","modified_gmt":"2024-07-17T13:06:59","slug":"iii-respublika-secicileri-hakimiyyetyonumlu-namizedlere-ses-vermemeye-cagirir","status":"publish","type":"post","link":"https:\/\/www.meydan.tv\/az\/article\/iii-respublika-secicileri-hakimiyyetyonumlu-namizedlere-ses-vermemeye-cagirir\/","title":{"rendered":"\u201cIII Respublika\u201d se\u00e7icil\u0259ri hakimiyy\u0259ty\u00f6n\u00fcml\u00fc namiz\u0259dl\u0259r\u0259 s\u0259s verm\u0259m\u0259y\u0259 \u00e7a\u011f\u0131r\u0131r"},"content":{"rendered":"\n<p><\/p>\n\n\n\n<p><strong><em>Platformaya g\u00f6r\u0259, \u0259dal\u0259tli se\u00e7ki \u00fc\u00e7\u00fcn \u015f\u0259rait yoxdur<\/em><\/strong><\/p>\n\n\n\n<p>III Respublika Platformas\u0131 sentyabr\u0131n 1-d\u0259 ke\u00e7iril\u0259c\u0259k n\u00f6vb\u0259d\u0259nk\u0259nar se\u00e7kil\u0259ri qeyri-legitim hesab edir.<\/p>\n\n\n\n<p>Siyasi platforma b\u0259yanat\u0131nda qeyd edir ki, m\u00f6vcud se\u00e7ki qanunvericiliyinin Milli M\u0259clis\u0259 se\u00e7kil\u0259r daxil olmaqla ist\u0259nil\u0259n se\u00e7kinin azad v\u0259 \u0259dal\u0259tli ke\u00e7irilm\u0259si \u00fc\u00e7\u00fcn obyektiv h\u00fcquqi z\u0259min yaratmad\u0131\u011f\u0131 q\u0259na\u0259tind\u0259dir:<\/p>\n\n\n\n<p><em>&#8220;M\u0259rk\u0259zi Se\u00e7ki Komissiyas\u0131 v\u0259 a\u015fa\u011f\u0131 se\u00e7ki komissiyalar\u0131 siyasi t\u0259r\u0259fsizlik prinsipi \u00fcz\u0259rind\u0259 qurulmay\u0131b v\u0259 \u00f6lk\u0259d\u0259 olan siyasi aktorlar\u0131n paritet t\u0259msil\u00e7iliyin\u0259 \u0259saslanm\u0131r. Buna uy\u011fun olaraq h\u00f6kum\u0259tin de-fakto n\u0259zar\u0259ti alt\u0131nda olan m\u00fcvafiq se\u00e7ki komissiyalar\u0131 h\u0259tta m\u00fcrt\u0259ce Se\u00e7ki M\u0259c\u0259ll\u0259sind\u0259ki se\u00e7ki h\u00fcquqlar\u0131n\u0131 bel\u0259 m\u0259hdudla\u015fd\u0131r\u0131c\u0131 m\u0259nada t\u0259tbiq edir\u201d.<\/em><\/p>\n\n\n\n<p>Platforma hesab edir ki, bununla da sistemd\u0259nk\u0259nar siyasi q\u00fcvv\u0259l\u0259rin t\u0259msil\u00e7il\u0259rini haqs\u0131z yer\u0259 ya se\u00e7ki marafonundan k\u0259narda saxlay\u0131rlar, ya da t\u0259\u015fviqat v\u0259 s\u0259sverm\u0259 prosesind\u0259 onlara qar\u015f\u0131 se\u00e7kinin n\u0259tic\u0259l\u0259rin\u0259 t\u0259sir ed\u0259n qat\u0131 \u0259dal\u0259tsizlikl\u0259r\u0259 yol verir, se\u00e7kinin n\u0259tic\u0259l\u0259rini h\u00f6kum\u0259t v\u0259 h\u00f6k\u00fcm\u0259ty\u00f6nl\u00fc namiz\u0259dl\u0259rin xeyrin\u0259 saxtala\u015fd\u0131r\u0131rlar.<\/p>\n\n\n\n<p>T\u0259\u015fkilat bildirib ki, 1 sentyabr se\u00e7kil\u0259ri 2023-c\u00fc ilin noyabr ay\u0131ndan ba\u015flayan v\u0259 presedenti olmayan siyasi repressiya \u015f\u0259raitind\u0259 ke\u00e7irilir:<\/p>\n\n\n\n<p><em>&#8220;Repressiya n\u0259tic\u0259sind\u0259 \u00f6lk\u0259 daxilind\u0259 t\u0259\u015fkilati z\u0259mind\u0259 h\u0259r hans\u0131 m\u00fcst\u0259qil f\u0259aliyy\u0259t, o c\u00fcml\u0259d\u0259n se\u00e7ki f\u0259aliyy\u0259ti g\u00f6st\u0259rm\u0259k imkan\u0131, dem\u0259k olar ki, aradan qalx\u0131b\u201d.<\/em><\/p>\n\n\n\n<p><em>\u201cT\u0259nqid\u00e7i median\u0131, real v\u0259t\u0259nda\u015f c\u0259miyy\u0259tini v\u0259 prinsipial siyasi q\u00fcvv\u0259l\u0259ri s\u0131radan \u00e7\u0131xarma\u011fa hesablanan sonuncu siyasi repressiya III Respublika Platformas\u0131ndan da yan ke\u00e7m\u0259yib. N\u0259tic\u0259d\u0259, t\u0259\u015fkilat\u0131n yaranmas\u0131ndan c\u0259mi bir ne\u00e7\u0259 h\u0259ft\u0259 sonra platforman\u0131n qurucu hey\u0259t \u00fczv\u00fc Araz \u018fliyevin sutkal\u0131q h\u0259bsi il\u0259 ba\u015flayan t\u0259zyiql\u0259r 2024-c\u00fc ilin mart ay\u0131nda platforman\u0131n spikeri Akif Qurbanov v\u0259 Qurucu hey\u0259t \u00fczv\u00fc Ruslan \u0130zz\u0259tlinin \u0259sass\u0131z v\u0259 siyasi motivli cinay\u0259t i\u015fi \u00e7\u0259r\u00e7iv\u0259sind\u0259 tutulmas\u0131 il\u0259 davam edib. El\u0259c\u0259 d\u0259 platforman\u0131n ofisind\u0259 apar\u0131lan axtar\u0131\u015fdan sonra ofis m\u00f6h\u00fcrl\u0259nib v\u0259 platforma haz\u0131rda m\u0259nzil-q\u0259rargah olmadan f\u0259aliyy\u0259t g\u00f6st\u0259rm\u0259y\u0259 vadar olub. Eyni zamanda b\u00fct\u00fcn qurucu \u00fczvl\u0259r h\u0259bs riski alt\u0131ndad\u0131r&#8221;, &#8211;<\/em> b\u0259yanatda qeyd olunur.<\/p>\n\n\n\n<p>Platforma vur\u011fulay\u0131r ki, repressiv ab-hava se\u00e7ki t\u0259\u015fviqat\u0131n\u0131n apar\u0131lmas\u0131n\u0131 m\u00fcmk\u00fcns\u00fcz edir:<\/p>\n\n\n\n<p><em>\u201cSe\u00e7ki kampaniyas\u0131 d\u00f6vr\u00fcnd\u0259 vazke\u00e7ilm\u0259z olan ifad\u0259, s\u0259rb\u0259st topla\u015fma v\u0259 birl\u0259\u015fm\u0259 azadl\u0131qlar\u0131 \u00f6lk\u0259nin siyasi ger\u00e7\u0259kliyind\u0259n \u00e7oxdan silinib. \u00d6lk\u0259d\u0259 s\u0259rb\u0259st topla\u015fma azadl\u0131\u011f\u0131na de-fakto total qada\u011fa qoyulub\u201d.<\/em><\/p>\n\n\n\n<p>B\u0259yanat m\u00fc\u0259llifl\u0259rinin fikrinc\u0259, yeni \u201cSiyasi partiyalar haqq\u0131nda\u201d Qanun siyasi partiyalar\u0131n m\u00f6vcudlu\u011funu h\u00f6kum\u0259td\u0259n as\u0131l\u0131 hala g\u0259tirib. Sistemd\u0259n k\u0259nar ictimai-siyasi t\u0259\u015fkilatlanmalara qar\u015f\u0131 y\u00f6n\u0259l\u0259n repressiv t\u0259dbirl\u0259r bu t\u0259\u015fkilatlar\u0131n b\u00fct\u00fcn m\u00fcmk\u00fcn f\u0259aliyy\u0259tini dondurub:<\/p>\n\n\n\n<p><em>\u201cBel\u0259 halda is\u0259 t\u0259bli\u011fat prosesind\u0259n istifad\u0259 ed\u0259r\u0259k se\u00e7icil\u0259ri inand\u0131rmaq imkan\u0131 aradan qalx\u0131r. Bundan \u0259lav\u0259, haz\u0131rda \u00f6lk\u0259d\u0259 ciddi siyasi apatiya m\u00f6vcuddur. Siyasi proses i\u015fl\u0259m\u0259diyin\u0259 g\u00f6r\u0259 v\u0259t\u0259nda\u015flar se\u00e7kil\u0259rin azad v\u0259 \u0259dal\u0259tli ke\u00e7irilm\u0259sin\u0259 inanm\u0131r v\u0259 onlar\u0131n real irad\u0259sini \u0259ks etdirm\u0259diyi q\u0259na\u0259tind\u0259dirl\u0259r\u201d.<\/em><\/p>\n\n\n\n<p><em>\u201cDig\u0259r t\u0259r\u0259fd\u0259n h\u00f6kum\u0259tin t\u0259tbiq etdiyi reprressiv m\u00fchit alternativ siyasi d\u00fc\u015f\u00fcnc\u0259 t\u0259msil\u00e7il\u0259rini b\u00fct\u00fcn maddi v\u0259 insan rersurslar\u0131ndan m\u0259hrum edib. Buna g\u00f6r\u0259 d\u0259 se\u00e7icil\u0259rin m\u00fch\u00fcm hiss\u0259si \u00fc\u00e7\u00fcn se\u00e7kid\u0259n g\u00f6zl\u0259nti namiz\u0259dl\u0259rd\u0259n qanunsuz maddi d\u0259st\u0259k almaq f\u00fcrs\u0259ti kimi formala\u015f\u0131b. Qeyd edil\u0259n hallar se\u00e7kinin h\u0259d\u0259fi olan se\u00e7ici irad\u0259sinin formala\u015fd\u0131r\u0131lmas\u0131n\u0131 da aradan qald\u0131r\u0131r&#8221;<\/em>,-dey\u0259 III Respublika Platformas\u0131 \u0259lav\u0259 edib.<\/p>\n\n\n\n<p>Ancaq III Respublika Platformas\u0131 total \u0259dal\u0259tsizlik \u015f\u0259raitind\u0259 h\u0259yata ke\u00e7iril\u0259n bu se\u00e7ki prosesind\u0259 bel\u0259 i\u015ftirak etm\u0259k imkanlar\u0131n\u0131 bir daha yoxlad\u0131\u011f\u0131n\u0131 qeyd edib:<\/p>\n\n\n\n<p><em>&#8220;X\u00fcsusil\u0259 d\u0259 platforman\u0131n spikeri Akif Qurbanov v\u0259 qurucu hey\u0259t \u00fczv\u00fc Ruslan \u0130zz\u0259tli se\u00e7kid\u0259 i\u015ftirak etm\u0259kl\u0259 ba\u011fl\u0131 irad\u0259 n\u00fcmayi\u015f etdiribl\u0259r. Lakin onlar\u0131n \u00e7evr\u0259sin\u0259 t\u0259zyiq o h\u0259dd\u0259 \u00e7at\u0131b ki, onlar\u0131n s\u0259lahiyy\u0259tli n\u00fcmay\u0259nd\u0259 bel\u0259 t\u0259yin etm\u0259l\u0259ri m\u00fcmk\u00fcns\u00fcz olub. B\u00fct\u00fcn \u00e7\u0259tinlikl\u0259r\u0259 baxmayaraq v\u0259 normal se\u00e7ki ad\u0131na \u0259n x\u0131rda f\u00fcrs\u0259tl\u0259rin qalmad\u0131\u011f\u0131 indiki \u015f\u0259raitd\u0259 bel\u0259 III Respublika Platformas\u0131 se\u00e7ki v\u0259rdi\u015fl\u0259rinin qorunub saxlan\u0131lmas\u0131, bunun say\u0259sind\u0259 g\u0259l\u0259c\u0259kd\u0259 ilkin olaraq se\u00e7kili demokratiya institutunun b\u0259rpas\u0131 namin\u0259 s\u0259sverm\u0259 g\u00fcn\u00fc v\u0259t\u0259nda\u015flar\u0131n se\u00e7kid\u0259 i\u015ftirak\u0131n\u0131 h\u0259r bir halda vacib say\u0131r&#8221;.<\/em><\/p>\n\n\n\n<p>T\u0259\u015fkilat se\u00e7ki g\u00fcn\u00fc se\u00e7icil\u0259ri hakim partiyaya s\u0259s verm\u0259m\u0259y\u0259 \u00e7a\u011f\u0131r\u0131r:<\/p>\n\n\n\n<p><em>&#8220;V\u0259t\u0259nda\u015flar\u0131 s\u0259sverm\u0259 g\u00fcn\u00fc YAP v\u0259 h\u00f6kum\u0259tin d\u0259sti-x\u0259ttini a\u00e7\u0131q \u015f\u0259kild\u0259 d\u0259st\u0259kl\u0259y\u0259n, eyni zamanda h\u00f6kum\u0259tin \u201cpeyk\u201di oldu\u011fu \u015f\u00fcbh\u0259 do\u011furmayan d\u0131rnaqaras\u0131 m\u00fcxalif\u0259t partiyalar\u0131n\u0131n namiz\u0259dl\u0259rinin lehin\u0259 s\u0259s verm\u0259m\u0259y\u0259, ayr\u0131-ayr\u0131 se\u00e7ki dair\u0259l\u0259rind\u0259 s\u0259sverm\u0259 g\u00fcn\u00fc ba\u015f ver\u0259n h\u00fcquq pozuntular\u0131n\u0131 v\u0259t\u0259nda\u015f m\u00fc\u015fahid\u0259\u00e7iliyi format\u0131ndan istifad\u0259 etm\u0259kl\u0259 i\u015f\u0131qland\u0131rma\u011fa \u00e7a\u011f\u0131r\u0131r\u0131q&#8221;.<\/em><\/p>\n\n\n\n<p><strong>Parlament se\u00e7kiy\u0259 gedir<\/strong><\/p>\n\n\n\n<p>2024-c\u00fc il iyunun 21-d\u0259 Az\u0259rbaycan parlamenti \u00f6z\u00fcn\u00fcn burax\u0131lmas\u0131 v\u0259 Milli M\u0259clis\u0259 n\u00f6vb\u0259d\u0259nk\u0259nar se\u00e7kil\u0259rin t\u0259yin olunmas\u0131 il\u0259 ba\u011fl\u0131 Prezident \u0130lham \u018fliyev\u0259 m\u00fcraci\u0259t edib.<\/p>\n\n\n\n<p>\u0130yunun 28-d\u0259 \u0130lham \u018fliyev Milli M\u0259clisin burax\u0131lmas\u0131 v\u0259 sentyabr\u0131n 1-d\u0259 erk\u0259n se\u00e7ki ke\u00e7irilm\u0259si il\u0259 ba\u011fl\u0131 s\u0259r\u0259ncam imzalay\u0131b.<\/p>\n\n\n\n<p>M\u0259rk\u0259zi Se\u00e7ki Komissiyas\u0131n\u0131n 15 iyul m\u0259lumat\u0131na g\u00f6r\u0259, 431 n\u0259f\u0259r namiz\u0259dliyini ir\u0259li s\u00fcr\u00fcb.<\/p>\n\n\n\n<p><\/p>\n","protected":false},"excerpt":{"rendered":"<p>Platformaya g\u00f6r\u0259, \u0259dal\u0259tli se\u00e7ki \u00fc\u00e7\u00fcn \u015f\u0259rait yoxdur III Respublika Platformas\u0131 &#8230; <\/p>\n<p class=\"read-more-container\"><a title=\"\u201cIII Respublika\u201d se\u00e7icil\u0259ri hakimiyy\u0259ty\u00f6n\u00fcml\u00fc namiz\u0259dl\u0259r\u0259 s\u0259s verm\u0259m\u0259y\u0259 \u00e7a\u011f\u0131r\u0131r\" class=\"read-more button\" href=\"https:\/\/www.meydan.tv\/az\/article\/iii-respublika-secicileri-hakimiyyetyonumlu-namizedlere-ses-vermemeye-cagirir\/#more-310489\" aria-label=\"Read more about \u201cIII Respublika\u201d se\u00e7icil\u0259ri hakimiyy\u0259ty\u00f6n\u00fcml\u00fc namiz\u0259dl\u0259r\u0259 s\u0259s verm\u0259m\u0259y\u0259 \u00e7a\u011f\u0131r\u0131r\">Davam\u0131<\/a><\/p>\n","protected":false},"author":8,"featured_media":293252,"comment_status":"closed","ping_status":"closed","sticky":false,"template":"","format":"standard","meta":{"_acf_changed":false,"_sitemap_exclude":false,"_sitemap_priority":"","_sitemap_frequency":"","footnotes":""},"categories":[129,59,56],"tags":[],"class_list":["post-310489","post","type-post","status-publish","format-standard","has-post-thumbnail","hentry","category-sechki-2024","category-siyaset","category-xeberler","infinite-scroll-item","generate-columns","tablet-grid-50","mobile-grid-100","grid-parent","grid-33","no-featured-image-padding"],"acf":[],"yoast_head":"<!-- This site is optimized with the Yoast SEO plugin v27.4 - https:\/\/yoast.com\/product\/yoast-seo-wordpress\/ -->\n<title>\u201cIII Respublika\u201d se\u00e7icil\u0259ri hakimiyy\u0259ty\u00f6n\u00fcml\u00fc namiz\u0259dl\u0259r\u0259 s\u0259s verm\u0259m\u0259y\u0259 \u00e7a\u011f\u0131r\u0131r - MEYDAN.TV<\/title>\n<meta name=\"robots\" content=\"index, follow, max-snippet:-1, max-image-preview:large, max-video-preview:-1\" \/>\n<link rel=\"canonical\" href=\"https:\/\/www.meydan.tv\/az\/article\/iii-respublika-secicileri-hakimiyyetyonumlu-namizedlere-ses-vermemeye-cagirir\/\" \/>\n<meta property=\"og:locale\" content=\"az_AZ\" \/>\n<meta property=\"og:type\" content=\"article\" \/>\n<meta property=\"og:title\" content=\"\u201cIII Respublika\u201d se\u00e7icil\u0259ri hakimiyy\u0259ty\u00f6n\u00fcml\u00fc namiz\u0259dl\u0259r\u0259 s\u0259s verm\u0259m\u0259y\u0259 \u00e7a\u011f\u0131r\u0131r - MEYDAN.TV\" \/>\n<meta property=\"og:description\" content=\"Platformaya g\u00f6r\u0259, \u0259dal\u0259tli se\u00e7ki \u00fc\u00e7\u00fcn \u015f\u0259rait yoxdur III Respublika Platformas\u0131 ... Davam\u0131\" \/>\n<meta property=\"og:url\" content=\"https:\/\/www.meydan.tv\/az\/article\/iii-respublika-secicileri-hakimiyyetyonumlu-namizedlere-ses-vermemeye-cagirir\/\" \/>\n<meta property=\"og:site_name\" content=\"MEYDAN.TV\" \/>\n<meta property=\"article:published_time\" content=\"2024-07-17T12:24:35+00:00\" \/>\n<meta property=\"article:modified_time\" content=\"2024-07-17T13:06:59+00:00\" \/>\n<meta property=\"og:image\" content=\"https:\/\/www.meydan.tv\/wp-content\/uploads\/img_2951.jpg\" \/>\n\t<meta property=\"og:image:width\" content=\"1200\" \/>\n\t<meta property=\"og:image:height\" content=\"900\" \/>\n\t<meta property=\"og:image:type\" content=\"image\/jpeg\" \/>\n<meta name=\"author\" content=\"elli\" \/>\n<meta name=\"twitter:card\" content=\"summary_large_image\" \/>\n<meta name=\"twitter:creator\" content=\"@elli\" \/>\n<script type=\"application\/ld+json\" class=\"yoast-schema-graph\">{\"@context\":\"https:\\\/\\\/schema.org\",\"@graph\":[{\"@type\":\"Article\",\"@id\":\"https:\\\/\\\/www.meydan.tv\\\/az\\\/article\\\/iii-respublika-secicileri-hakimiyyetyonumlu-namizedlere-ses-vermemeye-cagirir\\\/#article\",\"isPartOf\":{\"@id\":\"https:\\\/\\\/www.meydan.tv\\\/az\\\/article\\\/iii-respublika-secicileri-hakimiyyetyonumlu-namizedlere-ses-vermemeye-cagirir\\\/\"},\"author\":{\"name\":\"elli\",\"@id\":\"https:\\\/\\\/www.meydan.tv\\\/az\\\/#\\\/schema\\\/person\\\/9cdbecf90d17180ce1dfbd95b08dcf47\"},\"headline\":\"\u201cIII Respublika\u201d se\u00e7icil\u0259ri hakimiyy\u0259ty\u00f6n\u00fcml\u00fc namiz\u0259dl\u0259r\u0259 s\u0259s verm\u0259m\u0259y\u0259 \u00e7a\u011f\u0131r\u0131r\",\"datePublished\":\"2024-07-17T12:24:35+00:00\",\"dateModified\":\"2024-07-17T13:06:59+00:00\",\"mainEntityOfPage\":{\"@id\":\"https:\\\/\\\/www.meydan.tv\\\/az\\\/article\\\/iii-respublika-secicileri-hakimiyyetyonumlu-namizedlere-ses-vermemeye-cagirir\\\/\"},\"wordCount\":1127,\"publisher\":{\"@id\":\"https:\\\/\\\/www.meydan.tv\\\/az\\\/#organization\"},\"image\":{\"@id\":\"https:\\\/\\\/www.meydan.tv\\\/az\\\/article\\\/iii-respublika-secicileri-hakimiyyetyonumlu-namizedlere-ses-vermemeye-cagirir\\\/#primaryimage\"},\"thumbnailUrl\":\"https:\\\/\\\/www.meydan.tv\\\/wp-content\\\/uploads\\\/img_2951.jpg\",\"articleSection\":[\"Se\u00e7ki 2024\",\"Siyas\u0259t\",\"X\u0259b\u0259rl\u0259r\"],\"inLanguage\":\"az\"},{\"@type\":\"WebPage\",\"@id\":\"https:\\\/\\\/www.meydan.tv\\\/az\\\/article\\\/iii-respublika-secicileri-hakimiyyetyonumlu-namizedlere-ses-vermemeye-cagirir\\\/\",\"url\":\"https:\\\/\\\/www.meydan.tv\\\/az\\\/article\\\/iii-respublika-secicileri-hakimiyyetyonumlu-namizedlere-ses-vermemeye-cagirir\\\/\",\"name\":\"\u201cIII Respublika\u201d se\u00e7icil\u0259ri hakimiyy\u0259ty\u00f6n\u00fcml\u00fc namiz\u0259dl\u0259r\u0259 s\u0259s verm\u0259m\u0259y\u0259 \u00e7a\u011f\u0131r\u0131r - MEYDAN.TV\",\"isPartOf\":{\"@id\":\"https:\\\/\\\/www.meydan.tv\\\/az\\\/#website\"},\"primaryImageOfPage\":{\"@id\":\"https:\\\/\\\/www.meydan.tv\\\/az\\\/article\\\/iii-respublika-secicileri-hakimiyyetyonumlu-namizedlere-ses-vermemeye-cagirir\\\/#primaryimage\"},\"image\":{\"@id\":\"https:\\\/\\\/www.meydan.tv\\\/az\\\/article\\\/iii-respublika-secicileri-hakimiyyetyonumlu-namizedlere-ses-vermemeye-cagirir\\\/#primaryimage\"},\"thumbnailUrl\":\"https:\\\/\\\/www.meydan.tv\\\/wp-content\\\/uploads\\\/img_2951.jpg\",\"datePublished\":\"2024-07-17T12:24:35+00:00\",\"dateModified\":\"2024-07-17T13:06:59+00:00\",\"breadcrumb\":{\"@id\":\"https:\\\/\\\/www.meydan.tv\\\/az\\\/article\\\/iii-respublika-secicileri-hakimiyyetyonumlu-namizedlere-ses-vermemeye-cagirir\\\/#breadcrumb\"},\"inLanguage\":\"az\",\"potentialAction\":[{\"@type\":\"ReadAction\",\"target\":[\"https:\\\/\\\/www.meydan.tv\\\/az\\\/article\\\/iii-respublika-secicileri-hakimiyyetyonumlu-namizedlere-ses-vermemeye-cagirir\\\/\"]}]},{\"@type\":\"ImageObject\",\"inLanguage\":\"az\",\"@id\":\"https:\\\/\\\/www.meydan.tv\\\/az\\\/article\\\/iii-respublika-secicileri-hakimiyyetyonumlu-namizedlere-ses-vermemeye-cagirir\\\/#primaryimage\",\"url\":\"https:\\\/\\\/www.meydan.tv\\\/wp-content\\\/uploads\\\/img_2951.jpg\",\"contentUrl\":\"https:\\\/\\\/www.meydan.tv\\\/wp-content\\\/uploads\\\/img_2951.jpg\",\"width\":1200,\"height\":900,\"caption\":\"III Respublika Platformas\u0131. Foto: Meydan TV\"},{\"@type\":\"BreadcrumbList\",\"@id\":\"https:\\\/\\\/www.meydan.tv\\\/az\\\/article\\\/iii-respublika-secicileri-hakimiyyetyonumlu-namizedlere-ses-vermemeye-cagirir\\\/#breadcrumb\",\"itemListElement\":[{\"@type\":\"ListItem\",\"position\":1,\"name\":\"Ana s\u0259hif\u0259\",\"item\":\"https:\\\/\\\/www.meydan.tv\\\/az\\\/\"},{\"@type\":\"ListItem\",\"position\":2,\"name\":\"Siyas\u0259t\",\"item\":\"https:\\\/\\\/www.meydan.tv\\\/az\\\/section\\\/siyaset\\\/\"},{\"@type\":\"ListItem\",\"position\":3,\"name\":\"\u201cIII Respublika\u201d se\u00e7icil\u0259ri hakimiyy\u0259ty\u00f6n\u00fcml\u00fc namiz\u0259dl\u0259r\u0259 s\u0259s verm\u0259m\u0259y\u0259 \u00e7a\u011f\u0131r\u0131r\"}]},{\"@type\":\"WebSite\",\"@id\":\"https:\\\/\\\/www.meydan.tv\\\/az\\\/#website\",\"url\":\"https:\\\/\\\/www.meydan.tv\\\/az\\\/\",\"name\":\"MEYDAN.TV\",\"description\":\"Meydan TV Az\u0259rbaycan\u0131n media m\u0259kan\u0131ndak\u0131 alternativ s\u0259sidir\",\"publisher\":{\"@id\":\"https:\\\/\\\/www.meydan.tv\\\/az\\\/#organization\"},\"potentialAction\":[{\"@type\":\"SearchAction\",\"target\":{\"@type\":\"EntryPoint\",\"urlTemplate\":\"https:\\\/\\\/www.meydan.tv\\\/az\\\/?s={search_term_string}\"},\"query-input\":{\"@type\":\"PropertyValueSpecification\",\"valueRequired\":true,\"valueName\":\"search_term_string\"}}],\"inLanguage\":\"az\"},{\"@type\":\"Organization\",\"@id\":\"https:\\\/\\\/www.meydan.tv\\\/az\\\/#organization\",\"name\":\"Meydan TV\",\"url\":\"https:\\\/\\\/www.meydan.tv\\\/az\\\/\",\"logo\":{\"@type\":\"ImageObject\",\"inLanguage\":\"az\",\"@id\":\"https:\\\/\\\/www.meydan.tv\\\/az\\\/#\\\/schema\\\/logo\\\/image\\\/\",\"url\":\"https:\\\/\\\/www.meydan.tv\\\/wp-content\\\/uploads\\\/2021\\\/07\\\/meydan-logo.svg\",\"contentUrl\":\"https:\\\/\\\/www.meydan.tv\\\/wp-content\\\/uploads\\\/2021\\\/07\\\/meydan-logo.svg\",\"width\":195,\"height\":46,\"caption\":\"Meydan TV\"},\"image\":{\"@id\":\"https:\\\/\\\/www.meydan.tv\\\/az\\\/#\\\/schema\\\/logo\\\/image\\\/\"}},{\"@type\":\"Person\",\"@id\":\"https:\\\/\\\/www.meydan.tv\\\/az\\\/#\\\/schema\\\/person\\\/9cdbecf90d17180ce1dfbd95b08dcf47\",\"name\":\"elli\",\"sameAs\":[\"https:\\\/\\\/x.com\\\/elli\"]}]}<\/script>\n<!-- \/ Yoast SEO plugin. -->","yoast_head_json":{"title":"\u201cIII Respublika\u201d se\u00e7icil\u0259ri hakimiyy\u0259ty\u00f6n\u00fcml\u00fc namiz\u0259dl\u0259r\u0259 s\u0259s verm\u0259m\u0259y\u0259 \u00e7a\u011f\u0131r\u0131r - MEYDAN.TV","robots":{"index":"index","follow":"follow","max-snippet":"max-snippet:-1","max-image-preview":"max-image-preview:large","max-video-preview":"max-video-preview:-1"},"canonical":"https:\/\/www.meydan.tv\/az\/article\/iii-respublika-secicileri-hakimiyyetyonumlu-namizedlere-ses-vermemeye-cagirir\/","og_locale":"az_AZ","og_type":"article","og_title":"\u201cIII Respublika\u201d se\u00e7icil\u0259ri hakimiyy\u0259ty\u00f6n\u00fcml\u00fc namiz\u0259dl\u0259r\u0259 s\u0259s verm\u0259m\u0259y\u0259 \u00e7a\u011f\u0131r\u0131r - MEYDAN.TV","og_description":"Platformaya g\u00f6r\u0259, \u0259dal\u0259tli se\u00e7ki \u00fc\u00e7\u00fcn \u015f\u0259rait yoxdur III Respublika Platformas\u0131 ... Davam\u0131","og_url":"https:\/\/www.meydan.tv\/az\/article\/iii-respublika-secicileri-hakimiyyetyonumlu-namizedlere-ses-vermemeye-cagirir\/","og_site_name":"MEYDAN.TV","article_published_time":"2024-07-17T12:24:35+00:00","article_modified_time":"2024-07-17T13:06:59+00:00","og_image":[{"width":1200,"height":900,"url":"https:\/\/www.meydan.tv\/wp-content\/uploads\/img_2951.jpg","type":"image\/jpeg"}],"author":"elli","twitter_card":"summary_large_image","twitter_creator":"@elli","schema":{"@context":"https:\/\/schema.org","@graph":[{"@type":"Article","@id":"https:\/\/www.meydan.tv\/az\/article\/iii-respublika-secicileri-hakimiyyetyonumlu-namizedlere-ses-vermemeye-cagirir\/#article","isPartOf":{"@id":"https:\/\/www.meydan.tv\/az\/article\/iii-respublika-secicileri-hakimiyyetyonumlu-namizedlere-ses-vermemeye-cagirir\/"},"author":{"name":"elli","@id":"https:\/\/www.meydan.tv\/az\/#\/schema\/person\/9cdbecf90d17180ce1dfbd95b08dcf47"},"headline":"\u201cIII Respublika\u201d se\u00e7icil\u0259ri hakimiyy\u0259ty\u00f6n\u00fcml\u00fc namiz\u0259dl\u0259r\u0259 s\u0259s verm\u0259m\u0259y\u0259 \u00e7a\u011f\u0131r\u0131r","datePublished":"2024-07-17T12:24:35+00:00","dateModified":"2024-07-17T13:06:59+00:00","mainEntityOfPage":{"@id":"https:\/\/www.meydan.tv\/az\/article\/iii-respublika-secicileri-hakimiyyetyonumlu-namizedlere-ses-vermemeye-cagirir\/"},"wordCount":1127,"publisher":{"@id":"https:\/\/www.meydan.tv\/az\/#organization"},"image":{"@id":"https:\/\/www.meydan.tv\/az\/article\/iii-respublika-secicileri-hakimiyyetyonumlu-namizedlere-ses-vermemeye-cagirir\/#primaryimage"},"thumbnailUrl":"https:\/\/www.meydan.tv\/wp-content\/uploads\/img_2951.jpg","articleSection":["Se\u00e7ki 2024","Siyas\u0259t","X\u0259b\u0259rl\u0259r"],"inLanguage":"az"},{"@type":"WebPage","@id":"https:\/\/www.meydan.tv\/az\/article\/iii-respublika-secicileri-hakimiyyetyonumlu-namizedlere-ses-vermemeye-cagirir\/","url":"https:\/\/www.meydan.tv\/az\/article\/iii-respublika-secicileri-hakimiyyetyonumlu-namizedlere-ses-vermemeye-cagirir\/","name":"\u201cIII Respublika\u201d se\u00e7icil\u0259ri hakimiyy\u0259ty\u00f6n\u00fcml\u00fc namiz\u0259dl\u0259r\u0259 s\u0259s verm\u0259m\u0259y\u0259 \u00e7a\u011f\u0131r\u0131r - MEYDAN.TV","isPartOf":{"@id":"https:\/\/www.meydan.tv\/az\/#website"},"primaryImageOfPage":{"@id":"https:\/\/www.meydan.tv\/az\/article\/iii-respublika-secicileri-hakimiyyetyonumlu-namizedlere-ses-vermemeye-cagirir\/#primaryimage"},"image":{"@id":"https:\/\/www.meydan.tv\/az\/article\/iii-respublika-secicileri-hakimiyyetyonumlu-namizedlere-ses-vermemeye-cagirir\/#primaryimage"},"thumbnailUrl":"https:\/\/www.meydan.tv\/wp-content\/uploads\/img_2951.jpg","datePublished":"2024-07-17T12:24:35+00:00","dateModified":"2024-07-17T13:06:59+00:00","breadcrumb":{"@id":"https:\/\/www.meydan.tv\/az\/article\/iii-respublika-secicileri-hakimiyyetyonumlu-namizedlere-ses-vermemeye-cagirir\/#breadcrumb"},"inLanguage":"az","potentialAction":[{"@type":"ReadAction","target":["https:\/\/www.meydan.tv\/az\/article\/iii-respublika-secicileri-hakimiyyetyonumlu-namizedlere-ses-vermemeye-cagirir\/"]}]},{"@type":"ImageObject","inLanguage":"az","@id":"https:\/\/www.meydan.tv\/az\/article\/iii-respublika-secicileri-hakimiyyetyonumlu-namizedlere-ses-vermemeye-cagirir\/#primaryimage","url":"https:\/\/www.meydan.tv\/wp-content\/uploads\/img_2951.jpg","contentUrl":"https:\/\/www.meydan.tv\/wp-content\/uploads\/img_2951.jpg","width":1200,"height":900,"caption":"III Respublika Platformas\u0131. Foto: Meydan TV"},{"@type":"BreadcrumbList","@id":"https:\/\/www.meydan.tv\/az\/article\/iii-respublika-secicileri-hakimiyyetyonumlu-namizedlere-ses-vermemeye-cagirir\/#breadcrumb","itemListElement":[{"@type":"ListItem","position":1,"name":"Ana s\u0259hif\u0259","item":"https:\/\/www.meydan.tv\/az\/"},{"@type":"ListItem","position":2,"name":"Siyas\u0259t","item":"https:\/\/www.meydan.tv\/az\/section\/siyaset\/"},{"@type":"ListItem","position":3,"name":"\u201cIII Respublika\u201d se\u00e7icil\u0259ri hakimiyy\u0259ty\u00f6n\u00fcml\u00fc namiz\u0259dl\u0259r\u0259 s\u0259s verm\u0259m\u0259y\u0259 \u00e7a\u011f\u0131r\u0131r"}]},{"@type":"WebSite","@id":"https:\/\/www.meydan.tv\/az\/#website","url":"https:\/\/www.meydan.tv\/az\/","name":"MEYDAN.TV","description":"Meydan TV Az\u0259rbaycan\u0131n media m\u0259kan\u0131ndak\u0131 alternativ s\u0259sidir","publisher":{"@id":"https:\/\/www.meydan.tv\/az\/#organization"},"potentialAction":[{"@type":"SearchAction","target":{"@type":"EntryPoint","urlTemplate":"https:\/\/www.meydan.tv\/az\/?s={search_term_string}"},"query-input":{"@type":"PropertyValueSpecification","valueRequired":true,"valueName":"search_term_string"}}],"inLanguage":"az"},{"@type":"Organization","@id":"https:\/\/www.meydan.tv\/az\/#organization","name":"Meydan TV","url":"https:\/\/www.meydan.tv\/az\/","logo":{"@type":"ImageObject","inLanguage":"az","@id":"https:\/\/www.meydan.tv\/az\/#\/schema\/logo\/image\/","url":"https:\/\/www.meydan.tv\/wp-content\/uploads\/2021\/07\/meydan-logo.svg","contentUrl":"https:\/\/www.meydan.tv\/wp-content\/uploads\/2021\/07\/meydan-logo.svg","width":195,"height":46,"caption":"Meydan TV"},"image":{"@id":"https:\/\/www.meydan.tv\/az\/#\/schema\/logo\/image\/"}},{"@type":"Person","@id":"https:\/\/www.meydan.tv\/az\/#\/schema\/person\/9cdbecf90d17180ce1dfbd95b08dcf47","name":"elli","sameAs":["https:\/\/x.com\/elli"]}]}},"_links":{"self":[{"href":"https:\/\/www.meydan.tv\/az\/wp-json\/wp\/v2\/posts\/310489","targetHints":{"allow":["GET"]}}],"collection":[{"href":"https:\/\/www.meydan.tv\/az\/wp-json\/wp\/v2\/posts"}],"about":[{"href":"https:\/\/www.meydan.tv\/az\/wp-json\/wp\/v2\/types\/post"}],"author":[{"embeddable":true,"href":"https:\/\/www.meydan.tv\/az\/wp-json\/wp\/v2\/users\/8"}],"replies":[{"embeddable":true,"href":"https:\/\/www.meydan.tv\/az\/wp-json\/wp\/v2\/comments?post=310489"}],"version-history":[{"count":4,"href":"https:\/\/www.meydan.tv\/az\/wp-json\/wp\/v2\/posts\/310489\/revisions"}],"predecessor-version":[{"id":310522,"href":"https:\/\/www.meydan.tv\/az\/wp-json\/wp\/v2\/posts\/310489\/revisions\/310522"}],"wp:featuredmedia":[{"embeddable":true,"href":"https:\/\/www.meydan.tv\/az\/wp-json\/wp\/v2\/media\/293252"}],"wp:attachment":[{"href":"https:\/\/www.meydan.tv\/az\/wp-json\/wp\/v2\/media?parent=310489"}],"wp:term":[{"taxonomy":"category","embeddable":true,"href":"https:\/\/www.meydan.tv\/az\/wp-json\/wp\/v2\/categories?post=310489"},{"taxonomy":"post_tag","embeddable":true,"href":"https:\/\/www.meydan.tv\/az\/wp-json\/wp\/v2\/tags?post=310489"}],"curies":[{"name":"wp","href":"https:\/\/api.w.org\/{rel}","templated":true}]}}