{"id":310454,"date":"2024-07-17T12:47:46","date_gmt":"2024-07-17T08:47:46","guid":{"rendered":"https:\/\/www.meydan.tv\/?p=310454"},"modified":"2024-07-17T12:47:49","modified_gmt":"2024-07-17T08:47:49","slug":"din-goruntulere-aydinliq-getirdi-vetendas-aqressiv-davranib","status":"publish","type":"post","link":"https:\/\/www.meydan.tv\/az\/article\/din-goruntulere-aydinliq-getirdi-vetendas-aqressiv-davranib\/","title":{"rendered":"D\u0130N g\u00f6r\u00fcnt\u00fcl\u0259r\u0259 ayd\u0131nl\u0131q g\u0259tirdi: \u201cV\u0259t\u0259nda\u015f aqressiv davran\u0131b\u201d"},"content":{"rendered":"\n<p><\/p>\n\n\n\n<p><strong><em>Qurum t\u0259zyiq\u0259 m\u0259ruz qalan \u015f\u0259xsin c\u0259rim\u0259l\u0259ndiyini deyir<\/em><\/strong><\/p>\n\n\n\n<p>Daxili \u0130\u015fl\u0259r Nazirliyinin M\u0259tbuat Xidm\u0259ti polis \u0259m\u0259kda\u015f\u0131n\u0131n v\u0259t\u0259nda\u015f\u0131n cibin\u0259 narkotik atd\u0131\u011f\u0131 iddia edil\u0259n g\u00f6r\u00fcnt\u00fcl\u0259rin 5 il \u0259vv\u0259l\u0259 aid oldu\u011funu deyir.<\/p>\n\n\n\n<p>Qurumun media v\u0259 ictimaiyy\u0259tl\u0259 \u0259laq\u0259l\u0259r \u015f\u00f6b\u0259sinin r\u0259isi, polis mayoru Anar Qafarov hadis\u0259nin Sabun\u00e7u rayonunda qeyd\u0259 al\u0131nd\u0131\u011f\u0131n\u0131 bildirib.<\/p>\n\n\n\n<p>Onun s\u00f6zl\u0259rin\u0259 g\u00f6r\u0259, \u0259razid\u0259 ke\u00e7iril\u0259n \u0259m\u0259liyyat t\u0259dbiri zaman\u0131 bir n\u0259f\u0259r \u00f6z\u00fcn\u00fc \u015f\u00fcbh\u0259li apard\u0131\u011f\u0131ndan polis \u0259m\u0259kda\u015f\u0131 ona yax\u0131nla\u015f\u0131b. O, polisin qanuni t\u0259l\u0259bin\u0259 q\u0259sd\u0259n tabe olmad\u0131\u011f\u0131na g\u00f6r\u0259 f\u0259nd t\u0259tbiq olunaraq saxlan\u0131l\u0131b v\u0259 yoxlan\u0131lmas\u0131 \u00fc\u00e7\u00fcn polis b\u00f6lm\u0259sin\u0259 apar\u0131l\u0131b.<\/p>\n\n\n\n<p><em>\u201cAra\u015fd\u0131rmalarla m\u00fc\u0259yy\u0259n edilib ki, h\u0259min \u015f\u0259xsin \u0259razid\u0259 axtar\u0131\u015f\u0131 apar\u0131lan dig\u0259r \u015f\u00fcbh\u0259lil\u0259rl\u0259 \u0259laq\u0259si yoxdur. Onun bar\u0259sind\u0259 aqressiv davran\u0131\u015f\u0131na g\u00f6r\u0259 inzibati x\u0259ta haqq\u0131nda protokol t\u0259rtib olunaraq 50 manat c\u0259rim\u0259 t\u0259tbiq edilm\u0259kl\u0259 s\u0259rb\u0259st burax\u0131l\u0131b\u201d<\/em>, &#8211; m\u0259lumatda deyilir.<\/p>\n\n\n<div class=\"wp-block-image\">\n<figure class=\"aligncenter size-full\"><img decoding=\"async\" width=\"1200\" height=\"609\" data-src=\"https:\/\/www.meydan.tv\/wp-content\/uploads\/img_1890.jpg\" alt=\"\" class=\"wp-image-310451 lazyload\" src=\"data:image\/svg+xml;base64,PHN2ZyB3aWR0aD0iMSIgaGVpZ2h0PSIxIiB4bWxucz0iaHR0cDovL3d3dy53My5vcmcvMjAwMC9zdmciPjwvc3ZnPg==\" style=\"--smush-placeholder-width: 1200px; --smush-placeholder-aspect-ratio: 1200\/609;\" \/><figcaption class=\"wp-element-caption\">Kollaj: Meydan TV<\/figcaption><\/figure>\n<\/div>\n\n\n<p><em>\u201cQeyd olunanlar\u0131 n\u0259z\u0259r\u0259 alaraq, diqq\u0259t\u0259 \u00e7atd\u0131r\u0131r\u0131q ki, v\u0259t\u0259nda\u015f\u0131n narkotikl\u0259 ittiham edilm\u0259si v\u0259 dig\u0259r \u0259sas\u0131 olmayan iddialar h\u0259qiq\u0259ti \u0259ks etdirmir\u201d<\/em>, &#8211; Anar Qafarov vur\u011fulay\u0131b.<\/p>\n\n\n\n<p>Videoda v\u0259t\u0259nda\u015fa zor t\u0259tbiq ed\u0259n \u015f\u0259xsin polis kapitan\u0131 B\u0259xtiyar Abbasov oldu\u011fu deyilir. D\u0130N-in m\u0259lumat\u0131ndan f\u0259rqli olaraq g\u00f6r\u00fcnt\u00fcl\u0259rd\u0259 v\u0259t\u0259nda\u015f\u0131n aqressiv davran\u0131\u015f\u0131 sezilmir. \u018fksin\u0259, o, \u0259ll\u0259rini qald\u0131r\u0131b t\u0259slim olsa da, zorak\u0131l\u0131\u011fa m\u0259ruz qal\u0131r. Abbasovun Sabun\u00e7u Rayon Polis \u0130dar\u0259sinin Cinay\u0259t Axtar\u0131\u015f \u015e\u00f6b\u0259sinin Ba\u015f \u0259m\u0259liyyat m\u00fcv\u0259kkili i\u015fl\u0259diyi bildirilir. Ona vaxt\u0131ndan \u0259vv\u0259l polis kapitan\u0131 r\u00fctb\u0259si verilib. B\u0259xtiyar Abbasov mitinql\u0259rd\u0259 d\u0259 m\u00fcxalifl\u0259r\u0259 zorak\u0131l\u0131q ed\u0259rk\u0259n g\u00f6r\u00fcnt\u00fcl\u0259nib. D\u0130N-in a\u00e7\u0131qlamas\u0131nda onun ad\u0131 qeyd olunmur.<\/p>\n","protected":false},"excerpt":{"rendered":"<p>Qurum t\u0259zyiq\u0259 m\u0259ruz qalan \u015f\u0259xsin c\u0259rim\u0259l\u0259ndiyini deyir Daxili \u0130\u015fl\u0259r Nazirliyinin &#8230; <\/p>\n<p class=\"read-more-container\"><a title=\"D\u0130N g\u00f6r\u00fcnt\u00fcl\u0259r\u0259 ayd\u0131nl\u0131q g\u0259tirdi: \u201cV\u0259t\u0259nda\u015f aqressiv davran\u0131b\u201d\" class=\"read-more button\" href=\"https:\/\/www.meydan.tv\/az\/article\/din-goruntulere-aydinliq-getirdi-vetendas-aqressiv-davranib\/#more-310454\" aria-label=\"Read more about D\u0130N g\u00f6r\u00fcnt\u00fcl\u0259r\u0259 ayd\u0131nl\u0131q g\u0259tirdi: \u201cV\u0259t\u0259nda\u015f aqressiv davran\u0131b\u201d\">Davam\u0131<\/a><\/p>\n","protected":false},"author":8,"featured_media":294906,"comment_status":"closed","ping_status":"closed","sticky":false,"template":"","format":"standard","meta":{"_acf_changed":false,"_sitemap_exclude":false,"_sitemap_priority":"","_sitemap_frequency":"","footnotes":""},"categories":[62,56],"tags":[],"class_list":["post-310454","post","type-post","status-publish","format-standard","has-post-thumbnail","hentry","category-sosial","category-xeberler","infinite-scroll-item","generate-columns","tablet-grid-50","mobile-grid-100","grid-parent","grid-33","no-featured-image-padding"],"acf":[],"yoast_head":"<!-- This site is optimized with the Yoast SEO plugin v27.5 - https:\/\/yoast.com\/product\/yoast-seo-wordpress\/ -->\n<title>D\u0130N g\u00f6r\u00fcnt\u00fcl\u0259r\u0259 ayd\u0131nl\u0131q g\u0259tirdi: \u201cV\u0259t\u0259nda\u015f aqressiv davran\u0131b\u201d - MEYDAN.TV<\/title>\n<meta name=\"description\" content=\"D\u0130N-in M\u0259tbuat Xidm\u0259ti polis \u0259m\u0259kda\u015f\u0131n\u0131n v\u0259t\u0259nda\u015f\u0131n cibin\u0259 narkotik atd\u0131\u011f\u0131 iddia edil\u0259n g\u00f6r\u00fcnt\u00fcl\u0259rin 5 il \u0259vv\u0259l\u0259 aid oldu\u011funu deyir.\" \/>\n<meta name=\"robots\" content=\"index, follow, max-snippet:-1, max-image-preview:large, max-video-preview:-1\" \/>\n<link rel=\"canonical\" href=\"https:\/\/www.meydan.tv\/az\/article\/din-goruntulere-aydinliq-getirdi-vetendas-aqressiv-davranib\/\" \/>\n<meta property=\"og:locale\" content=\"az_AZ\" \/>\n<meta property=\"og:type\" content=\"article\" \/>\n<meta property=\"og:title\" content=\"D\u0130N g\u00f6r\u00fcnt\u00fcl\u0259r\u0259 ayd\u0131nl\u0131q g\u0259tirdi: \u201cV\u0259t\u0259nda\u015f aqressiv davran\u0131b\u201d - MEYDAN.TV\" \/>\n<meta property=\"og:description\" content=\"D\u0130N-in M\u0259tbuat Xidm\u0259ti polis \u0259m\u0259kda\u015f\u0131n\u0131n v\u0259t\u0259nda\u015f\u0131n cibin\u0259 narkotik atd\u0131\u011f\u0131 iddia edil\u0259n g\u00f6r\u00fcnt\u00fcl\u0259rin 5 il \u0259vv\u0259l\u0259 aid oldu\u011funu deyir.\" \/>\n<meta property=\"og:url\" content=\"https:\/\/www.meydan.tv\/az\/article\/din-goruntulere-aydinliq-getirdi-vetendas-aqressiv-davranib\/\" \/>\n<meta property=\"og:site_name\" content=\"MEYDAN.TV\" \/>\n<meta property=\"article:published_time\" content=\"2024-07-17T08:47:46+00:00\" \/>\n<meta property=\"article:modified_time\" content=\"2024-07-17T08:47:49+00:00\" \/>\n<meta property=\"og:image\" content=\"https:\/\/www.meydan.tv\/wp-content\/uploads\/din-1.jpg\" \/>\n\t<meta property=\"og:image:width\" content=\"1200\" \/>\n\t<meta property=\"og:image:height\" content=\"800\" \/>\n\t<meta property=\"og:image:type\" content=\"image\/jpeg\" \/>\n<meta name=\"author\" content=\"elli\" \/>\n<meta name=\"twitter:card\" content=\"summary_large_image\" \/>\n<meta name=\"twitter:creator\" content=\"@elli\" \/>\n<script type=\"application\/ld+json\" class=\"yoast-schema-graph\">{\"@context\":\"https:\\\/\\\/schema.org\",\"@graph\":[{\"@type\":\"Article\",\"@id\":\"https:\\\/\\\/www.meydan.tv\\\/az\\\/article\\\/din-goruntulere-aydinliq-getirdi-vetendas-aqressiv-davranib\\\/#article\",\"isPartOf\":{\"@id\":\"https:\\\/\\\/www.meydan.tv\\\/az\\\/article\\\/din-goruntulere-aydinliq-getirdi-vetendas-aqressiv-davranib\\\/\"},\"author\":{\"name\":\"elli\",\"@id\":\"https:\\\/\\\/www.meydan.tv\\\/az\\\/#\\\/schema\\\/person\\\/9cdbecf90d17180ce1dfbd95b08dcf47\"},\"headline\":\"D\u0130N g\u00f6r\u00fcnt\u00fcl\u0259r\u0259 ayd\u0131nl\u0131q g\u0259tirdi: \u201cV\u0259t\u0259nda\u015f aqressiv davran\u0131b\u201d\",\"datePublished\":\"2024-07-17T08:47:46+00:00\",\"dateModified\":\"2024-07-17T08:47:49+00:00\",\"mainEntityOfPage\":{\"@id\":\"https:\\\/\\\/www.meydan.tv\\\/az\\\/article\\\/din-goruntulere-aydinliq-getirdi-vetendas-aqressiv-davranib\\\/\"},\"wordCount\":373,\"publisher\":{\"@id\":\"https:\\\/\\\/www.meydan.tv\\\/az\\\/#organization\"},\"image\":{\"@id\":\"https:\\\/\\\/www.meydan.tv\\\/az\\\/article\\\/din-goruntulere-aydinliq-getirdi-vetendas-aqressiv-davranib\\\/#primaryimage\"},\"thumbnailUrl\":\"https:\\\/\\\/www.meydan.tv\\\/wp-content\\\/uploads\\\/din-1.jpg\",\"articleSection\":[\"Sosial\",\"X\u0259b\u0259rl\u0259r\"],\"inLanguage\":\"az\"},{\"@type\":\"WebPage\",\"@id\":\"https:\\\/\\\/www.meydan.tv\\\/az\\\/article\\\/din-goruntulere-aydinliq-getirdi-vetendas-aqressiv-davranib\\\/\",\"url\":\"https:\\\/\\\/www.meydan.tv\\\/az\\\/article\\\/din-goruntulere-aydinliq-getirdi-vetendas-aqressiv-davranib\\\/\",\"name\":\"D\u0130N g\u00f6r\u00fcnt\u00fcl\u0259r\u0259 ayd\u0131nl\u0131q g\u0259tirdi: \u201cV\u0259t\u0259nda\u015f aqressiv davran\u0131b\u201d - MEYDAN.TV\",\"isPartOf\":{\"@id\":\"https:\\\/\\\/www.meydan.tv\\\/az\\\/#website\"},\"primaryImageOfPage\":{\"@id\":\"https:\\\/\\\/www.meydan.tv\\\/az\\\/article\\\/din-goruntulere-aydinliq-getirdi-vetendas-aqressiv-davranib\\\/#primaryimage\"},\"image\":{\"@id\":\"https:\\\/\\\/www.meydan.tv\\\/az\\\/article\\\/din-goruntulere-aydinliq-getirdi-vetendas-aqressiv-davranib\\\/#primaryimage\"},\"thumbnailUrl\":\"https:\\\/\\\/www.meydan.tv\\\/wp-content\\\/uploads\\\/din-1.jpg\",\"datePublished\":\"2024-07-17T08:47:46+00:00\",\"dateModified\":\"2024-07-17T08:47:49+00:00\",\"description\":\"D\u0130N-in M\u0259tbuat Xidm\u0259ti polis \u0259m\u0259kda\u015f\u0131n\u0131n v\u0259t\u0259nda\u015f\u0131n cibin\u0259 narkotik atd\u0131\u011f\u0131 iddia edil\u0259n g\u00f6r\u00fcnt\u00fcl\u0259rin 5 il \u0259vv\u0259l\u0259 aid oldu\u011funu deyir.\",\"breadcrumb\":{\"@id\":\"https:\\\/\\\/www.meydan.tv\\\/az\\\/article\\\/din-goruntulere-aydinliq-getirdi-vetendas-aqressiv-davranib\\\/#breadcrumb\"},\"inLanguage\":\"az\",\"potentialAction\":[{\"@type\":\"ReadAction\",\"target\":[\"https:\\\/\\\/www.meydan.tv\\\/az\\\/article\\\/din-goruntulere-aydinliq-getirdi-vetendas-aqressiv-davranib\\\/\"]}]},{\"@type\":\"ImageObject\",\"inLanguage\":\"az\",\"@id\":\"https:\\\/\\\/www.meydan.tv\\\/az\\\/article\\\/din-goruntulere-aydinliq-getirdi-vetendas-aqressiv-davranib\\\/#primaryimage\",\"url\":\"https:\\\/\\\/www.meydan.tv\\\/wp-content\\\/uploads\\\/din-1.jpg\",\"contentUrl\":\"https:\\\/\\\/www.meydan.tv\\\/wp-content\\\/uploads\\\/din-1.jpg\",\"width\":1200,\"height\":800,\"caption\":\"Daxili \u0130\u015fl\u0259r Nazirliyi. Foto: D\u0130N\"},{\"@type\":\"BreadcrumbList\",\"@id\":\"https:\\\/\\\/www.meydan.tv\\\/az\\\/article\\\/din-goruntulere-aydinliq-getirdi-vetendas-aqressiv-davranib\\\/#breadcrumb\",\"itemListElement\":[{\"@type\":\"ListItem\",\"position\":1,\"name\":\"Ana s\u0259hif\u0259\",\"item\":\"https:\\\/\\\/www.meydan.tv\\\/az\\\/\"},{\"@type\":\"ListItem\",\"position\":2,\"name\":\"Sosial\",\"item\":\"https:\\\/\\\/www.meydan.tv\\\/az\\\/section\\\/sosial\\\/\"},{\"@type\":\"ListItem\",\"position\":3,\"name\":\"D\u0130N g\u00f6r\u00fcnt\u00fcl\u0259r\u0259 ayd\u0131nl\u0131q g\u0259tirdi: \u201cV\u0259t\u0259nda\u015f aqressiv davran\u0131b\u201d\"}]},{\"@type\":\"WebSite\",\"@id\":\"https:\\\/\\\/www.meydan.tv\\\/az\\\/#website\",\"url\":\"https:\\\/\\\/www.meydan.tv\\\/az\\\/\",\"name\":\"MEYDAN.TV\",\"description\":\"Meydan TV Az\u0259rbaycan\u0131n media m\u0259kan\u0131ndak\u0131 alternativ s\u0259sidir\",\"publisher\":{\"@id\":\"https:\\\/\\\/www.meydan.tv\\\/az\\\/#organization\"},\"potentialAction\":[{\"@type\":\"SearchAction\",\"target\":{\"@type\":\"EntryPoint\",\"urlTemplate\":\"https:\\\/\\\/www.meydan.tv\\\/az\\\/?s={search_term_string}\"},\"query-input\":{\"@type\":\"PropertyValueSpecification\",\"valueRequired\":true,\"valueName\":\"search_term_string\"}}],\"inLanguage\":\"az\"},{\"@type\":\"Organization\",\"@id\":\"https:\\\/\\\/www.meydan.tv\\\/az\\\/#organization\",\"name\":\"Meydan TV\",\"url\":\"https:\\\/\\\/www.meydan.tv\\\/az\\\/\",\"logo\":{\"@type\":\"ImageObject\",\"inLanguage\":\"az\",\"@id\":\"https:\\\/\\\/www.meydan.tv\\\/az\\\/#\\\/schema\\\/logo\\\/image\\\/\",\"url\":\"https:\\\/\\\/www.meydan.tv\\\/wp-content\\\/uploads\\\/2021\\\/07\\\/meydan-logo.svg\",\"contentUrl\":\"https:\\\/\\\/www.meydan.tv\\\/wp-content\\\/uploads\\\/2021\\\/07\\\/meydan-logo.svg\",\"width\":195,\"height\":46,\"caption\":\"Meydan TV\"},\"image\":{\"@id\":\"https:\\\/\\\/www.meydan.tv\\\/az\\\/#\\\/schema\\\/logo\\\/image\\\/\"}},{\"@type\":\"Person\",\"@id\":\"https:\\\/\\\/www.meydan.tv\\\/az\\\/#\\\/schema\\\/person\\\/9cdbecf90d17180ce1dfbd95b08dcf47\",\"name\":\"elli\",\"sameAs\":[\"https:\\\/\\\/x.com\\\/elli\"]}]}<\/script>\n<!-- \/ Yoast SEO plugin. -->","yoast_head_json":{"title":"D\u0130N g\u00f6r\u00fcnt\u00fcl\u0259r\u0259 ayd\u0131nl\u0131q g\u0259tirdi: \u201cV\u0259t\u0259nda\u015f aqressiv davran\u0131b\u201d - MEYDAN.TV","description":"D\u0130N-in M\u0259tbuat Xidm\u0259ti polis \u0259m\u0259kda\u015f\u0131n\u0131n v\u0259t\u0259nda\u015f\u0131n cibin\u0259 narkotik atd\u0131\u011f\u0131 iddia edil\u0259n g\u00f6r\u00fcnt\u00fcl\u0259rin 5 il \u0259vv\u0259l\u0259 aid oldu\u011funu deyir.","robots":{"index":"index","follow":"follow","max-snippet":"max-snippet:-1","max-image-preview":"max-image-preview:large","max-video-preview":"max-video-preview:-1"},"canonical":"https:\/\/www.meydan.tv\/az\/article\/din-goruntulere-aydinliq-getirdi-vetendas-aqressiv-davranib\/","og_locale":"az_AZ","og_type":"article","og_title":"D\u0130N g\u00f6r\u00fcnt\u00fcl\u0259r\u0259 ayd\u0131nl\u0131q g\u0259tirdi: \u201cV\u0259t\u0259nda\u015f aqressiv davran\u0131b\u201d - MEYDAN.TV","og_description":"D\u0130N-in M\u0259tbuat Xidm\u0259ti polis \u0259m\u0259kda\u015f\u0131n\u0131n v\u0259t\u0259nda\u015f\u0131n cibin\u0259 narkotik atd\u0131\u011f\u0131 iddia edil\u0259n g\u00f6r\u00fcnt\u00fcl\u0259rin 5 il \u0259vv\u0259l\u0259 aid oldu\u011funu deyir.","og_url":"https:\/\/www.meydan.tv\/az\/article\/din-goruntulere-aydinliq-getirdi-vetendas-aqressiv-davranib\/","og_site_name":"MEYDAN.TV","article_published_time":"2024-07-17T08:47:46+00:00","article_modified_time":"2024-07-17T08:47:49+00:00","og_image":[{"width":1200,"height":800,"url":"https:\/\/www.meydan.tv\/wp-content\/uploads\/din-1.jpg","type":"image\/jpeg"}],"author":"elli","twitter_card":"summary_large_image","twitter_creator":"@elli","schema":{"@context":"https:\/\/schema.org","@graph":[{"@type":"Article","@id":"https:\/\/www.meydan.tv\/az\/article\/din-goruntulere-aydinliq-getirdi-vetendas-aqressiv-davranib\/#article","isPartOf":{"@id":"https:\/\/www.meydan.tv\/az\/article\/din-goruntulere-aydinliq-getirdi-vetendas-aqressiv-davranib\/"},"author":{"name":"elli","@id":"https:\/\/www.meydan.tv\/az\/#\/schema\/person\/9cdbecf90d17180ce1dfbd95b08dcf47"},"headline":"D\u0130N g\u00f6r\u00fcnt\u00fcl\u0259r\u0259 ayd\u0131nl\u0131q g\u0259tirdi: \u201cV\u0259t\u0259nda\u015f aqressiv davran\u0131b\u201d","datePublished":"2024-07-17T08:47:46+00:00","dateModified":"2024-07-17T08:47:49+00:00","mainEntityOfPage":{"@id":"https:\/\/www.meydan.tv\/az\/article\/din-goruntulere-aydinliq-getirdi-vetendas-aqressiv-davranib\/"},"wordCount":373,"publisher":{"@id":"https:\/\/www.meydan.tv\/az\/#organization"},"image":{"@id":"https:\/\/www.meydan.tv\/az\/article\/din-goruntulere-aydinliq-getirdi-vetendas-aqressiv-davranib\/#primaryimage"},"thumbnailUrl":"https:\/\/www.meydan.tv\/wp-content\/uploads\/din-1.jpg","articleSection":["Sosial","X\u0259b\u0259rl\u0259r"],"inLanguage":"az"},{"@type":"WebPage","@id":"https:\/\/www.meydan.tv\/az\/article\/din-goruntulere-aydinliq-getirdi-vetendas-aqressiv-davranib\/","url":"https:\/\/www.meydan.tv\/az\/article\/din-goruntulere-aydinliq-getirdi-vetendas-aqressiv-davranib\/","name":"D\u0130N g\u00f6r\u00fcnt\u00fcl\u0259r\u0259 ayd\u0131nl\u0131q g\u0259tirdi: \u201cV\u0259t\u0259nda\u015f aqressiv davran\u0131b\u201d - MEYDAN.TV","isPartOf":{"@id":"https:\/\/www.meydan.tv\/az\/#website"},"primaryImageOfPage":{"@id":"https:\/\/www.meydan.tv\/az\/article\/din-goruntulere-aydinliq-getirdi-vetendas-aqressiv-davranib\/#primaryimage"},"image":{"@id":"https:\/\/www.meydan.tv\/az\/article\/din-goruntulere-aydinliq-getirdi-vetendas-aqressiv-davranib\/#primaryimage"},"thumbnailUrl":"https:\/\/www.meydan.tv\/wp-content\/uploads\/din-1.jpg","datePublished":"2024-07-17T08:47:46+00:00","dateModified":"2024-07-17T08:47:49+00:00","description":"D\u0130N-in M\u0259tbuat Xidm\u0259ti polis \u0259m\u0259kda\u015f\u0131n\u0131n v\u0259t\u0259nda\u015f\u0131n cibin\u0259 narkotik atd\u0131\u011f\u0131 iddia edil\u0259n g\u00f6r\u00fcnt\u00fcl\u0259rin 5 il \u0259vv\u0259l\u0259 aid oldu\u011funu deyir.","breadcrumb":{"@id":"https:\/\/www.meydan.tv\/az\/article\/din-goruntulere-aydinliq-getirdi-vetendas-aqressiv-davranib\/#breadcrumb"},"inLanguage":"az","potentialAction":[{"@type":"ReadAction","target":["https:\/\/www.meydan.tv\/az\/article\/din-goruntulere-aydinliq-getirdi-vetendas-aqressiv-davranib\/"]}]},{"@type":"ImageObject","inLanguage":"az","@id":"https:\/\/www.meydan.tv\/az\/article\/din-goruntulere-aydinliq-getirdi-vetendas-aqressiv-davranib\/#primaryimage","url":"https:\/\/www.meydan.tv\/wp-content\/uploads\/din-1.jpg","contentUrl":"https:\/\/www.meydan.tv\/wp-content\/uploads\/din-1.jpg","width":1200,"height":800,"caption":"Daxili \u0130\u015fl\u0259r Nazirliyi. Foto: D\u0130N"},{"@type":"BreadcrumbList","@id":"https:\/\/www.meydan.tv\/az\/article\/din-goruntulere-aydinliq-getirdi-vetendas-aqressiv-davranib\/#breadcrumb","itemListElement":[{"@type":"ListItem","position":1,"name":"Ana s\u0259hif\u0259","item":"https:\/\/www.meydan.tv\/az\/"},{"@type":"ListItem","position":2,"name":"Sosial","item":"https:\/\/www.meydan.tv\/az\/section\/sosial\/"},{"@type":"ListItem","position":3,"name":"D\u0130N g\u00f6r\u00fcnt\u00fcl\u0259r\u0259 ayd\u0131nl\u0131q g\u0259tirdi: \u201cV\u0259t\u0259nda\u015f aqressiv davran\u0131b\u201d"}]},{"@type":"WebSite","@id":"https:\/\/www.meydan.tv\/az\/#website","url":"https:\/\/www.meydan.tv\/az\/","name":"MEYDAN.TV","description":"Meydan TV Az\u0259rbaycan\u0131n media m\u0259kan\u0131ndak\u0131 alternativ s\u0259sidir","publisher":{"@id":"https:\/\/www.meydan.tv\/az\/#organization"},"potentialAction":[{"@type":"SearchAction","target":{"@type":"EntryPoint","urlTemplate":"https:\/\/www.meydan.tv\/az\/?s={search_term_string}"},"query-input":{"@type":"PropertyValueSpecification","valueRequired":true,"valueName":"search_term_string"}}],"inLanguage":"az"},{"@type":"Organization","@id":"https:\/\/www.meydan.tv\/az\/#organization","name":"Meydan TV","url":"https:\/\/www.meydan.tv\/az\/","logo":{"@type":"ImageObject","inLanguage":"az","@id":"https:\/\/www.meydan.tv\/az\/#\/schema\/logo\/image\/","url":"https:\/\/www.meydan.tv\/wp-content\/uploads\/2021\/07\/meydan-logo.svg","contentUrl":"https:\/\/www.meydan.tv\/wp-content\/uploads\/2021\/07\/meydan-logo.svg","width":195,"height":46,"caption":"Meydan TV"},"image":{"@id":"https:\/\/www.meydan.tv\/az\/#\/schema\/logo\/image\/"}},{"@type":"Person","@id":"https:\/\/www.meydan.tv\/az\/#\/schema\/person\/9cdbecf90d17180ce1dfbd95b08dcf47","name":"elli","sameAs":["https:\/\/x.com\/elli"]}]}},"_links":{"self":[{"href":"https:\/\/www.meydan.tv\/az\/wp-json\/wp\/v2\/posts\/310454","targetHints":{"allow":["GET"]}}],"collection":[{"href":"https:\/\/www.meydan.tv\/az\/wp-json\/wp\/v2\/posts"}],"about":[{"href":"https:\/\/www.meydan.tv\/az\/wp-json\/wp\/v2\/types\/post"}],"author":[{"embeddable":true,"href":"https:\/\/www.meydan.tv\/az\/wp-json\/wp\/v2\/users\/8"}],"replies":[{"embeddable":true,"href":"https:\/\/www.meydan.tv\/az\/wp-json\/wp\/v2\/comments?post=310454"}],"version-history":[{"count":4,"href":"https:\/\/www.meydan.tv\/az\/wp-json\/wp\/v2\/posts\/310454\/revisions"}],"predecessor-version":[{"id":310457,"href":"https:\/\/www.meydan.tv\/az\/wp-json\/wp\/v2\/posts\/310454\/revisions\/310457"}],"wp:featuredmedia":[{"embeddable":true,"href":"https:\/\/www.meydan.tv\/az\/wp-json\/wp\/v2\/media\/294906"}],"wp:attachment":[{"href":"https:\/\/www.meydan.tv\/az\/wp-json\/wp\/v2\/media?parent=310454"}],"wp:term":[{"taxonomy":"category","embeddable":true,"href":"https:\/\/www.meydan.tv\/az\/wp-json\/wp\/v2\/categories?post=310454"},{"taxonomy":"post_tag","embeddable":true,"href":"https:\/\/www.meydan.tv\/az\/wp-json\/wp\/v2\/tags?post=310454"}],"curies":[{"name":"wp","href":"https:\/\/api.w.org\/{rel}","templated":true}]}}