{"id":310437,"date":"2024-07-17T11:49:11","date_gmt":"2024-07-17T07:49:11","guid":{"rendered":"https:\/\/www.meydan.tv\/?p=310437"},"modified":"2024-07-17T11:49:13","modified_gmt":"2024-07-17T07:49:13","slug":"samaxida-toyda-kutlevi-zeherlenme-oldugu-bildirilir","status":"publish","type":"post","link":"https:\/\/www.meydan.tv\/az\/article\/samaxida-toyda-kutlevi-zeherlenme-oldugu-bildirilir\/","title":{"rendered":"\u015eamax\u0131da toyda k\u00fctl\u0259vi z\u0259h\u0259rl\u0259nm\u0259 oldu\u011fu bildirilir"},"content":{"rendered":"\n<p><\/p>\n\n\n\n<p><strong><em>Z\u0259h\u0259rl\u0259n\u0259nl\u0259rin 5-i azya\u015fl\u0131d\u0131r<\/em><\/strong><\/p>\n\n\n\n<p>\u0130yulun 16-da \u015eamax\u0131 rayonunun M\u0259lik\u00e7obanl\u0131 k\u0259ndind\u0259 z\u0259h\u0259rl\u0259nm\u0259 diaqnozu il\u0259 x\u0259st\u0259xanaya apar\u0131lan \u015f\u0259xsl\u0259rin ham\u0131s\u0131 ev\u0259 burax\u0131l\u0131b.<\/p>\n\n\n\n<p>Toy zaman\u0131 k\u00fctl\u0259vi z\u0259h\u0259rl\u0259nm\u0259 ba\u015f verdiyi bildirilir.<\/p>\n\n\n\n<p>Tibbi \u018frazi B\u00f6lm\u0259l\u0259rini \u0130dar\u0259etm\u0259 Birliyinin (T\u018fB\u0130B) yayd\u0131\u011f\u0131 m\u0259lumata g\u00f6r\u0259, z\u0259h\u0259rl\u0259nm\u0259 \u015f\u00fcbh\u0259si il\u0259 21 n\u0259f\u0259r \u015eamax\u0131 Rayon M\u0259rk\u0259zi X\u0259st\u0259xanas\u0131na hospitalizasiya olunub, onlardan be\u015fi azya\u015fl\u0131d\u0131r.<\/p>\n\n\n\n<p>T\u018fB\u0130B-d\u0259n bildirilib ki, hospitalizasiya olunan \u015f\u0259xsl\u0259rin h\u0259r birin\u0259 z\u0259ruri tibbi yard\u0131m g\u00f6st\u0259rilib v\u0259 ambulator m\u00fcalic\u0259 \u00fc\u00e7\u00fcn ev\u0259 burax\u0131l\u0131b.<\/p>\n\n\n\n<p>Az\u0259rbaycan Qida T\u0259hl\u00fck\u0259sizliyi Agentliyi is\u0259 h\u0259y\u0259tyan\u0131 sah\u0259d\u0259 t\u0259\u015fkil olunmu\u015f toy m\u0259rasimind\u0259 istehlak edil\u0259n qida m\u0259hsullar\u0131ndan n\u00fcmun\u0259l\u0259r g\u00f6t\u00fcr\u00fcl\u0259r\u0259k laborator m\u00fcayin\u0259l\u0259r\u0259 g\u00f6nd\u0259rildiyi haqda m\u0259lumat yay\u0131b.<\/p>\n\n\n\n<p>Meydan TV z\u0259r\u0259r\u00e7\u0259k\u0259nl\u0259rl\u0259 \u0259laq\u0259 saxlaya bilm\u0259yib.<\/p>\n","protected":false},"excerpt":{"rendered":"<p>Z\u0259h\u0259rl\u0259n\u0259nl\u0259rin 5-i azya\u015fl\u0131d\u0131r \u0130yulun 16-da \u015eamax\u0131 rayonunun M\u0259lik\u00e7obanl\u0131 k\u0259ndind\u0259 z\u0259h\u0259rl\u0259nm\u0259 &#8230; <\/p>\n<p class=\"read-more-container\"><a title=\"\u015eamax\u0131da toyda k\u00fctl\u0259vi z\u0259h\u0259rl\u0259nm\u0259 oldu\u011fu bildirilir\" class=\"read-more button\" href=\"https:\/\/www.meydan.tv\/az\/article\/samaxida-toyda-kutlevi-zeherlenme-oldugu-bildirilir\/#more-310437\" aria-label=\"Read more about \u015eamax\u0131da toyda k\u00fctl\u0259vi z\u0259h\u0259rl\u0259nm\u0259 oldu\u011fu bildirilir\">Davam\u0131<\/a><\/p>\n","protected":false},"author":8,"featured_media":235283,"comment_status":"closed","ping_status":"closed","sticky":false,"template":"","format":"standard","meta":{"_acf_changed":false,"_sitemap_exclude":false,"_sitemap_priority":"","_sitemap_frequency":"","footnotes":""},"categories":[60,79,56],"tags":[],"class_list":["post-310437","post","type-post","status-publish","format-standard","has-post-thumbnail","hentry","category-bolge","category-featured","category-xeberler","infinite-scroll-item","generate-columns","tablet-grid-50","mobile-grid-100","grid-parent","grid-33","no-featured-image-padding"],"acf":[],"yoast_head":"<!-- This site is optimized with the Yoast SEO plugin v27.4 - https:\/\/yoast.com\/product\/yoast-seo-wordpress\/ -->\n<title>\u015eamax\u0131da toyda k\u00fctl\u0259vi z\u0259h\u0259rl\u0259nm\u0259 oldu\u011fu bildirilir - MEYDAN.TV<\/title>\n<meta name=\"description\" content=\"\u0130yulun 16-da \u015eamax\u0131 rayonunun M\u0259lik\u00e7obanl\u0131 k\u0259ndind\u0259 z\u0259h\u0259rl\u0259nm\u0259 diaqnozu il\u0259 x\u0259st\u0259xanaya apar\u0131lan \u015f\u0259xsl\u0259rin ham\u0131s\u0131 ev\u0259 burax\u0131l\u0131b.\" \/>\n<meta name=\"robots\" content=\"index, follow, max-snippet:-1, max-image-preview:large, max-video-preview:-1\" \/>\n<link rel=\"canonical\" href=\"https:\/\/www.meydan.tv\/az\/article\/samaxida-toyda-kutlevi-zeherlenme-oldugu-bildirilir\/\" \/>\n<meta property=\"og:locale\" content=\"az_AZ\" \/>\n<meta property=\"og:type\" content=\"article\" \/>\n<meta property=\"og:title\" content=\"\u015eamax\u0131da toyda k\u00fctl\u0259vi z\u0259h\u0259rl\u0259nm\u0259 oldu\u011fu bildirilir - MEYDAN.TV\" \/>\n<meta property=\"og:description\" content=\"\u0130yulun 16-da \u015eamax\u0131 rayonunun M\u0259lik\u00e7obanl\u0131 k\u0259ndind\u0259 z\u0259h\u0259rl\u0259nm\u0259 diaqnozu il\u0259 x\u0259st\u0259xanaya apar\u0131lan \u015f\u0259xsl\u0259rin ham\u0131s\u0131 ev\u0259 burax\u0131l\u0131b.\" \/>\n<meta property=\"og:url\" content=\"https:\/\/www.meydan.tv\/az\/article\/samaxida-toyda-kutlevi-zeherlenme-oldugu-bildirilir\/\" \/>\n<meta property=\"og:site_name\" content=\"MEYDAN.TV\" \/>\n<meta property=\"article:published_time\" content=\"2024-07-17T07:49:11+00:00\" \/>\n<meta property=\"article:modified_time\" content=\"2024-07-17T07:49:13+00:00\" \/>\n<meta property=\"og:image\" content=\"https:\/\/www.meydan.tv\/wp-content\/uploads\/shutterstock_1084598240.jpg\" \/>\n\t<meta property=\"og:image:width\" content=\"1200\" \/>\n\t<meta property=\"og:image:height\" content=\"675\" \/>\n\t<meta property=\"og:image:type\" content=\"image\/jpeg\" \/>\n<meta name=\"author\" content=\"elli\" \/>\n<meta name=\"twitter:card\" content=\"summary_large_image\" \/>\n<meta name=\"twitter:creator\" content=\"@elli\" \/>\n<script type=\"application\/ld+json\" class=\"yoast-schema-graph\">{\"@context\":\"https:\\\/\\\/schema.org\",\"@graph\":[{\"@type\":\"Article\",\"@id\":\"https:\\\/\\\/www.meydan.tv\\\/az\\\/article\\\/samaxida-toyda-kutlevi-zeherlenme-oldugu-bildirilir\\\/#article\",\"isPartOf\":{\"@id\":\"https:\\\/\\\/www.meydan.tv\\\/az\\\/article\\\/samaxida-toyda-kutlevi-zeherlenme-oldugu-bildirilir\\\/\"},\"author\":{\"name\":\"elli\",\"@id\":\"https:\\\/\\\/www.meydan.tv\\\/az\\\/#\\\/schema\\\/person\\\/9cdbecf90d17180ce1dfbd95b08dcf47\"},\"headline\":\"\u015eamax\u0131da toyda k\u00fctl\u0259vi z\u0259h\u0259rl\u0259nm\u0259 oldu\u011fu bildirilir\",\"datePublished\":\"2024-07-17T07:49:11+00:00\",\"dateModified\":\"2024-07-17T07:49:13+00:00\",\"mainEntityOfPage\":{\"@id\":\"https:\\\/\\\/www.meydan.tv\\\/az\\\/article\\\/samaxida-toyda-kutlevi-zeherlenme-oldugu-bildirilir\\\/\"},\"wordCount\":201,\"publisher\":{\"@id\":\"https:\\\/\\\/www.meydan.tv\\\/az\\\/#organization\"},\"image\":{\"@id\":\"https:\\\/\\\/www.meydan.tv\\\/az\\\/article\\\/samaxida-toyda-kutlevi-zeherlenme-oldugu-bildirilir\\\/#primaryimage\"},\"thumbnailUrl\":\"https:\\\/\\\/www.meydan.tv\\\/wp-content\\\/uploads\\\/shutterstock_1084598240.jpg\",\"articleSection\":[\"B\u00f6lg\u0259\",\"T\u00f6vsiy\u0259\",\"X\u0259b\u0259rl\u0259r\"],\"inLanguage\":\"az\"},{\"@type\":\"WebPage\",\"@id\":\"https:\\\/\\\/www.meydan.tv\\\/az\\\/article\\\/samaxida-toyda-kutlevi-zeherlenme-oldugu-bildirilir\\\/\",\"url\":\"https:\\\/\\\/www.meydan.tv\\\/az\\\/article\\\/samaxida-toyda-kutlevi-zeherlenme-oldugu-bildirilir\\\/\",\"name\":\"\u015eamax\u0131da toyda k\u00fctl\u0259vi z\u0259h\u0259rl\u0259nm\u0259 oldu\u011fu bildirilir - MEYDAN.TV\",\"isPartOf\":{\"@id\":\"https:\\\/\\\/www.meydan.tv\\\/az\\\/#website\"},\"primaryImageOfPage\":{\"@id\":\"https:\\\/\\\/www.meydan.tv\\\/az\\\/article\\\/samaxida-toyda-kutlevi-zeherlenme-oldugu-bildirilir\\\/#primaryimage\"},\"image\":{\"@id\":\"https:\\\/\\\/www.meydan.tv\\\/az\\\/article\\\/samaxida-toyda-kutlevi-zeherlenme-oldugu-bildirilir\\\/#primaryimage\"},\"thumbnailUrl\":\"https:\\\/\\\/www.meydan.tv\\\/wp-content\\\/uploads\\\/shutterstock_1084598240.jpg\",\"datePublished\":\"2024-07-17T07:49:11+00:00\",\"dateModified\":\"2024-07-17T07:49:13+00:00\",\"description\":\"\u0130yulun 16-da \u015eamax\u0131 rayonunun M\u0259lik\u00e7obanl\u0131 k\u0259ndind\u0259 z\u0259h\u0259rl\u0259nm\u0259 diaqnozu il\u0259 x\u0259st\u0259xanaya apar\u0131lan \u015f\u0259xsl\u0259rin ham\u0131s\u0131 ev\u0259 burax\u0131l\u0131b.\",\"breadcrumb\":{\"@id\":\"https:\\\/\\\/www.meydan.tv\\\/az\\\/article\\\/samaxida-toyda-kutlevi-zeherlenme-oldugu-bildirilir\\\/#breadcrumb\"},\"inLanguage\":\"az\",\"potentialAction\":[{\"@type\":\"ReadAction\",\"target\":[\"https:\\\/\\\/www.meydan.tv\\\/az\\\/article\\\/samaxida-toyda-kutlevi-zeherlenme-oldugu-bildirilir\\\/\"]}]},{\"@type\":\"ImageObject\",\"inLanguage\":\"az\",\"@id\":\"https:\\\/\\\/www.meydan.tv\\\/az\\\/article\\\/samaxida-toyda-kutlevi-zeherlenme-oldugu-bildirilir\\\/#primaryimage\",\"url\":\"https:\\\/\\\/www.meydan.tv\\\/wp-content\\\/uploads\\\/shutterstock_1084598240.jpg\",\"contentUrl\":\"https:\\\/\\\/www.meydan.tv\\\/wp-content\\\/uploads\\\/shutterstock_1084598240.jpg\",\"width\":1200,\"height\":675,\"caption\":\"\u015eamax\u0131 rayonu. Vastram\\\/shutterstock\"},{\"@type\":\"BreadcrumbList\",\"@id\":\"https:\\\/\\\/www.meydan.tv\\\/az\\\/article\\\/samaxida-toyda-kutlevi-zeherlenme-oldugu-bildirilir\\\/#breadcrumb\",\"itemListElement\":[{\"@type\":\"ListItem\",\"position\":1,\"name\":\"Ana s\u0259hif\u0259\",\"item\":\"https:\\\/\\\/www.meydan.tv\\\/az\\\/\"},{\"@type\":\"ListItem\",\"position\":2,\"name\":\"B\u00f6lg\u0259\",\"item\":\"https:\\\/\\\/www.meydan.tv\\\/az\\\/section\\\/bolge\\\/\"},{\"@type\":\"ListItem\",\"position\":3,\"name\":\"\u015eamax\u0131da toyda k\u00fctl\u0259vi z\u0259h\u0259rl\u0259nm\u0259 oldu\u011fu bildirilir\"}]},{\"@type\":\"WebSite\",\"@id\":\"https:\\\/\\\/www.meydan.tv\\\/az\\\/#website\",\"url\":\"https:\\\/\\\/www.meydan.tv\\\/az\\\/\",\"name\":\"MEYDAN.TV\",\"description\":\"Meydan TV Az\u0259rbaycan\u0131n media m\u0259kan\u0131ndak\u0131 alternativ s\u0259sidir\",\"publisher\":{\"@id\":\"https:\\\/\\\/www.meydan.tv\\\/az\\\/#organization\"},\"potentialAction\":[{\"@type\":\"SearchAction\",\"target\":{\"@type\":\"EntryPoint\",\"urlTemplate\":\"https:\\\/\\\/www.meydan.tv\\\/az\\\/?s={search_term_string}\"},\"query-input\":{\"@type\":\"PropertyValueSpecification\",\"valueRequired\":true,\"valueName\":\"search_term_string\"}}],\"inLanguage\":\"az\"},{\"@type\":\"Organization\",\"@id\":\"https:\\\/\\\/www.meydan.tv\\\/az\\\/#organization\",\"name\":\"Meydan TV\",\"url\":\"https:\\\/\\\/www.meydan.tv\\\/az\\\/\",\"logo\":{\"@type\":\"ImageObject\",\"inLanguage\":\"az\",\"@id\":\"https:\\\/\\\/www.meydan.tv\\\/az\\\/#\\\/schema\\\/logo\\\/image\\\/\",\"url\":\"https:\\\/\\\/www.meydan.tv\\\/wp-content\\\/uploads\\\/2021\\\/07\\\/meydan-logo.svg\",\"contentUrl\":\"https:\\\/\\\/www.meydan.tv\\\/wp-content\\\/uploads\\\/2021\\\/07\\\/meydan-logo.svg\",\"width\":195,\"height\":46,\"caption\":\"Meydan TV\"},\"image\":{\"@id\":\"https:\\\/\\\/www.meydan.tv\\\/az\\\/#\\\/schema\\\/logo\\\/image\\\/\"}},{\"@type\":\"Person\",\"@id\":\"https:\\\/\\\/www.meydan.tv\\\/az\\\/#\\\/schema\\\/person\\\/9cdbecf90d17180ce1dfbd95b08dcf47\",\"name\":\"elli\",\"sameAs\":[\"https:\\\/\\\/x.com\\\/elli\"]}]}<\/script>\n<!-- \/ Yoast SEO plugin. -->","yoast_head_json":{"title":"\u015eamax\u0131da toyda k\u00fctl\u0259vi z\u0259h\u0259rl\u0259nm\u0259 oldu\u011fu bildirilir - MEYDAN.TV","description":"\u0130yulun 16-da \u015eamax\u0131 rayonunun M\u0259lik\u00e7obanl\u0131 k\u0259ndind\u0259 z\u0259h\u0259rl\u0259nm\u0259 diaqnozu il\u0259 x\u0259st\u0259xanaya apar\u0131lan \u015f\u0259xsl\u0259rin ham\u0131s\u0131 ev\u0259 burax\u0131l\u0131b.","robots":{"index":"index","follow":"follow","max-snippet":"max-snippet:-1","max-image-preview":"max-image-preview:large","max-video-preview":"max-video-preview:-1"},"canonical":"https:\/\/www.meydan.tv\/az\/article\/samaxida-toyda-kutlevi-zeherlenme-oldugu-bildirilir\/","og_locale":"az_AZ","og_type":"article","og_title":"\u015eamax\u0131da toyda k\u00fctl\u0259vi z\u0259h\u0259rl\u0259nm\u0259 oldu\u011fu bildirilir - MEYDAN.TV","og_description":"\u0130yulun 16-da \u015eamax\u0131 rayonunun M\u0259lik\u00e7obanl\u0131 k\u0259ndind\u0259 z\u0259h\u0259rl\u0259nm\u0259 diaqnozu il\u0259 x\u0259st\u0259xanaya apar\u0131lan \u015f\u0259xsl\u0259rin ham\u0131s\u0131 ev\u0259 burax\u0131l\u0131b.","og_url":"https:\/\/www.meydan.tv\/az\/article\/samaxida-toyda-kutlevi-zeherlenme-oldugu-bildirilir\/","og_site_name":"MEYDAN.TV","article_published_time":"2024-07-17T07:49:11+00:00","article_modified_time":"2024-07-17T07:49:13+00:00","og_image":[{"width":1200,"height":675,"url":"https:\/\/www.meydan.tv\/wp-content\/uploads\/shutterstock_1084598240.jpg","type":"image\/jpeg"}],"author":"elli","twitter_card":"summary_large_image","twitter_creator":"@elli","schema":{"@context":"https:\/\/schema.org","@graph":[{"@type":"Article","@id":"https:\/\/www.meydan.tv\/az\/article\/samaxida-toyda-kutlevi-zeherlenme-oldugu-bildirilir\/#article","isPartOf":{"@id":"https:\/\/www.meydan.tv\/az\/article\/samaxida-toyda-kutlevi-zeherlenme-oldugu-bildirilir\/"},"author":{"name":"elli","@id":"https:\/\/www.meydan.tv\/az\/#\/schema\/person\/9cdbecf90d17180ce1dfbd95b08dcf47"},"headline":"\u015eamax\u0131da toyda k\u00fctl\u0259vi z\u0259h\u0259rl\u0259nm\u0259 oldu\u011fu bildirilir","datePublished":"2024-07-17T07:49:11+00:00","dateModified":"2024-07-17T07:49:13+00:00","mainEntityOfPage":{"@id":"https:\/\/www.meydan.tv\/az\/article\/samaxida-toyda-kutlevi-zeherlenme-oldugu-bildirilir\/"},"wordCount":201,"publisher":{"@id":"https:\/\/www.meydan.tv\/az\/#organization"},"image":{"@id":"https:\/\/www.meydan.tv\/az\/article\/samaxida-toyda-kutlevi-zeherlenme-oldugu-bildirilir\/#primaryimage"},"thumbnailUrl":"https:\/\/www.meydan.tv\/wp-content\/uploads\/shutterstock_1084598240.jpg","articleSection":["B\u00f6lg\u0259","T\u00f6vsiy\u0259","X\u0259b\u0259rl\u0259r"],"inLanguage":"az"},{"@type":"WebPage","@id":"https:\/\/www.meydan.tv\/az\/article\/samaxida-toyda-kutlevi-zeherlenme-oldugu-bildirilir\/","url":"https:\/\/www.meydan.tv\/az\/article\/samaxida-toyda-kutlevi-zeherlenme-oldugu-bildirilir\/","name":"\u015eamax\u0131da toyda k\u00fctl\u0259vi z\u0259h\u0259rl\u0259nm\u0259 oldu\u011fu bildirilir - MEYDAN.TV","isPartOf":{"@id":"https:\/\/www.meydan.tv\/az\/#website"},"primaryImageOfPage":{"@id":"https:\/\/www.meydan.tv\/az\/article\/samaxida-toyda-kutlevi-zeherlenme-oldugu-bildirilir\/#primaryimage"},"image":{"@id":"https:\/\/www.meydan.tv\/az\/article\/samaxida-toyda-kutlevi-zeherlenme-oldugu-bildirilir\/#primaryimage"},"thumbnailUrl":"https:\/\/www.meydan.tv\/wp-content\/uploads\/shutterstock_1084598240.jpg","datePublished":"2024-07-17T07:49:11+00:00","dateModified":"2024-07-17T07:49:13+00:00","description":"\u0130yulun 16-da \u015eamax\u0131 rayonunun M\u0259lik\u00e7obanl\u0131 k\u0259ndind\u0259 z\u0259h\u0259rl\u0259nm\u0259 diaqnozu il\u0259 x\u0259st\u0259xanaya apar\u0131lan \u015f\u0259xsl\u0259rin ham\u0131s\u0131 ev\u0259 burax\u0131l\u0131b.","breadcrumb":{"@id":"https:\/\/www.meydan.tv\/az\/article\/samaxida-toyda-kutlevi-zeherlenme-oldugu-bildirilir\/#breadcrumb"},"inLanguage":"az","potentialAction":[{"@type":"ReadAction","target":["https:\/\/www.meydan.tv\/az\/article\/samaxida-toyda-kutlevi-zeherlenme-oldugu-bildirilir\/"]}]},{"@type":"ImageObject","inLanguage":"az","@id":"https:\/\/www.meydan.tv\/az\/article\/samaxida-toyda-kutlevi-zeherlenme-oldugu-bildirilir\/#primaryimage","url":"https:\/\/www.meydan.tv\/wp-content\/uploads\/shutterstock_1084598240.jpg","contentUrl":"https:\/\/www.meydan.tv\/wp-content\/uploads\/shutterstock_1084598240.jpg","width":1200,"height":675,"caption":"\u015eamax\u0131 rayonu. Vastram\/shutterstock"},{"@type":"BreadcrumbList","@id":"https:\/\/www.meydan.tv\/az\/article\/samaxida-toyda-kutlevi-zeherlenme-oldugu-bildirilir\/#breadcrumb","itemListElement":[{"@type":"ListItem","position":1,"name":"Ana s\u0259hif\u0259","item":"https:\/\/www.meydan.tv\/az\/"},{"@type":"ListItem","position":2,"name":"B\u00f6lg\u0259","item":"https:\/\/www.meydan.tv\/az\/section\/bolge\/"},{"@type":"ListItem","position":3,"name":"\u015eamax\u0131da toyda k\u00fctl\u0259vi z\u0259h\u0259rl\u0259nm\u0259 oldu\u011fu bildirilir"}]},{"@type":"WebSite","@id":"https:\/\/www.meydan.tv\/az\/#website","url":"https:\/\/www.meydan.tv\/az\/","name":"MEYDAN.TV","description":"Meydan TV Az\u0259rbaycan\u0131n media m\u0259kan\u0131ndak\u0131 alternativ s\u0259sidir","publisher":{"@id":"https:\/\/www.meydan.tv\/az\/#organization"},"potentialAction":[{"@type":"SearchAction","target":{"@type":"EntryPoint","urlTemplate":"https:\/\/www.meydan.tv\/az\/?s={search_term_string}"},"query-input":{"@type":"PropertyValueSpecification","valueRequired":true,"valueName":"search_term_string"}}],"inLanguage":"az"},{"@type":"Organization","@id":"https:\/\/www.meydan.tv\/az\/#organization","name":"Meydan TV","url":"https:\/\/www.meydan.tv\/az\/","logo":{"@type":"ImageObject","inLanguage":"az","@id":"https:\/\/www.meydan.tv\/az\/#\/schema\/logo\/image\/","url":"https:\/\/www.meydan.tv\/wp-content\/uploads\/2021\/07\/meydan-logo.svg","contentUrl":"https:\/\/www.meydan.tv\/wp-content\/uploads\/2021\/07\/meydan-logo.svg","width":195,"height":46,"caption":"Meydan TV"},"image":{"@id":"https:\/\/www.meydan.tv\/az\/#\/schema\/logo\/image\/"}},{"@type":"Person","@id":"https:\/\/www.meydan.tv\/az\/#\/schema\/person\/9cdbecf90d17180ce1dfbd95b08dcf47","name":"elli","sameAs":["https:\/\/x.com\/elli"]}]}},"_links":{"self":[{"href":"https:\/\/www.meydan.tv\/az\/wp-json\/wp\/v2\/posts\/310437","targetHints":{"allow":["GET"]}}],"collection":[{"href":"https:\/\/www.meydan.tv\/az\/wp-json\/wp\/v2\/posts"}],"about":[{"href":"https:\/\/www.meydan.tv\/az\/wp-json\/wp\/v2\/types\/post"}],"author":[{"embeddable":true,"href":"https:\/\/www.meydan.tv\/az\/wp-json\/wp\/v2\/users\/8"}],"replies":[{"embeddable":true,"href":"https:\/\/www.meydan.tv\/az\/wp-json\/wp\/v2\/comments?post=310437"}],"version-history":[{"count":3,"href":"https:\/\/www.meydan.tv\/az\/wp-json\/wp\/v2\/posts\/310437\/revisions"}],"predecessor-version":[{"id":310440,"href":"https:\/\/www.meydan.tv\/az\/wp-json\/wp\/v2\/posts\/310437\/revisions\/310440"}],"wp:featuredmedia":[{"embeddable":true,"href":"https:\/\/www.meydan.tv\/az\/wp-json\/wp\/v2\/media\/235283"}],"wp:attachment":[{"href":"https:\/\/www.meydan.tv\/az\/wp-json\/wp\/v2\/media?parent=310437"}],"wp:term":[{"taxonomy":"category","embeddable":true,"href":"https:\/\/www.meydan.tv\/az\/wp-json\/wp\/v2\/categories?post=310437"},{"taxonomy":"post_tag","embeddable":true,"href":"https:\/\/www.meydan.tv\/az\/wp-json\/wp\/v2\/tags?post=310437"}],"curies":[{"name":"wp","href":"https:\/\/api.w.org\/{rel}","templated":true}]}}