{"id":310397,"date":"2024-07-16T17:38:37","date_gmt":"2024-07-16T13:38:37","guid":{"rendered":"https:\/\/www.meydan.tv\/?p=310397"},"modified":"2024-07-16T17:38:39","modified_gmt":"2024-07-16T13:38:39","slug":"avropa-mehkemesi-bextiyar-haciyevle-bagli-isi-arasdirmaga-baslayib","status":"publish","type":"post","link":"https:\/\/www.meydan.tv\/az\/article\/avropa-mehkemesi-bextiyar-haciyevle-bagli-isi-arasdirmaga-baslayib\/","title":{"rendered":"Avropa M\u0259hk\u0259m\u0259si B\u0259xtiyar Hac\u0131yevl\u0259 ba\u011fl\u0131 i\u015fi ara\u015fd\u0131rma\u011fa ba\u015flay\u0131b"},"content":{"rendered":"\n<p><\/p>\n\n\n\n<p><strong><em>Karantin qaydalar\u0131n\u0131 pozmaqda ittiham olunan \u015f\u0259xsin d\u0259 \u015fikay\u0259ti ara\u015fd\u0131r\u0131l\u0131r<\/em><\/strong><\/p>\n\n\n\n<p>Avropa \u0130nsan H\u00fcquqlar\u0131 M\u0259hk\u0259m\u0259si (A\u0130HM) COV\u0130D 19 m\u0259hdudiyy\u0259tl\u0259ri il\u0259 ba\u011fl\u0131 Az\u0259rbaycandan g\u00f6nd\u0259rilmi\u015f \u015fikay\u0259ti ara\u015fd\u0131rma\u011fa ba\u015flay\u0131b.<\/p>\n\n\n\n<p>\u015eikay\u0259t\u00e7il\u0259rd\u0259n F\u0259rrux \u018fliyev 2020-ci ild\u0259 karantin qaydalar\u0131n\u0131n pozulmas\u0131 \u0259sas\u0131 il\u0259 1 ayl\u0131\u011fa inzibati h\u0259bs edilib. He\u00e7 bir r\u0259smi q\u0259rar olmadan onun iki mobil telefonu da m\u00fcst\u0259ntiql\u0259r t\u0259r\u0259find\u0259n g\u00f6t\u00fcr\u00fcl\u00fcb.<\/p>\n\n\n<div class=\"wp-block-image\">\n<figure class=\"alignright size-full is-resized\"><img decoding=\"async\" width=\"1200\" height=\"798\" data-src=\"https:\/\/www.meydan.tv\/wp-content\/uploads\/shutterstock_261407981.jpg\" alt=\"\" class=\"wp-image-227177 lazyload\" style=\"--smush-placeholder-width: 1200px; --smush-placeholder-aspect-ratio: 1200\/798;width:345px;height:auto\" src=\"data:image\/svg+xml;base64,PHN2ZyB3aWR0aD0iMSIgaGVpZ2h0PSIxIiB4bWxucz0iaHR0cDovL3d3dy53My5vcmcvMjAwMC9zdmciPjwvc3ZnPg==\" \/><figcaption class=\"wp-element-caption\">Avropa M\u0259hk\u0259m\u0259si, Foto: By symbiot\/Shutterstock<\/figcaption><\/figure>\n<\/div>\n\n\n<p>\u018friz\u0259\u00e7i A\u0130HM-d\u0259 milli m\u0259hk\u0259m\u0259l\u0259rin \u00f6z q\u0259rarlar\u0131n\u0131 \u0259sasland\u0131rmad\u0131\u011f\u0131n\u0131, ona pulsuz h\u00fcquqi yard\u0131m edilm\u0259diyini, mobil telefonlar\u0131n\u0131n g\u00f6t\u00fcrl\u00fcm\u0259si il\u0259 \u015f\u0259xsi h\u0259yata h\u00f6rm\u0259t h\u00fcququna m\u00fcdaxil\u0259 olundu\u011funu iddia edib.<\/p>\n\n\n\n<p>A\u0130HM 2022-ci ilin sonunda h\u0259bs edilmi\u015f ictimai f\u0259al B\u0259xtiyar Hac\u0131yevin i\u015fini d\u0259 inc\u0259l\u0259m\u0259y\u0259 ba\u015flay\u0131b. Saxlan\u0131l\u0131b, h\u0259bs edil\u0259n Hac\u0131yevin, habel\u0259, onun i\u015fi il\u0259 \u0259laq\u0259dar olaraq, \u015e.\u018flixanovan\u0131n evind\u0259 axtar\u0131\u015f v\u0259 g\u00f6t\u00fcrm\u0259 apar\u0131l\u0131b. H\u0259r iki \u0259riz\u0259\u00e7i axtar\u0131\u015f v\u0259 g\u00f6t\u00fcrm\u0259nin qanunsuzlu\u011funu iddia edib. B.Hac\u0131yev h\u0259m\u00e7inin, azadl\u0131q v\u0259 toxunulmazl\u0131q h\u00fcququna qanunsuz m\u00fcdaxil\u0259 edilm\u0259sind\u0259n \u015fikay\u0259t edib.<\/p>\n","protected":false},"excerpt":{"rendered":"<p>Karantin qaydalar\u0131n\u0131 pozmaqda ittiham olunan \u015f\u0259xsin d\u0259 \u015fikay\u0259ti ara\u015fd\u0131r\u0131l\u0131r Avropa &#8230; <\/p>\n<p class=\"read-more-container\"><a title=\"Avropa M\u0259hk\u0259m\u0259si B\u0259xtiyar Hac\u0131yevl\u0259 ba\u011fl\u0131 i\u015fi ara\u015fd\u0131rma\u011fa ba\u015flay\u0131b\" class=\"read-more button\" href=\"https:\/\/www.meydan.tv\/az\/article\/avropa-mehkemesi-bextiyar-haciyevle-bagli-isi-arasdirmaga-baslayib\/#more-310397\" aria-label=\"Read more about Avropa M\u0259hk\u0259m\u0259si B\u0259xtiyar Hac\u0131yevl\u0259 ba\u011fl\u0131 i\u015fi ara\u015fd\u0131rma\u011fa ba\u015flay\u0131b\">Davam\u0131<\/a><\/p>\n","protected":false},"author":8,"featured_media":307239,"comment_status":"closed","ping_status":"closed","sticky":false,"template":"","format":"standard","meta":{"_acf_changed":false,"_sitemap_exclude":false,"_sitemap_priority":"","_sitemap_frequency":"","footnotes":""},"categories":[59,56],"tags":[],"class_list":["post-310397","post","type-post","status-publish","format-standard","has-post-thumbnail","hentry","category-siyaset","category-xeberler","infinite-scroll-item","generate-columns","tablet-grid-50","mobile-grid-100","grid-parent","grid-33","no-featured-image-padding"],"acf":[],"yoast_head":"<!-- This site is optimized with the Yoast SEO plugin v27.4 - https:\/\/yoast.com\/product\/yoast-seo-wordpress\/ -->\n<title>A\u0130HM B\u0259xtiyar Hac\u0131yevl\u0259 ba\u011fl\u0131 i\u015fi ara\u015fd\u0131rma\u011fa ba\u015flay\u0131b<\/title>\n<meta name=\"description\" content=\"Avropa \u0130nsan H\u00fcquqlar\u0131 M\u0259hk\u0259m\u0259si (A\u0130HM) COV\u0130D 19 m\u0259hdudiyy\u0259tl\u0259ri il\u0259 ba\u011fl\u0131 Az\u0259rbaycandan g\u00f6nd\u0259rilmi\u015f \u015fikay\u0259ti ara\u015fd\u0131rma\u011fa ba\u015flay\u0131b.\" \/>\n<meta name=\"robots\" content=\"index, follow, max-snippet:-1, max-image-preview:large, max-video-preview:-1\" \/>\n<link rel=\"canonical\" href=\"https:\/\/www.meydan.tv\/az\/article\/avropa-mehkemesi-bextiyar-haciyevle-bagli-isi-arasdirmaga-baslayib\/\" \/>\n<meta property=\"og:locale\" content=\"az_AZ\" \/>\n<meta property=\"og:type\" content=\"article\" \/>\n<meta property=\"og:title\" content=\"A\u0130HM B\u0259xtiyar Hac\u0131yevl\u0259 ba\u011fl\u0131 i\u015fi ara\u015fd\u0131rma\u011fa ba\u015flay\u0131b\" \/>\n<meta property=\"og:description\" content=\"Avropa \u0130nsan H\u00fcquqlar\u0131 M\u0259hk\u0259m\u0259si (A\u0130HM) COV\u0130D 19 m\u0259hdudiyy\u0259tl\u0259ri il\u0259 ba\u011fl\u0131 Az\u0259rbaycandan g\u00f6nd\u0259rilmi\u015f \u015fikay\u0259ti ara\u015fd\u0131rma\u011fa ba\u015flay\u0131b.\" \/>\n<meta property=\"og:url\" content=\"https:\/\/www.meydan.tv\/az\/article\/avropa-mehkemesi-bextiyar-haciyevle-bagli-isi-arasdirmaga-baslayib\/\" \/>\n<meta property=\"og:site_name\" content=\"MEYDAN.TV\" \/>\n<meta property=\"article:published_time\" content=\"2024-07-16T13:38:37+00:00\" \/>\n<meta property=\"article:modified_time\" content=\"2024-07-16T13:38:39+00:00\" \/>\n<meta property=\"og:image\" content=\"https:\/\/www.meydan.tv\/wp-content\/uploads\/447209905_26349654191292175_2850149202688196262_n.jpg\" \/>\n\t<meta property=\"og:image:width\" content=\"1200\" \/>\n\t<meta property=\"og:image:height\" content=\"903\" \/>\n\t<meta property=\"og:image:type\" content=\"image\/jpeg\" \/>\n<meta name=\"author\" content=\"elli\" \/>\n<meta name=\"twitter:card\" content=\"summary_large_image\" \/>\n<meta name=\"twitter:creator\" content=\"@elli\" \/>\n<script type=\"application\/ld+json\" class=\"yoast-schema-graph\">{\"@context\":\"https:\\\/\\\/schema.org\",\"@graph\":[{\"@type\":\"Article\",\"@id\":\"https:\\\/\\\/www.meydan.tv\\\/az\\\/article\\\/avropa-mehkemesi-bextiyar-haciyevle-bagli-isi-arasdirmaga-baslayib\\\/#article\",\"isPartOf\":{\"@id\":\"https:\\\/\\\/www.meydan.tv\\\/az\\\/article\\\/avropa-mehkemesi-bextiyar-haciyevle-bagli-isi-arasdirmaga-baslayib\\\/\"},\"author\":{\"name\":\"elli\",\"@id\":\"https:\\\/\\\/www.meydan.tv\\\/az\\\/#\\\/schema\\\/person\\\/9cdbecf90d17180ce1dfbd95b08dcf47\"},\"headline\":\"Avropa M\u0259hk\u0259m\u0259si B\u0259xtiyar Hac\u0131yevl\u0259 ba\u011fl\u0131 i\u015fi ara\u015fd\u0131rma\u011fa ba\u015flay\u0131b\",\"datePublished\":\"2024-07-16T13:38:37+00:00\",\"dateModified\":\"2024-07-16T13:38:39+00:00\",\"mainEntityOfPage\":{\"@id\":\"https:\\\/\\\/www.meydan.tv\\\/az\\\/article\\\/avropa-mehkemesi-bextiyar-haciyevle-bagli-isi-arasdirmaga-baslayib\\\/\"},\"wordCount\":264,\"publisher\":{\"@id\":\"https:\\\/\\\/www.meydan.tv\\\/az\\\/#organization\"},\"image\":{\"@id\":\"https:\\\/\\\/www.meydan.tv\\\/az\\\/article\\\/avropa-mehkemesi-bextiyar-haciyevle-bagli-isi-arasdirmaga-baslayib\\\/#primaryimage\"},\"thumbnailUrl\":\"https:\\\/\\\/www.meydan.tv\\\/wp-content\\\/uploads\\\/447209905_26349654191292175_2850149202688196262_n.jpg\",\"articleSection\":[\"Siyas\u0259t\",\"X\u0259b\u0259rl\u0259r\"],\"inLanguage\":\"az\"},{\"@type\":\"WebPage\",\"@id\":\"https:\\\/\\\/www.meydan.tv\\\/az\\\/article\\\/avropa-mehkemesi-bextiyar-haciyevle-bagli-isi-arasdirmaga-baslayib\\\/\",\"url\":\"https:\\\/\\\/www.meydan.tv\\\/az\\\/article\\\/avropa-mehkemesi-bextiyar-haciyevle-bagli-isi-arasdirmaga-baslayib\\\/\",\"name\":\"A\u0130HM B\u0259xtiyar Hac\u0131yevl\u0259 ba\u011fl\u0131 i\u015fi ara\u015fd\u0131rma\u011fa ba\u015flay\u0131b\",\"isPartOf\":{\"@id\":\"https:\\\/\\\/www.meydan.tv\\\/az\\\/#website\"},\"primaryImageOfPage\":{\"@id\":\"https:\\\/\\\/www.meydan.tv\\\/az\\\/article\\\/avropa-mehkemesi-bextiyar-haciyevle-bagli-isi-arasdirmaga-baslayib\\\/#primaryimage\"},\"image\":{\"@id\":\"https:\\\/\\\/www.meydan.tv\\\/az\\\/article\\\/avropa-mehkemesi-bextiyar-haciyevle-bagli-isi-arasdirmaga-baslayib\\\/#primaryimage\"},\"thumbnailUrl\":\"https:\\\/\\\/www.meydan.tv\\\/wp-content\\\/uploads\\\/447209905_26349654191292175_2850149202688196262_n.jpg\",\"datePublished\":\"2024-07-16T13:38:37+00:00\",\"dateModified\":\"2024-07-16T13:38:39+00:00\",\"description\":\"Avropa \u0130nsan H\u00fcquqlar\u0131 M\u0259hk\u0259m\u0259si (A\u0130HM) COV\u0130D 19 m\u0259hdudiyy\u0259tl\u0259ri il\u0259 ba\u011fl\u0131 Az\u0259rbaycandan g\u00f6nd\u0259rilmi\u015f \u015fikay\u0259ti ara\u015fd\u0131rma\u011fa ba\u015flay\u0131b.\",\"breadcrumb\":{\"@id\":\"https:\\\/\\\/www.meydan.tv\\\/az\\\/article\\\/avropa-mehkemesi-bextiyar-haciyevle-bagli-isi-arasdirmaga-baslayib\\\/#breadcrumb\"},\"inLanguage\":\"az\",\"potentialAction\":[{\"@type\":\"ReadAction\",\"target\":[\"https:\\\/\\\/www.meydan.tv\\\/az\\\/article\\\/avropa-mehkemesi-bextiyar-haciyevle-bagli-isi-arasdirmaga-baslayib\\\/\"]}]},{\"@type\":\"ImageObject\",\"inLanguage\":\"az\",\"@id\":\"https:\\\/\\\/www.meydan.tv\\\/az\\\/article\\\/avropa-mehkemesi-bextiyar-haciyevle-bagli-isi-arasdirmaga-baslayib\\\/#primaryimage\",\"url\":\"https:\\\/\\\/www.meydan.tv\\\/wp-content\\\/uploads\\\/447209905_26349654191292175_2850149202688196262_n.jpg\",\"contentUrl\":\"https:\\\/\\\/www.meydan.tv\\\/wp-content\\\/uploads\\\/447209905_26349654191292175_2850149202688196262_n.jpg\",\"width\":1200,\"height\":903,\"caption\":\"B\u0259xtiyar Hac\u0131yev. Foto: Meydan TV\"},{\"@type\":\"BreadcrumbList\",\"@id\":\"https:\\\/\\\/www.meydan.tv\\\/az\\\/article\\\/avropa-mehkemesi-bextiyar-haciyevle-bagli-isi-arasdirmaga-baslayib\\\/#breadcrumb\",\"itemListElement\":[{\"@type\":\"ListItem\",\"position\":1,\"name\":\"Ana s\u0259hif\u0259\",\"item\":\"https:\\\/\\\/www.meydan.tv\\\/az\\\/\"},{\"@type\":\"ListItem\",\"position\":2,\"name\":\"Siyas\u0259t\",\"item\":\"https:\\\/\\\/www.meydan.tv\\\/az\\\/section\\\/siyaset\\\/\"},{\"@type\":\"ListItem\",\"position\":3,\"name\":\"Avropa M\u0259hk\u0259m\u0259si B\u0259xtiyar Hac\u0131yevl\u0259 ba\u011fl\u0131 i\u015fi ara\u015fd\u0131rma\u011fa ba\u015flay\u0131b\"}]},{\"@type\":\"WebSite\",\"@id\":\"https:\\\/\\\/www.meydan.tv\\\/az\\\/#website\",\"url\":\"https:\\\/\\\/www.meydan.tv\\\/az\\\/\",\"name\":\"MEYDAN.TV\",\"description\":\"Meydan TV Az\u0259rbaycan\u0131n media m\u0259kan\u0131ndak\u0131 alternativ s\u0259sidir\",\"publisher\":{\"@id\":\"https:\\\/\\\/www.meydan.tv\\\/az\\\/#organization\"},\"potentialAction\":[{\"@type\":\"SearchAction\",\"target\":{\"@type\":\"EntryPoint\",\"urlTemplate\":\"https:\\\/\\\/www.meydan.tv\\\/az\\\/?s={search_term_string}\"},\"query-input\":{\"@type\":\"PropertyValueSpecification\",\"valueRequired\":true,\"valueName\":\"search_term_string\"}}],\"inLanguage\":\"az\"},{\"@type\":\"Organization\",\"@id\":\"https:\\\/\\\/www.meydan.tv\\\/az\\\/#organization\",\"name\":\"Meydan TV\",\"url\":\"https:\\\/\\\/www.meydan.tv\\\/az\\\/\",\"logo\":{\"@type\":\"ImageObject\",\"inLanguage\":\"az\",\"@id\":\"https:\\\/\\\/www.meydan.tv\\\/az\\\/#\\\/schema\\\/logo\\\/image\\\/\",\"url\":\"https:\\\/\\\/www.meydan.tv\\\/wp-content\\\/uploads\\\/2021\\\/07\\\/meydan-logo.svg\",\"contentUrl\":\"https:\\\/\\\/www.meydan.tv\\\/wp-content\\\/uploads\\\/2021\\\/07\\\/meydan-logo.svg\",\"width\":195,\"height\":46,\"caption\":\"Meydan TV\"},\"image\":{\"@id\":\"https:\\\/\\\/www.meydan.tv\\\/az\\\/#\\\/schema\\\/logo\\\/image\\\/\"}},{\"@type\":\"Person\",\"@id\":\"https:\\\/\\\/www.meydan.tv\\\/az\\\/#\\\/schema\\\/person\\\/9cdbecf90d17180ce1dfbd95b08dcf47\",\"name\":\"elli\",\"sameAs\":[\"https:\\\/\\\/x.com\\\/elli\"]}]}<\/script>\n<!-- \/ Yoast SEO plugin. -->","yoast_head_json":{"title":"A\u0130HM B\u0259xtiyar Hac\u0131yevl\u0259 ba\u011fl\u0131 i\u015fi ara\u015fd\u0131rma\u011fa ba\u015flay\u0131b","description":"Avropa \u0130nsan H\u00fcquqlar\u0131 M\u0259hk\u0259m\u0259si (A\u0130HM) COV\u0130D 19 m\u0259hdudiyy\u0259tl\u0259ri il\u0259 ba\u011fl\u0131 Az\u0259rbaycandan g\u00f6nd\u0259rilmi\u015f \u015fikay\u0259ti ara\u015fd\u0131rma\u011fa ba\u015flay\u0131b.","robots":{"index":"index","follow":"follow","max-snippet":"max-snippet:-1","max-image-preview":"max-image-preview:large","max-video-preview":"max-video-preview:-1"},"canonical":"https:\/\/www.meydan.tv\/az\/article\/avropa-mehkemesi-bextiyar-haciyevle-bagli-isi-arasdirmaga-baslayib\/","og_locale":"az_AZ","og_type":"article","og_title":"A\u0130HM B\u0259xtiyar Hac\u0131yevl\u0259 ba\u011fl\u0131 i\u015fi ara\u015fd\u0131rma\u011fa ba\u015flay\u0131b","og_description":"Avropa \u0130nsan H\u00fcquqlar\u0131 M\u0259hk\u0259m\u0259si (A\u0130HM) COV\u0130D 19 m\u0259hdudiyy\u0259tl\u0259ri il\u0259 ba\u011fl\u0131 Az\u0259rbaycandan g\u00f6nd\u0259rilmi\u015f \u015fikay\u0259ti ara\u015fd\u0131rma\u011fa ba\u015flay\u0131b.","og_url":"https:\/\/www.meydan.tv\/az\/article\/avropa-mehkemesi-bextiyar-haciyevle-bagli-isi-arasdirmaga-baslayib\/","og_site_name":"MEYDAN.TV","article_published_time":"2024-07-16T13:38:37+00:00","article_modified_time":"2024-07-16T13:38:39+00:00","og_image":[{"width":1200,"height":903,"url":"https:\/\/www.meydan.tv\/wp-content\/uploads\/447209905_26349654191292175_2850149202688196262_n.jpg","type":"image\/jpeg"}],"author":"elli","twitter_card":"summary_large_image","twitter_creator":"@elli","schema":{"@context":"https:\/\/schema.org","@graph":[{"@type":"Article","@id":"https:\/\/www.meydan.tv\/az\/article\/avropa-mehkemesi-bextiyar-haciyevle-bagli-isi-arasdirmaga-baslayib\/#article","isPartOf":{"@id":"https:\/\/www.meydan.tv\/az\/article\/avropa-mehkemesi-bextiyar-haciyevle-bagli-isi-arasdirmaga-baslayib\/"},"author":{"name":"elli","@id":"https:\/\/www.meydan.tv\/az\/#\/schema\/person\/9cdbecf90d17180ce1dfbd95b08dcf47"},"headline":"Avropa M\u0259hk\u0259m\u0259si B\u0259xtiyar Hac\u0131yevl\u0259 ba\u011fl\u0131 i\u015fi ara\u015fd\u0131rma\u011fa ba\u015flay\u0131b","datePublished":"2024-07-16T13:38:37+00:00","dateModified":"2024-07-16T13:38:39+00:00","mainEntityOfPage":{"@id":"https:\/\/www.meydan.tv\/az\/article\/avropa-mehkemesi-bextiyar-haciyevle-bagli-isi-arasdirmaga-baslayib\/"},"wordCount":264,"publisher":{"@id":"https:\/\/www.meydan.tv\/az\/#organization"},"image":{"@id":"https:\/\/www.meydan.tv\/az\/article\/avropa-mehkemesi-bextiyar-haciyevle-bagli-isi-arasdirmaga-baslayib\/#primaryimage"},"thumbnailUrl":"https:\/\/www.meydan.tv\/wp-content\/uploads\/447209905_26349654191292175_2850149202688196262_n.jpg","articleSection":["Siyas\u0259t","X\u0259b\u0259rl\u0259r"],"inLanguage":"az"},{"@type":"WebPage","@id":"https:\/\/www.meydan.tv\/az\/article\/avropa-mehkemesi-bextiyar-haciyevle-bagli-isi-arasdirmaga-baslayib\/","url":"https:\/\/www.meydan.tv\/az\/article\/avropa-mehkemesi-bextiyar-haciyevle-bagli-isi-arasdirmaga-baslayib\/","name":"A\u0130HM B\u0259xtiyar Hac\u0131yevl\u0259 ba\u011fl\u0131 i\u015fi ara\u015fd\u0131rma\u011fa ba\u015flay\u0131b","isPartOf":{"@id":"https:\/\/www.meydan.tv\/az\/#website"},"primaryImageOfPage":{"@id":"https:\/\/www.meydan.tv\/az\/article\/avropa-mehkemesi-bextiyar-haciyevle-bagli-isi-arasdirmaga-baslayib\/#primaryimage"},"image":{"@id":"https:\/\/www.meydan.tv\/az\/article\/avropa-mehkemesi-bextiyar-haciyevle-bagli-isi-arasdirmaga-baslayib\/#primaryimage"},"thumbnailUrl":"https:\/\/www.meydan.tv\/wp-content\/uploads\/447209905_26349654191292175_2850149202688196262_n.jpg","datePublished":"2024-07-16T13:38:37+00:00","dateModified":"2024-07-16T13:38:39+00:00","description":"Avropa \u0130nsan H\u00fcquqlar\u0131 M\u0259hk\u0259m\u0259si (A\u0130HM) COV\u0130D 19 m\u0259hdudiyy\u0259tl\u0259ri il\u0259 ba\u011fl\u0131 Az\u0259rbaycandan g\u00f6nd\u0259rilmi\u015f \u015fikay\u0259ti ara\u015fd\u0131rma\u011fa ba\u015flay\u0131b.","breadcrumb":{"@id":"https:\/\/www.meydan.tv\/az\/article\/avropa-mehkemesi-bextiyar-haciyevle-bagli-isi-arasdirmaga-baslayib\/#breadcrumb"},"inLanguage":"az","potentialAction":[{"@type":"ReadAction","target":["https:\/\/www.meydan.tv\/az\/article\/avropa-mehkemesi-bextiyar-haciyevle-bagli-isi-arasdirmaga-baslayib\/"]}]},{"@type":"ImageObject","inLanguage":"az","@id":"https:\/\/www.meydan.tv\/az\/article\/avropa-mehkemesi-bextiyar-haciyevle-bagli-isi-arasdirmaga-baslayib\/#primaryimage","url":"https:\/\/www.meydan.tv\/wp-content\/uploads\/447209905_26349654191292175_2850149202688196262_n.jpg","contentUrl":"https:\/\/www.meydan.tv\/wp-content\/uploads\/447209905_26349654191292175_2850149202688196262_n.jpg","width":1200,"height":903,"caption":"B\u0259xtiyar Hac\u0131yev. Foto: Meydan TV"},{"@type":"BreadcrumbList","@id":"https:\/\/www.meydan.tv\/az\/article\/avropa-mehkemesi-bextiyar-haciyevle-bagli-isi-arasdirmaga-baslayib\/#breadcrumb","itemListElement":[{"@type":"ListItem","position":1,"name":"Ana s\u0259hif\u0259","item":"https:\/\/www.meydan.tv\/az\/"},{"@type":"ListItem","position":2,"name":"Siyas\u0259t","item":"https:\/\/www.meydan.tv\/az\/section\/siyaset\/"},{"@type":"ListItem","position":3,"name":"Avropa M\u0259hk\u0259m\u0259si B\u0259xtiyar Hac\u0131yevl\u0259 ba\u011fl\u0131 i\u015fi ara\u015fd\u0131rma\u011fa ba\u015flay\u0131b"}]},{"@type":"WebSite","@id":"https:\/\/www.meydan.tv\/az\/#website","url":"https:\/\/www.meydan.tv\/az\/","name":"MEYDAN.TV","description":"Meydan TV Az\u0259rbaycan\u0131n media m\u0259kan\u0131ndak\u0131 alternativ s\u0259sidir","publisher":{"@id":"https:\/\/www.meydan.tv\/az\/#organization"},"potentialAction":[{"@type":"SearchAction","target":{"@type":"EntryPoint","urlTemplate":"https:\/\/www.meydan.tv\/az\/?s={search_term_string}"},"query-input":{"@type":"PropertyValueSpecification","valueRequired":true,"valueName":"search_term_string"}}],"inLanguage":"az"},{"@type":"Organization","@id":"https:\/\/www.meydan.tv\/az\/#organization","name":"Meydan TV","url":"https:\/\/www.meydan.tv\/az\/","logo":{"@type":"ImageObject","inLanguage":"az","@id":"https:\/\/www.meydan.tv\/az\/#\/schema\/logo\/image\/","url":"https:\/\/www.meydan.tv\/wp-content\/uploads\/2021\/07\/meydan-logo.svg","contentUrl":"https:\/\/www.meydan.tv\/wp-content\/uploads\/2021\/07\/meydan-logo.svg","width":195,"height":46,"caption":"Meydan TV"},"image":{"@id":"https:\/\/www.meydan.tv\/az\/#\/schema\/logo\/image\/"}},{"@type":"Person","@id":"https:\/\/www.meydan.tv\/az\/#\/schema\/person\/9cdbecf90d17180ce1dfbd95b08dcf47","name":"elli","sameAs":["https:\/\/x.com\/elli"]}]}},"_links":{"self":[{"href":"https:\/\/www.meydan.tv\/az\/wp-json\/wp\/v2\/posts\/310397","targetHints":{"allow":["GET"]}}],"collection":[{"href":"https:\/\/www.meydan.tv\/az\/wp-json\/wp\/v2\/posts"}],"about":[{"href":"https:\/\/www.meydan.tv\/az\/wp-json\/wp\/v2\/types\/post"}],"author":[{"embeddable":true,"href":"https:\/\/www.meydan.tv\/az\/wp-json\/wp\/v2\/users\/8"}],"replies":[{"embeddable":true,"href":"https:\/\/www.meydan.tv\/az\/wp-json\/wp\/v2\/comments?post=310397"}],"version-history":[{"count":3,"href":"https:\/\/www.meydan.tv\/az\/wp-json\/wp\/v2\/posts\/310397\/revisions"}],"predecessor-version":[{"id":310401,"href":"https:\/\/www.meydan.tv\/az\/wp-json\/wp\/v2\/posts\/310397\/revisions\/310401"}],"wp:featuredmedia":[{"embeddable":true,"href":"https:\/\/www.meydan.tv\/az\/wp-json\/wp\/v2\/media\/307239"}],"wp:attachment":[{"href":"https:\/\/www.meydan.tv\/az\/wp-json\/wp\/v2\/media?parent=310397"}],"wp:term":[{"taxonomy":"category","embeddable":true,"href":"https:\/\/www.meydan.tv\/az\/wp-json\/wp\/v2\/categories?post=310397"},{"taxonomy":"post_tag","embeddable":true,"href":"https:\/\/www.meydan.tv\/az\/wp-json\/wp\/v2\/tags?post=310397"}],"curies":[{"name":"wp","href":"https:\/\/api.w.org\/{rel}","templated":true}]}}