{"id":310391,"date":"2024-07-16T17:33:40","date_gmt":"2024-07-16T13:33:40","guid":{"rendered":"https:\/\/www.meydan.tv\/?p=310391"},"modified":"2024-07-16T17:33:43","modified_gmt":"2024-07-16T13:33:43","slug":"eyvaz-qurbanov-13-illik-kreslosundan-ayrildi","status":"publish","type":"post","link":"https:\/\/www.meydan.tv\/az\/article\/eyvaz-qurbanov-13-illik-kreslosundan-ayrildi\/","title":{"rendered":"Eyvaz Qurbanov 13 illik kreslosundan ayr\u0131ld\u0131"},"content":{"rendered":"\n<p><\/p>\n\n\n\n<p><strong><em>Nazirliyin aparat r\u0259hb\u0259rinin m\u00fcavini O\u011fuzun icra ba\u015f\u00e7\u0131s\u0131 oldu<\/em><\/strong><\/p>\n\n\n\n<p>Eyvaz Qurbanov O\u011fuz Rayon \u0130cra Hakimiyy\u0259tinin ba\u015f\u00e7\u0131s\u0131 v\u0259zif\u0259sind\u0259n azad edilib. Bu bar\u0259d\u0259 iyulun 16-da \u00f6lk\u0259 ba\u015f\u00e7\u0131s\u0131 \u0130lham \u018fliyev s\u0259r\u0259ncam <a href=\"https:\/\/president.az\/az\/articles\/view\/66507\" target=\"_blank\" rel=\"noreferrer noopener\">imzalay\u0131b<\/a>.<\/p>\n\n\n\n<p>Prezidentin dig\u0259r s\u0259r\u0259ncam\u0131 il\u0259 Cavid \u018fbdul-Q\u0259dirov O\u011fuz Rayon \u0130cra Hakimiyy\u0259tinin ba\u015f\u00e7\u0131s\u0131 t\u0259yin <a href=\"https:\/\/president.az\/az\/articles\/view\/66508\" target=\"_blank\" rel=\"noreferrer noopener\">edilib<\/a>.<\/p>\n\n\n<div class=\"wp-block-image\">\n<figure class=\"alignright size-full\"><img decoding=\"async\" width=\"400\" height=\"299\" data-src=\"https:\/\/www.meydan.tv\/wp-content\/uploads\/1471264604_1.jpg\" alt=\"\" class=\"wp-image-310392 lazyload\" src=\"data:image\/svg+xml;base64,PHN2ZyB3aWR0aD0iMSIgaGVpZ2h0PSIxIiB4bWxucz0iaHR0cDovL3d3dy53My5vcmcvMjAwMC9zdmciPjwvc3ZnPg==\" style=\"--smush-placeholder-width: 400px; --smush-placeholder-aspect-ratio: 400\/299;\" \/><figcaption class=\"wp-element-caption\">Eyvaz Qurbanov. Foto: O\u011fuz Rayon \u0130cra Hakimiyy\u0259ti.<\/figcaption><\/figure>\n<\/div>\n\n\n<p>Eyvaz Qurbanov 2011-ci ild\u0259n O\u011fuz Rayonu \u0130cra Hakimiyy\u0259tinin ba\u015f\u00e7\u0131s\u0131 v\u0259zif\u0259sind\u0259 \u00e7al\u0131\u015f\u0131rd\u0131. O, 2005\u20132010-cu ill\u0259rd\u0259 O\u011fuz-Q\u0259b\u0259l\u0259 se\u00e7ki dair\u0259sind\u0259n Milli M\u0259clisin III \u00e7a\u011f\u0131r\u0131\u015f deputat\u0131 olub. <\/p>\n\n\n\n<p>Yeni icra ba\u015f\u00e7\u0131s\u0131 Cavid \u018fbd\u00fcl-Q\u0259dirov 1984-c\u00fc ild\u0259 Bak\u0131 \u015f\u0259h\u0259rind\u0259 anadan olub. O, \u0130qtisad Universitetinin Maliyy\u0259-kredit fak\u00fclt\u0259sini bitirib. <\/p>\n\n\n\n<p>2008-2013-c\u00fc ill\u0259rd\u0259 S\u0259hiyy\u0259 Nazirliyi-H\u0130V\/A\u0130DS, v\u0259r\u0259m v\u0259 malyariya il\u0259 m\u00fcbariz\u0259 \u00fczr\u0259 Proqram\u0131n layih\u0259 \u018flaq\u0259l\u0259ndirm\u0259 B\u00fcrosunda maliyy\u0259 m\u00fct\u0259x\u0259ssisi, direktor, 2013-2018-ci ill\u0259rd\u0259 is\u0259 \u201cRMDM\u201d ASC-ba\u015f direktorun m\u00fcavini, ba\u015f direktor v\u0259zif\u0259l\u0259rind\u0259 i\u015fl\u0259yib. <\/p>\n\n\n<div class=\"wp-block-image\">\n<figure class=\"alignleft size-full is-resized\"><img decoding=\"async\" width=\"400\" height=\"400\" data-src=\"https:\/\/www.meydan.tv\/wp-content\/uploads\/n5.webp\" alt=\"\" class=\"wp-image-310388 lazyload\" style=\"--smush-placeholder-width: 400px; --smush-placeholder-aspect-ratio: 400\/400;width:293px;height:auto\" src=\"data:image\/svg+xml;base64,PHN2ZyB3aWR0aD0iMSIgaGVpZ2h0PSIxIiB4bWxucz0iaHR0cDovL3d3dy53My5vcmcvMjAwMC9zdmciPjwvc3ZnPg==\" \/><figcaption class=\"wp-element-caption\">Cavid \u018fbdul-Q\u0259dirov. Foto: &#8220;sosial.gov.az&#8221;<\/figcaption><\/figure>\n<\/div>\n\n\n<p>2018-ci ild\u0259 \u0259m\u0259k v\u0259 \u0259halinin sosial m\u00fcdafi\u0259si nazirinin m\u00fc\u015faviri, 2018-2020-ci ill\u0259rd\u0259 Nazirlik yan\u0131nda D\u00f6vl\u0259t Tibbi-Sosial Ekspertiza v\u0259 Reabilitasiya Xidm\u0259tinin r\u0259isi, 2020-2021-ci ill\u0259rd\u0259 Nazirliyin tabeliyind\u0259 D\u00f6vl\u0259t Tibbi-Sosial Ekspertiza v\u0259 Reabilitasiya Agentliyinin \u0130dar\u0259 Hey\u0259tinin s\u0259dri v\u0259zif\u0259l\u0259rind\u0259 \u00e7al\u0131\u015f\u0131b. <\/p>\n\n\n\n<p>2021-ci ild\u0259n etibar\u0259n \u018fm\u0259k v\u0259 \u018fhalinin Sosial M\u00fcdafi\u0259si Nazirliyinin Aparat r\u0259hb\u0259rinin m\u00fcavini v\u0259zif\u0259sind\u0259 \u00e7al\u0131\u015f\u0131rd\u0131.<\/p>\n","protected":false},"excerpt":{"rendered":"<p>Nazirliyin aparat r\u0259hb\u0259rinin m\u00fcavini O\u011fuzun icra ba\u015f\u00e7\u0131s\u0131 oldu Eyvaz Qurbanov &#8230; <\/p>\n<p class=\"read-more-container\"><a title=\"Eyvaz Qurbanov 13 illik kreslosundan ayr\u0131ld\u0131\" class=\"read-more button\" href=\"https:\/\/www.meydan.tv\/az\/article\/eyvaz-qurbanov-13-illik-kreslosundan-ayrildi\/#more-310391\" aria-label=\"Read more about Eyvaz Qurbanov 13 illik kreslosundan ayr\u0131ld\u0131\">Davam\u0131<\/a><\/p>\n","protected":false},"author":8,"featured_media":310385,"comment_status":"closed","ping_status":"closed","sticky":false,"template":"","format":"standard","meta":{"_acf_changed":false,"_sitemap_exclude":false,"_sitemap_priority":"","_sitemap_frequency":"","footnotes":""},"categories":[60,56],"tags":[],"class_list":["post-310391","post","type-post","status-publish","format-standard","has-post-thumbnail","hentry","category-bolge","category-xeberler","infinite-scroll-item","generate-columns","tablet-grid-50","mobile-grid-100","grid-parent","grid-33","no-featured-image-padding"],"acf":[],"yoast_head":"<!-- This site is optimized with the Yoast SEO plugin v27.4 - https:\/\/yoast.com\/product\/yoast-seo-wordpress\/ -->\n<title>Eyvaz Qurbanov 13 illik kreslosundan ayr\u0131ld\u0131 - MEYDAN.TV<\/title>\n<meta name=\"description\" content=\"Eyvaz Qurbanov O\u011fuz Rayon \u0130cra Hakimiyy\u0259tinin ba\u015f\u00e7\u0131s\u0131 v\u0259zif\u0259sind\u0259n azad edilib. H\u0259min v\u0259zif\u0259y\u0259 Cavid \u018fbdul-Q\u0259dirov t\u0259yin edilib.\" \/>\n<meta name=\"robots\" content=\"index, follow, max-snippet:-1, max-image-preview:large, max-video-preview:-1\" \/>\n<link rel=\"canonical\" href=\"https:\/\/www.meydan.tv\/az\/article\/eyvaz-qurbanov-13-illik-kreslosundan-ayrildi\/\" \/>\n<meta property=\"og:locale\" content=\"az_AZ\" \/>\n<meta property=\"og:type\" content=\"article\" \/>\n<meta property=\"og:title\" content=\"Eyvaz Qurbanov 13 illik kreslosundan ayr\u0131ld\u0131 - MEYDAN.TV\" \/>\n<meta property=\"og:description\" content=\"Eyvaz Qurbanov O\u011fuz Rayon \u0130cra Hakimiyy\u0259tinin ba\u015f\u00e7\u0131s\u0131 v\u0259zif\u0259sind\u0259n azad edilib. H\u0259min v\u0259zif\u0259y\u0259 Cavid \u018fbdul-Q\u0259dirov t\u0259yin edilib.\" \/>\n<meta property=\"og:url\" content=\"https:\/\/www.meydan.tv\/az\/article\/eyvaz-qurbanov-13-illik-kreslosundan-ayrildi\/\" \/>\n<meta property=\"og:site_name\" content=\"MEYDAN.TV\" \/>\n<meta property=\"article:published_time\" content=\"2024-07-16T13:33:40+00:00\" \/>\n<meta property=\"article:modified_time\" content=\"2024-07-16T13:33:43+00:00\" \/>\n<meta property=\"og:image\" content=\"https:\/\/www.meydan.tv\/wp-content\/uploads\/271724314_231465855838073_2881076359788725692_n.jpg\" \/>\n\t<meta property=\"og:image:width\" content=\"1200\" \/>\n\t<meta property=\"og:image:height\" content=\"900\" \/>\n\t<meta property=\"og:image:type\" content=\"image\/jpeg\" \/>\n<meta name=\"author\" content=\"elli\" \/>\n<meta name=\"twitter:card\" content=\"summary_large_image\" \/>\n<meta name=\"twitter:creator\" content=\"@elli\" \/>\n<script type=\"application\/ld+json\" class=\"yoast-schema-graph\">{\"@context\":\"https:\\\/\\\/schema.org\",\"@graph\":[{\"@type\":\"Article\",\"@id\":\"https:\\\/\\\/www.meydan.tv\\\/az\\\/article\\\/eyvaz-qurbanov-13-illik-kreslosundan-ayrildi\\\/#article\",\"isPartOf\":{\"@id\":\"https:\\\/\\\/www.meydan.tv\\\/az\\\/article\\\/eyvaz-qurbanov-13-illik-kreslosundan-ayrildi\\\/\"},\"author\":{\"name\":\"elli\",\"@id\":\"https:\\\/\\\/www.meydan.tv\\\/az\\\/#\\\/schema\\\/person\\\/9cdbecf90d17180ce1dfbd95b08dcf47\"},\"headline\":\"Eyvaz Qurbanov 13 illik kreslosundan ayr\u0131ld\u0131\",\"datePublished\":\"2024-07-16T13:33:40+00:00\",\"dateModified\":\"2024-07-16T13:33:43+00:00\",\"mainEntityOfPage\":{\"@id\":\"https:\\\/\\\/www.meydan.tv\\\/az\\\/article\\\/eyvaz-qurbanov-13-illik-kreslosundan-ayrildi\\\/\"},\"wordCount\":283,\"publisher\":{\"@id\":\"https:\\\/\\\/www.meydan.tv\\\/az\\\/#organization\"},\"image\":{\"@id\":\"https:\\\/\\\/www.meydan.tv\\\/az\\\/article\\\/eyvaz-qurbanov-13-illik-kreslosundan-ayrildi\\\/#primaryimage\"},\"thumbnailUrl\":\"https:\\\/\\\/www.meydan.tv\\\/wp-content\\\/uploads\\\/271724314_231465855838073_2881076359788725692_n.jpg\",\"articleSection\":[\"B\u00f6lg\u0259\",\"X\u0259b\u0259rl\u0259r\"],\"inLanguage\":\"az\"},{\"@type\":\"WebPage\",\"@id\":\"https:\\\/\\\/www.meydan.tv\\\/az\\\/article\\\/eyvaz-qurbanov-13-illik-kreslosundan-ayrildi\\\/\",\"url\":\"https:\\\/\\\/www.meydan.tv\\\/az\\\/article\\\/eyvaz-qurbanov-13-illik-kreslosundan-ayrildi\\\/\",\"name\":\"Eyvaz Qurbanov 13 illik kreslosundan ayr\u0131ld\u0131 - MEYDAN.TV\",\"isPartOf\":{\"@id\":\"https:\\\/\\\/www.meydan.tv\\\/az\\\/#website\"},\"primaryImageOfPage\":{\"@id\":\"https:\\\/\\\/www.meydan.tv\\\/az\\\/article\\\/eyvaz-qurbanov-13-illik-kreslosundan-ayrildi\\\/#primaryimage\"},\"image\":{\"@id\":\"https:\\\/\\\/www.meydan.tv\\\/az\\\/article\\\/eyvaz-qurbanov-13-illik-kreslosundan-ayrildi\\\/#primaryimage\"},\"thumbnailUrl\":\"https:\\\/\\\/www.meydan.tv\\\/wp-content\\\/uploads\\\/271724314_231465855838073_2881076359788725692_n.jpg\",\"datePublished\":\"2024-07-16T13:33:40+00:00\",\"dateModified\":\"2024-07-16T13:33:43+00:00\",\"description\":\"Eyvaz Qurbanov O\u011fuz Rayon \u0130cra Hakimiyy\u0259tinin ba\u015f\u00e7\u0131s\u0131 v\u0259zif\u0259sind\u0259n azad edilib. H\u0259min v\u0259zif\u0259y\u0259 Cavid \u018fbdul-Q\u0259dirov t\u0259yin edilib.\",\"breadcrumb\":{\"@id\":\"https:\\\/\\\/www.meydan.tv\\\/az\\\/article\\\/eyvaz-qurbanov-13-illik-kreslosundan-ayrildi\\\/#breadcrumb\"},\"inLanguage\":\"az\",\"potentialAction\":[{\"@type\":\"ReadAction\",\"target\":[\"https:\\\/\\\/www.meydan.tv\\\/az\\\/article\\\/eyvaz-qurbanov-13-illik-kreslosundan-ayrildi\\\/\"]}]},{\"@type\":\"ImageObject\",\"inLanguage\":\"az\",\"@id\":\"https:\\\/\\\/www.meydan.tv\\\/az\\\/article\\\/eyvaz-qurbanov-13-illik-kreslosundan-ayrildi\\\/#primaryimage\",\"url\":\"https:\\\/\\\/www.meydan.tv\\\/wp-content\\\/uploads\\\/271724314_231465855838073_2881076359788725692_n.jpg\",\"contentUrl\":\"https:\\\/\\\/www.meydan.tv\\\/wp-content\\\/uploads\\\/271724314_231465855838073_2881076359788725692_n.jpg\",\"width\":1200,\"height\":900,\"caption\":\"Foto: O\u011fuz Rayon \u0130cra Hakimiyy\u0259ti\"},{\"@type\":\"BreadcrumbList\",\"@id\":\"https:\\\/\\\/www.meydan.tv\\\/az\\\/article\\\/eyvaz-qurbanov-13-illik-kreslosundan-ayrildi\\\/#breadcrumb\",\"itemListElement\":[{\"@type\":\"ListItem\",\"position\":1,\"name\":\"Ana s\u0259hif\u0259\",\"item\":\"https:\\\/\\\/www.meydan.tv\\\/az\\\/\"},{\"@type\":\"ListItem\",\"position\":2,\"name\":\"B\u00f6lg\u0259\",\"item\":\"https:\\\/\\\/www.meydan.tv\\\/az\\\/section\\\/bolge\\\/\"},{\"@type\":\"ListItem\",\"position\":3,\"name\":\"Eyvaz Qurbanov 13 illik kreslosundan ayr\u0131ld\u0131\"}]},{\"@type\":\"WebSite\",\"@id\":\"https:\\\/\\\/www.meydan.tv\\\/az\\\/#website\",\"url\":\"https:\\\/\\\/www.meydan.tv\\\/az\\\/\",\"name\":\"MEYDAN.TV\",\"description\":\"Meydan TV Az\u0259rbaycan\u0131n media m\u0259kan\u0131ndak\u0131 alternativ s\u0259sidir\",\"publisher\":{\"@id\":\"https:\\\/\\\/www.meydan.tv\\\/az\\\/#organization\"},\"potentialAction\":[{\"@type\":\"SearchAction\",\"target\":{\"@type\":\"EntryPoint\",\"urlTemplate\":\"https:\\\/\\\/www.meydan.tv\\\/az\\\/?s={search_term_string}\"},\"query-input\":{\"@type\":\"PropertyValueSpecification\",\"valueRequired\":true,\"valueName\":\"search_term_string\"}}],\"inLanguage\":\"az\"},{\"@type\":\"Organization\",\"@id\":\"https:\\\/\\\/www.meydan.tv\\\/az\\\/#organization\",\"name\":\"Meydan TV\",\"url\":\"https:\\\/\\\/www.meydan.tv\\\/az\\\/\",\"logo\":{\"@type\":\"ImageObject\",\"inLanguage\":\"az\",\"@id\":\"https:\\\/\\\/www.meydan.tv\\\/az\\\/#\\\/schema\\\/logo\\\/image\\\/\",\"url\":\"https:\\\/\\\/www.meydan.tv\\\/wp-content\\\/uploads\\\/2021\\\/07\\\/meydan-logo.svg\",\"contentUrl\":\"https:\\\/\\\/www.meydan.tv\\\/wp-content\\\/uploads\\\/2021\\\/07\\\/meydan-logo.svg\",\"width\":195,\"height\":46,\"caption\":\"Meydan TV\"},\"image\":{\"@id\":\"https:\\\/\\\/www.meydan.tv\\\/az\\\/#\\\/schema\\\/logo\\\/image\\\/\"}},{\"@type\":\"Person\",\"@id\":\"https:\\\/\\\/www.meydan.tv\\\/az\\\/#\\\/schema\\\/person\\\/9cdbecf90d17180ce1dfbd95b08dcf47\",\"name\":\"elli\",\"sameAs\":[\"https:\\\/\\\/x.com\\\/elli\"]}]}<\/script>\n<!-- \/ Yoast SEO plugin. -->","yoast_head_json":{"title":"Eyvaz Qurbanov 13 illik kreslosundan ayr\u0131ld\u0131 - MEYDAN.TV","description":"Eyvaz Qurbanov O\u011fuz Rayon \u0130cra Hakimiyy\u0259tinin ba\u015f\u00e7\u0131s\u0131 v\u0259zif\u0259sind\u0259n azad edilib. H\u0259min v\u0259zif\u0259y\u0259 Cavid \u018fbdul-Q\u0259dirov t\u0259yin edilib.","robots":{"index":"index","follow":"follow","max-snippet":"max-snippet:-1","max-image-preview":"max-image-preview:large","max-video-preview":"max-video-preview:-1"},"canonical":"https:\/\/www.meydan.tv\/az\/article\/eyvaz-qurbanov-13-illik-kreslosundan-ayrildi\/","og_locale":"az_AZ","og_type":"article","og_title":"Eyvaz Qurbanov 13 illik kreslosundan ayr\u0131ld\u0131 - MEYDAN.TV","og_description":"Eyvaz Qurbanov O\u011fuz Rayon \u0130cra Hakimiyy\u0259tinin ba\u015f\u00e7\u0131s\u0131 v\u0259zif\u0259sind\u0259n azad edilib. H\u0259min v\u0259zif\u0259y\u0259 Cavid \u018fbdul-Q\u0259dirov t\u0259yin edilib.","og_url":"https:\/\/www.meydan.tv\/az\/article\/eyvaz-qurbanov-13-illik-kreslosundan-ayrildi\/","og_site_name":"MEYDAN.TV","article_published_time":"2024-07-16T13:33:40+00:00","article_modified_time":"2024-07-16T13:33:43+00:00","og_image":[{"width":1200,"height":900,"url":"https:\/\/www.meydan.tv\/wp-content\/uploads\/271724314_231465855838073_2881076359788725692_n.jpg","type":"image\/jpeg"}],"author":"elli","twitter_card":"summary_large_image","twitter_creator":"@elli","schema":{"@context":"https:\/\/schema.org","@graph":[{"@type":"Article","@id":"https:\/\/www.meydan.tv\/az\/article\/eyvaz-qurbanov-13-illik-kreslosundan-ayrildi\/#article","isPartOf":{"@id":"https:\/\/www.meydan.tv\/az\/article\/eyvaz-qurbanov-13-illik-kreslosundan-ayrildi\/"},"author":{"name":"elli","@id":"https:\/\/www.meydan.tv\/az\/#\/schema\/person\/9cdbecf90d17180ce1dfbd95b08dcf47"},"headline":"Eyvaz Qurbanov 13 illik kreslosundan ayr\u0131ld\u0131","datePublished":"2024-07-16T13:33:40+00:00","dateModified":"2024-07-16T13:33:43+00:00","mainEntityOfPage":{"@id":"https:\/\/www.meydan.tv\/az\/article\/eyvaz-qurbanov-13-illik-kreslosundan-ayrildi\/"},"wordCount":283,"publisher":{"@id":"https:\/\/www.meydan.tv\/az\/#organization"},"image":{"@id":"https:\/\/www.meydan.tv\/az\/article\/eyvaz-qurbanov-13-illik-kreslosundan-ayrildi\/#primaryimage"},"thumbnailUrl":"https:\/\/www.meydan.tv\/wp-content\/uploads\/271724314_231465855838073_2881076359788725692_n.jpg","articleSection":["B\u00f6lg\u0259","X\u0259b\u0259rl\u0259r"],"inLanguage":"az"},{"@type":"WebPage","@id":"https:\/\/www.meydan.tv\/az\/article\/eyvaz-qurbanov-13-illik-kreslosundan-ayrildi\/","url":"https:\/\/www.meydan.tv\/az\/article\/eyvaz-qurbanov-13-illik-kreslosundan-ayrildi\/","name":"Eyvaz Qurbanov 13 illik kreslosundan ayr\u0131ld\u0131 - MEYDAN.TV","isPartOf":{"@id":"https:\/\/www.meydan.tv\/az\/#website"},"primaryImageOfPage":{"@id":"https:\/\/www.meydan.tv\/az\/article\/eyvaz-qurbanov-13-illik-kreslosundan-ayrildi\/#primaryimage"},"image":{"@id":"https:\/\/www.meydan.tv\/az\/article\/eyvaz-qurbanov-13-illik-kreslosundan-ayrildi\/#primaryimage"},"thumbnailUrl":"https:\/\/www.meydan.tv\/wp-content\/uploads\/271724314_231465855838073_2881076359788725692_n.jpg","datePublished":"2024-07-16T13:33:40+00:00","dateModified":"2024-07-16T13:33:43+00:00","description":"Eyvaz Qurbanov O\u011fuz Rayon \u0130cra Hakimiyy\u0259tinin ba\u015f\u00e7\u0131s\u0131 v\u0259zif\u0259sind\u0259n azad edilib. H\u0259min v\u0259zif\u0259y\u0259 Cavid \u018fbdul-Q\u0259dirov t\u0259yin edilib.","breadcrumb":{"@id":"https:\/\/www.meydan.tv\/az\/article\/eyvaz-qurbanov-13-illik-kreslosundan-ayrildi\/#breadcrumb"},"inLanguage":"az","potentialAction":[{"@type":"ReadAction","target":["https:\/\/www.meydan.tv\/az\/article\/eyvaz-qurbanov-13-illik-kreslosundan-ayrildi\/"]}]},{"@type":"ImageObject","inLanguage":"az","@id":"https:\/\/www.meydan.tv\/az\/article\/eyvaz-qurbanov-13-illik-kreslosundan-ayrildi\/#primaryimage","url":"https:\/\/www.meydan.tv\/wp-content\/uploads\/271724314_231465855838073_2881076359788725692_n.jpg","contentUrl":"https:\/\/www.meydan.tv\/wp-content\/uploads\/271724314_231465855838073_2881076359788725692_n.jpg","width":1200,"height":900,"caption":"Foto: O\u011fuz Rayon \u0130cra Hakimiyy\u0259ti"},{"@type":"BreadcrumbList","@id":"https:\/\/www.meydan.tv\/az\/article\/eyvaz-qurbanov-13-illik-kreslosundan-ayrildi\/#breadcrumb","itemListElement":[{"@type":"ListItem","position":1,"name":"Ana s\u0259hif\u0259","item":"https:\/\/www.meydan.tv\/az\/"},{"@type":"ListItem","position":2,"name":"B\u00f6lg\u0259","item":"https:\/\/www.meydan.tv\/az\/section\/bolge\/"},{"@type":"ListItem","position":3,"name":"Eyvaz Qurbanov 13 illik kreslosundan ayr\u0131ld\u0131"}]},{"@type":"WebSite","@id":"https:\/\/www.meydan.tv\/az\/#website","url":"https:\/\/www.meydan.tv\/az\/","name":"MEYDAN.TV","description":"Meydan TV Az\u0259rbaycan\u0131n media m\u0259kan\u0131ndak\u0131 alternativ s\u0259sidir","publisher":{"@id":"https:\/\/www.meydan.tv\/az\/#organization"},"potentialAction":[{"@type":"SearchAction","target":{"@type":"EntryPoint","urlTemplate":"https:\/\/www.meydan.tv\/az\/?s={search_term_string}"},"query-input":{"@type":"PropertyValueSpecification","valueRequired":true,"valueName":"search_term_string"}}],"inLanguage":"az"},{"@type":"Organization","@id":"https:\/\/www.meydan.tv\/az\/#organization","name":"Meydan TV","url":"https:\/\/www.meydan.tv\/az\/","logo":{"@type":"ImageObject","inLanguage":"az","@id":"https:\/\/www.meydan.tv\/az\/#\/schema\/logo\/image\/","url":"https:\/\/www.meydan.tv\/wp-content\/uploads\/2021\/07\/meydan-logo.svg","contentUrl":"https:\/\/www.meydan.tv\/wp-content\/uploads\/2021\/07\/meydan-logo.svg","width":195,"height":46,"caption":"Meydan TV"},"image":{"@id":"https:\/\/www.meydan.tv\/az\/#\/schema\/logo\/image\/"}},{"@type":"Person","@id":"https:\/\/www.meydan.tv\/az\/#\/schema\/person\/9cdbecf90d17180ce1dfbd95b08dcf47","name":"elli","sameAs":["https:\/\/x.com\/elli"]}]}},"_links":{"self":[{"href":"https:\/\/www.meydan.tv\/az\/wp-json\/wp\/v2\/posts\/310391","targetHints":{"allow":["GET"]}}],"collection":[{"href":"https:\/\/www.meydan.tv\/az\/wp-json\/wp\/v2\/posts"}],"about":[{"href":"https:\/\/www.meydan.tv\/az\/wp-json\/wp\/v2\/types\/post"}],"author":[{"embeddable":true,"href":"https:\/\/www.meydan.tv\/az\/wp-json\/wp\/v2\/users\/8"}],"replies":[{"embeddable":true,"href":"https:\/\/www.meydan.tv\/az\/wp-json\/wp\/v2\/comments?post=310391"}],"version-history":[{"count":3,"href":"https:\/\/www.meydan.tv\/az\/wp-json\/wp\/v2\/posts\/310391\/revisions"}],"predecessor-version":[{"id":310398,"href":"https:\/\/www.meydan.tv\/az\/wp-json\/wp\/v2\/posts\/310391\/revisions\/310398"}],"wp:featuredmedia":[{"embeddable":true,"href":"https:\/\/www.meydan.tv\/az\/wp-json\/wp\/v2\/media\/310385"}],"wp:attachment":[{"href":"https:\/\/www.meydan.tv\/az\/wp-json\/wp\/v2\/media?parent=310391"}],"wp:term":[{"taxonomy":"category","embeddable":true,"href":"https:\/\/www.meydan.tv\/az\/wp-json\/wp\/v2\/categories?post=310391"},{"taxonomy":"post_tag","embeddable":true,"href":"https:\/\/www.meydan.tv\/az\/wp-json\/wp\/v2\/tags?post=310391"}],"curies":[{"name":"wp","href":"https:\/\/api.w.org\/{rel}","templated":true}]}}