{"id":310367,"date":"2024-07-16T15:13:56","date_gmt":"2024-07-16T11:13:56","guid":{"rendered":"https:\/\/www.meydan.tv\/?p=310367"},"modified":"2024-07-16T16:20:07","modified_gmt":"2024-07-16T12:20:07","slug":"azerbaycan-brics-e-nece-qosulur","status":"publish","type":"post","link":"https:\/\/www.meydan.tv\/az\/article\/azerbaycan-brics-e-nece-qosulur\/","title":{"rendered":"Az\u0259rbaycan BR\u0130CS-\u0259 nec\u0259 qo\u015fulur?"},"content":{"rendered":"\n<p><\/p>\n\n\n\n<p><strong><em>\u0130qtisad\u00e7\u0131: \u201cAz\u0259rbaycan\u0131n ixrac potensial\u0131 olmasa, yaln\u0131z daxili t\u0259l\u0259b \u00fcz\u0259rind\u0259n b\u00f6y\u00fcy\u0259 bilm\u0259y\u0259c\u0259k\u201d<\/em><\/strong><\/p>\n\n\n\n<p>Az\u0259rbaycan BRICS-\u0259 (Braziliya, Rusiya, Hindistan, \u00c7in, C\u0259nubi Afrika Respublikas\u0131) qo\u015fulmaq arzusunu ifad\u0259 edib. Bu bar\u0259d\u0259 Milli M\u0259clisin s\u0259dri Sahib\u0259 Qafarova iyulun 11-d\u0259 BRICS \u00f6lk\u0259l\u0259rinin X Parlament Forumunun plenar sessiyas\u0131nda \u00e7\u0131x\u0131\u015f\u0131 zaman\u0131 deyib.<\/p>\n\n\n\n<p>Sahib\u0259 Qafarova bildirib ki, beyn\u0259lxalq sistemin s\u0259m\u0259r\u0259liliyinin t\u0259min edilm\u0259si qar\u015f\u0131l\u0131ql\u0131 faydaya \u0259saslanan \u0259dal\u0259tli m\u00fcnasib\u0259tl\u0259rin qurulmas\u0131n\u0131, bir-birin\u0259 h\u00f6rm\u0259t edilm\u0259sini v\u0259 h\u0259qiqi \u00e7oxt\u0259r\u0259fliliyin g\u00fccl\u0259ndirilm\u0259sini t\u0259l\u0259b edir:<\/p>\n\n\n\n<p><em>&#8220;Az\u0259rbaycan \u00f6z xarici siyas\u0259tind\u0259 bu prinsipl\u0259ri r\u0259hb\u0259r tutaraq, h\u0259m ikit\u0259r\u0259fli \u0259laq\u0259l\u0259rind\u0259, h\u0259m d\u0259 \u00e7oxt\u0259r\u0259fli formatlarda dialoq, \u0259m\u0259kda\u015fl\u0131q v\u0259 h\u0259mr\u0259yliyi t\u0259\u015fviq edir. Bu prinsipl\u0259r h\u0259m d\u0259 BRICS \u00fc\u00e7\u00fcn f\u0259aliyy\u0259t prioritetl\u0259ridir. Az\u0259rbaycan art\u0131q BRICS-\u0259 qo\u015fulmaq arzusunu ifad\u0259 edib&#8221;.<\/em><\/p>\n\n\n\n<p>BRICS be\u015f s\u00fcr\u0259tl\u0259 inki\u015faf ed\u0259n \u00f6lk\u0259d\u0259n ibar\u0259t olan bir qrupdur. 2011-ci il\u0259 q\u0259d\u0259r t\u0259\u015fkilatla ba\u011fl\u0131 BRIC abreviaturas\u0131 istifad\u0259 olunurdu. BRIC-\u0259 CAR-\u0131n birl\u0259\u015fm\u0259siyl\u0259 \u0259laq\u0259dar 18 fevral 2011-ci ild\u0259, hind maliyy\u0259 nazirinin \u0259riz\u0259si \u00fczr\u0259 bundan sonra qrup BRICS ad\u0131n\u0131 da\u015f\u0131ma\u011fa ba\u015flad\u0131.<\/p>\n\n\n\n<p>BRICS \u00fczvl\u0259ri \u0259n tez inki\u015faf ed\u0259n b\u00f6y\u00fck \u00f6lk\u0259l\u0259r kimi s\u0259ciyy\u0259l\u0259nirl\u0259r. \u018flveri\u015fli v\u0259ziyy\u0259t bu \u00f6lk\u0259l\u0259r\u0259 onlarda m\u00f6vcud olan resurslar\u0131n d\u00fcnya iqtisadiyyat\u0131 \u00fc\u00e7\u00fcn b\u00f6y\u00fck miqdarda \u0259h\u0259miyy\u0259tini t\u0259min edir.<\/p>\n\n\n\n<p>\u0130qtisad\u00e7\u0131 R\u00f6v\u015f\u0259n A\u011fayev Az\u0259rbaycan\u0131n BRICS-\u0259 \u00fczvl\u00fck arzusunu Meydan TV-y\u0259 \u015f\u0259rh ed\u0259rk\u0259n deyib ki, bu birlik b\u00f6y\u00fcm\u0259kd\u0259 olan d\u00f6vl\u0259tl\u0259rin iqtisadi birliyidir:<\/p>\n\n\n\n<p><em>&#8220;Amma BRICS-in i\u00e7\u0259risind\u0259 bir ne\u00e7\u0259 \u00f6lk\u0259nin potensial\u0131 x\u00fcsusi se\u00e7ilir, Hindistan, \u00c7in v\u0259 Braziliya. \u015e\u00fcbh\u0259siz ki, Az\u0259rbaycan\u0131n ixrac potensial\u0131 olmasa, yaln\u0131z daxili t\u0259l\u0259b \u00fcz\u0259rind\u0259n b\u00f6y\u00fcy\u0259 bilm\u0259y\u0259c\u0259k. Bilirsiniz, ist\u0259nil\u0259n ki\u00e7ik \u00f6lk\u0259 bel\u0259dir. \u018fg\u0259r ixrac potensial\u0131n\u0131 b\u00f6y\u00fcd\u00fcb, h\u0259min ad\u0131n\u0131 \u00e7\u0259kdiyim \u00f6lk\u0259l\u0259ri bazar kimi istifad\u0259 ed\u0259 bil\u0259riks\u0259, qazanc\u0131m\u0131z olacaq. M\u0259s\u0259l\u0259n, bu g\u00fcn G\u00fcrc\u00fcstan \u00c7in\u0259 \u015f\u0259rablar\u0131n\u0131 v\u0259 mineral sular\u0131n\u0131 u\u011furlu \u015f\u0259kild\u0259 sat\u0131r, bu m\u0259hsullar qon\u015fu \u00f6lk\u0259nin ixrac\u0131nda liderlik edir. Biz d\u0259 n\u0259z\u0259ri olaraq 4-5 m\u0259hsulumuzu sataraq Hindistan, \u00c7in, Braziliya bazarlar\u0131 vasit\u0259sil\u0259 ixrac potensial\u0131m\u0131z\u0131 b\u00f6y\u00fcd\u0259 bil\u0259riks\u0259, qazanc\u0131m\u0131z ola bil\u0259r. Lakin ekspansiyayla m\u0259\u015f\u011ful olan \u00c7in v\u0259 Hindistan bizim kimi \u00f6lk\u0259l\u0259ri \u00f6zl\u0259rin\u0259 bazar ed\u0259c\u0259kl\u0259rs\u0259, b\u00f6y\u00fck qazanc\u0131m\u0131z olmayacaq&#8221;.<\/em> <\/p>\n\n\n<div class=\"wp-block-image\">\n<figure class=\"alignleft size-large is-resized\"><img decoding=\"async\" width=\"1200\" height=\"800\" data-src=\"https:\/\/www.meydan.tv\/wp-content\/uploads\/image_from_ios_177-1200x800.jpg\" alt=\"R\u00f6v\u015f\u0259n A\u011fayev\" class=\"wp-image-210010 lazyload\" style=\"--smush-placeholder-width: 1200px; --smush-placeholder-aspect-ratio: 1200\/800;width:433px;height:auto\" src=\"data:image\/svg+xml;base64,PHN2ZyB3aWR0aD0iMSIgaGVpZ2h0PSIxIiB4bWxucz0iaHR0cDovL3d3dy53My5vcmcvMjAwMC9zdmciPjwvc3ZnPg==\" \/><figcaption class=\"wp-element-caption\">M\u0259nb\u0259: Meydan TV<\/figcaption><\/figure>\n<\/div>\n\n\n<p>R\u00f6v\u015f\u0259n A\u011fayevin fikrinc\u0259, BRICS son vaxtlar iqtisadi liberalizmi bo\u011fan v\u0259 daha \u00e7ox avtoritarla\u015fan \u00f6lk\u0259l\u0259rin birliyin\u0259 \u00e7evrilib:<\/p>\n\n\n\n<p><em>&#8220;Ona g\u00f6r\u0259 d\u0259 Az\u0259rbaycan\u0131n bu m\u0259s\u0259l\u0259d\u0259 m\u0259nfi g\u00f6t\u00fcr\u0259c\u0259kl\u0259ri odur ki, adlar\u0131n\u0131 \u00e7\u0259kdiyim \u00f6lk\u0259l\u0259r iqtisadi liberalizmi r\u0259dd edirl\u0259r, Az\u0259rbaycan kimi \u00f6lk\u0259l\u0259rin is\u0259 iqtisadiyyat\u0131 islahatlars\u0131z ke\u00e7in\u0259 bilm\u0259y\u0259c\u0259k. \u00c7in, Hindistan b\u00f6y\u00fck \u00f6lk\u0259l\u0259rdir, s\u0259rt, avtoritar \u00fcsullarla m\u00fc\u0259yy\u0259n h\u0259dd\u0259 q\u0259d\u0259r b\u00f6y\u00fcy\u0259 bil\u0259rl\u0259r. Amma Az\u0259rbaycan kimi \u00f6lk\u0259l\u0259rd\u0259 iqtisadi liberalla\u015fma olmasa, ixrac potensial\u0131n\u0131n b\u00f6y\u00fcm\u0259si m\u00fcmk\u00fcn deyil. V\u0259 BRICS Az\u0259rbaycan\u0131n &#8220;\u0259l-qolunu&#8221; daha \u00e7ox ba\u011flayacaq v\u0259 Avropa kimi daha z\u0259ngin bazar\u0131 it\u0259r\u0259c\u0259yik. Ona g\u00f6r\u0259 q\u0259rar verm\u0259zd\u0259n \u0259vv\u0259l &#8220;t\u0259r\u0259zinin g\u00f6z\u00fcn\u0259&#8221; qoyulub, t\u0259hlil apar\u0131lmal\u0131d\u0131r&#8221;.<\/em> <\/p>\n\n\n\n<p>\u0130qtisad\u00e7\u0131 onu da bildirir ki, bu birlik iqtisadi \u015f\u0259rtl\u0259rd\u0259n daha \u00e7ox, siyasi maraqlar\u0131 \u0259sas g\u00f6t\u00fcr\u0259r\u0259k siyasi birliy\u0259 \u00e7evrildiyind\u0259n Az\u0259rbaycan\u0131n maraqlar\u0131na cavab vermir:<\/p>\n\n\n\n<p>&#8220;S\u00f6hb\u0259t Az\u0259rbaycan\u0131n m\u00fct\u0259r\u0259qqi d\u00fcnyaya a\u00e7\u0131lmas\u0131n\u0131n qar\u015f\u0131s\u0131nda dayanan siyasi birlikd\u0259n gedir&#8221;<\/p>\n","protected":false},"excerpt":{"rendered":"<p>\u0130qtisad\u00e7\u0131: \u201cAz\u0259rbaycan\u0131n ixrac potensial\u0131 olmasa, yaln\u0131z daxili t\u0259l\u0259b \u00fcz\u0259rind\u0259n b\u00f6y\u00fcy\u0259 &#8230; <\/p>\n<p class=\"read-more-container\"><a title=\"Az\u0259rbaycan BR\u0130CS-\u0259 nec\u0259 qo\u015fulur?\" class=\"read-more button\" href=\"https:\/\/www.meydan.tv\/az\/article\/azerbaycan-brics-e-nece-qosulur\/#more-310367\" aria-label=\"Read more about Az\u0259rbaycan BR\u0130CS-\u0259 nec\u0259 qo\u015fulur?\">Davam\u0131<\/a><\/p>\n","protected":false},"author":8,"featured_media":310368,"comment_status":"closed","ping_status":"closed","sticky":false,"template":"","format":"standard","meta":{"_acf_changed":false,"_sitemap_exclude":false,"_sitemap_priority":"","_sitemap_frequency":"","footnotes":""},"categories":[59,56],"tags":[],"class_list":["post-310367","post","type-post","status-publish","format-standard","has-post-thumbnail","hentry","category-siyaset","category-xeberler","infinite-scroll-item","generate-columns","tablet-grid-50","mobile-grid-100","grid-parent","grid-33","no-featured-image-padding"],"acf":[],"yoast_head":"<!-- This site is optimized with the Yoast SEO plugin v27.4 - https:\/\/yoast.com\/product\/yoast-seo-wordpress\/ -->\n<title>Az\u0259rbaycan BR\u0130CS-\u0259 nec\u0259 qo\u015fulur? - MEYDAN.TV<\/title>\n<meta name=\"description\" content=\"\u0130qtisad\u00e7\u0131: \u201cAz\u0259rbaycan\u0131n ixrac potensial\u0131 olmasa, yaln\u0131z daxili t\u0259l\u0259b \u00fcz\u0259rind\u0259n b\u00f6y\u00fcy\u0259 bilm\u0259y\u0259c\u0259k\u201d\" \/>\n<meta name=\"robots\" content=\"index, follow, max-snippet:-1, max-image-preview:large, max-video-preview:-1\" \/>\n<link rel=\"canonical\" href=\"https:\/\/www.meydan.tv\/az\/article\/azerbaycan-brics-e-nece-qosulur\/\" \/>\n<meta property=\"og:locale\" content=\"az_AZ\" \/>\n<meta property=\"og:type\" content=\"article\" \/>\n<meta property=\"og:title\" content=\"Az\u0259rbaycan BR\u0130CS-\u0259 nec\u0259 qo\u015fulur? - MEYDAN.TV\" \/>\n<meta property=\"og:description\" content=\"\u0130qtisad\u00e7\u0131: \u201cAz\u0259rbaycan\u0131n ixrac potensial\u0131 olmasa, yaln\u0131z daxili t\u0259l\u0259b \u00fcz\u0259rind\u0259n b\u00f6y\u00fcy\u0259 bilm\u0259y\u0259c\u0259k\u201d\" \/>\n<meta property=\"og:url\" content=\"https:\/\/www.meydan.tv\/az\/article\/azerbaycan-brics-e-nece-qosulur\/\" \/>\n<meta property=\"og:site_name\" content=\"MEYDAN.TV\" \/>\n<meta property=\"article:published_time\" content=\"2024-07-16T11:13:56+00:00\" \/>\n<meta property=\"article:modified_time\" content=\"2024-07-16T12:20:07+00:00\" \/>\n<meta property=\"og:image\" content=\"https:\/\/www.meydan.tv\/wp-content\/uploads\/xv_brics_summit_family_photo-e1721127322165.jpg\" \/>\n\t<meta property=\"og:image:width\" content=\"1200\" \/>\n\t<meta property=\"og:image:height\" content=\"440\" \/>\n\t<meta property=\"og:image:type\" content=\"image\/jpeg\" \/>\n<meta name=\"author\" content=\"elli\" \/>\n<meta name=\"twitter:card\" content=\"summary_large_image\" \/>\n<meta name=\"twitter:creator\" content=\"@elli\" \/>\n<script type=\"application\/ld+json\" class=\"yoast-schema-graph\">{\"@context\":\"https:\\\/\\\/schema.org\",\"@graph\":[{\"@type\":\"Article\",\"@id\":\"https:\\\/\\\/www.meydan.tv\\\/az\\\/article\\\/azerbaycan-brics-e-nece-qosulur\\\/#article\",\"isPartOf\":{\"@id\":\"https:\\\/\\\/www.meydan.tv\\\/az\\\/article\\\/azerbaycan-brics-e-nece-qosulur\\\/\"},\"author\":{\"name\":\"elli\",\"@id\":\"https:\\\/\\\/www.meydan.tv\\\/az\\\/#\\\/schema\\\/person\\\/9cdbecf90d17180ce1dfbd95b08dcf47\"},\"headline\":\"Az\u0259rbaycan BR\u0130CS-\u0259 nec\u0259 qo\u015fulur?\",\"datePublished\":\"2024-07-16T11:13:56+00:00\",\"dateModified\":\"2024-07-16T12:20:07+00:00\",\"mainEntityOfPage\":{\"@id\":\"https:\\\/\\\/www.meydan.tv\\\/az\\\/article\\\/azerbaycan-brics-e-nece-qosulur\\\/\"},\"wordCount\":719,\"publisher\":{\"@id\":\"https:\\\/\\\/www.meydan.tv\\\/az\\\/#organization\"},\"image\":{\"@id\":\"https:\\\/\\\/www.meydan.tv\\\/az\\\/article\\\/azerbaycan-brics-e-nece-qosulur\\\/#primaryimage\"},\"thumbnailUrl\":\"https:\\\/\\\/www.meydan.tv\\\/wp-content\\\/uploads\\\/xv_brics_summit_family_photo-e1721127322165.jpg\",\"articleSection\":[\"Siyas\u0259t\",\"X\u0259b\u0259rl\u0259r\"],\"inLanguage\":\"az\"},{\"@type\":\"WebPage\",\"@id\":\"https:\\\/\\\/www.meydan.tv\\\/az\\\/article\\\/azerbaycan-brics-e-nece-qosulur\\\/\",\"url\":\"https:\\\/\\\/www.meydan.tv\\\/az\\\/article\\\/azerbaycan-brics-e-nece-qosulur\\\/\",\"name\":\"Az\u0259rbaycan BR\u0130CS-\u0259 nec\u0259 qo\u015fulur? - MEYDAN.TV\",\"isPartOf\":{\"@id\":\"https:\\\/\\\/www.meydan.tv\\\/az\\\/#website\"},\"primaryImageOfPage\":{\"@id\":\"https:\\\/\\\/www.meydan.tv\\\/az\\\/article\\\/azerbaycan-brics-e-nece-qosulur\\\/#primaryimage\"},\"image\":{\"@id\":\"https:\\\/\\\/www.meydan.tv\\\/az\\\/article\\\/azerbaycan-brics-e-nece-qosulur\\\/#primaryimage\"},\"thumbnailUrl\":\"https:\\\/\\\/www.meydan.tv\\\/wp-content\\\/uploads\\\/xv_brics_summit_family_photo-e1721127322165.jpg\",\"datePublished\":\"2024-07-16T11:13:56+00:00\",\"dateModified\":\"2024-07-16T12:20:07+00:00\",\"description\":\"\u0130qtisad\u00e7\u0131: \u201cAz\u0259rbaycan\u0131n ixrac potensial\u0131 olmasa, yaln\u0131z daxili t\u0259l\u0259b \u00fcz\u0259rind\u0259n b\u00f6y\u00fcy\u0259 bilm\u0259y\u0259c\u0259k\u201d\",\"breadcrumb\":{\"@id\":\"https:\\\/\\\/www.meydan.tv\\\/az\\\/article\\\/azerbaycan-brics-e-nece-qosulur\\\/#breadcrumb\"},\"inLanguage\":\"az\",\"potentialAction\":[{\"@type\":\"ReadAction\",\"target\":[\"https:\\\/\\\/www.meydan.tv\\\/az\\\/article\\\/azerbaycan-brics-e-nece-qosulur\\\/\"]}]},{\"@type\":\"ImageObject\",\"inLanguage\":\"az\",\"@id\":\"https:\\\/\\\/www.meydan.tv\\\/az\\\/article\\\/azerbaycan-brics-e-nece-qosulur\\\/#primaryimage\",\"url\":\"https:\\\/\\\/www.meydan.tv\\\/wp-content\\\/uploads\\\/xv_brics_summit_family_photo-e1721127322165.jpg\",\"contentUrl\":\"https:\\\/\\\/www.meydan.tv\\\/wp-content\\\/uploads\\\/xv_brics_summit_family_photo-e1721127322165.jpg\",\"width\":1200,\"height\":440,\"caption\":\"BR\u0130CS. Foto: Wiki\"},{\"@type\":\"BreadcrumbList\",\"@id\":\"https:\\\/\\\/www.meydan.tv\\\/az\\\/article\\\/azerbaycan-brics-e-nece-qosulur\\\/#breadcrumb\",\"itemListElement\":[{\"@type\":\"ListItem\",\"position\":1,\"name\":\"Ana s\u0259hif\u0259\",\"item\":\"https:\\\/\\\/www.meydan.tv\\\/az\\\/\"},{\"@type\":\"ListItem\",\"position\":2,\"name\":\"Siyas\u0259t\",\"item\":\"https:\\\/\\\/www.meydan.tv\\\/az\\\/section\\\/siyaset\\\/\"},{\"@type\":\"ListItem\",\"position\":3,\"name\":\"Az\u0259rbaycan BR\u0130CS-\u0259 nec\u0259 qo\u015fulur?\"}]},{\"@type\":\"WebSite\",\"@id\":\"https:\\\/\\\/www.meydan.tv\\\/az\\\/#website\",\"url\":\"https:\\\/\\\/www.meydan.tv\\\/az\\\/\",\"name\":\"MEYDAN.TV\",\"description\":\"Meydan TV Az\u0259rbaycan\u0131n media m\u0259kan\u0131ndak\u0131 alternativ s\u0259sidir\",\"publisher\":{\"@id\":\"https:\\\/\\\/www.meydan.tv\\\/az\\\/#organization\"},\"potentialAction\":[{\"@type\":\"SearchAction\",\"target\":{\"@type\":\"EntryPoint\",\"urlTemplate\":\"https:\\\/\\\/www.meydan.tv\\\/az\\\/?s={search_term_string}\"},\"query-input\":{\"@type\":\"PropertyValueSpecification\",\"valueRequired\":true,\"valueName\":\"search_term_string\"}}],\"inLanguage\":\"az\"},{\"@type\":\"Organization\",\"@id\":\"https:\\\/\\\/www.meydan.tv\\\/az\\\/#organization\",\"name\":\"Meydan TV\",\"url\":\"https:\\\/\\\/www.meydan.tv\\\/az\\\/\",\"logo\":{\"@type\":\"ImageObject\",\"inLanguage\":\"az\",\"@id\":\"https:\\\/\\\/www.meydan.tv\\\/az\\\/#\\\/schema\\\/logo\\\/image\\\/\",\"url\":\"https:\\\/\\\/www.meydan.tv\\\/wp-content\\\/uploads\\\/2021\\\/07\\\/meydan-logo.svg\",\"contentUrl\":\"https:\\\/\\\/www.meydan.tv\\\/wp-content\\\/uploads\\\/2021\\\/07\\\/meydan-logo.svg\",\"width\":195,\"height\":46,\"caption\":\"Meydan TV\"},\"image\":{\"@id\":\"https:\\\/\\\/www.meydan.tv\\\/az\\\/#\\\/schema\\\/logo\\\/image\\\/\"}},{\"@type\":\"Person\",\"@id\":\"https:\\\/\\\/www.meydan.tv\\\/az\\\/#\\\/schema\\\/person\\\/9cdbecf90d17180ce1dfbd95b08dcf47\",\"name\":\"elli\",\"sameAs\":[\"https:\\\/\\\/x.com\\\/elli\"]}]}<\/script>\n<!-- \/ Yoast SEO plugin. -->","yoast_head_json":{"title":"Az\u0259rbaycan BR\u0130CS-\u0259 nec\u0259 qo\u015fulur? - MEYDAN.TV","description":"\u0130qtisad\u00e7\u0131: \u201cAz\u0259rbaycan\u0131n ixrac potensial\u0131 olmasa, yaln\u0131z daxili t\u0259l\u0259b \u00fcz\u0259rind\u0259n b\u00f6y\u00fcy\u0259 bilm\u0259y\u0259c\u0259k\u201d","robots":{"index":"index","follow":"follow","max-snippet":"max-snippet:-1","max-image-preview":"max-image-preview:large","max-video-preview":"max-video-preview:-1"},"canonical":"https:\/\/www.meydan.tv\/az\/article\/azerbaycan-brics-e-nece-qosulur\/","og_locale":"az_AZ","og_type":"article","og_title":"Az\u0259rbaycan BR\u0130CS-\u0259 nec\u0259 qo\u015fulur? - MEYDAN.TV","og_description":"\u0130qtisad\u00e7\u0131: \u201cAz\u0259rbaycan\u0131n ixrac potensial\u0131 olmasa, yaln\u0131z daxili t\u0259l\u0259b \u00fcz\u0259rind\u0259n b\u00f6y\u00fcy\u0259 bilm\u0259y\u0259c\u0259k\u201d","og_url":"https:\/\/www.meydan.tv\/az\/article\/azerbaycan-brics-e-nece-qosulur\/","og_site_name":"MEYDAN.TV","article_published_time":"2024-07-16T11:13:56+00:00","article_modified_time":"2024-07-16T12:20:07+00:00","og_image":[{"width":1200,"height":440,"url":"https:\/\/www.meydan.tv\/wp-content\/uploads\/xv_brics_summit_family_photo-e1721127322165.jpg","type":"image\/jpeg"}],"author":"elli","twitter_card":"summary_large_image","twitter_creator":"@elli","schema":{"@context":"https:\/\/schema.org","@graph":[{"@type":"Article","@id":"https:\/\/www.meydan.tv\/az\/article\/azerbaycan-brics-e-nece-qosulur\/#article","isPartOf":{"@id":"https:\/\/www.meydan.tv\/az\/article\/azerbaycan-brics-e-nece-qosulur\/"},"author":{"name":"elli","@id":"https:\/\/www.meydan.tv\/az\/#\/schema\/person\/9cdbecf90d17180ce1dfbd95b08dcf47"},"headline":"Az\u0259rbaycan BR\u0130CS-\u0259 nec\u0259 qo\u015fulur?","datePublished":"2024-07-16T11:13:56+00:00","dateModified":"2024-07-16T12:20:07+00:00","mainEntityOfPage":{"@id":"https:\/\/www.meydan.tv\/az\/article\/azerbaycan-brics-e-nece-qosulur\/"},"wordCount":719,"publisher":{"@id":"https:\/\/www.meydan.tv\/az\/#organization"},"image":{"@id":"https:\/\/www.meydan.tv\/az\/article\/azerbaycan-brics-e-nece-qosulur\/#primaryimage"},"thumbnailUrl":"https:\/\/www.meydan.tv\/wp-content\/uploads\/xv_brics_summit_family_photo-e1721127322165.jpg","articleSection":["Siyas\u0259t","X\u0259b\u0259rl\u0259r"],"inLanguage":"az"},{"@type":"WebPage","@id":"https:\/\/www.meydan.tv\/az\/article\/azerbaycan-brics-e-nece-qosulur\/","url":"https:\/\/www.meydan.tv\/az\/article\/azerbaycan-brics-e-nece-qosulur\/","name":"Az\u0259rbaycan BR\u0130CS-\u0259 nec\u0259 qo\u015fulur? - MEYDAN.TV","isPartOf":{"@id":"https:\/\/www.meydan.tv\/az\/#website"},"primaryImageOfPage":{"@id":"https:\/\/www.meydan.tv\/az\/article\/azerbaycan-brics-e-nece-qosulur\/#primaryimage"},"image":{"@id":"https:\/\/www.meydan.tv\/az\/article\/azerbaycan-brics-e-nece-qosulur\/#primaryimage"},"thumbnailUrl":"https:\/\/www.meydan.tv\/wp-content\/uploads\/xv_brics_summit_family_photo-e1721127322165.jpg","datePublished":"2024-07-16T11:13:56+00:00","dateModified":"2024-07-16T12:20:07+00:00","description":"\u0130qtisad\u00e7\u0131: \u201cAz\u0259rbaycan\u0131n ixrac potensial\u0131 olmasa, yaln\u0131z daxili t\u0259l\u0259b \u00fcz\u0259rind\u0259n b\u00f6y\u00fcy\u0259 bilm\u0259y\u0259c\u0259k\u201d","breadcrumb":{"@id":"https:\/\/www.meydan.tv\/az\/article\/azerbaycan-brics-e-nece-qosulur\/#breadcrumb"},"inLanguage":"az","potentialAction":[{"@type":"ReadAction","target":["https:\/\/www.meydan.tv\/az\/article\/azerbaycan-brics-e-nece-qosulur\/"]}]},{"@type":"ImageObject","inLanguage":"az","@id":"https:\/\/www.meydan.tv\/az\/article\/azerbaycan-brics-e-nece-qosulur\/#primaryimage","url":"https:\/\/www.meydan.tv\/wp-content\/uploads\/xv_brics_summit_family_photo-e1721127322165.jpg","contentUrl":"https:\/\/www.meydan.tv\/wp-content\/uploads\/xv_brics_summit_family_photo-e1721127322165.jpg","width":1200,"height":440,"caption":"BR\u0130CS. Foto: Wiki"},{"@type":"BreadcrumbList","@id":"https:\/\/www.meydan.tv\/az\/article\/azerbaycan-brics-e-nece-qosulur\/#breadcrumb","itemListElement":[{"@type":"ListItem","position":1,"name":"Ana s\u0259hif\u0259","item":"https:\/\/www.meydan.tv\/az\/"},{"@type":"ListItem","position":2,"name":"Siyas\u0259t","item":"https:\/\/www.meydan.tv\/az\/section\/siyaset\/"},{"@type":"ListItem","position":3,"name":"Az\u0259rbaycan BR\u0130CS-\u0259 nec\u0259 qo\u015fulur?"}]},{"@type":"WebSite","@id":"https:\/\/www.meydan.tv\/az\/#website","url":"https:\/\/www.meydan.tv\/az\/","name":"MEYDAN.TV","description":"Meydan TV Az\u0259rbaycan\u0131n media m\u0259kan\u0131ndak\u0131 alternativ s\u0259sidir","publisher":{"@id":"https:\/\/www.meydan.tv\/az\/#organization"},"potentialAction":[{"@type":"SearchAction","target":{"@type":"EntryPoint","urlTemplate":"https:\/\/www.meydan.tv\/az\/?s={search_term_string}"},"query-input":{"@type":"PropertyValueSpecification","valueRequired":true,"valueName":"search_term_string"}}],"inLanguage":"az"},{"@type":"Organization","@id":"https:\/\/www.meydan.tv\/az\/#organization","name":"Meydan TV","url":"https:\/\/www.meydan.tv\/az\/","logo":{"@type":"ImageObject","inLanguage":"az","@id":"https:\/\/www.meydan.tv\/az\/#\/schema\/logo\/image\/","url":"https:\/\/www.meydan.tv\/wp-content\/uploads\/2021\/07\/meydan-logo.svg","contentUrl":"https:\/\/www.meydan.tv\/wp-content\/uploads\/2021\/07\/meydan-logo.svg","width":195,"height":46,"caption":"Meydan TV"},"image":{"@id":"https:\/\/www.meydan.tv\/az\/#\/schema\/logo\/image\/"}},{"@type":"Person","@id":"https:\/\/www.meydan.tv\/az\/#\/schema\/person\/9cdbecf90d17180ce1dfbd95b08dcf47","name":"elli","sameAs":["https:\/\/x.com\/elli"]}]}},"_links":{"self":[{"href":"https:\/\/www.meydan.tv\/az\/wp-json\/wp\/v2\/posts\/310367","targetHints":{"allow":["GET"]}}],"collection":[{"href":"https:\/\/www.meydan.tv\/az\/wp-json\/wp\/v2\/posts"}],"about":[{"href":"https:\/\/www.meydan.tv\/az\/wp-json\/wp\/v2\/types\/post"}],"author":[{"embeddable":true,"href":"https:\/\/www.meydan.tv\/az\/wp-json\/wp\/v2\/users\/8"}],"replies":[{"embeddable":true,"href":"https:\/\/www.meydan.tv\/az\/wp-json\/wp\/v2\/comments?post=310367"}],"version-history":[{"count":5,"href":"https:\/\/www.meydan.tv\/az\/wp-json\/wp\/v2\/posts\/310367\/revisions"}],"predecessor-version":[{"id":310383,"href":"https:\/\/www.meydan.tv\/az\/wp-json\/wp\/v2\/posts\/310367\/revisions\/310383"}],"wp:featuredmedia":[{"embeddable":true,"href":"https:\/\/www.meydan.tv\/az\/wp-json\/wp\/v2\/media\/310368"}],"wp:attachment":[{"href":"https:\/\/www.meydan.tv\/az\/wp-json\/wp\/v2\/media?parent=310367"}],"wp:term":[{"taxonomy":"category","embeddable":true,"href":"https:\/\/www.meydan.tv\/az\/wp-json\/wp\/v2\/categories?post=310367"},{"taxonomy":"post_tag","embeddable":true,"href":"https:\/\/www.meydan.tv\/az\/wp-json\/wp\/v2\/tags?post=310367"}],"curies":[{"name":"wp","href":"https:\/\/api.w.org\/{rel}","templated":true}]}}